{"id":59260,"date":"2020-02-06T15:09:57","date_gmt":"2020-02-06T14:09:57","guid":{"rendered":"http:\/\/dicodusport.fr\/blog\/?p=59260&#038;preview=true&#038;preview_id=59260"},"modified":"2020-02-06T15:38:34","modified_gmt":"2020-02-06T14:38:34","slug":"atp-cordoba-battu-par-corentin-moutet-guido-pella-denonce-lattitude-du-francais","status":"publish","type":"post","link":"https:\/\/dicodusport.fr\/blog\/atp-cordoba-battu-par-corentin-moutet-guido-pella-denonce-lattitude-du-francais\/","title":{"rendered":"ATP Cordoba : Battu par Corentin Moutet, Guido Pella d\u00e9nonce l&rsquo;attitude du Fran\u00e7ais"},"content":{"rendered":"<p style=\"text-align: justify;\"><span style=\"color: #000000;\"><strong><em>Au tournoi ATP de Cordoba, Corentin Moutet a battu en 3 sets l&rsquo;Argentin Guido Pella en huiti\u00e8mes de finale. <\/em><\/strong><\/span><\/p>\n<p style=\"text-align: justify;\"><span style=\"color: #000000;\">S&rsquo;il ne conteste pas la victoire du Fran\u00e7ais, Guido Pella n&rsquo;a pas appr\u00e9ci\u00e9 son attitude sur le terrain et l&rsquo;a fait savoir en conf\u00e9rence de presse :<\/span><\/p>\n<blockquote>\n<p style=\"text-align: justify;\"><span style=\"color: #000000;\">Moutet est grossier. Il sera un grand joueur un jour, mais il est tr\u00e8s grossier. Les autres fois o\u00f9 je l&rsquo;ai affront\u00e9, il a fait pareil. Il a manqu\u00e9 de respect au public et il m&rsquo;a manqu\u00e9 de respect.<\/span><\/p>\n<\/blockquote>\n<p style=\"text-align: justify;\"><span style=\"color: #000000;\">En quarts de finale, Corentin Moutet sera oppos\u00e9 au Slovaque Andrej Martin.<\/span><\/p>\n<blockquote class=\"twitter-tweet\">\n<p dir=\"ltr\" lang=\"es\">Guido Pella &#x1f1e6;&#x1f1f7; en conferencia de prensa: \u00ab\u00a0Moutet &#x1f1eb;&#x1f1f7; es un maleducado, ser\u00e1 un gran jugador pero es muy maleducado. En las otras veces que lo enfrent\u00e9 hizo lo mismo. Le falt\u00f3 el respeto al p\u00fablico y me lo falt\u00f3 a m\u00ed.\u00a0\u00bb<br \/>\nGuido Pella y su honestidad para valorar la actitud de su rival <a href=\"https:\/\/t.co\/L7GyAy6w7Q\">pic.twitter.com\/L7GyAy6w7Q<\/a><\/p>\n<p>\u2014 Lucky Loser (@LuckyLoserArg) <a href=\"https:\/\/twitter.com\/LuckyLoserArg\/status\/1225274972937039877?ref_src=twsrc%5Etfw\">February 6, 2020<\/a><\/p><\/blockquote>\n<p style=\"text-align: justify;\"><script async src=\"https:\/\/platform.twitter.com\/widgets.js\" charset=\"utf-8\"><\/script><\/p>\n<p style=\"text-align: justify;\"><span style=\"color: #000000;\">Probablement une des choses que reproche l&rsquo;Argentin au jeune Fran\u00e7ais&#8230;<\/span><\/p>\n<blockquote class=\"twitter-tweet\">\n<p dir=\"ltr\" lang=\"ht\">Moutet (&#x1f3a5;<a href=\"https:\/\/twitter.com\/TennisTV?ref_src=twsrc%5Etfw\">@TennisTV<\/a> ) <a href=\"https:\/\/t.co\/zUkVTY6i78\">pic.twitter.com\/zUkVTY6i78<\/a><\/p>\n<p>\u2014 doublefault28 (@doublefault28) <a href=\"https:\/\/twitter.com\/doublefault28\/status\/1225236002861506560?ref_src=twsrc%5Etfw\">February 6, 2020<\/a><\/p><\/blockquote>\n<p style=\"text-align: justify;\"><script async src=\"https:\/\/platform.twitter.com\/widgets.js\" charset=\"utf-8\"><\/script><\/p>\n<p style=\"text-align: justify;\"><strong><em>Dicodusport<br \/>\n<a href=\"https:\/\/www.facebook.com\/dicodusport\/\" target=\"_blank\" rel=\"noopener noreferrer\"><img loading=\"lazy\" decoding=\"async\" class=\"alignnone wp-image-2909\" src=\"http:\/\/dicodusport.fr\/blog\/wp-content\/uploads\/2017\/07\/logo-facebook-150x150.png\" alt=\"\" width=\"40\" height=\"40\" \/><\/a><a href=\"https:\/\/twitter.com\/dicodusport\" target=\"_blank\" rel=\"noopener noreferrer\"><img loading=\"lazy\" decoding=\"async\" class=\"alignnone wp-image-2908\" src=\"http:\/\/dicodusport.fr\/blog\/wp-content\/uploads\/2017\/07\/logo-twitter-150x150.png\" alt=\"\" width=\"39\" height=\"39\" \/><\/a><\/em><\/strong><\/p>\n","protected":false},"excerpt":{"rendered":"<p>Au tournoi ATP de Cordoba, Corentin Moutet a battu en 3 sets l&rsquo;Argentin Guido Pella en huiti\u00e8mes de finale. S&rsquo;il ne conteste pas la victoire du Fran\u00e7ais, Guido Pella n&rsquo;a pas appr\u00e9ci\u00e9 son attitude sur le terrain et l&rsquo;a fait savoir en conf\u00e9rence de presse : Moutet est grossier. Il sera un grand joueur un [&hellip;]<\/p>\n","protected":false},"author":1,"featured_media":59265,"comment_status":"open","ping_status":"closed","sticky":false,"template":"","format":"standard","meta":{"_acf_changed":false,"_daextam_enable_autolinks":"","footnotes":""},"categories":[2302],"tags":[2370,9132,136],"class_list":["post-59260","post","type-post","status-publish","format-standard","has-post-thumbnail","hentry","category-tennis","tag-corentin-moutet","tag-moutet","tag-tennis"],"acf":[],"yoast_head":"<!-- This site is optimized with the Yoast SEO Premium plugin v26.7 (Yoast SEO v26.7) - https:\/\/yoast.com\/wordpress\/plugins\/seo\/ -->\n<title>ATP Cordoba : Battu par Corentin Moutet, Guido Pella d\u00e9nonce l&#039;attitude du Fran\u00e7ais<\/title>\n<meta name=\"robots\" content=\"index, follow, max-snippet:-1, max-image-preview:large, max-video-preview:-1\" \/>\n<link rel=\"canonical\" href=\"https:\/\/dicodusport.fr\/blog\/atp-cordoba-battu-par-corentin-moutet-guido-pella-denonce-lattitude-du-francais\/\" \/>\n<meta property=\"og:locale\" content=\"fr_FR\" \/>\n<meta property=\"og:type\" content=\"article\" \/>\n<meta property=\"og:title\" content=\"ATP Cordoba : Battu par Corentin Moutet, Guido Pella d\u00e9nonce l&#039;attitude du Fran\u00e7ais\" \/>\n<meta property=\"og:description\" content=\"Au tournoi ATP de Cordoba, Corentin Moutet a battu en 3 sets l&rsquo;Argentin Guido Pella en huiti\u00e8mes de finale. S&rsquo;il ne conteste pas la victoire du Fran\u00e7ais, Guido Pella n&rsquo;a pas appr\u00e9ci\u00e9 son attitude sur le terrain et l&rsquo;a fait savoir en conf\u00e9rence de presse : Moutet est grossier. Il sera un grand joueur un [&hellip;]\" \/>\n<meta property=\"og:url\" content=\"https:\/\/dicodusport.fr\/blog\/atp-cordoba-battu-par-corentin-moutet-guido-pella-denonce-lattitude-du-francais\/\" \/>\n<meta property=\"og:site_name\" content=\"Dicodusport\" \/>\n<meta property=\"article:publisher\" content=\"https:\/\/www.facebook.com\/dicodusport\" \/>\n<meta property=\"article:author\" content=\"https:\/\/www.facebook.com\/dicodusport\" \/>\n<meta property=\"article:published_time\" content=\"2020-02-06T14:09:57+00:00\" \/>\n<meta property=\"article:modified_time\" content=\"2020-02-06T14:38:34+00:00\" \/>\n<meta property=\"og:image\" content=\"https:\/\/dicodusport.fr\/blog\/wp-content\/uploads\/2020\/02\/Corentin-Moutet-Cordoba.png\" \/>\n\t<meta property=\"og:image:width\" content=\"800\" \/>\n\t<meta property=\"og:image:height\" content=\"445\" \/>\n\t<meta property=\"og:image:type\" content=\"image\/png\" \/>\n<meta name=\"author\" content=\"Nicolas Jacquemard\" \/>\n<meta name=\"twitter:card\" content=\"summary_large_image\" \/>\n<meta name=\"twitter:title\" content=\"ATP Cordoba : Battu par Corentin Moutet, Guido Pella d\u00e9nonce l&#039;attitude du Fran\u00e7ais\" \/>\n<meta name=\"twitter:creator\" content=\"@https:\/\/twitter.com\/Nico_Jacquemard\" \/>\n<meta name=\"twitter:site\" content=\"@dicodusport\" \/>\n<script type=\"application\/ld+json\" class=\"yoast-schema-graph\">{\"@context\":\"https:\/\/schema.org\",\"@graph\":[{\"@type\":\"NewsArticle\",\"@id\":\"https:\/\/dicodusport.fr\/blog\/atp-cordoba-battu-par-corentin-moutet-guido-pella-denonce-lattitude-du-francais\/#article\",\"isPartOf\":{\"@id\":\"https:\/\/dicodusport.fr\/blog\/atp-cordoba-battu-par-corentin-moutet-guido-pella-denonce-lattitude-du-francais\/\"},\"author\":{\"name\":\"Nicolas Jacquemard\",\"@id\":\"https:\/\/dicodusport.fr\/blog\/#\/schema\/person\/55dcb50ad410894e431ed812bbb70191\"},\"headline\":\"ATP Cordoba : Battu par Corentin Moutet, Guido Pella d\u00e9nonce l&rsquo;attitude du Fran\u00e7ais\",\"datePublished\":\"2020-02-06T14:09:57+00:00\",\"dateModified\":\"2020-02-06T14:38:34+00:00\",\"mainEntityOfPage\":{\"@id\":\"https:\/\/dicodusport.fr\/blog\/atp-cordoba-battu-par-corentin-moutet-guido-pella-denonce-lattitude-du-francais\/\"},\"wordCount\":223,\"commentCount\":0,\"publisher\":{\"@id\":\"https:\/\/dicodusport.fr\/blog\/#organization\"},\"image\":{\"@id\":\"https:\/\/dicodusport.fr\/blog\/atp-cordoba-battu-par-corentin-moutet-guido-pella-denonce-lattitude-du-francais\/#primaryimage\"},\"thumbnailUrl\":\"https:\/\/dicodusport.fr\/blog\/wp-content\/uploads\/2020\/02\/Corentin-Moutet-Cordoba.png\",\"keywords\":[\"Corentin Moutet\",\"Moutet\",\"Tennis\"],\"articleSection\":[\"Tennis\"],\"inLanguage\":\"fr-FR\",\"potentialAction\":[{\"@type\":\"CommentAction\",\"name\":\"Comment\",\"target\":[\"https:\/\/dicodusport.fr\/blog\/atp-cordoba-battu-par-corentin-moutet-guido-pella-denonce-lattitude-du-francais\/#respond\"]}],\"copyrightYear\":\"2020\",\"copyrightHolder\":{\"@id\":\"https:\/\/dicodusport.fr\/blog\/#organization\"}},{\"@type\":\"WebPage\",\"@id\":\"https:\/\/dicodusport.fr\/blog\/atp-cordoba-battu-par-corentin-moutet-guido-pella-denonce-lattitude-du-francais\/\",\"url\":\"https:\/\/dicodusport.fr\/blog\/atp-cordoba-battu-par-corentin-moutet-guido-pella-denonce-lattitude-du-francais\/\",\"name\":\"ATP Cordoba : Battu par Corentin Moutet, Guido Pella d\u00e9nonce l'attitude du Fran\u00e7ais\",\"isPartOf\":{\"@id\":\"https:\/\/dicodusport.fr\/blog\/#website\"},\"primaryImageOfPage\":{\"@id\":\"https:\/\/dicodusport.fr\/blog\/atp-cordoba-battu-par-corentin-moutet-guido-pella-denonce-lattitude-du-francais\/#primaryimage\"},\"image\":{\"@id\":\"https:\/\/dicodusport.fr\/blog\/atp-cordoba-battu-par-corentin-moutet-guido-pella-denonce-lattitude-du-francais\/#primaryimage\"},\"thumbnailUrl\":\"https:\/\/dicodusport.fr\/blog\/wp-content\/uploads\/2020\/02\/Corentin-Moutet-Cordoba.png\",\"datePublished\":\"2020-02-06T14:09:57+00:00\",\"dateModified\":\"2020-02-06T14:38:34+00:00\",\"breadcrumb\":{\"@id\":\"https:\/\/dicodusport.fr\/blog\/atp-cordoba-battu-par-corentin-moutet-guido-pella-denonce-lattitude-du-francais\/#breadcrumb\"},\"inLanguage\":\"fr-FR\",\"potentialAction\":[{\"@type\":\"ReadAction\",\"target\":[\"https:\/\/dicodusport.fr\/blog\/atp-cordoba-battu-par-corentin-moutet-guido-pella-denonce-lattitude-du-francais\/\"]}]},{\"@type\":\"ImageObject\",\"inLanguage\":\"fr-FR\",\"@id\":\"https:\/\/dicodusport.fr\/blog\/atp-cordoba-battu-par-corentin-moutet-guido-pella-denonce-lattitude-du-francais\/#primaryimage\",\"url\":\"https:\/\/dicodusport.fr\/blog\/wp-content\/uploads\/2020\/02\/Corentin-Moutet-Cordoba.png\",\"contentUrl\":\"https:\/\/dicodusport.fr\/blog\/wp-content\/uploads\/2020\/02\/Corentin-Moutet-Cordoba.png\",\"width\":800,\"height\":445},{\"@type\":\"BreadcrumbList\",\"@id\":\"https:\/\/dicodusport.fr\/blog\/atp-cordoba-battu-par-corentin-moutet-guido-pella-denonce-lattitude-du-francais\/#breadcrumb\",\"itemListElement\":[{\"@type\":\"ListItem\",\"position\":1,\"name\":\"Accueil\",\"item\":\"https:\/\/dicodusport.fr\/blog\/\"},{\"@type\":\"ListItem\",\"position\":2,\"name\":\"ATP Cordoba : Battu par Corentin Moutet, Guido Pella d\u00e9nonce l&rsquo;attitude du Fran\u00e7ais\"}]},{\"@type\":\"WebSite\",\"@id\":\"https:\/\/dicodusport.fr\/blog\/#website\",\"url\":\"https:\/\/dicodusport.fr\/blog\/\",\"name\":\"Dicodusport\",\"description\":\"L&#039;encyclop\u00e9die de l&#039;actualit\u00e9 sportive\",\"publisher\":{\"@id\":\"https:\/\/dicodusport.fr\/blog\/#organization\"},\"potentialAction\":[{\"@type\":\"SearchAction\",\"target\":{\"@type\":\"EntryPoint\",\"urlTemplate\":\"https:\/\/dicodusport.fr\/blog\/?s={search_term_string}\"},\"query-input\":{\"@type\":\"PropertyValueSpecification\",\"valueRequired\":true,\"valueName\":\"search_term_string\"}}],\"inLanguage\":\"fr-FR\"},{\"@type\":\"NewsMediaOrganization\",\"@id\":\"https:\/\/dicodusport.fr\/blog\/#organization\",\"name\":\"Dicodusport\",\"url\":\"https:\/\/dicodusport.fr\/blog\/\",\"logo\":{\"@type\":\"ImageObject\",\"inLanguage\":\"fr-FR\",\"@id\":\"https:\/\/dicodusport.fr\/blog\/#\/schema\/logo\/image\/\",\"url\":\"https:\/\/dicodusport.fr\/blog\/wp-content\/uploads\/2020\/06\/cropped-LOGO-DICODUSPORT-2020-SANS-FOND-SANS-TEXTE.png\",\"contentUrl\":\"https:\/\/dicodusport.fr\/blog\/wp-content\/uploads\/2020\/06\/cropped-LOGO-DICODUSPORT-2020-SANS-FOND-SANS-TEXTE.png\",\"width\":512,\"height\":512,\"caption\":\"Dicodusport\"},\"image\":{\"@id\":\"https:\/\/dicodusport.fr\/blog\/#\/schema\/logo\/image\/\"},\"sameAs\":[\"https:\/\/www.facebook.com\/dicodusport\",\"https:\/\/x.com\/dicodusport\",\"https:\/\/www.instagram.com\/dicodusport\/\",\"https:\/\/www.youtube.com\/channel\/UC7V2KZ5sd3htJivAbA4ZG3w\"],\"description\":\"Dicodusport est l'encyclop\u00e9die de l'actualit\u00e9 sportive.\",\"email\":\"bonjour@dicodusport.fr\",\"legalName\":\"DICODUSPORT\",\"foundingDate\":\"2018-01-14\",\"vatID\":\"FR71834470973\",\"taxID\":\"83447097300043\",\"numberOfEmployees\":{\"@type\":\"QuantitativeValue\",\"minValue\":\"1\",\"maxValue\":\"10\"}},{\"@type\":\"Person\",\"@id\":\"https:\/\/dicodusport.fr\/blog\/#\/schema\/person\/55dcb50ad410894e431ed812bbb70191\",\"name\":\"Nicolas Jacquemard\",\"image\":{\"@type\":\"ImageObject\",\"inLanguage\":\"fr-FR\",\"@id\":\"https:\/\/dicodusport.fr\/blog\/#\/schema\/person\/image\/\",\"url\":\"https:\/\/dicodusport.fr\/blog\/wp-content\/uploads\/2021\/05\/Nicolas-Jacquemard-150x150.jpeg\",\"contentUrl\":\"https:\/\/dicodusport.fr\/blog\/wp-content\/uploads\/2021\/05\/Nicolas-Jacquemard-150x150.jpeg\",\"caption\":\"Nicolas Jacquemard\"},\"description\":\"Passionn\u00e9 de sport et entrepreneur depuis mes 18 ans, la cr\u00e9ation de Dicodusport m'a sembl\u00e9 \u00e9vidente pour participer \u00e0 la m\u00e9diatisation d'un plus grand nombre de sports. Le chemin est long mais avec une \u00e9quipe des plus motiv\u00e9es et les Jeux Olympiques de Paris 2024 en point de mire, nous y arriverons ! Journaliste dans le monde du sport depuis plus de 5 ans, je traite aussi bien de football, de rugby, de biathlon que de cyclisme.\",\"sameAs\":[\"https:\/\/www.facebook.com\/dicodusport\",\"https:\/\/x.com\/https:\/\/twitter.com\/Nico_Jacquemard\"],\"url\":\"https:\/\/dicodusport.fr\/blog\/author\/dicodusport\/\"}]}<\/script>\n<!-- \/ Yoast SEO Premium plugin. -->","yoast_head_json":{"title":"ATP Cordoba : Battu par Corentin Moutet, Guido Pella d\u00e9nonce l'attitude du Fran\u00e7ais","robots":{"index":"index","follow":"follow","max-snippet":"max-snippet:-1","max-image-preview":"max-image-preview:large","max-video-preview":"max-video-preview:-1"},"canonical":"https:\/\/dicodusport.fr\/blog\/atp-cordoba-battu-par-corentin-moutet-guido-pella-denonce-lattitude-du-francais\/","og_locale":"fr_FR","og_type":"article","og_title":"ATP Cordoba : Battu par Corentin Moutet, Guido Pella d\u00e9nonce l'attitude du Fran\u00e7ais","og_description":"Au tournoi ATP de Cordoba, Corentin Moutet a battu en 3 sets l&rsquo;Argentin Guido Pella en huiti\u00e8mes de finale. S&rsquo;il ne conteste pas la victoire du Fran\u00e7ais, Guido Pella n&rsquo;a pas appr\u00e9ci\u00e9 son attitude sur le terrain et l&rsquo;a fait savoir en conf\u00e9rence de presse : Moutet est grossier. Il sera un grand joueur un [&hellip;]","og_url":"https:\/\/dicodusport.fr\/blog\/atp-cordoba-battu-par-corentin-moutet-guido-pella-denonce-lattitude-du-francais\/","og_site_name":"Dicodusport","article_publisher":"https:\/\/www.facebook.com\/dicodusport","article_author":"https:\/\/www.facebook.com\/dicodusport","article_published_time":"2020-02-06T14:09:57+00:00","article_modified_time":"2020-02-06T14:38:34+00:00","og_image":[{"width":800,"height":445,"url":"https:\/\/dicodusport.fr\/blog\/wp-content\/uploads\/2020\/02\/Corentin-Moutet-Cordoba.png","type":"image\/png"}],"author":"Nicolas Jacquemard","twitter_card":"summary_large_image","twitter_title":"ATP Cordoba : Battu par Corentin Moutet, Guido Pella d\u00e9nonce l'attitude du Fran\u00e7ais","twitter_creator":"@https:\/\/twitter.com\/Nico_Jacquemard","twitter_site":"@dicodusport","schema":{"@context":"https:\/\/schema.org","@graph":[{"@type":"NewsArticle","@id":"https:\/\/dicodusport.fr\/blog\/atp-cordoba-battu-par-corentin-moutet-guido-pella-denonce-lattitude-du-francais\/#article","isPartOf":{"@id":"https:\/\/dicodusport.fr\/blog\/atp-cordoba-battu-par-corentin-moutet-guido-pella-denonce-lattitude-du-francais\/"},"author":{"name":"Nicolas Jacquemard","@id":"https:\/\/dicodusport.fr\/blog\/#\/schema\/person\/55dcb50ad410894e431ed812bbb70191"},"headline":"ATP Cordoba : Battu par Corentin Moutet, Guido Pella d\u00e9nonce l&rsquo;attitude du Fran\u00e7ais","datePublished":"2020-02-06T14:09:57+00:00","dateModified":"2020-02-06T14:38:34+00:00","mainEntityOfPage":{"@id":"https:\/\/dicodusport.fr\/blog\/atp-cordoba-battu-par-corentin-moutet-guido-pella-denonce-lattitude-du-francais\/"},"wordCount":223,"commentCount":0,"publisher":{"@id":"https:\/\/dicodusport.fr\/blog\/#organization"},"image":{"@id":"https:\/\/dicodusport.fr\/blog\/atp-cordoba-battu-par-corentin-moutet-guido-pella-denonce-lattitude-du-francais\/#primaryimage"},"thumbnailUrl":"https:\/\/dicodusport.fr\/blog\/wp-content\/uploads\/2020\/02\/Corentin-Moutet-Cordoba.png","keywords":["Corentin Moutet","Moutet","Tennis"],"articleSection":["Tennis"],"inLanguage":"fr-FR","potentialAction":[{"@type":"CommentAction","name":"Comment","target":["https:\/\/dicodusport.fr\/blog\/atp-cordoba-battu-par-corentin-moutet-guido-pella-denonce-lattitude-du-francais\/#respond"]}],"copyrightYear":"2020","copyrightHolder":{"@id":"https:\/\/dicodusport.fr\/blog\/#organization"}},{"@type":"WebPage","@id":"https:\/\/dicodusport.fr\/blog\/atp-cordoba-battu-par-corentin-moutet-guido-pella-denonce-lattitude-du-francais\/","url":"https:\/\/dicodusport.fr\/blog\/atp-cordoba-battu-par-corentin-moutet-guido-pella-denonce-lattitude-du-francais\/","name":"ATP Cordoba : Battu par Corentin Moutet, Guido Pella d\u00e9nonce l'attitude du Fran\u00e7ais","isPartOf":{"@id":"https:\/\/dicodusport.fr\/blog\/#website"},"primaryImageOfPage":{"@id":"https:\/\/dicodusport.fr\/blog\/atp-cordoba-battu-par-corentin-moutet-guido-pella-denonce-lattitude-du-francais\/#primaryimage"},"image":{"@id":"https:\/\/dicodusport.fr\/blog\/atp-cordoba-battu-par-corentin-moutet-guido-pella-denonce-lattitude-du-francais\/#primaryimage"},"thumbnailUrl":"https:\/\/dicodusport.fr\/blog\/wp-content\/uploads\/2020\/02\/Corentin-Moutet-Cordoba.png","datePublished":"2020-02-06T14:09:57+00:00","dateModified":"2020-02-06T14:38:34+00:00","breadcrumb":{"@id":"https:\/\/dicodusport.fr\/blog\/atp-cordoba-battu-par-corentin-moutet-guido-pella-denonce-lattitude-du-francais\/#breadcrumb"},"inLanguage":"fr-FR","potentialAction":[{"@type":"ReadAction","target":["https:\/\/dicodusport.fr\/blog\/atp-cordoba-battu-par-corentin-moutet-guido-pella-denonce-lattitude-du-francais\/"]}]},{"@type":"ImageObject","inLanguage":"fr-FR","@id":"https:\/\/dicodusport.fr\/blog\/atp-cordoba-battu-par-corentin-moutet-guido-pella-denonce-lattitude-du-francais\/#primaryimage","url":"https:\/\/dicodusport.fr\/blog\/wp-content\/uploads\/2020\/02\/Corentin-Moutet-Cordoba.png","contentUrl":"https:\/\/dicodusport.fr\/blog\/wp-content\/uploads\/2020\/02\/Corentin-Moutet-Cordoba.png","width":800,"height":445},{"@type":"BreadcrumbList","@id":"https:\/\/dicodusport.fr\/blog\/atp-cordoba-battu-par-corentin-moutet-guido-pella-denonce-lattitude-du-francais\/#breadcrumb","itemListElement":[{"@type":"ListItem","position":1,"name":"Accueil","item":"https:\/\/dicodusport.fr\/blog\/"},{"@type":"ListItem","position":2,"name":"ATP Cordoba : Battu par Corentin Moutet, Guido Pella d\u00e9nonce l&rsquo;attitude du Fran\u00e7ais"}]},{"@type":"WebSite","@id":"https:\/\/dicodusport.fr\/blog\/#website","url":"https:\/\/dicodusport.fr\/blog\/","name":"Dicodusport","description":"L&#039;encyclop\u00e9die de l&#039;actualit\u00e9 sportive","publisher":{"@id":"https:\/\/dicodusport.fr\/blog\/#organization"},"potentialAction":[{"@type":"SearchAction","target":{"@type":"EntryPoint","urlTemplate":"https:\/\/dicodusport.fr\/blog\/?s={search_term_string}"},"query-input":{"@type":"PropertyValueSpecification","valueRequired":true,"valueName":"search_term_string"}}],"inLanguage":"fr-FR"},{"@type":"NewsMediaOrganization","@id":"https:\/\/dicodusport.fr\/blog\/#organization","name":"Dicodusport","url":"https:\/\/dicodusport.fr\/blog\/","logo":{"@type":"ImageObject","inLanguage":"fr-FR","@id":"https:\/\/dicodusport.fr\/blog\/#\/schema\/logo\/image\/","url":"https:\/\/dicodusport.fr\/blog\/wp-content\/uploads\/2020\/06\/cropped-LOGO-DICODUSPORT-2020-SANS-FOND-SANS-TEXTE.png","contentUrl":"https:\/\/dicodusport.fr\/blog\/wp-content\/uploads\/2020\/06\/cropped-LOGO-DICODUSPORT-2020-SANS-FOND-SANS-TEXTE.png","width":512,"height":512,"caption":"Dicodusport"},"image":{"@id":"https:\/\/dicodusport.fr\/blog\/#\/schema\/logo\/image\/"},"sameAs":["https:\/\/www.facebook.com\/dicodusport","https:\/\/x.com\/dicodusport","https:\/\/www.instagram.com\/dicodusport\/","https:\/\/www.youtube.com\/channel\/UC7V2KZ5sd3htJivAbA4ZG3w"],"description":"Dicodusport est l'encyclop\u00e9die de l'actualit\u00e9 sportive.","email":"bonjour@dicodusport.fr","legalName":"DICODUSPORT","foundingDate":"2018-01-14","vatID":"FR71834470973","taxID":"83447097300043","numberOfEmployees":{"@type":"QuantitativeValue","minValue":"1","maxValue":"10"}},{"@type":"Person","@id":"https:\/\/dicodusport.fr\/blog\/#\/schema\/person\/55dcb50ad410894e431ed812bbb70191","name":"Nicolas Jacquemard","image":{"@type":"ImageObject","inLanguage":"fr-FR","@id":"https:\/\/dicodusport.fr\/blog\/#\/schema\/person\/image\/","url":"https:\/\/dicodusport.fr\/blog\/wp-content\/uploads\/2021\/05\/Nicolas-Jacquemard-150x150.jpeg","contentUrl":"https:\/\/dicodusport.fr\/blog\/wp-content\/uploads\/2021\/05\/Nicolas-Jacquemard-150x150.jpeg","caption":"Nicolas Jacquemard"},"description":"Passionn\u00e9 de sport et entrepreneur depuis mes 18 ans, la cr\u00e9ation de Dicodusport m'a sembl\u00e9 \u00e9vidente pour participer \u00e0 la m\u00e9diatisation d'un plus grand nombre de sports. Le chemin est long mais avec une \u00e9quipe des plus motiv\u00e9es et les Jeux Olympiques de Paris 2024 en point de mire, nous y arriverons ! Journaliste dans le monde du sport depuis plus de 5 ans, je traite aussi bien de football, de rugby, de biathlon que de cyclisme.","sameAs":["https:\/\/www.facebook.com\/dicodusport","https:\/\/x.com\/https:\/\/twitter.com\/Nico_Jacquemard"],"url":"https:\/\/dicodusport.fr\/blog\/author\/dicodusport\/"}]}},"_links":{"self":[{"href":"https:\/\/dicodusport.fr\/blog\/wp-json\/wp\/v2\/posts\/59260","targetHints":{"allow":["GET"]}}],"collection":[{"href":"https:\/\/dicodusport.fr\/blog\/wp-json\/wp\/v2\/posts"}],"about":[{"href":"https:\/\/dicodusport.fr\/blog\/wp-json\/wp\/v2\/types\/post"}],"author":[{"embeddable":true,"href":"https:\/\/dicodusport.fr\/blog\/wp-json\/wp\/v2\/users\/1"}],"replies":[{"embeddable":true,"href":"https:\/\/dicodusport.fr\/blog\/wp-json\/wp\/v2\/comments?post=59260"}],"version-history":[{"count":0,"href":"https:\/\/dicodusport.fr\/blog\/wp-json\/wp\/v2\/posts\/59260\/revisions"}],"wp:featuredmedia":[{"embeddable":true,"href":"https:\/\/dicodusport.fr\/blog\/wp-json\/wp\/v2\/media\/59265"}],"wp:attachment":[{"href":"https:\/\/dicodusport.fr\/blog\/wp-json\/wp\/v2\/media?parent=59260"}],"wp:term":[{"taxonomy":"category","embeddable":true,"href":"https:\/\/dicodusport.fr\/blog\/wp-json\/wp\/v2\/categories?post=59260"},{"taxonomy":"post_tag","embeddable":true,"href":"https:\/\/dicodusport.fr\/blog\/wp-json\/wp\/v2\/tags?post=59260"}],"curies":[{"name":"wp","href":"https:\/\/api.w.org\/{rel}","templated":true}]}}