{"id":592779,"date":"2025-07-09T08:30:24","date_gmt":"2025-07-09T06:30:24","guid":{"rendered":"https:\/\/dicodusport.fr\/blog\/?p=592779&#038;preview=true&#038;preview_id=592779"},"modified":"2025-07-09T10:04:08","modified_gmt":"2025-07-09T08:04:08","slug":"athletisme-championnats-deurope-espoirs-2025-la-selection-francaise","status":"publish","type":"post","link":"https:\/\/dicodusport.fr\/blog\/athletisme-championnats-deurope-espoirs-2025-la-selection-francaise\/","title":{"rendered":"Athl\u00e9tisme &#8211; Championnats d&rsquo;Europe espoirs 2025 : la s\u00e9lection fran\u00e7aise"},"content":{"rendered":"<p style=\"text-align: justify;\"><em><strong>Les Championnats d&rsquo;Europe espoirs d&rsquo;athl\u00e9tisme ont lieu du 17 au 20 juillet \u00e0 Bergen (Norv\u00e8ge). Voici la s\u00e9lection fran\u00e7aise.<\/strong><\/em><\/p>\n<p style=\"text-align: justify;\">En 2023, la France avait obtenu <strong>15 m\u00e9dailles<\/strong>, soit 2 m\u00e9dailles de moins qu&rsquo;en 2021 mais en doublant son nombre de titres : 6 (<strong>Pauline Stey<\/strong>\/20 km marche, <strong>relais 4X400 m f\u00e9minin<\/strong>, <strong>Marie-Julie Bonnin<\/strong>\/perche, <strong>Yanis Meziane<\/strong>\/8000 m, <strong>Sasha Zhoya<\/strong>\/110 m haies et <strong>Simon Gore<\/strong>\/triple saut).<\/p>\n<h2 style=\"text-align: justify;\">Femmes<\/h2>\n<div class=\"su-table su-table-alternate\">\n<table style=\"width: 100%;border-collapse: collapse\" border=\"2\" cellspacing=\"1\">\n<tbody>\n<tr>\n<td style=\"width: 25%;text-align: center;vertical-align: middle\"><strong>Nom<\/strong><\/td>\n<td style=\"width: 25%;text-align: center;vertical-align: middle\"><strong>Pr\u00e9nom<\/strong><\/td>\n<td style=\"text-align: center;width: 10%;vertical-align: middle\"><strong>\u00c2ge<\/strong><\/td>\n<td style=\"text-align: center;width: 20%;vertical-align: middle\"><strong>Discipline<\/strong><\/td>\n<td style=\"text-align: center;width: 20%;vertical-align: middle\"><strong>Club<\/strong><\/td>\n<\/tr>\n<tr>\n<td style=\"width: 25%;vertical-align: middle;text-align: center\">DEAU<\/td>\n<td style=\"width: 25%;vertical-align: middle;text-align: center\">Alexe<\/td>\n<td style=\"text-align: center;width: 10%;vertical-align: middle\">20<\/td>\n<td style=\"width: 20%;vertical-align: middle;text-align: center\">400 m &#8211; 4X400 m<\/td>\n<td style=\"width: 20%;vertical-align: middle;text-align: center\">Asa Maisons-Alfort<\/td>\n<\/tr>\n<tr>\n<td style=\"width: 25%;vertical-align: middle;text-align: center\">POUZANCRE HOYER<\/td>\n<td style=\"width: 25%;vertical-align: middle;text-align: center\">Lou-Anne<\/td>\n<td style=\"text-align: center;width: 10%;vertical-align: middle\">21<\/td>\n<td style=\"width: 20%;vertical-align: middle;text-align: center\">400 m &#8211; 4X400 m<\/td>\n<td style=\"width: 20%;vertical-align: middle;text-align: center\">Montpellier Athletic MM<\/td>\n<\/tr>\n<tr>\n<td style=\"width: 25%;vertical-align: middle;text-align: center\">CHABOCHE<\/td>\n<td style=\"width: 25%;vertical-align: middle;text-align: center\">Faustine<\/td>\n<td style=\"text-align: center;width: 10%;vertical-align: middle\">21<\/td>\n<td style=\"width: 20%;vertical-align: middle;text-align: center\">1500 m<\/td>\n<td style=\"width: 20%;vertical-align: middle;text-align: center\">Clermont Auvergne Athl\u00e9tisme<\/td>\n<\/tr>\n<tr>\n<td style=\"width: 25%;vertical-align: middle;text-align: center\">ESMOUNI<\/td>\n<td style=\"width: 25%;vertical-align: middle;text-align: center\">Louisa<\/td>\n<td style=\"text-align: center;width: 10%;vertical-align: middle\">21<\/td>\n<td style=\"width: 20%;vertical-align: middle;text-align: center\">1500 m<\/td>\n<td style=\"width: 20%;vertical-align: middle;text-align: center\">Montpellier Athletic MM<\/td>\n<\/tr>\n<tr>\n<td style=\"width: 25%;vertical-align: middle;text-align: center\">GAY<\/td>\n<td style=\"width: 25%;vertical-align: middle;text-align: center\">Ad\u00e8le<\/td>\n<td style=\"text-align: center;width: 10%;vertical-align: middle\">20<\/td>\n<td style=\"width: 20%;vertical-align: middle;text-align: center\">1500 m<\/td>\n<td style=\"width: 20%;vertical-align: middle;text-align: center\">Amiens Uc<\/td>\n<\/tr>\n<tr>\n<td style=\"width: 25%;vertical-align: middle;text-align: center\">DAVID-SMITH<\/td>\n<td style=\"width: 25%;vertical-align: middle;text-align: center\">Julia<\/td>\n<td style=\"text-align: center;width: 10%;vertical-align: middle\">22<\/td>\n<td style=\"width: 20%;vertical-align: middle;text-align: center\">5000 m<\/td>\n<td style=\"width: 20%;vertical-align: middle;text-align: center\">Nantes M\u00e9tropole Athl\u00e9tisme<\/td>\n<\/tr>\n<tr>\n<td style=\"width: 25%;vertical-align: middle;text-align: center\">LE CORRE<\/td>\n<td style=\"width: 25%;vertical-align: middle;text-align: center\">Jade<\/td>\n<td style=\"text-align: center;width: 10%;vertical-align: middle\">21<\/td>\n<td style=\"width: 20%;vertical-align: middle;text-align: center\">5000 m<\/td>\n<td style=\"width: 20%;vertical-align: middle;text-align: center\">Ea St Quentin En Yvelines<\/td>\n<\/tr>\n<tr>\n<td style=\"width: 25%;vertical-align: middle;text-align: center\">PLACE<\/td>\n<td style=\"width: 25%;vertical-align: middle;text-align: center\">Camille<\/td>\n<td style=\"text-align: center;width: 10%;vertical-align: middle\">19<\/td>\n<td style=\"width: 20%;vertical-align: middle;text-align: center\">5000 m<\/td>\n<td style=\"width: 20%;vertical-align: middle;text-align: center\">Ea St Quentin En Yvelines<\/td>\n<\/tr>\n<tr>\n<td style=\"width: 25%;vertical-align: middle;text-align: center\">BOUIJOUX<\/td>\n<td style=\"width: 25%;vertical-align: middle;text-align: center\">Auc\u00e9ane<\/td>\n<td style=\"text-align: center;width: 10%;vertical-align: middle\">21<\/td>\n<td style=\"width: 20%;vertical-align: middle;text-align: center\">100 m haies<\/td>\n<td style=\"width: 20%;vertical-align: middle;text-align: center\">Athl\u00e9 Provence Clubs<\/td>\n<\/tr>\n<tr>\n<td style=\"width: 25%;vertical-align: middle;text-align: center\">VON PLAUEN<\/td>\n<td style=\"width: 25%;vertical-align: middle;text-align: center\">Candice<\/td>\n<td style=\"text-align: center;width: 10%;vertical-align: middle\">20<\/td>\n<td style=\"width: 20%;vertical-align: middle;text-align: center\">400 m haies<\/td>\n<td style=\"width: 20%;vertical-align: middle;text-align: center\">Entente Sud Lyonnais<\/td>\n<\/tr>\n<tr>\n<td style=\"width: 25%;vertical-align: middle;text-align: center\">BOUET<\/td>\n<td style=\"width: 25%;vertical-align: middle;text-align: center\">Tanya<\/td>\n<td style=\"text-align: center;width: 10%;vertical-align: middle\">19<\/td>\n<td style=\"width: 20%;vertical-align: middle;text-align: center\">3000 m steeple<\/td>\n<td style=\"width: 20%;vertical-align: middle;text-align: center\">Entente Savoie Athl\u00e9<\/td>\n<\/tr>\n<tr>\n<td style=\"width: 25%;vertical-align: middle;text-align: center\">ENTRESANGLE<\/td>\n<td style=\"width: 25%;vertical-align: middle;text-align: center\">Clara<\/td>\n<td style=\"text-align: center;width: 10%;vertical-align: middle\">22<\/td>\n<td style=\"width: 20%;vertical-align: middle;text-align: center\">3000 m steeple<\/td>\n<td style=\"width: 20%;vertical-align: middle;text-align: center\">As Cavaillon<\/td>\n<\/tr>\n<tr>\n<td style=\"width: 25%;vertical-align: middle;text-align: center\">CAUVIN<\/td>\n<td style=\"width: 25%;vertical-align: middle;text-align: center\">Nayah<\/td>\n<td style=\"text-align: center;width: 10%;vertical-align: middle\">21<\/td>\n<td style=\"width: 20%;vertical-align: middle;text-align: center\">Perche<\/td>\n<td style=\"width: 20%;vertical-align: middle;text-align: center\">Ea Mondeville H\u00e9rouville<\/td>\n<\/tr>\n<tr>\n<td style=\"width: 25%;vertical-align: middle;text-align: center\">RUSSIS<\/td>\n<td style=\"width: 25%;vertical-align: middle;text-align: center\">\u00c9lise<\/td>\n<td style=\"text-align: center;width: 10%;vertical-align: middle\">21<\/td>\n<td style=\"width: 20%;vertical-align: middle;text-align: center\">Perche<\/td>\n<td style=\"width: 20%;vertical-align: middle;text-align: center\">Stade Sottevillais 76<\/td>\n<\/tr>\n<tr>\n<td style=\"width: 25%;vertical-align: middle;text-align: center\">ROUGIER<\/td>\n<td style=\"width: 25%;vertical-align: middle;text-align: center\">Cl\u00e9mence<\/td>\n<td style=\"text-align: center;width: 10%;vertical-align: middle\">20<\/td>\n<td style=\"width: 20%;vertical-align: middle;text-align: center\">Triple saut<\/td>\n<td style=\"width: 20%;vertical-align: middle;text-align: center\">Limoges Athl\u00e9<\/td>\n<\/tr>\n<tr>\n<td style=\"width: 25%;vertical-align: middle;text-align: center\">BOVELE-LINAKA<\/td>\n<td style=\"width: 25%;vertical-align: middle;text-align: center\">Marie-Jos\u00e9e<\/td>\n<td style=\"text-align: center;width: 10%;vertical-align: middle\">21<\/td>\n<td style=\"width: 20%;vertical-align: middle;text-align: center\">Disque<\/td>\n<td style=\"width: 20%;vertical-align: middle;text-align: center\">Nice C\u00f4te d&rsquo;Azur Athl\u00e9tisme<\/td>\n<\/tr>\n<tr>\n<td style=\"width: 25%;vertical-align: middle;text-align: center\">HYMAN<\/td>\n<td style=\"width: 25%;vertical-align: middle;text-align: center\">Princesse<\/td>\n<td style=\"text-align: center;width: 10%;vertical-align: middle\">19<\/td>\n<td style=\"width: 20%;vertical-align: middle;text-align: center\">Disque<\/td>\n<td style=\"width: 20%;vertical-align: middle;text-align: center\">Athletic Club de Sainte Anne<\/td>\n<\/tr>\n<tr>\n<td style=\"width: 25%;vertical-align: middle;text-align: center\">FREYCHE<\/td>\n<td style=\"width: 25%;vertical-align: middle;text-align: center\">Florella<\/td>\n<td style=\"text-align: center;width: 10%;vertical-align: middle\">20<\/td>\n<td style=\"width: 20%;vertical-align: middle;text-align: center\">Marteau<\/td>\n<td style=\"width: 20%;vertical-align: middle;text-align: center\">Entente Sud Lyonnais<\/td>\n<\/tr>\n<tr>\n<td style=\"width: 25%;vertical-align: middle;text-align: center\">BASTIEN<\/td>\n<td style=\"width: 25%;vertical-align: middle;text-align: center\">Ma\u00ebva<\/td>\n<td style=\"text-align: center;width: 10%;vertical-align: middle\">20<\/td>\n<td style=\"width: 20%;vertical-align: middle;text-align: center\">Heptathlon<\/td>\n<td style=\"width: 20%;vertical-align: middle;text-align: center\">Rc Arras<\/td>\n<\/tr>\n<tr>\n<td style=\"width: 25%;vertical-align: middle;text-align: center\">DELAHAIE<\/td>\n<td style=\"width: 25%;vertical-align: middle;text-align: center\">Ana<\/td>\n<td style=\"text-align: center;width: 10%;vertical-align: middle\">21<\/td>\n<td style=\"width: 20%;vertical-align: middle;text-align: center\">10 000 m marche<\/td>\n<td style=\"width: 20%;vertical-align: middle;text-align: center\">Stade Bordelais Athl\u00e9tisme<\/td>\n<\/tr>\n<tr>\n<td style=\"width: 25%;vertical-align: middle;text-align: center\">MASSON<\/td>\n<td style=\"width: 25%;vertical-align: middle;text-align: center\">Liv<\/td>\n<td style=\"text-align: center;width: 10%;vertical-align: middle\">21<\/td>\n<td style=\"width: 20%;vertical-align: middle;text-align: center\">10 000 m marche<\/td>\n<td style=\"width: 20%;vertical-align: middle;text-align: center\">Stade Bordelais Athl\u00e9tisme<\/td>\n<\/tr>\n<tr>\n<td style=\"width: 25%;vertical-align: middle;text-align: center\">COLLETIN<\/td>\n<td style=\"width: 25%;vertical-align: middle;text-align: center\">Romane<\/td>\n<td style=\"text-align: center;width: 10%;vertical-align: middle\">19<\/td>\n<td style=\"width: 20%;vertical-align: middle;text-align: center\">4X100 m<\/td>\n<td style=\"width: 20%;vertical-align: middle;text-align: center\">Union Sportive Alfortville Athl\u00e9<\/td>\n<\/tr>\n<tr>\n<td style=\"width: 25%;vertical-align: middle;text-align: center\">ESTIVAL<\/td>\n<td style=\"width: 25%;vertical-align: middle;text-align: center\">Amandine<\/td>\n<td style=\"text-align: center;width: 10%;vertical-align: middle\">22<\/td>\n<td style=\"width: 20%;vertical-align: middle;text-align: center\">4X100 m<\/td>\n<td style=\"width: 20%;vertical-align: middle;text-align: center\">Athl\u00e9 92<\/td>\n<\/tr>\n<tr>\n<td style=\"width: 25%;vertical-align: middle;text-align: center\">OESLICK<\/td>\n<td style=\"width: 25%;vertical-align: middle;text-align: center\">Naomily<\/td>\n<td style=\"text-align: center;width: 10%;vertical-align: middle\">19<\/td>\n<td style=\"width: 20%;vertical-align: middle;text-align: center\">4X100 m<\/td>\n<td style=\"width: 20%;vertical-align: middle;text-align: center\">EA Cergy Pontoise Athl\u00e9tisme<\/td>\n<\/tr>\n<tr>\n<td style=\"width: 25%;vertical-align: middle;text-align: center\">TADE<\/td>\n<td style=\"width: 25%;vertical-align: middle;text-align: center\">Gr\u00e2ce<\/td>\n<td style=\"text-align: center;width: 10%;vertical-align: middle\">20<\/td>\n<td style=\"width: 20%;vertical-align: middle;text-align: center\">4X100 m<\/td>\n<td style=\"width: 20%;vertical-align: middle;text-align: center\">Athl\u00e9 91<\/td>\n<\/tr>\n<tr>\n<td style=\"width: 25%;vertical-align: middle;text-align: center\">THEVENIN<\/td>\n<td style=\"width: 25%;vertical-align: middle;text-align: center\">Nina<\/td>\n<td style=\"text-align: center;width: 10%;vertical-align: middle\">19<\/td>\n<td style=\"width: 20%;vertical-align: middle;text-align: center\">4X100 m<\/td>\n<td style=\"width: 20%;vertical-align: middle;text-align: center\">Doubs Sud Athl\u00e9tisme<\/td>\n<\/tr>\n<tr>\n<td style=\"width: 25%;vertical-align: middle;text-align: center\">DESCOUX<\/td>\n<td style=\"width: 25%;vertical-align: middle;text-align: center\">Mathilde<\/td>\n<td style=\"text-align: center;width: 10%;vertical-align: middle\">22<\/td>\n<td style=\"width: 20%;vertical-align: middle;text-align: center\">4X400 m<\/td>\n<td style=\"width: 20%;vertical-align: middle;text-align: center\">Montpellier Athletic MM<\/td>\n<\/tr>\n<tr>\n<td style=\"width: 25%;vertical-align: middle;text-align: center\">FALEME<\/td>\n<td style=\"width: 25%;vertical-align: middle;text-align: center\">Laure-Anne<\/td>\n<td style=\"text-align: center;width: 10%;vertical-align: middle\">21<\/td>\n<td style=\"width: 20%;vertical-align: middle;text-align: center\">4X400 m<\/td>\n<td style=\"width: 20%;vertical-align: middle;text-align: center\">US Talence<\/td>\n<\/tr>\n<tr>\n<td style=\"width: 25%;vertical-align: middle;text-align: center\">KOUAKOU<\/td>\n<td style=\"width: 25%;vertical-align: middle;text-align: center\">Benedetta<\/td>\n<td style=\"text-align: center;width: 10%;vertical-align: middle\">20<\/td>\n<td style=\"width: 20%;vertical-align: middle;text-align: center\">4X400 m<\/td>\n<td style=\"width: 20%;vertical-align: middle;text-align: center\">Vall\u00e9e De La Marne Athl\u00e9 77<\/td>\n<\/tr>\n<tr>\n<td style=\"width: 25%;vertical-align: middle;text-align: center\">THIERY<\/td>\n<td style=\"width: 25%;vertical-align: middle;text-align: center\">L\u00e9a<\/td>\n<td style=\"text-align: center;width: 10%;vertical-align: middle\">21<\/td>\n<td style=\"width: 20%;vertical-align: middle;text-align: center\">4X400 m<\/td>\n<td style=\"width: 20%;vertical-align: middle;text-align: center\">Lille M\u00e9tropole Athl\u00e9tisme<\/td>\n<\/tr>\n<\/tbody>\n<\/table>\n<\/div>\n<h2 style=\"text-align: justify;\">Hommes<\/h2>\n<div class=\"su-table su-table-alternate\">\n<table style=\"width: 100%;border-collapse: collapse\" border=\"2\" cellspacing=\"1\">\n<tbody>\n<tr>\n<td style=\"width: 25%;text-align: center;vertical-align: middle\"><strong>Nom<\/strong><\/td>\n<td style=\"width: 25%;text-align: center;vertical-align: middle\"><strong>Pr\u00e9nom<\/strong><\/td>\n<td style=\"text-align: center;width: 10%;vertical-align: middle\"><strong>\u00c2ge<\/strong><\/td>\n<td style=\"text-align: center;width: 20%;vertical-align: middle\"><strong>Discipline<\/strong><\/td>\n<td style=\"text-align: center;width: 20%;vertical-align: middle\"><strong>Club<\/strong><\/td>\n<\/tr>\n<tr>\n<td style=\"width: 25%;vertical-align: middle;text-align: center\">ERIUS<\/td>\n<td style=\"width: 25%;vertical-align: middle;text-align: center\">Jeff<\/td>\n<td style=\"width: 10%;vertical-align: middle;text-align: center\">21<\/td>\n<td style=\"width: 20%;vertical-align: middle;text-align: center\">100 m<\/td>\n<td style=\"width: 20%;vertical-align: middle;text-align: center\">Lille M\u00e9tropole Athl\u00e9tisme<\/td>\n<\/tr>\n<tr>\n<td style=\"width: 25%;vertical-align: middle;text-align: center\">BATHILY<\/td>\n<td style=\"width: 25%;vertical-align: middle;text-align: center\">Waly<\/td>\n<td style=\"width: 10%;vertical-align: middle;text-align: center\">21<\/td>\n<td style=\"width: 20%;vertical-align: middle;text-align: center\">200 m<\/td>\n<td style=\"width: 20%;vertical-align: middle;text-align: center\">Athletic Clubs 92<\/td>\n<\/tr>\n<tr>\n<td style=\"width: 25%;vertical-align: middle;text-align: center\">LEVASSEUR<\/td>\n<td style=\"width: 25%;vertical-align: middle;text-align: center\">F\u00e9lix<\/td>\n<td style=\"width: 10%;vertical-align: middle;text-align: center\">21<\/td>\n<td style=\"width: 20%;vertical-align: middle;text-align: center\">400 m &#8211; 4X400 m<\/td>\n<td style=\"width: 20%;vertical-align: middle;text-align: center\">Athletic Club De Colombes<\/td>\n<\/tr>\n<tr>\n<td style=\"width: 25%;vertical-align: middle;text-align: center\">TEZKRATT<\/td>\n<td style=\"width: 25%;vertical-align: middle;text-align: center\">Nabil<\/td>\n<td style=\"width: 10%;vertical-align: middle;text-align: center\">22<\/td>\n<td style=\"width: 20%;vertical-align: middle;text-align: center\">400 m &#8211; 4X400 m<\/td>\n<td style=\"width: 20%;vertical-align: middle;text-align: center\">AI Voiron<\/td>\n<\/tr>\n<tr>\n<td style=\"width: 25%;vertical-align: middle;text-align: center\">MARQUES DE ANDRADE<\/td>\n<td style=\"width: 25%;vertical-align: middle;text-align: center\">Thomas<\/td>\n<td style=\"width: 10%;vertical-align: middle;text-align: center\">21<\/td>\n<td style=\"width: 20%;vertical-align: middle;text-align: center\">800 m<\/td>\n<td style=\"width: 20%;vertical-align: middle;text-align: center\">Stade Bordelais Athl\u00e9tisme<\/td>\n<\/tr>\n<tr>\n<td style=\"width: 25%;vertical-align: middle;text-align: center\">ANSELMINI<\/td>\n<td style=\"width: 25%;vertical-align: middle;text-align: center\">Paul<\/td>\n<td style=\"width: 10%;vertical-align: middle;text-align: center\">21<\/td>\n<td style=\"width: 20%;vertical-align: middle;text-align: center\">1500 m<\/td>\n<td style=\"width: 20%;vertical-align: middle;text-align: center\">Entente Franconville Cesame Vo<\/td>\n<\/tr>\n<tr>\n<td style=\"width: 25%;vertical-align: middle;text-align: center\">DABOS<\/td>\n<td style=\"width: 25%;vertical-align: middle;text-align: center\">T\u00e9o<\/td>\n<td style=\"width: 10%;vertical-align: middle;text-align: center\">21<\/td>\n<td style=\"width: 20%;vertical-align: middle;text-align: center\">1500 m<\/td>\n<td style=\"width: 20%;vertical-align: middle;text-align: center\">Limoges Athl\u00e9<\/td>\n<\/tr>\n<tr>\n<td style=\"width: 25%;vertical-align: middle;text-align: center\">LAGITY CHAOUDAR<\/td>\n<td style=\"width: 25%;vertical-align: middle;text-align: center\">Anas<\/td>\n<td style=\"width: 10%;vertical-align: middle;text-align: center\">21<\/td>\n<td style=\"width: 20%;vertical-align: middle;text-align: center\">1500 m<\/td>\n<td style=\"width: 20%;vertical-align: middle;text-align: center\">Strasbourg Agglo Athl\u00e9tisme<\/td>\n<\/tr>\n<tr>\n<td style=\"width: 25%;vertical-align: middle;text-align: center\">EL GOUMRI JEBBOURI<\/td>\n<td style=\"width: 25%;vertical-align: middle;text-align: center\">Imad<\/td>\n<td style=\"width: 10%;vertical-align: middle;text-align: center\">21<\/td>\n<td style=\"width: 20%;vertical-align: middle;text-align: center\">5000 m<\/td>\n<td style=\"width: 20%;vertical-align: middle;text-align: center\">As Pierrefitte<\/td>\n<\/tr>\n<tr>\n<td style=\"width: 25%;vertical-align: middle;text-align: center\">RADJA<\/td>\n<td style=\"width: 25%;vertical-align: middle;text-align: center\">Aur\u00e9lien<\/td>\n<td style=\"width: 10%;vertical-align: middle;text-align: center\">21<\/td>\n<td style=\"width: 20%;vertical-align: middle;text-align: center\">5000 m<\/td>\n<td style=\"width: 20%;vertical-align: middle;text-align: center\">Stade Sottevillais 76<\/td>\n<\/tr>\n<tr>\n<td style=\"width: 25%;vertical-align: middle;text-align: center\">SAINT-PEYRE<\/td>\n<td style=\"width: 25%;vertical-align: middle;text-align: center\">Antonin<\/td>\n<td style=\"width: 10%;vertical-align: middle;text-align: center\">22<\/td>\n<td style=\"width: 20%;vertical-align: middle;text-align: center\">5000 m &#8211; 10 000 m<\/td>\n<td style=\"width: 20%;vertical-align: middle;text-align: center\">Athl\u00e9 Pays de L&rsquo;orient<\/td>\n<\/tr>\n<tr>\n<td style=\"width: 25%;vertical-align: middle;text-align: center\">CARTIEAUX<\/td>\n<td style=\"width: 25%;vertical-align: middle;text-align: center\">Baptiste<\/td>\n<td style=\"width: 10%;vertical-align: middle;text-align: center\">21<\/td>\n<td style=\"width: 20%;vertical-align: middle;text-align: center\">10 000 m<\/td>\n<td style=\"width: 20%;vertical-align: middle;text-align: center\">EA Cergy Pontoise Athl\u00e9tisme<\/td>\n<\/tr>\n<tr>\n<td style=\"width: 25%;vertical-align: middle;text-align: center\">DUPONT<\/td>\n<td style=\"width: 25%;vertical-align: middle;text-align: center\">Timoth\u00e9e<\/td>\n<td style=\"width: 10%;vertical-align: middle;text-align: center\">20<\/td>\n<td style=\"width: 20%;vertical-align: middle;text-align: center\">10 000 m<\/td>\n<td style=\"width: 20%;vertical-align: middle;text-align: center\">Stade Sottevillais 76<\/td>\n<\/tr>\n<tr>\n<td style=\"width: 25%;vertical-align: middle;text-align: center\">CINNA<\/td>\n<td style=\"width: 25%;vertical-align: middle;text-align: center\">Erwann<\/td>\n<td style=\"width: 10%;vertical-align: middle;text-align: center\">21<\/td>\n<td style=\"width: 20%;vertical-align: middle;text-align: center\">110 m haies<\/td>\n<td style=\"width: 20%;vertical-align: middle;text-align: center\">Athl\u00e9 91<\/td>\n<\/tr>\n<tr>\n<td style=\"width: 25%;vertical-align: middle;text-align: center\">PEDRE<\/td>\n<td style=\"width: 25%;vertical-align: middle;text-align: center\">Th\u00e9o<\/td>\n<td style=\"width: 10%;vertical-align: middle;text-align: center\">10<\/td>\n<td style=\"width: 20%;vertical-align: middle;text-align: center\">110 m haies<\/td>\n<td style=\"width: 20%;vertical-align: middle;text-align: center\">Sc Universitaire De France<\/td>\n<\/tr>\n<tr>\n<td style=\"width: 25%;vertical-align: middle;text-align: center\">WILKES<\/td>\n<td style=\"width: 25%;vertical-align: middle;text-align: center\">Thomas<\/td>\n<td style=\"width: 10%;vertical-align: middle;text-align: center\">21<\/td>\n<td style=\"width: 20%;vertical-align: middle;text-align: center\">110 m haies<\/td>\n<td style=\"width: 20%;vertical-align: middle;text-align: center\">Athl\u00e9 Provence Clubs<\/td>\n<\/tr>\n<tr>\n<td style=\"width: 25%;vertical-align: middle;text-align: center\">DESCHAMPS<\/td>\n<td style=\"width: 25%;vertical-align: middle;text-align: center\">Simon<\/td>\n<td style=\"width: 10%;vertical-align: middle;text-align: center\">21<\/td>\n<td style=\"width: 20%;vertical-align: middle;text-align: center\">400 m haies &#8211; 4X400 m<\/td>\n<td style=\"width: 20%;vertical-align: middle;text-align: center\">Athl\u00e9 Bocage Vend\u00e9e<\/td>\n<\/tr>\n<tr>\n<td style=\"width: 25%;vertical-align: middle;text-align: center\">DUTREVIS<\/td>\n<td style=\"width: 25%;vertical-align: middle;text-align: center\">Aymeric<\/td>\n<td style=\"width: 10%;vertical-align: middle;text-align: center\">20<\/td>\n<td style=\"width: 20%;vertical-align: middle;text-align: center\">400 m haies<\/td>\n<td style=\"width: 20%;vertical-align: middle;text-align: center\">Fac Andr\u00e9zieux<\/td>\n<\/tr>\n<tr>\n<td style=\"width: 25%;vertical-align: middle;text-align: center\">BOUDY<\/td>\n<td style=\"width: 25%;vertical-align: middle;text-align: center\">Pierre<\/td>\n<td style=\"width: 10%;vertical-align: middle;text-align: center\">20<\/td>\n<td style=\"width: 20%;vertical-align: middle;text-align: center\">3000 m steeple<\/td>\n<td style=\"width: 20%;vertical-align: middle;text-align: center\">Free Run Athl\u00e9 37<\/td>\n<\/tr>\n<tr>\n<td style=\"width: 25%;vertical-align: middle;text-align: center\">BOUTAYEB<\/td>\n<td style=\"width: 25%;vertical-align: middle;text-align: center\">Youssf<\/td>\n<td style=\"width: 10%;vertical-align: middle;text-align: center\">20<\/td>\n<td style=\"width: 20%;vertical-align: middle;text-align: center\">3000 m steeple<\/td>\n<td style=\"width: 20%;vertical-align: middle;text-align: center\">Grand Toulouse Athl\u00e9tisme<\/td>\n<\/tr>\n<tr>\n<td style=\"width: 25%;vertical-align: middle;text-align: center\">THEBAUD<\/td>\n<td style=\"width: 25%;vertical-align: middle;text-align: center\">Oscar<\/td>\n<td style=\"width: 10%;vertical-align: middle;text-align: center\">21<\/td>\n<td style=\"width: 20%;vertical-align: middle;text-align: center\">3000 m steeple<\/td>\n<td style=\"width: 20%;vertical-align: middle;text-align: center\">Ouest Vend\u00e9e Athl\u00e9tisme<\/td>\n<\/tr>\n<tr>\n<td style=\"width: 25%;vertical-align: middle;text-align: center\">DIANE<\/td>\n<td style=\"width: 25%;vertical-align: middle;text-align: center\">Moustafa<\/td>\n<td style=\"width: 10%;vertical-align: middle;text-align: center\">22<\/td>\n<td style=\"width: 20%;vertical-align: middle;text-align: center\">Hauteur<\/td>\n<td style=\"width: 20%;vertical-align: middle;text-align: center\">Athletic Clubs 92<\/td>\n<\/tr>\n<tr>\n<td style=\"width: 25%;vertical-align: middle;text-align: center\">AMMIRATI<\/td>\n<td style=\"width: 25%;vertical-align: middle;text-align: center\">Anthony<\/td>\n<td style=\"width: 10%;vertical-align: middle;text-align: center\">21<\/td>\n<td style=\"width: 20%;vertical-align: middle;text-align: center\">Perche<\/td>\n<td style=\"width: 20%;vertical-align: middle;text-align: center\">Envol<\/td>\n<\/tr>\n<tr>\n<td style=\"width: 25%;vertical-align: middle;text-align: center\">DESPRES<\/td>\n<td style=\"width: 25%;vertical-align: middle;text-align: center\">Tristan<\/td>\n<td style=\"width: 10%;vertical-align: middle;text-align: center\">22<\/td>\n<td style=\"width: 20%;vertical-align: middle;text-align: center\">Perche<\/td>\n<td style=\"width: 20%;vertical-align: middle;text-align: center\">Entente Angevine Athl\u00e9tisme<\/td>\n<\/tr>\n<tr>\n<td style=\"width: 25%;vertical-align: middle;text-align: center\">SAWANEH<\/td>\n<td style=\"width: 25%;vertical-align: middle;text-align: center\">Ismaila<\/td>\n<td style=\"width: 10%;vertical-align: middle;text-align: center\">21<\/td>\n<td style=\"width: 20%;vertical-align: middle;text-align: center\">Perche<\/td>\n<td style=\"width: 20%;vertical-align: middle;text-align: center\">Stade Sottevillais 76<\/td>\n<\/tr>\n<tr>\n<td style=\"width: 25%;vertical-align: middle;text-align: center\">KONATE<\/td>\n<td style=\"width: 25%;vertical-align: middle;text-align: center\">Erwan<\/td>\n<td style=\"width: 10%;vertical-align: middle;text-align: center\">22<\/td>\n<td style=\"width: 20%;vertical-align: middle;text-align: center\">Longueur<\/td>\n<td style=\"width: 20%;vertical-align: middle;text-align: center\">Amiens Uc<\/td>\n<\/tr>\n<tr>\n<td style=\"width: 25%;vertical-align: middle;text-align: center\">VAITULUKINA<\/td>\n<td style=\"width: 25%;vertical-align: middle;text-align: center\">Mathis<\/td>\n<td style=\"width: 10%;vertical-align: middle;text-align: center\">20<\/td>\n<td style=\"width: 20%;vertical-align: middle;text-align: center\">D\u00e9cathlon<\/td>\n<td style=\"width: 20%;vertical-align: middle;text-align: center\">Us Talence<\/td>\n<\/tr>\n<tr>\n<td style=\"width: 25%;vertical-align: middle;text-align: center\">CAULE-DULER<\/td>\n<td style=\"width: 25%;vertical-align: middle;text-align: center\">Alexis<\/td>\n<td style=\"width: 10%;vertical-align: middle;text-align: center\">20<\/td>\n<td style=\"width: 20%;vertical-align: middle;text-align: center\">D\u00e9cathlon<\/td>\n<td style=\"width: 20%;vertical-align: middle;text-align: center\">Us Talence<\/td>\n<\/tr>\n<tr>\n<td style=\"width: 25%;vertical-align: middle;text-align: center\">FERRANTI<\/td>\n<td style=\"width: 25%;vertical-align: middle;text-align: center\">Antoine<\/td>\n<td style=\"width: 10%;vertical-align: middle;text-align: center\">22<\/td>\n<td style=\"width: 20%;vertical-align: middle;text-align: center\">D\u00e9cathlon<\/td>\n<td style=\"width: 20%;vertical-align: middle;text-align: center\">AC Des Pays D&rsquo;Agde<\/td>\n<\/tr>\n<tr>\n<td style=\"width: 25%;vertical-align: middle;text-align: center\">MOITIE-CHARNOIS<\/td>\n<td style=\"width: 25%;vertical-align: middle;text-align: center\">Maxime<\/td>\n<td style=\"width: 10%;vertical-align: middle;text-align: center\">21<\/td>\n<td style=\"width: 20%;vertical-align: middle;text-align: center\">D\u00e9cathlon<\/td>\n<td style=\"width: 20%;vertical-align: middle;text-align: center\">Entente du Pays Fayence Athl\u00e9tisme<\/td>\n<\/tr>\n<tr>\n<td style=\"width: 25%;vertical-align: middle;text-align: center\">BATIFOL<\/td>\n<td style=\"width: 25%;vertical-align: middle;text-align: center\">Ellis<\/td>\n<td style=\"width: 10%;vertical-align: middle;text-align: center\">21<\/td>\n<td style=\"width: 20%;vertical-align: middle;text-align: center\">10 000 m marche<\/td>\n<td style=\"width: 20%;vertical-align: middle;text-align: center\">Asvel Villeurbanne<\/td>\n<\/tr>\n<tr>\n<td style=\"width: 25%;vertical-align: middle;text-align: center\">CHENUET<\/td>\n<td style=\"width: 25%;vertical-align: middle;text-align: center\">Quentin<\/td>\n<td style=\"width: 10%;vertical-align: middle;text-align: center\">20<\/td>\n<td style=\"width: 20%;vertical-align: middle;text-align: center\">10 000 m marche<\/td>\n<td style=\"width: 20%;vertical-align: middle;text-align: center\">Saran Loiret Athletic Club<\/td>\n<\/tr>\n<tr>\n<td style=\"width: 25%;vertical-align: middle;text-align: center\">ELLUL<\/td>\n<td style=\"width: 25%;vertical-align: middle;text-align: center\">Hugo<\/td>\n<td style=\"width: 10%;vertical-align: middle;text-align: center\">20<\/td>\n<td style=\"width: 20%;vertical-align: middle;text-align: center\">10 000 m marche<\/td>\n<td style=\"width: 20%;vertical-align: middle;text-align: center\">Nancy Athl\u00e9tisme M\u00e9tropole<\/td>\n<\/tr>\n<tr>\n<td style=\"width: 25%;vertical-align: middle;text-align: center\">AFOY<\/td>\n<td style=\"width: 25%;vertical-align: middle;text-align: center\">Gr\u00e9gory<\/td>\n<td style=\"width: 10%;vertical-align: middle;text-align: center\">21<\/td>\n<td style=\"width: 20%;vertical-align: middle;text-align: center\">4X100 m<\/td>\n<td style=\"width: 20%;vertical-align: middle;text-align: center\">Bordeaux Ec<\/td>\n<\/tr>\n<tr>\n<td style=\"width: 25%;vertical-align: middle;text-align: center\">BADRU<\/td>\n<td style=\"width: 25%;vertical-align: middle;text-align: center\">Mohammed<\/td>\n<td style=\"width: 10%;vertical-align: middle;text-align: center\">22<\/td>\n<td style=\"width: 20%;vertical-align: middle;text-align: center\">4X100 m<\/td>\n<td style=\"width: 20%;vertical-align: middle;text-align: center\">Caen Athletic Club<\/td>\n<\/tr>\n<tr>\n<td style=\"width: 25%;vertical-align: middle;text-align: center\">KABENGELE KABALA<\/td>\n<td style=\"width: 25%;vertical-align: middle;text-align: center\">Yoran<\/td>\n<td style=\"width: 10%;vertical-align: middle;text-align: center\">22<\/td>\n<td style=\"width: 20%;vertical-align: middle;text-align: center\">4X100 m<\/td>\n<td style=\"width: 20%;vertical-align: middle;text-align: center\">Entente Franconville Cesame Vo<\/td>\n<\/tr>\n<tr>\n<td style=\"width: 25%;vertical-align: middle;text-align: center\">OTTOU<\/td>\n<td style=\"width: 25%;vertical-align: middle;text-align: center\">Dejan<\/td>\n<td style=\"width: 10%;vertical-align: middle;text-align: center\">20<\/td>\n<td style=\"width: 20%;vertical-align: middle;text-align: center\">4X100 m<\/td>\n<td style=\"width: 20%;vertical-align: middle;text-align: center\">Nantes M\u00e9tropole Athl\u00e9tisme<\/td>\n<\/tr>\n<tr>\n<td style=\"width: 25%;vertical-align: middle;text-align: center\">REBIERRE<\/td>\n<td style=\"width: 25%;vertical-align: middle;text-align: center\">Maxime<\/td>\n<td style=\"width: 10%;vertical-align: middle;text-align: center\">22<\/td>\n<td style=\"width: 20%;vertical-align: middle;text-align: center\">4X100 m<\/td>\n<td style=\"width: 20%;vertical-align: middle;text-align: center\">Us Talence<\/td>\n<\/tr>\n<tr>\n<td style=\"width: 25%;vertical-align: middle;text-align: center\">LACROIX<\/td>\n<td style=\"width: 25%;vertical-align: middle;text-align: center\">Allan<\/td>\n<td style=\"width: 10%;vertical-align: middle;text-align: center\">20<\/td>\n<td style=\"width: 20%;vertical-align: middle;text-align: center\">4X400 m<\/td>\n<td style=\"width: 20%;vertical-align: middle;text-align: center\">Athl\u00e9 91<\/td>\n<\/tr>\n<tr>\n<td style=\"width: 25%;vertical-align: middle;text-align: center\">MOUDIO PRISO<\/td>\n<td style=\"width: 25%;vertical-align: middle;text-align: center\">Beno\u00eet<\/td>\n<td style=\"width: 10%;vertical-align: middle;text-align: center\">22<\/td>\n<td style=\"width: 20%;vertical-align: middle;text-align: center\">4X400 m<\/td>\n<td style=\"width: 20%;vertical-align: middle;text-align: center\">Athl\u00e9 91<\/td>\n<\/tr>\n<tr>\n<td style=\"width: 25%;vertical-align: middle;text-align: center\">WASSMER<\/td>\n<td style=\"width: 25%;vertical-align: middle;text-align: center\">Maxime<\/td>\n<td style=\"width: 10%;vertical-align: middle;text-align: center\">22<\/td>\n<td style=\"width: 20%;vertical-align: middle;text-align: center\">4X400 m<\/td>\n<td style=\"width: 20%;vertical-align: middle;text-align: center\">Nancy Athl\u00e9tisme M\u00e9tropole<\/td>\n<\/tr>\n<\/tbody>\n<\/table>\n<\/div>\n","protected":false},"excerpt":{"rendered":"<p>Les Championnats d&rsquo;Europe espoirs d&rsquo;athl\u00e9tisme ont lieu du 17 au 20 juillet \u00e0 Bergen (Norv\u00e8ge). Voici la s\u00e9lection fran\u00e7aise.<\/p>\n","protected":false},"author":12,"featured_media":593649,"comment_status":"open","ping_status":"closed","sticky":false,"template":"","format":"standard","meta":{"_acf_changed":false,"_daextam_enable_autolinks":"1","footnotes":""},"categories":[2308],"tags":[143,16878,17667],"class_list":["post-592779","post","type-post","status-publish","format-standard","has-post-thumbnail","hentry","category-athletisme","tag-athletisme","tag-breve","tag-championnats-deurope-espoirs-dathletisme"],"acf":[],"yoast_head":"<!-- This site is optimized with the Yoast SEO Premium plugin v26.7 (Yoast SEO v26.7) - https:\/\/yoast.com\/wordpress\/plugins\/seo\/ -->\n<title>Athl\u00e9tisme - Championnats d&#039;Europe espoirs 2025 : la s\u00e9lection fran\u00e7aise<\/title>\n<meta name=\"description\" content=\"Les Championnats d&#039;Europe espoirs d&#039;athl\u00e9tisme ont lieu du 17 au 20 juillet \u00e0 Bergen (Norv\u00e8ge). Voici la s\u00e9lection fran\u00e7aise.\" \/>\n<meta name=\"robots\" content=\"index, follow, max-snippet:-1, max-image-preview:large, max-video-preview:-1\" \/>\n<link rel=\"canonical\" href=\"https:\/\/dicodusport.fr\/blog\/athletisme-championnats-deurope-espoirs-2025-la-selection-francaise\/\" \/>\n<meta property=\"og:locale\" content=\"fr_FR\" \/>\n<meta property=\"og:type\" content=\"article\" \/>\n<meta property=\"og:title\" content=\"Athl\u00e9tisme - Championnats d&#039;Europe espoirs 2025 : la s\u00e9lection fran\u00e7aise\" \/>\n<meta property=\"og:description\" content=\"Les Championnats d&#039;Europe espoirs d&#039;athl\u00e9tisme ont lieu du 17 au 20 juillet \u00e0 Bergen (Norv\u00e8ge). Voici la s\u00e9lection fran\u00e7aise.\" \/>\n<meta property=\"og:url\" content=\"https:\/\/dicodusport.fr\/blog\/athletisme-championnats-deurope-espoirs-2025-la-selection-francaise\/\" \/>\n<meta property=\"og:site_name\" content=\"Dicodusport\" \/>\n<meta property=\"article:publisher\" content=\"https:\/\/www.facebook.com\/dicodusport\" \/>\n<meta property=\"article:published_time\" content=\"2025-07-09T06:30:24+00:00\" \/>\n<meta property=\"article:modified_time\" content=\"2025-07-09T08:04:08+00:00\" \/>\n<meta property=\"og:image\" content=\"https:\/\/dicodusport.fr\/blog\/wp-content\/uploads\/2025\/07\/Athletisme-Championnats-dEurope-espoirs-2025-la-selection-francaise.png\" \/>\n\t<meta property=\"og:image:width\" content=\"1200\" \/>\n\t<meta property=\"og:image:height\" content=\"674\" \/>\n\t<meta property=\"og:image:type\" content=\"image\/png\" \/>\n<meta name=\"author\" content=\"Arlette Yeye\" \/>\n<meta name=\"twitter:card\" content=\"summary_large_image\" \/>\n<meta name=\"twitter:title\" content=\"Athl\u00e9tisme - Championnats d&#039;Europe espoirs 2025 : la s\u00e9lection fran\u00e7aise\" \/>\n<meta name=\"twitter:creator\" content=\"@https:\/\/twitter.com\/Shiclette94\" \/>\n<meta name=\"twitter:site\" content=\"@dicodusport\" \/>\n<script type=\"application\/ld+json\" class=\"yoast-schema-graph\">{\"@context\":\"https:\/\/schema.org\",\"@graph\":[{\"@type\":\"NewsArticle\",\"@id\":\"https:\/\/dicodusport.fr\/blog\/athletisme-championnats-deurope-espoirs-2025-la-selection-francaise\/#article\",\"isPartOf\":{\"@id\":\"https:\/\/dicodusport.fr\/blog\/athletisme-championnats-deurope-espoirs-2025-la-selection-francaise\/\"},\"author\":{\"name\":\"Arlette Yeye\",\"@id\":\"https:\/\/dicodusport.fr\/blog\/#\/schema\/person\/cce96fa88785bd8573e3d43078ac8c79\"},\"headline\":\"Athl\u00e9tisme &#8211; Championnats d&rsquo;Europe espoirs 2025 : la s\u00e9lection fran\u00e7aise\",\"datePublished\":\"2025-07-09T06:30:24+00:00\",\"dateModified\":\"2025-07-09T08:04:08+00:00\",\"mainEntityOfPage\":{\"@id\":\"https:\/\/dicodusport.fr\/blog\/athletisme-championnats-deurope-espoirs-2025-la-selection-francaise\/\"},\"wordCount\":628,\"commentCount\":0,\"publisher\":{\"@id\":\"https:\/\/dicodusport.fr\/blog\/#organization\"},\"image\":{\"@id\":\"https:\/\/dicodusport.fr\/blog\/athletisme-championnats-deurope-espoirs-2025-la-selection-francaise\/#primaryimage\"},\"thumbnailUrl\":\"https:\/\/dicodusport.fr\/blog\/wp-content\/uploads\/2025\/07\/Athletisme-Championnats-dEurope-espoirs-2025-la-selection-francaise.png\",\"keywords\":[\"Athl\u00e9tisme\",\"br\u00e8ve\",\"Championnats d'Europe espoirs d'athl\u00e9tisme\"],\"articleSection\":[\"Athl\u00e9tisme\"],\"inLanguage\":\"fr-FR\",\"potentialAction\":[{\"@type\":\"CommentAction\",\"name\":\"Comment\",\"target\":[\"https:\/\/dicodusport.fr\/blog\/athletisme-championnats-deurope-espoirs-2025-la-selection-francaise\/#respond\"]}],\"copyrightYear\":\"2025\",\"copyrightHolder\":{\"@id\":\"https:\/\/dicodusport.fr\/blog\/#organization\"}},{\"@type\":\"WebPage\",\"@id\":\"https:\/\/dicodusport.fr\/blog\/athletisme-championnats-deurope-espoirs-2025-la-selection-francaise\/\",\"url\":\"https:\/\/dicodusport.fr\/blog\/athletisme-championnats-deurope-espoirs-2025-la-selection-francaise\/\",\"name\":\"Athl\u00e9tisme - Championnats d'Europe espoirs 2025 : la s\u00e9lection fran\u00e7aise\",\"isPartOf\":{\"@id\":\"https:\/\/dicodusport.fr\/blog\/#website\"},\"primaryImageOfPage\":{\"@id\":\"https:\/\/dicodusport.fr\/blog\/athletisme-championnats-deurope-espoirs-2025-la-selection-francaise\/#primaryimage\"},\"image\":{\"@id\":\"https:\/\/dicodusport.fr\/blog\/athletisme-championnats-deurope-espoirs-2025-la-selection-francaise\/#primaryimage\"},\"thumbnailUrl\":\"https:\/\/dicodusport.fr\/blog\/wp-content\/uploads\/2025\/07\/Athletisme-Championnats-dEurope-espoirs-2025-la-selection-francaise.png\",\"datePublished\":\"2025-07-09T06:30:24+00:00\",\"dateModified\":\"2025-07-09T08:04:08+00:00\",\"description\":\"Les Championnats d'Europe espoirs d'athl\u00e9tisme ont lieu du 17 au 20 juillet \u00e0 Bergen (Norv\u00e8ge). Voici la s\u00e9lection fran\u00e7aise.\",\"breadcrumb\":{\"@id\":\"https:\/\/dicodusport.fr\/blog\/athletisme-championnats-deurope-espoirs-2025-la-selection-francaise\/#breadcrumb\"},\"inLanguage\":\"fr-FR\",\"potentialAction\":[{\"@type\":\"ReadAction\",\"target\":[\"https:\/\/dicodusport.fr\/blog\/athletisme-championnats-deurope-espoirs-2025-la-selection-francaise\/\"]}]},{\"@type\":\"ImageObject\",\"inLanguage\":\"fr-FR\",\"@id\":\"https:\/\/dicodusport.fr\/blog\/athletisme-championnats-deurope-espoirs-2025-la-selection-francaise\/#primaryimage\",\"url\":\"https:\/\/dicodusport.fr\/blog\/wp-content\/uploads\/2025\/07\/Athletisme-Championnats-dEurope-espoirs-2025-la-selection-francaise.png\",\"contentUrl\":\"https:\/\/dicodusport.fr\/blog\/wp-content\/uploads\/2025\/07\/Athletisme-Championnats-dEurope-espoirs-2025-la-selection-francaise.png\",\"width\":1200,\"height\":674,\"caption\":\"Athl\u00e9tisme - Championnats d'Europe espoirs 2025 la s\u00e9lection fran\u00e7aise\"},{\"@type\":\"BreadcrumbList\",\"@id\":\"https:\/\/dicodusport.fr\/blog\/athletisme-championnats-deurope-espoirs-2025-la-selection-francaise\/#breadcrumb\",\"itemListElement\":[{\"@type\":\"ListItem\",\"position\":1,\"name\":\"Accueil\",\"item\":\"https:\/\/dicodusport.fr\/blog\/\"},{\"@type\":\"ListItem\",\"position\":2,\"name\":\"Athl\u00e9tisme &#8211; Championnats d&rsquo;Europe espoirs 2025 : la s\u00e9lection fran\u00e7aise\"}]},{\"@type\":\"WebSite\",\"@id\":\"https:\/\/dicodusport.fr\/blog\/#website\",\"url\":\"https:\/\/dicodusport.fr\/blog\/\",\"name\":\"Dicodusport\",\"description\":\"L&#039;encyclop\u00e9die de l&#039;actualit\u00e9 sportive\",\"publisher\":{\"@id\":\"https:\/\/dicodusport.fr\/blog\/#organization\"},\"potentialAction\":[{\"@type\":\"SearchAction\",\"target\":{\"@type\":\"EntryPoint\",\"urlTemplate\":\"https:\/\/dicodusport.fr\/blog\/?s={search_term_string}\"},\"query-input\":{\"@type\":\"PropertyValueSpecification\",\"valueRequired\":true,\"valueName\":\"search_term_string\"}}],\"inLanguage\":\"fr-FR\"},{\"@type\":\"NewsMediaOrganization\",\"@id\":\"https:\/\/dicodusport.fr\/blog\/#organization\",\"name\":\"Dicodusport\",\"url\":\"https:\/\/dicodusport.fr\/blog\/\",\"logo\":{\"@type\":\"ImageObject\",\"inLanguage\":\"fr-FR\",\"@id\":\"https:\/\/dicodusport.fr\/blog\/#\/schema\/logo\/image\/\",\"url\":\"https:\/\/dicodusport.fr\/blog\/wp-content\/uploads\/2020\/06\/cropped-LOGO-DICODUSPORT-2020-SANS-FOND-SANS-TEXTE.png\",\"contentUrl\":\"https:\/\/dicodusport.fr\/blog\/wp-content\/uploads\/2020\/06\/cropped-LOGO-DICODUSPORT-2020-SANS-FOND-SANS-TEXTE.png\",\"width\":512,\"height\":512,\"caption\":\"Dicodusport\"},\"image\":{\"@id\":\"https:\/\/dicodusport.fr\/blog\/#\/schema\/logo\/image\/\"},\"sameAs\":[\"https:\/\/www.facebook.com\/dicodusport\",\"https:\/\/x.com\/dicodusport\",\"https:\/\/www.instagram.com\/dicodusport\/\",\"https:\/\/www.youtube.com\/channel\/UC7V2KZ5sd3htJivAbA4ZG3w\"],\"description\":\"Dicodusport est l'encyclop\u00e9die de l'actualit\u00e9 sportive.\",\"email\":\"bonjour@dicodusport.fr\",\"legalName\":\"DICODUSPORT\",\"foundingDate\":\"2018-01-14\",\"vatID\":\"FR71834470973\",\"taxID\":\"83447097300043\",\"numberOfEmployees\":{\"@type\":\"QuantitativeValue\",\"minValue\":\"1\",\"maxValue\":\"10\"}},{\"@type\":\"Person\",\"@id\":\"https:\/\/dicodusport.fr\/blog\/#\/schema\/person\/cce96fa88785bd8573e3d43078ac8c79\",\"name\":\"Arlette Yeye\",\"image\":{\"@type\":\"ImageObject\",\"inLanguage\":\"fr-FR\",\"@id\":\"https:\/\/dicodusport.fr\/blog\/#\/schema\/person\/image\/\",\"url\":\"https:\/\/secure.gravatar.com\/avatar\/dca4a6239e6d708e46c45d60e160de6c?s=96&d=wp_user_avatar&r=g\",\"contentUrl\":\"https:\/\/secure.gravatar.com\/avatar\/dca4a6239e6d708e46c45d60e160de6c?s=96&d=wp_user_avatar&r=g\",\"caption\":\"Arlette Yeye\"},\"description\":\"Journaliste\/r\u00e9dactrice depuis septembre 2015 - Supportrice de Chelsea, j'ai pour sports de pr\u00e9dilection le handball, l'athl\u00e9tisme et le tennis. Si je tweete plus vite que mon ombre, vous pouvez aussi me retrouver les week-ends sur les playgrounds de Bruxelles pour un petit foot ou basket entre potes. Parcourir la France, l'Europe et plus si affinit\u00e9s pour suivre mes sportifs pr\u00e9f\u00e9r\u00e9s ? Mon kif ! Et c'est avec plaisir que je partage les r\u00e9sultats des sports populaires mais \u00e9galement plus confidentiels pour Dicodusport.\",\"sameAs\":[\"https:\/\/x.com\/https:\/\/twitter.com\/Shiclette94\"],\"url\":\"https:\/\/dicodusport.fr\/blog\/author\/arlette\/\"}]}<\/script>\n<!-- \/ Yoast SEO Premium plugin. -->","yoast_head_json":{"title":"Athl\u00e9tisme - Championnats d'Europe espoirs 2025 : la s\u00e9lection fran\u00e7aise","description":"Les Championnats d'Europe espoirs d'athl\u00e9tisme ont lieu du 17 au 20 juillet \u00e0 Bergen (Norv\u00e8ge). Voici la s\u00e9lection fran\u00e7aise.","robots":{"index":"index","follow":"follow","max-snippet":"max-snippet:-1","max-image-preview":"max-image-preview:large","max-video-preview":"max-video-preview:-1"},"canonical":"https:\/\/dicodusport.fr\/blog\/athletisme-championnats-deurope-espoirs-2025-la-selection-francaise\/","og_locale":"fr_FR","og_type":"article","og_title":"Athl\u00e9tisme - Championnats d'Europe espoirs 2025 : la s\u00e9lection fran\u00e7aise","og_description":"Les Championnats d'Europe espoirs d'athl\u00e9tisme ont lieu du 17 au 20 juillet \u00e0 Bergen (Norv\u00e8ge). Voici la s\u00e9lection fran\u00e7aise.","og_url":"https:\/\/dicodusport.fr\/blog\/athletisme-championnats-deurope-espoirs-2025-la-selection-francaise\/","og_site_name":"Dicodusport","article_publisher":"https:\/\/www.facebook.com\/dicodusport","article_published_time":"2025-07-09T06:30:24+00:00","article_modified_time":"2025-07-09T08:04:08+00:00","og_image":[{"width":1200,"height":674,"url":"https:\/\/dicodusport.fr\/blog\/wp-content\/uploads\/2025\/07\/Athletisme-Championnats-dEurope-espoirs-2025-la-selection-francaise.png","type":"image\/png"}],"author":"Arlette Yeye","twitter_card":"summary_large_image","twitter_title":"Athl\u00e9tisme - Championnats d'Europe espoirs 2025 : la s\u00e9lection fran\u00e7aise","twitter_creator":"@https:\/\/twitter.com\/Shiclette94","twitter_site":"@dicodusport","schema":{"@context":"https:\/\/schema.org","@graph":[{"@type":"NewsArticle","@id":"https:\/\/dicodusport.fr\/blog\/athletisme-championnats-deurope-espoirs-2025-la-selection-francaise\/#article","isPartOf":{"@id":"https:\/\/dicodusport.fr\/blog\/athletisme-championnats-deurope-espoirs-2025-la-selection-francaise\/"},"author":{"name":"Arlette Yeye","@id":"https:\/\/dicodusport.fr\/blog\/#\/schema\/person\/cce96fa88785bd8573e3d43078ac8c79"},"headline":"Athl\u00e9tisme &#8211; Championnats d&rsquo;Europe espoirs 2025 : la s\u00e9lection fran\u00e7aise","datePublished":"2025-07-09T06:30:24+00:00","dateModified":"2025-07-09T08:04:08+00:00","mainEntityOfPage":{"@id":"https:\/\/dicodusport.fr\/blog\/athletisme-championnats-deurope-espoirs-2025-la-selection-francaise\/"},"wordCount":628,"commentCount":0,"publisher":{"@id":"https:\/\/dicodusport.fr\/blog\/#organization"},"image":{"@id":"https:\/\/dicodusport.fr\/blog\/athletisme-championnats-deurope-espoirs-2025-la-selection-francaise\/#primaryimage"},"thumbnailUrl":"https:\/\/dicodusport.fr\/blog\/wp-content\/uploads\/2025\/07\/Athletisme-Championnats-dEurope-espoirs-2025-la-selection-francaise.png","keywords":["Athl\u00e9tisme","br\u00e8ve","Championnats d'Europe espoirs d'athl\u00e9tisme"],"articleSection":["Athl\u00e9tisme"],"inLanguage":"fr-FR","potentialAction":[{"@type":"CommentAction","name":"Comment","target":["https:\/\/dicodusport.fr\/blog\/athletisme-championnats-deurope-espoirs-2025-la-selection-francaise\/#respond"]}],"copyrightYear":"2025","copyrightHolder":{"@id":"https:\/\/dicodusport.fr\/blog\/#organization"}},{"@type":"WebPage","@id":"https:\/\/dicodusport.fr\/blog\/athletisme-championnats-deurope-espoirs-2025-la-selection-francaise\/","url":"https:\/\/dicodusport.fr\/blog\/athletisme-championnats-deurope-espoirs-2025-la-selection-francaise\/","name":"Athl\u00e9tisme - Championnats d'Europe espoirs 2025 : la s\u00e9lection fran\u00e7aise","isPartOf":{"@id":"https:\/\/dicodusport.fr\/blog\/#website"},"primaryImageOfPage":{"@id":"https:\/\/dicodusport.fr\/blog\/athletisme-championnats-deurope-espoirs-2025-la-selection-francaise\/#primaryimage"},"image":{"@id":"https:\/\/dicodusport.fr\/blog\/athletisme-championnats-deurope-espoirs-2025-la-selection-francaise\/#primaryimage"},"thumbnailUrl":"https:\/\/dicodusport.fr\/blog\/wp-content\/uploads\/2025\/07\/Athletisme-Championnats-dEurope-espoirs-2025-la-selection-francaise.png","datePublished":"2025-07-09T06:30:24+00:00","dateModified":"2025-07-09T08:04:08+00:00","description":"Les Championnats d'Europe espoirs d'athl\u00e9tisme ont lieu du 17 au 20 juillet \u00e0 Bergen (Norv\u00e8ge). Voici la s\u00e9lection fran\u00e7aise.","breadcrumb":{"@id":"https:\/\/dicodusport.fr\/blog\/athletisme-championnats-deurope-espoirs-2025-la-selection-francaise\/#breadcrumb"},"inLanguage":"fr-FR","potentialAction":[{"@type":"ReadAction","target":["https:\/\/dicodusport.fr\/blog\/athletisme-championnats-deurope-espoirs-2025-la-selection-francaise\/"]}]},{"@type":"ImageObject","inLanguage":"fr-FR","@id":"https:\/\/dicodusport.fr\/blog\/athletisme-championnats-deurope-espoirs-2025-la-selection-francaise\/#primaryimage","url":"https:\/\/dicodusport.fr\/blog\/wp-content\/uploads\/2025\/07\/Athletisme-Championnats-dEurope-espoirs-2025-la-selection-francaise.png","contentUrl":"https:\/\/dicodusport.fr\/blog\/wp-content\/uploads\/2025\/07\/Athletisme-Championnats-dEurope-espoirs-2025-la-selection-francaise.png","width":1200,"height":674,"caption":"Athl\u00e9tisme - Championnats d'Europe espoirs 2025 la s\u00e9lection fran\u00e7aise"},{"@type":"BreadcrumbList","@id":"https:\/\/dicodusport.fr\/blog\/athletisme-championnats-deurope-espoirs-2025-la-selection-francaise\/#breadcrumb","itemListElement":[{"@type":"ListItem","position":1,"name":"Accueil","item":"https:\/\/dicodusport.fr\/blog\/"},{"@type":"ListItem","position":2,"name":"Athl\u00e9tisme &#8211; Championnats d&rsquo;Europe espoirs 2025 : la s\u00e9lection fran\u00e7aise"}]},{"@type":"WebSite","@id":"https:\/\/dicodusport.fr\/blog\/#website","url":"https:\/\/dicodusport.fr\/blog\/","name":"Dicodusport","description":"L&#039;encyclop\u00e9die de l&#039;actualit\u00e9 sportive","publisher":{"@id":"https:\/\/dicodusport.fr\/blog\/#organization"},"potentialAction":[{"@type":"SearchAction","target":{"@type":"EntryPoint","urlTemplate":"https:\/\/dicodusport.fr\/blog\/?s={search_term_string}"},"query-input":{"@type":"PropertyValueSpecification","valueRequired":true,"valueName":"search_term_string"}}],"inLanguage":"fr-FR"},{"@type":"NewsMediaOrganization","@id":"https:\/\/dicodusport.fr\/blog\/#organization","name":"Dicodusport","url":"https:\/\/dicodusport.fr\/blog\/","logo":{"@type":"ImageObject","inLanguage":"fr-FR","@id":"https:\/\/dicodusport.fr\/blog\/#\/schema\/logo\/image\/","url":"https:\/\/dicodusport.fr\/blog\/wp-content\/uploads\/2020\/06\/cropped-LOGO-DICODUSPORT-2020-SANS-FOND-SANS-TEXTE.png","contentUrl":"https:\/\/dicodusport.fr\/blog\/wp-content\/uploads\/2020\/06\/cropped-LOGO-DICODUSPORT-2020-SANS-FOND-SANS-TEXTE.png","width":512,"height":512,"caption":"Dicodusport"},"image":{"@id":"https:\/\/dicodusport.fr\/blog\/#\/schema\/logo\/image\/"},"sameAs":["https:\/\/www.facebook.com\/dicodusport","https:\/\/x.com\/dicodusport","https:\/\/www.instagram.com\/dicodusport\/","https:\/\/www.youtube.com\/channel\/UC7V2KZ5sd3htJivAbA4ZG3w"],"description":"Dicodusport est l'encyclop\u00e9die de l'actualit\u00e9 sportive.","email":"bonjour@dicodusport.fr","legalName":"DICODUSPORT","foundingDate":"2018-01-14","vatID":"FR71834470973","taxID":"83447097300043","numberOfEmployees":{"@type":"QuantitativeValue","minValue":"1","maxValue":"10"}},{"@type":"Person","@id":"https:\/\/dicodusport.fr\/blog\/#\/schema\/person\/cce96fa88785bd8573e3d43078ac8c79","name":"Arlette Yeye","image":{"@type":"ImageObject","inLanguage":"fr-FR","@id":"https:\/\/dicodusport.fr\/blog\/#\/schema\/person\/image\/","url":"https:\/\/secure.gravatar.com\/avatar\/dca4a6239e6d708e46c45d60e160de6c?s=96&d=wp_user_avatar&r=g","contentUrl":"https:\/\/secure.gravatar.com\/avatar\/dca4a6239e6d708e46c45d60e160de6c?s=96&d=wp_user_avatar&r=g","caption":"Arlette Yeye"},"description":"Journaliste\/r\u00e9dactrice depuis septembre 2015 - Supportrice de Chelsea, j'ai pour sports de pr\u00e9dilection le handball, l'athl\u00e9tisme et le tennis. Si je tweete plus vite que mon ombre, vous pouvez aussi me retrouver les week-ends sur les playgrounds de Bruxelles pour un petit foot ou basket entre potes. Parcourir la France, l'Europe et plus si affinit\u00e9s pour suivre mes sportifs pr\u00e9f\u00e9r\u00e9s ? Mon kif ! Et c'est avec plaisir que je partage les r\u00e9sultats des sports populaires mais \u00e9galement plus confidentiels pour Dicodusport.","sameAs":["https:\/\/x.com\/https:\/\/twitter.com\/Shiclette94"],"url":"https:\/\/dicodusport.fr\/blog\/author\/arlette\/"}]}},"_links":{"self":[{"href":"https:\/\/dicodusport.fr\/blog\/wp-json\/wp\/v2\/posts\/592779","targetHints":{"allow":["GET"]}}],"collection":[{"href":"https:\/\/dicodusport.fr\/blog\/wp-json\/wp\/v2\/posts"}],"about":[{"href":"https:\/\/dicodusport.fr\/blog\/wp-json\/wp\/v2\/types\/post"}],"author":[{"embeddable":true,"href":"https:\/\/dicodusport.fr\/blog\/wp-json\/wp\/v2\/users\/12"}],"replies":[{"embeddable":true,"href":"https:\/\/dicodusport.fr\/blog\/wp-json\/wp\/v2\/comments?post=592779"}],"version-history":[{"count":4,"href":"https:\/\/dicodusport.fr\/blog\/wp-json\/wp\/v2\/posts\/592779\/revisions"}],"predecessor-version":[{"id":593684,"href":"https:\/\/dicodusport.fr\/blog\/wp-json\/wp\/v2\/posts\/592779\/revisions\/593684"}],"wp:featuredmedia":[{"embeddable":true,"href":"https:\/\/dicodusport.fr\/blog\/wp-json\/wp\/v2\/media\/593649"}],"wp:attachment":[{"href":"https:\/\/dicodusport.fr\/blog\/wp-json\/wp\/v2\/media?parent=592779"}],"wp:term":[{"taxonomy":"category","embeddable":true,"href":"https:\/\/dicodusport.fr\/blog\/wp-json\/wp\/v2\/categories?post=592779"},{"taxonomy":"post_tag","embeddable":true,"href":"https:\/\/dicodusport.fr\/blog\/wp-json\/wp\/v2\/tags?post=592779"}],"curies":[{"name":"wp","href":"https:\/\/api.w.org\/{rel}","templated":true}]}}