{"id":592974,"date":"2025-07-06T13:57:58","date_gmt":"2025-07-06T11:57:58","guid":{"rendered":"https:\/\/dicodusport.fr\/blog\/?p=592974&#038;preview=true&#038;preview_id=592974"},"modified":"2025-07-06T21:06:24","modified_gmt":"2025-07-06T19:06:24","slug":"vtt-descente-nina-hoffmann-imperiale-a-la-thuile-les-bleues-larguees","status":"publish","type":"post","link":"https:\/\/dicodusport.fr\/blog\/vtt-descente-nina-hoffmann-imperiale-a-la-thuile-les-bleues-larguees\/","title":{"rendered":"VTT Descente : Nina Hoffmann imp\u00e9riale \u00e0 La Thuile, les Bleues largu\u00e9es"},"content":{"rendered":"<p style=\"text-align: justify;\"><strong><em>COUPE DU MONDE DE VTT DESCENTE 2025 &#8211; Les Bleues n&rsquo;ont pas trouv\u00e9 leur rythme \u00e0 La Thuile, dans une descente survol\u00e9e par Nina Hoffmann.<\/em><\/strong><\/p>\n<p style=\"text-align: justify;\">Lors de la derni\u00e8re manche de Coupe du monde de VTT Descente, \u00e0 Val di Sole, <strong>Marine Cabirou<\/strong> \u00e9tait all\u00e9e chercher sa premi\u00e8re victoire de la saison. Encore loin au classement g\u00e9n\u00e9ral, la Fran\u00e7aise pouvait n\u00e9anmoins se rapprocher si elle parvenait \u00e0 entretenir sa dynamique \u00e0 La Thuile, une piste clairement exigeante et nouvelle au calendrier.<\/p>\n<div class=\"vlp-link-container vlp-layout-article\"><a href=\"https:\/\/dicodusport.fr\/blog\/vtt-descente-marine-cabirou-imperiale-a-val-di-sole\/\" class=\"vlp-link\" title=\"VTT Descente : Marine Cabirou imp\u00e9riale \u00e0 Val di Sole !\"><\/a><div class=\"vlp-layout-zone-side\"><div class=\"vlp-block-4 vlp-link-image\"><img loading=\"lazy\" decoding=\"async\" style=\"max-width: 792px;\" width=\"792\" height=\"445\" src=\"https:\/\/dicodusport.fr\/blog\/wp-content\/uploads\/2025\/06\/VTT-Descente-Marine-Cabirou-imperiale-a-Val-di-Sole-1.png\" class=\"attachment-800x445 size-800x445\" alt=\"VTT Descente Marine Cabirou imp\u00e9riale \u00e0 Val di Sole\" srcset=\"https:\/\/dicodusport.fr\/blog\/wp-content\/uploads\/2025\/06\/VTT-Descente-Marine-Cabirou-imperiale-a-Val-di-Sole-1.png 1200w, https:\/\/dicodusport.fr\/blog\/wp-content\/uploads\/2025\/06\/VTT-Descente-Marine-Cabirou-imperiale-a-Val-di-Sole-1-300x169.png 300w, https:\/\/dicodusport.fr\/blog\/wp-content\/uploads\/2025\/06\/VTT-Descente-Marine-Cabirou-imperiale-a-Val-di-Sole-1-1024x575.png 1024w, https:\/\/dicodusport.fr\/blog\/wp-content\/uploads\/2025\/06\/VTT-Descente-Marine-Cabirou-imperiale-a-Val-di-Sole-1-768x431.png 768w\" sizes=\"auto, (max-width: 792px) 100vw, 792px\" \/><\/div><\/div><div class=\"vlp-layout-zone-main\"><div class=\"vlp-block-0 vlp-link-title\">VTT Descente : Marine Cabirou imp\u00e9riale \u00e0 Val di Sole !<\/div><div class=\"vlp-block-1 vlp-link-summary\">COUPE DU MONDE DE VTT DESCENTE 2025 - Marine Cabirou a remport\u00e9 la 4\u00e8me manche disput\u00e9e sur le technique circuit de Val di Sole, ce samedi midi. \u00c9tincelante, la Fran\u00e7aise a devanc\u00e9 Valentina H\u00f6ll et Monika Hrastnik pour rafler sa 10\u00e8me victoire en carri\u00e8re.<\/div><div class=\"vlp-block-2 vlp-link-button\">Lire l'article<\/div><div class=\"vlp-block-3 vlp-link-url\">dicodusport.fr<\/div><\/div><\/div>\n<h2 style=\"text-align: justify;\">Hoffmann au-dessus du lot<\/h2>\n<p style=\"text-align: justify;\">C&rsquo;est <strong>Lisa Bouladou<\/strong> qui ouvrait le bal de cette finale&#8230; et qui brisait sa cha\u00eene quasiment d&rsquo;entr\u00e9e de jeu, perdant toutes ses illusions. <strong>Vicky Clavel<\/strong> s&rsquo;\u00e9lan\u00e7ait peu apr\u00e8s, et sortait un parcours propre, avec une belle appr\u00e9ciation des trajectoires. Semblant \u00e0 l&rsquo;aise, elle prenait la t\u00eate, mais son chrono n&rsquo;\u00e9tait gu\u00e8re impressionnant. En effet, <strong>Phoebe Gale<\/strong> allait mettre un \u00e9cart impressionnant, se pla\u00e7ant pour un podium. <strong>Marine Cabirou<\/strong> s&rsquo;attaquait alors au chrono de la Britannique. Pas de fausse note, mais pas une impression de vitesse exceptionnelle, et elle \u00e9chouait \u00e0 \u00e0 peine plus d&rsquo;une seconde. C&rsquo;\u00e9tait fini pour la victoire, restait \u00e0 voir pour le podium.<\/p>\n<p style=\"text-align: justify;\">Quand <strong>Jess Blewitt<\/strong> lui passait devant, le podium paraissait illusoire. Et quand <strong>Nina Hoffmann<\/strong> prenait la t\u00eate en explosant la barri\u00e8re des 4 minutes apr\u00e8s un parcours magnifique, c&rsquo;en \u00e9tait fini des espoirs. L&rsquo;Allemande semblait alors intouchable, et personne n&rsquo;irait la chercher, ni la championne du monde <strong>Valentina H\u00f6ll<\/strong>, ni la double laur\u00e9ate cette saison, <strong>Gracey Hemstreet, <\/strong>qui allaient toutes deux compl\u00e9ter le podium. <strong>Nina Hoffmann<\/strong> s&rsquo;impose pour la quatri\u00e8me fois en Coupe du monde, la premi\u00e8re de la saison. Meilleure Fran\u00e7aise, <strong>Marine Cabirou<\/strong> prend finalement la huiti\u00e8me place.<\/p>\n<blockquote class=\"twitter-tweet\">\n<p dir=\"ltr\" lang=\"en\">Tears \ud83e\udd7a for Nina Hoffmann as she takes the victory!<\/p>\n<p>Women Elite DHI \ud83e\udd47 in La Thuile \ud83c\uddee\ud83c\uddf9<a href=\"https:\/\/twitter.com\/hashtag\/MTBWorldCup?src=hash&amp;ref_src=twsrc%5Etfw\">#MTBWorldCup<\/a> <a href=\"https:\/\/t.co\/xEZi4Oag22\">pic.twitter.com\/xEZi4Oag22<\/a><\/p>\n<p>\u2014 UCI MTB (@UCI_MTB) <a href=\"https:\/\/twitter.com\/UCI_MTB\/status\/1941828518121222389?ref_src=twsrc%5Etfw\">July 6, 2025<\/a><\/p><\/blockquote>\n<p><script async src=\"https:\/\/platform.twitter.com\/widgets.js\" charset=\"utf-8\"><\/script><\/p>\n","protected":false},"excerpt":{"rendered":"<p>COUPE DU MONDE DE VTT DESCENTE 2025 &#8211; Les Bleues n&rsquo;ont pas trouv\u00e9 leur rythme \u00e0 La Thuile, dans une descente survol\u00e9e par Nina Hoffmann.<\/p>\n","protected":false},"author":59,"featured_media":593196,"comment_status":"open","ping_status":"closed","sticky":false,"template":"","format":"standard","meta":{"_acf_changed":false,"_daextam_enable_autolinks":"1","footnotes":""},"categories":[10279],"tags":[16878,7768],"class_list":["post-592974","post","type-post","status-publish","format-standard","has-post-thumbnail","hentry","category-vtt","tag-breve","tag-vtt-descente"],"acf":[],"yoast_head":"<!-- This site is optimized with the Yoast SEO Premium plugin v26.7 (Yoast SEO v26.7) - https:\/\/yoast.com\/wordpress\/plugins\/seo\/ -->\n<title>VTT Descente : Nina Hoffmann imp\u00e9riale \u00e0 La Thuile, les Bleues largu\u00e9es<\/title>\n<meta name=\"description\" content=\"COUPE DU MONDE DE VTT DESCENTE 2025 - Les Bleues n&#039;ont pas trouv\u00e9 leur rythme \u00e0 La Thuile, dans une descente survol\u00e9e par Nina Hoffmann.\" \/>\n<meta name=\"robots\" content=\"index, follow, max-snippet:-1, max-image-preview:large, max-video-preview:-1\" \/>\n<link rel=\"canonical\" href=\"https:\/\/dicodusport.fr\/blog\/vtt-descente-nina-hoffmann-imperiale-a-la-thuile-les-bleues-larguees\/\" \/>\n<meta property=\"og:locale\" content=\"fr_FR\" \/>\n<meta property=\"og:type\" content=\"article\" \/>\n<meta property=\"og:title\" content=\"VTT Descente : Nina Hoffmann imp\u00e9riale \u00e0 La Thuile, les Bleues largu\u00e9es\" \/>\n<meta property=\"og:description\" content=\"COUPE DU MONDE DE VTT DESCENTE 2025 - Marine Cabirou a remport\u00e9 la 4\u00e8me manche disput\u00e9e sur le technique circuit de Val di Sole, ce samedi midi.\" \/>\n<meta property=\"og:url\" content=\"https:\/\/dicodusport.fr\/blog\/vtt-descente-nina-hoffmann-imperiale-a-la-thuile-les-bleues-larguees\/\" \/>\n<meta property=\"og:site_name\" content=\"Dicodusport\" \/>\n<meta property=\"article:publisher\" content=\"https:\/\/www.facebook.com\/dicodusport\" \/>\n<meta property=\"article:author\" content=\"https:\/\/www.facebook.com\/sebastien.gente\/\" \/>\n<meta property=\"article:published_time\" content=\"2025-07-06T11:57:58+00:00\" \/>\n<meta property=\"article:modified_time\" content=\"2025-07-06T19:06:24+00:00\" \/>\n<meta property=\"og:image\" content=\"https:\/\/dicodusport.fr\/blog\/wp-content\/uploads\/2025\/07\/VTT-Descente-Nina-Hoffmann-imperiale-a-La-Thuile-les-Bleues-larguees-1.png\" \/>\n\t<meta property=\"og:image:width\" content=\"1200\" \/>\n\t<meta property=\"og:image:height\" content=\"674\" \/>\n\t<meta property=\"og:image:type\" content=\"image\/png\" \/>\n<meta name=\"author\" content=\"S\u00e9bastien Gente\" \/>\n<meta name=\"twitter:card\" content=\"summary_large_image\" \/>\n<meta name=\"twitter:description\" content=\"COUPE DU MONDE DE VTT DESCENTE 2025 - Marine Cabirou a remport\u00e9 la 4\u00e8me manche disput\u00e9e sur le technique circuit de Val di Sole, ce samedi midi.\" \/>\n<meta name=\"twitter:creator\" content=\"@https:\/\/twitter.com\/globulo24\" \/>\n<meta name=\"twitter:site\" content=\"@dicodusport\" \/>\n<script type=\"application\/ld+json\" class=\"yoast-schema-graph\">{\"@context\":\"https:\/\/schema.org\",\"@graph\":[{\"@type\":\"NewsArticle\",\"@id\":\"https:\/\/dicodusport.fr\/blog\/vtt-descente-nina-hoffmann-imperiale-a-la-thuile-les-bleues-larguees\/#article\",\"isPartOf\":{\"@id\":\"https:\/\/dicodusport.fr\/blog\/vtt-descente-nina-hoffmann-imperiale-a-la-thuile-les-bleues-larguees\/\"},\"author\":{\"name\":\"S\u00e9bastien Gente\",\"@id\":\"https:\/\/dicodusport.fr\/blog\/#\/schema\/person\/627966a6cde45dbd8c5e36ac85d783da\"},\"headline\":\"VTT Descente : Nina Hoffmann imp\u00e9riale \u00e0 La Thuile, les Bleues largu\u00e9es\",\"datePublished\":\"2025-07-06T11:57:58+00:00\",\"dateModified\":\"2025-07-06T19:06:24+00:00\",\"mainEntityOfPage\":{\"@id\":\"https:\/\/dicodusport.fr\/blog\/vtt-descente-nina-hoffmann-imperiale-a-la-thuile-les-bleues-larguees\/\"},\"wordCount\":434,\"commentCount\":0,\"publisher\":{\"@id\":\"https:\/\/dicodusport.fr\/blog\/#organization\"},\"image\":{\"@id\":\"https:\/\/dicodusport.fr\/blog\/vtt-descente-nina-hoffmann-imperiale-a-la-thuile-les-bleues-larguees\/#primaryimage\"},\"thumbnailUrl\":\"https:\/\/dicodusport.fr\/blog\/wp-content\/uploads\/2025\/07\/VTT-Descente-Nina-Hoffmann-imperiale-a-La-Thuile-les-Bleues-larguees-1.png\",\"keywords\":[\"br\u00e8ve\",\"VTT Descente\"],\"articleSection\":[\"VTT\"],\"inLanguage\":\"fr-FR\",\"potentialAction\":[{\"@type\":\"CommentAction\",\"name\":\"Comment\",\"target\":[\"https:\/\/dicodusport.fr\/blog\/vtt-descente-nina-hoffmann-imperiale-a-la-thuile-les-bleues-larguees\/#respond\"]}],\"copyrightYear\":\"2025\",\"copyrightHolder\":{\"@id\":\"https:\/\/dicodusport.fr\/blog\/#organization\"}},{\"@type\":\"WebPage\",\"@id\":\"https:\/\/dicodusport.fr\/blog\/vtt-descente-nina-hoffmann-imperiale-a-la-thuile-les-bleues-larguees\/\",\"url\":\"https:\/\/dicodusport.fr\/blog\/vtt-descente-nina-hoffmann-imperiale-a-la-thuile-les-bleues-larguees\/\",\"name\":\"VTT Descente : Nina Hoffmann imp\u00e9riale \u00e0 La Thuile, les Bleues largu\u00e9es\",\"isPartOf\":{\"@id\":\"https:\/\/dicodusport.fr\/blog\/#website\"},\"primaryImageOfPage\":{\"@id\":\"https:\/\/dicodusport.fr\/blog\/vtt-descente-nina-hoffmann-imperiale-a-la-thuile-les-bleues-larguees\/#primaryimage\"},\"image\":{\"@id\":\"https:\/\/dicodusport.fr\/blog\/vtt-descente-nina-hoffmann-imperiale-a-la-thuile-les-bleues-larguees\/#primaryimage\"},\"thumbnailUrl\":\"https:\/\/dicodusport.fr\/blog\/wp-content\/uploads\/2025\/07\/VTT-Descente-Nina-Hoffmann-imperiale-a-La-Thuile-les-Bleues-larguees-1.png\",\"datePublished\":\"2025-07-06T11:57:58+00:00\",\"dateModified\":\"2025-07-06T19:06:24+00:00\",\"description\":\"COUPE DU MONDE DE VTT DESCENTE 2025 - Les Bleues n'ont pas trouv\u00e9 leur rythme \u00e0 La Thuile, dans une descente survol\u00e9e par Nina Hoffmann.\",\"breadcrumb\":{\"@id\":\"https:\/\/dicodusport.fr\/blog\/vtt-descente-nina-hoffmann-imperiale-a-la-thuile-les-bleues-larguees\/#breadcrumb\"},\"inLanguage\":\"fr-FR\",\"potentialAction\":[{\"@type\":\"ReadAction\",\"target\":[\"https:\/\/dicodusport.fr\/blog\/vtt-descente-nina-hoffmann-imperiale-a-la-thuile-les-bleues-larguees\/\"]}]},{\"@type\":\"ImageObject\",\"inLanguage\":\"fr-FR\",\"@id\":\"https:\/\/dicodusport.fr\/blog\/vtt-descente-nina-hoffmann-imperiale-a-la-thuile-les-bleues-larguees\/#primaryimage\",\"url\":\"https:\/\/dicodusport.fr\/blog\/wp-content\/uploads\/2025\/07\/VTT-Descente-Nina-Hoffmann-imperiale-a-La-Thuile-les-Bleues-larguees-1.png\",\"contentUrl\":\"https:\/\/dicodusport.fr\/blog\/wp-content\/uploads\/2025\/07\/VTT-Descente-Nina-Hoffmann-imperiale-a-La-Thuile-les-Bleues-larguees-1.png\",\"width\":1200,\"height\":674,\"caption\":\"VTT Descente Nina Hoffmann imp\u00e9riale \u00e0 La Thuile, les Bleues largu\u00e9es\"},{\"@type\":\"BreadcrumbList\",\"@id\":\"https:\/\/dicodusport.fr\/blog\/vtt-descente-nina-hoffmann-imperiale-a-la-thuile-les-bleues-larguees\/#breadcrumb\",\"itemListElement\":[{\"@type\":\"ListItem\",\"position\":1,\"name\":\"Accueil\",\"item\":\"https:\/\/dicodusport.fr\/blog\/\"},{\"@type\":\"ListItem\",\"position\":2,\"name\":\"VTT Descente : Nina Hoffmann imp\u00e9riale \u00e0 La Thuile, les Bleues largu\u00e9es\"}]},{\"@type\":\"WebSite\",\"@id\":\"https:\/\/dicodusport.fr\/blog\/#website\",\"url\":\"https:\/\/dicodusport.fr\/blog\/\",\"name\":\"Dicodusport\",\"description\":\"L&#039;encyclop\u00e9die de l&#039;actualit\u00e9 sportive\",\"publisher\":{\"@id\":\"https:\/\/dicodusport.fr\/blog\/#organization\"},\"potentialAction\":[{\"@type\":\"SearchAction\",\"target\":{\"@type\":\"EntryPoint\",\"urlTemplate\":\"https:\/\/dicodusport.fr\/blog\/?s={search_term_string}\"},\"query-input\":{\"@type\":\"PropertyValueSpecification\",\"valueRequired\":true,\"valueName\":\"search_term_string\"}}],\"inLanguage\":\"fr-FR\"},{\"@type\":\"NewsMediaOrganization\",\"@id\":\"https:\/\/dicodusport.fr\/blog\/#organization\",\"name\":\"Dicodusport\",\"url\":\"https:\/\/dicodusport.fr\/blog\/\",\"logo\":{\"@type\":\"ImageObject\",\"inLanguage\":\"fr-FR\",\"@id\":\"https:\/\/dicodusport.fr\/blog\/#\/schema\/logo\/image\/\",\"url\":\"https:\/\/dicodusport.fr\/blog\/wp-content\/uploads\/2020\/06\/cropped-LOGO-DICODUSPORT-2020-SANS-FOND-SANS-TEXTE.png\",\"contentUrl\":\"https:\/\/dicodusport.fr\/blog\/wp-content\/uploads\/2020\/06\/cropped-LOGO-DICODUSPORT-2020-SANS-FOND-SANS-TEXTE.png\",\"width\":512,\"height\":512,\"caption\":\"Dicodusport\"},\"image\":{\"@id\":\"https:\/\/dicodusport.fr\/blog\/#\/schema\/logo\/image\/\"},\"sameAs\":[\"https:\/\/www.facebook.com\/dicodusport\",\"https:\/\/x.com\/dicodusport\",\"https:\/\/www.instagram.com\/dicodusport\/\",\"https:\/\/www.youtube.com\/channel\/UC7V2KZ5sd3htJivAbA4ZG3w\"],\"description\":\"Dicodusport est l'encyclop\u00e9die de l'actualit\u00e9 sportive.\",\"email\":\"bonjour@dicodusport.fr\",\"legalName\":\"DICODUSPORT\",\"foundingDate\":\"2018-01-14\",\"vatID\":\"FR71834470973\",\"taxID\":\"83447097300043\",\"numberOfEmployees\":{\"@type\":\"QuantitativeValue\",\"minValue\":\"1\",\"maxValue\":\"10\"}},{\"@type\":\"Person\",\"@id\":\"https:\/\/dicodusport.fr\/blog\/#\/schema\/person\/627966a6cde45dbd8c5e36ac85d783da\",\"name\":\"S\u00e9bastien Gente\",\"image\":{\"@type\":\"ImageObject\",\"inLanguage\":\"fr-FR\",\"@id\":\"https:\/\/dicodusport.fr\/blog\/#\/schema\/person\/image\/\",\"url\":\"https:\/\/dicodusport.fr\/blog\/wp-content\/uploads\/2021\/09\/1510990_10205810251400683_4124423575079401707_n-150x150.jpg\",\"contentUrl\":\"https:\/\/dicodusport.fr\/blog\/wp-content\/uploads\/2021\/09\/1510990_10205810251400683_4124423575079401707_n-150x150.jpg\",\"caption\":\"S\u00e9bastien Gente\"},\"description\":\"John Stockton, Gianni Bugno, Zinedine Zidane, Steffi Graf, Frode Andresen, St\u00e9phane Stoecklin, Davis Kamoga, Primoz Peterka, Werner Schlager et Aur\u00e9lien Rougerie. Point commun entre ces sportifs? Ils m'ont fait r\u00eaver et ont berc\u00e9 mon adolescence. Je suis un fondu de sports et j'essaie de retranscrire ma passion \u00e0 travers mes articles. Originaire du P\u00e9rigord, ma passion pour les Girondins, les Jaunards et les Jazzmen transpire dans mes \u00e9crits. \u00c0 Dicodusport depuis 2021, je d\u00e9niche les sports m\u00e9connus dans lesquels la France brille, et il y en a !\",\"sameAs\":[\"https:\/\/www.facebook.com\/sebastien.gente\/\",\"https:\/\/www.instagram.com\/sebgente\/\",\"https:\/\/www.linkedin.com\/in\/sbastien-gente-a29583169\/\",\"https:\/\/x.com\/https:\/\/twitter.com\/globulo24\",\"SebastienGente\"],\"worksFor\":\"S\u00e9bastien GENTE\",\"url\":\"https:\/\/dicodusport.fr\/blog\/author\/sebastiengente\/\"}]}<\/script>\n<!-- \/ Yoast SEO Premium plugin. -->","yoast_head_json":{"title":"VTT Descente : Nina Hoffmann imp\u00e9riale \u00e0 La Thuile, les Bleues largu\u00e9es","description":"COUPE DU MONDE DE VTT DESCENTE 2025 - Les Bleues n'ont pas trouv\u00e9 leur rythme \u00e0 La Thuile, dans une descente survol\u00e9e par Nina Hoffmann.","robots":{"index":"index","follow":"follow","max-snippet":"max-snippet:-1","max-image-preview":"max-image-preview:large","max-video-preview":"max-video-preview:-1"},"canonical":"https:\/\/dicodusport.fr\/blog\/vtt-descente-nina-hoffmann-imperiale-a-la-thuile-les-bleues-larguees\/","og_locale":"fr_FR","og_type":"article","og_title":"VTT Descente : Nina Hoffmann imp\u00e9riale \u00e0 La Thuile, les Bleues largu\u00e9es","og_description":"COUPE DU MONDE DE VTT DESCENTE 2025 - Marine Cabirou a remport\u00e9 la 4\u00e8me manche disput\u00e9e sur le technique circuit de Val di Sole, ce samedi midi.","og_url":"https:\/\/dicodusport.fr\/blog\/vtt-descente-nina-hoffmann-imperiale-a-la-thuile-les-bleues-larguees\/","og_site_name":"Dicodusport","article_publisher":"https:\/\/www.facebook.com\/dicodusport","article_author":"https:\/\/www.facebook.com\/sebastien.gente\/","article_published_time":"2025-07-06T11:57:58+00:00","article_modified_time":"2025-07-06T19:06:24+00:00","og_image":[{"width":1200,"height":674,"url":"https:\/\/dicodusport.fr\/blog\/wp-content\/uploads\/2025\/07\/VTT-Descente-Nina-Hoffmann-imperiale-a-La-Thuile-les-Bleues-larguees-1.png","type":"image\/png"}],"author":"S\u00e9bastien Gente","twitter_card":"summary_large_image","twitter_description":"COUPE DU MONDE DE VTT DESCENTE 2025 - Marine Cabirou a remport\u00e9 la 4\u00e8me manche disput\u00e9e sur le technique circuit de Val di Sole, ce samedi midi.","twitter_creator":"@https:\/\/twitter.com\/globulo24","twitter_site":"@dicodusport","schema":{"@context":"https:\/\/schema.org","@graph":[{"@type":"NewsArticle","@id":"https:\/\/dicodusport.fr\/blog\/vtt-descente-nina-hoffmann-imperiale-a-la-thuile-les-bleues-larguees\/#article","isPartOf":{"@id":"https:\/\/dicodusport.fr\/blog\/vtt-descente-nina-hoffmann-imperiale-a-la-thuile-les-bleues-larguees\/"},"author":{"name":"S\u00e9bastien Gente","@id":"https:\/\/dicodusport.fr\/blog\/#\/schema\/person\/627966a6cde45dbd8c5e36ac85d783da"},"headline":"VTT Descente : Nina Hoffmann imp\u00e9riale \u00e0 La Thuile, les Bleues largu\u00e9es","datePublished":"2025-07-06T11:57:58+00:00","dateModified":"2025-07-06T19:06:24+00:00","mainEntityOfPage":{"@id":"https:\/\/dicodusport.fr\/blog\/vtt-descente-nina-hoffmann-imperiale-a-la-thuile-les-bleues-larguees\/"},"wordCount":434,"commentCount":0,"publisher":{"@id":"https:\/\/dicodusport.fr\/blog\/#organization"},"image":{"@id":"https:\/\/dicodusport.fr\/blog\/vtt-descente-nina-hoffmann-imperiale-a-la-thuile-les-bleues-larguees\/#primaryimage"},"thumbnailUrl":"https:\/\/dicodusport.fr\/blog\/wp-content\/uploads\/2025\/07\/VTT-Descente-Nina-Hoffmann-imperiale-a-La-Thuile-les-Bleues-larguees-1.png","keywords":["br\u00e8ve","VTT Descente"],"articleSection":["VTT"],"inLanguage":"fr-FR","potentialAction":[{"@type":"CommentAction","name":"Comment","target":["https:\/\/dicodusport.fr\/blog\/vtt-descente-nina-hoffmann-imperiale-a-la-thuile-les-bleues-larguees\/#respond"]}],"copyrightYear":"2025","copyrightHolder":{"@id":"https:\/\/dicodusport.fr\/blog\/#organization"}},{"@type":"WebPage","@id":"https:\/\/dicodusport.fr\/blog\/vtt-descente-nina-hoffmann-imperiale-a-la-thuile-les-bleues-larguees\/","url":"https:\/\/dicodusport.fr\/blog\/vtt-descente-nina-hoffmann-imperiale-a-la-thuile-les-bleues-larguees\/","name":"VTT Descente : Nina Hoffmann imp\u00e9riale \u00e0 La Thuile, les Bleues largu\u00e9es","isPartOf":{"@id":"https:\/\/dicodusport.fr\/blog\/#website"},"primaryImageOfPage":{"@id":"https:\/\/dicodusport.fr\/blog\/vtt-descente-nina-hoffmann-imperiale-a-la-thuile-les-bleues-larguees\/#primaryimage"},"image":{"@id":"https:\/\/dicodusport.fr\/blog\/vtt-descente-nina-hoffmann-imperiale-a-la-thuile-les-bleues-larguees\/#primaryimage"},"thumbnailUrl":"https:\/\/dicodusport.fr\/blog\/wp-content\/uploads\/2025\/07\/VTT-Descente-Nina-Hoffmann-imperiale-a-La-Thuile-les-Bleues-larguees-1.png","datePublished":"2025-07-06T11:57:58+00:00","dateModified":"2025-07-06T19:06:24+00:00","description":"COUPE DU MONDE DE VTT DESCENTE 2025 - Les Bleues n'ont pas trouv\u00e9 leur rythme \u00e0 La Thuile, dans une descente survol\u00e9e par Nina Hoffmann.","breadcrumb":{"@id":"https:\/\/dicodusport.fr\/blog\/vtt-descente-nina-hoffmann-imperiale-a-la-thuile-les-bleues-larguees\/#breadcrumb"},"inLanguage":"fr-FR","potentialAction":[{"@type":"ReadAction","target":["https:\/\/dicodusport.fr\/blog\/vtt-descente-nina-hoffmann-imperiale-a-la-thuile-les-bleues-larguees\/"]}]},{"@type":"ImageObject","inLanguage":"fr-FR","@id":"https:\/\/dicodusport.fr\/blog\/vtt-descente-nina-hoffmann-imperiale-a-la-thuile-les-bleues-larguees\/#primaryimage","url":"https:\/\/dicodusport.fr\/blog\/wp-content\/uploads\/2025\/07\/VTT-Descente-Nina-Hoffmann-imperiale-a-La-Thuile-les-Bleues-larguees-1.png","contentUrl":"https:\/\/dicodusport.fr\/blog\/wp-content\/uploads\/2025\/07\/VTT-Descente-Nina-Hoffmann-imperiale-a-La-Thuile-les-Bleues-larguees-1.png","width":1200,"height":674,"caption":"VTT Descente Nina Hoffmann imp\u00e9riale \u00e0 La Thuile, les Bleues largu\u00e9es"},{"@type":"BreadcrumbList","@id":"https:\/\/dicodusport.fr\/blog\/vtt-descente-nina-hoffmann-imperiale-a-la-thuile-les-bleues-larguees\/#breadcrumb","itemListElement":[{"@type":"ListItem","position":1,"name":"Accueil","item":"https:\/\/dicodusport.fr\/blog\/"},{"@type":"ListItem","position":2,"name":"VTT Descente : Nina Hoffmann imp\u00e9riale \u00e0 La Thuile, les Bleues largu\u00e9es"}]},{"@type":"WebSite","@id":"https:\/\/dicodusport.fr\/blog\/#website","url":"https:\/\/dicodusport.fr\/blog\/","name":"Dicodusport","description":"L&#039;encyclop\u00e9die de l&#039;actualit\u00e9 sportive","publisher":{"@id":"https:\/\/dicodusport.fr\/blog\/#organization"},"potentialAction":[{"@type":"SearchAction","target":{"@type":"EntryPoint","urlTemplate":"https:\/\/dicodusport.fr\/blog\/?s={search_term_string}"},"query-input":{"@type":"PropertyValueSpecification","valueRequired":true,"valueName":"search_term_string"}}],"inLanguage":"fr-FR"},{"@type":"NewsMediaOrganization","@id":"https:\/\/dicodusport.fr\/blog\/#organization","name":"Dicodusport","url":"https:\/\/dicodusport.fr\/blog\/","logo":{"@type":"ImageObject","inLanguage":"fr-FR","@id":"https:\/\/dicodusport.fr\/blog\/#\/schema\/logo\/image\/","url":"https:\/\/dicodusport.fr\/blog\/wp-content\/uploads\/2020\/06\/cropped-LOGO-DICODUSPORT-2020-SANS-FOND-SANS-TEXTE.png","contentUrl":"https:\/\/dicodusport.fr\/blog\/wp-content\/uploads\/2020\/06\/cropped-LOGO-DICODUSPORT-2020-SANS-FOND-SANS-TEXTE.png","width":512,"height":512,"caption":"Dicodusport"},"image":{"@id":"https:\/\/dicodusport.fr\/blog\/#\/schema\/logo\/image\/"},"sameAs":["https:\/\/www.facebook.com\/dicodusport","https:\/\/x.com\/dicodusport","https:\/\/www.instagram.com\/dicodusport\/","https:\/\/www.youtube.com\/channel\/UC7V2KZ5sd3htJivAbA4ZG3w"],"description":"Dicodusport est l'encyclop\u00e9die de l'actualit\u00e9 sportive.","email":"bonjour@dicodusport.fr","legalName":"DICODUSPORT","foundingDate":"2018-01-14","vatID":"FR71834470973","taxID":"83447097300043","numberOfEmployees":{"@type":"QuantitativeValue","minValue":"1","maxValue":"10"}},{"@type":"Person","@id":"https:\/\/dicodusport.fr\/blog\/#\/schema\/person\/627966a6cde45dbd8c5e36ac85d783da","name":"S\u00e9bastien Gente","image":{"@type":"ImageObject","inLanguage":"fr-FR","@id":"https:\/\/dicodusport.fr\/blog\/#\/schema\/person\/image\/","url":"https:\/\/dicodusport.fr\/blog\/wp-content\/uploads\/2021\/09\/1510990_10205810251400683_4124423575079401707_n-150x150.jpg","contentUrl":"https:\/\/dicodusport.fr\/blog\/wp-content\/uploads\/2021\/09\/1510990_10205810251400683_4124423575079401707_n-150x150.jpg","caption":"S\u00e9bastien Gente"},"description":"John Stockton, Gianni Bugno, Zinedine Zidane, Steffi Graf, Frode Andresen, St\u00e9phane Stoecklin, Davis Kamoga, Primoz Peterka, Werner Schlager et Aur\u00e9lien Rougerie. Point commun entre ces sportifs? Ils m'ont fait r\u00eaver et ont berc\u00e9 mon adolescence. Je suis un fondu de sports et j'essaie de retranscrire ma passion \u00e0 travers mes articles. Originaire du P\u00e9rigord, ma passion pour les Girondins, les Jaunards et les Jazzmen transpire dans mes \u00e9crits. \u00c0 Dicodusport depuis 2021, je d\u00e9niche les sports m\u00e9connus dans lesquels la France brille, et il y en a !","sameAs":["https:\/\/www.facebook.com\/sebastien.gente\/","https:\/\/www.instagram.com\/sebgente\/","https:\/\/www.linkedin.com\/in\/sbastien-gente-a29583169\/","https:\/\/x.com\/https:\/\/twitter.com\/globulo24","SebastienGente"],"worksFor":"S\u00e9bastien GENTE","url":"https:\/\/dicodusport.fr\/blog\/author\/sebastiengente\/"}]}},"_links":{"self":[{"href":"https:\/\/dicodusport.fr\/blog\/wp-json\/wp\/v2\/posts\/592974","targetHints":{"allow":["GET"]}}],"collection":[{"href":"https:\/\/dicodusport.fr\/blog\/wp-json\/wp\/v2\/posts"}],"about":[{"href":"https:\/\/dicodusport.fr\/blog\/wp-json\/wp\/v2\/types\/post"}],"author":[{"embeddable":true,"href":"https:\/\/dicodusport.fr\/blog\/wp-json\/wp\/v2\/users\/59"}],"replies":[{"embeddable":true,"href":"https:\/\/dicodusport.fr\/blog\/wp-json\/wp\/v2\/comments?post=592974"}],"version-history":[{"count":4,"href":"https:\/\/dicodusport.fr\/blog\/wp-json\/wp\/v2\/posts\/592974\/revisions"}],"predecessor-version":[{"id":593197,"href":"https:\/\/dicodusport.fr\/blog\/wp-json\/wp\/v2\/posts\/592974\/revisions\/593197"}],"wp:featuredmedia":[{"embeddable":true,"href":"https:\/\/dicodusport.fr\/blog\/wp-json\/wp\/v2\/media\/593196"}],"wp:attachment":[{"href":"https:\/\/dicodusport.fr\/blog\/wp-json\/wp\/v2\/media?parent=592974"}],"wp:term":[{"taxonomy":"category","embeddable":true,"href":"https:\/\/dicodusport.fr\/blog\/wp-json\/wp\/v2\/categories?post=592974"},{"taxonomy":"post_tag","embeddable":true,"href":"https:\/\/dicodusport.fr\/blog\/wp-json\/wp\/v2\/tags?post=592974"}],"curies":[{"name":"wp","href":"https:\/\/api.w.org\/{rel}","templated":true}]}}