{"id":592976,"date":"2025-07-06T14:32:56","date_gmt":"2025-07-06T12:32:56","guid":{"rendered":"https:\/\/dicodusport.fr\/blog\/?p=592976&#038;preview=true&#038;preview_id=592976"},"modified":"2025-07-06T14:32:54","modified_gmt":"2025-07-06T12:32:54","slug":"1ere-etape-tour-ditalie-feminin-2025-classement-et-resulats","status":"publish","type":"post","link":"https:\/\/dicodusport.fr\/blog\/1ere-etape-tour-ditalie-feminin-2025-classement-et-resulats\/","title":{"rendered":"1\u00e8re \u00e9tape Tour d&rsquo;Italie f\u00e9minin 2025 &#8211; Classement et r\u00e9sulats"},"content":{"rendered":"<p style=\"text-align: justify;\"><strong><em>Retrouvez le classement et les r\u00e9sultats de la 1\u00e8re \u00e9tape du Tour d&rsquo;Italie f\u00e9minin 2025, qui s&rsquo;est d\u00e9roul\u00e9e ce dimanche 6 juillet \u00e0 Bergame (CLM individuel, 14,2 km).<\/em><\/strong><\/p>\n<ul>\n<li style=\"text-align: justify;\"><strong>\u00c0 ce sujet &#8211; <a href=\"https:\/\/dicodusport.fr\/blog\/tour-ditalie-feminin-2025-classement-general\/\">Tour d&rsquo;Italie f\u00e9minin 2025 &#8211; Classement g\u00e9n\u00e9ral<\/a><\/strong><\/li>\n<\/ul>\n<p style=\"text-align: justify;\">Ce <strong>dimanche 6 juillet<\/strong>, le peloton f\u00e9minin du <strong>Tour d\u2019Italie<\/strong> s\u2019\u00e9lance depuis <strong>Bergame<\/strong> pour une premi\u00e8re \u00e9tape sous haute tension. Au programme : un <strong>contre-la-montre individuel de 14,2 km<\/strong> dans les rues de la cit\u00e9 lombarde, m\u00ealant portions rapides et passages techniques.<\/p>\n<h2 style=\"text-align: justify;\">Parcours et favorite de la 1\u00e8re \u00e9tape<\/h2>\n<p style=\"text-align: justify;\">Un trac\u00e9 urbain nerveux, ponctu\u00e9 de virages serr\u00e9s et d\u2019un l\u00e9ger faux-plat montant dans la <strong>Citt\u00e0 Alta<\/strong>, mettra les sp\u00e9cialistes du chrono \u00e0 l\u2019\u00e9preuve d\u00e8s le d\u00e9part. Ce format court, mais exigeant, pourrait d\u00e9j\u00e0 g\u00e9n\u00e9rer des \u00e9carts significatifs au classement g\u00e9n\u00e9ral.<\/p>\n<p style=\"text-align: justify;\">Parmi les grandes favorites \u00e0 la victoire d\u2019\u00e9tape et \u00e0 la premi\u00e8re maglia rosa, on retrouve la Suissesse <strong>Marlen Reusser<\/strong> (Movistar), redoutable rouleuse, mais aussi <strong>Elisa Longo Borghini<\/strong> (UAE Team ADQ), tenante du titre, ainsi que <strong>Lotte Kopecky<\/strong> ou encore <strong>Anna van der Breggen<\/strong> (SD-Worx), de retour sur une grande \u00e9preuve par \u00e9tapes.<\/p>\n<p style=\"text-align: justify;\">Cette ouverture offrira une premi\u00e8re hi\u00e9rarchie entre pr\u00e9tendantes au classement g\u00e9n\u00e9ral. La moindre h\u00e9sitation dans un virage ou un effort mal dos\u00e9 pourrait d\u00e9j\u00e0 co\u00fbter cher dans cette premi\u00e8re bataille pour le maillot rose.<\/p>\n<p style=\"text-align: justify;\">Arriv\u00e9e de la derni\u00e8re coureuse pr\u00e9vue sur les coups de 14h30. <strong>Retrouvez le classement et les r\u00e9sultats complets de la 1\u00e8re \u00e9tape du Tour d&rsquo;Italie<\/strong>.<\/p>\n<div class=\"vlp-link-container vlp-layout-article\"><a href=\"https:\/\/dicodusport.fr\/blog\/tour-ditalie-femmes-2025-marlen-reusser-en-favorite-sur-les-routes-italiennes\/\" class=\"vlp-link\" title=\"Tour d&#039;Italie femmes 2025 : Marlen Reusser en favorite sur les routes italiennes ?\"><\/a><div class=\"vlp-layout-zone-side\"><div class=\"vlp-block-4 vlp-link-image\"><img loading=\"lazy\" decoding=\"async\" style=\"max-width: 792px;\" width=\"792\" height=\"445\" src=\"https:\/\/dicodusport.fr\/blog\/wp-content\/uploads\/2025\/07\/Tour-dItalie-femmes-2025-Marlen-Reusser-en-favorite-sur-les-routes-italiennes.png\" class=\"attachment-800x445 size-800x445\" alt=\"Tour d&#039;Italie femmes 2025 Marlen Reusser en favorite sur les routes italiennes\" srcset=\"https:\/\/dicodusport.fr\/blog\/wp-content\/uploads\/2025\/07\/Tour-dItalie-femmes-2025-Marlen-Reusser-en-favorite-sur-les-routes-italiennes.png 1200w, https:\/\/dicodusport.fr\/blog\/wp-content\/uploads\/2025\/07\/Tour-dItalie-femmes-2025-Marlen-Reusser-en-favorite-sur-les-routes-italiennes-300x169.png 300w, https:\/\/dicodusport.fr\/blog\/wp-content\/uploads\/2025\/07\/Tour-dItalie-femmes-2025-Marlen-Reusser-en-favorite-sur-les-routes-italiennes-1024x575.png 1024w, https:\/\/dicodusport.fr\/blog\/wp-content\/uploads\/2025\/07\/Tour-dItalie-femmes-2025-Marlen-Reusser-en-favorite-sur-les-routes-italiennes-768x431.png 768w\" sizes=\"auto, (max-width: 792px) 100vw, 792px\" \/><\/div><\/div><div class=\"vlp-layout-zone-main\"><div class=\"vlp-block-0 vlp-link-title\">Tour d'Italie femmes 2025 : Marlen Reusser en favorite sur les routes italiennes ?<\/div><div class=\"vlp-block-1 vlp-link-summary\">TOUR D'ITALIE FEMMES 2025 - Impressionnante depuis deux mois, Marlen Reusser semble avoir la pancarte de favorite sur le dos. <\/div><div class=\"vlp-block-2 vlp-link-button\">Lire l'article<\/div><div class=\"vlp-block-3 vlp-link-url\">dicodusport.fr<\/div><\/div><\/div>\n<h2 style=\"text-align: justify;\">Classement 1\u00e8re \u00e9tape &#8211; Tour d&rsquo;Italie f\u00e9minin 2025<\/h2>\n<p style=\"text-align: justify;\"><span style=\"font-size: 14px;\"><strong><em>Classement officiel mis \u00e0 jour \u00e0 l&rsquo;issue de l&rsquo;\u00e9tape.<\/em><\/strong><\/span><\/p>\n<div class=\"su-table su-table-alternate\">\n<table style=\"width: 800px;border-collapse: collapse\" border=\"1\">\n<tbody>\n<tr style=\"height: 24px\">\n<td style=\"border-color: #ebebeb;height: 24px;text-align: center;width: 80px;vertical-align: middle\">\ud83c\udfc6<\/td>\n<td style=\"border-color: #ebebeb;height: 24px;text-align: center;width: 500px;vertical-align: middle\"><span style=\"font-size: 0.9em\"><strong>COUREURS<\/strong><\/span><\/td>\n<td style=\"border-color: #ebebeb;height: 24px;text-align: center;width: 220px;vertical-align: middle\"><span style=\"font-size: 0.9em\"><strong>TEMPS \/ \u00c9CART<\/strong><\/span><\/td>\n<\/tr>\n<tr style=\"height: 24px\">\n<td style=\"border-color: #ebebeb;height: 24px;text-align: center;width: 80px;vertical-align: middle\"><strong><span class=\"su-label su-label-type-warning\">1.<\/span><\/strong><\/td>\n<td style=\"border-color: #ebebeb;text-align: center;width: 500px;vertical-align: middle\"><span style=\"font-size: 0.9em\"><strong>\ud83c\udde8\ud83c\udded MARLEN REUSSER<\/strong><br \/>\n<span style=\"font-size: 0.8em\">MOVISTAR TEAM<\/span><\/span><\/td>\n<td style=\"border-color: #ebebeb;text-align: center;width: 220px;vertical-align: middle\"><strong><span style=\"font-size: 0.9em\">17m22s<\/span><\/strong><\/td>\n<\/tr>\n<tr>\n<td style=\"border-color: #ebebeb;text-align: center;width: 80px;vertical-align: middle\"><span style=\"font-size: 0.9em\">2.<\/span><\/td>\n<td style=\"border-color: #ebebeb;text-align: center;width: 500px;vertical-align: middle\"><span style=\"font-size: 0.9em\"><strong>\ud83c\udde7\ud83c\uddea LOTTE KOPECKY<\/strong><br \/>\n<span style=\"font-size: 0.8em\">TEAM SD WORX &#8211; PROTIME<\/span><\/span><\/td>\n<td style=\"border-color: #ebebeb;text-align: center;width: 220px;vertical-align: middle\"><strong><span style=\"font-size: 0.9em\">\u00e0 12s<\/span><\/strong><\/td>\n<\/tr>\n<tr>\n<td style=\"border-color: #ebebeb;text-align: center;width: 80px;vertical-align: middle\"><span style=\"font-size: 0.9em\">3.<\/span><\/td>\n<td style=\"border-color: #ebebeb;text-align: center;width: 500px;vertical-align: middle\"><span style=\"font-size: 0.9em\"><strong>\ud83c\uddee\ud83c\uddf9 ELISA LONGO BORGHINI<\/strong><br \/>\n<span style=\"font-size: 0.8em\">UAE TEAM ADQ<\/span><\/span><\/td>\n<td style=\"border-color: #ebebeb;text-align: center;width: 220px;vertical-align: middle\"><strong><span style=\"font-size: 0.9em\">\u00e0 16s<\/span><\/strong><\/td>\n<\/tr>\n<tr>\n<td style=\"border-color: #ebebeb;text-align: center;width: 80px;vertical-align: middle\"><span style=\"font-size: 0.9em\">4.<\/span><\/td>\n<td style=\"border-color: #ebebeb;text-align: center;width: 500px;vertical-align: middle\"><span style=\"font-size: 0.9em\"><strong>\ud83c\uddf3\ud83c\uddf1 ANNA VAN DER BREGGEN<\/strong><br \/>\n<span style=\"font-size: 0.8em\">TEAM SD WORX &#8211; PROTIME<\/span><\/span><\/td>\n<td style=\"border-color: #ebebeb;text-align: center;width: 220px;vertical-align: middle\"><strong><span style=\"font-size: 0.9em\">\u00e0 20s<\/span><\/strong><\/td>\n<\/tr>\n<tr>\n<td style=\"border-color: #ebebeb;text-align: center;width: 80px;vertical-align: middle\"><span style=\"font-size: 0.9em\">5.<\/span><\/td>\n<td style=\"border-color: #ebebeb;text-align: center;width: 500px;vertical-align: middle\"><span style=\"font-size: 0.9em\"><strong>\ud83c\uddf3\ud83c\uddf1 LIEKE NOOIJEN<\/strong><br \/>\n<span style=\"font-size: 0.8em\">TEAM VISMA | LEASE A BIKE<\/span><\/span><\/td>\n<td style=\"border-color: #ebebeb;text-align: center;width: 220px;vertical-align: middle\"><strong><span style=\"font-size: 0.9em\">\u00e0 24s<\/span><\/strong><\/td>\n<\/tr>\n<tr>\n<td style=\"border-color: #ebebeb;text-align: center;width: 80px;vertical-align: middle\"><span style=\"font-size: 0.9em\">6.<\/span><\/td>\n<td style=\"border-color: #ebebeb;text-align: center;width: 500px;vertical-align: middle\"><span style=\"font-size: 0.9em\"><strong>\ud83c\uddec\ud83c\udde7 ANNA HENDERSON<\/strong><br \/>\n<span style=\"font-size: 0.8em\">LIDL &#8211; TREK<\/span><\/span><\/td>\n<td style=\"border-color: #ebebeb;text-align: center;width: 220px;vertical-align: middle\"><strong><span style=\"font-size: 0.9em\">\u00e0 27s<\/span><\/strong><\/td>\n<\/tr>\n<tr>\n<td style=\"border-color: #ebebeb;text-align: center;width: 80px;vertical-align: middle\"><span style=\"font-size: 0.9em\">7.<\/span><\/td>\n<td style=\"border-color: #ebebeb;text-align: center;width: 500px;vertical-align: middle\"><span style=\"font-size: 0.9em\"><strong>\ud83c\udde6\ud83c\uddf9 CHRISTINA SCHWEINBERGER<\/strong><br \/>\n<span style=\"font-size: 0.8em\">FENIX-DECEUNINCK<\/span><\/span><\/td>\n<td style=\"border-color: #ebebeb;text-align: center;width: 220px;vertical-align: middle\"><strong><span style=\"font-size: 0.9em\">\u00e0 30s<\/span><\/strong><\/td>\n<\/tr>\n<tr>\n<td style=\"border-color: #ebebeb;text-align: center;width: 80px;vertical-align: middle\"><span style=\"font-size: 0.9em\">8.<\/span><\/td>\n<td style=\"border-color: #ebebeb;text-align: center;width: 500px;vertical-align: middle\"><span style=\"font-size: 0.9em\"><strong>\ud83c\uddee\ud83c\uddf9 ALESSIA VIGILIA<\/strong><br \/>\n<span style=\"font-size: 0.8em\">FDJ &#8211; SUEZ<\/span><\/span><\/td>\n<td style=\"border-color: #ebebeb;text-align: center;width: 220px;vertical-align: middle\"><strong><span style=\"font-size: 0.9em\">\u00e0 40s<\/span><\/strong><\/td>\n<\/tr>\n<tr>\n<td style=\"border-color: #ebebeb;text-align: center;width: 80px;vertical-align: middle\"><span style=\"font-size: 0.9em\">9.<\/span><\/td>\n<td style=\"border-color: #ebebeb;text-align: center;width: 500px;vertical-align: middle\"><span style=\"font-size: 0.9em\"><strong>\ud83c\uddee\ud83c\uddf9 MONICA TRINCA COLONEL<\/strong><br \/>\n<span style=\"font-size: 0.8em\">LIV ALULA JAYCO<\/span><\/span><\/td>\n<td style=\"border-color: #ebebeb;text-align: center;width: 220px;vertical-align: middle\"><strong><span style=\"font-size: 0.9em\">\u00e0 41s<\/span><\/strong><\/td>\n<\/tr>\n<tr style=\"height: 24px\">\n<td style=\"border-color: #ebebeb;height: 24px;text-align: center;width: 80px;vertical-align: middle\"><span style=\"font-size: 0.9em\">10.<\/span><\/td>\n<td style=\"border-color: #ebebeb;text-align: center;width: 500px;vertical-align: middle\"><span style=\"font-size: 0.9em\"><strong>\ud83c\uddf3\ud83c\uddf1 SHIRIN VAN ANROOIJ<\/strong><br \/>\n<span style=\"font-size: 0.8em\">LIDL &#8211; TREK<\/span><\/span><\/td>\n<td style=\"border-color: #ebebeb;text-align: center;width: 220px;vertical-align: middle\"><strong><span style=\"font-size: 0.9em\">\u00e0 41s<\/span><\/strong><\/td>\n<\/tr>\n<\/tbody>\n<\/table>\n<\/div>\n<h2 style=\"text-align: justify;\">\u00c0 lire aussi<\/h2>\n<ul>\n<li style=\"text-align: justify;\"><strong><a href=\"https:\/\/www.procyclingstats.com\/race\/giro-d-italia-women\/2025\/stage-1\/\">Le classement complet de la 1\u00e8re \u00e9tape<\/a>\u00a0<\/strong><strong><br \/>\n<\/strong><\/li>\n<\/ul>\n","protected":false},"excerpt":{"rendered":"<p>Retrouvez le classement et les r\u00e9sultats de la 1\u00e8re \u00e9tape du Tour d&rsquo;Italie f\u00e9minin 2025, qui s&rsquo;est d\u00e9roul\u00e9e ce dimanche 6 juillet \u00e0 Bergame (CLM individuel, 14,2 km).<\/p>\n","protected":false},"author":4,"featured_media":592985,"comment_status":"open","ping_status":"closed","sticky":false,"template":"","format":"standard","meta":{"_acf_changed":false,"_daextam_enable_autolinks":"1","footnotes":""},"categories":[47041],"tags":[16878,4722,32432,40347],"class_list":["post-592976","post","type-post","status-publish","format-standard","has-post-thumbnail","hentry","category-tour-d-italie","tag-breve","tag-tour-ditalie","tag-tour-ditalie-feminin","tag-tour-ditalie-femmes"],"acf":[],"yoast_head":"<!-- This site is optimized with the Yoast SEO Premium plugin v26.7 (Yoast SEO v26.7) - https:\/\/yoast.com\/wordpress\/plugins\/seo\/ -->\n<title>1\u00e8re \u00e9tape Tour d&#039;Italie f\u00e9minin 2025 - Classement et r\u00e9sulats<\/title>\n<meta name=\"description\" content=\"Retrouvez le classement et les r\u00e9sultats de la 1\u00e8re \u00e9tape du Tour d&#039;Italie f\u00e9minin 2025, qui s&#039;est d\u00e9roul\u00e9e ce dimanche 6 juillet \u00e0 Bergame (CLM individuel, 14,2 km).\" \/>\n<meta name=\"robots\" content=\"index, follow, max-snippet:-1, max-image-preview:large, max-video-preview:-1\" \/>\n<link rel=\"canonical\" href=\"https:\/\/dicodusport.fr\/blog\/1ere-etape-tour-ditalie-feminin-2025-classement-et-resulats\/\" \/>\n<meta property=\"og:locale\" content=\"fr_FR\" \/>\n<meta property=\"og:type\" content=\"article\" \/>\n<meta property=\"og:title\" content=\"1\u00e8re \u00e9tape Tour d&#039;Italie f\u00e9minin 2025 - Classement et r\u00e9sulats\" \/>\n<meta property=\"og:description\" content=\"Retrouvez le classement et les r\u00e9sultats de la 1\u00e8re \u00e9tape du Tour d&#039;Italie f\u00e9minin 2025, qui s&#039;est d\u00e9roul\u00e9e ce dimanche 6 juillet \u00e0 Bergame (CLM individuel, 14,2 km).\" \/>\n<meta property=\"og:url\" content=\"https:\/\/dicodusport.fr\/blog\/1ere-etape-tour-ditalie-feminin-2025-classement-et-resulats\/\" \/>\n<meta property=\"og:site_name\" content=\"Dicodusport\" \/>\n<meta property=\"article:publisher\" content=\"https:\/\/www.facebook.com\/dicodusport\" \/>\n<meta property=\"article:author\" content=\"https:\/\/www.facebook.com\/florent.ostermann\" \/>\n<meta property=\"article:published_time\" content=\"2025-07-06T12:32:56+00:00\" \/>\n<meta property=\"og:image\" content=\"https:\/\/dicodusport.fr\/blog\/wp-content\/uploads\/2025\/07\/1ere-etape-Tour-dItalie-feminin-2025-Classement-et-resulats.png\" \/>\n\t<meta property=\"og:image:width\" content=\"1200\" \/>\n\t<meta property=\"og:image:height\" content=\"674\" \/>\n\t<meta property=\"og:image:type\" content=\"image\/png\" \/>\n<meta name=\"author\" content=\"Flo Ostermann\" \/>\n<meta name=\"twitter:card\" content=\"summary_large_image\" \/>\n<meta name=\"twitter:title\" content=\"1\u00e8re \u00e9tape Tour d&#039;Italie f\u00e9minin 2025 - Classement et r\u00e9sulats\" \/>\n<meta name=\"twitter:creator\" content=\"@https:\/\/twitter.com\/FlOstermann\" \/>\n<meta name=\"twitter:site\" content=\"@dicodusport\" \/>\n<script type=\"application\/ld+json\" class=\"yoast-schema-graph\">{\"@context\":\"https:\/\/schema.org\",\"@graph\":[{\"@type\":\"NewsArticle\",\"@id\":\"https:\/\/dicodusport.fr\/blog\/1ere-etape-tour-ditalie-feminin-2025-classement-et-resulats\/#article\",\"isPartOf\":{\"@id\":\"https:\/\/dicodusport.fr\/blog\/1ere-etape-tour-ditalie-feminin-2025-classement-et-resulats\/\"},\"author\":{\"name\":\"Flo Ostermann\",\"@id\":\"https:\/\/dicodusport.fr\/blog\/#\/schema\/person\/cb02af4c173ce4a653b55e9baf388d4a\"},\"headline\":\"1\u00e8re \u00e9tape Tour d&rsquo;Italie f\u00e9minin 2025 &#8211; Classement et r\u00e9sulats\",\"datePublished\":\"2025-07-06T12:32:56+00:00\",\"mainEntityOfPage\":{\"@id\":\"https:\/\/dicodusport.fr\/blog\/1ere-etape-tour-ditalie-feminin-2025-classement-et-resulats\/\"},\"wordCount\":467,\"commentCount\":0,\"publisher\":{\"@id\":\"https:\/\/dicodusport.fr\/blog\/#organization\"},\"image\":{\"@id\":\"https:\/\/dicodusport.fr\/blog\/1ere-etape-tour-ditalie-feminin-2025-classement-et-resulats\/#primaryimage\"},\"thumbnailUrl\":\"https:\/\/dicodusport.fr\/blog\/wp-content\/uploads\/2025\/07\/1ere-etape-Tour-dItalie-feminin-2025-Classement-et-resulats.png\",\"keywords\":[\"br\u00e8ve\",\"Tour d'Italie\",\"Tour d'Italie F\u00e9minin\",\"Tour d'Italie Femmes\"],\"articleSection\":[\"Tour d'Italie\"],\"inLanguage\":\"fr-FR\",\"potentialAction\":[{\"@type\":\"CommentAction\",\"name\":\"Comment\",\"target\":[\"https:\/\/dicodusport.fr\/blog\/1ere-etape-tour-ditalie-feminin-2025-classement-et-resulats\/#respond\"]}],\"copyrightYear\":\"2025\",\"copyrightHolder\":{\"@id\":\"https:\/\/dicodusport.fr\/blog\/#organization\"}},{\"@type\":\"WebPage\",\"@id\":\"https:\/\/dicodusport.fr\/blog\/1ere-etape-tour-ditalie-feminin-2025-classement-et-resulats\/\",\"url\":\"https:\/\/dicodusport.fr\/blog\/1ere-etape-tour-ditalie-feminin-2025-classement-et-resulats\/\",\"name\":\"1\u00e8re \u00e9tape Tour d'Italie f\u00e9minin 2025 - Classement et r\u00e9sulats\",\"isPartOf\":{\"@id\":\"https:\/\/dicodusport.fr\/blog\/#website\"},\"primaryImageOfPage\":{\"@id\":\"https:\/\/dicodusport.fr\/blog\/1ere-etape-tour-ditalie-feminin-2025-classement-et-resulats\/#primaryimage\"},\"image\":{\"@id\":\"https:\/\/dicodusport.fr\/blog\/1ere-etape-tour-ditalie-feminin-2025-classement-et-resulats\/#primaryimage\"},\"thumbnailUrl\":\"https:\/\/dicodusport.fr\/blog\/wp-content\/uploads\/2025\/07\/1ere-etape-Tour-dItalie-feminin-2025-Classement-et-resulats.png\",\"datePublished\":\"2025-07-06T12:32:56+00:00\",\"description\":\"Retrouvez le classement et les r\u00e9sultats de la 1\u00e8re \u00e9tape du Tour d'Italie f\u00e9minin 2025, qui s'est d\u00e9roul\u00e9e ce dimanche 6 juillet \u00e0 Bergame (CLM individuel, 14,2 km).\",\"breadcrumb\":{\"@id\":\"https:\/\/dicodusport.fr\/blog\/1ere-etape-tour-ditalie-feminin-2025-classement-et-resulats\/#breadcrumb\"},\"inLanguage\":\"fr-FR\",\"potentialAction\":[{\"@type\":\"ReadAction\",\"target\":[\"https:\/\/dicodusport.fr\/blog\/1ere-etape-tour-ditalie-feminin-2025-classement-et-resulats\/\"]}]},{\"@type\":\"ImageObject\",\"inLanguage\":\"fr-FR\",\"@id\":\"https:\/\/dicodusport.fr\/blog\/1ere-etape-tour-ditalie-feminin-2025-classement-et-resulats\/#primaryimage\",\"url\":\"https:\/\/dicodusport.fr\/blog\/wp-content\/uploads\/2025\/07\/1ere-etape-Tour-dItalie-feminin-2025-Classement-et-resulats.png\",\"contentUrl\":\"https:\/\/dicodusport.fr\/blog\/wp-content\/uploads\/2025\/07\/1ere-etape-Tour-dItalie-feminin-2025-Classement-et-resulats.png\",\"width\":1200,\"height\":674,\"caption\":\"1\u00e8re \u00e9tape Tour d'Italie f\u00e9minin 2025 - Classement et r\u00e9sulats\"},{\"@type\":\"BreadcrumbList\",\"@id\":\"https:\/\/dicodusport.fr\/blog\/1ere-etape-tour-ditalie-feminin-2025-classement-et-resulats\/#breadcrumb\",\"itemListElement\":[{\"@type\":\"ListItem\",\"position\":1,\"name\":\"Accueil\",\"item\":\"https:\/\/dicodusport.fr\/blog\/\"},{\"@type\":\"ListItem\",\"position\":2,\"name\":\"1\u00e8re \u00e9tape Tour d&rsquo;Italie f\u00e9minin 2025 &#8211; Classement et r\u00e9sulats\"}]},{\"@type\":\"WebSite\",\"@id\":\"https:\/\/dicodusport.fr\/blog\/#website\",\"url\":\"https:\/\/dicodusport.fr\/blog\/\",\"name\":\"Dicodusport\",\"description\":\"L&#039;encyclop\u00e9die de l&#039;actualit\u00e9 sportive\",\"publisher\":{\"@id\":\"https:\/\/dicodusport.fr\/blog\/#organization\"},\"potentialAction\":[{\"@type\":\"SearchAction\",\"target\":{\"@type\":\"EntryPoint\",\"urlTemplate\":\"https:\/\/dicodusport.fr\/blog\/?s={search_term_string}\"},\"query-input\":{\"@type\":\"PropertyValueSpecification\",\"valueRequired\":true,\"valueName\":\"search_term_string\"}}],\"inLanguage\":\"fr-FR\"},{\"@type\":\"NewsMediaOrganization\",\"@id\":\"https:\/\/dicodusport.fr\/blog\/#organization\",\"name\":\"Dicodusport\",\"url\":\"https:\/\/dicodusport.fr\/blog\/\",\"logo\":{\"@type\":\"ImageObject\",\"inLanguage\":\"fr-FR\",\"@id\":\"https:\/\/dicodusport.fr\/blog\/#\/schema\/logo\/image\/\",\"url\":\"https:\/\/dicodusport.fr\/blog\/wp-content\/uploads\/2020\/06\/cropped-LOGO-DICODUSPORT-2020-SANS-FOND-SANS-TEXTE.png\",\"contentUrl\":\"https:\/\/dicodusport.fr\/blog\/wp-content\/uploads\/2020\/06\/cropped-LOGO-DICODUSPORT-2020-SANS-FOND-SANS-TEXTE.png\",\"width\":512,\"height\":512,\"caption\":\"Dicodusport\"},\"image\":{\"@id\":\"https:\/\/dicodusport.fr\/blog\/#\/schema\/logo\/image\/\"},\"sameAs\":[\"https:\/\/www.facebook.com\/dicodusport\",\"https:\/\/x.com\/dicodusport\",\"https:\/\/www.instagram.com\/dicodusport\/\",\"https:\/\/www.youtube.com\/channel\/UC7V2KZ5sd3htJivAbA4ZG3w\"],\"description\":\"Dicodusport est l'encyclop\u00e9die de l'actualit\u00e9 sportive.\",\"email\":\"bonjour@dicodusport.fr\",\"legalName\":\"DICODUSPORT\",\"foundingDate\":\"2018-01-14\",\"vatID\":\"FR71834470973\",\"taxID\":\"83447097300043\",\"numberOfEmployees\":{\"@type\":\"QuantitativeValue\",\"minValue\":\"1\",\"maxValue\":\"10\"}},{\"@type\":\"Person\",\"@id\":\"https:\/\/dicodusport.fr\/blog\/#\/schema\/person\/cb02af4c173ce4a653b55e9baf388d4a\",\"name\":\"Flo Ostermann\",\"image\":{\"@type\":\"ImageObject\",\"inLanguage\":\"fr-FR\",\"@id\":\"https:\/\/dicodusport.fr\/blog\/#\/schema\/person\/image\/\",\"url\":\"https:\/\/dicodusport.fr\/blog\/wp-content\/uploads\/2021\/05\/Flo-Ostermann-150x150.jpg\",\"contentUrl\":\"https:\/\/dicodusport.fr\/blog\/wp-content\/uploads\/2021\/05\/Flo-Ostermann-150x150.jpg\",\"caption\":\"Flo Ostermann\"},\"description\":\"Journaliste\/R\u00e9dacteur depuis septembre 2015 - Mes premiers souvenirs dans le sport ? Les envol\u00e9es du Stade Toulousain et les duels Villeneuve-Schumacher et H\u00e4kkinen-Schumacher \u00e0 la fin des ann\u00e9es 90, la Coupe du monde de football en 1998, l\u2019exploit du XV de France face aux All Blacks en 1999, mais aussi Richard C\u0153ur de Lion qui vole sur les montagnes du Tour de France. Bien parti pour devenir professeur d\u2019EPS, les \u00e9v\u00e9nements de la vie (et la flemme d\u2019animer des s\u00e9ances de 3x500 m\u00e8tres toute ma vie) m\u2019ont conduit \u00e0 revoir mes plans. Me voil\u00e0 depuis fin 2017 sur Dicodusport, m\u00e9dia gr\u00e2ce (et pour) lequel je partage ma passion : le sport dans tous ses \u00e9tats. Le tout accompagn\u00e9 par les fous furieux et folles furieuses cit\u00e9s sur cette page !\",\"sameAs\":[\"https:\/\/www.facebook.com\/florent.ostermann\",\"https:\/\/x.com\/https:\/\/twitter.com\/FlOstermann\",\"admin\"],\"url\":\"https:\/\/dicodusport.fr\/blog\/author\/flo\/\"}]}<\/script>\n<!-- \/ Yoast SEO Premium plugin. -->","yoast_head_json":{"title":"1\u00e8re \u00e9tape Tour d'Italie f\u00e9minin 2025 - Classement et r\u00e9sulats","description":"Retrouvez le classement et les r\u00e9sultats de la 1\u00e8re \u00e9tape du Tour d'Italie f\u00e9minin 2025, qui s'est d\u00e9roul\u00e9e ce dimanche 6 juillet \u00e0 Bergame (CLM individuel, 14,2 km).","robots":{"index":"index","follow":"follow","max-snippet":"max-snippet:-1","max-image-preview":"max-image-preview:large","max-video-preview":"max-video-preview:-1"},"canonical":"https:\/\/dicodusport.fr\/blog\/1ere-etape-tour-ditalie-feminin-2025-classement-et-resulats\/","og_locale":"fr_FR","og_type":"article","og_title":"1\u00e8re \u00e9tape Tour d'Italie f\u00e9minin 2025 - Classement et r\u00e9sulats","og_description":"Retrouvez le classement et les r\u00e9sultats de la 1\u00e8re \u00e9tape du Tour d'Italie f\u00e9minin 2025, qui s'est d\u00e9roul\u00e9e ce dimanche 6 juillet \u00e0 Bergame (CLM individuel, 14,2 km).","og_url":"https:\/\/dicodusport.fr\/blog\/1ere-etape-tour-ditalie-feminin-2025-classement-et-resulats\/","og_site_name":"Dicodusport","article_publisher":"https:\/\/www.facebook.com\/dicodusport","article_author":"https:\/\/www.facebook.com\/florent.ostermann","article_published_time":"2025-07-06T12:32:56+00:00","og_image":[{"width":1200,"height":674,"url":"https:\/\/dicodusport.fr\/blog\/wp-content\/uploads\/2025\/07\/1ere-etape-Tour-dItalie-feminin-2025-Classement-et-resulats.png","type":"image\/png"}],"author":"Flo Ostermann","twitter_card":"summary_large_image","twitter_title":"1\u00e8re \u00e9tape Tour d'Italie f\u00e9minin 2025 - Classement et r\u00e9sulats","twitter_creator":"@https:\/\/twitter.com\/FlOstermann","twitter_site":"@dicodusport","schema":{"@context":"https:\/\/schema.org","@graph":[{"@type":"NewsArticle","@id":"https:\/\/dicodusport.fr\/blog\/1ere-etape-tour-ditalie-feminin-2025-classement-et-resulats\/#article","isPartOf":{"@id":"https:\/\/dicodusport.fr\/blog\/1ere-etape-tour-ditalie-feminin-2025-classement-et-resulats\/"},"author":{"name":"Flo Ostermann","@id":"https:\/\/dicodusport.fr\/blog\/#\/schema\/person\/cb02af4c173ce4a653b55e9baf388d4a"},"headline":"1\u00e8re \u00e9tape Tour d&rsquo;Italie f\u00e9minin 2025 &#8211; Classement et r\u00e9sulats","datePublished":"2025-07-06T12:32:56+00:00","mainEntityOfPage":{"@id":"https:\/\/dicodusport.fr\/blog\/1ere-etape-tour-ditalie-feminin-2025-classement-et-resulats\/"},"wordCount":467,"commentCount":0,"publisher":{"@id":"https:\/\/dicodusport.fr\/blog\/#organization"},"image":{"@id":"https:\/\/dicodusport.fr\/blog\/1ere-etape-tour-ditalie-feminin-2025-classement-et-resulats\/#primaryimage"},"thumbnailUrl":"https:\/\/dicodusport.fr\/blog\/wp-content\/uploads\/2025\/07\/1ere-etape-Tour-dItalie-feminin-2025-Classement-et-resulats.png","keywords":["br\u00e8ve","Tour d'Italie","Tour d'Italie F\u00e9minin","Tour d'Italie Femmes"],"articleSection":["Tour d'Italie"],"inLanguage":"fr-FR","potentialAction":[{"@type":"CommentAction","name":"Comment","target":["https:\/\/dicodusport.fr\/blog\/1ere-etape-tour-ditalie-feminin-2025-classement-et-resulats\/#respond"]}],"copyrightYear":"2025","copyrightHolder":{"@id":"https:\/\/dicodusport.fr\/blog\/#organization"}},{"@type":"WebPage","@id":"https:\/\/dicodusport.fr\/blog\/1ere-etape-tour-ditalie-feminin-2025-classement-et-resulats\/","url":"https:\/\/dicodusport.fr\/blog\/1ere-etape-tour-ditalie-feminin-2025-classement-et-resulats\/","name":"1\u00e8re \u00e9tape Tour d'Italie f\u00e9minin 2025 - Classement et r\u00e9sulats","isPartOf":{"@id":"https:\/\/dicodusport.fr\/blog\/#website"},"primaryImageOfPage":{"@id":"https:\/\/dicodusport.fr\/blog\/1ere-etape-tour-ditalie-feminin-2025-classement-et-resulats\/#primaryimage"},"image":{"@id":"https:\/\/dicodusport.fr\/blog\/1ere-etape-tour-ditalie-feminin-2025-classement-et-resulats\/#primaryimage"},"thumbnailUrl":"https:\/\/dicodusport.fr\/blog\/wp-content\/uploads\/2025\/07\/1ere-etape-Tour-dItalie-feminin-2025-Classement-et-resulats.png","datePublished":"2025-07-06T12:32:56+00:00","description":"Retrouvez le classement et les r\u00e9sultats de la 1\u00e8re \u00e9tape du Tour d'Italie f\u00e9minin 2025, qui s'est d\u00e9roul\u00e9e ce dimanche 6 juillet \u00e0 Bergame (CLM individuel, 14,2 km).","breadcrumb":{"@id":"https:\/\/dicodusport.fr\/blog\/1ere-etape-tour-ditalie-feminin-2025-classement-et-resulats\/#breadcrumb"},"inLanguage":"fr-FR","potentialAction":[{"@type":"ReadAction","target":["https:\/\/dicodusport.fr\/blog\/1ere-etape-tour-ditalie-feminin-2025-classement-et-resulats\/"]}]},{"@type":"ImageObject","inLanguage":"fr-FR","@id":"https:\/\/dicodusport.fr\/blog\/1ere-etape-tour-ditalie-feminin-2025-classement-et-resulats\/#primaryimage","url":"https:\/\/dicodusport.fr\/blog\/wp-content\/uploads\/2025\/07\/1ere-etape-Tour-dItalie-feminin-2025-Classement-et-resulats.png","contentUrl":"https:\/\/dicodusport.fr\/blog\/wp-content\/uploads\/2025\/07\/1ere-etape-Tour-dItalie-feminin-2025-Classement-et-resulats.png","width":1200,"height":674,"caption":"1\u00e8re \u00e9tape Tour d'Italie f\u00e9minin 2025 - Classement et r\u00e9sulats"},{"@type":"BreadcrumbList","@id":"https:\/\/dicodusport.fr\/blog\/1ere-etape-tour-ditalie-feminin-2025-classement-et-resulats\/#breadcrumb","itemListElement":[{"@type":"ListItem","position":1,"name":"Accueil","item":"https:\/\/dicodusport.fr\/blog\/"},{"@type":"ListItem","position":2,"name":"1\u00e8re \u00e9tape Tour d&rsquo;Italie f\u00e9minin 2025 &#8211; Classement et r\u00e9sulats"}]},{"@type":"WebSite","@id":"https:\/\/dicodusport.fr\/blog\/#website","url":"https:\/\/dicodusport.fr\/blog\/","name":"Dicodusport","description":"L&#039;encyclop\u00e9die de l&#039;actualit\u00e9 sportive","publisher":{"@id":"https:\/\/dicodusport.fr\/blog\/#organization"},"potentialAction":[{"@type":"SearchAction","target":{"@type":"EntryPoint","urlTemplate":"https:\/\/dicodusport.fr\/blog\/?s={search_term_string}"},"query-input":{"@type":"PropertyValueSpecification","valueRequired":true,"valueName":"search_term_string"}}],"inLanguage":"fr-FR"},{"@type":"NewsMediaOrganization","@id":"https:\/\/dicodusport.fr\/blog\/#organization","name":"Dicodusport","url":"https:\/\/dicodusport.fr\/blog\/","logo":{"@type":"ImageObject","inLanguage":"fr-FR","@id":"https:\/\/dicodusport.fr\/blog\/#\/schema\/logo\/image\/","url":"https:\/\/dicodusport.fr\/blog\/wp-content\/uploads\/2020\/06\/cropped-LOGO-DICODUSPORT-2020-SANS-FOND-SANS-TEXTE.png","contentUrl":"https:\/\/dicodusport.fr\/blog\/wp-content\/uploads\/2020\/06\/cropped-LOGO-DICODUSPORT-2020-SANS-FOND-SANS-TEXTE.png","width":512,"height":512,"caption":"Dicodusport"},"image":{"@id":"https:\/\/dicodusport.fr\/blog\/#\/schema\/logo\/image\/"},"sameAs":["https:\/\/www.facebook.com\/dicodusport","https:\/\/x.com\/dicodusport","https:\/\/www.instagram.com\/dicodusport\/","https:\/\/www.youtube.com\/channel\/UC7V2KZ5sd3htJivAbA4ZG3w"],"description":"Dicodusport est l'encyclop\u00e9die de l'actualit\u00e9 sportive.","email":"bonjour@dicodusport.fr","legalName":"DICODUSPORT","foundingDate":"2018-01-14","vatID":"FR71834470973","taxID":"83447097300043","numberOfEmployees":{"@type":"QuantitativeValue","minValue":"1","maxValue":"10"}},{"@type":"Person","@id":"https:\/\/dicodusport.fr\/blog\/#\/schema\/person\/cb02af4c173ce4a653b55e9baf388d4a","name":"Flo Ostermann","image":{"@type":"ImageObject","inLanguage":"fr-FR","@id":"https:\/\/dicodusport.fr\/blog\/#\/schema\/person\/image\/","url":"https:\/\/dicodusport.fr\/blog\/wp-content\/uploads\/2021\/05\/Flo-Ostermann-150x150.jpg","contentUrl":"https:\/\/dicodusport.fr\/blog\/wp-content\/uploads\/2021\/05\/Flo-Ostermann-150x150.jpg","caption":"Flo Ostermann"},"description":"Journaliste\/R\u00e9dacteur depuis septembre 2015 - Mes premiers souvenirs dans le sport ? Les envol\u00e9es du Stade Toulousain et les duels Villeneuve-Schumacher et H\u00e4kkinen-Schumacher \u00e0 la fin des ann\u00e9es 90, la Coupe du monde de football en 1998, l\u2019exploit du XV de France face aux All Blacks en 1999, mais aussi Richard C\u0153ur de Lion qui vole sur les montagnes du Tour de France. Bien parti pour devenir professeur d\u2019EPS, les \u00e9v\u00e9nements de la vie (et la flemme d\u2019animer des s\u00e9ances de 3x500 m\u00e8tres toute ma vie) m\u2019ont conduit \u00e0 revoir mes plans. Me voil\u00e0 depuis fin 2017 sur Dicodusport, m\u00e9dia gr\u00e2ce (et pour) lequel je partage ma passion : le sport dans tous ses \u00e9tats. Le tout accompagn\u00e9 par les fous furieux et folles furieuses cit\u00e9s sur cette page !","sameAs":["https:\/\/www.facebook.com\/florent.ostermann","https:\/\/x.com\/https:\/\/twitter.com\/FlOstermann","admin"],"url":"https:\/\/dicodusport.fr\/blog\/author\/flo\/"}]}},"_links":{"self":[{"href":"https:\/\/dicodusport.fr\/blog\/wp-json\/wp\/v2\/posts\/592976","targetHints":{"allow":["GET"]}}],"collection":[{"href":"https:\/\/dicodusport.fr\/blog\/wp-json\/wp\/v2\/posts"}],"about":[{"href":"https:\/\/dicodusport.fr\/blog\/wp-json\/wp\/v2\/types\/post"}],"author":[{"embeddable":true,"href":"https:\/\/dicodusport.fr\/blog\/wp-json\/wp\/v2\/users\/4"}],"replies":[{"embeddable":true,"href":"https:\/\/dicodusport.fr\/blog\/wp-json\/wp\/v2\/comments?post=592976"}],"version-history":[{"count":5,"href":"https:\/\/dicodusport.fr\/blog\/wp-json\/wp\/v2\/posts\/592976\/revisions"}],"predecessor-version":[{"id":593029,"href":"https:\/\/dicodusport.fr\/blog\/wp-json\/wp\/v2\/posts\/592976\/revisions\/593029"}],"wp:featuredmedia":[{"embeddable":true,"href":"https:\/\/dicodusport.fr\/blog\/wp-json\/wp\/v2\/media\/592985"}],"wp:attachment":[{"href":"https:\/\/dicodusport.fr\/blog\/wp-json\/wp\/v2\/media?parent=592976"}],"wp:term":[{"taxonomy":"category","embeddable":true,"href":"https:\/\/dicodusport.fr\/blog\/wp-json\/wp\/v2\/categories?post=592976"},{"taxonomy":"post_tag","embeddable":true,"href":"https:\/\/dicodusport.fr\/blog\/wp-json\/wp\/v2\/tags?post=592976"}],"curies":[{"name":"wp","href":"https:\/\/api.w.org\/{rel}","templated":true}]}}