{"id":592999,"date":"2025-07-06T22:07:41","date_gmt":"2025-07-06T20:07:41","guid":{"rendered":"https:\/\/dicodusport.fr\/blog\/?p=592999&#038;preview=true&#038;preview_id=592999"},"modified":"2025-07-06T22:07:41","modified_gmt":"2025-07-06T20:07:41","slug":"wimbledon-2025-carlos-alcaraz-aryna-sabalenka-taylor-fritz-le-resume-du-dimanche-6-juillet","status":"publish","type":"post","link":"https:\/\/dicodusport.fr\/blog\/wimbledon-2025-carlos-alcaraz-aryna-sabalenka-taylor-fritz-le-resume-du-dimanche-6-juillet\/","title":{"rendered":"Wimbledon 2025 : Carlos Alcaraz, Aryna Sabalenka, Taylor Fritz, le r\u00e9sum\u00e9 du dimanche 6 juillet"},"content":{"rendered":"<p style=\"text-align: justify;\"><strong><em>WIMBLEDON 2025 &#8211; Du marathon entre Norrie et Jarry \u00e0 l\u2019\u00e9pop\u00e9e inattendue de Siegemund, retour sur une journ\u00e9e une nouvelle fois riche \u00e0 Wimbledon.<\/em><\/strong><\/p>\n<p style=\"text-align: justify;\">Fin de la premi\u00e8re semaine \u00e0 <strong>Wimbledon<\/strong>, place aux premiers huiti\u00e8mes de finale. Ce dimanche, les choses s\u00e9rieuses commencent sur le gazon londonien. Les t\u00eates d\u2019affiche \u00e9taient au rendez-vous : <strong>Aryna Sabalenka<\/strong>, <strong>Carlos Alcaraz<\/strong>\u2026 Les favoris entrent dans le vif du sujet et la tension monte sur les courts du All England Club.<\/p>\n<h2>Norrie au forceps, Alcaraz bouscul\u00e9 mais qualifi\u00e9<\/h2>\n<p style=\"text-align: justify;\">Malmen\u00e9 en d\u00e9but de rencontre par un <strong data-start=\"210\" data-end=\"227\">Andrey Rublev<\/strong> agressif (men\u00e9 4-1 dans le premier set), <strong>Carlos Alcaraz<\/strong> a r\u00e9ussi \u00e0 recoller pour pousser la manche au tie-break, qu&rsquo;il finira par perdre. Mais comme tr\u00e8s souvent, <strong>Alcaraz<\/strong> a su hausser son niveau au bon moment. En retrouvant son rythme, sa vari\u00e9t\u00e9 et cette explosivit\u00e9 qui le rendent si difficile \u00e0 man\u0153uvrer, il a progressivement pris le dessus. Le n\u00b02 mondial s\u2019impose finalement en quatre sets, laissant <strong>Rublev<\/strong> impuissant face \u00e0 la mont\u00e9e en puissance du tenant du titre.<\/p>\n<blockquote class=\"twitter-tweet\">\n<p dir=\"ltr\" lang=\"en\">Carlos Alcaraz advances to the quarter-finals for the third year in a row \ud83e\udee1<\/p>\n<p>He defeats Andrey Rublev 6-7(5), 6-3, 6-4, 6-4. <a href=\"https:\/\/twitter.com\/hashtag\/Wimbledon?src=hash&amp;ref_src=twsrc%5Etfw\">#Wimbledon<\/a> <a href=\"https:\/\/t.co\/O3llbLwy7d\">pic.twitter.com\/O3llbLwy7d<\/a><\/p>\n<p>\u2014 Wimbledon (@Wimbledon) <a href=\"https:\/\/twitter.com\/Wimbledon\/status\/1941949246824931754?ref_src=twsrc%5Etfw\">July 6, 2025<\/a><\/p><\/blockquote>\n<p><script async src=\"https:\/\/platform.twitter.com\/widgets.js\" charset=\"utf-8\"><\/script><\/p>\n<p style=\"text-align: justify;\" data-start=\"157\" data-end=\"566\">En difficult\u00e9 depuis le d\u00e9but de la saison, <strong data-start=\"201\" data-end=\"220\">Karen Khachanov<\/strong> tient enfin son tournoi r\u00e9f\u00e9rence en 2025. Le Russe poursuit sa mont\u00e9e en puissance et se qualifie pour les quarts de finale en \u00e9cartant <strong data-start=\"358\" data-end=\"377\">Kamil Majchrzak<\/strong> en trois sets. Le Polonais, pourtant solide au service sur ses pr\u00e9c\u00e9dents tours, n\u2019a pas r\u00e9ussi \u00e0 retrouver cette efficacit\u00e9 face \u00e0 un <strong>Khachanov<\/strong> tr\u00e8s solide du fond du court, tout en variant beaucoup son jeu. Il retrouvera <strong data-start=\"598\" data-end=\"614\">Taylor Fritz<\/strong> au prochain tour. L\u2019Am\u00e9ricain n\u2019a pas eu \u00e0 forcer son talent, il s\u2019est qualifi\u00e9 apr\u00e8s l\u2019abandon de son compatriote <strong data-start=\"731\" data-end=\"750\">Jordan Thompson<\/strong>, contraint de quitter le court en d\u00e9but de deuxi\u00e8me set.<\/p>\n<ul>\n<li><strong>\u00c0 lire aussi \u2013\u00a0<a href=\"https:\/\/dicodusport.fr\/blog\/wimbledon-2025-le-tableau-de-simple-hommes\/\">Wimbledon 2025 : Le tableau de simple hommes<\/a><\/strong><\/li>\n<\/ul>\n<p style=\"text-align: justify;\" data-start=\"157\" data-end=\"566\">Le Britannique <strong data-start=\"159\" data-end=\"177\">Cameron Norrie<\/strong> a livr\u00e9 un match marathon face au Chilien <strong data-start=\"224\" data-end=\"241\">Nicol\u00e1s Jarry<\/strong>. Apr\u00e8s un d\u00e9part id\u00e9al et deux premiers sets remport\u00e9s, <strong>Norrie<\/strong> a vu son adversaire revenir dans la partie en prenant les deux sets suivants au tie-break. Dos au mur, pouss\u00e9 par un public londonien, le joueur local a su puiser dans ses r\u00e9serves pour faire la diff\u00e9rence dans l\u2019ultime manche. Il s\u2019impose finalement <strong data-start=\"584\" data-end=\"613\">6-3 <\/strong>dans le cinqui\u00e8me set, apr\u00e8s un combat de 4h30, et sans avoir \u00e9t\u00e9 break\u00e9 de toute la rencontre.<\/p>\n<blockquote class=\"twitter-tweet\">\n<p dir=\"ltr\" lang=\"en\">WHAT A WAY TO FINISH IT OFF! \ud83e\udd29<\/p>\n<p>Cameron Norrie is into the quarter-finals of <a href=\"https:\/\/twitter.com\/hashtag\/Wimbledon?src=hash&amp;ref_src=twsrc%5Etfw\">#Wimbledon<\/a> after being forced to a decider by Nicolas Jarry, but he gets it done by winning 6-3, 7-6(4), 6-7(7), 6-7(5), 6-3 \ud83c\uddec\ud83c\udde7<\/p>\n<p>Just look at what it means \ud83d\ude01 <a href=\"https:\/\/t.co\/CdXTPOEAG3\">pic.twitter.com\/CdXTPOEAG3<\/a><\/p>\n<p>\u2014 Wimbledon (@Wimbledon) <a href=\"https:\/\/twitter.com\/Wimbledon\/status\/1941922662877392991?ref_src=twsrc%5Etfw\">July 6, 2025<\/a><\/p><\/blockquote>\n<p><script async src=\"https:\/\/platform.twitter.com\/widgets.js\" charset=\"utf-8\"><\/script><\/p>\n<h2 data-start=\"157\" data-end=\"566\">La logique pour Sabalenka, la magie pour Siegemund<\/h2>\n<p style=\"text-align: justify;\" data-start=\"155\" data-end=\"722\">Une situation peu courante se pr\u00e9sentait ce dimanche, voir une joueuse class\u00e9e au-del\u00e0 de la 100\u00e8me place mondiale atteindre, pour la premi\u00e8re fois, un quart de finale en Grand Chelem. \u00c0 21 ans, l\u2019Argentine <strong data-start=\"355\" data-end=\"372\">Solana Sierra<\/strong> (101\u00e8me) affrontait l\u2019Allemande <strong data-start=\"403\" data-end=\"422\">Laura Siegemund<\/strong> (104\u00e8me), v\u00e9t\u00e9rane de 37 ans. Et c\u2019est bien l\u2019exp\u00e9rience qui a parl\u00e9 : <strong data-start=\"492\" data-end=\"523\">Siegemund <\/strong>s\u2019impose 6-3, 6-2, confirmant sa superbe performance du tour pr\u00e9c\u00e9dent face \u00e0 <strong>Madison Keys<\/strong>. Avec son jeu tout en variations et sa science du court, l\u2019Allemande est la surprise de la quinzaine.<\/p>\n<blockquote class=\"twitter-tweet\">\n<p dir=\"ltr\" lang=\"en\">Siegemund does it in straight sets \ud83d\udc4a<\/p>\n<p>Laura Siegemund defeats Solana Sierra 6-3, 6-2 to advance to her first ever <a href=\"https:\/\/twitter.com\/hashtag\/Wimbledon?src=hash&amp;ref_src=twsrc%5Etfw\">#Wimbledon<\/a> quarter-finals \ud83d\udc4f <a href=\"https:\/\/t.co\/76WpBuTpyU\">pic.twitter.com\/76WpBuTpyU<\/a><\/p>\n<p>\u2014 Wimbledon (@Wimbledon) <a href=\"https:\/\/twitter.com\/Wimbledon\/status\/1941889057232982438?ref_src=twsrc%5Etfw\">July 6, 2025<\/a><\/p><\/blockquote>\n<p><script async src=\"https:\/\/platform.twitter.com\/widgets.js\" charset=\"utf-8\"><\/script><\/p>\n<p style=\"text-align: justify;\" data-start=\"155\" data-end=\"722\">Mais la t\u00e2che s\u2019annonce immense en quart de finale, puisqu&rsquo;elle affrontera la n\u00b01 mondiale <strong data-start=\"814\" data-end=\"833\">Aryna Sabalenka<\/strong>, qui a d\u00fb s\u2019employer pour venir \u00e0 bout d\u2019<strong data-start=\"875\" data-end=\"892\">Elise Mertens<\/strong>. C\u00f4t\u00e9 russe, apr\u00e8s <strong>Karen Khachanov<\/strong>, une autre repr\u00e9sentante Russe brille \u00e0 Londres, c&rsquo;est <strong data-start=\"973\" data-end=\"1001\">Anastasia Pavlyuchenkova<\/strong> qui rejoint \u00e9galement les quarts. Elle s\u2019est impos\u00e9e en deux sets face \u00e0 la Britannique <strong data-start=\"1086\" data-end=\"1102\">Sonay Kartal<\/strong>, port\u00e9e jusqu\u2019ici par le public, mais d\u00e9pass\u00e9e dans les \u00e9changes face \u00e0 la puissance de la Russe.<\/p>\n<ul style=\"text-align: justify;\">\n<li><strong>\u00c0 lire aussi \u2013\u00a0<a href=\"https:\/\/dicodusport.fr\/blog\/wimbledon-2025-le-tableau-de-simple-dames\/\">Wimbledon 2025 : le tableau de simple dames<\/a><\/strong><\/li>\n<\/ul>\n<p style=\"text-align: justify;\">\n","protected":false},"excerpt":{"rendered":"<p>WIMBLEDON 2025 &#8211; Du marathon entre Norrie et Jarry \u00e0 l\u2019\u00e9pop\u00e9e inattendue de Siegemund, retour sur une journ\u00e9e une nouvelle fois riche \u00e0 Wimbledon.<\/p>\n","protected":false},"author":111,"featured_media":593211,"comment_status":"open","ping_status":"closed","sticky":false,"template":"","format":"standard","meta":{"_acf_changed":false,"_daextam_enable_autolinks":"1","footnotes":""},"categories":[47092],"tags":[16878,2512],"class_list":["post-592999","post","type-post","status-publish","format-standard","has-post-thumbnail","hentry","category-wimbledon","tag-breve","tag-wimbledon"],"acf":[],"yoast_head":"<!-- This site is optimized with the Yoast SEO Premium plugin v26.7 (Yoast SEO v26.7) - https:\/\/yoast.com\/wordpress\/plugins\/seo\/ -->\n<title>Wimbledon 2025 : Carlos Alcaraz, Aryna Sabalenka, Taylor Fritz, le r\u00e9sum\u00e9 du dimanche 6 juillet<\/title>\n<meta name=\"description\" content=\"WIMBLEDON 2025 - Du marathon entre Norrie et Jarry \u00e0 l\u2019\u00e9pop\u00e9e inattendue de Siegemund, retour sur une journ\u00e9e une nouvelle fois riche \u00e0 Wimbledon.\" \/>\n<meta name=\"robots\" content=\"index, follow, max-snippet:-1, max-image-preview:large, max-video-preview:-1\" \/>\n<link rel=\"canonical\" href=\"https:\/\/dicodusport.fr\/blog\/wimbledon-2025-carlos-alcaraz-aryna-sabalenka-taylor-fritz-le-resume-du-dimanche-6-juillet\/\" \/>\n<meta property=\"og:locale\" content=\"fr_FR\" \/>\n<meta property=\"og:type\" content=\"article\" \/>\n<meta property=\"og:title\" content=\"Wimbledon 2025 : Carlos Alcaraz, Aryna Sabalenka, Taylor Fritz, le r\u00e9sum\u00e9 du dimanche 6 juillet\" \/>\n<meta property=\"og:description\" content=\"WIMBLEDON 2025 - Du marathon entre Norrie et Jarry \u00e0 l\u2019\u00e9pop\u00e9e inattendue de Siegemund, retour sur une journ\u00e9e une nouvelle fois riche \u00e0 Wimbledon.\" \/>\n<meta property=\"og:url\" content=\"https:\/\/dicodusport.fr\/blog\/wimbledon-2025-carlos-alcaraz-aryna-sabalenka-taylor-fritz-le-resume-du-dimanche-6-juillet\/\" \/>\n<meta property=\"og:site_name\" content=\"Dicodusport\" \/>\n<meta property=\"article:publisher\" content=\"https:\/\/www.facebook.com\/dicodusport\" \/>\n<meta property=\"article:published_time\" content=\"2025-07-06T20:07:41+00:00\" \/>\n<meta property=\"og:image\" content=\"https:\/\/dicodusport.fr\/blog\/wp-content\/uploads\/2025\/07\/Wimbledon-2025-Carlos-Alcaraz-Aryna-Sabalenka-Taylor-Fritz-le-resume-du-dimanche-6-juillet.png\" \/>\n\t<meta property=\"og:image:width\" content=\"1200\" \/>\n\t<meta property=\"og:image:height\" content=\"674\" \/>\n\t<meta property=\"og:image:type\" content=\"image\/png\" \/>\n<meta name=\"author\" content=\"L\u00e9o Derambure\" \/>\n<meta name=\"twitter:card\" content=\"summary_large_image\" \/>\n<meta name=\"twitter:title\" content=\"Wimbledon 2025 : Carlos Alcaraz, Aryna Sabalenka, Taylor Fritz, le r\u00e9sum\u00e9 du dimanche 6 juillet\" \/>\n<meta name=\"twitter:creator\" content=\"@dicodusport\" \/>\n<meta name=\"twitter:site\" content=\"@dicodusport\" \/>\n<script type=\"application\/ld+json\" class=\"yoast-schema-graph\">{\"@context\":\"https:\/\/schema.org\",\"@graph\":[{\"@type\":\"NewsArticle\",\"@id\":\"https:\/\/dicodusport.fr\/blog\/wimbledon-2025-carlos-alcaraz-aryna-sabalenka-taylor-fritz-le-resume-du-dimanche-6-juillet\/#article\",\"isPartOf\":{\"@id\":\"https:\/\/dicodusport.fr\/blog\/wimbledon-2025-carlos-alcaraz-aryna-sabalenka-taylor-fritz-le-resume-du-dimanche-6-juillet\/\"},\"author\":{\"name\":\"L\u00e9o Derambure\",\"@id\":\"https:\/\/dicodusport.fr\/blog\/#\/schema\/person\/93f03e222ed8da203c940d17ef257295\"},\"headline\":\"Wimbledon 2025 : Carlos Alcaraz, Aryna Sabalenka, Taylor Fritz, le r\u00e9sum\u00e9 du dimanche 6 juillet\",\"datePublished\":\"2025-07-06T20:07:41+00:00\",\"mainEntityOfPage\":{\"@id\":\"https:\/\/dicodusport.fr\/blog\/wimbledon-2025-carlos-alcaraz-aryna-sabalenka-taylor-fritz-le-resume-du-dimanche-6-juillet\/\"},\"wordCount\":724,\"commentCount\":0,\"publisher\":{\"@id\":\"https:\/\/dicodusport.fr\/blog\/#organization\"},\"image\":{\"@id\":\"https:\/\/dicodusport.fr\/blog\/wimbledon-2025-carlos-alcaraz-aryna-sabalenka-taylor-fritz-le-resume-du-dimanche-6-juillet\/#primaryimage\"},\"thumbnailUrl\":\"https:\/\/dicodusport.fr\/blog\/wp-content\/uploads\/2025\/07\/Wimbledon-2025-Carlos-Alcaraz-Aryna-Sabalenka-Taylor-Fritz-le-resume-du-dimanche-6-juillet.png\",\"keywords\":[\"br\u00e8ve\",\"wimbledon\"],\"articleSection\":[\"Wimbledon\"],\"inLanguage\":\"fr-FR\",\"potentialAction\":[{\"@type\":\"CommentAction\",\"name\":\"Comment\",\"target\":[\"https:\/\/dicodusport.fr\/blog\/wimbledon-2025-carlos-alcaraz-aryna-sabalenka-taylor-fritz-le-resume-du-dimanche-6-juillet\/#respond\"]}],\"copyrightYear\":\"2025\",\"copyrightHolder\":{\"@id\":\"https:\/\/dicodusport.fr\/blog\/#organization\"}},{\"@type\":\"WebPage\",\"@id\":\"https:\/\/dicodusport.fr\/blog\/wimbledon-2025-carlos-alcaraz-aryna-sabalenka-taylor-fritz-le-resume-du-dimanche-6-juillet\/\",\"url\":\"https:\/\/dicodusport.fr\/blog\/wimbledon-2025-carlos-alcaraz-aryna-sabalenka-taylor-fritz-le-resume-du-dimanche-6-juillet\/\",\"name\":\"Wimbledon 2025 : Carlos Alcaraz, Aryna Sabalenka, Taylor Fritz, le r\u00e9sum\u00e9 du dimanche 6 juillet\",\"isPartOf\":{\"@id\":\"https:\/\/dicodusport.fr\/blog\/#website\"},\"primaryImageOfPage\":{\"@id\":\"https:\/\/dicodusport.fr\/blog\/wimbledon-2025-carlos-alcaraz-aryna-sabalenka-taylor-fritz-le-resume-du-dimanche-6-juillet\/#primaryimage\"},\"image\":{\"@id\":\"https:\/\/dicodusport.fr\/blog\/wimbledon-2025-carlos-alcaraz-aryna-sabalenka-taylor-fritz-le-resume-du-dimanche-6-juillet\/#primaryimage\"},\"thumbnailUrl\":\"https:\/\/dicodusport.fr\/blog\/wp-content\/uploads\/2025\/07\/Wimbledon-2025-Carlos-Alcaraz-Aryna-Sabalenka-Taylor-Fritz-le-resume-du-dimanche-6-juillet.png\",\"datePublished\":\"2025-07-06T20:07:41+00:00\",\"description\":\"WIMBLEDON 2025 - Du marathon entre Norrie et Jarry \u00e0 l\u2019\u00e9pop\u00e9e inattendue de Siegemund, retour sur une journ\u00e9e une nouvelle fois riche \u00e0 Wimbledon.\",\"breadcrumb\":{\"@id\":\"https:\/\/dicodusport.fr\/blog\/wimbledon-2025-carlos-alcaraz-aryna-sabalenka-taylor-fritz-le-resume-du-dimanche-6-juillet\/#breadcrumb\"},\"inLanguage\":\"fr-FR\",\"potentialAction\":[{\"@type\":\"ReadAction\",\"target\":[\"https:\/\/dicodusport.fr\/blog\/wimbledon-2025-carlos-alcaraz-aryna-sabalenka-taylor-fritz-le-resume-du-dimanche-6-juillet\/\"]}]},{\"@type\":\"ImageObject\",\"inLanguage\":\"fr-FR\",\"@id\":\"https:\/\/dicodusport.fr\/blog\/wimbledon-2025-carlos-alcaraz-aryna-sabalenka-taylor-fritz-le-resume-du-dimanche-6-juillet\/#primaryimage\",\"url\":\"https:\/\/dicodusport.fr\/blog\/wp-content\/uploads\/2025\/07\/Wimbledon-2025-Carlos-Alcaraz-Aryna-Sabalenka-Taylor-Fritz-le-resume-du-dimanche-6-juillet.png\",\"contentUrl\":\"https:\/\/dicodusport.fr\/blog\/wp-content\/uploads\/2025\/07\/Wimbledon-2025-Carlos-Alcaraz-Aryna-Sabalenka-Taylor-Fritz-le-resume-du-dimanche-6-juillet.png\",\"width\":1200,\"height\":674,\"caption\":\"Wimbledon 2025 Carlos Alcaraz, Aryna Sabalenka, Taylor Fritz, le r\u00e9sum\u00e9 du dimanche 6 juillet\"},{\"@type\":\"BreadcrumbList\",\"@id\":\"https:\/\/dicodusport.fr\/blog\/wimbledon-2025-carlos-alcaraz-aryna-sabalenka-taylor-fritz-le-resume-du-dimanche-6-juillet\/#breadcrumb\",\"itemListElement\":[{\"@type\":\"ListItem\",\"position\":1,\"name\":\"Accueil\",\"item\":\"https:\/\/dicodusport.fr\/blog\/\"},{\"@type\":\"ListItem\",\"position\":2,\"name\":\"Wimbledon 2025 : Carlos Alcaraz, Aryna Sabalenka, Taylor Fritz, le r\u00e9sum\u00e9 du dimanche 6 juillet\"}]},{\"@type\":\"WebSite\",\"@id\":\"https:\/\/dicodusport.fr\/blog\/#website\",\"url\":\"https:\/\/dicodusport.fr\/blog\/\",\"name\":\"Dicodusport\",\"description\":\"L&#039;encyclop\u00e9die de l&#039;actualit\u00e9 sportive\",\"publisher\":{\"@id\":\"https:\/\/dicodusport.fr\/blog\/#organization\"},\"potentialAction\":[{\"@type\":\"SearchAction\",\"target\":{\"@type\":\"EntryPoint\",\"urlTemplate\":\"https:\/\/dicodusport.fr\/blog\/?s={search_term_string}\"},\"query-input\":{\"@type\":\"PropertyValueSpecification\",\"valueRequired\":true,\"valueName\":\"search_term_string\"}}],\"inLanguage\":\"fr-FR\"},{\"@type\":\"NewsMediaOrganization\",\"@id\":\"https:\/\/dicodusport.fr\/blog\/#organization\",\"name\":\"Dicodusport\",\"url\":\"https:\/\/dicodusport.fr\/blog\/\",\"logo\":{\"@type\":\"ImageObject\",\"inLanguage\":\"fr-FR\",\"@id\":\"https:\/\/dicodusport.fr\/blog\/#\/schema\/logo\/image\/\",\"url\":\"https:\/\/dicodusport.fr\/blog\/wp-content\/uploads\/2020\/06\/cropped-LOGO-DICODUSPORT-2020-SANS-FOND-SANS-TEXTE.png\",\"contentUrl\":\"https:\/\/dicodusport.fr\/blog\/wp-content\/uploads\/2020\/06\/cropped-LOGO-DICODUSPORT-2020-SANS-FOND-SANS-TEXTE.png\",\"width\":512,\"height\":512,\"caption\":\"Dicodusport\"},\"image\":{\"@id\":\"https:\/\/dicodusport.fr\/blog\/#\/schema\/logo\/image\/\"},\"sameAs\":[\"https:\/\/www.facebook.com\/dicodusport\",\"https:\/\/x.com\/dicodusport\",\"https:\/\/www.instagram.com\/dicodusport\/\",\"https:\/\/www.youtube.com\/channel\/UC7V2KZ5sd3htJivAbA4ZG3w\"],\"description\":\"Dicodusport est l'encyclop\u00e9die de l'actualit\u00e9 sportive.\",\"email\":\"bonjour@dicodusport.fr\",\"legalName\":\"DICODUSPORT\",\"foundingDate\":\"2018-01-14\",\"vatID\":\"FR71834470973\",\"taxID\":\"83447097300043\",\"numberOfEmployees\":{\"@type\":\"QuantitativeValue\",\"minValue\":\"1\",\"maxValue\":\"10\"}},{\"@type\":\"Person\",\"@id\":\"https:\/\/dicodusport.fr\/blog\/#\/schema\/person\/93f03e222ed8da203c940d17ef257295\",\"name\":\"L\u00e9o Derambure\",\"image\":{\"@type\":\"ImageObject\",\"inLanguage\":\"fr-FR\",\"@id\":\"https:\/\/dicodusport.fr\/blog\/#\/schema\/person\/image\/\",\"url\":\"https:\/\/dicodusport.fr\/blog\/wp-content\/uploads\/2025\/02\/Maillot-Dicodusport-Lele-150x150.png\",\"contentUrl\":\"https:\/\/dicodusport.fr\/blog\/wp-content\/uploads\/2025\/02\/Maillot-Dicodusport-Lele-150x150.png\",\"caption\":\"L\u00e9o Derambure\"},\"description\":\"Passionn\u00e9 de sport depuis l\u2019enfance, j\u2019ai grandi au rythme des grands \u00e9v\u00e9nements comme les Jeux Olympiques, les championnats du monde d\u2019athl\u00e9tisme et de natation, ou encore le Tour de France sur France T\u00e9l\u00e9visions. Abonn\u00e9 au RC Lens depuis 2008, cette ferveur m\u2019a \u00e9t\u00e9 transmise d\u00e8s l\u2019\u00e2ge de 5 ans par mon grand-p\u00e8re et mon p\u00e8re. Avec Rafael Nadal ou encore Aruna Dindane comme idole, j\u2019ai toujours ressenti l\u2019envie de partager cette passion \u00e0 travers l\u2019\u00e9criture. Apr\u00e8s les Jeux Olympiques de Paris 2024, j\u2019ai franchi le pas en rejoignant l\u2019\u00e9quipe de r\u00e9daction de Dicodusport. Aujourd\u2019hui, je couvre le biathlon, le ski alpin ainsi que les rencontres des clubs fran\u00e7ais en comp\u00e9titions europ\u00e9ennes, avec l'envie de faire vivre chaque instant sportif et de transmettre ces \u00e9motions au lecteur, comme s\u2019il \u00e9tait au c\u0153ur de l\u2019\u00e9v\u00e9nement.\",\"worksFor\":\"L\u00e9o Derambure\",\"url\":\"https:\/\/dicodusport.fr\/blog\/author\/leo-derambure\/\"}]}<\/script>\n<!-- \/ Yoast SEO Premium plugin. -->","yoast_head_json":{"title":"Wimbledon 2025 : Carlos Alcaraz, Aryna Sabalenka, Taylor Fritz, le r\u00e9sum\u00e9 du dimanche 6 juillet","description":"WIMBLEDON 2025 - Du marathon entre Norrie et Jarry \u00e0 l\u2019\u00e9pop\u00e9e inattendue de Siegemund, retour sur une journ\u00e9e une nouvelle fois riche \u00e0 Wimbledon.","robots":{"index":"index","follow":"follow","max-snippet":"max-snippet:-1","max-image-preview":"max-image-preview:large","max-video-preview":"max-video-preview:-1"},"canonical":"https:\/\/dicodusport.fr\/blog\/wimbledon-2025-carlos-alcaraz-aryna-sabalenka-taylor-fritz-le-resume-du-dimanche-6-juillet\/","og_locale":"fr_FR","og_type":"article","og_title":"Wimbledon 2025 : Carlos Alcaraz, Aryna Sabalenka, Taylor Fritz, le r\u00e9sum\u00e9 du dimanche 6 juillet","og_description":"WIMBLEDON 2025 - Du marathon entre Norrie et Jarry \u00e0 l\u2019\u00e9pop\u00e9e inattendue de Siegemund, retour sur une journ\u00e9e une nouvelle fois riche \u00e0 Wimbledon.","og_url":"https:\/\/dicodusport.fr\/blog\/wimbledon-2025-carlos-alcaraz-aryna-sabalenka-taylor-fritz-le-resume-du-dimanche-6-juillet\/","og_site_name":"Dicodusport","article_publisher":"https:\/\/www.facebook.com\/dicodusport","article_published_time":"2025-07-06T20:07:41+00:00","og_image":[{"width":1200,"height":674,"url":"https:\/\/dicodusport.fr\/blog\/wp-content\/uploads\/2025\/07\/Wimbledon-2025-Carlos-Alcaraz-Aryna-Sabalenka-Taylor-Fritz-le-resume-du-dimanche-6-juillet.png","type":"image\/png"}],"author":"L\u00e9o Derambure","twitter_card":"summary_large_image","twitter_title":"Wimbledon 2025 : Carlos Alcaraz, Aryna Sabalenka, Taylor Fritz, le r\u00e9sum\u00e9 du dimanche 6 juillet","twitter_creator":"@dicodusport","twitter_site":"@dicodusport","schema":{"@context":"https:\/\/schema.org","@graph":[{"@type":"NewsArticle","@id":"https:\/\/dicodusport.fr\/blog\/wimbledon-2025-carlos-alcaraz-aryna-sabalenka-taylor-fritz-le-resume-du-dimanche-6-juillet\/#article","isPartOf":{"@id":"https:\/\/dicodusport.fr\/blog\/wimbledon-2025-carlos-alcaraz-aryna-sabalenka-taylor-fritz-le-resume-du-dimanche-6-juillet\/"},"author":{"name":"L\u00e9o Derambure","@id":"https:\/\/dicodusport.fr\/blog\/#\/schema\/person\/93f03e222ed8da203c940d17ef257295"},"headline":"Wimbledon 2025 : Carlos Alcaraz, Aryna Sabalenka, Taylor Fritz, le r\u00e9sum\u00e9 du dimanche 6 juillet","datePublished":"2025-07-06T20:07:41+00:00","mainEntityOfPage":{"@id":"https:\/\/dicodusport.fr\/blog\/wimbledon-2025-carlos-alcaraz-aryna-sabalenka-taylor-fritz-le-resume-du-dimanche-6-juillet\/"},"wordCount":724,"commentCount":0,"publisher":{"@id":"https:\/\/dicodusport.fr\/blog\/#organization"},"image":{"@id":"https:\/\/dicodusport.fr\/blog\/wimbledon-2025-carlos-alcaraz-aryna-sabalenka-taylor-fritz-le-resume-du-dimanche-6-juillet\/#primaryimage"},"thumbnailUrl":"https:\/\/dicodusport.fr\/blog\/wp-content\/uploads\/2025\/07\/Wimbledon-2025-Carlos-Alcaraz-Aryna-Sabalenka-Taylor-Fritz-le-resume-du-dimanche-6-juillet.png","keywords":["br\u00e8ve","wimbledon"],"articleSection":["Wimbledon"],"inLanguage":"fr-FR","potentialAction":[{"@type":"CommentAction","name":"Comment","target":["https:\/\/dicodusport.fr\/blog\/wimbledon-2025-carlos-alcaraz-aryna-sabalenka-taylor-fritz-le-resume-du-dimanche-6-juillet\/#respond"]}],"copyrightYear":"2025","copyrightHolder":{"@id":"https:\/\/dicodusport.fr\/blog\/#organization"}},{"@type":"WebPage","@id":"https:\/\/dicodusport.fr\/blog\/wimbledon-2025-carlos-alcaraz-aryna-sabalenka-taylor-fritz-le-resume-du-dimanche-6-juillet\/","url":"https:\/\/dicodusport.fr\/blog\/wimbledon-2025-carlos-alcaraz-aryna-sabalenka-taylor-fritz-le-resume-du-dimanche-6-juillet\/","name":"Wimbledon 2025 : Carlos Alcaraz, Aryna Sabalenka, Taylor Fritz, le r\u00e9sum\u00e9 du dimanche 6 juillet","isPartOf":{"@id":"https:\/\/dicodusport.fr\/blog\/#website"},"primaryImageOfPage":{"@id":"https:\/\/dicodusport.fr\/blog\/wimbledon-2025-carlos-alcaraz-aryna-sabalenka-taylor-fritz-le-resume-du-dimanche-6-juillet\/#primaryimage"},"image":{"@id":"https:\/\/dicodusport.fr\/blog\/wimbledon-2025-carlos-alcaraz-aryna-sabalenka-taylor-fritz-le-resume-du-dimanche-6-juillet\/#primaryimage"},"thumbnailUrl":"https:\/\/dicodusport.fr\/blog\/wp-content\/uploads\/2025\/07\/Wimbledon-2025-Carlos-Alcaraz-Aryna-Sabalenka-Taylor-Fritz-le-resume-du-dimanche-6-juillet.png","datePublished":"2025-07-06T20:07:41+00:00","description":"WIMBLEDON 2025 - Du marathon entre Norrie et Jarry \u00e0 l\u2019\u00e9pop\u00e9e inattendue de Siegemund, retour sur une journ\u00e9e une nouvelle fois riche \u00e0 Wimbledon.","breadcrumb":{"@id":"https:\/\/dicodusport.fr\/blog\/wimbledon-2025-carlos-alcaraz-aryna-sabalenka-taylor-fritz-le-resume-du-dimanche-6-juillet\/#breadcrumb"},"inLanguage":"fr-FR","potentialAction":[{"@type":"ReadAction","target":["https:\/\/dicodusport.fr\/blog\/wimbledon-2025-carlos-alcaraz-aryna-sabalenka-taylor-fritz-le-resume-du-dimanche-6-juillet\/"]}]},{"@type":"ImageObject","inLanguage":"fr-FR","@id":"https:\/\/dicodusport.fr\/blog\/wimbledon-2025-carlos-alcaraz-aryna-sabalenka-taylor-fritz-le-resume-du-dimanche-6-juillet\/#primaryimage","url":"https:\/\/dicodusport.fr\/blog\/wp-content\/uploads\/2025\/07\/Wimbledon-2025-Carlos-Alcaraz-Aryna-Sabalenka-Taylor-Fritz-le-resume-du-dimanche-6-juillet.png","contentUrl":"https:\/\/dicodusport.fr\/blog\/wp-content\/uploads\/2025\/07\/Wimbledon-2025-Carlos-Alcaraz-Aryna-Sabalenka-Taylor-Fritz-le-resume-du-dimanche-6-juillet.png","width":1200,"height":674,"caption":"Wimbledon 2025 Carlos Alcaraz, Aryna Sabalenka, Taylor Fritz, le r\u00e9sum\u00e9 du dimanche 6 juillet"},{"@type":"BreadcrumbList","@id":"https:\/\/dicodusport.fr\/blog\/wimbledon-2025-carlos-alcaraz-aryna-sabalenka-taylor-fritz-le-resume-du-dimanche-6-juillet\/#breadcrumb","itemListElement":[{"@type":"ListItem","position":1,"name":"Accueil","item":"https:\/\/dicodusport.fr\/blog\/"},{"@type":"ListItem","position":2,"name":"Wimbledon 2025 : Carlos Alcaraz, Aryna Sabalenka, Taylor Fritz, le r\u00e9sum\u00e9 du dimanche 6 juillet"}]},{"@type":"WebSite","@id":"https:\/\/dicodusport.fr\/blog\/#website","url":"https:\/\/dicodusport.fr\/blog\/","name":"Dicodusport","description":"L&#039;encyclop\u00e9die de l&#039;actualit\u00e9 sportive","publisher":{"@id":"https:\/\/dicodusport.fr\/blog\/#organization"},"potentialAction":[{"@type":"SearchAction","target":{"@type":"EntryPoint","urlTemplate":"https:\/\/dicodusport.fr\/blog\/?s={search_term_string}"},"query-input":{"@type":"PropertyValueSpecification","valueRequired":true,"valueName":"search_term_string"}}],"inLanguage":"fr-FR"},{"@type":"NewsMediaOrganization","@id":"https:\/\/dicodusport.fr\/blog\/#organization","name":"Dicodusport","url":"https:\/\/dicodusport.fr\/blog\/","logo":{"@type":"ImageObject","inLanguage":"fr-FR","@id":"https:\/\/dicodusport.fr\/blog\/#\/schema\/logo\/image\/","url":"https:\/\/dicodusport.fr\/blog\/wp-content\/uploads\/2020\/06\/cropped-LOGO-DICODUSPORT-2020-SANS-FOND-SANS-TEXTE.png","contentUrl":"https:\/\/dicodusport.fr\/blog\/wp-content\/uploads\/2020\/06\/cropped-LOGO-DICODUSPORT-2020-SANS-FOND-SANS-TEXTE.png","width":512,"height":512,"caption":"Dicodusport"},"image":{"@id":"https:\/\/dicodusport.fr\/blog\/#\/schema\/logo\/image\/"},"sameAs":["https:\/\/www.facebook.com\/dicodusport","https:\/\/x.com\/dicodusport","https:\/\/www.instagram.com\/dicodusport\/","https:\/\/www.youtube.com\/channel\/UC7V2KZ5sd3htJivAbA4ZG3w"],"description":"Dicodusport est l'encyclop\u00e9die de l'actualit\u00e9 sportive.","email":"bonjour@dicodusport.fr","legalName":"DICODUSPORT","foundingDate":"2018-01-14","vatID":"FR71834470973","taxID":"83447097300043","numberOfEmployees":{"@type":"QuantitativeValue","minValue":"1","maxValue":"10"}},{"@type":"Person","@id":"https:\/\/dicodusport.fr\/blog\/#\/schema\/person\/93f03e222ed8da203c940d17ef257295","name":"L\u00e9o Derambure","image":{"@type":"ImageObject","inLanguage":"fr-FR","@id":"https:\/\/dicodusport.fr\/blog\/#\/schema\/person\/image\/","url":"https:\/\/dicodusport.fr\/blog\/wp-content\/uploads\/2025\/02\/Maillot-Dicodusport-Lele-150x150.png","contentUrl":"https:\/\/dicodusport.fr\/blog\/wp-content\/uploads\/2025\/02\/Maillot-Dicodusport-Lele-150x150.png","caption":"L\u00e9o Derambure"},"description":"Passionn\u00e9 de sport depuis l\u2019enfance, j\u2019ai grandi au rythme des grands \u00e9v\u00e9nements comme les Jeux Olympiques, les championnats du monde d\u2019athl\u00e9tisme et de natation, ou encore le Tour de France sur France T\u00e9l\u00e9visions. Abonn\u00e9 au RC Lens depuis 2008, cette ferveur m\u2019a \u00e9t\u00e9 transmise d\u00e8s l\u2019\u00e2ge de 5 ans par mon grand-p\u00e8re et mon p\u00e8re. Avec Rafael Nadal ou encore Aruna Dindane comme idole, j\u2019ai toujours ressenti l\u2019envie de partager cette passion \u00e0 travers l\u2019\u00e9criture. Apr\u00e8s les Jeux Olympiques de Paris 2024, j\u2019ai franchi le pas en rejoignant l\u2019\u00e9quipe de r\u00e9daction de Dicodusport. Aujourd\u2019hui, je couvre le biathlon, le ski alpin ainsi que les rencontres des clubs fran\u00e7ais en comp\u00e9titions europ\u00e9ennes, avec l'envie de faire vivre chaque instant sportif et de transmettre ces \u00e9motions au lecteur, comme s\u2019il \u00e9tait au c\u0153ur de l\u2019\u00e9v\u00e9nement.","worksFor":"L\u00e9o Derambure","url":"https:\/\/dicodusport.fr\/blog\/author\/leo-derambure\/"}]}},"_links":{"self":[{"href":"https:\/\/dicodusport.fr\/blog\/wp-json\/wp\/v2\/posts\/592999","targetHints":{"allow":["GET"]}}],"collection":[{"href":"https:\/\/dicodusport.fr\/blog\/wp-json\/wp\/v2\/posts"}],"about":[{"href":"https:\/\/dicodusport.fr\/blog\/wp-json\/wp\/v2\/types\/post"}],"author":[{"embeddable":true,"href":"https:\/\/dicodusport.fr\/blog\/wp-json\/wp\/v2\/users\/111"}],"replies":[{"embeddable":true,"href":"https:\/\/dicodusport.fr\/blog\/wp-json\/wp\/v2\/comments?post=592999"}],"version-history":[{"count":5,"href":"https:\/\/dicodusport.fr\/blog\/wp-json\/wp\/v2\/posts\/592999\/revisions"}],"predecessor-version":[{"id":593213,"href":"https:\/\/dicodusport.fr\/blog\/wp-json\/wp\/v2\/posts\/592999\/revisions\/593213"}],"wp:featuredmedia":[{"embeddable":true,"href":"https:\/\/dicodusport.fr\/blog\/wp-json\/wp\/v2\/media\/593211"}],"wp:attachment":[{"href":"https:\/\/dicodusport.fr\/blog\/wp-json\/wp\/v2\/media?parent=592999"}],"wp:term":[{"taxonomy":"category","embeddable":true,"href":"https:\/\/dicodusport.fr\/blog\/wp-json\/wp\/v2\/categories?post=592999"},{"taxonomy":"post_tag","embeddable":true,"href":"https:\/\/dicodusport.fr\/blog\/wp-json\/wp\/v2\/tags?post=592999"}],"curies":[{"name":"wp","href":"https:\/\/api.w.org\/{rel}","templated":true}]}}