{"id":593056,"date":"2025-07-06T17:50:57","date_gmt":"2025-07-06T15:50:57","guid":{"rendered":"https:\/\/dicodusport.fr\/blog\/?p=593056&#038;preview=true&#038;preview_id=593056"},"modified":"2025-07-06T19:16:10","modified_gmt":"2025-07-06T17:16:10","slug":"2eme-etape-tour-de-france-2025-mathieu-van-der-poel-simpose-avec-sang-froid-devant-tadej-pogacar","status":"publish","type":"post","link":"https:\/\/dicodusport.fr\/blog\/2eme-etape-tour-de-france-2025-mathieu-van-der-poel-simpose-avec-sang-froid-devant-tadej-pogacar\/","title":{"rendered":"2\u00e8me \u00e9tape Tour de France 2025 : Mathieu van der Poel s&rsquo;impose avec sang-froid devant Tadej Pogacar"},"content":{"rendered":"<p style=\"text-align: justify;\"><strong><em>TOUR DE FRANCE 2025 &#8211; Mathieu van der Poel (Alpecin-Deceuninck) s&rsquo;est impos\u00e9 \u00e0 Boulogne-sur-Mer, au terme de la deuxi\u00e8me \u00e9tape. Le N\u00e9erlandais s&rsquo;est empar\u00e9 du maillot jaune.\u00a0<\/em><\/strong><\/p>\n<p style=\"text-align: justify;\">La <strong>2\u00e8me \u00e9tape du Tour de France 2025<\/strong>, le <strong>dimanche 6 juillet<\/strong>, est partie du village de <strong>Lauwin\u2011Planque<\/strong> avec un d\u00e9part d\u00e9cal\u00e9 \u00e0 12h30 \u00e0 cause de la m\u00e9t\u00e9o pour rallier <strong>Boulogne\u2011sur\u2011Mer<\/strong> sur 209,1 \u202fkm pour la plus longue \u00e9tape de cette \u00e9dition. Class\u00e9e <em>accident\u00e9e<\/em>, elle a travers\u00e9 les collines de l\u2019Artois et du Boulonnais, jalonn\u00e9e de quatre c\u00f4tes dans les 30 derniers kilom\u00e8tres dont <strong>Saint\u2011\u00c9tienne\u2011au\u2011Mont<\/strong> (jusqu\u2019\u00e0 15\u202f%) et <strong>Outreau<\/strong>, suivies d\u2019une ultime ascension d\u2019environ 1 km \u00e0 3-4\u202f% vers l\u2019arriv\u00e9e \u00e0 Boulogne-sur-Mer.<\/p>\n<ul>\n<li style=\"text-align: justify;\"><strong>\u00c0 ce sujet &#8211; <a href=\"https:\/\/dicodusport.fr\/blog\/2eme-etape-tour-de-france-2025-classement-et-resultats\/\">Classement et r\u00e9sultats de la 2\u00e8me \u00e9tape Tour de France 2025<\/a><\/strong><\/li>\n<li><strong>\u00c0 ce sujet &#8211; <a href=\"https:\/\/dicodusport.fr\/blog\/classement-general-actualise-tour-de-france-2025\/\">Classement g\u00e9n\u00e9ral actualis\u00e9 Tour de France 2025<\/a><\/strong><\/li>\n<\/ul>\n<h2 style=\"text-align: justify;\">Un quatuor prend le large<\/h2>\n<p style=\"text-align: justify;\">D&rsquo;abord, quatre coureurs ont form\u00e9 l&rsquo;\u00e9chapp\u00e9e du jour : <strong>Bruno Armirail<\/strong> (Decathlon AG2R La Mondiale), <strong>Yevgeniy Fedorov<\/strong> (XDS Astana), <strong>Andreas Leknessund<\/strong> (Uno-X Mobility) et <strong>Brent Van Moer<\/strong> (Lotto), d\u00e8s les premiers kilom\u00e8tres de course, sous la pluie.<\/p>\n<p style=\"text-align: justify;\">Ensuite, l&rsquo;\u00e9quipe Intermarch\u00e9-Wanty est venue rouler en t\u00eate de peloton en compagnie de la formation Alpecin-Deceuninck du maillot jaune Jasper Philipsen. Ces deux \u00e9quipes ont contr\u00f4l\u00e9 l&rsquo;\u00e9cart autour des trois minutes. Dans l&rsquo;\u00e9chapp\u00e9e, <strong>Andreas Leknessund<\/strong> et <strong>Yevgeniy Fedorov<\/strong> ont gliss\u00e9 dans un virage. Les deux coureurs sont repartis et ont rejoint leurs compagnons de fugue.<\/p>\n<div class=\"vlp-link-container vlp-layout-article\"><a href=\"https:\/\/dicodusport.fr\/blog\/billet-dhumeur-tour-de-france-la-bonne-surprise-groupama-fdj\/\" class=\"vlp-link\" title=\"Billet d&#039;humeur Tour de France : La bonne surprise Groupama-FDJ !\"><\/a><div class=\"vlp-layout-zone-side\"><div class=\"vlp-block-4 vlp-link-image\"><img loading=\"lazy\" decoding=\"async\" style=\"max-width: 792px;\" width=\"792\" height=\"445\" src=\"https:\/\/dicodusport.fr\/blog\/wp-content\/uploads\/2025\/07\/Billet-dhumeur-Tour-de-France-La-bonne-surprise-Groupama-FDJ-.png\" class=\"attachment-800x445 size-800x445\" alt=\"Billet d&#039;humeur Tour de France La bonne surprise Groupama-FDJ !\" srcset=\"https:\/\/dicodusport.fr\/blog\/wp-content\/uploads\/2025\/07\/Billet-dhumeur-Tour-de-France-La-bonne-surprise-Groupama-FDJ-.png 1200w, https:\/\/dicodusport.fr\/blog\/wp-content\/uploads\/2025\/07\/Billet-dhumeur-Tour-de-France-La-bonne-surprise-Groupama-FDJ--300x169.png 300w, https:\/\/dicodusport.fr\/blog\/wp-content\/uploads\/2025\/07\/Billet-dhumeur-Tour-de-France-La-bonne-surprise-Groupama-FDJ--1024x575.png 1024w, https:\/\/dicodusport.fr\/blog\/wp-content\/uploads\/2025\/07\/Billet-dhumeur-Tour-de-France-La-bonne-surprise-Groupama-FDJ--768x431.png 768w\" sizes=\"auto, (max-width: 792px) 100vw, 792px\" \/><\/div><\/div><div class=\"vlp-layout-zone-main\"><div class=\"vlp-block-0 vlp-link-title\">Billet d'humeur Tour de France : La bonne surprise Groupama-FDJ !<\/div><div class=\"vlp-block-1 vlp-link-summary\">Symbolis\u00e9e par une premi\u00e8re place au classement par \u00e9quipes, la Groupama-FDJ surprend agr\u00e9ablement en ce d\u00e9but de Tour de France.<\/div><div class=\"vlp-block-2 vlp-link-button\">Lire l'article<\/div><div class=\"vlp-block-3 vlp-link-url\">dicodusport.fr<\/div><\/div><\/div>\n<p style=\"text-align: justify;\">Par la suite, la pluie a cess\u00e9 de tomber alors que l&rsquo;\u00e9cart est pass\u00e9 sous les deux minutes. Au sein du peloton, de nombreuses chutes ont eu lieu impliquant <strong>Alexis Renard<\/strong> (Cofidis), <strong>Lennert Van Eetvelt<\/strong> (Lotto), <strong>Fred Wright<\/strong> (Bahrain Victorious), <strong>Valentin Paret-Peintre<\/strong> (Soudal Quick-Step) <strong>Matt\u00e9o Vercher<\/strong> et <strong>Jordan J\u00e9gat<\/strong> (TotalEnergies) tandis qu&rsquo;<strong>Andreas Leknessund<\/strong> a pris un point sur la c\u00f4te de Cavron-Saint-Martin.<\/p>\n<p style=\"text-align: justify;\">L&rsquo;\u00e9chapp\u00e9e a r\u00e9ussi \u00e0 garder quelques secondes d&rsquo;avance pour le sprint interm\u00e9diaire, o\u00f9 <strong>Yevgeniy Fedorov<\/strong> est pass\u00e9 en t\u00eate. Pour la 5\u00e8me place, le \u00ab\u00a0nerveux\u00a0\u00bb <strong>Jonathan Milan<\/strong> (Lidl-Trek) a pris les 11 pts devant <strong>Tim Merlier<\/strong> (Soudal Quick-Step), <strong>Biniam Girmay<\/strong> (Intermarch\u00e9-Wanty), <strong>Jasper Philipsen<\/strong> (Alpecin-Deceuninck) et <strong>Anthony Turgis<\/strong> (TotalEnergies).<\/p>\n<blockquote class=\"twitter-tweet\">\n<p dir=\"ltr\" lang=\"fr\">\ud83d\udc9a Tense intermediate sprint behind the breakaway! \ud83c\uddee\ud83c\uddf9 Jonathan Milan takes 13 points ahead of \ud83c\udde7\ud83c\uddea <a href=\"https:\/\/twitter.com\/MerlierTim?ref_src=twsrc%5Etfw\">@MerlierTim<\/a> and \ud83c\uddea\ud83c\uddf7 <a href=\"https:\/\/twitter.com\/GrmayeBiniam?ref_src=twsrc%5Etfw\">@GrmayeBiniam<\/a>.<\/p>\n<p>\ud83d\udc9a Sprint interm\u00e9diaire tendu derri\u00e8re les \u00e9chapp\u00e9s ! \ud83c\uddee\ud83c\uddf9 Jonathan Milan prend 13 points devant \ud83c\udde7\ud83c\uddea <a href=\"https:\/\/twitter.com\/MerlierTim?ref_src=twsrc%5Etfw\">@MerlierTim<\/a> et \ud83c\uddea\ud83c\uddf7 <a href=\"https:\/\/twitter.com\/GrmayeBiniam?ref_src=twsrc%5Etfw\">@GrmayeBiniam<\/a>.<a href=\"https:\/\/twitter.com\/hashtag\/TDF2025?src=hash&amp;ref_src=twsrc%5Etfw\">#TDF2025<\/a> |\u2026 <a href=\"https:\/\/t.co\/6ut1vdZRya\">pic.twitter.com\/6ut1vdZRya<\/a><\/p>\n<p>\u2014 Tour de France\u2122 (@LeTour) <a href=\"https:\/\/twitter.com\/LeTour\/status\/1941868375174423020?ref_src=twsrc%5Etfw\">July 6, 2025<\/a><\/p><\/blockquote>\n<p><script async src=\"https:\/\/platform.twitter.com\/widgets.js\" charset=\"utf-8\"><\/script><\/p>\n<ul style=\"text-align: justify;\">\n<li style=\"text-align: justify;\"><strong>\u00c0 ce sujet &#8211; \u2013 <a href=\"https:\/\/dicodusport.fr\/blog\/actualites\/cyclisme\/cyclisme-sur-route-2025\/\">L\u2019actualit\u00e9 du cyclisme sur route<\/a><\/strong><\/li>\n<\/ul>\n<h2 style=\"text-align: justify;\">Les Mont du Boulonnais font le m\u00e9nage, van der Poel triomphe<\/h2>\n<p style=\"text-align: justify;\">Puis, l&rsquo;\u00e9chapp\u00e9e a \u00e9t\u00e9 reprise par le peloton, peu apr\u00e8s. D\u00e8s le pied de la c\u00f4te du Haut Pichot (1,1km \u00e0 9,4 %), <strong>Wout Van Aert<\/strong> (Visma Lease a Bike) et <strong>Tim Wellens<\/strong> (UAE Team Emirates XRG) ont impos\u00e9 un gros tempo. Le champion de Belgique est pass\u00e9 en premi\u00e8re position au sein d&rsquo;un peloton d&rsquo;une quarantaine de coureurs. <strong>Jonathan Milan, Geraint Thomas<\/strong> (INEOS Grenadiers) et <strong>Bastien Tronchon<\/strong> (Decathlon AG2R La Mondiale) ont \u00e9t\u00e9 ralentis par une chute dans cette mont\u00e9e.<\/p>\n<p style=\"text-align: justify;\">Mais, la descente qui a suivi a permis une jonction par l&rsquo;arri\u00e8re de nombreux coureurs tels que les concurrents g\u00ean\u00e9s par la chute. Ensuite, <strong>Tiesj Benoot<\/strong> et <strong>Matteo Jorgenson<\/strong> (Visma Lease a Bike) ont fait exploser le peloton dans la C\u00f4te de Saint-\u00c9tienne-au-Mont. <strong>Tadej Pogacar<\/strong> (UAE Team Emirates XRG) a pris les deux points au sommet afin de prendre le maillot \u00e0 pois. Pi\u00e9g\u00e9, <strong>Primoz Roglic<\/strong> (Red Bull-Bora-Hansgrohe) a \u00e9t\u00e9 ramen\u00e9 sur la t\u00eate de la course gr\u00e2ce \u00e0 un gros relai de <strong>Florian Lipowitz<\/strong> (Red Bull-Bora-Hansgrohe) avant la C\u00f4te d&rsquo;Outreau. <strong>K\u00e9vin Vauquelin<\/strong> (Arkea B&amp;B H\u00f4tels) a pris un point au sommet.<\/p>\n<p style=\"text-align: justify;\"><strong>Florian Lipowitz<\/strong> a ensuite port\u00e9 une attaque dans la descente sur Boulogne-sur-Mer. Mais, le troisi\u00e8me du dernier Dauphin\u00e9 a \u00e9t\u00e9 repris \u00e0 l&rsquo;entame du dernier kilom\u00e8tre. Finalement, apr\u00e8s avoir contr\u00f4l\u00e9 les offensives dans les plus forts pourcentages, <strong>Mathieu van der Poel<\/strong> (Alpecin-Deceuninck) a parfaitement g\u00e9r\u00e9 la mont\u00e9e finale en entamant l&rsquo;ultime ligne droite afin de r\u00e9sister au retour de <strong>Tadej Pogacar<\/strong> et <strong>Jonas Vingegaard<\/strong> (Visma Lease a Bike). <a href=\"https:\/\/dicodusport.fr\/blog\/le-francais-de-la-2eme-etape-romain-gregoire-au-milieu-des-geants\/\"><strong>Romain Gr\u00e9goire<\/strong><\/a> (Groupama-FDJ) a pris la quatri\u00e8me place devant <strong>Julian Alaphilippe<\/strong> (Tudor Pro Cycling). <strong>Aur\u00e9lien Paret-Peintre<\/strong> (Decathlon AG2R La Mondiale) a pris la septi\u00e8me place devant <strong>K\u00e9vin Vauquelin<\/strong> (Arkea B&amp;B H\u00f4tels).<\/p>\n<blockquote class=\"twitter-tweet\">\n<p dir=\"ltr\" lang=\"fr\">\ud83d\udea8 Mathieu van der Poel s&rsquo;impose \u00e0 Boulogne-sur-Mer !<\/p>\n<p>Le N\u00e9erlandais l&#8217;emporte au sprint devant Pogacar et s&#8217;empare du maillot jaune <a href=\"https:\/\/twitter.com\/hashtag\/LesRP?src=hash&amp;ref_src=twsrc%5Etfw\">#LesRP<\/a> <a href=\"https:\/\/t.co\/GKxJZTmgW2\">pic.twitter.com\/GKxJZTmgW2<\/a><\/p>\n<p>\u2014 Eurosport France (@Eurosport_FR) <a href=\"https:\/\/twitter.com\/Eurosport_FR\/status\/1941884955170054401?ref_src=twsrc%5Etfw\">July 6, 2025<\/a><\/p><\/blockquote>\n<p><script async src=\"https:\/\/platform.twitter.com\/widgets.js\" charset=\"utf-8\"><\/script><\/p>\n<p style=\"text-align: justify;\">Au classement g\u00e9n\u00e9ral, <strong>Mathieu van der Poel<\/strong> a pris les commandes avec quatre secondes d&rsquo;avance sur <strong>Tadej Pogacar<\/strong> et six secondes sur Jonas <strong>Vingeaard<\/strong>. Quatri\u00e8me, <strong>Kevin Vauquelin<\/strong> est devenu le nouveau maillot blanc.<\/p>\n<hr \/>\n<h3 style=\"text-align: justify;\">\u00c0 ce sujet<\/h3>\n<div class=\"vlp-link-container vlp-layout-article\"><a href=\"https:\/\/dicodusport.fr\/blog\/cyclisme-mercato-2025-2026-le-tableau-des-transferts\/\" class=\"vlp-link\" title=\"Cyclisme Mercato 2025-2026 - Le tableau des transferts\"><\/a><div class=\"vlp-layout-zone-side\"><div class=\"vlp-block-4 vlp-link-image\"><img loading=\"lazy\" decoding=\"async\" style=\"max-width: 792px;\" width=\"792\" height=\"445\" src=\"https:\/\/dicodusport.fr\/blog\/wp-content\/uploads\/2025\/02\/Cyclisme-Mercato-2025-2026-Le-tableau-des-transferts.png\" class=\"attachment-800x445 size-800x445\" alt=\"Cyclisme Mercato 2025-2026 - Le tableau des transferts\" srcset=\"https:\/\/dicodusport.fr\/blog\/wp-content\/uploads\/2025\/02\/Cyclisme-Mercato-2025-2026-Le-tableau-des-transferts.png 1200w, https:\/\/dicodusport.fr\/blog\/wp-content\/uploads\/2025\/02\/Cyclisme-Mercato-2025-2026-Le-tableau-des-transferts-300x169.png 300w, https:\/\/dicodusport.fr\/blog\/wp-content\/uploads\/2025\/02\/Cyclisme-Mercato-2025-2026-Le-tableau-des-transferts-1024x575.png 1024w, https:\/\/dicodusport.fr\/blog\/wp-content\/uploads\/2025\/02\/Cyclisme-Mercato-2025-2026-Le-tableau-des-transferts-768x431.png 768w\" sizes=\"auto, (max-width: 792px) 100vw, 792px\" \/><\/div><\/div><div class=\"vlp-layout-zone-main\"><div class=\"vlp-block-0 vlp-link-title\">Cyclisme Mercato 2025-2026 - Le tableau des transferts<\/div><div class=\"vlp-block-1 vlp-link-summary\">MERCATO CYCLISME 2025-2026 - D\u00e9couvrez les transferts officiels et les rumeurs du mercato cycliste.<\/div><div class=\"vlp-block-2 vlp-link-button\">Lire l'article<\/div><div class=\"vlp-block-3 vlp-link-url\">dicodusport.fr<\/div><\/div><\/div>\n<p>&nbsp;<\/p>\n","protected":false},"excerpt":{"rendered":"<p>Mathieu van der Poel (Alpecin-Deceuninck) s&rsquo;est impos\u00e9 \u00e0 Boulogne-sur-Mer, au terme de la deuxi\u00e8me \u00e9tape. Le N\u00e9erlandais s&rsquo;est empar\u00e9 du maillot jaune.\u00a0<\/p>\n","protected":false},"author":48,"featured_media":593131,"comment_status":"open","ping_status":"closed","sticky":false,"template":"","format":"standard","meta":{"_acf_changed":false,"_daextam_enable_autolinks":"1","footnotes":""},"categories":[46995],"tags":[16878,574,11197,24,1262],"class_list":["post-593056","post","type-post","status-publish","format-standard","has-post-thumbnail","hentry","category-tour-de-france","tag-breve","tag-cyclisme","tag-cyclisme-sur-route","tag-sport","tag-tour-de-france"],"acf":[],"yoast_head":"<!-- This site is optimized with the Yoast SEO Premium plugin v26.7 (Yoast SEO v26.7) - https:\/\/yoast.com\/wordpress\/plugins\/seo\/ -->\n<title>2\u00e8me \u00e9tape Tour de France 2025 : Mathieu van der Poel s&#039;impose avec sang-froid devant Tadej Pogacar<\/title>\n<meta name=\"description\" content=\"TOUR DE FRANCE 2025 - Mathieu van der Poel (Alpecin-Deceuninck) s&#039;est impos\u00e9 \u00e0 Boulogne-sur-Mer, au terme de la deuxi\u00e8me \u00e9tape. Le N\u00e9erlandais s&#039;est empar\u00e9 du maillot jaune.\u00a0\" \/>\n<meta name=\"robots\" content=\"index, follow, max-snippet:-1, max-image-preview:large, max-video-preview:-1\" \/>\n<link rel=\"canonical\" href=\"https:\/\/dicodusport.fr\/blog\/2eme-etape-tour-de-france-2025-mathieu-van-der-poel-simpose-avec-sang-froid-devant-tadej-pogacar\/\" \/>\n<meta property=\"og:locale\" content=\"fr_FR\" \/>\n<meta property=\"og:type\" content=\"article\" \/>\n<meta property=\"og:title\" content=\"2\u00e8me \u00e9tape Tour de France 2025 : Mathieu van der Poel s&#039;impose avec sang-froid devant Tadej Pogacar\" \/>\n<meta property=\"og:description\" content=\"TOUR DE FRANCE 2025 - Mathieu van der Poel (Alpecin-Deceuninck) s&#039;est impos\u00e9 \u00e0 Boulogne-sur-Mer, au terme de la deuxi\u00e8me \u00e9tape. Le N\u00e9erlandais s&#039;est empar\u00e9 du maillot jaune.\u00a0\" \/>\n<meta property=\"og:url\" content=\"https:\/\/dicodusport.fr\/blog\/2eme-etape-tour-de-france-2025-mathieu-van-der-poel-simpose-avec-sang-froid-devant-tadej-pogacar\/\" \/>\n<meta property=\"og:site_name\" content=\"Dicodusport\" \/>\n<meta property=\"article:publisher\" content=\"https:\/\/www.facebook.com\/dicodusport\" \/>\n<meta property=\"article:author\" content=\"https:\/\/www.facebook.com\/groups\/LesRoisDuPeloton\" \/>\n<meta property=\"article:published_time\" content=\"2025-07-06T15:50:57+00:00\" \/>\n<meta property=\"article:modified_time\" content=\"2025-07-06T17:16:10+00:00\" \/>\n<meta property=\"og:image\" content=\"https:\/\/dicodusport.fr\/blog\/wp-content\/uploads\/2025\/07\/2eme-etape-Tour-de-France-2025-Mathieu-van-der-Poel-simpose-avec-sang-froid-devant-Tadej-Pogacar-1.png\" \/>\n\t<meta property=\"og:image:width\" content=\"1200\" \/>\n\t<meta property=\"og:image:height\" content=\"674\" \/>\n\t<meta property=\"og:image:type\" content=\"image\/png\" \/>\n<meta name=\"author\" content=\"Emilien Descampiaux\" \/>\n<meta name=\"twitter:card\" content=\"summary_large_image\" \/>\n<meta name=\"twitter:title\" content=\"2\u00e8me \u00e9tape Tour de France 2025 : Mathieu van der Poel s&#039;impose avec sang-froid devant Tadej Pogacar\" \/>\n<meta name=\"twitter:creator\" content=\"@https:\/\/twitter.com\/LRoisDuPeloton\" \/>\n<meta name=\"twitter:site\" content=\"@dicodusport\" \/>\n<script type=\"application\/ld+json\" class=\"yoast-schema-graph\">{\"@context\":\"https:\/\/schema.org\",\"@graph\":[{\"@type\":\"NewsArticle\",\"@id\":\"https:\/\/dicodusport.fr\/blog\/2eme-etape-tour-de-france-2025-mathieu-van-der-poel-simpose-avec-sang-froid-devant-tadej-pogacar\/#article\",\"isPartOf\":{\"@id\":\"https:\/\/dicodusport.fr\/blog\/2eme-etape-tour-de-france-2025-mathieu-van-der-poel-simpose-avec-sang-froid-devant-tadej-pogacar\/\"},\"author\":{\"name\":\"Emilien Descampiaux\",\"@id\":\"https:\/\/dicodusport.fr\/blog\/#\/schema\/person\/6db4bae06b171592211be385b32876a7\"},\"headline\":\"2\u00e8me \u00e9tape Tour de France 2025 : Mathieu van der Poel s&rsquo;impose avec sang-froid devant Tadej Pogacar\",\"datePublished\":\"2025-07-06T15:50:57+00:00\",\"dateModified\":\"2025-07-06T17:16:10+00:00\",\"mainEntityOfPage\":{\"@id\":\"https:\/\/dicodusport.fr\/blog\/2eme-etape-tour-de-france-2025-mathieu-van-der-poel-simpose-avec-sang-froid-devant-tadej-pogacar\/\"},\"wordCount\":1007,\"commentCount\":0,\"publisher\":{\"@id\":\"https:\/\/dicodusport.fr\/blog\/#organization\"},\"image\":{\"@id\":\"https:\/\/dicodusport.fr\/blog\/2eme-etape-tour-de-france-2025-mathieu-van-der-poel-simpose-avec-sang-froid-devant-tadej-pogacar\/#primaryimage\"},\"thumbnailUrl\":\"https:\/\/dicodusport.fr\/blog\/wp-content\/uploads\/2025\/07\/2eme-etape-Tour-de-France-2025-Mathieu-van-der-Poel-simpose-avec-sang-froid-devant-Tadej-Pogacar-1.png\",\"keywords\":[\"br\u00e8ve\",\"Cyclisme\",\"Cyclisme sur route\",\"sport\",\"Tour de France\"],\"articleSection\":[\"Tour de France\"],\"inLanguage\":\"fr-FR\",\"potentialAction\":[{\"@type\":\"CommentAction\",\"name\":\"Comment\",\"target\":[\"https:\/\/dicodusport.fr\/blog\/2eme-etape-tour-de-france-2025-mathieu-van-der-poel-simpose-avec-sang-froid-devant-tadej-pogacar\/#respond\"]}],\"copyrightYear\":\"2025\",\"copyrightHolder\":{\"@id\":\"https:\/\/dicodusport.fr\/blog\/#organization\"}},{\"@type\":\"WebPage\",\"@id\":\"https:\/\/dicodusport.fr\/blog\/2eme-etape-tour-de-france-2025-mathieu-van-der-poel-simpose-avec-sang-froid-devant-tadej-pogacar\/\",\"url\":\"https:\/\/dicodusport.fr\/blog\/2eme-etape-tour-de-france-2025-mathieu-van-der-poel-simpose-avec-sang-froid-devant-tadej-pogacar\/\",\"name\":\"2\u00e8me \u00e9tape Tour de France 2025 : Mathieu van der Poel s'impose avec sang-froid devant Tadej Pogacar\",\"isPartOf\":{\"@id\":\"https:\/\/dicodusport.fr\/blog\/#website\"},\"primaryImageOfPage\":{\"@id\":\"https:\/\/dicodusport.fr\/blog\/2eme-etape-tour-de-france-2025-mathieu-van-der-poel-simpose-avec-sang-froid-devant-tadej-pogacar\/#primaryimage\"},\"image\":{\"@id\":\"https:\/\/dicodusport.fr\/blog\/2eme-etape-tour-de-france-2025-mathieu-van-der-poel-simpose-avec-sang-froid-devant-tadej-pogacar\/#primaryimage\"},\"thumbnailUrl\":\"https:\/\/dicodusport.fr\/blog\/wp-content\/uploads\/2025\/07\/2eme-etape-Tour-de-France-2025-Mathieu-van-der-Poel-simpose-avec-sang-froid-devant-Tadej-Pogacar-1.png\",\"datePublished\":\"2025-07-06T15:50:57+00:00\",\"dateModified\":\"2025-07-06T17:16:10+00:00\",\"description\":\"TOUR DE FRANCE 2025 - Mathieu van der Poel (Alpecin-Deceuninck) s'est impos\u00e9 \u00e0 Boulogne-sur-Mer, au terme de la deuxi\u00e8me \u00e9tape. Le N\u00e9erlandais s'est empar\u00e9 du maillot jaune.\u00a0\",\"breadcrumb\":{\"@id\":\"https:\/\/dicodusport.fr\/blog\/2eme-etape-tour-de-france-2025-mathieu-van-der-poel-simpose-avec-sang-froid-devant-tadej-pogacar\/#breadcrumb\"},\"inLanguage\":\"fr-FR\",\"potentialAction\":[{\"@type\":\"ReadAction\",\"target\":[\"https:\/\/dicodusport.fr\/blog\/2eme-etape-tour-de-france-2025-mathieu-van-der-poel-simpose-avec-sang-froid-devant-tadej-pogacar\/\"]}]},{\"@type\":\"ImageObject\",\"inLanguage\":\"fr-FR\",\"@id\":\"https:\/\/dicodusport.fr\/blog\/2eme-etape-tour-de-france-2025-mathieu-van-der-poel-simpose-avec-sang-froid-devant-tadej-pogacar\/#primaryimage\",\"url\":\"https:\/\/dicodusport.fr\/blog\/wp-content\/uploads\/2025\/07\/2eme-etape-Tour-de-France-2025-Mathieu-van-der-Poel-simpose-avec-sang-froid-devant-Tadej-Pogacar-1.png\",\"contentUrl\":\"https:\/\/dicodusport.fr\/blog\/wp-content\/uploads\/2025\/07\/2eme-etape-Tour-de-France-2025-Mathieu-van-der-Poel-simpose-avec-sang-froid-devant-Tadej-Pogacar-1.png\",\"width\":1200,\"height\":674,\"caption\":\"2\u00e8me \u00e9tape Tour de France 2025 Mathieu van der Poel s'impose avec sang-froid devant Tadej Pogacar (1)\"},{\"@type\":\"BreadcrumbList\",\"@id\":\"https:\/\/dicodusport.fr\/blog\/2eme-etape-tour-de-france-2025-mathieu-van-der-poel-simpose-avec-sang-froid-devant-tadej-pogacar\/#breadcrumb\",\"itemListElement\":[{\"@type\":\"ListItem\",\"position\":1,\"name\":\"Accueil\",\"item\":\"https:\/\/dicodusport.fr\/blog\/\"},{\"@type\":\"ListItem\",\"position\":2,\"name\":\"2\u00e8me \u00e9tape Tour de France 2025 : Mathieu van der Poel s&rsquo;impose avec sang-froid devant Tadej Pogacar\"}]},{\"@type\":\"WebSite\",\"@id\":\"https:\/\/dicodusport.fr\/blog\/#website\",\"url\":\"https:\/\/dicodusport.fr\/blog\/\",\"name\":\"Dicodusport\",\"description\":\"L&#039;encyclop\u00e9die de l&#039;actualit\u00e9 sportive\",\"publisher\":{\"@id\":\"https:\/\/dicodusport.fr\/blog\/#organization\"},\"potentialAction\":[{\"@type\":\"SearchAction\",\"target\":{\"@type\":\"EntryPoint\",\"urlTemplate\":\"https:\/\/dicodusport.fr\/blog\/?s={search_term_string}\"},\"query-input\":{\"@type\":\"PropertyValueSpecification\",\"valueRequired\":true,\"valueName\":\"search_term_string\"}}],\"inLanguage\":\"fr-FR\"},{\"@type\":\"NewsMediaOrganization\",\"@id\":\"https:\/\/dicodusport.fr\/blog\/#organization\",\"name\":\"Dicodusport\",\"url\":\"https:\/\/dicodusport.fr\/blog\/\",\"logo\":{\"@type\":\"ImageObject\",\"inLanguage\":\"fr-FR\",\"@id\":\"https:\/\/dicodusport.fr\/blog\/#\/schema\/logo\/image\/\",\"url\":\"https:\/\/dicodusport.fr\/blog\/wp-content\/uploads\/2020\/06\/cropped-LOGO-DICODUSPORT-2020-SANS-FOND-SANS-TEXTE.png\",\"contentUrl\":\"https:\/\/dicodusport.fr\/blog\/wp-content\/uploads\/2020\/06\/cropped-LOGO-DICODUSPORT-2020-SANS-FOND-SANS-TEXTE.png\",\"width\":512,\"height\":512,\"caption\":\"Dicodusport\"},\"image\":{\"@id\":\"https:\/\/dicodusport.fr\/blog\/#\/schema\/logo\/image\/\"},\"sameAs\":[\"https:\/\/www.facebook.com\/dicodusport\",\"https:\/\/x.com\/dicodusport\",\"https:\/\/www.instagram.com\/dicodusport\/\",\"https:\/\/www.youtube.com\/channel\/UC7V2KZ5sd3htJivAbA4ZG3w\"],\"description\":\"Dicodusport est l'encyclop\u00e9die de l'actualit\u00e9 sportive.\",\"email\":\"bonjour@dicodusport.fr\",\"legalName\":\"DICODUSPORT\",\"foundingDate\":\"2018-01-14\",\"vatID\":\"FR71834470973\",\"taxID\":\"83447097300043\",\"numberOfEmployees\":{\"@type\":\"QuantitativeValue\",\"minValue\":\"1\",\"maxValue\":\"10\"}},{\"@type\":\"Person\",\"@id\":\"https:\/\/dicodusport.fr\/blog\/#\/schema\/person\/6db4bae06b171592211be385b32876a7\",\"name\":\"Emilien Descampiaux\",\"image\":{\"@type\":\"ImageObject\",\"inLanguage\":\"fr-FR\",\"@id\":\"https:\/\/dicodusport.fr\/blog\/#\/schema\/person\/image\/\",\"url\":\"https:\/\/dicodusport.fr\/blog\/wp-content\/uploads\/2021\/05\/Emilien-Descampiaux-150x150.jpg\",\"contentUrl\":\"https:\/\/dicodusport.fr\/blog\/wp-content\/uploads\/2021\/05\/Emilien-Descampiaux-150x150.jpg\",\"caption\":\"Emilien Descampiaux\"},\"description\":\"Journaliste\/r\u00e9dacteur depuis 2014 - Fan de la classe de Frank Vandenbroucke, je vis cyclisme (et de ses paysages) depuis plus de 20 ans. Je suis tr\u00e8s impliqu\u00e9 sur mes diff\u00e9rents r\u00e9seaux sociaux pour partager ma passion sur le monde et l'Histoire de la bicyclette avec ma voix sur les images en noir et blanc du succ\u00e8s de Rik Van Steenbergen lors du Ronde sur le V\u00e9lodrome de Gand.\",\"sameAs\":[\"https:\/\/www.facebook.com\/groups\/LesRoisDuPeloton\",\"https:\/\/x.com\/https:\/\/twitter.com\/LRoisDuPeloton\"],\"url\":\"https:\/\/dicodusport.fr\/blog\/author\/emiliend\/\"}]}<\/script>\n<!-- \/ Yoast SEO Premium plugin. -->","yoast_head_json":{"title":"2\u00e8me \u00e9tape Tour de France 2025 : Mathieu van der Poel s'impose avec sang-froid devant Tadej Pogacar","description":"TOUR DE FRANCE 2025 - Mathieu van der Poel (Alpecin-Deceuninck) s'est impos\u00e9 \u00e0 Boulogne-sur-Mer, au terme de la deuxi\u00e8me \u00e9tape. Le N\u00e9erlandais s'est empar\u00e9 du maillot jaune.\u00a0","robots":{"index":"index","follow":"follow","max-snippet":"max-snippet:-1","max-image-preview":"max-image-preview:large","max-video-preview":"max-video-preview:-1"},"canonical":"https:\/\/dicodusport.fr\/blog\/2eme-etape-tour-de-france-2025-mathieu-van-der-poel-simpose-avec-sang-froid-devant-tadej-pogacar\/","og_locale":"fr_FR","og_type":"article","og_title":"2\u00e8me \u00e9tape Tour de France 2025 : Mathieu van der Poel s'impose avec sang-froid devant Tadej Pogacar","og_description":"TOUR DE FRANCE 2025 - Mathieu van der Poel (Alpecin-Deceuninck) s'est impos\u00e9 \u00e0 Boulogne-sur-Mer, au terme de la deuxi\u00e8me \u00e9tape. Le N\u00e9erlandais s'est empar\u00e9 du maillot jaune.\u00a0","og_url":"https:\/\/dicodusport.fr\/blog\/2eme-etape-tour-de-france-2025-mathieu-van-der-poel-simpose-avec-sang-froid-devant-tadej-pogacar\/","og_site_name":"Dicodusport","article_publisher":"https:\/\/www.facebook.com\/dicodusport","article_author":"https:\/\/www.facebook.com\/groups\/LesRoisDuPeloton","article_published_time":"2025-07-06T15:50:57+00:00","article_modified_time":"2025-07-06T17:16:10+00:00","og_image":[{"width":1200,"height":674,"url":"https:\/\/dicodusport.fr\/blog\/wp-content\/uploads\/2025\/07\/2eme-etape-Tour-de-France-2025-Mathieu-van-der-Poel-simpose-avec-sang-froid-devant-Tadej-Pogacar-1.png","type":"image\/png"}],"author":"Emilien Descampiaux","twitter_card":"summary_large_image","twitter_title":"2\u00e8me \u00e9tape Tour de France 2025 : Mathieu van der Poel s'impose avec sang-froid devant Tadej Pogacar","twitter_creator":"@https:\/\/twitter.com\/LRoisDuPeloton","twitter_site":"@dicodusport","schema":{"@context":"https:\/\/schema.org","@graph":[{"@type":"NewsArticle","@id":"https:\/\/dicodusport.fr\/blog\/2eme-etape-tour-de-france-2025-mathieu-van-der-poel-simpose-avec-sang-froid-devant-tadej-pogacar\/#article","isPartOf":{"@id":"https:\/\/dicodusport.fr\/blog\/2eme-etape-tour-de-france-2025-mathieu-van-der-poel-simpose-avec-sang-froid-devant-tadej-pogacar\/"},"author":{"name":"Emilien Descampiaux","@id":"https:\/\/dicodusport.fr\/blog\/#\/schema\/person\/6db4bae06b171592211be385b32876a7"},"headline":"2\u00e8me \u00e9tape Tour de France 2025 : Mathieu van der Poel s&rsquo;impose avec sang-froid devant Tadej Pogacar","datePublished":"2025-07-06T15:50:57+00:00","dateModified":"2025-07-06T17:16:10+00:00","mainEntityOfPage":{"@id":"https:\/\/dicodusport.fr\/blog\/2eme-etape-tour-de-france-2025-mathieu-van-der-poel-simpose-avec-sang-froid-devant-tadej-pogacar\/"},"wordCount":1007,"commentCount":0,"publisher":{"@id":"https:\/\/dicodusport.fr\/blog\/#organization"},"image":{"@id":"https:\/\/dicodusport.fr\/blog\/2eme-etape-tour-de-france-2025-mathieu-van-der-poel-simpose-avec-sang-froid-devant-tadej-pogacar\/#primaryimage"},"thumbnailUrl":"https:\/\/dicodusport.fr\/blog\/wp-content\/uploads\/2025\/07\/2eme-etape-Tour-de-France-2025-Mathieu-van-der-Poel-simpose-avec-sang-froid-devant-Tadej-Pogacar-1.png","keywords":["br\u00e8ve","Cyclisme","Cyclisme sur route","sport","Tour de France"],"articleSection":["Tour de France"],"inLanguage":"fr-FR","potentialAction":[{"@type":"CommentAction","name":"Comment","target":["https:\/\/dicodusport.fr\/blog\/2eme-etape-tour-de-france-2025-mathieu-van-der-poel-simpose-avec-sang-froid-devant-tadej-pogacar\/#respond"]}],"copyrightYear":"2025","copyrightHolder":{"@id":"https:\/\/dicodusport.fr\/blog\/#organization"}},{"@type":"WebPage","@id":"https:\/\/dicodusport.fr\/blog\/2eme-etape-tour-de-france-2025-mathieu-van-der-poel-simpose-avec-sang-froid-devant-tadej-pogacar\/","url":"https:\/\/dicodusport.fr\/blog\/2eme-etape-tour-de-france-2025-mathieu-van-der-poel-simpose-avec-sang-froid-devant-tadej-pogacar\/","name":"2\u00e8me \u00e9tape Tour de France 2025 : Mathieu van der Poel s'impose avec sang-froid devant Tadej Pogacar","isPartOf":{"@id":"https:\/\/dicodusport.fr\/blog\/#website"},"primaryImageOfPage":{"@id":"https:\/\/dicodusport.fr\/blog\/2eme-etape-tour-de-france-2025-mathieu-van-der-poel-simpose-avec-sang-froid-devant-tadej-pogacar\/#primaryimage"},"image":{"@id":"https:\/\/dicodusport.fr\/blog\/2eme-etape-tour-de-france-2025-mathieu-van-der-poel-simpose-avec-sang-froid-devant-tadej-pogacar\/#primaryimage"},"thumbnailUrl":"https:\/\/dicodusport.fr\/blog\/wp-content\/uploads\/2025\/07\/2eme-etape-Tour-de-France-2025-Mathieu-van-der-Poel-simpose-avec-sang-froid-devant-Tadej-Pogacar-1.png","datePublished":"2025-07-06T15:50:57+00:00","dateModified":"2025-07-06T17:16:10+00:00","description":"TOUR DE FRANCE 2025 - Mathieu van der Poel (Alpecin-Deceuninck) s'est impos\u00e9 \u00e0 Boulogne-sur-Mer, au terme de la deuxi\u00e8me \u00e9tape. Le N\u00e9erlandais s'est empar\u00e9 du maillot jaune.\u00a0","breadcrumb":{"@id":"https:\/\/dicodusport.fr\/blog\/2eme-etape-tour-de-france-2025-mathieu-van-der-poel-simpose-avec-sang-froid-devant-tadej-pogacar\/#breadcrumb"},"inLanguage":"fr-FR","potentialAction":[{"@type":"ReadAction","target":["https:\/\/dicodusport.fr\/blog\/2eme-etape-tour-de-france-2025-mathieu-van-der-poel-simpose-avec-sang-froid-devant-tadej-pogacar\/"]}]},{"@type":"ImageObject","inLanguage":"fr-FR","@id":"https:\/\/dicodusport.fr\/blog\/2eme-etape-tour-de-france-2025-mathieu-van-der-poel-simpose-avec-sang-froid-devant-tadej-pogacar\/#primaryimage","url":"https:\/\/dicodusport.fr\/blog\/wp-content\/uploads\/2025\/07\/2eme-etape-Tour-de-France-2025-Mathieu-van-der-Poel-simpose-avec-sang-froid-devant-Tadej-Pogacar-1.png","contentUrl":"https:\/\/dicodusport.fr\/blog\/wp-content\/uploads\/2025\/07\/2eme-etape-Tour-de-France-2025-Mathieu-van-der-Poel-simpose-avec-sang-froid-devant-Tadej-Pogacar-1.png","width":1200,"height":674,"caption":"2\u00e8me \u00e9tape Tour de France 2025 Mathieu van der Poel s'impose avec sang-froid devant Tadej Pogacar (1)"},{"@type":"BreadcrumbList","@id":"https:\/\/dicodusport.fr\/blog\/2eme-etape-tour-de-france-2025-mathieu-van-der-poel-simpose-avec-sang-froid-devant-tadej-pogacar\/#breadcrumb","itemListElement":[{"@type":"ListItem","position":1,"name":"Accueil","item":"https:\/\/dicodusport.fr\/blog\/"},{"@type":"ListItem","position":2,"name":"2\u00e8me \u00e9tape Tour de France 2025 : Mathieu van der Poel s&rsquo;impose avec sang-froid devant Tadej Pogacar"}]},{"@type":"WebSite","@id":"https:\/\/dicodusport.fr\/blog\/#website","url":"https:\/\/dicodusport.fr\/blog\/","name":"Dicodusport","description":"L&#039;encyclop\u00e9die de l&#039;actualit\u00e9 sportive","publisher":{"@id":"https:\/\/dicodusport.fr\/blog\/#organization"},"potentialAction":[{"@type":"SearchAction","target":{"@type":"EntryPoint","urlTemplate":"https:\/\/dicodusport.fr\/blog\/?s={search_term_string}"},"query-input":{"@type":"PropertyValueSpecification","valueRequired":true,"valueName":"search_term_string"}}],"inLanguage":"fr-FR"},{"@type":"NewsMediaOrganization","@id":"https:\/\/dicodusport.fr\/blog\/#organization","name":"Dicodusport","url":"https:\/\/dicodusport.fr\/blog\/","logo":{"@type":"ImageObject","inLanguage":"fr-FR","@id":"https:\/\/dicodusport.fr\/blog\/#\/schema\/logo\/image\/","url":"https:\/\/dicodusport.fr\/blog\/wp-content\/uploads\/2020\/06\/cropped-LOGO-DICODUSPORT-2020-SANS-FOND-SANS-TEXTE.png","contentUrl":"https:\/\/dicodusport.fr\/blog\/wp-content\/uploads\/2020\/06\/cropped-LOGO-DICODUSPORT-2020-SANS-FOND-SANS-TEXTE.png","width":512,"height":512,"caption":"Dicodusport"},"image":{"@id":"https:\/\/dicodusport.fr\/blog\/#\/schema\/logo\/image\/"},"sameAs":["https:\/\/www.facebook.com\/dicodusport","https:\/\/x.com\/dicodusport","https:\/\/www.instagram.com\/dicodusport\/","https:\/\/www.youtube.com\/channel\/UC7V2KZ5sd3htJivAbA4ZG3w"],"description":"Dicodusport est l'encyclop\u00e9die de l'actualit\u00e9 sportive.","email":"bonjour@dicodusport.fr","legalName":"DICODUSPORT","foundingDate":"2018-01-14","vatID":"FR71834470973","taxID":"83447097300043","numberOfEmployees":{"@type":"QuantitativeValue","minValue":"1","maxValue":"10"}},{"@type":"Person","@id":"https:\/\/dicodusport.fr\/blog\/#\/schema\/person\/6db4bae06b171592211be385b32876a7","name":"Emilien Descampiaux","image":{"@type":"ImageObject","inLanguage":"fr-FR","@id":"https:\/\/dicodusport.fr\/blog\/#\/schema\/person\/image\/","url":"https:\/\/dicodusport.fr\/blog\/wp-content\/uploads\/2021\/05\/Emilien-Descampiaux-150x150.jpg","contentUrl":"https:\/\/dicodusport.fr\/blog\/wp-content\/uploads\/2021\/05\/Emilien-Descampiaux-150x150.jpg","caption":"Emilien Descampiaux"},"description":"Journaliste\/r\u00e9dacteur depuis 2014 - Fan de la classe de Frank Vandenbroucke, je vis cyclisme (et de ses paysages) depuis plus de 20 ans. Je suis tr\u00e8s impliqu\u00e9 sur mes diff\u00e9rents r\u00e9seaux sociaux pour partager ma passion sur le monde et l'Histoire de la bicyclette avec ma voix sur les images en noir et blanc du succ\u00e8s de Rik Van Steenbergen lors du Ronde sur le V\u00e9lodrome de Gand.","sameAs":["https:\/\/www.facebook.com\/groups\/LesRoisDuPeloton","https:\/\/x.com\/https:\/\/twitter.com\/LRoisDuPeloton"],"url":"https:\/\/dicodusport.fr\/blog\/author\/emiliend\/"}]}},"_links":{"self":[{"href":"https:\/\/dicodusport.fr\/blog\/wp-json\/wp\/v2\/posts\/593056","targetHints":{"allow":["GET"]}}],"collection":[{"href":"https:\/\/dicodusport.fr\/blog\/wp-json\/wp\/v2\/posts"}],"about":[{"href":"https:\/\/dicodusport.fr\/blog\/wp-json\/wp\/v2\/types\/post"}],"author":[{"embeddable":true,"href":"https:\/\/dicodusport.fr\/blog\/wp-json\/wp\/v2\/users\/48"}],"replies":[{"embeddable":true,"href":"https:\/\/dicodusport.fr\/blog\/wp-json\/wp\/v2\/comments?post=593056"}],"version-history":[{"count":7,"href":"https:\/\/dicodusport.fr\/blog\/wp-json\/wp\/v2\/posts\/593056\/revisions"}],"predecessor-version":[{"id":593169,"href":"https:\/\/dicodusport.fr\/blog\/wp-json\/wp\/v2\/posts\/593056\/revisions\/593169"}],"wp:featuredmedia":[{"embeddable":true,"href":"https:\/\/dicodusport.fr\/blog\/wp-json\/wp\/v2\/media\/593131"}],"wp:attachment":[{"href":"https:\/\/dicodusport.fr\/blog\/wp-json\/wp\/v2\/media?parent=593056"}],"wp:term":[{"taxonomy":"category","embeddable":true,"href":"https:\/\/dicodusport.fr\/blog\/wp-json\/wp\/v2\/categories?post=593056"},{"taxonomy":"post_tag","embeddable":true,"href":"https:\/\/dicodusport.fr\/blog\/wp-json\/wp\/v2\/tags?post=593056"}],"curies":[{"name":"wp","href":"https:\/\/api.w.org\/{rel}","templated":true}]}}