{"id":593251,"date":"2025-07-07T09:34:24","date_gmt":"2025-07-07T07:34:24","guid":{"rendered":"https:\/\/dicodusport.fr\/blog\/?p=593251&#038;preview=true&#038;preview_id=593251"},"modified":"2025-07-07T09:41:00","modified_gmt":"2025-07-07T07:41:00","slug":"transferts-le-paris-fc-veut-benjamin-andre-et-otavio","status":"publish","type":"post","link":"https:\/\/dicodusport.fr\/blog\/transferts-le-paris-fc-veut-benjamin-andre-et-otavio\/","title":{"rendered":"Transferts : Le Paris FC veut Benjamin Andr\u00e9 et Otavio"},"content":{"rendered":"<p style=\"text-align: justify;\"><strong><em>TRANSFERTS FOOTBALL &#8211; Promu en Ligue 1, le Paris FC veut ajouter de l\u2019exp\u00e9rience \u00e0 un groupe d\u00e9j\u00e0 tr\u00e8s talentueux.<\/em><\/strong><\/p>\n<p style=\"text-align: justify;\">Pour son retour en Ligue 1, le <strong>Paris FC<\/strong> veut se renforcer. D\u00e9sormais sous le contr\u00f4le de la famille Arnault et de RedBull, le club parisien viserait deux joueurs, selon nos confr\u00e8res de <a href=\"https:\/\/www.lequipe.fr\/Football\/Actualites\/Le-paris-fc-espere-le-milieu-lillois-benjamin-andre-et-negocie-pour-otavio\/1576003\"><em>L\u2019\u00c9quipe<\/em><\/a>.<\/p>\n<div class=\"vlp-link-container vlp-layout-article\"><a href=\"https:\/\/dicodusport.fr\/blog\/mercato-paris-fc-2025-2026-le-tableau-complet-des-transferts-arrivees-et-departs\/\" class=\"vlp-link\" title=\"Mercato Paris FC 2025-2026 : Le tableau complet des transferts, arriv\u00e9es et d\u00e9parts\"><\/a><div class=\"vlp-layout-zone-side\"><div class=\"vlp-block-4 vlp-link-image\"><img loading=\"lazy\" decoding=\"async\" style=\"max-width: 792px;\" width=\"792\" height=\"445\" src=\"https:\/\/dicodusport.fr\/blog\/wp-content\/uploads\/2025\/05\/Mercato-Paris-FC-2025-2026-Le-tableau-complet-des-transferts-arrivees-et-departs.png\" class=\"attachment-800x445 size-800x445\" alt=\"Mercato Paris FC 2025-2026 Le tableau complet des transferts, arriv\u00e9es et d\u00e9parts\" srcset=\"https:\/\/dicodusport.fr\/blog\/wp-content\/uploads\/2025\/05\/Mercato-Paris-FC-2025-2026-Le-tableau-complet-des-transferts-arrivees-et-departs.png 1200w, https:\/\/dicodusport.fr\/blog\/wp-content\/uploads\/2025\/05\/Mercato-Paris-FC-2025-2026-Le-tableau-complet-des-transferts-arrivees-et-departs-300x169.png 300w, https:\/\/dicodusport.fr\/blog\/wp-content\/uploads\/2025\/05\/Mercato-Paris-FC-2025-2026-Le-tableau-complet-des-transferts-arrivees-et-departs-1024x575.png 1024w, https:\/\/dicodusport.fr\/blog\/wp-content\/uploads\/2025\/05\/Mercato-Paris-FC-2025-2026-Le-tableau-complet-des-transferts-arrivees-et-departs-768x431.png 768w\" sizes=\"auto, (max-width: 792px) 100vw, 792px\" \/><\/div><\/div><div class=\"vlp-layout-zone-main\"><div class=\"vlp-block-0 vlp-link-title\">Mercato Paris FC 2025-2026 : Le tableau complet des transferts, arriv\u00e9es et d\u00e9parts<\/div><div class=\"vlp-block-1 vlp-link-summary\">TRANSFERTS PARIS FC - Retrouvez tous les mouvements du Paris Football Club pour l'intersaison 2025 en Ligue 1. Arriv\u00e9es, d\u00e9part, pr\u00eats, transferts d\u00e9finitifs, ne ratez rien du mercato estival.\u00a0<\/div><div class=\"vlp-block-2 vlp-link-button\">Lire l'article<\/div><div class=\"vlp-block-3 vlp-link-url\">dicodusport.fr<\/div><\/div><\/div>\n<h2 style=\"text-align: justify;\">Un Fran\u00e7ais exp\u00e9riment\u00e9, et un jeune d\u00e9fenseur br\u00e9silien<\/h2>\n<p style=\"text-align: justify;\">Le Paris FC souhaiterait attirer <strong>Otavio<\/strong> dans ses filets. Le d\u00e9fenseur du FC Porto est sous contrat jusqu\u2019en 2028, mais sa clause lib\u00e9ratoire n\u2019est que de 10 millions d\u2019euros. Les discussions entre les deux clubs seraient bien avanc\u00e9es, et un accord serait proche d\u2019\u00eatre trouv\u00e9.<\/p>\n<p style=\"text-align: justify;\">Pour <strong>Benjamin Andr\u00e9<\/strong>, la donne est quelque peu diff\u00e9rente. Alors qu\u2019il va f\u00eater ses 35 ans au mois d\u2019ao\u00fbt, le milieu de terrain lillois est tr\u00e8s int\u00e9ress\u00e9 par le nouveau projet du Paris FC. Mais les dirigeants nordistes ne sont pas du m\u00eame avis, et ne comptent pas c\u00e9der leur joueur. Sous contrat jusqu\u2019en 2026, <strong>Andr\u00e9<\/strong> est un joueur r\u00e9f\u00e9renc\u00e9 de Ligue 1 (438 matchs), et repr\u00e9senterait un sacr\u00e9 gain d\u2019exp\u00e9rience pour le promu. La p\u00e9riode des transferts pour le Paris FC n&rsquo;est pas encore fini.<\/p>\n<ul style=\"text-align: justify;\">\n<li>\u00c0 lire aussi &#8211;\u00a0<a href=\"https:\/\/dicodusport.fr\/blog\/ligue-2-promu-en-ligue-1-le-paris-fc-change-de-dimension\/\"><strong>Promu en Ligue 1, le Paris FC change de dimension<\/strong><\/a><\/li>\n<\/ul>\n<p style=\"text-align: justify;\"><strong>Moses Simon<\/strong>, en provenance de Nantes, et <strong>Noah Sangui<\/strong>, de Reims, ont eux d\u00e9j\u00e0 sign\u00e9 avec le club parisien.<\/p>\n","protected":false},"excerpt":{"rendered":"<p>TRANSFERTS FOOTBALL &#8211; Promu en Ligue 1, le Paris FC veut ajouter de l\u2019exp\u00e9rience \u00e0 un groupe d\u00e9j\u00e0 tr\u00e8s talentueux.<\/p>\n","protected":false},"author":88,"featured_media":593254,"comment_status":"open","ping_status":"closed","sticky":false,"template":"","format":"standard","meta":{"_acf_changed":false,"_daextam_enable_autolinks":"1","footnotes":""},"categories":[47045],"tags":[16878,14093,3364],"class_list":["post-593251","post","type-post","status-publish","format-standard","has-post-thumbnail","hentry","category-ligue-1","tag-breve","tag-mercato-football","tag-paris-fc"],"acf":[],"yoast_head":"<!-- This site is optimized with the Yoast SEO Premium plugin v26.7 (Yoast SEO v26.7) - https:\/\/yoast.com\/wordpress\/plugins\/seo\/ -->\n<title>Transferts : Le Paris FC veut Benjamin Andr\u00e9 et Otavio<\/title>\n<meta name=\"description\" content=\"TRANSFERTS FOOTBALL - Promu en Ligue 1, le Paris FC veut ajouter de l\u2019exp\u00e9rience \u00e0 un groupe d\u00e9j\u00e0 tr\u00e8s talentueux.\" \/>\n<meta name=\"robots\" content=\"index, follow, max-snippet:-1, max-image-preview:large, max-video-preview:-1\" \/>\n<link rel=\"canonical\" href=\"https:\/\/dicodusport.fr\/blog\/transferts-le-paris-fc-veut-benjamin-andre-et-otavio\/\" \/>\n<meta property=\"og:locale\" content=\"fr_FR\" \/>\n<meta property=\"og:type\" content=\"article\" \/>\n<meta property=\"og:title\" content=\"Transferts : Le Paris FC veut Benjamin Andr\u00e9 et Otavio\" \/>\n<meta property=\"og:description\" content=\"TRANSFERTS FOOTBALL - Promu en Ligue 1, le Paris FC veut ajouter de l\u2019exp\u00e9rience \u00e0 un groupe d\u00e9j\u00e0 tr\u00e8s talentueux.\" \/>\n<meta property=\"og:url\" content=\"https:\/\/dicodusport.fr\/blog\/transferts-le-paris-fc-veut-benjamin-andre-et-otavio\/\" \/>\n<meta property=\"og:site_name\" content=\"Dicodusport\" \/>\n<meta property=\"article:publisher\" content=\"https:\/\/www.facebook.com\/dicodusport\" \/>\n<meta property=\"article:published_time\" content=\"2025-07-07T07:34:24+00:00\" \/>\n<meta property=\"article:modified_time\" content=\"2025-07-07T07:41:00+00:00\" \/>\n<meta property=\"og:image\" content=\"https:\/\/dicodusport.fr\/blog\/wp-content\/uploads\/2025\/07\/Transferts-Le-Paris-FC-veut-Benjamin-Andre-et-Otavio.png\" \/>\n\t<meta property=\"og:image:width\" content=\"1200\" \/>\n\t<meta property=\"og:image:height\" content=\"674\" \/>\n\t<meta property=\"og:image:type\" content=\"image\/png\" \/>\n<meta name=\"author\" content=\"Paul Lalevee\" \/>\n<meta name=\"twitter:card\" content=\"summary_large_image\" \/>\n<meta name=\"twitter:title\" content=\"Transferts : Le Paris FC veut Benjamin Andr\u00e9 et Otavio\" \/>\n<meta name=\"twitter:creator\" content=\"@dicodusport\" \/>\n<meta name=\"twitter:site\" content=\"@dicodusport\" \/>\n<script type=\"application\/ld+json\" class=\"yoast-schema-graph\">{\"@context\":\"https:\/\/schema.org\",\"@graph\":[{\"@type\":\"NewsArticle\",\"@id\":\"https:\/\/dicodusport.fr\/blog\/transferts-le-paris-fc-veut-benjamin-andre-et-otavio\/#article\",\"isPartOf\":{\"@id\":\"https:\/\/dicodusport.fr\/blog\/transferts-le-paris-fc-veut-benjamin-andre-et-otavio\/\"},\"author\":{\"name\":\"Paul Lalevee\",\"@id\":\"https:\/\/dicodusport.fr\/blog\/#\/schema\/person\/1eaa63dfac40b5e5c47f03a71920c1cd\"},\"headline\":\"Transferts : Le Paris FC veut Benjamin Andr\u00e9 et Otavio\",\"datePublished\":\"2025-07-07T07:34:24+00:00\",\"dateModified\":\"2025-07-07T07:41:00+00:00\",\"mainEntityOfPage\":{\"@id\":\"https:\/\/dicodusport.fr\/blog\/transferts-le-paris-fc-veut-benjamin-andre-et-otavio\/\"},\"wordCount\":342,\"commentCount\":0,\"publisher\":{\"@id\":\"https:\/\/dicodusport.fr\/blog\/#organization\"},\"image\":{\"@id\":\"https:\/\/dicodusport.fr\/blog\/transferts-le-paris-fc-veut-benjamin-andre-et-otavio\/#primaryimage\"},\"thumbnailUrl\":\"https:\/\/dicodusport.fr\/blog\/wp-content\/uploads\/2025\/07\/Transferts-Le-Paris-FC-veut-Benjamin-Andre-et-Otavio.png\",\"keywords\":[\"br\u00e8ve\",\"Mercato football\",\"Paris FC\"],\"articleSection\":[\"Ligue 1\"],\"inLanguage\":\"fr-FR\",\"potentialAction\":[{\"@type\":\"CommentAction\",\"name\":\"Comment\",\"target\":[\"https:\/\/dicodusport.fr\/blog\/transferts-le-paris-fc-veut-benjamin-andre-et-otavio\/#respond\"]}],\"copyrightYear\":\"2025\",\"copyrightHolder\":{\"@id\":\"https:\/\/dicodusport.fr\/blog\/#organization\"}},{\"@type\":\"WebPage\",\"@id\":\"https:\/\/dicodusport.fr\/blog\/transferts-le-paris-fc-veut-benjamin-andre-et-otavio\/\",\"url\":\"https:\/\/dicodusport.fr\/blog\/transferts-le-paris-fc-veut-benjamin-andre-et-otavio\/\",\"name\":\"Transferts : Le Paris FC veut Benjamin Andr\u00e9 et Otavio\",\"isPartOf\":{\"@id\":\"https:\/\/dicodusport.fr\/blog\/#website\"},\"primaryImageOfPage\":{\"@id\":\"https:\/\/dicodusport.fr\/blog\/transferts-le-paris-fc-veut-benjamin-andre-et-otavio\/#primaryimage\"},\"image\":{\"@id\":\"https:\/\/dicodusport.fr\/blog\/transferts-le-paris-fc-veut-benjamin-andre-et-otavio\/#primaryimage\"},\"thumbnailUrl\":\"https:\/\/dicodusport.fr\/blog\/wp-content\/uploads\/2025\/07\/Transferts-Le-Paris-FC-veut-Benjamin-Andre-et-Otavio.png\",\"datePublished\":\"2025-07-07T07:34:24+00:00\",\"dateModified\":\"2025-07-07T07:41:00+00:00\",\"description\":\"TRANSFERTS FOOTBALL - Promu en Ligue 1, le Paris FC veut ajouter de l\u2019exp\u00e9rience \u00e0 un groupe d\u00e9j\u00e0 tr\u00e8s talentueux.\",\"breadcrumb\":{\"@id\":\"https:\/\/dicodusport.fr\/blog\/transferts-le-paris-fc-veut-benjamin-andre-et-otavio\/#breadcrumb\"},\"inLanguage\":\"fr-FR\",\"potentialAction\":[{\"@type\":\"ReadAction\",\"target\":[\"https:\/\/dicodusport.fr\/blog\/transferts-le-paris-fc-veut-benjamin-andre-et-otavio\/\"]}]},{\"@type\":\"ImageObject\",\"inLanguage\":\"fr-FR\",\"@id\":\"https:\/\/dicodusport.fr\/blog\/transferts-le-paris-fc-veut-benjamin-andre-et-otavio\/#primaryimage\",\"url\":\"https:\/\/dicodusport.fr\/blog\/wp-content\/uploads\/2025\/07\/Transferts-Le-Paris-FC-veut-Benjamin-Andre-et-Otavio.png\",\"contentUrl\":\"https:\/\/dicodusport.fr\/blog\/wp-content\/uploads\/2025\/07\/Transferts-Le-Paris-FC-veut-Benjamin-Andre-et-Otavio.png\",\"width\":1200,\"height\":674,\"caption\":\"Transferts Le Paris FC veut Benjamin Andr\u00e9 et Otavio\"},{\"@type\":\"BreadcrumbList\",\"@id\":\"https:\/\/dicodusport.fr\/blog\/transferts-le-paris-fc-veut-benjamin-andre-et-otavio\/#breadcrumb\",\"itemListElement\":[{\"@type\":\"ListItem\",\"position\":1,\"name\":\"Accueil\",\"item\":\"https:\/\/dicodusport.fr\/blog\/\"},{\"@type\":\"ListItem\",\"position\":2,\"name\":\"Transferts : Le Paris FC veut Benjamin Andr\u00e9 et Otavio\"}]},{\"@type\":\"WebSite\",\"@id\":\"https:\/\/dicodusport.fr\/blog\/#website\",\"url\":\"https:\/\/dicodusport.fr\/blog\/\",\"name\":\"Dicodusport\",\"description\":\"L&#039;encyclop\u00e9die de l&#039;actualit\u00e9 sportive\",\"publisher\":{\"@id\":\"https:\/\/dicodusport.fr\/blog\/#organization\"},\"potentialAction\":[{\"@type\":\"SearchAction\",\"target\":{\"@type\":\"EntryPoint\",\"urlTemplate\":\"https:\/\/dicodusport.fr\/blog\/?s={search_term_string}\"},\"query-input\":{\"@type\":\"PropertyValueSpecification\",\"valueRequired\":true,\"valueName\":\"search_term_string\"}}],\"inLanguage\":\"fr-FR\"},{\"@type\":\"NewsMediaOrganization\",\"@id\":\"https:\/\/dicodusport.fr\/blog\/#organization\",\"name\":\"Dicodusport\",\"url\":\"https:\/\/dicodusport.fr\/blog\/\",\"logo\":{\"@type\":\"ImageObject\",\"inLanguage\":\"fr-FR\",\"@id\":\"https:\/\/dicodusport.fr\/blog\/#\/schema\/logo\/image\/\",\"url\":\"https:\/\/dicodusport.fr\/blog\/wp-content\/uploads\/2020\/06\/cropped-LOGO-DICODUSPORT-2020-SANS-FOND-SANS-TEXTE.png\",\"contentUrl\":\"https:\/\/dicodusport.fr\/blog\/wp-content\/uploads\/2020\/06\/cropped-LOGO-DICODUSPORT-2020-SANS-FOND-SANS-TEXTE.png\",\"width\":512,\"height\":512,\"caption\":\"Dicodusport\"},\"image\":{\"@id\":\"https:\/\/dicodusport.fr\/blog\/#\/schema\/logo\/image\/\"},\"sameAs\":[\"https:\/\/www.facebook.com\/dicodusport\",\"https:\/\/x.com\/dicodusport\",\"https:\/\/www.instagram.com\/dicodusport\/\",\"https:\/\/www.youtube.com\/channel\/UC7V2KZ5sd3htJivAbA4ZG3w\"],\"description\":\"Dicodusport est l'encyclop\u00e9die de l'actualit\u00e9 sportive.\",\"email\":\"bonjour@dicodusport.fr\",\"legalName\":\"DICODUSPORT\",\"foundingDate\":\"2018-01-14\",\"vatID\":\"FR71834470973\",\"taxID\":\"83447097300043\",\"numberOfEmployees\":{\"@type\":\"QuantitativeValue\",\"minValue\":\"1\",\"maxValue\":\"10\"}},{\"@type\":\"Person\",\"@id\":\"https:\/\/dicodusport.fr\/blog\/#\/schema\/person\/1eaa63dfac40b5e5c47f03a71920c1cd\",\"name\":\"Paul Lalevee\",\"image\":{\"@type\":\"ImageObject\",\"inLanguage\":\"fr-FR\",\"@id\":\"https:\/\/dicodusport.fr\/blog\/#\/schema\/person\/image\/\",\"url\":\"https:\/\/dicodusport.fr\/blog\/wp-content\/uploads\/2023\/10\/291154246_1690604071293245_3118259335115946499_n-150x150.jpg\",\"contentUrl\":\"https:\/\/dicodusport.fr\/blog\/wp-content\/uploads\/2023\/10\/291154246_1690604071293245_3118259335115946499_n-150x150.jpg\",\"caption\":\"Paul Lalevee\"},\"description\":\"La bulle Disney pendant le Covid, le Tour 2019, la Coupe du monde 2018. Ces trois \u00e9v\u00e9nements majeurs sont ancr\u00e9s dans ma t\u00eate de fan de sport, n\u00e9gativement ou positivement. Passionn\u00e9 de sport depuis l'enfance, j'ai d\u00e9cid\u00e9 de mettre ma passion de l'\u00e9criture au service de cette premi\u00e8re passion.\",\"url\":\"https:\/\/dicodusport.fr\/blog\/author\/paul-lalevee\/\"}]}<\/script>\n<!-- \/ Yoast SEO Premium plugin. -->","yoast_head_json":{"title":"Transferts : Le Paris FC veut Benjamin Andr\u00e9 et Otavio","description":"TRANSFERTS FOOTBALL - Promu en Ligue 1, le Paris FC veut ajouter de l\u2019exp\u00e9rience \u00e0 un groupe d\u00e9j\u00e0 tr\u00e8s talentueux.","robots":{"index":"index","follow":"follow","max-snippet":"max-snippet:-1","max-image-preview":"max-image-preview:large","max-video-preview":"max-video-preview:-1"},"canonical":"https:\/\/dicodusport.fr\/blog\/transferts-le-paris-fc-veut-benjamin-andre-et-otavio\/","og_locale":"fr_FR","og_type":"article","og_title":"Transferts : Le Paris FC veut Benjamin Andr\u00e9 et Otavio","og_description":"TRANSFERTS FOOTBALL - Promu en Ligue 1, le Paris FC veut ajouter de l\u2019exp\u00e9rience \u00e0 un groupe d\u00e9j\u00e0 tr\u00e8s talentueux.","og_url":"https:\/\/dicodusport.fr\/blog\/transferts-le-paris-fc-veut-benjamin-andre-et-otavio\/","og_site_name":"Dicodusport","article_publisher":"https:\/\/www.facebook.com\/dicodusport","article_published_time":"2025-07-07T07:34:24+00:00","article_modified_time":"2025-07-07T07:41:00+00:00","og_image":[{"width":1200,"height":674,"url":"https:\/\/dicodusport.fr\/blog\/wp-content\/uploads\/2025\/07\/Transferts-Le-Paris-FC-veut-Benjamin-Andre-et-Otavio.png","type":"image\/png"}],"author":"Paul Lalevee","twitter_card":"summary_large_image","twitter_title":"Transferts : Le Paris FC veut Benjamin Andr\u00e9 et Otavio","twitter_creator":"@dicodusport","twitter_site":"@dicodusport","schema":{"@context":"https:\/\/schema.org","@graph":[{"@type":"NewsArticle","@id":"https:\/\/dicodusport.fr\/blog\/transferts-le-paris-fc-veut-benjamin-andre-et-otavio\/#article","isPartOf":{"@id":"https:\/\/dicodusport.fr\/blog\/transferts-le-paris-fc-veut-benjamin-andre-et-otavio\/"},"author":{"name":"Paul Lalevee","@id":"https:\/\/dicodusport.fr\/blog\/#\/schema\/person\/1eaa63dfac40b5e5c47f03a71920c1cd"},"headline":"Transferts : Le Paris FC veut Benjamin Andr\u00e9 et Otavio","datePublished":"2025-07-07T07:34:24+00:00","dateModified":"2025-07-07T07:41:00+00:00","mainEntityOfPage":{"@id":"https:\/\/dicodusport.fr\/blog\/transferts-le-paris-fc-veut-benjamin-andre-et-otavio\/"},"wordCount":342,"commentCount":0,"publisher":{"@id":"https:\/\/dicodusport.fr\/blog\/#organization"},"image":{"@id":"https:\/\/dicodusport.fr\/blog\/transferts-le-paris-fc-veut-benjamin-andre-et-otavio\/#primaryimage"},"thumbnailUrl":"https:\/\/dicodusport.fr\/blog\/wp-content\/uploads\/2025\/07\/Transferts-Le-Paris-FC-veut-Benjamin-Andre-et-Otavio.png","keywords":["br\u00e8ve","Mercato football","Paris FC"],"articleSection":["Ligue 1"],"inLanguage":"fr-FR","potentialAction":[{"@type":"CommentAction","name":"Comment","target":["https:\/\/dicodusport.fr\/blog\/transferts-le-paris-fc-veut-benjamin-andre-et-otavio\/#respond"]}],"copyrightYear":"2025","copyrightHolder":{"@id":"https:\/\/dicodusport.fr\/blog\/#organization"}},{"@type":"WebPage","@id":"https:\/\/dicodusport.fr\/blog\/transferts-le-paris-fc-veut-benjamin-andre-et-otavio\/","url":"https:\/\/dicodusport.fr\/blog\/transferts-le-paris-fc-veut-benjamin-andre-et-otavio\/","name":"Transferts : Le Paris FC veut Benjamin Andr\u00e9 et Otavio","isPartOf":{"@id":"https:\/\/dicodusport.fr\/blog\/#website"},"primaryImageOfPage":{"@id":"https:\/\/dicodusport.fr\/blog\/transferts-le-paris-fc-veut-benjamin-andre-et-otavio\/#primaryimage"},"image":{"@id":"https:\/\/dicodusport.fr\/blog\/transferts-le-paris-fc-veut-benjamin-andre-et-otavio\/#primaryimage"},"thumbnailUrl":"https:\/\/dicodusport.fr\/blog\/wp-content\/uploads\/2025\/07\/Transferts-Le-Paris-FC-veut-Benjamin-Andre-et-Otavio.png","datePublished":"2025-07-07T07:34:24+00:00","dateModified":"2025-07-07T07:41:00+00:00","description":"TRANSFERTS FOOTBALL - Promu en Ligue 1, le Paris FC veut ajouter de l\u2019exp\u00e9rience \u00e0 un groupe d\u00e9j\u00e0 tr\u00e8s talentueux.","breadcrumb":{"@id":"https:\/\/dicodusport.fr\/blog\/transferts-le-paris-fc-veut-benjamin-andre-et-otavio\/#breadcrumb"},"inLanguage":"fr-FR","potentialAction":[{"@type":"ReadAction","target":["https:\/\/dicodusport.fr\/blog\/transferts-le-paris-fc-veut-benjamin-andre-et-otavio\/"]}]},{"@type":"ImageObject","inLanguage":"fr-FR","@id":"https:\/\/dicodusport.fr\/blog\/transferts-le-paris-fc-veut-benjamin-andre-et-otavio\/#primaryimage","url":"https:\/\/dicodusport.fr\/blog\/wp-content\/uploads\/2025\/07\/Transferts-Le-Paris-FC-veut-Benjamin-Andre-et-Otavio.png","contentUrl":"https:\/\/dicodusport.fr\/blog\/wp-content\/uploads\/2025\/07\/Transferts-Le-Paris-FC-veut-Benjamin-Andre-et-Otavio.png","width":1200,"height":674,"caption":"Transferts Le Paris FC veut Benjamin Andr\u00e9 et Otavio"},{"@type":"BreadcrumbList","@id":"https:\/\/dicodusport.fr\/blog\/transferts-le-paris-fc-veut-benjamin-andre-et-otavio\/#breadcrumb","itemListElement":[{"@type":"ListItem","position":1,"name":"Accueil","item":"https:\/\/dicodusport.fr\/blog\/"},{"@type":"ListItem","position":2,"name":"Transferts : Le Paris FC veut Benjamin Andr\u00e9 et Otavio"}]},{"@type":"WebSite","@id":"https:\/\/dicodusport.fr\/blog\/#website","url":"https:\/\/dicodusport.fr\/blog\/","name":"Dicodusport","description":"L&#039;encyclop\u00e9die de l&#039;actualit\u00e9 sportive","publisher":{"@id":"https:\/\/dicodusport.fr\/blog\/#organization"},"potentialAction":[{"@type":"SearchAction","target":{"@type":"EntryPoint","urlTemplate":"https:\/\/dicodusport.fr\/blog\/?s={search_term_string}"},"query-input":{"@type":"PropertyValueSpecification","valueRequired":true,"valueName":"search_term_string"}}],"inLanguage":"fr-FR"},{"@type":"NewsMediaOrganization","@id":"https:\/\/dicodusport.fr\/blog\/#organization","name":"Dicodusport","url":"https:\/\/dicodusport.fr\/blog\/","logo":{"@type":"ImageObject","inLanguage":"fr-FR","@id":"https:\/\/dicodusport.fr\/blog\/#\/schema\/logo\/image\/","url":"https:\/\/dicodusport.fr\/blog\/wp-content\/uploads\/2020\/06\/cropped-LOGO-DICODUSPORT-2020-SANS-FOND-SANS-TEXTE.png","contentUrl":"https:\/\/dicodusport.fr\/blog\/wp-content\/uploads\/2020\/06\/cropped-LOGO-DICODUSPORT-2020-SANS-FOND-SANS-TEXTE.png","width":512,"height":512,"caption":"Dicodusport"},"image":{"@id":"https:\/\/dicodusport.fr\/blog\/#\/schema\/logo\/image\/"},"sameAs":["https:\/\/www.facebook.com\/dicodusport","https:\/\/x.com\/dicodusport","https:\/\/www.instagram.com\/dicodusport\/","https:\/\/www.youtube.com\/channel\/UC7V2KZ5sd3htJivAbA4ZG3w"],"description":"Dicodusport est l'encyclop\u00e9die de l'actualit\u00e9 sportive.","email":"bonjour@dicodusport.fr","legalName":"DICODUSPORT","foundingDate":"2018-01-14","vatID":"FR71834470973","taxID":"83447097300043","numberOfEmployees":{"@type":"QuantitativeValue","minValue":"1","maxValue":"10"}},{"@type":"Person","@id":"https:\/\/dicodusport.fr\/blog\/#\/schema\/person\/1eaa63dfac40b5e5c47f03a71920c1cd","name":"Paul Lalevee","image":{"@type":"ImageObject","inLanguage":"fr-FR","@id":"https:\/\/dicodusport.fr\/blog\/#\/schema\/person\/image\/","url":"https:\/\/dicodusport.fr\/blog\/wp-content\/uploads\/2023\/10\/291154246_1690604071293245_3118259335115946499_n-150x150.jpg","contentUrl":"https:\/\/dicodusport.fr\/blog\/wp-content\/uploads\/2023\/10\/291154246_1690604071293245_3118259335115946499_n-150x150.jpg","caption":"Paul Lalevee"},"description":"La bulle Disney pendant le Covid, le Tour 2019, la Coupe du monde 2018. Ces trois \u00e9v\u00e9nements majeurs sont ancr\u00e9s dans ma t\u00eate de fan de sport, n\u00e9gativement ou positivement. Passionn\u00e9 de sport depuis l'enfance, j'ai d\u00e9cid\u00e9 de mettre ma passion de l'\u00e9criture au service de cette premi\u00e8re passion.","url":"https:\/\/dicodusport.fr\/blog\/author\/paul-lalevee\/"}]}},"_links":{"self":[{"href":"https:\/\/dicodusport.fr\/blog\/wp-json\/wp\/v2\/posts\/593251","targetHints":{"allow":["GET"]}}],"collection":[{"href":"https:\/\/dicodusport.fr\/blog\/wp-json\/wp\/v2\/posts"}],"about":[{"href":"https:\/\/dicodusport.fr\/blog\/wp-json\/wp\/v2\/types\/post"}],"author":[{"embeddable":true,"href":"https:\/\/dicodusport.fr\/blog\/wp-json\/wp\/v2\/users\/88"}],"replies":[{"embeddable":true,"href":"https:\/\/dicodusport.fr\/blog\/wp-json\/wp\/v2\/comments?post=593251"}],"version-history":[{"count":4,"href":"https:\/\/dicodusport.fr\/blog\/wp-json\/wp\/v2\/posts\/593251\/revisions"}],"predecessor-version":[{"id":593256,"href":"https:\/\/dicodusport.fr\/blog\/wp-json\/wp\/v2\/posts\/593251\/revisions\/593256"}],"wp:featuredmedia":[{"embeddable":true,"href":"https:\/\/dicodusport.fr\/blog\/wp-json\/wp\/v2\/media\/593254"}],"wp:attachment":[{"href":"https:\/\/dicodusport.fr\/blog\/wp-json\/wp\/v2\/media?parent=593251"}],"wp:term":[{"taxonomy":"category","embeddable":true,"href":"https:\/\/dicodusport.fr\/blog\/wp-json\/wp\/v2\/categories?post=593251"},{"taxonomy":"post_tag","embeddable":true,"href":"https:\/\/dicodusport.fr\/blog\/wp-json\/wp\/v2\/tags?post=593251"}],"curies":[{"name":"wp","href":"https:\/\/api.w.org\/{rel}","templated":true}]}}