{"id":593289,"date":"2025-07-07T17:56:13","date_gmt":"2025-07-07T15:56:13","guid":{"rendered":"https:\/\/dicodusport.fr\/blog\/?p=593289&#038;preview=true&#038;preview_id=593289"},"modified":"2025-07-07T18:12:06","modified_gmt":"2025-07-07T16:12:06","slug":"3eme-etape-tour-de-france-2025-victoire-de-tim-merlier-au-sprint","status":"publish","type":"post","link":"https:\/\/dicodusport.fr\/blog\/3eme-etape-tour-de-france-2025-victoire-de-tim-merlier-au-sprint\/","title":{"rendered":"3\u00e8me \u00e9tape Tour de France 2025 : Victoire de Tim Merlier au sprint"},"content":{"rendered":"<p style=\"text-align: justify;\"><em><strong>TOUR DE FRANCE 2025 &#8211; Le Belge Tim Merlier (Soudal Quick-Step) s&rsquo;impose au sprint d&rsquo;un boyau devant son rival Jonathan Milan (Lidl-Trek). Mathieu van der Poel (Alpecin &#8211; Deceuninck) reste en jaune tandis que son co\u00e9quipier Jasper Philipsen a abandonn\u00e9.<\/strong><\/em><\/p>\n<ul style=\"text-align: justify;\">\n<li><strong>\u00c0 ce sujet \u2013\u00a0<a href=\"https:\/\/dicodusport.fr\/blog\/3eme-etape-tour-de-france-2025-classement-et-resultats\/\">3\u00e8me \u00e9tape Tour de France 2025 \u2013 Classement et r\u00e9sultats<\/a><\/strong><\/li>\n<\/ul>\n<p style=\"text-align: justify;\"><strong>Tim Merlier<\/strong> (Soudal Quick-Step) a \u00e9chapp\u00e9 aux malheurs et aux chutes jusqu&rsquo;\u00e0 Dunkerque pour lever les bras et remporter sa deuxi\u00e8me \u00e9tape sur la Grande Boucle apr\u00e8s <a href=\"https:\/\/dicodusport.fr\/blog\/tour-de-france-2021-tim-merlier-simpose-au-sprint-sur-la-3eme-etape\/\">celle de 2021 \u00e0 Pontivy<\/a>. Un succ\u00e8s qui confirme son statut de meilleur sprinteur en 2025, m\u00eame si <strong>Jonathan Milan<\/strong> (Lidl-Trek) a bien failli contrarier ses plans en finissant tout pr\u00e8s du Belge. Il se consolait en s&#8217;emparant du maillot vert. <strong>Phil Bauhaus<\/strong> (Bahrain &#8211; Victorious) venait quant \u00e0 lui chercher un podium. Quant au maillot jaune, il restait sur les \u00e9paules de <strong>Mathieu van der Poel<\/strong> (Alpecin &#8211; Deceuninck), peu inqui\u00e9t\u00e9 aujourd&rsquo;hui.<\/p>\n<blockquote class=\"twitter-tweet\">\n<p dir=\"ltr\" lang=\"fr\"><a href=\"https:\/\/twitter.com\/hashtag\/TDF2025?src=hash&amp;ref_src=twsrc%5Etfw\">#TDF2025<\/a> | Encore des chutes \u00e0 l&rsquo;arriv\u00e9e&#8230; et Tim Merlier qui remporte la 3e \u00e9tape au sprint \u00e0 Dunkerque, devant Jonathan Milan \ud83d\udca5\ud83d\udc4a\ud83d\udca5<\/p>\n<p>\ud83d\udcfa Suivez le direct : <a href=\"https:\/\/t.co\/sJ5FaBLQpP\">https:\/\/t.co\/sJ5FaBLQpP<\/a> <a href=\"https:\/\/t.co\/AKSCNFJe3i\">pic.twitter.com\/AKSCNFJe3i<\/a><\/p>\n<p>\u2014 francetvsport (@francetvsport) <a href=\"https:\/\/twitter.com\/francetvsport\/status\/1942251305944097226?ref_src=twsrc%5Etfw\">July 7, 2025<\/a><\/p><\/blockquote>\n<p style=\"text-align: justify;\"><script async src=\"https:\/\/platform.twitter.com\/widgets.js\" charset=\"utf-8\"><\/script><\/p>\n<h2 style=\"text-align: justify;\">Philipsen : le coup dur<\/h2>\n<p style=\"text-align: justify;\">Nous partions tranquillement pour une bonne sieste. 118 km \u00e0 une allure mod\u00e9r\u00e9e de 36 km\/h et aucune \u00e9chapp\u00e9e consistante \u00e0 noter. Puis est venue l&rsquo;heure du sprint interm\u00e9diaire d&rsquo;Isbergues \u00e0 60 km de l&rsquo;arriv\u00e9e. Alors que <strong>Bryan Coquard<\/strong> (Cofidis) a touch\u00e9 <strong>Laurens Rex<\/strong> (Intermarch\u00e9 Wanty), il a d\u00e9vi\u00e9 de sa trajectoire et renvers\u00e9 le maillot vert<strong> Jasper Philipsen<\/strong> (Alpecin &#8211; Deceuninck). Le malheureux Belge se touchait l&rsquo;\u00e9paule et ne pouvait reprendre la route du Tour.<\/p>\n<ul style=\"text-align: justify;\">\n<li><strong>\u00c0 ce sujet &#8211; <a href=\"https:\/\/dicodusport.fr\/blog\/video-chute-spectaculaire-de-jasper-philipsen-le-maillot-vert-contraint-a-labandon\/\">[Vid\u00e9o] Chute spectaculaire de Jasper Philipsen : le maillot vert contraint \u00e0 l\u2019abandon<\/a><\/strong><\/li>\n<\/ul>\n<p style=\"text-align: justify;\">Un peu plus loin, le peloton franchissait une seconde fois le Mont Cassel sur ce Tour de France 2025. <strong>Tim Wellens<\/strong> (UAE Team Emirates &#8211; XRG) profitait d&rsquo;un bon de sortie pour prendre l&rsquo;unique point au sommet. Suffisant pour ravir le maillot \u00e0 pois \u00e0 son illustre leader <b>Tadej Poga\u010dar<\/b>. Dans le m\u00eame temps, <strong>Aur\u00e9lien Paret-Peintre<\/strong> (Decathlon &#8211; Ag2r La Mondiale), <strong>Alexey Lutsenko<\/strong> (Israel Premier Tech) et <strong>Einer Rubio<\/strong> (Movistar Team) go\u00fbtaient au bitume. Les trains se mettaient ensuite en place pour l&rsquo;issue connue de tous, alors que le jury choisissait de ne pas d\u00e9cerner de prix pour le plus combatif.<\/p>\n<h2 style=\"text-align: justify;\">Le Nord d\u00e9cid\u00e9ment \u00e0 l&rsquo;\u00e9preuve des chutes<\/h2>\n<p style=\"text-align: justify;\">Enfin, dernier fait de course et non des moindres \u00e0 3 km de l&rsquo;arriv\u00e9e. Plusieurs coureurs sont all\u00e9s au sol dont <strong>Remco Evenepoel<\/strong> (Soudal Quick-Step), <strong>Cl\u00e9ment Berthet<\/strong> et <strong>Bruno Armirail<\/strong> (Decathlon &#8211; Ag2r La Mondiale) et <strong>Geraint Thomas<\/strong> (Ineos Grenadiers). Mais le plus touch\u00e9 fut le Belge <strong>Jordi Meeus<\/strong> (Red Bull &#8211; Bora &#8211; Hansgrohe). Finalement, une ultime chute s&rsquo;est produite dans le dernier virage impliquant une nouvelle fois <strong>Bryan Coquard<\/strong> ou encore <strong>Cees Bol<\/strong> (XDS &#8211; Astana). Le peloton a, comme souvent, pay\u00e9 son tempo tranquille durant toute l&rsquo;\u00e9tape.<\/p>\n<ul style=\"text-align: justify;\">\n<li><strong>\u00c0 ce sujet \u2013\u00a0<a href=\"https:\/\/dicodusport.fr\/blog\/classement-general-actualise-tour-de-france-2025\/\">Classement g\u00e9n\u00e9ral actualis\u00e9 Tour de France 2025<\/a><\/strong><\/li>\n<\/ul>\n<h3 style=\"text-align: justify;\">\u00c0 lire aussi<\/h3>\n<ul>\n<li style=\"text-align: justify;\"><a href=\"https:\/\/dicodusport.fr\/blog\/maillot-vert-tour-de-france-2025-classement-par-points\/\"><strong>Classement par points<\/strong><\/a><\/li>\n<li style=\"text-align: justify;\"><a href=\"https:\/\/dicodusport.fr\/blog\/maillot-a-pois-tour-de-france-2025-classement-meilleur-grimpeur\/\"><strong>Classement meilleur grimpeur<\/strong><\/a><\/li>\n<li style=\"text-align: justify;\"><a href=\"https:\/\/dicodusport.fr\/blog\/maillot-blanc-tour-de-france-2025-classement-meilleur-jeune\/\"><strong>Classement meilleur jeune<\/strong><\/a><\/li>\n<\/ul>\n","protected":false},"excerpt":{"rendered":"<p>TOUR DE FRANCE 2025 &#8211; Le Belge Tim Merlier (Soudal Quick-Step) s&rsquo;impose au sprint d&rsquo;un boyau devant son rival Jonathan Milan (Lidl-Trek). Mathieu van der Poel (Alpecin &#8211; Deceuninck) reste en jaune tandis que son co\u00e9quipier Jasper Philipsen a abandonn\u00e9.<\/p>\n","protected":false},"author":92,"featured_media":593379,"comment_status":"open","ping_status":"closed","sticky":false,"template":"","format":"standard","meta":{"_acf_changed":false,"_daextam_enable_autolinks":"1","footnotes":""},"categories":[46995],"tags":[16878,574,11197,24,1262],"class_list":["post-593289","post","type-post","status-publish","format-standard","has-post-thumbnail","hentry","category-tour-de-france","tag-breve","tag-cyclisme","tag-cyclisme-sur-route","tag-sport","tag-tour-de-france"],"acf":[],"yoast_head":"<!-- This site is optimized with the Yoast SEO Premium plugin v26.7 (Yoast SEO v26.7) - https:\/\/yoast.com\/wordpress\/plugins\/seo\/ -->\n<title>3\u00e8me \u00e9tape Tour de France 2025 : Victoire de Tim Merlier au sprint<\/title>\n<meta name=\"description\" content=\"TOUR DE FRANCE 2025 - Le Belge Tim Merlier (Soudal Quick-Step) gagne au sprint et Mathieu van der Poel (Alpecin - Deceuninck) reste en jaune.\" \/>\n<meta name=\"robots\" content=\"index, follow, max-snippet:-1, max-image-preview:large, max-video-preview:-1\" \/>\n<link rel=\"canonical\" href=\"https:\/\/dicodusport.fr\/blog\/3eme-etape-tour-de-france-2025-victoire-de-tim-merlier-au-sprint\/\" \/>\n<meta property=\"og:locale\" content=\"fr_FR\" \/>\n<meta property=\"og:type\" content=\"article\" \/>\n<meta property=\"og:title\" content=\"3\u00e8me \u00e9tape Tour de France 2025 : Victoire de Tim Merlier au sprint\" \/>\n<meta property=\"og:description\" content=\"TOUR DE FRANCE 2025 - Le Belge Tim Merlier (Soudal Quick-Step) gagne au sprint et Mathieu van der Poel (Alpecin - Deceuninck) reste en jaune.\" \/>\n<meta property=\"og:url\" content=\"https:\/\/dicodusport.fr\/blog\/3eme-etape-tour-de-france-2025-victoire-de-tim-merlier-au-sprint\/\" \/>\n<meta property=\"og:site_name\" content=\"Dicodusport\" \/>\n<meta property=\"article:publisher\" content=\"https:\/\/www.facebook.com\/dicodusport\" \/>\n<meta property=\"article:published_time\" content=\"2025-07-07T15:56:13+00:00\" \/>\n<meta property=\"article:modified_time\" content=\"2025-07-07T16:12:06+00:00\" \/>\n<meta property=\"og:image\" content=\"https:\/\/dicodusport.fr\/blog\/wp-content\/uploads\/2025\/07\/3eme-etape-Tour-de-France-2025-Victoire-de-Tim-Merlier-au-sprint-1.png\" \/>\n\t<meta property=\"og:image:width\" content=\"1200\" \/>\n\t<meta property=\"og:image:height\" content=\"674\" \/>\n\t<meta property=\"og:image:type\" content=\"image\/png\" \/>\n<meta name=\"author\" content=\"Olivier Dobiezynski\" \/>\n<meta name=\"twitter:card\" content=\"summary_large_image\" \/>\n<meta name=\"twitter:title\" content=\"3\u00e8me \u00e9tape Tour de France 2025 : Victoire de Tim Merlier au sprint\" \/>\n<meta name=\"twitter:creator\" content=\"@https:\/\/x.com\/Olivier_Matros\" \/>\n<meta name=\"twitter:site\" content=\"@dicodusport\" \/>\n<script type=\"application\/ld+json\" class=\"yoast-schema-graph\">{\"@context\":\"https:\/\/schema.org\",\"@graph\":[{\"@type\":\"NewsArticle\",\"@id\":\"https:\/\/dicodusport.fr\/blog\/3eme-etape-tour-de-france-2025-victoire-de-tim-merlier-au-sprint\/#article\",\"isPartOf\":{\"@id\":\"https:\/\/dicodusport.fr\/blog\/3eme-etape-tour-de-france-2025-victoire-de-tim-merlier-au-sprint\/\"},\"author\":{\"name\":\"Olivier Dobiezynski\",\"@id\":\"https:\/\/dicodusport.fr\/blog\/#\/schema\/person\/fe500246414ca17ddf0c0312d7a792cc\"},\"headline\":\"3\u00e8me \u00e9tape Tour de France 2025 : Victoire de Tim Merlier au sprint\",\"datePublished\":\"2025-07-07T15:56:13+00:00\",\"dateModified\":\"2025-07-07T16:12:06+00:00\",\"mainEntityOfPage\":{\"@id\":\"https:\/\/dicodusport.fr\/blog\/3eme-etape-tour-de-france-2025-victoire-de-tim-merlier-au-sprint\/\"},\"wordCount\":538,\"commentCount\":0,\"publisher\":{\"@id\":\"https:\/\/dicodusport.fr\/blog\/#organization\"},\"image\":{\"@id\":\"https:\/\/dicodusport.fr\/blog\/3eme-etape-tour-de-france-2025-victoire-de-tim-merlier-au-sprint\/#primaryimage\"},\"thumbnailUrl\":\"https:\/\/dicodusport.fr\/blog\/wp-content\/uploads\/2025\/07\/3eme-etape-Tour-de-France-2025-Victoire-de-Tim-Merlier-au-sprint-1.png\",\"keywords\":[\"br\u00e8ve\",\"Cyclisme\",\"Cyclisme sur route\",\"sport\",\"Tour de France\"],\"articleSection\":[\"Tour de France\"],\"inLanguage\":\"fr-FR\",\"potentialAction\":[{\"@type\":\"CommentAction\",\"name\":\"Comment\",\"target\":[\"https:\/\/dicodusport.fr\/blog\/3eme-etape-tour-de-france-2025-victoire-de-tim-merlier-au-sprint\/#respond\"]}],\"copyrightYear\":\"2025\",\"copyrightHolder\":{\"@id\":\"https:\/\/dicodusport.fr\/blog\/#organization\"}},{\"@type\":\"WebPage\",\"@id\":\"https:\/\/dicodusport.fr\/blog\/3eme-etape-tour-de-france-2025-victoire-de-tim-merlier-au-sprint\/\",\"url\":\"https:\/\/dicodusport.fr\/blog\/3eme-etape-tour-de-france-2025-victoire-de-tim-merlier-au-sprint\/\",\"name\":\"3\u00e8me \u00e9tape Tour de France 2025 : Victoire de Tim Merlier au sprint\",\"isPartOf\":{\"@id\":\"https:\/\/dicodusport.fr\/blog\/#website\"},\"primaryImageOfPage\":{\"@id\":\"https:\/\/dicodusport.fr\/blog\/3eme-etape-tour-de-france-2025-victoire-de-tim-merlier-au-sprint\/#primaryimage\"},\"image\":{\"@id\":\"https:\/\/dicodusport.fr\/blog\/3eme-etape-tour-de-france-2025-victoire-de-tim-merlier-au-sprint\/#primaryimage\"},\"thumbnailUrl\":\"https:\/\/dicodusport.fr\/blog\/wp-content\/uploads\/2025\/07\/3eme-etape-Tour-de-France-2025-Victoire-de-Tim-Merlier-au-sprint-1.png\",\"datePublished\":\"2025-07-07T15:56:13+00:00\",\"dateModified\":\"2025-07-07T16:12:06+00:00\",\"description\":\"TOUR DE FRANCE 2025 - Le Belge Tim Merlier (Soudal Quick-Step) gagne au sprint et Mathieu van der Poel (Alpecin - Deceuninck) reste en jaune.\",\"breadcrumb\":{\"@id\":\"https:\/\/dicodusport.fr\/blog\/3eme-etape-tour-de-france-2025-victoire-de-tim-merlier-au-sprint\/#breadcrumb\"},\"inLanguage\":\"fr-FR\",\"potentialAction\":[{\"@type\":\"ReadAction\",\"target\":[\"https:\/\/dicodusport.fr\/blog\/3eme-etape-tour-de-france-2025-victoire-de-tim-merlier-au-sprint\/\"]}]},{\"@type\":\"ImageObject\",\"inLanguage\":\"fr-FR\",\"@id\":\"https:\/\/dicodusport.fr\/blog\/3eme-etape-tour-de-france-2025-victoire-de-tim-merlier-au-sprint\/#primaryimage\",\"url\":\"https:\/\/dicodusport.fr\/blog\/wp-content\/uploads\/2025\/07\/3eme-etape-Tour-de-France-2025-Victoire-de-Tim-Merlier-au-sprint-1.png\",\"contentUrl\":\"https:\/\/dicodusport.fr\/blog\/wp-content\/uploads\/2025\/07\/3eme-etape-Tour-de-France-2025-Victoire-de-Tim-Merlier-au-sprint-1.png\",\"width\":1200,\"height\":674,\"caption\":\"3\u00e8me \u00e9tape Tour de France 2025 Victoire de Tim Merlier au sprint\"},{\"@type\":\"BreadcrumbList\",\"@id\":\"https:\/\/dicodusport.fr\/blog\/3eme-etape-tour-de-france-2025-victoire-de-tim-merlier-au-sprint\/#breadcrumb\",\"itemListElement\":[{\"@type\":\"ListItem\",\"position\":1,\"name\":\"Accueil\",\"item\":\"https:\/\/dicodusport.fr\/blog\/\"},{\"@type\":\"ListItem\",\"position\":2,\"name\":\"3\u00e8me \u00e9tape Tour de France 2025 : Victoire de Tim Merlier au sprint\"}]},{\"@type\":\"WebSite\",\"@id\":\"https:\/\/dicodusport.fr\/blog\/#website\",\"url\":\"https:\/\/dicodusport.fr\/blog\/\",\"name\":\"Dicodusport\",\"description\":\"L&#039;encyclop\u00e9die de l&#039;actualit\u00e9 sportive\",\"publisher\":{\"@id\":\"https:\/\/dicodusport.fr\/blog\/#organization\"},\"potentialAction\":[{\"@type\":\"SearchAction\",\"target\":{\"@type\":\"EntryPoint\",\"urlTemplate\":\"https:\/\/dicodusport.fr\/blog\/?s={search_term_string}\"},\"query-input\":{\"@type\":\"PropertyValueSpecification\",\"valueRequired\":true,\"valueName\":\"search_term_string\"}}],\"inLanguage\":\"fr-FR\"},{\"@type\":\"NewsMediaOrganization\",\"@id\":\"https:\/\/dicodusport.fr\/blog\/#organization\",\"name\":\"Dicodusport\",\"url\":\"https:\/\/dicodusport.fr\/blog\/\",\"logo\":{\"@type\":\"ImageObject\",\"inLanguage\":\"fr-FR\",\"@id\":\"https:\/\/dicodusport.fr\/blog\/#\/schema\/logo\/image\/\",\"url\":\"https:\/\/dicodusport.fr\/blog\/wp-content\/uploads\/2020\/06\/cropped-LOGO-DICODUSPORT-2020-SANS-FOND-SANS-TEXTE.png\",\"contentUrl\":\"https:\/\/dicodusport.fr\/blog\/wp-content\/uploads\/2020\/06\/cropped-LOGO-DICODUSPORT-2020-SANS-FOND-SANS-TEXTE.png\",\"width\":512,\"height\":512,\"caption\":\"Dicodusport\"},\"image\":{\"@id\":\"https:\/\/dicodusport.fr\/blog\/#\/schema\/logo\/image\/\"},\"sameAs\":[\"https:\/\/www.facebook.com\/dicodusport\",\"https:\/\/x.com\/dicodusport\",\"https:\/\/www.instagram.com\/dicodusport\/\",\"https:\/\/www.youtube.com\/channel\/UC7V2KZ5sd3htJivAbA4ZG3w\"],\"description\":\"Dicodusport est l'encyclop\u00e9die de l'actualit\u00e9 sportive.\",\"email\":\"bonjour@dicodusport.fr\",\"legalName\":\"DICODUSPORT\",\"foundingDate\":\"2018-01-14\",\"vatID\":\"FR71834470973\",\"taxID\":\"83447097300043\",\"numberOfEmployees\":{\"@type\":\"QuantitativeValue\",\"minValue\":\"1\",\"maxValue\":\"10\"}},{\"@type\":\"Person\",\"@id\":\"https:\/\/dicodusport.fr\/blog\/#\/schema\/person\/fe500246414ca17ddf0c0312d7a792cc\",\"name\":\"Olivier Dobiezynski\",\"image\":{\"@type\":\"ImageObject\",\"inLanguage\":\"fr-FR\",\"@id\":\"https:\/\/dicodusport.fr\/blog\/#\/schema\/person\/image\/\",\"url\":\"https:\/\/dicodusport.fr\/blog\/wp-content\/uploads\/2024\/09\/5be8fe8d-9962-4f1e-ad06-d6f9dee30e6d-150x150.jpg\",\"contentUrl\":\"https:\/\/dicodusport.fr\/blog\/wp-content\/uploads\/2024\/09\/5be8fe8d-9962-4f1e-ad06-d6f9dee30e6d-150x150.jpg\",\"caption\":\"Olivier Dobiezynski\"},\"description\":\"Depuis le milieu des ann\u00e9es 90, la passion du cyclisme m'anime. Mes h\u00e9ros s'appellent Luc Leblanc, Piotr Ugrumov, Paolo Savoldelli, Peter Sagan et bien \u00e9videmment Romain Bardet. R\u00e9dacteur depuis 2023, je suis ici pour partager cet amour de la Petite Reine. Vous pourrez me lire \u00e9galement sur du trail, du ski de fond et tout autre sujet susceptible d'\u00e9veiller ma curiosit\u00e9 sportive.\",\"sameAs\":[\"https:\/\/x.com\/https:\/\/x.com\/Olivier_Matros\"],\"url\":\"https:\/\/dicodusport.fr\/blog\/author\/olivier-gh\/\"}]}<\/script>\n<!-- \/ Yoast SEO Premium plugin. -->","yoast_head_json":{"title":"3\u00e8me \u00e9tape Tour de France 2025 : Victoire de Tim Merlier au sprint","description":"TOUR DE FRANCE 2025 - Le Belge Tim Merlier (Soudal Quick-Step) gagne au sprint et Mathieu van der Poel (Alpecin - Deceuninck) reste en jaune.","robots":{"index":"index","follow":"follow","max-snippet":"max-snippet:-1","max-image-preview":"max-image-preview:large","max-video-preview":"max-video-preview:-1"},"canonical":"https:\/\/dicodusport.fr\/blog\/3eme-etape-tour-de-france-2025-victoire-de-tim-merlier-au-sprint\/","og_locale":"fr_FR","og_type":"article","og_title":"3\u00e8me \u00e9tape Tour de France 2025 : Victoire de Tim Merlier au sprint","og_description":"TOUR DE FRANCE 2025 - Le Belge Tim Merlier (Soudal Quick-Step) gagne au sprint et Mathieu van der Poel (Alpecin - Deceuninck) reste en jaune.","og_url":"https:\/\/dicodusport.fr\/blog\/3eme-etape-tour-de-france-2025-victoire-de-tim-merlier-au-sprint\/","og_site_name":"Dicodusport","article_publisher":"https:\/\/www.facebook.com\/dicodusport","article_published_time":"2025-07-07T15:56:13+00:00","article_modified_time":"2025-07-07T16:12:06+00:00","og_image":[{"width":1200,"height":674,"url":"https:\/\/dicodusport.fr\/blog\/wp-content\/uploads\/2025\/07\/3eme-etape-Tour-de-France-2025-Victoire-de-Tim-Merlier-au-sprint-1.png","type":"image\/png"}],"author":"Olivier Dobiezynski","twitter_card":"summary_large_image","twitter_title":"3\u00e8me \u00e9tape Tour de France 2025 : Victoire de Tim Merlier au sprint","twitter_creator":"@https:\/\/x.com\/Olivier_Matros","twitter_site":"@dicodusport","schema":{"@context":"https:\/\/schema.org","@graph":[{"@type":"NewsArticle","@id":"https:\/\/dicodusport.fr\/blog\/3eme-etape-tour-de-france-2025-victoire-de-tim-merlier-au-sprint\/#article","isPartOf":{"@id":"https:\/\/dicodusport.fr\/blog\/3eme-etape-tour-de-france-2025-victoire-de-tim-merlier-au-sprint\/"},"author":{"name":"Olivier Dobiezynski","@id":"https:\/\/dicodusport.fr\/blog\/#\/schema\/person\/fe500246414ca17ddf0c0312d7a792cc"},"headline":"3\u00e8me \u00e9tape Tour de France 2025 : Victoire de Tim Merlier au sprint","datePublished":"2025-07-07T15:56:13+00:00","dateModified":"2025-07-07T16:12:06+00:00","mainEntityOfPage":{"@id":"https:\/\/dicodusport.fr\/blog\/3eme-etape-tour-de-france-2025-victoire-de-tim-merlier-au-sprint\/"},"wordCount":538,"commentCount":0,"publisher":{"@id":"https:\/\/dicodusport.fr\/blog\/#organization"},"image":{"@id":"https:\/\/dicodusport.fr\/blog\/3eme-etape-tour-de-france-2025-victoire-de-tim-merlier-au-sprint\/#primaryimage"},"thumbnailUrl":"https:\/\/dicodusport.fr\/blog\/wp-content\/uploads\/2025\/07\/3eme-etape-Tour-de-France-2025-Victoire-de-Tim-Merlier-au-sprint-1.png","keywords":["br\u00e8ve","Cyclisme","Cyclisme sur route","sport","Tour de France"],"articleSection":["Tour de France"],"inLanguage":"fr-FR","potentialAction":[{"@type":"CommentAction","name":"Comment","target":["https:\/\/dicodusport.fr\/blog\/3eme-etape-tour-de-france-2025-victoire-de-tim-merlier-au-sprint\/#respond"]}],"copyrightYear":"2025","copyrightHolder":{"@id":"https:\/\/dicodusport.fr\/blog\/#organization"}},{"@type":"WebPage","@id":"https:\/\/dicodusport.fr\/blog\/3eme-etape-tour-de-france-2025-victoire-de-tim-merlier-au-sprint\/","url":"https:\/\/dicodusport.fr\/blog\/3eme-etape-tour-de-france-2025-victoire-de-tim-merlier-au-sprint\/","name":"3\u00e8me \u00e9tape Tour de France 2025 : Victoire de Tim Merlier au sprint","isPartOf":{"@id":"https:\/\/dicodusport.fr\/blog\/#website"},"primaryImageOfPage":{"@id":"https:\/\/dicodusport.fr\/blog\/3eme-etape-tour-de-france-2025-victoire-de-tim-merlier-au-sprint\/#primaryimage"},"image":{"@id":"https:\/\/dicodusport.fr\/blog\/3eme-etape-tour-de-france-2025-victoire-de-tim-merlier-au-sprint\/#primaryimage"},"thumbnailUrl":"https:\/\/dicodusport.fr\/blog\/wp-content\/uploads\/2025\/07\/3eme-etape-Tour-de-France-2025-Victoire-de-Tim-Merlier-au-sprint-1.png","datePublished":"2025-07-07T15:56:13+00:00","dateModified":"2025-07-07T16:12:06+00:00","description":"TOUR DE FRANCE 2025 - Le Belge Tim Merlier (Soudal Quick-Step) gagne au sprint et Mathieu van der Poel (Alpecin - Deceuninck) reste en jaune.","breadcrumb":{"@id":"https:\/\/dicodusport.fr\/blog\/3eme-etape-tour-de-france-2025-victoire-de-tim-merlier-au-sprint\/#breadcrumb"},"inLanguage":"fr-FR","potentialAction":[{"@type":"ReadAction","target":["https:\/\/dicodusport.fr\/blog\/3eme-etape-tour-de-france-2025-victoire-de-tim-merlier-au-sprint\/"]}]},{"@type":"ImageObject","inLanguage":"fr-FR","@id":"https:\/\/dicodusport.fr\/blog\/3eme-etape-tour-de-france-2025-victoire-de-tim-merlier-au-sprint\/#primaryimage","url":"https:\/\/dicodusport.fr\/blog\/wp-content\/uploads\/2025\/07\/3eme-etape-Tour-de-France-2025-Victoire-de-Tim-Merlier-au-sprint-1.png","contentUrl":"https:\/\/dicodusport.fr\/blog\/wp-content\/uploads\/2025\/07\/3eme-etape-Tour-de-France-2025-Victoire-de-Tim-Merlier-au-sprint-1.png","width":1200,"height":674,"caption":"3\u00e8me \u00e9tape Tour de France 2025 Victoire de Tim Merlier au sprint"},{"@type":"BreadcrumbList","@id":"https:\/\/dicodusport.fr\/blog\/3eme-etape-tour-de-france-2025-victoire-de-tim-merlier-au-sprint\/#breadcrumb","itemListElement":[{"@type":"ListItem","position":1,"name":"Accueil","item":"https:\/\/dicodusport.fr\/blog\/"},{"@type":"ListItem","position":2,"name":"3\u00e8me \u00e9tape Tour de France 2025 : Victoire de Tim Merlier au sprint"}]},{"@type":"WebSite","@id":"https:\/\/dicodusport.fr\/blog\/#website","url":"https:\/\/dicodusport.fr\/blog\/","name":"Dicodusport","description":"L&#039;encyclop\u00e9die de l&#039;actualit\u00e9 sportive","publisher":{"@id":"https:\/\/dicodusport.fr\/blog\/#organization"},"potentialAction":[{"@type":"SearchAction","target":{"@type":"EntryPoint","urlTemplate":"https:\/\/dicodusport.fr\/blog\/?s={search_term_string}"},"query-input":{"@type":"PropertyValueSpecification","valueRequired":true,"valueName":"search_term_string"}}],"inLanguage":"fr-FR"},{"@type":"NewsMediaOrganization","@id":"https:\/\/dicodusport.fr\/blog\/#organization","name":"Dicodusport","url":"https:\/\/dicodusport.fr\/blog\/","logo":{"@type":"ImageObject","inLanguage":"fr-FR","@id":"https:\/\/dicodusport.fr\/blog\/#\/schema\/logo\/image\/","url":"https:\/\/dicodusport.fr\/blog\/wp-content\/uploads\/2020\/06\/cropped-LOGO-DICODUSPORT-2020-SANS-FOND-SANS-TEXTE.png","contentUrl":"https:\/\/dicodusport.fr\/blog\/wp-content\/uploads\/2020\/06\/cropped-LOGO-DICODUSPORT-2020-SANS-FOND-SANS-TEXTE.png","width":512,"height":512,"caption":"Dicodusport"},"image":{"@id":"https:\/\/dicodusport.fr\/blog\/#\/schema\/logo\/image\/"},"sameAs":["https:\/\/www.facebook.com\/dicodusport","https:\/\/x.com\/dicodusport","https:\/\/www.instagram.com\/dicodusport\/","https:\/\/www.youtube.com\/channel\/UC7V2KZ5sd3htJivAbA4ZG3w"],"description":"Dicodusport est l'encyclop\u00e9die de l'actualit\u00e9 sportive.","email":"bonjour@dicodusport.fr","legalName":"DICODUSPORT","foundingDate":"2018-01-14","vatID":"FR71834470973","taxID":"83447097300043","numberOfEmployees":{"@type":"QuantitativeValue","minValue":"1","maxValue":"10"}},{"@type":"Person","@id":"https:\/\/dicodusport.fr\/blog\/#\/schema\/person\/fe500246414ca17ddf0c0312d7a792cc","name":"Olivier Dobiezynski","image":{"@type":"ImageObject","inLanguage":"fr-FR","@id":"https:\/\/dicodusport.fr\/blog\/#\/schema\/person\/image\/","url":"https:\/\/dicodusport.fr\/blog\/wp-content\/uploads\/2024\/09\/5be8fe8d-9962-4f1e-ad06-d6f9dee30e6d-150x150.jpg","contentUrl":"https:\/\/dicodusport.fr\/blog\/wp-content\/uploads\/2024\/09\/5be8fe8d-9962-4f1e-ad06-d6f9dee30e6d-150x150.jpg","caption":"Olivier Dobiezynski"},"description":"Depuis le milieu des ann\u00e9es 90, la passion du cyclisme m'anime. Mes h\u00e9ros s'appellent Luc Leblanc, Piotr Ugrumov, Paolo Savoldelli, Peter Sagan et bien \u00e9videmment Romain Bardet. R\u00e9dacteur depuis 2023, je suis ici pour partager cet amour de la Petite Reine. Vous pourrez me lire \u00e9galement sur du trail, du ski de fond et tout autre sujet susceptible d'\u00e9veiller ma curiosit\u00e9 sportive.","sameAs":["https:\/\/x.com\/https:\/\/x.com\/Olivier_Matros"],"url":"https:\/\/dicodusport.fr\/blog\/author\/olivier-gh\/"}]}},"_links":{"self":[{"href":"https:\/\/dicodusport.fr\/blog\/wp-json\/wp\/v2\/posts\/593289","targetHints":{"allow":["GET"]}}],"collection":[{"href":"https:\/\/dicodusport.fr\/blog\/wp-json\/wp\/v2\/posts"}],"about":[{"href":"https:\/\/dicodusport.fr\/blog\/wp-json\/wp\/v2\/types\/post"}],"author":[{"embeddable":true,"href":"https:\/\/dicodusport.fr\/blog\/wp-json\/wp\/v2\/users\/92"}],"replies":[{"embeddable":true,"href":"https:\/\/dicodusport.fr\/blog\/wp-json\/wp\/v2\/comments?post=593289"}],"version-history":[{"count":5,"href":"https:\/\/dicodusport.fr\/blog\/wp-json\/wp\/v2\/posts\/593289\/revisions"}],"predecessor-version":[{"id":593383,"href":"https:\/\/dicodusport.fr\/blog\/wp-json\/wp\/v2\/posts\/593289\/revisions\/593383"}],"wp:featuredmedia":[{"embeddable":true,"href":"https:\/\/dicodusport.fr\/blog\/wp-json\/wp\/v2\/media\/593379"}],"wp:attachment":[{"href":"https:\/\/dicodusport.fr\/blog\/wp-json\/wp\/v2\/media?parent=593289"}],"wp:term":[{"taxonomy":"category","embeddable":true,"href":"https:\/\/dicodusport.fr\/blog\/wp-json\/wp\/v2\/categories?post=593289"},{"taxonomy":"post_tag","embeddable":true,"href":"https:\/\/dicodusport.fr\/blog\/wp-json\/wp\/v2\/tags?post=593289"}],"curies":[{"name":"wp","href":"https:\/\/api.w.org\/{rel}","templated":true}]}}