{"id":593313,"date":"2025-07-07T22:04:08","date_gmt":"2025-07-07T20:04:08","guid":{"rendered":"https:\/\/dicodusport.fr\/blog\/?p=593313&#038;preview=true&#038;preview_id=593313"},"modified":"2025-07-07T22:04:08","modified_gmt":"2025-07-07T20:04:08","slug":"wimbledon-2025-novak-djokovic-belinda-bencic-jannik-sinner-le-resume-du-lundi-7-juillet","status":"publish","type":"post","link":"https:\/\/dicodusport.fr\/blog\/wimbledon-2025-novak-djokovic-belinda-bencic-jannik-sinner-le-resume-du-lundi-7-juillet\/","title":{"rendered":"Wimbledon 2025 : Novak Djokovic, Belinda Bencic, Jannik Sinner, le r\u00e9sum\u00e9 du lundi 7 juillet"},"content":{"rendered":"<p style=\"text-align: justify;\"><strong><em>WIMBLEDON 2025 &#8211; Retour au premier plan pour Belinda Bencic, Novak Djokovic est insubmersible et Jannik Sinner a vu la fin de pr\u00e8s : la fin des 8\u00e8mes de finale a \u00e9t\u00e9 anim\u00e9e \u00e0 Wimbledon.<\/em><\/strong><\/p>\n<p style=\"text-align: justify;\">Encore et toujours, <strong>Novak Djokovic<\/strong>. Au premier set de son match contre <strong>Alex de Minaur<\/strong>, le Serbe a \u00e9t\u00e9 totalement hors sujet, et l&rsquo;on se demandait si son cr\u00e9puscule allait arriver. La r\u00e9ponse a \u00e9t\u00e9 incroyable. Indiscutablement dans le dur physiquement, il a tout de m\u00eame renvers\u00e9 la situation, allant m\u00eame remonter un d\u00e9ficit de 4-1 dans la quatri\u00e8me manche pour s&rsquo;\u00e9viter un set d\u00e9cisif. Il sera grand favori de son quart de finale contre <strong>Flavio Cobolli<\/strong>, pour qui ce sera une grande premi\u00e8re \u00e0 ce niveau, mais qui n&rsquo;aura clairement rien \u00e0 perdre apr\u00e8s un succ\u00e8s solide sur l&rsquo;ancien finaliste <strong>Marin \u010cili\u0107<\/strong>.<\/p>\n<blockquote class=\"twitter-tweet\">\n<p dir=\"ltr\" lang=\"en\">Djokovic gets it done \ud83d\udcaa<\/p>\n<p>After going a set down against Alex de Minaur, Djokovic recovers to win 1-6, 6-4, 6-4, 6-4 against the Australian and move into his 16th <a href=\"https:\/\/twitter.com\/hashtag\/Wimbledon?src=hash&amp;ref_src=twsrc%5Etfw\">#Wimbledon<\/a> quarter-finals \ud83d\ude2e<\/p>\n<p>There&rsquo;s just no stopping him \u26a1\ufe0f <a href=\"https:\/\/t.co\/mIRU2jjkXF\">pic.twitter.com\/mIRU2jjkXF<\/a><\/p>\n<p>\u2014 Wimbledon (@Wimbledon) <a href=\"https:\/\/twitter.com\/Wimbledon\/status\/1942252144544870619?ref_src=twsrc%5Etfw\">July 7, 2025<\/a><\/p><\/blockquote>\n<p style=\"text-align: justify;\"><script async src=\"https:\/\/platform.twitter.com\/widgets.js\" charset=\"utf-8\"><\/script><br \/>\n<strong>Ben Shelton<\/strong>, lui, a mis fin au parcours de <strong>Lorenzo Sonego<\/strong>&#8230; pour la troisi\u00e8me fois en trois tournois du Grand Chelem en 2025 (une premi\u00e8re dans l&rsquo;histoire). L&rsquo;Am\u00e9ricain sera face \u00e0 <strong>Jannik Sinner<\/strong> en quarts, parce que l&rsquo;Italien s&rsquo;en est sorti par miracle, du moins de son point de vue. De celui de <strong>Grigor Dimitrov<\/strong>, c&rsquo;est une incroyable d\u00e9sillusion. Le Bulgare menait deux manches \u00e0 rien et sortait un immense match contre le n\u00b01 mondial, avant de se blesser aux pectoraux sur un service et de devoir abandonner, malheureusement une triste habitude pour lui cette saison&#8230; Quel coup de semonce pour l&rsquo;Italien !<\/p>\n<ul style=\"text-align: justify;\">\n<li><strong>\u00c0 lire aussi \u2013\u00a0<a href=\"https:\/\/dicodusport.fr\/blog\/wimbledon-2025-le-tableau-de-simple-hommes\/\">Wimbledon 2025 : Le tableau de simple hommes<\/a><\/strong><\/li>\n<\/ul>\n<h2 style=\"text-align: justify;\">Le retour de Bencic<\/h2>\n<p style=\"text-align: justify;\"><strong>Belinda Bencic<\/strong> n&rsquo;est revenue \u00e0 la comp\u00e9tition qu&rsquo;en fin d&rsquo;ann\u00e9e 2024, apr\u00e8s avoir connu les joies de la maternit\u00e9. Depuis, elle a fait un 8\u00e8me de finale \u00e0 l&rsquo;Open d&rsquo;Australie, a gagn\u00e9 le WTA 500 d&rsquo;Abu Dhabi, et elle est d\u00e9sormais en quarts \u00e0 Wimbledon, apr\u00e8s avoir sorti <strong>Ekaterina Alexandrova<\/strong>, pourtant une cliente sur le gazon. Mais elle sera tout sauf favorite en quarts contre <strong>Mirra Andreeva<\/strong>, qui a survol\u00e9 un match qui s&rsquo;annon\u00e7ait pourtant compliqu\u00e9 contre <strong>Emma Navarro<\/strong>.<\/p>\n<blockquote class=\"twitter-tweet\">\n<p dir=\"ltr\" lang=\"en\">What a moment \u2728<\/p>\n<p>In her ninth appearance at The Championships, Belinda Bencic reaches her first QF at SW19 \ud83d\udc4f<a href=\"https:\/\/twitter.com\/hashtag\/Wimbledon?src=hash&amp;ref_src=twsrc%5Etfw\">#Wimbledon<\/a> <a href=\"https:\/\/t.co\/QgprKB6lDL\">pic.twitter.com\/QgprKB6lDL<\/a><\/p>\n<p>\u2014 Wimbledon (@Wimbledon) <a href=\"https:\/\/twitter.com\/Wimbledon\/status\/1942223927624790151?ref_src=twsrc%5Etfw\">July 7, 2025<\/a><\/p><\/blockquote>\n<p style=\"text-align: justify;\"><script async src=\"https:\/\/platform.twitter.com\/widgets.js\" charset=\"utf-8\"><\/script><\/p>\n<p style=\"text-align: justify;\"><strong>Iga \u015awi\u0105tek<\/strong>, elle, semble enfin s&rsquo;habituer au gazon. Alors qu&rsquo;elle a chut\u00e9 au classement et qu&rsquo;elle n&rsquo;a plus gagn\u00e9 de titre depuis&#8230; Roland-Garros 2024, la Polonaise a \u00e9gal\u00e9 son meilleur r\u00e9sultat \u00e0 Wimbledon en sortant ais\u00e9ment <strong>Clara Tauson<\/strong> pour atteindre les quarts de finale. Elle y croisera le fer avec <strong>Liudmila Samsonova<\/strong>, pour qui ce sera une premi\u00e8re \u00e0 ce niveau. Mais la Russe est une sp\u00e9cialiste du gazon, et cela donnera sans nul doute une opposition de styles des plus passionnante.<\/p>\n<ul style=\"text-align: justify;\">\n<li><strong>\u00c0 lire aussi \u2013\u00a0<a href=\"https:\/\/dicodusport.fr\/blog\/wimbledon-2025-le-tableau-de-simple-dames\/\">Wimbledon 2025 : le tableau de simple dames<\/a><\/strong><\/li>\n<\/ul>\n<h2 style=\"text-align: justify;\">Les Bleus en berne<\/h2>\n<p style=\"text-align: justify;\">Hier l&rsquo;Australien <strong>Jordan Thompson<\/strong> avait abandonn\u00e9 en simple pendant son 8\u00e8me de finale. Comme craint, il a d\u00fb d\u00e9clarer forfait en double, ce qui a condamn\u00e9 son partenaire, un certain <strong>Pierre-Hugues Herbert<\/strong>, \u00e9limin\u00e9 sans combattre avant son 8\u00e8me de finale. Sur les trois tableaux de double confondus, il ne reste donc qu&rsquo;un seul Fran\u00e7ais,<strong> \u00c9douard Roger-Vasselin<\/strong>, associ\u00e9 au Mon\u00e9gasque <strong>Hugo Nys<\/strong>, qui jouera demain son 8\u00e8me de finale.<\/p>\n<ul style=\"text-align: justify;\">\n<li><strong>\u00c0 ce sujet &#8211; <a href=\"https:\/\/dicodusport.fr\/blog\/wimbledon-2025-le-tableau-de-double-hommes\/\">Wimbledon 2025 : le tableau de double hommes<\/a><\/strong><\/li>\n<\/ul>\n<p style=\"text-align: justify;\">Chez les juniors, une seule Fran\u00e7aise est engag\u00e9e :<strong> Ksenia Efremova<\/strong>. Malheureusement, si elle avait franchi le premier tour en simple, elle n&rsquo;est pas all\u00e9e plus loin que les 16\u00e8mes de finale. <strong>Mia Pohankov\u00e1<\/strong> \u00e9tait trop forte, et le fait de perdre quatre fois sa mise en jeu a pes\u00e9 trop lourd dans la balance. Il ne lui reste que le double, demain, avec la Chinoise <strong>Ruien Zhang<\/strong>, pour sauver l&rsquo;honneur.<\/p>\n<ul>\n<li style=\"text-align: justify;\"><strong>\u00c0 ce sujet &#8211; <a href=\"https:\/\/dicodusport.fr\/blog\/wimbledon-2025-les-tableaux-juniors\/\">Wimbledon 2025 : Les tableaux juniors<\/a><\/strong><\/li>\n<\/ul>\n","protected":false},"excerpt":{"rendered":"<p>WIMBLEDON 2025 &#8211; Retour au premier plan pour Belinda Bencic, Novak Djokovic est insubmersible et Jannik Sinner a vu la fin de pr\u00e8s : la fin des 8\u00e8mes de finale a \u00e9t\u00e9 anim\u00e9e \u00e0 Wimbledon.<\/p>\n","protected":false},"author":59,"featured_media":593404,"comment_status":"open","ping_status":"closed","sticky":false,"template":"","format":"standard","meta":{"_acf_changed":false,"_daextam_enable_autolinks":"1","footnotes":""},"categories":[47092],"tags":[16878,2512],"class_list":["post-593313","post","type-post","status-publish","format-standard","has-post-thumbnail","hentry","category-wimbledon","tag-breve","tag-wimbledon"],"acf":[],"yoast_head":"<!-- This site is optimized with the Yoast SEO Premium plugin v26.7 (Yoast SEO v26.7) - https:\/\/yoast.com\/wordpress\/plugins\/seo\/ -->\n<title>Wimbledon 2025 : Novak Djokovic, Belinda Bencic, Jannik Sinner, le r\u00e9sum\u00e9 du lundi 7 juillet<\/title>\n<meta name=\"description\" content=\"WIMBLEDON 2025 - Retour au premier plan pour Belinda Bencic, Novak Djokovic est insubmersible et Jannik Sinner a vu la fin de pr\u00e8s.\" \/>\n<meta name=\"robots\" content=\"index, follow, max-snippet:-1, max-image-preview:large, max-video-preview:-1\" \/>\n<link rel=\"canonical\" href=\"https:\/\/dicodusport.fr\/blog\/wimbledon-2025-novak-djokovic-belinda-bencic-jannik-sinner-le-resume-du-lundi-7-juillet\/\" \/>\n<meta property=\"og:locale\" content=\"fr_FR\" \/>\n<meta property=\"og:type\" content=\"article\" \/>\n<meta property=\"og:title\" content=\"Wimbledon 2025 : Novak Djokovic, Belinda Bencic, Jannik Sinner, le r\u00e9sum\u00e9 du lundi 7 juillet\" \/>\n<meta property=\"og:description\" content=\"WIMBLEDON 2025 - Retour au premier plan pour Belinda Bencic, Novak Djokovic est insubmersible et Jannik Sinner a vu la fin de pr\u00e8s.\" \/>\n<meta property=\"og:url\" content=\"https:\/\/dicodusport.fr\/blog\/wimbledon-2025-novak-djokovic-belinda-bencic-jannik-sinner-le-resume-du-lundi-7-juillet\/\" \/>\n<meta property=\"og:site_name\" content=\"Dicodusport\" \/>\n<meta property=\"article:publisher\" content=\"https:\/\/www.facebook.com\/dicodusport\" \/>\n<meta property=\"article:author\" content=\"https:\/\/www.facebook.com\/sebastien.gente\/\" \/>\n<meta property=\"article:published_time\" content=\"2025-07-07T20:04:08+00:00\" \/>\n<meta property=\"og:image\" content=\"https:\/\/dicodusport.fr\/blog\/wp-content\/uploads\/2025\/07\/Wimbledon-2025-Novak-Djokovic-Belinda-Bencic-Jannik-Sinner-le-resume-du-lundi-7-juillet.png\" \/>\n\t<meta property=\"og:image:width\" content=\"1200\" \/>\n\t<meta property=\"og:image:height\" content=\"674\" \/>\n\t<meta property=\"og:image:type\" content=\"image\/png\" \/>\n<meta name=\"author\" content=\"S\u00e9bastien Gente\" \/>\n<meta name=\"twitter:card\" content=\"summary_large_image\" \/>\n<meta name=\"twitter:title\" content=\"Wimbledon 2025 : Novak Djokovic, Belinda Bencic, Jannik Sinner, le r\u00e9sum\u00e9 du lundi 7 juillet\" \/>\n<meta name=\"twitter:creator\" content=\"@https:\/\/twitter.com\/globulo24\" \/>\n<meta name=\"twitter:site\" content=\"@dicodusport\" \/>\n<script type=\"application\/ld+json\" class=\"yoast-schema-graph\">{\"@context\":\"https:\/\/schema.org\",\"@graph\":[{\"@type\":\"NewsArticle\",\"@id\":\"https:\/\/dicodusport.fr\/blog\/wimbledon-2025-novak-djokovic-belinda-bencic-jannik-sinner-le-resume-du-lundi-7-juillet\/#article\",\"isPartOf\":{\"@id\":\"https:\/\/dicodusport.fr\/blog\/wimbledon-2025-novak-djokovic-belinda-bencic-jannik-sinner-le-resume-du-lundi-7-juillet\/\"},\"author\":{\"name\":\"S\u00e9bastien Gente\",\"@id\":\"https:\/\/dicodusport.fr\/blog\/#\/schema\/person\/627966a6cde45dbd8c5e36ac85d783da\"},\"headline\":\"Wimbledon 2025 : Novak Djokovic, Belinda Bencic, Jannik Sinner, le r\u00e9sum\u00e9 du lundi 7 juillet\",\"datePublished\":\"2025-07-07T20:04:08+00:00\",\"mainEntityOfPage\":{\"@id\":\"https:\/\/dicodusport.fr\/blog\/wimbledon-2025-novak-djokovic-belinda-bencic-jannik-sinner-le-resume-du-lundi-7-juillet\/\"},\"wordCount\":706,\"commentCount\":0,\"publisher\":{\"@id\":\"https:\/\/dicodusport.fr\/blog\/#organization\"},\"image\":{\"@id\":\"https:\/\/dicodusport.fr\/blog\/wimbledon-2025-novak-djokovic-belinda-bencic-jannik-sinner-le-resume-du-lundi-7-juillet\/#primaryimage\"},\"thumbnailUrl\":\"https:\/\/dicodusport.fr\/blog\/wp-content\/uploads\/2025\/07\/Wimbledon-2025-Novak-Djokovic-Belinda-Bencic-Jannik-Sinner-le-resume-du-lundi-7-juillet.png\",\"keywords\":[\"br\u00e8ve\",\"wimbledon\"],\"articleSection\":[\"Wimbledon\"],\"inLanguage\":\"fr-FR\",\"potentialAction\":[{\"@type\":\"CommentAction\",\"name\":\"Comment\",\"target\":[\"https:\/\/dicodusport.fr\/blog\/wimbledon-2025-novak-djokovic-belinda-bencic-jannik-sinner-le-resume-du-lundi-7-juillet\/#respond\"]}],\"copyrightYear\":\"2025\",\"copyrightHolder\":{\"@id\":\"https:\/\/dicodusport.fr\/blog\/#organization\"}},{\"@type\":\"WebPage\",\"@id\":\"https:\/\/dicodusport.fr\/blog\/wimbledon-2025-novak-djokovic-belinda-bencic-jannik-sinner-le-resume-du-lundi-7-juillet\/\",\"url\":\"https:\/\/dicodusport.fr\/blog\/wimbledon-2025-novak-djokovic-belinda-bencic-jannik-sinner-le-resume-du-lundi-7-juillet\/\",\"name\":\"Wimbledon 2025 : Novak Djokovic, Belinda Bencic, Jannik Sinner, le r\u00e9sum\u00e9 du lundi 7 juillet\",\"isPartOf\":{\"@id\":\"https:\/\/dicodusport.fr\/blog\/#website\"},\"primaryImageOfPage\":{\"@id\":\"https:\/\/dicodusport.fr\/blog\/wimbledon-2025-novak-djokovic-belinda-bencic-jannik-sinner-le-resume-du-lundi-7-juillet\/#primaryimage\"},\"image\":{\"@id\":\"https:\/\/dicodusport.fr\/blog\/wimbledon-2025-novak-djokovic-belinda-bencic-jannik-sinner-le-resume-du-lundi-7-juillet\/#primaryimage\"},\"thumbnailUrl\":\"https:\/\/dicodusport.fr\/blog\/wp-content\/uploads\/2025\/07\/Wimbledon-2025-Novak-Djokovic-Belinda-Bencic-Jannik-Sinner-le-resume-du-lundi-7-juillet.png\",\"datePublished\":\"2025-07-07T20:04:08+00:00\",\"description\":\"WIMBLEDON 2025 - Retour au premier plan pour Belinda Bencic, Novak Djokovic est insubmersible et Jannik Sinner a vu la fin de pr\u00e8s.\",\"breadcrumb\":{\"@id\":\"https:\/\/dicodusport.fr\/blog\/wimbledon-2025-novak-djokovic-belinda-bencic-jannik-sinner-le-resume-du-lundi-7-juillet\/#breadcrumb\"},\"inLanguage\":\"fr-FR\",\"potentialAction\":[{\"@type\":\"ReadAction\",\"target\":[\"https:\/\/dicodusport.fr\/blog\/wimbledon-2025-novak-djokovic-belinda-bencic-jannik-sinner-le-resume-du-lundi-7-juillet\/\"]}]},{\"@type\":\"ImageObject\",\"inLanguage\":\"fr-FR\",\"@id\":\"https:\/\/dicodusport.fr\/blog\/wimbledon-2025-novak-djokovic-belinda-bencic-jannik-sinner-le-resume-du-lundi-7-juillet\/#primaryimage\",\"url\":\"https:\/\/dicodusport.fr\/blog\/wp-content\/uploads\/2025\/07\/Wimbledon-2025-Novak-Djokovic-Belinda-Bencic-Jannik-Sinner-le-resume-du-lundi-7-juillet.png\",\"contentUrl\":\"https:\/\/dicodusport.fr\/blog\/wp-content\/uploads\/2025\/07\/Wimbledon-2025-Novak-Djokovic-Belinda-Bencic-Jannik-Sinner-le-resume-du-lundi-7-juillet.png\",\"width\":1200,\"height\":674,\"caption\":\"Wimbledon 2025 Novak Djokovic, Belinda Bencic, Jannik Sinner, le r\u00e9sum\u00e9 du lundi 7 juillet\"},{\"@type\":\"BreadcrumbList\",\"@id\":\"https:\/\/dicodusport.fr\/blog\/wimbledon-2025-novak-djokovic-belinda-bencic-jannik-sinner-le-resume-du-lundi-7-juillet\/#breadcrumb\",\"itemListElement\":[{\"@type\":\"ListItem\",\"position\":1,\"name\":\"Accueil\",\"item\":\"https:\/\/dicodusport.fr\/blog\/\"},{\"@type\":\"ListItem\",\"position\":2,\"name\":\"Wimbledon 2025 : Novak Djokovic, Belinda Bencic, Jannik Sinner, le r\u00e9sum\u00e9 du lundi 7 juillet\"}]},{\"@type\":\"WebSite\",\"@id\":\"https:\/\/dicodusport.fr\/blog\/#website\",\"url\":\"https:\/\/dicodusport.fr\/blog\/\",\"name\":\"Dicodusport\",\"description\":\"L&#039;encyclop\u00e9die de l&#039;actualit\u00e9 sportive\",\"publisher\":{\"@id\":\"https:\/\/dicodusport.fr\/blog\/#organization\"},\"potentialAction\":[{\"@type\":\"SearchAction\",\"target\":{\"@type\":\"EntryPoint\",\"urlTemplate\":\"https:\/\/dicodusport.fr\/blog\/?s={search_term_string}\"},\"query-input\":{\"@type\":\"PropertyValueSpecification\",\"valueRequired\":true,\"valueName\":\"search_term_string\"}}],\"inLanguage\":\"fr-FR\"},{\"@type\":\"NewsMediaOrganization\",\"@id\":\"https:\/\/dicodusport.fr\/blog\/#organization\",\"name\":\"Dicodusport\",\"url\":\"https:\/\/dicodusport.fr\/blog\/\",\"logo\":{\"@type\":\"ImageObject\",\"inLanguage\":\"fr-FR\",\"@id\":\"https:\/\/dicodusport.fr\/blog\/#\/schema\/logo\/image\/\",\"url\":\"https:\/\/dicodusport.fr\/blog\/wp-content\/uploads\/2020\/06\/cropped-LOGO-DICODUSPORT-2020-SANS-FOND-SANS-TEXTE.png\",\"contentUrl\":\"https:\/\/dicodusport.fr\/blog\/wp-content\/uploads\/2020\/06\/cropped-LOGO-DICODUSPORT-2020-SANS-FOND-SANS-TEXTE.png\",\"width\":512,\"height\":512,\"caption\":\"Dicodusport\"},\"image\":{\"@id\":\"https:\/\/dicodusport.fr\/blog\/#\/schema\/logo\/image\/\"},\"sameAs\":[\"https:\/\/www.facebook.com\/dicodusport\",\"https:\/\/x.com\/dicodusport\",\"https:\/\/www.instagram.com\/dicodusport\/\",\"https:\/\/www.youtube.com\/channel\/UC7V2KZ5sd3htJivAbA4ZG3w\"],\"description\":\"Dicodusport est l'encyclop\u00e9die de l'actualit\u00e9 sportive.\",\"email\":\"bonjour@dicodusport.fr\",\"legalName\":\"DICODUSPORT\",\"foundingDate\":\"2018-01-14\",\"vatID\":\"FR71834470973\",\"taxID\":\"83447097300043\",\"numberOfEmployees\":{\"@type\":\"QuantitativeValue\",\"minValue\":\"1\",\"maxValue\":\"10\"}},{\"@type\":\"Person\",\"@id\":\"https:\/\/dicodusport.fr\/blog\/#\/schema\/person\/627966a6cde45dbd8c5e36ac85d783da\",\"name\":\"S\u00e9bastien Gente\",\"image\":{\"@type\":\"ImageObject\",\"inLanguage\":\"fr-FR\",\"@id\":\"https:\/\/dicodusport.fr\/blog\/#\/schema\/person\/image\/\",\"url\":\"https:\/\/dicodusport.fr\/blog\/wp-content\/uploads\/2021\/09\/1510990_10205810251400683_4124423575079401707_n-150x150.jpg\",\"contentUrl\":\"https:\/\/dicodusport.fr\/blog\/wp-content\/uploads\/2021\/09\/1510990_10205810251400683_4124423575079401707_n-150x150.jpg\",\"caption\":\"S\u00e9bastien Gente\"},\"description\":\"John Stockton, Gianni Bugno, Zinedine Zidane, Steffi Graf, Frode Andresen, St\u00e9phane Stoecklin, Davis Kamoga, Primoz Peterka, Werner Schlager et Aur\u00e9lien Rougerie. Point commun entre ces sportifs? Ils m'ont fait r\u00eaver et ont berc\u00e9 mon adolescence. Je suis un fondu de sports et j'essaie de retranscrire ma passion \u00e0 travers mes articles. Originaire du P\u00e9rigord, ma passion pour les Girondins, les Jaunards et les Jazzmen transpire dans mes \u00e9crits. \u00c0 Dicodusport depuis 2021, je d\u00e9niche les sports m\u00e9connus dans lesquels la France brille, et il y en a !\",\"sameAs\":[\"https:\/\/www.facebook.com\/sebastien.gente\/\",\"https:\/\/www.instagram.com\/sebgente\/\",\"https:\/\/www.linkedin.com\/in\/sbastien-gente-a29583169\/\",\"https:\/\/x.com\/https:\/\/twitter.com\/globulo24\",\"SebastienGente\"],\"worksFor\":\"S\u00e9bastien GENTE\",\"url\":\"https:\/\/dicodusport.fr\/blog\/author\/sebastiengente\/\"}]}<\/script>\n<!-- \/ Yoast SEO Premium plugin. -->","yoast_head_json":{"title":"Wimbledon 2025 : Novak Djokovic, Belinda Bencic, Jannik Sinner, le r\u00e9sum\u00e9 du lundi 7 juillet","description":"WIMBLEDON 2025 - Retour au premier plan pour Belinda Bencic, Novak Djokovic est insubmersible et Jannik Sinner a vu la fin de pr\u00e8s.","robots":{"index":"index","follow":"follow","max-snippet":"max-snippet:-1","max-image-preview":"max-image-preview:large","max-video-preview":"max-video-preview:-1"},"canonical":"https:\/\/dicodusport.fr\/blog\/wimbledon-2025-novak-djokovic-belinda-bencic-jannik-sinner-le-resume-du-lundi-7-juillet\/","og_locale":"fr_FR","og_type":"article","og_title":"Wimbledon 2025 : Novak Djokovic, Belinda Bencic, Jannik Sinner, le r\u00e9sum\u00e9 du lundi 7 juillet","og_description":"WIMBLEDON 2025 - Retour au premier plan pour Belinda Bencic, Novak Djokovic est insubmersible et Jannik Sinner a vu la fin de pr\u00e8s.","og_url":"https:\/\/dicodusport.fr\/blog\/wimbledon-2025-novak-djokovic-belinda-bencic-jannik-sinner-le-resume-du-lundi-7-juillet\/","og_site_name":"Dicodusport","article_publisher":"https:\/\/www.facebook.com\/dicodusport","article_author":"https:\/\/www.facebook.com\/sebastien.gente\/","article_published_time":"2025-07-07T20:04:08+00:00","og_image":[{"width":1200,"height":674,"url":"https:\/\/dicodusport.fr\/blog\/wp-content\/uploads\/2025\/07\/Wimbledon-2025-Novak-Djokovic-Belinda-Bencic-Jannik-Sinner-le-resume-du-lundi-7-juillet.png","type":"image\/png"}],"author":"S\u00e9bastien Gente","twitter_card":"summary_large_image","twitter_title":"Wimbledon 2025 : Novak Djokovic, Belinda Bencic, Jannik Sinner, le r\u00e9sum\u00e9 du lundi 7 juillet","twitter_creator":"@https:\/\/twitter.com\/globulo24","twitter_site":"@dicodusport","schema":{"@context":"https:\/\/schema.org","@graph":[{"@type":"NewsArticle","@id":"https:\/\/dicodusport.fr\/blog\/wimbledon-2025-novak-djokovic-belinda-bencic-jannik-sinner-le-resume-du-lundi-7-juillet\/#article","isPartOf":{"@id":"https:\/\/dicodusport.fr\/blog\/wimbledon-2025-novak-djokovic-belinda-bencic-jannik-sinner-le-resume-du-lundi-7-juillet\/"},"author":{"name":"S\u00e9bastien Gente","@id":"https:\/\/dicodusport.fr\/blog\/#\/schema\/person\/627966a6cde45dbd8c5e36ac85d783da"},"headline":"Wimbledon 2025 : Novak Djokovic, Belinda Bencic, Jannik Sinner, le r\u00e9sum\u00e9 du lundi 7 juillet","datePublished":"2025-07-07T20:04:08+00:00","mainEntityOfPage":{"@id":"https:\/\/dicodusport.fr\/blog\/wimbledon-2025-novak-djokovic-belinda-bencic-jannik-sinner-le-resume-du-lundi-7-juillet\/"},"wordCount":706,"commentCount":0,"publisher":{"@id":"https:\/\/dicodusport.fr\/blog\/#organization"},"image":{"@id":"https:\/\/dicodusport.fr\/blog\/wimbledon-2025-novak-djokovic-belinda-bencic-jannik-sinner-le-resume-du-lundi-7-juillet\/#primaryimage"},"thumbnailUrl":"https:\/\/dicodusport.fr\/blog\/wp-content\/uploads\/2025\/07\/Wimbledon-2025-Novak-Djokovic-Belinda-Bencic-Jannik-Sinner-le-resume-du-lundi-7-juillet.png","keywords":["br\u00e8ve","wimbledon"],"articleSection":["Wimbledon"],"inLanguage":"fr-FR","potentialAction":[{"@type":"CommentAction","name":"Comment","target":["https:\/\/dicodusport.fr\/blog\/wimbledon-2025-novak-djokovic-belinda-bencic-jannik-sinner-le-resume-du-lundi-7-juillet\/#respond"]}],"copyrightYear":"2025","copyrightHolder":{"@id":"https:\/\/dicodusport.fr\/blog\/#organization"}},{"@type":"WebPage","@id":"https:\/\/dicodusport.fr\/blog\/wimbledon-2025-novak-djokovic-belinda-bencic-jannik-sinner-le-resume-du-lundi-7-juillet\/","url":"https:\/\/dicodusport.fr\/blog\/wimbledon-2025-novak-djokovic-belinda-bencic-jannik-sinner-le-resume-du-lundi-7-juillet\/","name":"Wimbledon 2025 : Novak Djokovic, Belinda Bencic, Jannik Sinner, le r\u00e9sum\u00e9 du lundi 7 juillet","isPartOf":{"@id":"https:\/\/dicodusport.fr\/blog\/#website"},"primaryImageOfPage":{"@id":"https:\/\/dicodusport.fr\/blog\/wimbledon-2025-novak-djokovic-belinda-bencic-jannik-sinner-le-resume-du-lundi-7-juillet\/#primaryimage"},"image":{"@id":"https:\/\/dicodusport.fr\/blog\/wimbledon-2025-novak-djokovic-belinda-bencic-jannik-sinner-le-resume-du-lundi-7-juillet\/#primaryimage"},"thumbnailUrl":"https:\/\/dicodusport.fr\/blog\/wp-content\/uploads\/2025\/07\/Wimbledon-2025-Novak-Djokovic-Belinda-Bencic-Jannik-Sinner-le-resume-du-lundi-7-juillet.png","datePublished":"2025-07-07T20:04:08+00:00","description":"WIMBLEDON 2025 - Retour au premier plan pour Belinda Bencic, Novak Djokovic est insubmersible et Jannik Sinner a vu la fin de pr\u00e8s.","breadcrumb":{"@id":"https:\/\/dicodusport.fr\/blog\/wimbledon-2025-novak-djokovic-belinda-bencic-jannik-sinner-le-resume-du-lundi-7-juillet\/#breadcrumb"},"inLanguage":"fr-FR","potentialAction":[{"@type":"ReadAction","target":["https:\/\/dicodusport.fr\/blog\/wimbledon-2025-novak-djokovic-belinda-bencic-jannik-sinner-le-resume-du-lundi-7-juillet\/"]}]},{"@type":"ImageObject","inLanguage":"fr-FR","@id":"https:\/\/dicodusport.fr\/blog\/wimbledon-2025-novak-djokovic-belinda-bencic-jannik-sinner-le-resume-du-lundi-7-juillet\/#primaryimage","url":"https:\/\/dicodusport.fr\/blog\/wp-content\/uploads\/2025\/07\/Wimbledon-2025-Novak-Djokovic-Belinda-Bencic-Jannik-Sinner-le-resume-du-lundi-7-juillet.png","contentUrl":"https:\/\/dicodusport.fr\/blog\/wp-content\/uploads\/2025\/07\/Wimbledon-2025-Novak-Djokovic-Belinda-Bencic-Jannik-Sinner-le-resume-du-lundi-7-juillet.png","width":1200,"height":674,"caption":"Wimbledon 2025 Novak Djokovic, Belinda Bencic, Jannik Sinner, le r\u00e9sum\u00e9 du lundi 7 juillet"},{"@type":"BreadcrumbList","@id":"https:\/\/dicodusport.fr\/blog\/wimbledon-2025-novak-djokovic-belinda-bencic-jannik-sinner-le-resume-du-lundi-7-juillet\/#breadcrumb","itemListElement":[{"@type":"ListItem","position":1,"name":"Accueil","item":"https:\/\/dicodusport.fr\/blog\/"},{"@type":"ListItem","position":2,"name":"Wimbledon 2025 : Novak Djokovic, Belinda Bencic, Jannik Sinner, le r\u00e9sum\u00e9 du lundi 7 juillet"}]},{"@type":"WebSite","@id":"https:\/\/dicodusport.fr\/blog\/#website","url":"https:\/\/dicodusport.fr\/blog\/","name":"Dicodusport","description":"L&#039;encyclop\u00e9die de l&#039;actualit\u00e9 sportive","publisher":{"@id":"https:\/\/dicodusport.fr\/blog\/#organization"},"potentialAction":[{"@type":"SearchAction","target":{"@type":"EntryPoint","urlTemplate":"https:\/\/dicodusport.fr\/blog\/?s={search_term_string}"},"query-input":{"@type":"PropertyValueSpecification","valueRequired":true,"valueName":"search_term_string"}}],"inLanguage":"fr-FR"},{"@type":"NewsMediaOrganization","@id":"https:\/\/dicodusport.fr\/blog\/#organization","name":"Dicodusport","url":"https:\/\/dicodusport.fr\/blog\/","logo":{"@type":"ImageObject","inLanguage":"fr-FR","@id":"https:\/\/dicodusport.fr\/blog\/#\/schema\/logo\/image\/","url":"https:\/\/dicodusport.fr\/blog\/wp-content\/uploads\/2020\/06\/cropped-LOGO-DICODUSPORT-2020-SANS-FOND-SANS-TEXTE.png","contentUrl":"https:\/\/dicodusport.fr\/blog\/wp-content\/uploads\/2020\/06\/cropped-LOGO-DICODUSPORT-2020-SANS-FOND-SANS-TEXTE.png","width":512,"height":512,"caption":"Dicodusport"},"image":{"@id":"https:\/\/dicodusport.fr\/blog\/#\/schema\/logo\/image\/"},"sameAs":["https:\/\/www.facebook.com\/dicodusport","https:\/\/x.com\/dicodusport","https:\/\/www.instagram.com\/dicodusport\/","https:\/\/www.youtube.com\/channel\/UC7V2KZ5sd3htJivAbA4ZG3w"],"description":"Dicodusport est l'encyclop\u00e9die de l'actualit\u00e9 sportive.","email":"bonjour@dicodusport.fr","legalName":"DICODUSPORT","foundingDate":"2018-01-14","vatID":"FR71834470973","taxID":"83447097300043","numberOfEmployees":{"@type":"QuantitativeValue","minValue":"1","maxValue":"10"}},{"@type":"Person","@id":"https:\/\/dicodusport.fr\/blog\/#\/schema\/person\/627966a6cde45dbd8c5e36ac85d783da","name":"S\u00e9bastien Gente","image":{"@type":"ImageObject","inLanguage":"fr-FR","@id":"https:\/\/dicodusport.fr\/blog\/#\/schema\/person\/image\/","url":"https:\/\/dicodusport.fr\/blog\/wp-content\/uploads\/2021\/09\/1510990_10205810251400683_4124423575079401707_n-150x150.jpg","contentUrl":"https:\/\/dicodusport.fr\/blog\/wp-content\/uploads\/2021\/09\/1510990_10205810251400683_4124423575079401707_n-150x150.jpg","caption":"S\u00e9bastien Gente"},"description":"John Stockton, Gianni Bugno, Zinedine Zidane, Steffi Graf, Frode Andresen, St\u00e9phane Stoecklin, Davis Kamoga, Primoz Peterka, Werner Schlager et Aur\u00e9lien Rougerie. Point commun entre ces sportifs? Ils m'ont fait r\u00eaver et ont berc\u00e9 mon adolescence. Je suis un fondu de sports et j'essaie de retranscrire ma passion \u00e0 travers mes articles. Originaire du P\u00e9rigord, ma passion pour les Girondins, les Jaunards et les Jazzmen transpire dans mes \u00e9crits. \u00c0 Dicodusport depuis 2021, je d\u00e9niche les sports m\u00e9connus dans lesquels la France brille, et il y en a !","sameAs":["https:\/\/www.facebook.com\/sebastien.gente\/","https:\/\/www.instagram.com\/sebgente\/","https:\/\/www.linkedin.com\/in\/sbastien-gente-a29583169\/","https:\/\/x.com\/https:\/\/twitter.com\/globulo24","SebastienGente"],"worksFor":"S\u00e9bastien GENTE","url":"https:\/\/dicodusport.fr\/blog\/author\/sebastiengente\/"}]}},"_links":{"self":[{"href":"https:\/\/dicodusport.fr\/blog\/wp-json\/wp\/v2\/posts\/593313","targetHints":{"allow":["GET"]}}],"collection":[{"href":"https:\/\/dicodusport.fr\/blog\/wp-json\/wp\/v2\/posts"}],"about":[{"href":"https:\/\/dicodusport.fr\/blog\/wp-json\/wp\/v2\/types\/post"}],"author":[{"embeddable":true,"href":"https:\/\/dicodusport.fr\/blog\/wp-json\/wp\/v2\/users\/59"}],"replies":[{"embeddable":true,"href":"https:\/\/dicodusport.fr\/blog\/wp-json\/wp\/v2\/comments?post=593313"}],"version-history":[{"count":1,"href":"https:\/\/dicodusport.fr\/blog\/wp-json\/wp\/v2\/posts\/593313\/revisions"}],"predecessor-version":[{"id":593406,"href":"https:\/\/dicodusport.fr\/blog\/wp-json\/wp\/v2\/posts\/593313\/revisions\/593406"}],"wp:featuredmedia":[{"embeddable":true,"href":"https:\/\/dicodusport.fr\/blog\/wp-json\/wp\/v2\/media\/593404"}],"wp:attachment":[{"href":"https:\/\/dicodusport.fr\/blog\/wp-json\/wp\/v2\/media?parent=593313"}],"wp:term":[{"taxonomy":"category","embeddable":true,"href":"https:\/\/dicodusport.fr\/blog\/wp-json\/wp\/v2\/categories?post=593313"},{"taxonomy":"post_tag","embeddable":true,"href":"https:\/\/dicodusport.fr\/blog\/wp-json\/wp\/v2\/tags?post=593313"}],"curies":[{"name":"wp","href":"https:\/\/api.w.org\/{rel}","templated":true}]}}