{"id":593426,"date":"2025-07-08T08:06:05","date_gmt":"2025-07-08T06:06:05","guid":{"rendered":"https:\/\/dicodusport.fr\/blog\/?p=593426&#038;preview=true&#038;preview_id=593426"},"modified":"2025-07-08T08:26:34","modified_gmt":"2025-07-08T06:26:34","slug":"xv-de-france-nouvelle-zelande-la-composition-probable-pour-le-deuxieme-test","status":"publish","type":"post","link":"https:\/\/dicodusport.fr\/blog\/xv-de-france-nouvelle-zelande-la-composition-probable-pour-le-deuxieme-test\/","title":{"rendered":"XV de France Nouvelle-Z\u00e9lande : La composition probable pour le deuxi\u00e8me test"},"content":{"rendered":"<p style=\"text-align: justify;\"><strong><em>XV DE FRANCE &#8211; Selon <\/em><a href=\"https:\/\/www.rugbyrama.fr\/2025\/07\/08\/tournee-en-nouvelle-zelande-esteban-abadie-pierre-louis-barassi-leo-barre-ca-va-bouger-chez-les-bleus-pour-le-deuxieme-test-match-12812137.php\"><em>Rugbyrama<\/em><\/a><em>, Fabien Galthi\u00e9 devrait op\u00e9rer de nombreux changements dans sa composition pour le deuxi\u00e8me match en Nouvelle-Z\u00e9lande, pr\u00e9vu ce samedi \u00e0 Wellington (9h05).<\/em><\/strong><\/p>\n<ul>\n<li style=\"text-align: justify;\"><strong>\u00c0 ce sujet \u2013\u00a0<a href=\"https:\/\/dicodusport.fr\/blog\/calendrier-resultats-et-scores-rugby-tournee-dete-2025\/\">Calendrier, r\u00e9sultats et scores Rugby Tourn\u00e9e d\u2019\u00e9t\u00e9 2025<\/a><\/strong><\/li>\n<\/ul>\n<p style=\"text-align: justify;\">Samedi prochain \u00e0 Wellington, les <strong>Bleus<\/strong> devraient pr\u00e9senter un visage largement remani\u00e9 pour le deuxi\u00e8me test-match contre les <strong>All Blacks<\/strong>. Selon les enseignements du premier entra\u00eenement collectif de la semaine, pas moins de dix changements sont attendus dans le XV de d\u00e9part par rapport \u00e0 <a href=\"https:\/\/dicodusport.fr\/blog\/rugby-tournee-dete-2025-les-bleus-tombent-les-armes-a-la-main-face-aux-all-blacks-apres-un-match-intense\/\">l\u2019\u00e9quipe battue de justesse \u00e0 Dunedin (31-27)<\/a>.<\/p>\n<p style=\"text-align: justify;\">Install\u00e9s depuis quelques jours dans la capitale n\u00e9o-z\u00e9landaise, les hommes de <strong>Fabien Galthi\u00e9<\/strong> ont repris l\u2019entra\u00eenement ce mardi matin au <strong>Jerry Collins Stadium<\/strong>. Et comme souvent, le jeu des chasubles a laiss\u00e9 transpara\u00eetre les intentions du staff : une large revue d\u2019effectif, int\u00e9grant les finalistes du Top 14 fra\u00eechement arriv\u00e9s et plusieurs visages prometteurs.<\/p>\n<div class=\"vlp-link-container vlp-layout-article\"><a href=\"https:\/\/dicodusport.fr\/blog\/xv-de-france-fischer-guillard-attissogbe-les-notes-des-bleus-face-a-la-nouvelle-zelande\/\" class=\"vlp-link\" title=\"XV de France : Fischer, Guillard, Attissogbe, les notes des Bleus face \u00e0 la Nouvelle-Z\u00e9lande\"><\/a><div class=\"vlp-layout-zone-side\"><div class=\"vlp-block-4 vlp-link-image\"><img loading=\"lazy\" decoding=\"async\" style=\"max-width: 792px;\" width=\"792\" height=\"445\" src=\"https:\/\/dicodusport.fr\/blog\/wp-content\/uploads\/2025\/07\/XV-de-France-Fischer-Guillard-Attisogbe-les-notes-des-Bleus-face-a-la-Nouvelle-Zelande.png\" class=\"attachment-800x445 size-800x445\" alt=\"XV de France : Fischer; Guillard, Attisogb\u00e9, les notes des Bleus face \u00e0 la Nouvelle-Z\u00e9lande\" srcset=\"https:\/\/dicodusport.fr\/blog\/wp-content\/uploads\/2025\/07\/XV-de-France-Fischer-Guillard-Attisogbe-les-notes-des-Bleus-face-a-la-Nouvelle-Zelande.png 1200w, https:\/\/dicodusport.fr\/blog\/wp-content\/uploads\/2025\/07\/XV-de-France-Fischer-Guillard-Attisogbe-les-notes-des-Bleus-face-a-la-Nouvelle-Zelande-300x169.png 300w, https:\/\/dicodusport.fr\/blog\/wp-content\/uploads\/2025\/07\/XV-de-France-Fischer-Guillard-Attisogbe-les-notes-des-Bleus-face-a-la-Nouvelle-Zelande-1024x575.png 1024w, https:\/\/dicodusport.fr\/blog\/wp-content\/uploads\/2025\/07\/XV-de-France-Fischer-Guillard-Attisogbe-les-notes-des-Bleus-face-a-la-Nouvelle-Zelande-768x431.png 768w\" sizes=\"auto, (max-width: 792px) 100vw, 792px\" \/><\/div><\/div><div class=\"vlp-layout-zone-main\"><div class=\"vlp-block-0 vlp-link-title\">XV de France : Fischer, Guillard, Attissogbe, les notes des Bleus face \u00e0 la Nouvelle-Z\u00e9lande<\/div><div class=\"vlp-block-1 vlp-link-summary\">Fischer, Guillard, Attissogbe, les notes des Bleus face \u00e0 la Nouvelle-Z\u00e9lande<\/div><div class=\"vlp-block-2 vlp-link-button\">Lire l'article<\/div><div class=\"vlp-block-3 vlp-link-url\">dicodusport.fr<\/div><\/div><\/div>\n<h2 style=\"text-align: justify;\">Du sang-neuf \u00e0 tous les \u00e9tages ou presque, la charni\u00e8re reconduite<\/h2>\n<p style=\"text-align: justify;\">Devant, seul le talonneur <strong>Ga\u00ebtan Barlot<\/strong> conserverait sa place. Il serait flanqu\u00e9 de <strong>Baptiste Erdocio<\/strong> et <strong>George-Henri Colombe<\/strong>. La deuxi\u00e8me ligne devrait \u00eatre 100 % in\u00e9dite, avec <strong>Joshua Brennan<\/strong> et <strong>Matthias Halagahu<\/strong>, tout comme la troisi\u00e8me ligne o\u00f9 <strong>Esteban Abadie<\/strong>, <strong>Pierre Bochaton<\/strong> et <strong>Jacobus van Tonder<\/strong> composeraient un trio dynamique.<\/p>\n<p style=\"text-align: justify;\">La charni\u00e8re <strong>Le Garrec-Segonds<\/strong> serait reconduite, signe de la satisfaction du staff quant \u00e0 leur prestation lors du premier test. Au centre, l\u2019association <strong>Barassi-Depoort\u00e8re<\/strong> pousserait <strong>Gailleton<\/strong> et <strong>Attissogbe<\/strong> sur les ailes, tandis que <strong>L\u00e9o Barr\u00e9<\/strong> occuperait le poste d\u2019arri\u00e8re.<\/p>\n<p style=\"text-align: justify;\">Le banc aussi \u00e9voluerait partiellement, avec les arriv\u00e9es de <strong>Bastien Vergnes-Taillefer<\/strong> et <strong>Thibault Daubagna<\/strong> aux c\u00f4t\u00e9s des finisseurs d\u00e9j\u00e0 pr\u00e9sents lors du premier match. Avec ces nombreux changements, Fabien Galthi\u00e9 cherche \u00e0 injecter du sang neuf et \u00e0 mieux r\u00e9pondre aux assauts n\u00e9o-z\u00e9landais, notamment dans un match qui pourrait se jouer sous la pluie et mettre la m\u00eal\u00e9e \u00e0 rude \u00e9preuve.<\/p>\n<h2 style=\"text-align: justify;\">La composition probable des Bleus<\/h2>\n<p style=\"text-align: justify;\"><strong>La composition probable :<\/strong> 15. Barr\u00e9 ; 14. Attissogbe, 13. Depoort\u00e8re, 12. Barassi, 11. Gailleton ; 10. Segonds, 9. Le Garrec ; 7. Bochaton, 8. Abadie, 6. Van Tonder ; 5. Halagahu, 4. Brennan ; 3. Colombe, 2. Barlot, 1. Erdocio.<\/p>\n<p style=\"text-align: justify;\"><strong>Rempla\u00e7ants :<\/strong> 16. Bourgarit, 17. Mallez, 18. Montagne, 19. Taofifenua, 20. Woki, 21. Vergnes-Taillefer, 22. Hastoy, 23. Daubagna.<\/p>\n<p style=\"text-align: justify;\">\n","protected":false},"excerpt":{"rendered":"<p>Selon Rugbyrama, Fabien Galthi\u00e9 devrait op\u00e9rer de nombreux changements dans sa composition pour le deuxi\u00e8me match en Nouvelle-Z\u00e9lande.<\/p>\n","protected":false},"author":4,"featured_media":593429,"comment_status":"open","ping_status":"closed","sticky":false,"template":"","format":"standard","meta":{"_acf_changed":false,"_daextam_enable_autolinks":"1","footnotes":""},"categories":[19951],"tags":[32415,16878,12,1638],"class_list":["post-593426","post","type-post","status-publish","format-standard","has-post-thumbnail","hentry","category-xv-de-france","tag-actu","tag-breve","tag-nouvelle-zelande","tag-xv-de-france"],"acf":[],"yoast_head":"<!-- This site is optimized with the Yoast SEO Premium plugin v26.7 (Yoast SEO v26.7) - https:\/\/yoast.com\/wordpress\/plugins\/seo\/ -->\n<title>XV de France Nouvelle-Z\u00e9lande : La composition probable pour le deuxi\u00e8me test<\/title>\n<meta name=\"description\" content=\"XV DE FRANCE - Selon Rugbyrama, Fabien Galthi\u00e9 devrait op\u00e9rer de nombreux changements dans sa composition pour le deuxi\u00e8me match en Nouvelle-Z\u00e9lande.\" \/>\n<meta name=\"robots\" content=\"index, follow, max-snippet:-1, max-image-preview:large, max-video-preview:-1\" \/>\n<link rel=\"canonical\" href=\"https:\/\/dicodusport.fr\/blog\/xv-de-france-nouvelle-zelande-la-composition-probable-pour-le-deuxieme-test\/\" \/>\n<meta property=\"og:locale\" content=\"fr_FR\" \/>\n<meta property=\"og:type\" content=\"article\" \/>\n<meta property=\"og:title\" content=\"XV de France : Brennan, Barassi, charni\u00e8re, quelle composition pour le deuxi\u00e8me test en Nouvelle-Z\u00e9lande ?\" \/>\n<meta property=\"og:description\" content=\"XV DE FRANCE - Selon Rugbyrama, Fabien Galthi\u00e9 devrait op\u00e9rer de nombreux changements dans sa composition pour le deuxi\u00e8me match en Nouvelle-Z\u00e9lande.\" \/>\n<meta property=\"og:url\" content=\"https:\/\/dicodusport.fr\/blog\/xv-de-france-nouvelle-zelande-la-composition-probable-pour-le-deuxieme-test\/\" \/>\n<meta property=\"og:site_name\" content=\"Dicodusport\" \/>\n<meta property=\"article:publisher\" content=\"https:\/\/www.facebook.com\/dicodusport\" \/>\n<meta property=\"article:author\" content=\"https:\/\/www.facebook.com\/florent.ostermann\" \/>\n<meta property=\"article:published_time\" content=\"2025-07-08T06:06:05+00:00\" \/>\n<meta property=\"article:modified_time\" content=\"2025-07-08T06:26:34+00:00\" \/>\n<meta property=\"og:image\" content=\"https:\/\/dicodusport.fr\/blog\/wp-content\/uploads\/2025\/07\/XV-de-France-Nouvelle-Zelande-Brennan-Barassi-charniere-la-composition-probable-pour-le-deuxieme-test.png\" \/>\n\t<meta property=\"og:image:width\" content=\"1200\" \/>\n\t<meta property=\"og:image:height\" content=\"674\" \/>\n\t<meta property=\"og:image:type\" content=\"image\/png\" \/>\n<meta name=\"author\" content=\"Flo Ostermann\" \/>\n<meta name=\"twitter:card\" content=\"summary_large_image\" \/>\n<meta name=\"twitter:title\" content=\"XV de France : Brennan, Barassi, charni\u00e8re, quelle composition pour le deuxi\u00e8me test en Nouvelle-Z\u00e9lande ?\" \/>\n<meta name=\"twitter:creator\" content=\"@https:\/\/twitter.com\/FlOstermann\" \/>\n<meta name=\"twitter:site\" content=\"@dicodusport\" \/>\n<script type=\"application\/ld+json\" class=\"yoast-schema-graph\">{\"@context\":\"https:\/\/schema.org\",\"@graph\":[{\"@type\":\"NewsArticle\",\"@id\":\"https:\/\/dicodusport.fr\/blog\/xv-de-france-nouvelle-zelande-la-composition-probable-pour-le-deuxieme-test\/#article\",\"isPartOf\":{\"@id\":\"https:\/\/dicodusport.fr\/blog\/xv-de-france-nouvelle-zelande-la-composition-probable-pour-le-deuxieme-test\/\"},\"author\":{\"name\":\"Flo Ostermann\",\"@id\":\"https:\/\/dicodusport.fr\/blog\/#\/schema\/person\/cb02af4c173ce4a653b55e9baf388d4a\"},\"headline\":\"XV de France Nouvelle-Z\u00e9lande : La composition probable pour le deuxi\u00e8me test\",\"datePublished\":\"2025-07-08T06:06:05+00:00\",\"dateModified\":\"2025-07-08T06:26:34+00:00\",\"mainEntityOfPage\":{\"@id\":\"https:\/\/dicodusport.fr\/blog\/xv-de-france-nouvelle-zelande-la-composition-probable-pour-le-deuxieme-test\/\"},\"wordCount\":458,\"commentCount\":0,\"publisher\":{\"@id\":\"https:\/\/dicodusport.fr\/blog\/#organization\"},\"image\":{\"@id\":\"https:\/\/dicodusport.fr\/blog\/xv-de-france-nouvelle-zelande-la-composition-probable-pour-le-deuxieme-test\/#primaryimage\"},\"thumbnailUrl\":\"https:\/\/dicodusport.fr\/blog\/wp-content\/uploads\/2025\/07\/XV-de-France-Nouvelle-Zelande-Brennan-Barassi-charniere-la-composition-probable-pour-le-deuxieme-test.png\",\"keywords\":[\"actu\",\"br\u00e8ve\",\"Nouvelle-Z\u00e9lande\",\"XV de France\"],\"articleSection\":[\"XV de France\"],\"inLanguage\":\"fr-FR\",\"potentialAction\":[{\"@type\":\"CommentAction\",\"name\":\"Comment\",\"target\":[\"https:\/\/dicodusport.fr\/blog\/xv-de-france-nouvelle-zelande-la-composition-probable-pour-le-deuxieme-test\/#respond\"]}],\"copyrightYear\":\"2025\",\"copyrightHolder\":{\"@id\":\"https:\/\/dicodusport.fr\/blog\/#organization\"}},{\"@type\":\"WebPage\",\"@id\":\"https:\/\/dicodusport.fr\/blog\/xv-de-france-nouvelle-zelande-la-composition-probable-pour-le-deuxieme-test\/\",\"url\":\"https:\/\/dicodusport.fr\/blog\/xv-de-france-nouvelle-zelande-la-composition-probable-pour-le-deuxieme-test\/\",\"name\":\"XV de France Nouvelle-Z\u00e9lande : La composition probable pour le deuxi\u00e8me test\",\"isPartOf\":{\"@id\":\"https:\/\/dicodusport.fr\/blog\/#website\"},\"primaryImageOfPage\":{\"@id\":\"https:\/\/dicodusport.fr\/blog\/xv-de-france-nouvelle-zelande-la-composition-probable-pour-le-deuxieme-test\/#primaryimage\"},\"image\":{\"@id\":\"https:\/\/dicodusport.fr\/blog\/xv-de-france-nouvelle-zelande-la-composition-probable-pour-le-deuxieme-test\/#primaryimage\"},\"thumbnailUrl\":\"https:\/\/dicodusport.fr\/blog\/wp-content\/uploads\/2025\/07\/XV-de-France-Nouvelle-Zelande-Brennan-Barassi-charniere-la-composition-probable-pour-le-deuxieme-test.png\",\"datePublished\":\"2025-07-08T06:06:05+00:00\",\"dateModified\":\"2025-07-08T06:26:34+00:00\",\"description\":\"XV DE FRANCE - Selon Rugbyrama, Fabien Galthi\u00e9 devrait op\u00e9rer de nombreux changements dans sa composition pour le deuxi\u00e8me match en Nouvelle-Z\u00e9lande.\",\"breadcrumb\":{\"@id\":\"https:\/\/dicodusport.fr\/blog\/xv-de-france-nouvelle-zelande-la-composition-probable-pour-le-deuxieme-test\/#breadcrumb\"},\"inLanguage\":\"fr-FR\",\"potentialAction\":[{\"@type\":\"ReadAction\",\"target\":[\"https:\/\/dicodusport.fr\/blog\/xv-de-france-nouvelle-zelande-la-composition-probable-pour-le-deuxieme-test\/\"]}]},{\"@type\":\"ImageObject\",\"inLanguage\":\"fr-FR\",\"@id\":\"https:\/\/dicodusport.fr\/blog\/xv-de-france-nouvelle-zelande-la-composition-probable-pour-le-deuxieme-test\/#primaryimage\",\"url\":\"https:\/\/dicodusport.fr\/blog\/wp-content\/uploads\/2025\/07\/XV-de-France-Nouvelle-Zelande-Brennan-Barassi-charniere-la-composition-probable-pour-le-deuxieme-test.png\",\"contentUrl\":\"https:\/\/dicodusport.fr\/blog\/wp-content\/uploads\/2025\/07\/XV-de-France-Nouvelle-Zelande-Brennan-Barassi-charniere-la-composition-probable-pour-le-deuxieme-test.png\",\"width\":1200,\"height\":674,\"caption\":\"XV de France Nouvelle-Z\u00e9lande Brennan, Barassi, charni\u00e8re, la composition probable pour le deuxi\u00e8me test\"},{\"@type\":\"BreadcrumbList\",\"@id\":\"https:\/\/dicodusport.fr\/blog\/xv-de-france-nouvelle-zelande-la-composition-probable-pour-le-deuxieme-test\/#breadcrumb\",\"itemListElement\":[{\"@type\":\"ListItem\",\"position\":1,\"name\":\"Accueil\",\"item\":\"https:\/\/dicodusport.fr\/blog\/\"},{\"@type\":\"ListItem\",\"position\":2,\"name\":\"XV de France Nouvelle-Z\u00e9lande : La composition probable pour le deuxi\u00e8me test\"}]},{\"@type\":\"WebSite\",\"@id\":\"https:\/\/dicodusport.fr\/blog\/#website\",\"url\":\"https:\/\/dicodusport.fr\/blog\/\",\"name\":\"Dicodusport\",\"description\":\"L&#039;encyclop\u00e9die de l&#039;actualit\u00e9 sportive\",\"publisher\":{\"@id\":\"https:\/\/dicodusport.fr\/blog\/#organization\"},\"potentialAction\":[{\"@type\":\"SearchAction\",\"target\":{\"@type\":\"EntryPoint\",\"urlTemplate\":\"https:\/\/dicodusport.fr\/blog\/?s={search_term_string}\"},\"query-input\":{\"@type\":\"PropertyValueSpecification\",\"valueRequired\":true,\"valueName\":\"search_term_string\"}}],\"inLanguage\":\"fr-FR\"},{\"@type\":\"NewsMediaOrganization\",\"@id\":\"https:\/\/dicodusport.fr\/blog\/#organization\",\"name\":\"Dicodusport\",\"url\":\"https:\/\/dicodusport.fr\/blog\/\",\"logo\":{\"@type\":\"ImageObject\",\"inLanguage\":\"fr-FR\",\"@id\":\"https:\/\/dicodusport.fr\/blog\/#\/schema\/logo\/image\/\",\"url\":\"https:\/\/dicodusport.fr\/blog\/wp-content\/uploads\/2020\/06\/cropped-LOGO-DICODUSPORT-2020-SANS-FOND-SANS-TEXTE.png\",\"contentUrl\":\"https:\/\/dicodusport.fr\/blog\/wp-content\/uploads\/2020\/06\/cropped-LOGO-DICODUSPORT-2020-SANS-FOND-SANS-TEXTE.png\",\"width\":512,\"height\":512,\"caption\":\"Dicodusport\"},\"image\":{\"@id\":\"https:\/\/dicodusport.fr\/blog\/#\/schema\/logo\/image\/\"},\"sameAs\":[\"https:\/\/www.facebook.com\/dicodusport\",\"https:\/\/x.com\/dicodusport\",\"https:\/\/www.instagram.com\/dicodusport\/\",\"https:\/\/www.youtube.com\/channel\/UC7V2KZ5sd3htJivAbA4ZG3w\"],\"description\":\"Dicodusport est l'encyclop\u00e9die de l'actualit\u00e9 sportive.\",\"email\":\"bonjour@dicodusport.fr\",\"legalName\":\"DICODUSPORT\",\"foundingDate\":\"2018-01-14\",\"vatID\":\"FR71834470973\",\"taxID\":\"83447097300043\",\"numberOfEmployees\":{\"@type\":\"QuantitativeValue\",\"minValue\":\"1\",\"maxValue\":\"10\"}},{\"@type\":\"Person\",\"@id\":\"https:\/\/dicodusport.fr\/blog\/#\/schema\/person\/cb02af4c173ce4a653b55e9baf388d4a\",\"name\":\"Flo Ostermann\",\"image\":{\"@type\":\"ImageObject\",\"inLanguage\":\"fr-FR\",\"@id\":\"https:\/\/dicodusport.fr\/blog\/#\/schema\/person\/image\/\",\"url\":\"https:\/\/dicodusport.fr\/blog\/wp-content\/uploads\/2021\/05\/Flo-Ostermann-150x150.jpg\",\"contentUrl\":\"https:\/\/dicodusport.fr\/blog\/wp-content\/uploads\/2021\/05\/Flo-Ostermann-150x150.jpg\",\"caption\":\"Flo Ostermann\"},\"description\":\"Journaliste\/R\u00e9dacteur depuis septembre 2015 - Mes premiers souvenirs dans le sport ? Les envol\u00e9es du Stade Toulousain et les duels Villeneuve-Schumacher et H\u00e4kkinen-Schumacher \u00e0 la fin des ann\u00e9es 90, la Coupe du monde de football en 1998, l\u2019exploit du XV de France face aux All Blacks en 1999, mais aussi Richard C\u0153ur de Lion qui vole sur les montagnes du Tour de France. Bien parti pour devenir professeur d\u2019EPS, les \u00e9v\u00e9nements de la vie (et la flemme d\u2019animer des s\u00e9ances de 3x500 m\u00e8tres toute ma vie) m\u2019ont conduit \u00e0 revoir mes plans. Me voil\u00e0 depuis fin 2017 sur Dicodusport, m\u00e9dia gr\u00e2ce (et pour) lequel je partage ma passion : le sport dans tous ses \u00e9tats. Le tout accompagn\u00e9 par les fous furieux et folles furieuses cit\u00e9s sur cette page !\",\"sameAs\":[\"https:\/\/www.facebook.com\/florent.ostermann\",\"https:\/\/x.com\/https:\/\/twitter.com\/FlOstermann\",\"admin\"],\"url\":\"https:\/\/dicodusport.fr\/blog\/author\/flo\/\"}]}<\/script>\n<!-- \/ Yoast SEO Premium plugin. -->","yoast_head_json":{"title":"XV de France Nouvelle-Z\u00e9lande : La composition probable pour le deuxi\u00e8me test","description":"XV DE FRANCE - Selon Rugbyrama, Fabien Galthi\u00e9 devrait op\u00e9rer de nombreux changements dans sa composition pour le deuxi\u00e8me match en Nouvelle-Z\u00e9lande.","robots":{"index":"index","follow":"follow","max-snippet":"max-snippet:-1","max-image-preview":"max-image-preview:large","max-video-preview":"max-video-preview:-1"},"canonical":"https:\/\/dicodusport.fr\/blog\/xv-de-france-nouvelle-zelande-la-composition-probable-pour-le-deuxieme-test\/","og_locale":"fr_FR","og_type":"article","og_title":"XV de France : Brennan, Barassi, charni\u00e8re, quelle composition pour le deuxi\u00e8me test en Nouvelle-Z\u00e9lande ?","og_description":"XV DE FRANCE - Selon Rugbyrama, Fabien Galthi\u00e9 devrait op\u00e9rer de nombreux changements dans sa composition pour le deuxi\u00e8me match en Nouvelle-Z\u00e9lande.","og_url":"https:\/\/dicodusport.fr\/blog\/xv-de-france-nouvelle-zelande-la-composition-probable-pour-le-deuxieme-test\/","og_site_name":"Dicodusport","article_publisher":"https:\/\/www.facebook.com\/dicodusport","article_author":"https:\/\/www.facebook.com\/florent.ostermann","article_published_time":"2025-07-08T06:06:05+00:00","article_modified_time":"2025-07-08T06:26:34+00:00","og_image":[{"width":1200,"height":674,"url":"https:\/\/dicodusport.fr\/blog\/wp-content\/uploads\/2025\/07\/XV-de-France-Nouvelle-Zelande-Brennan-Barassi-charniere-la-composition-probable-pour-le-deuxieme-test.png","type":"image\/png"}],"author":"Flo Ostermann","twitter_card":"summary_large_image","twitter_title":"XV de France : Brennan, Barassi, charni\u00e8re, quelle composition pour le deuxi\u00e8me test en Nouvelle-Z\u00e9lande ?","twitter_creator":"@https:\/\/twitter.com\/FlOstermann","twitter_site":"@dicodusport","schema":{"@context":"https:\/\/schema.org","@graph":[{"@type":"NewsArticle","@id":"https:\/\/dicodusport.fr\/blog\/xv-de-france-nouvelle-zelande-la-composition-probable-pour-le-deuxieme-test\/#article","isPartOf":{"@id":"https:\/\/dicodusport.fr\/blog\/xv-de-france-nouvelle-zelande-la-composition-probable-pour-le-deuxieme-test\/"},"author":{"name":"Flo Ostermann","@id":"https:\/\/dicodusport.fr\/blog\/#\/schema\/person\/cb02af4c173ce4a653b55e9baf388d4a"},"headline":"XV de France Nouvelle-Z\u00e9lande : La composition probable pour le deuxi\u00e8me test","datePublished":"2025-07-08T06:06:05+00:00","dateModified":"2025-07-08T06:26:34+00:00","mainEntityOfPage":{"@id":"https:\/\/dicodusport.fr\/blog\/xv-de-france-nouvelle-zelande-la-composition-probable-pour-le-deuxieme-test\/"},"wordCount":458,"commentCount":0,"publisher":{"@id":"https:\/\/dicodusport.fr\/blog\/#organization"},"image":{"@id":"https:\/\/dicodusport.fr\/blog\/xv-de-france-nouvelle-zelande-la-composition-probable-pour-le-deuxieme-test\/#primaryimage"},"thumbnailUrl":"https:\/\/dicodusport.fr\/blog\/wp-content\/uploads\/2025\/07\/XV-de-France-Nouvelle-Zelande-Brennan-Barassi-charniere-la-composition-probable-pour-le-deuxieme-test.png","keywords":["actu","br\u00e8ve","Nouvelle-Z\u00e9lande","XV de France"],"articleSection":["XV de France"],"inLanguage":"fr-FR","potentialAction":[{"@type":"CommentAction","name":"Comment","target":["https:\/\/dicodusport.fr\/blog\/xv-de-france-nouvelle-zelande-la-composition-probable-pour-le-deuxieme-test\/#respond"]}],"copyrightYear":"2025","copyrightHolder":{"@id":"https:\/\/dicodusport.fr\/blog\/#organization"}},{"@type":"WebPage","@id":"https:\/\/dicodusport.fr\/blog\/xv-de-france-nouvelle-zelande-la-composition-probable-pour-le-deuxieme-test\/","url":"https:\/\/dicodusport.fr\/blog\/xv-de-france-nouvelle-zelande-la-composition-probable-pour-le-deuxieme-test\/","name":"XV de France Nouvelle-Z\u00e9lande : La composition probable pour le deuxi\u00e8me test","isPartOf":{"@id":"https:\/\/dicodusport.fr\/blog\/#website"},"primaryImageOfPage":{"@id":"https:\/\/dicodusport.fr\/blog\/xv-de-france-nouvelle-zelande-la-composition-probable-pour-le-deuxieme-test\/#primaryimage"},"image":{"@id":"https:\/\/dicodusport.fr\/blog\/xv-de-france-nouvelle-zelande-la-composition-probable-pour-le-deuxieme-test\/#primaryimage"},"thumbnailUrl":"https:\/\/dicodusport.fr\/blog\/wp-content\/uploads\/2025\/07\/XV-de-France-Nouvelle-Zelande-Brennan-Barassi-charniere-la-composition-probable-pour-le-deuxieme-test.png","datePublished":"2025-07-08T06:06:05+00:00","dateModified":"2025-07-08T06:26:34+00:00","description":"XV DE FRANCE - Selon Rugbyrama, Fabien Galthi\u00e9 devrait op\u00e9rer de nombreux changements dans sa composition pour le deuxi\u00e8me match en Nouvelle-Z\u00e9lande.","breadcrumb":{"@id":"https:\/\/dicodusport.fr\/blog\/xv-de-france-nouvelle-zelande-la-composition-probable-pour-le-deuxieme-test\/#breadcrumb"},"inLanguage":"fr-FR","potentialAction":[{"@type":"ReadAction","target":["https:\/\/dicodusport.fr\/blog\/xv-de-france-nouvelle-zelande-la-composition-probable-pour-le-deuxieme-test\/"]}]},{"@type":"ImageObject","inLanguage":"fr-FR","@id":"https:\/\/dicodusport.fr\/blog\/xv-de-france-nouvelle-zelande-la-composition-probable-pour-le-deuxieme-test\/#primaryimage","url":"https:\/\/dicodusport.fr\/blog\/wp-content\/uploads\/2025\/07\/XV-de-France-Nouvelle-Zelande-Brennan-Barassi-charniere-la-composition-probable-pour-le-deuxieme-test.png","contentUrl":"https:\/\/dicodusport.fr\/blog\/wp-content\/uploads\/2025\/07\/XV-de-France-Nouvelle-Zelande-Brennan-Barassi-charniere-la-composition-probable-pour-le-deuxieme-test.png","width":1200,"height":674,"caption":"XV de France Nouvelle-Z\u00e9lande Brennan, Barassi, charni\u00e8re, la composition probable pour le deuxi\u00e8me test"},{"@type":"BreadcrumbList","@id":"https:\/\/dicodusport.fr\/blog\/xv-de-france-nouvelle-zelande-la-composition-probable-pour-le-deuxieme-test\/#breadcrumb","itemListElement":[{"@type":"ListItem","position":1,"name":"Accueil","item":"https:\/\/dicodusport.fr\/blog\/"},{"@type":"ListItem","position":2,"name":"XV de France Nouvelle-Z\u00e9lande : La composition probable pour le deuxi\u00e8me test"}]},{"@type":"WebSite","@id":"https:\/\/dicodusport.fr\/blog\/#website","url":"https:\/\/dicodusport.fr\/blog\/","name":"Dicodusport","description":"L&#039;encyclop\u00e9die de l&#039;actualit\u00e9 sportive","publisher":{"@id":"https:\/\/dicodusport.fr\/blog\/#organization"},"potentialAction":[{"@type":"SearchAction","target":{"@type":"EntryPoint","urlTemplate":"https:\/\/dicodusport.fr\/blog\/?s={search_term_string}"},"query-input":{"@type":"PropertyValueSpecification","valueRequired":true,"valueName":"search_term_string"}}],"inLanguage":"fr-FR"},{"@type":"NewsMediaOrganization","@id":"https:\/\/dicodusport.fr\/blog\/#organization","name":"Dicodusport","url":"https:\/\/dicodusport.fr\/blog\/","logo":{"@type":"ImageObject","inLanguage":"fr-FR","@id":"https:\/\/dicodusport.fr\/blog\/#\/schema\/logo\/image\/","url":"https:\/\/dicodusport.fr\/blog\/wp-content\/uploads\/2020\/06\/cropped-LOGO-DICODUSPORT-2020-SANS-FOND-SANS-TEXTE.png","contentUrl":"https:\/\/dicodusport.fr\/blog\/wp-content\/uploads\/2020\/06\/cropped-LOGO-DICODUSPORT-2020-SANS-FOND-SANS-TEXTE.png","width":512,"height":512,"caption":"Dicodusport"},"image":{"@id":"https:\/\/dicodusport.fr\/blog\/#\/schema\/logo\/image\/"},"sameAs":["https:\/\/www.facebook.com\/dicodusport","https:\/\/x.com\/dicodusport","https:\/\/www.instagram.com\/dicodusport\/","https:\/\/www.youtube.com\/channel\/UC7V2KZ5sd3htJivAbA4ZG3w"],"description":"Dicodusport est l'encyclop\u00e9die de l'actualit\u00e9 sportive.","email":"bonjour@dicodusport.fr","legalName":"DICODUSPORT","foundingDate":"2018-01-14","vatID":"FR71834470973","taxID":"83447097300043","numberOfEmployees":{"@type":"QuantitativeValue","minValue":"1","maxValue":"10"}},{"@type":"Person","@id":"https:\/\/dicodusport.fr\/blog\/#\/schema\/person\/cb02af4c173ce4a653b55e9baf388d4a","name":"Flo Ostermann","image":{"@type":"ImageObject","inLanguage":"fr-FR","@id":"https:\/\/dicodusport.fr\/blog\/#\/schema\/person\/image\/","url":"https:\/\/dicodusport.fr\/blog\/wp-content\/uploads\/2021\/05\/Flo-Ostermann-150x150.jpg","contentUrl":"https:\/\/dicodusport.fr\/blog\/wp-content\/uploads\/2021\/05\/Flo-Ostermann-150x150.jpg","caption":"Flo Ostermann"},"description":"Journaliste\/R\u00e9dacteur depuis septembre 2015 - Mes premiers souvenirs dans le sport ? Les envol\u00e9es du Stade Toulousain et les duels Villeneuve-Schumacher et H\u00e4kkinen-Schumacher \u00e0 la fin des ann\u00e9es 90, la Coupe du monde de football en 1998, l\u2019exploit du XV de France face aux All Blacks en 1999, mais aussi Richard C\u0153ur de Lion qui vole sur les montagnes du Tour de France. Bien parti pour devenir professeur d\u2019EPS, les \u00e9v\u00e9nements de la vie (et la flemme d\u2019animer des s\u00e9ances de 3x500 m\u00e8tres toute ma vie) m\u2019ont conduit \u00e0 revoir mes plans. Me voil\u00e0 depuis fin 2017 sur Dicodusport, m\u00e9dia gr\u00e2ce (et pour) lequel je partage ma passion : le sport dans tous ses \u00e9tats. Le tout accompagn\u00e9 par les fous furieux et folles furieuses cit\u00e9s sur cette page !","sameAs":["https:\/\/www.facebook.com\/florent.ostermann","https:\/\/x.com\/https:\/\/twitter.com\/FlOstermann","admin"],"url":"https:\/\/dicodusport.fr\/blog\/author\/flo\/"}]}},"_links":{"self":[{"href":"https:\/\/dicodusport.fr\/blog\/wp-json\/wp\/v2\/posts\/593426","targetHints":{"allow":["GET"]}}],"collection":[{"href":"https:\/\/dicodusport.fr\/blog\/wp-json\/wp\/v2\/posts"}],"about":[{"href":"https:\/\/dicodusport.fr\/blog\/wp-json\/wp\/v2\/types\/post"}],"author":[{"embeddable":true,"href":"https:\/\/dicodusport.fr\/blog\/wp-json\/wp\/v2\/users\/4"}],"replies":[{"embeddable":true,"href":"https:\/\/dicodusport.fr\/blog\/wp-json\/wp\/v2\/comments?post=593426"}],"version-history":[{"count":5,"href":"https:\/\/dicodusport.fr\/blog\/wp-json\/wp\/v2\/posts\/593426\/revisions"}],"predecessor-version":[{"id":593436,"href":"https:\/\/dicodusport.fr\/blog\/wp-json\/wp\/v2\/posts\/593426\/revisions\/593436"}],"wp:featuredmedia":[{"embeddable":true,"href":"https:\/\/dicodusport.fr\/blog\/wp-json\/wp\/v2\/media\/593429"}],"wp:attachment":[{"href":"https:\/\/dicodusport.fr\/blog\/wp-json\/wp\/v2\/media?parent=593426"}],"wp:term":[{"taxonomy":"category","embeddable":true,"href":"https:\/\/dicodusport.fr\/blog\/wp-json\/wp\/v2\/categories?post=593426"},{"taxonomy":"post_tag","embeddable":true,"href":"https:\/\/dicodusport.fr\/blog\/wp-json\/wp\/v2\/tags?post=593426"}],"curies":[{"name":"wp","href":"https:\/\/api.w.org\/{rel}","templated":true}]}}