{"id":593427,"date":"2025-07-09T20:01:55","date_gmt":"2025-07-09T18:01:55","guid":{"rendered":"https:\/\/dicodusport.fr\/blog\/?p=593427&#038;preview=true&#038;preview_id=593427"},"modified":"2025-07-09T20:02:57","modified_gmt":"2025-07-09T18:02:57","slug":"psg-real-madrid-compositions-chaine-tv-cotes-et-heure-de-la-demi-finale-de-coupe-du-monde-des-clubs","status":"publish","type":"post","link":"https:\/\/dicodusport.fr\/blog\/psg-real-madrid-compositions-chaine-tv-cotes-et-heure-de-la-demi-finale-de-coupe-du-monde-des-clubs\/","title":{"rendered":"PSG-Real Madrid : Compositions, Cha\u00eene TV, Cotes et Heure de la demi-finale de Coupe du monde des clubs"},"content":{"rendered":"<p style=\"text-align: justify;\"><strong><em>COUPE DU MONDE DES CLUBS 2025 &#8211; <\/em><em>\u00c0 quelle heure et sur quelle cha\u00eene TV suivre la demi-finale entre le Paris Saint-Germain et le Real Madrid ? Retrouvez \u00e9galement les compositions des deux \u00e9quipes<\/em><em>.<\/em><\/strong><\/p>\n<ul style=\"text-align: justify;\">\n<li style=\"text-align: justify;\"><strong>\u00c0 ce sujet &#8211;\u00a0<a href=\"https:\/\/dicodusport.fr\/blog\/calendrier-et-resultats-coupe-du-mondes-des-clubs-fifa-2025\/\">Calendrier et r\u00e9sultats Coupe du monde des clubs FIFA 2025<\/a><\/strong><\/li>\n<\/ul>\n<p style=\"text-align: justify;\">La demi-finale de la Coupe du monde des clubs 2025 entre le <a href=\"https:\/\/dicodusport.fr\/blog\/mercato-psg-2025-2026-le-tableau-complet-des-transferts-arrivees-et-departs\/\"><strong>Paris Saint-Germain<\/strong><\/a> et le <strong>Real Madrid<\/strong> se d\u00e9roulera ce mercredi 9 juillet \u00e0 21h00, au MetLife Stadium d&rsquo;East Rutherford, New Jersey. Ce sera bien \u00e9videmment l&rsquo;occasion de retrouvailles entre le PSG et <strong>Kylian Mbapp\u00e9<\/strong>, apr\u00e8s son d\u00e9part de la capitale l&rsquo;\u00e9t\u00e9 dernier, m\u00eame si le capitaine de l&rsquo;\u00e9quipe de France n&rsquo;est pas assur\u00e9 de d\u00e9marrer la rencontre.<\/p>\n<ul style=\"text-align: justify;\">\n<li><strong>\u00c0 ce sujet &#8211; <a href=\"https:\/\/dicodusport.fr\/blog\/coupe-du-monde-des-clubs-tableau-de-la-phase-finale\/\">Coupe du monde des clubs \u2013 Tableau de la phase finale<\/a><\/strong><\/li>\n<\/ul>\n<p style=\"text-align: justify;\">Apr\u00e8s <a href=\"https:\/\/dicodusport.fr\/blog\/coupe-du-monde-de-clubs-paris-terrasse-linter-miami-et-rejoint-les-quarts\/\">la d\u00e9monstration contre l&rsquo;<strong>Inter Miami<\/strong> de <strong>Lionel Messi<\/strong> en 8\u00e8mes de finale<\/a>, le <strong>PSG<\/strong> a souffert en quarts contre le Bayern Munich. Un match compliqu\u00e9 sous une chaleur accablante, mais qui a fini par \u00eatre d\u00e9bloqu\u00e9 par <strong>D\u00e9sir\u00e9 Dou\u00e9<\/strong>, avant qu&rsquo;<strong>Ousmane Demb\u00e9l\u00e9<\/strong> ne porte le coup de gr\u00e2ce. N\u00e9anmoins, Paris a pay\u00e9 un lourd tribut, avec les cartons rouge re\u00e7us par <strong>Willian Pacho<\/strong> puis <strong>Lucas Hern\u00e1ndez<\/strong>. La d\u00e9fense va devoir \u00eatre remodel\u00e9e et pourrait \u00eatre le point faible du PSG sur ce match. Mais, \u00e0 deux matchs du titre, les Parisiens vont sans doute vouloir sortir le grand jeu.<\/p>\n<div class=\"vlp-link-container vlp-layout-article\"><a href=\"https:\/\/dicodusport.fr\/blog\/coupe-du-monde-des-clubs-2025-reduit-a-9-le-psg-sen-sort-contre-le-bayern-et-file-en-demie\/\" class=\"vlp-link\" title=\"Coupe du monde des clubs 2025 : R\u00e9duit \u00e0 9, le PSG s\u2019en sort contre le Bayern et file en demies\"><\/a><div class=\"vlp-layout-zone-side\"><div class=\"vlp-block-4 vlp-link-image\"><img loading=\"lazy\" decoding=\"async\" style=\"max-width: 792px;\" width=\"792\" height=\"445\" src=\"https:\/\/dicodusport.fr\/blog\/wp-content\/uploads\/2025\/07\/Coupe-du-monde-des-clubs-2025-Reduit-a-9-le-PSG-sen-sort-contre-le-Bayern-et-file-en-demie.png\" class=\"attachment-800x445 size-800x445\" alt=\"Coupe du monde des clubs 2025 R\u00e9duit \u00e0 9, le PSG s\u2019en sort contre le Bayern et file en demie\" srcset=\"https:\/\/dicodusport.fr\/blog\/wp-content\/uploads\/2025\/07\/Coupe-du-monde-des-clubs-2025-Reduit-a-9-le-PSG-sen-sort-contre-le-Bayern-et-file-en-demie.png 1200w, https:\/\/dicodusport.fr\/blog\/wp-content\/uploads\/2025\/07\/Coupe-du-monde-des-clubs-2025-Reduit-a-9-le-PSG-sen-sort-contre-le-Bayern-et-file-en-demie-300x169.png 300w, https:\/\/dicodusport.fr\/blog\/wp-content\/uploads\/2025\/07\/Coupe-du-monde-des-clubs-2025-Reduit-a-9-le-PSG-sen-sort-contre-le-Bayern-et-file-en-demie-1024x575.png 1024w, https:\/\/dicodusport.fr\/blog\/wp-content\/uploads\/2025\/07\/Coupe-du-monde-des-clubs-2025-Reduit-a-9-le-PSG-sen-sort-contre-le-Bayern-et-file-en-demie-768x431.png 768w\" sizes=\"auto, (max-width: 792px) 100vw, 792px\" \/><\/div><\/div><div class=\"vlp-layout-zone-main\"><div class=\"vlp-block-0 vlp-link-title\">Coupe du monde des clubs 2025 : R\u00e9duit \u00e0 9, le PSG s\u2019en sort contre le Bayern et file en demies<\/div><div class=\"vlp-block-1 vlp-link-summary\">COUPE DU MONDE DES CLUBS 2025 \u2013 \u00c0 9 contre 11, le Paris Saint-Germain l\u2019a emport\u00e9 dans la souffrance face au Bayern Munich (2-0).<\/div><div class=\"vlp-block-2 vlp-link-button\">Lire l'article<\/div><div class=\"vlp-block-3 vlp-link-url\">dicodusport.fr<\/div><\/div><\/div>\n<p style=\"text-align: justify;\">En face, le Real Madrid tente de sauver une saison presque blanche jusqu&rsquo;ici, puisque <em>Los Blancos<\/em> avaient remport\u00e9 la <a href=\"https:\/\/dicodusport.fr\/blog\/football-kylian-mbappe-offre-la-supercoupe-deurope-au-real-madrid\/\">SuperCoupe d&rsquo;Europe<\/a> voil\u00e0 d\u00e9j\u00e0 presque un an. Mais ils ont d\u00fb rendre le titre en Liga, ainsi qu&rsquo;en Ligue des champions. N\u00e9anmoins, apr\u00e8s une entame compliqu\u00e9e et un nul surprise contre Al-Hilal, les Madril\u00e8nes ont acc\u00e9l\u00e9r\u00e9 et gagn\u00e9 leurs quatre matchs suivants en inscrivant 10 buts, le dernier pas Kylian Mbapp\u00e9 d&rsquo;un magnifique ciseau. Mais comme susmentionn\u00e9, ce dernier pourrait d\u00e9marrer sur le banc, se remettant encore d&rsquo;un virus qui lui a co\u00fbt\u00e9 la phase de poules.<\/p>\n<blockquote class=\"twitter-tweet\">\n<p dir=\"ltr\" lang=\"fr\">\ud83d\udca5 | Kylian Mbapp\u00e9 ouvre son compteur dans la comp\u00e9tition avec un but splendide ! \ud83d\udd1d\ud83d\udd25 <a href=\"https:\/\/twitter.com\/hashtag\/FIFACWC?src=hash&amp;ref_src=twsrc%5Etfw\">#FIFACWC<\/a> <a href=\"https:\/\/twitter.com\/hashtag\/RMABVB?src=hash&amp;ref_src=twsrc%5Etfw\">#RMABVB<\/a> <a href=\"https:\/\/twitter.com\/hashtag\/RealMadrid?src=hash&amp;ref_src=twsrc%5Etfw\">#RealMadrid<\/a> <a href=\"https:\/\/twitter.com\/hashtag\/Dortmund?src=hash&amp;ref_src=twsrc%5Etfw\">#Dortmund<\/a><\/p>\n<p>Suivez la rencontre <a href=\"https:\/\/twitter.com\/realmadrid?ref_src=twsrc%5Etfw\">@realmadrid<\/a> \ud83c\udd9a <a href=\"https:\/\/twitter.com\/BlackYellow?ref_src=twsrc%5Etfw\">@BlackYellow<\/a> gratuitement ici : <a href=\"https:\/\/t.co\/kAQFrmIwIx\">https:\/\/t.co\/kAQFrmIwIx<\/a> ! \ud83d\udc48 <a href=\"https:\/\/t.co\/OhAvn8rlXA\">pic.twitter.com\/OhAvn8rlXA<\/a><\/p>\n<p>\u2014 DAZN France (@DAZN_FR) <a href=\"https:\/\/twitter.com\/DAZN_FR\/status\/1941619071054717359?ref_src=twsrc%5Etfw\">July 5, 2025<\/a><\/p><\/blockquote>\n<p style=\"text-align: justify;\"><script async src=\"https:\/\/platform.twitter.com\/widgets.js\" charset=\"utf-8\"><\/script><br \/>\nLes derni\u00e8res confrontations entre ces deux \u00e9quipes remontent aux 8\u00e8mes de finale de la Ligue des champions 2022. Paris s&rsquo;\u00e9tait impos\u00e9 <a href=\"https:\/\/dicodusport.fr\/blog\/ligue-des-champions-psg-peut-dire-merci-a-mbappe-face-au-real-madrid\/\"><strong>1-0<\/strong><\/a> \u00e0 l&rsquo;aller (sur un but de&#8230; <strong>Kylian Mbapp\u00e9<\/strong>) avant de s&rsquo;incliner <a href=\"https:\/\/dicodusport.fr\/blog\/ligue-des-champions-karim-benzema-fait-vivre-un-cauchemar-au-psg\/\"><strong>3-1<\/strong><\/a> \u00e0 Madrid au retour sur un tripl\u00e9 d&rsquo;un certain <strong>Karim Benzema<\/strong>. N\u00e9anmoins, Paris, <a href=\"https:\/\/dicodusport.fr\/blog\/ligue-des-champions-la-belle-etoile-pour-le-psg-sacre-apres-sa-demonstration-contre-linter\/\">vainqueur de la Ligue des champions<\/a>, est logiquement favori de cette rencontre.<\/p>\n<h2 style=\"text-align: justify;\">Coupe du monde des clubs : Le Programme TV du match PSG &#8211; Real Madrid<\/h2>\n<h3 style=\"text-align: justify;\">Mercredi 9 juillet 2025<\/h3>\n<p style=\"text-align: justify;\">La rencontre est diffus\u00e9e sur DAZN 1 (gratuitement) avec un coup d&rsquo;envoi donn\u00e9 \u00e0 <strong>21h00<\/strong>.<\/p>\n<h2 style=\"text-align: justify;\">Les compositions de PSG &#8211; Real Madrid<\/h2>\n<h3 style=\"text-align: justify;\">La composition du Paris Saint-Germain<\/h3>\n<p style=\"text-align: justify;\">Donnarumma; Hakimi, Marquinhos, Beraldo, Nuno Mendes; Jo\u00e3o Neves, Vitinha, Fabi\u00e1n Ruiz; Demb\u00e9l\u00e9, Dou\u00e9, Kvaratskhelia<\/p>\n<h3 style=\"text-align: justify;\">La composition du Real Madrid<\/h3>\n<p style=\"text-align: justify;\">Courtois; Fede Valverde, Asencio, R\u00fcdiger, Fran Garc\u00eda; Arda G\u00fcler, Tchouam\u00e9ni, Bellingham; Gonzalo, Mbapp\u00e9, Vinicius.<\/p>\n<h2 style=\"text-align: justify;\">Les cotes de PSG &#8211; Real Madrid<\/h2>\n<table style=\"width: 840px;\">\n<tbody>\n<tr style=\"height: 16px;\">\n<td style=\"background-color: #404040; text-align: left; border-color: #ededed; width: 500px;\" colspan=\"3\"><span style=\"font-size: 12px; color: #ffffff;\"><strong><img loading=\"lazy\" decoding=\"async\" class=\"alignnone wp-image-512842\" src=\"https:\/\/dicodusport.fr\/blog\/wp-content\/uploads\/2024\/08\/Logo-Winamax.png\" alt=\"\" width=\"14\" height=\"13\" srcset=\"https:\/\/dicodusport.fr\/blog\/wp-content\/uploads\/2024\/08\/Logo-Winamax.png 290w, https:\/\/dicodusport.fr\/blog\/wp-content\/uploads\/2024\/08\/Logo-Winamax-150x150.png 150w, https:\/\/dicodusport.fr\/blog\/wp-content\/uploads\/2024\/08\/Logo-Winamax-80x80.png 80w\" sizes=\"auto, (max-width: 14px) 100vw, 14px\" \/> Mercredi 9 juillet, 21h00<\/strong><\/span><\/td>\n<\/tr>\n<tr style=\"height: 24px;\">\n<td style=\"background-color: #ffffff; border-color: #ededed; vertical-align: middle; text-align: center; width: 266px;\"><span style=\"font-size: 10px;\"><span style=\"font-size: 14px;\"><strong>PSG<\/strong><\/span><br \/>\n<a href=\"https:\/\/www.winamax.fr\/paris-sportifs\/match\/57490681?banid=33423\" class=\"su-button su-button-style-flat su-button-wide\" style=\"color:#fff;background-color:#07125C;border-color:#060f4a;border-radius:5px\" target=\"_blank\" rel=\"noopener noreferrer\"><span style=\"color:#fff;padding:0px 20px;font-size:16px;line-height:32px;border-color:#525a8d;border-radius:5px;text-shadow:none\"> 2.30<\/span><\/a><\/span><\/td>\n<td style=\"background-color: #ffffff; border-color: #ededed; vertical-align: middle; text-align: center; width: 266px;\"><span style=\"font-size: 10px;\"><span style=\"font-size: 14px;\"><strong>Match nul<\/strong><\/span><br \/>\n<a href=\"https:\/\/www.winamax.fr\/paris-sportifs\/match\/57490681?banid=33423\" class=\"su-button su-button-style-flat su-button-wide\" style=\"color:#fff;background-color:#07125C;border-color:#060f4a;border-radius:5px\" target=\"_blank\" rel=\"noopener noreferrer\"><span style=\"color:#fff;padding:0px 20px;font-size:16px;line-height:32px;border-color:#525a8d;border-radius:5px;text-shadow:none\"> 3.70<\/span><\/a><\/span><\/td>\n<td style=\"background-color: #ffffff; border-color: #ededed; vertical-align: middle; text-align: center; width: 266px;\"><span style=\"font-size: 10px;\"><span style=\"font-size: 14px;\"><strong>Real<\/strong><\/span><br \/>\n<a href=\"https:\/\/www.winamax.fr\/paris-sportifs\/match\/57490681?banid=33423\" class=\"su-button su-button-style-flat su-button-wide\" style=\"color:#fff;background-color:#07125C;border-color:#060f4a;border-radius:5px\" target=\"_blank\" rel=\"noopener noreferrer\"><span style=\"color:#fff;padding:0px 20px;font-size:16px;line-height:32px;border-color:#525a8d;border-radius:5px;text-shadow:none\"> 2.90<\/span><\/a><\/span><\/td>\n<\/tr>\n<\/tbody>\n<\/table>\n<p style=\"text-align: justify;\">Tentez votre chance en profitant de votre <a href=\"https:\/\/www.winamax.fr\/registration\/landing\/affiliation_Bonus100?banid=33423\">1er d\u00e9p\u00f4t doubl\u00e9 jusqu&rsquo;\u00e0 100 \u20ac<\/a> direct en paris gratuits sur Winamax !<\/p>\n","protected":false},"excerpt":{"rendered":"<p>COUPE DU MONDE DES CLUBS 2025 &#8211; \u00c0 quelle heure et sur quelle cha\u00eene TV suivre la demi-finale entre le Paris Saint-Germain et le Real Madrid ? Retrouvez \u00e9galement les compositions des deux \u00e9quipes.<\/p>\n","protected":false},"author":59,"featured_media":593437,"comment_status":"open","ping_status":"closed","sticky":false,"template":"","format":"standard","meta":{"_acf_changed":false,"_daextam_enable_autolinks":"1","footnotes":""},"categories":[44295,2301],"tags":[16878,10385,75,1230,8799],"class_list":["post-593427","post","type-post","status-publish","format-standard","has-post-thumbnail","hentry","category-chaine-tv","category-football","tag-breve","tag-coupe-du-monde-des-clubs","tag-football","tag-paris-saint-germain","tag-programme-tv"],"acf":[],"yoast_head":"<!-- This site is optimized with the Yoast SEO Premium plugin v26.7 (Yoast SEO v26.7) - https:\/\/yoast.com\/wordpress\/plugins\/seo\/ -->\n<title>PSG-Real Madrid : Compositions, Cha\u00eene TV, Cotes et Heure de la demi-finale de Coupe du monde des clubs<\/title>\n<meta name=\"description\" content=\"COUPE DU MONDE DES CLUBS 2025 - \u00c0 quelle heure et sur quelle cha\u00eene TV suivre la demi-finale entre le Paris Saint-Germain et le Real Madrid ? Retrouvez \u00e9galement les compositions des deux \u00e9quipes.\" \/>\n<meta name=\"robots\" content=\"index, follow, max-snippet:-1, max-image-preview:large, max-video-preview:-1\" \/>\n<link rel=\"canonical\" href=\"https:\/\/dicodusport.fr\/blog\/psg-real-madrid-compositions-chaine-tv-cotes-et-heure-de-la-demi-finale-de-coupe-du-monde-des-clubs\/\" \/>\n<meta property=\"og:locale\" content=\"fr_FR\" \/>\n<meta property=\"og:type\" content=\"article\" \/>\n<meta property=\"og:title\" content=\"PSG-Real Madrid : Compositions, Cha\u00eene TV, Cotes et Heure de la demi-finale de Coupe du monde des clubs\" \/>\n<meta property=\"og:description\" content=\"COUPE DU MONDE DES CLUBS 2025 - \u00c0 quelle heure et sur quelle cha\u00eene TV suivre la demi-finale entre le Paris Saint-Germain et le Real Madrid ? Retrouvez \u00e9galement les compositions des deux \u00e9quipes.\" \/>\n<meta property=\"og:url\" content=\"https:\/\/dicodusport.fr\/blog\/psg-real-madrid-compositions-chaine-tv-cotes-et-heure-de-la-demi-finale-de-coupe-du-monde-des-clubs\/\" \/>\n<meta property=\"og:site_name\" content=\"Dicodusport\" \/>\n<meta property=\"article:publisher\" content=\"https:\/\/www.facebook.com\/dicodusport\" \/>\n<meta property=\"article:author\" content=\"https:\/\/www.facebook.com\/sebastien.gente\/\" \/>\n<meta property=\"article:published_time\" content=\"2025-07-09T18:01:55+00:00\" \/>\n<meta property=\"article:modified_time\" content=\"2025-07-09T18:02:57+00:00\" \/>\n<meta property=\"og:image\" content=\"https:\/\/dicodusport.fr\/blog\/wp-content\/uploads\/2025\/07\/PSG-Real-Madrid-Compositions-Chaine-TV-Cotes-et-Heure-de-la-demi-finale-de-Coupe-du-monde-des-clubs.png\" \/>\n\t<meta property=\"og:image:width\" content=\"1200\" \/>\n\t<meta property=\"og:image:height\" content=\"674\" \/>\n\t<meta property=\"og:image:type\" content=\"image\/png\" \/>\n<meta name=\"author\" content=\"S\u00e9bastien Gente\" \/>\n<meta name=\"twitter:card\" content=\"summary_large_image\" \/>\n<meta name=\"twitter:title\" content=\"PSG-Real Madrid : Compositions, Cha\u00eene TV, Cotes et Heure de la demi-finale de Coupe du monde des clubs\" \/>\n<meta name=\"twitter:creator\" content=\"@https:\/\/twitter.com\/globulo24\" \/>\n<meta name=\"twitter:site\" content=\"@dicodusport\" \/>\n<script type=\"application\/ld+json\" class=\"yoast-schema-graph\">{\"@context\":\"https:\/\/schema.org\",\"@graph\":[{\"@type\":\"NewsArticle\",\"@id\":\"https:\/\/dicodusport.fr\/blog\/psg-real-madrid-compositions-chaine-tv-cotes-et-heure-de-la-demi-finale-de-coupe-du-monde-des-clubs\/#article\",\"isPartOf\":{\"@id\":\"https:\/\/dicodusport.fr\/blog\/psg-real-madrid-compositions-chaine-tv-cotes-et-heure-de-la-demi-finale-de-coupe-du-monde-des-clubs\/\"},\"author\":{\"name\":\"S\u00e9bastien Gente\",\"@id\":\"https:\/\/dicodusport.fr\/blog\/#\/schema\/person\/627966a6cde45dbd8c5e36ac85d783da\"},\"headline\":\"PSG-Real Madrid : Compositions, Cha\u00eene TV, Cotes et Heure de la demi-finale de Coupe du monde des clubs\",\"datePublished\":\"2025-07-09T18:01:55+00:00\",\"dateModified\":\"2025-07-09T18:02:57+00:00\",\"mainEntityOfPage\":{\"@id\":\"https:\/\/dicodusport.fr\/blog\/psg-real-madrid-compositions-chaine-tv-cotes-et-heure-de-la-demi-finale-de-coupe-du-monde-des-clubs\/\"},\"wordCount\":750,\"commentCount\":0,\"publisher\":{\"@id\":\"https:\/\/dicodusport.fr\/blog\/#organization\"},\"image\":{\"@id\":\"https:\/\/dicodusport.fr\/blog\/psg-real-madrid-compositions-chaine-tv-cotes-et-heure-de-la-demi-finale-de-coupe-du-monde-des-clubs\/#primaryimage\"},\"thumbnailUrl\":\"https:\/\/dicodusport.fr\/blog\/wp-content\/uploads\/2025\/07\/PSG-Real-Madrid-Compositions-Chaine-TV-Cotes-et-Heure-de-la-demi-finale-de-Coupe-du-monde-des-clubs.png\",\"keywords\":[\"br\u00e8ve\",\"Coupe du monde des clubs\",\"Football\",\"Paris Saint-Germain\",\"Programme TV\"],\"articleSection\":[\"Cha\u00eene TV\",\"Football\"],\"inLanguage\":\"fr-FR\",\"potentialAction\":[{\"@type\":\"CommentAction\",\"name\":\"Comment\",\"target\":[\"https:\/\/dicodusport.fr\/blog\/psg-real-madrid-compositions-chaine-tv-cotes-et-heure-de-la-demi-finale-de-coupe-du-monde-des-clubs\/#respond\"]}],\"copyrightYear\":\"2025\",\"copyrightHolder\":{\"@id\":\"https:\/\/dicodusport.fr\/blog\/#organization\"}},{\"@type\":\"WebPage\",\"@id\":\"https:\/\/dicodusport.fr\/blog\/psg-real-madrid-compositions-chaine-tv-cotes-et-heure-de-la-demi-finale-de-coupe-du-monde-des-clubs\/\",\"url\":\"https:\/\/dicodusport.fr\/blog\/psg-real-madrid-compositions-chaine-tv-cotes-et-heure-de-la-demi-finale-de-coupe-du-monde-des-clubs\/\",\"name\":\"PSG-Real Madrid : Compositions, Cha\u00eene TV, Cotes et Heure de la demi-finale de Coupe du monde des clubs\",\"isPartOf\":{\"@id\":\"https:\/\/dicodusport.fr\/blog\/#website\"},\"primaryImageOfPage\":{\"@id\":\"https:\/\/dicodusport.fr\/blog\/psg-real-madrid-compositions-chaine-tv-cotes-et-heure-de-la-demi-finale-de-coupe-du-monde-des-clubs\/#primaryimage\"},\"image\":{\"@id\":\"https:\/\/dicodusport.fr\/blog\/psg-real-madrid-compositions-chaine-tv-cotes-et-heure-de-la-demi-finale-de-coupe-du-monde-des-clubs\/#primaryimage\"},\"thumbnailUrl\":\"https:\/\/dicodusport.fr\/blog\/wp-content\/uploads\/2025\/07\/PSG-Real-Madrid-Compositions-Chaine-TV-Cotes-et-Heure-de-la-demi-finale-de-Coupe-du-monde-des-clubs.png\",\"datePublished\":\"2025-07-09T18:01:55+00:00\",\"dateModified\":\"2025-07-09T18:02:57+00:00\",\"description\":\"COUPE DU MONDE DES CLUBS 2025 - \u00c0 quelle heure et sur quelle cha\u00eene TV suivre la demi-finale entre le Paris Saint-Germain et le Real Madrid ? Retrouvez \u00e9galement les compositions des deux \u00e9quipes.\",\"breadcrumb\":{\"@id\":\"https:\/\/dicodusport.fr\/blog\/psg-real-madrid-compositions-chaine-tv-cotes-et-heure-de-la-demi-finale-de-coupe-du-monde-des-clubs\/#breadcrumb\"},\"inLanguage\":\"fr-FR\",\"potentialAction\":[{\"@type\":\"ReadAction\",\"target\":[\"https:\/\/dicodusport.fr\/blog\/psg-real-madrid-compositions-chaine-tv-cotes-et-heure-de-la-demi-finale-de-coupe-du-monde-des-clubs\/\"]}]},{\"@type\":\"ImageObject\",\"inLanguage\":\"fr-FR\",\"@id\":\"https:\/\/dicodusport.fr\/blog\/psg-real-madrid-compositions-chaine-tv-cotes-et-heure-de-la-demi-finale-de-coupe-du-monde-des-clubs\/#primaryimage\",\"url\":\"https:\/\/dicodusport.fr\/blog\/wp-content\/uploads\/2025\/07\/PSG-Real-Madrid-Compositions-Chaine-TV-Cotes-et-Heure-de-la-demi-finale-de-Coupe-du-monde-des-clubs.png\",\"contentUrl\":\"https:\/\/dicodusport.fr\/blog\/wp-content\/uploads\/2025\/07\/PSG-Real-Madrid-Compositions-Chaine-TV-Cotes-et-Heure-de-la-demi-finale-de-Coupe-du-monde-des-clubs.png\",\"width\":1200,\"height\":674,\"caption\":\"PSG-Real Madrid Compositions, Cha\u00eene TV, Cotes et Heure de la demi-finale de Coupe du monde des clubs\"},{\"@type\":\"BreadcrumbList\",\"@id\":\"https:\/\/dicodusport.fr\/blog\/psg-real-madrid-compositions-chaine-tv-cotes-et-heure-de-la-demi-finale-de-coupe-du-monde-des-clubs\/#breadcrumb\",\"itemListElement\":[{\"@type\":\"ListItem\",\"position\":1,\"name\":\"Accueil\",\"item\":\"https:\/\/dicodusport.fr\/blog\/\"},{\"@type\":\"ListItem\",\"position\":2,\"name\":\"PSG-Real Madrid : Compositions, Cha\u00eene TV, Cotes et Heure de la demi-finale de Coupe du monde des clubs\"}]},{\"@type\":\"WebSite\",\"@id\":\"https:\/\/dicodusport.fr\/blog\/#website\",\"url\":\"https:\/\/dicodusport.fr\/blog\/\",\"name\":\"Dicodusport\",\"description\":\"L&#039;encyclop\u00e9die de l&#039;actualit\u00e9 sportive\",\"publisher\":{\"@id\":\"https:\/\/dicodusport.fr\/blog\/#organization\"},\"potentialAction\":[{\"@type\":\"SearchAction\",\"target\":{\"@type\":\"EntryPoint\",\"urlTemplate\":\"https:\/\/dicodusport.fr\/blog\/?s={search_term_string}\"},\"query-input\":{\"@type\":\"PropertyValueSpecification\",\"valueRequired\":true,\"valueName\":\"search_term_string\"}}],\"inLanguage\":\"fr-FR\"},{\"@type\":\"NewsMediaOrganization\",\"@id\":\"https:\/\/dicodusport.fr\/blog\/#organization\",\"name\":\"Dicodusport\",\"url\":\"https:\/\/dicodusport.fr\/blog\/\",\"logo\":{\"@type\":\"ImageObject\",\"inLanguage\":\"fr-FR\",\"@id\":\"https:\/\/dicodusport.fr\/blog\/#\/schema\/logo\/image\/\",\"url\":\"https:\/\/dicodusport.fr\/blog\/wp-content\/uploads\/2020\/06\/cropped-LOGO-DICODUSPORT-2020-SANS-FOND-SANS-TEXTE.png\",\"contentUrl\":\"https:\/\/dicodusport.fr\/blog\/wp-content\/uploads\/2020\/06\/cropped-LOGO-DICODUSPORT-2020-SANS-FOND-SANS-TEXTE.png\",\"width\":512,\"height\":512,\"caption\":\"Dicodusport\"},\"image\":{\"@id\":\"https:\/\/dicodusport.fr\/blog\/#\/schema\/logo\/image\/\"},\"sameAs\":[\"https:\/\/www.facebook.com\/dicodusport\",\"https:\/\/x.com\/dicodusport\",\"https:\/\/www.instagram.com\/dicodusport\/\",\"https:\/\/www.youtube.com\/channel\/UC7V2KZ5sd3htJivAbA4ZG3w\"],\"description\":\"Dicodusport est l'encyclop\u00e9die de l'actualit\u00e9 sportive.\",\"email\":\"bonjour@dicodusport.fr\",\"legalName\":\"DICODUSPORT\",\"foundingDate\":\"2018-01-14\",\"vatID\":\"FR71834470973\",\"taxID\":\"83447097300043\",\"numberOfEmployees\":{\"@type\":\"QuantitativeValue\",\"minValue\":\"1\",\"maxValue\":\"10\"}},{\"@type\":\"Person\",\"@id\":\"https:\/\/dicodusport.fr\/blog\/#\/schema\/person\/627966a6cde45dbd8c5e36ac85d783da\",\"name\":\"S\u00e9bastien Gente\",\"image\":{\"@type\":\"ImageObject\",\"inLanguage\":\"fr-FR\",\"@id\":\"https:\/\/dicodusport.fr\/blog\/#\/schema\/person\/image\/\",\"url\":\"https:\/\/dicodusport.fr\/blog\/wp-content\/uploads\/2021\/09\/1510990_10205810251400683_4124423575079401707_n-150x150.jpg\",\"contentUrl\":\"https:\/\/dicodusport.fr\/blog\/wp-content\/uploads\/2021\/09\/1510990_10205810251400683_4124423575079401707_n-150x150.jpg\",\"caption\":\"S\u00e9bastien Gente\"},\"description\":\"John Stockton, Gianni Bugno, Zinedine Zidane, Steffi Graf, Frode Andresen, St\u00e9phane Stoecklin, Davis Kamoga, Primoz Peterka, Werner Schlager et Aur\u00e9lien Rougerie. Point commun entre ces sportifs? Ils m'ont fait r\u00eaver et ont berc\u00e9 mon adolescence. Je suis un fondu de sports et j'essaie de retranscrire ma passion \u00e0 travers mes articles. Originaire du P\u00e9rigord, ma passion pour les Girondins, les Jaunards et les Jazzmen transpire dans mes \u00e9crits. \u00c0 Dicodusport depuis 2021, je d\u00e9niche les sports m\u00e9connus dans lesquels la France brille, et il y en a !\",\"sameAs\":[\"https:\/\/www.facebook.com\/sebastien.gente\/\",\"https:\/\/www.instagram.com\/sebgente\/\",\"https:\/\/www.linkedin.com\/in\/sbastien-gente-a29583169\/\",\"https:\/\/x.com\/https:\/\/twitter.com\/globulo24\",\"SebastienGente\"],\"worksFor\":\"S\u00e9bastien GENTE\",\"url\":\"https:\/\/dicodusport.fr\/blog\/author\/sebastiengente\/\"}]}<\/script>\n<!-- \/ Yoast SEO Premium plugin. -->","yoast_head_json":{"title":"PSG-Real Madrid : Compositions, Cha\u00eene TV, Cotes et Heure de la demi-finale de Coupe du monde des clubs","description":"COUPE DU MONDE DES CLUBS 2025 - \u00c0 quelle heure et sur quelle cha\u00eene TV suivre la demi-finale entre le Paris Saint-Germain et le Real Madrid ? Retrouvez \u00e9galement les compositions des deux \u00e9quipes.","robots":{"index":"index","follow":"follow","max-snippet":"max-snippet:-1","max-image-preview":"max-image-preview:large","max-video-preview":"max-video-preview:-1"},"canonical":"https:\/\/dicodusport.fr\/blog\/psg-real-madrid-compositions-chaine-tv-cotes-et-heure-de-la-demi-finale-de-coupe-du-monde-des-clubs\/","og_locale":"fr_FR","og_type":"article","og_title":"PSG-Real Madrid : Compositions, Cha\u00eene TV, Cotes et Heure de la demi-finale de Coupe du monde des clubs","og_description":"COUPE DU MONDE DES CLUBS 2025 - \u00c0 quelle heure et sur quelle cha\u00eene TV suivre la demi-finale entre le Paris Saint-Germain et le Real Madrid ? Retrouvez \u00e9galement les compositions des deux \u00e9quipes.","og_url":"https:\/\/dicodusport.fr\/blog\/psg-real-madrid-compositions-chaine-tv-cotes-et-heure-de-la-demi-finale-de-coupe-du-monde-des-clubs\/","og_site_name":"Dicodusport","article_publisher":"https:\/\/www.facebook.com\/dicodusport","article_author":"https:\/\/www.facebook.com\/sebastien.gente\/","article_published_time":"2025-07-09T18:01:55+00:00","article_modified_time":"2025-07-09T18:02:57+00:00","og_image":[{"width":1200,"height":674,"url":"https:\/\/dicodusport.fr\/blog\/wp-content\/uploads\/2025\/07\/PSG-Real-Madrid-Compositions-Chaine-TV-Cotes-et-Heure-de-la-demi-finale-de-Coupe-du-monde-des-clubs.png","type":"image\/png"}],"author":"S\u00e9bastien Gente","twitter_card":"summary_large_image","twitter_title":"PSG-Real Madrid : Compositions, Cha\u00eene TV, Cotes et Heure de la demi-finale de Coupe du monde des clubs","twitter_creator":"@https:\/\/twitter.com\/globulo24","twitter_site":"@dicodusport","schema":{"@context":"https:\/\/schema.org","@graph":[{"@type":"NewsArticle","@id":"https:\/\/dicodusport.fr\/blog\/psg-real-madrid-compositions-chaine-tv-cotes-et-heure-de-la-demi-finale-de-coupe-du-monde-des-clubs\/#article","isPartOf":{"@id":"https:\/\/dicodusport.fr\/blog\/psg-real-madrid-compositions-chaine-tv-cotes-et-heure-de-la-demi-finale-de-coupe-du-monde-des-clubs\/"},"author":{"name":"S\u00e9bastien Gente","@id":"https:\/\/dicodusport.fr\/blog\/#\/schema\/person\/627966a6cde45dbd8c5e36ac85d783da"},"headline":"PSG-Real Madrid : Compositions, Cha\u00eene TV, Cotes et Heure de la demi-finale de Coupe du monde des clubs","datePublished":"2025-07-09T18:01:55+00:00","dateModified":"2025-07-09T18:02:57+00:00","mainEntityOfPage":{"@id":"https:\/\/dicodusport.fr\/blog\/psg-real-madrid-compositions-chaine-tv-cotes-et-heure-de-la-demi-finale-de-coupe-du-monde-des-clubs\/"},"wordCount":750,"commentCount":0,"publisher":{"@id":"https:\/\/dicodusport.fr\/blog\/#organization"},"image":{"@id":"https:\/\/dicodusport.fr\/blog\/psg-real-madrid-compositions-chaine-tv-cotes-et-heure-de-la-demi-finale-de-coupe-du-monde-des-clubs\/#primaryimage"},"thumbnailUrl":"https:\/\/dicodusport.fr\/blog\/wp-content\/uploads\/2025\/07\/PSG-Real-Madrid-Compositions-Chaine-TV-Cotes-et-Heure-de-la-demi-finale-de-Coupe-du-monde-des-clubs.png","keywords":["br\u00e8ve","Coupe du monde des clubs","Football","Paris Saint-Germain","Programme TV"],"articleSection":["Cha\u00eene TV","Football"],"inLanguage":"fr-FR","potentialAction":[{"@type":"CommentAction","name":"Comment","target":["https:\/\/dicodusport.fr\/blog\/psg-real-madrid-compositions-chaine-tv-cotes-et-heure-de-la-demi-finale-de-coupe-du-monde-des-clubs\/#respond"]}],"copyrightYear":"2025","copyrightHolder":{"@id":"https:\/\/dicodusport.fr\/blog\/#organization"}},{"@type":"WebPage","@id":"https:\/\/dicodusport.fr\/blog\/psg-real-madrid-compositions-chaine-tv-cotes-et-heure-de-la-demi-finale-de-coupe-du-monde-des-clubs\/","url":"https:\/\/dicodusport.fr\/blog\/psg-real-madrid-compositions-chaine-tv-cotes-et-heure-de-la-demi-finale-de-coupe-du-monde-des-clubs\/","name":"PSG-Real Madrid : Compositions, Cha\u00eene TV, Cotes et Heure de la demi-finale de Coupe du monde des clubs","isPartOf":{"@id":"https:\/\/dicodusport.fr\/blog\/#website"},"primaryImageOfPage":{"@id":"https:\/\/dicodusport.fr\/blog\/psg-real-madrid-compositions-chaine-tv-cotes-et-heure-de-la-demi-finale-de-coupe-du-monde-des-clubs\/#primaryimage"},"image":{"@id":"https:\/\/dicodusport.fr\/blog\/psg-real-madrid-compositions-chaine-tv-cotes-et-heure-de-la-demi-finale-de-coupe-du-monde-des-clubs\/#primaryimage"},"thumbnailUrl":"https:\/\/dicodusport.fr\/blog\/wp-content\/uploads\/2025\/07\/PSG-Real-Madrid-Compositions-Chaine-TV-Cotes-et-Heure-de-la-demi-finale-de-Coupe-du-monde-des-clubs.png","datePublished":"2025-07-09T18:01:55+00:00","dateModified":"2025-07-09T18:02:57+00:00","description":"COUPE DU MONDE DES CLUBS 2025 - \u00c0 quelle heure et sur quelle cha\u00eene TV suivre la demi-finale entre le Paris Saint-Germain et le Real Madrid ? Retrouvez \u00e9galement les compositions des deux \u00e9quipes.","breadcrumb":{"@id":"https:\/\/dicodusport.fr\/blog\/psg-real-madrid-compositions-chaine-tv-cotes-et-heure-de-la-demi-finale-de-coupe-du-monde-des-clubs\/#breadcrumb"},"inLanguage":"fr-FR","potentialAction":[{"@type":"ReadAction","target":["https:\/\/dicodusport.fr\/blog\/psg-real-madrid-compositions-chaine-tv-cotes-et-heure-de-la-demi-finale-de-coupe-du-monde-des-clubs\/"]}]},{"@type":"ImageObject","inLanguage":"fr-FR","@id":"https:\/\/dicodusport.fr\/blog\/psg-real-madrid-compositions-chaine-tv-cotes-et-heure-de-la-demi-finale-de-coupe-du-monde-des-clubs\/#primaryimage","url":"https:\/\/dicodusport.fr\/blog\/wp-content\/uploads\/2025\/07\/PSG-Real-Madrid-Compositions-Chaine-TV-Cotes-et-Heure-de-la-demi-finale-de-Coupe-du-monde-des-clubs.png","contentUrl":"https:\/\/dicodusport.fr\/blog\/wp-content\/uploads\/2025\/07\/PSG-Real-Madrid-Compositions-Chaine-TV-Cotes-et-Heure-de-la-demi-finale-de-Coupe-du-monde-des-clubs.png","width":1200,"height":674,"caption":"PSG-Real Madrid Compositions, Cha\u00eene TV, Cotes et Heure de la demi-finale de Coupe du monde des clubs"},{"@type":"BreadcrumbList","@id":"https:\/\/dicodusport.fr\/blog\/psg-real-madrid-compositions-chaine-tv-cotes-et-heure-de-la-demi-finale-de-coupe-du-monde-des-clubs\/#breadcrumb","itemListElement":[{"@type":"ListItem","position":1,"name":"Accueil","item":"https:\/\/dicodusport.fr\/blog\/"},{"@type":"ListItem","position":2,"name":"PSG-Real Madrid : Compositions, Cha\u00eene TV, Cotes et Heure de la demi-finale de Coupe du monde des clubs"}]},{"@type":"WebSite","@id":"https:\/\/dicodusport.fr\/blog\/#website","url":"https:\/\/dicodusport.fr\/blog\/","name":"Dicodusport","description":"L&#039;encyclop\u00e9die de l&#039;actualit\u00e9 sportive","publisher":{"@id":"https:\/\/dicodusport.fr\/blog\/#organization"},"potentialAction":[{"@type":"SearchAction","target":{"@type":"EntryPoint","urlTemplate":"https:\/\/dicodusport.fr\/blog\/?s={search_term_string}"},"query-input":{"@type":"PropertyValueSpecification","valueRequired":true,"valueName":"search_term_string"}}],"inLanguage":"fr-FR"},{"@type":"NewsMediaOrganization","@id":"https:\/\/dicodusport.fr\/blog\/#organization","name":"Dicodusport","url":"https:\/\/dicodusport.fr\/blog\/","logo":{"@type":"ImageObject","inLanguage":"fr-FR","@id":"https:\/\/dicodusport.fr\/blog\/#\/schema\/logo\/image\/","url":"https:\/\/dicodusport.fr\/blog\/wp-content\/uploads\/2020\/06\/cropped-LOGO-DICODUSPORT-2020-SANS-FOND-SANS-TEXTE.png","contentUrl":"https:\/\/dicodusport.fr\/blog\/wp-content\/uploads\/2020\/06\/cropped-LOGO-DICODUSPORT-2020-SANS-FOND-SANS-TEXTE.png","width":512,"height":512,"caption":"Dicodusport"},"image":{"@id":"https:\/\/dicodusport.fr\/blog\/#\/schema\/logo\/image\/"},"sameAs":["https:\/\/www.facebook.com\/dicodusport","https:\/\/x.com\/dicodusport","https:\/\/www.instagram.com\/dicodusport\/","https:\/\/www.youtube.com\/channel\/UC7V2KZ5sd3htJivAbA4ZG3w"],"description":"Dicodusport est l'encyclop\u00e9die de l'actualit\u00e9 sportive.","email":"bonjour@dicodusport.fr","legalName":"DICODUSPORT","foundingDate":"2018-01-14","vatID":"FR71834470973","taxID":"83447097300043","numberOfEmployees":{"@type":"QuantitativeValue","minValue":"1","maxValue":"10"}},{"@type":"Person","@id":"https:\/\/dicodusport.fr\/blog\/#\/schema\/person\/627966a6cde45dbd8c5e36ac85d783da","name":"S\u00e9bastien Gente","image":{"@type":"ImageObject","inLanguage":"fr-FR","@id":"https:\/\/dicodusport.fr\/blog\/#\/schema\/person\/image\/","url":"https:\/\/dicodusport.fr\/blog\/wp-content\/uploads\/2021\/09\/1510990_10205810251400683_4124423575079401707_n-150x150.jpg","contentUrl":"https:\/\/dicodusport.fr\/blog\/wp-content\/uploads\/2021\/09\/1510990_10205810251400683_4124423575079401707_n-150x150.jpg","caption":"S\u00e9bastien Gente"},"description":"John Stockton, Gianni Bugno, Zinedine Zidane, Steffi Graf, Frode Andresen, St\u00e9phane Stoecklin, Davis Kamoga, Primoz Peterka, Werner Schlager et Aur\u00e9lien Rougerie. Point commun entre ces sportifs? Ils m'ont fait r\u00eaver et ont berc\u00e9 mon adolescence. Je suis un fondu de sports et j'essaie de retranscrire ma passion \u00e0 travers mes articles. Originaire du P\u00e9rigord, ma passion pour les Girondins, les Jaunards et les Jazzmen transpire dans mes \u00e9crits. \u00c0 Dicodusport depuis 2021, je d\u00e9niche les sports m\u00e9connus dans lesquels la France brille, et il y en a !","sameAs":["https:\/\/www.facebook.com\/sebastien.gente\/","https:\/\/www.instagram.com\/sebgente\/","https:\/\/www.linkedin.com\/in\/sbastien-gente-a29583169\/","https:\/\/x.com\/https:\/\/twitter.com\/globulo24","SebastienGente"],"worksFor":"S\u00e9bastien GENTE","url":"https:\/\/dicodusport.fr\/blog\/author\/sebastiengente\/"}]}},"_links":{"self":[{"href":"https:\/\/dicodusport.fr\/blog\/wp-json\/wp\/v2\/posts\/593427","targetHints":{"allow":["GET"]}}],"collection":[{"href":"https:\/\/dicodusport.fr\/blog\/wp-json\/wp\/v2\/posts"}],"about":[{"href":"https:\/\/dicodusport.fr\/blog\/wp-json\/wp\/v2\/types\/post"}],"author":[{"embeddable":true,"href":"https:\/\/dicodusport.fr\/blog\/wp-json\/wp\/v2\/users\/59"}],"replies":[{"embeddable":true,"href":"https:\/\/dicodusport.fr\/blog\/wp-json\/wp\/v2\/comments?post=593427"}],"version-history":[{"count":3,"href":"https:\/\/dicodusport.fr\/blog\/wp-json\/wp\/v2\/posts\/593427\/revisions"}],"predecessor-version":[{"id":593873,"href":"https:\/\/dicodusport.fr\/blog\/wp-json\/wp\/v2\/posts\/593427\/revisions\/593873"}],"wp:featuredmedia":[{"embeddable":true,"href":"https:\/\/dicodusport.fr\/blog\/wp-json\/wp\/v2\/media\/593437"}],"wp:attachment":[{"href":"https:\/\/dicodusport.fr\/blog\/wp-json\/wp\/v2\/media?parent=593427"}],"wp:term":[{"taxonomy":"category","embeddable":true,"href":"https:\/\/dicodusport.fr\/blog\/wp-json\/wp\/v2\/categories?post=593427"},{"taxonomy":"post_tag","embeddable":true,"href":"https:\/\/dicodusport.fr\/blog\/wp-json\/wp\/v2\/tags?post=593427"}],"curies":[{"name":"wp","href":"https:\/\/api.w.org\/{rel}","templated":true}]}}