{"id":593826,"date":"2025-07-09T18:25:19","date_gmt":"2025-07-09T16:25:19","guid":{"rendered":"https:\/\/dicodusport.fr\/blog\/?p=593826&#038;preview=true&#038;preview_id=593826"},"modified":"2025-07-09T19:06:44","modified_gmt":"2025-07-09T17:06:44","slug":"billet-dhumeur-tour-de-france-rendez-nous-les-chronos-longs","status":"publish","type":"post","link":"https:\/\/dicodusport.fr\/blog\/billet-dhumeur-tour-de-france-rendez-nous-les-chronos-longs\/","title":{"rendered":"Billet d\u2019humeur Tour de France\u00a0: Rendez-nous les chronos longs !"},"content":{"rendered":"<p style=\"text-align: justify;\"><strong><em>TOUR DE FRANCE 2025 &#8211; R\u00e9guli\u00e8rement depuis la fin des ann\u00e9es 1990, le kilom\u00e9trage des contre-la-montre ne cesse de s&rsquo;amenuiser dans les Grands Tours. Une aberration pour les sp\u00e9cialistes de l&rsquo;exercice chronom\u00e9tr\u00e9.<\/em><\/strong><\/p>\n<ul style=\"text-align: justify;\">\n<li style=\"text-align: justify;\"><strong>\u00c0 ce sujet &#8211; <a href=\"https:\/\/dicodusport.fr\/blog\/le-francais-de-la-5eme-etape-bruno-armirail-a-fait-honneur-au-maillot-bleu-blanc-rouge\/\">Le Fran\u00e7ais de la 5\u00e8me \u00e9tape : Bruno Armirail a fait honneur au maillot bleu-blanc-rouge<\/a><\/strong><\/li>\n<\/ul>\n<p style=\"text-align: justify;\">13 juillet 1992. Le Roi <strong>Miguel Indurain<\/strong> s&rsquo;\u00e9lance pour le contre-la-montre dessin\u00e9 autour du Luxembourg. L&rsquo;Espagnol s&rsquo;appr\u00eate \u00e0 g\u00e9rer un effort de 65 km, seul et sans sourciller. Il faut dire que les organisateurs de Grands Tours, \u00e0 cette \u00e9poque, n&rsquo;ont pas peur de proposer des distances qui paraitraient aujourd&rsquo;hui compl\u00e8tement ind\u00e9centes. \u00c0 titre d&rsquo;exemple, ce Tour de France 1992 proposait \u00e9galement un autre exercice solitaire de 64 km et \u00e9galement un chrono par \u00e9quipes de 63 km, soit un total de quasiment 200 km !<\/p>\n<blockquote class=\"twitter-tweet\">\n<p dir=\"ltr\" lang=\"en\">Miguel Indurain wins the Stage 9 TT at the 1992 Tour De France in Luxembourg. His teammate Armand de Las Cuevas<br \/>\nwas 2nd 3min behind <a href=\"https:\/\/twitter.com\/hashtag\/cycling?src=hash&amp;ref_src=twsrc%5Etfw\">#cycling<\/a> <a href=\"https:\/\/twitter.com\/hashtag\/ciclismo?src=hash&amp;ref_src=twsrc%5Etfw\">#ciclismo<\/a> <a href=\"https:\/\/twitter.com\/hashtag\/TourdeFrance?src=hash&amp;ref_src=twsrc%5Etfw\">#TourdeFrance<\/a> <a href=\"https:\/\/twitter.com\/hashtag\/TDF1992?src=hash&amp;ref_src=twsrc%5Etfw\">#TDF1992<\/a> <a href=\"https:\/\/t.co\/2qMJr0Mawz\">pic.twitter.com\/2qMJr0Mawz<\/a><\/p>\n<p>\u2014 Pro Cycling Memories (@ClipsCycling) <a href=\"https:\/\/twitter.com\/ClipsCycling\/status\/1257012081821396993?ref_src=twsrc%5Etfw\">May 3, 2020<\/a><\/p><\/blockquote>\n<p style=\"text-align: justify;\"><script async src=\"https:\/\/platform.twitter.com\/widgets.js\" charset=\"utf-8\"><\/script><\/p>\n<ul style=\"text-align: justify;\">\n<li style=\"text-align: justify;\"><strong>\u00c0 ce sujet \u2013\u00a0<a href=\"https:\/\/dicodusport.fr\/blog\/4eme-etape-tour-de-france-2025-classement-et-resultats\/\">5\u00e8me \u00e9tape Tour de France 2025 \u2013 Classement et r\u00e9sultats<\/a><\/strong><\/li>\n<\/ul>\n<h2 style=\"text-align: justify;\">Une baisse sensible du kilom\u00e9trage apr\u00e8s l&rsquo;\u00e8re Armstrong<\/h2>\n<p style=\"text-align: justify;\">La tradition fut respect\u00e9e ann\u00e9e apr\u00e8s ann\u00e9e, mettant en lumi\u00e8re le fait que, pour gagner le Tour de France, il fallait \u00eatre un coureur complet. Donc non seulement un dompteur des cimes, mais \u00e9galement un redoutable rouleur. Au palmar\u00e8s, se greffaient ainsi des <b>Jan Ullrich<\/b>\u00a0ou <strong>Bjarne Riis<\/strong>, avant l&rsquo;\u00e9crasante domination du Texan <strong>Lance Armstrong<\/strong>, septuple vainqueur d\u00e9chu. Des hommes dont on avait l&rsquo;habitude de les voir dominer les exercices chronom\u00e9triques, sous toutes ses formes.<\/p>\n<ul style=\"text-align: justify;\">\n<li style=\"text-align: justify;\"><strong>\u00c0 lire aussi &#8211; <a href=\"https:\/\/dicodusport.fr\/blog\/5eme-etape-tour-de-france-2025-remco-evenepoel-domine-le-contre-la-montre-pogacar-se-pare-de-jaune\/\">5\u00e8me \u00e9tape Tour de France 2025 : Remco Evenepoel domine le contre-la-montre, Pogacar se pare de jaune<\/a><\/strong><\/li>\n<\/ul>\n<p style=\"text-align: justify;\">Par la suite, les organisateurs n&rsquo;ont cess\u00e9 de r\u00e9duire le nombre de chronos et de kilom\u00e8tres associ\u00e9s pour arriver factuellement \u00e0 un total record (et ridicule) de 22 km en 2023 avec le seul contre-la-montre de Combloux, qui plus est en c\u00f4te. Les arguments utilis\u00e9s par ASO et consorts sont avant tout de renforcer le suspense au niveau du classement g\u00e9n\u00e9ral. En plus d&rsquo;une m\u00e9thode loin de faire ses preuves, il est \u00e0 noter que les profils de rouleurs sont largement p\u00e9nalis\u00e9s par cette tendance actuelle. On pense \u00e0 un <strong>Remco Evenepoel<\/strong> qui pourrait bien \u00e9videmment prendre de l&rsquo;avance sur ses principaux concurrents sur un parcours comme celui de 1992, avant de lutter en haute montagne.<\/p>\n<h2 style=\"text-align: justify;\">Relancer le suspense : la fausse bonne id\u00e9e<\/h2>\n<p style=\"text-align: justify;\">De fait, plus que de cr\u00e9er un suspense, ce fonctionnement actuel augmente plut\u00f4t de fa\u00e7on significative les \u00e9carts et les disparit\u00e9s. Le probl\u00e8me est en fait pris \u00e0 l&rsquo;envers : plus vous cr\u00e9ez des \u00e9carts, plus vous aurez du mouvement en montagne et des belles \u00e9tapes et plus, vous aurez du suspense. En plus du fait que le Tour de France se gagne sur tous les terrains, les \u00e9ternels <em>romantico-romantiques<\/em> regretteront \u00e9galement la beaut\u00e9 des contre-la-montre par \u00e9quipes et la magie des prologues, \u00e9galement en voie d&rsquo;extinction. Aussi, loin de nous l&rsquo;id\u00e9e d&rsquo;exiger une r\u00e9vision de copie, mais engager une r\u00e9flexion plus pouss\u00e9e sur le sujet ne serait pas de trop.<\/p>\n<h3 style=\"text-align: justify;\"><strong>\u00c0 lire aussi<\/strong><\/h3>\n<ul>\n<li style=\"text-align: justify;\"><strong><a href=\"https:\/\/dicodusport.fr\/blog\/classement-general-actualise-tour-de-france-2025\/\">Classement g\u00e9n\u00e9ral actualis\u00e9 Tour de France 2025<\/a><\/strong><\/li>\n<li style=\"text-align: justify;\"><strong><a href=\"https:\/\/dicodusport.fr\/blog\/maillot-a-pois-tour-de-france-2025-classement-meilleur-grimpeur\/\">Maillot \u00e0 pois Tour de France 2025 : Classement meilleur grimpeur<\/a><\/strong><\/li>\n<li style=\"text-align: justify;\"><a href=\"https:\/\/dicodusport.fr\/blog\/maillot-vert-tour-de-france-2025-classement-par-points\/\"><strong>Maillot vert Tour de France 2025 : Classement par points<\/strong><\/a><\/li>\n<li style=\"text-align: justify;\"><a href=\"https:\/\/dicodusport.fr\/blog\/maillot-blanc-tour-de-france-2025-classement-meilleur-jeune\/\"><strong>Maillot blanc Tour de France 2025 : Classement meilleur jeune<\/strong><\/a><\/li>\n<\/ul>\n","protected":false},"excerpt":{"rendered":"<p>TOUR DE FRANCE 2025 &#8211; R\u00e9guli\u00e8rement depuis la fin des ann\u00e9es 1990, le kilom\u00e9trage des contre-la-montre ne cesse de s&rsquo;amenuiser dans les Grands Tours. Une aberration pour les sp\u00e9cialistes de l&rsquo;exercice chronom\u00e9tr\u00e9.<\/p>\n","protected":false},"author":92,"featured_media":593846,"comment_status":"open","ping_status":"closed","sticky":false,"template":"","format":"standard","meta":{"_acf_changed":false,"_daextam_enable_autolinks":"1","footnotes":""},"categories":[46995],"tags":[16878,24,1262],"class_list":["post-593826","post","type-post","status-publish","format-standard","has-post-thumbnail","hentry","category-tour-de-france","tag-breve","tag-sport","tag-tour-de-france"],"acf":[],"yoast_head":"<!-- This site is optimized with the Yoast SEO Premium plugin v26.7 (Yoast SEO v26.7) - https:\/\/yoast.com\/wordpress\/plugins\/seo\/ -->\n<title>Billet d\u2019humeur Tour de France\u00a0: Rendez-nous les chronos longs !<\/title>\n<meta name=\"description\" content=\"TOUR DE FRANCE 2025 - Le kilom\u00e9trage des contre-la-montre ne cesse de s&#039;amenuiser dans les Grands Tours. Une aberration pour les sp\u00e9cialistes de l&#039;exercice.\" \/>\n<meta name=\"robots\" content=\"index, follow, max-snippet:-1, max-image-preview:large, max-video-preview:-1\" \/>\n<link rel=\"canonical\" href=\"https:\/\/dicodusport.fr\/blog\/billet-dhumeur-tour-de-france-rendez-nous-les-chronos-longs\/\" \/>\n<meta property=\"og:locale\" content=\"fr_FR\" \/>\n<meta property=\"og:type\" content=\"article\" \/>\n<meta property=\"og:title\" content=\"Billet d\u2019humeur Tour de France\u00a0: Rendez-nous les chronos longs !\" \/>\n<meta property=\"og:description\" content=\"TOUR DE FRANCE 2025 - Ce mardi, la 4\u00e8me \u00e9tape entre Amiens et Rouen a \u00e9t\u00e9 un \u00e9ni\u00e8me symbole de la fin des \u00e9chapp\u00e9es au long cours.\" \/>\n<meta property=\"og:url\" content=\"https:\/\/dicodusport.fr\/blog\/billet-dhumeur-tour-de-france-rendez-nous-les-chronos-longs\/\" \/>\n<meta property=\"og:site_name\" content=\"Dicodusport\" \/>\n<meta property=\"article:publisher\" content=\"https:\/\/www.facebook.com\/dicodusport\" \/>\n<meta property=\"article:published_time\" content=\"2025-07-09T16:25:19+00:00\" \/>\n<meta property=\"article:modified_time\" content=\"2025-07-09T17:06:44+00:00\" \/>\n<meta property=\"og:image\" content=\"https:\/\/dicodusport.fr\/blog\/wp-content\/uploads\/2025\/07\/Billet-dhumeur-Tour-de-France-Rendez-nous-les-chronos-longs-.png\" \/>\n\t<meta property=\"og:image:width\" content=\"1200\" \/>\n\t<meta property=\"og:image:height\" content=\"674\" \/>\n\t<meta property=\"og:image:type\" content=\"image\/png\" \/>\n<meta name=\"author\" content=\"Olivier Dobiezynski\" \/>\n<meta name=\"twitter:card\" content=\"summary_large_image\" \/>\n<meta name=\"twitter:description\" content=\"TOUR DE FRANCE 2025 - Ce mardi, la 4\u00e8me \u00e9tape entre Amiens et Rouen a \u00e9t\u00e9 un \u00e9ni\u00e8me symbole de la fin des \u00e9chapp\u00e9es au long cours.\" \/>\n<meta name=\"twitter:creator\" content=\"@https:\/\/x.com\/Olivier_Matros\" \/>\n<meta name=\"twitter:site\" content=\"@dicodusport\" \/>\n<script type=\"application\/ld+json\" class=\"yoast-schema-graph\">{\"@context\":\"https:\/\/schema.org\",\"@graph\":[{\"@type\":\"NewsArticle\",\"@id\":\"https:\/\/dicodusport.fr\/blog\/billet-dhumeur-tour-de-france-rendez-nous-les-chronos-longs\/#article\",\"isPartOf\":{\"@id\":\"https:\/\/dicodusport.fr\/blog\/billet-dhumeur-tour-de-france-rendez-nous-les-chronos-longs\/\"},\"author\":{\"name\":\"Olivier Dobiezynski\",\"@id\":\"https:\/\/dicodusport.fr\/blog\/#\/schema\/person\/fe500246414ca17ddf0c0312d7a792cc\"},\"headline\":\"Billet d\u2019humeur Tour de France\u00a0: Rendez-nous les chronos longs !\",\"datePublished\":\"2025-07-09T16:25:19+00:00\",\"dateModified\":\"2025-07-09T17:06:44+00:00\",\"mainEntityOfPage\":{\"@id\":\"https:\/\/dicodusport.fr\/blog\/billet-dhumeur-tour-de-france-rendez-nous-les-chronos-longs\/\"},\"wordCount\":601,\"commentCount\":0,\"publisher\":{\"@id\":\"https:\/\/dicodusport.fr\/blog\/#organization\"},\"image\":{\"@id\":\"https:\/\/dicodusport.fr\/blog\/billet-dhumeur-tour-de-france-rendez-nous-les-chronos-longs\/#primaryimage\"},\"thumbnailUrl\":\"https:\/\/dicodusport.fr\/blog\/wp-content\/uploads\/2025\/07\/Billet-dhumeur-Tour-de-France-Rendez-nous-les-chronos-longs-.png\",\"keywords\":[\"br\u00e8ve\",\"sport\",\"Tour de France\"],\"articleSection\":[\"Tour de France\"],\"inLanguage\":\"fr-FR\",\"potentialAction\":[{\"@type\":\"CommentAction\",\"name\":\"Comment\",\"target\":[\"https:\/\/dicodusport.fr\/blog\/billet-dhumeur-tour-de-france-rendez-nous-les-chronos-longs\/#respond\"]}],\"copyrightYear\":\"2025\",\"copyrightHolder\":{\"@id\":\"https:\/\/dicodusport.fr\/blog\/#organization\"}},{\"@type\":\"WebPage\",\"@id\":\"https:\/\/dicodusport.fr\/blog\/billet-dhumeur-tour-de-france-rendez-nous-les-chronos-longs\/\",\"url\":\"https:\/\/dicodusport.fr\/blog\/billet-dhumeur-tour-de-france-rendez-nous-les-chronos-longs\/\",\"name\":\"Billet d\u2019humeur Tour de France\u00a0: Rendez-nous les chronos longs !\",\"isPartOf\":{\"@id\":\"https:\/\/dicodusport.fr\/blog\/#website\"},\"primaryImageOfPage\":{\"@id\":\"https:\/\/dicodusport.fr\/blog\/billet-dhumeur-tour-de-france-rendez-nous-les-chronos-longs\/#primaryimage\"},\"image\":{\"@id\":\"https:\/\/dicodusport.fr\/blog\/billet-dhumeur-tour-de-france-rendez-nous-les-chronos-longs\/#primaryimage\"},\"thumbnailUrl\":\"https:\/\/dicodusport.fr\/blog\/wp-content\/uploads\/2025\/07\/Billet-dhumeur-Tour-de-France-Rendez-nous-les-chronos-longs-.png\",\"datePublished\":\"2025-07-09T16:25:19+00:00\",\"dateModified\":\"2025-07-09T17:06:44+00:00\",\"description\":\"TOUR DE FRANCE 2025 - Le kilom\u00e9trage des contre-la-montre ne cesse de s'amenuiser dans les Grands Tours. Une aberration pour les sp\u00e9cialistes de l'exercice.\",\"breadcrumb\":{\"@id\":\"https:\/\/dicodusport.fr\/blog\/billet-dhumeur-tour-de-france-rendez-nous-les-chronos-longs\/#breadcrumb\"},\"inLanguage\":\"fr-FR\",\"potentialAction\":[{\"@type\":\"ReadAction\",\"target\":[\"https:\/\/dicodusport.fr\/blog\/billet-dhumeur-tour-de-france-rendez-nous-les-chronos-longs\/\"]}]},{\"@type\":\"ImageObject\",\"inLanguage\":\"fr-FR\",\"@id\":\"https:\/\/dicodusport.fr\/blog\/billet-dhumeur-tour-de-france-rendez-nous-les-chronos-longs\/#primaryimage\",\"url\":\"https:\/\/dicodusport.fr\/blog\/wp-content\/uploads\/2025\/07\/Billet-dhumeur-Tour-de-France-Rendez-nous-les-chronos-longs-.png\",\"contentUrl\":\"https:\/\/dicodusport.fr\/blog\/wp-content\/uploads\/2025\/07\/Billet-dhumeur-Tour-de-France-Rendez-nous-les-chronos-longs-.png\",\"width\":1200,\"height\":674,\"caption\":\"Billet d\u2019humeur Tour de France\u00a0 Rendez-nous les chronos longs !\"},{\"@type\":\"BreadcrumbList\",\"@id\":\"https:\/\/dicodusport.fr\/blog\/billet-dhumeur-tour-de-france-rendez-nous-les-chronos-longs\/#breadcrumb\",\"itemListElement\":[{\"@type\":\"ListItem\",\"position\":1,\"name\":\"Accueil\",\"item\":\"https:\/\/dicodusport.fr\/blog\/\"},{\"@type\":\"ListItem\",\"position\":2,\"name\":\"Billet d\u2019humeur Tour de France\u00a0: Rendez-nous les chronos longs !\"}]},{\"@type\":\"WebSite\",\"@id\":\"https:\/\/dicodusport.fr\/blog\/#website\",\"url\":\"https:\/\/dicodusport.fr\/blog\/\",\"name\":\"Dicodusport\",\"description\":\"L&#039;encyclop\u00e9die de l&#039;actualit\u00e9 sportive\",\"publisher\":{\"@id\":\"https:\/\/dicodusport.fr\/blog\/#organization\"},\"potentialAction\":[{\"@type\":\"SearchAction\",\"target\":{\"@type\":\"EntryPoint\",\"urlTemplate\":\"https:\/\/dicodusport.fr\/blog\/?s={search_term_string}\"},\"query-input\":{\"@type\":\"PropertyValueSpecification\",\"valueRequired\":true,\"valueName\":\"search_term_string\"}}],\"inLanguage\":\"fr-FR\"},{\"@type\":\"NewsMediaOrganization\",\"@id\":\"https:\/\/dicodusport.fr\/blog\/#organization\",\"name\":\"Dicodusport\",\"url\":\"https:\/\/dicodusport.fr\/blog\/\",\"logo\":{\"@type\":\"ImageObject\",\"inLanguage\":\"fr-FR\",\"@id\":\"https:\/\/dicodusport.fr\/blog\/#\/schema\/logo\/image\/\",\"url\":\"https:\/\/dicodusport.fr\/blog\/wp-content\/uploads\/2020\/06\/cropped-LOGO-DICODUSPORT-2020-SANS-FOND-SANS-TEXTE.png\",\"contentUrl\":\"https:\/\/dicodusport.fr\/blog\/wp-content\/uploads\/2020\/06\/cropped-LOGO-DICODUSPORT-2020-SANS-FOND-SANS-TEXTE.png\",\"width\":512,\"height\":512,\"caption\":\"Dicodusport\"},\"image\":{\"@id\":\"https:\/\/dicodusport.fr\/blog\/#\/schema\/logo\/image\/\"},\"sameAs\":[\"https:\/\/www.facebook.com\/dicodusport\",\"https:\/\/x.com\/dicodusport\",\"https:\/\/www.instagram.com\/dicodusport\/\",\"https:\/\/www.youtube.com\/channel\/UC7V2KZ5sd3htJivAbA4ZG3w\"],\"description\":\"Dicodusport est l'encyclop\u00e9die de l'actualit\u00e9 sportive.\",\"email\":\"bonjour@dicodusport.fr\",\"legalName\":\"DICODUSPORT\",\"foundingDate\":\"2018-01-14\",\"vatID\":\"FR71834470973\",\"taxID\":\"83447097300043\",\"numberOfEmployees\":{\"@type\":\"QuantitativeValue\",\"minValue\":\"1\",\"maxValue\":\"10\"}},{\"@type\":\"Person\",\"@id\":\"https:\/\/dicodusport.fr\/blog\/#\/schema\/person\/fe500246414ca17ddf0c0312d7a792cc\",\"name\":\"Olivier Dobiezynski\",\"image\":{\"@type\":\"ImageObject\",\"inLanguage\":\"fr-FR\",\"@id\":\"https:\/\/dicodusport.fr\/blog\/#\/schema\/person\/image\/\",\"url\":\"https:\/\/dicodusport.fr\/blog\/wp-content\/uploads\/2024\/09\/5be8fe8d-9962-4f1e-ad06-d6f9dee30e6d-150x150.jpg\",\"contentUrl\":\"https:\/\/dicodusport.fr\/blog\/wp-content\/uploads\/2024\/09\/5be8fe8d-9962-4f1e-ad06-d6f9dee30e6d-150x150.jpg\",\"caption\":\"Olivier Dobiezynski\"},\"description\":\"Depuis le milieu des ann\u00e9es 90, la passion du cyclisme m'anime. Mes h\u00e9ros s'appellent Luc Leblanc, Piotr Ugrumov, Paolo Savoldelli, Peter Sagan et bien \u00e9videmment Romain Bardet. R\u00e9dacteur depuis 2023, je suis ici pour partager cet amour de la Petite Reine. Vous pourrez me lire \u00e9galement sur du trail, du ski de fond et tout autre sujet susceptible d'\u00e9veiller ma curiosit\u00e9 sportive.\",\"sameAs\":[\"https:\/\/x.com\/https:\/\/x.com\/Olivier_Matros\"],\"url\":\"https:\/\/dicodusport.fr\/blog\/author\/olivier-gh\/\"}]}<\/script>\n<!-- \/ Yoast SEO Premium plugin. -->","yoast_head_json":{"title":"Billet d\u2019humeur Tour de France\u00a0: Rendez-nous les chronos longs !","description":"TOUR DE FRANCE 2025 - Le kilom\u00e9trage des contre-la-montre ne cesse de s'amenuiser dans les Grands Tours. Une aberration pour les sp\u00e9cialistes de l'exercice.","robots":{"index":"index","follow":"follow","max-snippet":"max-snippet:-1","max-image-preview":"max-image-preview:large","max-video-preview":"max-video-preview:-1"},"canonical":"https:\/\/dicodusport.fr\/blog\/billet-dhumeur-tour-de-france-rendez-nous-les-chronos-longs\/","og_locale":"fr_FR","og_type":"article","og_title":"Billet d\u2019humeur Tour de France\u00a0: Rendez-nous les chronos longs !","og_description":"TOUR DE FRANCE 2025 - Ce mardi, la 4\u00e8me \u00e9tape entre Amiens et Rouen a \u00e9t\u00e9 un \u00e9ni\u00e8me symbole de la fin des \u00e9chapp\u00e9es au long cours.","og_url":"https:\/\/dicodusport.fr\/blog\/billet-dhumeur-tour-de-france-rendez-nous-les-chronos-longs\/","og_site_name":"Dicodusport","article_publisher":"https:\/\/www.facebook.com\/dicodusport","article_published_time":"2025-07-09T16:25:19+00:00","article_modified_time":"2025-07-09T17:06:44+00:00","og_image":[{"width":1200,"height":674,"url":"https:\/\/dicodusport.fr\/blog\/wp-content\/uploads\/2025\/07\/Billet-dhumeur-Tour-de-France-Rendez-nous-les-chronos-longs-.png","type":"image\/png"}],"author":"Olivier Dobiezynski","twitter_card":"summary_large_image","twitter_description":"TOUR DE FRANCE 2025 - Ce mardi, la 4\u00e8me \u00e9tape entre Amiens et Rouen a \u00e9t\u00e9 un \u00e9ni\u00e8me symbole de la fin des \u00e9chapp\u00e9es au long cours.","twitter_creator":"@https:\/\/x.com\/Olivier_Matros","twitter_site":"@dicodusport","schema":{"@context":"https:\/\/schema.org","@graph":[{"@type":"NewsArticle","@id":"https:\/\/dicodusport.fr\/blog\/billet-dhumeur-tour-de-france-rendez-nous-les-chronos-longs\/#article","isPartOf":{"@id":"https:\/\/dicodusport.fr\/blog\/billet-dhumeur-tour-de-france-rendez-nous-les-chronos-longs\/"},"author":{"name":"Olivier Dobiezynski","@id":"https:\/\/dicodusport.fr\/blog\/#\/schema\/person\/fe500246414ca17ddf0c0312d7a792cc"},"headline":"Billet d\u2019humeur Tour de France\u00a0: Rendez-nous les chronos longs !","datePublished":"2025-07-09T16:25:19+00:00","dateModified":"2025-07-09T17:06:44+00:00","mainEntityOfPage":{"@id":"https:\/\/dicodusport.fr\/blog\/billet-dhumeur-tour-de-france-rendez-nous-les-chronos-longs\/"},"wordCount":601,"commentCount":0,"publisher":{"@id":"https:\/\/dicodusport.fr\/blog\/#organization"},"image":{"@id":"https:\/\/dicodusport.fr\/blog\/billet-dhumeur-tour-de-france-rendez-nous-les-chronos-longs\/#primaryimage"},"thumbnailUrl":"https:\/\/dicodusport.fr\/blog\/wp-content\/uploads\/2025\/07\/Billet-dhumeur-Tour-de-France-Rendez-nous-les-chronos-longs-.png","keywords":["br\u00e8ve","sport","Tour de France"],"articleSection":["Tour de France"],"inLanguage":"fr-FR","potentialAction":[{"@type":"CommentAction","name":"Comment","target":["https:\/\/dicodusport.fr\/blog\/billet-dhumeur-tour-de-france-rendez-nous-les-chronos-longs\/#respond"]}],"copyrightYear":"2025","copyrightHolder":{"@id":"https:\/\/dicodusport.fr\/blog\/#organization"}},{"@type":"WebPage","@id":"https:\/\/dicodusport.fr\/blog\/billet-dhumeur-tour-de-france-rendez-nous-les-chronos-longs\/","url":"https:\/\/dicodusport.fr\/blog\/billet-dhumeur-tour-de-france-rendez-nous-les-chronos-longs\/","name":"Billet d\u2019humeur Tour de France\u00a0: Rendez-nous les chronos longs !","isPartOf":{"@id":"https:\/\/dicodusport.fr\/blog\/#website"},"primaryImageOfPage":{"@id":"https:\/\/dicodusport.fr\/blog\/billet-dhumeur-tour-de-france-rendez-nous-les-chronos-longs\/#primaryimage"},"image":{"@id":"https:\/\/dicodusport.fr\/blog\/billet-dhumeur-tour-de-france-rendez-nous-les-chronos-longs\/#primaryimage"},"thumbnailUrl":"https:\/\/dicodusport.fr\/blog\/wp-content\/uploads\/2025\/07\/Billet-dhumeur-Tour-de-France-Rendez-nous-les-chronos-longs-.png","datePublished":"2025-07-09T16:25:19+00:00","dateModified":"2025-07-09T17:06:44+00:00","description":"TOUR DE FRANCE 2025 - Le kilom\u00e9trage des contre-la-montre ne cesse de s'amenuiser dans les Grands Tours. Une aberration pour les sp\u00e9cialistes de l'exercice.","breadcrumb":{"@id":"https:\/\/dicodusport.fr\/blog\/billet-dhumeur-tour-de-france-rendez-nous-les-chronos-longs\/#breadcrumb"},"inLanguage":"fr-FR","potentialAction":[{"@type":"ReadAction","target":["https:\/\/dicodusport.fr\/blog\/billet-dhumeur-tour-de-france-rendez-nous-les-chronos-longs\/"]}]},{"@type":"ImageObject","inLanguage":"fr-FR","@id":"https:\/\/dicodusport.fr\/blog\/billet-dhumeur-tour-de-france-rendez-nous-les-chronos-longs\/#primaryimage","url":"https:\/\/dicodusport.fr\/blog\/wp-content\/uploads\/2025\/07\/Billet-dhumeur-Tour-de-France-Rendez-nous-les-chronos-longs-.png","contentUrl":"https:\/\/dicodusport.fr\/blog\/wp-content\/uploads\/2025\/07\/Billet-dhumeur-Tour-de-France-Rendez-nous-les-chronos-longs-.png","width":1200,"height":674,"caption":"Billet d\u2019humeur Tour de France\u00a0 Rendez-nous les chronos longs !"},{"@type":"BreadcrumbList","@id":"https:\/\/dicodusport.fr\/blog\/billet-dhumeur-tour-de-france-rendez-nous-les-chronos-longs\/#breadcrumb","itemListElement":[{"@type":"ListItem","position":1,"name":"Accueil","item":"https:\/\/dicodusport.fr\/blog\/"},{"@type":"ListItem","position":2,"name":"Billet d\u2019humeur Tour de France\u00a0: Rendez-nous les chronos longs !"}]},{"@type":"WebSite","@id":"https:\/\/dicodusport.fr\/blog\/#website","url":"https:\/\/dicodusport.fr\/blog\/","name":"Dicodusport","description":"L&#039;encyclop\u00e9die de l&#039;actualit\u00e9 sportive","publisher":{"@id":"https:\/\/dicodusport.fr\/blog\/#organization"},"potentialAction":[{"@type":"SearchAction","target":{"@type":"EntryPoint","urlTemplate":"https:\/\/dicodusport.fr\/blog\/?s={search_term_string}"},"query-input":{"@type":"PropertyValueSpecification","valueRequired":true,"valueName":"search_term_string"}}],"inLanguage":"fr-FR"},{"@type":"NewsMediaOrganization","@id":"https:\/\/dicodusport.fr\/blog\/#organization","name":"Dicodusport","url":"https:\/\/dicodusport.fr\/blog\/","logo":{"@type":"ImageObject","inLanguage":"fr-FR","@id":"https:\/\/dicodusport.fr\/blog\/#\/schema\/logo\/image\/","url":"https:\/\/dicodusport.fr\/blog\/wp-content\/uploads\/2020\/06\/cropped-LOGO-DICODUSPORT-2020-SANS-FOND-SANS-TEXTE.png","contentUrl":"https:\/\/dicodusport.fr\/blog\/wp-content\/uploads\/2020\/06\/cropped-LOGO-DICODUSPORT-2020-SANS-FOND-SANS-TEXTE.png","width":512,"height":512,"caption":"Dicodusport"},"image":{"@id":"https:\/\/dicodusport.fr\/blog\/#\/schema\/logo\/image\/"},"sameAs":["https:\/\/www.facebook.com\/dicodusport","https:\/\/x.com\/dicodusport","https:\/\/www.instagram.com\/dicodusport\/","https:\/\/www.youtube.com\/channel\/UC7V2KZ5sd3htJivAbA4ZG3w"],"description":"Dicodusport est l'encyclop\u00e9die de l'actualit\u00e9 sportive.","email":"bonjour@dicodusport.fr","legalName":"DICODUSPORT","foundingDate":"2018-01-14","vatID":"FR71834470973","taxID":"83447097300043","numberOfEmployees":{"@type":"QuantitativeValue","minValue":"1","maxValue":"10"}},{"@type":"Person","@id":"https:\/\/dicodusport.fr\/blog\/#\/schema\/person\/fe500246414ca17ddf0c0312d7a792cc","name":"Olivier Dobiezynski","image":{"@type":"ImageObject","inLanguage":"fr-FR","@id":"https:\/\/dicodusport.fr\/blog\/#\/schema\/person\/image\/","url":"https:\/\/dicodusport.fr\/blog\/wp-content\/uploads\/2024\/09\/5be8fe8d-9962-4f1e-ad06-d6f9dee30e6d-150x150.jpg","contentUrl":"https:\/\/dicodusport.fr\/blog\/wp-content\/uploads\/2024\/09\/5be8fe8d-9962-4f1e-ad06-d6f9dee30e6d-150x150.jpg","caption":"Olivier Dobiezynski"},"description":"Depuis le milieu des ann\u00e9es 90, la passion du cyclisme m'anime. Mes h\u00e9ros s'appellent Luc Leblanc, Piotr Ugrumov, Paolo Savoldelli, Peter Sagan et bien \u00e9videmment Romain Bardet. R\u00e9dacteur depuis 2023, je suis ici pour partager cet amour de la Petite Reine. Vous pourrez me lire \u00e9galement sur du trail, du ski de fond et tout autre sujet susceptible d'\u00e9veiller ma curiosit\u00e9 sportive.","sameAs":["https:\/\/x.com\/https:\/\/x.com\/Olivier_Matros"],"url":"https:\/\/dicodusport.fr\/blog\/author\/olivier-gh\/"}]}},"_links":{"self":[{"href":"https:\/\/dicodusport.fr\/blog\/wp-json\/wp\/v2\/posts\/593826","targetHints":{"allow":["GET"]}}],"collection":[{"href":"https:\/\/dicodusport.fr\/blog\/wp-json\/wp\/v2\/posts"}],"about":[{"href":"https:\/\/dicodusport.fr\/blog\/wp-json\/wp\/v2\/types\/post"}],"author":[{"embeddable":true,"href":"https:\/\/dicodusport.fr\/blog\/wp-json\/wp\/v2\/users\/92"}],"replies":[{"embeddable":true,"href":"https:\/\/dicodusport.fr\/blog\/wp-json\/wp\/v2\/comments?post=593826"}],"version-history":[{"count":4,"href":"https:\/\/dicodusport.fr\/blog\/wp-json\/wp\/v2\/posts\/593826\/revisions"}],"predecessor-version":[{"id":593856,"href":"https:\/\/dicodusport.fr\/blog\/wp-json\/wp\/v2\/posts\/593826\/revisions\/593856"}],"wp:featuredmedia":[{"embeddable":true,"href":"https:\/\/dicodusport.fr\/blog\/wp-json\/wp\/v2\/media\/593846"}],"wp:attachment":[{"href":"https:\/\/dicodusport.fr\/blog\/wp-json\/wp\/v2\/media?parent=593826"}],"wp:term":[{"taxonomy":"category","embeddable":true,"href":"https:\/\/dicodusport.fr\/blog\/wp-json\/wp\/v2\/categories?post=593826"},{"taxonomy":"post_tag","embeddable":true,"href":"https:\/\/dicodusport.fr\/blog\/wp-json\/wp\/v2\/tags?post=593826"}],"curies":[{"name":"wp","href":"https:\/\/api.w.org\/{rel}","templated":true}]}}