{"id":593945,"date":"2025-07-10T07:53:15","date_gmt":"2025-07-10T05:53:15","guid":{"rendered":"https:\/\/dicodusport.fr\/blog\/?p=593945&#038;preview=true&#038;preview_id=593945"},"modified":"2025-07-10T08:09:56","modified_gmt":"2025-07-10T06:09:56","slug":"transferts-cyclisme-bruno-armirail-signe-pour-une-grosse-equipe-etrangere","status":"publish","type":"post","link":"https:\/\/dicodusport.fr\/blog\/transferts-cyclisme-bruno-armirail-signe-pour-une-grosse-equipe-etrangere\/","title":{"rendered":"Transferts Cyclisme : Bruno Armirail signe pour une grosse \u00e9quipe \u00e9trang\u00e8re"},"content":{"rendered":"<p style=\"text-align: justify;\" data-start=\"201\" data-end=\"455\"><em><strong data-start=\"201\" data-end=\"455\">TRANSFERTS CYCLISME &#8211; Le Fran\u00e7ais de 31 ans, Bruno Armirail, actuellement chez Decathlon AG2R La Mondiale, \u00e9voluera avec l\u2019\u00e9quipe n\u00e9erlandaise de la Visma Lease a Bike \u00e0 partir de 2026. Une nouvelle \u00e9tape dans la carri\u00e8re du Pyr\u00e9n\u00e9en.<\/strong><\/em><\/p>\n<p style=\"text-align: justify;\" data-start=\"201\" data-end=\"455\">D\u00e9cid\u00e9ment, les rouleurs fran\u00e7ais ont la cote. Alors que <a href=\"https:\/\/dicodusport.fr\/blog\/transferts-cyclisme-kevin-vauquelin-tout-proche-de-sengager-avec-une-equipe-etrangere\/\"><strong>K\u00e9vin Vauquelin<\/strong> (Ark\u00e9a-B&amp;B Hotels) est tout proche de s&rsquo;engager chez INEOS Grenadiers<\/a>, <strong>Bruno Armirail<\/strong> va, lui aussi, quitter une \u00e9quipe fran\u00e7aise pour une formation \u00e9trang\u00e8re. Avec l&rsquo;objectif \u00e9vident de franchir un nouveau palier dans sa carri\u00e8re.<\/p>\n<h2 data-start=\"462\" data-end=\"504\">Un nouveau visage fran\u00e7ais pour la Visma Lease a Bike<\/h2>\n<p style=\"text-align: justify;\" data-start=\"506\" data-end=\"850\"><strong>Visma Lease a Bike<\/strong> continue de s\u2019ouvrir aux coureurs fran\u00e7ais. Apr\u00e8s Christophe Laporte et Axel Zingle, c\u2019est <strong data-start=\"615\" data-end=\"633\">Bruno Armirail<\/strong> qui viendra renforcer les rangs de l\u2019\u00e9quipe en 2026. Un choix qui s\u2019inscrit dans la volont\u00e9 des sponsors de la formation n\u00e9erlandaise de s\u00e9duire un public plus large, notamment en France, o\u00f9 le cyclisme reste un sport tr\u00e8s suivi. Le transfert, r\u00e9v\u00e9l\u00e9 par plusieurs sources et confirm\u00e9 \u00e0 <a href=\"https:\/\/www.wielerflits.nl\/nieuws\/verrassende-transfer-visma-lease-a-bike-trekt-franse-kampioen-aan\/\"><em data-start=\"909\" data-end=\"922\">WielerFlits<\/em><\/a>, marque un tournant pour le coureur fran\u00e7ais, qui poursuit sa progression au plus haut niveau.<\/p>\n<h2 style=\"text-align: justify;\" data-start=\"1024\" data-end=\"1061\">Travailleur de l&rsquo;ombre, mais non moins ambitieux<\/h2>\n<p style=\"text-align: justify;\" data-start=\"1063\" data-end=\"1342\">Professionnel depuis 2017, <strong>Bruno Armirail<\/strong> a d\u00e9but\u00e9 sa carri\u00e8re chez <strong>Groupama-FDJ<\/strong>, o\u00f9 il est rest\u00e9 sept saisons. Depuis 2024, il porte les couleurs de <strong>Decathlon AG2R La Mondiale<\/strong>. Son contrat actuel prend fin en d\u00e9cembre, et l\u2019appel de la <strong>Visma Lease a Bike<\/strong> est tomb\u00e9 au bon moment, puisque l&rsquo;ancien coureur de l&rsquo;<strong>Arm\u00e9e de Terre<\/strong> n&rsquo;entrait plus dans les plans de la formation savoyarde en vue de la saison prochaine.<\/p>\n<p style=\"text-align: justify;\" data-start=\"1344\" data-end=\"1710\">Originaire de <strong data-start=\"1358\" data-end=\"1381\">Bagn\u00e8res-de-Bigorre<\/strong>, <strong>Armirail<\/strong> s\u2019est fait un nom comme \u00e9quipier de luxe. Toujours disponible pour ses leaders, Armirail est aussi tr\u00e8s fiable en montagne comme sur le plat, et surtout excellent dans l\u2019exercice du contre-la-montre. Il a d\u2019ailleurs sign\u00e9 <a href=\"https:\/\/dicodusport.fr\/blog\/5eme-etape-tour-de-france-2025-remco-evenepoel-domine-le-contre-la-montre-pogacar-se-pare-de-jaune\/\">une belle <strong data-start=\"1618\" data-end=\"1637\">quatri\u00e8me place<\/strong> sur le chrono de Caen ce mercredi sur le Tour de France<\/a>, remport\u00e9 Remco Evenepoel.<\/p>\n<div class=\"vlp-link-container vlp-layout-article\"><a href=\"https:\/\/dicodusport.fr\/blog\/le-francais-de-la-5eme-etape-bruno-armirail-a-fait-honneur-au-maillot-bleu-blanc-rouge\/\" class=\"vlp-link\" title=\"Le Fran\u00e7ais de la 5\u00e8me \u00e9tape : Bruno Armirail a fait honneur au maillot bleu-blanc-rouge\"><\/a><div class=\"vlp-layout-zone-side\"><div class=\"vlp-block-4 vlp-link-image\"><img loading=\"lazy\" decoding=\"async\" style=\"max-width: 792px;\" width=\"792\" height=\"445\" src=\"https:\/\/dicodusport.fr\/blog\/wp-content\/uploads\/2025\/07\/Le-Francais-de-la-5eme-etape-Bruno-Armirail-a-fait-honneur-au-maillot-bleu-blanc-rouge.png\" class=\"attachment-800x445 size-800x445\" alt=\"Le Fran\u00e7ais de la 5\u00e8me \u00e9tape Bruno Armirail a fait honneur au maillot bleu-blanc-rouge\" srcset=\"https:\/\/dicodusport.fr\/blog\/wp-content\/uploads\/2025\/07\/Le-Francais-de-la-5eme-etape-Bruno-Armirail-a-fait-honneur-au-maillot-bleu-blanc-rouge.png 1200w, https:\/\/dicodusport.fr\/blog\/wp-content\/uploads\/2025\/07\/Le-Francais-de-la-5eme-etape-Bruno-Armirail-a-fait-honneur-au-maillot-bleu-blanc-rouge-300x169.png 300w, https:\/\/dicodusport.fr\/blog\/wp-content\/uploads\/2025\/07\/Le-Francais-de-la-5eme-etape-Bruno-Armirail-a-fait-honneur-au-maillot-bleu-blanc-rouge-1024x575.png 1024w, https:\/\/dicodusport.fr\/blog\/wp-content\/uploads\/2025\/07\/Le-Francais-de-la-5eme-etape-Bruno-Armirail-a-fait-honneur-au-maillot-bleu-blanc-rouge-768x431.png 768w\" sizes=\"auto, (max-width: 792px) 100vw, 792px\" \/><\/div><\/div><div class=\"vlp-layout-zone-main\"><div class=\"vlp-block-0 vlp-link-title\">Le Fran\u00e7ais de la 5\u00e8me \u00e9tape : Bruno Armirail a fait honneur au maillot bleu-blanc-rouge<\/div><div class=\"vlp-block-1 vlp-link-summary\">Tr\u00e8s grande performance de Bruno Armirail sur le contre-la-montre autour de Caen. Le Fran\u00e7ais termine quatri\u00e8me de l'\u00e9tape remport\u00e9e par Remco Evenepoel !<\/div><div class=\"vlp-block-2 vlp-link-button\">Lire l'article<\/div><div class=\"vlp-block-3 vlp-link-url\">dicodusport.fr<\/div><\/div><\/div>\n<p style=\"text-align: justify;\" data-start=\"1766\" data-end=\"1987\"><strong>Bruno Armirail<\/strong> a un r\u00eave en t\u00eate : devenir <strong data-start=\"1809\" data-end=\"1850\">champion du monde du contre-la-montre<\/strong>. Triple champion de France dans la discipline donc (2022, 2024, 2025), il n\u2019a jamais cach\u00e9 son ambition de d\u00e9crocher le maillot arc-en-ciel. Son choix de rejoindre Visma Lease a Bike fait donc sens, l\u2019\u00e9quipe n\u00e9erlandaise \u00e9tant reconnue pour son expertise dans le domaine de l\u2019effort en solitaire.<\/p>\n<h2 data-start=\"2318\" data-end=\"2368\">Un rouleur, mais pas que<\/h2>\n<p style=\"text-align: justify;\" data-start=\"2370\" data-end=\"2629\">Si <strong>Bruno Armirail<\/strong> est un rouleur hors pair, il n&rsquo;en reste pas moins un coureur complet. En 2023, il avait marqu\u00e9 les esprits en portant le maillot rose du Giro pendant deux jours, avant de terminer 16\u00e8me du g\u00e9n\u00e9ral, son meilleur r\u00e9sultat sur un Grand Tour. Cette ann\u00e9e, il s\u2019est montr\u00e9 offensif d\u00e8s les premi\u00e8res \u00e9tapes du Tour et a remport\u00e9 les classements de la montagne au <strong data-start=\"2754\" data-end=\"2779\">Crit\u00e9rium du Dauphin\u00e9<\/strong> et au <strong data-start=\"2786\" data-end=\"2809\">Tour du Pays Basque<\/strong>. Des performances qui confirment sa mont\u00e9e en puissance.<\/p>\n<p style=\"text-align: justify;\" data-start=\"2873\" data-end=\"3174\">Avec ce nouveau chapitre chez Visma Lease a Bike, Bruno Armirail pourrait franchir un nouveau cap. Discret, mais ambitieux, le Fran\u00e7ais pourrait bien continuer \u00e0 surprendre \u2013 cette fois avec l\u2019une des meilleures \u00e9quipes du monde derri\u00e8re lui.<\/p>\n<h3 style=\"text-align: justify;\">\u00c0 ce sujet<\/h3>\n<div class=\"vlp-link-container vlp-layout-article\"><a href=\"https:\/\/dicodusport.fr\/blog\/cyclisme-mercato-2025-2026-le-tableau-des-transferts\/\" class=\"vlp-link\" title=\"Cyclisme Mercato 2025-2026 - Le tableau des transferts\"><\/a><div class=\"vlp-layout-zone-side\"><div class=\"vlp-block-4 vlp-link-image\"><img loading=\"lazy\" decoding=\"async\" style=\"max-width: 792px;\" width=\"792\" height=\"445\" src=\"https:\/\/dicodusport.fr\/blog\/wp-content\/uploads\/2025\/02\/Cyclisme-Mercato-2025-2026-Le-tableau-des-transferts.png\" class=\"attachment-800x445 size-800x445\" alt=\"Cyclisme Mercato 2025-2026 - Le tableau des transferts\" srcset=\"https:\/\/dicodusport.fr\/blog\/wp-content\/uploads\/2025\/02\/Cyclisme-Mercato-2025-2026-Le-tableau-des-transferts.png 1200w, https:\/\/dicodusport.fr\/blog\/wp-content\/uploads\/2025\/02\/Cyclisme-Mercato-2025-2026-Le-tableau-des-transferts-300x169.png 300w, https:\/\/dicodusport.fr\/blog\/wp-content\/uploads\/2025\/02\/Cyclisme-Mercato-2025-2026-Le-tableau-des-transferts-1024x575.png 1024w, https:\/\/dicodusport.fr\/blog\/wp-content\/uploads\/2025\/02\/Cyclisme-Mercato-2025-2026-Le-tableau-des-transferts-768x431.png 768w\" sizes=\"auto, (max-width: 792px) 100vw, 792px\" \/><\/div><\/div><div class=\"vlp-layout-zone-main\"><div class=\"vlp-block-0 vlp-link-title\">Cyclisme Mercato 2025-2026 - Le tableau des transferts<\/div><div class=\"vlp-block-1 vlp-link-summary\">MERCATO CYCLISME 2025-2026 - D\u00e9couvrez les transferts officiels et les rumeurs du mercato cycliste.<\/div><div class=\"vlp-block-2 vlp-link-button\">Lire l'article<\/div><div class=\"vlp-block-3 vlp-link-url\">dicodusport.fr<\/div><\/div><\/div>\n","protected":false},"excerpt":{"rendered":"<p>Le Fran\u00e7ais de 31 ans, Bruno Armirail, actuellement chez Decathlon AG2R La Mondiale, \u00e9voluera avec l\u2019\u00e9quipe n\u00e9erlandaise de la Visma Lease a Bike \u00e0 partir de 2026.<\/p>\n","protected":false},"author":4,"featured_media":593949,"comment_status":"open","ping_status":"closed","sticky":false,"template":"","format":"standard","meta":{"_acf_changed":false,"_daextam_enable_autolinks":"1","footnotes":""},"categories":[46994],"tags":[32415,16878,17970,574,11197],"class_list":["post-593945","post","type-post","status-publish","format-standard","has-post-thumbnail","hentry","category-cyclisme-sur-route","tag-actu","tag-breve","tag-bruno-armirail","tag-cyclisme","tag-cyclisme-sur-route"],"acf":[],"yoast_head":"<!-- This site is optimized with the Yoast SEO Premium plugin v26.7 (Yoast SEO v26.7) - https:\/\/yoast.com\/wordpress\/plugins\/seo\/ -->\n<title>Transferts Cyclisme : Bruno Armirail signe pour une grosse \u00e9quipe \u00e9trang\u00e8re<\/title>\n<meta name=\"description\" content=\"Le Fran\u00e7ais de 31 ans, Bruno Armirail, actuellement chez Decathlon AG2R La Mondiale, \u00e9voluera avec l\u2019\u00e9quipe n\u00e9erlandaise de la Visma Lease a Bike \u00e0 partir de 2026.\" \/>\n<meta name=\"robots\" content=\"index, follow, max-snippet:-1, max-image-preview:large, max-video-preview:-1\" \/>\n<link rel=\"canonical\" href=\"https:\/\/dicodusport.fr\/blog\/transferts-cyclisme-bruno-armirail-signe-pour-une-grosse-equipe-etrangere\/\" \/>\n<meta property=\"og:locale\" content=\"fr_FR\" \/>\n<meta property=\"og:type\" content=\"article\" \/>\n<meta property=\"og:title\" content=\"Transferts Cyclisme : Bruno Armirail signe pour une armada \u00e9trang\u00e8re\" \/>\n<meta property=\"og:description\" content=\"Le Fran\u00e7ais de 31 ans, Bruno Armirail, actuellement chez Decathlon AG2R La Mondiale, \u00e9voluera avec l\u2019\u00e9quipe n\u00e9erlandaise de la Visma Lease a Bike \u00e0 partir de 2026.\" \/>\n<meta property=\"og:url\" content=\"https:\/\/dicodusport.fr\/blog\/transferts-cyclisme-bruno-armirail-signe-pour-une-grosse-equipe-etrangere\/\" \/>\n<meta property=\"og:site_name\" content=\"Dicodusport\" \/>\n<meta property=\"article:publisher\" content=\"https:\/\/www.facebook.com\/dicodusport\" \/>\n<meta property=\"article:author\" content=\"https:\/\/www.facebook.com\/florent.ostermann\" \/>\n<meta property=\"article:published_time\" content=\"2025-07-10T05:53:15+00:00\" \/>\n<meta property=\"article:modified_time\" content=\"2025-07-10T06:09:56+00:00\" \/>\n<meta property=\"og:image\" content=\"https:\/\/dicodusport.fr\/blog\/wp-content\/uploads\/2025\/07\/Transferts-Cyclisme-Bruno-Armirail-signe-pour-une-grosse-equipe-etrangere.png\" \/>\n\t<meta property=\"og:image:width\" content=\"1200\" \/>\n\t<meta property=\"og:image:height\" content=\"674\" \/>\n\t<meta property=\"og:image:type\" content=\"image\/png\" \/>\n<meta name=\"author\" content=\"Flo Ostermann\" \/>\n<meta name=\"twitter:card\" content=\"summary_large_image\" \/>\n<meta name=\"twitter:title\" content=\"Transferts Cyclisme : Bruno Armirail signe pour une armada \u00e9trang\u00e8re\" \/>\n<meta name=\"twitter:creator\" content=\"@https:\/\/twitter.com\/FlOstermann\" \/>\n<meta name=\"twitter:site\" content=\"@dicodusport\" \/>\n<script type=\"application\/ld+json\" class=\"yoast-schema-graph\">{\"@context\":\"https:\/\/schema.org\",\"@graph\":[{\"@type\":\"NewsArticle\",\"@id\":\"https:\/\/dicodusport.fr\/blog\/transferts-cyclisme-bruno-armirail-signe-pour-une-grosse-equipe-etrangere\/#article\",\"isPartOf\":{\"@id\":\"https:\/\/dicodusport.fr\/blog\/transferts-cyclisme-bruno-armirail-signe-pour-une-grosse-equipe-etrangere\/\"},\"author\":{\"name\":\"Flo Ostermann\",\"@id\":\"https:\/\/dicodusport.fr\/blog\/#\/schema\/person\/cb02af4c173ce4a653b55e9baf388d4a\"},\"headline\":\"Transferts Cyclisme : Bruno Armirail signe pour une grosse \u00e9quipe \u00e9trang\u00e8re\",\"datePublished\":\"2025-07-10T05:53:15+00:00\",\"dateModified\":\"2025-07-10T06:09:56+00:00\",\"mainEntityOfPage\":{\"@id\":\"https:\/\/dicodusport.fr\/blog\/transferts-cyclisme-bruno-armirail-signe-pour-une-grosse-equipe-etrangere\/\"},\"wordCount\":731,\"commentCount\":0,\"publisher\":{\"@id\":\"https:\/\/dicodusport.fr\/blog\/#organization\"},\"image\":{\"@id\":\"https:\/\/dicodusport.fr\/blog\/transferts-cyclisme-bruno-armirail-signe-pour-une-grosse-equipe-etrangere\/#primaryimage\"},\"thumbnailUrl\":\"https:\/\/dicodusport.fr\/blog\/wp-content\/uploads\/2025\/07\/Transferts-Cyclisme-Bruno-Armirail-signe-pour-une-grosse-equipe-etrangere.png\",\"keywords\":[\"actu\",\"br\u00e8ve\",\"Bruno Armirail\",\"Cyclisme\",\"Cyclisme sur route\"],\"articleSection\":[\"Cyclisme sur route\"],\"inLanguage\":\"fr-FR\",\"potentialAction\":[{\"@type\":\"CommentAction\",\"name\":\"Comment\",\"target\":[\"https:\/\/dicodusport.fr\/blog\/transferts-cyclisme-bruno-armirail-signe-pour-une-grosse-equipe-etrangere\/#respond\"]}],\"copyrightYear\":\"2025\",\"copyrightHolder\":{\"@id\":\"https:\/\/dicodusport.fr\/blog\/#organization\"}},{\"@type\":\"WebPage\",\"@id\":\"https:\/\/dicodusport.fr\/blog\/transferts-cyclisme-bruno-armirail-signe-pour-une-grosse-equipe-etrangere\/\",\"url\":\"https:\/\/dicodusport.fr\/blog\/transferts-cyclisme-bruno-armirail-signe-pour-une-grosse-equipe-etrangere\/\",\"name\":\"Transferts Cyclisme : Bruno Armirail signe pour une grosse \u00e9quipe \u00e9trang\u00e8re\",\"isPartOf\":{\"@id\":\"https:\/\/dicodusport.fr\/blog\/#website\"},\"primaryImageOfPage\":{\"@id\":\"https:\/\/dicodusport.fr\/blog\/transferts-cyclisme-bruno-armirail-signe-pour-une-grosse-equipe-etrangere\/#primaryimage\"},\"image\":{\"@id\":\"https:\/\/dicodusport.fr\/blog\/transferts-cyclisme-bruno-armirail-signe-pour-une-grosse-equipe-etrangere\/#primaryimage\"},\"thumbnailUrl\":\"https:\/\/dicodusport.fr\/blog\/wp-content\/uploads\/2025\/07\/Transferts-Cyclisme-Bruno-Armirail-signe-pour-une-grosse-equipe-etrangere.png\",\"datePublished\":\"2025-07-10T05:53:15+00:00\",\"dateModified\":\"2025-07-10T06:09:56+00:00\",\"description\":\"Le Fran\u00e7ais de 31 ans, Bruno Armirail, actuellement chez Decathlon AG2R La Mondiale, \u00e9voluera avec l\u2019\u00e9quipe n\u00e9erlandaise de la Visma Lease a Bike \u00e0 partir de 2026.\",\"breadcrumb\":{\"@id\":\"https:\/\/dicodusport.fr\/blog\/transferts-cyclisme-bruno-armirail-signe-pour-une-grosse-equipe-etrangere\/#breadcrumb\"},\"inLanguage\":\"fr-FR\",\"potentialAction\":[{\"@type\":\"ReadAction\",\"target\":[\"https:\/\/dicodusport.fr\/blog\/transferts-cyclisme-bruno-armirail-signe-pour-une-grosse-equipe-etrangere\/\"]}]},{\"@type\":\"ImageObject\",\"inLanguage\":\"fr-FR\",\"@id\":\"https:\/\/dicodusport.fr\/blog\/transferts-cyclisme-bruno-armirail-signe-pour-une-grosse-equipe-etrangere\/#primaryimage\",\"url\":\"https:\/\/dicodusport.fr\/blog\/wp-content\/uploads\/2025\/07\/Transferts-Cyclisme-Bruno-Armirail-signe-pour-une-grosse-equipe-etrangere.png\",\"contentUrl\":\"https:\/\/dicodusport.fr\/blog\/wp-content\/uploads\/2025\/07\/Transferts-Cyclisme-Bruno-Armirail-signe-pour-une-grosse-equipe-etrangere.png\",\"width\":1200,\"height\":674,\"caption\":\"Transferts Cyclisme Bruno Armirail signe pour une grosse \u00e9quipe \u00e9trang\u00e8re\"},{\"@type\":\"BreadcrumbList\",\"@id\":\"https:\/\/dicodusport.fr\/blog\/transferts-cyclisme-bruno-armirail-signe-pour-une-grosse-equipe-etrangere\/#breadcrumb\",\"itemListElement\":[{\"@type\":\"ListItem\",\"position\":1,\"name\":\"Accueil\",\"item\":\"https:\/\/dicodusport.fr\/blog\/\"},{\"@type\":\"ListItem\",\"position\":2,\"name\":\"Transferts Cyclisme : Bruno Armirail signe pour une grosse \u00e9quipe \u00e9trang\u00e8re\"}]},{\"@type\":\"WebSite\",\"@id\":\"https:\/\/dicodusport.fr\/blog\/#website\",\"url\":\"https:\/\/dicodusport.fr\/blog\/\",\"name\":\"Dicodusport\",\"description\":\"L&#039;encyclop\u00e9die de l&#039;actualit\u00e9 sportive\",\"publisher\":{\"@id\":\"https:\/\/dicodusport.fr\/blog\/#organization\"},\"potentialAction\":[{\"@type\":\"SearchAction\",\"target\":{\"@type\":\"EntryPoint\",\"urlTemplate\":\"https:\/\/dicodusport.fr\/blog\/?s={search_term_string}\"},\"query-input\":{\"@type\":\"PropertyValueSpecification\",\"valueRequired\":true,\"valueName\":\"search_term_string\"}}],\"inLanguage\":\"fr-FR\"},{\"@type\":\"NewsMediaOrganization\",\"@id\":\"https:\/\/dicodusport.fr\/blog\/#organization\",\"name\":\"Dicodusport\",\"url\":\"https:\/\/dicodusport.fr\/blog\/\",\"logo\":{\"@type\":\"ImageObject\",\"inLanguage\":\"fr-FR\",\"@id\":\"https:\/\/dicodusport.fr\/blog\/#\/schema\/logo\/image\/\",\"url\":\"https:\/\/dicodusport.fr\/blog\/wp-content\/uploads\/2020\/06\/cropped-LOGO-DICODUSPORT-2020-SANS-FOND-SANS-TEXTE.png\",\"contentUrl\":\"https:\/\/dicodusport.fr\/blog\/wp-content\/uploads\/2020\/06\/cropped-LOGO-DICODUSPORT-2020-SANS-FOND-SANS-TEXTE.png\",\"width\":512,\"height\":512,\"caption\":\"Dicodusport\"},\"image\":{\"@id\":\"https:\/\/dicodusport.fr\/blog\/#\/schema\/logo\/image\/\"},\"sameAs\":[\"https:\/\/www.facebook.com\/dicodusport\",\"https:\/\/x.com\/dicodusport\",\"https:\/\/www.instagram.com\/dicodusport\/\",\"https:\/\/www.youtube.com\/channel\/UC7V2KZ5sd3htJivAbA4ZG3w\"],\"description\":\"Dicodusport est l'encyclop\u00e9die de l'actualit\u00e9 sportive.\",\"email\":\"bonjour@dicodusport.fr\",\"legalName\":\"DICODUSPORT\",\"foundingDate\":\"2018-01-14\",\"vatID\":\"FR71834470973\",\"taxID\":\"83447097300043\",\"numberOfEmployees\":{\"@type\":\"QuantitativeValue\",\"minValue\":\"1\",\"maxValue\":\"10\"}},{\"@type\":\"Person\",\"@id\":\"https:\/\/dicodusport.fr\/blog\/#\/schema\/person\/cb02af4c173ce4a653b55e9baf388d4a\",\"name\":\"Flo Ostermann\",\"image\":{\"@type\":\"ImageObject\",\"inLanguage\":\"fr-FR\",\"@id\":\"https:\/\/dicodusport.fr\/blog\/#\/schema\/person\/image\/\",\"url\":\"https:\/\/dicodusport.fr\/blog\/wp-content\/uploads\/2021\/05\/Flo-Ostermann-150x150.jpg\",\"contentUrl\":\"https:\/\/dicodusport.fr\/blog\/wp-content\/uploads\/2021\/05\/Flo-Ostermann-150x150.jpg\",\"caption\":\"Flo Ostermann\"},\"description\":\"Journaliste\/R\u00e9dacteur depuis septembre 2015 - Mes premiers souvenirs dans le sport ? Les envol\u00e9es du Stade Toulousain et les duels Villeneuve-Schumacher et H\u00e4kkinen-Schumacher \u00e0 la fin des ann\u00e9es 90, la Coupe du monde de football en 1998, l\u2019exploit du XV de France face aux All Blacks en 1999, mais aussi Richard C\u0153ur de Lion qui vole sur les montagnes du Tour de France. Bien parti pour devenir professeur d\u2019EPS, les \u00e9v\u00e9nements de la vie (et la flemme d\u2019animer des s\u00e9ances de 3x500 m\u00e8tres toute ma vie) m\u2019ont conduit \u00e0 revoir mes plans. Me voil\u00e0 depuis fin 2017 sur Dicodusport, m\u00e9dia gr\u00e2ce (et pour) lequel je partage ma passion : le sport dans tous ses \u00e9tats. Le tout accompagn\u00e9 par les fous furieux et folles furieuses cit\u00e9s sur cette page !\",\"sameAs\":[\"https:\/\/www.facebook.com\/florent.ostermann\",\"https:\/\/x.com\/https:\/\/twitter.com\/FlOstermann\",\"admin\"],\"url\":\"https:\/\/dicodusport.fr\/blog\/author\/flo\/\"}]}<\/script>\n<!-- \/ Yoast SEO Premium plugin. -->","yoast_head_json":{"title":"Transferts Cyclisme : Bruno Armirail signe pour une grosse \u00e9quipe \u00e9trang\u00e8re","description":"Le Fran\u00e7ais de 31 ans, Bruno Armirail, actuellement chez Decathlon AG2R La Mondiale, \u00e9voluera avec l\u2019\u00e9quipe n\u00e9erlandaise de la Visma Lease a Bike \u00e0 partir de 2026.","robots":{"index":"index","follow":"follow","max-snippet":"max-snippet:-1","max-image-preview":"max-image-preview:large","max-video-preview":"max-video-preview:-1"},"canonical":"https:\/\/dicodusport.fr\/blog\/transferts-cyclisme-bruno-armirail-signe-pour-une-grosse-equipe-etrangere\/","og_locale":"fr_FR","og_type":"article","og_title":"Transferts Cyclisme : Bruno Armirail signe pour une armada \u00e9trang\u00e8re","og_description":"Le Fran\u00e7ais de 31 ans, Bruno Armirail, actuellement chez Decathlon AG2R La Mondiale, \u00e9voluera avec l\u2019\u00e9quipe n\u00e9erlandaise de la Visma Lease a Bike \u00e0 partir de 2026.","og_url":"https:\/\/dicodusport.fr\/blog\/transferts-cyclisme-bruno-armirail-signe-pour-une-grosse-equipe-etrangere\/","og_site_name":"Dicodusport","article_publisher":"https:\/\/www.facebook.com\/dicodusport","article_author":"https:\/\/www.facebook.com\/florent.ostermann","article_published_time":"2025-07-10T05:53:15+00:00","article_modified_time":"2025-07-10T06:09:56+00:00","og_image":[{"width":1200,"height":674,"url":"https:\/\/dicodusport.fr\/blog\/wp-content\/uploads\/2025\/07\/Transferts-Cyclisme-Bruno-Armirail-signe-pour-une-grosse-equipe-etrangere.png","type":"image\/png"}],"author":"Flo Ostermann","twitter_card":"summary_large_image","twitter_title":"Transferts Cyclisme : Bruno Armirail signe pour une armada \u00e9trang\u00e8re","twitter_creator":"@https:\/\/twitter.com\/FlOstermann","twitter_site":"@dicodusport","schema":{"@context":"https:\/\/schema.org","@graph":[{"@type":"NewsArticle","@id":"https:\/\/dicodusport.fr\/blog\/transferts-cyclisme-bruno-armirail-signe-pour-une-grosse-equipe-etrangere\/#article","isPartOf":{"@id":"https:\/\/dicodusport.fr\/blog\/transferts-cyclisme-bruno-armirail-signe-pour-une-grosse-equipe-etrangere\/"},"author":{"name":"Flo Ostermann","@id":"https:\/\/dicodusport.fr\/blog\/#\/schema\/person\/cb02af4c173ce4a653b55e9baf388d4a"},"headline":"Transferts Cyclisme : Bruno Armirail signe pour une grosse \u00e9quipe \u00e9trang\u00e8re","datePublished":"2025-07-10T05:53:15+00:00","dateModified":"2025-07-10T06:09:56+00:00","mainEntityOfPage":{"@id":"https:\/\/dicodusport.fr\/blog\/transferts-cyclisme-bruno-armirail-signe-pour-une-grosse-equipe-etrangere\/"},"wordCount":731,"commentCount":0,"publisher":{"@id":"https:\/\/dicodusport.fr\/blog\/#organization"},"image":{"@id":"https:\/\/dicodusport.fr\/blog\/transferts-cyclisme-bruno-armirail-signe-pour-une-grosse-equipe-etrangere\/#primaryimage"},"thumbnailUrl":"https:\/\/dicodusport.fr\/blog\/wp-content\/uploads\/2025\/07\/Transferts-Cyclisme-Bruno-Armirail-signe-pour-une-grosse-equipe-etrangere.png","keywords":["actu","br\u00e8ve","Bruno Armirail","Cyclisme","Cyclisme sur route"],"articleSection":["Cyclisme sur route"],"inLanguage":"fr-FR","potentialAction":[{"@type":"CommentAction","name":"Comment","target":["https:\/\/dicodusport.fr\/blog\/transferts-cyclisme-bruno-armirail-signe-pour-une-grosse-equipe-etrangere\/#respond"]}],"copyrightYear":"2025","copyrightHolder":{"@id":"https:\/\/dicodusport.fr\/blog\/#organization"}},{"@type":"WebPage","@id":"https:\/\/dicodusport.fr\/blog\/transferts-cyclisme-bruno-armirail-signe-pour-une-grosse-equipe-etrangere\/","url":"https:\/\/dicodusport.fr\/blog\/transferts-cyclisme-bruno-armirail-signe-pour-une-grosse-equipe-etrangere\/","name":"Transferts Cyclisme : Bruno Armirail signe pour une grosse \u00e9quipe \u00e9trang\u00e8re","isPartOf":{"@id":"https:\/\/dicodusport.fr\/blog\/#website"},"primaryImageOfPage":{"@id":"https:\/\/dicodusport.fr\/blog\/transferts-cyclisme-bruno-armirail-signe-pour-une-grosse-equipe-etrangere\/#primaryimage"},"image":{"@id":"https:\/\/dicodusport.fr\/blog\/transferts-cyclisme-bruno-armirail-signe-pour-une-grosse-equipe-etrangere\/#primaryimage"},"thumbnailUrl":"https:\/\/dicodusport.fr\/blog\/wp-content\/uploads\/2025\/07\/Transferts-Cyclisme-Bruno-Armirail-signe-pour-une-grosse-equipe-etrangere.png","datePublished":"2025-07-10T05:53:15+00:00","dateModified":"2025-07-10T06:09:56+00:00","description":"Le Fran\u00e7ais de 31 ans, Bruno Armirail, actuellement chez Decathlon AG2R La Mondiale, \u00e9voluera avec l\u2019\u00e9quipe n\u00e9erlandaise de la Visma Lease a Bike \u00e0 partir de 2026.","breadcrumb":{"@id":"https:\/\/dicodusport.fr\/blog\/transferts-cyclisme-bruno-armirail-signe-pour-une-grosse-equipe-etrangere\/#breadcrumb"},"inLanguage":"fr-FR","potentialAction":[{"@type":"ReadAction","target":["https:\/\/dicodusport.fr\/blog\/transferts-cyclisme-bruno-armirail-signe-pour-une-grosse-equipe-etrangere\/"]}]},{"@type":"ImageObject","inLanguage":"fr-FR","@id":"https:\/\/dicodusport.fr\/blog\/transferts-cyclisme-bruno-armirail-signe-pour-une-grosse-equipe-etrangere\/#primaryimage","url":"https:\/\/dicodusport.fr\/blog\/wp-content\/uploads\/2025\/07\/Transferts-Cyclisme-Bruno-Armirail-signe-pour-une-grosse-equipe-etrangere.png","contentUrl":"https:\/\/dicodusport.fr\/blog\/wp-content\/uploads\/2025\/07\/Transferts-Cyclisme-Bruno-Armirail-signe-pour-une-grosse-equipe-etrangere.png","width":1200,"height":674,"caption":"Transferts Cyclisme Bruno Armirail signe pour une grosse \u00e9quipe \u00e9trang\u00e8re"},{"@type":"BreadcrumbList","@id":"https:\/\/dicodusport.fr\/blog\/transferts-cyclisme-bruno-armirail-signe-pour-une-grosse-equipe-etrangere\/#breadcrumb","itemListElement":[{"@type":"ListItem","position":1,"name":"Accueil","item":"https:\/\/dicodusport.fr\/blog\/"},{"@type":"ListItem","position":2,"name":"Transferts Cyclisme : Bruno Armirail signe pour une grosse \u00e9quipe \u00e9trang\u00e8re"}]},{"@type":"WebSite","@id":"https:\/\/dicodusport.fr\/blog\/#website","url":"https:\/\/dicodusport.fr\/blog\/","name":"Dicodusport","description":"L&#039;encyclop\u00e9die de l&#039;actualit\u00e9 sportive","publisher":{"@id":"https:\/\/dicodusport.fr\/blog\/#organization"},"potentialAction":[{"@type":"SearchAction","target":{"@type":"EntryPoint","urlTemplate":"https:\/\/dicodusport.fr\/blog\/?s={search_term_string}"},"query-input":{"@type":"PropertyValueSpecification","valueRequired":true,"valueName":"search_term_string"}}],"inLanguage":"fr-FR"},{"@type":"NewsMediaOrganization","@id":"https:\/\/dicodusport.fr\/blog\/#organization","name":"Dicodusport","url":"https:\/\/dicodusport.fr\/blog\/","logo":{"@type":"ImageObject","inLanguage":"fr-FR","@id":"https:\/\/dicodusport.fr\/blog\/#\/schema\/logo\/image\/","url":"https:\/\/dicodusport.fr\/blog\/wp-content\/uploads\/2020\/06\/cropped-LOGO-DICODUSPORT-2020-SANS-FOND-SANS-TEXTE.png","contentUrl":"https:\/\/dicodusport.fr\/blog\/wp-content\/uploads\/2020\/06\/cropped-LOGO-DICODUSPORT-2020-SANS-FOND-SANS-TEXTE.png","width":512,"height":512,"caption":"Dicodusport"},"image":{"@id":"https:\/\/dicodusport.fr\/blog\/#\/schema\/logo\/image\/"},"sameAs":["https:\/\/www.facebook.com\/dicodusport","https:\/\/x.com\/dicodusport","https:\/\/www.instagram.com\/dicodusport\/","https:\/\/www.youtube.com\/channel\/UC7V2KZ5sd3htJivAbA4ZG3w"],"description":"Dicodusport est l'encyclop\u00e9die de l'actualit\u00e9 sportive.","email":"bonjour@dicodusport.fr","legalName":"DICODUSPORT","foundingDate":"2018-01-14","vatID":"FR71834470973","taxID":"83447097300043","numberOfEmployees":{"@type":"QuantitativeValue","minValue":"1","maxValue":"10"}},{"@type":"Person","@id":"https:\/\/dicodusport.fr\/blog\/#\/schema\/person\/cb02af4c173ce4a653b55e9baf388d4a","name":"Flo Ostermann","image":{"@type":"ImageObject","inLanguage":"fr-FR","@id":"https:\/\/dicodusport.fr\/blog\/#\/schema\/person\/image\/","url":"https:\/\/dicodusport.fr\/blog\/wp-content\/uploads\/2021\/05\/Flo-Ostermann-150x150.jpg","contentUrl":"https:\/\/dicodusport.fr\/blog\/wp-content\/uploads\/2021\/05\/Flo-Ostermann-150x150.jpg","caption":"Flo Ostermann"},"description":"Journaliste\/R\u00e9dacteur depuis septembre 2015 - Mes premiers souvenirs dans le sport ? Les envol\u00e9es du Stade Toulousain et les duels Villeneuve-Schumacher et H\u00e4kkinen-Schumacher \u00e0 la fin des ann\u00e9es 90, la Coupe du monde de football en 1998, l\u2019exploit du XV de France face aux All Blacks en 1999, mais aussi Richard C\u0153ur de Lion qui vole sur les montagnes du Tour de France. Bien parti pour devenir professeur d\u2019EPS, les \u00e9v\u00e9nements de la vie (et la flemme d\u2019animer des s\u00e9ances de 3x500 m\u00e8tres toute ma vie) m\u2019ont conduit \u00e0 revoir mes plans. Me voil\u00e0 depuis fin 2017 sur Dicodusport, m\u00e9dia gr\u00e2ce (et pour) lequel je partage ma passion : le sport dans tous ses \u00e9tats. Le tout accompagn\u00e9 par les fous furieux et folles furieuses cit\u00e9s sur cette page !","sameAs":["https:\/\/www.facebook.com\/florent.ostermann","https:\/\/x.com\/https:\/\/twitter.com\/FlOstermann","admin"],"url":"https:\/\/dicodusport.fr\/blog\/author\/flo\/"}]}},"_links":{"self":[{"href":"https:\/\/dicodusport.fr\/blog\/wp-json\/wp\/v2\/posts\/593945","targetHints":{"allow":["GET"]}}],"collection":[{"href":"https:\/\/dicodusport.fr\/blog\/wp-json\/wp\/v2\/posts"}],"about":[{"href":"https:\/\/dicodusport.fr\/blog\/wp-json\/wp\/v2\/types\/post"}],"author":[{"embeddable":true,"href":"https:\/\/dicodusport.fr\/blog\/wp-json\/wp\/v2\/users\/4"}],"replies":[{"embeddable":true,"href":"https:\/\/dicodusport.fr\/blog\/wp-json\/wp\/v2\/comments?post=593945"}],"version-history":[{"count":2,"href":"https:\/\/dicodusport.fr\/blog\/wp-json\/wp\/v2\/posts\/593945\/revisions"}],"predecessor-version":[{"id":593952,"href":"https:\/\/dicodusport.fr\/blog\/wp-json\/wp\/v2\/posts\/593945\/revisions\/593952"}],"wp:featuredmedia":[{"embeddable":true,"href":"https:\/\/dicodusport.fr\/blog\/wp-json\/wp\/v2\/media\/593949"}],"wp:attachment":[{"href":"https:\/\/dicodusport.fr\/blog\/wp-json\/wp\/v2\/media?parent=593945"}],"wp:term":[{"taxonomy":"category","embeddable":true,"href":"https:\/\/dicodusport.fr\/blog\/wp-json\/wp\/v2\/categories?post=593945"},{"taxonomy":"post_tag","embeddable":true,"href":"https:\/\/dicodusport.fr\/blog\/wp-json\/wp\/v2\/tags?post=593945"}],"curies":[{"name":"wp","href":"https:\/\/api.w.org\/{rel}","templated":true}]}}