{"id":593956,"date":"2025-07-10T09:00:36","date_gmt":"2025-07-10T07:00:36","guid":{"rendered":"https:\/\/dicodusport.fr\/blog\/?p=593956&#038;preview=true&#038;preview_id=593956"},"modified":"2025-07-10T09:00:36","modified_gmt":"2025-07-10T07:00:36","slug":"transferts-nice-jonathan-clauss-courtise-par-un-grand-deurope","status":"publish","type":"post","link":"https:\/\/dicodusport.fr\/blog\/transferts-nice-jonathan-clauss-courtise-par-un-grand-deurope\/","title":{"rendered":"Transferts Nice : Jonathan Clauss courtis\u00e9 par un grand d&rsquo;Europe"},"content":{"rendered":"<p style=\"text-align: justify;\"><strong><em>TRANSFERTS FOOTBALL &#8211; Igor Tudor veut retrouver son ancien lat\u00e9ral droit. Le coach de la Juventus aimerait attirer Jonathan Clauss en Italie.<\/em><\/strong><\/p>\n<p style=\"text-align: justify;\"><strong>Jonathan Clauss<\/strong> va-t-il rester en Ligue 1 ? Arriv\u00e9 \u00e0 l&rsquo;<strong>OGC Nice<\/strong> il y a un an apr\u00e8s un passage \u00e0 l&rsquo;<strong>Olympique de Marseille<\/strong>, l&rsquo;international fran\u00e7ais (14 s\u00e9lections) fait l&rsquo;objet de convoitises pendant ce mercato estival. Sous contrat jusqu&rsquo;en 2026, le lat\u00e9ral droit pourrait bien quitter l&rsquo;Hexagone cet \u00e9t\u00e9. Mais il ne partirait pas en terres totalement inconnues.<\/p>\n<blockquote class=\"twitter-tweet\">\n<p dir=\"ltr\" lang=\"fr\">Gazzetta : La <a href=\"https:\/\/twitter.com\/hashtag\/Juve?src=hash&amp;ref_src=twsrc%5Etfw\">#Juve<\/a> a sond\u00e9 la piste Jonathan Clauss pour se renforcer cet \u00e9t\u00e9, Igor Tudor appr\u00e9cie le profil de son ancien joueur. L&rsquo;<a href=\"https:\/\/twitter.com\/hashtag\/OM?src=hash&amp;ref_src=twsrc%5Etfw\">#OM<\/a> insiste et avance pour recruter Timothy Weah, mais reste inflexible sur Leonardo Balerdi, la priorit\u00e9 de la Juve pour renforcer sa d\u00e9fense \ud83d\uddde\ufe0f <a href=\"https:\/\/t.co\/Egfpn6Z1Ny\">pic.twitter.com\/Egfpn6Z1Ny<\/a><\/p>\n<p>\u2014 Guillaume Pacini (@Guillaumemp) <a href=\"https:\/\/twitter.com\/Guillaumemp\/status\/1942844042766868524?ref_src=twsrc%5Etfw\">July 9, 2025<\/a><\/p><\/blockquote>\n<p style=\"text-align: justify;\"><script async src=\"https:\/\/platform.twitter.com\/widgets.js\" charset=\"utf-8\"><\/script><\/p>\n<h2 style=\"text-align: justify;\">Clauss \u00e0 la Juventus, des retrouvailles avec Tudor ?<\/h2>\n<p style=\"text-align: justify;\">En effet, <strong>Igor Tudor<\/strong> souhaiterait attirer <strong>Jonathan Clauss<\/strong> dans les filets de la Juventus, selon nos confr\u00e8res de <em>La Gazzetta dello Sport<\/em>. Apr\u00e8s l&rsquo;avoir eu sous ses ordres \u00e0 Marseille, <strong>Tudor<\/strong> aimerait faire de <strong>Clauss<\/strong> son lat\u00e9ral \/ piston droit dans le 3-4-2-1 qu\u2019il compte mettre en place. Un poste qui conviendrait \u00e0 merveille \u00e0 <strong>Clauss<\/strong> du c\u00f4t\u00e9 de la Juventus. Cette saison, du c\u00f4t\u00e9 de Nice, il avait d\u00e9j\u00e0 retrouv\u00e9 <strong>Franck Haise<\/strong>, son ancien coach \u00e0 Lens.<\/p>\n<div class=\"vlp-link-container vlp-layout-article\"><a href=\"https:\/\/dicodusport.fr\/blog\/mercato-nice-2025-2026-le-tableau-complet-des-transferts-arrivees-et-departs\/\" class=\"vlp-link\" title=\"Mercato Nice 2025-2026 : Le tableau complet des transferts, arriv\u00e9es et d\u00e9parts\"><\/a><div class=\"vlp-layout-zone-side\"><div class=\"vlp-block-4 vlp-link-image\"><img loading=\"lazy\" decoding=\"async\" style=\"max-width: 792px;\" width=\"792\" height=\"445\" src=\"https:\/\/dicodusport.fr\/blog\/wp-content\/uploads\/2025\/05\/Mercato-Nice-2025-2026-Le-tableau-complet-des-transferts-arrivees-et-departs.png\" class=\"attachment-800x445 size-800x445\" alt=\"Mercato Nice 2025-2026 Le tableau complet des transferts, arriv\u00e9es et d\u00e9parts\" srcset=\"https:\/\/dicodusport.fr\/blog\/wp-content\/uploads\/2025\/05\/Mercato-Nice-2025-2026-Le-tableau-complet-des-transferts-arrivees-et-departs.png 1200w, https:\/\/dicodusport.fr\/blog\/wp-content\/uploads\/2025\/05\/Mercato-Nice-2025-2026-Le-tableau-complet-des-transferts-arrivees-et-departs-300x169.png 300w, https:\/\/dicodusport.fr\/blog\/wp-content\/uploads\/2025\/05\/Mercato-Nice-2025-2026-Le-tableau-complet-des-transferts-arrivees-et-departs-1024x575.png 1024w, https:\/\/dicodusport.fr\/blog\/wp-content\/uploads\/2025\/05\/Mercato-Nice-2025-2026-Le-tableau-complet-des-transferts-arrivees-et-departs-768x431.png 768w\" sizes=\"auto, (max-width: 792px) 100vw, 792px\" \/><\/div><\/div><div class=\"vlp-layout-zone-main\"><div class=\"vlp-block-0 vlp-link-title\">Mercato Nice 2025-2026 : Le tableau complet des transferts, arriv\u00e9es et d\u00e9parts<\/div><div class=\"vlp-block-1 vlp-link-summary\">TRANSFERTS NICE - Retrouvez tous les mouvements de l'OGC Nice pour l'intersaison 2025 en Ligue 1. Arriv\u00e9es, d\u00e9part, pr\u00eats, transferts d\u00e9finitifs, ne ratez rien du mercato estival.\u00a0<\/div><div class=\"vlp-block-2 vlp-link-button\">Lire l'article<\/div><div class=\"vlp-block-3 vlp-link-url\">dicodusport.fr<\/div><\/div><\/div>\n<p style=\"text-align: justify;\">Ce transfert pourrait se conclure entre 7 et 10 millions d&rsquo;euros, avec bonus, selon nos confr\u00e8res italiens. Mais dans le cas o\u00f9 Nice ne souhaiterait pas voir <strong>Clauss<\/strong> partir \u00e0 la Juventus Turin, les dirigeants bianconeri r\u00e9fl\u00e9chissent \u00e0 d&rsquo;autres pistes. <strong>Silvan Widmer<\/strong> (Mayence), <strong>Dod\u00f2<\/strong> (Fiorentina) et <strong>Marco Palestra<\/strong> (Atalanta) font partie des plans de secours pour <strong>Damien Comolli<\/strong>, le directeur g\u00e9n\u00e9ral du club. La Juventus a d\u00e9j\u00e0 boucl\u00e9 le transfert de <strong>Jonathan David<\/strong>, venu libre du LOSC. <strong>Igor Tudor<\/strong> aime donc piocher du c\u00f4t\u00e9 de la Ligue 1 cet \u00e9t\u00e9. Dans le m\u00eame temps, l<a href=\"https:\/\/dicodusport.fr\/blog\/transferts-om-marseille-et-la-juventus-discutent-pour-balerdi-et-weah\/\">a Juventus suit toujours le dossier <strong>Leonardo Balerdi<\/strong>,<\/a> selon le m\u00e9dia transalpin. Le d\u00e9fenseur argentin est consid\u00e9r\u00e9 comme intransf\u00e9rable par l&rsquo;OM. Mais il pla\u00eet beaucoup \u00e0 <strong>Tudor<\/strong> et \u00e0 <strong>Giorgio Chiellini<\/strong>. Et Marseille ne compte pas le brader, malgr\u00e9 l&rsquo;int\u00e9r\u00eat prononc\u00e9 des Italiens.<\/p>\n","protected":false},"excerpt":{"rendered":"<p>TRANSFERTS FOOTBALL &#8211; Igor Tudor veut retrouver son ancien lat\u00e9ral droit. Le coach de la Juventus aimerait attirer Jonathan Clauss en Italie.<\/p>\n","protected":false},"author":88,"featured_media":593962,"comment_status":"open","ping_status":"closed","sticky":false,"template":"","format":"standard","meta":{"_acf_changed":false,"_daextam_enable_autolinks":"1","footnotes":""},"categories":[47045],"tags":[16878,22528,4614,14093],"class_list":["post-593956","post","type-post","status-publish","format-standard","has-post-thumbnail","hentry","category-ligue-1","tag-breve","tag-jonathan-clauss","tag-juventus-turin","tag-mercato-football"],"acf":[],"yoast_head":"<!-- This site is optimized with the Yoast SEO Premium plugin v26.7 (Yoast SEO v26.7) - https:\/\/yoast.com\/wordpress\/plugins\/seo\/ -->\n<title>Transferts Nice : Jonathan Clauss courtis\u00e9 par un grand d&#039;Europe<\/title>\n<meta name=\"description\" content=\"TRANSFERTS FOOTBALL - Igor Tudor veut retrouver son ancien lat\u00e9ral droit. Le coach de la Juventus aimerait attirer Jonathan Clauss en Italie.\" \/>\n<meta name=\"robots\" content=\"index, follow, max-snippet:-1, max-image-preview:large, max-video-preview:-1\" \/>\n<link rel=\"canonical\" href=\"https:\/\/dicodusport.fr\/blog\/transferts-nice-jonathan-clauss-courtise-par-un-grand-deurope\/\" \/>\n<meta property=\"og:locale\" content=\"fr_FR\" \/>\n<meta property=\"og:type\" content=\"article\" \/>\n<meta property=\"og:title\" content=\"Transferts Nice : Jonathan Clauss courtis\u00e9 par un grand d&#039;Europe\" \/>\n<meta property=\"og:description\" content=\"TRANSFERTS FOOTBALL - Igor Tudor veut retrouver son ancien lat\u00e9ral droit. Le coach de la Juventus aimerait attirer Jonathan Clauss en Italie.\" \/>\n<meta property=\"og:url\" content=\"https:\/\/dicodusport.fr\/blog\/transferts-nice-jonathan-clauss-courtise-par-un-grand-deurope\/\" \/>\n<meta property=\"og:site_name\" content=\"Dicodusport\" \/>\n<meta property=\"article:publisher\" content=\"https:\/\/www.facebook.com\/dicodusport\" \/>\n<meta property=\"article:published_time\" content=\"2025-07-10T07:00:36+00:00\" \/>\n<meta property=\"og:image\" content=\"https:\/\/dicodusport.fr\/blog\/wp-content\/uploads\/2025\/07\/Transferts-Nice-Jonathan-Clauss-courtise-par-un-grand-dEurope.png\" \/>\n\t<meta property=\"og:image:width\" content=\"1200\" \/>\n\t<meta property=\"og:image:height\" content=\"674\" \/>\n\t<meta property=\"og:image:type\" content=\"image\/png\" \/>\n<meta name=\"author\" content=\"Paul Lalevee\" \/>\n<meta name=\"twitter:card\" content=\"summary_large_image\" \/>\n<meta name=\"twitter:title\" content=\"Transferts Nice : Jonathan Clauss courtis\u00e9 par un grand d&#039;Europe\" \/>\n<meta name=\"twitter:creator\" content=\"@dicodusport\" \/>\n<meta name=\"twitter:site\" content=\"@dicodusport\" \/>\n<script type=\"application\/ld+json\" class=\"yoast-schema-graph\">{\"@context\":\"https:\/\/schema.org\",\"@graph\":[{\"@type\":\"NewsArticle\",\"@id\":\"https:\/\/dicodusport.fr\/blog\/transferts-nice-jonathan-clauss-courtise-par-un-grand-deurope\/#article\",\"isPartOf\":{\"@id\":\"https:\/\/dicodusport.fr\/blog\/transferts-nice-jonathan-clauss-courtise-par-un-grand-deurope\/\"},\"author\":{\"name\":\"Paul Lalevee\",\"@id\":\"https:\/\/dicodusport.fr\/blog\/#\/schema\/person\/1eaa63dfac40b5e5c47f03a71920c1cd\"},\"headline\":\"Transferts Nice : Jonathan Clauss courtis\u00e9 par un grand d&rsquo;Europe\",\"datePublished\":\"2025-07-10T07:00:36+00:00\",\"mainEntityOfPage\":{\"@id\":\"https:\/\/dicodusport.fr\/blog\/transferts-nice-jonathan-clauss-courtise-par-un-grand-deurope\/\"},\"wordCount\":483,\"commentCount\":0,\"publisher\":{\"@id\":\"https:\/\/dicodusport.fr\/blog\/#organization\"},\"image\":{\"@id\":\"https:\/\/dicodusport.fr\/blog\/transferts-nice-jonathan-clauss-courtise-par-un-grand-deurope\/#primaryimage\"},\"thumbnailUrl\":\"https:\/\/dicodusport.fr\/blog\/wp-content\/uploads\/2025\/07\/Transferts-Nice-Jonathan-Clauss-courtise-par-un-grand-dEurope.png\",\"keywords\":[\"br\u00e8ve\",\"Jonathan Clauss\",\"Juventus Turin\",\"Mercato football\"],\"articleSection\":[\"Ligue 1\"],\"inLanguage\":\"fr-FR\",\"potentialAction\":[{\"@type\":\"CommentAction\",\"name\":\"Comment\",\"target\":[\"https:\/\/dicodusport.fr\/blog\/transferts-nice-jonathan-clauss-courtise-par-un-grand-deurope\/#respond\"]}],\"copyrightYear\":\"2025\",\"copyrightHolder\":{\"@id\":\"https:\/\/dicodusport.fr\/blog\/#organization\"}},{\"@type\":\"WebPage\",\"@id\":\"https:\/\/dicodusport.fr\/blog\/transferts-nice-jonathan-clauss-courtise-par-un-grand-deurope\/\",\"url\":\"https:\/\/dicodusport.fr\/blog\/transferts-nice-jonathan-clauss-courtise-par-un-grand-deurope\/\",\"name\":\"Transferts Nice : Jonathan Clauss courtis\u00e9 par un grand d'Europe\",\"isPartOf\":{\"@id\":\"https:\/\/dicodusport.fr\/blog\/#website\"},\"primaryImageOfPage\":{\"@id\":\"https:\/\/dicodusport.fr\/blog\/transferts-nice-jonathan-clauss-courtise-par-un-grand-deurope\/#primaryimage\"},\"image\":{\"@id\":\"https:\/\/dicodusport.fr\/blog\/transferts-nice-jonathan-clauss-courtise-par-un-grand-deurope\/#primaryimage\"},\"thumbnailUrl\":\"https:\/\/dicodusport.fr\/blog\/wp-content\/uploads\/2025\/07\/Transferts-Nice-Jonathan-Clauss-courtise-par-un-grand-dEurope.png\",\"datePublished\":\"2025-07-10T07:00:36+00:00\",\"description\":\"TRANSFERTS FOOTBALL - Igor Tudor veut retrouver son ancien lat\u00e9ral droit. Le coach de la Juventus aimerait attirer Jonathan Clauss en Italie.\",\"breadcrumb\":{\"@id\":\"https:\/\/dicodusport.fr\/blog\/transferts-nice-jonathan-clauss-courtise-par-un-grand-deurope\/#breadcrumb\"},\"inLanguage\":\"fr-FR\",\"potentialAction\":[{\"@type\":\"ReadAction\",\"target\":[\"https:\/\/dicodusport.fr\/blog\/transferts-nice-jonathan-clauss-courtise-par-un-grand-deurope\/\"]}]},{\"@type\":\"ImageObject\",\"inLanguage\":\"fr-FR\",\"@id\":\"https:\/\/dicodusport.fr\/blog\/transferts-nice-jonathan-clauss-courtise-par-un-grand-deurope\/#primaryimage\",\"url\":\"https:\/\/dicodusport.fr\/blog\/wp-content\/uploads\/2025\/07\/Transferts-Nice-Jonathan-Clauss-courtise-par-un-grand-dEurope.png\",\"contentUrl\":\"https:\/\/dicodusport.fr\/blog\/wp-content\/uploads\/2025\/07\/Transferts-Nice-Jonathan-Clauss-courtise-par-un-grand-dEurope.png\",\"width\":1200,\"height\":674,\"caption\":\"Transferts Nice Jonathan Clauss courtis\u00e9 par un grand d'Europe\"},{\"@type\":\"BreadcrumbList\",\"@id\":\"https:\/\/dicodusport.fr\/blog\/transferts-nice-jonathan-clauss-courtise-par-un-grand-deurope\/#breadcrumb\",\"itemListElement\":[{\"@type\":\"ListItem\",\"position\":1,\"name\":\"Accueil\",\"item\":\"https:\/\/dicodusport.fr\/blog\/\"},{\"@type\":\"ListItem\",\"position\":2,\"name\":\"Transferts Nice : Jonathan Clauss courtis\u00e9 par un grand d&rsquo;Europe\"}]},{\"@type\":\"WebSite\",\"@id\":\"https:\/\/dicodusport.fr\/blog\/#website\",\"url\":\"https:\/\/dicodusport.fr\/blog\/\",\"name\":\"Dicodusport\",\"description\":\"L&#039;encyclop\u00e9die de l&#039;actualit\u00e9 sportive\",\"publisher\":{\"@id\":\"https:\/\/dicodusport.fr\/blog\/#organization\"},\"potentialAction\":[{\"@type\":\"SearchAction\",\"target\":{\"@type\":\"EntryPoint\",\"urlTemplate\":\"https:\/\/dicodusport.fr\/blog\/?s={search_term_string}\"},\"query-input\":{\"@type\":\"PropertyValueSpecification\",\"valueRequired\":true,\"valueName\":\"search_term_string\"}}],\"inLanguage\":\"fr-FR\"},{\"@type\":\"NewsMediaOrganization\",\"@id\":\"https:\/\/dicodusport.fr\/blog\/#organization\",\"name\":\"Dicodusport\",\"url\":\"https:\/\/dicodusport.fr\/blog\/\",\"logo\":{\"@type\":\"ImageObject\",\"inLanguage\":\"fr-FR\",\"@id\":\"https:\/\/dicodusport.fr\/blog\/#\/schema\/logo\/image\/\",\"url\":\"https:\/\/dicodusport.fr\/blog\/wp-content\/uploads\/2020\/06\/cropped-LOGO-DICODUSPORT-2020-SANS-FOND-SANS-TEXTE.png\",\"contentUrl\":\"https:\/\/dicodusport.fr\/blog\/wp-content\/uploads\/2020\/06\/cropped-LOGO-DICODUSPORT-2020-SANS-FOND-SANS-TEXTE.png\",\"width\":512,\"height\":512,\"caption\":\"Dicodusport\"},\"image\":{\"@id\":\"https:\/\/dicodusport.fr\/blog\/#\/schema\/logo\/image\/\"},\"sameAs\":[\"https:\/\/www.facebook.com\/dicodusport\",\"https:\/\/x.com\/dicodusport\",\"https:\/\/www.instagram.com\/dicodusport\/\",\"https:\/\/www.youtube.com\/channel\/UC7V2KZ5sd3htJivAbA4ZG3w\"],\"description\":\"Dicodusport est l'encyclop\u00e9die de l'actualit\u00e9 sportive.\",\"email\":\"bonjour@dicodusport.fr\",\"legalName\":\"DICODUSPORT\",\"foundingDate\":\"2018-01-14\",\"vatID\":\"FR71834470973\",\"taxID\":\"83447097300043\",\"numberOfEmployees\":{\"@type\":\"QuantitativeValue\",\"minValue\":\"1\",\"maxValue\":\"10\"}},{\"@type\":\"Person\",\"@id\":\"https:\/\/dicodusport.fr\/blog\/#\/schema\/person\/1eaa63dfac40b5e5c47f03a71920c1cd\",\"name\":\"Paul Lalevee\",\"image\":{\"@type\":\"ImageObject\",\"inLanguage\":\"fr-FR\",\"@id\":\"https:\/\/dicodusport.fr\/blog\/#\/schema\/person\/image\/\",\"url\":\"https:\/\/dicodusport.fr\/blog\/wp-content\/uploads\/2023\/10\/291154246_1690604071293245_3118259335115946499_n-150x150.jpg\",\"contentUrl\":\"https:\/\/dicodusport.fr\/blog\/wp-content\/uploads\/2023\/10\/291154246_1690604071293245_3118259335115946499_n-150x150.jpg\",\"caption\":\"Paul Lalevee\"},\"description\":\"La bulle Disney pendant le Covid, le Tour 2019, la Coupe du monde 2018. Ces trois \u00e9v\u00e9nements majeurs sont ancr\u00e9s dans ma t\u00eate de fan de sport, n\u00e9gativement ou positivement. Passionn\u00e9 de sport depuis l'enfance, j'ai d\u00e9cid\u00e9 de mettre ma passion de l'\u00e9criture au service de cette premi\u00e8re passion.\",\"url\":\"https:\/\/dicodusport.fr\/blog\/author\/paul-lalevee\/\"}]}<\/script>\n<!-- \/ Yoast SEO Premium plugin. -->","yoast_head_json":{"title":"Transferts Nice : Jonathan Clauss courtis\u00e9 par un grand d'Europe","description":"TRANSFERTS FOOTBALL - Igor Tudor veut retrouver son ancien lat\u00e9ral droit. Le coach de la Juventus aimerait attirer Jonathan Clauss en Italie.","robots":{"index":"index","follow":"follow","max-snippet":"max-snippet:-1","max-image-preview":"max-image-preview:large","max-video-preview":"max-video-preview:-1"},"canonical":"https:\/\/dicodusport.fr\/blog\/transferts-nice-jonathan-clauss-courtise-par-un-grand-deurope\/","og_locale":"fr_FR","og_type":"article","og_title":"Transferts Nice : Jonathan Clauss courtis\u00e9 par un grand d'Europe","og_description":"TRANSFERTS FOOTBALL - Igor Tudor veut retrouver son ancien lat\u00e9ral droit. Le coach de la Juventus aimerait attirer Jonathan Clauss en Italie.","og_url":"https:\/\/dicodusport.fr\/blog\/transferts-nice-jonathan-clauss-courtise-par-un-grand-deurope\/","og_site_name":"Dicodusport","article_publisher":"https:\/\/www.facebook.com\/dicodusport","article_published_time":"2025-07-10T07:00:36+00:00","og_image":[{"width":1200,"height":674,"url":"https:\/\/dicodusport.fr\/blog\/wp-content\/uploads\/2025\/07\/Transferts-Nice-Jonathan-Clauss-courtise-par-un-grand-dEurope.png","type":"image\/png"}],"author":"Paul Lalevee","twitter_card":"summary_large_image","twitter_title":"Transferts Nice : Jonathan Clauss courtis\u00e9 par un grand d'Europe","twitter_creator":"@dicodusport","twitter_site":"@dicodusport","schema":{"@context":"https:\/\/schema.org","@graph":[{"@type":"NewsArticle","@id":"https:\/\/dicodusport.fr\/blog\/transferts-nice-jonathan-clauss-courtise-par-un-grand-deurope\/#article","isPartOf":{"@id":"https:\/\/dicodusport.fr\/blog\/transferts-nice-jonathan-clauss-courtise-par-un-grand-deurope\/"},"author":{"name":"Paul Lalevee","@id":"https:\/\/dicodusport.fr\/blog\/#\/schema\/person\/1eaa63dfac40b5e5c47f03a71920c1cd"},"headline":"Transferts Nice : Jonathan Clauss courtis\u00e9 par un grand d&rsquo;Europe","datePublished":"2025-07-10T07:00:36+00:00","mainEntityOfPage":{"@id":"https:\/\/dicodusport.fr\/blog\/transferts-nice-jonathan-clauss-courtise-par-un-grand-deurope\/"},"wordCount":483,"commentCount":0,"publisher":{"@id":"https:\/\/dicodusport.fr\/blog\/#organization"},"image":{"@id":"https:\/\/dicodusport.fr\/blog\/transferts-nice-jonathan-clauss-courtise-par-un-grand-deurope\/#primaryimage"},"thumbnailUrl":"https:\/\/dicodusport.fr\/blog\/wp-content\/uploads\/2025\/07\/Transferts-Nice-Jonathan-Clauss-courtise-par-un-grand-dEurope.png","keywords":["br\u00e8ve","Jonathan Clauss","Juventus Turin","Mercato football"],"articleSection":["Ligue 1"],"inLanguage":"fr-FR","potentialAction":[{"@type":"CommentAction","name":"Comment","target":["https:\/\/dicodusport.fr\/blog\/transferts-nice-jonathan-clauss-courtise-par-un-grand-deurope\/#respond"]}],"copyrightYear":"2025","copyrightHolder":{"@id":"https:\/\/dicodusport.fr\/blog\/#organization"}},{"@type":"WebPage","@id":"https:\/\/dicodusport.fr\/blog\/transferts-nice-jonathan-clauss-courtise-par-un-grand-deurope\/","url":"https:\/\/dicodusport.fr\/blog\/transferts-nice-jonathan-clauss-courtise-par-un-grand-deurope\/","name":"Transferts Nice : Jonathan Clauss courtis\u00e9 par un grand d'Europe","isPartOf":{"@id":"https:\/\/dicodusport.fr\/blog\/#website"},"primaryImageOfPage":{"@id":"https:\/\/dicodusport.fr\/blog\/transferts-nice-jonathan-clauss-courtise-par-un-grand-deurope\/#primaryimage"},"image":{"@id":"https:\/\/dicodusport.fr\/blog\/transferts-nice-jonathan-clauss-courtise-par-un-grand-deurope\/#primaryimage"},"thumbnailUrl":"https:\/\/dicodusport.fr\/blog\/wp-content\/uploads\/2025\/07\/Transferts-Nice-Jonathan-Clauss-courtise-par-un-grand-dEurope.png","datePublished":"2025-07-10T07:00:36+00:00","description":"TRANSFERTS FOOTBALL - Igor Tudor veut retrouver son ancien lat\u00e9ral droit. Le coach de la Juventus aimerait attirer Jonathan Clauss en Italie.","breadcrumb":{"@id":"https:\/\/dicodusport.fr\/blog\/transferts-nice-jonathan-clauss-courtise-par-un-grand-deurope\/#breadcrumb"},"inLanguage":"fr-FR","potentialAction":[{"@type":"ReadAction","target":["https:\/\/dicodusport.fr\/blog\/transferts-nice-jonathan-clauss-courtise-par-un-grand-deurope\/"]}]},{"@type":"ImageObject","inLanguage":"fr-FR","@id":"https:\/\/dicodusport.fr\/blog\/transferts-nice-jonathan-clauss-courtise-par-un-grand-deurope\/#primaryimage","url":"https:\/\/dicodusport.fr\/blog\/wp-content\/uploads\/2025\/07\/Transferts-Nice-Jonathan-Clauss-courtise-par-un-grand-dEurope.png","contentUrl":"https:\/\/dicodusport.fr\/blog\/wp-content\/uploads\/2025\/07\/Transferts-Nice-Jonathan-Clauss-courtise-par-un-grand-dEurope.png","width":1200,"height":674,"caption":"Transferts Nice Jonathan Clauss courtis\u00e9 par un grand d'Europe"},{"@type":"BreadcrumbList","@id":"https:\/\/dicodusport.fr\/blog\/transferts-nice-jonathan-clauss-courtise-par-un-grand-deurope\/#breadcrumb","itemListElement":[{"@type":"ListItem","position":1,"name":"Accueil","item":"https:\/\/dicodusport.fr\/blog\/"},{"@type":"ListItem","position":2,"name":"Transferts Nice : Jonathan Clauss courtis\u00e9 par un grand d&rsquo;Europe"}]},{"@type":"WebSite","@id":"https:\/\/dicodusport.fr\/blog\/#website","url":"https:\/\/dicodusport.fr\/blog\/","name":"Dicodusport","description":"L&#039;encyclop\u00e9die de l&#039;actualit\u00e9 sportive","publisher":{"@id":"https:\/\/dicodusport.fr\/blog\/#organization"},"potentialAction":[{"@type":"SearchAction","target":{"@type":"EntryPoint","urlTemplate":"https:\/\/dicodusport.fr\/blog\/?s={search_term_string}"},"query-input":{"@type":"PropertyValueSpecification","valueRequired":true,"valueName":"search_term_string"}}],"inLanguage":"fr-FR"},{"@type":"NewsMediaOrganization","@id":"https:\/\/dicodusport.fr\/blog\/#organization","name":"Dicodusport","url":"https:\/\/dicodusport.fr\/blog\/","logo":{"@type":"ImageObject","inLanguage":"fr-FR","@id":"https:\/\/dicodusport.fr\/blog\/#\/schema\/logo\/image\/","url":"https:\/\/dicodusport.fr\/blog\/wp-content\/uploads\/2020\/06\/cropped-LOGO-DICODUSPORT-2020-SANS-FOND-SANS-TEXTE.png","contentUrl":"https:\/\/dicodusport.fr\/blog\/wp-content\/uploads\/2020\/06\/cropped-LOGO-DICODUSPORT-2020-SANS-FOND-SANS-TEXTE.png","width":512,"height":512,"caption":"Dicodusport"},"image":{"@id":"https:\/\/dicodusport.fr\/blog\/#\/schema\/logo\/image\/"},"sameAs":["https:\/\/www.facebook.com\/dicodusport","https:\/\/x.com\/dicodusport","https:\/\/www.instagram.com\/dicodusport\/","https:\/\/www.youtube.com\/channel\/UC7V2KZ5sd3htJivAbA4ZG3w"],"description":"Dicodusport est l'encyclop\u00e9die de l'actualit\u00e9 sportive.","email":"bonjour@dicodusport.fr","legalName":"DICODUSPORT","foundingDate":"2018-01-14","vatID":"FR71834470973","taxID":"83447097300043","numberOfEmployees":{"@type":"QuantitativeValue","minValue":"1","maxValue":"10"}},{"@type":"Person","@id":"https:\/\/dicodusport.fr\/blog\/#\/schema\/person\/1eaa63dfac40b5e5c47f03a71920c1cd","name":"Paul Lalevee","image":{"@type":"ImageObject","inLanguage":"fr-FR","@id":"https:\/\/dicodusport.fr\/blog\/#\/schema\/person\/image\/","url":"https:\/\/dicodusport.fr\/blog\/wp-content\/uploads\/2023\/10\/291154246_1690604071293245_3118259335115946499_n-150x150.jpg","contentUrl":"https:\/\/dicodusport.fr\/blog\/wp-content\/uploads\/2023\/10\/291154246_1690604071293245_3118259335115946499_n-150x150.jpg","caption":"Paul Lalevee"},"description":"La bulle Disney pendant le Covid, le Tour 2019, la Coupe du monde 2018. Ces trois \u00e9v\u00e9nements majeurs sont ancr\u00e9s dans ma t\u00eate de fan de sport, n\u00e9gativement ou positivement. Passionn\u00e9 de sport depuis l'enfance, j'ai d\u00e9cid\u00e9 de mettre ma passion de l'\u00e9criture au service de cette premi\u00e8re passion.","url":"https:\/\/dicodusport.fr\/blog\/author\/paul-lalevee\/"}]}},"_links":{"self":[{"href":"https:\/\/dicodusport.fr\/blog\/wp-json\/wp\/v2\/posts\/593956","targetHints":{"allow":["GET"]}}],"collection":[{"href":"https:\/\/dicodusport.fr\/blog\/wp-json\/wp\/v2\/posts"}],"about":[{"href":"https:\/\/dicodusport.fr\/blog\/wp-json\/wp\/v2\/types\/post"}],"author":[{"embeddable":true,"href":"https:\/\/dicodusport.fr\/blog\/wp-json\/wp\/v2\/users\/88"}],"replies":[{"embeddable":true,"href":"https:\/\/dicodusport.fr\/blog\/wp-json\/wp\/v2\/comments?post=593956"}],"version-history":[{"count":4,"href":"https:\/\/dicodusport.fr\/blog\/wp-json\/wp\/v2\/posts\/593956\/revisions"}],"predecessor-version":[{"id":593964,"href":"https:\/\/dicodusport.fr\/blog\/wp-json\/wp\/v2\/posts\/593956\/revisions\/593964"}],"wp:featuredmedia":[{"embeddable":true,"href":"https:\/\/dicodusport.fr\/blog\/wp-json\/wp\/v2\/media\/593962"}],"wp:attachment":[{"href":"https:\/\/dicodusport.fr\/blog\/wp-json\/wp\/v2\/media?parent=593956"}],"wp:term":[{"taxonomy":"category","embeddable":true,"href":"https:\/\/dicodusport.fr\/blog\/wp-json\/wp\/v2\/categories?post=593956"},{"taxonomy":"post_tag","embeddable":true,"href":"https:\/\/dicodusport.fr\/blog\/wp-json\/wp\/v2\/tags?post=593956"}],"curies":[{"name":"wp","href":"https:\/\/api.w.org\/{rel}","templated":true}]}}