{"id":593959,"date":"2025-07-10T09:28:23","date_gmt":"2025-07-10T07:28:23","guid":{"rendered":"https:\/\/dicodusport.fr\/blog\/?p=593959&#038;preview=true&#038;preview_id=593959"},"modified":"2025-07-10T09:28:23","modified_gmt":"2025-07-10T07:28:23","slug":"pentathlon-moderne-karl-furderer-et-diego-lavillat-en-bronze-sur-le-relais-juniors-aux-mondiaux","status":"publish","type":"post","link":"https:\/\/dicodusport.fr\/blog\/pentathlon-moderne-karl-furderer-et-diego-lavillat-en-bronze-sur-le-relais-juniors-aux-mondiaux\/","title":{"rendered":"Pentathlon moderne : Karl Furderer et Diego Lavillat en bronze sur le relais juniors aux Mondiaux"},"content":{"rendered":"<p style=\"text-align: justify;\"><strong><em>CHAMPIONNATS DU MONDE DE RELAIS DE PENTATHLON MODERNE 2025 &#8211; Deuxi\u00e8me m\u00e9daille pour la d\u00e9l\u00e9gation fran\u00e7aise gr\u00e2ce \u00e0 Karl Furderer et Diego Lavillat.<\/em><\/strong><\/p>\n<p style=\"text-align: justify;\">Mardi, <strong>Mathis Rochat<\/strong> et <strong>L\u00e9o Bories<\/strong> avaient inaugur\u00e9 ces premiers championnats du monde de relais en marge des autres \u00e9preuves par un titre sur l&rsquo;\u00e9preuve masculine \u00e9lite. Une belle performance pour l&rsquo;\u00e9quipe de France qui s&rsquo;est d\u00e9plac\u00e9e en \u00c9gypte en faible nombre. N\u00e9anmoins, chaque paire engag\u00e9e pouvait viser une m\u00e9daille, ce qui \u00e9tait le cas dans l&rsquo;\u00e9preuve juniors.<\/p>\n<div class=\"vlp-link-container vlp-layout-article\"><a href=\"https:\/\/dicodusport.fr\/blog\/pentathlon-moderne-leo-bories-et-mathis-rochat-champions-du-monde-du-relais\/\" class=\"vlp-link\" title=\"Pentathlon moderne : L\u00e9o Bories et Mathis Rochat champions du monde du relais !\"><\/a><div class=\"vlp-layout-zone-side\"><div class=\"vlp-block-4 vlp-link-image\"><img loading=\"lazy\" decoding=\"async\" style=\"max-width: 792px;\" width=\"792\" height=\"445\" src=\"https:\/\/dicodusport.fr\/blog\/wp-content\/uploads\/2025\/07\/Pentathlon-moderne-Leo-Bories-et-Mathis-Rochat-champions-du-monde-du-relais-1-1.png\" class=\"attachment-800x445 size-800x445\" alt=\"Pentathlon moderne L\u00e9o Bories et Mathis Rochat champions du monde du relais !\" srcset=\"https:\/\/dicodusport.fr\/blog\/wp-content\/uploads\/2025\/07\/Pentathlon-moderne-Leo-Bories-et-Mathis-Rochat-champions-du-monde-du-relais-1-1.png 1200w, https:\/\/dicodusport.fr\/blog\/wp-content\/uploads\/2025\/07\/Pentathlon-moderne-Leo-Bories-et-Mathis-Rochat-champions-du-monde-du-relais-1-1-300x169.png 300w, https:\/\/dicodusport.fr\/blog\/wp-content\/uploads\/2025\/07\/Pentathlon-moderne-Leo-Bories-et-Mathis-Rochat-champions-du-monde-du-relais-1-1-1024x575.png 1024w, https:\/\/dicodusport.fr\/blog\/wp-content\/uploads\/2025\/07\/Pentathlon-moderne-Leo-Bories-et-Mathis-Rochat-champions-du-monde-du-relais-1-1-768x431.png 768w\" sizes=\"auto, (max-width: 792px) 100vw, 792px\" \/><\/div><\/div><div class=\"vlp-layout-zone-main\"><div class=\"vlp-block-0 vlp-link-title\">Pentathlon moderne : L\u00e9o Bories et Mathis Rochat champions du monde du relais !<\/div><div class=\"vlp-block-1 vlp-link-summary\">CHAMPIONNATS DU MONDE DE RELAIS DE PENTATHLON MODERNE 2025 - Les courses s\u00e9niors ont vu L\u00e9o Bories et Mathis Rochat rafler la mise apr\u00e8s une belle course.<\/div><div class=\"vlp-block-2 vlp-link-button\">Lire l'article<\/div><div class=\"vlp-block-3 vlp-link-url\">dicodusport.fr<\/div><\/div><\/div>\n<h2 style=\"text-align: justify;\">La confirmation<\/h2>\n<p style=\"text-align: justify;\">Au d\u00e9part,<strong> Karl Furderer<\/strong> et <strong>Diego Lavillat<\/strong>, soit tout simplement <a href=\"https:\/\/dicodusport.fr\/blog\/championnats-deurope-u22-de-pentathlon-moderne-les-bleus-decrochent-trois-medailles-a-drzonkow\/\">les champions d&rsquo;Europe en titre de la sp\u00e9cialit\u00e9<\/a>. La chance de m\u00e9daille \u00e9tait certes facilit\u00e9e par une finale \u00e0 six duos engag\u00e9s, mais les Bleuets n&rsquo;ont jamais quitt\u00e9 la t\u00eate de la course. Apr\u00e8s la natation, qu&rsquo;ils ont remport\u00e9, ils \u00e9taient troisi\u00e8mes, et entendaient bien conserver cette position sur le Laser Run.<\/p>\n<p style=\"text-align: justify;\">Impressionnants, ils sont all\u00e9s chercher le meilleur temps de la derni\u00e8re \u00e9preuve, mais c&rsquo;\u00e9tait insuffisant pour rattraper le retard sur les paires russes et \u00e9gyptiennes.\u00a0 N\u00e9anmoins, cette m\u00e9daille de bronze conforte la place de la France parmi les nations phare du pentathlon moderne. <a href=\"https:\/\/dicodusport.fr\/blog\/pentathlon-moderne-deja-deux-medailles-pour-les-bleuets-aux-mondiaux-juniors\/\">En argent avec <strong>C\u00e9dric Chatelier<\/strong> l&rsquo;an dernier<\/a>, <strong>Diego Lavillat<\/strong> confirme lui aussi son grand talent dans l&rsquo;exercice, et cette deuxi\u00e8me m\u00e9daille fait que la comp\u00e9tition est d\u00e9j\u00e0 r\u00e9ussie pour la d\u00e9l\u00e9gation fran\u00e7aise.<br \/>\n<iframe loading=\"lazy\" style=\"border: none; overflow: hidden;\" src=\"https:\/\/www.facebook.com\/plugins\/post.php?href=https%3A%2F%2Fwww.facebook.com%2Fvga.pentathlon%2Fposts%2Fpfbid0pEFnwzvpjs3KdE7JTsKwun3HmCQnGRqKawZgMAtBAhqPQ8wFyJyD5Gm2ChoPgqgyl&amp;show_text=true&amp;width=500\" width=\"500\" height=\"705\" frameborder=\"0\" scrolling=\"no\" allowfullscreen=\"allowfullscreen\"><\/iframe><\/p>\n","protected":false},"excerpt":{"rendered":"<p>CHAMPIONNATS DU MONDE DE RELAIS DE PENTATHLON MODERNE 2025 &#8211; Deuxi\u00e8me m\u00e9daille pour la d\u00e9l\u00e9gation fran\u00e7aise gr\u00e2ce \u00e0 Karl Furderer et Diego Lavillat.<\/p>\n","protected":false},"author":59,"featured_media":593971,"comment_status":"open","ping_status":"closed","sticky":false,"template":"","format":"standard","meta":{"_acf_changed":false,"_daextam_enable_autolinks":"1","footnotes":""},"categories":[11850],"tags":[16878,47170],"class_list":["post-593959","post","type-post","status-publish","format-standard","has-post-thumbnail","hentry","category-pentathlon-moderne","tag-breve","tag-championnats-du-monde-de-pentathlon-moderne"],"acf":[],"yoast_head":"<!-- This site is optimized with the Yoast SEO Premium plugin v26.7 (Yoast SEO v26.7) - https:\/\/yoast.com\/wordpress\/plugins\/seo\/ -->\n<title>Pentathlon moderne : Karl Furderer et Diego Lavillat en bronze sur le relais juniors aux Mondiaux<\/title>\n<meta name=\"description\" content=\"CHAMPIONNATS DU MONDE DE RELAIS DE PENTATHLON MODERNE 2025 - Deuxi\u00e8me m\u00e9daille pour la d\u00e9l\u00e9gation fran\u00e7aise gr\u00e2ce \u00e0 Karl Furderer et Diego Lavillat.\" \/>\n<meta name=\"robots\" content=\"index, follow, max-snippet:-1, max-image-preview:large, max-video-preview:-1\" \/>\n<link rel=\"canonical\" href=\"https:\/\/dicodusport.fr\/blog\/pentathlon-moderne-karl-furderer-et-diego-lavillat-en-bronze-sur-le-relais-juniors-aux-mondiaux\/\" \/>\n<meta property=\"og:locale\" content=\"fr_FR\" \/>\n<meta property=\"og:type\" content=\"article\" \/>\n<meta property=\"og:title\" content=\"Pentathlon moderne : Karl Furderer et Diego Lavillat en bronze sur le relais juniors aux Mondiaux\" \/>\n<meta property=\"og:description\" content=\"CHAMPIONNATS DU MONDE DE RELAIS DE PENTATHLON MODERNE 2025 - Deuxi\u00e8me m\u00e9daille pour la d\u00e9l\u00e9gation fran\u00e7aise gr\u00e2ce \u00e0 Karl Furderer et Diego Lavillat.\" \/>\n<meta property=\"og:url\" content=\"https:\/\/dicodusport.fr\/blog\/pentathlon-moderne-karl-furderer-et-diego-lavillat-en-bronze-sur-le-relais-juniors-aux-mondiaux\/\" \/>\n<meta property=\"og:site_name\" content=\"Dicodusport\" \/>\n<meta property=\"article:publisher\" content=\"https:\/\/www.facebook.com\/dicodusport\" \/>\n<meta property=\"article:author\" content=\"https:\/\/www.facebook.com\/sebastien.gente\/\" \/>\n<meta property=\"article:published_time\" content=\"2025-07-10T07:28:23+00:00\" \/>\n<meta property=\"og:image\" content=\"https:\/\/dicodusport.fr\/blog\/wp-content\/uploads\/2025\/07\/Pentathlon-moderne-Karl-Furderer-et-Diego-Lavillat-en-bronze-sur-le-relais-juniors-aux-Mondiaux.png\" \/>\n\t<meta property=\"og:image:width\" content=\"1200\" \/>\n\t<meta property=\"og:image:height\" content=\"674\" \/>\n\t<meta property=\"og:image:type\" content=\"image\/png\" \/>\n<meta name=\"author\" content=\"S\u00e9bastien Gente\" \/>\n<meta name=\"twitter:card\" content=\"summary_large_image\" \/>\n<meta name=\"twitter:title\" content=\"Pentathlon moderne : Karl Furderer et Diego Lavillat en bronze sur le relais juniors aux Mondiaux\" \/>\n<meta name=\"twitter:creator\" content=\"@https:\/\/twitter.com\/globulo24\" \/>\n<meta name=\"twitter:site\" content=\"@dicodusport\" \/>\n<script type=\"application\/ld+json\" class=\"yoast-schema-graph\">{\"@context\":\"https:\/\/schema.org\",\"@graph\":[{\"@type\":\"NewsArticle\",\"@id\":\"https:\/\/dicodusport.fr\/blog\/pentathlon-moderne-karl-furderer-et-diego-lavillat-en-bronze-sur-le-relais-juniors-aux-mondiaux\/#article\",\"isPartOf\":{\"@id\":\"https:\/\/dicodusport.fr\/blog\/pentathlon-moderne-karl-furderer-et-diego-lavillat-en-bronze-sur-le-relais-juniors-aux-mondiaux\/\"},\"author\":{\"name\":\"S\u00e9bastien Gente\",\"@id\":\"https:\/\/dicodusport.fr\/blog\/#\/schema\/person\/627966a6cde45dbd8c5e36ac85d783da\"},\"headline\":\"Pentathlon moderne : Karl Furderer et Diego Lavillat en bronze sur le relais juniors aux Mondiaux\",\"datePublished\":\"2025-07-10T07:28:23+00:00\",\"mainEntityOfPage\":{\"@id\":\"https:\/\/dicodusport.fr\/blog\/pentathlon-moderne-karl-furderer-et-diego-lavillat-en-bronze-sur-le-relais-juniors-aux-mondiaux\/\"},\"wordCount\":372,\"commentCount\":0,\"publisher\":{\"@id\":\"https:\/\/dicodusport.fr\/blog\/#organization\"},\"image\":{\"@id\":\"https:\/\/dicodusport.fr\/blog\/pentathlon-moderne-karl-furderer-et-diego-lavillat-en-bronze-sur-le-relais-juniors-aux-mondiaux\/#primaryimage\"},\"thumbnailUrl\":\"https:\/\/dicodusport.fr\/blog\/wp-content\/uploads\/2025\/07\/Pentathlon-moderne-Karl-Furderer-et-Diego-Lavillat-en-bronze-sur-le-relais-juniors-aux-Mondiaux.png\",\"keywords\":[\"br\u00e8ve\",\"Championnats du monde de pentathlon moderne\"],\"articleSection\":[\"Pentathlon moderne\"],\"inLanguage\":\"fr-FR\",\"potentialAction\":[{\"@type\":\"CommentAction\",\"name\":\"Comment\",\"target\":[\"https:\/\/dicodusport.fr\/blog\/pentathlon-moderne-karl-furderer-et-diego-lavillat-en-bronze-sur-le-relais-juniors-aux-mondiaux\/#respond\"]}],\"copyrightYear\":\"2025\",\"copyrightHolder\":{\"@id\":\"https:\/\/dicodusport.fr\/blog\/#organization\"}},{\"@type\":\"WebPage\",\"@id\":\"https:\/\/dicodusport.fr\/blog\/pentathlon-moderne-karl-furderer-et-diego-lavillat-en-bronze-sur-le-relais-juniors-aux-mondiaux\/\",\"url\":\"https:\/\/dicodusport.fr\/blog\/pentathlon-moderne-karl-furderer-et-diego-lavillat-en-bronze-sur-le-relais-juniors-aux-mondiaux\/\",\"name\":\"Pentathlon moderne : Karl Furderer et Diego Lavillat en bronze sur le relais juniors aux Mondiaux\",\"isPartOf\":{\"@id\":\"https:\/\/dicodusport.fr\/blog\/#website\"},\"primaryImageOfPage\":{\"@id\":\"https:\/\/dicodusport.fr\/blog\/pentathlon-moderne-karl-furderer-et-diego-lavillat-en-bronze-sur-le-relais-juniors-aux-mondiaux\/#primaryimage\"},\"image\":{\"@id\":\"https:\/\/dicodusport.fr\/blog\/pentathlon-moderne-karl-furderer-et-diego-lavillat-en-bronze-sur-le-relais-juniors-aux-mondiaux\/#primaryimage\"},\"thumbnailUrl\":\"https:\/\/dicodusport.fr\/blog\/wp-content\/uploads\/2025\/07\/Pentathlon-moderne-Karl-Furderer-et-Diego-Lavillat-en-bronze-sur-le-relais-juniors-aux-Mondiaux.png\",\"datePublished\":\"2025-07-10T07:28:23+00:00\",\"description\":\"CHAMPIONNATS DU MONDE DE RELAIS DE PENTATHLON MODERNE 2025 - Deuxi\u00e8me m\u00e9daille pour la d\u00e9l\u00e9gation fran\u00e7aise gr\u00e2ce \u00e0 Karl Furderer et Diego Lavillat.\",\"breadcrumb\":{\"@id\":\"https:\/\/dicodusport.fr\/blog\/pentathlon-moderne-karl-furderer-et-diego-lavillat-en-bronze-sur-le-relais-juniors-aux-mondiaux\/#breadcrumb\"},\"inLanguage\":\"fr-FR\",\"potentialAction\":[{\"@type\":\"ReadAction\",\"target\":[\"https:\/\/dicodusport.fr\/blog\/pentathlon-moderne-karl-furderer-et-diego-lavillat-en-bronze-sur-le-relais-juniors-aux-mondiaux\/\"]}]},{\"@type\":\"ImageObject\",\"inLanguage\":\"fr-FR\",\"@id\":\"https:\/\/dicodusport.fr\/blog\/pentathlon-moderne-karl-furderer-et-diego-lavillat-en-bronze-sur-le-relais-juniors-aux-mondiaux\/#primaryimage\",\"url\":\"https:\/\/dicodusport.fr\/blog\/wp-content\/uploads\/2025\/07\/Pentathlon-moderne-Karl-Furderer-et-Diego-Lavillat-en-bronze-sur-le-relais-juniors-aux-Mondiaux.png\",\"contentUrl\":\"https:\/\/dicodusport.fr\/blog\/wp-content\/uploads\/2025\/07\/Pentathlon-moderne-Karl-Furderer-et-Diego-Lavillat-en-bronze-sur-le-relais-juniors-aux-Mondiaux.png\",\"width\":1200,\"height\":674,\"caption\":\"Pentathlon moderne Karl Furderer et Diego Lavillat en bronze sur le relais juniors aux Mondiaux\"},{\"@type\":\"BreadcrumbList\",\"@id\":\"https:\/\/dicodusport.fr\/blog\/pentathlon-moderne-karl-furderer-et-diego-lavillat-en-bronze-sur-le-relais-juniors-aux-mondiaux\/#breadcrumb\",\"itemListElement\":[{\"@type\":\"ListItem\",\"position\":1,\"name\":\"Accueil\",\"item\":\"https:\/\/dicodusport.fr\/blog\/\"},{\"@type\":\"ListItem\",\"position\":2,\"name\":\"Pentathlon moderne : Karl Furderer et Diego Lavillat en bronze sur le relais juniors aux Mondiaux\"}]},{\"@type\":\"WebSite\",\"@id\":\"https:\/\/dicodusport.fr\/blog\/#website\",\"url\":\"https:\/\/dicodusport.fr\/blog\/\",\"name\":\"Dicodusport\",\"description\":\"L&#039;encyclop\u00e9die de l&#039;actualit\u00e9 sportive\",\"publisher\":{\"@id\":\"https:\/\/dicodusport.fr\/blog\/#organization\"},\"potentialAction\":[{\"@type\":\"SearchAction\",\"target\":{\"@type\":\"EntryPoint\",\"urlTemplate\":\"https:\/\/dicodusport.fr\/blog\/?s={search_term_string}\"},\"query-input\":{\"@type\":\"PropertyValueSpecification\",\"valueRequired\":true,\"valueName\":\"search_term_string\"}}],\"inLanguage\":\"fr-FR\"},{\"@type\":\"NewsMediaOrganization\",\"@id\":\"https:\/\/dicodusport.fr\/blog\/#organization\",\"name\":\"Dicodusport\",\"url\":\"https:\/\/dicodusport.fr\/blog\/\",\"logo\":{\"@type\":\"ImageObject\",\"inLanguage\":\"fr-FR\",\"@id\":\"https:\/\/dicodusport.fr\/blog\/#\/schema\/logo\/image\/\",\"url\":\"https:\/\/dicodusport.fr\/blog\/wp-content\/uploads\/2020\/06\/cropped-LOGO-DICODUSPORT-2020-SANS-FOND-SANS-TEXTE.png\",\"contentUrl\":\"https:\/\/dicodusport.fr\/blog\/wp-content\/uploads\/2020\/06\/cropped-LOGO-DICODUSPORT-2020-SANS-FOND-SANS-TEXTE.png\",\"width\":512,\"height\":512,\"caption\":\"Dicodusport\"},\"image\":{\"@id\":\"https:\/\/dicodusport.fr\/blog\/#\/schema\/logo\/image\/\"},\"sameAs\":[\"https:\/\/www.facebook.com\/dicodusport\",\"https:\/\/x.com\/dicodusport\",\"https:\/\/www.instagram.com\/dicodusport\/\",\"https:\/\/www.youtube.com\/channel\/UC7V2KZ5sd3htJivAbA4ZG3w\"],\"description\":\"Dicodusport est l'encyclop\u00e9die de l'actualit\u00e9 sportive.\",\"email\":\"bonjour@dicodusport.fr\",\"legalName\":\"DICODUSPORT\",\"foundingDate\":\"2018-01-14\",\"vatID\":\"FR71834470973\",\"taxID\":\"83447097300043\",\"numberOfEmployees\":{\"@type\":\"QuantitativeValue\",\"minValue\":\"1\",\"maxValue\":\"10\"}},{\"@type\":\"Person\",\"@id\":\"https:\/\/dicodusport.fr\/blog\/#\/schema\/person\/627966a6cde45dbd8c5e36ac85d783da\",\"name\":\"S\u00e9bastien Gente\",\"image\":{\"@type\":\"ImageObject\",\"inLanguage\":\"fr-FR\",\"@id\":\"https:\/\/dicodusport.fr\/blog\/#\/schema\/person\/image\/\",\"url\":\"https:\/\/dicodusport.fr\/blog\/wp-content\/uploads\/2021\/09\/1510990_10205810251400683_4124423575079401707_n-150x150.jpg\",\"contentUrl\":\"https:\/\/dicodusport.fr\/blog\/wp-content\/uploads\/2021\/09\/1510990_10205810251400683_4124423575079401707_n-150x150.jpg\",\"caption\":\"S\u00e9bastien Gente\"},\"description\":\"John Stockton, Gianni Bugno, Zinedine Zidane, Steffi Graf, Frode Andresen, St\u00e9phane Stoecklin, Davis Kamoga, Primoz Peterka, Werner Schlager et Aur\u00e9lien Rougerie. Point commun entre ces sportifs? Ils m'ont fait r\u00eaver et ont berc\u00e9 mon adolescence. Je suis un fondu de sports et j'essaie de retranscrire ma passion \u00e0 travers mes articles. Originaire du P\u00e9rigord, ma passion pour les Girondins, les Jaunards et les Jazzmen transpire dans mes \u00e9crits. \u00c0 Dicodusport depuis 2021, je d\u00e9niche les sports m\u00e9connus dans lesquels la France brille, et il y en a !\",\"sameAs\":[\"https:\/\/www.facebook.com\/sebastien.gente\/\",\"https:\/\/www.instagram.com\/sebgente\/\",\"https:\/\/www.linkedin.com\/in\/sbastien-gente-a29583169\/\",\"https:\/\/x.com\/https:\/\/twitter.com\/globulo24\",\"SebastienGente\"],\"worksFor\":\"S\u00e9bastien GENTE\",\"url\":\"https:\/\/dicodusport.fr\/blog\/author\/sebastiengente\/\"}]}<\/script>\n<!-- \/ Yoast SEO Premium plugin. -->","yoast_head_json":{"title":"Pentathlon moderne : Karl Furderer et Diego Lavillat en bronze sur le relais juniors aux Mondiaux","description":"CHAMPIONNATS DU MONDE DE RELAIS DE PENTATHLON MODERNE 2025 - Deuxi\u00e8me m\u00e9daille pour la d\u00e9l\u00e9gation fran\u00e7aise gr\u00e2ce \u00e0 Karl Furderer et Diego Lavillat.","robots":{"index":"index","follow":"follow","max-snippet":"max-snippet:-1","max-image-preview":"max-image-preview:large","max-video-preview":"max-video-preview:-1"},"canonical":"https:\/\/dicodusport.fr\/blog\/pentathlon-moderne-karl-furderer-et-diego-lavillat-en-bronze-sur-le-relais-juniors-aux-mondiaux\/","og_locale":"fr_FR","og_type":"article","og_title":"Pentathlon moderne : Karl Furderer et Diego Lavillat en bronze sur le relais juniors aux Mondiaux","og_description":"CHAMPIONNATS DU MONDE DE RELAIS DE PENTATHLON MODERNE 2025 - Deuxi\u00e8me m\u00e9daille pour la d\u00e9l\u00e9gation fran\u00e7aise gr\u00e2ce \u00e0 Karl Furderer et Diego Lavillat.","og_url":"https:\/\/dicodusport.fr\/blog\/pentathlon-moderne-karl-furderer-et-diego-lavillat-en-bronze-sur-le-relais-juniors-aux-mondiaux\/","og_site_name":"Dicodusport","article_publisher":"https:\/\/www.facebook.com\/dicodusport","article_author":"https:\/\/www.facebook.com\/sebastien.gente\/","article_published_time":"2025-07-10T07:28:23+00:00","og_image":[{"width":1200,"height":674,"url":"https:\/\/dicodusport.fr\/blog\/wp-content\/uploads\/2025\/07\/Pentathlon-moderne-Karl-Furderer-et-Diego-Lavillat-en-bronze-sur-le-relais-juniors-aux-Mondiaux.png","type":"image\/png"}],"author":"S\u00e9bastien Gente","twitter_card":"summary_large_image","twitter_title":"Pentathlon moderne : Karl Furderer et Diego Lavillat en bronze sur le relais juniors aux Mondiaux","twitter_creator":"@https:\/\/twitter.com\/globulo24","twitter_site":"@dicodusport","schema":{"@context":"https:\/\/schema.org","@graph":[{"@type":"NewsArticle","@id":"https:\/\/dicodusport.fr\/blog\/pentathlon-moderne-karl-furderer-et-diego-lavillat-en-bronze-sur-le-relais-juniors-aux-mondiaux\/#article","isPartOf":{"@id":"https:\/\/dicodusport.fr\/blog\/pentathlon-moderne-karl-furderer-et-diego-lavillat-en-bronze-sur-le-relais-juniors-aux-mondiaux\/"},"author":{"name":"S\u00e9bastien Gente","@id":"https:\/\/dicodusport.fr\/blog\/#\/schema\/person\/627966a6cde45dbd8c5e36ac85d783da"},"headline":"Pentathlon moderne : Karl Furderer et Diego Lavillat en bronze sur le relais juniors aux Mondiaux","datePublished":"2025-07-10T07:28:23+00:00","mainEntityOfPage":{"@id":"https:\/\/dicodusport.fr\/blog\/pentathlon-moderne-karl-furderer-et-diego-lavillat-en-bronze-sur-le-relais-juniors-aux-mondiaux\/"},"wordCount":372,"commentCount":0,"publisher":{"@id":"https:\/\/dicodusport.fr\/blog\/#organization"},"image":{"@id":"https:\/\/dicodusport.fr\/blog\/pentathlon-moderne-karl-furderer-et-diego-lavillat-en-bronze-sur-le-relais-juniors-aux-mondiaux\/#primaryimage"},"thumbnailUrl":"https:\/\/dicodusport.fr\/blog\/wp-content\/uploads\/2025\/07\/Pentathlon-moderne-Karl-Furderer-et-Diego-Lavillat-en-bronze-sur-le-relais-juniors-aux-Mondiaux.png","keywords":["br\u00e8ve","Championnats du monde de pentathlon moderne"],"articleSection":["Pentathlon moderne"],"inLanguage":"fr-FR","potentialAction":[{"@type":"CommentAction","name":"Comment","target":["https:\/\/dicodusport.fr\/blog\/pentathlon-moderne-karl-furderer-et-diego-lavillat-en-bronze-sur-le-relais-juniors-aux-mondiaux\/#respond"]}],"copyrightYear":"2025","copyrightHolder":{"@id":"https:\/\/dicodusport.fr\/blog\/#organization"}},{"@type":"WebPage","@id":"https:\/\/dicodusport.fr\/blog\/pentathlon-moderne-karl-furderer-et-diego-lavillat-en-bronze-sur-le-relais-juniors-aux-mondiaux\/","url":"https:\/\/dicodusport.fr\/blog\/pentathlon-moderne-karl-furderer-et-diego-lavillat-en-bronze-sur-le-relais-juniors-aux-mondiaux\/","name":"Pentathlon moderne : Karl Furderer et Diego Lavillat en bronze sur le relais juniors aux Mondiaux","isPartOf":{"@id":"https:\/\/dicodusport.fr\/blog\/#website"},"primaryImageOfPage":{"@id":"https:\/\/dicodusport.fr\/blog\/pentathlon-moderne-karl-furderer-et-diego-lavillat-en-bronze-sur-le-relais-juniors-aux-mondiaux\/#primaryimage"},"image":{"@id":"https:\/\/dicodusport.fr\/blog\/pentathlon-moderne-karl-furderer-et-diego-lavillat-en-bronze-sur-le-relais-juniors-aux-mondiaux\/#primaryimage"},"thumbnailUrl":"https:\/\/dicodusport.fr\/blog\/wp-content\/uploads\/2025\/07\/Pentathlon-moderne-Karl-Furderer-et-Diego-Lavillat-en-bronze-sur-le-relais-juniors-aux-Mondiaux.png","datePublished":"2025-07-10T07:28:23+00:00","description":"CHAMPIONNATS DU MONDE DE RELAIS DE PENTATHLON MODERNE 2025 - Deuxi\u00e8me m\u00e9daille pour la d\u00e9l\u00e9gation fran\u00e7aise gr\u00e2ce \u00e0 Karl Furderer et Diego Lavillat.","breadcrumb":{"@id":"https:\/\/dicodusport.fr\/blog\/pentathlon-moderne-karl-furderer-et-diego-lavillat-en-bronze-sur-le-relais-juniors-aux-mondiaux\/#breadcrumb"},"inLanguage":"fr-FR","potentialAction":[{"@type":"ReadAction","target":["https:\/\/dicodusport.fr\/blog\/pentathlon-moderne-karl-furderer-et-diego-lavillat-en-bronze-sur-le-relais-juniors-aux-mondiaux\/"]}]},{"@type":"ImageObject","inLanguage":"fr-FR","@id":"https:\/\/dicodusport.fr\/blog\/pentathlon-moderne-karl-furderer-et-diego-lavillat-en-bronze-sur-le-relais-juniors-aux-mondiaux\/#primaryimage","url":"https:\/\/dicodusport.fr\/blog\/wp-content\/uploads\/2025\/07\/Pentathlon-moderne-Karl-Furderer-et-Diego-Lavillat-en-bronze-sur-le-relais-juniors-aux-Mondiaux.png","contentUrl":"https:\/\/dicodusport.fr\/blog\/wp-content\/uploads\/2025\/07\/Pentathlon-moderne-Karl-Furderer-et-Diego-Lavillat-en-bronze-sur-le-relais-juniors-aux-Mondiaux.png","width":1200,"height":674,"caption":"Pentathlon moderne Karl Furderer et Diego Lavillat en bronze sur le relais juniors aux Mondiaux"},{"@type":"BreadcrumbList","@id":"https:\/\/dicodusport.fr\/blog\/pentathlon-moderne-karl-furderer-et-diego-lavillat-en-bronze-sur-le-relais-juniors-aux-mondiaux\/#breadcrumb","itemListElement":[{"@type":"ListItem","position":1,"name":"Accueil","item":"https:\/\/dicodusport.fr\/blog\/"},{"@type":"ListItem","position":2,"name":"Pentathlon moderne : Karl Furderer et Diego Lavillat en bronze sur le relais juniors aux Mondiaux"}]},{"@type":"WebSite","@id":"https:\/\/dicodusport.fr\/blog\/#website","url":"https:\/\/dicodusport.fr\/blog\/","name":"Dicodusport","description":"L&#039;encyclop\u00e9die de l&#039;actualit\u00e9 sportive","publisher":{"@id":"https:\/\/dicodusport.fr\/blog\/#organization"},"potentialAction":[{"@type":"SearchAction","target":{"@type":"EntryPoint","urlTemplate":"https:\/\/dicodusport.fr\/blog\/?s={search_term_string}"},"query-input":{"@type":"PropertyValueSpecification","valueRequired":true,"valueName":"search_term_string"}}],"inLanguage":"fr-FR"},{"@type":"NewsMediaOrganization","@id":"https:\/\/dicodusport.fr\/blog\/#organization","name":"Dicodusport","url":"https:\/\/dicodusport.fr\/blog\/","logo":{"@type":"ImageObject","inLanguage":"fr-FR","@id":"https:\/\/dicodusport.fr\/blog\/#\/schema\/logo\/image\/","url":"https:\/\/dicodusport.fr\/blog\/wp-content\/uploads\/2020\/06\/cropped-LOGO-DICODUSPORT-2020-SANS-FOND-SANS-TEXTE.png","contentUrl":"https:\/\/dicodusport.fr\/blog\/wp-content\/uploads\/2020\/06\/cropped-LOGO-DICODUSPORT-2020-SANS-FOND-SANS-TEXTE.png","width":512,"height":512,"caption":"Dicodusport"},"image":{"@id":"https:\/\/dicodusport.fr\/blog\/#\/schema\/logo\/image\/"},"sameAs":["https:\/\/www.facebook.com\/dicodusport","https:\/\/x.com\/dicodusport","https:\/\/www.instagram.com\/dicodusport\/","https:\/\/www.youtube.com\/channel\/UC7V2KZ5sd3htJivAbA4ZG3w"],"description":"Dicodusport est l'encyclop\u00e9die de l'actualit\u00e9 sportive.","email":"bonjour@dicodusport.fr","legalName":"DICODUSPORT","foundingDate":"2018-01-14","vatID":"FR71834470973","taxID":"83447097300043","numberOfEmployees":{"@type":"QuantitativeValue","minValue":"1","maxValue":"10"}},{"@type":"Person","@id":"https:\/\/dicodusport.fr\/blog\/#\/schema\/person\/627966a6cde45dbd8c5e36ac85d783da","name":"S\u00e9bastien Gente","image":{"@type":"ImageObject","inLanguage":"fr-FR","@id":"https:\/\/dicodusport.fr\/blog\/#\/schema\/person\/image\/","url":"https:\/\/dicodusport.fr\/blog\/wp-content\/uploads\/2021\/09\/1510990_10205810251400683_4124423575079401707_n-150x150.jpg","contentUrl":"https:\/\/dicodusport.fr\/blog\/wp-content\/uploads\/2021\/09\/1510990_10205810251400683_4124423575079401707_n-150x150.jpg","caption":"S\u00e9bastien Gente"},"description":"John Stockton, Gianni Bugno, Zinedine Zidane, Steffi Graf, Frode Andresen, St\u00e9phane Stoecklin, Davis Kamoga, Primoz Peterka, Werner Schlager et Aur\u00e9lien Rougerie. Point commun entre ces sportifs? Ils m'ont fait r\u00eaver et ont berc\u00e9 mon adolescence. Je suis un fondu de sports et j'essaie de retranscrire ma passion \u00e0 travers mes articles. Originaire du P\u00e9rigord, ma passion pour les Girondins, les Jaunards et les Jazzmen transpire dans mes \u00e9crits. \u00c0 Dicodusport depuis 2021, je d\u00e9niche les sports m\u00e9connus dans lesquels la France brille, et il y en a !","sameAs":["https:\/\/www.facebook.com\/sebastien.gente\/","https:\/\/www.instagram.com\/sebgente\/","https:\/\/www.linkedin.com\/in\/sbastien-gente-a29583169\/","https:\/\/x.com\/https:\/\/twitter.com\/globulo24","SebastienGente"],"worksFor":"S\u00e9bastien GENTE","url":"https:\/\/dicodusport.fr\/blog\/author\/sebastiengente\/"}]}},"_links":{"self":[{"href":"https:\/\/dicodusport.fr\/blog\/wp-json\/wp\/v2\/posts\/593959","targetHints":{"allow":["GET"]}}],"collection":[{"href":"https:\/\/dicodusport.fr\/blog\/wp-json\/wp\/v2\/posts"}],"about":[{"href":"https:\/\/dicodusport.fr\/blog\/wp-json\/wp\/v2\/types\/post"}],"author":[{"embeddable":true,"href":"https:\/\/dicodusport.fr\/blog\/wp-json\/wp\/v2\/users\/59"}],"replies":[{"embeddable":true,"href":"https:\/\/dicodusport.fr\/blog\/wp-json\/wp\/v2\/comments?post=593959"}],"version-history":[{"count":1,"href":"https:\/\/dicodusport.fr\/blog\/wp-json\/wp\/v2\/posts\/593959\/revisions"}],"predecessor-version":[{"id":593972,"href":"https:\/\/dicodusport.fr\/blog\/wp-json\/wp\/v2\/posts\/593959\/revisions\/593972"}],"wp:featuredmedia":[{"embeddable":true,"href":"https:\/\/dicodusport.fr\/blog\/wp-json\/wp\/v2\/media\/593971"}],"wp:attachment":[{"href":"https:\/\/dicodusport.fr\/blog\/wp-json\/wp\/v2\/media?parent=593959"}],"wp:term":[{"taxonomy":"category","embeddable":true,"href":"https:\/\/dicodusport.fr\/blog\/wp-json\/wp\/v2\/categories?post=593959"},{"taxonomy":"post_tag","embeddable":true,"href":"https:\/\/dicodusport.fr\/blog\/wp-json\/wp\/v2\/tags?post=593959"}],"curies":[{"name":"wp","href":"https:\/\/api.w.org\/{rel}","templated":true}]}}