{"id":593984,"date":"2025-07-10T11:56:56","date_gmt":"2025-07-10T09:56:56","guid":{"rendered":"https:\/\/dicodusport.fr\/blog\/?p=593984&#038;preview=true&#038;preview_id=593984"},"modified":"2025-07-10T13:23:04","modified_gmt":"2025-07-10T11:23:04","slug":"calendrier-pro-d2-2025-2026-toutes-les-dates-et-affiches-a-retenir","status":"publish","type":"post","link":"https:\/\/dicodusport.fr\/blog\/calendrier-pro-d2-2025-2026-toutes-les-dates-et-affiches-a-retenir\/","title":{"rendered":"Calendrier Pro D2 2025-2026 : toutes les dates et affiches \u00e0 retenir"},"content":{"rendered":"<p style=\"text-align: justify;\"><strong><em>PRO D2 2025-2026 &#8211; D\u00e9couvrez le calendrier de la Pro D2 pour la saison \u00e0 venir, avec quelques chocs d\u00e8s la premi\u00e8re journ\u00e9e.<\/em><\/strong><\/p>\n<ul style=\"text-align: justify;\">\n<li><strong>\u00c0 ce sujet &#8211; <a href=\"https:\/\/dicodusport.fr\/blog\/actualites\/rugby\/rugby-a-xv\/\">Toute l&rsquo;actualit\u00e9 du rugby<\/a><\/strong><\/li>\n<\/ul>\n<p style=\"text-align: justify;\">On connait le calendrier de la <strong>Pro D2<\/strong>. La Ligue Nationale de Rugby a d\u00e9voil\u00e9 ce jeudi matin le programme de la saison 2025-2025. La premi\u00e8re journ\u00e9e aura lieu le 28 et 29 ao\u00fbt prochain. Tandis que le match de cl\u00f4ture sera programm\u00e9 le 15 mai 2026. Une reprise aux m\u00eames dates que la saison pass\u00e9e et un peu plus tard que ce qu&rsquo;on voyait il y a quelques ann\u00e9es. La course aux phases finales et la lutte pour le maintien promettent d&rsquo;\u00eatre une nouvelle fois engag\u00e9es.<\/p>\n<h2 style=\"text-align: justify;\">Brive &#8211; Vannes d\u00e8s la premi\u00e8re journ\u00e9e<\/h2>\n<p style=\"text-align: justify;\">La journ\u00e9e d&rsquo;ouverture promet d&rsquo;\u00eatre tr\u00e8s savoureuse. Avec un choc entre <strong>Brive<\/strong> et <strong>Vannes<\/strong>. Le demi-finaliste malheureux et <a href=\"https:\/\/dicodusport.fr\/blog\/demi-finales-pro-d2-montauban-detonne-encore-et-elimine-brive-pour-passer-en-finale\/\">battu par le futur promu Montauban<\/a>, qui re\u00e7oit le rel\u00e9gu\u00e9 de Top 14, qui sera sans doute d\u00e9sireux de marquer son territoire d\u00e8s le premier match. Autre originalit\u00e9 de cette premi\u00e8re journ\u00e9e, le match entre <strong>Soyaux-Angoul\u00eame<\/strong> et <strong>Provence Rugby<\/strong>, soit la m\u00eame affiche d&rsquo;un des barrages, qui avait vu <a href=\"https:\/\/dicodusport.fr\/blog\/barrages-pro-d2-provence-rugby-elimine-sechement-le-sa-xv-et-rejoint-les-demi-finales\/\">les Proven\u00e7aux prendre le meilleur sur les Charentais (49-22)<\/a>. Autant dire que certains clubs vont vouloir frapper d&rsquo;entr\u00e9e. Le <strong>RC Vannes<\/strong> a un d\u00e9but de championnat d\u00e9licat, avec la r\u00e9ception de Soyaux-Angoul\u00eame lors de la 2\u00e8me journ\u00e9e et celle de Provence Rugby, lors de la 4\u00e8me journ\u00e9e.<\/p>\n<p style=\"text-align: justify;\">Autre affiche \u00e0 suivre, dans la lutte pour le maintien, avec <strong>Aurillac<\/strong>, pass\u00e9 par la case barrages cette saison, qui re\u00e7oit l&rsquo;<strong>US Carcassonne<\/strong>, promu de Nationale. Trois ans apr\u00e8s la descente en Nationale, les Audois reviennent au deuxi\u00e8me \u00e9chelon du rugby fran\u00e7ais avec pour ambition de s&rsquo;y maintenir. Finaliste malheureux de Pro D2 et battu par Perpignan lors de l&rsquo;<a href=\"https:\/\/dicodusport.fr\/blog\/access-match-top-14-perpignan-vient-a-bout-de-grenoble-et-se-maintient\/\">Access Match<\/a>, le <strong>FC Grenoble Rugby<\/strong> d\u00e9bute par un d\u00e9licat d\u00e9placement \u00e0 <strong>Oyonnax<\/strong>, qui sera sans doute revanchard, apr\u00e8s un exercice 2024-2025 manqu\u00e9.<\/p>\n<blockquote class=\"instagram-media\" style=\"background: #FFF; border: 0; border-radius: 3px; box-shadow: 0 0 1px 0 rgba(0,0,0,0.5),0 1px 10px 0 rgba(0,0,0,0.15); margin: 1px; max-width: 540px; min-width: 326px; padding: 0; width: calc(100% - 2px);\" data-instgrm-captioned=\"\" data-instgrm-permalink=\"https:\/\/www.instagram.com\/p\/DL6-SFutqaV\/?utm_source=ig_embed&amp;utm_campaign=loading\" data-instgrm-version=\"14\">\n<div style=\"padding: 16px;\">\n<p>&nbsp;<\/p>\n<div style=\"display: flex; flex-direction: row; align-items: center;\">\n<div style=\"background-color: #f4f4f4; border-radius: 50%; flex-grow: 0; height: 40px; margin-right: 14px; width: 40px;\"><\/div>\n<div style=\"display: flex; flex-direction: column; flex-grow: 1; justify-content: center;\">\n<div style=\"background-color: #f4f4f4; border-radius: 4px; flex-grow: 0; height: 14px; margin-bottom: 6px; width: 100px;\"><\/div>\n<div style=\"background-color: #f4f4f4; border-radius: 4px; flex-grow: 0; height: 14px; width: 60px;\"><\/div>\n<\/div>\n<\/div>\n<div style=\"padding: 19% 0;\"><\/div>\n<div style=\"display: block; height: 50px; margin: 0 auto 12px; width: 50px;\"><\/div>\n<div style=\"padding-top: 8px;\">\n<div style=\"color: #3897f0; font-family: Arial,sans-serif; font-size: 14px; font-style: normal; font-weight: 550; line-height: 18px;\">Voir cette publication sur Instagram<\/div>\n<\/div>\n<div style=\"padding: 12.5% 0;\"><\/div>\n<div style=\"display: flex; flex-direction: row; margin-bottom: 14px; align-items: center;\">\n<div>\n<div style=\"background-color: #f4f4f4; border-radius: 50%; height: 12.5px; width: 12.5px; transform: translateX(0px) translateY(7px);\"><\/div>\n<div style=\"background-color: #f4f4f4; height: 12.5px; transform: rotate(-45deg) translateX(3px) translateY(1px); width: 12.5px; flex-grow: 0; margin-right: 14px; margin-left: 2px;\"><\/div>\n<div style=\"background-color: #f4f4f4; border-radius: 50%; height: 12.5px; width: 12.5px; transform: translateX(9px) translateY(-18px);\"><\/div>\n<\/div>\n<div style=\"margin-left: 8px;\">\n<div style=\"background-color: #f4f4f4; border-radius: 50%; flex-grow: 0; height: 20px; width: 20px;\"><\/div>\n<div style=\"width: 0; height: 0; border-top: 2px solid transparent; border-left: 6px solid #f4f4f4; border-bottom: 2px solid transparent; transform: translateX(16px) translateY(-4px) rotate(30deg);\"><\/div>\n<\/div>\n<div style=\"margin-left: auto;\">\n<div style=\"width: 0px; border-top: 8px solid #F4F4F4; border-right: 8px solid transparent; transform: translateY(16px);\"><\/div>\n<div style=\"background-color: #f4f4f4; flex-grow: 0; height: 12px; width: 16px; transform: translateY(-4px);\"><\/div>\n<div style=\"width: 0; height: 0; border-top: 8px solid #F4F4F4; border-left: 8px solid transparent; transform: translateY(-4px) translateX(8px);\"><\/div>\n<\/div>\n<\/div>\n<div style=\"display: flex; flex-direction: column; flex-grow: 1; justify-content: center; margin-bottom: 24px;\">\n<div style=\"background-color: #f4f4f4; border-radius: 4px; flex-grow: 0; height: 14px; margin-bottom: 6px; width: 224px;\"><\/div>\n<div style=\"background-color: #f4f4f4; border-radius: 4px; flex-grow: 0; height: 14px; width: 144px;\"><\/div>\n<\/div>\n<p>&nbsp;<\/p>\n<p style=\"color: #c9c8cd; font-family: Arial,sans-serif; font-size: 14px; line-height: 17px; margin-bottom: 0; margin-top: 8px; overflow: hidden; padding: 8px 0 7px; text-align: center; text-overflow: ellipsis; white-space: nowrap;\"><a style=\"color: #c9c8cd; font-family: Arial,sans-serif; font-size: 14px; font-style: normal; font-weight: normal; line-height: 17px; text-decoration: none;\" href=\"https:\/\/www.instagram.com\/p\/DL6-SFutqaV\/?utm_source=ig_embed&amp;utm_campaign=loading\" target=\"_blank\" rel=\"noopener\">Une publication partag\u00e9e par PRO D2 Rugby (@rugbyprod2)<\/a><\/p>\n<\/div>\n<\/blockquote>\n<p style=\"text-align: justify;\"><script async src=\"\/\/www.instagram.com\/embed.js\"><\/script><\/p>\n<h3 style=\"text-align: justify;\">\u00c0 lire aussi<\/h3>\n<div class=\"vlp-link-container vlp-layout-article\"><a href=\"https:\/\/dicodusport.fr\/blog\/finale-pro-d2-montauban-fait-tomber-grenoble-et-retrouve-le-top-14\/\" class=\"vlp-link\" title=\"Finale Pro D2 : Montauban fait tomber Grenoble et retrouve le Top 14 !\"><\/a><div class=\"vlp-layout-zone-side\"><div class=\"vlp-block-4 vlp-link-image\"><img loading=\"lazy\" decoding=\"async\" style=\"max-width: 792px;\" width=\"792\" height=\"445\" src=\"https:\/\/dicodusport.fr\/blog\/wp-content\/uploads\/2025\/06\/Finale-Pro-D2-Montauban-fait-tomber-Grenoble-et-retrouve-le-Top-14-1-1.png\" class=\"attachment-800x445 size-800x445\" alt=\"Finale Pro D2 Montauban fait tomber Grenoble et retrouve le Top 14 !\" srcset=\"https:\/\/dicodusport.fr\/blog\/wp-content\/uploads\/2025\/06\/Finale-Pro-D2-Montauban-fait-tomber-Grenoble-et-retrouve-le-Top-14-1-1.png 1200w, https:\/\/dicodusport.fr\/blog\/wp-content\/uploads\/2025\/06\/Finale-Pro-D2-Montauban-fait-tomber-Grenoble-et-retrouve-le-Top-14-1-1-300x169.png 300w, https:\/\/dicodusport.fr\/blog\/wp-content\/uploads\/2025\/06\/Finale-Pro-D2-Montauban-fait-tomber-Grenoble-et-retrouve-le-Top-14-1-1-1024x575.png 1024w, https:\/\/dicodusport.fr\/blog\/wp-content\/uploads\/2025\/06\/Finale-Pro-D2-Montauban-fait-tomber-Grenoble-et-retrouve-le-Top-14-1-1-768x431.png 768w\" sizes=\"auto, (max-width: 792px) 100vw, 792px\" \/><\/div><\/div><div class=\"vlp-layout-zone-main\"><div class=\"vlp-block-0 vlp-link-title\">Finale Pro D2 : Montauban fait tomber Grenoble et retrouve le Top 14 !<\/div><div class=\"vlp-block-1 vlp-link-summary\">PRO D2 2024\/25 \u2013 Au Stade Ernest-Wallon, l\u2019Union Sportive Montalbanaise l\u2019emporte face au FC Grenoble Rugby, dans une finale pleine de rebondissements (19-24). Sixi\u00e8me de la saison r\u00e9guli\u00e8re, Montauban a d\u00e9jou\u00e9 tous les pronostics pour remporter cette Pro D2 et signer son retour dans l\u2019\u00e9lite du rugby fran\u00e7ais. Pour la troisi\u00e8me fois cons\u00e9cutive, les Is\u00e9rois \u00e9chouent aux portes du Top 14.<\/div><div class=\"vlp-block-2 vlp-link-button\">Lire l'article<\/div><div class=\"vlp-block-3 vlp-link-url\">dicodusport.fr<\/div><\/div><\/div>\n","protected":false},"excerpt":{"rendered":"<p>PRO D2 2025-2026 &#8211; D\u00e9couvrez le calendrier de la Pro D2 pour la saison \u00e0 venir, avec quelques chocs d\u00e8s la premi\u00e8re journ\u00e9e.<\/p>\n","protected":false},"author":83,"featured_media":593987,"comment_status":"open","ping_status":"closed","sticky":false,"template":"","format":"standard","meta":{"_acf_changed":false,"_daextam_enable_autolinks":"1","footnotes":""},"categories":[47052],"tags":[16878,1839],"class_list":["post-593984","post","type-post","status-publish","format-standard","has-post-thumbnail","hentry","category-pro-d2","tag-breve","tag-pro-d2"],"acf":[],"yoast_head":"<!-- This site is optimized with the Yoast SEO Premium plugin v26.7 (Yoast SEO v26.7) - https:\/\/yoast.com\/wordpress\/plugins\/seo\/ -->\n<title>Calendrier Pro D2 2025-2026 : toutes les dates et affiches \u00e0 retenir<\/title>\n<meta name=\"description\" content=\"PRO D2 2025-2026 - D\u00e9couvrez le calendrier de la Pro D2 pour la saison \u00e0 venir, avec quelques chocs d\u00e8s la premi\u00e8re journ\u00e9e.\" \/>\n<meta name=\"robots\" content=\"index, follow, max-snippet:-1, max-image-preview:large, max-video-preview:-1\" \/>\n<link rel=\"canonical\" href=\"https:\/\/dicodusport.fr\/blog\/calendrier-pro-d2-2025-2026-toutes-les-dates-et-affiches-a-retenir\/\" \/>\n<meta property=\"og:locale\" content=\"fr_FR\" \/>\n<meta property=\"og:type\" content=\"article\" \/>\n<meta property=\"og:title\" content=\"Calendrier Pro D2 2025-2026 : toutes les dates et affiches \u00e0 retenir\" \/>\n<meta property=\"og:description\" content=\"PRO D2 2025-2026 - D\u00e9couvrez le calendrier de la Pro D2 pour la saison \u00e0 venir, avec quelques chocs d\u00e8s la premi\u00e8re journ\u00e9e.\" \/>\n<meta property=\"og:url\" content=\"https:\/\/dicodusport.fr\/blog\/calendrier-pro-d2-2025-2026-toutes-les-dates-et-affiches-a-retenir\/\" \/>\n<meta property=\"og:site_name\" content=\"Dicodusport\" \/>\n<meta property=\"article:publisher\" content=\"https:\/\/www.facebook.com\/dicodusport\" \/>\n<meta property=\"article:published_time\" content=\"2025-07-10T09:56:56+00:00\" \/>\n<meta property=\"article:modified_time\" content=\"2025-07-10T11:23:04+00:00\" \/>\n<meta property=\"og:image\" content=\"https:\/\/dicodusport.fr\/blog\/wp-content\/uploads\/2025\/07\/Calendrier-Pro-D2-2025-2026-toutes-les-dates-et-affiches-a-retenir.png\" \/>\n\t<meta property=\"og:image:width\" content=\"1200\" \/>\n\t<meta property=\"og:image:height\" content=\"674\" \/>\n\t<meta property=\"og:image:type\" content=\"image\/png\" \/>\n<meta name=\"author\" content=\"Etienne Goursaud\" \/>\n<meta name=\"twitter:card\" content=\"summary_large_image\" \/>\n<meta name=\"twitter:title\" content=\"Calendrier Pro D2 2025-2026 : toutes les dates et affiches \u00e0 retenir\" \/>\n<meta name=\"twitter:creator\" content=\"@dicodusport\" \/>\n<meta name=\"twitter:site\" content=\"@dicodusport\" \/>\n<script type=\"application\/ld+json\" class=\"yoast-schema-graph\">{\"@context\":\"https:\/\/schema.org\",\"@graph\":[{\"@type\":\"NewsArticle\",\"@id\":\"https:\/\/dicodusport.fr\/blog\/calendrier-pro-d2-2025-2026-toutes-les-dates-et-affiches-a-retenir\/#article\",\"isPartOf\":{\"@id\":\"https:\/\/dicodusport.fr\/blog\/calendrier-pro-d2-2025-2026-toutes-les-dates-et-affiches-a-retenir\/\"},\"author\":{\"name\":\"Etienne Goursaud\",\"@id\":\"https:\/\/dicodusport.fr\/blog\/#\/schema\/person\/d603dd7da31fb2b46c82b9835a77ec13\"},\"headline\":\"Calendrier Pro D2 2025-2026 : toutes les dates et affiches \u00e0 retenir\",\"datePublished\":\"2025-07-10T09:56:56+00:00\",\"dateModified\":\"2025-07-10T11:23:04+00:00\",\"mainEntityOfPage\":{\"@id\":\"https:\/\/dicodusport.fr\/blog\/calendrier-pro-d2-2025-2026-toutes-les-dates-et-affiches-a-retenir\/\"},\"wordCount\":517,\"commentCount\":0,\"publisher\":{\"@id\":\"https:\/\/dicodusport.fr\/blog\/#organization\"},\"image\":{\"@id\":\"https:\/\/dicodusport.fr\/blog\/calendrier-pro-d2-2025-2026-toutes-les-dates-et-affiches-a-retenir\/#primaryimage\"},\"thumbnailUrl\":\"https:\/\/dicodusport.fr\/blog\/wp-content\/uploads\/2025\/07\/Calendrier-Pro-D2-2025-2026-toutes-les-dates-et-affiches-a-retenir.png\",\"keywords\":[\"br\u00e8ve\",\"Pro D2\"],\"articleSection\":[\"Pro D2\"],\"inLanguage\":\"fr-FR\",\"potentialAction\":[{\"@type\":\"CommentAction\",\"name\":\"Comment\",\"target\":[\"https:\/\/dicodusport.fr\/blog\/calendrier-pro-d2-2025-2026-toutes-les-dates-et-affiches-a-retenir\/#respond\"]}],\"copyrightYear\":\"2025\",\"copyrightHolder\":{\"@id\":\"https:\/\/dicodusport.fr\/blog\/#organization\"}},{\"@type\":\"WebPage\",\"@id\":\"https:\/\/dicodusport.fr\/blog\/calendrier-pro-d2-2025-2026-toutes-les-dates-et-affiches-a-retenir\/\",\"url\":\"https:\/\/dicodusport.fr\/blog\/calendrier-pro-d2-2025-2026-toutes-les-dates-et-affiches-a-retenir\/\",\"name\":\"Calendrier Pro D2 2025-2026 : toutes les dates et affiches \u00e0 retenir\",\"isPartOf\":{\"@id\":\"https:\/\/dicodusport.fr\/blog\/#website\"},\"primaryImageOfPage\":{\"@id\":\"https:\/\/dicodusport.fr\/blog\/calendrier-pro-d2-2025-2026-toutes-les-dates-et-affiches-a-retenir\/#primaryimage\"},\"image\":{\"@id\":\"https:\/\/dicodusport.fr\/blog\/calendrier-pro-d2-2025-2026-toutes-les-dates-et-affiches-a-retenir\/#primaryimage\"},\"thumbnailUrl\":\"https:\/\/dicodusport.fr\/blog\/wp-content\/uploads\/2025\/07\/Calendrier-Pro-D2-2025-2026-toutes-les-dates-et-affiches-a-retenir.png\",\"datePublished\":\"2025-07-10T09:56:56+00:00\",\"dateModified\":\"2025-07-10T11:23:04+00:00\",\"description\":\"PRO D2 2025-2026 - D\u00e9couvrez le calendrier de la Pro D2 pour la saison \u00e0 venir, avec quelques chocs d\u00e8s la premi\u00e8re journ\u00e9e.\",\"breadcrumb\":{\"@id\":\"https:\/\/dicodusport.fr\/blog\/calendrier-pro-d2-2025-2026-toutes-les-dates-et-affiches-a-retenir\/#breadcrumb\"},\"inLanguage\":\"fr-FR\",\"potentialAction\":[{\"@type\":\"ReadAction\",\"target\":[\"https:\/\/dicodusport.fr\/blog\/calendrier-pro-d2-2025-2026-toutes-les-dates-et-affiches-a-retenir\/\"]}]},{\"@type\":\"ImageObject\",\"inLanguage\":\"fr-FR\",\"@id\":\"https:\/\/dicodusport.fr\/blog\/calendrier-pro-d2-2025-2026-toutes-les-dates-et-affiches-a-retenir\/#primaryimage\",\"url\":\"https:\/\/dicodusport.fr\/blog\/wp-content\/uploads\/2025\/07\/Calendrier-Pro-D2-2025-2026-toutes-les-dates-et-affiches-a-retenir.png\",\"contentUrl\":\"https:\/\/dicodusport.fr\/blog\/wp-content\/uploads\/2025\/07\/Calendrier-Pro-D2-2025-2026-toutes-les-dates-et-affiches-a-retenir.png\",\"width\":1200,\"height\":674,\"caption\":\"Calendrier Pro D2 2025-2026 : toutes les dates et affiches \u00e0 retenir\"},{\"@type\":\"BreadcrumbList\",\"@id\":\"https:\/\/dicodusport.fr\/blog\/calendrier-pro-d2-2025-2026-toutes-les-dates-et-affiches-a-retenir\/#breadcrumb\",\"itemListElement\":[{\"@type\":\"ListItem\",\"position\":1,\"name\":\"Accueil\",\"item\":\"https:\/\/dicodusport.fr\/blog\/\"},{\"@type\":\"ListItem\",\"position\":2,\"name\":\"Calendrier Pro D2 2025-2026 : toutes les dates et affiches \u00e0 retenir\"}]},{\"@type\":\"WebSite\",\"@id\":\"https:\/\/dicodusport.fr\/blog\/#website\",\"url\":\"https:\/\/dicodusport.fr\/blog\/\",\"name\":\"Dicodusport\",\"description\":\"L&#039;encyclop\u00e9die de l&#039;actualit\u00e9 sportive\",\"publisher\":{\"@id\":\"https:\/\/dicodusport.fr\/blog\/#organization\"},\"potentialAction\":[{\"@type\":\"SearchAction\",\"target\":{\"@type\":\"EntryPoint\",\"urlTemplate\":\"https:\/\/dicodusport.fr\/blog\/?s={search_term_string}\"},\"query-input\":{\"@type\":\"PropertyValueSpecification\",\"valueRequired\":true,\"valueName\":\"search_term_string\"}}],\"inLanguage\":\"fr-FR\"},{\"@type\":\"NewsMediaOrganization\",\"@id\":\"https:\/\/dicodusport.fr\/blog\/#organization\",\"name\":\"Dicodusport\",\"url\":\"https:\/\/dicodusport.fr\/blog\/\",\"logo\":{\"@type\":\"ImageObject\",\"inLanguage\":\"fr-FR\",\"@id\":\"https:\/\/dicodusport.fr\/blog\/#\/schema\/logo\/image\/\",\"url\":\"https:\/\/dicodusport.fr\/blog\/wp-content\/uploads\/2020\/06\/cropped-LOGO-DICODUSPORT-2020-SANS-FOND-SANS-TEXTE.png\",\"contentUrl\":\"https:\/\/dicodusport.fr\/blog\/wp-content\/uploads\/2020\/06\/cropped-LOGO-DICODUSPORT-2020-SANS-FOND-SANS-TEXTE.png\",\"width\":512,\"height\":512,\"caption\":\"Dicodusport\"},\"image\":{\"@id\":\"https:\/\/dicodusport.fr\/blog\/#\/schema\/logo\/image\/\"},\"sameAs\":[\"https:\/\/www.facebook.com\/dicodusport\",\"https:\/\/x.com\/dicodusport\",\"https:\/\/www.instagram.com\/dicodusport\/\",\"https:\/\/www.youtube.com\/channel\/UC7V2KZ5sd3htJivAbA4ZG3w\"],\"description\":\"Dicodusport est l'encyclop\u00e9die de l'actualit\u00e9 sportive.\",\"email\":\"bonjour@dicodusport.fr\",\"legalName\":\"DICODUSPORT\",\"foundingDate\":\"2018-01-14\",\"vatID\":\"FR71834470973\",\"taxID\":\"83447097300043\",\"numberOfEmployees\":{\"@type\":\"QuantitativeValue\",\"minValue\":\"1\",\"maxValue\":\"10\"}},{\"@type\":\"Person\",\"@id\":\"https:\/\/dicodusport.fr\/blog\/#\/schema\/person\/d603dd7da31fb2b46c82b9835a77ec13\",\"name\":\"Etienne Goursaud\",\"image\":{\"@type\":\"ImageObject\",\"inLanguage\":\"fr-FR\",\"@id\":\"https:\/\/dicodusport.fr\/blog\/#\/schema\/person\/image\/\",\"url\":\"https:\/\/dicodusport.fr\/blog\/wp-content\/uploads\/2023\/12\/410122264_10231602061736049_5565839791558026645_n-150x150.jpg\",\"contentUrl\":\"https:\/\/dicodusport.fr\/blog\/wp-content\/uploads\/2023\/12\/410122264_10231602061736049_5565839791558026645_n-150x150.jpg\",\"caption\":\"Etienne Goursaud\"},\"description\":\"Journaliste et amoureux de sport. Ancien footballeur reconverti athl\u00e8te quand ses muscles le laissent tranquille. \u00c9lev\u00e9 \u00e0 la sauce des exploits de Thomas Voeckler en 2004, du dernier essai de l\u00e9gende de Eunice Barber \u00e0 la longueur lors des championnats du monde d'athl\u00e9tisme de 2003 mais aussi Zidane, Omeyer et Titou Lamaison.\",\"url\":\"https:\/\/dicodusport.fr\/blog\/author\/etienne-goursaud\/\"}]}<\/script>\n<!-- \/ Yoast SEO Premium plugin. -->","yoast_head_json":{"title":"Calendrier Pro D2 2025-2026 : toutes les dates et affiches \u00e0 retenir","description":"PRO D2 2025-2026 - D\u00e9couvrez le calendrier de la Pro D2 pour la saison \u00e0 venir, avec quelques chocs d\u00e8s la premi\u00e8re journ\u00e9e.","robots":{"index":"index","follow":"follow","max-snippet":"max-snippet:-1","max-image-preview":"max-image-preview:large","max-video-preview":"max-video-preview:-1"},"canonical":"https:\/\/dicodusport.fr\/blog\/calendrier-pro-d2-2025-2026-toutes-les-dates-et-affiches-a-retenir\/","og_locale":"fr_FR","og_type":"article","og_title":"Calendrier Pro D2 2025-2026 : toutes les dates et affiches \u00e0 retenir","og_description":"PRO D2 2025-2026 - D\u00e9couvrez le calendrier de la Pro D2 pour la saison \u00e0 venir, avec quelques chocs d\u00e8s la premi\u00e8re journ\u00e9e.","og_url":"https:\/\/dicodusport.fr\/blog\/calendrier-pro-d2-2025-2026-toutes-les-dates-et-affiches-a-retenir\/","og_site_name":"Dicodusport","article_publisher":"https:\/\/www.facebook.com\/dicodusport","article_published_time":"2025-07-10T09:56:56+00:00","article_modified_time":"2025-07-10T11:23:04+00:00","og_image":[{"width":1200,"height":674,"url":"https:\/\/dicodusport.fr\/blog\/wp-content\/uploads\/2025\/07\/Calendrier-Pro-D2-2025-2026-toutes-les-dates-et-affiches-a-retenir.png","type":"image\/png"}],"author":"Etienne Goursaud","twitter_card":"summary_large_image","twitter_title":"Calendrier Pro D2 2025-2026 : toutes les dates et affiches \u00e0 retenir","twitter_creator":"@dicodusport","twitter_site":"@dicodusport","schema":{"@context":"https:\/\/schema.org","@graph":[{"@type":"NewsArticle","@id":"https:\/\/dicodusport.fr\/blog\/calendrier-pro-d2-2025-2026-toutes-les-dates-et-affiches-a-retenir\/#article","isPartOf":{"@id":"https:\/\/dicodusport.fr\/blog\/calendrier-pro-d2-2025-2026-toutes-les-dates-et-affiches-a-retenir\/"},"author":{"name":"Etienne Goursaud","@id":"https:\/\/dicodusport.fr\/blog\/#\/schema\/person\/d603dd7da31fb2b46c82b9835a77ec13"},"headline":"Calendrier Pro D2 2025-2026 : toutes les dates et affiches \u00e0 retenir","datePublished":"2025-07-10T09:56:56+00:00","dateModified":"2025-07-10T11:23:04+00:00","mainEntityOfPage":{"@id":"https:\/\/dicodusport.fr\/blog\/calendrier-pro-d2-2025-2026-toutes-les-dates-et-affiches-a-retenir\/"},"wordCount":517,"commentCount":0,"publisher":{"@id":"https:\/\/dicodusport.fr\/blog\/#organization"},"image":{"@id":"https:\/\/dicodusport.fr\/blog\/calendrier-pro-d2-2025-2026-toutes-les-dates-et-affiches-a-retenir\/#primaryimage"},"thumbnailUrl":"https:\/\/dicodusport.fr\/blog\/wp-content\/uploads\/2025\/07\/Calendrier-Pro-D2-2025-2026-toutes-les-dates-et-affiches-a-retenir.png","keywords":["br\u00e8ve","Pro D2"],"articleSection":["Pro D2"],"inLanguage":"fr-FR","potentialAction":[{"@type":"CommentAction","name":"Comment","target":["https:\/\/dicodusport.fr\/blog\/calendrier-pro-d2-2025-2026-toutes-les-dates-et-affiches-a-retenir\/#respond"]}],"copyrightYear":"2025","copyrightHolder":{"@id":"https:\/\/dicodusport.fr\/blog\/#organization"}},{"@type":"WebPage","@id":"https:\/\/dicodusport.fr\/blog\/calendrier-pro-d2-2025-2026-toutes-les-dates-et-affiches-a-retenir\/","url":"https:\/\/dicodusport.fr\/blog\/calendrier-pro-d2-2025-2026-toutes-les-dates-et-affiches-a-retenir\/","name":"Calendrier Pro D2 2025-2026 : toutes les dates et affiches \u00e0 retenir","isPartOf":{"@id":"https:\/\/dicodusport.fr\/blog\/#website"},"primaryImageOfPage":{"@id":"https:\/\/dicodusport.fr\/blog\/calendrier-pro-d2-2025-2026-toutes-les-dates-et-affiches-a-retenir\/#primaryimage"},"image":{"@id":"https:\/\/dicodusport.fr\/blog\/calendrier-pro-d2-2025-2026-toutes-les-dates-et-affiches-a-retenir\/#primaryimage"},"thumbnailUrl":"https:\/\/dicodusport.fr\/blog\/wp-content\/uploads\/2025\/07\/Calendrier-Pro-D2-2025-2026-toutes-les-dates-et-affiches-a-retenir.png","datePublished":"2025-07-10T09:56:56+00:00","dateModified":"2025-07-10T11:23:04+00:00","description":"PRO D2 2025-2026 - D\u00e9couvrez le calendrier de la Pro D2 pour la saison \u00e0 venir, avec quelques chocs d\u00e8s la premi\u00e8re journ\u00e9e.","breadcrumb":{"@id":"https:\/\/dicodusport.fr\/blog\/calendrier-pro-d2-2025-2026-toutes-les-dates-et-affiches-a-retenir\/#breadcrumb"},"inLanguage":"fr-FR","potentialAction":[{"@type":"ReadAction","target":["https:\/\/dicodusport.fr\/blog\/calendrier-pro-d2-2025-2026-toutes-les-dates-et-affiches-a-retenir\/"]}]},{"@type":"ImageObject","inLanguage":"fr-FR","@id":"https:\/\/dicodusport.fr\/blog\/calendrier-pro-d2-2025-2026-toutes-les-dates-et-affiches-a-retenir\/#primaryimage","url":"https:\/\/dicodusport.fr\/blog\/wp-content\/uploads\/2025\/07\/Calendrier-Pro-D2-2025-2026-toutes-les-dates-et-affiches-a-retenir.png","contentUrl":"https:\/\/dicodusport.fr\/blog\/wp-content\/uploads\/2025\/07\/Calendrier-Pro-D2-2025-2026-toutes-les-dates-et-affiches-a-retenir.png","width":1200,"height":674,"caption":"Calendrier Pro D2 2025-2026 : toutes les dates et affiches \u00e0 retenir"},{"@type":"BreadcrumbList","@id":"https:\/\/dicodusport.fr\/blog\/calendrier-pro-d2-2025-2026-toutes-les-dates-et-affiches-a-retenir\/#breadcrumb","itemListElement":[{"@type":"ListItem","position":1,"name":"Accueil","item":"https:\/\/dicodusport.fr\/blog\/"},{"@type":"ListItem","position":2,"name":"Calendrier Pro D2 2025-2026 : toutes les dates et affiches \u00e0 retenir"}]},{"@type":"WebSite","@id":"https:\/\/dicodusport.fr\/blog\/#website","url":"https:\/\/dicodusport.fr\/blog\/","name":"Dicodusport","description":"L&#039;encyclop\u00e9die de l&#039;actualit\u00e9 sportive","publisher":{"@id":"https:\/\/dicodusport.fr\/blog\/#organization"},"potentialAction":[{"@type":"SearchAction","target":{"@type":"EntryPoint","urlTemplate":"https:\/\/dicodusport.fr\/blog\/?s={search_term_string}"},"query-input":{"@type":"PropertyValueSpecification","valueRequired":true,"valueName":"search_term_string"}}],"inLanguage":"fr-FR"},{"@type":"NewsMediaOrganization","@id":"https:\/\/dicodusport.fr\/blog\/#organization","name":"Dicodusport","url":"https:\/\/dicodusport.fr\/blog\/","logo":{"@type":"ImageObject","inLanguage":"fr-FR","@id":"https:\/\/dicodusport.fr\/blog\/#\/schema\/logo\/image\/","url":"https:\/\/dicodusport.fr\/blog\/wp-content\/uploads\/2020\/06\/cropped-LOGO-DICODUSPORT-2020-SANS-FOND-SANS-TEXTE.png","contentUrl":"https:\/\/dicodusport.fr\/blog\/wp-content\/uploads\/2020\/06\/cropped-LOGO-DICODUSPORT-2020-SANS-FOND-SANS-TEXTE.png","width":512,"height":512,"caption":"Dicodusport"},"image":{"@id":"https:\/\/dicodusport.fr\/blog\/#\/schema\/logo\/image\/"},"sameAs":["https:\/\/www.facebook.com\/dicodusport","https:\/\/x.com\/dicodusport","https:\/\/www.instagram.com\/dicodusport\/","https:\/\/www.youtube.com\/channel\/UC7V2KZ5sd3htJivAbA4ZG3w"],"description":"Dicodusport est l'encyclop\u00e9die de l'actualit\u00e9 sportive.","email":"bonjour@dicodusport.fr","legalName":"DICODUSPORT","foundingDate":"2018-01-14","vatID":"FR71834470973","taxID":"83447097300043","numberOfEmployees":{"@type":"QuantitativeValue","minValue":"1","maxValue":"10"}},{"@type":"Person","@id":"https:\/\/dicodusport.fr\/blog\/#\/schema\/person\/d603dd7da31fb2b46c82b9835a77ec13","name":"Etienne Goursaud","image":{"@type":"ImageObject","inLanguage":"fr-FR","@id":"https:\/\/dicodusport.fr\/blog\/#\/schema\/person\/image\/","url":"https:\/\/dicodusport.fr\/blog\/wp-content\/uploads\/2023\/12\/410122264_10231602061736049_5565839791558026645_n-150x150.jpg","contentUrl":"https:\/\/dicodusport.fr\/blog\/wp-content\/uploads\/2023\/12\/410122264_10231602061736049_5565839791558026645_n-150x150.jpg","caption":"Etienne Goursaud"},"description":"Journaliste et amoureux de sport. Ancien footballeur reconverti athl\u00e8te quand ses muscles le laissent tranquille. \u00c9lev\u00e9 \u00e0 la sauce des exploits de Thomas Voeckler en 2004, du dernier essai de l\u00e9gende de Eunice Barber \u00e0 la longueur lors des championnats du monde d'athl\u00e9tisme de 2003 mais aussi Zidane, Omeyer et Titou Lamaison.","url":"https:\/\/dicodusport.fr\/blog\/author\/etienne-goursaud\/"}]}},"_links":{"self":[{"href":"https:\/\/dicodusport.fr\/blog\/wp-json\/wp\/v2\/posts\/593984","targetHints":{"allow":["GET"]}}],"collection":[{"href":"https:\/\/dicodusport.fr\/blog\/wp-json\/wp\/v2\/posts"}],"about":[{"href":"https:\/\/dicodusport.fr\/blog\/wp-json\/wp\/v2\/types\/post"}],"author":[{"embeddable":true,"href":"https:\/\/dicodusport.fr\/blog\/wp-json\/wp\/v2\/users\/83"}],"replies":[{"embeddable":true,"href":"https:\/\/dicodusport.fr\/blog\/wp-json\/wp\/v2\/comments?post=593984"}],"version-history":[{"count":4,"href":"https:\/\/dicodusport.fr\/blog\/wp-json\/wp\/v2\/posts\/593984\/revisions"}],"predecessor-version":[{"id":593991,"href":"https:\/\/dicodusport.fr\/blog\/wp-json\/wp\/v2\/posts\/593984\/revisions\/593991"}],"wp:featuredmedia":[{"embeddable":true,"href":"https:\/\/dicodusport.fr\/blog\/wp-json\/wp\/v2\/media\/593987"}],"wp:attachment":[{"href":"https:\/\/dicodusport.fr\/blog\/wp-json\/wp\/v2\/media?parent=593984"}],"wp:term":[{"taxonomy":"category","embeddable":true,"href":"https:\/\/dicodusport.fr\/blog\/wp-json\/wp\/v2\/categories?post=593984"},{"taxonomy":"post_tag","embeddable":true,"href":"https:\/\/dicodusport.fr\/blog\/wp-json\/wp\/v2\/tags?post=593984"}],"curies":[{"name":"wp","href":"https:\/\/api.w.org\/{rel}","templated":true}]}}