{"id":594300,"date":"2025-07-11T15:04:05","date_gmt":"2025-07-11T13:04:05","guid":{"rendered":"https:\/\/dicodusport.fr\/blog\/?p=594300&#038;preview=true&#038;preview_id=594300"},"modified":"2025-07-11T15:04:59","modified_gmt":"2025-07-11T13:04:59","slug":"6eme-etape-tour-ditalie-feminin-2025-classement-et-resulats","status":"publish","type":"post","link":"https:\/\/dicodusport.fr\/blog\/6eme-etape-tour-ditalie-feminin-2025-classement-et-resulats\/","title":{"rendered":"6\u00e8me \u00e9tape Tour d&rsquo;Italie f\u00e9minin 2025 &#8211; Classement et r\u00e9sulats"},"content":{"rendered":"<p style=\"text-align: justify;\"><strong><em>Retrouvez le classement et les r\u00e9sultats de la 6\u00e8me \u00e9tape du Tour d&rsquo;Italie f\u00e9minin 2025, qui s&rsquo;est d\u00e9roul\u00e9e ce vendredi 11 juillet entre Bellaria-Igea Marina et Terre Roveresche (145 km).<\/em><\/strong><\/p>\n<ul>\n<li style=\"text-align: justify;\"><strong>\u00c0 ce sujet &#8211; <a href=\"https:\/\/dicodusport.fr\/blog\/tour-ditalie-feminin-2025-classement-general\/\">Tour d&rsquo;Italie f\u00e9minin 2025 &#8211; Classement g\u00e9n\u00e9ral<\/a><\/strong><\/li>\n<\/ul>\n<p style=\"text-align: justify;\">Apr\u00e8s plusieurs jours rythm\u00e9s par des \u00e9tapes roulantes ou de transition, la <strong>6\u00e8me \u00e9tape du Tour d&rsquo;Italie f\u00e9minin 2025<\/strong> marque un tournant dans la course. Longue de <strong>145 kilom\u00e8tres<\/strong>, elle relie la station baln\u00e9aire de <strong>Bellaria\u2013Igea Marina<\/strong>, sur la c\u00f4te adriatique, \u00e0 la commune perch\u00e9e de <strong>Terre Roveresche<\/strong>, dans la province de Pesaro et Urbino, en passant par un relief vallonn\u00e9 exigeant.<\/p>\n<h2 style=\"text-align: justify;\">Le parcours du jour<\/h2>\n<p style=\"text-align: justify;\">D\u00e8s les premiers kilom\u00e8tres, le peloton longe les plages de la Romagne avant de s\u2019enfoncer dans un arri\u00e8re-pays plus escarp\u00e9. Le parcours flirte bri\u00e8vement avec la R\u00e9publique de Saint-Marin, o\u00f9 les coureuses devront franchir une c\u00f4te class\u00e9e en 2\u1d49 cat\u00e9gorie, premi\u00e8re r\u00e9elle difficult\u00e9 du jour. S\u2019ensuivent plusieurs mont\u00e9es courtes, mais nerveuses, qui s\u2019encha\u00eenent jusqu\u2019\u00e0 l\u2019arriv\u00e9e.<\/p>\n<p style=\"text-align: justify;\">Avec pr\u00e8s de <strong>2\u202f400 m\u00e8tres de d\u00e9nivel\u00e9 positif<\/strong>, cette \u00e9tape devrait favoriser les baroudeuses ambitieuses et les puncheuses, capables de briller sur ce terrain en montagnes russes. Les \u00e9quipes de leaders auront fort \u00e0 faire pour contr\u00f4ler les \u00e9chapp\u00e9es, d\u2019autant que les 50 derniers kilom\u00e8tres, sinueux et usants, laissent place aux initiatives.<\/p>\n<p style=\"text-align: justify;\">L\u2019arriv\u00e9e \u00e0 <strong>Orciano di Pesaro<\/strong>, en haut d\u2019une mont\u00e9e irr\u00e9guli\u00e8re, pourrait offrir un final explosif et redistribuer les cartes au classement g\u00e9n\u00e9ral. Si les \u00e9carts pourraient rester limit\u00e9s, cette journ\u00e9e pourrait bien r\u00e9v\u00e9ler les coureuses les plus solides avant les grandes batailles de haute montagne.<\/p>\n<p style=\"text-align: justify;\">Arriv\u00e9e de la derni\u00e8re coureuse pr\u00e9vue sur les coups de 14h30. <strong>Retrouvez le classement et les r\u00e9sultats complets de la 6\u00e8me \u00e9tape du Tour d&rsquo;Italie<\/strong>.<\/p>\n<div class=\"vlp-link-container vlp-layout-article\"><a href=\"https:\/\/dicodusport.fr\/blog\/tour-ditalie-femmes-2025-marlen-reusser-en-favorite-sur-les-routes-italiennes\/\" class=\"vlp-link\" title=\"Tour d&#039;Italie femmes 2025 : Marlen Reusser en favorite sur les routes italiennes ?\"><\/a><div class=\"vlp-layout-zone-side\"><div class=\"vlp-block-4 vlp-link-image\"><img loading=\"lazy\" decoding=\"async\" style=\"max-width: 792px;\" width=\"792\" height=\"445\" src=\"https:\/\/dicodusport.fr\/blog\/wp-content\/uploads\/2025\/07\/Tour-dItalie-femmes-2025-Marlen-Reusser-en-favorite-sur-les-routes-italiennes.png\" class=\"attachment-800x445 size-800x445\" alt=\"Tour d&#039;Italie femmes 2025 Marlen Reusser en favorite sur les routes italiennes\" srcset=\"https:\/\/dicodusport.fr\/blog\/wp-content\/uploads\/2025\/07\/Tour-dItalie-femmes-2025-Marlen-Reusser-en-favorite-sur-les-routes-italiennes.png 1200w, https:\/\/dicodusport.fr\/blog\/wp-content\/uploads\/2025\/07\/Tour-dItalie-femmes-2025-Marlen-Reusser-en-favorite-sur-les-routes-italiennes-300x169.png 300w, https:\/\/dicodusport.fr\/blog\/wp-content\/uploads\/2025\/07\/Tour-dItalie-femmes-2025-Marlen-Reusser-en-favorite-sur-les-routes-italiennes-1024x575.png 1024w, https:\/\/dicodusport.fr\/blog\/wp-content\/uploads\/2025\/07\/Tour-dItalie-femmes-2025-Marlen-Reusser-en-favorite-sur-les-routes-italiennes-768x431.png 768w\" sizes=\"auto, (max-width: 792px) 100vw, 792px\" \/><\/div><\/div><div class=\"vlp-layout-zone-main\"><div class=\"vlp-block-0 vlp-link-title\">Tour d'Italie femmes 2025 : Marlen Reusser en favorite sur les routes italiennes ?<\/div><div class=\"vlp-block-1 vlp-link-summary\">TOUR D'ITALIE FEMMES 2025 - Impressionnante depuis deux mois, Marlen Reusser semble avoir la pancarte de favorite sur le dos. <\/div><div class=\"vlp-block-2 vlp-link-button\">Lire l'article<\/div><div class=\"vlp-block-3 vlp-link-url\">dicodusport.fr<\/div><\/div><\/div>\n<h2 style=\"text-align: justify;\">Classement 6\u00e8me \u00e9tape &#8211; Tour d&rsquo;Italie f\u00e9minin 2025<\/h2>\n<div class=\"su-table su-table-alternate\">\n<table style=\"width: 800px;border-collapse: collapse\" border=\"1\">\n<tbody>\n<tr style=\"height: 24px\">\n<td style=\"border-color: #ebebeb;height: 24px;text-align: center;width: 80px;vertical-align: middle\">\ud83c\udfc6<\/td>\n<td style=\"border-color: #ebebeb;height: 24px;text-align: center;width: 500px;vertical-align: middle\"><span style=\"font-size: 0.9em\"><strong>COUREURS<\/strong><\/span><\/td>\n<td style=\"border-color: #ebebeb;height: 24px;text-align: center;width: 220px;vertical-align: middle\"><span style=\"font-size: 0.9em\"><strong>TEMPS \/ \u00c9CART<\/strong><\/span><\/td>\n<\/tr>\n<tr style=\"height: 24px\">\n<td style=\"border-color: #ebebeb;height: 24px;text-align: center;width: 80px;vertical-align: middle\"><strong><span class=\"su-label su-label-type-warning\">1.<\/span><\/strong><\/td>\n<td style=\"border-color: #ebebeb;text-align: center;width: 500px;vertical-align: middle\"><span style=\"font-size: 0.9em\"><b><strong>\ud83c\udde9\ud83c\uddea <\/strong>LIANE LIPPERT<br \/>\n<\/b><span style=\"font-size: 0.8em\">MOVISTAR TEAM<\/span><\/span><\/td>\n<td style=\"border-color: #ebebeb;text-align: center;width: 220px;vertical-align: middle\"><strong><span style=\"font-size: 0.9em\">3h53<\/span><\/strong><strong><span style=\"font-size: 0.9em\">m01s<\/span><\/strong><\/td>\n<\/tr>\n<tr>\n<td style=\"border-color: #ebebeb;text-align: center;width: 80px;vertical-align: middle\"><span style=\"font-size: 0.9em\">2.<\/span><\/td>\n<td style=\"border-color: #ebebeb;text-align: center;width: 500px;vertical-align: middle\"><span style=\"font-size: 0.9em\">\ud83c\uddf3\ud83c\uddf1 <b>PAULIENA ROOIJAKKERS<br \/>\n<\/b><span style=\"font-size: 0.8em\">FENIX &#8211; DECEUNINCK<\/span><\/span><\/td>\n<td style=\"border-color: #ebebeb;text-align: center;width: 220px;vertical-align: middle\"><strong><span style=\"font-size: 0.9em\">\u00e0 2s<\/span><\/strong><\/td>\n<\/tr>\n<tr>\n<td style=\"border-color: #ebebeb;text-align: center;width: 80px;vertical-align: middle\"><span style=\"font-size: 0.9em\">3.<\/span><\/td>\n<td style=\"border-color: #ebebeb;text-align: center;width: 500px;vertical-align: middle\"><span style=\"font-size: 0.9em\"><strong>\ud83c\uddf3\ud83c\uddf1 SHIRIN VAN ANROOIJ<\/strong><br \/>\n<span style=\"font-size: 0.8em\">LIDL &#8211; TREK<\/span><\/span><\/td>\n<td style=\"border-color: #ebebeb;text-align: center;width: 220px;vertical-align: middle\"><strong><span style=\"font-size: 0.9em\">\u00e0 46s<\/span><\/strong><\/td>\n<\/tr>\n<tr>\n<td style=\"border-color: #ebebeb;text-align: center;width: 80px;vertical-align: middle\"><span style=\"font-size: 0.9em\">4.<\/span><\/td>\n<td style=\"border-color: #ebebeb;text-align: center;width: 500px;vertical-align: middle\"><span style=\"font-size: 0.9em\"><strong>\ud83c\uddf3\ud83c\uddf1 SILKE SMULDERS<\/strong><br \/>\n<span style=\"font-size: 0.8em\">LIV ALULA JAYCO<\/span><\/span><\/td>\n<td style=\"border-color: #ebebeb;text-align: center;width: 220px;vertical-align: middle\"><strong><span style=\"font-size: 0.9em\">\u00e0 1m05s<\/span><\/strong><\/td>\n<\/tr>\n<tr>\n<td style=\"border-color: #ebebeb;text-align: center;width: 80px;vertical-align: middle\"><span style=\"font-size: 0.9em\">5.<\/span><\/td>\n<td style=\"border-color: #ebebeb;text-align: center;width: 500px;vertical-align: middle\"><span style=\"font-size: 0.9em\"><strong>\ud83c\uddf3\ud83c\uddf1 LIEKE NOOIJEN<\/strong><br \/>\n<span style=\"font-size: 0.8em\">TEAM VISMA | LEASE A BIKE<\/span><\/span><\/td>\n<td style=\"border-color: #ebebeb;text-align: center;width: 220px;vertical-align: middle\"><strong><span style=\"font-size: 0.9em\">\u00e0 1m16s<\/span><\/strong><\/td>\n<\/tr>\n<tr>\n<td style=\"border-color: #ebebeb;text-align: center;width: 80px;vertical-align: middle\"><span style=\"font-size: 0.9em\">6.<\/span><\/td>\n<td style=\"border-color: #ebebeb;text-align: center;width: 500px;vertical-align: middle\"><span style=\"font-size: 0.9em\"><strong>\ud83c\udde8\ud83c\udde6 SARAH VAN DAM<\/strong><br \/>\n<span style=\"font-size: 0.8em\">CERATIZIT PRO CYCLING TEAM<\/span><\/span><\/td>\n<td style=\"border-color: #ebebeb;text-align: center;width: 220px;vertical-align: middle\"><strong><span style=\"font-size: 0.9em\">\u00e0 1m24s<\/span><\/strong><\/td>\n<\/tr>\n<tr>\n<td style=\"border-color: #ebebeb;text-align: center;width: 80px;vertical-align: middle\"><span style=\"font-size: 0.9em\">7.<\/span><\/td>\n<td style=\"border-color: #ebebeb;text-align: center;width: 500px;vertical-align: middle\"><span style=\"font-size: 0.9em\"><strong>\ud83c\uddeb\ud83c\uddf7 JULIETTE LABOUS<\/strong><br \/>\n<span style=\"font-size: 0.8em\">FDJ &#8211; SUEZ<\/span><\/span><\/td>\n<td style=\"border-color: #ebebeb;text-align: center;width: 220px;vertical-align: middle\"><strong><span style=\"font-size: 0.9em\">\u00e0 1m24s<\/span><\/strong><\/td>\n<\/tr>\n<tr>\n<td style=\"border-color: #ebebeb;text-align: center;width: 80px;vertical-align: middle\"><span style=\"font-size: 0.9em\">8.<\/span><\/td>\n<td style=\"border-color: #ebebeb;text-align: center;width: 500px;vertical-align: middle\"><span style=\"font-size: 0.9em\"><strong>\ud83c\uddf3\ud83c\uddf4 KATRINE AALERUD<\/strong><br \/>\n<span style=\"font-size: 0.8em\">UNO-X MOBILITY<\/span><\/span><\/td>\n<td style=\"border-color: #ebebeb;text-align: center;width: 220px;vertical-align: middle\"><strong><span style=\"font-size: 0.9em\">\u00e0 1m24s<\/span><\/strong><\/td>\n<\/tr>\n<tr>\n<td style=\"border-color: #ebebeb;text-align: center;width: 80px;vertical-align: middle\"><span style=\"font-size: 0.9em\">9.<\/span><\/td>\n<td style=\"border-color: #ebebeb;text-align: center;width: 500px;vertical-align: middle\"><span style=\"font-size: 0.9em\"><strong>\ud83c\uddee\ud83c\uddf9 ELISA LONGO BORGHINI<\/strong><br \/>\n<span style=\"font-size: 0.8em\">UAE TEAM ADQ<\/span><\/span><\/td>\n<td style=\"border-color: #ebebeb;text-align: center;width: 220px;vertical-align: middle\"><strong><span style=\"font-size: 0.9em\">\u00e0 1m24s<\/span><\/strong><\/td>\n<\/tr>\n<tr style=\"height: 24px\">\n<td style=\"border-color: #ebebeb;height: 24px;text-align: center;width: 80px;vertical-align: middle\"><span style=\"font-size: 0.9em\">10.<\/span><\/td>\n<td style=\"border-color: #ebebeb;text-align: center;width: 500px;vertical-align: middle\"><span style=\"font-size: 0.9em\"><strong>\ud83c\uddee\ud83c\uddf9 BARBARA MALCOTTI<\/strong><br \/>\n<span style=\"font-size: 0.8em\">HUMAN POWERED HEALTH<\/span><\/span><\/td>\n<td style=\"border-color: #ebebeb;text-align: center;width: 220px;vertical-align: middle\"><strong><span style=\"font-size: 0.9em\">\u00e0 1m24s<\/span><\/strong><\/td>\n<\/tr>\n<\/tbody>\n<\/table>\n<\/div>\n<h2 style=\"text-align: justify;\">\u00c0 lire aussi<\/h2>\n<ul>\n<li style=\"text-align: justify;\"><strong><a href=\"https:\/\/www.procyclingstats.com\/race\/giro-d-italia-women\/2025\/stage-6\">Le classement complet de la 6\u00e8me \u00e9tape<\/a>\u00a0<\/strong><strong><br \/>\n<\/strong><\/li>\n<\/ul>\n","protected":false},"excerpt":{"rendered":"<p>Retrouvez le classement et les r\u00e9sultats de la 6\u00e8me \u00e9tape du Tour d&rsquo;Italie f\u00e9minin 2025, qui s&rsquo;est d\u00e9roul\u00e9e ce vendredi 11 juillet entre Bellaria-Igea Marina et Terre Roveresche (145 km).<\/p>\n","protected":false},"author":4,"featured_media":594303,"comment_status":"open","ping_status":"closed","sticky":false,"template":"","format":"standard","meta":{"_acf_changed":false,"_daextam_enable_autolinks":"1","footnotes":""},"categories":[47041],"tags":[16878,4722,32432,40347],"class_list":["post-594300","post","type-post","status-publish","format-standard","has-post-thumbnail","hentry","category-tour-d-italie","tag-breve","tag-tour-ditalie","tag-tour-ditalie-feminin","tag-tour-ditalie-femmes"],"acf":[],"yoast_head":"<!-- This site is optimized with the Yoast SEO Premium plugin v26.7 (Yoast SEO v26.7) - https:\/\/yoast.com\/wordpress\/plugins\/seo\/ -->\n<title>6\u00e8me \u00e9tape Tour d&#039;Italie f\u00e9minin 2025 - Classement et r\u00e9sulats<\/title>\n<meta name=\"description\" content=\"Retrouvez le classement et les r\u00e9sultats de la 6\u00e8me \u00e9tape du Tour d&#039;Italie f\u00e9minin 2025, qui s&#039;est d\u00e9roul\u00e9e ce vendredi 11 juillet entre Bellaria-Igea Marina et Terre Roveresche (145 km).\" \/>\n<meta name=\"robots\" content=\"index, follow, max-snippet:-1, max-image-preview:large, max-video-preview:-1\" \/>\n<link rel=\"canonical\" href=\"https:\/\/dicodusport.fr\/blog\/6eme-etape-tour-ditalie-feminin-2025-classement-et-resulats\/\" \/>\n<meta property=\"og:locale\" content=\"fr_FR\" \/>\n<meta property=\"og:type\" content=\"article\" \/>\n<meta property=\"og:title\" content=\"6\u00e8me \u00e9tape Tour d&#039;Italie f\u00e9minin 2025 - Classement et r\u00e9sulats\" \/>\n<meta property=\"og:description\" content=\"Retrouvez le classement et les r\u00e9sultats de la 6\u00e8me \u00e9tape du Tour d&#039;Italie f\u00e9minin 2025, qui s&#039;est d\u00e9roul\u00e9e ce vendredi 11 juillet entre Bellaria-Igea Marina et Terre Roveresche (145 km).\" \/>\n<meta property=\"og:url\" content=\"https:\/\/dicodusport.fr\/blog\/6eme-etape-tour-ditalie-feminin-2025-classement-et-resulats\/\" \/>\n<meta property=\"og:site_name\" content=\"Dicodusport\" \/>\n<meta property=\"article:publisher\" content=\"https:\/\/www.facebook.com\/dicodusport\" \/>\n<meta property=\"article:author\" content=\"https:\/\/www.facebook.com\/florent.ostermann\" \/>\n<meta property=\"article:published_time\" content=\"2025-07-11T13:04:05+00:00\" \/>\n<meta property=\"article:modified_time\" content=\"2025-07-11T13:04:59+00:00\" \/>\n<meta property=\"og:image\" content=\"https:\/\/dicodusport.fr\/blog\/wp-content\/uploads\/2025\/07\/6eme-etape-Tour-dItalie-feminin-2025-Classement-et-resulats.png\" \/>\n\t<meta property=\"og:image:width\" content=\"1200\" \/>\n\t<meta property=\"og:image:height\" content=\"674\" \/>\n\t<meta property=\"og:image:type\" content=\"image\/png\" \/>\n<meta name=\"author\" content=\"Flo Ostermann\" \/>\n<meta name=\"twitter:card\" content=\"summary_large_image\" \/>\n<meta name=\"twitter:title\" content=\"6\u00e8me \u00e9tape Tour d&#039;Italie f\u00e9minin 2025 - Classement et r\u00e9sulats\" \/>\n<meta name=\"twitter:creator\" content=\"@https:\/\/twitter.com\/FlOstermann\" \/>\n<meta name=\"twitter:site\" content=\"@dicodusport\" \/>\n<script type=\"application\/ld+json\" class=\"yoast-schema-graph\">{\"@context\":\"https:\/\/schema.org\",\"@graph\":[{\"@type\":\"NewsArticle\",\"@id\":\"https:\/\/dicodusport.fr\/blog\/6eme-etape-tour-ditalie-feminin-2025-classement-et-resulats\/#article\",\"isPartOf\":{\"@id\":\"https:\/\/dicodusport.fr\/blog\/6eme-etape-tour-ditalie-feminin-2025-classement-et-resulats\/\"},\"author\":{\"name\":\"Flo Ostermann\",\"@id\":\"https:\/\/dicodusport.fr\/blog\/#\/schema\/person\/cb02af4c173ce4a653b55e9baf388d4a\"},\"headline\":\"6\u00e8me \u00e9tape Tour d&rsquo;Italie f\u00e9minin 2025 &#8211; Classement et r\u00e9sulats\",\"datePublished\":\"2025-07-11T13:04:05+00:00\",\"dateModified\":\"2025-07-11T13:04:59+00:00\",\"mainEntityOfPage\":{\"@id\":\"https:\/\/dicodusport.fr\/blog\/6eme-etape-tour-ditalie-feminin-2025-classement-et-resulats\/\"},\"wordCount\":521,\"commentCount\":0,\"publisher\":{\"@id\":\"https:\/\/dicodusport.fr\/blog\/#organization\"},\"image\":{\"@id\":\"https:\/\/dicodusport.fr\/blog\/6eme-etape-tour-ditalie-feminin-2025-classement-et-resulats\/#primaryimage\"},\"thumbnailUrl\":\"https:\/\/dicodusport.fr\/blog\/wp-content\/uploads\/2025\/07\/6eme-etape-Tour-dItalie-feminin-2025-Classement-et-resulats.png\",\"keywords\":[\"br\u00e8ve\",\"Tour d'Italie\",\"Tour d'Italie F\u00e9minin\",\"Tour d'Italie Femmes\"],\"articleSection\":[\"Tour d'Italie\"],\"inLanguage\":\"fr-FR\",\"potentialAction\":[{\"@type\":\"CommentAction\",\"name\":\"Comment\",\"target\":[\"https:\/\/dicodusport.fr\/blog\/6eme-etape-tour-ditalie-feminin-2025-classement-et-resulats\/#respond\"]}],\"copyrightYear\":\"2025\",\"copyrightHolder\":{\"@id\":\"https:\/\/dicodusport.fr\/blog\/#organization\"}},{\"@type\":\"WebPage\",\"@id\":\"https:\/\/dicodusport.fr\/blog\/6eme-etape-tour-ditalie-feminin-2025-classement-et-resulats\/\",\"url\":\"https:\/\/dicodusport.fr\/blog\/6eme-etape-tour-ditalie-feminin-2025-classement-et-resulats\/\",\"name\":\"6\u00e8me \u00e9tape Tour d'Italie f\u00e9minin 2025 - Classement et r\u00e9sulats\",\"isPartOf\":{\"@id\":\"https:\/\/dicodusport.fr\/blog\/#website\"},\"primaryImageOfPage\":{\"@id\":\"https:\/\/dicodusport.fr\/blog\/6eme-etape-tour-ditalie-feminin-2025-classement-et-resulats\/#primaryimage\"},\"image\":{\"@id\":\"https:\/\/dicodusport.fr\/blog\/6eme-etape-tour-ditalie-feminin-2025-classement-et-resulats\/#primaryimage\"},\"thumbnailUrl\":\"https:\/\/dicodusport.fr\/blog\/wp-content\/uploads\/2025\/07\/6eme-etape-Tour-dItalie-feminin-2025-Classement-et-resulats.png\",\"datePublished\":\"2025-07-11T13:04:05+00:00\",\"dateModified\":\"2025-07-11T13:04:59+00:00\",\"description\":\"Retrouvez le classement et les r\u00e9sultats de la 6\u00e8me \u00e9tape du Tour d'Italie f\u00e9minin 2025, qui s'est d\u00e9roul\u00e9e ce vendredi 11 juillet entre Bellaria-Igea Marina et Terre Roveresche (145 km).\",\"breadcrumb\":{\"@id\":\"https:\/\/dicodusport.fr\/blog\/6eme-etape-tour-ditalie-feminin-2025-classement-et-resulats\/#breadcrumb\"},\"inLanguage\":\"fr-FR\",\"potentialAction\":[{\"@type\":\"ReadAction\",\"target\":[\"https:\/\/dicodusport.fr\/blog\/6eme-etape-tour-ditalie-feminin-2025-classement-et-resulats\/\"]}]},{\"@type\":\"ImageObject\",\"inLanguage\":\"fr-FR\",\"@id\":\"https:\/\/dicodusport.fr\/blog\/6eme-etape-tour-ditalie-feminin-2025-classement-et-resulats\/#primaryimage\",\"url\":\"https:\/\/dicodusport.fr\/blog\/wp-content\/uploads\/2025\/07\/6eme-etape-Tour-dItalie-feminin-2025-Classement-et-resulats.png\",\"contentUrl\":\"https:\/\/dicodusport.fr\/blog\/wp-content\/uploads\/2025\/07\/6eme-etape-Tour-dItalie-feminin-2025-Classement-et-resulats.png\",\"width\":1200,\"height\":674,\"caption\":\"6\u00e8me \u00e9tape Tour d'Italie f\u00e9minin 2025 - Classement et r\u00e9sulats\"},{\"@type\":\"BreadcrumbList\",\"@id\":\"https:\/\/dicodusport.fr\/blog\/6eme-etape-tour-ditalie-feminin-2025-classement-et-resulats\/#breadcrumb\",\"itemListElement\":[{\"@type\":\"ListItem\",\"position\":1,\"name\":\"Accueil\",\"item\":\"https:\/\/dicodusport.fr\/blog\/\"},{\"@type\":\"ListItem\",\"position\":2,\"name\":\"6\u00e8me \u00e9tape Tour d&rsquo;Italie f\u00e9minin 2025 &#8211; Classement et r\u00e9sulats\"}]},{\"@type\":\"WebSite\",\"@id\":\"https:\/\/dicodusport.fr\/blog\/#website\",\"url\":\"https:\/\/dicodusport.fr\/blog\/\",\"name\":\"Dicodusport\",\"description\":\"L&#039;encyclop\u00e9die de l&#039;actualit\u00e9 sportive\",\"publisher\":{\"@id\":\"https:\/\/dicodusport.fr\/blog\/#organization\"},\"potentialAction\":[{\"@type\":\"SearchAction\",\"target\":{\"@type\":\"EntryPoint\",\"urlTemplate\":\"https:\/\/dicodusport.fr\/blog\/?s={search_term_string}\"},\"query-input\":{\"@type\":\"PropertyValueSpecification\",\"valueRequired\":true,\"valueName\":\"search_term_string\"}}],\"inLanguage\":\"fr-FR\"},{\"@type\":\"NewsMediaOrganization\",\"@id\":\"https:\/\/dicodusport.fr\/blog\/#organization\",\"name\":\"Dicodusport\",\"url\":\"https:\/\/dicodusport.fr\/blog\/\",\"logo\":{\"@type\":\"ImageObject\",\"inLanguage\":\"fr-FR\",\"@id\":\"https:\/\/dicodusport.fr\/blog\/#\/schema\/logo\/image\/\",\"url\":\"https:\/\/dicodusport.fr\/blog\/wp-content\/uploads\/2020\/06\/cropped-LOGO-DICODUSPORT-2020-SANS-FOND-SANS-TEXTE.png\",\"contentUrl\":\"https:\/\/dicodusport.fr\/blog\/wp-content\/uploads\/2020\/06\/cropped-LOGO-DICODUSPORT-2020-SANS-FOND-SANS-TEXTE.png\",\"width\":512,\"height\":512,\"caption\":\"Dicodusport\"},\"image\":{\"@id\":\"https:\/\/dicodusport.fr\/blog\/#\/schema\/logo\/image\/\"},\"sameAs\":[\"https:\/\/www.facebook.com\/dicodusport\",\"https:\/\/x.com\/dicodusport\",\"https:\/\/www.instagram.com\/dicodusport\/\",\"https:\/\/www.youtube.com\/channel\/UC7V2KZ5sd3htJivAbA4ZG3w\"],\"description\":\"Dicodusport est l'encyclop\u00e9die de l'actualit\u00e9 sportive.\",\"email\":\"bonjour@dicodusport.fr\",\"legalName\":\"DICODUSPORT\",\"foundingDate\":\"2018-01-14\",\"vatID\":\"FR71834470973\",\"taxID\":\"83447097300043\",\"numberOfEmployees\":{\"@type\":\"QuantitativeValue\",\"minValue\":\"1\",\"maxValue\":\"10\"}},{\"@type\":\"Person\",\"@id\":\"https:\/\/dicodusport.fr\/blog\/#\/schema\/person\/cb02af4c173ce4a653b55e9baf388d4a\",\"name\":\"Flo Ostermann\",\"image\":{\"@type\":\"ImageObject\",\"inLanguage\":\"fr-FR\",\"@id\":\"https:\/\/dicodusport.fr\/blog\/#\/schema\/person\/image\/\",\"url\":\"https:\/\/dicodusport.fr\/blog\/wp-content\/uploads\/2021\/05\/Flo-Ostermann-150x150.jpg\",\"contentUrl\":\"https:\/\/dicodusport.fr\/blog\/wp-content\/uploads\/2021\/05\/Flo-Ostermann-150x150.jpg\",\"caption\":\"Flo Ostermann\"},\"description\":\"Journaliste\/R\u00e9dacteur depuis septembre 2015 - Mes premiers souvenirs dans le sport ? Les envol\u00e9es du Stade Toulousain et les duels Villeneuve-Schumacher et H\u00e4kkinen-Schumacher \u00e0 la fin des ann\u00e9es 90, la Coupe du monde de football en 1998, l\u2019exploit du XV de France face aux All Blacks en 1999, mais aussi Richard C\u0153ur de Lion qui vole sur les montagnes du Tour de France. Bien parti pour devenir professeur d\u2019EPS, les \u00e9v\u00e9nements de la vie (et la flemme d\u2019animer des s\u00e9ances de 3x500 m\u00e8tres toute ma vie) m\u2019ont conduit \u00e0 revoir mes plans. Me voil\u00e0 depuis fin 2017 sur Dicodusport, m\u00e9dia gr\u00e2ce (et pour) lequel je partage ma passion : le sport dans tous ses \u00e9tats. Le tout accompagn\u00e9 par les fous furieux et folles furieuses cit\u00e9s sur cette page !\",\"sameAs\":[\"https:\/\/www.facebook.com\/florent.ostermann\",\"https:\/\/x.com\/https:\/\/twitter.com\/FlOstermann\",\"admin\"],\"url\":\"https:\/\/dicodusport.fr\/blog\/author\/flo\/\"}]}<\/script>\n<!-- \/ Yoast SEO Premium plugin. -->","yoast_head_json":{"title":"6\u00e8me \u00e9tape Tour d'Italie f\u00e9minin 2025 - Classement et r\u00e9sulats","description":"Retrouvez le classement et les r\u00e9sultats de la 6\u00e8me \u00e9tape du Tour d'Italie f\u00e9minin 2025, qui s'est d\u00e9roul\u00e9e ce vendredi 11 juillet entre Bellaria-Igea Marina et Terre Roveresche (145 km).","robots":{"index":"index","follow":"follow","max-snippet":"max-snippet:-1","max-image-preview":"max-image-preview:large","max-video-preview":"max-video-preview:-1"},"canonical":"https:\/\/dicodusport.fr\/blog\/6eme-etape-tour-ditalie-feminin-2025-classement-et-resulats\/","og_locale":"fr_FR","og_type":"article","og_title":"6\u00e8me \u00e9tape Tour d'Italie f\u00e9minin 2025 - Classement et r\u00e9sulats","og_description":"Retrouvez le classement et les r\u00e9sultats de la 6\u00e8me \u00e9tape du Tour d'Italie f\u00e9minin 2025, qui s'est d\u00e9roul\u00e9e ce vendredi 11 juillet entre Bellaria-Igea Marina et Terre Roveresche (145 km).","og_url":"https:\/\/dicodusport.fr\/blog\/6eme-etape-tour-ditalie-feminin-2025-classement-et-resulats\/","og_site_name":"Dicodusport","article_publisher":"https:\/\/www.facebook.com\/dicodusport","article_author":"https:\/\/www.facebook.com\/florent.ostermann","article_published_time":"2025-07-11T13:04:05+00:00","article_modified_time":"2025-07-11T13:04:59+00:00","og_image":[{"width":1200,"height":674,"url":"https:\/\/dicodusport.fr\/blog\/wp-content\/uploads\/2025\/07\/6eme-etape-Tour-dItalie-feminin-2025-Classement-et-resulats.png","type":"image\/png"}],"author":"Flo Ostermann","twitter_card":"summary_large_image","twitter_title":"6\u00e8me \u00e9tape Tour d'Italie f\u00e9minin 2025 - Classement et r\u00e9sulats","twitter_creator":"@https:\/\/twitter.com\/FlOstermann","twitter_site":"@dicodusport","schema":{"@context":"https:\/\/schema.org","@graph":[{"@type":"NewsArticle","@id":"https:\/\/dicodusport.fr\/blog\/6eme-etape-tour-ditalie-feminin-2025-classement-et-resulats\/#article","isPartOf":{"@id":"https:\/\/dicodusport.fr\/blog\/6eme-etape-tour-ditalie-feminin-2025-classement-et-resulats\/"},"author":{"name":"Flo Ostermann","@id":"https:\/\/dicodusport.fr\/blog\/#\/schema\/person\/cb02af4c173ce4a653b55e9baf388d4a"},"headline":"6\u00e8me \u00e9tape Tour d&rsquo;Italie f\u00e9minin 2025 &#8211; Classement et r\u00e9sulats","datePublished":"2025-07-11T13:04:05+00:00","dateModified":"2025-07-11T13:04:59+00:00","mainEntityOfPage":{"@id":"https:\/\/dicodusport.fr\/blog\/6eme-etape-tour-ditalie-feminin-2025-classement-et-resulats\/"},"wordCount":521,"commentCount":0,"publisher":{"@id":"https:\/\/dicodusport.fr\/blog\/#organization"},"image":{"@id":"https:\/\/dicodusport.fr\/blog\/6eme-etape-tour-ditalie-feminin-2025-classement-et-resulats\/#primaryimage"},"thumbnailUrl":"https:\/\/dicodusport.fr\/blog\/wp-content\/uploads\/2025\/07\/6eme-etape-Tour-dItalie-feminin-2025-Classement-et-resulats.png","keywords":["br\u00e8ve","Tour d'Italie","Tour d'Italie F\u00e9minin","Tour d'Italie Femmes"],"articleSection":["Tour d'Italie"],"inLanguage":"fr-FR","potentialAction":[{"@type":"CommentAction","name":"Comment","target":["https:\/\/dicodusport.fr\/blog\/6eme-etape-tour-ditalie-feminin-2025-classement-et-resulats\/#respond"]}],"copyrightYear":"2025","copyrightHolder":{"@id":"https:\/\/dicodusport.fr\/blog\/#organization"}},{"@type":"WebPage","@id":"https:\/\/dicodusport.fr\/blog\/6eme-etape-tour-ditalie-feminin-2025-classement-et-resulats\/","url":"https:\/\/dicodusport.fr\/blog\/6eme-etape-tour-ditalie-feminin-2025-classement-et-resulats\/","name":"6\u00e8me \u00e9tape Tour d'Italie f\u00e9minin 2025 - Classement et r\u00e9sulats","isPartOf":{"@id":"https:\/\/dicodusport.fr\/blog\/#website"},"primaryImageOfPage":{"@id":"https:\/\/dicodusport.fr\/blog\/6eme-etape-tour-ditalie-feminin-2025-classement-et-resulats\/#primaryimage"},"image":{"@id":"https:\/\/dicodusport.fr\/blog\/6eme-etape-tour-ditalie-feminin-2025-classement-et-resulats\/#primaryimage"},"thumbnailUrl":"https:\/\/dicodusport.fr\/blog\/wp-content\/uploads\/2025\/07\/6eme-etape-Tour-dItalie-feminin-2025-Classement-et-resulats.png","datePublished":"2025-07-11T13:04:05+00:00","dateModified":"2025-07-11T13:04:59+00:00","description":"Retrouvez le classement et les r\u00e9sultats de la 6\u00e8me \u00e9tape du Tour d'Italie f\u00e9minin 2025, qui s'est d\u00e9roul\u00e9e ce vendredi 11 juillet entre Bellaria-Igea Marina et Terre Roveresche (145 km).","breadcrumb":{"@id":"https:\/\/dicodusport.fr\/blog\/6eme-etape-tour-ditalie-feminin-2025-classement-et-resulats\/#breadcrumb"},"inLanguage":"fr-FR","potentialAction":[{"@type":"ReadAction","target":["https:\/\/dicodusport.fr\/blog\/6eme-etape-tour-ditalie-feminin-2025-classement-et-resulats\/"]}]},{"@type":"ImageObject","inLanguage":"fr-FR","@id":"https:\/\/dicodusport.fr\/blog\/6eme-etape-tour-ditalie-feminin-2025-classement-et-resulats\/#primaryimage","url":"https:\/\/dicodusport.fr\/blog\/wp-content\/uploads\/2025\/07\/6eme-etape-Tour-dItalie-feminin-2025-Classement-et-resulats.png","contentUrl":"https:\/\/dicodusport.fr\/blog\/wp-content\/uploads\/2025\/07\/6eme-etape-Tour-dItalie-feminin-2025-Classement-et-resulats.png","width":1200,"height":674,"caption":"6\u00e8me \u00e9tape Tour d'Italie f\u00e9minin 2025 - Classement et r\u00e9sulats"},{"@type":"BreadcrumbList","@id":"https:\/\/dicodusport.fr\/blog\/6eme-etape-tour-ditalie-feminin-2025-classement-et-resulats\/#breadcrumb","itemListElement":[{"@type":"ListItem","position":1,"name":"Accueil","item":"https:\/\/dicodusport.fr\/blog\/"},{"@type":"ListItem","position":2,"name":"6\u00e8me \u00e9tape Tour d&rsquo;Italie f\u00e9minin 2025 &#8211; Classement et r\u00e9sulats"}]},{"@type":"WebSite","@id":"https:\/\/dicodusport.fr\/blog\/#website","url":"https:\/\/dicodusport.fr\/blog\/","name":"Dicodusport","description":"L&#039;encyclop\u00e9die de l&#039;actualit\u00e9 sportive","publisher":{"@id":"https:\/\/dicodusport.fr\/blog\/#organization"},"potentialAction":[{"@type":"SearchAction","target":{"@type":"EntryPoint","urlTemplate":"https:\/\/dicodusport.fr\/blog\/?s={search_term_string}"},"query-input":{"@type":"PropertyValueSpecification","valueRequired":true,"valueName":"search_term_string"}}],"inLanguage":"fr-FR"},{"@type":"NewsMediaOrganization","@id":"https:\/\/dicodusport.fr\/blog\/#organization","name":"Dicodusport","url":"https:\/\/dicodusport.fr\/blog\/","logo":{"@type":"ImageObject","inLanguage":"fr-FR","@id":"https:\/\/dicodusport.fr\/blog\/#\/schema\/logo\/image\/","url":"https:\/\/dicodusport.fr\/blog\/wp-content\/uploads\/2020\/06\/cropped-LOGO-DICODUSPORT-2020-SANS-FOND-SANS-TEXTE.png","contentUrl":"https:\/\/dicodusport.fr\/blog\/wp-content\/uploads\/2020\/06\/cropped-LOGO-DICODUSPORT-2020-SANS-FOND-SANS-TEXTE.png","width":512,"height":512,"caption":"Dicodusport"},"image":{"@id":"https:\/\/dicodusport.fr\/blog\/#\/schema\/logo\/image\/"},"sameAs":["https:\/\/www.facebook.com\/dicodusport","https:\/\/x.com\/dicodusport","https:\/\/www.instagram.com\/dicodusport\/","https:\/\/www.youtube.com\/channel\/UC7V2KZ5sd3htJivAbA4ZG3w"],"description":"Dicodusport est l'encyclop\u00e9die de l'actualit\u00e9 sportive.","email":"bonjour@dicodusport.fr","legalName":"DICODUSPORT","foundingDate":"2018-01-14","vatID":"FR71834470973","taxID":"83447097300043","numberOfEmployees":{"@type":"QuantitativeValue","minValue":"1","maxValue":"10"}},{"@type":"Person","@id":"https:\/\/dicodusport.fr\/blog\/#\/schema\/person\/cb02af4c173ce4a653b55e9baf388d4a","name":"Flo Ostermann","image":{"@type":"ImageObject","inLanguage":"fr-FR","@id":"https:\/\/dicodusport.fr\/blog\/#\/schema\/person\/image\/","url":"https:\/\/dicodusport.fr\/blog\/wp-content\/uploads\/2021\/05\/Flo-Ostermann-150x150.jpg","contentUrl":"https:\/\/dicodusport.fr\/blog\/wp-content\/uploads\/2021\/05\/Flo-Ostermann-150x150.jpg","caption":"Flo Ostermann"},"description":"Journaliste\/R\u00e9dacteur depuis septembre 2015 - Mes premiers souvenirs dans le sport ? Les envol\u00e9es du Stade Toulousain et les duels Villeneuve-Schumacher et H\u00e4kkinen-Schumacher \u00e0 la fin des ann\u00e9es 90, la Coupe du monde de football en 1998, l\u2019exploit du XV de France face aux All Blacks en 1999, mais aussi Richard C\u0153ur de Lion qui vole sur les montagnes du Tour de France. Bien parti pour devenir professeur d\u2019EPS, les \u00e9v\u00e9nements de la vie (et la flemme d\u2019animer des s\u00e9ances de 3x500 m\u00e8tres toute ma vie) m\u2019ont conduit \u00e0 revoir mes plans. Me voil\u00e0 depuis fin 2017 sur Dicodusport, m\u00e9dia gr\u00e2ce (et pour) lequel je partage ma passion : le sport dans tous ses \u00e9tats. Le tout accompagn\u00e9 par les fous furieux et folles furieuses cit\u00e9s sur cette page !","sameAs":["https:\/\/www.facebook.com\/florent.ostermann","https:\/\/x.com\/https:\/\/twitter.com\/FlOstermann","admin"],"url":"https:\/\/dicodusport.fr\/blog\/author\/flo\/"}]}},"_links":{"self":[{"href":"https:\/\/dicodusport.fr\/blog\/wp-json\/wp\/v2\/posts\/594300","targetHints":{"allow":["GET"]}}],"collection":[{"href":"https:\/\/dicodusport.fr\/blog\/wp-json\/wp\/v2\/posts"}],"about":[{"href":"https:\/\/dicodusport.fr\/blog\/wp-json\/wp\/v2\/types\/post"}],"author":[{"embeddable":true,"href":"https:\/\/dicodusport.fr\/blog\/wp-json\/wp\/v2\/users\/4"}],"replies":[{"embeddable":true,"href":"https:\/\/dicodusport.fr\/blog\/wp-json\/wp\/v2\/comments?post=594300"}],"version-history":[{"count":4,"href":"https:\/\/dicodusport.fr\/blog\/wp-json\/wp\/v2\/posts\/594300\/revisions"}],"predecessor-version":[{"id":594328,"href":"https:\/\/dicodusport.fr\/blog\/wp-json\/wp\/v2\/posts\/594300\/revisions\/594328"}],"wp:featuredmedia":[{"embeddable":true,"href":"https:\/\/dicodusport.fr\/blog\/wp-json\/wp\/v2\/media\/594303"}],"wp:attachment":[{"href":"https:\/\/dicodusport.fr\/blog\/wp-json\/wp\/v2\/media?parent=594300"}],"wp:term":[{"taxonomy":"category","embeddable":true,"href":"https:\/\/dicodusport.fr\/blog\/wp-json\/wp\/v2\/categories?post=594300"},{"taxonomy":"post_tag","embeddable":true,"href":"https:\/\/dicodusport.fr\/blog\/wp-json\/wp\/v2\/tags?post=594300"}],"curies":[{"name":"wp","href":"https:\/\/api.w.org\/{rel}","templated":true}]}}