{"id":5944,"date":"2017-10-19T12:23:25","date_gmt":"2017-10-19T11:23:25","guid":{"rendered":"http:\/\/dicodusport.fr\/blog\/?p=5944"},"modified":"2021-04-13T23:15:58","modified_gmt":"2021-04-13T21:15:58","slug":"camille-constant-revenir-plus-forte-apres-cette-suspension","status":"publish","type":"post","link":"https:\/\/dicodusport.fr\/blog\/camille-constant-revenir-plus-forte-apres-cette-suspension\/","title":{"rendered":"Camille Constant, revenir plus forte apr\u00e8s cette suspension"},"content":{"rendered":"<p style=\"text-align: justify;\"><strong><em><span style=\"color: #000000;\">Rencontre avec Camille Constant, gardienne de l&rsquo;<\/span><span style=\"color: #0000ff;\"><a style=\"color: #0000ff;\" href=\"http:\/\/dicodusport.fr\/blog\/as-monaco-feminin\/\">AS Monaco Football F\u00e9minin<\/a><span style=\"color: #000000;\">, qui veut retrouver sa place dans les buts apr\u00e8s avoir purg\u00e9 4 matchs de suspension.<\/span><\/span><\/em><\/strong><\/p>\n<h5 style=\"text-align: justify;\"><strong><span style=\"color: #000000;\"><span style=\"color: #ff0000;\">\u2605\u00a0<\/span><\/span><\/strong><span style=\"color: #000000;\">Tu as disput\u00e9 le premier match du championnat contre AC Avignon et te fais exclure avec un carton rouge. Raconte nous l&rsquo;action qui te fait prendre cette sanction. Quel est ton sentiment ?<\/span><\/h5>\n<p style=\"text-align: justify;\"><span style=\"color: #000000;\">J&rsquo;ai la sensation d&rsquo;injustice car je parle \u00e0 ma d\u00e9fenseuse\u00a0pour qu&rsquo;elle me laisse le ballon. Il y avait 2-2 au score, je voulais mettre du rythme. Je me couche sur le ballon et je vois l&rsquo;attaquante sprinter sur moi et sans m&rsquo;\u00e9viter, elle me rentre dedans. Elle simule une blessure \u00e0 la jambe en hurlant et roulant au sol. Je me rel\u00e8ve et l&rsquo;arbitre me met le rouge, sur la 85\u00e8me. Tout le monde \u00e9tait \u00e9tonn\u00e9 et c&rsquo;\u00e9tait l&rsquo;incompr\u00e9hension totale. J&rsquo;ai pris 4 matchs pour cela, c&rsquo;est exag\u00e9r\u00e9 je trouve.<\/span><\/p>\n<h5 style=\"text-align: justify;\"><strong><span style=\"color: #000000;\"><span style=\"color: #ff0000;\">\u2605\u00a0<\/span><\/span><\/strong><span style=\"color: #000000;\">Tu reviens apr\u00e8s 4 matchs de suspension, les deux gardiennes ont pris peu de buts sur ces derniers matchs. Dois-tu faire tes preuves sur ton retour ?<\/span><\/h5>\n<p style=\"text-align: justify;\"><span style=\"color: #000000;\">J&rsquo;ai continu\u00e9 \u00e0 venir m&rsquo;entra\u00eener et \u00e0 \u00eatre assidue. C&rsquo;est \u00e0 moi de faire mes preuves et prouver au coach que je m\u00e9rite ma place dans l&rsquo;\u00e9quipe et dans les buts. Il est le seul a faire le choix.<\/span><\/p>\n<h5 style=\"text-align: justify;\"><strong><span style=\"color: #000000;\"><span style=\"color: #ff0000;\">\u2605\u00a0<\/span><\/span><\/strong><span style=\"color: #000000;\">A quel niveau de confiance est-on lorsque l&rsquo;on revient dans l&rsquo;\u00e9quipe ? Et quel est celui des joueuses, du coach ?<\/span><\/h5>\n<p style=\"text-align: justify;\"><span style=\"color: #000000;\">Apr\u00e8s une suspension on est plus fragile. On pense tout le temps \u00e0 bien faire. Je vais peut \u00eatre avoir peur de faire des sorties dans les pieds ou autre mais je suis plut\u00f4t confiante car j&rsquo;ai envie de jouer et j&rsquo;ai h\u00e2te de jouer avec mon \u00e9quipe. Je pense et j&rsquo;esp\u00e8re que le coach ainsi que l&rsquo;\u00e9quipe garde une certaine confiance en moi. Nous verrons&#8230;<\/span><\/p>\n<h5 style=\"text-align: justify;\"><strong><span style=\"color: #000000;\"><span style=\"color: #ff0000;\">\u2605\u00a0<\/span><\/span><\/strong><span style=\"color: #000000;\">Vous jouez contre Mouans-Sartoux ce week end, \u00e9quipe avec deux places derri\u00e8re vous au classement. Crois-tu \u00e0 la victoire ? Peut elle vous relancer vers plusieurs victoires d&rsquo;affil\u00e9e en championnat ?<\/span><\/h5>\n<p style=\"text-align: justify;\"><span style=\"color: #000000;\">On joue une \u00e9quipe plus faible en terme de points mais il ne faut pas sous-estimer leur \u00e9quipe. On les avait jou\u00e9\u00a0en match amical et c&rsquo;est une \u00e9quipe avec du potentiel. On ne va pas les prendre \u00e0 la l\u00e9g\u00e8re. On est l\u00e0 pour prendre des points donc il va falloir \u00eatre assidu de la premi\u00e8re \u00e0 la derni\u00e8re minute et pour chaque match. On es capable de se lancer dans une s\u00e9rie de victoire. \u00c0 nous de faire le travail maintenant !<\/span><\/p>\n<p style=\"text-align: justify;\"><em><strong>AS Monaco Football F\u00e9minin<\/strong><br \/>\n<\/em><a style=\"color: #000000;\" href=\"https:\/\/www.facebook.com\/ASMFootFeminin\/\" target=\"_blank\" rel=\"noopener noreferrer\"><img loading=\"lazy\" decoding=\"async\" class=\"alignnone wp-image-2909\" src=\"http:\/\/dicodusport.fr\/blog\/wp-content\/uploads\/2017\/07\/logo-facebook-150x150.png\" alt=\"\" width=\"40\" height=\"40\" \/><\/a><a style=\"color: #000000;\" href=\"https:\/\/twitter.com\/ASMFootFem\" target=\"_blank\" rel=\"noopener noreferrer\"><img loading=\"lazy\" decoding=\"async\" class=\"alignnone wp-image-2908\" src=\"http:\/\/dicodusport.fr\/blog\/wp-content\/uploads\/2017\/07\/logo-twitter-150x150.png\" alt=\"\" width=\"39\" height=\"39\" \/><\/a><\/p>\n","protected":false},"excerpt":{"rendered":"<p>Rencontre avec Camille Constant, gardienne de l&rsquo;AS Monaco Football F\u00e9minin, qui veut retrouver sa place dans les buts apr\u00e8s avoir purg\u00e9 4 matchs de suspension. \u2605\u00a0Tu as disput\u00e9 le premier match du championnat contre AC Avignon et te fais exclure avec un carton rouge. Raconte nous l&rsquo;action qui te fait prendre cette sanction. Quel est [&hellip;]<\/p>\n","protected":false},"author":1,"featured_media":5945,"comment_status":"open","ping_status":"closed","sticky":false,"template":"","format":"standard","meta":{"_acf_changed":false,"_daextam_enable_autolinks":"","footnotes":""},"categories":[2301,4],"tags":[1691,1690,75],"class_list":["post-5944","post","type-post","status-publish","format-standard","has-post-thumbnail","hentry","category-football","category-portraits","tag-as-monaco","tag-as-monaco-feminin","tag-football"],"acf":[],"yoast_head":"<!-- This site is optimized with the Yoast SEO Premium plugin v26.7 (Yoast SEO v26.7) - https:\/\/yoast.com\/wordpress\/plugins\/seo\/ -->\n<title>Camille Constant, revenir plus forte apr\u00e8s cette suspension<\/title>\n<meta name=\"description\" content=\"Rencontre avec Camille Constant, gardienne de l&#039;AS Monaco F\u00e9minin, qui veut retrouver sa place dans les buts apr\u00e8s avoir purg\u00e9 4 matchs de suspension.\" \/>\n<meta name=\"robots\" content=\"index, follow, max-snippet:-1, max-image-preview:large, max-video-preview:-1\" \/>\n<link rel=\"canonical\" href=\"https:\/\/dicodusport.fr\/blog\/camille-constant-revenir-plus-forte-apres-cette-suspension\/\" \/>\n<meta property=\"og:locale\" content=\"fr_FR\" \/>\n<meta property=\"og:type\" content=\"article\" \/>\n<meta property=\"og:title\" content=\"Camille Constant, revenir plus forte apr\u00e8s cette suspension\" \/>\n<meta property=\"og:description\" content=\"Rencontre avec Camille Constant, gardienne de l&#039;AS Monaco F\u00e9minin, qui veut retrouver sa place dans les buts apr\u00e8s avoir purg\u00e9 4 matchs de suspension.\" \/>\n<meta property=\"og:url\" content=\"https:\/\/dicodusport.fr\/blog\/camille-constant-revenir-plus-forte-apres-cette-suspension\/\" \/>\n<meta property=\"og:site_name\" content=\"Dicodusport\" \/>\n<meta property=\"article:publisher\" content=\"https:\/\/www.facebook.com\/dicodusport\" \/>\n<meta property=\"article:author\" content=\"https:\/\/www.facebook.com\/dicodusport\" \/>\n<meta property=\"article:published_time\" content=\"2017-10-19T11:23:25+00:00\" \/>\n<meta property=\"article:modified_time\" content=\"2021-04-13T21:15:58+00:00\" \/>\n<meta property=\"og:image\" content=\"https:\/\/dicodusport.fr\/blog\/wp-content\/uploads\/2017\/10\/Camille-Constant.png\" \/>\n\t<meta property=\"og:image:width\" content=\"1200\" \/>\n\t<meta property=\"og:image:height\" content=\"670\" \/>\n\t<meta property=\"og:image:type\" content=\"image\/png\" \/>\n<meta name=\"author\" content=\"Nicolas Jacquemard\" \/>\n<meta name=\"twitter:card\" content=\"summary_large_image\" \/>\n<meta name=\"twitter:creator\" content=\"@https:\/\/twitter.com\/Nico_Jacquemard\" \/>\n<meta name=\"twitter:site\" content=\"@dicodusport\" \/>\n<script type=\"application\/ld+json\" class=\"yoast-schema-graph\">{\"@context\":\"https:\/\/schema.org\",\"@graph\":[{\"@type\":\"NewsArticle\",\"@id\":\"https:\/\/dicodusport.fr\/blog\/camille-constant-revenir-plus-forte-apres-cette-suspension\/#article\",\"isPartOf\":{\"@id\":\"https:\/\/dicodusport.fr\/blog\/camille-constant-revenir-plus-forte-apres-cette-suspension\/\"},\"author\":{\"name\":\"Nicolas Jacquemard\",\"@id\":\"https:\/\/dicodusport.fr\/blog\/#\/schema\/person\/55dcb50ad410894e431ed812bbb70191\"},\"headline\":\"Camille Constant, revenir plus forte apr\u00e8s cette suspension\",\"datePublished\":\"2017-10-19T11:23:25+00:00\",\"dateModified\":\"2021-04-13T21:15:58+00:00\",\"mainEntityOfPage\":{\"@id\":\"https:\/\/dicodusport.fr\/blog\/camille-constant-revenir-plus-forte-apres-cette-suspension\/\"},\"wordCount\":455,\"commentCount\":0,\"publisher\":{\"@id\":\"https:\/\/dicodusport.fr\/blog\/#organization\"},\"image\":{\"@id\":\"https:\/\/dicodusport.fr\/blog\/camille-constant-revenir-plus-forte-apres-cette-suspension\/#primaryimage\"},\"thumbnailUrl\":\"https:\/\/dicodusport.fr\/blog\/wp-content\/uploads\/2017\/10\/Camille-Constant.png\",\"keywords\":[\"AS Monaco\",\"AS Monaco f\u00e9minin\",\"Football\"],\"articleSection\":[\"Football\",\"Portraits\"],\"inLanguage\":\"fr-FR\",\"potentialAction\":[{\"@type\":\"CommentAction\",\"name\":\"Comment\",\"target\":[\"https:\/\/dicodusport.fr\/blog\/camille-constant-revenir-plus-forte-apres-cette-suspension\/#respond\"]}],\"copyrightYear\":\"2017\",\"copyrightHolder\":{\"@id\":\"https:\/\/dicodusport.fr\/blog\/#organization\"}},{\"@type\":\"WebPage\",\"@id\":\"https:\/\/dicodusport.fr\/blog\/camille-constant-revenir-plus-forte-apres-cette-suspension\/\",\"url\":\"https:\/\/dicodusport.fr\/blog\/camille-constant-revenir-plus-forte-apres-cette-suspension\/\",\"name\":\"Camille Constant, revenir plus forte apr\u00e8s cette suspension\",\"isPartOf\":{\"@id\":\"https:\/\/dicodusport.fr\/blog\/#website\"},\"primaryImageOfPage\":{\"@id\":\"https:\/\/dicodusport.fr\/blog\/camille-constant-revenir-plus-forte-apres-cette-suspension\/#primaryimage\"},\"image\":{\"@id\":\"https:\/\/dicodusport.fr\/blog\/camille-constant-revenir-plus-forte-apres-cette-suspension\/#primaryimage\"},\"thumbnailUrl\":\"https:\/\/dicodusport.fr\/blog\/wp-content\/uploads\/2017\/10\/Camille-Constant.png\",\"datePublished\":\"2017-10-19T11:23:25+00:00\",\"dateModified\":\"2021-04-13T21:15:58+00:00\",\"description\":\"Rencontre avec Camille Constant, gardienne de l'AS Monaco F\u00e9minin, qui veut retrouver sa place dans les buts apr\u00e8s avoir purg\u00e9 4 matchs de suspension.\",\"breadcrumb\":{\"@id\":\"https:\/\/dicodusport.fr\/blog\/camille-constant-revenir-plus-forte-apres-cette-suspension\/#breadcrumb\"},\"inLanguage\":\"fr-FR\",\"potentialAction\":[{\"@type\":\"ReadAction\",\"target\":[\"https:\/\/dicodusport.fr\/blog\/camille-constant-revenir-plus-forte-apres-cette-suspension\/\"]}]},{\"@type\":\"ImageObject\",\"inLanguage\":\"fr-FR\",\"@id\":\"https:\/\/dicodusport.fr\/blog\/camille-constant-revenir-plus-forte-apres-cette-suspension\/#primaryimage\",\"url\":\"https:\/\/dicodusport.fr\/blog\/wp-content\/uploads\/2017\/10\/Camille-Constant.png\",\"contentUrl\":\"https:\/\/dicodusport.fr\/blog\/wp-content\/uploads\/2017\/10\/Camille-Constant.png\",\"width\":1200,\"height\":670,\"caption\":\"Camille Constant\"},{\"@type\":\"BreadcrumbList\",\"@id\":\"https:\/\/dicodusport.fr\/blog\/camille-constant-revenir-plus-forte-apres-cette-suspension\/#breadcrumb\",\"itemListElement\":[{\"@type\":\"ListItem\",\"position\":1,\"name\":\"Accueil\",\"item\":\"https:\/\/dicodusport.fr\/blog\/\"},{\"@type\":\"ListItem\",\"position\":2,\"name\":\"Camille Constant, revenir plus forte apr\u00e8s cette suspension\"}]},{\"@type\":\"WebSite\",\"@id\":\"https:\/\/dicodusport.fr\/blog\/#website\",\"url\":\"https:\/\/dicodusport.fr\/blog\/\",\"name\":\"Dicodusport\",\"description\":\"L&#039;encyclop\u00e9die de l&#039;actualit\u00e9 sportive\",\"publisher\":{\"@id\":\"https:\/\/dicodusport.fr\/blog\/#organization\"},\"potentialAction\":[{\"@type\":\"SearchAction\",\"target\":{\"@type\":\"EntryPoint\",\"urlTemplate\":\"https:\/\/dicodusport.fr\/blog\/?s={search_term_string}\"},\"query-input\":{\"@type\":\"PropertyValueSpecification\",\"valueRequired\":true,\"valueName\":\"search_term_string\"}}],\"inLanguage\":\"fr-FR\"},{\"@type\":\"NewsMediaOrganization\",\"@id\":\"https:\/\/dicodusport.fr\/blog\/#organization\",\"name\":\"Dicodusport\",\"url\":\"https:\/\/dicodusport.fr\/blog\/\",\"logo\":{\"@type\":\"ImageObject\",\"inLanguage\":\"fr-FR\",\"@id\":\"https:\/\/dicodusport.fr\/blog\/#\/schema\/logo\/image\/\",\"url\":\"https:\/\/dicodusport.fr\/blog\/wp-content\/uploads\/2020\/06\/cropped-LOGO-DICODUSPORT-2020-SANS-FOND-SANS-TEXTE.png\",\"contentUrl\":\"https:\/\/dicodusport.fr\/blog\/wp-content\/uploads\/2020\/06\/cropped-LOGO-DICODUSPORT-2020-SANS-FOND-SANS-TEXTE.png\",\"width\":512,\"height\":512,\"caption\":\"Dicodusport\"},\"image\":{\"@id\":\"https:\/\/dicodusport.fr\/blog\/#\/schema\/logo\/image\/\"},\"sameAs\":[\"https:\/\/www.facebook.com\/dicodusport\",\"https:\/\/x.com\/dicodusport\",\"https:\/\/www.instagram.com\/dicodusport\/\",\"https:\/\/www.youtube.com\/channel\/UC7V2KZ5sd3htJivAbA4ZG3w\"],\"description\":\"Dicodusport est l'encyclop\u00e9die de l'actualit\u00e9 sportive.\",\"email\":\"bonjour@dicodusport.fr\",\"legalName\":\"DICODUSPORT\",\"foundingDate\":\"2018-01-14\",\"vatID\":\"FR71834470973\",\"taxID\":\"83447097300043\",\"numberOfEmployees\":{\"@type\":\"QuantitativeValue\",\"minValue\":\"1\",\"maxValue\":\"10\"}},{\"@type\":\"Person\",\"@id\":\"https:\/\/dicodusport.fr\/blog\/#\/schema\/person\/55dcb50ad410894e431ed812bbb70191\",\"name\":\"Nicolas Jacquemard\",\"image\":{\"@type\":\"ImageObject\",\"inLanguage\":\"fr-FR\",\"@id\":\"https:\/\/dicodusport.fr\/blog\/#\/schema\/person\/image\/\",\"url\":\"https:\/\/dicodusport.fr\/blog\/wp-content\/uploads\/2021\/05\/Nicolas-Jacquemard-150x150.jpeg\",\"contentUrl\":\"https:\/\/dicodusport.fr\/blog\/wp-content\/uploads\/2021\/05\/Nicolas-Jacquemard-150x150.jpeg\",\"caption\":\"Nicolas Jacquemard\"},\"description\":\"Passionn\u00e9 de sport et entrepreneur depuis mes 18 ans, la cr\u00e9ation de Dicodusport m'a sembl\u00e9 \u00e9vidente pour participer \u00e0 la m\u00e9diatisation d'un plus grand nombre de sports. Le chemin est long mais avec une \u00e9quipe des plus motiv\u00e9es et les Jeux Olympiques de Paris 2024 en point de mire, nous y arriverons ! Journaliste dans le monde du sport depuis plus de 5 ans, je traite aussi bien de football, de rugby, de biathlon que de cyclisme.\",\"sameAs\":[\"https:\/\/www.facebook.com\/dicodusport\",\"https:\/\/x.com\/https:\/\/twitter.com\/Nico_Jacquemard\"],\"url\":\"https:\/\/dicodusport.fr\/blog\/author\/dicodusport\/\"}]}<\/script>\n<!-- \/ Yoast SEO Premium plugin. -->","yoast_head_json":{"title":"Camille Constant, revenir plus forte apr\u00e8s cette suspension","description":"Rencontre avec Camille Constant, gardienne de l'AS Monaco F\u00e9minin, qui veut retrouver sa place dans les buts apr\u00e8s avoir purg\u00e9 4 matchs de suspension.","robots":{"index":"index","follow":"follow","max-snippet":"max-snippet:-1","max-image-preview":"max-image-preview:large","max-video-preview":"max-video-preview:-1"},"canonical":"https:\/\/dicodusport.fr\/blog\/camille-constant-revenir-plus-forte-apres-cette-suspension\/","og_locale":"fr_FR","og_type":"article","og_title":"Camille Constant, revenir plus forte apr\u00e8s cette suspension","og_description":"Rencontre avec Camille Constant, gardienne de l'AS Monaco F\u00e9minin, qui veut retrouver sa place dans les buts apr\u00e8s avoir purg\u00e9 4 matchs de suspension.","og_url":"https:\/\/dicodusport.fr\/blog\/camille-constant-revenir-plus-forte-apres-cette-suspension\/","og_site_name":"Dicodusport","article_publisher":"https:\/\/www.facebook.com\/dicodusport","article_author":"https:\/\/www.facebook.com\/dicodusport","article_published_time":"2017-10-19T11:23:25+00:00","article_modified_time":"2021-04-13T21:15:58+00:00","og_image":[{"width":1200,"height":670,"url":"https:\/\/dicodusport.fr\/blog\/wp-content\/uploads\/2017\/10\/Camille-Constant.png","type":"image\/png"}],"author":"Nicolas Jacquemard","twitter_card":"summary_large_image","twitter_creator":"@https:\/\/twitter.com\/Nico_Jacquemard","twitter_site":"@dicodusport","schema":{"@context":"https:\/\/schema.org","@graph":[{"@type":"NewsArticle","@id":"https:\/\/dicodusport.fr\/blog\/camille-constant-revenir-plus-forte-apres-cette-suspension\/#article","isPartOf":{"@id":"https:\/\/dicodusport.fr\/blog\/camille-constant-revenir-plus-forte-apres-cette-suspension\/"},"author":{"name":"Nicolas Jacquemard","@id":"https:\/\/dicodusport.fr\/blog\/#\/schema\/person\/55dcb50ad410894e431ed812bbb70191"},"headline":"Camille Constant, revenir plus forte apr\u00e8s cette suspension","datePublished":"2017-10-19T11:23:25+00:00","dateModified":"2021-04-13T21:15:58+00:00","mainEntityOfPage":{"@id":"https:\/\/dicodusport.fr\/blog\/camille-constant-revenir-plus-forte-apres-cette-suspension\/"},"wordCount":455,"commentCount":0,"publisher":{"@id":"https:\/\/dicodusport.fr\/blog\/#organization"},"image":{"@id":"https:\/\/dicodusport.fr\/blog\/camille-constant-revenir-plus-forte-apres-cette-suspension\/#primaryimage"},"thumbnailUrl":"https:\/\/dicodusport.fr\/blog\/wp-content\/uploads\/2017\/10\/Camille-Constant.png","keywords":["AS Monaco","AS Monaco f\u00e9minin","Football"],"articleSection":["Football","Portraits"],"inLanguage":"fr-FR","potentialAction":[{"@type":"CommentAction","name":"Comment","target":["https:\/\/dicodusport.fr\/blog\/camille-constant-revenir-plus-forte-apres-cette-suspension\/#respond"]}],"copyrightYear":"2017","copyrightHolder":{"@id":"https:\/\/dicodusport.fr\/blog\/#organization"}},{"@type":"WebPage","@id":"https:\/\/dicodusport.fr\/blog\/camille-constant-revenir-plus-forte-apres-cette-suspension\/","url":"https:\/\/dicodusport.fr\/blog\/camille-constant-revenir-plus-forte-apres-cette-suspension\/","name":"Camille Constant, revenir plus forte apr\u00e8s cette suspension","isPartOf":{"@id":"https:\/\/dicodusport.fr\/blog\/#website"},"primaryImageOfPage":{"@id":"https:\/\/dicodusport.fr\/blog\/camille-constant-revenir-plus-forte-apres-cette-suspension\/#primaryimage"},"image":{"@id":"https:\/\/dicodusport.fr\/blog\/camille-constant-revenir-plus-forte-apres-cette-suspension\/#primaryimage"},"thumbnailUrl":"https:\/\/dicodusport.fr\/blog\/wp-content\/uploads\/2017\/10\/Camille-Constant.png","datePublished":"2017-10-19T11:23:25+00:00","dateModified":"2021-04-13T21:15:58+00:00","description":"Rencontre avec Camille Constant, gardienne de l'AS Monaco F\u00e9minin, qui veut retrouver sa place dans les buts apr\u00e8s avoir purg\u00e9 4 matchs de suspension.","breadcrumb":{"@id":"https:\/\/dicodusport.fr\/blog\/camille-constant-revenir-plus-forte-apres-cette-suspension\/#breadcrumb"},"inLanguage":"fr-FR","potentialAction":[{"@type":"ReadAction","target":["https:\/\/dicodusport.fr\/blog\/camille-constant-revenir-plus-forte-apres-cette-suspension\/"]}]},{"@type":"ImageObject","inLanguage":"fr-FR","@id":"https:\/\/dicodusport.fr\/blog\/camille-constant-revenir-plus-forte-apres-cette-suspension\/#primaryimage","url":"https:\/\/dicodusport.fr\/blog\/wp-content\/uploads\/2017\/10\/Camille-Constant.png","contentUrl":"https:\/\/dicodusport.fr\/blog\/wp-content\/uploads\/2017\/10\/Camille-Constant.png","width":1200,"height":670,"caption":"Camille Constant"},{"@type":"BreadcrumbList","@id":"https:\/\/dicodusport.fr\/blog\/camille-constant-revenir-plus-forte-apres-cette-suspension\/#breadcrumb","itemListElement":[{"@type":"ListItem","position":1,"name":"Accueil","item":"https:\/\/dicodusport.fr\/blog\/"},{"@type":"ListItem","position":2,"name":"Camille Constant, revenir plus forte apr\u00e8s cette suspension"}]},{"@type":"WebSite","@id":"https:\/\/dicodusport.fr\/blog\/#website","url":"https:\/\/dicodusport.fr\/blog\/","name":"Dicodusport","description":"L&#039;encyclop\u00e9die de l&#039;actualit\u00e9 sportive","publisher":{"@id":"https:\/\/dicodusport.fr\/blog\/#organization"},"potentialAction":[{"@type":"SearchAction","target":{"@type":"EntryPoint","urlTemplate":"https:\/\/dicodusport.fr\/blog\/?s={search_term_string}"},"query-input":{"@type":"PropertyValueSpecification","valueRequired":true,"valueName":"search_term_string"}}],"inLanguage":"fr-FR"},{"@type":"NewsMediaOrganization","@id":"https:\/\/dicodusport.fr\/blog\/#organization","name":"Dicodusport","url":"https:\/\/dicodusport.fr\/blog\/","logo":{"@type":"ImageObject","inLanguage":"fr-FR","@id":"https:\/\/dicodusport.fr\/blog\/#\/schema\/logo\/image\/","url":"https:\/\/dicodusport.fr\/blog\/wp-content\/uploads\/2020\/06\/cropped-LOGO-DICODUSPORT-2020-SANS-FOND-SANS-TEXTE.png","contentUrl":"https:\/\/dicodusport.fr\/blog\/wp-content\/uploads\/2020\/06\/cropped-LOGO-DICODUSPORT-2020-SANS-FOND-SANS-TEXTE.png","width":512,"height":512,"caption":"Dicodusport"},"image":{"@id":"https:\/\/dicodusport.fr\/blog\/#\/schema\/logo\/image\/"},"sameAs":["https:\/\/www.facebook.com\/dicodusport","https:\/\/x.com\/dicodusport","https:\/\/www.instagram.com\/dicodusport\/","https:\/\/www.youtube.com\/channel\/UC7V2KZ5sd3htJivAbA4ZG3w"],"description":"Dicodusport est l'encyclop\u00e9die de l'actualit\u00e9 sportive.","email":"bonjour@dicodusport.fr","legalName":"DICODUSPORT","foundingDate":"2018-01-14","vatID":"FR71834470973","taxID":"83447097300043","numberOfEmployees":{"@type":"QuantitativeValue","minValue":"1","maxValue":"10"}},{"@type":"Person","@id":"https:\/\/dicodusport.fr\/blog\/#\/schema\/person\/55dcb50ad410894e431ed812bbb70191","name":"Nicolas Jacquemard","image":{"@type":"ImageObject","inLanguage":"fr-FR","@id":"https:\/\/dicodusport.fr\/blog\/#\/schema\/person\/image\/","url":"https:\/\/dicodusport.fr\/blog\/wp-content\/uploads\/2021\/05\/Nicolas-Jacquemard-150x150.jpeg","contentUrl":"https:\/\/dicodusport.fr\/blog\/wp-content\/uploads\/2021\/05\/Nicolas-Jacquemard-150x150.jpeg","caption":"Nicolas Jacquemard"},"description":"Passionn\u00e9 de sport et entrepreneur depuis mes 18 ans, la cr\u00e9ation de Dicodusport m'a sembl\u00e9 \u00e9vidente pour participer \u00e0 la m\u00e9diatisation d'un plus grand nombre de sports. Le chemin est long mais avec une \u00e9quipe des plus motiv\u00e9es et les Jeux Olympiques de Paris 2024 en point de mire, nous y arriverons ! Journaliste dans le monde du sport depuis plus de 5 ans, je traite aussi bien de football, de rugby, de biathlon que de cyclisme.","sameAs":["https:\/\/www.facebook.com\/dicodusport","https:\/\/x.com\/https:\/\/twitter.com\/Nico_Jacquemard"],"url":"https:\/\/dicodusport.fr\/blog\/author\/dicodusport\/"}]}},"_links":{"self":[{"href":"https:\/\/dicodusport.fr\/blog\/wp-json\/wp\/v2\/posts\/5944","targetHints":{"allow":["GET"]}}],"collection":[{"href":"https:\/\/dicodusport.fr\/blog\/wp-json\/wp\/v2\/posts"}],"about":[{"href":"https:\/\/dicodusport.fr\/blog\/wp-json\/wp\/v2\/types\/post"}],"author":[{"embeddable":true,"href":"https:\/\/dicodusport.fr\/blog\/wp-json\/wp\/v2\/users\/1"}],"replies":[{"embeddable":true,"href":"https:\/\/dicodusport.fr\/blog\/wp-json\/wp\/v2\/comments?post=5944"}],"version-history":[{"count":0,"href":"https:\/\/dicodusport.fr\/blog\/wp-json\/wp\/v2\/posts\/5944\/revisions"}],"wp:featuredmedia":[{"embeddable":true,"href":"https:\/\/dicodusport.fr\/blog\/wp-json\/wp\/v2\/media\/5945"}],"wp:attachment":[{"href":"https:\/\/dicodusport.fr\/blog\/wp-json\/wp\/v2\/media?parent=5944"}],"wp:term":[{"taxonomy":"category","embeddable":true,"href":"https:\/\/dicodusport.fr\/blog\/wp-json\/wp\/v2\/categories?post=5944"},{"taxonomy":"post_tag","embeddable":true,"href":"https:\/\/dicodusport.fr\/blog\/wp-json\/wp\/v2\/tags?post=5944"}],"curies":[{"name":"wp","href":"https:\/\/api.w.org\/{rel}","templated":true}]}}