{"id":594890,"date":"2025-07-13T15:00:27","date_gmt":"2025-07-13T13:00:27","guid":{"rendered":"https:\/\/dicodusport.fr\/blog\/?p=594890&#038;preview=true&#038;preview_id=594890"},"modified":"2025-07-13T15:21:35","modified_gmt":"2025-07-13T13:21:35","slug":"vtt-xco-pal-arinsal-2025-classement-course-hommes","status":"publish","type":"post","link":"https:\/\/dicodusport.fr\/blog\/vtt-xco-pal-arinsal-2025-classement-course-hommes\/","title":{"rendered":"VTT XCO Pal Arinsal 2025 : Classement Course hommes"},"content":{"rendered":"<p style=\"text-align: justify;\"><strong><i>D\u00e9couvrez le classement de la XCO hommes de Pal Arinsal (Italie), dans le cadre de la Coupe du monde de VTT Cross-country, qui a eu lieu ce dimanche 13 juillet <\/i><\/strong><strong><i>2025.<\/i><\/strong><\/p>\n<ul>\n<li style=\"text-align: justify;\"><strong>\u00c0 ce sujet &#8211; <a href=\"https:\/\/dicodusport.fr\/blog\/coupe-du-monde-vtt-cross-country-2025-calendrier-et-resultats-a-jour\/\">Coupe du monde VTT Cross-Country 2025 : Calendrier et R\u00e9sultats \u00e0 Jour<\/a><\/strong><\/li>\n<\/ul>\n<p style=\"text-align: justify;\">La <strong>Coupe du monde de VTT Cross-country<\/strong> s&rsquo;ach\u00e8ve \u00e0 <strong>Pal Arinsal<\/strong>, en Andorre, ce <strong>dimanche 13 juillet 2025<\/strong>. Apr\u00e8s <a href=\"https:\/\/dicodusport.fr\/blog\/vtt-pal-arinsal-premiere-victoire-en-coupe-du-monde-pour-luca-martin-lors-du-xcc\/\">l&rsquo;\u00e9preuve XCC remport\u00e9e par le Fran\u00e7ais<strong> Luca Martin<\/strong><\/a> vendredi, les meilleures v\u00e9t\u00e9tistes du monde prennent le d\u00e9part sur le format olympique. \u00c0 noter que le double champion olympique en titre, <strong>Tom Pidcock<\/strong>, sera de la partie.<\/p>\n<ul>\n<li style=\"text-align: justify;\"><strong>\u00c0 ce sujet &#8211; <\/strong><a href=\"https:\/\/dicodusport.fr\/blog\/coupe-du-monde-vtt-2025-classement-general-masculin-en-cross-country\/\"><strong>Coupe du monde VTT 2025 : Classement G\u00e9n\u00e9ral Masculin en Cross-country<\/strong><\/a><\/li>\n<\/ul>\n<h2 style=\"text-align: justify;\">VTT Cross-country 2025 &#8211; Classement XCO hommes Pal Arinsal<\/h2>\n<p style=\"text-align: justify;\"><span style=\"font-size: 14px;\"><strong><em>Classement officiel mis \u00e0 jour \u00e0 l&rsquo;issue de la course.<\/em><\/strong><\/span><\/p>\n<div class=\"su-table su-table-alternate\">\n<table style=\"width: 800px;border-collapse: collapse\" border=\"1\">\n<tbody>\n<tr style=\"height: 24px\">\n<td style=\"border-color: #ebebeb;height: 24px;text-align: center;width: 80px;vertical-align: middle\">\ud83c\udfc6<\/td>\n<td style=\"border-color: #ebebeb;height: 24px;text-align: center;width: 500px;vertical-align: middle\"><span style=\"font-size: 0.9em\"><strong>CYCLISTES<\/strong><\/span><\/td>\n<td style=\"border-color: #ebebeb;height: 24px;text-align: center;width: 220px;vertical-align: middle\"><span style=\"font-size: 0.9em\"><strong>TEMPS<\/strong><\/span><\/td>\n<\/tr>\n<tr>\n<td style=\"border-color: #ebebeb;text-align: center;width: 80px;vertical-align: middle\"><strong><span class=\"su-label su-label-type-warning\">1.<\/span><\/strong><\/td>\n<td style=\"border-color: #ebebeb;text-align: center;width: 500px;vertical-align: middle\"><span style=\"font-size: 0.9em\"><b>\ud83c\uddec\ud83c\udde7 TOM PIDCOCK<\/b><\/span><\/td>\n<td style=\"border-color: #ebebeb;text-align: center;width: 220px;vertical-align: middle\"><span style=\"font-size: 0.9em\"><b>1h20m30s<\/b><\/span><\/td>\n<\/tr>\n<tr>\n<td style=\"border-color: #ebebeb;text-align: center;width: 80px;vertical-align: middle\"><span style=\"font-size: 0.9em\">2.<\/span><\/td>\n<td style=\"border-color: #ebebeb;text-align: center;width: 500px;vertical-align: middle\"><span style=\"font-size: 0.9em\"><b>\ud83c\uddeb\ud83c\uddf7 LUCA MARTIN<\/b><\/span><\/td>\n<td style=\"border-color: #ebebeb;text-align: center;width: 220px;vertical-align: middle\"><span style=\"font-size: 0.9em\"><b>\u00e0 21s<\/b><\/span><\/td>\n<\/tr>\n<tr>\n<td style=\"border-color: #ebebeb;text-align: center;width: 80px;vertical-align: middle\"><span style=\"font-size: 0.9em\">3.<\/span><\/td>\n<td style=\"border-color: #ebebeb;text-align: center;width: 500px;vertical-align: middle\"><span style=\"font-size: 0.9em\"><b>\ud83c\uddec\ud83c\udde7 CHARLIE ALDRIDGE<\/b><\/span><\/td>\n<td style=\"border-color: #ebebeb;text-align: center;width: 220px;vertical-align: middle\"><span style=\"font-size: 0.9em\"><b>\u00e0 52s<\/b><\/span><\/td>\n<\/tr>\n<tr style=\"height: 24px\">\n<td style=\"border-color: #ebebeb;height: 24px;text-align: center;width: 80px;vertical-align: middle\"><span style=\"font-size: 0.9em\">4.<\/span><\/td>\n<td style=\"border-color: #ebebeb;text-align: center;width: 500px;vertical-align: middle\"><span style=\"font-size: 0.9em\"><b>\ud83c\uddeb\ud83c\uddf7 MATHIS AZZARO<\/b><\/span><\/td>\n<td style=\"border-color: #ebebeb;text-align: center;width: 220px;vertical-align: middle\"><span style=\"font-size: 0.9em\"><b>\u00e0 1m04s<\/b><\/span><\/td>\n<\/tr>\n<tr>\n<td style=\"border-color: #ebebeb;text-align: center;width: 80px;vertical-align: middle\"><span style=\"font-size: 0.9em\">5.<\/span><\/td>\n<td style=\"border-color: #ebebeb;text-align: center;width: 500px;vertical-align: middle\"><span style=\"font-size: 0.9em\"><b>\ud83c\uddee\ud83c\uddf9 LUCA BRAIDOT<\/b><\/span><\/td>\n<td style=\"border-color: #ebebeb;text-align: center;width: 220px;vertical-align: middle\"><span style=\"font-size: 0.9em\"><b>\u00e0 1m16s<\/b><\/span><\/td>\n<\/tr>\n<tr>\n<td style=\"border-color: #ebebeb;text-align: center;width: 80px;vertical-align: middle\"><span style=\"font-size: 0.9em\">6<\/span><span style=\"font-size: 0.9em\">.<\/span><\/td>\n<td style=\"border-color: #ebebeb;text-align: center;width: 500px;vertical-align: middle\"><span style=\"font-size: 0.9em\"><b>\ud83c\udde8\ud83c\uddf1 MARTIN VIDAURRE KOSSMANN<\/b><\/span><\/td>\n<td style=\"border-color: #ebebeb;text-align: center;width: 220px;vertical-align: middle\"><span style=\"font-size: 0.9em\"><b>\u00e0 1m18s<\/b><\/span><\/td>\n<\/tr>\n<tr>\n<td style=\"border-color: #ebebeb;text-align: center;width: 80px;vertical-align: middle\"><span style=\"font-size: 0.9em\">7.<\/span><\/td>\n<td style=\"border-color: #ebebeb;text-align: center;width: 500px;vertical-align: middle\"><span style=\"font-size: 0.9em\"><b>\ud83c\udde8\ud83c\udded NINO SCH\u00dcRTER<\/b><\/span><\/td>\n<td style=\"border-color: #ebebeb;text-align: center;width: 220px;vertical-align: middle\"><span style=\"font-size: 0.9em\"><b>\u00e0 1m19s<\/b><\/span><\/td>\n<\/tr>\n<tr style=\"height: 24px\">\n<td style=\"border-color: #ebebeb;height: 24px;text-align: center;width: 80px;vertical-align: middle\"><span style=\"font-size: 0.9em\">8.<\/span><\/td>\n<td style=\"border-color: #ebebeb;text-align: center;width: 500px;vertical-align: middle\"><span style=\"font-size: 0.9em\"><b>\ud83c\uddeb\ud83c\uddf7 JOSHUA DUBAU<\/b><\/span><\/td>\n<td style=\"border-color: #ebebeb;text-align: center;width: 220px;vertical-align: middle\"><span style=\"font-size: 0.9em\"><b>\u00e0 1m20s<\/b><\/span><\/td>\n<\/tr>\n<tr>\n<td style=\"border-color: #ebebeb;text-align: center;width: 80px;vertical-align: middle\"><span style=\"font-size: 0.9em\">9.<\/span><\/td>\n<td style=\"border-color: #ebebeb;text-align: center;width: 500px;vertical-align: middle\"><span style=\"font-size: 0.9em\"><b>\ud83c\udde8\ud83c\uddff ONDREJ CINK<\/b><\/span><\/td>\n<td style=\"border-color: #ebebeb;text-align: center;width: 220px;vertical-align: middle\"><span style=\"font-size: 0.9em\"><b>\u00e0 1m23s<\/b><\/span><\/td>\n<\/tr>\n<tr>\n<td style=\"border-color: #ebebeb;text-align: center;width: 80px;vertical-align: middle\"><span style=\"font-size: 0.9em\">10.<\/span><\/td>\n<td style=\"border-color: #ebebeb;text-align: center;width: 500px;vertical-align: middle\"><span style=\"font-size: 0.9em\"><b>\ud83c\uddee\ud83c\uddf9 SIMONE AVONDETTO<\/b><\/span><\/td>\n<td style=\"border-color: #ebebeb;text-align: center;width: 220px;vertical-align: middle\"><span style=\"font-size: 0.9em\"><b>\u00e0 1m44s<\/b><\/span><\/td>\n<\/tr>\n<\/tbody>\n<\/table>\n<\/div>\n<h3 style=\"text-align: justify;\">\u00c0 ce sujet<\/h3>\n<ul>\n<li style=\"text-align: justify;\"><strong><a href=\"https:\/\/ucimtbworldseries.com\/results\/raceCategory\/uci-xco-world-cup-pal-arinsal-cross-country-olympic-men-elite\/2025\">Le classement complet de la course<\/a><br \/>\n<\/strong><\/li>\n<\/ul>\n","protected":false},"excerpt":{"rendered":"<p>D\u00e9couvrez le classement de la XCO hommes de Pal Arinsal (Italie), dans le cadre de la Coupe du monde de VTT Cross-country, qui a eu lieu ce dimanche 13 juillet 2025.<\/p>\n","protected":false},"author":4,"featured_media":594903,"comment_status":"open","ping_status":"closed","sticky":false,"template":"","format":"standard","meta":{"_acf_changed":false,"_daextam_enable_autolinks":"1","footnotes":""},"categories":[10279],"tags":[16878,11873,692],"class_list":["post-594890","post","type-post","status-publish","format-standard","has-post-thumbnail","hentry","category-vtt","tag-breve","tag-coupe-du-monde-de-vtt","tag-vtt"],"acf":[],"yoast_head":"<!-- This site is optimized with the Yoast SEO Premium plugin v26.7 (Yoast SEO v26.7) - https:\/\/yoast.com\/wordpress\/plugins\/seo\/ -->\n<title>VTT XCO Pal Arinsal 2025 : Classement Course hommes<\/title>\n<meta name=\"description\" content=\"D\u00e9couvrez le classement de la XCO hommes de Pal Arinsal (Italie), dans le cadre de la Coupe du monde de VTT Cross-country, qui a eu lieu ce dimanche 13 juillet 2025.\" \/>\n<meta name=\"robots\" content=\"index, follow, max-snippet:-1, max-image-preview:large, max-video-preview:-1\" \/>\n<link rel=\"canonical\" href=\"https:\/\/dicodusport.fr\/blog\/vtt-xco-pal-arinsal-2025-classement-course-hommes\/\" \/>\n<meta property=\"og:locale\" content=\"fr_FR\" \/>\n<meta property=\"og:type\" content=\"article\" \/>\n<meta property=\"og:title\" content=\"VTT XCO Pal Arinsal 2025 : Classement Course hommes\" \/>\n<meta property=\"og:description\" content=\"D\u00e9couvrez le classement de la XCO hommes de Pal Arinsal (Italie), dans le cadre de la Coupe du monde de VTT Cross-country, qui a eu lieu ce dimanche 13 juillet 2025.\" \/>\n<meta property=\"og:url\" content=\"https:\/\/dicodusport.fr\/blog\/vtt-xco-pal-arinsal-2025-classement-course-hommes\/\" \/>\n<meta property=\"og:site_name\" content=\"Dicodusport\" \/>\n<meta property=\"article:publisher\" content=\"https:\/\/www.facebook.com\/dicodusport\" \/>\n<meta property=\"article:author\" content=\"https:\/\/www.facebook.com\/florent.ostermann\" \/>\n<meta property=\"article:published_time\" content=\"2025-07-13T13:00:27+00:00\" \/>\n<meta property=\"article:modified_time\" content=\"2025-07-13T13:21:35+00:00\" \/>\n<meta property=\"og:image\" content=\"https:\/\/dicodusport.fr\/blog\/wp-content\/uploads\/2025\/07\/VTT-XCO-Pal-Arinsal-2025-Classement-Course-hommes.png\" \/>\n\t<meta property=\"og:image:width\" content=\"1200\" \/>\n\t<meta property=\"og:image:height\" content=\"674\" \/>\n\t<meta property=\"og:image:type\" content=\"image\/png\" \/>\n<meta name=\"author\" content=\"Flo Ostermann\" \/>\n<meta name=\"twitter:card\" content=\"summary_large_image\" \/>\n<meta name=\"twitter:title\" content=\"VTT XCO Pal Arinsal 2025 : Classement Course hommes\" \/>\n<meta name=\"twitter:creator\" content=\"@https:\/\/twitter.com\/FlOstermann\" \/>\n<meta name=\"twitter:site\" content=\"@dicodusport\" \/>\n<script type=\"application\/ld+json\" class=\"yoast-schema-graph\">{\"@context\":\"https:\/\/schema.org\",\"@graph\":[{\"@type\":\"NewsArticle\",\"@id\":\"https:\/\/dicodusport.fr\/blog\/vtt-xco-pal-arinsal-2025-classement-course-hommes\/#article\",\"isPartOf\":{\"@id\":\"https:\/\/dicodusport.fr\/blog\/vtt-xco-pal-arinsal-2025-classement-course-hommes\/\"},\"author\":{\"name\":\"Flo Ostermann\",\"@id\":\"https:\/\/dicodusport.fr\/blog\/#\/schema\/person\/cb02af4c173ce4a653b55e9baf388d4a\"},\"headline\":\"VTT XCO Pal Arinsal 2025 : Classement Course hommes\",\"datePublished\":\"2025-07-13T13:00:27+00:00\",\"dateModified\":\"2025-07-13T13:21:35+00:00\",\"mainEntityOfPage\":{\"@id\":\"https:\/\/dicodusport.fr\/blog\/vtt-xco-pal-arinsal-2025-classement-course-hommes\/\"},\"wordCount\":202,\"commentCount\":0,\"publisher\":{\"@id\":\"https:\/\/dicodusport.fr\/blog\/#organization\"},\"image\":{\"@id\":\"https:\/\/dicodusport.fr\/blog\/vtt-xco-pal-arinsal-2025-classement-course-hommes\/#primaryimage\"},\"thumbnailUrl\":\"https:\/\/dicodusport.fr\/blog\/wp-content\/uploads\/2025\/07\/VTT-XCO-Pal-Arinsal-2025-Classement-Course-hommes.png\",\"keywords\":[\"br\u00e8ve\",\"Coupe du monde de VTT\",\"VTT\"],\"articleSection\":[\"VTT\"],\"inLanguage\":\"fr-FR\",\"potentialAction\":[{\"@type\":\"CommentAction\",\"name\":\"Comment\",\"target\":[\"https:\/\/dicodusport.fr\/blog\/vtt-xco-pal-arinsal-2025-classement-course-hommes\/#respond\"]}],\"copyrightYear\":\"2025\",\"copyrightHolder\":{\"@id\":\"https:\/\/dicodusport.fr\/blog\/#organization\"}},{\"@type\":\"WebPage\",\"@id\":\"https:\/\/dicodusport.fr\/blog\/vtt-xco-pal-arinsal-2025-classement-course-hommes\/\",\"url\":\"https:\/\/dicodusport.fr\/blog\/vtt-xco-pal-arinsal-2025-classement-course-hommes\/\",\"name\":\"VTT XCO Pal Arinsal 2025 : Classement Course hommes\",\"isPartOf\":{\"@id\":\"https:\/\/dicodusport.fr\/blog\/#website\"},\"primaryImageOfPage\":{\"@id\":\"https:\/\/dicodusport.fr\/blog\/vtt-xco-pal-arinsal-2025-classement-course-hommes\/#primaryimage\"},\"image\":{\"@id\":\"https:\/\/dicodusport.fr\/blog\/vtt-xco-pal-arinsal-2025-classement-course-hommes\/#primaryimage\"},\"thumbnailUrl\":\"https:\/\/dicodusport.fr\/blog\/wp-content\/uploads\/2025\/07\/VTT-XCO-Pal-Arinsal-2025-Classement-Course-hommes.png\",\"datePublished\":\"2025-07-13T13:00:27+00:00\",\"dateModified\":\"2025-07-13T13:21:35+00:00\",\"description\":\"D\u00e9couvrez le classement de la XCO hommes de Pal Arinsal (Italie), dans le cadre de la Coupe du monde de VTT Cross-country, qui a eu lieu ce dimanche 13 juillet 2025.\",\"breadcrumb\":{\"@id\":\"https:\/\/dicodusport.fr\/blog\/vtt-xco-pal-arinsal-2025-classement-course-hommes\/#breadcrumb\"},\"inLanguage\":\"fr-FR\",\"potentialAction\":[{\"@type\":\"ReadAction\",\"target\":[\"https:\/\/dicodusport.fr\/blog\/vtt-xco-pal-arinsal-2025-classement-course-hommes\/\"]}]},{\"@type\":\"ImageObject\",\"inLanguage\":\"fr-FR\",\"@id\":\"https:\/\/dicodusport.fr\/blog\/vtt-xco-pal-arinsal-2025-classement-course-hommes\/#primaryimage\",\"url\":\"https:\/\/dicodusport.fr\/blog\/wp-content\/uploads\/2025\/07\/VTT-XCO-Pal-Arinsal-2025-Classement-Course-hommes.png\",\"contentUrl\":\"https:\/\/dicodusport.fr\/blog\/wp-content\/uploads\/2025\/07\/VTT-XCO-Pal-Arinsal-2025-Classement-Course-hommes.png\",\"width\":1200,\"height\":674,\"caption\":\"VTT XCO Pal Arinsal 2025 Classement Course hommes\"},{\"@type\":\"BreadcrumbList\",\"@id\":\"https:\/\/dicodusport.fr\/blog\/vtt-xco-pal-arinsal-2025-classement-course-hommes\/#breadcrumb\",\"itemListElement\":[{\"@type\":\"ListItem\",\"position\":1,\"name\":\"Accueil\",\"item\":\"https:\/\/dicodusport.fr\/blog\/\"},{\"@type\":\"ListItem\",\"position\":2,\"name\":\"VTT XCO Pal Arinsal 2025 : Classement Course hommes\"}]},{\"@type\":\"WebSite\",\"@id\":\"https:\/\/dicodusport.fr\/blog\/#website\",\"url\":\"https:\/\/dicodusport.fr\/blog\/\",\"name\":\"Dicodusport\",\"description\":\"L&#039;encyclop\u00e9die de l&#039;actualit\u00e9 sportive\",\"publisher\":{\"@id\":\"https:\/\/dicodusport.fr\/blog\/#organization\"},\"potentialAction\":[{\"@type\":\"SearchAction\",\"target\":{\"@type\":\"EntryPoint\",\"urlTemplate\":\"https:\/\/dicodusport.fr\/blog\/?s={search_term_string}\"},\"query-input\":{\"@type\":\"PropertyValueSpecification\",\"valueRequired\":true,\"valueName\":\"search_term_string\"}}],\"inLanguage\":\"fr-FR\"},{\"@type\":\"NewsMediaOrganization\",\"@id\":\"https:\/\/dicodusport.fr\/blog\/#organization\",\"name\":\"Dicodusport\",\"url\":\"https:\/\/dicodusport.fr\/blog\/\",\"logo\":{\"@type\":\"ImageObject\",\"inLanguage\":\"fr-FR\",\"@id\":\"https:\/\/dicodusport.fr\/blog\/#\/schema\/logo\/image\/\",\"url\":\"https:\/\/dicodusport.fr\/blog\/wp-content\/uploads\/2020\/06\/cropped-LOGO-DICODUSPORT-2020-SANS-FOND-SANS-TEXTE.png\",\"contentUrl\":\"https:\/\/dicodusport.fr\/blog\/wp-content\/uploads\/2020\/06\/cropped-LOGO-DICODUSPORT-2020-SANS-FOND-SANS-TEXTE.png\",\"width\":512,\"height\":512,\"caption\":\"Dicodusport\"},\"image\":{\"@id\":\"https:\/\/dicodusport.fr\/blog\/#\/schema\/logo\/image\/\"},\"sameAs\":[\"https:\/\/www.facebook.com\/dicodusport\",\"https:\/\/x.com\/dicodusport\",\"https:\/\/www.instagram.com\/dicodusport\/\",\"https:\/\/www.youtube.com\/channel\/UC7V2KZ5sd3htJivAbA4ZG3w\"],\"description\":\"Dicodusport est l'encyclop\u00e9die de l'actualit\u00e9 sportive.\",\"email\":\"bonjour@dicodusport.fr\",\"legalName\":\"DICODUSPORT\",\"foundingDate\":\"2018-01-14\",\"vatID\":\"FR71834470973\",\"taxID\":\"83447097300043\",\"numberOfEmployees\":{\"@type\":\"QuantitativeValue\",\"minValue\":\"1\",\"maxValue\":\"10\"}},{\"@type\":\"Person\",\"@id\":\"https:\/\/dicodusport.fr\/blog\/#\/schema\/person\/cb02af4c173ce4a653b55e9baf388d4a\",\"name\":\"Flo Ostermann\",\"image\":{\"@type\":\"ImageObject\",\"inLanguage\":\"fr-FR\",\"@id\":\"https:\/\/dicodusport.fr\/blog\/#\/schema\/person\/image\/\",\"url\":\"https:\/\/dicodusport.fr\/blog\/wp-content\/uploads\/2021\/05\/Flo-Ostermann-150x150.jpg\",\"contentUrl\":\"https:\/\/dicodusport.fr\/blog\/wp-content\/uploads\/2021\/05\/Flo-Ostermann-150x150.jpg\",\"caption\":\"Flo Ostermann\"},\"description\":\"Journaliste\/R\u00e9dacteur depuis septembre 2015 - Mes premiers souvenirs dans le sport ? Les envol\u00e9es du Stade Toulousain et les duels Villeneuve-Schumacher et H\u00e4kkinen-Schumacher \u00e0 la fin des ann\u00e9es 90, la Coupe du monde de football en 1998, l\u2019exploit du XV de France face aux All Blacks en 1999, mais aussi Richard C\u0153ur de Lion qui vole sur les montagnes du Tour de France. Bien parti pour devenir professeur d\u2019EPS, les \u00e9v\u00e9nements de la vie (et la flemme d\u2019animer des s\u00e9ances de 3x500 m\u00e8tres toute ma vie) m\u2019ont conduit \u00e0 revoir mes plans. Me voil\u00e0 depuis fin 2017 sur Dicodusport, m\u00e9dia gr\u00e2ce (et pour) lequel je partage ma passion : le sport dans tous ses \u00e9tats. Le tout accompagn\u00e9 par les fous furieux et folles furieuses cit\u00e9s sur cette page !\",\"sameAs\":[\"https:\/\/www.facebook.com\/florent.ostermann\",\"https:\/\/x.com\/https:\/\/twitter.com\/FlOstermann\",\"admin\"],\"url\":\"https:\/\/dicodusport.fr\/blog\/author\/flo\/\"}]}<\/script>\n<!-- \/ Yoast SEO Premium plugin. -->","yoast_head_json":{"title":"VTT XCO Pal Arinsal 2025 : Classement Course hommes","description":"D\u00e9couvrez le classement de la XCO hommes de Pal Arinsal (Italie), dans le cadre de la Coupe du monde de VTT Cross-country, qui a eu lieu ce dimanche 13 juillet 2025.","robots":{"index":"index","follow":"follow","max-snippet":"max-snippet:-1","max-image-preview":"max-image-preview:large","max-video-preview":"max-video-preview:-1"},"canonical":"https:\/\/dicodusport.fr\/blog\/vtt-xco-pal-arinsal-2025-classement-course-hommes\/","og_locale":"fr_FR","og_type":"article","og_title":"VTT XCO Pal Arinsal 2025 : Classement Course hommes","og_description":"D\u00e9couvrez le classement de la XCO hommes de Pal Arinsal (Italie), dans le cadre de la Coupe du monde de VTT Cross-country, qui a eu lieu ce dimanche 13 juillet 2025.","og_url":"https:\/\/dicodusport.fr\/blog\/vtt-xco-pal-arinsal-2025-classement-course-hommes\/","og_site_name":"Dicodusport","article_publisher":"https:\/\/www.facebook.com\/dicodusport","article_author":"https:\/\/www.facebook.com\/florent.ostermann","article_published_time":"2025-07-13T13:00:27+00:00","article_modified_time":"2025-07-13T13:21:35+00:00","og_image":[{"width":1200,"height":674,"url":"https:\/\/dicodusport.fr\/blog\/wp-content\/uploads\/2025\/07\/VTT-XCO-Pal-Arinsal-2025-Classement-Course-hommes.png","type":"image\/png"}],"author":"Flo Ostermann","twitter_card":"summary_large_image","twitter_title":"VTT XCO Pal Arinsal 2025 : Classement Course hommes","twitter_creator":"@https:\/\/twitter.com\/FlOstermann","twitter_site":"@dicodusport","schema":{"@context":"https:\/\/schema.org","@graph":[{"@type":"NewsArticle","@id":"https:\/\/dicodusport.fr\/blog\/vtt-xco-pal-arinsal-2025-classement-course-hommes\/#article","isPartOf":{"@id":"https:\/\/dicodusport.fr\/blog\/vtt-xco-pal-arinsal-2025-classement-course-hommes\/"},"author":{"name":"Flo Ostermann","@id":"https:\/\/dicodusport.fr\/blog\/#\/schema\/person\/cb02af4c173ce4a653b55e9baf388d4a"},"headline":"VTT XCO Pal Arinsal 2025 : Classement Course hommes","datePublished":"2025-07-13T13:00:27+00:00","dateModified":"2025-07-13T13:21:35+00:00","mainEntityOfPage":{"@id":"https:\/\/dicodusport.fr\/blog\/vtt-xco-pal-arinsal-2025-classement-course-hommes\/"},"wordCount":202,"commentCount":0,"publisher":{"@id":"https:\/\/dicodusport.fr\/blog\/#organization"},"image":{"@id":"https:\/\/dicodusport.fr\/blog\/vtt-xco-pal-arinsal-2025-classement-course-hommes\/#primaryimage"},"thumbnailUrl":"https:\/\/dicodusport.fr\/blog\/wp-content\/uploads\/2025\/07\/VTT-XCO-Pal-Arinsal-2025-Classement-Course-hommes.png","keywords":["br\u00e8ve","Coupe du monde de VTT","VTT"],"articleSection":["VTT"],"inLanguage":"fr-FR","potentialAction":[{"@type":"CommentAction","name":"Comment","target":["https:\/\/dicodusport.fr\/blog\/vtt-xco-pal-arinsal-2025-classement-course-hommes\/#respond"]}],"copyrightYear":"2025","copyrightHolder":{"@id":"https:\/\/dicodusport.fr\/blog\/#organization"}},{"@type":"WebPage","@id":"https:\/\/dicodusport.fr\/blog\/vtt-xco-pal-arinsal-2025-classement-course-hommes\/","url":"https:\/\/dicodusport.fr\/blog\/vtt-xco-pal-arinsal-2025-classement-course-hommes\/","name":"VTT XCO Pal Arinsal 2025 : Classement Course hommes","isPartOf":{"@id":"https:\/\/dicodusport.fr\/blog\/#website"},"primaryImageOfPage":{"@id":"https:\/\/dicodusport.fr\/blog\/vtt-xco-pal-arinsal-2025-classement-course-hommes\/#primaryimage"},"image":{"@id":"https:\/\/dicodusport.fr\/blog\/vtt-xco-pal-arinsal-2025-classement-course-hommes\/#primaryimage"},"thumbnailUrl":"https:\/\/dicodusport.fr\/blog\/wp-content\/uploads\/2025\/07\/VTT-XCO-Pal-Arinsal-2025-Classement-Course-hommes.png","datePublished":"2025-07-13T13:00:27+00:00","dateModified":"2025-07-13T13:21:35+00:00","description":"D\u00e9couvrez le classement de la XCO hommes de Pal Arinsal (Italie), dans le cadre de la Coupe du monde de VTT Cross-country, qui a eu lieu ce dimanche 13 juillet 2025.","breadcrumb":{"@id":"https:\/\/dicodusport.fr\/blog\/vtt-xco-pal-arinsal-2025-classement-course-hommes\/#breadcrumb"},"inLanguage":"fr-FR","potentialAction":[{"@type":"ReadAction","target":["https:\/\/dicodusport.fr\/blog\/vtt-xco-pal-arinsal-2025-classement-course-hommes\/"]}]},{"@type":"ImageObject","inLanguage":"fr-FR","@id":"https:\/\/dicodusport.fr\/blog\/vtt-xco-pal-arinsal-2025-classement-course-hommes\/#primaryimage","url":"https:\/\/dicodusport.fr\/blog\/wp-content\/uploads\/2025\/07\/VTT-XCO-Pal-Arinsal-2025-Classement-Course-hommes.png","contentUrl":"https:\/\/dicodusport.fr\/blog\/wp-content\/uploads\/2025\/07\/VTT-XCO-Pal-Arinsal-2025-Classement-Course-hommes.png","width":1200,"height":674,"caption":"VTT XCO Pal Arinsal 2025 Classement Course hommes"},{"@type":"BreadcrumbList","@id":"https:\/\/dicodusport.fr\/blog\/vtt-xco-pal-arinsal-2025-classement-course-hommes\/#breadcrumb","itemListElement":[{"@type":"ListItem","position":1,"name":"Accueil","item":"https:\/\/dicodusport.fr\/blog\/"},{"@type":"ListItem","position":2,"name":"VTT XCO Pal Arinsal 2025 : Classement Course hommes"}]},{"@type":"WebSite","@id":"https:\/\/dicodusport.fr\/blog\/#website","url":"https:\/\/dicodusport.fr\/blog\/","name":"Dicodusport","description":"L&#039;encyclop\u00e9die de l&#039;actualit\u00e9 sportive","publisher":{"@id":"https:\/\/dicodusport.fr\/blog\/#organization"},"potentialAction":[{"@type":"SearchAction","target":{"@type":"EntryPoint","urlTemplate":"https:\/\/dicodusport.fr\/blog\/?s={search_term_string}"},"query-input":{"@type":"PropertyValueSpecification","valueRequired":true,"valueName":"search_term_string"}}],"inLanguage":"fr-FR"},{"@type":"NewsMediaOrganization","@id":"https:\/\/dicodusport.fr\/blog\/#organization","name":"Dicodusport","url":"https:\/\/dicodusport.fr\/blog\/","logo":{"@type":"ImageObject","inLanguage":"fr-FR","@id":"https:\/\/dicodusport.fr\/blog\/#\/schema\/logo\/image\/","url":"https:\/\/dicodusport.fr\/blog\/wp-content\/uploads\/2020\/06\/cropped-LOGO-DICODUSPORT-2020-SANS-FOND-SANS-TEXTE.png","contentUrl":"https:\/\/dicodusport.fr\/blog\/wp-content\/uploads\/2020\/06\/cropped-LOGO-DICODUSPORT-2020-SANS-FOND-SANS-TEXTE.png","width":512,"height":512,"caption":"Dicodusport"},"image":{"@id":"https:\/\/dicodusport.fr\/blog\/#\/schema\/logo\/image\/"},"sameAs":["https:\/\/www.facebook.com\/dicodusport","https:\/\/x.com\/dicodusport","https:\/\/www.instagram.com\/dicodusport\/","https:\/\/www.youtube.com\/channel\/UC7V2KZ5sd3htJivAbA4ZG3w"],"description":"Dicodusport est l'encyclop\u00e9die de l'actualit\u00e9 sportive.","email":"bonjour@dicodusport.fr","legalName":"DICODUSPORT","foundingDate":"2018-01-14","vatID":"FR71834470973","taxID":"83447097300043","numberOfEmployees":{"@type":"QuantitativeValue","minValue":"1","maxValue":"10"}},{"@type":"Person","@id":"https:\/\/dicodusport.fr\/blog\/#\/schema\/person\/cb02af4c173ce4a653b55e9baf388d4a","name":"Flo Ostermann","image":{"@type":"ImageObject","inLanguage":"fr-FR","@id":"https:\/\/dicodusport.fr\/blog\/#\/schema\/person\/image\/","url":"https:\/\/dicodusport.fr\/blog\/wp-content\/uploads\/2021\/05\/Flo-Ostermann-150x150.jpg","contentUrl":"https:\/\/dicodusport.fr\/blog\/wp-content\/uploads\/2021\/05\/Flo-Ostermann-150x150.jpg","caption":"Flo Ostermann"},"description":"Journaliste\/R\u00e9dacteur depuis septembre 2015 - Mes premiers souvenirs dans le sport ? Les envol\u00e9es du Stade Toulousain et les duels Villeneuve-Schumacher et H\u00e4kkinen-Schumacher \u00e0 la fin des ann\u00e9es 90, la Coupe du monde de football en 1998, l\u2019exploit du XV de France face aux All Blacks en 1999, mais aussi Richard C\u0153ur de Lion qui vole sur les montagnes du Tour de France. Bien parti pour devenir professeur d\u2019EPS, les \u00e9v\u00e9nements de la vie (et la flemme d\u2019animer des s\u00e9ances de 3x500 m\u00e8tres toute ma vie) m\u2019ont conduit \u00e0 revoir mes plans. Me voil\u00e0 depuis fin 2017 sur Dicodusport, m\u00e9dia gr\u00e2ce (et pour) lequel je partage ma passion : le sport dans tous ses \u00e9tats. Le tout accompagn\u00e9 par les fous furieux et folles furieuses cit\u00e9s sur cette page !","sameAs":["https:\/\/www.facebook.com\/florent.ostermann","https:\/\/x.com\/https:\/\/twitter.com\/FlOstermann","admin"],"url":"https:\/\/dicodusport.fr\/blog\/author\/flo\/"}]}},"_links":{"self":[{"href":"https:\/\/dicodusport.fr\/blog\/wp-json\/wp\/v2\/posts\/594890","targetHints":{"allow":["GET"]}}],"collection":[{"href":"https:\/\/dicodusport.fr\/blog\/wp-json\/wp\/v2\/posts"}],"about":[{"href":"https:\/\/dicodusport.fr\/blog\/wp-json\/wp\/v2\/types\/post"}],"author":[{"embeddable":true,"href":"https:\/\/dicodusport.fr\/blog\/wp-json\/wp\/v2\/users\/4"}],"replies":[{"embeddable":true,"href":"https:\/\/dicodusport.fr\/blog\/wp-json\/wp\/v2\/comments?post=594890"}],"version-history":[{"count":5,"href":"https:\/\/dicodusport.fr\/blog\/wp-json\/wp\/v2\/posts\/594890\/revisions"}],"predecessor-version":[{"id":595111,"href":"https:\/\/dicodusport.fr\/blog\/wp-json\/wp\/v2\/posts\/594890\/revisions\/595111"}],"wp:featuredmedia":[{"embeddable":true,"href":"https:\/\/dicodusport.fr\/blog\/wp-json\/wp\/v2\/media\/594903"}],"wp:attachment":[{"href":"https:\/\/dicodusport.fr\/blog\/wp-json\/wp\/v2\/media?parent=594890"}],"wp:term":[{"taxonomy":"category","embeddable":true,"href":"https:\/\/dicodusport.fr\/blog\/wp-json\/wp\/v2\/categories?post=594890"},{"taxonomy":"post_tag","embeddable":true,"href":"https:\/\/dicodusport.fr\/blog\/wp-json\/wp\/v2\/tags?post=594890"}],"curies":[{"name":"wp","href":"https:\/\/api.w.org\/{rel}","templated":true}]}}