{"id":594995,"date":"2025-07-13T12:59:49","date_gmt":"2025-07-13T10:59:49","guid":{"rendered":"https:\/\/dicodusport.fr\/blog\/?p=594995&#038;preview=true&#038;preview_id=594995"},"modified":"2025-07-13T19:02:22","modified_gmt":"2025-07-13T17:02:22","slug":"vtt-pal-arinsal-2025-samara-maxwell-remporte-un-xco-de-folie","status":"publish","type":"post","link":"https:\/\/dicodusport.fr\/blog\/vtt-pal-arinsal-2025-samara-maxwell-remporte-un-xco-de-folie\/","title":{"rendered":"VTT Pal Arinsal 2025 : Samara Maxwell remporte un XCO de folie !"},"content":{"rendered":"<p style=\"text-align: justify;\"><strong><em>COUPE DU MONDE DE VTT 2025 &#8211; Dans une course passionnante pleine de rebondissements, c&rsquo;est finalement Samara Maxwell qui s&rsquo;est impos\u00e9e devant <\/em><\/strong><strong><em>Alessandra Keller <\/em><\/strong><strong><em>et\u00a0<\/em><\/strong><strong><em>Jenny Rissveds<\/em><\/strong><strong><em>. La Fran\u00e7aise Loana Lecomte a abandonn\u00e9 apr\u00e8s une chute.\u00a0<\/em><\/strong><\/p>\n<ul style=\"text-align: justify;\">\n<li><strong>\u00c0 ce sujet \u2013\u00a0<a href=\"https:\/\/dicodusport.fr\/blog\/coupe-du-monde-vtt-cross-country-2025-calendrier-et-resultats-a-jour\/\">Coupe du monde VTT Cross-Country 2025 : Calendrier et R\u00e9sultats \u00e0 Jour<\/a><\/strong><\/li>\n<\/ul>\n<p style=\"text-align: justify;\">Nouveau d\u00e9part en Andorre \u00e0 Pal Arinsal pour les dames, avec ce XCO, en altitude. Un parcours avec des portions tr\u00e8s pi\u00e9geuses, dans lesquelles les coureuses ont souffert.<\/p>\n<h2 style=\"text-align: justify;\">Des chutes et un nouveau coup dur pour Loana Lecomte<\/h2>\n<p style=\"text-align: justify;\">C\u2019est la Britannique <strong>Short<\/strong> qui a pris le meilleur d\u00e9part en partant comme une fus\u00e9e. Rapidement rejoint par ses concurrentes d\u00e8s la premi\u00e8re grande difficult\u00e9, laissant <strong>Bl\u00f6chlinger<\/strong> prendre les commandes de la course. La Tricolore <strong>Loana Lecomte<\/strong> prend un d\u00e9part correct, mais se retrouve rapidement \u00e0 20s de la t\u00eate.<\/p>\n<p style=\"text-align: justify;\">Un duo s\u2019\u00e9chappe petit \u00e0 petit, compos\u00e9 de <strong>Maxwell<\/strong>, la leader du g\u00e9n\u00e9ral et Bl\u00f6chlinger. Samara Maxwell semble en grande forme et peut r\u00e9aliser une superbe op\u00e9ration pour le g\u00e9n\u00e9ral, d\u2019autant que ses principales rivales sont assez loin. En revanche, les choses se compliquent pour Loana Lecomte qui chute dans une descente rocheuse.<\/p>\n<p style=\"text-align: justify;\">\u00c0 la fin du premier tour, on a toujours le duo de t\u00eate, chass\u00e9 par le trio <strong>Rissveds<\/strong>, <strong>Neff<\/strong> et <strong>Pieterse<\/strong>, \u00e0 moins de 10 secondes. Avec sa chute, Loana Lecomte se retrouve 17\u00e8me, \u00e0 pr\u00e8s de 50 secondes.<\/p>\n<p style=\"text-align: justify;\">Alors qu\u2019elle menait la course, Samara Maxwell est victime d\u2019une crevaison et perd pr\u00e8s de 35s. Devant, Puck Pieterse comble son retard au forcing, et rejoint la leader Bl\u00f6chlinger. Elle ne tarde pas \u00e0 laisser sur place son adversaire. Pendant ce temps, Loana Lecomte arr\u00eate sa course, visiblement trop touch\u00e9e par sa chute, la gal\u00e8re continue pour la vice-championne du monde 2023.<\/p>\n<blockquote class=\"twitter-tweet\">\n<p dir=\"ltr\" lang=\"fr\">D\u00e9cid\u00e9ment la saison est tr\u00e8s compliqu\u00e9e pour Loana Lecomte. A Pal Arinsal, la Fran\u00e7aise a chut\u00e9 dans une descente et a pr\u00e9f\u00e9r\u00e9 abandonner..<a href=\"https:\/\/twitter.com\/hashtag\/VTT?src=hash&amp;ref_src=twsrc%5Etfw\">#VTT<\/a> <a href=\"https:\/\/twitter.com\/hashtag\/XCO?src=hash&amp;ref_src=twsrc%5Etfw\">#XCO<\/a><\/p>\n<p>\u2014 News Sports Tricolores (@LNewsSF) <a href=\"https:\/\/twitter.com\/LNewsSF\/status\/1944335301075227085?ref_src=twsrc%5Etfw\">July 13, 2025<\/a><\/p><\/blockquote>\n<p><script async src=\"https:\/\/platform.twitter.com\/widgets.js\" charset=\"utf-8\"><\/script><\/p>\n<h2 style=\"text-align: justify;\">Pieterse perd pied, suspens total \u00e0 l\u2019avant<\/h2>\n<p style=\"text-align: justify;\">\u00c0 la mi-course, Pieterse voit ses poursuivantes r\u00e9duire l\u2019\u00e9cart. La N\u00e9erlandaise ne parvient pas \u00e0 tuer la course, Bl\u00f6chlinger, Rissveds et <strong>Berta<\/strong> reviennent fort. Une nouvelle fois, dans la portion rocheuse descendante, Puck Pieterse chute, et tarde \u00e0 repartir \u00e0 cause d\u2019un probl\u00e8me m\u00e9canique. Par cons\u00e9quent, le trio de poursuivantes repasse devant. Berta et Rissveds poss\u00e8dent 13s d\u2019avance sur Bl\u00f6chlinger et Keller.<\/p>\n<p style=\"text-align: justify;\">Apr\u00e8s 50 minutes de courses, le suspens reste entier avec 5 filles qui se tiennent en 20s. C\u2019est la Suissesse Bl\u00f6chlinger la premi\u00e8re \u00e0 l\u00e2cher. Devant, un quatuor se forme avec Berta, Rissveds, Keller, et Maxwell.<\/p>\n<p style=\"text-align: justify;\">La Su\u00e9doise et la Suissesse prennent quelques m\u00e8tres d\u2019avance, sans gros effort, mais en \u00e9tant tr\u00e8s propres sur les portions techniques. \u00c0 l\u2019inverse de Maxwell qui multiplie les erreurs et perd de nouveau du temps.<\/p>\n<h2 style=\"text-align: justify;\">Un dernier tour de folie<\/h2>\n<p style=\"text-align: justify;\">\u00c0 l\u2019entame du dernier tour, le quatuor s\u2019est reform\u00e9, \u00e0 la faveur d\u2019un \u00e9norme effort de la N\u00e9o-Z\u00e9landaise qui a su reprendre 20s en tr\u00e8s peu de temps. Maxwell ne tarde pas \u00e0 produire son effort, apr\u00e8s la cloche, mais tout le monde s\u2019accroche. La N\u00e9o-Z\u00e9landaise en remet une couche sur une relance en \u00e9crasant ses p\u00e9dales. Puis dans la derni\u00e8re grande mont\u00e9e, elle distance d\u00e9finitivement sa concurrence gr\u00e2ce \u00e0 un effort monumental.<\/p>\n<p style=\"text-align: justify;\"><strong>Samara Maxwell<\/strong> ne sera pas rejointe et vient signer sa 2\u00e8me victoire en Coupe du monde. Elle devance Alessandra Keller qui a d\u00e9pos\u00e9 Jenny Rissveds dans les derniers m\u00e8tres. L\u2019Italienne Martina Berta doit se contenter de la 4\u00e8me place.<\/p>\n<blockquote class=\"twitter-tweet\">\n<p dir=\"ltr\" lang=\"en\">\ud83d\udc4a NEVER. GAVE. UP. \ud83d\udc4a<\/p>\n<p>Sammie Maxwell \ud83c\uddf3\ud83c\uddff takes Women Elite XCO \ud83e\udd47 <a href=\"https:\/\/twitter.com\/MTBworldseries?ref_src=twsrc%5Etfw\">@MTBworldseries<\/a> <a href=\"https:\/\/twitter.com\/hashtag\/MTBWorldCup?src=hash&amp;ref_src=twsrc%5Etfw\">#MTBWorldCup<\/a> <a href=\"https:\/\/t.co\/vjHV3gOFUR\">pic.twitter.com\/vjHV3gOFUR<\/a><\/p>\n<p>\u2014 UCI MTB (@UCI_MTB) <a href=\"https:\/\/twitter.com\/UCI_MTB\/status\/1944351465004290483?ref_src=twsrc%5Etfw\">July 13, 2025<\/a><\/p><\/blockquote>\n<p><script async src=\"https:\/\/platform.twitter.com\/widgets.js\" charset=\"utf-8\"><\/script><\/p>\n<ul style=\"text-align: justify;\">\n<li style=\"text-align: justify;\"><strong>\u00c0 ce sujet \u2014\u00a0<a href=\"https:\/\/dicodusport.fr\/blog\/vtt-xco-pal-arinsal-2025-classement-course-femmes\/\">VTT XCO Pal Arinsal 2025 : Classement Course femmes<\/a><\/strong><\/li>\n<li style=\"text-align: justify;\"><strong>\u00c0 ce sujet \u2014\u00a0<a href=\"https:\/\/dicodusport.fr\/blog\/coupe-du-monde-vtt-2025-classement-general-feminin-en-cross-country\/\">Coupe du monde VTT 2025 : Classement G\u00e9n\u00e9ral F\u00e9minin en Cross-country<\/a><\/strong><\/li>\n<\/ul>\n","protected":false},"excerpt":{"rendered":"<p>Dans une course passionnante pleine de rebondissements, c&rsquo;est finalement Samara Maxwell qui s&rsquo;est impos\u00e9e devant Alessandra Keller et\u00a0Jenny Rissveds<\/p>\n","protected":false},"author":89,"featured_media":595212,"comment_status":"open","ping_status":"closed","sticky":false,"template":"","format":"standard","meta":{"_acf_changed":false,"_daextam_enable_autolinks":"1","footnotes":""},"categories":[10279],"tags":[16878,39015,14103],"class_list":["post-594995","post","type-post","status-publish","format-standard","has-post-thumbnail","hentry","category-vtt","tag-breve","tag-coupe-du-monde-vtt","tag-vtt-xco"],"acf":[],"yoast_head":"<!-- This site is optimized with the Yoast SEO Premium plugin v26.7 (Yoast SEO v26.7) - https:\/\/yoast.com\/wordpress\/plugins\/seo\/ -->\n<title>VTT Pal Arinsal 2025 : Samara Maxwell remporte un XCO de folie !<\/title>\n<meta name=\"description\" content=\"COUPE DU MONDE DE VTT 2025 - Dans une course passionnante pleine de rebondissements, c&#039;est finalement Samara Maxwell qui s&#039;est impos\u00e9e.\" \/>\n<meta name=\"robots\" content=\"index, follow, max-snippet:-1, max-image-preview:large, max-video-preview:-1\" \/>\n<link rel=\"canonical\" href=\"https:\/\/dicodusport.fr\/blog\/vtt-pal-arinsal-2025-samara-maxwell-remporte-un-xco-de-folie\/\" \/>\n<meta property=\"og:locale\" content=\"fr_FR\" \/>\n<meta property=\"og:type\" content=\"article\" \/>\n<meta property=\"og:title\" content=\"VTT Pal Arinsal 2025 : Samara Maxwell remporte un XCO de folie !\" \/>\n<meta property=\"og:description\" content=\"COUPE DU MONDE DE VTT 2025 - Dans une course passionnante pleine de rebondissements, c&#039;est finalement Samara Maxwell qui s&#039;est impos\u00e9e.\" \/>\n<meta property=\"og:url\" content=\"https:\/\/dicodusport.fr\/blog\/vtt-pal-arinsal-2025-samara-maxwell-remporte-un-xco-de-folie\/\" \/>\n<meta property=\"og:site_name\" content=\"Dicodusport\" \/>\n<meta property=\"article:publisher\" content=\"https:\/\/www.facebook.com\/dicodusport\" \/>\n<meta property=\"article:published_time\" content=\"2025-07-13T10:59:49+00:00\" \/>\n<meta property=\"article:modified_time\" content=\"2025-07-13T17:02:22+00:00\" \/>\n<meta property=\"og:image\" content=\"https:\/\/dicodusport.fr\/blog\/wp-content\/uploads\/2025\/07\/VTT-Pal-Arinsal-2025-Samara-Maxwell-remporte-un-XCO-de-folie-1-2.png\" \/>\n\t<meta property=\"og:image:width\" content=\"1200\" \/>\n\t<meta property=\"og:image:height\" content=\"674\" \/>\n\t<meta property=\"og:image:type\" content=\"image\/png\" \/>\n<meta name=\"author\" content=\"Louka Lesueur\" \/>\n<meta name=\"twitter:card\" content=\"summary_large_image\" \/>\n<meta name=\"twitter:title\" content=\"VTT Pal Arinsal 2025 : Samara Maxwell remporte un XCO de folie !\" \/>\n<meta name=\"twitter:creator\" content=\"@https:\/\/twitter.com\/LNewsSF\" \/>\n<meta name=\"twitter:site\" content=\"@dicodusport\" \/>\n<script type=\"application\/ld+json\" class=\"yoast-schema-graph\">{\"@context\":\"https:\/\/schema.org\",\"@graph\":[{\"@type\":\"NewsArticle\",\"@id\":\"https:\/\/dicodusport.fr\/blog\/vtt-pal-arinsal-2025-samara-maxwell-remporte-un-xco-de-folie\/#article\",\"isPartOf\":{\"@id\":\"https:\/\/dicodusport.fr\/blog\/vtt-pal-arinsal-2025-samara-maxwell-remporte-un-xco-de-folie\/\"},\"author\":{\"name\":\"Louka Lesueur\",\"@id\":\"https:\/\/dicodusport.fr\/blog\/#\/schema\/person\/54b6cdccebdfcd5a1036c594aecffc2a\"},\"headline\":\"VTT Pal Arinsal 2025 : Samara Maxwell remporte un XCO de folie !\",\"datePublished\":\"2025-07-13T10:59:49+00:00\",\"dateModified\":\"2025-07-13T17:02:22+00:00\",\"mainEntityOfPage\":{\"@id\":\"https:\/\/dicodusport.fr\/blog\/vtt-pal-arinsal-2025-samara-maxwell-remporte-un-xco-de-folie\/\"},\"wordCount\":688,\"commentCount\":0,\"publisher\":{\"@id\":\"https:\/\/dicodusport.fr\/blog\/#organization\"},\"image\":{\"@id\":\"https:\/\/dicodusport.fr\/blog\/vtt-pal-arinsal-2025-samara-maxwell-remporte-un-xco-de-folie\/#primaryimage\"},\"thumbnailUrl\":\"https:\/\/dicodusport.fr\/blog\/wp-content\/uploads\/2025\/07\/VTT-Pal-Arinsal-2025-Samara-Maxwell-remporte-un-XCO-de-folie-1-2.png\",\"keywords\":[\"br\u00e8ve\",\"Coupe du monde VTT\",\"VTT XCO\"],\"articleSection\":[\"VTT\"],\"inLanguage\":\"fr-FR\",\"potentialAction\":[{\"@type\":\"CommentAction\",\"name\":\"Comment\",\"target\":[\"https:\/\/dicodusport.fr\/blog\/vtt-pal-arinsal-2025-samara-maxwell-remporte-un-xco-de-folie\/#respond\"]}],\"copyrightYear\":\"2025\",\"copyrightHolder\":{\"@id\":\"https:\/\/dicodusport.fr\/blog\/#organization\"}},{\"@type\":\"WebPage\",\"@id\":\"https:\/\/dicodusport.fr\/blog\/vtt-pal-arinsal-2025-samara-maxwell-remporte-un-xco-de-folie\/\",\"url\":\"https:\/\/dicodusport.fr\/blog\/vtt-pal-arinsal-2025-samara-maxwell-remporte-un-xco-de-folie\/\",\"name\":\"VTT Pal Arinsal 2025 : Samara Maxwell remporte un XCO de folie !\",\"isPartOf\":{\"@id\":\"https:\/\/dicodusport.fr\/blog\/#website\"},\"primaryImageOfPage\":{\"@id\":\"https:\/\/dicodusport.fr\/blog\/vtt-pal-arinsal-2025-samara-maxwell-remporte-un-xco-de-folie\/#primaryimage\"},\"image\":{\"@id\":\"https:\/\/dicodusport.fr\/blog\/vtt-pal-arinsal-2025-samara-maxwell-remporte-un-xco-de-folie\/#primaryimage\"},\"thumbnailUrl\":\"https:\/\/dicodusport.fr\/blog\/wp-content\/uploads\/2025\/07\/VTT-Pal-Arinsal-2025-Samara-Maxwell-remporte-un-XCO-de-folie-1-2.png\",\"datePublished\":\"2025-07-13T10:59:49+00:00\",\"dateModified\":\"2025-07-13T17:02:22+00:00\",\"description\":\"COUPE DU MONDE DE VTT 2025 - Dans une course passionnante pleine de rebondissements, c'est finalement Samara Maxwell qui s'est impos\u00e9e.\",\"breadcrumb\":{\"@id\":\"https:\/\/dicodusport.fr\/blog\/vtt-pal-arinsal-2025-samara-maxwell-remporte-un-xco-de-folie\/#breadcrumb\"},\"inLanguage\":\"fr-FR\",\"potentialAction\":[{\"@type\":\"ReadAction\",\"target\":[\"https:\/\/dicodusport.fr\/blog\/vtt-pal-arinsal-2025-samara-maxwell-remporte-un-xco-de-folie\/\"]}]},{\"@type\":\"ImageObject\",\"inLanguage\":\"fr-FR\",\"@id\":\"https:\/\/dicodusport.fr\/blog\/vtt-pal-arinsal-2025-samara-maxwell-remporte-un-xco-de-folie\/#primaryimage\",\"url\":\"https:\/\/dicodusport.fr\/blog\/wp-content\/uploads\/2025\/07\/VTT-Pal-Arinsal-2025-Samara-Maxwell-remporte-un-XCO-de-folie-1-2.png\",\"contentUrl\":\"https:\/\/dicodusport.fr\/blog\/wp-content\/uploads\/2025\/07\/VTT-Pal-Arinsal-2025-Samara-Maxwell-remporte-un-XCO-de-folie-1-2.png\",\"width\":1200,\"height\":674,\"caption\":\"VTT Pal Arinsal 2025 Samara Maxwell remporte un XCO de folie !\"},{\"@type\":\"BreadcrumbList\",\"@id\":\"https:\/\/dicodusport.fr\/blog\/vtt-pal-arinsal-2025-samara-maxwell-remporte-un-xco-de-folie\/#breadcrumb\",\"itemListElement\":[{\"@type\":\"ListItem\",\"position\":1,\"name\":\"Accueil\",\"item\":\"https:\/\/dicodusport.fr\/blog\/\"},{\"@type\":\"ListItem\",\"position\":2,\"name\":\"VTT Pal Arinsal 2025 : Samara Maxwell remporte un XCO de folie !\"}]},{\"@type\":\"WebSite\",\"@id\":\"https:\/\/dicodusport.fr\/blog\/#website\",\"url\":\"https:\/\/dicodusport.fr\/blog\/\",\"name\":\"Dicodusport\",\"description\":\"L&#039;encyclop\u00e9die de l&#039;actualit\u00e9 sportive\",\"publisher\":{\"@id\":\"https:\/\/dicodusport.fr\/blog\/#organization\"},\"potentialAction\":[{\"@type\":\"SearchAction\",\"target\":{\"@type\":\"EntryPoint\",\"urlTemplate\":\"https:\/\/dicodusport.fr\/blog\/?s={search_term_string}\"},\"query-input\":{\"@type\":\"PropertyValueSpecification\",\"valueRequired\":true,\"valueName\":\"search_term_string\"}}],\"inLanguage\":\"fr-FR\"},{\"@type\":\"NewsMediaOrganization\",\"@id\":\"https:\/\/dicodusport.fr\/blog\/#organization\",\"name\":\"Dicodusport\",\"url\":\"https:\/\/dicodusport.fr\/blog\/\",\"logo\":{\"@type\":\"ImageObject\",\"inLanguage\":\"fr-FR\",\"@id\":\"https:\/\/dicodusport.fr\/blog\/#\/schema\/logo\/image\/\",\"url\":\"https:\/\/dicodusport.fr\/blog\/wp-content\/uploads\/2020\/06\/cropped-LOGO-DICODUSPORT-2020-SANS-FOND-SANS-TEXTE.png\",\"contentUrl\":\"https:\/\/dicodusport.fr\/blog\/wp-content\/uploads\/2020\/06\/cropped-LOGO-DICODUSPORT-2020-SANS-FOND-SANS-TEXTE.png\",\"width\":512,\"height\":512,\"caption\":\"Dicodusport\"},\"image\":{\"@id\":\"https:\/\/dicodusport.fr\/blog\/#\/schema\/logo\/image\/\"},\"sameAs\":[\"https:\/\/www.facebook.com\/dicodusport\",\"https:\/\/x.com\/dicodusport\",\"https:\/\/www.instagram.com\/dicodusport\/\",\"https:\/\/www.youtube.com\/channel\/UC7V2KZ5sd3htJivAbA4ZG3w\"],\"description\":\"Dicodusport est l'encyclop\u00e9die de l'actualit\u00e9 sportive.\",\"email\":\"bonjour@dicodusport.fr\",\"legalName\":\"DICODUSPORT\",\"foundingDate\":\"2018-01-14\",\"vatID\":\"FR71834470973\",\"taxID\":\"83447097300043\",\"numberOfEmployees\":{\"@type\":\"QuantitativeValue\",\"minValue\":\"1\",\"maxValue\":\"10\"}},{\"@type\":\"Person\",\"@id\":\"https:\/\/dicodusport.fr\/blog\/#\/schema\/person\/54b6cdccebdfcd5a1036c594aecffc2a\",\"name\":\"Louka Lesueur\",\"image\":{\"@type\":\"ImageObject\",\"inLanguage\":\"fr-FR\",\"@id\":\"https:\/\/dicodusport.fr\/blog\/#\/schema\/person\/image\/\",\"url\":\"https:\/\/dicodusport.fr\/blog\/wp-content\/uploads\/2023\/09\/IMG_2783-150x150.jpeg\",\"contentUrl\":\"https:\/\/dicodusport.fr\/blog\/wp-content\/uploads\/2023\/09\/IMG_2783-150x150.jpeg\",\"caption\":\"Louka Lesueur\"},\"description\":\"Passionn\u00e9 depuis tout petit par les exploits de Bolt, Fourcade, Riner, Lavillenie, Wilkinson, Hirscher. Les \u00e9motions provoqu\u00e9es par le sport ont berc\u00e9 mon enfance et continuent de le faire aujourd'hui. C'est ainsi qu'il m'est arriv\u00e9 de pleurer devant la d\u00e9faite des Bleus face aux Blacks en 2011, ou encore devant le titre olympique de Florent Manaudou \u00e0 Londres. Bien loin de ce milieu professionnel, j'ai os\u00e9 tenter ma chance pour rejoindre l'\u00e9quipe de r\u00e9daction de Dicodusport, et depuis septembre 2023, je tente de retransmettre au mieux les exploits des athl\u00e8tes, tous sports confondus. Grand chauvin, c'est bel et bien sur les sportifs tricolores que je pr\u00e9f\u00e8re \u00e9crire.\",\"sameAs\":[\"https:\/\/x.com\/https:\/\/twitter.com\/LNewsSF\"],\"gender\":\"Homme\",\"worksFor\":\"Louka LESUEUR\",\"url\":\"https:\/\/dicodusport.fr\/blog\/author\/louka-lesueur\/\"}]}<\/script>\n<!-- \/ Yoast SEO Premium plugin. -->","yoast_head_json":{"title":"VTT Pal Arinsal 2025 : Samara Maxwell remporte un XCO de folie !","description":"COUPE DU MONDE DE VTT 2025 - Dans une course passionnante pleine de rebondissements, c'est finalement Samara Maxwell qui s'est impos\u00e9e.","robots":{"index":"index","follow":"follow","max-snippet":"max-snippet:-1","max-image-preview":"max-image-preview:large","max-video-preview":"max-video-preview:-1"},"canonical":"https:\/\/dicodusport.fr\/blog\/vtt-pal-arinsal-2025-samara-maxwell-remporte-un-xco-de-folie\/","og_locale":"fr_FR","og_type":"article","og_title":"VTT Pal Arinsal 2025 : Samara Maxwell remporte un XCO de folie !","og_description":"COUPE DU MONDE DE VTT 2025 - Dans une course passionnante pleine de rebondissements, c'est finalement Samara Maxwell qui s'est impos\u00e9e.","og_url":"https:\/\/dicodusport.fr\/blog\/vtt-pal-arinsal-2025-samara-maxwell-remporte-un-xco-de-folie\/","og_site_name":"Dicodusport","article_publisher":"https:\/\/www.facebook.com\/dicodusport","article_published_time":"2025-07-13T10:59:49+00:00","article_modified_time":"2025-07-13T17:02:22+00:00","og_image":[{"width":1200,"height":674,"url":"https:\/\/dicodusport.fr\/blog\/wp-content\/uploads\/2025\/07\/VTT-Pal-Arinsal-2025-Samara-Maxwell-remporte-un-XCO-de-folie-1-2.png","type":"image\/png"}],"author":"Louka Lesueur","twitter_card":"summary_large_image","twitter_title":"VTT Pal Arinsal 2025 : Samara Maxwell remporte un XCO de folie !","twitter_creator":"@https:\/\/twitter.com\/LNewsSF","twitter_site":"@dicodusport","schema":{"@context":"https:\/\/schema.org","@graph":[{"@type":"NewsArticle","@id":"https:\/\/dicodusport.fr\/blog\/vtt-pal-arinsal-2025-samara-maxwell-remporte-un-xco-de-folie\/#article","isPartOf":{"@id":"https:\/\/dicodusport.fr\/blog\/vtt-pal-arinsal-2025-samara-maxwell-remporte-un-xco-de-folie\/"},"author":{"name":"Louka Lesueur","@id":"https:\/\/dicodusport.fr\/blog\/#\/schema\/person\/54b6cdccebdfcd5a1036c594aecffc2a"},"headline":"VTT Pal Arinsal 2025 : Samara Maxwell remporte un XCO de folie !","datePublished":"2025-07-13T10:59:49+00:00","dateModified":"2025-07-13T17:02:22+00:00","mainEntityOfPage":{"@id":"https:\/\/dicodusport.fr\/blog\/vtt-pal-arinsal-2025-samara-maxwell-remporte-un-xco-de-folie\/"},"wordCount":688,"commentCount":0,"publisher":{"@id":"https:\/\/dicodusport.fr\/blog\/#organization"},"image":{"@id":"https:\/\/dicodusport.fr\/blog\/vtt-pal-arinsal-2025-samara-maxwell-remporte-un-xco-de-folie\/#primaryimage"},"thumbnailUrl":"https:\/\/dicodusport.fr\/blog\/wp-content\/uploads\/2025\/07\/VTT-Pal-Arinsal-2025-Samara-Maxwell-remporte-un-XCO-de-folie-1-2.png","keywords":["br\u00e8ve","Coupe du monde VTT","VTT XCO"],"articleSection":["VTT"],"inLanguage":"fr-FR","potentialAction":[{"@type":"CommentAction","name":"Comment","target":["https:\/\/dicodusport.fr\/blog\/vtt-pal-arinsal-2025-samara-maxwell-remporte-un-xco-de-folie\/#respond"]}],"copyrightYear":"2025","copyrightHolder":{"@id":"https:\/\/dicodusport.fr\/blog\/#organization"}},{"@type":"WebPage","@id":"https:\/\/dicodusport.fr\/blog\/vtt-pal-arinsal-2025-samara-maxwell-remporte-un-xco-de-folie\/","url":"https:\/\/dicodusport.fr\/blog\/vtt-pal-arinsal-2025-samara-maxwell-remporte-un-xco-de-folie\/","name":"VTT Pal Arinsal 2025 : Samara Maxwell remporte un XCO de folie !","isPartOf":{"@id":"https:\/\/dicodusport.fr\/blog\/#website"},"primaryImageOfPage":{"@id":"https:\/\/dicodusport.fr\/blog\/vtt-pal-arinsal-2025-samara-maxwell-remporte-un-xco-de-folie\/#primaryimage"},"image":{"@id":"https:\/\/dicodusport.fr\/blog\/vtt-pal-arinsal-2025-samara-maxwell-remporte-un-xco-de-folie\/#primaryimage"},"thumbnailUrl":"https:\/\/dicodusport.fr\/blog\/wp-content\/uploads\/2025\/07\/VTT-Pal-Arinsal-2025-Samara-Maxwell-remporte-un-XCO-de-folie-1-2.png","datePublished":"2025-07-13T10:59:49+00:00","dateModified":"2025-07-13T17:02:22+00:00","description":"COUPE DU MONDE DE VTT 2025 - Dans une course passionnante pleine de rebondissements, c'est finalement Samara Maxwell qui s'est impos\u00e9e.","breadcrumb":{"@id":"https:\/\/dicodusport.fr\/blog\/vtt-pal-arinsal-2025-samara-maxwell-remporte-un-xco-de-folie\/#breadcrumb"},"inLanguage":"fr-FR","potentialAction":[{"@type":"ReadAction","target":["https:\/\/dicodusport.fr\/blog\/vtt-pal-arinsal-2025-samara-maxwell-remporte-un-xco-de-folie\/"]}]},{"@type":"ImageObject","inLanguage":"fr-FR","@id":"https:\/\/dicodusport.fr\/blog\/vtt-pal-arinsal-2025-samara-maxwell-remporte-un-xco-de-folie\/#primaryimage","url":"https:\/\/dicodusport.fr\/blog\/wp-content\/uploads\/2025\/07\/VTT-Pal-Arinsal-2025-Samara-Maxwell-remporte-un-XCO-de-folie-1-2.png","contentUrl":"https:\/\/dicodusport.fr\/blog\/wp-content\/uploads\/2025\/07\/VTT-Pal-Arinsal-2025-Samara-Maxwell-remporte-un-XCO-de-folie-1-2.png","width":1200,"height":674,"caption":"VTT Pal Arinsal 2025 Samara Maxwell remporte un XCO de folie !"},{"@type":"BreadcrumbList","@id":"https:\/\/dicodusport.fr\/blog\/vtt-pal-arinsal-2025-samara-maxwell-remporte-un-xco-de-folie\/#breadcrumb","itemListElement":[{"@type":"ListItem","position":1,"name":"Accueil","item":"https:\/\/dicodusport.fr\/blog\/"},{"@type":"ListItem","position":2,"name":"VTT Pal Arinsal 2025 : Samara Maxwell remporte un XCO de folie !"}]},{"@type":"WebSite","@id":"https:\/\/dicodusport.fr\/blog\/#website","url":"https:\/\/dicodusport.fr\/blog\/","name":"Dicodusport","description":"L&#039;encyclop\u00e9die de l&#039;actualit\u00e9 sportive","publisher":{"@id":"https:\/\/dicodusport.fr\/blog\/#organization"},"potentialAction":[{"@type":"SearchAction","target":{"@type":"EntryPoint","urlTemplate":"https:\/\/dicodusport.fr\/blog\/?s={search_term_string}"},"query-input":{"@type":"PropertyValueSpecification","valueRequired":true,"valueName":"search_term_string"}}],"inLanguage":"fr-FR"},{"@type":"NewsMediaOrganization","@id":"https:\/\/dicodusport.fr\/blog\/#organization","name":"Dicodusport","url":"https:\/\/dicodusport.fr\/blog\/","logo":{"@type":"ImageObject","inLanguage":"fr-FR","@id":"https:\/\/dicodusport.fr\/blog\/#\/schema\/logo\/image\/","url":"https:\/\/dicodusport.fr\/blog\/wp-content\/uploads\/2020\/06\/cropped-LOGO-DICODUSPORT-2020-SANS-FOND-SANS-TEXTE.png","contentUrl":"https:\/\/dicodusport.fr\/blog\/wp-content\/uploads\/2020\/06\/cropped-LOGO-DICODUSPORT-2020-SANS-FOND-SANS-TEXTE.png","width":512,"height":512,"caption":"Dicodusport"},"image":{"@id":"https:\/\/dicodusport.fr\/blog\/#\/schema\/logo\/image\/"},"sameAs":["https:\/\/www.facebook.com\/dicodusport","https:\/\/x.com\/dicodusport","https:\/\/www.instagram.com\/dicodusport\/","https:\/\/www.youtube.com\/channel\/UC7V2KZ5sd3htJivAbA4ZG3w"],"description":"Dicodusport est l'encyclop\u00e9die de l'actualit\u00e9 sportive.","email":"bonjour@dicodusport.fr","legalName":"DICODUSPORT","foundingDate":"2018-01-14","vatID":"FR71834470973","taxID":"83447097300043","numberOfEmployees":{"@type":"QuantitativeValue","minValue":"1","maxValue":"10"}},{"@type":"Person","@id":"https:\/\/dicodusport.fr\/blog\/#\/schema\/person\/54b6cdccebdfcd5a1036c594aecffc2a","name":"Louka Lesueur","image":{"@type":"ImageObject","inLanguage":"fr-FR","@id":"https:\/\/dicodusport.fr\/blog\/#\/schema\/person\/image\/","url":"https:\/\/dicodusport.fr\/blog\/wp-content\/uploads\/2023\/09\/IMG_2783-150x150.jpeg","contentUrl":"https:\/\/dicodusport.fr\/blog\/wp-content\/uploads\/2023\/09\/IMG_2783-150x150.jpeg","caption":"Louka Lesueur"},"description":"Passionn\u00e9 depuis tout petit par les exploits de Bolt, Fourcade, Riner, Lavillenie, Wilkinson, Hirscher. Les \u00e9motions provoqu\u00e9es par le sport ont berc\u00e9 mon enfance et continuent de le faire aujourd'hui. C'est ainsi qu'il m'est arriv\u00e9 de pleurer devant la d\u00e9faite des Bleus face aux Blacks en 2011, ou encore devant le titre olympique de Florent Manaudou \u00e0 Londres. Bien loin de ce milieu professionnel, j'ai os\u00e9 tenter ma chance pour rejoindre l'\u00e9quipe de r\u00e9daction de Dicodusport, et depuis septembre 2023, je tente de retransmettre au mieux les exploits des athl\u00e8tes, tous sports confondus. Grand chauvin, c'est bel et bien sur les sportifs tricolores que je pr\u00e9f\u00e8re \u00e9crire.","sameAs":["https:\/\/x.com\/https:\/\/twitter.com\/LNewsSF"],"gender":"Homme","worksFor":"Louka LESUEUR","url":"https:\/\/dicodusport.fr\/blog\/author\/louka-lesueur\/"}]}},"_links":{"self":[{"href":"https:\/\/dicodusport.fr\/blog\/wp-json\/wp\/v2\/posts\/594995","targetHints":{"allow":["GET"]}}],"collection":[{"href":"https:\/\/dicodusport.fr\/blog\/wp-json\/wp\/v2\/posts"}],"about":[{"href":"https:\/\/dicodusport.fr\/blog\/wp-json\/wp\/v2\/types\/post"}],"author":[{"embeddable":true,"href":"https:\/\/dicodusport.fr\/blog\/wp-json\/wp\/v2\/users\/89"}],"replies":[{"embeddable":true,"href":"https:\/\/dicodusport.fr\/blog\/wp-json\/wp\/v2\/comments?post=594995"}],"version-history":[{"count":5,"href":"https:\/\/dicodusport.fr\/blog\/wp-json\/wp\/v2\/posts\/594995\/revisions"}],"predecessor-version":[{"id":595043,"href":"https:\/\/dicodusport.fr\/blog\/wp-json\/wp\/v2\/posts\/594995\/revisions\/595043"}],"wp:featuredmedia":[{"embeddable":true,"href":"https:\/\/dicodusport.fr\/blog\/wp-json\/wp\/v2\/media\/595212"}],"wp:attachment":[{"href":"https:\/\/dicodusport.fr\/blog\/wp-json\/wp\/v2\/media?parent=594995"}],"wp:term":[{"taxonomy":"category","embeddable":true,"href":"https:\/\/dicodusport.fr\/blog\/wp-json\/wp\/v2\/categories?post=594995"},{"taxonomy":"post_tag","embeddable":true,"href":"https:\/\/dicodusport.fr\/blog\/wp-json\/wp\/v2\/tags?post=594995"}],"curies":[{"name":"wp","href":"https:\/\/api.w.org\/{rel}","templated":true}]}}