{"id":595150,"date":"2025-07-13T17:32:57","date_gmt":"2025-07-13T15:32:57","guid":{"rendered":"https:\/\/dicodusport.fr\/blog\/?p=595150&#038;preview=true&#038;preview_id=595150"},"modified":"2025-07-13T18:00:42","modified_gmt":"2025-07-13T16:00:42","slug":"le-francais-de-la-9eme-etape-paul-penhoet-ou-lart-du-placement","status":"publish","type":"post","link":"https:\/\/dicodusport.fr\/blog\/le-francais-de-la-9eme-etape-paul-penhoet-ou-lart-du-placement\/","title":{"rendered":"Le Fran\u00e7ais de la 9\u00e8me \u00e9tape : Paul Penho\u00ebt ou l&rsquo;art du placement"},"content":{"rendered":"<p style=\"text-align: justify;\"><strong><em>TOUR DE FRANCE 2025\u00a0 &#8211; D\u00e9j\u00e0 septi\u00e8me sur la premi\u00e8re \u00e9tape \u00e0 Lille, Paul Penho\u00ebt (Groupama-FDJ) enchaine avec un joli Top 5 lors du sprint massif du jour. Une belle r\u00e9gularit\u00e9 qui vient r\u00e9compenser un solide travail de son \u00e9quipe.<\/em><\/strong><\/p>\n<ul style=\"text-align: justify;\">\n<li><strong>\u00c0 lire aussi \u2013 <a href=\"https:\/\/dicodusport.fr\/blog\/8eme-etape-tour-de-france-2025-classement-et-resultats\/\">9\u00e8me \u00e9tape Tour de France 2025 \u2013 Classement et r\u00e9sultats<\/a><\/strong><\/li>\n<\/ul>\n<p style=\"text-align: justify;\">Certes, <strong>Paul Penho\u00ebt<\/strong> n&rsquo;est pas un sprinteur ultra-dominant. Certes, il n&rsquo;a que deux victoires professionnelles avec le <a href=\"https:\/\/dicodusport.fr\/blog\/tour-du-finistere-2023-au-sprint-paul-penhoet-rafle-son-premier-succes-chez-les-professionnels\/\"><strong>Tour du Finist\u00e8re<\/strong><\/a> et une \u00e9tape du Tour Poitou-Charentes en Nouvelle Aquitaine, obtenues en 2023. Mais le coureur de la Groupama-FDJ poss\u00e8de bien des qualit\u00e9s qui font de lui un coureur sur lequel on peut compter.<\/p>\n<div class=\"vlp-link-container vlp-layout-article\"><a href=\"https:\/\/dicodusport.fr\/blog\/billet-dhumeur-tour-de-france-pas-besoin-de-relief-pour-avoir-du-spectacle\/\" class=\"vlp-link\" title=\"Billet d\u2019humeur Tour de France - Pas besoin de relief pour avoir du spectacle\"><\/a><div class=\"vlp-layout-zone-side\"><div class=\"vlp-block-4 vlp-link-image\"><img loading=\"lazy\" decoding=\"async\" style=\"max-width: 792px;\" width=\"792\" height=\"445\" src=\"https:\/\/dicodusport.fr\/blog\/wp-content\/uploads\/2025\/07\/Billet-dhumeur-Tour-de-France-Pas-besoin-de-relief-pour-avoir-du-spectacle.png\" class=\"attachment-800x445 size-800x445\" alt=\"Billet d\u2019humeur Tour de France - Pas besoin de relief pour avoir du spectacle\" srcset=\"https:\/\/dicodusport.fr\/blog\/wp-content\/uploads\/2025\/07\/Billet-dhumeur-Tour-de-France-Pas-besoin-de-relief-pour-avoir-du-spectacle.png 1200w, https:\/\/dicodusport.fr\/blog\/wp-content\/uploads\/2025\/07\/Billet-dhumeur-Tour-de-France-Pas-besoin-de-relief-pour-avoir-du-spectacle-300x169.png 300w, https:\/\/dicodusport.fr\/blog\/wp-content\/uploads\/2025\/07\/Billet-dhumeur-Tour-de-France-Pas-besoin-de-relief-pour-avoir-du-spectacle-1024x575.png 1024w, https:\/\/dicodusport.fr\/blog\/wp-content\/uploads\/2025\/07\/Billet-dhumeur-Tour-de-France-Pas-besoin-de-relief-pour-avoir-du-spectacle-768x431.png 768w\" sizes=\"auto, (max-width: 792px) 100vw, 792px\" \/><\/div><\/div><div class=\"vlp-layout-zone-main\"><div class=\"vlp-block-0 vlp-link-title\">Billet d\u2019humeur Tour de France - Pas besoin de relief pour avoir du spectacle<\/div><div class=\"vlp-block-1 vlp-link-summary\">TOUR DE FRANCE 2025 - Beaucoup ont critiqu\u00e9 le trac\u00e9 des \u00e9tapes de ce week-end. On vient pourtant d'assister \u00e0 la plus belle \u00e9tape depuis le d\u00e9but du Tour.<\/div><div class=\"vlp-block-2 vlp-link-button\">Lire l'article<\/div><div class=\"vlp-block-3 vlp-link-url\">dicodusport.fr<\/div><\/div><\/div>\n<p style=\"text-align: justify;\">D&rsquo;abord, sa fiabilit\u00e9 lui permet d&rsquo;enquiller pas mal de top 10 sur les diff\u00e9rents sprints, \u00e0 d\u00e9faut de gagner, et il se montre donc un gros pourvoyeur de points pour son \u00e9quipe. Rien que cette ann\u00e9e, au niveau World Tour, il a compil\u00e9 deux Top 10 sur Tirenno-Adriatico et deux autres sur le Crit\u00e9rium du Dauphin\u00e9. Son Tour de France continue de prouver sa r\u00e9gularit\u00e9 avec sa 7\u00e8me place \u00e0 Lille et sa 5\u00e8me du jour \u00e0 Ch\u00e2teauroux.<\/p>\n<blockquote class=\"twitter-tweet\">\n<p dir=\"ltr\" lang=\"fr\">\ud83d\udca5 Un premier Top 5 sur les routes du Tour de France pour Paul, plac\u00e9 et emmen\u00e9 dans les meilleures dispositions par ses co\u00e9quipiers !<\/p>\n<p>\ud835\uddda\ud835\uddfc\ud835\uddfc\ud835\uddf1 \ud835\uddf7\ud835\uddfc\ud835\uddef \ud835\uddf4\ud835\ude02\ud835\ude06\ud835\ude00 \ud83e\udd1c\ud83e\udd1b <a href=\"https:\/\/twitter.com\/hashtag\/TDF2025?src=hash&amp;ref_src=twsrc%5Etfw\">#TDF2025<\/a> <a href=\"https:\/\/t.co\/2CLrzvVQUr\">pic.twitter.com\/2CLrzvVQUr<\/a><\/p>\n<p>\u2014 \u00c9quipe Cycliste Groupama-FDJ (@GroupamaFDJ) <a href=\"https:\/\/twitter.com\/GroupamaFDJ\/status\/1944414062709735755?ref_src=twsrc%5Etfw\">July 13, 2025<\/a><\/p><\/blockquote>\n<p style=\"text-align: justify;\"><script async src=\"https:\/\/platform.twitter.com\/widgets.js\" charset=\"utf-8\"><\/script><\/p>\n<h2 style=\"text-align: justify;\">Penho\u00ebt, roi du placement et bien entour\u00e9<\/h2>\n<p style=\"text-align: justify;\">Des r\u00e9sultats qui montrent que la Groupama-FDJ g\u00e8re parfaitement les \u00e9tapes de plaine. Que ce soit dans les bordures, ou au moment de placer leur sprinteur dans le final, <strong>Cl\u00e9ment Russo<\/strong> et <strong>Cyril Barthe<\/strong> se r\u00e9v\u00e8lent des atouts ma\u00eetres sur cette Grande Boucle. Impressionnants dans le vent, ils ont encore une fois aujourd&rsquo;hui emmen\u00e9 <strong>Penho\u00ebt<\/strong> dans les trois premi\u00e8res positions du peloton \u00e0 1 km de l&rsquo;arriv\u00e9e.<\/p>\n<ul style=\"text-align: justify;\">\n<li><strong>\u00c0 ce sujet &#8211; <a href=\"https:\/\/dicodusport.fr\/blog\/9eme-etape-tour-de-france-2025-tim-merlier-decroche-un-deuxieme-bouquet\/\">9\u00e8me \u00e9tape Tour de France 2025 : Tim Merlier d\u00e9croche un deuxi\u00e8me bouquet<\/a><\/strong><\/li>\n<\/ul>\n<p style=\"text-align: justify;\">Ensuite, le natif de Clamart fait avec ses moyens, et son petit d\u00e9ficit de vitesse, mais ram\u00e8ne des r\u00e9sultats pr\u00e9cieux. Il n&rsquo;aura jamais la puissance d&rsquo;un <strong>Jonathan Milan<\/strong> ou la pointe de vitesse d&rsquo;un <strong>Tim Merlier<\/strong> mais nul doute qu&rsquo;on pourra compter sur lui pour sauver un peu les apparences d&rsquo;un sprint tricolore de plus en plus pauvre.<\/p>\n<h3 style=\"text-align: justify;\">\u00c0 lire aussi<\/h3>\n<ul>\n<li style=\"text-align: justify;\"><strong><a href=\"https:\/\/dicodusport.fr\/blog\/classement-general-actualise-tour-de-france-2025\/\">Classement g\u00e9n\u00e9ral actualis\u00e9 Tour de France 2025<\/a><\/strong><\/li>\n<li style=\"text-align: justify;\"><a href=\"https:\/\/dicodusport.fr\/blog\/maillot-vert-tour-de-france-2025-classement-par-points\/\"><strong>Classement par points<\/strong><\/a><\/li>\n<li style=\"text-align: justify;\"><a href=\"https:\/\/dicodusport.fr\/blog\/maillot-a-pois-tour-de-france-2025-classement-meilleur-grimpeur\/\"><strong>Classement meilleur grimpeur<\/strong><\/a><\/li>\n<li style=\"text-align: justify;\"><a href=\"https:\/\/dicodusport.fr\/blog\/maillot-blanc-tour-de-france-2025-classement-meilleur-jeune\/\"><strong>Classement meilleur jeune<\/strong><\/a><\/li>\n<\/ul>\n","protected":false},"excerpt":{"rendered":"<p>TOUR DE FRANCE 2025\u00a0 &#8211; D\u00e9j\u00e0 septi\u00e8me sur la premi\u00e8re \u00e9tape \u00e0 Lille, Paul Penho\u00ebt (Groupama-FDJ) enchaine avec un joli Top 5 lors du sprint massif du jour. Une belle r\u00e9gularit\u00e9 qui vient r\u00e9compenser un solide travail de son \u00e9quipe.<\/p>\n","protected":false},"author":92,"featured_media":595180,"comment_status":"open","ping_status":"closed","sticky":false,"template":"","format":"standard","meta":{"_acf_changed":false,"_daextam_enable_autolinks":"1","footnotes":""},"categories":[46995],"tags":[16878,1262],"class_list":["post-595150","post","type-post","status-publish","format-standard","has-post-thumbnail","hentry","category-tour-de-france","tag-breve","tag-tour-de-france"],"acf":[],"yoast_head":"<!-- This site is optimized with the Yoast SEO Premium plugin v26.7 (Yoast SEO v26.7) - https:\/\/yoast.com\/wordpress\/plugins\/seo\/ -->\n<title>Le Fran\u00e7ais de la 9\u00e8me \u00e9tape : Paul Penho\u00ebt ou l&#039;art du placement<\/title>\n<meta name=\"description\" content=\"TOUR DE FRANCE 2025\u00a0 - D\u00e9j\u00e0 septi\u00e8me sur la premi\u00e8re \u00e9tape \u00e0 Lille, Paul Penho\u00ebt enchaine avec un joli Top 5 lors du sprint massif du jour.\" \/>\n<meta name=\"robots\" content=\"index, follow, max-snippet:-1, max-image-preview:large, max-video-preview:-1\" \/>\n<link rel=\"canonical\" href=\"https:\/\/dicodusport.fr\/blog\/le-francais-de-la-9eme-etape-paul-penhoet-ou-lart-du-placement\/\" \/>\n<meta property=\"og:locale\" content=\"fr_FR\" \/>\n<meta property=\"og:type\" content=\"article\" \/>\n<meta property=\"og:title\" content=\"Le Fran\u00e7ais de la 9\u00e8me \u00e9tape : Paul Penho\u00ebt ou l&#039;art du placement\" \/>\n<meta property=\"og:description\" content=\"TOUR DE FRANCE 2025\u00a0 - D\u00e9j\u00e0 septi\u00e8me sur la premi\u00e8re \u00e9tape \u00e0 Lille, Paul Penho\u00ebt enchaine avec un joli Top 5 lors du sprint massif du jour.\" \/>\n<meta property=\"og:url\" content=\"https:\/\/dicodusport.fr\/blog\/le-francais-de-la-9eme-etape-paul-penhoet-ou-lart-du-placement\/\" \/>\n<meta property=\"og:site_name\" content=\"Dicodusport\" \/>\n<meta property=\"article:publisher\" content=\"https:\/\/www.facebook.com\/dicodusport\" \/>\n<meta property=\"article:published_time\" content=\"2025-07-13T15:32:57+00:00\" \/>\n<meta property=\"article:modified_time\" content=\"2025-07-13T16:00:42+00:00\" \/>\n<meta property=\"og:image\" content=\"https:\/\/dicodusport.fr\/blog\/wp-content\/uploads\/2025\/07\/Le-Francais-de-la-9eme-etape-Paul-Penhoet-ou-lart-du-placement.png\" \/>\n\t<meta property=\"og:image:width\" content=\"1200\" \/>\n\t<meta property=\"og:image:height\" content=\"674\" \/>\n\t<meta property=\"og:image:type\" content=\"image\/png\" \/>\n<meta name=\"author\" content=\"Olivier Dobiezynski\" \/>\n<meta name=\"twitter:card\" content=\"summary_large_image\" \/>\n<meta name=\"twitter:title\" content=\"Le Fran\u00e7ais de la 9\u00e8me \u00e9tape : Paul Penho\u00ebt ou l&#039;art du placement\" \/>\n<meta name=\"twitter:creator\" content=\"@https:\/\/x.com\/Olivier_Matros\" \/>\n<meta name=\"twitter:site\" content=\"@dicodusport\" \/>\n<script type=\"application\/ld+json\" class=\"yoast-schema-graph\">{\"@context\":\"https:\/\/schema.org\",\"@graph\":[{\"@type\":\"NewsArticle\",\"@id\":\"https:\/\/dicodusport.fr\/blog\/le-francais-de-la-9eme-etape-paul-penhoet-ou-lart-du-placement\/#article\",\"isPartOf\":{\"@id\":\"https:\/\/dicodusport.fr\/blog\/le-francais-de-la-9eme-etape-paul-penhoet-ou-lart-du-placement\/\"},\"author\":{\"name\":\"Olivier Dobiezynski\",\"@id\":\"https:\/\/dicodusport.fr\/blog\/#\/schema\/person\/fe500246414ca17ddf0c0312d7a792cc\"},\"headline\":\"Le Fran\u00e7ais de la 9\u00e8me \u00e9tape : Paul Penho\u00ebt ou l&rsquo;art du placement\",\"datePublished\":\"2025-07-13T15:32:57+00:00\",\"dateModified\":\"2025-07-13T16:00:42+00:00\",\"mainEntityOfPage\":{\"@id\":\"https:\/\/dicodusport.fr\/blog\/le-francais-de-la-9eme-etape-paul-penhoet-ou-lart-du-placement\/\"},\"wordCount\":505,\"commentCount\":0,\"publisher\":{\"@id\":\"https:\/\/dicodusport.fr\/blog\/#organization\"},\"image\":{\"@id\":\"https:\/\/dicodusport.fr\/blog\/le-francais-de-la-9eme-etape-paul-penhoet-ou-lart-du-placement\/#primaryimage\"},\"thumbnailUrl\":\"https:\/\/dicodusport.fr\/blog\/wp-content\/uploads\/2025\/07\/Le-Francais-de-la-9eme-etape-Paul-Penhoet-ou-lart-du-placement.png\",\"keywords\":[\"br\u00e8ve\",\"Tour de France\"],\"articleSection\":[\"Tour de France\"],\"inLanguage\":\"fr-FR\",\"potentialAction\":[{\"@type\":\"CommentAction\",\"name\":\"Comment\",\"target\":[\"https:\/\/dicodusport.fr\/blog\/le-francais-de-la-9eme-etape-paul-penhoet-ou-lart-du-placement\/#respond\"]}],\"copyrightYear\":\"2025\",\"copyrightHolder\":{\"@id\":\"https:\/\/dicodusport.fr\/blog\/#organization\"}},{\"@type\":\"WebPage\",\"@id\":\"https:\/\/dicodusport.fr\/blog\/le-francais-de-la-9eme-etape-paul-penhoet-ou-lart-du-placement\/\",\"url\":\"https:\/\/dicodusport.fr\/blog\/le-francais-de-la-9eme-etape-paul-penhoet-ou-lart-du-placement\/\",\"name\":\"Le Fran\u00e7ais de la 9\u00e8me \u00e9tape : Paul Penho\u00ebt ou l'art du placement\",\"isPartOf\":{\"@id\":\"https:\/\/dicodusport.fr\/blog\/#website\"},\"primaryImageOfPage\":{\"@id\":\"https:\/\/dicodusport.fr\/blog\/le-francais-de-la-9eme-etape-paul-penhoet-ou-lart-du-placement\/#primaryimage\"},\"image\":{\"@id\":\"https:\/\/dicodusport.fr\/blog\/le-francais-de-la-9eme-etape-paul-penhoet-ou-lart-du-placement\/#primaryimage\"},\"thumbnailUrl\":\"https:\/\/dicodusport.fr\/blog\/wp-content\/uploads\/2025\/07\/Le-Francais-de-la-9eme-etape-Paul-Penhoet-ou-lart-du-placement.png\",\"datePublished\":\"2025-07-13T15:32:57+00:00\",\"dateModified\":\"2025-07-13T16:00:42+00:00\",\"description\":\"TOUR DE FRANCE 2025\u00a0 - D\u00e9j\u00e0 septi\u00e8me sur la premi\u00e8re \u00e9tape \u00e0 Lille, Paul Penho\u00ebt enchaine avec un joli Top 5 lors du sprint massif du jour.\",\"breadcrumb\":{\"@id\":\"https:\/\/dicodusport.fr\/blog\/le-francais-de-la-9eme-etape-paul-penhoet-ou-lart-du-placement\/#breadcrumb\"},\"inLanguage\":\"fr-FR\",\"potentialAction\":[{\"@type\":\"ReadAction\",\"target\":[\"https:\/\/dicodusport.fr\/blog\/le-francais-de-la-9eme-etape-paul-penhoet-ou-lart-du-placement\/\"]}]},{\"@type\":\"ImageObject\",\"inLanguage\":\"fr-FR\",\"@id\":\"https:\/\/dicodusport.fr\/blog\/le-francais-de-la-9eme-etape-paul-penhoet-ou-lart-du-placement\/#primaryimage\",\"url\":\"https:\/\/dicodusport.fr\/blog\/wp-content\/uploads\/2025\/07\/Le-Francais-de-la-9eme-etape-Paul-Penhoet-ou-lart-du-placement.png\",\"contentUrl\":\"https:\/\/dicodusport.fr\/blog\/wp-content\/uploads\/2025\/07\/Le-Francais-de-la-9eme-etape-Paul-Penhoet-ou-lart-du-placement.png\",\"width\":1200,\"height\":674,\"caption\":\"Le Fran\u00e7ais de la 9\u00e8me \u00e9tape Paul Penho\u00ebt ou l'art du placement\"},{\"@type\":\"BreadcrumbList\",\"@id\":\"https:\/\/dicodusport.fr\/blog\/le-francais-de-la-9eme-etape-paul-penhoet-ou-lart-du-placement\/#breadcrumb\",\"itemListElement\":[{\"@type\":\"ListItem\",\"position\":1,\"name\":\"Accueil\",\"item\":\"https:\/\/dicodusport.fr\/blog\/\"},{\"@type\":\"ListItem\",\"position\":2,\"name\":\"Le Fran\u00e7ais de la 9\u00e8me \u00e9tape : Paul Penho\u00ebt ou l&rsquo;art du placement\"}]},{\"@type\":\"WebSite\",\"@id\":\"https:\/\/dicodusport.fr\/blog\/#website\",\"url\":\"https:\/\/dicodusport.fr\/blog\/\",\"name\":\"Dicodusport\",\"description\":\"L&#039;encyclop\u00e9die de l&#039;actualit\u00e9 sportive\",\"publisher\":{\"@id\":\"https:\/\/dicodusport.fr\/blog\/#organization\"},\"potentialAction\":[{\"@type\":\"SearchAction\",\"target\":{\"@type\":\"EntryPoint\",\"urlTemplate\":\"https:\/\/dicodusport.fr\/blog\/?s={search_term_string}\"},\"query-input\":{\"@type\":\"PropertyValueSpecification\",\"valueRequired\":true,\"valueName\":\"search_term_string\"}}],\"inLanguage\":\"fr-FR\"},{\"@type\":\"NewsMediaOrganization\",\"@id\":\"https:\/\/dicodusport.fr\/blog\/#organization\",\"name\":\"Dicodusport\",\"url\":\"https:\/\/dicodusport.fr\/blog\/\",\"logo\":{\"@type\":\"ImageObject\",\"inLanguage\":\"fr-FR\",\"@id\":\"https:\/\/dicodusport.fr\/blog\/#\/schema\/logo\/image\/\",\"url\":\"https:\/\/dicodusport.fr\/blog\/wp-content\/uploads\/2020\/06\/cropped-LOGO-DICODUSPORT-2020-SANS-FOND-SANS-TEXTE.png\",\"contentUrl\":\"https:\/\/dicodusport.fr\/blog\/wp-content\/uploads\/2020\/06\/cropped-LOGO-DICODUSPORT-2020-SANS-FOND-SANS-TEXTE.png\",\"width\":512,\"height\":512,\"caption\":\"Dicodusport\"},\"image\":{\"@id\":\"https:\/\/dicodusport.fr\/blog\/#\/schema\/logo\/image\/\"},\"sameAs\":[\"https:\/\/www.facebook.com\/dicodusport\",\"https:\/\/x.com\/dicodusport\",\"https:\/\/www.instagram.com\/dicodusport\/\",\"https:\/\/www.youtube.com\/channel\/UC7V2KZ5sd3htJivAbA4ZG3w\"],\"description\":\"Dicodusport est l'encyclop\u00e9die de l'actualit\u00e9 sportive.\",\"email\":\"bonjour@dicodusport.fr\",\"legalName\":\"DICODUSPORT\",\"foundingDate\":\"2018-01-14\",\"vatID\":\"FR71834470973\",\"taxID\":\"83447097300043\",\"numberOfEmployees\":{\"@type\":\"QuantitativeValue\",\"minValue\":\"1\",\"maxValue\":\"10\"}},{\"@type\":\"Person\",\"@id\":\"https:\/\/dicodusport.fr\/blog\/#\/schema\/person\/fe500246414ca17ddf0c0312d7a792cc\",\"name\":\"Olivier Dobiezynski\",\"image\":{\"@type\":\"ImageObject\",\"inLanguage\":\"fr-FR\",\"@id\":\"https:\/\/dicodusport.fr\/blog\/#\/schema\/person\/image\/\",\"url\":\"https:\/\/dicodusport.fr\/blog\/wp-content\/uploads\/2024\/09\/5be8fe8d-9962-4f1e-ad06-d6f9dee30e6d-150x150.jpg\",\"contentUrl\":\"https:\/\/dicodusport.fr\/blog\/wp-content\/uploads\/2024\/09\/5be8fe8d-9962-4f1e-ad06-d6f9dee30e6d-150x150.jpg\",\"caption\":\"Olivier Dobiezynski\"},\"description\":\"Depuis le milieu des ann\u00e9es 90, la passion du cyclisme m'anime. Mes h\u00e9ros s'appellent Luc Leblanc, Piotr Ugrumov, Paolo Savoldelli, Peter Sagan et bien \u00e9videmment Romain Bardet. R\u00e9dacteur depuis 2023, je suis ici pour partager cet amour de la Petite Reine. Vous pourrez me lire \u00e9galement sur du trail, du ski de fond et tout autre sujet susceptible d'\u00e9veiller ma curiosit\u00e9 sportive.\",\"sameAs\":[\"https:\/\/x.com\/https:\/\/x.com\/Olivier_Matros\"],\"url\":\"https:\/\/dicodusport.fr\/blog\/author\/olivier-gh\/\"}]}<\/script>\n<!-- \/ Yoast SEO Premium plugin. -->","yoast_head_json":{"title":"Le Fran\u00e7ais de la 9\u00e8me \u00e9tape : Paul Penho\u00ebt ou l'art du placement","description":"TOUR DE FRANCE 2025\u00a0 - D\u00e9j\u00e0 septi\u00e8me sur la premi\u00e8re \u00e9tape \u00e0 Lille, Paul Penho\u00ebt enchaine avec un joli Top 5 lors du sprint massif du jour.","robots":{"index":"index","follow":"follow","max-snippet":"max-snippet:-1","max-image-preview":"max-image-preview:large","max-video-preview":"max-video-preview:-1"},"canonical":"https:\/\/dicodusport.fr\/blog\/le-francais-de-la-9eme-etape-paul-penhoet-ou-lart-du-placement\/","og_locale":"fr_FR","og_type":"article","og_title":"Le Fran\u00e7ais de la 9\u00e8me \u00e9tape : Paul Penho\u00ebt ou l'art du placement","og_description":"TOUR DE FRANCE 2025\u00a0 - D\u00e9j\u00e0 septi\u00e8me sur la premi\u00e8re \u00e9tape \u00e0 Lille, Paul Penho\u00ebt enchaine avec un joli Top 5 lors du sprint massif du jour.","og_url":"https:\/\/dicodusport.fr\/blog\/le-francais-de-la-9eme-etape-paul-penhoet-ou-lart-du-placement\/","og_site_name":"Dicodusport","article_publisher":"https:\/\/www.facebook.com\/dicodusport","article_published_time":"2025-07-13T15:32:57+00:00","article_modified_time":"2025-07-13T16:00:42+00:00","og_image":[{"width":1200,"height":674,"url":"https:\/\/dicodusport.fr\/blog\/wp-content\/uploads\/2025\/07\/Le-Francais-de-la-9eme-etape-Paul-Penhoet-ou-lart-du-placement.png","type":"image\/png"}],"author":"Olivier Dobiezynski","twitter_card":"summary_large_image","twitter_title":"Le Fran\u00e7ais de la 9\u00e8me \u00e9tape : Paul Penho\u00ebt ou l'art du placement","twitter_creator":"@https:\/\/x.com\/Olivier_Matros","twitter_site":"@dicodusport","schema":{"@context":"https:\/\/schema.org","@graph":[{"@type":"NewsArticle","@id":"https:\/\/dicodusport.fr\/blog\/le-francais-de-la-9eme-etape-paul-penhoet-ou-lart-du-placement\/#article","isPartOf":{"@id":"https:\/\/dicodusport.fr\/blog\/le-francais-de-la-9eme-etape-paul-penhoet-ou-lart-du-placement\/"},"author":{"name":"Olivier Dobiezynski","@id":"https:\/\/dicodusport.fr\/blog\/#\/schema\/person\/fe500246414ca17ddf0c0312d7a792cc"},"headline":"Le Fran\u00e7ais de la 9\u00e8me \u00e9tape : Paul Penho\u00ebt ou l&rsquo;art du placement","datePublished":"2025-07-13T15:32:57+00:00","dateModified":"2025-07-13T16:00:42+00:00","mainEntityOfPage":{"@id":"https:\/\/dicodusport.fr\/blog\/le-francais-de-la-9eme-etape-paul-penhoet-ou-lart-du-placement\/"},"wordCount":505,"commentCount":0,"publisher":{"@id":"https:\/\/dicodusport.fr\/blog\/#organization"},"image":{"@id":"https:\/\/dicodusport.fr\/blog\/le-francais-de-la-9eme-etape-paul-penhoet-ou-lart-du-placement\/#primaryimage"},"thumbnailUrl":"https:\/\/dicodusport.fr\/blog\/wp-content\/uploads\/2025\/07\/Le-Francais-de-la-9eme-etape-Paul-Penhoet-ou-lart-du-placement.png","keywords":["br\u00e8ve","Tour de France"],"articleSection":["Tour de France"],"inLanguage":"fr-FR","potentialAction":[{"@type":"CommentAction","name":"Comment","target":["https:\/\/dicodusport.fr\/blog\/le-francais-de-la-9eme-etape-paul-penhoet-ou-lart-du-placement\/#respond"]}],"copyrightYear":"2025","copyrightHolder":{"@id":"https:\/\/dicodusport.fr\/blog\/#organization"}},{"@type":"WebPage","@id":"https:\/\/dicodusport.fr\/blog\/le-francais-de-la-9eme-etape-paul-penhoet-ou-lart-du-placement\/","url":"https:\/\/dicodusport.fr\/blog\/le-francais-de-la-9eme-etape-paul-penhoet-ou-lart-du-placement\/","name":"Le Fran\u00e7ais de la 9\u00e8me \u00e9tape : Paul Penho\u00ebt ou l'art du placement","isPartOf":{"@id":"https:\/\/dicodusport.fr\/blog\/#website"},"primaryImageOfPage":{"@id":"https:\/\/dicodusport.fr\/blog\/le-francais-de-la-9eme-etape-paul-penhoet-ou-lart-du-placement\/#primaryimage"},"image":{"@id":"https:\/\/dicodusport.fr\/blog\/le-francais-de-la-9eme-etape-paul-penhoet-ou-lart-du-placement\/#primaryimage"},"thumbnailUrl":"https:\/\/dicodusport.fr\/blog\/wp-content\/uploads\/2025\/07\/Le-Francais-de-la-9eme-etape-Paul-Penhoet-ou-lart-du-placement.png","datePublished":"2025-07-13T15:32:57+00:00","dateModified":"2025-07-13T16:00:42+00:00","description":"TOUR DE FRANCE 2025\u00a0 - D\u00e9j\u00e0 septi\u00e8me sur la premi\u00e8re \u00e9tape \u00e0 Lille, Paul Penho\u00ebt enchaine avec un joli Top 5 lors du sprint massif du jour.","breadcrumb":{"@id":"https:\/\/dicodusport.fr\/blog\/le-francais-de-la-9eme-etape-paul-penhoet-ou-lart-du-placement\/#breadcrumb"},"inLanguage":"fr-FR","potentialAction":[{"@type":"ReadAction","target":["https:\/\/dicodusport.fr\/blog\/le-francais-de-la-9eme-etape-paul-penhoet-ou-lart-du-placement\/"]}]},{"@type":"ImageObject","inLanguage":"fr-FR","@id":"https:\/\/dicodusport.fr\/blog\/le-francais-de-la-9eme-etape-paul-penhoet-ou-lart-du-placement\/#primaryimage","url":"https:\/\/dicodusport.fr\/blog\/wp-content\/uploads\/2025\/07\/Le-Francais-de-la-9eme-etape-Paul-Penhoet-ou-lart-du-placement.png","contentUrl":"https:\/\/dicodusport.fr\/blog\/wp-content\/uploads\/2025\/07\/Le-Francais-de-la-9eme-etape-Paul-Penhoet-ou-lart-du-placement.png","width":1200,"height":674,"caption":"Le Fran\u00e7ais de la 9\u00e8me \u00e9tape Paul Penho\u00ebt ou l'art du placement"},{"@type":"BreadcrumbList","@id":"https:\/\/dicodusport.fr\/blog\/le-francais-de-la-9eme-etape-paul-penhoet-ou-lart-du-placement\/#breadcrumb","itemListElement":[{"@type":"ListItem","position":1,"name":"Accueil","item":"https:\/\/dicodusport.fr\/blog\/"},{"@type":"ListItem","position":2,"name":"Le Fran\u00e7ais de la 9\u00e8me \u00e9tape : Paul Penho\u00ebt ou l&rsquo;art du placement"}]},{"@type":"WebSite","@id":"https:\/\/dicodusport.fr\/blog\/#website","url":"https:\/\/dicodusport.fr\/blog\/","name":"Dicodusport","description":"L&#039;encyclop\u00e9die de l&#039;actualit\u00e9 sportive","publisher":{"@id":"https:\/\/dicodusport.fr\/blog\/#organization"},"potentialAction":[{"@type":"SearchAction","target":{"@type":"EntryPoint","urlTemplate":"https:\/\/dicodusport.fr\/blog\/?s={search_term_string}"},"query-input":{"@type":"PropertyValueSpecification","valueRequired":true,"valueName":"search_term_string"}}],"inLanguage":"fr-FR"},{"@type":"NewsMediaOrganization","@id":"https:\/\/dicodusport.fr\/blog\/#organization","name":"Dicodusport","url":"https:\/\/dicodusport.fr\/blog\/","logo":{"@type":"ImageObject","inLanguage":"fr-FR","@id":"https:\/\/dicodusport.fr\/blog\/#\/schema\/logo\/image\/","url":"https:\/\/dicodusport.fr\/blog\/wp-content\/uploads\/2020\/06\/cropped-LOGO-DICODUSPORT-2020-SANS-FOND-SANS-TEXTE.png","contentUrl":"https:\/\/dicodusport.fr\/blog\/wp-content\/uploads\/2020\/06\/cropped-LOGO-DICODUSPORT-2020-SANS-FOND-SANS-TEXTE.png","width":512,"height":512,"caption":"Dicodusport"},"image":{"@id":"https:\/\/dicodusport.fr\/blog\/#\/schema\/logo\/image\/"},"sameAs":["https:\/\/www.facebook.com\/dicodusport","https:\/\/x.com\/dicodusport","https:\/\/www.instagram.com\/dicodusport\/","https:\/\/www.youtube.com\/channel\/UC7V2KZ5sd3htJivAbA4ZG3w"],"description":"Dicodusport est l'encyclop\u00e9die de l'actualit\u00e9 sportive.","email":"bonjour@dicodusport.fr","legalName":"DICODUSPORT","foundingDate":"2018-01-14","vatID":"FR71834470973","taxID":"83447097300043","numberOfEmployees":{"@type":"QuantitativeValue","minValue":"1","maxValue":"10"}},{"@type":"Person","@id":"https:\/\/dicodusport.fr\/blog\/#\/schema\/person\/fe500246414ca17ddf0c0312d7a792cc","name":"Olivier Dobiezynski","image":{"@type":"ImageObject","inLanguage":"fr-FR","@id":"https:\/\/dicodusport.fr\/blog\/#\/schema\/person\/image\/","url":"https:\/\/dicodusport.fr\/blog\/wp-content\/uploads\/2024\/09\/5be8fe8d-9962-4f1e-ad06-d6f9dee30e6d-150x150.jpg","contentUrl":"https:\/\/dicodusport.fr\/blog\/wp-content\/uploads\/2024\/09\/5be8fe8d-9962-4f1e-ad06-d6f9dee30e6d-150x150.jpg","caption":"Olivier Dobiezynski"},"description":"Depuis le milieu des ann\u00e9es 90, la passion du cyclisme m'anime. Mes h\u00e9ros s'appellent Luc Leblanc, Piotr Ugrumov, Paolo Savoldelli, Peter Sagan et bien \u00e9videmment Romain Bardet. R\u00e9dacteur depuis 2023, je suis ici pour partager cet amour de la Petite Reine. Vous pourrez me lire \u00e9galement sur du trail, du ski de fond et tout autre sujet susceptible d'\u00e9veiller ma curiosit\u00e9 sportive.","sameAs":["https:\/\/x.com\/https:\/\/x.com\/Olivier_Matros"],"url":"https:\/\/dicodusport.fr\/blog\/author\/olivier-gh\/"}]}},"_links":{"self":[{"href":"https:\/\/dicodusport.fr\/blog\/wp-json\/wp\/v2\/posts\/595150","targetHints":{"allow":["GET"]}}],"collection":[{"href":"https:\/\/dicodusport.fr\/blog\/wp-json\/wp\/v2\/posts"}],"about":[{"href":"https:\/\/dicodusport.fr\/blog\/wp-json\/wp\/v2\/types\/post"}],"author":[{"embeddable":true,"href":"https:\/\/dicodusport.fr\/blog\/wp-json\/wp\/v2\/users\/92"}],"replies":[{"embeddable":true,"href":"https:\/\/dicodusport.fr\/blog\/wp-json\/wp\/v2\/comments?post=595150"}],"version-history":[{"count":4,"href":"https:\/\/dicodusport.fr\/blog\/wp-json\/wp\/v2\/posts\/595150\/revisions"}],"predecessor-version":[{"id":595199,"href":"https:\/\/dicodusport.fr\/blog\/wp-json\/wp\/v2\/posts\/595150\/revisions\/595199"}],"wp:featuredmedia":[{"embeddable":true,"href":"https:\/\/dicodusport.fr\/blog\/wp-json\/wp\/v2\/media\/595180"}],"wp:attachment":[{"href":"https:\/\/dicodusport.fr\/blog\/wp-json\/wp\/v2\/media?parent=595150"}],"wp:term":[{"taxonomy":"category","embeddable":true,"href":"https:\/\/dicodusport.fr\/blog\/wp-json\/wp\/v2\/categories?post=595150"},{"taxonomy":"post_tag","embeddable":true,"href":"https:\/\/dicodusport.fr\/blog\/wp-json\/wp\/v2\/tags?post=595150"}],"curies":[{"name":"wp","href":"https:\/\/api.w.org\/{rel}","templated":true}]}}