{"id":595369,"date":"2025-07-14T17:55:16","date_gmt":"2025-07-14T15:55:16","guid":{"rendered":"https:\/\/dicodusport.fr\/blog\/?p=595369&#038;preview=true&#038;preview_id=595369"},"modified":"2025-07-14T18:33:11","modified_gmt":"2025-07-14T16:33:11","slug":"10eme-etape-tour-de-france-2025-simon-yates-simpose-ben-healy-en-jaune","status":"publish","type":"post","link":"https:\/\/dicodusport.fr\/blog\/10eme-etape-tour-de-france-2025-simon-yates-simpose-ben-healy-en-jaune\/","title":{"rendered":"10\u00e8me \u00e9tape Tour de France 2025 : Simon Yates s&rsquo;impose, Ben Healy en jaune"},"content":{"rendered":"<p style=\"text-align: justify;\"><strong><em>TOUR DE FRANCE 2025 &#8211; Simon Yates (Visma Lease a Bike) s&rsquo;est impos\u00e9 au Puy de Sancy, au terme de la dixi\u00e8me \u00e9tape. Troisi\u00e8me, Ben Healy (EF Education EasyPost) s&rsquo;est empar\u00e9 du maillot jaune \u00e0 la veille d&rsquo;une premi\u00e8re journ\u00e9e de repos.<\/em><\/strong><\/p>\n<p style=\"text-align: justify;\">La <strong>10\u00e8me \u00e9tape du Tour de France 2025<\/strong>, le <strong>lundi 14 juillet<\/strong>, est partie d&rsquo;<strong>Ennezat<\/strong>\u00a0pour rallier le <strong>Puy de Sancy<\/strong> sur 165,3 \u202fkm pour une \u00e9tape de moyenne montagne avec 4500 m\u00e8tres de d\u00e9nivel\u00e9 et huit ascensions \u00e0 gravir \u00e0 travers le Puy-de-D\u00f4me.<\/p>\n<ul style=\"text-align: justify;\">\n<li><strong>\u00c0 ce sujet &#8211; <a href=\"https:\/\/dicodusport.fr\/blog\/classement-general-actualise-tour-de-france-2025\/\">Classement g\u00e9n\u00e9ral actualis\u00e9 Tour de France 2025<\/a><\/strong><\/li>\n<\/ul>\n<p style=\"text-align: justify;\">D&rsquo;abord, apr\u00e8s un d\u00e9part tr\u00e8s rapide, 28 coureurs ont form\u00e9 dans la c\u00f4te de Loubeyrat : <strong>Victor Campenaerts, Simon Yates<\/strong> (Visma Lease a Bike), <strong>Valentin Paret-Peintre, Ilan Van Wilder<\/strong> (Soudal Quick-Step), <strong>Ben Healy, Alex Baudin, Neilson Powless, Harrison Sweeny<\/strong> (EF Education-EasyPost), <strong>Lenny Martinez<\/strong> (Bahrain Victorious), <strong>Thymen Arensman<\/strong> (INEOS Grenadiers), <strong>Quinn Simmons<\/strong> (Lidl-Trek), <strong>Quentin Pacher<\/strong> (Groupama-FDJ), <strong>Julian Alaphilippe, Michael Storer<\/strong> (Tudor Pro Cycling), <strong>Ben O&rsquo;Connor, Luke Plapp, Mauro Schmid<\/strong> (Jayco AlUla), <strong>Ra\u00fal Garcia Pierna<\/strong> (Arkea B&amp;B H\u00f4tels), <strong>Ivan Romeo<\/strong> (Movistar), <strong>Bruno Armirail, Aur\u00e9lien Paret-Peintre<\/strong> (Decathlon AG2r La Mondiale), <strong>Cl\u00e9ment Champoussin, Simone Velasco<\/strong> (XDS Astana), <strong>Steff Cras<\/strong> (TotalEnergies), <strong>Michael Woods, Joseph Blackmore, Alexey Lutsenko<\/strong> (Israel Premier Tech) et <strong>Anders Johanessen<\/strong> (Uno-X Mobility). <strong>Lenny Martinez<\/strong> a franchi en premi\u00e8re position au sommet de la premi\u00e8re ascension du jour. Onzi\u00e8me du classement g\u00e9n\u00e9ral, <strong>Ben Healy<\/strong> \u00e9tait le mieux class\u00e9 \u00e0 3 minutes 55 de Tadej Poga\u010dar. En revanche, aucun coureur de la formation Cofidis ne figure \u00e0 l&rsquo;avance. Symbole du Tour d\u00e9licat de l&rsquo;\u00e9quipe nordiste.<\/p>\n<div class=\"vlp-link-container vlp-layout-article\"><a href=\"https:\/\/dicodusport.fr\/blog\/billet-dhumeur-tour-de-france-le-naufrage-de-la-cofidis\/\" class=\"vlp-link\" title=\"Billet d\u2019humeur Tour de France : Le naufrage de la Cofidis\"><\/a><div class=\"vlp-layout-zone-side\"><div class=\"vlp-block-4 vlp-link-image\"><img loading=\"lazy\" decoding=\"async\" style=\"max-width: 792px;\" width=\"792\" height=\"445\" src=\"https:\/\/dicodusport.fr\/blog\/wp-content\/uploads\/2025\/07\/Billet-dhumeur-Tour-de-France-Le-naufrage-de-la-Cofidis.png\" class=\"attachment-800x445 size-800x445\" alt=\"Billet d\u2019humeur Tour de France Le naufrage de la Cofidis\" srcset=\"https:\/\/dicodusport.fr\/blog\/wp-content\/uploads\/2025\/07\/Billet-dhumeur-Tour-de-France-Le-naufrage-de-la-Cofidis.png 1200w, https:\/\/dicodusport.fr\/blog\/wp-content\/uploads\/2025\/07\/Billet-dhumeur-Tour-de-France-Le-naufrage-de-la-Cofidis-300x169.png 300w, https:\/\/dicodusport.fr\/blog\/wp-content\/uploads\/2025\/07\/Billet-dhumeur-Tour-de-France-Le-naufrage-de-la-Cofidis-1024x575.png 1024w, https:\/\/dicodusport.fr\/blog\/wp-content\/uploads\/2025\/07\/Billet-dhumeur-Tour-de-France-Le-naufrage-de-la-Cofidis-768x431.png 768w\" sizes=\"auto, (max-width: 792px) 100vw, 792px\" \/><\/div><\/div><div class=\"vlp-layout-zone-main\"><div class=\"vlp-block-0 vlp-link-title\">Billet d\u2019humeur Tour de France : Le naufrage de la Cofidis<\/div><div class=\"vlp-block-1 vlp-link-summary\">Apr\u00e8s 10 jours de course, l'\u00e9quipe Cofidis s'est montr\u00e9e transparente. Un long chemin de croix qui semble se confirmer jour apr\u00e8s jour.<\/div><div class=\"vlp-block-2 vlp-link-button\">Lire l'article<\/div><div class=\"vlp-block-3 vlp-link-url\">dicodusport.fr<\/div><\/div><\/div>\n<h2>Champ libre pour l&rsquo;\u00e9chapp\u00e9e<\/h2>\n<p style=\"text-align: justify;\">Puis, <strong>Pablo Castrillo<\/strong> (Movistar) a r\u00e9ussi \u00e0 rejoindre l&rsquo;\u00e9chapp\u00e9e en bouchant le trou tandis que l&rsquo;\u00e9quipe UAE Team Emirates XRG a laiss\u00e9 deux minutes d&rsquo;avance aux fuyards au moment de passer le sprint interm\u00e9diaire \u00e0 Dutrol, remport\u00e9 par <strong>Anders Johannessen<\/strong>. Malheureusement, <strong>Soren Waerenskjold<\/strong> (Uno-X Mobility) a abandonn\u00e9 \u00e0 cause de sa grosse chute d&rsquo;hier. Apr\u00e8s avoir travers\u00e9 Clermont-Ferrand, <strong>Lenny Martinez<\/strong> est pass\u00e9 en t\u00eate au sommet de la C\u00f4te de la Baraque.<\/p>\n<p style=\"text-align: justify;\">Apr\u00e8s une offensive de Ben O&rsquo;Connor, <strong>Lenny Martinez<\/strong> a pris cinq nouveaux points au sommet de la C\u00f4te de Charade. Gr\u00e2ce \u00e0 cette troisi\u00e8me difficult\u00e9, 19 coureurs se sont port\u00e9s \u00e0 l&rsquo;avant de la course : <strong>Ben O&rsquo;Connor, Luke Plapp, Lenny Martinez, Ben Healy, Alex Baudin, Thymen Arensman, Quinn Simmons, Mauro Schmid, Michael Storer, Anders Johannessen, Victor Campenaerts, Michael Woods, Joseph Blackmore, Simon Yates, Quentin Pacher, Harrison Sweeny, Ra\u00fal Garcia Pierna, Pablo Castrillo<\/strong> et <strong>Valentin Paret-Peintre<\/strong>. Mais, <strong>Mauro Schmid<\/strong> n&rsquo;a pas pu garder les roues du groupe de t\u00eate. <strong>Lenny Martinez<\/strong> a franchi en premi\u00e8re position de la C\u00f4te de Berzet. Le peloton a accus\u00e9 quatre minutes de retard.<\/p>\n<ul style=\"text-align: justify;\">\n<li><strong>\u00c0 ce sujet \u2013 <a href=\"https:\/\/dicodusport.fr\/blog\/10eme-etape-tour-de-france-2025-classement-et-resultats\/\">10\u00e8me \u00e9tape Tour de France 2025 \u2013 Classement et r\u00e9sultats<\/a><\/strong><\/li>\n<\/ul>\n<p style=\"text-align: justify;\">Par la suite, le Col de Gu\u00e9ry a \u00e9t\u00e9 fatal \u00e0 <strong>Harrison Sweeny<\/strong> qui a effectu\u00e9 un gros travail dans le groupe de t\u00eate, <strong>Ra\u00fal Garcia Pierna<\/strong> et <strong>Quentin Pacher<\/strong>. <strong>Lenny Martinez<\/strong> a continu\u00e9 sa qu\u00eate de points en prenant \u00e0 nouveau cinq points au sommet de la cinqui\u00e8me ascension de la journ\u00e9e. Apr\u00e8s un relais d&rsquo;Alex Baudin, <strong>Ben Healy<\/strong> a pris les 2 points au sommet du Col de la Croix Morand tandis que le peloton avait plus de 5 minutes 30 de retard.<\/p>\n<div class=\"vlp-link-container vlp-layout-article\"><a href=\"https:\/\/dicodusport.fr\/blog\/le-francais-de-la-10eme-etape-lenny-martinez-lance-la-bataille-des-pois\/\" class=\"vlp-link\" title=\"Le Fran\u00e7ais de la 10\u00e8me \u00e9tape : Lenny Martinez lance la bataille des pois\"><\/a><div class=\"vlp-layout-zone-side\"><div class=\"vlp-block-4 vlp-link-image\"><img loading=\"lazy\" decoding=\"async\" style=\"max-width: 792px;\" width=\"792\" height=\"445\" src=\"https:\/\/dicodusport.fr\/blog\/wp-content\/uploads\/2025\/07\/Le-Francais-de-la-10eme-etape-Lenny-Martinez-lance-la-bataille-des-pois-1.png\" class=\"attachment-800x445 size-800x445\" alt=\"Le Fran\u00e7ais de la 10\u00e8me \u00e9tape Lenny Martinez lance la bataille des pois\" srcset=\"https:\/\/dicodusport.fr\/blog\/wp-content\/uploads\/2025\/07\/Le-Francais-de-la-10eme-etape-Lenny-Martinez-lance-la-bataille-des-pois-1.png 1200w, https:\/\/dicodusport.fr\/blog\/wp-content\/uploads\/2025\/07\/Le-Francais-de-la-10eme-etape-Lenny-Martinez-lance-la-bataille-des-pois-1-300x169.png 300w, https:\/\/dicodusport.fr\/blog\/wp-content\/uploads\/2025\/07\/Le-Francais-de-la-10eme-etape-Lenny-Martinez-lance-la-bataille-des-pois-1-1024x575.png 1024w, https:\/\/dicodusport.fr\/blog\/wp-content\/uploads\/2025\/07\/Le-Francais-de-la-10eme-etape-Lenny-Martinez-lance-la-bataille-des-pois-1-768x431.png 768w\" sizes=\"auto, (max-width: 792px) 100vw, 792px\" \/><\/div><\/div><div class=\"vlp-layout-zone-main\"><div class=\"vlp-block-0 vlp-link-title\">Le Fran\u00e7ais de la 10\u00e8me \u00e9tape : Lenny Martinez lance la bataille des pois<\/div><div class=\"vlp-block-1 vlp-link-summary\">Lenny Martinez \u00e9tait \u00e0 l'avant tout au long de cette 10\u00e8me \u00e9tape et s'est empar\u00e9 du maillot \u00e0 pois. Le Fran\u00e7ais de la Bahrain Victorious retrouve des couleurs, apr\u00e8s un d\u00e9but de Tour de France tr\u00e8s difficile.<\/div><div class=\"vlp-block-2 vlp-link-button\">Lire l'article<\/div><div class=\"vlp-block-3 vlp-link-url\">dicodusport.fr<\/div><\/div><\/div>\n<h2 style=\"text-align: justify;\">Yates le plus fort, Healy en jaune<\/h2>\n<p style=\"text-align: justify;\"><strong>Thymen Arensman, Quinn Simmons, Ben O&rsquo;Connor, Simon Yates, Ben Healy<\/strong> et <strong>Michael Storer<\/strong> ont profit\u00e9 d&rsquo;un raidard non r\u00e9pertori\u00e9 \u00e0 25 kilom\u00e8tres de l&rsquo;arriv\u00e9e pour faire la diff\u00e9rence alors que la formation Visma Lease a Bike a pris les commandes du peloton \u00e0 5 minutes 45. Les \u00e9quipiers de Jonas Vingegaard ont tent\u00e9 en vain d&rsquo;isoler le maillot jaune avec des attaques de <strong>Sepp Kuss<\/strong> et <strong>Matteo Jorgenson<\/strong>. Ensuite, <strong>Quinn Simmons<\/strong> a \u00e9t\u00e9 distanc\u00e9 par le train impos\u00e9 par <strong>Ben Healy<\/strong> d\u00e8s le pied du Col de la Croix Saint-Robert. Le vainqueur de l&rsquo;\u00e9tape de Vire est pass\u00e9 en t\u00eate de l&rsquo;avant-derni\u00e8re mont\u00e9e du jour. L&rsquo;Irlandais a assum\u00e9 seul le tempo dans la mont\u00e9e pour maintenir un maximum d&rsquo;\u00e9cart avec le peloton principal, compos\u00e9 d&rsquo;une vingtaine de coureurs.<\/p>\n<p style=\"text-align: justify;\">D\u00e8s le pied de la mont\u00e9e finale de 3,3 km \u00e0 8 %, <strong>Simon Yates<\/strong> a port\u00e9 une puissante attaque, mais <strong>Ben O&rsquo;Connor<\/strong> et <strong>Thymen Arensman<\/strong> sont revenus au train. Mais, <a href=\"https:\/\/dicodusport.fr\/blog\/simon-yates-remporte-le-tour-ditalie-2025-la-derniere-etape-pour-olav-kooij\/\">le vainqueur du dernier Tour d&rsquo;Italie<\/a> a alors port\u00e9 une seconde attaque pour aller chercher finalement un troisi\u00e8me succ\u00e8s d&rsquo;\u00e9tape sur le Tour de France apr\u00e8s ses deux victoires en 2019. <strong>Thymen Arensman<\/strong> a pris la deuxi\u00e8me place \u00e0 9 secondes devant <strong>Ben Healy<\/strong>, troisi\u00e8me \u00e0 31 secondes. Apr\u00e8s avoir port\u00e9 une petite attaque dans la mont\u00e9e finale, <b>Tadej Poga\u010dar<\/b>\u00a0a fini en compagnie de <strong>Jonas Vingegaard<\/strong> et <strong>Lenny Martinez<\/strong> \u00e0 4 minutes 51. Les autres favoris ont perdu quelques secondes \u00e0 l&rsquo;arriv\u00e9e sur le Slov\u00e8ne et le Danois.<\/p>\n<blockquote class=\"twitter-tweet\">\n<p dir=\"ltr\" lang=\"fr\">Simon Yates vainqueur de la 10e \u00e9tape du Tour de France ! <a href=\"https:\/\/twitter.com\/hashtag\/LesRP?src=hash&amp;ref_src=twsrc%5Etfw\">#LesRP<\/a> <a href=\"https:\/\/twitter.com\/hashtag\/TDF2025?src=hash&amp;ref_src=twsrc%5Etfw\">#TDF2025<\/a> <a href=\"https:\/\/t.co\/VTOrDpNH9p\">pic.twitter.com\/VTOrDpNH9p<\/a><\/p>\n<p>\u2014 Eurosport France (@Eurosport_FR) <a href=\"https:\/\/twitter.com\/Eurosport_FR\/status\/1944786770664575063?ref_src=twsrc%5Etfw\">July 14, 2025<\/a><\/p><\/blockquote>\n<p><script async src=\"https:\/\/platform.twitter.com\/widgets.js\" charset=\"utf-8\"><\/script><\/p>\n<p style=\"text-align: justify;\">Au classement g\u00e9n\u00e9ral,<strong> Ben Healy<\/strong> s&rsquo;est empar\u00e9 du maillot jaune avec 29 secondes d&rsquo;avance sur <b>Tadej Poga\u010dar<\/b>\u00a0et 1 minute 29 sur <strong>Remco Evenepoel<\/strong>. En difficult\u00e9 dans le final, <strong>Kevin Vauquelin<\/strong> est descendu \u00e0 la sixi\u00e8me place \u00e0 2 minutes 26.<\/p>\n<h3 style=\"text-align: justify;\">\u00c0 ce sujet<\/h3>\n<ul style=\"text-align: justify;\">\n<li><strong><a href=\"https:\/\/dicodusport.fr\/blog\/maillot-a-pois-tour-de-france-2025-classement-meilleur-grimpeur\/\">Maillot \u00e0 pois Tour de France 2025 : Classement meilleur grimpeur<\/a><\/strong><\/li>\n<li><a href=\"https:\/\/dicodusport.fr\/blog\/maillot-vert-tour-de-france-2025-classement-par-points\/\"><strong>Maillot vert Tour de France 2025 : Classement par points<\/strong><\/a><\/li>\n<li><a href=\"https:\/\/dicodusport.fr\/blog\/maillot-blanc-tour-de-france-2025-classement-meilleur-jeune\/\"><strong>Maillot blanc Tour de France 2025 : Classement meilleur jeune<\/strong><\/a><\/li>\n<\/ul>\n<p style=\"text-align: justify;\">\n","protected":false},"excerpt":{"rendered":"<p>TOUR DE FRANCE 2025 &#8211; Simon Yates (Visma Lease a Bike) s&rsquo;est impos\u00e9 au Puy de Sancy, au terme de la dixi\u00e8me \u00e9tape. Troisi\u00e8me, Ben Healy (EF Education EasyPost) s&rsquo;est empar\u00e9 du maillot jaune \u00e0 la veille d&rsquo;une premi\u00e8re journ\u00e9e de repos.<\/p>\n","protected":false},"author":48,"featured_media":595413,"comment_status":"open","ping_status":"closed","sticky":false,"template":"","format":"standard","meta":{"_acf_changed":false,"_daextam_enable_autolinks":"1","footnotes":""},"categories":[46995],"tags":[16878,574,11197,24,1262],"class_list":["post-595369","post","type-post","status-publish","format-standard","has-post-thumbnail","hentry","category-tour-de-france","tag-breve","tag-cyclisme","tag-cyclisme-sur-route","tag-sport","tag-tour-de-france"],"acf":[],"yoast_head":"<!-- This site is optimized with the Yoast SEO Premium plugin v26.7 (Yoast SEO v26.7) - https:\/\/yoast.com\/wordpress\/plugins\/seo\/ -->\n<title>10\u00e8me \u00e9tape Tour de France 2025 : Simon Yates s&#039;impose, Ben Healy en jaune<\/title>\n<meta name=\"description\" content=\"TOUR DE FRANCE 2025 - Simon Yates s&#039;est impos\u00e9 au Puy de Sancy. Troisi\u00e8me, Ben Healy s&#039;est empar\u00e9 du maillot jaune.\" \/>\n<meta name=\"robots\" content=\"index, follow, max-snippet:-1, max-image-preview:large, max-video-preview:-1\" \/>\n<link rel=\"canonical\" href=\"https:\/\/dicodusport.fr\/blog\/10eme-etape-tour-de-france-2025-simon-yates-simpose-ben-healy-en-jaune\/\" \/>\n<meta property=\"og:locale\" content=\"fr_FR\" \/>\n<meta property=\"og:type\" content=\"article\" \/>\n<meta property=\"og:title\" content=\"10\u00e8me \u00e9tape Tour de France 2025 : Simon Yates s&#039;impose, Ben Healy en jaune\" \/>\n<meta property=\"og:description\" content=\"TOUR DE FRANCE 2025 - Simon Yates s&#039;est impos\u00e9 au Puy de Sancy. Troisi\u00e8me, Ben Healy s&#039;est empar\u00e9 du maillot jaune.\" \/>\n<meta property=\"og:url\" content=\"https:\/\/dicodusport.fr\/blog\/10eme-etape-tour-de-france-2025-simon-yates-simpose-ben-healy-en-jaune\/\" \/>\n<meta property=\"og:site_name\" content=\"Dicodusport\" \/>\n<meta property=\"article:publisher\" content=\"https:\/\/www.facebook.com\/dicodusport\" \/>\n<meta property=\"article:author\" content=\"https:\/\/www.facebook.com\/groups\/LesRoisDuPeloton\" \/>\n<meta property=\"article:published_time\" content=\"2025-07-14T15:55:16+00:00\" \/>\n<meta property=\"article:modified_time\" content=\"2025-07-14T16:33:11+00:00\" \/>\n<meta property=\"og:image\" content=\"https:\/\/dicodusport.fr\/blog\/wp-content\/uploads\/2025\/07\/10eme-etape-Tour-de-France-2025-Simon-Yates-simpose-Ben-Healy-en-jaune-1.png\" \/>\n\t<meta property=\"og:image:width\" content=\"1200\" \/>\n\t<meta property=\"og:image:height\" content=\"674\" \/>\n\t<meta property=\"og:image:type\" content=\"image\/png\" \/>\n<meta name=\"author\" content=\"Emilien Descampiaux\" \/>\n<meta name=\"twitter:card\" content=\"summary_large_image\" \/>\n<meta name=\"twitter:title\" content=\"10\u00e8me \u00e9tape Tour de France 2025 : Simon Yates s&#039;impose, Ben Healy en jaune\" \/>\n<meta name=\"twitter:creator\" content=\"@https:\/\/twitter.com\/LRoisDuPeloton\" \/>\n<meta name=\"twitter:site\" content=\"@dicodusport\" \/>\n<script type=\"application\/ld+json\" class=\"yoast-schema-graph\">{\"@context\":\"https:\/\/schema.org\",\"@graph\":[{\"@type\":\"NewsArticle\",\"@id\":\"https:\/\/dicodusport.fr\/blog\/10eme-etape-tour-de-france-2025-simon-yates-simpose-ben-healy-en-jaune\/#article\",\"isPartOf\":{\"@id\":\"https:\/\/dicodusport.fr\/blog\/10eme-etape-tour-de-france-2025-simon-yates-simpose-ben-healy-en-jaune\/\"},\"author\":{\"name\":\"Emilien Descampiaux\",\"@id\":\"https:\/\/dicodusport.fr\/blog\/#\/schema\/person\/6db4bae06b171592211be385b32876a7\"},\"headline\":\"10\u00e8me \u00e9tape Tour de France 2025 : Simon Yates s&rsquo;impose, Ben Healy en jaune\",\"datePublished\":\"2025-07-14T15:55:16+00:00\",\"dateModified\":\"2025-07-14T16:33:11+00:00\",\"mainEntityOfPage\":{\"@id\":\"https:\/\/dicodusport.fr\/blog\/10eme-etape-tour-de-france-2025-simon-yates-simpose-ben-healy-en-jaune\/\"},\"wordCount\":1113,\"commentCount\":0,\"publisher\":{\"@id\":\"https:\/\/dicodusport.fr\/blog\/#organization\"},\"image\":{\"@id\":\"https:\/\/dicodusport.fr\/blog\/10eme-etape-tour-de-france-2025-simon-yates-simpose-ben-healy-en-jaune\/#primaryimage\"},\"thumbnailUrl\":\"https:\/\/dicodusport.fr\/blog\/wp-content\/uploads\/2025\/07\/10eme-etape-Tour-de-France-2025-Simon-Yates-simpose-Ben-Healy-en-jaune-1.png\",\"keywords\":[\"br\u00e8ve\",\"Cyclisme\",\"Cyclisme sur route\",\"sport\",\"Tour de France\"],\"articleSection\":[\"Tour de France\"],\"inLanguage\":\"fr-FR\",\"potentialAction\":[{\"@type\":\"CommentAction\",\"name\":\"Comment\",\"target\":[\"https:\/\/dicodusport.fr\/blog\/10eme-etape-tour-de-france-2025-simon-yates-simpose-ben-healy-en-jaune\/#respond\"]}],\"copyrightYear\":\"2025\",\"copyrightHolder\":{\"@id\":\"https:\/\/dicodusport.fr\/blog\/#organization\"}},{\"@type\":\"WebPage\",\"@id\":\"https:\/\/dicodusport.fr\/blog\/10eme-etape-tour-de-france-2025-simon-yates-simpose-ben-healy-en-jaune\/\",\"url\":\"https:\/\/dicodusport.fr\/blog\/10eme-etape-tour-de-france-2025-simon-yates-simpose-ben-healy-en-jaune\/\",\"name\":\"10\u00e8me \u00e9tape Tour de France 2025 : Simon Yates s'impose, Ben Healy en jaune\",\"isPartOf\":{\"@id\":\"https:\/\/dicodusport.fr\/blog\/#website\"},\"primaryImageOfPage\":{\"@id\":\"https:\/\/dicodusport.fr\/blog\/10eme-etape-tour-de-france-2025-simon-yates-simpose-ben-healy-en-jaune\/#primaryimage\"},\"image\":{\"@id\":\"https:\/\/dicodusport.fr\/blog\/10eme-etape-tour-de-france-2025-simon-yates-simpose-ben-healy-en-jaune\/#primaryimage\"},\"thumbnailUrl\":\"https:\/\/dicodusport.fr\/blog\/wp-content\/uploads\/2025\/07\/10eme-etape-Tour-de-France-2025-Simon-Yates-simpose-Ben-Healy-en-jaune-1.png\",\"datePublished\":\"2025-07-14T15:55:16+00:00\",\"dateModified\":\"2025-07-14T16:33:11+00:00\",\"description\":\"TOUR DE FRANCE 2025 - Simon Yates s'est impos\u00e9 au Puy de Sancy. Troisi\u00e8me, Ben Healy s'est empar\u00e9 du maillot jaune.\",\"breadcrumb\":{\"@id\":\"https:\/\/dicodusport.fr\/blog\/10eme-etape-tour-de-france-2025-simon-yates-simpose-ben-healy-en-jaune\/#breadcrumb\"},\"inLanguage\":\"fr-FR\",\"potentialAction\":[{\"@type\":\"ReadAction\",\"target\":[\"https:\/\/dicodusport.fr\/blog\/10eme-etape-tour-de-france-2025-simon-yates-simpose-ben-healy-en-jaune\/\"]}]},{\"@type\":\"ImageObject\",\"inLanguage\":\"fr-FR\",\"@id\":\"https:\/\/dicodusport.fr\/blog\/10eme-etape-tour-de-france-2025-simon-yates-simpose-ben-healy-en-jaune\/#primaryimage\",\"url\":\"https:\/\/dicodusport.fr\/blog\/wp-content\/uploads\/2025\/07\/10eme-etape-Tour-de-France-2025-Simon-Yates-simpose-Ben-Healy-en-jaune-1.png\",\"contentUrl\":\"https:\/\/dicodusport.fr\/blog\/wp-content\/uploads\/2025\/07\/10eme-etape-Tour-de-France-2025-Simon-Yates-simpose-Ben-Healy-en-jaune-1.png\",\"width\":1200,\"height\":674,\"caption\":\"10\u00e8me \u00e9tape Tour de France 2025 Simon Yates s'impose, Ben Healy en jaune\"},{\"@type\":\"BreadcrumbList\",\"@id\":\"https:\/\/dicodusport.fr\/blog\/10eme-etape-tour-de-france-2025-simon-yates-simpose-ben-healy-en-jaune\/#breadcrumb\",\"itemListElement\":[{\"@type\":\"ListItem\",\"position\":1,\"name\":\"Accueil\",\"item\":\"https:\/\/dicodusport.fr\/blog\/\"},{\"@type\":\"ListItem\",\"position\":2,\"name\":\"10\u00e8me \u00e9tape Tour de France 2025 : Simon Yates s&rsquo;impose, Ben Healy en jaune\"}]},{\"@type\":\"WebSite\",\"@id\":\"https:\/\/dicodusport.fr\/blog\/#website\",\"url\":\"https:\/\/dicodusport.fr\/blog\/\",\"name\":\"Dicodusport\",\"description\":\"L&#039;encyclop\u00e9die de l&#039;actualit\u00e9 sportive\",\"publisher\":{\"@id\":\"https:\/\/dicodusport.fr\/blog\/#organization\"},\"potentialAction\":[{\"@type\":\"SearchAction\",\"target\":{\"@type\":\"EntryPoint\",\"urlTemplate\":\"https:\/\/dicodusport.fr\/blog\/?s={search_term_string}\"},\"query-input\":{\"@type\":\"PropertyValueSpecification\",\"valueRequired\":true,\"valueName\":\"search_term_string\"}}],\"inLanguage\":\"fr-FR\"},{\"@type\":\"NewsMediaOrganization\",\"@id\":\"https:\/\/dicodusport.fr\/blog\/#organization\",\"name\":\"Dicodusport\",\"url\":\"https:\/\/dicodusport.fr\/blog\/\",\"logo\":{\"@type\":\"ImageObject\",\"inLanguage\":\"fr-FR\",\"@id\":\"https:\/\/dicodusport.fr\/blog\/#\/schema\/logo\/image\/\",\"url\":\"https:\/\/dicodusport.fr\/blog\/wp-content\/uploads\/2020\/06\/cropped-LOGO-DICODUSPORT-2020-SANS-FOND-SANS-TEXTE.png\",\"contentUrl\":\"https:\/\/dicodusport.fr\/blog\/wp-content\/uploads\/2020\/06\/cropped-LOGO-DICODUSPORT-2020-SANS-FOND-SANS-TEXTE.png\",\"width\":512,\"height\":512,\"caption\":\"Dicodusport\"},\"image\":{\"@id\":\"https:\/\/dicodusport.fr\/blog\/#\/schema\/logo\/image\/\"},\"sameAs\":[\"https:\/\/www.facebook.com\/dicodusport\",\"https:\/\/x.com\/dicodusport\",\"https:\/\/www.instagram.com\/dicodusport\/\",\"https:\/\/www.youtube.com\/channel\/UC7V2KZ5sd3htJivAbA4ZG3w\"],\"description\":\"Dicodusport est l'encyclop\u00e9die de l'actualit\u00e9 sportive.\",\"email\":\"bonjour@dicodusport.fr\",\"legalName\":\"DICODUSPORT\",\"foundingDate\":\"2018-01-14\",\"vatID\":\"FR71834470973\",\"taxID\":\"83447097300043\",\"numberOfEmployees\":{\"@type\":\"QuantitativeValue\",\"minValue\":\"1\",\"maxValue\":\"10\"}},{\"@type\":\"Person\",\"@id\":\"https:\/\/dicodusport.fr\/blog\/#\/schema\/person\/6db4bae06b171592211be385b32876a7\",\"name\":\"Emilien Descampiaux\",\"image\":{\"@type\":\"ImageObject\",\"inLanguage\":\"fr-FR\",\"@id\":\"https:\/\/dicodusport.fr\/blog\/#\/schema\/person\/image\/\",\"url\":\"https:\/\/dicodusport.fr\/blog\/wp-content\/uploads\/2021\/05\/Emilien-Descampiaux-150x150.jpg\",\"contentUrl\":\"https:\/\/dicodusport.fr\/blog\/wp-content\/uploads\/2021\/05\/Emilien-Descampiaux-150x150.jpg\",\"caption\":\"Emilien Descampiaux\"},\"description\":\"Journaliste\/r\u00e9dacteur depuis 2014 - Fan de la classe de Frank Vandenbroucke, je vis cyclisme (et de ses paysages) depuis plus de 20 ans. Je suis tr\u00e8s impliqu\u00e9 sur mes diff\u00e9rents r\u00e9seaux sociaux pour partager ma passion sur le monde et l'Histoire de la bicyclette avec ma voix sur les images en noir et blanc du succ\u00e8s de Rik Van Steenbergen lors du Ronde sur le V\u00e9lodrome de Gand.\",\"sameAs\":[\"https:\/\/www.facebook.com\/groups\/LesRoisDuPeloton\",\"https:\/\/x.com\/https:\/\/twitter.com\/LRoisDuPeloton\"],\"url\":\"https:\/\/dicodusport.fr\/blog\/author\/emiliend\/\"}]}<\/script>\n<!-- \/ Yoast SEO Premium plugin. -->","yoast_head_json":{"title":"10\u00e8me \u00e9tape Tour de France 2025 : Simon Yates s'impose, Ben Healy en jaune","description":"TOUR DE FRANCE 2025 - Simon Yates s'est impos\u00e9 au Puy de Sancy. Troisi\u00e8me, Ben Healy s'est empar\u00e9 du maillot jaune.","robots":{"index":"index","follow":"follow","max-snippet":"max-snippet:-1","max-image-preview":"max-image-preview:large","max-video-preview":"max-video-preview:-1"},"canonical":"https:\/\/dicodusport.fr\/blog\/10eme-etape-tour-de-france-2025-simon-yates-simpose-ben-healy-en-jaune\/","og_locale":"fr_FR","og_type":"article","og_title":"10\u00e8me \u00e9tape Tour de France 2025 : Simon Yates s'impose, Ben Healy en jaune","og_description":"TOUR DE FRANCE 2025 - Simon Yates s'est impos\u00e9 au Puy de Sancy. Troisi\u00e8me, Ben Healy s'est empar\u00e9 du maillot jaune.","og_url":"https:\/\/dicodusport.fr\/blog\/10eme-etape-tour-de-france-2025-simon-yates-simpose-ben-healy-en-jaune\/","og_site_name":"Dicodusport","article_publisher":"https:\/\/www.facebook.com\/dicodusport","article_author":"https:\/\/www.facebook.com\/groups\/LesRoisDuPeloton","article_published_time":"2025-07-14T15:55:16+00:00","article_modified_time":"2025-07-14T16:33:11+00:00","og_image":[{"width":1200,"height":674,"url":"https:\/\/dicodusport.fr\/blog\/wp-content\/uploads\/2025\/07\/10eme-etape-Tour-de-France-2025-Simon-Yates-simpose-Ben-Healy-en-jaune-1.png","type":"image\/png"}],"author":"Emilien Descampiaux","twitter_card":"summary_large_image","twitter_title":"10\u00e8me \u00e9tape Tour de France 2025 : Simon Yates s'impose, Ben Healy en jaune","twitter_creator":"@https:\/\/twitter.com\/LRoisDuPeloton","twitter_site":"@dicodusport","schema":{"@context":"https:\/\/schema.org","@graph":[{"@type":"NewsArticle","@id":"https:\/\/dicodusport.fr\/blog\/10eme-etape-tour-de-france-2025-simon-yates-simpose-ben-healy-en-jaune\/#article","isPartOf":{"@id":"https:\/\/dicodusport.fr\/blog\/10eme-etape-tour-de-france-2025-simon-yates-simpose-ben-healy-en-jaune\/"},"author":{"name":"Emilien Descampiaux","@id":"https:\/\/dicodusport.fr\/blog\/#\/schema\/person\/6db4bae06b171592211be385b32876a7"},"headline":"10\u00e8me \u00e9tape Tour de France 2025 : Simon Yates s&rsquo;impose, Ben Healy en jaune","datePublished":"2025-07-14T15:55:16+00:00","dateModified":"2025-07-14T16:33:11+00:00","mainEntityOfPage":{"@id":"https:\/\/dicodusport.fr\/blog\/10eme-etape-tour-de-france-2025-simon-yates-simpose-ben-healy-en-jaune\/"},"wordCount":1113,"commentCount":0,"publisher":{"@id":"https:\/\/dicodusport.fr\/blog\/#organization"},"image":{"@id":"https:\/\/dicodusport.fr\/blog\/10eme-etape-tour-de-france-2025-simon-yates-simpose-ben-healy-en-jaune\/#primaryimage"},"thumbnailUrl":"https:\/\/dicodusport.fr\/blog\/wp-content\/uploads\/2025\/07\/10eme-etape-Tour-de-France-2025-Simon-Yates-simpose-Ben-Healy-en-jaune-1.png","keywords":["br\u00e8ve","Cyclisme","Cyclisme sur route","sport","Tour de France"],"articleSection":["Tour de France"],"inLanguage":"fr-FR","potentialAction":[{"@type":"CommentAction","name":"Comment","target":["https:\/\/dicodusport.fr\/blog\/10eme-etape-tour-de-france-2025-simon-yates-simpose-ben-healy-en-jaune\/#respond"]}],"copyrightYear":"2025","copyrightHolder":{"@id":"https:\/\/dicodusport.fr\/blog\/#organization"}},{"@type":"WebPage","@id":"https:\/\/dicodusport.fr\/blog\/10eme-etape-tour-de-france-2025-simon-yates-simpose-ben-healy-en-jaune\/","url":"https:\/\/dicodusport.fr\/blog\/10eme-etape-tour-de-france-2025-simon-yates-simpose-ben-healy-en-jaune\/","name":"10\u00e8me \u00e9tape Tour de France 2025 : Simon Yates s'impose, Ben Healy en jaune","isPartOf":{"@id":"https:\/\/dicodusport.fr\/blog\/#website"},"primaryImageOfPage":{"@id":"https:\/\/dicodusport.fr\/blog\/10eme-etape-tour-de-france-2025-simon-yates-simpose-ben-healy-en-jaune\/#primaryimage"},"image":{"@id":"https:\/\/dicodusport.fr\/blog\/10eme-etape-tour-de-france-2025-simon-yates-simpose-ben-healy-en-jaune\/#primaryimage"},"thumbnailUrl":"https:\/\/dicodusport.fr\/blog\/wp-content\/uploads\/2025\/07\/10eme-etape-Tour-de-France-2025-Simon-Yates-simpose-Ben-Healy-en-jaune-1.png","datePublished":"2025-07-14T15:55:16+00:00","dateModified":"2025-07-14T16:33:11+00:00","description":"TOUR DE FRANCE 2025 - Simon Yates s'est impos\u00e9 au Puy de Sancy. Troisi\u00e8me, Ben Healy s'est empar\u00e9 du maillot jaune.","breadcrumb":{"@id":"https:\/\/dicodusport.fr\/blog\/10eme-etape-tour-de-france-2025-simon-yates-simpose-ben-healy-en-jaune\/#breadcrumb"},"inLanguage":"fr-FR","potentialAction":[{"@type":"ReadAction","target":["https:\/\/dicodusport.fr\/blog\/10eme-etape-tour-de-france-2025-simon-yates-simpose-ben-healy-en-jaune\/"]}]},{"@type":"ImageObject","inLanguage":"fr-FR","@id":"https:\/\/dicodusport.fr\/blog\/10eme-etape-tour-de-france-2025-simon-yates-simpose-ben-healy-en-jaune\/#primaryimage","url":"https:\/\/dicodusport.fr\/blog\/wp-content\/uploads\/2025\/07\/10eme-etape-Tour-de-France-2025-Simon-Yates-simpose-Ben-Healy-en-jaune-1.png","contentUrl":"https:\/\/dicodusport.fr\/blog\/wp-content\/uploads\/2025\/07\/10eme-etape-Tour-de-France-2025-Simon-Yates-simpose-Ben-Healy-en-jaune-1.png","width":1200,"height":674,"caption":"10\u00e8me \u00e9tape Tour de France 2025 Simon Yates s'impose, Ben Healy en jaune"},{"@type":"BreadcrumbList","@id":"https:\/\/dicodusport.fr\/blog\/10eme-etape-tour-de-france-2025-simon-yates-simpose-ben-healy-en-jaune\/#breadcrumb","itemListElement":[{"@type":"ListItem","position":1,"name":"Accueil","item":"https:\/\/dicodusport.fr\/blog\/"},{"@type":"ListItem","position":2,"name":"10\u00e8me \u00e9tape Tour de France 2025 : Simon Yates s&rsquo;impose, Ben Healy en jaune"}]},{"@type":"WebSite","@id":"https:\/\/dicodusport.fr\/blog\/#website","url":"https:\/\/dicodusport.fr\/blog\/","name":"Dicodusport","description":"L&#039;encyclop\u00e9die de l&#039;actualit\u00e9 sportive","publisher":{"@id":"https:\/\/dicodusport.fr\/blog\/#organization"},"potentialAction":[{"@type":"SearchAction","target":{"@type":"EntryPoint","urlTemplate":"https:\/\/dicodusport.fr\/blog\/?s={search_term_string}"},"query-input":{"@type":"PropertyValueSpecification","valueRequired":true,"valueName":"search_term_string"}}],"inLanguage":"fr-FR"},{"@type":"NewsMediaOrganization","@id":"https:\/\/dicodusport.fr\/blog\/#organization","name":"Dicodusport","url":"https:\/\/dicodusport.fr\/blog\/","logo":{"@type":"ImageObject","inLanguage":"fr-FR","@id":"https:\/\/dicodusport.fr\/blog\/#\/schema\/logo\/image\/","url":"https:\/\/dicodusport.fr\/blog\/wp-content\/uploads\/2020\/06\/cropped-LOGO-DICODUSPORT-2020-SANS-FOND-SANS-TEXTE.png","contentUrl":"https:\/\/dicodusport.fr\/blog\/wp-content\/uploads\/2020\/06\/cropped-LOGO-DICODUSPORT-2020-SANS-FOND-SANS-TEXTE.png","width":512,"height":512,"caption":"Dicodusport"},"image":{"@id":"https:\/\/dicodusport.fr\/blog\/#\/schema\/logo\/image\/"},"sameAs":["https:\/\/www.facebook.com\/dicodusport","https:\/\/x.com\/dicodusport","https:\/\/www.instagram.com\/dicodusport\/","https:\/\/www.youtube.com\/channel\/UC7V2KZ5sd3htJivAbA4ZG3w"],"description":"Dicodusport est l'encyclop\u00e9die de l'actualit\u00e9 sportive.","email":"bonjour@dicodusport.fr","legalName":"DICODUSPORT","foundingDate":"2018-01-14","vatID":"FR71834470973","taxID":"83447097300043","numberOfEmployees":{"@type":"QuantitativeValue","minValue":"1","maxValue":"10"}},{"@type":"Person","@id":"https:\/\/dicodusport.fr\/blog\/#\/schema\/person\/6db4bae06b171592211be385b32876a7","name":"Emilien Descampiaux","image":{"@type":"ImageObject","inLanguage":"fr-FR","@id":"https:\/\/dicodusport.fr\/blog\/#\/schema\/person\/image\/","url":"https:\/\/dicodusport.fr\/blog\/wp-content\/uploads\/2021\/05\/Emilien-Descampiaux-150x150.jpg","contentUrl":"https:\/\/dicodusport.fr\/blog\/wp-content\/uploads\/2021\/05\/Emilien-Descampiaux-150x150.jpg","caption":"Emilien Descampiaux"},"description":"Journaliste\/r\u00e9dacteur depuis 2014 - Fan de la classe de Frank Vandenbroucke, je vis cyclisme (et de ses paysages) depuis plus de 20 ans. Je suis tr\u00e8s impliqu\u00e9 sur mes diff\u00e9rents r\u00e9seaux sociaux pour partager ma passion sur le monde et l'Histoire de la bicyclette avec ma voix sur les images en noir et blanc du succ\u00e8s de Rik Van Steenbergen lors du Ronde sur le V\u00e9lodrome de Gand.","sameAs":["https:\/\/www.facebook.com\/groups\/LesRoisDuPeloton","https:\/\/x.com\/https:\/\/twitter.com\/LRoisDuPeloton"],"url":"https:\/\/dicodusport.fr\/blog\/author\/emiliend\/"}]}},"_links":{"self":[{"href":"https:\/\/dicodusport.fr\/blog\/wp-json\/wp\/v2\/posts\/595369","targetHints":{"allow":["GET"]}}],"collection":[{"href":"https:\/\/dicodusport.fr\/blog\/wp-json\/wp\/v2\/posts"}],"about":[{"href":"https:\/\/dicodusport.fr\/blog\/wp-json\/wp\/v2\/types\/post"}],"author":[{"embeddable":true,"href":"https:\/\/dicodusport.fr\/blog\/wp-json\/wp\/v2\/users\/48"}],"replies":[{"embeddable":true,"href":"https:\/\/dicodusport.fr\/blog\/wp-json\/wp\/v2\/comments?post=595369"}],"version-history":[{"count":5,"href":"https:\/\/dicodusport.fr\/blog\/wp-json\/wp\/v2\/posts\/595369\/revisions"}],"predecessor-version":[{"id":595436,"href":"https:\/\/dicodusport.fr\/blog\/wp-json\/wp\/v2\/posts\/595369\/revisions\/595436"}],"wp:featuredmedia":[{"embeddable":true,"href":"https:\/\/dicodusport.fr\/blog\/wp-json\/wp\/v2\/media\/595413"}],"wp:attachment":[{"href":"https:\/\/dicodusport.fr\/blog\/wp-json\/wp\/v2\/media?parent=595369"}],"wp:term":[{"taxonomy":"category","embeddable":true,"href":"https:\/\/dicodusport.fr\/blog\/wp-json\/wp\/v2\/categories?post=595369"},{"taxonomy":"post_tag","embeddable":true,"href":"https:\/\/dicodusport.fr\/blog\/wp-json\/wp\/v2\/tags?post=595369"}],"curies":[{"name":"wp","href":"https:\/\/api.w.org\/{rel}","templated":true}]}}