{"id":595605,"date":"2025-07-16T07:41:11","date_gmt":"2025-07-16T05:41:11","guid":{"rendered":"https:\/\/dicodusport.fr\/blog\/?p=595605&#038;preview=true&#038;preview_id=595605"},"modified":"2025-07-16T07:51:09","modified_gmt":"2025-07-16T05:51:09","slug":"transferts-ol-thiago-almada-signe-a-latletico-madrid-des-zones-dombre-autour-du-transfert","status":"publish","type":"post","link":"https:\/\/dicodusport.fr\/blog\/transferts-ol-thiago-almada-signe-a-latletico-madrid-des-zones-dombre-autour-du-transfert\/","title":{"rendered":"Transferts OL : Thiago Almada signe \u00e0 l&rsquo;Atl\u00e9tico Madrid, des zones d&rsquo;ombre autour du transfert"},"content":{"rendered":"<p style=\"text-align: justify;\"><strong><em>TRANSFERTS &#8211; L&rsquo;Atl\u00e9tico Madrid a annonc\u00e9 la signature de Thiago Almada (Lyon), mais il existe des zones d&rsquo;ombre autour du transfert.\u00a0<\/em><\/strong><\/p>\n<p style=\"text-align: justify;\">Le club espagnol a annonc\u00e9 ce mardi, en fin de journ\u00e9e, la signature de <strong>Thiago<\/strong> <strong>Almada<\/strong> pour les cinq prochaines saisons. Apr\u00e8s une bonne deuxi\u00e8me partie de saison avec l&rsquo;<strong>Olympique Lyonnais<\/strong>, le jeune international argentin va donc d\u00e9couvrir la <strong>Liga<\/strong> dans quelques semaines. Mais son transfert est tr\u00e8s flou, comme toute la gestion de <strong>John Textor<\/strong> depuis son arriv\u00e9e \u00e0 Lyon.<\/p>\n<ul style=\"text-align: justify;\">\n<li style=\"text-align: justify;\"><strong>\u00c0 ce sujet &#8211; <a href=\"https:\/\/dicodusport.fr\/blog\/transferts-om-marseille-veut-signer-malick-fofana\/\">Transferts OM : Marseille veut signer Malick Fofana<\/a><\/strong><\/li>\n<\/ul>\n<h2 style=\"text-align: justify;\">Qui va r\u00e9cup\u00e9rer l&rsquo;argent du transfert de Thiago Almada ?<\/h2>\n<p style=\"text-align: justify;\">Deux points interrogent autour du transfert du milieu argentin. Quel pourcentage du joueur et pour quel montant l&rsquo;<strong>Atl\u00e9tico Madrid<\/strong> a achet\u00e9 ? <em>Fabrizio Romano<\/em> \u00e9voque 50% des droits du joueur contre 21 millions d&rsquo;euros, alors que des m\u00e9dias espagnols parlent de 100% contre 40 millions d&rsquo;euros. Il est en effet fr\u00e9quent dans le football br\u00e9silien de ne pas vendre tous les droits d&rsquo;un joueur.<\/p>\n<p style=\"text-align: justify;\">Cela nous am\u00e8ne donc au deuxi\u00e8me point : qui va r\u00e9cup\u00e9rer l&rsquo;argent du transfert de <strong>Thiago Almada<\/strong> ? Une vente partielle pourrait laisser \u00e0 penser que le joueur appartenait encore \u00e0 <strong>Botafogo<\/strong>. L&rsquo;<strong>Olympique Lyonnais,<\/strong> en difficult\u00e9 financi\u00e8re, va-t-il r\u00e9cup\u00e9rer une partie de ce transfert ? Rien n&rsquo;est moins s\u00fbr alors que la transaction reste tr\u00e8s opaque.<\/p>\n<h3 style=\"text-align: justify;\"><span style=\"text-align: justify;\">\u00c0 ce sujet<\/span><\/h3>\n<div class=\"vlp-link-container vlp-layout-article\"><a href=\"https:\/\/dicodusport.fr\/blog\/mercato-ol-2025-2026-le-tableau-complet-des-transferts-arrivees-et-departs\/\" class=\"vlp-link\" title=\"Mercato OL 2025-2026 : Le tableau complet des transferts, arriv\u00e9es et d\u00e9parts\"><\/a><div class=\"vlp-layout-zone-side\"><div class=\"vlp-block-4 vlp-link-image\"><img loading=\"lazy\" decoding=\"async\" style=\"max-width: 792px;\" width=\"792\" height=\"445\" src=\"https:\/\/dicodusport.fr\/blog\/wp-content\/uploads\/2025\/05\/Mercato-OL-2025-2026-Le-tableau-complet-des-transferts-arrivees-et-departs.png\" class=\"attachment-800x445 size-800x445\" alt=\"Mercato OL 2025-2026 Le tableau complet des transferts, arriv\u00e9es et d\u00e9parts\" srcset=\"https:\/\/dicodusport.fr\/blog\/wp-content\/uploads\/2025\/05\/Mercato-OL-2025-2026-Le-tableau-complet-des-transferts-arrivees-et-departs.png 1200w, https:\/\/dicodusport.fr\/blog\/wp-content\/uploads\/2025\/05\/Mercato-OL-2025-2026-Le-tableau-complet-des-transferts-arrivees-et-departs-300x169.png 300w, https:\/\/dicodusport.fr\/blog\/wp-content\/uploads\/2025\/05\/Mercato-OL-2025-2026-Le-tableau-complet-des-transferts-arrivees-et-departs-1024x575.png 1024w, https:\/\/dicodusport.fr\/blog\/wp-content\/uploads\/2025\/05\/Mercato-OL-2025-2026-Le-tableau-complet-des-transferts-arrivees-et-departs-768x431.png 768w\" sizes=\"auto, (max-width: 792px) 100vw, 792px\" \/><\/div><\/div><div class=\"vlp-layout-zone-main\"><div class=\"vlp-block-0 vlp-link-title\">Mercato OL 2025-2026 : Le tableau complet des transferts, arriv\u00e9es et d\u00e9parts<\/div><div class=\"vlp-block-1 vlp-link-summary\">TRANSFERTS OL - Retrouvez tous les mouvements de l'Olympique Lyonnais pour l'intersaison 2025 en Ligue 1. Arriv\u00e9es, d\u00e9part, pr\u00eats, transferts d\u00e9finitifs, ne ratez rien du mercato estival.\u00a0<\/div><div class=\"vlp-block-2 vlp-link-button\">Lire l'article<\/div><div class=\"vlp-block-3 vlp-link-url\">dicodusport.fr<\/div><\/div><\/div>\n","protected":false},"excerpt":{"rendered":"<p>TRANSFERTS &#8211; L&rsquo;Atl\u00e9tico Madrid a annonc\u00e9 la signature de Thiago Almada (Lyon) mais il existe des zones d&rsquo;ombre autour du transfert.\u00a0<\/p>\n","protected":false},"author":1,"featured_media":595607,"comment_status":"open","ping_status":"closed","sticky":false,"template":"","format":"standard","meta":{"_acf_changed":false,"_daextam_enable_autolinks":"1","footnotes":""},"categories":[47045],"tags":[16878,1145],"class_list":["post-595605","post","type-post","status-publish","format-standard","has-post-thumbnail","hentry","category-ligue-1","tag-breve","tag-ol"],"acf":[],"yoast_head":"<!-- This site is optimized with the Yoast SEO Premium plugin v26.7 (Yoast SEO v26.7) - https:\/\/yoast.com\/wordpress\/plugins\/seo\/ -->\n<title>Transferts OL : Thiago Almada signe \u00e0 l&#039;Atl\u00e9tico Madrid, des zones d&#039;ombre autour du transfert<\/title>\n<meta name=\"description\" content=\"TRANSFERTS - L&#039;Atl\u00e9tico Madrid a annonc\u00e9 la signature de Thiago Almada (Lyon) mais il existe des zones d&#039;ombre autour du transfert.\u00a0\" \/>\n<meta name=\"robots\" content=\"index, follow, max-snippet:-1, max-image-preview:large, max-video-preview:-1\" \/>\n<link rel=\"canonical\" href=\"https:\/\/dicodusport.fr\/blog\/transferts-ol-thiago-almada-signe-a-latletico-madrid-des-zones-dombre-autour-du-transfert\/\" \/>\n<meta property=\"og:locale\" content=\"fr_FR\" \/>\n<meta property=\"og:type\" content=\"article\" \/>\n<meta property=\"og:title\" content=\"Transferts OL : Thiago Almada signe \u00e0 l&#039;Atl\u00e9tico Madrid, des zones d&#039;ombre autour du transfert\" \/>\n<meta property=\"og:description\" content=\"TRANSFERTS - L&#039;Atl\u00e9tico Madrid a annonc\u00e9 la signature de Thiago Almada (Lyon) mais il existe des zones d&#039;ombre autour du transfert.\u00a0\" \/>\n<meta property=\"og:url\" content=\"https:\/\/dicodusport.fr\/blog\/transferts-ol-thiago-almada-signe-a-latletico-madrid-des-zones-dombre-autour-du-transfert\/\" \/>\n<meta property=\"og:site_name\" content=\"Dicodusport\" \/>\n<meta property=\"article:publisher\" content=\"https:\/\/www.facebook.com\/dicodusport\" \/>\n<meta property=\"article:author\" content=\"https:\/\/www.facebook.com\/dicodusport\" \/>\n<meta property=\"article:published_time\" content=\"2025-07-16T05:41:11+00:00\" \/>\n<meta property=\"article:modified_time\" content=\"2025-07-16T05:51:09+00:00\" \/>\n<meta property=\"og:image\" content=\"https:\/\/dicodusport.fr\/blog\/wp-content\/uploads\/2025\/07\/Transferts-OL-Thiago-Almada-signe-a-lAtletico-Madrid-des-zones-dombre-autour-du-transfert.png\" \/>\n\t<meta property=\"og:image:width\" content=\"1200\" \/>\n\t<meta property=\"og:image:height\" content=\"674\" \/>\n\t<meta property=\"og:image:type\" content=\"image\/png\" \/>\n<meta name=\"author\" content=\"Nicolas Jacquemard\" \/>\n<meta name=\"twitter:card\" content=\"summary_large_image\" \/>\n<meta name=\"twitter:creator\" content=\"@https:\/\/twitter.com\/Nico_Jacquemard\" \/>\n<meta name=\"twitter:site\" content=\"@dicodusport\" \/>\n<script type=\"application\/ld+json\" class=\"yoast-schema-graph\">{\"@context\":\"https:\/\/schema.org\",\"@graph\":[{\"@type\":\"NewsArticle\",\"@id\":\"https:\/\/dicodusport.fr\/blog\/transferts-ol-thiago-almada-signe-a-latletico-madrid-des-zones-dombre-autour-du-transfert\/#article\",\"isPartOf\":{\"@id\":\"https:\/\/dicodusport.fr\/blog\/transferts-ol-thiago-almada-signe-a-latletico-madrid-des-zones-dombre-autour-du-transfert\/\"},\"author\":{\"name\":\"Nicolas Jacquemard\",\"@id\":\"https:\/\/dicodusport.fr\/blog\/#\/schema\/person\/55dcb50ad410894e431ed812bbb70191\"},\"headline\":\"Transferts OL : Thiago Almada signe \u00e0 l&rsquo;Atl\u00e9tico Madrid, des zones d&rsquo;ombre autour du transfert\",\"datePublished\":\"2025-07-16T05:41:11+00:00\",\"dateModified\":\"2025-07-16T05:51:09+00:00\",\"mainEntityOfPage\":{\"@id\":\"https:\/\/dicodusport.fr\/blog\/transferts-ol-thiago-almada-signe-a-latletico-madrid-des-zones-dombre-autour-du-transfert\/\"},\"wordCount\":350,\"commentCount\":0,\"publisher\":{\"@id\":\"https:\/\/dicodusport.fr\/blog\/#organization\"},\"image\":{\"@id\":\"https:\/\/dicodusport.fr\/blog\/transferts-ol-thiago-almada-signe-a-latletico-madrid-des-zones-dombre-autour-du-transfert\/#primaryimage\"},\"thumbnailUrl\":\"https:\/\/dicodusport.fr\/blog\/wp-content\/uploads\/2025\/07\/Transferts-OL-Thiago-Almada-signe-a-lAtletico-Madrid-des-zones-dombre-autour-du-transfert.png\",\"keywords\":[\"br\u00e8ve\",\"OL\"],\"articleSection\":[\"Ligue 1\"],\"inLanguage\":\"fr-FR\",\"potentialAction\":[{\"@type\":\"CommentAction\",\"name\":\"Comment\",\"target\":[\"https:\/\/dicodusport.fr\/blog\/transferts-ol-thiago-almada-signe-a-latletico-madrid-des-zones-dombre-autour-du-transfert\/#respond\"]}],\"copyrightYear\":\"2025\",\"copyrightHolder\":{\"@id\":\"https:\/\/dicodusport.fr\/blog\/#organization\"}},{\"@type\":\"WebPage\",\"@id\":\"https:\/\/dicodusport.fr\/blog\/transferts-ol-thiago-almada-signe-a-latletico-madrid-des-zones-dombre-autour-du-transfert\/\",\"url\":\"https:\/\/dicodusport.fr\/blog\/transferts-ol-thiago-almada-signe-a-latletico-madrid-des-zones-dombre-autour-du-transfert\/\",\"name\":\"Transferts OL : Thiago Almada signe \u00e0 l'Atl\u00e9tico Madrid, des zones d'ombre autour du transfert\",\"isPartOf\":{\"@id\":\"https:\/\/dicodusport.fr\/blog\/#website\"},\"primaryImageOfPage\":{\"@id\":\"https:\/\/dicodusport.fr\/blog\/transferts-ol-thiago-almada-signe-a-latletico-madrid-des-zones-dombre-autour-du-transfert\/#primaryimage\"},\"image\":{\"@id\":\"https:\/\/dicodusport.fr\/blog\/transferts-ol-thiago-almada-signe-a-latletico-madrid-des-zones-dombre-autour-du-transfert\/#primaryimage\"},\"thumbnailUrl\":\"https:\/\/dicodusport.fr\/blog\/wp-content\/uploads\/2025\/07\/Transferts-OL-Thiago-Almada-signe-a-lAtletico-Madrid-des-zones-dombre-autour-du-transfert.png\",\"datePublished\":\"2025-07-16T05:41:11+00:00\",\"dateModified\":\"2025-07-16T05:51:09+00:00\",\"description\":\"TRANSFERTS - L'Atl\u00e9tico Madrid a annonc\u00e9 la signature de Thiago Almada (Lyon) mais il existe des zones d'ombre autour du transfert.\u00a0\",\"breadcrumb\":{\"@id\":\"https:\/\/dicodusport.fr\/blog\/transferts-ol-thiago-almada-signe-a-latletico-madrid-des-zones-dombre-autour-du-transfert\/#breadcrumb\"},\"inLanguage\":\"fr-FR\",\"potentialAction\":[{\"@type\":\"ReadAction\",\"target\":[\"https:\/\/dicodusport.fr\/blog\/transferts-ol-thiago-almada-signe-a-latletico-madrid-des-zones-dombre-autour-du-transfert\/\"]}]},{\"@type\":\"ImageObject\",\"inLanguage\":\"fr-FR\",\"@id\":\"https:\/\/dicodusport.fr\/blog\/transferts-ol-thiago-almada-signe-a-latletico-madrid-des-zones-dombre-autour-du-transfert\/#primaryimage\",\"url\":\"https:\/\/dicodusport.fr\/blog\/wp-content\/uploads\/2025\/07\/Transferts-OL-Thiago-Almada-signe-a-lAtletico-Madrid-des-zones-dombre-autour-du-transfert.png\",\"contentUrl\":\"https:\/\/dicodusport.fr\/blog\/wp-content\/uploads\/2025\/07\/Transferts-OL-Thiago-Almada-signe-a-lAtletico-Madrid-des-zones-dombre-autour-du-transfert.png\",\"width\":1200,\"height\":674},{\"@type\":\"BreadcrumbList\",\"@id\":\"https:\/\/dicodusport.fr\/blog\/transferts-ol-thiago-almada-signe-a-latletico-madrid-des-zones-dombre-autour-du-transfert\/#breadcrumb\",\"itemListElement\":[{\"@type\":\"ListItem\",\"position\":1,\"name\":\"Accueil\",\"item\":\"https:\/\/dicodusport.fr\/blog\/\"},{\"@type\":\"ListItem\",\"position\":2,\"name\":\"Transferts OL : Thiago Almada signe \u00e0 l&rsquo;Atl\u00e9tico Madrid, des zones d&rsquo;ombre autour du transfert\"}]},{\"@type\":\"WebSite\",\"@id\":\"https:\/\/dicodusport.fr\/blog\/#website\",\"url\":\"https:\/\/dicodusport.fr\/blog\/\",\"name\":\"Dicodusport\",\"description\":\"L&#039;encyclop\u00e9die de l&#039;actualit\u00e9 sportive\",\"publisher\":{\"@id\":\"https:\/\/dicodusport.fr\/blog\/#organization\"},\"potentialAction\":[{\"@type\":\"SearchAction\",\"target\":{\"@type\":\"EntryPoint\",\"urlTemplate\":\"https:\/\/dicodusport.fr\/blog\/?s={search_term_string}\"},\"query-input\":{\"@type\":\"PropertyValueSpecification\",\"valueRequired\":true,\"valueName\":\"search_term_string\"}}],\"inLanguage\":\"fr-FR\"},{\"@type\":\"NewsMediaOrganization\",\"@id\":\"https:\/\/dicodusport.fr\/blog\/#organization\",\"name\":\"Dicodusport\",\"url\":\"https:\/\/dicodusport.fr\/blog\/\",\"logo\":{\"@type\":\"ImageObject\",\"inLanguage\":\"fr-FR\",\"@id\":\"https:\/\/dicodusport.fr\/blog\/#\/schema\/logo\/image\/\",\"url\":\"https:\/\/dicodusport.fr\/blog\/wp-content\/uploads\/2020\/06\/cropped-LOGO-DICODUSPORT-2020-SANS-FOND-SANS-TEXTE.png\",\"contentUrl\":\"https:\/\/dicodusport.fr\/blog\/wp-content\/uploads\/2020\/06\/cropped-LOGO-DICODUSPORT-2020-SANS-FOND-SANS-TEXTE.png\",\"width\":512,\"height\":512,\"caption\":\"Dicodusport\"},\"image\":{\"@id\":\"https:\/\/dicodusport.fr\/blog\/#\/schema\/logo\/image\/\"},\"sameAs\":[\"https:\/\/www.facebook.com\/dicodusport\",\"https:\/\/x.com\/dicodusport\",\"https:\/\/www.instagram.com\/dicodusport\/\",\"https:\/\/www.youtube.com\/channel\/UC7V2KZ5sd3htJivAbA4ZG3w\"],\"description\":\"Dicodusport est l'encyclop\u00e9die de l'actualit\u00e9 sportive.\",\"email\":\"bonjour@dicodusport.fr\",\"legalName\":\"DICODUSPORT\",\"foundingDate\":\"2018-01-14\",\"vatID\":\"FR71834470973\",\"taxID\":\"83447097300043\",\"numberOfEmployees\":{\"@type\":\"QuantitativeValue\",\"minValue\":\"1\",\"maxValue\":\"10\"}},{\"@type\":\"Person\",\"@id\":\"https:\/\/dicodusport.fr\/blog\/#\/schema\/person\/55dcb50ad410894e431ed812bbb70191\",\"name\":\"Nicolas Jacquemard\",\"image\":{\"@type\":\"ImageObject\",\"inLanguage\":\"fr-FR\",\"@id\":\"https:\/\/dicodusport.fr\/blog\/#\/schema\/person\/image\/\",\"url\":\"https:\/\/dicodusport.fr\/blog\/wp-content\/uploads\/2021\/05\/Nicolas-Jacquemard-150x150.jpeg\",\"contentUrl\":\"https:\/\/dicodusport.fr\/blog\/wp-content\/uploads\/2021\/05\/Nicolas-Jacquemard-150x150.jpeg\",\"caption\":\"Nicolas Jacquemard\"},\"description\":\"Passionn\u00e9 de sport et entrepreneur depuis mes 18 ans, la cr\u00e9ation de Dicodusport m'a sembl\u00e9 \u00e9vidente pour participer \u00e0 la m\u00e9diatisation d'un plus grand nombre de sports. Le chemin est long mais avec une \u00e9quipe des plus motiv\u00e9es et les Jeux Olympiques de Paris 2024 en point de mire, nous y arriverons ! Journaliste dans le monde du sport depuis plus de 5 ans, je traite aussi bien de football, de rugby, de biathlon que de cyclisme.\",\"sameAs\":[\"https:\/\/www.facebook.com\/dicodusport\",\"https:\/\/x.com\/https:\/\/twitter.com\/Nico_Jacquemard\"],\"url\":\"https:\/\/dicodusport.fr\/blog\/author\/dicodusport\/\"}]}<\/script>\n<!-- \/ Yoast SEO Premium plugin. -->","yoast_head_json":{"title":"Transferts OL : Thiago Almada signe \u00e0 l'Atl\u00e9tico Madrid, des zones d'ombre autour du transfert","description":"TRANSFERTS - L'Atl\u00e9tico Madrid a annonc\u00e9 la signature de Thiago Almada (Lyon) mais il existe des zones d'ombre autour du transfert.\u00a0","robots":{"index":"index","follow":"follow","max-snippet":"max-snippet:-1","max-image-preview":"max-image-preview:large","max-video-preview":"max-video-preview:-1"},"canonical":"https:\/\/dicodusport.fr\/blog\/transferts-ol-thiago-almada-signe-a-latletico-madrid-des-zones-dombre-autour-du-transfert\/","og_locale":"fr_FR","og_type":"article","og_title":"Transferts OL : Thiago Almada signe \u00e0 l'Atl\u00e9tico Madrid, des zones d'ombre autour du transfert","og_description":"TRANSFERTS - L'Atl\u00e9tico Madrid a annonc\u00e9 la signature de Thiago Almada (Lyon) mais il existe des zones d'ombre autour du transfert.\u00a0","og_url":"https:\/\/dicodusport.fr\/blog\/transferts-ol-thiago-almada-signe-a-latletico-madrid-des-zones-dombre-autour-du-transfert\/","og_site_name":"Dicodusport","article_publisher":"https:\/\/www.facebook.com\/dicodusport","article_author":"https:\/\/www.facebook.com\/dicodusport","article_published_time":"2025-07-16T05:41:11+00:00","article_modified_time":"2025-07-16T05:51:09+00:00","og_image":[{"width":1200,"height":674,"url":"https:\/\/dicodusport.fr\/blog\/wp-content\/uploads\/2025\/07\/Transferts-OL-Thiago-Almada-signe-a-lAtletico-Madrid-des-zones-dombre-autour-du-transfert.png","type":"image\/png"}],"author":"Nicolas Jacquemard","twitter_card":"summary_large_image","twitter_creator":"@https:\/\/twitter.com\/Nico_Jacquemard","twitter_site":"@dicodusport","schema":{"@context":"https:\/\/schema.org","@graph":[{"@type":"NewsArticle","@id":"https:\/\/dicodusport.fr\/blog\/transferts-ol-thiago-almada-signe-a-latletico-madrid-des-zones-dombre-autour-du-transfert\/#article","isPartOf":{"@id":"https:\/\/dicodusport.fr\/blog\/transferts-ol-thiago-almada-signe-a-latletico-madrid-des-zones-dombre-autour-du-transfert\/"},"author":{"name":"Nicolas Jacquemard","@id":"https:\/\/dicodusport.fr\/blog\/#\/schema\/person\/55dcb50ad410894e431ed812bbb70191"},"headline":"Transferts OL : Thiago Almada signe \u00e0 l&rsquo;Atl\u00e9tico Madrid, des zones d&rsquo;ombre autour du transfert","datePublished":"2025-07-16T05:41:11+00:00","dateModified":"2025-07-16T05:51:09+00:00","mainEntityOfPage":{"@id":"https:\/\/dicodusport.fr\/blog\/transferts-ol-thiago-almada-signe-a-latletico-madrid-des-zones-dombre-autour-du-transfert\/"},"wordCount":350,"commentCount":0,"publisher":{"@id":"https:\/\/dicodusport.fr\/blog\/#organization"},"image":{"@id":"https:\/\/dicodusport.fr\/blog\/transferts-ol-thiago-almada-signe-a-latletico-madrid-des-zones-dombre-autour-du-transfert\/#primaryimage"},"thumbnailUrl":"https:\/\/dicodusport.fr\/blog\/wp-content\/uploads\/2025\/07\/Transferts-OL-Thiago-Almada-signe-a-lAtletico-Madrid-des-zones-dombre-autour-du-transfert.png","keywords":["br\u00e8ve","OL"],"articleSection":["Ligue 1"],"inLanguage":"fr-FR","potentialAction":[{"@type":"CommentAction","name":"Comment","target":["https:\/\/dicodusport.fr\/blog\/transferts-ol-thiago-almada-signe-a-latletico-madrid-des-zones-dombre-autour-du-transfert\/#respond"]}],"copyrightYear":"2025","copyrightHolder":{"@id":"https:\/\/dicodusport.fr\/blog\/#organization"}},{"@type":"WebPage","@id":"https:\/\/dicodusport.fr\/blog\/transferts-ol-thiago-almada-signe-a-latletico-madrid-des-zones-dombre-autour-du-transfert\/","url":"https:\/\/dicodusport.fr\/blog\/transferts-ol-thiago-almada-signe-a-latletico-madrid-des-zones-dombre-autour-du-transfert\/","name":"Transferts OL : Thiago Almada signe \u00e0 l'Atl\u00e9tico Madrid, des zones d'ombre autour du transfert","isPartOf":{"@id":"https:\/\/dicodusport.fr\/blog\/#website"},"primaryImageOfPage":{"@id":"https:\/\/dicodusport.fr\/blog\/transferts-ol-thiago-almada-signe-a-latletico-madrid-des-zones-dombre-autour-du-transfert\/#primaryimage"},"image":{"@id":"https:\/\/dicodusport.fr\/blog\/transferts-ol-thiago-almada-signe-a-latletico-madrid-des-zones-dombre-autour-du-transfert\/#primaryimage"},"thumbnailUrl":"https:\/\/dicodusport.fr\/blog\/wp-content\/uploads\/2025\/07\/Transferts-OL-Thiago-Almada-signe-a-lAtletico-Madrid-des-zones-dombre-autour-du-transfert.png","datePublished":"2025-07-16T05:41:11+00:00","dateModified":"2025-07-16T05:51:09+00:00","description":"TRANSFERTS - L'Atl\u00e9tico Madrid a annonc\u00e9 la signature de Thiago Almada (Lyon) mais il existe des zones d'ombre autour du transfert.\u00a0","breadcrumb":{"@id":"https:\/\/dicodusport.fr\/blog\/transferts-ol-thiago-almada-signe-a-latletico-madrid-des-zones-dombre-autour-du-transfert\/#breadcrumb"},"inLanguage":"fr-FR","potentialAction":[{"@type":"ReadAction","target":["https:\/\/dicodusport.fr\/blog\/transferts-ol-thiago-almada-signe-a-latletico-madrid-des-zones-dombre-autour-du-transfert\/"]}]},{"@type":"ImageObject","inLanguage":"fr-FR","@id":"https:\/\/dicodusport.fr\/blog\/transferts-ol-thiago-almada-signe-a-latletico-madrid-des-zones-dombre-autour-du-transfert\/#primaryimage","url":"https:\/\/dicodusport.fr\/blog\/wp-content\/uploads\/2025\/07\/Transferts-OL-Thiago-Almada-signe-a-lAtletico-Madrid-des-zones-dombre-autour-du-transfert.png","contentUrl":"https:\/\/dicodusport.fr\/blog\/wp-content\/uploads\/2025\/07\/Transferts-OL-Thiago-Almada-signe-a-lAtletico-Madrid-des-zones-dombre-autour-du-transfert.png","width":1200,"height":674},{"@type":"BreadcrumbList","@id":"https:\/\/dicodusport.fr\/blog\/transferts-ol-thiago-almada-signe-a-latletico-madrid-des-zones-dombre-autour-du-transfert\/#breadcrumb","itemListElement":[{"@type":"ListItem","position":1,"name":"Accueil","item":"https:\/\/dicodusport.fr\/blog\/"},{"@type":"ListItem","position":2,"name":"Transferts OL : Thiago Almada signe \u00e0 l&rsquo;Atl\u00e9tico Madrid, des zones d&rsquo;ombre autour du transfert"}]},{"@type":"WebSite","@id":"https:\/\/dicodusport.fr\/blog\/#website","url":"https:\/\/dicodusport.fr\/blog\/","name":"Dicodusport","description":"L&#039;encyclop\u00e9die de l&#039;actualit\u00e9 sportive","publisher":{"@id":"https:\/\/dicodusport.fr\/blog\/#organization"},"potentialAction":[{"@type":"SearchAction","target":{"@type":"EntryPoint","urlTemplate":"https:\/\/dicodusport.fr\/blog\/?s={search_term_string}"},"query-input":{"@type":"PropertyValueSpecification","valueRequired":true,"valueName":"search_term_string"}}],"inLanguage":"fr-FR"},{"@type":"NewsMediaOrganization","@id":"https:\/\/dicodusport.fr\/blog\/#organization","name":"Dicodusport","url":"https:\/\/dicodusport.fr\/blog\/","logo":{"@type":"ImageObject","inLanguage":"fr-FR","@id":"https:\/\/dicodusport.fr\/blog\/#\/schema\/logo\/image\/","url":"https:\/\/dicodusport.fr\/blog\/wp-content\/uploads\/2020\/06\/cropped-LOGO-DICODUSPORT-2020-SANS-FOND-SANS-TEXTE.png","contentUrl":"https:\/\/dicodusport.fr\/blog\/wp-content\/uploads\/2020\/06\/cropped-LOGO-DICODUSPORT-2020-SANS-FOND-SANS-TEXTE.png","width":512,"height":512,"caption":"Dicodusport"},"image":{"@id":"https:\/\/dicodusport.fr\/blog\/#\/schema\/logo\/image\/"},"sameAs":["https:\/\/www.facebook.com\/dicodusport","https:\/\/x.com\/dicodusport","https:\/\/www.instagram.com\/dicodusport\/","https:\/\/www.youtube.com\/channel\/UC7V2KZ5sd3htJivAbA4ZG3w"],"description":"Dicodusport est l'encyclop\u00e9die de l'actualit\u00e9 sportive.","email":"bonjour@dicodusport.fr","legalName":"DICODUSPORT","foundingDate":"2018-01-14","vatID":"FR71834470973","taxID":"83447097300043","numberOfEmployees":{"@type":"QuantitativeValue","minValue":"1","maxValue":"10"}},{"@type":"Person","@id":"https:\/\/dicodusport.fr\/blog\/#\/schema\/person\/55dcb50ad410894e431ed812bbb70191","name":"Nicolas Jacquemard","image":{"@type":"ImageObject","inLanguage":"fr-FR","@id":"https:\/\/dicodusport.fr\/blog\/#\/schema\/person\/image\/","url":"https:\/\/dicodusport.fr\/blog\/wp-content\/uploads\/2021\/05\/Nicolas-Jacquemard-150x150.jpeg","contentUrl":"https:\/\/dicodusport.fr\/blog\/wp-content\/uploads\/2021\/05\/Nicolas-Jacquemard-150x150.jpeg","caption":"Nicolas Jacquemard"},"description":"Passionn\u00e9 de sport et entrepreneur depuis mes 18 ans, la cr\u00e9ation de Dicodusport m'a sembl\u00e9 \u00e9vidente pour participer \u00e0 la m\u00e9diatisation d'un plus grand nombre de sports. Le chemin est long mais avec une \u00e9quipe des plus motiv\u00e9es et les Jeux Olympiques de Paris 2024 en point de mire, nous y arriverons ! Journaliste dans le monde du sport depuis plus de 5 ans, je traite aussi bien de football, de rugby, de biathlon que de cyclisme.","sameAs":["https:\/\/www.facebook.com\/dicodusport","https:\/\/x.com\/https:\/\/twitter.com\/Nico_Jacquemard"],"url":"https:\/\/dicodusport.fr\/blog\/author\/dicodusport\/"}]}},"_links":{"self":[{"href":"https:\/\/dicodusport.fr\/blog\/wp-json\/wp\/v2\/posts\/595605","targetHints":{"allow":["GET"]}}],"collection":[{"href":"https:\/\/dicodusport.fr\/blog\/wp-json\/wp\/v2\/posts"}],"about":[{"href":"https:\/\/dicodusport.fr\/blog\/wp-json\/wp\/v2\/types\/post"}],"author":[{"embeddable":true,"href":"https:\/\/dicodusport.fr\/blog\/wp-json\/wp\/v2\/users\/1"}],"replies":[{"embeddable":true,"href":"https:\/\/dicodusport.fr\/blog\/wp-json\/wp\/v2\/comments?post=595605"}],"version-history":[{"count":2,"href":"https:\/\/dicodusport.fr\/blog\/wp-json\/wp\/v2\/posts\/595605\/revisions"}],"predecessor-version":[{"id":595609,"href":"https:\/\/dicodusport.fr\/blog\/wp-json\/wp\/v2\/posts\/595605\/revisions\/595609"}],"wp:featuredmedia":[{"embeddable":true,"href":"https:\/\/dicodusport.fr\/blog\/wp-json\/wp\/v2\/media\/595607"}],"wp:attachment":[{"href":"https:\/\/dicodusport.fr\/blog\/wp-json\/wp\/v2\/media?parent=595605"}],"wp:term":[{"taxonomy":"category","embeddable":true,"href":"https:\/\/dicodusport.fr\/blog\/wp-json\/wp\/v2\/categories?post=595605"},{"taxonomy":"post_tag","embeddable":true,"href":"https:\/\/dicodusport.fr\/blog\/wp-json\/wp\/v2\/tags?post=595605"}],"curies":[{"name":"wp","href":"https:\/\/api.w.org\/{rel}","templated":true}]}}