{"id":595698,"date":"2025-07-18T10:56:00","date_gmt":"2025-07-18T08:56:00","guid":{"rendered":"https:\/\/dicodusport.fr\/blog\/?p=595698&#038;preview=true&#038;preview_id=595698"},"modified":"2025-07-18T10:56:48","modified_gmt":"2025-07-18T08:56:48","slug":"rallye-destonie-2025-a-quelle-heure-et-sur-quelle-chaine-tv","status":"publish","type":"post","link":"https:\/\/dicodusport.fr\/blog\/rallye-destonie-2025-a-quelle-heure-et-sur-quelle-chaine-tv\/","title":{"rendered":"Rallye d&rsquo;Estonie 2025 : \u00c0 quelle heure et sur quelle cha\u00eene TV"},"content":{"rendered":"<p style=\"text-align: justify;\"><strong><em>D\u00e9couvrez le programme TV et les informations sur la diffusion du Rallye WRC d&rsquo;Estonie, qui se dispute du jeudi 17 au dimanche 20 juillet 2025.<\/em><\/strong><\/p>\n<ul>\n<li style=\"text-align: justify;\"><strong>\u00c0 ce sujet &#8211; <a href=\"https:\/\/dicodusport.fr\/blog\/rallye-wrc-2025-le-calendrier-complet\/\">Rallye WRC 2025 \u2013 Le calendrier complet<\/a><\/strong><\/li>\n<\/ul>\n<p style=\"text-align: justify;\">Le <strong>Championnat du monde des rallyes WRC<\/strong> fait escale en <strong>Estonie<\/strong> du <strong>jeudi 17 au dimanche 20 juillet 2025<\/strong> pour la 8\u00e8me manche de la saison. R\u00e9put\u00e9 pour ses sp\u00e9ciales ultra-rapides, le <strong>Rallye d\u2019Estonie<\/strong> est devenu l\u2019une des \u00e9preuves les plus pris\u00e9es du calendrier.<\/p>\n<p style=\"text-align: justify;\">Bas\u00e9 autour de <strong>Tartu<\/strong>, la deuxi\u00e8me ville du pays, l\u2019\u00e9v\u00e9nement propose pr\u00e8s de 300 km chronom\u00e9tr\u00e9s, r\u00e9partis sur trois \u00e9tapes. Le parcours emprunte les routes de graviers sinueuses du sud-est de l\u2019Estonie, o\u00f9 les vitesses moyennes flirtent parfois avec les 120 km\/h. Sauts spectaculaires, changements de rythme incessants, for\u00eats \u00e9paisses : ce rallye est un v\u00e9ritable test de pr\u00e9cision et de nerfs pour les \u00e9quipages.<\/p>\n<p style=\"text-align: justify;\">Le <strong>parcours 2025<\/strong> conserve les grandes lignes des \u00e9ditions pr\u00e9c\u00e9dentes, avec plusieurs sp\u00e9ciales phares comme <strong>Raanitsa<\/strong>, <strong>Elva<\/strong> ou encore le redout\u00e9 secteur de <strong>Kanepi<\/strong>, th\u00e9\u00e2tre de nombreux rebondissements. La super-sp\u00e9ciale d&rsquo;ouverture aura lieu le jeudi soir dans le centre-ville de <strong>Tartu<\/strong>, en guise de mise en jambes avant les deux longues journ\u00e9es de vendredi et samedi. Le rallye se conclura dimanche avec une <em>Power Stage<\/em> spectaculaire, offrant des points suppl\u00e9mentaires pour le championnat.<\/p>\n<div class=\"vlp-link-container vlp-layout-article\"><a href=\"https:\/\/dicodusport.fr\/blog\/rallye-destonie-2025-programme-des-speciales-et-resultats-complets\/\" class=\"vlp-link\" title=\"Rallye d&#039;Estonie 2025 : Programme des sp\u00e9ciales et r\u00e9sultats complets\"><\/a><div class=\"vlp-layout-zone-side\"><div class=\"vlp-block-4 vlp-link-image\"><img loading=\"lazy\" decoding=\"async\" style=\"max-width: 792px;\" width=\"792\" height=\"445\" src=\"https:\/\/dicodusport.fr\/blog\/wp-content\/uploads\/2025\/07\/Rallye-dEstonie-2025-Programme-des-speciales-et-resultats-complets.png\" class=\"attachment-800x445 size-800x445\" alt=\"Rallye d&#039;Estonie 2025 Programme des sp\u00e9ciales et r\u00e9sultats complets\" srcset=\"https:\/\/dicodusport.fr\/blog\/wp-content\/uploads\/2025\/07\/Rallye-dEstonie-2025-Programme-des-speciales-et-resultats-complets.png 1200w, https:\/\/dicodusport.fr\/blog\/wp-content\/uploads\/2025\/07\/Rallye-dEstonie-2025-Programme-des-speciales-et-resultats-complets-300x169.png 300w, https:\/\/dicodusport.fr\/blog\/wp-content\/uploads\/2025\/07\/Rallye-dEstonie-2025-Programme-des-speciales-et-resultats-complets-1024x575.png 1024w, https:\/\/dicodusport.fr\/blog\/wp-content\/uploads\/2025\/07\/Rallye-dEstonie-2025-Programme-des-speciales-et-resultats-complets-768x431.png 768w\" sizes=\"auto, (max-width: 792px) 100vw, 792px\" \/><\/div><\/div><div class=\"vlp-layout-zone-main\"><div class=\"vlp-block-0 vlp-link-title\">Rallye d'Estonie 2025 : Programme des sp\u00e9ciales et r\u00e9sultats complets<\/div><div class=\"vlp-block-1 vlp-link-summary\">D\u00e9couvrez le programme complet, les horaires et les r\u00e9sultats en direct des sp\u00e9ciales du Rallye d'Estonie 2025.<\/div><div class=\"vlp-block-2 vlp-link-button\">Lire l'article<\/div><div class=\"vlp-block-3 vlp-link-url\">dicodusport.fr<\/div><\/div><\/div>\n<p style=\"text-align: justify;\">La plupart des sp\u00e9ciales du <strong>Rallye d&rsquo;Estonie 2025<\/strong> seront diffus\u00e9es en direct sur <em>Canal+ Sport<\/em> et <em>Canal+ Sport 360<\/em> en France, avec plusieurs sp\u00e9ciales retransmises en int\u00e9gralit\u00e9. Pour ne rien manquer des \u00e9tapes cl\u00e9s du rallye estonien, <strong>retrouvez le programme TV ci-dessous<\/strong>.<\/p>\n<h2 style=\"text-align: justify;\">Le programme TV du Rallye d&rsquo;Estonie 2025<\/h2>\n<h3 style=\"text-align: justify;\">Jeudi 17 Juillet 2025<\/h3>\n<p style=\"text-align: justify;\">19h00 &#8211; ES1 Canal+ Sport 360<\/p>\n<h3 style=\"text-align: justify;\">Vendredi 18 Juillet 2025<\/h3>\n<p style=\"text-align: justify;\">8h16 &#8211; ES2 Canal+ Sport<br \/>\n9h07 &#8211; ES3 Canal+ Sport<br \/>\n10h53 &#8211; ES4 Canal+ Sport<br \/>\n11h44 &#8211; ES5 Canal+ Sport<br \/>\n14h44 &#8211; ES6 Canal+ Sport<br \/>\n17h03 &#8211; ES7 Canal+ Sport 360<br \/>\n18h14 &#8211; ES8 Canal+ Sport 360<\/p>\n<h3 style=\"text-align: justify;\">Samedi 19 Juillet 2025<\/h3>\n<p style=\"text-align: justify;\">7h23 &#8211; ES9 Canal+ Sport<br \/>\n8h16 &#8211; ES10 Canal+ Sport<br \/>\n9h54 &#8211; ES11 Canal+ Sport<br \/>\n10h47 &#8211; ES12 Canal+ Sport<br \/>\n14h00 &#8211; ES13 Canal+ Sport<br \/>\n15h00 &#8211; ES14 Canal+ Sport<\/p>\n<h3 style=\"text-align: justify;\">Dimanche 20 Juillet 2025<\/h3>\n<p style=\"text-align: justify;\">08h39 &#8211; ES18 Canal+ Sport<br \/>\n09h30 &#8211; ES19 Canal+ Sport<br \/>\n12h00 &#8211; ES20 Power Stage Canal+ Sport<\/p>\n<h2 style=\"text-align: justify;\">Le classement g\u00e9n\u00e9ral du Rallye d&rsquo;Estonie 2025<\/h2>\n<div class=\"vlp-link-container vlp-layout-article\"><a href=\"https:\/\/dicodusport.fr\/blog\/rallye-destonie-2025-classement-general-en-direct\/\" class=\"vlp-link\" title=\"Rallye d&#039;Estonie 2025 - Classement g\u00e9n\u00e9ral en direct\"><\/a><div class=\"vlp-layout-zone-side\"><div class=\"vlp-block-4 vlp-link-image\"><img loading=\"lazy\" decoding=\"async\" style=\"max-width: 792px;\" width=\"792\" height=\"445\" src=\"https:\/\/dicodusport.fr\/blog\/wp-content\/uploads\/2025\/07\/Rallye-dEstonie-2025-Classement-general-en-direct.png\" class=\"attachment-800x445 size-800x445\" alt=\"Rallye d&#039;Estonie 2025 - Classement g\u00e9n\u00e9ral en direct\" srcset=\"https:\/\/dicodusport.fr\/blog\/wp-content\/uploads\/2025\/07\/Rallye-dEstonie-2025-Classement-general-en-direct.png 1200w, https:\/\/dicodusport.fr\/blog\/wp-content\/uploads\/2025\/07\/Rallye-dEstonie-2025-Classement-general-en-direct-300x169.png 300w, https:\/\/dicodusport.fr\/blog\/wp-content\/uploads\/2025\/07\/Rallye-dEstonie-2025-Classement-general-en-direct-1024x575.png 1024w, https:\/\/dicodusport.fr\/blog\/wp-content\/uploads\/2025\/07\/Rallye-dEstonie-2025-Classement-general-en-direct-768x431.png 768w\" sizes=\"auto, (max-width: 792px) 100vw, 792px\" \/><\/div><\/div><div class=\"vlp-layout-zone-main\"><div class=\"vlp-block-0 vlp-link-title\">Rallye d'Estonie 2025 - Classement g\u00e9n\u00e9ral en direct<\/div><div class=\"vlp-block-1 vlp-link-summary\">D\u00e9couvrez le classement g\u00e9n\u00e9ral et les r\u00e9sultats complets (top 10) du Rallye d'Estonie 2025, 8\u00e8me manche du championnat du monde des rallyes WRC 2025.<\/div><div class=\"vlp-block-2 vlp-link-button\">Lire l'article<\/div><div class=\"vlp-block-3 vlp-link-url\">dicodusport.fr<\/div><\/div><\/div>\n<ul>\n<li class=\"mvp-post-title left entry-title\" style=\"text-align: justify;\"><strong>\u00c0 ce sujet &#8211; <a href=\"https:\/\/dicodusport.fr\/blog\/rallyes-wrc-2025-classement-general-des-pilotes\/\">Rallyes WRC 2025 \u2013 Classement g\u00e9n\u00e9ral des pilotes<\/a><\/strong><\/li>\n<\/ul>\n<h2 style=\"text-align: justify;\">Le palmar\u00e8s de la saison 2025<\/h2>\n<p style=\"text-align: justify;\"><strong>Rallye Monte Carlo :\u00a0<\/strong>S\u00e9bastien Ogier (Toyota) \u2013\u00a0<a href=\"https:\/\/dicodusport.fr\/blog\/rallye-monte-carlo-2025-le-classement-general-en-direct\/\"><em>Classement final<\/em><\/a><strong><br \/>\nRallye de Su\u00e8de :<\/strong>\u00a0Elfyn Evans (Toyota) \u2013\u00a0<a href=\"https:\/\/dicodusport.fr\/blog\/rallye-de-suede-2025-le-classement-general-en-direct\/\"><em>Classement final<\/em><\/a><br \/>\n<strong>Rallye du Kenya :<\/strong>\u00a0Elfyn Evans (Toyota) \u2013\u00a0<a href=\"https:\/\/dicodusport.fr\/blog\/rallye-du-kenya-2025-le-classement-general-en-direct\/\"><em>Classement final<\/em><\/a><br \/>\n<strong>Rallye des Iles Canaries :<\/strong>\u00a0Kalle Rovanper\u00e4 (Toyota) \u2013\u00a0<a href=\"https:\/\/dicodusport.fr\/blog\/rallye-des-iles-canaries-2025-le-classement-general-en-direct\/\"><em>Classement final<\/em><\/a><br \/>\n<strong>Rallye du Portugal :<\/strong>\u00a0S\u00e9bastien Ogier (Toyota) \u2013\u00a0<a href=\"https:\/\/dicodusport.fr\/blog\/rallye-du-portugal-2025-classement-general-en-direct\/\"><em>Classement final<\/em><\/a><br \/>\n<strong>Rallye de Sardaigne :<\/strong>\u00a0S\u00e9bastien Ogier (Toyota) \u2013\u00a0<a href=\"https:\/\/dicodusport.fr\/blog\/rallye-de-sardaigne-2025-classement-general-en-direct\/\"><em>Classement final<\/em><\/a><br \/>\n<strong>Rallye de l\u2019Acropole :<\/strong>\u00a0Ott T\u00e4nak (Hyundai) \u2013\u00a0<a href=\"https:\/\/dicodusport.fr\/blog\/rallye-acropole-2025-classement-general-en-direct\/\"><em>Classement final<\/em><\/a><\/p>\n","protected":false},"excerpt":{"rendered":"<p>D\u00e9couvrez le programme TV et les informations sur la diffusion du Rallye WRC d&rsquo;Estonie, qui se dispute du jeudi 17 au dimanche 20 juillet 2025.<\/p>\n","protected":false},"author":4,"featured_media":595738,"comment_status":"open","ping_status":"closed","sticky":false,"template":"","format":"standard","meta":{"_acf_changed":false,"_daextam_enable_autolinks":"1","footnotes":""},"categories":[44295,47088],"tags":[16878,3861,2235],"class_list":["post-595698","post","type-post","status-publish","format-standard","has-post-thumbnail","hentry","category-chaine-tv","category-rallye-wrc","tag-breve","tag-rallye-wrc","tag-wrc"],"acf":[],"yoast_head":"<!-- This site is optimized with the Yoast SEO Premium plugin v26.7 (Yoast SEO v26.7) - https:\/\/yoast.com\/wordpress\/plugins\/seo\/ -->\n<title>Rallye d&#039;Estonie 2025 : \u00c0 quelle heure et sur quelle cha\u00eene TV<\/title>\n<meta name=\"description\" content=\"D\u00e9couvrez le programme TV et les informations sur la diffusion du Rallye WRC d&#039;Estonie, qui se dispute du jeudi 17 au dimanche 20 juillet 2025.\" \/>\n<meta name=\"robots\" content=\"index, follow, max-snippet:-1, max-image-preview:large, max-video-preview:-1\" \/>\n<link rel=\"canonical\" href=\"https:\/\/dicodusport.fr\/blog\/rallye-destonie-2025-a-quelle-heure-et-sur-quelle-chaine-tv\/\" \/>\n<meta property=\"og:locale\" content=\"fr_FR\" \/>\n<meta property=\"og:type\" content=\"article\" \/>\n<meta property=\"og:title\" content=\"Rallye d&#039;Estonie 2025 : \u00c0 quelle heure et sur quelle cha\u00eene TV\" \/>\n<meta property=\"og:description\" content=\"D\u00e9couvrez le programme TV et les informations sur la diffusion du Rallye WRC d&#039;Estonie, qui se dispute du jeudi 17 au dimanche 20 juillet 2025.\" \/>\n<meta property=\"og:url\" content=\"https:\/\/dicodusport.fr\/blog\/rallye-destonie-2025-a-quelle-heure-et-sur-quelle-chaine-tv\/\" \/>\n<meta property=\"og:site_name\" content=\"Dicodusport\" \/>\n<meta property=\"article:publisher\" content=\"https:\/\/www.facebook.com\/dicodusport\" \/>\n<meta property=\"article:author\" content=\"https:\/\/www.facebook.com\/florent.ostermann\" \/>\n<meta property=\"article:published_time\" content=\"2025-07-18T08:56:00+00:00\" \/>\n<meta property=\"article:modified_time\" content=\"2025-07-18T08:56:48+00:00\" \/>\n<meta property=\"og:image\" content=\"https:\/\/dicodusport.fr\/blog\/wp-content\/uploads\/2025\/07\/Rallye-dEstonie-2025-A-quelle-heure-et-sur-quelle-chaine-TV.png\" \/>\n\t<meta property=\"og:image:width\" content=\"1200\" \/>\n\t<meta property=\"og:image:height\" content=\"674\" \/>\n\t<meta property=\"og:image:type\" content=\"image\/png\" \/>\n<meta name=\"author\" content=\"Flo Ostermann\" \/>\n<meta name=\"twitter:card\" content=\"summary_large_image\" \/>\n<meta name=\"twitter:title\" content=\"Rallye d&#039;Estonie 2025 : \u00c0 quelle heure et sur quelle cha\u00eene TV\" \/>\n<meta name=\"twitter:creator\" content=\"@https:\/\/twitter.com\/FlOstermann\" \/>\n<meta name=\"twitter:site\" content=\"@dicodusport\" \/>\n<script type=\"application\/ld+json\" class=\"yoast-schema-graph\">{\"@context\":\"https:\/\/schema.org\",\"@graph\":[{\"@type\":\"NewsArticle\",\"@id\":\"https:\/\/dicodusport.fr\/blog\/rallye-destonie-2025-a-quelle-heure-et-sur-quelle-chaine-tv\/#article\",\"isPartOf\":{\"@id\":\"https:\/\/dicodusport.fr\/blog\/rallye-destonie-2025-a-quelle-heure-et-sur-quelle-chaine-tv\/\"},\"author\":{\"name\":\"Flo Ostermann\",\"@id\":\"https:\/\/dicodusport.fr\/blog\/#\/schema\/person\/cb02af4c173ce4a653b55e9baf388d4a\"},\"headline\":\"Rallye d&rsquo;Estonie 2025 : \u00c0 quelle heure et sur quelle cha\u00eene TV\",\"datePublished\":\"2025-07-18T08:56:00+00:00\",\"dateModified\":\"2025-07-18T08:56:48+00:00\",\"mainEntityOfPage\":{\"@id\":\"https:\/\/dicodusport.fr\/blog\/rallye-destonie-2025-a-quelle-heure-et-sur-quelle-chaine-tv\/\"},\"wordCount\":645,\"commentCount\":0,\"publisher\":{\"@id\":\"https:\/\/dicodusport.fr\/blog\/#organization\"},\"image\":{\"@id\":\"https:\/\/dicodusport.fr\/blog\/rallye-destonie-2025-a-quelle-heure-et-sur-quelle-chaine-tv\/#primaryimage\"},\"thumbnailUrl\":\"https:\/\/dicodusport.fr\/blog\/wp-content\/uploads\/2025\/07\/Rallye-dEstonie-2025-A-quelle-heure-et-sur-quelle-chaine-TV.png\",\"keywords\":[\"br\u00e8ve\",\"Rallye WRC\",\"WRC\"],\"articleSection\":[\"Cha\u00eene TV\",\"Rallye WRC\"],\"inLanguage\":\"fr-FR\",\"potentialAction\":[{\"@type\":\"CommentAction\",\"name\":\"Comment\",\"target\":[\"https:\/\/dicodusport.fr\/blog\/rallye-destonie-2025-a-quelle-heure-et-sur-quelle-chaine-tv\/#respond\"]}],\"copyrightYear\":\"2025\",\"copyrightHolder\":{\"@id\":\"https:\/\/dicodusport.fr\/blog\/#organization\"}},{\"@type\":\"WebPage\",\"@id\":\"https:\/\/dicodusport.fr\/blog\/rallye-destonie-2025-a-quelle-heure-et-sur-quelle-chaine-tv\/\",\"url\":\"https:\/\/dicodusport.fr\/blog\/rallye-destonie-2025-a-quelle-heure-et-sur-quelle-chaine-tv\/\",\"name\":\"Rallye d'Estonie 2025 : \u00c0 quelle heure et sur quelle cha\u00eene TV\",\"isPartOf\":{\"@id\":\"https:\/\/dicodusport.fr\/blog\/#website\"},\"primaryImageOfPage\":{\"@id\":\"https:\/\/dicodusport.fr\/blog\/rallye-destonie-2025-a-quelle-heure-et-sur-quelle-chaine-tv\/#primaryimage\"},\"image\":{\"@id\":\"https:\/\/dicodusport.fr\/blog\/rallye-destonie-2025-a-quelle-heure-et-sur-quelle-chaine-tv\/#primaryimage\"},\"thumbnailUrl\":\"https:\/\/dicodusport.fr\/blog\/wp-content\/uploads\/2025\/07\/Rallye-dEstonie-2025-A-quelle-heure-et-sur-quelle-chaine-TV.png\",\"datePublished\":\"2025-07-18T08:56:00+00:00\",\"dateModified\":\"2025-07-18T08:56:48+00:00\",\"description\":\"D\u00e9couvrez le programme TV et les informations sur la diffusion du Rallye WRC d'Estonie, qui se dispute du jeudi 17 au dimanche 20 juillet 2025.\",\"breadcrumb\":{\"@id\":\"https:\/\/dicodusport.fr\/blog\/rallye-destonie-2025-a-quelle-heure-et-sur-quelle-chaine-tv\/#breadcrumb\"},\"inLanguage\":\"fr-FR\",\"potentialAction\":[{\"@type\":\"ReadAction\",\"target\":[\"https:\/\/dicodusport.fr\/blog\/rallye-destonie-2025-a-quelle-heure-et-sur-quelle-chaine-tv\/\"]}]},{\"@type\":\"ImageObject\",\"inLanguage\":\"fr-FR\",\"@id\":\"https:\/\/dicodusport.fr\/blog\/rallye-destonie-2025-a-quelle-heure-et-sur-quelle-chaine-tv\/#primaryimage\",\"url\":\"https:\/\/dicodusport.fr\/blog\/wp-content\/uploads\/2025\/07\/Rallye-dEstonie-2025-A-quelle-heure-et-sur-quelle-chaine-TV.png\",\"contentUrl\":\"https:\/\/dicodusport.fr\/blog\/wp-content\/uploads\/2025\/07\/Rallye-dEstonie-2025-A-quelle-heure-et-sur-quelle-chaine-TV.png\",\"width\":1200,\"height\":674,\"caption\":\"Rallye d'Estonie 2025 \u00c0 quelle heure et sur quelle cha\u00eene TV\"},{\"@type\":\"BreadcrumbList\",\"@id\":\"https:\/\/dicodusport.fr\/blog\/rallye-destonie-2025-a-quelle-heure-et-sur-quelle-chaine-tv\/#breadcrumb\",\"itemListElement\":[{\"@type\":\"ListItem\",\"position\":1,\"name\":\"Accueil\",\"item\":\"https:\/\/dicodusport.fr\/blog\/\"},{\"@type\":\"ListItem\",\"position\":2,\"name\":\"Rallye d&rsquo;Estonie 2025 : \u00c0 quelle heure et sur quelle cha\u00eene TV\"}]},{\"@type\":\"WebSite\",\"@id\":\"https:\/\/dicodusport.fr\/blog\/#website\",\"url\":\"https:\/\/dicodusport.fr\/blog\/\",\"name\":\"Dicodusport\",\"description\":\"L&#039;encyclop\u00e9die de l&#039;actualit\u00e9 sportive\",\"publisher\":{\"@id\":\"https:\/\/dicodusport.fr\/blog\/#organization\"},\"potentialAction\":[{\"@type\":\"SearchAction\",\"target\":{\"@type\":\"EntryPoint\",\"urlTemplate\":\"https:\/\/dicodusport.fr\/blog\/?s={search_term_string}\"},\"query-input\":{\"@type\":\"PropertyValueSpecification\",\"valueRequired\":true,\"valueName\":\"search_term_string\"}}],\"inLanguage\":\"fr-FR\"},{\"@type\":\"NewsMediaOrganization\",\"@id\":\"https:\/\/dicodusport.fr\/blog\/#organization\",\"name\":\"Dicodusport\",\"url\":\"https:\/\/dicodusport.fr\/blog\/\",\"logo\":{\"@type\":\"ImageObject\",\"inLanguage\":\"fr-FR\",\"@id\":\"https:\/\/dicodusport.fr\/blog\/#\/schema\/logo\/image\/\",\"url\":\"https:\/\/dicodusport.fr\/blog\/wp-content\/uploads\/2020\/06\/cropped-LOGO-DICODUSPORT-2020-SANS-FOND-SANS-TEXTE.png\",\"contentUrl\":\"https:\/\/dicodusport.fr\/blog\/wp-content\/uploads\/2020\/06\/cropped-LOGO-DICODUSPORT-2020-SANS-FOND-SANS-TEXTE.png\",\"width\":512,\"height\":512,\"caption\":\"Dicodusport\"},\"image\":{\"@id\":\"https:\/\/dicodusport.fr\/blog\/#\/schema\/logo\/image\/\"},\"sameAs\":[\"https:\/\/www.facebook.com\/dicodusport\",\"https:\/\/x.com\/dicodusport\",\"https:\/\/www.instagram.com\/dicodusport\/\",\"https:\/\/www.youtube.com\/channel\/UC7V2KZ5sd3htJivAbA4ZG3w\"],\"description\":\"Dicodusport est l'encyclop\u00e9die de l'actualit\u00e9 sportive.\",\"email\":\"bonjour@dicodusport.fr\",\"legalName\":\"DICODUSPORT\",\"foundingDate\":\"2018-01-14\",\"vatID\":\"FR71834470973\",\"taxID\":\"83447097300043\",\"numberOfEmployees\":{\"@type\":\"QuantitativeValue\",\"minValue\":\"1\",\"maxValue\":\"10\"}},{\"@type\":\"Person\",\"@id\":\"https:\/\/dicodusport.fr\/blog\/#\/schema\/person\/cb02af4c173ce4a653b55e9baf388d4a\",\"name\":\"Flo Ostermann\",\"image\":{\"@type\":\"ImageObject\",\"inLanguage\":\"fr-FR\",\"@id\":\"https:\/\/dicodusport.fr\/blog\/#\/schema\/person\/image\/\",\"url\":\"https:\/\/dicodusport.fr\/blog\/wp-content\/uploads\/2021\/05\/Flo-Ostermann-150x150.jpg\",\"contentUrl\":\"https:\/\/dicodusport.fr\/blog\/wp-content\/uploads\/2021\/05\/Flo-Ostermann-150x150.jpg\",\"caption\":\"Flo Ostermann\"},\"description\":\"Journaliste\/R\u00e9dacteur depuis septembre 2015 - Mes premiers souvenirs dans le sport ? Les envol\u00e9es du Stade Toulousain et les duels Villeneuve-Schumacher et H\u00e4kkinen-Schumacher \u00e0 la fin des ann\u00e9es 90, la Coupe du monde de football en 1998, l\u2019exploit du XV de France face aux All Blacks en 1999, mais aussi Richard C\u0153ur de Lion qui vole sur les montagnes du Tour de France. Bien parti pour devenir professeur d\u2019EPS, les \u00e9v\u00e9nements de la vie (et la flemme d\u2019animer des s\u00e9ances de 3x500 m\u00e8tres toute ma vie) m\u2019ont conduit \u00e0 revoir mes plans. Me voil\u00e0 depuis fin 2017 sur Dicodusport, m\u00e9dia gr\u00e2ce (et pour) lequel je partage ma passion : le sport dans tous ses \u00e9tats. Le tout accompagn\u00e9 par les fous furieux et folles furieuses cit\u00e9s sur cette page !\",\"sameAs\":[\"https:\/\/www.facebook.com\/florent.ostermann\",\"https:\/\/x.com\/https:\/\/twitter.com\/FlOstermann\",\"admin\"],\"url\":\"https:\/\/dicodusport.fr\/blog\/author\/flo\/\"}]}<\/script>\n<!-- \/ Yoast SEO Premium plugin. -->","yoast_head_json":{"title":"Rallye d'Estonie 2025 : \u00c0 quelle heure et sur quelle cha\u00eene TV","description":"D\u00e9couvrez le programme TV et les informations sur la diffusion du Rallye WRC d'Estonie, qui se dispute du jeudi 17 au dimanche 20 juillet 2025.","robots":{"index":"index","follow":"follow","max-snippet":"max-snippet:-1","max-image-preview":"max-image-preview:large","max-video-preview":"max-video-preview:-1"},"canonical":"https:\/\/dicodusport.fr\/blog\/rallye-destonie-2025-a-quelle-heure-et-sur-quelle-chaine-tv\/","og_locale":"fr_FR","og_type":"article","og_title":"Rallye d'Estonie 2025 : \u00c0 quelle heure et sur quelle cha\u00eene TV","og_description":"D\u00e9couvrez le programme TV et les informations sur la diffusion du Rallye WRC d'Estonie, qui se dispute du jeudi 17 au dimanche 20 juillet 2025.","og_url":"https:\/\/dicodusport.fr\/blog\/rallye-destonie-2025-a-quelle-heure-et-sur-quelle-chaine-tv\/","og_site_name":"Dicodusport","article_publisher":"https:\/\/www.facebook.com\/dicodusport","article_author":"https:\/\/www.facebook.com\/florent.ostermann","article_published_time":"2025-07-18T08:56:00+00:00","article_modified_time":"2025-07-18T08:56:48+00:00","og_image":[{"width":1200,"height":674,"url":"https:\/\/dicodusport.fr\/blog\/wp-content\/uploads\/2025\/07\/Rallye-dEstonie-2025-A-quelle-heure-et-sur-quelle-chaine-TV.png","type":"image\/png"}],"author":"Flo Ostermann","twitter_card":"summary_large_image","twitter_title":"Rallye d'Estonie 2025 : \u00c0 quelle heure et sur quelle cha\u00eene TV","twitter_creator":"@https:\/\/twitter.com\/FlOstermann","twitter_site":"@dicodusport","schema":{"@context":"https:\/\/schema.org","@graph":[{"@type":"NewsArticle","@id":"https:\/\/dicodusport.fr\/blog\/rallye-destonie-2025-a-quelle-heure-et-sur-quelle-chaine-tv\/#article","isPartOf":{"@id":"https:\/\/dicodusport.fr\/blog\/rallye-destonie-2025-a-quelle-heure-et-sur-quelle-chaine-tv\/"},"author":{"name":"Flo Ostermann","@id":"https:\/\/dicodusport.fr\/blog\/#\/schema\/person\/cb02af4c173ce4a653b55e9baf388d4a"},"headline":"Rallye d&rsquo;Estonie 2025 : \u00c0 quelle heure et sur quelle cha\u00eene TV","datePublished":"2025-07-18T08:56:00+00:00","dateModified":"2025-07-18T08:56:48+00:00","mainEntityOfPage":{"@id":"https:\/\/dicodusport.fr\/blog\/rallye-destonie-2025-a-quelle-heure-et-sur-quelle-chaine-tv\/"},"wordCount":645,"commentCount":0,"publisher":{"@id":"https:\/\/dicodusport.fr\/blog\/#organization"},"image":{"@id":"https:\/\/dicodusport.fr\/blog\/rallye-destonie-2025-a-quelle-heure-et-sur-quelle-chaine-tv\/#primaryimage"},"thumbnailUrl":"https:\/\/dicodusport.fr\/blog\/wp-content\/uploads\/2025\/07\/Rallye-dEstonie-2025-A-quelle-heure-et-sur-quelle-chaine-TV.png","keywords":["br\u00e8ve","Rallye WRC","WRC"],"articleSection":["Cha\u00eene TV","Rallye WRC"],"inLanguage":"fr-FR","potentialAction":[{"@type":"CommentAction","name":"Comment","target":["https:\/\/dicodusport.fr\/blog\/rallye-destonie-2025-a-quelle-heure-et-sur-quelle-chaine-tv\/#respond"]}],"copyrightYear":"2025","copyrightHolder":{"@id":"https:\/\/dicodusport.fr\/blog\/#organization"}},{"@type":"WebPage","@id":"https:\/\/dicodusport.fr\/blog\/rallye-destonie-2025-a-quelle-heure-et-sur-quelle-chaine-tv\/","url":"https:\/\/dicodusport.fr\/blog\/rallye-destonie-2025-a-quelle-heure-et-sur-quelle-chaine-tv\/","name":"Rallye d'Estonie 2025 : \u00c0 quelle heure et sur quelle cha\u00eene TV","isPartOf":{"@id":"https:\/\/dicodusport.fr\/blog\/#website"},"primaryImageOfPage":{"@id":"https:\/\/dicodusport.fr\/blog\/rallye-destonie-2025-a-quelle-heure-et-sur-quelle-chaine-tv\/#primaryimage"},"image":{"@id":"https:\/\/dicodusport.fr\/blog\/rallye-destonie-2025-a-quelle-heure-et-sur-quelle-chaine-tv\/#primaryimage"},"thumbnailUrl":"https:\/\/dicodusport.fr\/blog\/wp-content\/uploads\/2025\/07\/Rallye-dEstonie-2025-A-quelle-heure-et-sur-quelle-chaine-TV.png","datePublished":"2025-07-18T08:56:00+00:00","dateModified":"2025-07-18T08:56:48+00:00","description":"D\u00e9couvrez le programme TV et les informations sur la diffusion du Rallye WRC d'Estonie, qui se dispute du jeudi 17 au dimanche 20 juillet 2025.","breadcrumb":{"@id":"https:\/\/dicodusport.fr\/blog\/rallye-destonie-2025-a-quelle-heure-et-sur-quelle-chaine-tv\/#breadcrumb"},"inLanguage":"fr-FR","potentialAction":[{"@type":"ReadAction","target":["https:\/\/dicodusport.fr\/blog\/rallye-destonie-2025-a-quelle-heure-et-sur-quelle-chaine-tv\/"]}]},{"@type":"ImageObject","inLanguage":"fr-FR","@id":"https:\/\/dicodusport.fr\/blog\/rallye-destonie-2025-a-quelle-heure-et-sur-quelle-chaine-tv\/#primaryimage","url":"https:\/\/dicodusport.fr\/blog\/wp-content\/uploads\/2025\/07\/Rallye-dEstonie-2025-A-quelle-heure-et-sur-quelle-chaine-TV.png","contentUrl":"https:\/\/dicodusport.fr\/blog\/wp-content\/uploads\/2025\/07\/Rallye-dEstonie-2025-A-quelle-heure-et-sur-quelle-chaine-TV.png","width":1200,"height":674,"caption":"Rallye d'Estonie 2025 \u00c0 quelle heure et sur quelle cha\u00eene TV"},{"@type":"BreadcrumbList","@id":"https:\/\/dicodusport.fr\/blog\/rallye-destonie-2025-a-quelle-heure-et-sur-quelle-chaine-tv\/#breadcrumb","itemListElement":[{"@type":"ListItem","position":1,"name":"Accueil","item":"https:\/\/dicodusport.fr\/blog\/"},{"@type":"ListItem","position":2,"name":"Rallye d&rsquo;Estonie 2025 : \u00c0 quelle heure et sur quelle cha\u00eene TV"}]},{"@type":"WebSite","@id":"https:\/\/dicodusport.fr\/blog\/#website","url":"https:\/\/dicodusport.fr\/blog\/","name":"Dicodusport","description":"L&#039;encyclop\u00e9die de l&#039;actualit\u00e9 sportive","publisher":{"@id":"https:\/\/dicodusport.fr\/blog\/#organization"},"potentialAction":[{"@type":"SearchAction","target":{"@type":"EntryPoint","urlTemplate":"https:\/\/dicodusport.fr\/blog\/?s={search_term_string}"},"query-input":{"@type":"PropertyValueSpecification","valueRequired":true,"valueName":"search_term_string"}}],"inLanguage":"fr-FR"},{"@type":"NewsMediaOrganization","@id":"https:\/\/dicodusport.fr\/blog\/#organization","name":"Dicodusport","url":"https:\/\/dicodusport.fr\/blog\/","logo":{"@type":"ImageObject","inLanguage":"fr-FR","@id":"https:\/\/dicodusport.fr\/blog\/#\/schema\/logo\/image\/","url":"https:\/\/dicodusport.fr\/blog\/wp-content\/uploads\/2020\/06\/cropped-LOGO-DICODUSPORT-2020-SANS-FOND-SANS-TEXTE.png","contentUrl":"https:\/\/dicodusport.fr\/blog\/wp-content\/uploads\/2020\/06\/cropped-LOGO-DICODUSPORT-2020-SANS-FOND-SANS-TEXTE.png","width":512,"height":512,"caption":"Dicodusport"},"image":{"@id":"https:\/\/dicodusport.fr\/blog\/#\/schema\/logo\/image\/"},"sameAs":["https:\/\/www.facebook.com\/dicodusport","https:\/\/x.com\/dicodusport","https:\/\/www.instagram.com\/dicodusport\/","https:\/\/www.youtube.com\/channel\/UC7V2KZ5sd3htJivAbA4ZG3w"],"description":"Dicodusport est l'encyclop\u00e9die de l'actualit\u00e9 sportive.","email":"bonjour@dicodusport.fr","legalName":"DICODUSPORT","foundingDate":"2018-01-14","vatID":"FR71834470973","taxID":"83447097300043","numberOfEmployees":{"@type":"QuantitativeValue","minValue":"1","maxValue":"10"}},{"@type":"Person","@id":"https:\/\/dicodusport.fr\/blog\/#\/schema\/person\/cb02af4c173ce4a653b55e9baf388d4a","name":"Flo Ostermann","image":{"@type":"ImageObject","inLanguage":"fr-FR","@id":"https:\/\/dicodusport.fr\/blog\/#\/schema\/person\/image\/","url":"https:\/\/dicodusport.fr\/blog\/wp-content\/uploads\/2021\/05\/Flo-Ostermann-150x150.jpg","contentUrl":"https:\/\/dicodusport.fr\/blog\/wp-content\/uploads\/2021\/05\/Flo-Ostermann-150x150.jpg","caption":"Flo Ostermann"},"description":"Journaliste\/R\u00e9dacteur depuis septembre 2015 - Mes premiers souvenirs dans le sport ? Les envol\u00e9es du Stade Toulousain et les duels Villeneuve-Schumacher et H\u00e4kkinen-Schumacher \u00e0 la fin des ann\u00e9es 90, la Coupe du monde de football en 1998, l\u2019exploit du XV de France face aux All Blacks en 1999, mais aussi Richard C\u0153ur de Lion qui vole sur les montagnes du Tour de France. Bien parti pour devenir professeur d\u2019EPS, les \u00e9v\u00e9nements de la vie (et la flemme d\u2019animer des s\u00e9ances de 3x500 m\u00e8tres toute ma vie) m\u2019ont conduit \u00e0 revoir mes plans. Me voil\u00e0 depuis fin 2017 sur Dicodusport, m\u00e9dia gr\u00e2ce (et pour) lequel je partage ma passion : le sport dans tous ses \u00e9tats. Le tout accompagn\u00e9 par les fous furieux et folles furieuses cit\u00e9s sur cette page !","sameAs":["https:\/\/www.facebook.com\/florent.ostermann","https:\/\/x.com\/https:\/\/twitter.com\/FlOstermann","admin"],"url":"https:\/\/dicodusport.fr\/blog\/author\/flo\/"}]}},"_links":{"self":[{"href":"https:\/\/dicodusport.fr\/blog\/wp-json\/wp\/v2\/posts\/595698","targetHints":{"allow":["GET"]}}],"collection":[{"href":"https:\/\/dicodusport.fr\/blog\/wp-json\/wp\/v2\/posts"}],"about":[{"href":"https:\/\/dicodusport.fr\/blog\/wp-json\/wp\/v2\/types\/post"}],"author":[{"embeddable":true,"href":"https:\/\/dicodusport.fr\/blog\/wp-json\/wp\/v2\/users\/4"}],"replies":[{"embeddable":true,"href":"https:\/\/dicodusport.fr\/blog\/wp-json\/wp\/v2\/comments?post=595698"}],"version-history":[{"count":5,"href":"https:\/\/dicodusport.fr\/blog\/wp-json\/wp\/v2\/posts\/595698\/revisions"}],"predecessor-version":[{"id":596107,"href":"https:\/\/dicodusport.fr\/blog\/wp-json\/wp\/v2\/posts\/595698\/revisions\/596107"}],"wp:featuredmedia":[{"embeddable":true,"href":"https:\/\/dicodusport.fr\/blog\/wp-json\/wp\/v2\/media\/595738"}],"wp:attachment":[{"href":"https:\/\/dicodusport.fr\/blog\/wp-json\/wp\/v2\/media?parent=595698"}],"wp:term":[{"taxonomy":"category","embeddable":true,"href":"https:\/\/dicodusport.fr\/blog\/wp-json\/wp\/v2\/categories?post=595698"},{"taxonomy":"post_tag","embeddable":true,"href":"https:\/\/dicodusport.fr\/blog\/wp-json\/wp\/v2\/tags?post=595698"}],"curies":[{"name":"wp","href":"https:\/\/api.w.org\/{rel}","templated":true}]}}