{"id":596080,"date":"2025-07-18T09:45:46","date_gmt":"2025-07-18T07:45:46","guid":{"rendered":"https:\/\/dicodusport.fr\/blog\/?p=596080&#038;preview=true&#038;preview_id=596080"},"modified":"2026-01-30T15:07:37","modified_gmt":"2026-01-30T14:07:37","slug":"transferts-2-clubs-de-ligue-1-veulent-signer-przemyslaw-frankowski","status":"publish","type":"post","link":"https:\/\/dicodusport.fr\/blog\/transferts-2-clubs-de-ligue-1-veulent-signer-przemyslaw-frankowski\/","title":{"rendered":"Transferts : 2 clubs de Ligue 1 veulent signer Przemys\u0142aw Frankowski"},"content":{"rendered":"<p style=\"text-align: justify;\"><b><i>TRANSFERTS LIGUE 1 &#8211; Scrut\u00e9 de pr\u00e8s par plusieurs clubs de Ligue 1, il se pourrait que l&rsquo;aventure turque de Przemys\u0142aw Frankowski sous les couleurs du Galatasaray se termine plus t\u00f4t que pr\u00e9vu.\u00a0<\/i><\/b><\/p>\n<p style=\"text-align: justify;\">Arriv\u00e9 en <strong>Turquie<\/strong> l&rsquo;hiver dernier en provenance de <strong>Lens<\/strong>, <strong>Przemys\u0142aw Frankowski<\/strong> semble d\u00e9j\u00e0 \u00eatre pouss\u00e9 par la sortie par le champion de Turquie en titre, le <strong>Galatasaray<\/strong>. Arriv\u00e9 de <strong>Lens<\/strong> lors du mercato hivernal, le lat\u00e9ral droit polonais pourrait bien faire volte face et envisager un retour en <strong>France<\/strong>, voire un retour sous les couleurs sang et or du <strong>RC Lens<\/strong>.<\/p>\n<ul>\n<li><strong>\u00c0 lire aussi &#8211; <a href=\"https:\/\/dicodusport.fr\/blog\/transferts-neil-el-aynaoui-proche-de-quitter-le-rc-lens\/\">Transferts : Neil El Aynaoui proche de quitter le RC Lens<\/a><\/strong><\/li>\n<\/ul>\n<h2 style=\"text-align: justify;\">Lens veut retrouver de la stabilit\u00e9<\/h2>\n<p style=\"text-align: justify;\">Form\u00e9 au <strong>Lechia Gdansk<\/strong> avec qui il d\u00e9couvre les joies du monde professionnel, <strong>Przemys\u0142aw Frankowski<\/strong> d\u00e9cide de quitter la <strong>Pologne<\/strong> en 2019 apr\u00e8s une belle page \u00e9crite sous les couleurs du <strong>Jagiellonia Bia\u0142ystok<\/strong>. Exil\u00e9 aux <strong>\u00c9tats-Unis<\/strong>, bien que d\u00e9j\u00e0 lorgn\u00e9 par des clubs russes et turcs, le puissant lat\u00e9ral droit choisit <strong>l&rsquo;Am\u00e9rique<\/strong> comme point de chute et signe au <strong>Chicago Fire<\/strong>. 3 ann\u00e9es de soccer en <strong>MLS<\/strong> plus tard, c&rsquo;est <strong>Lens<\/strong> qui jette son d\u00e9volu sur le polonais et qui en fait une de ses pi\u00e8ces maitresses d\u00e9fensives d\u00e8s son arriv\u00e9e en 2021.<\/p>\n<p style=\"text-align: justify;\">Apr\u00e8s 4 saisons sous les couleurs du club du nord, <strong>Przemys\u0142aw Frankowski<\/strong> s&rsquo;essouffle un peu. Pourtant, d\u00e8s son arriv\u00e9e, le Polonais, fort d&rsquo;une grosse exp\u00e9rience de jeu et d&rsquo;un football all\u00e9chant, avait directement fait sa place en tant que titulaire, cl\u00e9 de voute d&rsquo;une d\u00e9fense lensoise solide. Joueur puissant et rapide, dot\u00e9 d&rsquo;une tr\u00e8s bonne patte droite et d&rsquo;une tr\u00e8s bonne qualit\u00e9 de centre, il \u00e9tait \u00e9galement un apport offensif int\u00e9ressant pour ses coachs.<\/p>\n<div class=\"vlp-link-container vlp-layout-article\"><a href=\"https:\/\/dicodusport.fr\/blog\/transferts-om-facundo-medina-signe-a-marseille\/\" class=\"vlp-link\" title=\"Transferts OM : Facundo Medina signe \u00e0 Marseille\"><\/a><div class=\"vlp-layout-zone-side\"><div class=\"vlp-block-4 vlp-link-image\"><img loading=\"lazy\" decoding=\"async\" style=\"max-width: 792px;\" width=\"792\" height=\"445\" src=\"https:\/\/dicodusport.fr\/blog\/wp-content\/uploads\/2025\/06\/Transferts-OM-Facundo-Medina-signe-a-Marseille.png\" class=\"attachment-800x445 size-800x445\" alt=\"\" srcset=\"https:\/\/dicodusport.fr\/blog\/wp-content\/uploads\/2025\/06\/Transferts-OM-Facundo-Medina-signe-a-Marseille.png 1200w, https:\/\/dicodusport.fr\/blog\/wp-content\/uploads\/2025\/06\/Transferts-OM-Facundo-Medina-signe-a-Marseille-300x169.png 300w, https:\/\/dicodusport.fr\/blog\/wp-content\/uploads\/2025\/06\/Transferts-OM-Facundo-Medina-signe-a-Marseille-1024x575.png 1024w, https:\/\/dicodusport.fr\/blog\/wp-content\/uploads\/2025\/06\/Transferts-OM-Facundo-Medina-signe-a-Marseille-768x431.png 768w\" sizes=\"auto, (max-width: 792px) 100vw, 792px\" \/><\/div><\/div><div class=\"vlp-layout-zone-main\"><div class=\"vlp-block-0 vlp-link-title\">Transferts OM : Facundo Medina signe \u00e0 Marseille<\/div><div class=\"vlp-block-1 vlp-link-summary\">TRANSFERTS - Selon L'\u00c9quipe, l'Olympique de Marseille et Lens ont trouv\u00e9 un accord pour le transfert de Facundo Medina.\u00a0<\/div><div class=\"vlp-block-2 vlp-link-button\">Lire l'article<\/div><div class=\"vlp-block-3 vlp-link-url\">dicodusport.fr<\/div><\/div><\/div>\n<p style=\"text-align: justify;\">Cette saison, <strong>Lens<\/strong> patine. <strong>Facundo Medina<\/strong> vient de quitter le navire lensois, au profit du concurrent marseillais. Malgr\u00e9 les r\u00e9centes arriv\u00e9es de l&rsquo;exp\u00e9riment\u00e9 <strong>Matthieu Udol<\/strong> en provenance du <strong>FC Metz<\/strong> et du tr\u00e8s prometteur <strong>Samson Baidoo<\/strong> qui arrive de <strong>Salzbourg<\/strong>, faire revenir l&rsquo;ancien lat\u00e9ral polonais dans le nord de la France pourrait apporter beaucoup de stabilit\u00e9 \u00e0 l&rsquo;\u00e9quipe de <strong>Pierre Sage.<\/strong><\/p>\n<h2 style=\"text-align: justify;\">Rennes entre en lice<\/h2>\n<p style=\"text-align: justify;\">Dans la bagarre pour le retour du Polonais en <strong>France<\/strong>, <strong>Rennes<\/strong> a son mot \u00e0 dire et compte bien s&rsquo;installer \u00e0 la table des n\u00e9gociations pour s&rsquo;attirer les services du joueur. En qu\u00eate d&rsquo;un piston droit et d&rsquo;un piston gauche, l&rsquo;option <strong>Przemys\u0142aw Frankowski<\/strong> semble \u00eatre un compromis parfait pour les Rennais qui cherchent, eux aussi, \u00e0 apporter de la stabilit\u00e9 dans leur d\u00e9fense.<\/p>\n<ul>\n<li><strong>\u00c0 lire aussi \u2013\u00a0<a href=\"https:\/\/dicodusport.fr\/blog\/transferts-psg-barcola-dembele-doue-que-va-decider-paris\/\">Transferts PSG : Barcola, Demb\u00e9l\u00e9, Dou\u00e9, que va d\u00e9cider Paris ?<\/a><\/strong><\/li>\n<\/ul>\n<p style=\"text-align: justify;\">Malgr\u00e9 un pied droit tr\u00e8s fort, <strong>Przemys\u0142aw Frankowski<\/strong> est largement capable d&rsquo;\u00e9voluer sur les 2 c\u00f4t\u00e9s de la d\u00e9fense. Sa polyvalence l&rsquo;a m\u00eame d\u00e9montr\u00e9, car jamais l&rsquo;ancien joueur du <strong>Legia Gdansk<\/strong>, sa ville natale, n&rsquo;a rechign\u00e9 \u00e0 l&rsquo;id\u00e9e d&rsquo;\u00e9voluer \u00e0 gauche.<\/p>\n<blockquote class=\"twitter-tweet\">\n<p dir=\"ltr\" lang=\"fr\">\ud83d\udea8 \ud835\udde3\ud835\udde5\ud835\udded\ud835\uddd8\ud835\udde0\ud835\uddec\ud835\udde6\ud835\udddf\ud835\uddd4\ud835\uddea \ud835\uddd9\ud835\udde5\ud835\uddd4\ud835\udde1\ud835\uddde\ud835\udde2\ud835\uddea\ud835\udde6\ud835\uddde\ud835\udddc \ud83c\uddf5\ud83c\uddf1 \ud835\uddd4 \ud835\uddda\ud835\uddd4\ud835\udddf\ud835\uddd4\ud835\udde7\ud835\uddd4\ud835\udde6\ud835\uddd4\ud835\udde5\ud835\uddd4\ud835\uddec, \ud835\uddd6\u2019\ud835\uddd8\ud835\udde6\ud835\udde7 \ud835\uddd9\ud835\udddc\ud835\udde1\ud835\udddc ! \ud83d\ude31\ud83d\udc4b<\/p>\n<p>L\u2019international polonais n\u00e9gocie actuellement \u00e0 Istanbul les termes de sa s\u00e9paration avec le club turc \u274c\ud83c\uddf9\ud83c\uddf7<\/p>\n<p>\ud835\udddf\ud835\uddf2 \ud835\udde5\ud835\uddd6 \ud835\udddf\ud835\uddf2\ud835\uddfb\ud835\ude00 \ud835\uddf2\ud835\ude01 \ud835\uddf9\ud835\uddf2 \ud835\udde6\ud835\ude01\ud835\uddee\ud835\uddf1\ud835\uddf2 \ud835\udde5\ud835\uddf2\ud835\uddfb\ud835\uddfb\ud835\uddee\ud835\uddf6\ud835\ude00\u2026 <a href=\"https:\/\/t.co\/xRERMj4fjR\">pic.twitter.com\/xRERMj4fjR<\/a><\/p>\n<p>\u2014 La beaut\u00e9 du public lensois (@lbpubliclensois) <a href=\"https:\/\/twitter.com\/lbpubliclensois\/status\/1945885075234800059?ref_src=twsrc%5Etfw\">July 17, 2025<\/a><\/p><\/blockquote>\n<p style=\"text-align: justify;\"><script async src=\"https:\/\/platform.twitter.com\/widgets.js\" charset=\"utf-8\"><\/script><\/p>\n<p style=\"text-align: justify;\">Toutefois, si le <strong>Galatasaray<\/strong> ne compte plus sur <strong>Przemys\u0142aw Frankowski<\/strong>, en tout cas pour la saison \u00e0 venir, c&rsquo;est sous la forme d&rsquo;un pr\u00eat que le champion russe esp\u00e8re permettre au lat\u00e9ral polonais de trouver du temps de jeu ailleurs. Pas encore pr\u00eat \u00e0 vendre le joueur, le club turc a accept\u00e9 de traiter les offres de pr\u00eats avec et sans option d&rsquo;achat. Alors, reviendra ou reviendra pas ? Affaire \u00e0 suivre&#8230;<\/p>\n<h3 style=\"text-align: justify;\">\u00c0 lire aussi<\/h3>\n<div class=\"vlp-link-container vlp-layout-article\"><a href=\"https:\/\/dicodusport.fr\/blog\/mercato-lens-2025-2026-le-tableau-complet-des-transferts-arrivees-et-departs\/\" class=\"vlp-link\" title=\"Mercato Lens 2025-2026 : Le tableau complet des transferts, arriv\u00e9es et d\u00e9parts\"><\/a><div class=\"vlp-layout-zone-side\"><div class=\"vlp-block-4 vlp-link-image\"><img loading=\"lazy\" decoding=\"async\" style=\"max-width: 792px;\" width=\"792\" height=\"445\" src=\"https:\/\/dicodusport.fr\/blog\/wp-content\/uploads\/2025\/05\/Mercato-Lens-2025-2026-Le-tableau-complet-des-transferts-arrivees-et-departs.png\" class=\"attachment-800x445 size-800x445\" alt=\"Mercato Lens 2025-2026 Le tableau complet des transferts, arriv\u00e9es et d\u00e9parts\" srcset=\"https:\/\/dicodusport.fr\/blog\/wp-content\/uploads\/2025\/05\/Mercato-Lens-2025-2026-Le-tableau-complet-des-transferts-arrivees-et-departs.png 1200w, https:\/\/dicodusport.fr\/blog\/wp-content\/uploads\/2025\/05\/Mercato-Lens-2025-2026-Le-tableau-complet-des-transferts-arrivees-et-departs-300x169.png 300w, https:\/\/dicodusport.fr\/blog\/wp-content\/uploads\/2025\/05\/Mercato-Lens-2025-2026-Le-tableau-complet-des-transferts-arrivees-et-departs-1024x575.png 1024w, https:\/\/dicodusport.fr\/blog\/wp-content\/uploads\/2025\/05\/Mercato-Lens-2025-2026-Le-tableau-complet-des-transferts-arrivees-et-departs-768x431.png 768w\" sizes=\"auto, (max-width: 792px) 100vw, 792px\" \/><\/div><\/div><div class=\"vlp-layout-zone-main\"><div class=\"vlp-block-0 vlp-link-title\">Mercato Lens 2025-2026 : Le tableau complet des transferts, arriv\u00e9es et d\u00e9parts<\/div><div class=\"vlp-block-1 vlp-link-summary\">TRANSFERTS LENS - Retrouvez tous les mouvements du Racing Club de Lens pour l'intersaison 2025 en Ligue 1. Arriv\u00e9es, d\u00e9part, pr\u00eats, transferts d\u00e9finitifs, ne ratez rien du mercato estival.\u00a0<\/div><div class=\"vlp-block-2 vlp-link-button\">Lire l'article<\/div><div class=\"vlp-block-3 vlp-link-url\">dicodusport.fr<\/div><\/div><\/div>\n","protected":false},"excerpt":{"rendered":"<p>TRANSFERTS LIGUE 1 &#8211; Scrut\u00e9 de pr\u00e8s par plusieurs clubs de Ligue 1, il se pourrait que l&rsquo;aventure turque de Przemys\u0142aw Frankowski sous les couleurs du Galatasaray se termine plus t\u00f4t que pr\u00e9vu.\u00a0<\/p>\n","protected":false},"author":119,"featured_media":596092,"comment_status":"open","ping_status":"closed","sticky":false,"template":"","format":"standard","meta":{"_acf_changed":false,"_daextam_enable_autolinks":"1","footnotes":""},"categories":[47045],"tags":[16878,75,6729,14093,3709,47189],"class_list":["post-596080","post","type-post","status-publish","format-standard","has-post-thumbnail","hentry","category-ligue-1","tag-breve","tag-football","tag-galatasaray","tag-mercato-football","tag-rc-lens","tag-transferts-football"],"acf":[],"yoast_head":"<!-- This site is optimized with the Yoast SEO Premium plugin v26.7 (Yoast SEO v26.7) - https:\/\/yoast.com\/wordpress\/plugins\/seo\/ -->\n<title>Transferts : 2 clubs de Ligue 1 veulent signer Przemys\u0142aw Frankowski<\/title>\n<meta name=\"description\" content=\"TRANSFERTS LIGUE 1 - il se pourrait que l&#039;aventure de Przemys\u0142aw Frankowski sous les couleurs du Galatasaray se termine plus t\u00f4t que pr\u00e9vu.\u00a0\" \/>\n<meta name=\"robots\" content=\"index, follow, max-snippet:-1, max-image-preview:large, max-video-preview:-1\" \/>\n<link rel=\"canonical\" href=\"https:\/\/dicodusport.fr\/blog\/transferts-2-clubs-de-ligue-1-veulent-signer-przemyslaw-frankowski\/\" \/>\n<meta property=\"og:locale\" content=\"fr_FR\" \/>\n<meta property=\"og:type\" content=\"article\" \/>\n<meta property=\"og:title\" content=\"Transferts : 2 clubs de Ligue 1 veulent signer Przemys\u0142aw Frankowski\" \/>\n<meta property=\"og:description\" content=\"TRANSFERTS LIGUE 1 - il se pourrait que l&#039;aventure de Przemys\u0142aw Frankowski sous les couleurs du Galatasaray se termine plus t\u00f4t que pr\u00e9vu.\u00a0\" \/>\n<meta property=\"og:url\" content=\"https:\/\/dicodusport.fr\/blog\/transferts-2-clubs-de-ligue-1-veulent-signer-przemyslaw-frankowski\/\" \/>\n<meta property=\"og:site_name\" content=\"Dicodusport\" \/>\n<meta property=\"article:publisher\" content=\"https:\/\/www.facebook.com\/dicodusport\" \/>\n<meta property=\"article:published_time\" content=\"2025-07-18T07:45:46+00:00\" \/>\n<meta property=\"article:modified_time\" content=\"2026-01-30T14:07:37+00:00\" \/>\n<meta property=\"og:image\" content=\"https:\/\/dicodusport.fr\/blog\/wp-content\/uploads\/2025\/07\/Transferts-2-clubs-de-Ligue-1-veulent-signer-Przemyslaw-Frankowski.png\" \/>\n\t<meta property=\"og:image:width\" content=\"1200\" \/>\n\t<meta property=\"og:image:height\" content=\"674\" \/>\n\t<meta property=\"og:image:type\" content=\"image\/png\" \/>\n<meta name=\"author\" content=\"Aur\u00e9lien Torreilles\" \/>\n<meta name=\"twitter:card\" content=\"summary_large_image\" \/>\n<meta name=\"twitter:title\" content=\"Transferts : 2 clubs de Ligue 1 veulent signer Przemys\u0142aw Frankowski\" \/>\n<meta name=\"twitter:creator\" content=\"@dicodusport\" \/>\n<meta name=\"twitter:site\" content=\"@dicodusport\" \/>\n<script type=\"application\/ld+json\" class=\"yoast-schema-graph\">{\"@context\":\"https:\/\/schema.org\",\"@graph\":[{\"@type\":\"NewsArticle\",\"@id\":\"https:\/\/dicodusport.fr\/blog\/transferts-2-clubs-de-ligue-1-veulent-signer-przemyslaw-frankowski\/#article\",\"isPartOf\":{\"@id\":\"https:\/\/dicodusport.fr\/blog\/transferts-2-clubs-de-ligue-1-veulent-signer-przemyslaw-frankowski\/\"},\"author\":{\"name\":\"Aur\u00e9lien Torreilles\",\"@id\":\"https:\/\/dicodusport.fr\/blog\/#\/schema\/person\/d42c64fd3f03197157c71106ec84f28a\"},\"headline\":\"Transferts : 2 clubs de Ligue 1 veulent signer Przemys\u0142aw Frankowski\",\"datePublished\":\"2025-07-18T07:45:46+00:00\",\"dateModified\":\"2026-01-30T14:07:37+00:00\",\"mainEntityOfPage\":{\"@id\":\"https:\/\/dicodusport.fr\/blog\/transferts-2-clubs-de-ligue-1-veulent-signer-przemyslaw-frankowski\/\"},\"wordCount\":792,\"commentCount\":0,\"publisher\":{\"@id\":\"https:\/\/dicodusport.fr\/blog\/#organization\"},\"image\":{\"@id\":\"https:\/\/dicodusport.fr\/blog\/transferts-2-clubs-de-ligue-1-veulent-signer-przemyslaw-frankowski\/#primaryimage\"},\"thumbnailUrl\":\"https:\/\/dicodusport.fr\/blog\/wp-content\/uploads\/2025\/07\/Transferts-2-clubs-de-Ligue-1-veulent-signer-Przemyslaw-Frankowski.png\",\"keywords\":[\"br\u00e8ve\",\"Football\",\"Galatasaray\",\"Mercato football\",\"RC Lens\",\"Transferts football\"],\"articleSection\":[\"Ligue 1\"],\"inLanguage\":\"fr-FR\",\"potentialAction\":[{\"@type\":\"CommentAction\",\"name\":\"Comment\",\"target\":[\"https:\/\/dicodusport.fr\/blog\/transferts-2-clubs-de-ligue-1-veulent-signer-przemyslaw-frankowski\/#respond\"]}],\"copyrightYear\":\"2025\",\"copyrightHolder\":{\"@id\":\"https:\/\/dicodusport.fr\/blog\/#organization\"}},{\"@type\":\"WebPage\",\"@id\":\"https:\/\/dicodusport.fr\/blog\/transferts-2-clubs-de-ligue-1-veulent-signer-przemyslaw-frankowski\/\",\"url\":\"https:\/\/dicodusport.fr\/blog\/transferts-2-clubs-de-ligue-1-veulent-signer-przemyslaw-frankowski\/\",\"name\":\"Transferts : 2 clubs de Ligue 1 veulent signer Przemys\u0142aw Frankowski\",\"isPartOf\":{\"@id\":\"https:\/\/dicodusport.fr\/blog\/#website\"},\"primaryImageOfPage\":{\"@id\":\"https:\/\/dicodusport.fr\/blog\/transferts-2-clubs-de-ligue-1-veulent-signer-przemyslaw-frankowski\/#primaryimage\"},\"image\":{\"@id\":\"https:\/\/dicodusport.fr\/blog\/transferts-2-clubs-de-ligue-1-veulent-signer-przemyslaw-frankowski\/#primaryimage\"},\"thumbnailUrl\":\"https:\/\/dicodusport.fr\/blog\/wp-content\/uploads\/2025\/07\/Transferts-2-clubs-de-Ligue-1-veulent-signer-Przemyslaw-Frankowski.png\",\"datePublished\":\"2025-07-18T07:45:46+00:00\",\"dateModified\":\"2026-01-30T14:07:37+00:00\",\"description\":\"TRANSFERTS LIGUE 1 - il se pourrait que l'aventure de Przemys\u0142aw Frankowski sous les couleurs du Galatasaray se termine plus t\u00f4t que pr\u00e9vu.\u00a0\",\"breadcrumb\":{\"@id\":\"https:\/\/dicodusport.fr\/blog\/transferts-2-clubs-de-ligue-1-veulent-signer-przemyslaw-frankowski\/#breadcrumb\"},\"inLanguage\":\"fr-FR\",\"potentialAction\":[{\"@type\":\"ReadAction\",\"target\":[\"https:\/\/dicodusport.fr\/blog\/transferts-2-clubs-de-ligue-1-veulent-signer-przemyslaw-frankowski\/\"]}]},{\"@type\":\"ImageObject\",\"inLanguage\":\"fr-FR\",\"@id\":\"https:\/\/dicodusport.fr\/blog\/transferts-2-clubs-de-ligue-1-veulent-signer-przemyslaw-frankowski\/#primaryimage\",\"url\":\"https:\/\/dicodusport.fr\/blog\/wp-content\/uploads\/2025\/07\/Transferts-2-clubs-de-Ligue-1-veulent-signer-Przemyslaw-Frankowski.png\",\"contentUrl\":\"https:\/\/dicodusport.fr\/blog\/wp-content\/uploads\/2025\/07\/Transferts-2-clubs-de-Ligue-1-veulent-signer-Przemyslaw-Frankowski.png\",\"width\":1200,\"height\":674,\"caption\":\"Transferts 2 clubs de Ligue 1 veulent signer Przemyslaw Frankowski\"},{\"@type\":\"BreadcrumbList\",\"@id\":\"https:\/\/dicodusport.fr\/blog\/transferts-2-clubs-de-ligue-1-veulent-signer-przemyslaw-frankowski\/#breadcrumb\",\"itemListElement\":[{\"@type\":\"ListItem\",\"position\":1,\"name\":\"Accueil\",\"item\":\"https:\/\/dicodusport.fr\/blog\/\"},{\"@type\":\"ListItem\",\"position\":2,\"name\":\"Transferts : 2 clubs de Ligue 1 veulent signer Przemys\u0142aw Frankowski\"}]},{\"@type\":\"WebSite\",\"@id\":\"https:\/\/dicodusport.fr\/blog\/#website\",\"url\":\"https:\/\/dicodusport.fr\/blog\/\",\"name\":\"Dicodusport\",\"description\":\"L&#039;encyclop\u00e9die de l&#039;actualit\u00e9 sportive\",\"publisher\":{\"@id\":\"https:\/\/dicodusport.fr\/blog\/#organization\"},\"potentialAction\":[{\"@type\":\"SearchAction\",\"target\":{\"@type\":\"EntryPoint\",\"urlTemplate\":\"https:\/\/dicodusport.fr\/blog\/?s={search_term_string}\"},\"query-input\":{\"@type\":\"PropertyValueSpecification\",\"valueRequired\":true,\"valueName\":\"search_term_string\"}}],\"inLanguage\":\"fr-FR\"},{\"@type\":\"NewsMediaOrganization\",\"@id\":\"https:\/\/dicodusport.fr\/blog\/#organization\",\"name\":\"Dicodusport\",\"url\":\"https:\/\/dicodusport.fr\/blog\/\",\"logo\":{\"@type\":\"ImageObject\",\"inLanguage\":\"fr-FR\",\"@id\":\"https:\/\/dicodusport.fr\/blog\/#\/schema\/logo\/image\/\",\"url\":\"https:\/\/dicodusport.fr\/blog\/wp-content\/uploads\/2020\/06\/cropped-LOGO-DICODUSPORT-2020-SANS-FOND-SANS-TEXTE.png\",\"contentUrl\":\"https:\/\/dicodusport.fr\/blog\/wp-content\/uploads\/2020\/06\/cropped-LOGO-DICODUSPORT-2020-SANS-FOND-SANS-TEXTE.png\",\"width\":512,\"height\":512,\"caption\":\"Dicodusport\"},\"image\":{\"@id\":\"https:\/\/dicodusport.fr\/blog\/#\/schema\/logo\/image\/\"},\"sameAs\":[\"https:\/\/www.facebook.com\/dicodusport\",\"https:\/\/x.com\/dicodusport\",\"https:\/\/www.instagram.com\/dicodusport\/\",\"https:\/\/www.youtube.com\/channel\/UC7V2KZ5sd3htJivAbA4ZG3w\"],\"description\":\"Dicodusport est l'encyclop\u00e9die de l'actualit\u00e9 sportive.\",\"email\":\"bonjour@dicodusport.fr\",\"legalName\":\"DICODUSPORT\",\"foundingDate\":\"2018-01-14\",\"vatID\":\"FR71834470973\",\"taxID\":\"83447097300043\",\"numberOfEmployees\":{\"@type\":\"QuantitativeValue\",\"minValue\":\"1\",\"maxValue\":\"10\"}},{\"@type\":\"Person\",\"@id\":\"https:\/\/dicodusport.fr\/blog\/#\/schema\/person\/d42c64fd3f03197157c71106ec84f28a\",\"name\":\"Aur\u00e9lien Torreilles\",\"image\":{\"@type\":\"ImageObject\",\"inLanguage\":\"fr-FR\",\"@id\":\"https:\/\/dicodusport.fr\/blog\/#\/schema\/person\/image\/\",\"url\":\"https:\/\/dicodusport.fr\/blog\/wp-content\/uploads\/2025\/06\/Aurelien-Torreilles-150x150.jpg\",\"contentUrl\":\"https:\/\/dicodusport.fr\/blog\/wp-content\/uploads\/2025\/06\/Aurelien-Torreilles-150x150.jpg\",\"caption\":\"Aur\u00e9lien Torreilles\"},\"description\":\"Encore apprenti journaliste, je d\u00e9couvre d\u00e8s mon plus jeune \u00e2ge les joies, les \u00e9motions et les frissons du monde du sport. Tr\u00e8s vite, j'en suis convaincu, je parlerai de sport toute ma vie, et promis pas que de rugby. Apr\u00e8s 3 ann\u00e9es de droit franco-espagnol, j'ai vite bifurqu\u00e9 vers l'\u00e9cole de journalisme de Toulouse pour en apprendre encore plus quant \u00e0 ce monde qui me passionne et parfaire mes tr\u00e8s jeunes et modestes connaissances. Je rejoins Dicodusport en juin 2025 apr\u00e8s 3 ann\u00e9es pass\u00e9es sur Treize Mondial. Faire vivre l'actualit\u00e9, transmettre l'information et transmettre des \u00e9motions sont mes seuls objectifs. Bien \u00e9videmment, tout \u00e7a dans la bonne humeur transpirante de l'\u00e9quipe de Dicodusport !\",\"url\":\"https:\/\/dicodusport.fr\/blog\/author\/aurelien\/\"}]}<\/script>\n<!-- \/ Yoast SEO Premium plugin. -->","yoast_head_json":{"title":"Transferts : 2 clubs de Ligue 1 veulent signer Przemys\u0142aw Frankowski","description":"TRANSFERTS LIGUE 1 - il se pourrait que l'aventure de Przemys\u0142aw Frankowski sous les couleurs du Galatasaray se termine plus t\u00f4t que pr\u00e9vu.\u00a0","robots":{"index":"index","follow":"follow","max-snippet":"max-snippet:-1","max-image-preview":"max-image-preview:large","max-video-preview":"max-video-preview:-1"},"canonical":"https:\/\/dicodusport.fr\/blog\/transferts-2-clubs-de-ligue-1-veulent-signer-przemyslaw-frankowski\/","og_locale":"fr_FR","og_type":"article","og_title":"Transferts : 2 clubs de Ligue 1 veulent signer Przemys\u0142aw Frankowski","og_description":"TRANSFERTS LIGUE 1 - il se pourrait que l'aventure de Przemys\u0142aw Frankowski sous les couleurs du Galatasaray se termine plus t\u00f4t que pr\u00e9vu.\u00a0","og_url":"https:\/\/dicodusport.fr\/blog\/transferts-2-clubs-de-ligue-1-veulent-signer-przemyslaw-frankowski\/","og_site_name":"Dicodusport","article_publisher":"https:\/\/www.facebook.com\/dicodusport","article_published_time":"2025-07-18T07:45:46+00:00","article_modified_time":"2026-01-30T14:07:37+00:00","og_image":[{"width":1200,"height":674,"url":"https:\/\/dicodusport.fr\/blog\/wp-content\/uploads\/2025\/07\/Transferts-2-clubs-de-Ligue-1-veulent-signer-Przemyslaw-Frankowski.png","type":"image\/png"}],"author":"Aur\u00e9lien Torreilles","twitter_card":"summary_large_image","twitter_title":"Transferts : 2 clubs de Ligue 1 veulent signer Przemys\u0142aw Frankowski","twitter_creator":"@dicodusport","twitter_site":"@dicodusport","schema":{"@context":"https:\/\/schema.org","@graph":[{"@type":"NewsArticle","@id":"https:\/\/dicodusport.fr\/blog\/transferts-2-clubs-de-ligue-1-veulent-signer-przemyslaw-frankowski\/#article","isPartOf":{"@id":"https:\/\/dicodusport.fr\/blog\/transferts-2-clubs-de-ligue-1-veulent-signer-przemyslaw-frankowski\/"},"author":{"name":"Aur\u00e9lien Torreilles","@id":"https:\/\/dicodusport.fr\/blog\/#\/schema\/person\/d42c64fd3f03197157c71106ec84f28a"},"headline":"Transferts : 2 clubs de Ligue 1 veulent signer Przemys\u0142aw Frankowski","datePublished":"2025-07-18T07:45:46+00:00","dateModified":"2026-01-30T14:07:37+00:00","mainEntityOfPage":{"@id":"https:\/\/dicodusport.fr\/blog\/transferts-2-clubs-de-ligue-1-veulent-signer-przemyslaw-frankowski\/"},"wordCount":792,"commentCount":0,"publisher":{"@id":"https:\/\/dicodusport.fr\/blog\/#organization"},"image":{"@id":"https:\/\/dicodusport.fr\/blog\/transferts-2-clubs-de-ligue-1-veulent-signer-przemyslaw-frankowski\/#primaryimage"},"thumbnailUrl":"https:\/\/dicodusport.fr\/blog\/wp-content\/uploads\/2025\/07\/Transferts-2-clubs-de-Ligue-1-veulent-signer-Przemyslaw-Frankowski.png","keywords":["br\u00e8ve","Football","Galatasaray","Mercato football","RC Lens","Transferts football"],"articleSection":["Ligue 1"],"inLanguage":"fr-FR","potentialAction":[{"@type":"CommentAction","name":"Comment","target":["https:\/\/dicodusport.fr\/blog\/transferts-2-clubs-de-ligue-1-veulent-signer-przemyslaw-frankowski\/#respond"]}],"copyrightYear":"2025","copyrightHolder":{"@id":"https:\/\/dicodusport.fr\/blog\/#organization"}},{"@type":"WebPage","@id":"https:\/\/dicodusport.fr\/blog\/transferts-2-clubs-de-ligue-1-veulent-signer-przemyslaw-frankowski\/","url":"https:\/\/dicodusport.fr\/blog\/transferts-2-clubs-de-ligue-1-veulent-signer-przemyslaw-frankowski\/","name":"Transferts : 2 clubs de Ligue 1 veulent signer Przemys\u0142aw Frankowski","isPartOf":{"@id":"https:\/\/dicodusport.fr\/blog\/#website"},"primaryImageOfPage":{"@id":"https:\/\/dicodusport.fr\/blog\/transferts-2-clubs-de-ligue-1-veulent-signer-przemyslaw-frankowski\/#primaryimage"},"image":{"@id":"https:\/\/dicodusport.fr\/blog\/transferts-2-clubs-de-ligue-1-veulent-signer-przemyslaw-frankowski\/#primaryimage"},"thumbnailUrl":"https:\/\/dicodusport.fr\/blog\/wp-content\/uploads\/2025\/07\/Transferts-2-clubs-de-Ligue-1-veulent-signer-Przemyslaw-Frankowski.png","datePublished":"2025-07-18T07:45:46+00:00","dateModified":"2026-01-30T14:07:37+00:00","description":"TRANSFERTS LIGUE 1 - il se pourrait que l'aventure de Przemys\u0142aw Frankowski sous les couleurs du Galatasaray se termine plus t\u00f4t que pr\u00e9vu.\u00a0","breadcrumb":{"@id":"https:\/\/dicodusport.fr\/blog\/transferts-2-clubs-de-ligue-1-veulent-signer-przemyslaw-frankowski\/#breadcrumb"},"inLanguage":"fr-FR","potentialAction":[{"@type":"ReadAction","target":["https:\/\/dicodusport.fr\/blog\/transferts-2-clubs-de-ligue-1-veulent-signer-przemyslaw-frankowski\/"]}]},{"@type":"ImageObject","inLanguage":"fr-FR","@id":"https:\/\/dicodusport.fr\/blog\/transferts-2-clubs-de-ligue-1-veulent-signer-przemyslaw-frankowski\/#primaryimage","url":"https:\/\/dicodusport.fr\/blog\/wp-content\/uploads\/2025\/07\/Transferts-2-clubs-de-Ligue-1-veulent-signer-Przemyslaw-Frankowski.png","contentUrl":"https:\/\/dicodusport.fr\/blog\/wp-content\/uploads\/2025\/07\/Transferts-2-clubs-de-Ligue-1-veulent-signer-Przemyslaw-Frankowski.png","width":1200,"height":674,"caption":"Transferts 2 clubs de Ligue 1 veulent signer Przemyslaw Frankowski"},{"@type":"BreadcrumbList","@id":"https:\/\/dicodusport.fr\/blog\/transferts-2-clubs-de-ligue-1-veulent-signer-przemyslaw-frankowski\/#breadcrumb","itemListElement":[{"@type":"ListItem","position":1,"name":"Accueil","item":"https:\/\/dicodusport.fr\/blog\/"},{"@type":"ListItem","position":2,"name":"Transferts : 2 clubs de Ligue 1 veulent signer Przemys\u0142aw Frankowski"}]},{"@type":"WebSite","@id":"https:\/\/dicodusport.fr\/blog\/#website","url":"https:\/\/dicodusport.fr\/blog\/","name":"Dicodusport","description":"L&#039;encyclop\u00e9die de l&#039;actualit\u00e9 sportive","publisher":{"@id":"https:\/\/dicodusport.fr\/blog\/#organization"},"potentialAction":[{"@type":"SearchAction","target":{"@type":"EntryPoint","urlTemplate":"https:\/\/dicodusport.fr\/blog\/?s={search_term_string}"},"query-input":{"@type":"PropertyValueSpecification","valueRequired":true,"valueName":"search_term_string"}}],"inLanguage":"fr-FR"},{"@type":"NewsMediaOrganization","@id":"https:\/\/dicodusport.fr\/blog\/#organization","name":"Dicodusport","url":"https:\/\/dicodusport.fr\/blog\/","logo":{"@type":"ImageObject","inLanguage":"fr-FR","@id":"https:\/\/dicodusport.fr\/blog\/#\/schema\/logo\/image\/","url":"https:\/\/dicodusport.fr\/blog\/wp-content\/uploads\/2020\/06\/cropped-LOGO-DICODUSPORT-2020-SANS-FOND-SANS-TEXTE.png","contentUrl":"https:\/\/dicodusport.fr\/blog\/wp-content\/uploads\/2020\/06\/cropped-LOGO-DICODUSPORT-2020-SANS-FOND-SANS-TEXTE.png","width":512,"height":512,"caption":"Dicodusport"},"image":{"@id":"https:\/\/dicodusport.fr\/blog\/#\/schema\/logo\/image\/"},"sameAs":["https:\/\/www.facebook.com\/dicodusport","https:\/\/x.com\/dicodusport","https:\/\/www.instagram.com\/dicodusport\/","https:\/\/www.youtube.com\/channel\/UC7V2KZ5sd3htJivAbA4ZG3w"],"description":"Dicodusport est l'encyclop\u00e9die de l'actualit\u00e9 sportive.","email":"bonjour@dicodusport.fr","legalName":"DICODUSPORT","foundingDate":"2018-01-14","vatID":"FR71834470973","taxID":"83447097300043","numberOfEmployees":{"@type":"QuantitativeValue","minValue":"1","maxValue":"10"}},{"@type":"Person","@id":"https:\/\/dicodusport.fr\/blog\/#\/schema\/person\/d42c64fd3f03197157c71106ec84f28a","name":"Aur\u00e9lien Torreilles","image":{"@type":"ImageObject","inLanguage":"fr-FR","@id":"https:\/\/dicodusport.fr\/blog\/#\/schema\/person\/image\/","url":"https:\/\/dicodusport.fr\/blog\/wp-content\/uploads\/2025\/06\/Aurelien-Torreilles-150x150.jpg","contentUrl":"https:\/\/dicodusport.fr\/blog\/wp-content\/uploads\/2025\/06\/Aurelien-Torreilles-150x150.jpg","caption":"Aur\u00e9lien Torreilles"},"description":"Encore apprenti journaliste, je d\u00e9couvre d\u00e8s mon plus jeune \u00e2ge les joies, les \u00e9motions et les frissons du monde du sport. Tr\u00e8s vite, j'en suis convaincu, je parlerai de sport toute ma vie, et promis pas que de rugby. Apr\u00e8s 3 ann\u00e9es de droit franco-espagnol, j'ai vite bifurqu\u00e9 vers l'\u00e9cole de journalisme de Toulouse pour en apprendre encore plus quant \u00e0 ce monde qui me passionne et parfaire mes tr\u00e8s jeunes et modestes connaissances. Je rejoins Dicodusport en juin 2025 apr\u00e8s 3 ann\u00e9es pass\u00e9es sur Treize Mondial. Faire vivre l'actualit\u00e9, transmettre l'information et transmettre des \u00e9motions sont mes seuls objectifs. Bien \u00e9videmment, tout \u00e7a dans la bonne humeur transpirante de l'\u00e9quipe de Dicodusport !","url":"https:\/\/dicodusport.fr\/blog\/author\/aurelien\/"}]}},"_links":{"self":[{"href":"https:\/\/dicodusport.fr\/blog\/wp-json\/wp\/v2\/posts\/596080","targetHints":{"allow":["GET"]}}],"collection":[{"href":"https:\/\/dicodusport.fr\/blog\/wp-json\/wp\/v2\/posts"}],"about":[{"href":"https:\/\/dicodusport.fr\/blog\/wp-json\/wp\/v2\/types\/post"}],"author":[{"embeddable":true,"href":"https:\/\/dicodusport.fr\/blog\/wp-json\/wp\/v2\/users\/119"}],"replies":[{"embeddable":true,"href":"https:\/\/dicodusport.fr\/blog\/wp-json\/wp\/v2\/comments?post=596080"}],"version-history":[{"count":4,"href":"https:\/\/dicodusport.fr\/blog\/wp-json\/wp\/v2\/posts\/596080\/revisions"}],"predecessor-version":[{"id":596098,"href":"https:\/\/dicodusport.fr\/blog\/wp-json\/wp\/v2\/posts\/596080\/revisions\/596098"}],"wp:featuredmedia":[{"embeddable":true,"href":"https:\/\/dicodusport.fr\/blog\/wp-json\/wp\/v2\/media\/596092"}],"wp:attachment":[{"href":"https:\/\/dicodusport.fr\/blog\/wp-json\/wp\/v2\/media?parent=596080"}],"wp:term":[{"taxonomy":"category","embeddable":true,"href":"https:\/\/dicodusport.fr\/blog\/wp-json\/wp\/v2\/categories?post=596080"},{"taxonomy":"post_tag","embeddable":true,"href":"https:\/\/dicodusport.fr\/blog\/wp-json\/wp\/v2\/tags?post=596080"}],"curies":[{"name":"wp","href":"https:\/\/api.w.org\/{rel}","templated":true}]}}