{"id":596135,"date":"2025-07-18T17:31:24","date_gmt":"2025-07-18T15:31:24","guid":{"rendered":"https:\/\/dicodusport.fr\/blog\/?p=596135&#038;preview=true&#038;preview_id=596135"},"modified":"2025-07-19T09:23:27","modified_gmt":"2025-07-19T07:23:27","slug":"13eme-etape-tour-de-france-2025-tadej-pogacar-pulverise-a-nouveau-la-concurrence-a-peyragudes","status":"publish","type":"post","link":"https:\/\/dicodusport.fr\/blog\/13eme-etape-tour-de-france-2025-tadej-pogacar-pulverise-a-nouveau-la-concurrence-a-peyragudes\/","title":{"rendered":"13\u00e8me \u00e9tape Tour de France 2025 : Tadej Poga\u010dar pulv\u00e9rise \u00e0 nouveau la concurrence \u00e0 Peyragudes"},"content":{"rendered":"<p style=\"text-align: justify;\"><strong><em>TOUR DE FRANCE 2025 \u2013 Au contraire d&rsquo;hier, un chrono en c\u00f4te \u00e9tait au programme aujourd&rsquo;hui. Qu&rsquo;importe, Tadej Poga\u010dar a \u00e0 nouveau surclass\u00e9 la concurrence. Son dauphin Jonas Vingegaard pointe \u00e0 36 secondes.<\/em><\/strong><\/p>\n<h2 style=\"text-align: justify;\">La d\u00e9monstration de Poga\u010dar et la d\u00e9faillance d&rsquo;Evenepoel<\/h2>\n<ul style=\"text-align: justify;\">\n<li><strong>\u00c0 ce sujet \u2013 <a href=\"https:\/\/dicodusport.fr\/blog\/13eme-etape-tour-de-france-2025-classement-et-resultats-du-contre-la-montre\/\">13\u00e8me \u00e9tape Tour de France 2025 \u2013 Classement et r\u00e9sultats<\/a><\/strong><\/li>\n<\/ul>\n<p style=\"text-align: justify;\">Au lendemain de sa <a href=\"https:\/\/dicodusport.fr\/blog\/12eme-etape-tour-de-france-2025-tadej-pogacar-en-demonstration-au-hautacam\/\">d\u00e9monstration sur les pentes qui le menaient vers le Hautacam<\/a>, <strong>Tadej Poga\u010dar<\/strong> (UAE Team Emirates &#8211; XRG) retrouvait un terrain cens\u00e9 le sublimer puisque l&rsquo;\u00e9tape du jour signait le retour des <em>cronoscalata<\/em> \u2212 entendez par l\u00e0 contre-la-montre en c\u00f4te \u2212 sur les routes du Tour de France. Loin d&rsquo;\u00eatre inconnue, l&rsquo;ascension vers l&rsquo;altiport de Peyragudes o\u00f9 <strong>Romain Bardet<\/strong> signait un succ\u00e8s retentissant en 2017, devait permettre de confirmer ou d&rsquo;infirmer la hi\u00e9rarchie qui semblait s&rsquo;affirmer hier apr\u00e8s la ligne.<\/p>\n<div class=\"vlp-link-container vlp-layout-article\"><a href=\"https:\/\/dicodusport.fr\/blog\/le-francais-de-la-13eme-etape-un-ultime-baroud-dhonneur-pour-bryan-coquard\/\" class=\"vlp-link\" title=\"Le Fran\u00e7ais de la 13\u00e8me \u00e9tape : Un ultime baroud d\u2019honneur pour Bryan Coquard\"><\/a><div class=\"vlp-layout-zone-side\"><div class=\"vlp-block-4 vlp-link-image\"><img loading=\"lazy\" decoding=\"async\" style=\"max-width: 792px;\" width=\"792\" height=\"445\" src=\"https:\/\/dicodusport.fr\/blog\/wp-content\/uploads\/2025\/07\/Le-Francais-de-la-13eme-etape-Un-ultime-baroud-dhonneur-pour-Bryan-Coquard.png\" class=\"attachment-800x445 size-800x445\" alt=\"Le Fran\u00e7ais de la 13\u00e8me \u00e9tape Un ultime baroud d\u2019honneur pour Bryan Coquard\" srcset=\"https:\/\/dicodusport.fr\/blog\/wp-content\/uploads\/2025\/07\/Le-Francais-de-la-13eme-etape-Un-ultime-baroud-dhonneur-pour-Bryan-Coquard.png 1200w, https:\/\/dicodusport.fr\/blog\/wp-content\/uploads\/2025\/07\/Le-Francais-de-la-13eme-etape-Un-ultime-baroud-dhonneur-pour-Bryan-Coquard-300x169.png 300w, https:\/\/dicodusport.fr\/blog\/wp-content\/uploads\/2025\/07\/Le-Francais-de-la-13eme-etape-Un-ultime-baroud-dhonneur-pour-Bryan-Coquard-1024x575.png 1024w, https:\/\/dicodusport.fr\/blog\/wp-content\/uploads\/2025\/07\/Le-Francais-de-la-13eme-etape-Un-ultime-baroud-dhonneur-pour-Bryan-Coquard-768x431.png 768w\" sizes=\"auto, (max-width: 792px) 100vw, 792px\" \/><\/div><\/div><div class=\"vlp-layout-zone-main\"><div class=\"vlp-block-0 vlp-link-title\">Le Fran\u00e7ais de la 13\u00e8me \u00e9tape : Un ultime baroud d\u2019honneur pour Bryan Coquard<\/div><div class=\"vlp-block-1 vlp-link-summary\">TOUR DE FRANCE 2025 - Hier, Bryan Coquard (Cofidis) s\u2019est fractur\u00e9 l\u2019annulaire droit en voulant se saisir d\u2019une musette. Forfait pour la suite du Tour de France, le sprinteur tricolore a tout de m\u00eame tenu \u00e0 prendre le d\u00e9part de ce contre-la-montre en c\u00f4te.<\/div><div class=\"vlp-block-2 vlp-link-button\">Lire l'article<\/div><div class=\"vlp-block-3 vlp-link-url\">dicodusport.fr<\/div><\/div><\/div>\n<p style=\"text-align: justify;\">Au contraire de <strong>Remco Evenepoel<\/strong> (Soudal Quick-Step), le Slov\u00e8ne avait fait le choix de partir avec son v\u00e9lo classique. Bien lui en a pris puisqu&rsquo;il a tout simplement fait mieux que le Belge au premier interm\u00e9diaire pourtant plat. La suite ? Une d\u00e9monstration. <strong>Poga\u010dar<\/strong> a sembl\u00e9 en ma\u00eetrise, jamais vraiment inqui\u00e9t\u00e9 par <strong>Jonas Vingegaard<\/strong>. Il s&rsquo;impose avec 36 secondes sur le Danois qui accuse d\u00e9sormais 4:07 de retard au g\u00e9n\u00e9ral. En difficult\u00e9 d\u00e9j\u00e0 hier, <strong>Evenepoel<\/strong> a perdu gros \u00e0 nouveau, voyant m\u00eame <strong>Vingegaard<\/strong> fondre sur lui dans les derniers hectom\u00e8tres. Seulement douzi\u00e8me, le Belge conc\u00e8de 2:39 sur le vainqueur du jour. S&rsquo;il reste troisi\u00e8me au g\u00e9n\u00e9ral (+7:30) place au g\u00e9n\u00e9ral, son maillot blanc est plus que jamais menac\u00e9 par <strong>Florian Lipowitz<\/strong> (Red Bull &#8211; BORA &#8211; hansgrohe) quatri\u00e8me aujourd&rsquo;hui et d\u00e9sormais \u00e0 six secondes du leader de la Soudal.<\/p>\n<blockquote class=\"twitter-tweet\">\n<p dir=\"ltr\" lang=\"und\">TADEJ POGACAR POGGED PEYRAGUDES \ud83d\ude80<a href=\"https:\/\/twitter.com\/hashtag\/TDF2025?src=hash&amp;ref_src=twsrc%5Etfw\">#TDF2025<\/a> <a href=\"https:\/\/t.co\/3Dt7upv3BB\">pic.twitter.com\/3Dt7upv3BB<\/a><\/p>\n<p>\u2014 Tour de France\u2122 (@LeTour) <a href=\"https:\/\/twitter.com\/LeTour\/status\/1946231193017487820?ref_src=twsrc%5Etfw\">July 18, 2025<\/a><\/p><\/blockquote>\n<p style=\"text-align: justify;\"><script async src=\"https:\/\/platform.twitter.com\/widgets.js\" charset=\"utf-8\"><\/script><\/p>\n<h2 style=\"text-align: justify;\">Peu de changements dans le Top 10<\/h2>\n<ul style=\"text-align: justify;\">\n<li><strong>\u00c0 ce sujet \u2013\u00a0<a href=\"https:\/\/dicodusport.fr\/blog\/classement-general-actualise-tour-de-france-2025\/\">Classement g\u00e9n\u00e9ral actualis\u00e9 Tour de France 2025<\/a><\/strong><\/li>\n<\/ul>\n<p style=\"text-align: justify;\">Logiquement, les choses ont commenc\u00e9 \u00e0 s&#8217;emballer \u00e0 partir de 17 heures \u00e0 mesure que les leaders au classement g\u00e9n\u00e9ral s&rsquo;\u00e9lan\u00e7aient. D\u00e9cevant hier et dixi\u00e8me au g\u00e9n\u00e9ral, <strong>Matteo Jorgenson<\/strong> (Visma | Lease a Bike) a \u00e9t\u00e9 le premier membre du Top 20 \u00e0 r\u00e9aliser un gros temps \u00e0 l&rsquo;arriv\u00e9e (6\u00e8me \u00e0 2:03). Insuffisant pour esp\u00e9rer remonter sachant que dans le m\u00eame temps <strong>Felix Gall<\/strong> (Decathlon AG2R La Mondiale) et <strong>Tobias Halland Johannessen<\/strong> (Uno-X Mobility) r\u00e9alisaient une prestation correcte, 10\u00e8me et 14\u00e8me.<\/p>\n<div class=\"vlp-link-container vlp-layout-article\"><a href=\"https:\/\/dicodusport.fr\/blog\/billet-dhumeur-tour-de-france-les-espagnols-en-plein-naufrage\/\" class=\"vlp-link\" title=\"Billet d\u2019humeur Tour de France : Les Espagnols en plein naufrage\"><\/a><div class=\"vlp-layout-zone-side\"><div class=\"vlp-block-4 vlp-link-image\"><img loading=\"lazy\" decoding=\"async\" style=\"max-width: 792px;\" width=\"792\" height=\"445\" src=\"https:\/\/dicodusport.fr\/blog\/wp-content\/uploads\/2025\/07\/Billet-dhumeur-Tour-de-France-les-Espagnols-en-plein-naufrage.png\" class=\"attachment-800x445 size-800x445\" alt=\"Billet d\u2019humeur Tour de France les Espagnols en plein naufrage\" srcset=\"https:\/\/dicodusport.fr\/blog\/wp-content\/uploads\/2025\/07\/Billet-dhumeur-Tour-de-France-les-Espagnols-en-plein-naufrage.png 1200w, https:\/\/dicodusport.fr\/blog\/wp-content\/uploads\/2025\/07\/Billet-dhumeur-Tour-de-France-les-Espagnols-en-plein-naufrage-300x169.png 300w, https:\/\/dicodusport.fr\/blog\/wp-content\/uploads\/2025\/07\/Billet-dhumeur-Tour-de-France-les-Espagnols-en-plein-naufrage-1024x575.png 1024w, https:\/\/dicodusport.fr\/blog\/wp-content\/uploads\/2025\/07\/Billet-dhumeur-Tour-de-France-les-Espagnols-en-plein-naufrage-768x431.png 768w\" sizes=\"auto, (max-width: 792px) 100vw, 792px\" \/><\/div><\/div><div class=\"vlp-layout-zone-main\"><div class=\"vlp-block-0 vlp-link-title\">Billet d\u2019humeur Tour de France : Les Espagnols en plein naufrage<\/div><div class=\"vlp-block-1 vlp-link-summary\">TOUR DE FRANCE 2025 \u2013 Les coureurs espagnols sont pour l'heure en perdition sur ce Tour de France. Une tendance qui ne date pas de cette \u00e9dition, mais qui r\u00e9v\u00e8le finalement un mal plus profond.\u00a0<\/div><div class=\"vlp-block-2 vlp-link-button\">Lire l'article<\/div><div class=\"vlp-block-3 vlp-link-url\">dicodusport.fr<\/div><\/div><\/div>\n<p style=\"text-align: justify;\">Discret, <strong>Primoz Roglic<\/strong> (Red Bull &#8211; BORA &#8211; hansgrohe) n&rsquo;en reste pas moins redoutable. Le quadruple vainqueur de la Vuelta a r\u00e9alis\u00e9 un excellent temps pour valider le podium \u00e0 l&rsquo;arriv\u00e9e. Troisi\u00e8me, le Slov\u00e8ne a ainsi mis 43 secondes \u00e0 <strong>Jorgenson<\/strong> et se rapproche d&rsquo;<strong>Oscar Onley<\/strong> (Team Picnic PostNL) et <strong>K\u00e9vin Vauquelin<\/strong> (Ark\u00e9a &#8211; B&amp;B Hotels) au g\u00e9n\u00e9ral. Respectivement 7\u00e8me et 11\u00e8me de l&rsquo;\u00e9tape, les deux hommes ont toutefois r\u00e9alis\u00e9 un chrono tout \u00e0 fait honorable. Le Fran\u00e7ais intervertit n\u00e9anmoins sa place avec le Britannique au classement g\u00e9n\u00e9ral de ce Tour de France. Il est ce soir sixi\u00e8me \u00e0 8:15 de <strong>Poga\u010dar.<\/strong><\/p>\n<h2 style=\"text-align: justify;\">Le Slov\u00e8ne r\u00e9alise la bonne op\u00e9ration pour le maillot \u00e0 pois et le maillot vert<\/h2>\n<p style=\"text-align: justify;\"><strong>Luke Plapp<\/strong> (Jayco AlUla) avait auparavant sign\u00e9 le premier gros temps de r\u00e9f\u00e9rence (24:58). L&rsquo;Australien, gros rouleur sur le plat, a jou\u00e9 le jeu en effectuant son contre-la-montre \u00e0 fond. <strong>Lenny Martinez <\/strong>(Bahrain Victorious), qui s&rsquo;\u00e9lan\u00e7ait quelque temps apr\u00e8s, a, lui aussi, jou\u00e9 le jeu puisqu&rsquo;il pouvait esp\u00e9rer prendre quelques points au sommet dans la course au maillot \u00e0 pois. Incapable de boucher le retard pris sur l&rsquo;Australien d\u00e8s les premiers kilom\u00e8tres, <strong>Martinez<\/strong> confirmait malgr\u00e9 lui l&rsquo;impression laiss\u00e9e par <strong>Plapp<\/strong>. Si les deux hommes terminent respectivement 5\u00e8me et 9\u00e8me il y a fort \u00e0 parier qu&rsquo;on les verra possiblement ensemble dans une \u00e9chapp\u00e9e au cours des prochains jours.<\/p>\n<p style=\"text-align: justify;\">Le Fran\u00e7ais conc\u00e8de n\u00e9anmoins du terrain \u00e0 <strong>Tadej Poga\u010dar\u00a0<\/strong>au classement du meilleur grimpeur de ce Tour de France puisque 10 points les s\u00e9parent alors qu&rsquo;ils \u00e9taient <i>ex aequo<\/i>\u00a0ce matin. Le Slov\u00e8ne reprend par ailleurs 20 unit\u00e9s au classement du maillot vert sur <strong>Jonathan Milan<\/strong> qui n&rsquo;\u00e9tait \u00e9videmment pas sur son terrain aujourd&rsquo;hui. Demain, le Transalpin pourrait limiter la casse, voire faire une bonne op\u00e9ration s&rsquo;il parvient \u00e0 se glisser dans l&rsquo;\u00e9chapp\u00e9e afin de disputer le sprint interm\u00e9diaire. Apr\u00e8s le sprint interm\u00e9diaire, le peloton devra n\u00e9gocier dans l&rsquo;ordre le Tourmalet, l&rsquo;Aspin, Peyresourde avant la mont\u00e9e finale vers Luchon-Superbagn\u00e8res. Si <strong>Milan<\/strong> risque de souffrir, <strong>Poga\u010dar<\/strong> pourrait viser une troisi\u00e8me \u00e9tape de rang comme l&rsquo;an dernier, et une cinqui\u00e8me victoire en quatorze \u00e9tapes.<\/p>\n<h3 style=\"text-align: justify;\">\u00c0 lire aussi<\/h3>\n<ul>\n<li style=\"text-align: justify;\"><a href=\"https:\/\/dicodusport.fr\/blog\/maillot-vert-tour-de-france-2025-classement-par-points\/\"><strong>Classement par points du Tour de France<\/strong><\/a><\/li>\n<li style=\"text-align: justify;\"><a href=\"https:\/\/dicodusport.fr\/blog\/maillot-a-pois-tour-de-france-2025-classement-meilleur-grimpeur\/\"><strong>Classement meilleur grimpeur du Tour de France<\/strong><\/a><\/li>\n<li style=\"text-align: justify;\"><a href=\"https:\/\/dicodusport.fr\/blog\/maillot-blanc-tour-de-france-2025-classement-meilleur-jeune\/\"><strong>Classement meilleur jeune du Tour de France<\/strong><\/a><\/li>\n<\/ul>\n","protected":false},"excerpt":{"rendered":"<p>Tadej Poga\u010dar a \u00e0 nouveau surclass\u00e9 la concurrence. Son dauphin Jonas Vingegaard pointe \u00e0 36 secondes.<\/p>\n","protected":false},"author":91,"featured_media":596215,"comment_status":"open","ping_status":"closed","sticky":false,"template":"","format":"standard","meta":{"_acf_changed":false,"_daextam_enable_autolinks":"1","footnotes":""},"categories":[46995],"tags":[16878,574,11197,24,1262],"class_list":["post-596135","post","type-post","status-publish","format-standard","has-post-thumbnail","hentry","category-tour-de-france","tag-breve","tag-cyclisme","tag-cyclisme-sur-route","tag-sport","tag-tour-de-france"],"acf":[],"yoast_head":"<!-- This site is optimized with the Yoast SEO Premium plugin v26.7 (Yoast SEO v26.7) - https:\/\/yoast.com\/wordpress\/plugins\/seo\/ -->\n<title>13\u00e8me \u00e9tape Tour de France 2025 : Tadej Poga\u010dar pulv\u00e9rise \u00e0 nouveau la concurrence \u00e0 Peyragudes<\/title>\n<meta name=\"description\" content=\"TOUR DE FRANCE 2025 \u2013 Tadej Poga\u010dar a \u00e0 nouveau surclass\u00e9 la concurrence. Son dauphin Jonas Vingegaard pointe \u00e0 36 secondes.\" \/>\n<meta name=\"robots\" content=\"index, follow, max-snippet:-1, max-image-preview:large, max-video-preview:-1\" \/>\n<link rel=\"canonical\" href=\"https:\/\/dicodusport.fr\/blog\/13eme-etape-tour-de-france-2025-tadej-pogacar-pulverise-a-nouveau-la-concurrence-a-peyragudes\/\" \/>\n<meta property=\"og:locale\" content=\"fr_FR\" \/>\n<meta property=\"og:type\" content=\"article\" \/>\n<meta property=\"og:title\" content=\"13\u00e8me \u00e9tape Tour de France 2025 : Tadej Poga\u010dar pulv\u00e9rise \u00e0 nouveau la concurrence \u00e0 Peyragudes\" \/>\n<meta property=\"og:description\" content=\"TOUR DE FRANCE 2025 \u2013 Tadej Poga\u010dar a \u00e0 nouveau surclass\u00e9 la concurrence. Son dauphin Jonas Vingegaard pointe \u00e0 36 secondes.\" \/>\n<meta property=\"og:url\" content=\"https:\/\/dicodusport.fr\/blog\/13eme-etape-tour-de-france-2025-tadej-pogacar-pulverise-a-nouveau-la-concurrence-a-peyragudes\/\" \/>\n<meta property=\"og:site_name\" content=\"Dicodusport\" \/>\n<meta property=\"article:publisher\" content=\"https:\/\/www.facebook.com\/dicodusport\" \/>\n<meta property=\"article:published_time\" content=\"2025-07-18T15:31:24+00:00\" \/>\n<meta property=\"article:modified_time\" content=\"2025-07-19T07:23:27+00:00\" \/>\n<meta property=\"og:image\" content=\"https:\/\/dicodusport.fr\/blog\/wp-content\/uploads\/2025\/07\/13eme-etape-Tour-de-France-2025-Tadej-Pogacar-pulverise-a-nouveau-la-concurrence-a-Peyragudes-1.png\" \/>\n\t<meta property=\"og:image:width\" content=\"1200\" \/>\n\t<meta property=\"og:image:height\" content=\"674\" \/>\n\t<meta property=\"og:image:type\" content=\"image\/png\" \/>\n<meta name=\"author\" content=\"Victor Clot-Amiot\" \/>\n<meta name=\"twitter:card\" content=\"summary_large_image\" \/>\n<meta name=\"twitter:title\" content=\"13\u00e8me \u00e9tape Tour de France 2025 : Tadej Poga\u010dar pulv\u00e9rise \u00e0 nouveau la concurrence \u00e0 Peyragudes\" \/>\n<meta name=\"twitter:creator\" content=\"@https:\/\/x.com\/VictorClotAmiot\" \/>\n<meta name=\"twitter:site\" content=\"@dicodusport\" \/>\n<script type=\"application\/ld+json\" class=\"yoast-schema-graph\">{\"@context\":\"https:\/\/schema.org\",\"@graph\":[{\"@type\":\"NewsArticle\",\"@id\":\"https:\/\/dicodusport.fr\/blog\/13eme-etape-tour-de-france-2025-tadej-pogacar-pulverise-a-nouveau-la-concurrence-a-peyragudes\/#article\",\"isPartOf\":{\"@id\":\"https:\/\/dicodusport.fr\/blog\/13eme-etape-tour-de-france-2025-tadej-pogacar-pulverise-a-nouveau-la-concurrence-a-peyragudes\/\"},\"author\":{\"name\":\"Victor Clot-Amiot\",\"@id\":\"https:\/\/dicodusport.fr\/blog\/#\/schema\/person\/b623199cba9ba90fe84a3d16e9282360\"},\"headline\":\"13\u00e8me \u00e9tape Tour de France 2025 : Tadej Poga\u010dar pulv\u00e9rise \u00e0 nouveau la concurrence \u00e0 Peyragudes\",\"datePublished\":\"2025-07-18T15:31:24+00:00\",\"dateModified\":\"2025-07-19T07:23:27+00:00\",\"mainEntityOfPage\":{\"@id\":\"https:\/\/dicodusport.fr\/blog\/13eme-etape-tour-de-france-2025-tadej-pogacar-pulverise-a-nouveau-la-concurrence-a-peyragudes\/\"},\"wordCount\":1028,\"commentCount\":0,\"publisher\":{\"@id\":\"https:\/\/dicodusport.fr\/blog\/#organization\"},\"image\":{\"@id\":\"https:\/\/dicodusport.fr\/blog\/13eme-etape-tour-de-france-2025-tadej-pogacar-pulverise-a-nouveau-la-concurrence-a-peyragudes\/#primaryimage\"},\"thumbnailUrl\":\"https:\/\/dicodusport.fr\/blog\/wp-content\/uploads\/2025\/07\/13eme-etape-Tour-de-France-2025-Tadej-Pogacar-pulverise-a-nouveau-la-concurrence-a-Peyragudes-1.png\",\"keywords\":[\"br\u00e8ve\",\"Cyclisme\",\"Cyclisme sur route\",\"sport\",\"Tour de France\"],\"articleSection\":[\"Tour de France\"],\"inLanguage\":\"fr-FR\",\"potentialAction\":[{\"@type\":\"CommentAction\",\"name\":\"Comment\",\"target\":[\"https:\/\/dicodusport.fr\/blog\/13eme-etape-tour-de-france-2025-tadej-pogacar-pulverise-a-nouveau-la-concurrence-a-peyragudes\/#respond\"]}],\"copyrightYear\":\"2025\",\"copyrightHolder\":{\"@id\":\"https:\/\/dicodusport.fr\/blog\/#organization\"}},{\"@type\":\"WebPage\",\"@id\":\"https:\/\/dicodusport.fr\/blog\/13eme-etape-tour-de-france-2025-tadej-pogacar-pulverise-a-nouveau-la-concurrence-a-peyragudes\/\",\"url\":\"https:\/\/dicodusport.fr\/blog\/13eme-etape-tour-de-france-2025-tadej-pogacar-pulverise-a-nouveau-la-concurrence-a-peyragudes\/\",\"name\":\"13\u00e8me \u00e9tape Tour de France 2025 : Tadej Poga\u010dar pulv\u00e9rise \u00e0 nouveau la concurrence \u00e0 Peyragudes\",\"isPartOf\":{\"@id\":\"https:\/\/dicodusport.fr\/blog\/#website\"},\"primaryImageOfPage\":{\"@id\":\"https:\/\/dicodusport.fr\/blog\/13eme-etape-tour-de-france-2025-tadej-pogacar-pulverise-a-nouveau-la-concurrence-a-peyragudes\/#primaryimage\"},\"image\":{\"@id\":\"https:\/\/dicodusport.fr\/blog\/13eme-etape-tour-de-france-2025-tadej-pogacar-pulverise-a-nouveau-la-concurrence-a-peyragudes\/#primaryimage\"},\"thumbnailUrl\":\"https:\/\/dicodusport.fr\/blog\/wp-content\/uploads\/2025\/07\/13eme-etape-Tour-de-France-2025-Tadej-Pogacar-pulverise-a-nouveau-la-concurrence-a-Peyragudes-1.png\",\"datePublished\":\"2025-07-18T15:31:24+00:00\",\"dateModified\":\"2025-07-19T07:23:27+00:00\",\"description\":\"TOUR DE FRANCE 2025 \u2013 Tadej Poga\u010dar a \u00e0 nouveau surclass\u00e9 la concurrence. Son dauphin Jonas Vingegaard pointe \u00e0 36 secondes.\",\"breadcrumb\":{\"@id\":\"https:\/\/dicodusport.fr\/blog\/13eme-etape-tour-de-france-2025-tadej-pogacar-pulverise-a-nouveau-la-concurrence-a-peyragudes\/#breadcrumb\"},\"inLanguage\":\"fr-FR\",\"potentialAction\":[{\"@type\":\"ReadAction\",\"target\":[\"https:\/\/dicodusport.fr\/blog\/13eme-etape-tour-de-france-2025-tadej-pogacar-pulverise-a-nouveau-la-concurrence-a-peyragudes\/\"]}]},{\"@type\":\"ImageObject\",\"inLanguage\":\"fr-FR\",\"@id\":\"https:\/\/dicodusport.fr\/blog\/13eme-etape-tour-de-france-2025-tadej-pogacar-pulverise-a-nouveau-la-concurrence-a-peyragudes\/#primaryimage\",\"url\":\"https:\/\/dicodusport.fr\/blog\/wp-content\/uploads\/2025\/07\/13eme-etape-Tour-de-France-2025-Tadej-Pogacar-pulverise-a-nouveau-la-concurrence-a-Peyragudes-1.png\",\"contentUrl\":\"https:\/\/dicodusport.fr\/blog\/wp-content\/uploads\/2025\/07\/13eme-etape-Tour-de-France-2025-Tadej-Pogacar-pulverise-a-nouveau-la-concurrence-a-Peyragudes-1.png\",\"width\":1200,\"height\":674,\"caption\":\"13\u00e8me \u00e9tape Tour de France 2025 Tadej Poga\u010dar pulv\u00e9rise \u00e0 nouveau la concurrence \u00e0 Peyragudes\"},{\"@type\":\"BreadcrumbList\",\"@id\":\"https:\/\/dicodusport.fr\/blog\/13eme-etape-tour-de-france-2025-tadej-pogacar-pulverise-a-nouveau-la-concurrence-a-peyragudes\/#breadcrumb\",\"itemListElement\":[{\"@type\":\"ListItem\",\"position\":1,\"name\":\"Accueil\",\"item\":\"https:\/\/dicodusport.fr\/blog\/\"},{\"@type\":\"ListItem\",\"position\":2,\"name\":\"13\u00e8me \u00e9tape Tour de France 2025 : Tadej Poga\u010dar pulv\u00e9rise \u00e0 nouveau la concurrence \u00e0 Peyragudes\"}]},{\"@type\":\"WebSite\",\"@id\":\"https:\/\/dicodusport.fr\/blog\/#website\",\"url\":\"https:\/\/dicodusport.fr\/blog\/\",\"name\":\"Dicodusport\",\"description\":\"L&#039;encyclop\u00e9die de l&#039;actualit\u00e9 sportive\",\"publisher\":{\"@id\":\"https:\/\/dicodusport.fr\/blog\/#organization\"},\"potentialAction\":[{\"@type\":\"SearchAction\",\"target\":{\"@type\":\"EntryPoint\",\"urlTemplate\":\"https:\/\/dicodusport.fr\/blog\/?s={search_term_string}\"},\"query-input\":{\"@type\":\"PropertyValueSpecification\",\"valueRequired\":true,\"valueName\":\"search_term_string\"}}],\"inLanguage\":\"fr-FR\"},{\"@type\":\"NewsMediaOrganization\",\"@id\":\"https:\/\/dicodusport.fr\/blog\/#organization\",\"name\":\"Dicodusport\",\"url\":\"https:\/\/dicodusport.fr\/blog\/\",\"logo\":{\"@type\":\"ImageObject\",\"inLanguage\":\"fr-FR\",\"@id\":\"https:\/\/dicodusport.fr\/blog\/#\/schema\/logo\/image\/\",\"url\":\"https:\/\/dicodusport.fr\/blog\/wp-content\/uploads\/2020\/06\/cropped-LOGO-DICODUSPORT-2020-SANS-FOND-SANS-TEXTE.png\",\"contentUrl\":\"https:\/\/dicodusport.fr\/blog\/wp-content\/uploads\/2020\/06\/cropped-LOGO-DICODUSPORT-2020-SANS-FOND-SANS-TEXTE.png\",\"width\":512,\"height\":512,\"caption\":\"Dicodusport\"},\"image\":{\"@id\":\"https:\/\/dicodusport.fr\/blog\/#\/schema\/logo\/image\/\"},\"sameAs\":[\"https:\/\/www.facebook.com\/dicodusport\",\"https:\/\/x.com\/dicodusport\",\"https:\/\/www.instagram.com\/dicodusport\/\",\"https:\/\/www.youtube.com\/channel\/UC7V2KZ5sd3htJivAbA4ZG3w\"],\"description\":\"Dicodusport est l'encyclop\u00e9die de l'actualit\u00e9 sportive.\",\"email\":\"bonjour@dicodusport.fr\",\"legalName\":\"DICODUSPORT\",\"foundingDate\":\"2018-01-14\",\"vatID\":\"FR71834470973\",\"taxID\":\"83447097300043\",\"numberOfEmployees\":{\"@type\":\"QuantitativeValue\",\"minValue\":\"1\",\"maxValue\":\"10\"}},{\"@type\":\"Person\",\"@id\":\"https:\/\/dicodusport.fr\/blog\/#\/schema\/person\/b623199cba9ba90fe84a3d16e9282360\",\"name\":\"Victor Clot-Amiot\",\"image\":{\"@type\":\"ImageObject\",\"inLanguage\":\"fr-FR\",\"@id\":\"https:\/\/dicodusport.fr\/blog\/#\/schema\/person\/image\/\",\"url\":\"https:\/\/dicodusport.fr\/blog\/wp-content\/uploads\/2023\/09\/IMG_20190826_114722-150x150.jpg\",\"contentUrl\":\"https:\/\/dicodusport.fr\/blog\/wp-content\/uploads\/2023\/09\/IMG_20190826_114722-150x150.jpg\",\"caption\":\"Victor Clot-Amiot\"},\"description\":\"Passionn\u00e9 de sport depuis toujours, un jour \u00e0 l'adolescence mes parents m'ont dit : \\\"quitte \u00e0 passer ton temps \u00e0 regarder du sport, au moins va le voir en vrai\\\" ! Depuis, cette remarque ne m'a plus quitt\u00e9 et je passe une grande partie de mon temps libre \u00e0 assister \u00e0 des comp\u00e9titions de tous sports. Je m\u00eale d'ailleurs mes deux passions, le sport et les voyages afin de faire une pierre deux coups ! Outre l'US Open ou l'Euro 2021 par exemple, j'ai assist\u00e9 cet \u00e9t\u00e9 aux Mondiaux d'athl\u00e9tisme \u00e0 Budapest. Mon plus gros coup dur est et restera les JO 2020-2021 pour lesquels j'avais r\u00e9serv\u00e9 17 \u00e9preuves. La suite, vous la connaissez...\",\"sameAs\":[\"https:\/\/x.com\/https:\/\/x.com\/VictorClotAmiot\"],\"url\":\"https:\/\/dicodusport.fr\/blog\/author\/victor-clot-amiot\/\"}]}<\/script>\n<!-- \/ Yoast SEO Premium plugin. -->","yoast_head_json":{"title":"13\u00e8me \u00e9tape Tour de France 2025 : Tadej Poga\u010dar pulv\u00e9rise \u00e0 nouveau la concurrence \u00e0 Peyragudes","description":"TOUR DE FRANCE 2025 \u2013 Tadej Poga\u010dar a \u00e0 nouveau surclass\u00e9 la concurrence. Son dauphin Jonas Vingegaard pointe \u00e0 36 secondes.","robots":{"index":"index","follow":"follow","max-snippet":"max-snippet:-1","max-image-preview":"max-image-preview:large","max-video-preview":"max-video-preview:-1"},"canonical":"https:\/\/dicodusport.fr\/blog\/13eme-etape-tour-de-france-2025-tadej-pogacar-pulverise-a-nouveau-la-concurrence-a-peyragudes\/","og_locale":"fr_FR","og_type":"article","og_title":"13\u00e8me \u00e9tape Tour de France 2025 : Tadej Poga\u010dar pulv\u00e9rise \u00e0 nouveau la concurrence \u00e0 Peyragudes","og_description":"TOUR DE FRANCE 2025 \u2013 Tadej Poga\u010dar a \u00e0 nouveau surclass\u00e9 la concurrence. Son dauphin Jonas Vingegaard pointe \u00e0 36 secondes.","og_url":"https:\/\/dicodusport.fr\/blog\/13eme-etape-tour-de-france-2025-tadej-pogacar-pulverise-a-nouveau-la-concurrence-a-peyragudes\/","og_site_name":"Dicodusport","article_publisher":"https:\/\/www.facebook.com\/dicodusport","article_published_time":"2025-07-18T15:31:24+00:00","article_modified_time":"2025-07-19T07:23:27+00:00","og_image":[{"width":1200,"height":674,"url":"https:\/\/dicodusport.fr\/blog\/wp-content\/uploads\/2025\/07\/13eme-etape-Tour-de-France-2025-Tadej-Pogacar-pulverise-a-nouveau-la-concurrence-a-Peyragudes-1.png","type":"image\/png"}],"author":"Victor Clot-Amiot","twitter_card":"summary_large_image","twitter_title":"13\u00e8me \u00e9tape Tour de France 2025 : Tadej Poga\u010dar pulv\u00e9rise \u00e0 nouveau la concurrence \u00e0 Peyragudes","twitter_creator":"@https:\/\/x.com\/VictorClotAmiot","twitter_site":"@dicodusport","schema":{"@context":"https:\/\/schema.org","@graph":[{"@type":"NewsArticle","@id":"https:\/\/dicodusport.fr\/blog\/13eme-etape-tour-de-france-2025-tadej-pogacar-pulverise-a-nouveau-la-concurrence-a-peyragudes\/#article","isPartOf":{"@id":"https:\/\/dicodusport.fr\/blog\/13eme-etape-tour-de-france-2025-tadej-pogacar-pulverise-a-nouveau-la-concurrence-a-peyragudes\/"},"author":{"name":"Victor Clot-Amiot","@id":"https:\/\/dicodusport.fr\/blog\/#\/schema\/person\/b623199cba9ba90fe84a3d16e9282360"},"headline":"13\u00e8me \u00e9tape Tour de France 2025 : Tadej Poga\u010dar pulv\u00e9rise \u00e0 nouveau la concurrence \u00e0 Peyragudes","datePublished":"2025-07-18T15:31:24+00:00","dateModified":"2025-07-19T07:23:27+00:00","mainEntityOfPage":{"@id":"https:\/\/dicodusport.fr\/blog\/13eme-etape-tour-de-france-2025-tadej-pogacar-pulverise-a-nouveau-la-concurrence-a-peyragudes\/"},"wordCount":1028,"commentCount":0,"publisher":{"@id":"https:\/\/dicodusport.fr\/blog\/#organization"},"image":{"@id":"https:\/\/dicodusport.fr\/blog\/13eme-etape-tour-de-france-2025-tadej-pogacar-pulverise-a-nouveau-la-concurrence-a-peyragudes\/#primaryimage"},"thumbnailUrl":"https:\/\/dicodusport.fr\/blog\/wp-content\/uploads\/2025\/07\/13eme-etape-Tour-de-France-2025-Tadej-Pogacar-pulverise-a-nouveau-la-concurrence-a-Peyragudes-1.png","keywords":["br\u00e8ve","Cyclisme","Cyclisme sur route","sport","Tour de France"],"articleSection":["Tour de France"],"inLanguage":"fr-FR","potentialAction":[{"@type":"CommentAction","name":"Comment","target":["https:\/\/dicodusport.fr\/blog\/13eme-etape-tour-de-france-2025-tadej-pogacar-pulverise-a-nouveau-la-concurrence-a-peyragudes\/#respond"]}],"copyrightYear":"2025","copyrightHolder":{"@id":"https:\/\/dicodusport.fr\/blog\/#organization"}},{"@type":"WebPage","@id":"https:\/\/dicodusport.fr\/blog\/13eme-etape-tour-de-france-2025-tadej-pogacar-pulverise-a-nouveau-la-concurrence-a-peyragudes\/","url":"https:\/\/dicodusport.fr\/blog\/13eme-etape-tour-de-france-2025-tadej-pogacar-pulverise-a-nouveau-la-concurrence-a-peyragudes\/","name":"13\u00e8me \u00e9tape Tour de France 2025 : Tadej Poga\u010dar pulv\u00e9rise \u00e0 nouveau la concurrence \u00e0 Peyragudes","isPartOf":{"@id":"https:\/\/dicodusport.fr\/blog\/#website"},"primaryImageOfPage":{"@id":"https:\/\/dicodusport.fr\/blog\/13eme-etape-tour-de-france-2025-tadej-pogacar-pulverise-a-nouveau-la-concurrence-a-peyragudes\/#primaryimage"},"image":{"@id":"https:\/\/dicodusport.fr\/blog\/13eme-etape-tour-de-france-2025-tadej-pogacar-pulverise-a-nouveau-la-concurrence-a-peyragudes\/#primaryimage"},"thumbnailUrl":"https:\/\/dicodusport.fr\/blog\/wp-content\/uploads\/2025\/07\/13eme-etape-Tour-de-France-2025-Tadej-Pogacar-pulverise-a-nouveau-la-concurrence-a-Peyragudes-1.png","datePublished":"2025-07-18T15:31:24+00:00","dateModified":"2025-07-19T07:23:27+00:00","description":"TOUR DE FRANCE 2025 \u2013 Tadej Poga\u010dar a \u00e0 nouveau surclass\u00e9 la concurrence. Son dauphin Jonas Vingegaard pointe \u00e0 36 secondes.","breadcrumb":{"@id":"https:\/\/dicodusport.fr\/blog\/13eme-etape-tour-de-france-2025-tadej-pogacar-pulverise-a-nouveau-la-concurrence-a-peyragudes\/#breadcrumb"},"inLanguage":"fr-FR","potentialAction":[{"@type":"ReadAction","target":["https:\/\/dicodusport.fr\/blog\/13eme-etape-tour-de-france-2025-tadej-pogacar-pulverise-a-nouveau-la-concurrence-a-peyragudes\/"]}]},{"@type":"ImageObject","inLanguage":"fr-FR","@id":"https:\/\/dicodusport.fr\/blog\/13eme-etape-tour-de-france-2025-tadej-pogacar-pulverise-a-nouveau-la-concurrence-a-peyragudes\/#primaryimage","url":"https:\/\/dicodusport.fr\/blog\/wp-content\/uploads\/2025\/07\/13eme-etape-Tour-de-France-2025-Tadej-Pogacar-pulverise-a-nouveau-la-concurrence-a-Peyragudes-1.png","contentUrl":"https:\/\/dicodusport.fr\/blog\/wp-content\/uploads\/2025\/07\/13eme-etape-Tour-de-France-2025-Tadej-Pogacar-pulverise-a-nouveau-la-concurrence-a-Peyragudes-1.png","width":1200,"height":674,"caption":"13\u00e8me \u00e9tape Tour de France 2025 Tadej Poga\u010dar pulv\u00e9rise \u00e0 nouveau la concurrence \u00e0 Peyragudes"},{"@type":"BreadcrumbList","@id":"https:\/\/dicodusport.fr\/blog\/13eme-etape-tour-de-france-2025-tadej-pogacar-pulverise-a-nouveau-la-concurrence-a-peyragudes\/#breadcrumb","itemListElement":[{"@type":"ListItem","position":1,"name":"Accueil","item":"https:\/\/dicodusport.fr\/blog\/"},{"@type":"ListItem","position":2,"name":"13\u00e8me \u00e9tape Tour de France 2025 : Tadej Poga\u010dar pulv\u00e9rise \u00e0 nouveau la concurrence \u00e0 Peyragudes"}]},{"@type":"WebSite","@id":"https:\/\/dicodusport.fr\/blog\/#website","url":"https:\/\/dicodusport.fr\/blog\/","name":"Dicodusport","description":"L&#039;encyclop\u00e9die de l&#039;actualit\u00e9 sportive","publisher":{"@id":"https:\/\/dicodusport.fr\/blog\/#organization"},"potentialAction":[{"@type":"SearchAction","target":{"@type":"EntryPoint","urlTemplate":"https:\/\/dicodusport.fr\/blog\/?s={search_term_string}"},"query-input":{"@type":"PropertyValueSpecification","valueRequired":true,"valueName":"search_term_string"}}],"inLanguage":"fr-FR"},{"@type":"NewsMediaOrganization","@id":"https:\/\/dicodusport.fr\/blog\/#organization","name":"Dicodusport","url":"https:\/\/dicodusport.fr\/blog\/","logo":{"@type":"ImageObject","inLanguage":"fr-FR","@id":"https:\/\/dicodusport.fr\/blog\/#\/schema\/logo\/image\/","url":"https:\/\/dicodusport.fr\/blog\/wp-content\/uploads\/2020\/06\/cropped-LOGO-DICODUSPORT-2020-SANS-FOND-SANS-TEXTE.png","contentUrl":"https:\/\/dicodusport.fr\/blog\/wp-content\/uploads\/2020\/06\/cropped-LOGO-DICODUSPORT-2020-SANS-FOND-SANS-TEXTE.png","width":512,"height":512,"caption":"Dicodusport"},"image":{"@id":"https:\/\/dicodusport.fr\/blog\/#\/schema\/logo\/image\/"},"sameAs":["https:\/\/www.facebook.com\/dicodusport","https:\/\/x.com\/dicodusport","https:\/\/www.instagram.com\/dicodusport\/","https:\/\/www.youtube.com\/channel\/UC7V2KZ5sd3htJivAbA4ZG3w"],"description":"Dicodusport est l'encyclop\u00e9die de l'actualit\u00e9 sportive.","email":"bonjour@dicodusport.fr","legalName":"DICODUSPORT","foundingDate":"2018-01-14","vatID":"FR71834470973","taxID":"83447097300043","numberOfEmployees":{"@type":"QuantitativeValue","minValue":"1","maxValue":"10"}},{"@type":"Person","@id":"https:\/\/dicodusport.fr\/blog\/#\/schema\/person\/b623199cba9ba90fe84a3d16e9282360","name":"Victor Clot-Amiot","image":{"@type":"ImageObject","inLanguage":"fr-FR","@id":"https:\/\/dicodusport.fr\/blog\/#\/schema\/person\/image\/","url":"https:\/\/dicodusport.fr\/blog\/wp-content\/uploads\/2023\/09\/IMG_20190826_114722-150x150.jpg","contentUrl":"https:\/\/dicodusport.fr\/blog\/wp-content\/uploads\/2023\/09\/IMG_20190826_114722-150x150.jpg","caption":"Victor Clot-Amiot"},"description":"Passionn\u00e9 de sport depuis toujours, un jour \u00e0 l'adolescence mes parents m'ont dit : \"quitte \u00e0 passer ton temps \u00e0 regarder du sport, au moins va le voir en vrai\" ! Depuis, cette remarque ne m'a plus quitt\u00e9 et je passe une grande partie de mon temps libre \u00e0 assister \u00e0 des comp\u00e9titions de tous sports. Je m\u00eale d'ailleurs mes deux passions, le sport et les voyages afin de faire une pierre deux coups ! Outre l'US Open ou l'Euro 2021 par exemple, j'ai assist\u00e9 cet \u00e9t\u00e9 aux Mondiaux d'athl\u00e9tisme \u00e0 Budapest. Mon plus gros coup dur est et restera les JO 2020-2021 pour lesquels j'avais r\u00e9serv\u00e9 17 \u00e9preuves. La suite, vous la connaissez...","sameAs":["https:\/\/x.com\/https:\/\/x.com\/VictorClotAmiot"],"url":"https:\/\/dicodusport.fr\/blog\/author\/victor-clot-amiot\/"}]}},"_links":{"self":[{"href":"https:\/\/dicodusport.fr\/blog\/wp-json\/wp\/v2\/posts\/596135","targetHints":{"allow":["GET"]}}],"collection":[{"href":"https:\/\/dicodusport.fr\/blog\/wp-json\/wp\/v2\/posts"}],"about":[{"href":"https:\/\/dicodusport.fr\/blog\/wp-json\/wp\/v2\/types\/post"}],"author":[{"embeddable":true,"href":"https:\/\/dicodusport.fr\/blog\/wp-json\/wp\/v2\/users\/91"}],"replies":[{"embeddable":true,"href":"https:\/\/dicodusport.fr\/blog\/wp-json\/wp\/v2\/comments?post=596135"}],"version-history":[{"count":5,"href":"https:\/\/dicodusport.fr\/blog\/wp-json\/wp\/v2\/posts\/596135\/revisions"}],"predecessor-version":[{"id":596396,"href":"https:\/\/dicodusport.fr\/blog\/wp-json\/wp\/v2\/posts\/596135\/revisions\/596396"}],"wp:featuredmedia":[{"embeddable":true,"href":"https:\/\/dicodusport.fr\/blog\/wp-json\/wp\/v2\/media\/596215"}],"wp:attachment":[{"href":"https:\/\/dicodusport.fr\/blog\/wp-json\/wp\/v2\/media?parent=596135"}],"wp:term":[{"taxonomy":"category","embeddable":true,"href":"https:\/\/dicodusport.fr\/blog\/wp-json\/wp\/v2\/categories?post=596135"},{"taxonomy":"post_tag","embeddable":true,"href":"https:\/\/dicodusport.fr\/blog\/wp-json\/wp\/v2\/tags?post=596135"}],"curies":[{"name":"wp","href":"https:\/\/api.w.org\/{rel}","templated":true}]}}