{"id":596150,"date":"2025-07-18T17:50:21","date_gmt":"2025-07-18T15:50:21","guid":{"rendered":"https:\/\/dicodusport.fr\/blog\/?p=596150&#038;preview=true&#038;preview_id=596150"},"modified":"2025-07-18T18:15:15","modified_gmt":"2025-07-18T16:15:15","slug":"le-francais-de-la-13eme-etape-un-ultime-baroud-dhonneur-pour-bryan-coquard","status":"publish","type":"post","link":"https:\/\/dicodusport.fr\/blog\/le-francais-de-la-13eme-etape-un-ultime-baroud-dhonneur-pour-bryan-coquard\/","title":{"rendered":"Le Fran\u00e7ais de la 13\u00e8me \u00e9tape : Un ultime baroud d\u2019honneur pour Bryan Coquard"},"content":{"rendered":"<p style=\"text-align: justify;\"><strong><em>TOUR DE FRANCE 2025 &#8211; <\/em><\/strong><strong><em>Hier, Bryan Coquard (Cofidis) s\u2019est fractur\u00e9 l\u2019annulaire droit en voulant se saisir d\u2019une musette. Forfait pour la suite du Tour de France, le sprinteur tricolore a tout de m\u00eame tenu \u00e0 prendre le d\u00e9part de ce contre-la-montre en c\u00f4te.<\/em><\/strong><\/p>\n<ul style=\"text-align: justify;\">\n<li><strong>\u00c0 ce sujet \u2013 <a href=\"https:\/\/dicodusport.fr\/blog\/13eme-etape-tour-de-france-2025-classement-et-resultats-du-contre-la-montre\/\">13\u00e8me \u00e9tape Tour de France 2025 \u2013 Classement et r\u00e9sultats<\/a><\/strong><\/li>\n<\/ul>\n<p style=\"font-weight: 400; text-align: justify;\">Oui, c\u2019est bien un sprinteur qui m\u00e9rite, en ce jour de contre-la-montre en c\u00f4te, le titre de Fran\u00e7ais du jour. <strong>Bryan Coquard<\/strong>, l\u2019annulaire immobilis\u00e9 apr\u00e8s sa fracture survenue la veille, n\u2019a pas souhait\u00e9 quitter le <strong>Tour de France 2025<\/strong> par la petite porte. Malgr\u00e9 une \u00e9tape qui ne correspond pas \u00e0 ses qualit\u00e9s, le natif de <strong>Saint-Nazaire<\/strong> a fait honneur \u00e0 la plus grande course du monde en prenant le d\u00e9part de cette 13<sup>\u00e8me<\/sup> \u00e9tape. Un contre-la-montre en c\u00f4te de 10,9 km, trac\u00e9 entre <strong>Loudenvielle<\/strong> et l\u2019altiport de <strong>Peyragudes<\/strong>.<\/p>\n<div class=\"vlp-link-container vlp-layout-article\"><a href=\"https:\/\/dicodusport.fr\/blog\/13eme-etape-tour-de-france-2025-tadej-pogacar-pulverise-a-nouveau-la-concurrence-a-peyragudes\/\" class=\"vlp-link\" title=\"13\u00e8me \u00e9tape Tour de France 2025 : Tadej Poga\u010dar pulv\u00e9rise \u00e0 nouveau la concurrence \u00e0 Peyragudes\"><\/a><div class=\"vlp-layout-zone-side\"><div class=\"vlp-block-4 vlp-link-image\"><img loading=\"lazy\" decoding=\"async\" style=\"max-width: 792px;\" width=\"792\" height=\"445\" src=\"https:\/\/dicodusport.fr\/blog\/wp-content\/uploads\/2025\/07\/13eme-etape-Tour-de-France-2025-Tadej-Pogacar-pulverise-a-nouveau-la-concurrence-a-Peyragudes-1.png\" class=\"attachment-800x445 size-800x445\" alt=\"13\u00e8me \u00e9tape Tour de France 2025 Tadej Poga\u010dar pulv\u00e9rise \u00e0 nouveau la concurrence \u00e0 Peyragudes\" srcset=\"https:\/\/dicodusport.fr\/blog\/wp-content\/uploads\/2025\/07\/13eme-etape-Tour-de-France-2025-Tadej-Pogacar-pulverise-a-nouveau-la-concurrence-a-Peyragudes-1.png 1200w, https:\/\/dicodusport.fr\/blog\/wp-content\/uploads\/2025\/07\/13eme-etape-Tour-de-France-2025-Tadej-Pogacar-pulverise-a-nouveau-la-concurrence-a-Peyragudes-1-300x169.png 300w, https:\/\/dicodusport.fr\/blog\/wp-content\/uploads\/2025\/07\/13eme-etape-Tour-de-France-2025-Tadej-Pogacar-pulverise-a-nouveau-la-concurrence-a-Peyragudes-1-1024x575.png 1024w, https:\/\/dicodusport.fr\/blog\/wp-content\/uploads\/2025\/07\/13eme-etape-Tour-de-France-2025-Tadej-Pogacar-pulverise-a-nouveau-la-concurrence-a-Peyragudes-1-768x431.png 768w\" sizes=\"auto, (max-width: 792px) 100vw, 792px\" \/><\/div><\/div><div class=\"vlp-layout-zone-main\"><div class=\"vlp-block-0 vlp-link-title\">13\u00e8me \u00e9tape Tour de France 2025 : Tadej Poga\u010dar pulv\u00e9rise \u00e0 nouveau la concurrence \u00e0 Peyragudes<\/div><div class=\"vlp-block-1 vlp-link-summary\">Tadej Poga\u010dar a \u00e0 nouveau surclass\u00e9 la concurrence. Son dauphin Jonas Vingegaard pointe \u00e0 36 secondes.<\/div><div class=\"vlp-block-2 vlp-link-button\">Lire l'article<\/div><div class=\"vlp-block-3 vlp-link-url\">dicodusport.fr<\/div><\/div><\/div>\n<h2 style=\"font-weight: 400; text-align: justify;\"><strong>Par respect pour le Tour de France<\/strong><\/h2>\n<ul style=\"text-align: justify;\">\n<li><strong>\u00c0 ce sujet \u2013\u00a0<a href=\"https:\/\/dicodusport.fr\/blog\/classement-general-actualise-tour-de-france-2025\/\">Classement g\u00e9n\u00e9ral actualis\u00e9 Tour de France 2025<\/a><\/strong><\/li>\n<\/ul>\n<p style=\"font-weight: 400; text-align: justify;\"><span style=\"font-weight: 400;\">Si son r\u00e9sultat est anecdotique (152<span style=\"font-size: 13.3333px;\">\u00e8me<\/span>, \u00e0 6 minutes et 51 secondes de <\/span><b>Tadej Poga\u010dar<\/b>), c\u2019est avant tout le geste qui prime. Pr\u00e9f\u00e9rer r\u00e9aliser un ultime baroud d\u2019honneur, sur un terrain qui lui est totalement d\u00e9favorable, plut\u00f4t que de plier bagage un jour plus t\u00f4t. Une seconde option que beaucoup de coureurs auraient \u00e9t\u00e9 tent\u00e9s de prendre \u00e0 sa place.<\/p>\n<div class=\"vlp-link-container vlp-layout-article\"><a href=\"https:\/\/dicodusport.fr\/blog\/billet-dhumeur-tour-de-france-les-espagnols-en-plein-naufrage\/\" class=\"vlp-link\" title=\"Billet d\u2019humeur Tour de France : Les Espagnols en plein naufrage\"><\/a><div class=\"vlp-layout-zone-side\"><div class=\"vlp-block-4 vlp-link-image\"><img loading=\"lazy\" decoding=\"async\" style=\"max-width: 792px;\" width=\"792\" height=\"445\" src=\"https:\/\/dicodusport.fr\/blog\/wp-content\/uploads\/2025\/07\/Billet-dhumeur-Tour-de-France-les-Espagnols-en-plein-naufrage.png\" class=\"attachment-800x445 size-800x445\" alt=\"Billet d\u2019humeur Tour de France les Espagnols en plein naufrage\" srcset=\"https:\/\/dicodusport.fr\/blog\/wp-content\/uploads\/2025\/07\/Billet-dhumeur-Tour-de-France-les-Espagnols-en-plein-naufrage.png 1200w, https:\/\/dicodusport.fr\/blog\/wp-content\/uploads\/2025\/07\/Billet-dhumeur-Tour-de-France-les-Espagnols-en-plein-naufrage-300x169.png 300w, https:\/\/dicodusport.fr\/blog\/wp-content\/uploads\/2025\/07\/Billet-dhumeur-Tour-de-France-les-Espagnols-en-plein-naufrage-1024x575.png 1024w, https:\/\/dicodusport.fr\/blog\/wp-content\/uploads\/2025\/07\/Billet-dhumeur-Tour-de-France-les-Espagnols-en-plein-naufrage-768x431.png 768w\" sizes=\"auto, (max-width: 792px) 100vw, 792px\" \/><\/div><\/div><div class=\"vlp-layout-zone-main\"><div class=\"vlp-block-0 vlp-link-title\">Billet d\u2019humeur Tour de France : Les Espagnols en plein naufrage<\/div><div class=\"vlp-block-1 vlp-link-summary\">TOUR DE FRANCE 2025 \u2013 Les coureurs espagnols sont pour l'heure en perdition sur ce Tour de France. Une tendance qui ne date pas de cette \u00e9dition, mais qui r\u00e9v\u00e8le finalement un mal plus profond.\u00a0<\/div><div class=\"vlp-block-2 vlp-link-button\">Lire l'article<\/div><div class=\"vlp-block-3 vlp-link-url\">dicodusport.fr<\/div><\/div><\/div>\n<p style=\"font-weight: 400; text-align: justify;\">Demain, <strong>Bryan Coquard<\/strong> laissera sa formation <strong>Cofidis<\/strong> \u00e0 sept coureurs. Incapable de se saisir correctement du frein droit, il s\u2019estime lui-m\u00eame \u00eatre un danger au sein du peloton. Par sagesse, <strong>le Coq se retire du<\/strong> <strong>Tour de France<\/strong> et devrait se faire op\u00e9rer en d\u00e9but de semaine prochaine, avant de nouvelles aventures.<\/p>\n<blockquote class=\"twitter-tweet\">\n<p dir=\"ltr\" lang=\"fr\">\ud83d\udc4b <a href=\"https:\/\/twitter.com\/bryancoquard?ref_src=twsrc%5Etfw\">@bryancoquard<\/a> has finished his time trial and his <a href=\"https:\/\/twitter.com\/hashtag\/TDF2025?src=hash&amp;ref_src=twsrc%5Etfw\">#TDF2025<\/a>. Heal well and see you soon Bryan!<\/p>\n<p>\ud83d\udc4b <a href=\"https:\/\/twitter.com\/bryancoquard?ref_src=twsrc%5Etfw\">@bryancoquard<\/a> en a termin\u00e9 avec son chrono et avec son <a href=\"https:\/\/twitter.com\/hashtag\/TDF2025?src=hash&amp;ref_src=twsrc%5Etfw\">#TDF2025<\/a>. Soigne-toi bien Bryan ! <a href=\"https:\/\/t.co\/bB48ARlZnM\">pic.twitter.com\/bB48ARlZnM<\/a><\/p>\n<p>\u2014 Tour de France\u2122 (@LeTour) <a href=\"https:\/\/twitter.com\/LeTour\/status\/1946188388341579797?ref_src=twsrc%5Etfw\">July 18, 2025<\/a><\/p><\/blockquote>\n<p style=\"text-align: justify;\"><script async src=\"https:\/\/platform.twitter.com\/widgets.js\" charset=\"utf-8\"><\/script><\/p>\n<h3 style=\"text-align: justify;\">\u00c0 lire aussi<\/h3>\n<ul>\n<li style=\"text-align: justify;\"><a href=\"https:\/\/dicodusport.fr\/blog\/maillot-vert-tour-de-france-2025-classement-par-points\/\"><strong>Classement par points du Tour de France<\/strong><\/a><\/li>\n<li style=\"text-align: justify;\"><a href=\"https:\/\/dicodusport.fr\/blog\/maillot-a-pois-tour-de-france-2025-classement-meilleur-grimpeur\/\"><strong>Classement meilleur grimpeur du Tour de France<\/strong><\/a><\/li>\n<li style=\"text-align: justify;\"><a href=\"https:\/\/dicodusport.fr\/blog\/maillot-blanc-tour-de-france-2025-classement-meilleur-jeune\/\"><strong>Classement meilleur jeune du Tour de France<\/strong><\/a><\/li>\n<\/ul>\n","protected":false},"excerpt":{"rendered":"<p>TOUR DE FRANCE 2025 &#8211; Hier, Bryan Coquard (Cofidis) s\u2019est fractur\u00e9 l\u2019annulaire droit en voulant se saisir d\u2019une musette. Forfait pour la suite du Tour de France, le sprinteur tricolore a tout de m\u00eame tenu \u00e0 prendre le d\u00e9part de ce contre-la-montre en c\u00f4te.<\/p>\n","protected":false},"author":107,"featured_media":596222,"comment_status":"open","ping_status":"closed","sticky":false,"template":"","format":"standard","meta":{"_acf_changed":false,"_daextam_enable_autolinks":"1","footnotes":""},"categories":[46995],"tags":[16878,574,11197,1262],"class_list":["post-596150","post","type-post","status-publish","format-standard","has-post-thumbnail","hentry","category-tour-de-france","tag-breve","tag-cyclisme","tag-cyclisme-sur-route","tag-tour-de-france"],"acf":[],"yoast_head":"<!-- This site is optimized with the Yoast SEO Premium plugin v26.7 (Yoast SEO v26.7) - https:\/\/yoast.com\/wordpress\/plugins\/seo\/ -->\n<title>Le Fran\u00e7ais de la 13\u00e8me \u00e9tape : Un ultime baroud d\u2019honneur pour Bryan Coquard<\/title>\n<meta name=\"description\" content=\"Forfait pour la suite du Tour de France \u00e0 cause d&#039;un doigt fractur\u00e9, Bryan Coquard a tenu \u00e0 prendre le d\u00e9part de cette 13\u00e8me \u00e9tape.\" \/>\n<meta name=\"robots\" content=\"index, follow, max-snippet:-1, max-image-preview:large, max-video-preview:-1\" \/>\n<link rel=\"canonical\" href=\"https:\/\/dicodusport.fr\/blog\/le-francais-de-la-13eme-etape-un-ultime-baroud-dhonneur-pour-bryan-coquard\/\" \/>\n<meta property=\"og:locale\" content=\"fr_FR\" \/>\n<meta property=\"og:type\" content=\"article\" \/>\n<meta property=\"og:title\" content=\"Le Fran\u00e7ais de la 13\u00e8me \u00e9tape : Un ultime baroud d\u2019honneur pour Bryan Coquard\" \/>\n<meta property=\"og:description\" content=\"Forfait pour la suite du Tour de France \u00e0 cause d&#039;un doigt fractur\u00e9, Bryan Coquard a tenu \u00e0 prendre le d\u00e9part de cette 13\u00e8me \u00e9tape.\" \/>\n<meta property=\"og:url\" content=\"https:\/\/dicodusport.fr\/blog\/le-francais-de-la-13eme-etape-un-ultime-baroud-dhonneur-pour-bryan-coquard\/\" \/>\n<meta property=\"og:site_name\" content=\"Dicodusport\" \/>\n<meta property=\"article:publisher\" content=\"https:\/\/www.facebook.com\/dicodusport\" \/>\n<meta property=\"article:published_time\" content=\"2025-07-18T15:50:21+00:00\" \/>\n<meta property=\"article:modified_time\" content=\"2025-07-18T16:15:15+00:00\" \/>\n<meta property=\"og:image\" content=\"https:\/\/dicodusport.fr\/blog\/wp-content\/uploads\/2025\/07\/Le-Francais-de-la-13eme-etape-Un-ultime-baroud-dhonneur-pour-Bryan-Coquard.png\" \/>\n\t<meta property=\"og:image:width\" content=\"1200\" \/>\n\t<meta property=\"og:image:height\" content=\"674\" \/>\n\t<meta property=\"og:image:type\" content=\"image\/png\" \/>\n<meta name=\"author\" content=\"Th\u00e9o Gripon Auer\" \/>\n<meta name=\"twitter:card\" content=\"summary_large_image\" \/>\n<meta name=\"twitter:title\" content=\"Le Fran\u00e7ais de la 13\u00e8me \u00e9tape : Un ultime baroud d\u2019honneur pour Bryan Coquard\" \/>\n<meta name=\"twitter:creator\" content=\"@dicodusport\" \/>\n<meta name=\"twitter:site\" content=\"@dicodusport\" \/>\n<script type=\"application\/ld+json\" class=\"yoast-schema-graph\">{\"@context\":\"https:\/\/schema.org\",\"@graph\":[{\"@type\":\"NewsArticle\",\"@id\":\"https:\/\/dicodusport.fr\/blog\/le-francais-de-la-13eme-etape-un-ultime-baroud-dhonneur-pour-bryan-coquard\/#article\",\"isPartOf\":{\"@id\":\"https:\/\/dicodusport.fr\/blog\/le-francais-de-la-13eme-etape-un-ultime-baroud-dhonneur-pour-bryan-coquard\/\"},\"author\":{\"name\":\"Th\u00e9o Gripon Auer\",\"@id\":\"https:\/\/dicodusport.fr\/blog\/#\/schema\/person\/c0d35c220c4e79773da9e19a595ab67c\"},\"headline\":\"Le Fran\u00e7ais de la 13\u00e8me \u00e9tape : Un ultime baroud d\u2019honneur pour Bryan Coquard\",\"datePublished\":\"2025-07-18T15:50:21+00:00\",\"dateModified\":\"2025-07-18T16:15:15+00:00\",\"mainEntityOfPage\":{\"@id\":\"https:\/\/dicodusport.fr\/blog\/le-francais-de-la-13eme-etape-un-ultime-baroud-dhonneur-pour-bryan-coquard\/\"},\"wordCount\":531,\"commentCount\":0,\"publisher\":{\"@id\":\"https:\/\/dicodusport.fr\/blog\/#organization\"},\"image\":{\"@id\":\"https:\/\/dicodusport.fr\/blog\/le-francais-de-la-13eme-etape-un-ultime-baroud-dhonneur-pour-bryan-coquard\/#primaryimage\"},\"thumbnailUrl\":\"https:\/\/dicodusport.fr\/blog\/wp-content\/uploads\/2025\/07\/Le-Francais-de-la-13eme-etape-Un-ultime-baroud-dhonneur-pour-Bryan-Coquard.png\",\"keywords\":[\"br\u00e8ve\",\"Cyclisme\",\"Cyclisme sur route\",\"Tour de France\"],\"articleSection\":[\"Tour de France\"],\"inLanguage\":\"fr-FR\",\"potentialAction\":[{\"@type\":\"CommentAction\",\"name\":\"Comment\",\"target\":[\"https:\/\/dicodusport.fr\/blog\/le-francais-de-la-13eme-etape-un-ultime-baroud-dhonneur-pour-bryan-coquard\/#respond\"]}],\"copyrightYear\":\"2025\",\"copyrightHolder\":{\"@id\":\"https:\/\/dicodusport.fr\/blog\/#organization\"}},{\"@type\":\"WebPage\",\"@id\":\"https:\/\/dicodusport.fr\/blog\/le-francais-de-la-13eme-etape-un-ultime-baroud-dhonneur-pour-bryan-coquard\/\",\"url\":\"https:\/\/dicodusport.fr\/blog\/le-francais-de-la-13eme-etape-un-ultime-baroud-dhonneur-pour-bryan-coquard\/\",\"name\":\"Le Fran\u00e7ais de la 13\u00e8me \u00e9tape : Un ultime baroud d\u2019honneur pour Bryan Coquard\",\"isPartOf\":{\"@id\":\"https:\/\/dicodusport.fr\/blog\/#website\"},\"primaryImageOfPage\":{\"@id\":\"https:\/\/dicodusport.fr\/blog\/le-francais-de-la-13eme-etape-un-ultime-baroud-dhonneur-pour-bryan-coquard\/#primaryimage\"},\"image\":{\"@id\":\"https:\/\/dicodusport.fr\/blog\/le-francais-de-la-13eme-etape-un-ultime-baroud-dhonneur-pour-bryan-coquard\/#primaryimage\"},\"thumbnailUrl\":\"https:\/\/dicodusport.fr\/blog\/wp-content\/uploads\/2025\/07\/Le-Francais-de-la-13eme-etape-Un-ultime-baroud-dhonneur-pour-Bryan-Coquard.png\",\"datePublished\":\"2025-07-18T15:50:21+00:00\",\"dateModified\":\"2025-07-18T16:15:15+00:00\",\"description\":\"Forfait pour la suite du Tour de France \u00e0 cause d'un doigt fractur\u00e9, Bryan Coquard a tenu \u00e0 prendre le d\u00e9part de cette 13\u00e8me \u00e9tape.\",\"breadcrumb\":{\"@id\":\"https:\/\/dicodusport.fr\/blog\/le-francais-de-la-13eme-etape-un-ultime-baroud-dhonneur-pour-bryan-coquard\/#breadcrumb\"},\"inLanguage\":\"fr-FR\",\"potentialAction\":[{\"@type\":\"ReadAction\",\"target\":[\"https:\/\/dicodusport.fr\/blog\/le-francais-de-la-13eme-etape-un-ultime-baroud-dhonneur-pour-bryan-coquard\/\"]}]},{\"@type\":\"ImageObject\",\"inLanguage\":\"fr-FR\",\"@id\":\"https:\/\/dicodusport.fr\/blog\/le-francais-de-la-13eme-etape-un-ultime-baroud-dhonneur-pour-bryan-coquard\/#primaryimage\",\"url\":\"https:\/\/dicodusport.fr\/blog\/wp-content\/uploads\/2025\/07\/Le-Francais-de-la-13eme-etape-Un-ultime-baroud-dhonneur-pour-Bryan-Coquard.png\",\"contentUrl\":\"https:\/\/dicodusport.fr\/blog\/wp-content\/uploads\/2025\/07\/Le-Francais-de-la-13eme-etape-Un-ultime-baroud-dhonneur-pour-Bryan-Coquard.png\",\"width\":1200,\"height\":674,\"caption\":\"Le Fran\u00e7ais de la 13\u00e8me \u00e9tape Un ultime baroud d\u2019honneur pour Bryan Coquard\"},{\"@type\":\"BreadcrumbList\",\"@id\":\"https:\/\/dicodusport.fr\/blog\/le-francais-de-la-13eme-etape-un-ultime-baroud-dhonneur-pour-bryan-coquard\/#breadcrumb\",\"itemListElement\":[{\"@type\":\"ListItem\",\"position\":1,\"name\":\"Accueil\",\"item\":\"https:\/\/dicodusport.fr\/blog\/\"},{\"@type\":\"ListItem\",\"position\":2,\"name\":\"Le Fran\u00e7ais de la 13\u00e8me \u00e9tape : Un ultime baroud d\u2019honneur pour Bryan Coquard\"}]},{\"@type\":\"WebSite\",\"@id\":\"https:\/\/dicodusport.fr\/blog\/#website\",\"url\":\"https:\/\/dicodusport.fr\/blog\/\",\"name\":\"Dicodusport\",\"description\":\"L&#039;encyclop\u00e9die de l&#039;actualit\u00e9 sportive\",\"publisher\":{\"@id\":\"https:\/\/dicodusport.fr\/blog\/#organization\"},\"potentialAction\":[{\"@type\":\"SearchAction\",\"target\":{\"@type\":\"EntryPoint\",\"urlTemplate\":\"https:\/\/dicodusport.fr\/blog\/?s={search_term_string}\"},\"query-input\":{\"@type\":\"PropertyValueSpecification\",\"valueRequired\":true,\"valueName\":\"search_term_string\"}}],\"inLanguage\":\"fr-FR\"},{\"@type\":\"NewsMediaOrganization\",\"@id\":\"https:\/\/dicodusport.fr\/blog\/#organization\",\"name\":\"Dicodusport\",\"url\":\"https:\/\/dicodusport.fr\/blog\/\",\"logo\":{\"@type\":\"ImageObject\",\"inLanguage\":\"fr-FR\",\"@id\":\"https:\/\/dicodusport.fr\/blog\/#\/schema\/logo\/image\/\",\"url\":\"https:\/\/dicodusport.fr\/blog\/wp-content\/uploads\/2020\/06\/cropped-LOGO-DICODUSPORT-2020-SANS-FOND-SANS-TEXTE.png\",\"contentUrl\":\"https:\/\/dicodusport.fr\/blog\/wp-content\/uploads\/2020\/06\/cropped-LOGO-DICODUSPORT-2020-SANS-FOND-SANS-TEXTE.png\",\"width\":512,\"height\":512,\"caption\":\"Dicodusport\"},\"image\":{\"@id\":\"https:\/\/dicodusport.fr\/blog\/#\/schema\/logo\/image\/\"},\"sameAs\":[\"https:\/\/www.facebook.com\/dicodusport\",\"https:\/\/x.com\/dicodusport\",\"https:\/\/www.instagram.com\/dicodusport\/\",\"https:\/\/www.youtube.com\/channel\/UC7V2KZ5sd3htJivAbA4ZG3w\"],\"description\":\"Dicodusport est l'encyclop\u00e9die de l'actualit\u00e9 sportive.\",\"email\":\"bonjour@dicodusport.fr\",\"legalName\":\"DICODUSPORT\",\"foundingDate\":\"2018-01-14\",\"vatID\":\"FR71834470973\",\"taxID\":\"83447097300043\",\"numberOfEmployees\":{\"@type\":\"QuantitativeValue\",\"minValue\":\"1\",\"maxValue\":\"10\"}},{\"@type\":\"Person\",\"@id\":\"https:\/\/dicodusport.fr\/blog\/#\/schema\/person\/c0d35c220c4e79773da9e19a595ab67c\",\"name\":\"Th\u00e9o Gripon Auer\",\"image\":{\"@type\":\"ImageObject\",\"inLanguage\":\"fr-FR\",\"@id\":\"https:\/\/dicodusport.fr\/blog\/#\/schema\/person\/image\/\",\"url\":\"https:\/\/dicodusport.fr\/blog\/wp-content\/uploads\/2025\/02\/Maillot-Dicodusport-Theo-150x150.png\",\"contentUrl\":\"https:\/\/dicodusport.fr\/blog\/wp-content\/uploads\/2025\/02\/Maillot-Dicodusport-Theo-150x150.png\",\"caption\":\"Th\u00e9o Gripon Auer\"},\"description\":\"Partag\u00e9 entre la passion du sport et celle de l\u2019\u00e9criture, je f\u00e9d\u00e8re les deux au service de Dicodusport. Un poil frustr\u00e9 de ne pas avoir r\u00e9ussi \u00e0 devenir sportif pro, alors que je ne me suis jamais fait les crois\u00e9s, je partage tout de m\u00eame un point commun avec Tadej Pogacar, Cristiano Ronaldo et John McEnroe : celui de n\u2019avoir jamais \u00e9t\u00e9 champion olympique.\",\"url\":\"https:\/\/dicodusport.fr\/blog\/author\/theo-gripon-auer\/\"}]}<\/script>\n<!-- \/ Yoast SEO Premium plugin. -->","yoast_head_json":{"title":"Le Fran\u00e7ais de la 13\u00e8me \u00e9tape : Un ultime baroud d\u2019honneur pour Bryan Coquard","description":"Forfait pour la suite du Tour de France \u00e0 cause d'un doigt fractur\u00e9, Bryan Coquard a tenu \u00e0 prendre le d\u00e9part de cette 13\u00e8me \u00e9tape.","robots":{"index":"index","follow":"follow","max-snippet":"max-snippet:-1","max-image-preview":"max-image-preview:large","max-video-preview":"max-video-preview:-1"},"canonical":"https:\/\/dicodusport.fr\/blog\/le-francais-de-la-13eme-etape-un-ultime-baroud-dhonneur-pour-bryan-coquard\/","og_locale":"fr_FR","og_type":"article","og_title":"Le Fran\u00e7ais de la 13\u00e8me \u00e9tape : Un ultime baroud d\u2019honneur pour Bryan Coquard","og_description":"Forfait pour la suite du Tour de France \u00e0 cause d'un doigt fractur\u00e9, Bryan Coquard a tenu \u00e0 prendre le d\u00e9part de cette 13\u00e8me \u00e9tape.","og_url":"https:\/\/dicodusport.fr\/blog\/le-francais-de-la-13eme-etape-un-ultime-baroud-dhonneur-pour-bryan-coquard\/","og_site_name":"Dicodusport","article_publisher":"https:\/\/www.facebook.com\/dicodusport","article_published_time":"2025-07-18T15:50:21+00:00","article_modified_time":"2025-07-18T16:15:15+00:00","og_image":[{"width":1200,"height":674,"url":"https:\/\/dicodusport.fr\/blog\/wp-content\/uploads\/2025\/07\/Le-Francais-de-la-13eme-etape-Un-ultime-baroud-dhonneur-pour-Bryan-Coquard.png","type":"image\/png"}],"author":"Th\u00e9o Gripon Auer","twitter_card":"summary_large_image","twitter_title":"Le Fran\u00e7ais de la 13\u00e8me \u00e9tape : Un ultime baroud d\u2019honneur pour Bryan Coquard","twitter_creator":"@dicodusport","twitter_site":"@dicodusport","schema":{"@context":"https:\/\/schema.org","@graph":[{"@type":"NewsArticle","@id":"https:\/\/dicodusport.fr\/blog\/le-francais-de-la-13eme-etape-un-ultime-baroud-dhonneur-pour-bryan-coquard\/#article","isPartOf":{"@id":"https:\/\/dicodusport.fr\/blog\/le-francais-de-la-13eme-etape-un-ultime-baroud-dhonneur-pour-bryan-coquard\/"},"author":{"name":"Th\u00e9o Gripon Auer","@id":"https:\/\/dicodusport.fr\/blog\/#\/schema\/person\/c0d35c220c4e79773da9e19a595ab67c"},"headline":"Le Fran\u00e7ais de la 13\u00e8me \u00e9tape : Un ultime baroud d\u2019honneur pour Bryan Coquard","datePublished":"2025-07-18T15:50:21+00:00","dateModified":"2025-07-18T16:15:15+00:00","mainEntityOfPage":{"@id":"https:\/\/dicodusport.fr\/blog\/le-francais-de-la-13eme-etape-un-ultime-baroud-dhonneur-pour-bryan-coquard\/"},"wordCount":531,"commentCount":0,"publisher":{"@id":"https:\/\/dicodusport.fr\/blog\/#organization"},"image":{"@id":"https:\/\/dicodusport.fr\/blog\/le-francais-de-la-13eme-etape-un-ultime-baroud-dhonneur-pour-bryan-coquard\/#primaryimage"},"thumbnailUrl":"https:\/\/dicodusport.fr\/blog\/wp-content\/uploads\/2025\/07\/Le-Francais-de-la-13eme-etape-Un-ultime-baroud-dhonneur-pour-Bryan-Coquard.png","keywords":["br\u00e8ve","Cyclisme","Cyclisme sur route","Tour de France"],"articleSection":["Tour de France"],"inLanguage":"fr-FR","potentialAction":[{"@type":"CommentAction","name":"Comment","target":["https:\/\/dicodusport.fr\/blog\/le-francais-de-la-13eme-etape-un-ultime-baroud-dhonneur-pour-bryan-coquard\/#respond"]}],"copyrightYear":"2025","copyrightHolder":{"@id":"https:\/\/dicodusport.fr\/blog\/#organization"}},{"@type":"WebPage","@id":"https:\/\/dicodusport.fr\/blog\/le-francais-de-la-13eme-etape-un-ultime-baroud-dhonneur-pour-bryan-coquard\/","url":"https:\/\/dicodusport.fr\/blog\/le-francais-de-la-13eme-etape-un-ultime-baroud-dhonneur-pour-bryan-coquard\/","name":"Le Fran\u00e7ais de la 13\u00e8me \u00e9tape : Un ultime baroud d\u2019honneur pour Bryan Coquard","isPartOf":{"@id":"https:\/\/dicodusport.fr\/blog\/#website"},"primaryImageOfPage":{"@id":"https:\/\/dicodusport.fr\/blog\/le-francais-de-la-13eme-etape-un-ultime-baroud-dhonneur-pour-bryan-coquard\/#primaryimage"},"image":{"@id":"https:\/\/dicodusport.fr\/blog\/le-francais-de-la-13eme-etape-un-ultime-baroud-dhonneur-pour-bryan-coquard\/#primaryimage"},"thumbnailUrl":"https:\/\/dicodusport.fr\/blog\/wp-content\/uploads\/2025\/07\/Le-Francais-de-la-13eme-etape-Un-ultime-baroud-dhonneur-pour-Bryan-Coquard.png","datePublished":"2025-07-18T15:50:21+00:00","dateModified":"2025-07-18T16:15:15+00:00","description":"Forfait pour la suite du Tour de France \u00e0 cause d'un doigt fractur\u00e9, Bryan Coquard a tenu \u00e0 prendre le d\u00e9part de cette 13\u00e8me \u00e9tape.","breadcrumb":{"@id":"https:\/\/dicodusport.fr\/blog\/le-francais-de-la-13eme-etape-un-ultime-baroud-dhonneur-pour-bryan-coquard\/#breadcrumb"},"inLanguage":"fr-FR","potentialAction":[{"@type":"ReadAction","target":["https:\/\/dicodusport.fr\/blog\/le-francais-de-la-13eme-etape-un-ultime-baroud-dhonneur-pour-bryan-coquard\/"]}]},{"@type":"ImageObject","inLanguage":"fr-FR","@id":"https:\/\/dicodusport.fr\/blog\/le-francais-de-la-13eme-etape-un-ultime-baroud-dhonneur-pour-bryan-coquard\/#primaryimage","url":"https:\/\/dicodusport.fr\/blog\/wp-content\/uploads\/2025\/07\/Le-Francais-de-la-13eme-etape-Un-ultime-baroud-dhonneur-pour-Bryan-Coquard.png","contentUrl":"https:\/\/dicodusport.fr\/blog\/wp-content\/uploads\/2025\/07\/Le-Francais-de-la-13eme-etape-Un-ultime-baroud-dhonneur-pour-Bryan-Coquard.png","width":1200,"height":674,"caption":"Le Fran\u00e7ais de la 13\u00e8me \u00e9tape Un ultime baroud d\u2019honneur pour Bryan Coquard"},{"@type":"BreadcrumbList","@id":"https:\/\/dicodusport.fr\/blog\/le-francais-de-la-13eme-etape-un-ultime-baroud-dhonneur-pour-bryan-coquard\/#breadcrumb","itemListElement":[{"@type":"ListItem","position":1,"name":"Accueil","item":"https:\/\/dicodusport.fr\/blog\/"},{"@type":"ListItem","position":2,"name":"Le Fran\u00e7ais de la 13\u00e8me \u00e9tape : Un ultime baroud d\u2019honneur pour Bryan Coquard"}]},{"@type":"WebSite","@id":"https:\/\/dicodusport.fr\/blog\/#website","url":"https:\/\/dicodusport.fr\/blog\/","name":"Dicodusport","description":"L&#039;encyclop\u00e9die de l&#039;actualit\u00e9 sportive","publisher":{"@id":"https:\/\/dicodusport.fr\/blog\/#organization"},"potentialAction":[{"@type":"SearchAction","target":{"@type":"EntryPoint","urlTemplate":"https:\/\/dicodusport.fr\/blog\/?s={search_term_string}"},"query-input":{"@type":"PropertyValueSpecification","valueRequired":true,"valueName":"search_term_string"}}],"inLanguage":"fr-FR"},{"@type":"NewsMediaOrganization","@id":"https:\/\/dicodusport.fr\/blog\/#organization","name":"Dicodusport","url":"https:\/\/dicodusport.fr\/blog\/","logo":{"@type":"ImageObject","inLanguage":"fr-FR","@id":"https:\/\/dicodusport.fr\/blog\/#\/schema\/logo\/image\/","url":"https:\/\/dicodusport.fr\/blog\/wp-content\/uploads\/2020\/06\/cropped-LOGO-DICODUSPORT-2020-SANS-FOND-SANS-TEXTE.png","contentUrl":"https:\/\/dicodusport.fr\/blog\/wp-content\/uploads\/2020\/06\/cropped-LOGO-DICODUSPORT-2020-SANS-FOND-SANS-TEXTE.png","width":512,"height":512,"caption":"Dicodusport"},"image":{"@id":"https:\/\/dicodusport.fr\/blog\/#\/schema\/logo\/image\/"},"sameAs":["https:\/\/www.facebook.com\/dicodusport","https:\/\/x.com\/dicodusport","https:\/\/www.instagram.com\/dicodusport\/","https:\/\/www.youtube.com\/channel\/UC7V2KZ5sd3htJivAbA4ZG3w"],"description":"Dicodusport est l'encyclop\u00e9die de l'actualit\u00e9 sportive.","email":"bonjour@dicodusport.fr","legalName":"DICODUSPORT","foundingDate":"2018-01-14","vatID":"FR71834470973","taxID":"83447097300043","numberOfEmployees":{"@type":"QuantitativeValue","minValue":"1","maxValue":"10"}},{"@type":"Person","@id":"https:\/\/dicodusport.fr\/blog\/#\/schema\/person\/c0d35c220c4e79773da9e19a595ab67c","name":"Th\u00e9o Gripon Auer","image":{"@type":"ImageObject","inLanguage":"fr-FR","@id":"https:\/\/dicodusport.fr\/blog\/#\/schema\/person\/image\/","url":"https:\/\/dicodusport.fr\/blog\/wp-content\/uploads\/2025\/02\/Maillot-Dicodusport-Theo-150x150.png","contentUrl":"https:\/\/dicodusport.fr\/blog\/wp-content\/uploads\/2025\/02\/Maillot-Dicodusport-Theo-150x150.png","caption":"Th\u00e9o Gripon Auer"},"description":"Partag\u00e9 entre la passion du sport et celle de l\u2019\u00e9criture, je f\u00e9d\u00e8re les deux au service de Dicodusport. Un poil frustr\u00e9 de ne pas avoir r\u00e9ussi \u00e0 devenir sportif pro, alors que je ne me suis jamais fait les crois\u00e9s, je partage tout de m\u00eame un point commun avec Tadej Pogacar, Cristiano Ronaldo et John McEnroe : celui de n\u2019avoir jamais \u00e9t\u00e9 champion olympique.","url":"https:\/\/dicodusport.fr\/blog\/author\/theo-gripon-auer\/"}]}},"_links":{"self":[{"href":"https:\/\/dicodusport.fr\/blog\/wp-json\/wp\/v2\/posts\/596150","targetHints":{"allow":["GET"]}}],"collection":[{"href":"https:\/\/dicodusport.fr\/blog\/wp-json\/wp\/v2\/posts"}],"about":[{"href":"https:\/\/dicodusport.fr\/blog\/wp-json\/wp\/v2\/types\/post"}],"author":[{"embeddable":true,"href":"https:\/\/dicodusport.fr\/blog\/wp-json\/wp\/v2\/users\/107"}],"replies":[{"embeddable":true,"href":"https:\/\/dicodusport.fr\/blog\/wp-json\/wp\/v2\/comments?post=596150"}],"version-history":[{"count":5,"href":"https:\/\/dicodusport.fr\/blog\/wp-json\/wp\/v2\/posts\/596150\/revisions"}],"predecessor-version":[{"id":596254,"href":"https:\/\/dicodusport.fr\/blog\/wp-json\/wp\/v2\/posts\/596150\/revisions\/596254"}],"wp:featuredmedia":[{"embeddable":true,"href":"https:\/\/dicodusport.fr\/blog\/wp-json\/wp\/v2\/media\/596222"}],"wp:attachment":[{"href":"https:\/\/dicodusport.fr\/blog\/wp-json\/wp\/v2\/media?parent=596150"}],"wp:term":[{"taxonomy":"category","embeddable":true,"href":"https:\/\/dicodusport.fr\/blog\/wp-json\/wp\/v2\/categories?post=596150"},{"taxonomy":"post_tag","embeddable":true,"href":"https:\/\/dicodusport.fr\/blog\/wp-json\/wp\/v2\/tags?post=596150"}],"curies":[{"name":"wp","href":"https:\/\/api.w.org\/{rel}","templated":true}]}}