{"id":596221,"date":"2025-07-18T18:56:02","date_gmt":"2025-07-18T16:56:02","guid":{"rendered":"https:\/\/dicodusport.fr\/blog\/?p=596221&#038;preview=true&#038;preview_id=596221"},"modified":"2025-07-18T21:07:05","modified_gmt":"2025-07-18T19:07:05","slug":"championnats-deurope-espoirs-dathletisme-2025-jeff-erius-en-or-sur-100-metres","status":"publish","type":"post","link":"https:\/\/dicodusport.fr\/blog\/championnats-deurope-espoirs-dathletisme-2025-jeff-erius-en-or-sur-100-metres\/","title":{"rendered":"Championnats d\u2019Europe espoirs d\u2019athl\u00e9tisme 2025 : Jeff Erius en or sur 100 m\u00e8tres !"},"content":{"rendered":"<p style=\"text-align: justify;\"><strong><em>CHAMPIONNATS D&rsquo;EUROPE ESPOIRS D&rsquo;ATHL\u00c9TISME 2025 &#8211; Jeff Erius a apport\u00e9 une deuxi\u00e8me m\u00e9daille au camp tricolore, la premi\u00e8re en or. Il remporte le 100m en 10.28.<\/em><\/strong><\/p>\n<ul style=\"text-align: justify;\">\n<li><strong>\u00c0 ce sujet &#8211; <a href=\"https:\/\/dicodusport.fr\/blog\/programme-et-resultats-championnats-deurope-espoirs-dathletisme-2025\/\">Programme et r\u00e9sultats Championnats d\u2019Europe espoirs d\u2019athl\u00e9tisme 2025<\/a><\/strong><\/li>\n<\/ul>\n<p style=\"text-align: justify;\">Cinqui\u00e8me aux bilans europ\u00e9ens des moins de 23 ans, avec un chrono de 10.25 r\u00e9alis\u00e9 \u00e0 deux reprises \u00e0 Rabat puis Madrid, <strong>Jeff Erius<\/strong> pouvait l\u00e9gitimement nourrir des espoirs avant sa finale. Deuxi\u00e8me temps des s\u00e9ries (10.35), le Fran\u00e7ais a acc\u00e9l\u00e9r\u00e9 en demi-finale pour signer le meilleur chrono (10.28). Au couloir trois en finale, la concurrence \u00e9tait rude avec entre autres le N\u00e9erlandais <strong>Nsikak Ekpo<\/strong>, 10.23 cette saison et deuxi\u00e8me temps des demi-finales, ou l&rsquo;Allemand <strong>Heiko Gussmann<\/strong> (10.15).<\/p>\n<h2 style=\"text-align: justify;\">La confirmation pour Jeff Erius !<\/h2>\n<p style=\"text-align: justify;\">Encourag\u00e9 par les siens avant le d\u00e9part, le Fran\u00e7ais a pris un excellent envol. Tr\u00e8s vite en t\u00eate, il a par la suite r\u00e9sist\u00e9 au retour d&rsquo;<strong>Ekpo<\/strong> sur les derniers m\u00e8tres et s&rsquo;impose ainsi avec un nouveau chrono de 10.28. Le N\u00e9erlandais signe quant \u00e0 lui un temps de 10.30, un centi\u00e8me devant l&rsquo;Espagnol <strong>Abel Jordan<\/strong> qui compl\u00e8te le podium. C&rsquo;est le premier titre de la d\u00e9l\u00e9gation fran\u00e7aise apr\u00e8s l&rsquo;argent de <strong>Cl\u00e9mence Rougier<\/strong> au triple saut.<\/p>\n<div class=\"vlp-link-container vlp-layout-article\"><a href=\"https:\/\/dicodusport.fr\/blog\/championnats-deurope-espoirs-dathletisme-2025-clemence-rougier-en-argent-au-triple-saut\/\" class=\"vlp-link\" title=\"Championnats d\u2019Europe espoirs d\u2019athl\u00e9tisme 2025 : Cl\u00e9mence Rougier en argent au triple saut\"><\/a><div class=\"vlp-layout-zone-side\"><div class=\"vlp-block-4 vlp-link-image\"><img loading=\"lazy\" decoding=\"async\" style=\"max-width: 792px;\" width=\"792\" height=\"445\" src=\"https:\/\/dicodusport.fr\/blog\/wp-content\/uploads\/2025\/07\/Championnats-dEurope-espoirs-dathletisme-2025-Clemence-Rougier-en-argent-au-triple-saut.png\" class=\"attachment-800x445 size-800x445\" alt=\"Championnats d\u2019Europe espoirs d\u2019athl\u00e9tisme 2025 : Cl\u00e9mence Rougier en argent au triple saut\" srcset=\"https:\/\/dicodusport.fr\/blog\/wp-content\/uploads\/2025\/07\/Championnats-dEurope-espoirs-dathletisme-2025-Clemence-Rougier-en-argent-au-triple-saut.png 1200w, https:\/\/dicodusport.fr\/blog\/wp-content\/uploads\/2025\/07\/Championnats-dEurope-espoirs-dathletisme-2025-Clemence-Rougier-en-argent-au-triple-saut-300x169.png 300w, https:\/\/dicodusport.fr\/blog\/wp-content\/uploads\/2025\/07\/Championnats-dEurope-espoirs-dathletisme-2025-Clemence-Rougier-en-argent-au-triple-saut-1024x575.png 1024w, https:\/\/dicodusport.fr\/blog\/wp-content\/uploads\/2025\/07\/Championnats-dEurope-espoirs-dathletisme-2025-Clemence-Rougier-en-argent-au-triple-saut-768x431.png 768w\" sizes=\"auto, (max-width: 792px) 100vw, 792px\" \/><\/div><\/div><div class=\"vlp-layout-zone-main\"><div class=\"vlp-block-0 vlp-link-title\">Championnats d\u2019Europe espoirs d\u2019athl\u00e9tisme 2025 : Cl\u00e9mence Rougier en argent au triple saut<\/div><div class=\"vlp-block-1 vlp-link-summary\">CHAMPIONNATS D'EUROPE ESPOIRS D'ATHL\u00c9TISME 2025 - Cl\u00e9mence Rougier rapporte la premi\u00e8re m\u00e9daille aux Bleus \u00e0 Bergen. La Fran\u00e7aise est retomb\u00e9e \u00e0 13.93 m \u00e0 sa cinqui\u00e8me tentative. Vent trop favorable pour que le record soit homologu\u00e9, mais qu'importe : elle prend l'argent.<\/div><div class=\"vlp-block-2 vlp-link-button\">Lire l'article<\/div><div class=\"vlp-block-3 vlp-link-url\">dicodusport.fr<\/div><\/div><\/div>\n<p style=\"text-align: justify;\"><strong>Erius<\/strong> signe ainsi son meilleur r\u00e9sultat en carri\u00e8re. S&rsquo;il a d\u00e9j\u00e0 brill\u00e9 \u00e0 l&rsquo;international avec le collectif du 4&#215;100 m\u00e8tres, il lui restait \u00e0 confirmer les espoirs plac\u00e9s en lui depuis plusieurs saisons. Vice-champion d&rsquo;Europe des moins de 20 ans il y a trois ans \u00e0 seulement 17 ans, <strong>Erius<\/strong> restait sur trois titres de champion de France, sur 60 m\u00e8tres en 2023 et 2024 et sur 100 m\u00e8tres l&rsquo;an dernier. Il sera l&rsquo;un des favoris \u00e0 sa propre succession dans deux semaines.<\/p>\n<blockquote class=\"twitter-tweet\">\n<p dir=\"ltr\" lang=\"fr\">\ud83d\udca5 CHAMPION D&rsquo;EUROPE !<\/p>\n<p>\ud83e\udd47 Jeff Erius monte sur la plus haute marche du podium du 100 m lors des Championnats d&rsquo;Europe U23, avec une victoire en 10\u00a0\u00bb28 face au vent (-2.0) !<\/p>\n<p>\ud83d\udcbb Suivez <a href=\"https:\/\/twitter.com\/hashtag\/Bergen2025?src=hash&amp;ref_src=twsrc%5Etfw\">#Bergen2025<\/a> en DIRECT sur <a href=\"https:\/\/t.co\/EpsBjowlnA\">https:\/\/t.co\/EpsBjowlnA<\/a> <a href=\"https:\/\/t.co\/y6Sgs7DRlw\">pic.twitter.com\/y6Sgs7DRlw<\/a><\/p>\n<p>\u2014 FFAthl\u00e9tisme (@FFAthletisme) <a href=\"https:\/\/twitter.com\/FFAthletisme\/status\/1946254614396866916?ref_src=twsrc%5Etfw\">July 18, 2025<\/a><\/p><\/blockquote>\n<p><script async src=\"https:\/\/platform.twitter.com\/widgets.js\" charset=\"utf-8\"><\/script><\/p>\n","protected":false},"excerpt":{"rendered":"<p>Jeff Erius a apport\u00e9 une deuxi\u00e8me m\u00e9daille au camp tricolore. Il remporte le 100m en 10.28.<\/p>\n","protected":false},"author":91,"featured_media":596324,"comment_status":"open","ping_status":"closed","sticky":false,"template":"","format":"standard","meta":{"_acf_changed":false,"_daextam_enable_autolinks":"1","footnotes":""},"categories":[2308],"tags":[16878,17667],"class_list":["post-596221","post","type-post","status-publish","format-standard","has-post-thumbnail","hentry","category-athletisme","tag-breve","tag-championnats-deurope-espoirs-dathletisme"],"acf":[],"yoast_head":"<!-- This site is optimized with the Yoast SEO Premium plugin v26.7 (Yoast SEO v26.7) - https:\/\/yoast.com\/wordpress\/plugins\/seo\/ -->\n<title>Championnats d\u2019Europe espoirs d\u2019athl\u00e9tisme 2025 : Jeff Erius en or sur 100 m\u00e8tres !<\/title>\n<meta name=\"description\" content=\"CHAMPIONNATS D&#039;EUROPE ESPOIRS D&#039;ATHL\u00c9TISME 2025 - Jeff Erius a d\u00e9croch\u00e9 l&#039;or sur le 100m ! Il s&#039;impose en 10.28.\" \/>\n<meta name=\"robots\" content=\"index, follow, max-snippet:-1, max-image-preview:large, max-video-preview:-1\" \/>\n<link rel=\"canonical\" href=\"https:\/\/dicodusport.fr\/blog\/championnats-deurope-espoirs-dathletisme-2025-jeff-erius-en-or-sur-100-metres\/\" \/>\n<meta property=\"og:locale\" content=\"fr_FR\" \/>\n<meta property=\"og:type\" content=\"article\" \/>\n<meta property=\"og:title\" content=\"Championnats d\u2019Europe espoirs d\u2019athl\u00e9tisme 2025 : Jeff Erius en or sur 100 m\u00e8tres !\" \/>\n<meta property=\"og:description\" content=\"CHAMPIONNATS D&#039;EUROPE ESPOIRS D&#039;ATHL\u00c9TISME 2025 - Jeff Erius a d\u00e9croch\u00e9 l&#039;or sur le 100m ! Il s&#039;impose en 10.28.\" \/>\n<meta property=\"og:url\" content=\"https:\/\/dicodusport.fr\/blog\/championnats-deurope-espoirs-dathletisme-2025-jeff-erius-en-or-sur-100-metres\/\" \/>\n<meta property=\"og:site_name\" content=\"Dicodusport\" \/>\n<meta property=\"article:publisher\" content=\"https:\/\/www.facebook.com\/dicodusport\" \/>\n<meta property=\"article:published_time\" content=\"2025-07-18T16:56:02+00:00\" \/>\n<meta property=\"article:modified_time\" content=\"2025-07-18T19:07:05+00:00\" \/>\n<meta property=\"og:image\" content=\"https:\/\/dicodusport.fr\/blog\/wp-content\/uploads\/2025\/07\/Championnats-dEurope-espoirs-dathletisme-2025-Jeff-Erius-en-or-sur-100-metres-1-1.png\" \/>\n\t<meta property=\"og:image:width\" content=\"1200\" \/>\n\t<meta property=\"og:image:height\" content=\"674\" \/>\n\t<meta property=\"og:image:type\" content=\"image\/png\" \/>\n<meta name=\"author\" content=\"Victor Clot-Amiot\" \/>\n<meta name=\"twitter:card\" content=\"summary_large_image\" \/>\n<meta name=\"twitter:title\" content=\"Championnats d\u2019Europe espoirs d\u2019athl\u00e9tisme 2025 : Jeff Erius en or sur 100 m\u00e8tres !\" \/>\n<meta name=\"twitter:creator\" content=\"@https:\/\/x.com\/VictorClotAmiot\" \/>\n<meta name=\"twitter:site\" content=\"@dicodusport\" \/>\n<script type=\"application\/ld+json\" class=\"yoast-schema-graph\">{\"@context\":\"https:\/\/schema.org\",\"@graph\":[{\"@type\":\"NewsArticle\",\"@id\":\"https:\/\/dicodusport.fr\/blog\/championnats-deurope-espoirs-dathletisme-2025-jeff-erius-en-or-sur-100-metres\/#article\",\"isPartOf\":{\"@id\":\"https:\/\/dicodusport.fr\/blog\/championnats-deurope-espoirs-dathletisme-2025-jeff-erius-en-or-sur-100-metres\/\"},\"author\":{\"name\":\"Victor Clot-Amiot\",\"@id\":\"https:\/\/dicodusport.fr\/blog\/#\/schema\/person\/b623199cba9ba90fe84a3d16e9282360\"},\"headline\":\"Championnats d\u2019Europe espoirs d\u2019athl\u00e9tisme 2025 : Jeff Erius en or sur 100 m\u00e8tres !\",\"datePublished\":\"2025-07-18T16:56:02+00:00\",\"dateModified\":\"2025-07-18T19:07:05+00:00\",\"mainEntityOfPage\":{\"@id\":\"https:\/\/dicodusport.fr\/blog\/championnats-deurope-espoirs-dathletisme-2025-jeff-erius-en-or-sur-100-metres\/\"},\"wordCount\":477,\"commentCount\":0,\"publisher\":{\"@id\":\"https:\/\/dicodusport.fr\/blog\/#organization\"},\"image\":{\"@id\":\"https:\/\/dicodusport.fr\/blog\/championnats-deurope-espoirs-dathletisme-2025-jeff-erius-en-or-sur-100-metres\/#primaryimage\"},\"thumbnailUrl\":\"https:\/\/dicodusport.fr\/blog\/wp-content\/uploads\/2025\/07\/Championnats-dEurope-espoirs-dathletisme-2025-Jeff-Erius-en-or-sur-100-metres-1-1.png\",\"keywords\":[\"br\u00e8ve\",\"Championnats d'Europe espoirs d'athl\u00e9tisme\"],\"articleSection\":[\"Athl\u00e9tisme\"],\"inLanguage\":\"fr-FR\",\"potentialAction\":[{\"@type\":\"CommentAction\",\"name\":\"Comment\",\"target\":[\"https:\/\/dicodusport.fr\/blog\/championnats-deurope-espoirs-dathletisme-2025-jeff-erius-en-or-sur-100-metres\/#respond\"]}],\"copyrightYear\":\"2025\",\"copyrightHolder\":{\"@id\":\"https:\/\/dicodusport.fr\/blog\/#organization\"}},{\"@type\":\"WebPage\",\"@id\":\"https:\/\/dicodusport.fr\/blog\/championnats-deurope-espoirs-dathletisme-2025-jeff-erius-en-or-sur-100-metres\/\",\"url\":\"https:\/\/dicodusport.fr\/blog\/championnats-deurope-espoirs-dathletisme-2025-jeff-erius-en-or-sur-100-metres\/\",\"name\":\"Championnats d\u2019Europe espoirs d\u2019athl\u00e9tisme 2025 : Jeff Erius en or sur 100 m\u00e8tres !\",\"isPartOf\":{\"@id\":\"https:\/\/dicodusport.fr\/blog\/#website\"},\"primaryImageOfPage\":{\"@id\":\"https:\/\/dicodusport.fr\/blog\/championnats-deurope-espoirs-dathletisme-2025-jeff-erius-en-or-sur-100-metres\/#primaryimage\"},\"image\":{\"@id\":\"https:\/\/dicodusport.fr\/blog\/championnats-deurope-espoirs-dathletisme-2025-jeff-erius-en-or-sur-100-metres\/#primaryimage\"},\"thumbnailUrl\":\"https:\/\/dicodusport.fr\/blog\/wp-content\/uploads\/2025\/07\/Championnats-dEurope-espoirs-dathletisme-2025-Jeff-Erius-en-or-sur-100-metres-1-1.png\",\"datePublished\":\"2025-07-18T16:56:02+00:00\",\"dateModified\":\"2025-07-18T19:07:05+00:00\",\"description\":\"CHAMPIONNATS D'EUROPE ESPOIRS D'ATHL\u00c9TISME 2025 - Jeff Erius a d\u00e9croch\u00e9 l'or sur le 100m ! Il s'impose en 10.28.\",\"breadcrumb\":{\"@id\":\"https:\/\/dicodusport.fr\/blog\/championnats-deurope-espoirs-dathletisme-2025-jeff-erius-en-or-sur-100-metres\/#breadcrumb\"},\"inLanguage\":\"fr-FR\",\"potentialAction\":[{\"@type\":\"ReadAction\",\"target\":[\"https:\/\/dicodusport.fr\/blog\/championnats-deurope-espoirs-dathletisme-2025-jeff-erius-en-or-sur-100-metres\/\"]}]},{\"@type\":\"ImageObject\",\"inLanguage\":\"fr-FR\",\"@id\":\"https:\/\/dicodusport.fr\/blog\/championnats-deurope-espoirs-dathletisme-2025-jeff-erius-en-or-sur-100-metres\/#primaryimage\",\"url\":\"https:\/\/dicodusport.fr\/blog\/wp-content\/uploads\/2025\/07\/Championnats-dEurope-espoirs-dathletisme-2025-Jeff-Erius-en-or-sur-100-metres-1-1.png\",\"contentUrl\":\"https:\/\/dicodusport.fr\/blog\/wp-content\/uploads\/2025\/07\/Championnats-dEurope-espoirs-dathletisme-2025-Jeff-Erius-en-or-sur-100-metres-1-1.png\",\"width\":1200,\"height\":674,\"caption\":\"Championnats d\u2019Europe espoirs d\u2019athl\u00e9tisme 2025 Jeff Erius en or sur 100 m\u00e8tres !\"},{\"@type\":\"BreadcrumbList\",\"@id\":\"https:\/\/dicodusport.fr\/blog\/championnats-deurope-espoirs-dathletisme-2025-jeff-erius-en-or-sur-100-metres\/#breadcrumb\",\"itemListElement\":[{\"@type\":\"ListItem\",\"position\":1,\"name\":\"Accueil\",\"item\":\"https:\/\/dicodusport.fr\/blog\/\"},{\"@type\":\"ListItem\",\"position\":2,\"name\":\"Championnats d\u2019Europe espoirs d\u2019athl\u00e9tisme 2025 : Jeff Erius en or sur 100 m\u00e8tres !\"}]},{\"@type\":\"WebSite\",\"@id\":\"https:\/\/dicodusport.fr\/blog\/#website\",\"url\":\"https:\/\/dicodusport.fr\/blog\/\",\"name\":\"Dicodusport\",\"description\":\"L&#039;encyclop\u00e9die de l&#039;actualit\u00e9 sportive\",\"publisher\":{\"@id\":\"https:\/\/dicodusport.fr\/blog\/#organization\"},\"potentialAction\":[{\"@type\":\"SearchAction\",\"target\":{\"@type\":\"EntryPoint\",\"urlTemplate\":\"https:\/\/dicodusport.fr\/blog\/?s={search_term_string}\"},\"query-input\":{\"@type\":\"PropertyValueSpecification\",\"valueRequired\":true,\"valueName\":\"search_term_string\"}}],\"inLanguage\":\"fr-FR\"},{\"@type\":\"NewsMediaOrganization\",\"@id\":\"https:\/\/dicodusport.fr\/blog\/#organization\",\"name\":\"Dicodusport\",\"url\":\"https:\/\/dicodusport.fr\/blog\/\",\"logo\":{\"@type\":\"ImageObject\",\"inLanguage\":\"fr-FR\",\"@id\":\"https:\/\/dicodusport.fr\/blog\/#\/schema\/logo\/image\/\",\"url\":\"https:\/\/dicodusport.fr\/blog\/wp-content\/uploads\/2020\/06\/cropped-LOGO-DICODUSPORT-2020-SANS-FOND-SANS-TEXTE.png\",\"contentUrl\":\"https:\/\/dicodusport.fr\/blog\/wp-content\/uploads\/2020\/06\/cropped-LOGO-DICODUSPORT-2020-SANS-FOND-SANS-TEXTE.png\",\"width\":512,\"height\":512,\"caption\":\"Dicodusport\"},\"image\":{\"@id\":\"https:\/\/dicodusport.fr\/blog\/#\/schema\/logo\/image\/\"},\"sameAs\":[\"https:\/\/www.facebook.com\/dicodusport\",\"https:\/\/x.com\/dicodusport\",\"https:\/\/www.instagram.com\/dicodusport\/\",\"https:\/\/www.youtube.com\/channel\/UC7V2KZ5sd3htJivAbA4ZG3w\"],\"description\":\"Dicodusport est l'encyclop\u00e9die de l'actualit\u00e9 sportive.\",\"email\":\"bonjour@dicodusport.fr\",\"legalName\":\"DICODUSPORT\",\"foundingDate\":\"2018-01-14\",\"vatID\":\"FR71834470973\",\"taxID\":\"83447097300043\",\"numberOfEmployees\":{\"@type\":\"QuantitativeValue\",\"minValue\":\"1\",\"maxValue\":\"10\"}},{\"@type\":\"Person\",\"@id\":\"https:\/\/dicodusport.fr\/blog\/#\/schema\/person\/b623199cba9ba90fe84a3d16e9282360\",\"name\":\"Victor Clot-Amiot\",\"image\":{\"@type\":\"ImageObject\",\"inLanguage\":\"fr-FR\",\"@id\":\"https:\/\/dicodusport.fr\/blog\/#\/schema\/person\/image\/\",\"url\":\"https:\/\/dicodusport.fr\/blog\/wp-content\/uploads\/2023\/09\/IMG_20190826_114722-150x150.jpg\",\"contentUrl\":\"https:\/\/dicodusport.fr\/blog\/wp-content\/uploads\/2023\/09\/IMG_20190826_114722-150x150.jpg\",\"caption\":\"Victor Clot-Amiot\"},\"description\":\"Passionn\u00e9 de sport depuis toujours, un jour \u00e0 l'adolescence mes parents m'ont dit : \\\"quitte \u00e0 passer ton temps \u00e0 regarder du sport, au moins va le voir en vrai\\\" ! Depuis, cette remarque ne m'a plus quitt\u00e9 et je passe une grande partie de mon temps libre \u00e0 assister \u00e0 des comp\u00e9titions de tous sports. Je m\u00eale d'ailleurs mes deux passions, le sport et les voyages afin de faire une pierre deux coups ! Outre l'US Open ou l'Euro 2021 par exemple, j'ai assist\u00e9 cet \u00e9t\u00e9 aux Mondiaux d'athl\u00e9tisme \u00e0 Budapest. Mon plus gros coup dur est et restera les JO 2020-2021 pour lesquels j'avais r\u00e9serv\u00e9 17 \u00e9preuves. La suite, vous la connaissez...\",\"sameAs\":[\"https:\/\/x.com\/https:\/\/x.com\/VictorClotAmiot\"],\"url\":\"https:\/\/dicodusport.fr\/blog\/author\/victor-clot-amiot\/\"}]}<\/script>\n<!-- \/ Yoast SEO Premium plugin. -->","yoast_head_json":{"title":"Championnats d\u2019Europe espoirs d\u2019athl\u00e9tisme 2025 : Jeff Erius en or sur 100 m\u00e8tres !","description":"CHAMPIONNATS D'EUROPE ESPOIRS D'ATHL\u00c9TISME 2025 - Jeff Erius a d\u00e9croch\u00e9 l'or sur le 100m ! Il s'impose en 10.28.","robots":{"index":"index","follow":"follow","max-snippet":"max-snippet:-1","max-image-preview":"max-image-preview:large","max-video-preview":"max-video-preview:-1"},"canonical":"https:\/\/dicodusport.fr\/blog\/championnats-deurope-espoirs-dathletisme-2025-jeff-erius-en-or-sur-100-metres\/","og_locale":"fr_FR","og_type":"article","og_title":"Championnats d\u2019Europe espoirs d\u2019athl\u00e9tisme 2025 : Jeff Erius en or sur 100 m\u00e8tres !","og_description":"CHAMPIONNATS D'EUROPE ESPOIRS D'ATHL\u00c9TISME 2025 - Jeff Erius a d\u00e9croch\u00e9 l'or sur le 100m ! Il s'impose en 10.28.","og_url":"https:\/\/dicodusport.fr\/blog\/championnats-deurope-espoirs-dathletisme-2025-jeff-erius-en-or-sur-100-metres\/","og_site_name":"Dicodusport","article_publisher":"https:\/\/www.facebook.com\/dicodusport","article_published_time":"2025-07-18T16:56:02+00:00","article_modified_time":"2025-07-18T19:07:05+00:00","og_image":[{"width":1200,"height":674,"url":"https:\/\/dicodusport.fr\/blog\/wp-content\/uploads\/2025\/07\/Championnats-dEurope-espoirs-dathletisme-2025-Jeff-Erius-en-or-sur-100-metres-1-1.png","type":"image\/png"}],"author":"Victor Clot-Amiot","twitter_card":"summary_large_image","twitter_title":"Championnats d\u2019Europe espoirs d\u2019athl\u00e9tisme 2025 : Jeff Erius en or sur 100 m\u00e8tres !","twitter_creator":"@https:\/\/x.com\/VictorClotAmiot","twitter_site":"@dicodusport","schema":{"@context":"https:\/\/schema.org","@graph":[{"@type":"NewsArticle","@id":"https:\/\/dicodusport.fr\/blog\/championnats-deurope-espoirs-dathletisme-2025-jeff-erius-en-or-sur-100-metres\/#article","isPartOf":{"@id":"https:\/\/dicodusport.fr\/blog\/championnats-deurope-espoirs-dathletisme-2025-jeff-erius-en-or-sur-100-metres\/"},"author":{"name":"Victor Clot-Amiot","@id":"https:\/\/dicodusport.fr\/blog\/#\/schema\/person\/b623199cba9ba90fe84a3d16e9282360"},"headline":"Championnats d\u2019Europe espoirs d\u2019athl\u00e9tisme 2025 : Jeff Erius en or sur 100 m\u00e8tres !","datePublished":"2025-07-18T16:56:02+00:00","dateModified":"2025-07-18T19:07:05+00:00","mainEntityOfPage":{"@id":"https:\/\/dicodusport.fr\/blog\/championnats-deurope-espoirs-dathletisme-2025-jeff-erius-en-or-sur-100-metres\/"},"wordCount":477,"commentCount":0,"publisher":{"@id":"https:\/\/dicodusport.fr\/blog\/#organization"},"image":{"@id":"https:\/\/dicodusport.fr\/blog\/championnats-deurope-espoirs-dathletisme-2025-jeff-erius-en-or-sur-100-metres\/#primaryimage"},"thumbnailUrl":"https:\/\/dicodusport.fr\/blog\/wp-content\/uploads\/2025\/07\/Championnats-dEurope-espoirs-dathletisme-2025-Jeff-Erius-en-or-sur-100-metres-1-1.png","keywords":["br\u00e8ve","Championnats d'Europe espoirs d'athl\u00e9tisme"],"articleSection":["Athl\u00e9tisme"],"inLanguage":"fr-FR","potentialAction":[{"@type":"CommentAction","name":"Comment","target":["https:\/\/dicodusport.fr\/blog\/championnats-deurope-espoirs-dathletisme-2025-jeff-erius-en-or-sur-100-metres\/#respond"]}],"copyrightYear":"2025","copyrightHolder":{"@id":"https:\/\/dicodusport.fr\/blog\/#organization"}},{"@type":"WebPage","@id":"https:\/\/dicodusport.fr\/blog\/championnats-deurope-espoirs-dathletisme-2025-jeff-erius-en-or-sur-100-metres\/","url":"https:\/\/dicodusport.fr\/blog\/championnats-deurope-espoirs-dathletisme-2025-jeff-erius-en-or-sur-100-metres\/","name":"Championnats d\u2019Europe espoirs d\u2019athl\u00e9tisme 2025 : Jeff Erius en or sur 100 m\u00e8tres !","isPartOf":{"@id":"https:\/\/dicodusport.fr\/blog\/#website"},"primaryImageOfPage":{"@id":"https:\/\/dicodusport.fr\/blog\/championnats-deurope-espoirs-dathletisme-2025-jeff-erius-en-or-sur-100-metres\/#primaryimage"},"image":{"@id":"https:\/\/dicodusport.fr\/blog\/championnats-deurope-espoirs-dathletisme-2025-jeff-erius-en-or-sur-100-metres\/#primaryimage"},"thumbnailUrl":"https:\/\/dicodusport.fr\/blog\/wp-content\/uploads\/2025\/07\/Championnats-dEurope-espoirs-dathletisme-2025-Jeff-Erius-en-or-sur-100-metres-1-1.png","datePublished":"2025-07-18T16:56:02+00:00","dateModified":"2025-07-18T19:07:05+00:00","description":"CHAMPIONNATS D'EUROPE ESPOIRS D'ATHL\u00c9TISME 2025 - Jeff Erius a d\u00e9croch\u00e9 l'or sur le 100m ! Il s'impose en 10.28.","breadcrumb":{"@id":"https:\/\/dicodusport.fr\/blog\/championnats-deurope-espoirs-dathletisme-2025-jeff-erius-en-or-sur-100-metres\/#breadcrumb"},"inLanguage":"fr-FR","potentialAction":[{"@type":"ReadAction","target":["https:\/\/dicodusport.fr\/blog\/championnats-deurope-espoirs-dathletisme-2025-jeff-erius-en-or-sur-100-metres\/"]}]},{"@type":"ImageObject","inLanguage":"fr-FR","@id":"https:\/\/dicodusport.fr\/blog\/championnats-deurope-espoirs-dathletisme-2025-jeff-erius-en-or-sur-100-metres\/#primaryimage","url":"https:\/\/dicodusport.fr\/blog\/wp-content\/uploads\/2025\/07\/Championnats-dEurope-espoirs-dathletisme-2025-Jeff-Erius-en-or-sur-100-metres-1-1.png","contentUrl":"https:\/\/dicodusport.fr\/blog\/wp-content\/uploads\/2025\/07\/Championnats-dEurope-espoirs-dathletisme-2025-Jeff-Erius-en-or-sur-100-metres-1-1.png","width":1200,"height":674,"caption":"Championnats d\u2019Europe espoirs d\u2019athl\u00e9tisme 2025 Jeff Erius en or sur 100 m\u00e8tres !"},{"@type":"BreadcrumbList","@id":"https:\/\/dicodusport.fr\/blog\/championnats-deurope-espoirs-dathletisme-2025-jeff-erius-en-or-sur-100-metres\/#breadcrumb","itemListElement":[{"@type":"ListItem","position":1,"name":"Accueil","item":"https:\/\/dicodusport.fr\/blog\/"},{"@type":"ListItem","position":2,"name":"Championnats d\u2019Europe espoirs d\u2019athl\u00e9tisme 2025 : Jeff Erius en or sur 100 m\u00e8tres !"}]},{"@type":"WebSite","@id":"https:\/\/dicodusport.fr\/blog\/#website","url":"https:\/\/dicodusport.fr\/blog\/","name":"Dicodusport","description":"L&#039;encyclop\u00e9die de l&#039;actualit\u00e9 sportive","publisher":{"@id":"https:\/\/dicodusport.fr\/blog\/#organization"},"potentialAction":[{"@type":"SearchAction","target":{"@type":"EntryPoint","urlTemplate":"https:\/\/dicodusport.fr\/blog\/?s={search_term_string}"},"query-input":{"@type":"PropertyValueSpecification","valueRequired":true,"valueName":"search_term_string"}}],"inLanguage":"fr-FR"},{"@type":"NewsMediaOrganization","@id":"https:\/\/dicodusport.fr\/blog\/#organization","name":"Dicodusport","url":"https:\/\/dicodusport.fr\/blog\/","logo":{"@type":"ImageObject","inLanguage":"fr-FR","@id":"https:\/\/dicodusport.fr\/blog\/#\/schema\/logo\/image\/","url":"https:\/\/dicodusport.fr\/blog\/wp-content\/uploads\/2020\/06\/cropped-LOGO-DICODUSPORT-2020-SANS-FOND-SANS-TEXTE.png","contentUrl":"https:\/\/dicodusport.fr\/blog\/wp-content\/uploads\/2020\/06\/cropped-LOGO-DICODUSPORT-2020-SANS-FOND-SANS-TEXTE.png","width":512,"height":512,"caption":"Dicodusport"},"image":{"@id":"https:\/\/dicodusport.fr\/blog\/#\/schema\/logo\/image\/"},"sameAs":["https:\/\/www.facebook.com\/dicodusport","https:\/\/x.com\/dicodusport","https:\/\/www.instagram.com\/dicodusport\/","https:\/\/www.youtube.com\/channel\/UC7V2KZ5sd3htJivAbA4ZG3w"],"description":"Dicodusport est l'encyclop\u00e9die de l'actualit\u00e9 sportive.","email":"bonjour@dicodusport.fr","legalName":"DICODUSPORT","foundingDate":"2018-01-14","vatID":"FR71834470973","taxID":"83447097300043","numberOfEmployees":{"@type":"QuantitativeValue","minValue":"1","maxValue":"10"}},{"@type":"Person","@id":"https:\/\/dicodusport.fr\/blog\/#\/schema\/person\/b623199cba9ba90fe84a3d16e9282360","name":"Victor Clot-Amiot","image":{"@type":"ImageObject","inLanguage":"fr-FR","@id":"https:\/\/dicodusport.fr\/blog\/#\/schema\/person\/image\/","url":"https:\/\/dicodusport.fr\/blog\/wp-content\/uploads\/2023\/09\/IMG_20190826_114722-150x150.jpg","contentUrl":"https:\/\/dicodusport.fr\/blog\/wp-content\/uploads\/2023\/09\/IMG_20190826_114722-150x150.jpg","caption":"Victor Clot-Amiot"},"description":"Passionn\u00e9 de sport depuis toujours, un jour \u00e0 l'adolescence mes parents m'ont dit : \"quitte \u00e0 passer ton temps \u00e0 regarder du sport, au moins va le voir en vrai\" ! Depuis, cette remarque ne m'a plus quitt\u00e9 et je passe une grande partie de mon temps libre \u00e0 assister \u00e0 des comp\u00e9titions de tous sports. Je m\u00eale d'ailleurs mes deux passions, le sport et les voyages afin de faire une pierre deux coups ! Outre l'US Open ou l'Euro 2021 par exemple, j'ai assist\u00e9 cet \u00e9t\u00e9 aux Mondiaux d'athl\u00e9tisme \u00e0 Budapest. Mon plus gros coup dur est et restera les JO 2020-2021 pour lesquels j'avais r\u00e9serv\u00e9 17 \u00e9preuves. La suite, vous la connaissez...","sameAs":["https:\/\/x.com\/https:\/\/x.com\/VictorClotAmiot"],"url":"https:\/\/dicodusport.fr\/blog\/author\/victor-clot-amiot\/"}]}},"_links":{"self":[{"href":"https:\/\/dicodusport.fr\/blog\/wp-json\/wp\/v2\/posts\/596221","targetHints":{"allow":["GET"]}}],"collection":[{"href":"https:\/\/dicodusport.fr\/blog\/wp-json\/wp\/v2\/posts"}],"about":[{"href":"https:\/\/dicodusport.fr\/blog\/wp-json\/wp\/v2\/types\/post"}],"author":[{"embeddable":true,"href":"https:\/\/dicodusport.fr\/blog\/wp-json\/wp\/v2\/users\/91"}],"replies":[{"embeddable":true,"href":"https:\/\/dicodusport.fr\/blog\/wp-json\/wp\/v2\/comments?post=596221"}],"version-history":[{"count":5,"href":"https:\/\/dicodusport.fr\/blog\/wp-json\/wp\/v2\/posts\/596221\/revisions"}],"predecessor-version":[{"id":596326,"href":"https:\/\/dicodusport.fr\/blog\/wp-json\/wp\/v2\/posts\/596221\/revisions\/596326"}],"wp:featuredmedia":[{"embeddable":true,"href":"https:\/\/dicodusport.fr\/blog\/wp-json\/wp\/v2\/media\/596324"}],"wp:attachment":[{"href":"https:\/\/dicodusport.fr\/blog\/wp-json\/wp\/v2\/media?parent=596221"}],"wp:term":[{"taxonomy":"category","embeddable":true,"href":"https:\/\/dicodusport.fr\/blog\/wp-json\/wp\/v2\/categories?post=596221"},{"taxonomy":"post_tag","embeddable":true,"href":"https:\/\/dicodusport.fr\/blog\/wp-json\/wp\/v2\/tags?post=596221"}],"curies":[{"name":"wp","href":"https:\/\/api.w.org\/{rel}","templated":true}]}}