{"id":596838,"date":"2025-07-20T14:50:00","date_gmt":"2025-07-20T12:50:00","guid":{"rendered":"https:\/\/dicodusport.fr\/blog\/?p=596838&#038;preview=true&#038;preview_id=596838"},"modified":"2025-07-20T15:29:14","modified_gmt":"2025-07-20T13:29:14","slug":"motogp-gp-de-republique-tcheque-2025-marc-marquez-poursuit-son-recital-a-brno","status":"publish","type":"post","link":"https:\/\/dicodusport.fr\/blog\/motogp-gp-de-republique-tcheque-2025-marc-marquez-poursuit-son-recital-a-brno\/","title":{"rendered":"MotoGP GP de R\u00e9publique Tch\u00e8que 2025 : Marc Marquez poursuit son r\u00e9cital \u00e0 Brno"},"content":{"rendered":"<p style=\"text-align: justify;\"><em><strong>MOTOGP &#8211; GRAND PRIX DE R\u00c9PUBLIQUE TCH\u00c8QUE 2025<\/strong><\/em>\u00a0<em>&#8211; <strong>A l\u2019issue d\u2019une course disput\u00e9e au d\u00e9part, Marc Marquez (Ducati) a remport\u00e9 la course principale sur le circuit de Brno. Marco Bezzecchi (Aprilia) termine deuxi\u00e8me et Pedro Acosta (Red Bull KTM) compl\u00e8te le podium. Le Fran\u00e7ais Fabio Quartararo (Yamaha) termine 6\u00e8me et son compatriote Johann Zarco (LCR Honda) a la 13\u00e8me position.<\/strong><\/em><\/p>\n<ul>\n<li><strong>\u00c0 ce sujet \u2013\u00a0<a href=\"https:\/\/dicodusport.fr\/blog\/motogp-republique-tcheque-2025-horaires-programme-tv-et-resultats\/\">MotoGP GP de R\u00e9publique Tch\u00e8que 2025 : Les r\u00e9sultats complets<\/a><\/strong><\/li>\n<\/ul>\n<p style=\"text-align: justify;\">La course de <strong>MotoGP<\/strong> a d\u00e9marr\u00e9 sur la piste s\u00e8che pour les 21 pilotes engag\u00e9s et devant les nombreux spectateurs du circuit de Brno, en R\u00e9publique Tch\u00e8que. Apr\u00e8s cinq ans d\u2019absence, le Grand Prix est de retour et \u00e0 l\u2019issue des qualifications, nous retrouvions l\u2019Italien <strong>Francesco Bagnaia<\/strong> (Ducati) en pole position. Il est accompagn\u00e9 sur la premi\u00e8re ligne par son co\u00e9quipier <strong>Marc Marquez <\/strong>et le Fran\u00e7ais <strong>Fabio Quartararo<\/strong>\u00a0(Yamaha). L\u2019autre tricolore\u00a0<strong>Johann Zarco<\/strong> (LCR Honda) s\u2019\u00e9lan\u00e7ait de la 9<sup>\u00e8me<\/sup> position.<\/p>\n<h2 style=\"text-align: justify;\">Un d\u00e9part tr\u00e8s disput\u00e9<\/h2>\n<p style=\"text-align: justify;\">Le d\u00e9part a \u00e9t\u00e9 lanc\u00e9 et c\u2019est le poleman <strong>Francesco Bagnaia<\/strong>\u00a0(Ducati) qui a r\u00e9alis\u00e9 le <em>holeshot<\/em> alors que toutes les positions sont disput\u00e9es et les batailles intenses \u00e0 l&rsquo;arri\u00e8re.<\/p>\n<blockquote class=\"twitter-tweet\">\n<p dir=\"ltr\" lang=\"fr\">ET BOOUUM \ud83d\udca5<\/p>\n<p>C&rsquo;est parti pour le GP de R\u00e9publique tch\u00e8que \ud83e\udd29<a href=\"https:\/\/twitter.com\/hashtag\/CzechGP?src=hash&amp;ref_src=twsrc%5Etfw\">#CzechGP<\/a> | <a href=\"https:\/\/twitter.com\/hashtag\/MotoGP?src=hash&amp;ref_src=twsrc%5Etfw\">#MotoGP<\/a> <a href=\"https:\/\/t.co\/4d6VhOHV9K\">pic.twitter.com\/4d6VhOHV9K<\/a><\/p>\n<p>\u2014 CANAL+ MotoGP\u2122 (@CanalplusMotoGP) <a href=\"https:\/\/twitter.com\/CanalplusMotoGP\/status\/1946904102367080748?ref_src=twsrc%5Etfw\">July 20, 2025<\/a><\/p><\/blockquote>\n<p><script async src=\"https:\/\/platform.twitter.com\/widgets.js\" charset=\"utf-8\"><\/script><\/p>\n<p style=\"text-align: justify;\">Rapidement, c\u2019est <strong>Marco Bezzecchi<\/strong> (Aprilia) qui prend les commandes de la course. Puis, certains ont chut\u00e9 en milieu de peloton comme <strong>Alex Marquez<\/strong> (Gresini) qui a entrain\u00e9 <strong>Joan Mir<\/strong> (Honda) dans sa chute. <strong>Enea Bastianini<\/strong> (KTM Tech3) est tomb\u00e9 alors qu\u2019il \u00e9tait \u00e0 la quatri\u00e8me place. Ensuite et lors du 8<sup>\u00e8me<\/sup> tour de course, <strong>Marc Marquez<\/strong> est pass\u00e9 en t\u00eate.<\/p>\n<h2 style=\"text-align: justify;\">La 70\u00e8me victoire de Marc Marquez en MotoGP<\/h2>\n<p style=\"text-align: justify;\">Le pilote espagnol a ensuite, comme souvent, d\u00e9roul\u00e9 jusqu\u2019\u00e0 la fin. <strong>Marc Marquez<\/strong> (Ducati) remporte alors sa 70<sup>\u00e8me<\/sup> course en carri\u00e8re dans la cat\u00e9gorie reine. C\u2019est aussi la 5<sup>\u00e8me<\/sup> d\u2019affil\u00e9e, un record pour un pilote Ducati. Il n\u2019aura finalement plus jamais \u00e9t\u00e9 menac\u00e9 par les deux hommes qui compl\u00e8tent le podium : <strong>Marco Bezzecchi<\/strong> (Aprilia) et <strong>Pedro Acosta <\/strong>(Red Bull KTM).<\/p>\n<blockquote class=\"twitter-tweet\">\n<p dir=\"ltr\" lang=\"fr\">Victoire de Marc M\u00e1rquez ! Victoire de Ducati \u00e0 Brno ! \ud83e\udd73\ud83d\udd34<\/p>\n<p>5e victoire cons\u00e9cutive pour le num\u00e9ro 93 devant Marco Bezzecchi \ud83e\udd48 et Pedro Acosta \ud83e\udd49<a href=\"https:\/\/twitter.com\/hashtag\/CzechGP?src=hash&amp;ref_src=twsrc%5Etfw\">#CzechGP<\/a> | <a href=\"https:\/\/twitter.com\/hashtag\/MotoGP?src=hash&amp;ref_src=twsrc%5Etfw\">#MotoGP<\/a> <a href=\"https:\/\/t.co\/ihSn5L4vMd\">pic.twitter.com\/ihSn5L4vMd<\/a><\/p>\n<p>\u2014 CANAL+ MotoGP\u2122 (@CanalplusMotoGP) <a href=\"https:\/\/twitter.com\/CanalplusMotoGP\/status\/1946915450362679323?ref_src=twsrc%5Etfw\">July 20, 2025<\/a><\/p><\/blockquote>\n<p><script async src=\"https:\/\/platform.twitter.com\/widgets.js\" charset=\"utf-8\"><\/script><\/p>\n<p style=\"text-align: justify;\"><strong>Francesco Bagnaia<\/strong> (Ducati) termine quatri\u00e8me aujourd\u2019hui devant <strong>Raul Fernandez<\/strong> (Trackhouse Racing) et le Fran\u00e7ais <strong>Fabio Quartararo <\/strong>(Yamaha). Le champion du Monde en titre <strong>Jorge Martin<\/strong> (Aprilia) a pris une belle 7<sup>\u00e8me<\/sup> place pour son retour \u00e0 la comp\u00e9tition. <strong>Fermin Aldeguer<\/strong> (Gresini), <strong>Brad Binder<\/strong> (Red Bull KTM) et <b>Pol Espargar\u00f3<\/b> (KTM Tech3) compl\u00e8tent le top 10. L\u2019autre Fran\u00e7ais,\u00a0<strong>Johann Zarco<\/strong> (LCR Honda), a pris la 13<sup>\u00e8me<\/sup> place. Rendez-vous dans trois semaines apr\u00e8s la pause estivale pour le Grand Prix d\u2019Autriche 2025.<\/p>\n<ul style=\"text-align: justify;\">\n<li><strong>\u00c0 lire aussi \u2013\u00a0<\/strong><a href=\"https:\/\/dicodusport.fr\/blog\/motogp-brno-classement-complet-grand-prix-de-republique-tcheque-2025\/\"><strong>Le classement du Grand Prix de R\u00e9publique Tch\u00e8que 2025<\/strong><\/a><\/li>\n<li><strong>\u00c0 lire aussi \u2013\u00a0<a href=\"https:\/\/dicodusport.fr\/blog\/classement-motogp-2025-le-point-sur-le-championnat-du-monde-des-pilotes\/\">MotoGP 2025 : Le classement du championnat du monde des pilotes<\/a><\/strong><\/li>\n<li style=\"text-align: justify;\"><strong>\u00c0 lire aussi \u2013\u00a0<a href=\"https:\/\/dicodusport.fr\/blog\/motogp-2025-le-calendrier-complet\/\">MotoGP 2025 \u2013 Calendrier et r\u00e9sultats<\/a><\/strong><\/li>\n<\/ul>\n<h2 style=\"text-align: justify;\">\u00c0 ce sujet<\/h2>\n<div class=\"vlp-link-container vlp-layout-article\"><a href=\"https:\/\/dicodusport.fr\/blog\/top-10-des-pilotes-de-motogp-avec-le-plus-de-victoires-en-grand-prix\/\" class=\"vlp-link\" title=\"Top 10 des pilotes de MotoGP avec le plus de victoires en Grand Prix\"><\/a><div class=\"vlp-layout-zone-side\"><div class=\"vlp-block-4 vlp-link-image\"><img loading=\"lazy\" decoding=\"async\" style=\"max-width: 792px;\" width=\"792\" height=\"445\" src=\"https:\/\/dicodusport.fr\/blog\/wp-content\/uploads\/2025\/03\/Top-10-des-pilotes-de-MotoGP-avec-le-plus-de-victoires-en-Grand-Prix.png\" class=\"attachment-800x445 size-800x445\" alt=\"Top 10 des pilotes de MotoGP avec le plus de victoires en Grand Prix\" srcset=\"https:\/\/dicodusport.fr\/blog\/wp-content\/uploads\/2025\/03\/Top-10-des-pilotes-de-MotoGP-avec-le-plus-de-victoires-en-Grand-Prix.png 1200w, https:\/\/dicodusport.fr\/blog\/wp-content\/uploads\/2025\/03\/Top-10-des-pilotes-de-MotoGP-avec-le-plus-de-victoires-en-Grand-Prix-300x169.png 300w, https:\/\/dicodusport.fr\/blog\/wp-content\/uploads\/2025\/03\/Top-10-des-pilotes-de-MotoGP-avec-le-plus-de-victoires-en-Grand-Prix-1024x575.png 1024w, https:\/\/dicodusport.fr\/blog\/wp-content\/uploads\/2025\/03\/Top-10-des-pilotes-de-MotoGP-avec-le-plus-de-victoires-en-Grand-Prix-768x431.png 768w\" sizes=\"auto, (max-width: 792px) 100vw, 792px\" \/><\/div><\/div><div class=\"vlp-layout-zone-main\"><div class=\"vlp-block-0 vlp-link-title\">Top 10 des pilotes de MotoGP avec le plus de victoires en Grand Prix<\/div><div class=\"vlp-block-1 vlp-link-summary\">MOTOGP - Retrouvez le Top 10 des pilotes de MotoGP qui ont remport\u00e9 le plus de Grands Prix dans leur carri\u00e8re. Valentino Rossi est le recordman avec 89 victoires.<\/div><div class=\"vlp-block-2 vlp-link-button\">Lire l'article<\/div><div class=\"vlp-block-3 vlp-link-url\">dicodusport.fr<\/div><\/div><\/div>\n","protected":false},"excerpt":{"rendered":"<p>A l\u2019issue d\u2019une course disput\u00e9e au d\u00e9part, Marc Marquez (Ducati) a remport\u00e9 la course principale sur le circuit de Brno.<\/p>\n","protected":false},"author":54,"featured_media":596868,"comment_status":"open","ping_status":"closed","sticky":false,"template":"","format":"standard","meta":{"_acf_changed":false,"_daextam_enable_autolinks":"1","footnotes":""},"categories":[47087],"tags":[16878,11268,10938,24],"class_list":["post-596838","post","type-post","status-publish","format-standard","has-post-thumbnail","hentry","category-motogp","tag-breve","tag-grand-prix-de-republique-tcheque","tag-motogp","tag-sport"],"acf":[],"yoast_head":"<!-- This site is optimized with the Yoast SEO Premium plugin v26.7 (Yoast SEO v26.7) - https:\/\/yoast.com\/wordpress\/plugins\/seo\/ -->\n<title>MotoGP GP de R\u00e9publique Tch\u00e8que 2025 : Marc Marquez poursuit son r\u00e9cital \u00e0 Brno<\/title>\n<meta name=\"description\" content=\"MOTOGP - GRAND PRIX DES R\u00c9PUBLIQUE TCH\u00c8QUE 2025\u00a0- A l\u2019issue d\u2019une course disput\u00e9e au d\u00e9part, Marc Marquez (Ducati) a remport\u00e9 la course principale sur le circuit de Brno.\" \/>\n<meta name=\"robots\" content=\"index, follow, max-snippet:-1, max-image-preview:large, max-video-preview:-1\" \/>\n<link rel=\"canonical\" href=\"https:\/\/dicodusport.fr\/blog\/motogp-gp-de-republique-tcheque-2025-marc-marquez-poursuit-son-recital-a-brno\/\" \/>\n<meta property=\"og:locale\" content=\"fr_FR\" \/>\n<meta property=\"og:type\" content=\"article\" \/>\n<meta property=\"og:title\" content=\"MotoGP GP de R\u00e9publique Tch\u00e8que 2025 : Marc Marquez poursuit son r\u00e9cital \u00e0 Brno\" \/>\n<meta property=\"og:description\" content=\"MOTOGP - GRAND PRIX DES R\u00c9PUBLIQUE TCH\u00c8QUE 2025\u00a0- A l\u2019issue d\u2019une course disput\u00e9e au d\u00e9part, Marc Marquez (Ducati) a remport\u00e9 la course principale sur le circuit de Brno.\" \/>\n<meta property=\"og:url\" content=\"https:\/\/dicodusport.fr\/blog\/motogp-gp-de-republique-tcheque-2025-marc-marquez-poursuit-son-recital-a-brno\/\" \/>\n<meta property=\"og:site_name\" content=\"Dicodusport\" \/>\n<meta property=\"article:publisher\" content=\"https:\/\/www.facebook.com\/dicodusport\" \/>\n<meta property=\"article:author\" content=\"https:\/\/www.facebook.com\/roxane.lecacher\" \/>\n<meta property=\"article:published_time\" content=\"2025-07-20T12:50:00+00:00\" \/>\n<meta property=\"article:modified_time\" content=\"2025-07-20T13:29:14+00:00\" \/>\n<meta property=\"og:image\" content=\"https:\/\/dicodusport.fr\/blog\/wp-content\/uploads\/2025\/07\/MotoGP-GP-de-Republique-Tcheque-2025-Marc-Marquez-poursuit-son-recital-a-Brno-1.png\" \/>\n\t<meta property=\"og:image:width\" content=\"1200\" \/>\n\t<meta property=\"og:image:height\" content=\"674\" \/>\n\t<meta property=\"og:image:type\" content=\"image\/png\" \/>\n<meta name=\"author\" content=\"Roxane Lecacher\" \/>\n<meta name=\"twitter:card\" content=\"summary_large_image\" \/>\n<meta name=\"twitter:title\" content=\"MotoGP GP de R\u00e9publique Tch\u00e8que 2025 : Marc Marquez poursuit son r\u00e9cital \u00e0 Brno\" \/>\n<meta name=\"twitter:creator\" content=\"@dicodusport\" \/>\n<meta name=\"twitter:site\" content=\"@dicodusport\" \/>\n<script type=\"application\/ld+json\" class=\"yoast-schema-graph\">{\"@context\":\"https:\/\/schema.org\",\"@graph\":[{\"@type\":\"NewsArticle\",\"@id\":\"https:\/\/dicodusport.fr\/blog\/motogp-gp-de-republique-tcheque-2025-marc-marquez-poursuit-son-recital-a-brno\/#article\",\"isPartOf\":{\"@id\":\"https:\/\/dicodusport.fr\/blog\/motogp-gp-de-republique-tcheque-2025-marc-marquez-poursuit-son-recital-a-brno\/\"},\"author\":{\"name\":\"Roxane Lecacher\",\"@id\":\"https:\/\/dicodusport.fr\/blog\/#\/schema\/person\/819fb2545dd2715bd7c0580d6d4b411a\"},\"headline\":\"MotoGP GP de R\u00e9publique Tch\u00e8que 2025 : Marc Marquez poursuit son r\u00e9cital \u00e0 Brno\",\"datePublished\":\"2025-07-20T12:50:00+00:00\",\"dateModified\":\"2025-07-20T13:29:14+00:00\",\"mainEntityOfPage\":{\"@id\":\"https:\/\/dicodusport.fr\/blog\/motogp-gp-de-republique-tcheque-2025-marc-marquez-poursuit-son-recital-a-brno\/\"},\"wordCount\":639,\"commentCount\":0,\"publisher\":{\"@id\":\"https:\/\/dicodusport.fr\/blog\/#organization\"},\"image\":{\"@id\":\"https:\/\/dicodusport.fr\/blog\/motogp-gp-de-republique-tcheque-2025-marc-marquez-poursuit-son-recital-a-brno\/#primaryimage\"},\"thumbnailUrl\":\"https:\/\/dicodusport.fr\/blog\/wp-content\/uploads\/2025\/07\/MotoGP-GP-de-Republique-Tcheque-2025-Marc-Marquez-poursuit-son-recital-a-Brno-1.png\",\"keywords\":[\"br\u00e8ve\",\"Grand Prix de R\u00e9publique Tch\u00e8que\",\"MotoGP\",\"sport\"],\"articleSection\":[\"MotoGP\"],\"inLanguage\":\"fr-FR\",\"potentialAction\":[{\"@type\":\"CommentAction\",\"name\":\"Comment\",\"target\":[\"https:\/\/dicodusport.fr\/blog\/motogp-gp-de-republique-tcheque-2025-marc-marquez-poursuit-son-recital-a-brno\/#respond\"]}],\"copyrightYear\":\"2025\",\"copyrightHolder\":{\"@id\":\"https:\/\/dicodusport.fr\/blog\/#organization\"}},{\"@type\":\"WebPage\",\"@id\":\"https:\/\/dicodusport.fr\/blog\/motogp-gp-de-republique-tcheque-2025-marc-marquez-poursuit-son-recital-a-brno\/\",\"url\":\"https:\/\/dicodusport.fr\/blog\/motogp-gp-de-republique-tcheque-2025-marc-marquez-poursuit-son-recital-a-brno\/\",\"name\":\"MotoGP GP de R\u00e9publique Tch\u00e8que 2025 : Marc Marquez poursuit son r\u00e9cital \u00e0 Brno\",\"isPartOf\":{\"@id\":\"https:\/\/dicodusport.fr\/blog\/#website\"},\"primaryImageOfPage\":{\"@id\":\"https:\/\/dicodusport.fr\/blog\/motogp-gp-de-republique-tcheque-2025-marc-marquez-poursuit-son-recital-a-brno\/#primaryimage\"},\"image\":{\"@id\":\"https:\/\/dicodusport.fr\/blog\/motogp-gp-de-republique-tcheque-2025-marc-marquez-poursuit-son-recital-a-brno\/#primaryimage\"},\"thumbnailUrl\":\"https:\/\/dicodusport.fr\/blog\/wp-content\/uploads\/2025\/07\/MotoGP-GP-de-Republique-Tcheque-2025-Marc-Marquez-poursuit-son-recital-a-Brno-1.png\",\"datePublished\":\"2025-07-20T12:50:00+00:00\",\"dateModified\":\"2025-07-20T13:29:14+00:00\",\"description\":\"MOTOGP - GRAND PRIX DES R\u00c9PUBLIQUE TCH\u00c8QUE 2025\u00a0- A l\u2019issue d\u2019une course disput\u00e9e au d\u00e9part, Marc Marquez (Ducati) a remport\u00e9 la course principale sur le circuit de Brno.\",\"breadcrumb\":{\"@id\":\"https:\/\/dicodusport.fr\/blog\/motogp-gp-de-republique-tcheque-2025-marc-marquez-poursuit-son-recital-a-brno\/#breadcrumb\"},\"inLanguage\":\"fr-FR\",\"potentialAction\":[{\"@type\":\"ReadAction\",\"target\":[\"https:\/\/dicodusport.fr\/blog\/motogp-gp-de-republique-tcheque-2025-marc-marquez-poursuit-son-recital-a-brno\/\"]}]},{\"@type\":\"ImageObject\",\"inLanguage\":\"fr-FR\",\"@id\":\"https:\/\/dicodusport.fr\/blog\/motogp-gp-de-republique-tcheque-2025-marc-marquez-poursuit-son-recital-a-brno\/#primaryimage\",\"url\":\"https:\/\/dicodusport.fr\/blog\/wp-content\/uploads\/2025\/07\/MotoGP-GP-de-Republique-Tcheque-2025-Marc-Marquez-poursuit-son-recital-a-Brno-1.png\",\"contentUrl\":\"https:\/\/dicodusport.fr\/blog\/wp-content\/uploads\/2025\/07\/MotoGP-GP-de-Republique-Tcheque-2025-Marc-Marquez-poursuit-son-recital-a-Brno-1.png\",\"width\":1200,\"height\":674,\"caption\":\"MotoGP GP de R\u00e9publique Tch\u00e8que 2025 Marc Marquez poursuit son r\u00e9cital \u00e0 Brno (1)\"},{\"@type\":\"BreadcrumbList\",\"@id\":\"https:\/\/dicodusport.fr\/blog\/motogp-gp-de-republique-tcheque-2025-marc-marquez-poursuit-son-recital-a-brno\/#breadcrumb\",\"itemListElement\":[{\"@type\":\"ListItem\",\"position\":1,\"name\":\"Accueil\",\"item\":\"https:\/\/dicodusport.fr\/blog\/\"},{\"@type\":\"ListItem\",\"position\":2,\"name\":\"MotoGP GP de R\u00e9publique Tch\u00e8que 2025 : Marc Marquez poursuit son r\u00e9cital \u00e0 Brno\"}]},{\"@type\":\"WebSite\",\"@id\":\"https:\/\/dicodusport.fr\/blog\/#website\",\"url\":\"https:\/\/dicodusport.fr\/blog\/\",\"name\":\"Dicodusport\",\"description\":\"L&#039;encyclop\u00e9die de l&#039;actualit\u00e9 sportive\",\"publisher\":{\"@id\":\"https:\/\/dicodusport.fr\/blog\/#organization\"},\"potentialAction\":[{\"@type\":\"SearchAction\",\"target\":{\"@type\":\"EntryPoint\",\"urlTemplate\":\"https:\/\/dicodusport.fr\/blog\/?s={search_term_string}\"},\"query-input\":{\"@type\":\"PropertyValueSpecification\",\"valueRequired\":true,\"valueName\":\"search_term_string\"}}],\"inLanguage\":\"fr-FR\"},{\"@type\":\"NewsMediaOrganization\",\"@id\":\"https:\/\/dicodusport.fr\/blog\/#organization\",\"name\":\"Dicodusport\",\"url\":\"https:\/\/dicodusport.fr\/blog\/\",\"logo\":{\"@type\":\"ImageObject\",\"inLanguage\":\"fr-FR\",\"@id\":\"https:\/\/dicodusport.fr\/blog\/#\/schema\/logo\/image\/\",\"url\":\"https:\/\/dicodusport.fr\/blog\/wp-content\/uploads\/2020\/06\/cropped-LOGO-DICODUSPORT-2020-SANS-FOND-SANS-TEXTE.png\",\"contentUrl\":\"https:\/\/dicodusport.fr\/blog\/wp-content\/uploads\/2020\/06\/cropped-LOGO-DICODUSPORT-2020-SANS-FOND-SANS-TEXTE.png\",\"width\":512,\"height\":512,\"caption\":\"Dicodusport\"},\"image\":{\"@id\":\"https:\/\/dicodusport.fr\/blog\/#\/schema\/logo\/image\/\"},\"sameAs\":[\"https:\/\/www.facebook.com\/dicodusport\",\"https:\/\/x.com\/dicodusport\",\"https:\/\/www.instagram.com\/dicodusport\/\",\"https:\/\/www.youtube.com\/channel\/UC7V2KZ5sd3htJivAbA4ZG3w\"],\"description\":\"Dicodusport est l'encyclop\u00e9die de l'actualit\u00e9 sportive.\",\"email\":\"bonjour@dicodusport.fr\",\"legalName\":\"DICODUSPORT\",\"foundingDate\":\"2018-01-14\",\"vatID\":\"FR71834470973\",\"taxID\":\"83447097300043\",\"numberOfEmployees\":{\"@type\":\"QuantitativeValue\",\"minValue\":\"1\",\"maxValue\":\"10\"}},{\"@type\":\"Person\",\"@id\":\"https:\/\/dicodusport.fr\/blog\/#\/schema\/person\/819fb2545dd2715bd7c0580d6d4b411a\",\"name\":\"Roxane Lecacher\",\"image\":{\"@type\":\"ImageObject\",\"inLanguage\":\"fr-FR\",\"@id\":\"https:\/\/dicodusport.fr\/blog\/#\/schema\/person\/image\/\",\"url\":\"https:\/\/dicodusport.fr\/blog\/wp-content\/uploads\/2021\/05\/Roxane-Lecacher-150x150.jpg\",\"contentUrl\":\"https:\/\/dicodusport.fr\/blog\/wp-content\/uploads\/2021\/05\/Roxane-Lecacher-150x150.jpg\",\"caption\":\"Roxane Lecacher\"},\"description\":\"Journaliste\/r\u00e9dactrice depuis janvier 2021 - N\u00e9e quelques jours avant la premi\u00e8re \u00e9toile des Bleus, je baigne dans une famille tr\u00e8s sportive. Je n\u2019ai eu d\u2019autres choix que de me passionner pour le sujet. Pratiquante de l\u2019athl\u00e9tisme depuis toute petite, j\u2019ai aussi un attrait tout particulier pour la Formule 1, le biathlon et le foot. Pendant les grands \u00e9v\u00e9nements, il est impossible de d\u00e9crocher de ma t\u00e9l\u00e9. C\u2019est \u00e0 travers Dicodusport que j\u2019aime d\u00e9sormais vous transmettre mes \u00e9motions et ma passion.\",\"sameAs\":[\"https:\/\/www.facebook.com\/roxane.lecacher\",\"https:\/\/fr.linkedin.com\/in\/roxane-lecacher-23368313b\"],\"url\":\"https:\/\/dicodusport.fr\/blog\/author\/roxanel\/\"}]}<\/script>\n<!-- \/ Yoast SEO Premium plugin. -->","yoast_head_json":{"title":"MotoGP GP de R\u00e9publique Tch\u00e8que 2025 : Marc Marquez poursuit son r\u00e9cital \u00e0 Brno","description":"MOTOGP - GRAND PRIX DES R\u00c9PUBLIQUE TCH\u00c8QUE 2025\u00a0- A l\u2019issue d\u2019une course disput\u00e9e au d\u00e9part, Marc Marquez (Ducati) a remport\u00e9 la course principale sur le circuit de Brno.","robots":{"index":"index","follow":"follow","max-snippet":"max-snippet:-1","max-image-preview":"max-image-preview:large","max-video-preview":"max-video-preview:-1"},"canonical":"https:\/\/dicodusport.fr\/blog\/motogp-gp-de-republique-tcheque-2025-marc-marquez-poursuit-son-recital-a-brno\/","og_locale":"fr_FR","og_type":"article","og_title":"MotoGP GP de R\u00e9publique Tch\u00e8que 2025 : Marc Marquez poursuit son r\u00e9cital \u00e0 Brno","og_description":"MOTOGP - GRAND PRIX DES R\u00c9PUBLIQUE TCH\u00c8QUE 2025\u00a0- A l\u2019issue d\u2019une course disput\u00e9e au d\u00e9part, Marc Marquez (Ducati) a remport\u00e9 la course principale sur le circuit de Brno.","og_url":"https:\/\/dicodusport.fr\/blog\/motogp-gp-de-republique-tcheque-2025-marc-marquez-poursuit-son-recital-a-brno\/","og_site_name":"Dicodusport","article_publisher":"https:\/\/www.facebook.com\/dicodusport","article_author":"https:\/\/www.facebook.com\/roxane.lecacher","article_published_time":"2025-07-20T12:50:00+00:00","article_modified_time":"2025-07-20T13:29:14+00:00","og_image":[{"width":1200,"height":674,"url":"https:\/\/dicodusport.fr\/blog\/wp-content\/uploads\/2025\/07\/MotoGP-GP-de-Republique-Tcheque-2025-Marc-Marquez-poursuit-son-recital-a-Brno-1.png","type":"image\/png"}],"author":"Roxane Lecacher","twitter_card":"summary_large_image","twitter_title":"MotoGP GP de R\u00e9publique Tch\u00e8que 2025 : Marc Marquez poursuit son r\u00e9cital \u00e0 Brno","twitter_creator":"@dicodusport","twitter_site":"@dicodusport","schema":{"@context":"https:\/\/schema.org","@graph":[{"@type":"NewsArticle","@id":"https:\/\/dicodusport.fr\/blog\/motogp-gp-de-republique-tcheque-2025-marc-marquez-poursuit-son-recital-a-brno\/#article","isPartOf":{"@id":"https:\/\/dicodusport.fr\/blog\/motogp-gp-de-republique-tcheque-2025-marc-marquez-poursuit-son-recital-a-brno\/"},"author":{"name":"Roxane Lecacher","@id":"https:\/\/dicodusport.fr\/blog\/#\/schema\/person\/819fb2545dd2715bd7c0580d6d4b411a"},"headline":"MotoGP GP de R\u00e9publique Tch\u00e8que 2025 : Marc Marquez poursuit son r\u00e9cital \u00e0 Brno","datePublished":"2025-07-20T12:50:00+00:00","dateModified":"2025-07-20T13:29:14+00:00","mainEntityOfPage":{"@id":"https:\/\/dicodusport.fr\/blog\/motogp-gp-de-republique-tcheque-2025-marc-marquez-poursuit-son-recital-a-brno\/"},"wordCount":639,"commentCount":0,"publisher":{"@id":"https:\/\/dicodusport.fr\/blog\/#organization"},"image":{"@id":"https:\/\/dicodusport.fr\/blog\/motogp-gp-de-republique-tcheque-2025-marc-marquez-poursuit-son-recital-a-brno\/#primaryimage"},"thumbnailUrl":"https:\/\/dicodusport.fr\/blog\/wp-content\/uploads\/2025\/07\/MotoGP-GP-de-Republique-Tcheque-2025-Marc-Marquez-poursuit-son-recital-a-Brno-1.png","keywords":["br\u00e8ve","Grand Prix de R\u00e9publique Tch\u00e8que","MotoGP","sport"],"articleSection":["MotoGP"],"inLanguage":"fr-FR","potentialAction":[{"@type":"CommentAction","name":"Comment","target":["https:\/\/dicodusport.fr\/blog\/motogp-gp-de-republique-tcheque-2025-marc-marquez-poursuit-son-recital-a-brno\/#respond"]}],"copyrightYear":"2025","copyrightHolder":{"@id":"https:\/\/dicodusport.fr\/blog\/#organization"}},{"@type":"WebPage","@id":"https:\/\/dicodusport.fr\/blog\/motogp-gp-de-republique-tcheque-2025-marc-marquez-poursuit-son-recital-a-brno\/","url":"https:\/\/dicodusport.fr\/blog\/motogp-gp-de-republique-tcheque-2025-marc-marquez-poursuit-son-recital-a-brno\/","name":"MotoGP GP de R\u00e9publique Tch\u00e8que 2025 : Marc Marquez poursuit son r\u00e9cital \u00e0 Brno","isPartOf":{"@id":"https:\/\/dicodusport.fr\/blog\/#website"},"primaryImageOfPage":{"@id":"https:\/\/dicodusport.fr\/blog\/motogp-gp-de-republique-tcheque-2025-marc-marquez-poursuit-son-recital-a-brno\/#primaryimage"},"image":{"@id":"https:\/\/dicodusport.fr\/blog\/motogp-gp-de-republique-tcheque-2025-marc-marquez-poursuit-son-recital-a-brno\/#primaryimage"},"thumbnailUrl":"https:\/\/dicodusport.fr\/blog\/wp-content\/uploads\/2025\/07\/MotoGP-GP-de-Republique-Tcheque-2025-Marc-Marquez-poursuit-son-recital-a-Brno-1.png","datePublished":"2025-07-20T12:50:00+00:00","dateModified":"2025-07-20T13:29:14+00:00","description":"MOTOGP - GRAND PRIX DES R\u00c9PUBLIQUE TCH\u00c8QUE 2025\u00a0- A l\u2019issue d\u2019une course disput\u00e9e au d\u00e9part, Marc Marquez (Ducati) a remport\u00e9 la course principale sur le circuit de Brno.","breadcrumb":{"@id":"https:\/\/dicodusport.fr\/blog\/motogp-gp-de-republique-tcheque-2025-marc-marquez-poursuit-son-recital-a-brno\/#breadcrumb"},"inLanguage":"fr-FR","potentialAction":[{"@type":"ReadAction","target":["https:\/\/dicodusport.fr\/blog\/motogp-gp-de-republique-tcheque-2025-marc-marquez-poursuit-son-recital-a-brno\/"]}]},{"@type":"ImageObject","inLanguage":"fr-FR","@id":"https:\/\/dicodusport.fr\/blog\/motogp-gp-de-republique-tcheque-2025-marc-marquez-poursuit-son-recital-a-brno\/#primaryimage","url":"https:\/\/dicodusport.fr\/blog\/wp-content\/uploads\/2025\/07\/MotoGP-GP-de-Republique-Tcheque-2025-Marc-Marquez-poursuit-son-recital-a-Brno-1.png","contentUrl":"https:\/\/dicodusport.fr\/blog\/wp-content\/uploads\/2025\/07\/MotoGP-GP-de-Republique-Tcheque-2025-Marc-Marquez-poursuit-son-recital-a-Brno-1.png","width":1200,"height":674,"caption":"MotoGP GP de R\u00e9publique Tch\u00e8que 2025 Marc Marquez poursuit son r\u00e9cital \u00e0 Brno (1)"},{"@type":"BreadcrumbList","@id":"https:\/\/dicodusport.fr\/blog\/motogp-gp-de-republique-tcheque-2025-marc-marquez-poursuit-son-recital-a-brno\/#breadcrumb","itemListElement":[{"@type":"ListItem","position":1,"name":"Accueil","item":"https:\/\/dicodusport.fr\/blog\/"},{"@type":"ListItem","position":2,"name":"MotoGP GP de R\u00e9publique Tch\u00e8que 2025 : Marc Marquez poursuit son r\u00e9cital \u00e0 Brno"}]},{"@type":"WebSite","@id":"https:\/\/dicodusport.fr\/blog\/#website","url":"https:\/\/dicodusport.fr\/blog\/","name":"Dicodusport","description":"L&#039;encyclop\u00e9die de l&#039;actualit\u00e9 sportive","publisher":{"@id":"https:\/\/dicodusport.fr\/blog\/#organization"},"potentialAction":[{"@type":"SearchAction","target":{"@type":"EntryPoint","urlTemplate":"https:\/\/dicodusport.fr\/blog\/?s={search_term_string}"},"query-input":{"@type":"PropertyValueSpecification","valueRequired":true,"valueName":"search_term_string"}}],"inLanguage":"fr-FR"},{"@type":"NewsMediaOrganization","@id":"https:\/\/dicodusport.fr\/blog\/#organization","name":"Dicodusport","url":"https:\/\/dicodusport.fr\/blog\/","logo":{"@type":"ImageObject","inLanguage":"fr-FR","@id":"https:\/\/dicodusport.fr\/blog\/#\/schema\/logo\/image\/","url":"https:\/\/dicodusport.fr\/blog\/wp-content\/uploads\/2020\/06\/cropped-LOGO-DICODUSPORT-2020-SANS-FOND-SANS-TEXTE.png","contentUrl":"https:\/\/dicodusport.fr\/blog\/wp-content\/uploads\/2020\/06\/cropped-LOGO-DICODUSPORT-2020-SANS-FOND-SANS-TEXTE.png","width":512,"height":512,"caption":"Dicodusport"},"image":{"@id":"https:\/\/dicodusport.fr\/blog\/#\/schema\/logo\/image\/"},"sameAs":["https:\/\/www.facebook.com\/dicodusport","https:\/\/x.com\/dicodusport","https:\/\/www.instagram.com\/dicodusport\/","https:\/\/www.youtube.com\/channel\/UC7V2KZ5sd3htJivAbA4ZG3w"],"description":"Dicodusport est l'encyclop\u00e9die de l'actualit\u00e9 sportive.","email":"bonjour@dicodusport.fr","legalName":"DICODUSPORT","foundingDate":"2018-01-14","vatID":"FR71834470973","taxID":"83447097300043","numberOfEmployees":{"@type":"QuantitativeValue","minValue":"1","maxValue":"10"}},{"@type":"Person","@id":"https:\/\/dicodusport.fr\/blog\/#\/schema\/person\/819fb2545dd2715bd7c0580d6d4b411a","name":"Roxane Lecacher","image":{"@type":"ImageObject","inLanguage":"fr-FR","@id":"https:\/\/dicodusport.fr\/blog\/#\/schema\/person\/image\/","url":"https:\/\/dicodusport.fr\/blog\/wp-content\/uploads\/2021\/05\/Roxane-Lecacher-150x150.jpg","contentUrl":"https:\/\/dicodusport.fr\/blog\/wp-content\/uploads\/2021\/05\/Roxane-Lecacher-150x150.jpg","caption":"Roxane Lecacher"},"description":"Journaliste\/r\u00e9dactrice depuis janvier 2021 - N\u00e9e quelques jours avant la premi\u00e8re \u00e9toile des Bleus, je baigne dans une famille tr\u00e8s sportive. Je n\u2019ai eu d\u2019autres choix que de me passionner pour le sujet. Pratiquante de l\u2019athl\u00e9tisme depuis toute petite, j\u2019ai aussi un attrait tout particulier pour la Formule 1, le biathlon et le foot. Pendant les grands \u00e9v\u00e9nements, il est impossible de d\u00e9crocher de ma t\u00e9l\u00e9. C\u2019est \u00e0 travers Dicodusport que j\u2019aime d\u00e9sormais vous transmettre mes \u00e9motions et ma passion.","sameAs":["https:\/\/www.facebook.com\/roxane.lecacher","https:\/\/fr.linkedin.com\/in\/roxane-lecacher-23368313b"],"url":"https:\/\/dicodusport.fr\/blog\/author\/roxanel\/"}]}},"_links":{"self":[{"href":"https:\/\/dicodusport.fr\/blog\/wp-json\/wp\/v2\/posts\/596838","targetHints":{"allow":["GET"]}}],"collection":[{"href":"https:\/\/dicodusport.fr\/blog\/wp-json\/wp\/v2\/posts"}],"about":[{"href":"https:\/\/dicodusport.fr\/blog\/wp-json\/wp\/v2\/types\/post"}],"author":[{"embeddable":true,"href":"https:\/\/dicodusport.fr\/blog\/wp-json\/wp\/v2\/users\/54"}],"replies":[{"embeddable":true,"href":"https:\/\/dicodusport.fr\/blog\/wp-json\/wp\/v2\/comments?post=596838"}],"version-history":[{"count":5,"href":"https:\/\/dicodusport.fr\/blog\/wp-json\/wp\/v2\/posts\/596838\/revisions"}],"predecessor-version":[{"id":596869,"href":"https:\/\/dicodusport.fr\/blog\/wp-json\/wp\/v2\/posts\/596838\/revisions\/596869"}],"wp:featuredmedia":[{"embeddable":true,"href":"https:\/\/dicodusport.fr\/blog\/wp-json\/wp\/v2\/media\/596868"}],"wp:attachment":[{"href":"https:\/\/dicodusport.fr\/blog\/wp-json\/wp\/v2\/media?parent=596838"}],"wp:term":[{"taxonomy":"category","embeddable":true,"href":"https:\/\/dicodusport.fr\/blog\/wp-json\/wp\/v2\/categories?post=596838"},{"taxonomy":"post_tag","embeddable":true,"href":"https:\/\/dicodusport.fr\/blog\/wp-json\/wp\/v2\/tags?post=596838"}],"curies":[{"name":"wp","href":"https:\/\/api.w.org\/{rel}","templated":true}]}}