{"id":596841,"date":"2025-07-21T09:30:24","date_gmt":"2025-07-21T07:30:24","guid":{"rendered":"https:\/\/dicodusport.fr\/blog\/?p=596841&#038;preview=true&#038;preview_id=596841"},"modified":"2025-07-21T09:56:43","modified_gmt":"2025-07-21T07:56:43","slug":"nage-avec-palmes-les-bleus-font-le-plein-de-medailles-aux-championnats-deurope","status":"publish","type":"post","link":"https:\/\/dicodusport.fr\/blog\/nage-avec-palmes-les-bleus-font-le-plein-de-medailles-aux-championnats-deurope\/","title":{"rendered":"Nage avec palmes : Les Bleus font le plein de m\u00e9dailles aux championnats d&rsquo;Europe"},"content":{"rendered":"<p style=\"text-align: justify;\"><strong><em>NAGE AVEC PALMES &#8211; L&rsquo;\u00e9quipe de France de nage avec palmes n&rsquo;a pas ch\u00f4m\u00e9 \u00e0 l&rsquo;occasion des championnats d&rsquo;Europe d&rsquo;Olsztyn (Pologne), en d\u00e9crochant 13 m\u00e9dailles.<\/em><\/strong><\/p>\n<p style=\"text-align: justify;\">Depuis plusieurs ann\u00e9es, l&rsquo;\u00e9quipe de France a pris l&rsquo;habitude de briller dans les \u00e9preuves internationales de <strong>nage avec palmes<\/strong>. Il suffit de revenir pr\u00e8s d&rsquo;un an en arri\u00e8re pour s&rsquo;en rendre compte, les Bleus ayant cumul\u00e9 la bagatelle de 10 m\u00e9dailles dont trois titres lors des mondiaux organis\u00e9s \u00e0 Carry-le-Rouet.<\/p>\n<div class=\"vlp-link-container vlp-layout-article\"><a href=\"https:\/\/dicodusport.fr\/blog\/nage-avec-palmes-clement-batte-se-pare-trois-fois-dor-la-france-brille-aux-mondiaux-en-eau-libre\/\" class=\"vlp-link\" title=\"Nage avec palmes : Cl\u00e9ment Batt\u00e9 se pare trois fois d&#039;or, la France brille aux Mondiaux en eau libre\"><\/a><div class=\"vlp-layout-zone-side\"><div class=\"vlp-block-4 vlp-link-image\"><img loading=\"lazy\" decoding=\"async\" style=\"max-width: 792px;\" width=\"792\" height=\"445\" src=\"https:\/\/dicodusport.fr\/blog\/wp-content\/uploads\/2024\/10\/Nage-avec-palmes-Clement-Batte-se-pare-trois-fois-dor-la-France-brille-aux-Mondiaux-en-eau-libre.png\" class=\"attachment-800x445 size-800x445\" alt=\"Nage avec palmes Cl\u00e9ment Batt\u00e9 se pare trois fois d&#039;or, la France brille aux Mondiaux en eau libre\" srcset=\"https:\/\/dicodusport.fr\/blog\/wp-content\/uploads\/2024\/10\/Nage-avec-palmes-Clement-Batte-se-pare-trois-fois-dor-la-France-brille-aux-Mondiaux-en-eau-libre.png 1200w, https:\/\/dicodusport.fr\/blog\/wp-content\/uploads\/2024\/10\/Nage-avec-palmes-Clement-Batte-se-pare-trois-fois-dor-la-France-brille-aux-Mondiaux-en-eau-libre-300x169.png 300w, https:\/\/dicodusport.fr\/blog\/wp-content\/uploads\/2024\/10\/Nage-avec-palmes-Clement-Batte-se-pare-trois-fois-dor-la-France-brille-aux-Mondiaux-en-eau-libre-1024x575.png 1024w, https:\/\/dicodusport.fr\/blog\/wp-content\/uploads\/2024\/10\/Nage-avec-palmes-Clement-Batte-se-pare-trois-fois-dor-la-France-brille-aux-Mondiaux-en-eau-libre-768x431.png 768w\" sizes=\"auto, (max-width: 792px) 100vw, 792px\" \/><\/div><\/div><div class=\"vlp-layout-zone-main\"><div class=\"vlp-block-0 vlp-link-title\">Nage avec palmes : Cl\u00e9ment Batt\u00e9 se pare trois fois d'or, la France brille aux Mondiaux en eau libre<\/div><div class=\"vlp-block-1 vlp-link-summary\">CHAMPIONNATS DU MONDE DE NAGE AVEC PALMES EN EAU LIBRE 2024 - La France organisait les Mondiaux \u00e0 Carry-le-Rouet, et en a profit\u00e9 pour faire le plein de m\u00e9dailles.\u00a0<\/div><div class=\"vlp-block-2 vlp-link-button\">Lire l'article<\/div><div class=\"vlp-block-3 vlp-link-url\">dicodusport.fr<\/div><\/div><\/div>\n<h2 style=\"text-align: justify;\">Ana\u00efs Verger m\u00e8ne une belle r\u00e9colte fran\u00e7aise<\/h2>\n<p style=\"text-align: justify;\">Les Bleus \u00e9taient donc naturellement ambitieux au moment d&rsquo;aborder les <strong>championnats d&rsquo;Europe 2025<\/strong> \u00e0 <strong>Olsztyn<\/strong>. Et durant quatre jours, ces ambitions ont \u00e9t\u00e9 assouvies comme il se doit. D\u00e8s la premi\u00e8re journ\u00e9e<strong>, Kalliste Fourton Bellini<\/strong> (1500m SF) et le relais 4X100 SF f\u00e9minin avaient donn\u00e9 le ton en mettant la main sur deux m\u00e9dailles de bronze. Les trois jours suivants, les breloques n&rsquo;ont cess\u00e9 de multiplier pour atteindre le total de 13.<\/p>\n<p style=\"text-align: justify;\">Brillant lors des derniers mondiaux, <strong>Cl\u00e9ment Batt\u00e9<\/strong> s&rsquo;est content\u00e9 d&rsquo;une m\u00e9daille d&rsquo;argent, laissant la place de chef de file \u00e0 <strong>Ana\u00efs Verger<\/strong>. D\u00e9j\u00e0 sacr\u00e9e championne du monde par le pass\u00e9, la Bretonne a r\u00e9cidiv\u00e9 en r\u00e9alisant le doubl\u00e9 200m et 400m IS. \u00c0 noter \u00e9galement la bonne tenue du collectif, r\u00e9compens\u00e9 comme il se doit avec l&rsquo;obtention de 4 m\u00e9dailles dans les \u00e9preuves par \u00e9quipe. Le bilan est donc plus que positif pour les Bleus, qui continuent de s&rsquo;imposer comme une valeur s\u00fbre de la discipline.<\/p>\n<h3 style=\"text-align: justify;\">Les m\u00e9dailles fran\u00e7aises \u00e0 Olsztyn<\/h3>\n<p style=\"text-align: justify;\"><strong>Or (3) :<\/strong> Ma\u00efwenn Hamon (100m IS), Ana\u00efs Verger X2 (200m IS et 400m IS)<\/p>\n<p style=\"text-align: justify;\"><strong>Argent (5) :<\/strong> Cl\u00e9ment Batt\u00e9 (400 BI), Jeanne Daniel (400 BI), Relais 4X50 SF Femmes, Relais 4X50 Hommes, Relais mixte 4X100 SB Hommes<\/p>\n<p style=\"text-align: justify;\"><strong>Bronze (5) :<\/strong> Kalliste Fourton Bellini (1500 SF), No\u00e9mie Da Silva (400m IS), Th\u00e9o De Zaldivar (100 BI), Colas Zugmeyer (100m surface), Relais 4X100 SF Femmes.<\/p>\n<p><iframe loading=\"lazy\" style=\"border: none; overflow: hidden;\" src=\"https:\/\/www.facebook.com\/plugins\/post.php?href=https%3A%2F%2Fwww.facebook.com%2Fnageavecpalmesffessm%2Fposts%2Fpfbid02Vv5nQvS3jmxohvn3HPQvUmhPkc3GLSq2eywQnoyjCar5Tihdc5HteHtZ3svtmjuKl&amp;show_text=true&amp;width=500\" width=\"500\" height=\"664\" frameborder=\"0\" scrolling=\"no\" allowfullscreen=\"allowfullscreen\"><\/iframe><\/p>\n<p>&nbsp;<\/p>\n","protected":false},"excerpt":{"rendered":"<p>NAGE AVEC PALMES &#8211; L&rsquo;\u00e9quipe de France de nage avec palmes n&rsquo;a pas ch\u00f4m\u00e9 \u00e0 l&rsquo;occasion des championnats d&rsquo;Europe d&rsquo;Olsztyn (Pologne) en d\u00e9crochant 13 m\u00e9dailles.<\/p>\n","protected":false},"author":55,"featured_media":596976,"comment_status":"open","ping_status":"closed","sticky":false,"template":"","format":"standard","meta":{"_acf_changed":false,"_daextam_enable_autolinks":"1","footnotes":""},"categories":[2315],"tags":[16878,47191],"class_list":["post-596841","post","type-post","status-publish","format-standard","has-post-thumbnail","hentry","category-sports-aquatiques","tag-breve","tag-nage-avec-palmes"],"acf":[],"yoast_head":"<!-- This site is optimized with the Yoast SEO Premium plugin v26.7 (Yoast SEO v26.7) - https:\/\/yoast.com\/wordpress\/plugins\/seo\/ -->\n<title>Nage avec palmes : Les Bleus font le plein de m\u00e9dailles aux championnats d&#039;Europe<\/title>\n<meta name=\"description\" content=\"NAGE AVEC PALMES - L&#039;\u00e9quipe de France de nage a cumul\u00e9 13 m\u00e9dailles \u00e0 l&#039;occasion des championnats d&#039;Europe.\" \/>\n<meta name=\"robots\" content=\"index, follow, max-snippet:-1, max-image-preview:large, max-video-preview:-1\" \/>\n<link rel=\"canonical\" href=\"https:\/\/dicodusport.fr\/blog\/nage-avec-palmes-les-bleus-font-le-plein-de-medailles-aux-championnats-deurope\/\" \/>\n<meta property=\"og:locale\" content=\"fr_FR\" \/>\n<meta property=\"og:type\" content=\"article\" \/>\n<meta property=\"og:title\" content=\"Nage avec palmes : Les Bleus font le plein de m\u00e9dailles aux championnats d&#039;Europe\" \/>\n<meta property=\"og:description\" content=\"NAGE AVEC PALMES - L&#039;\u00e9quipe de France de nage avec palmes n&#039;a pas ch\u00f4m\u00e9 \u00e0 l&#039;occasion des championnats d&#039;Europe d&#039;Olsztyn (Pologne) en d\u00e9crochant 13 m\u00e9dailles.\" \/>\n<meta property=\"og:url\" content=\"https:\/\/dicodusport.fr\/blog\/nage-avec-palmes-les-bleus-font-le-plein-de-medailles-aux-championnats-deurope\/\" \/>\n<meta property=\"og:site_name\" content=\"Dicodusport\" \/>\n<meta property=\"article:publisher\" content=\"https:\/\/www.facebook.com\/dicodusport\" \/>\n<meta property=\"article:published_time\" content=\"2025-07-21T07:30:24+00:00\" \/>\n<meta property=\"article:modified_time\" content=\"2025-07-21T07:56:43+00:00\" \/>\n<meta property=\"og:image\" content=\"https:\/\/dicodusport.fr\/blog\/wp-content\/uploads\/2025\/07\/Nage-avec-palmes-Les-Bleus-font-le-plein-de-medailles-aux-championnats-dEurope.png\" \/>\n\t<meta property=\"og:image:width\" content=\"1200\" \/>\n\t<meta property=\"og:image:height\" content=\"674\" \/>\n\t<meta property=\"og:image:type\" content=\"image\/png\" \/>\n<meta name=\"author\" content=\"Maxime Cazenave\" \/>\n<meta name=\"twitter:card\" content=\"summary_large_image\" \/>\n<meta name=\"twitter:description\" content=\"NAGE AVEC PALMES - L&#039;\u00e9quipe de France de nage avec palmes n&#039;a pas ch\u00f4m\u00e9 \u00e0 l&#039;occasion des championnats d&#039;Europe d&#039;Olsztyn (Pologne) en d\u00e9crochant 13 m\u00e9dailles.\" \/>\n<meta name=\"twitter:creator\" content=\"@https:\/\/twitter.com\/Maxime_Caze\" \/>\n<meta name=\"twitter:site\" content=\"@dicodusport\" \/>\n<script type=\"application\/ld+json\" class=\"yoast-schema-graph\">{\"@context\":\"https:\/\/schema.org\",\"@graph\":[{\"@type\":\"NewsArticle\",\"@id\":\"https:\/\/dicodusport.fr\/blog\/nage-avec-palmes-les-bleus-font-le-plein-de-medailles-aux-championnats-deurope\/#article\",\"isPartOf\":{\"@id\":\"https:\/\/dicodusport.fr\/blog\/nage-avec-palmes-les-bleus-font-le-plein-de-medailles-aux-championnats-deurope\/\"},\"author\":{\"name\":\"Maxime Cazenave\",\"@id\":\"https:\/\/dicodusport.fr\/blog\/#\/schema\/person\/37def232098a7a5cbab3974a3690abb0\"},\"headline\":\"Nage avec palmes : Les Bleus font le plein de m\u00e9dailles aux championnats d&rsquo;Europe\",\"datePublished\":\"2025-07-21T07:30:24+00:00\",\"dateModified\":\"2025-07-21T07:56:43+00:00\",\"mainEntityOfPage\":{\"@id\":\"https:\/\/dicodusport.fr\/blog\/nage-avec-palmes-les-bleus-font-le-plein-de-medailles-aux-championnats-deurope\/\"},\"wordCount\":455,\"commentCount\":0,\"publisher\":{\"@id\":\"https:\/\/dicodusport.fr\/blog\/#organization\"},\"image\":{\"@id\":\"https:\/\/dicodusport.fr\/blog\/nage-avec-palmes-les-bleus-font-le-plein-de-medailles-aux-championnats-deurope\/#primaryimage\"},\"thumbnailUrl\":\"https:\/\/dicodusport.fr\/blog\/wp-content\/uploads\/2025\/07\/Nage-avec-palmes-Les-Bleus-font-le-plein-de-medailles-aux-championnats-dEurope.png\",\"keywords\":[\"br\u00e8ve\",\"nage avec palmes\"],\"articleSection\":[\"Sports aquatiques\"],\"inLanguage\":\"fr-FR\",\"potentialAction\":[{\"@type\":\"CommentAction\",\"name\":\"Comment\",\"target\":[\"https:\/\/dicodusport.fr\/blog\/nage-avec-palmes-les-bleus-font-le-plein-de-medailles-aux-championnats-deurope\/#respond\"]}],\"copyrightYear\":\"2025\",\"copyrightHolder\":{\"@id\":\"https:\/\/dicodusport.fr\/blog\/#organization\"}},{\"@type\":\"WebPage\",\"@id\":\"https:\/\/dicodusport.fr\/blog\/nage-avec-palmes-les-bleus-font-le-plein-de-medailles-aux-championnats-deurope\/\",\"url\":\"https:\/\/dicodusport.fr\/blog\/nage-avec-palmes-les-bleus-font-le-plein-de-medailles-aux-championnats-deurope\/\",\"name\":\"Nage avec palmes : Les Bleus font le plein de m\u00e9dailles aux championnats d'Europe\",\"isPartOf\":{\"@id\":\"https:\/\/dicodusport.fr\/blog\/#website\"},\"primaryImageOfPage\":{\"@id\":\"https:\/\/dicodusport.fr\/blog\/nage-avec-palmes-les-bleus-font-le-plein-de-medailles-aux-championnats-deurope\/#primaryimage\"},\"image\":{\"@id\":\"https:\/\/dicodusport.fr\/blog\/nage-avec-palmes-les-bleus-font-le-plein-de-medailles-aux-championnats-deurope\/#primaryimage\"},\"thumbnailUrl\":\"https:\/\/dicodusport.fr\/blog\/wp-content\/uploads\/2025\/07\/Nage-avec-palmes-Les-Bleus-font-le-plein-de-medailles-aux-championnats-dEurope.png\",\"datePublished\":\"2025-07-21T07:30:24+00:00\",\"dateModified\":\"2025-07-21T07:56:43+00:00\",\"description\":\"NAGE AVEC PALMES - L'\u00e9quipe de France de nage a cumul\u00e9 13 m\u00e9dailles \u00e0 l'occasion des championnats d'Europe.\",\"breadcrumb\":{\"@id\":\"https:\/\/dicodusport.fr\/blog\/nage-avec-palmes-les-bleus-font-le-plein-de-medailles-aux-championnats-deurope\/#breadcrumb\"},\"inLanguage\":\"fr-FR\",\"potentialAction\":[{\"@type\":\"ReadAction\",\"target\":[\"https:\/\/dicodusport.fr\/blog\/nage-avec-palmes-les-bleus-font-le-plein-de-medailles-aux-championnats-deurope\/\"]}]},{\"@type\":\"ImageObject\",\"inLanguage\":\"fr-FR\",\"@id\":\"https:\/\/dicodusport.fr\/blog\/nage-avec-palmes-les-bleus-font-le-plein-de-medailles-aux-championnats-deurope\/#primaryimage\",\"url\":\"https:\/\/dicodusport.fr\/blog\/wp-content\/uploads\/2025\/07\/Nage-avec-palmes-Les-Bleus-font-le-plein-de-medailles-aux-championnats-dEurope.png\",\"contentUrl\":\"https:\/\/dicodusport.fr\/blog\/wp-content\/uploads\/2025\/07\/Nage-avec-palmes-Les-Bleus-font-le-plein-de-medailles-aux-championnats-dEurope.png\",\"width\":1200,\"height\":674,\"caption\":\"Nage avec palmes : Les Bleus font le plein de m\u00e9dailles aux championnats d'Europe\"},{\"@type\":\"BreadcrumbList\",\"@id\":\"https:\/\/dicodusport.fr\/blog\/nage-avec-palmes-les-bleus-font-le-plein-de-medailles-aux-championnats-deurope\/#breadcrumb\",\"itemListElement\":[{\"@type\":\"ListItem\",\"position\":1,\"name\":\"Accueil\",\"item\":\"https:\/\/dicodusport.fr\/blog\/\"},{\"@type\":\"ListItem\",\"position\":2,\"name\":\"Nage avec palmes : Les Bleus font le plein de m\u00e9dailles aux championnats d&rsquo;Europe\"}]},{\"@type\":\"WebSite\",\"@id\":\"https:\/\/dicodusport.fr\/blog\/#website\",\"url\":\"https:\/\/dicodusport.fr\/blog\/\",\"name\":\"Dicodusport\",\"description\":\"L&#039;encyclop\u00e9die de l&#039;actualit\u00e9 sportive\",\"publisher\":{\"@id\":\"https:\/\/dicodusport.fr\/blog\/#organization\"},\"potentialAction\":[{\"@type\":\"SearchAction\",\"target\":{\"@type\":\"EntryPoint\",\"urlTemplate\":\"https:\/\/dicodusport.fr\/blog\/?s={search_term_string}\"},\"query-input\":{\"@type\":\"PropertyValueSpecification\",\"valueRequired\":true,\"valueName\":\"search_term_string\"}}],\"inLanguage\":\"fr-FR\"},{\"@type\":\"NewsMediaOrganization\",\"@id\":\"https:\/\/dicodusport.fr\/blog\/#organization\",\"name\":\"Dicodusport\",\"url\":\"https:\/\/dicodusport.fr\/blog\/\",\"logo\":{\"@type\":\"ImageObject\",\"inLanguage\":\"fr-FR\",\"@id\":\"https:\/\/dicodusport.fr\/blog\/#\/schema\/logo\/image\/\",\"url\":\"https:\/\/dicodusport.fr\/blog\/wp-content\/uploads\/2020\/06\/cropped-LOGO-DICODUSPORT-2020-SANS-FOND-SANS-TEXTE.png\",\"contentUrl\":\"https:\/\/dicodusport.fr\/blog\/wp-content\/uploads\/2020\/06\/cropped-LOGO-DICODUSPORT-2020-SANS-FOND-SANS-TEXTE.png\",\"width\":512,\"height\":512,\"caption\":\"Dicodusport\"},\"image\":{\"@id\":\"https:\/\/dicodusport.fr\/blog\/#\/schema\/logo\/image\/\"},\"sameAs\":[\"https:\/\/www.facebook.com\/dicodusport\",\"https:\/\/x.com\/dicodusport\",\"https:\/\/www.instagram.com\/dicodusport\/\",\"https:\/\/www.youtube.com\/channel\/UC7V2KZ5sd3htJivAbA4ZG3w\"],\"description\":\"Dicodusport est l'encyclop\u00e9die de l'actualit\u00e9 sportive.\",\"email\":\"bonjour@dicodusport.fr\",\"legalName\":\"DICODUSPORT\",\"foundingDate\":\"2018-01-14\",\"vatID\":\"FR71834470973\",\"taxID\":\"83447097300043\",\"numberOfEmployees\":{\"@type\":\"QuantitativeValue\",\"minValue\":\"1\",\"maxValue\":\"10\"}},{\"@type\":\"Person\",\"@id\":\"https:\/\/dicodusport.fr\/blog\/#\/schema\/person\/37def232098a7a5cbab3974a3690abb0\",\"name\":\"Maxime Cazenave\",\"image\":{\"@type\":\"ImageObject\",\"inLanguage\":\"fr-FR\",\"@id\":\"https:\/\/dicodusport.fr\/blog\/#\/schema\/person\/image\/\",\"url\":\"https:\/\/dicodusport.fr\/blog\/wp-content\/uploads\/2021\/05\/Maxime-Cazenave-150x150.jpg\",\"contentUrl\":\"https:\/\/dicodusport.fr\/blog\/wp-content\/uploads\/2021\/05\/Maxime-Cazenave-150x150.jpg\",\"caption\":\"Maxime Cazenave\"},\"description\":\"Journaliste\/R\u00e9dacteur depuis 2012 - Berc\u00e9 par l\u2019amour des Girondins de Bordeaux, les \u00e9checs de Christophe Moreau sur le Tour de France sous l'\u00e8re Lance Armstrong et le fade-away l\u00e9tal de Dirk Nowitzki, ma passion d\u00e9vorante pour le sport a toujours \u00e9t\u00e9 un pan incontournable de ma vie. Transmettre ma passion \u00e0 l\u2019\u00e9crit a \u00e9t\u00e9 une transition naturelle. Suiveur assidu de basket et de hockey sur glace, je garde toujours un peu de place pour suivre le cyclisme, le football et le maximum de performances fran\u00e7aises.\",\"sameAs\":[\"https:\/\/x.com\/https:\/\/twitter.com\/Maxime_Caze\"],\"url\":\"https:\/\/dicodusport.fr\/blog\/author\/maximec\/\"}]}<\/script>\n<!-- \/ Yoast SEO Premium plugin. -->","yoast_head_json":{"title":"Nage avec palmes : Les Bleus font le plein de m\u00e9dailles aux championnats d'Europe","description":"NAGE AVEC PALMES - L'\u00e9quipe de France de nage a cumul\u00e9 13 m\u00e9dailles \u00e0 l'occasion des championnats d'Europe.","robots":{"index":"index","follow":"follow","max-snippet":"max-snippet:-1","max-image-preview":"max-image-preview:large","max-video-preview":"max-video-preview:-1"},"canonical":"https:\/\/dicodusport.fr\/blog\/nage-avec-palmes-les-bleus-font-le-plein-de-medailles-aux-championnats-deurope\/","og_locale":"fr_FR","og_type":"article","og_title":"Nage avec palmes : Les Bleus font le plein de m\u00e9dailles aux championnats d'Europe","og_description":"NAGE AVEC PALMES - L'\u00e9quipe de France de nage avec palmes n'a pas ch\u00f4m\u00e9 \u00e0 l'occasion des championnats d'Europe d'Olsztyn (Pologne) en d\u00e9crochant 13 m\u00e9dailles.","og_url":"https:\/\/dicodusport.fr\/blog\/nage-avec-palmes-les-bleus-font-le-plein-de-medailles-aux-championnats-deurope\/","og_site_name":"Dicodusport","article_publisher":"https:\/\/www.facebook.com\/dicodusport","article_published_time":"2025-07-21T07:30:24+00:00","article_modified_time":"2025-07-21T07:56:43+00:00","og_image":[{"width":1200,"height":674,"url":"https:\/\/dicodusport.fr\/blog\/wp-content\/uploads\/2025\/07\/Nage-avec-palmes-Les-Bleus-font-le-plein-de-medailles-aux-championnats-dEurope.png","type":"image\/png"}],"author":"Maxime Cazenave","twitter_card":"summary_large_image","twitter_description":"NAGE AVEC PALMES - L'\u00e9quipe de France de nage avec palmes n'a pas ch\u00f4m\u00e9 \u00e0 l'occasion des championnats d'Europe d'Olsztyn (Pologne) en d\u00e9crochant 13 m\u00e9dailles.","twitter_creator":"@https:\/\/twitter.com\/Maxime_Caze","twitter_site":"@dicodusport","schema":{"@context":"https:\/\/schema.org","@graph":[{"@type":"NewsArticle","@id":"https:\/\/dicodusport.fr\/blog\/nage-avec-palmes-les-bleus-font-le-plein-de-medailles-aux-championnats-deurope\/#article","isPartOf":{"@id":"https:\/\/dicodusport.fr\/blog\/nage-avec-palmes-les-bleus-font-le-plein-de-medailles-aux-championnats-deurope\/"},"author":{"name":"Maxime Cazenave","@id":"https:\/\/dicodusport.fr\/blog\/#\/schema\/person\/37def232098a7a5cbab3974a3690abb0"},"headline":"Nage avec palmes : Les Bleus font le plein de m\u00e9dailles aux championnats d&rsquo;Europe","datePublished":"2025-07-21T07:30:24+00:00","dateModified":"2025-07-21T07:56:43+00:00","mainEntityOfPage":{"@id":"https:\/\/dicodusport.fr\/blog\/nage-avec-palmes-les-bleus-font-le-plein-de-medailles-aux-championnats-deurope\/"},"wordCount":455,"commentCount":0,"publisher":{"@id":"https:\/\/dicodusport.fr\/blog\/#organization"},"image":{"@id":"https:\/\/dicodusport.fr\/blog\/nage-avec-palmes-les-bleus-font-le-plein-de-medailles-aux-championnats-deurope\/#primaryimage"},"thumbnailUrl":"https:\/\/dicodusport.fr\/blog\/wp-content\/uploads\/2025\/07\/Nage-avec-palmes-Les-Bleus-font-le-plein-de-medailles-aux-championnats-dEurope.png","keywords":["br\u00e8ve","nage avec palmes"],"articleSection":["Sports aquatiques"],"inLanguage":"fr-FR","potentialAction":[{"@type":"CommentAction","name":"Comment","target":["https:\/\/dicodusport.fr\/blog\/nage-avec-palmes-les-bleus-font-le-plein-de-medailles-aux-championnats-deurope\/#respond"]}],"copyrightYear":"2025","copyrightHolder":{"@id":"https:\/\/dicodusport.fr\/blog\/#organization"}},{"@type":"WebPage","@id":"https:\/\/dicodusport.fr\/blog\/nage-avec-palmes-les-bleus-font-le-plein-de-medailles-aux-championnats-deurope\/","url":"https:\/\/dicodusport.fr\/blog\/nage-avec-palmes-les-bleus-font-le-plein-de-medailles-aux-championnats-deurope\/","name":"Nage avec palmes : Les Bleus font le plein de m\u00e9dailles aux championnats d'Europe","isPartOf":{"@id":"https:\/\/dicodusport.fr\/blog\/#website"},"primaryImageOfPage":{"@id":"https:\/\/dicodusport.fr\/blog\/nage-avec-palmes-les-bleus-font-le-plein-de-medailles-aux-championnats-deurope\/#primaryimage"},"image":{"@id":"https:\/\/dicodusport.fr\/blog\/nage-avec-palmes-les-bleus-font-le-plein-de-medailles-aux-championnats-deurope\/#primaryimage"},"thumbnailUrl":"https:\/\/dicodusport.fr\/blog\/wp-content\/uploads\/2025\/07\/Nage-avec-palmes-Les-Bleus-font-le-plein-de-medailles-aux-championnats-dEurope.png","datePublished":"2025-07-21T07:30:24+00:00","dateModified":"2025-07-21T07:56:43+00:00","description":"NAGE AVEC PALMES - L'\u00e9quipe de France de nage a cumul\u00e9 13 m\u00e9dailles \u00e0 l'occasion des championnats d'Europe.","breadcrumb":{"@id":"https:\/\/dicodusport.fr\/blog\/nage-avec-palmes-les-bleus-font-le-plein-de-medailles-aux-championnats-deurope\/#breadcrumb"},"inLanguage":"fr-FR","potentialAction":[{"@type":"ReadAction","target":["https:\/\/dicodusport.fr\/blog\/nage-avec-palmes-les-bleus-font-le-plein-de-medailles-aux-championnats-deurope\/"]}]},{"@type":"ImageObject","inLanguage":"fr-FR","@id":"https:\/\/dicodusport.fr\/blog\/nage-avec-palmes-les-bleus-font-le-plein-de-medailles-aux-championnats-deurope\/#primaryimage","url":"https:\/\/dicodusport.fr\/blog\/wp-content\/uploads\/2025\/07\/Nage-avec-palmes-Les-Bleus-font-le-plein-de-medailles-aux-championnats-dEurope.png","contentUrl":"https:\/\/dicodusport.fr\/blog\/wp-content\/uploads\/2025\/07\/Nage-avec-palmes-Les-Bleus-font-le-plein-de-medailles-aux-championnats-dEurope.png","width":1200,"height":674,"caption":"Nage avec palmes : Les Bleus font le plein de m\u00e9dailles aux championnats d'Europe"},{"@type":"BreadcrumbList","@id":"https:\/\/dicodusport.fr\/blog\/nage-avec-palmes-les-bleus-font-le-plein-de-medailles-aux-championnats-deurope\/#breadcrumb","itemListElement":[{"@type":"ListItem","position":1,"name":"Accueil","item":"https:\/\/dicodusport.fr\/blog\/"},{"@type":"ListItem","position":2,"name":"Nage avec palmes : Les Bleus font le plein de m\u00e9dailles aux championnats d&rsquo;Europe"}]},{"@type":"WebSite","@id":"https:\/\/dicodusport.fr\/blog\/#website","url":"https:\/\/dicodusport.fr\/blog\/","name":"Dicodusport","description":"L&#039;encyclop\u00e9die de l&#039;actualit\u00e9 sportive","publisher":{"@id":"https:\/\/dicodusport.fr\/blog\/#organization"},"potentialAction":[{"@type":"SearchAction","target":{"@type":"EntryPoint","urlTemplate":"https:\/\/dicodusport.fr\/blog\/?s={search_term_string}"},"query-input":{"@type":"PropertyValueSpecification","valueRequired":true,"valueName":"search_term_string"}}],"inLanguage":"fr-FR"},{"@type":"NewsMediaOrganization","@id":"https:\/\/dicodusport.fr\/blog\/#organization","name":"Dicodusport","url":"https:\/\/dicodusport.fr\/blog\/","logo":{"@type":"ImageObject","inLanguage":"fr-FR","@id":"https:\/\/dicodusport.fr\/blog\/#\/schema\/logo\/image\/","url":"https:\/\/dicodusport.fr\/blog\/wp-content\/uploads\/2020\/06\/cropped-LOGO-DICODUSPORT-2020-SANS-FOND-SANS-TEXTE.png","contentUrl":"https:\/\/dicodusport.fr\/blog\/wp-content\/uploads\/2020\/06\/cropped-LOGO-DICODUSPORT-2020-SANS-FOND-SANS-TEXTE.png","width":512,"height":512,"caption":"Dicodusport"},"image":{"@id":"https:\/\/dicodusport.fr\/blog\/#\/schema\/logo\/image\/"},"sameAs":["https:\/\/www.facebook.com\/dicodusport","https:\/\/x.com\/dicodusport","https:\/\/www.instagram.com\/dicodusport\/","https:\/\/www.youtube.com\/channel\/UC7V2KZ5sd3htJivAbA4ZG3w"],"description":"Dicodusport est l'encyclop\u00e9die de l'actualit\u00e9 sportive.","email":"bonjour@dicodusport.fr","legalName":"DICODUSPORT","foundingDate":"2018-01-14","vatID":"FR71834470973","taxID":"83447097300043","numberOfEmployees":{"@type":"QuantitativeValue","minValue":"1","maxValue":"10"}},{"@type":"Person","@id":"https:\/\/dicodusport.fr\/blog\/#\/schema\/person\/37def232098a7a5cbab3974a3690abb0","name":"Maxime Cazenave","image":{"@type":"ImageObject","inLanguage":"fr-FR","@id":"https:\/\/dicodusport.fr\/blog\/#\/schema\/person\/image\/","url":"https:\/\/dicodusport.fr\/blog\/wp-content\/uploads\/2021\/05\/Maxime-Cazenave-150x150.jpg","contentUrl":"https:\/\/dicodusport.fr\/blog\/wp-content\/uploads\/2021\/05\/Maxime-Cazenave-150x150.jpg","caption":"Maxime Cazenave"},"description":"Journaliste\/R\u00e9dacteur depuis 2012 - Berc\u00e9 par l\u2019amour des Girondins de Bordeaux, les \u00e9checs de Christophe Moreau sur le Tour de France sous l'\u00e8re Lance Armstrong et le fade-away l\u00e9tal de Dirk Nowitzki, ma passion d\u00e9vorante pour le sport a toujours \u00e9t\u00e9 un pan incontournable de ma vie. Transmettre ma passion \u00e0 l\u2019\u00e9crit a \u00e9t\u00e9 une transition naturelle. Suiveur assidu de basket et de hockey sur glace, je garde toujours un peu de place pour suivre le cyclisme, le football et le maximum de performances fran\u00e7aises.","sameAs":["https:\/\/x.com\/https:\/\/twitter.com\/Maxime_Caze"],"url":"https:\/\/dicodusport.fr\/blog\/author\/maximec\/"}]}},"_links":{"self":[{"href":"https:\/\/dicodusport.fr\/blog\/wp-json\/wp\/v2\/posts\/596841","targetHints":{"allow":["GET"]}}],"collection":[{"href":"https:\/\/dicodusport.fr\/blog\/wp-json\/wp\/v2\/posts"}],"about":[{"href":"https:\/\/dicodusport.fr\/blog\/wp-json\/wp\/v2\/types\/post"}],"author":[{"embeddable":true,"href":"https:\/\/dicodusport.fr\/blog\/wp-json\/wp\/v2\/users\/55"}],"replies":[{"embeddable":true,"href":"https:\/\/dicodusport.fr\/blog\/wp-json\/wp\/v2\/comments?post=596841"}],"version-history":[{"count":5,"href":"https:\/\/dicodusport.fr\/blog\/wp-json\/wp\/v2\/posts\/596841\/revisions"}],"predecessor-version":[{"id":597045,"href":"https:\/\/dicodusport.fr\/blog\/wp-json\/wp\/v2\/posts\/596841\/revisions\/597045"}],"wp:featuredmedia":[{"embeddable":true,"href":"https:\/\/dicodusport.fr\/blog\/wp-json\/wp\/v2\/media\/596976"}],"wp:attachment":[{"href":"https:\/\/dicodusport.fr\/blog\/wp-json\/wp\/v2\/media?parent=596841"}],"wp:term":[{"taxonomy":"category","embeddable":true,"href":"https:\/\/dicodusport.fr\/blog\/wp-json\/wp\/v2\/categories?post=596841"},{"taxonomy":"post_tag","embeddable":true,"href":"https:\/\/dicodusport.fr\/blog\/wp-json\/wp\/v2\/tags?post=596841"}],"curies":[{"name":"wp","href":"https:\/\/api.w.org\/{rel}","templated":true}]}}