{"id":596896,"date":"2025-07-20T18:08:55","date_gmt":"2025-07-20T16:08:55","guid":{"rendered":"https:\/\/dicodusport.fr\/blog\/?p=596896&#038;preview=true&#038;preview_id=596896"},"modified":"2025-07-20T21:21:01","modified_gmt":"2025-07-20T19:21:01","slug":"athletisme-les-bleus-du-4x100-m-masculin-champions-deurope-espoirs","status":"publish","type":"post","link":"https:\/\/dicodusport.fr\/blog\/athletisme-les-bleus-du-4x100-m-masculin-champions-deurope-espoirs\/","title":{"rendered":"Athl\u00e9tisme : Les Bleus du 4&#215;100 m masculin champions d&rsquo;Europe espoirs !"},"content":{"rendered":"<p style=\"text-align: justify;\"><strong><em>CHAMPIONNATS D&rsquo;EUROPE ESPOIRS D&rsquo;ATHL\u00c9TISME 2025 &#8211;<\/em><\/strong><em>\u00a0<strong>Couloir num\u00e9ro 5, le relais 4&#215;100 m fran\u00e7ais compos\u00e9 de Maxime Rebierre, Yoran Kabengele Kabala, Mohammed Badru et Jeff Erius a r\u00e9alis\u00e9 une magnifique performance en d\u00e9crochant le titre europ\u00e9en avec le record d&rsquo;Europe U23.<\/strong><\/em><\/p>\n<ul>\n<li style=\"text-align: justify;\"><strong>\u00c0 ce sujet \u2014\u00a0<a href=\"https:\/\/dicodusport.fr\/blog\/programme-et-resultats-championnats-deurope-espoirs-dathletisme-2025\/\">Programme et r\u00e9sultats Championnats d&rsquo;Europe espoirs d&rsquo;athl\u00e9tisme 2025<\/a><\/strong><\/li>\n<\/ul>\n<p style=\"text-align: justify;\">La deuxi\u00e8me m\u00e9daille du jour est tomb\u00e9e pour le clan fran\u00e7ais, et elle est en or, avec le relais 4&#215;100 masculin tricolore.<\/p>\n<p style=\"text-align: justify;\">C&rsquo;est un splendide relais que nous ont offert <strong>Maxime Rebierre<\/strong>, <strong>Yoran Kabengele Kabala<\/strong>, <strong>Mohammed Badru<\/strong> et <strong>Jeff Erius<\/strong>. Apr\u00e8s un d\u00e9part correct du premier relayeur, la France n&rsquo;\u00e9tait pas encore assur\u00e9e du podium. Mais si le travail a \u00e9t\u00e9 bien fait ensuite, il faut souligner l&rsquo;excellent passage de relais entre <strong>Badru<\/strong> et <strong>Erius<\/strong>, qui a permis au <a href=\"https:\/\/dicodusport.fr\/blog\/championnats-deurope-espoirs-dathletisme-2025-jeff-erius-en-or-sur-100-metres\/\">champion d&rsquo;Europe du 100 m<\/a> de d\u00e9bouler devant et de terminer parfaitement ce relais.<\/p>\n<p style=\"text-align: justify;\">En plus de s&rsquo;offrir le titre, les Bleus battent le record d&rsquo;Europe espoirs en 38.43, record des Championnats en prime. Ils devancent les \u00e9quipes d&rsquo;<strong>Allemagne<\/strong> et de l&rsquo;<strong>Espagne<\/strong>. Avec cette victoire, ils apportent la 10\u00e8me breloque \u00e0 la France, la 3\u00e8me en or.<\/p>\n<blockquote class=\"twitter-tweet\">\n<p dir=\"ltr\" lang=\"en\">Championship record smashed! \ud83e\udd75<\/p>\n<p>3\ufe0f\u20e38\ufe0f\u20e3.4\ufe0f\u20e33\ufe0f\u20e3 for France in the men\u2019s 4x100m in <a href=\"https:\/\/twitter.com\/hashtag\/Bergen2025?src=hash&amp;ref_src=twsrc%5Etfw\">#Bergen2025<\/a>!<\/p>\n<p>The previous championship record stood at 38.70. \ud83d\udc40 <a href=\"https:\/\/t.co\/1r6voiiu7U\">pic.twitter.com\/1r6voiiu7U<\/a><\/p>\n<p>\u2014 European Athletics (@EuroAthletics) <a href=\"https:\/\/twitter.com\/EuroAthletics\/status\/1946964587615555700?ref_src=twsrc%5Etfw\">July 20, 2025<\/a><\/p><\/blockquote>\n<p><script async src=\"https:\/\/platform.twitter.com\/widgets.js\" charset=\"utf-8\"><\/script><\/p>\n","protected":false},"excerpt":{"rendered":"<p>Couloir num\u00e9ro 5, le relais 4&#215;100 m fran\u00e7ais compos\u00e9 de Maxime Rebierre, Yoran Kabengele Kabala, Mohammed Badru et Jeff Erius a r\u00e9alis\u00e9 une magnifique performance en d\u00e9crochant le titre europ\u00e9en avec le record d&rsquo;Europe U23.<\/p>\n","protected":false},"author":89,"featured_media":596950,"comment_status":"open","ping_status":"closed","sticky":false,"template":"","format":"standard","meta":{"_acf_changed":false,"_daextam_enable_autolinks":"1","footnotes":""},"categories":[2308],"tags":[32415,143,16878,17667],"class_list":["post-596896","post","type-post","status-publish","format-standard","has-post-thumbnail","hentry","category-athletisme","tag-actu","tag-athletisme","tag-breve","tag-championnats-deurope-espoirs-dathletisme"],"acf":[],"yoast_head":"<!-- This site is optimized with the Yoast SEO Premium plugin v26.7 (Yoast SEO v26.7) - https:\/\/yoast.com\/wordpress\/plugins\/seo\/ -->\n<title>Athl\u00e9tisme : Les Bleus du 4x100 m masculin champions d&#039;Europe espoirs !<\/title>\n<meta name=\"description\" content=\"Couloir num\u00e9ro 5, le relais 4x100 m fran\u00e7ais compos\u00e9 de Maxime Rebierre, Yoran Kabengele Kabala, Mohammed Badru et Jeff Erius a r\u00e9alis\u00e9 une magnifique performance en d\u00e9crochant le titre europ\u00e9en avec le record d&#039;Europe U23.\" \/>\n<meta name=\"robots\" content=\"index, follow, max-snippet:-1, max-image-preview:large, max-video-preview:-1\" \/>\n<link rel=\"canonical\" href=\"https:\/\/dicodusport.fr\/blog\/athletisme-les-bleus-du-4x100-m-masculin-champions-deurope-espoirs\/\" \/>\n<meta property=\"og:locale\" content=\"fr_FR\" \/>\n<meta property=\"og:type\" content=\"article\" \/>\n<meta property=\"og:title\" content=\"Athl\u00e9tisme : Les Bleus du 4x100 m masculin champions d&#039;Europe espoirs !\" \/>\n<meta property=\"og:description\" content=\"Couloir num\u00e9ro 5, le relais 4x100 m fran\u00e7ais compos\u00e9 de Maxime Rebierre, Yoran Kabengele Kabala, Mohammed Badru et Jeff Erius a r\u00e9alis\u00e9 une magnifique performance en d\u00e9crochant le titre europ\u00e9en avec le record d&#039;Europe U23.\" \/>\n<meta property=\"og:url\" content=\"https:\/\/dicodusport.fr\/blog\/athletisme-les-bleus-du-4x100-m-masculin-champions-deurope-espoirs\/\" \/>\n<meta property=\"og:site_name\" content=\"Dicodusport\" \/>\n<meta property=\"article:publisher\" content=\"https:\/\/www.facebook.com\/dicodusport\" \/>\n<meta property=\"article:published_time\" content=\"2025-07-20T16:08:55+00:00\" \/>\n<meta property=\"article:modified_time\" content=\"2025-07-20T19:21:01+00:00\" \/>\n<meta property=\"og:image\" content=\"https:\/\/dicodusport.fr\/blog\/wp-content\/uploads\/2025\/07\/Athletisme-Les-Bleus-du-4-100-m-masculin-champions-dEurope-espoirs-.png\" \/>\n\t<meta property=\"og:image:width\" content=\"1200\" \/>\n\t<meta property=\"og:image:height\" content=\"674\" \/>\n\t<meta property=\"og:image:type\" content=\"image\/png\" \/>\n<meta name=\"author\" content=\"Louka Lesueur\" \/>\n<meta name=\"twitter:card\" content=\"summary_large_image\" \/>\n<meta name=\"twitter:title\" content=\"Athl\u00e9tisme : Les Bleus du 4x100 m masculin champions d&#039;Europe espoirs !\" \/>\n<meta name=\"twitter:creator\" content=\"@https:\/\/twitter.com\/LNewsSF\" \/>\n<meta name=\"twitter:site\" content=\"@dicodusport\" \/>\n<script type=\"application\/ld+json\" class=\"yoast-schema-graph\">{\"@context\":\"https:\/\/schema.org\",\"@graph\":[{\"@type\":\"NewsArticle\",\"@id\":\"https:\/\/dicodusport.fr\/blog\/athletisme-les-bleus-du-4x100-m-masculin-champions-deurope-espoirs\/#article\",\"isPartOf\":{\"@id\":\"https:\/\/dicodusport.fr\/blog\/athletisme-les-bleus-du-4x100-m-masculin-champions-deurope-espoirs\/\"},\"author\":{\"name\":\"Louka Lesueur\",\"@id\":\"https:\/\/dicodusport.fr\/blog\/#\/schema\/person\/54b6cdccebdfcd5a1036c594aecffc2a\"},\"headline\":\"Athl\u00e9tisme : Les Bleus du 4&#215;100 m masculin champions d&rsquo;Europe espoirs !\",\"datePublished\":\"2025-07-20T16:08:55+00:00\",\"dateModified\":\"2025-07-20T19:21:01+00:00\",\"mainEntityOfPage\":{\"@id\":\"https:\/\/dicodusport.fr\/blog\/athletisme-les-bleus-du-4x100-m-masculin-champions-deurope-espoirs\/\"},\"wordCount\":251,\"commentCount\":0,\"publisher\":{\"@id\":\"https:\/\/dicodusport.fr\/blog\/#organization\"},\"image\":{\"@id\":\"https:\/\/dicodusport.fr\/blog\/athletisme-les-bleus-du-4x100-m-masculin-champions-deurope-espoirs\/#primaryimage\"},\"thumbnailUrl\":\"https:\/\/dicodusport.fr\/blog\/wp-content\/uploads\/2025\/07\/Athletisme-Les-Bleus-du-4-100-m-masculin-champions-dEurope-espoirs-.png\",\"keywords\":[\"actu\",\"Athl\u00e9tisme\",\"br\u00e8ve\",\"Championnats d'Europe espoirs d'athl\u00e9tisme\"],\"articleSection\":[\"Athl\u00e9tisme\"],\"inLanguage\":\"fr-FR\",\"potentialAction\":[{\"@type\":\"CommentAction\",\"name\":\"Comment\",\"target\":[\"https:\/\/dicodusport.fr\/blog\/athletisme-les-bleus-du-4x100-m-masculin-champions-deurope-espoirs\/#respond\"]}],\"copyrightYear\":\"2025\",\"copyrightHolder\":{\"@id\":\"https:\/\/dicodusport.fr\/blog\/#organization\"}},{\"@type\":\"WebPage\",\"@id\":\"https:\/\/dicodusport.fr\/blog\/athletisme-les-bleus-du-4x100-m-masculin-champions-deurope-espoirs\/\",\"url\":\"https:\/\/dicodusport.fr\/blog\/athletisme-les-bleus-du-4x100-m-masculin-champions-deurope-espoirs\/\",\"name\":\"Athl\u00e9tisme : Les Bleus du 4x100 m masculin champions d'Europe espoirs !\",\"isPartOf\":{\"@id\":\"https:\/\/dicodusport.fr\/blog\/#website\"},\"primaryImageOfPage\":{\"@id\":\"https:\/\/dicodusport.fr\/blog\/athletisme-les-bleus-du-4x100-m-masculin-champions-deurope-espoirs\/#primaryimage\"},\"image\":{\"@id\":\"https:\/\/dicodusport.fr\/blog\/athletisme-les-bleus-du-4x100-m-masculin-champions-deurope-espoirs\/#primaryimage\"},\"thumbnailUrl\":\"https:\/\/dicodusport.fr\/blog\/wp-content\/uploads\/2025\/07\/Athletisme-Les-Bleus-du-4-100-m-masculin-champions-dEurope-espoirs-.png\",\"datePublished\":\"2025-07-20T16:08:55+00:00\",\"dateModified\":\"2025-07-20T19:21:01+00:00\",\"description\":\"Couloir num\u00e9ro 5, le relais 4x100 m fran\u00e7ais compos\u00e9 de Maxime Rebierre, Yoran Kabengele Kabala, Mohammed Badru et Jeff Erius a r\u00e9alis\u00e9 une magnifique performance en d\u00e9crochant le titre europ\u00e9en avec le record d'Europe U23.\",\"breadcrumb\":{\"@id\":\"https:\/\/dicodusport.fr\/blog\/athletisme-les-bleus-du-4x100-m-masculin-champions-deurope-espoirs\/#breadcrumb\"},\"inLanguage\":\"fr-FR\",\"potentialAction\":[{\"@type\":\"ReadAction\",\"target\":[\"https:\/\/dicodusport.fr\/blog\/athletisme-les-bleus-du-4x100-m-masculin-champions-deurope-espoirs\/\"]}]},{\"@type\":\"ImageObject\",\"inLanguage\":\"fr-FR\",\"@id\":\"https:\/\/dicodusport.fr\/blog\/athletisme-les-bleus-du-4x100-m-masculin-champions-deurope-espoirs\/#primaryimage\",\"url\":\"https:\/\/dicodusport.fr\/blog\/wp-content\/uploads\/2025\/07\/Athletisme-Les-Bleus-du-4-100-m-masculin-champions-dEurope-espoirs-.png\",\"contentUrl\":\"https:\/\/dicodusport.fr\/blog\/wp-content\/uploads\/2025\/07\/Athletisme-Les-Bleus-du-4-100-m-masculin-champions-dEurope-espoirs-.png\",\"width\":1200,\"height\":674,\"caption\":\"Athl\u00e9tisme Les Bleus du 4-100 m masculin champions d'Europe espoirs !\"},{\"@type\":\"BreadcrumbList\",\"@id\":\"https:\/\/dicodusport.fr\/blog\/athletisme-les-bleus-du-4x100-m-masculin-champions-deurope-espoirs\/#breadcrumb\",\"itemListElement\":[{\"@type\":\"ListItem\",\"position\":1,\"name\":\"Accueil\",\"item\":\"https:\/\/dicodusport.fr\/blog\/\"},{\"@type\":\"ListItem\",\"position\":2,\"name\":\"Athl\u00e9tisme : Les Bleus du 4&#215;100 m masculin champions d&rsquo;Europe espoirs !\"}]},{\"@type\":\"WebSite\",\"@id\":\"https:\/\/dicodusport.fr\/blog\/#website\",\"url\":\"https:\/\/dicodusport.fr\/blog\/\",\"name\":\"Dicodusport\",\"description\":\"L&#039;encyclop\u00e9die de l&#039;actualit\u00e9 sportive\",\"publisher\":{\"@id\":\"https:\/\/dicodusport.fr\/blog\/#organization\"},\"potentialAction\":[{\"@type\":\"SearchAction\",\"target\":{\"@type\":\"EntryPoint\",\"urlTemplate\":\"https:\/\/dicodusport.fr\/blog\/?s={search_term_string}\"},\"query-input\":{\"@type\":\"PropertyValueSpecification\",\"valueRequired\":true,\"valueName\":\"search_term_string\"}}],\"inLanguage\":\"fr-FR\"},{\"@type\":\"NewsMediaOrganization\",\"@id\":\"https:\/\/dicodusport.fr\/blog\/#organization\",\"name\":\"Dicodusport\",\"url\":\"https:\/\/dicodusport.fr\/blog\/\",\"logo\":{\"@type\":\"ImageObject\",\"inLanguage\":\"fr-FR\",\"@id\":\"https:\/\/dicodusport.fr\/blog\/#\/schema\/logo\/image\/\",\"url\":\"https:\/\/dicodusport.fr\/blog\/wp-content\/uploads\/2020\/06\/cropped-LOGO-DICODUSPORT-2020-SANS-FOND-SANS-TEXTE.png\",\"contentUrl\":\"https:\/\/dicodusport.fr\/blog\/wp-content\/uploads\/2020\/06\/cropped-LOGO-DICODUSPORT-2020-SANS-FOND-SANS-TEXTE.png\",\"width\":512,\"height\":512,\"caption\":\"Dicodusport\"},\"image\":{\"@id\":\"https:\/\/dicodusport.fr\/blog\/#\/schema\/logo\/image\/\"},\"sameAs\":[\"https:\/\/www.facebook.com\/dicodusport\",\"https:\/\/x.com\/dicodusport\",\"https:\/\/www.instagram.com\/dicodusport\/\",\"https:\/\/www.youtube.com\/channel\/UC7V2KZ5sd3htJivAbA4ZG3w\"],\"description\":\"Dicodusport est l'encyclop\u00e9die de l'actualit\u00e9 sportive.\",\"email\":\"bonjour@dicodusport.fr\",\"legalName\":\"DICODUSPORT\",\"foundingDate\":\"2018-01-14\",\"vatID\":\"FR71834470973\",\"taxID\":\"83447097300043\",\"numberOfEmployees\":{\"@type\":\"QuantitativeValue\",\"minValue\":\"1\",\"maxValue\":\"10\"}},{\"@type\":\"Person\",\"@id\":\"https:\/\/dicodusport.fr\/blog\/#\/schema\/person\/54b6cdccebdfcd5a1036c594aecffc2a\",\"name\":\"Louka Lesueur\",\"image\":{\"@type\":\"ImageObject\",\"inLanguage\":\"fr-FR\",\"@id\":\"https:\/\/dicodusport.fr\/blog\/#\/schema\/person\/image\/\",\"url\":\"https:\/\/dicodusport.fr\/blog\/wp-content\/uploads\/2023\/09\/IMG_2783-150x150.jpeg\",\"contentUrl\":\"https:\/\/dicodusport.fr\/blog\/wp-content\/uploads\/2023\/09\/IMG_2783-150x150.jpeg\",\"caption\":\"Louka Lesueur\"},\"description\":\"Passionn\u00e9 depuis tout petit par les exploits de Bolt, Fourcade, Riner, Lavillenie, Wilkinson, Hirscher. Les \u00e9motions provoqu\u00e9es par le sport ont berc\u00e9 mon enfance et continuent de le faire aujourd'hui. C'est ainsi qu'il m'est arriv\u00e9 de pleurer devant la d\u00e9faite des Bleus face aux Blacks en 2011, ou encore devant le titre olympique de Florent Manaudou \u00e0 Londres. Bien loin de ce milieu professionnel, j'ai os\u00e9 tenter ma chance pour rejoindre l'\u00e9quipe de r\u00e9daction de Dicodusport, et depuis septembre 2023, je tente de retransmettre au mieux les exploits des athl\u00e8tes, tous sports confondus. Grand chauvin, c'est bel et bien sur les sportifs tricolores que je pr\u00e9f\u00e8re \u00e9crire.\",\"sameAs\":[\"https:\/\/x.com\/https:\/\/twitter.com\/LNewsSF\"],\"gender\":\"Homme\",\"worksFor\":\"Louka LESUEUR\",\"url\":\"https:\/\/dicodusport.fr\/blog\/author\/louka-lesueur\/\"}]}<\/script>\n<!-- \/ Yoast SEO Premium plugin. -->","yoast_head_json":{"title":"Athl\u00e9tisme : Les Bleus du 4x100 m masculin champions d'Europe espoirs !","description":"Couloir num\u00e9ro 5, le relais 4x100 m fran\u00e7ais compos\u00e9 de Maxime Rebierre, Yoran Kabengele Kabala, Mohammed Badru et Jeff Erius a r\u00e9alis\u00e9 une magnifique performance en d\u00e9crochant le titre europ\u00e9en avec le record d'Europe U23.","robots":{"index":"index","follow":"follow","max-snippet":"max-snippet:-1","max-image-preview":"max-image-preview:large","max-video-preview":"max-video-preview:-1"},"canonical":"https:\/\/dicodusport.fr\/blog\/athletisme-les-bleus-du-4x100-m-masculin-champions-deurope-espoirs\/","og_locale":"fr_FR","og_type":"article","og_title":"Athl\u00e9tisme : Les Bleus du 4x100 m masculin champions d'Europe espoirs !","og_description":"Couloir num\u00e9ro 5, le relais 4x100 m fran\u00e7ais compos\u00e9 de Maxime Rebierre, Yoran Kabengele Kabala, Mohammed Badru et Jeff Erius a r\u00e9alis\u00e9 une magnifique performance en d\u00e9crochant le titre europ\u00e9en avec le record d'Europe U23.","og_url":"https:\/\/dicodusport.fr\/blog\/athletisme-les-bleus-du-4x100-m-masculin-champions-deurope-espoirs\/","og_site_name":"Dicodusport","article_publisher":"https:\/\/www.facebook.com\/dicodusport","article_published_time":"2025-07-20T16:08:55+00:00","article_modified_time":"2025-07-20T19:21:01+00:00","og_image":[{"width":1200,"height":674,"url":"https:\/\/dicodusport.fr\/blog\/wp-content\/uploads\/2025\/07\/Athletisme-Les-Bleus-du-4-100-m-masculin-champions-dEurope-espoirs-.png","type":"image\/png"}],"author":"Louka Lesueur","twitter_card":"summary_large_image","twitter_title":"Athl\u00e9tisme : Les Bleus du 4x100 m masculin champions d'Europe espoirs !","twitter_creator":"@https:\/\/twitter.com\/LNewsSF","twitter_site":"@dicodusport","schema":{"@context":"https:\/\/schema.org","@graph":[{"@type":"NewsArticle","@id":"https:\/\/dicodusport.fr\/blog\/athletisme-les-bleus-du-4x100-m-masculin-champions-deurope-espoirs\/#article","isPartOf":{"@id":"https:\/\/dicodusport.fr\/blog\/athletisme-les-bleus-du-4x100-m-masculin-champions-deurope-espoirs\/"},"author":{"name":"Louka Lesueur","@id":"https:\/\/dicodusport.fr\/blog\/#\/schema\/person\/54b6cdccebdfcd5a1036c594aecffc2a"},"headline":"Athl\u00e9tisme : Les Bleus du 4&#215;100 m masculin champions d&rsquo;Europe espoirs !","datePublished":"2025-07-20T16:08:55+00:00","dateModified":"2025-07-20T19:21:01+00:00","mainEntityOfPage":{"@id":"https:\/\/dicodusport.fr\/blog\/athletisme-les-bleus-du-4x100-m-masculin-champions-deurope-espoirs\/"},"wordCount":251,"commentCount":0,"publisher":{"@id":"https:\/\/dicodusport.fr\/blog\/#organization"},"image":{"@id":"https:\/\/dicodusport.fr\/blog\/athletisme-les-bleus-du-4x100-m-masculin-champions-deurope-espoirs\/#primaryimage"},"thumbnailUrl":"https:\/\/dicodusport.fr\/blog\/wp-content\/uploads\/2025\/07\/Athletisme-Les-Bleus-du-4-100-m-masculin-champions-dEurope-espoirs-.png","keywords":["actu","Athl\u00e9tisme","br\u00e8ve","Championnats d'Europe espoirs d'athl\u00e9tisme"],"articleSection":["Athl\u00e9tisme"],"inLanguage":"fr-FR","potentialAction":[{"@type":"CommentAction","name":"Comment","target":["https:\/\/dicodusport.fr\/blog\/athletisme-les-bleus-du-4x100-m-masculin-champions-deurope-espoirs\/#respond"]}],"copyrightYear":"2025","copyrightHolder":{"@id":"https:\/\/dicodusport.fr\/blog\/#organization"}},{"@type":"WebPage","@id":"https:\/\/dicodusport.fr\/blog\/athletisme-les-bleus-du-4x100-m-masculin-champions-deurope-espoirs\/","url":"https:\/\/dicodusport.fr\/blog\/athletisme-les-bleus-du-4x100-m-masculin-champions-deurope-espoirs\/","name":"Athl\u00e9tisme : Les Bleus du 4x100 m masculin champions d'Europe espoirs !","isPartOf":{"@id":"https:\/\/dicodusport.fr\/blog\/#website"},"primaryImageOfPage":{"@id":"https:\/\/dicodusport.fr\/blog\/athletisme-les-bleus-du-4x100-m-masculin-champions-deurope-espoirs\/#primaryimage"},"image":{"@id":"https:\/\/dicodusport.fr\/blog\/athletisme-les-bleus-du-4x100-m-masculin-champions-deurope-espoirs\/#primaryimage"},"thumbnailUrl":"https:\/\/dicodusport.fr\/blog\/wp-content\/uploads\/2025\/07\/Athletisme-Les-Bleus-du-4-100-m-masculin-champions-dEurope-espoirs-.png","datePublished":"2025-07-20T16:08:55+00:00","dateModified":"2025-07-20T19:21:01+00:00","description":"Couloir num\u00e9ro 5, le relais 4x100 m fran\u00e7ais compos\u00e9 de Maxime Rebierre, Yoran Kabengele Kabala, Mohammed Badru et Jeff Erius a r\u00e9alis\u00e9 une magnifique performance en d\u00e9crochant le titre europ\u00e9en avec le record d'Europe U23.","breadcrumb":{"@id":"https:\/\/dicodusport.fr\/blog\/athletisme-les-bleus-du-4x100-m-masculin-champions-deurope-espoirs\/#breadcrumb"},"inLanguage":"fr-FR","potentialAction":[{"@type":"ReadAction","target":["https:\/\/dicodusport.fr\/blog\/athletisme-les-bleus-du-4x100-m-masculin-champions-deurope-espoirs\/"]}]},{"@type":"ImageObject","inLanguage":"fr-FR","@id":"https:\/\/dicodusport.fr\/blog\/athletisme-les-bleus-du-4x100-m-masculin-champions-deurope-espoirs\/#primaryimage","url":"https:\/\/dicodusport.fr\/blog\/wp-content\/uploads\/2025\/07\/Athletisme-Les-Bleus-du-4-100-m-masculin-champions-dEurope-espoirs-.png","contentUrl":"https:\/\/dicodusport.fr\/blog\/wp-content\/uploads\/2025\/07\/Athletisme-Les-Bleus-du-4-100-m-masculin-champions-dEurope-espoirs-.png","width":1200,"height":674,"caption":"Athl\u00e9tisme Les Bleus du 4-100 m masculin champions d'Europe espoirs !"},{"@type":"BreadcrumbList","@id":"https:\/\/dicodusport.fr\/blog\/athletisme-les-bleus-du-4x100-m-masculin-champions-deurope-espoirs\/#breadcrumb","itemListElement":[{"@type":"ListItem","position":1,"name":"Accueil","item":"https:\/\/dicodusport.fr\/blog\/"},{"@type":"ListItem","position":2,"name":"Athl\u00e9tisme : Les Bleus du 4&#215;100 m masculin champions d&rsquo;Europe espoirs !"}]},{"@type":"WebSite","@id":"https:\/\/dicodusport.fr\/blog\/#website","url":"https:\/\/dicodusport.fr\/blog\/","name":"Dicodusport","description":"L&#039;encyclop\u00e9die de l&#039;actualit\u00e9 sportive","publisher":{"@id":"https:\/\/dicodusport.fr\/blog\/#organization"},"potentialAction":[{"@type":"SearchAction","target":{"@type":"EntryPoint","urlTemplate":"https:\/\/dicodusport.fr\/blog\/?s={search_term_string}"},"query-input":{"@type":"PropertyValueSpecification","valueRequired":true,"valueName":"search_term_string"}}],"inLanguage":"fr-FR"},{"@type":"NewsMediaOrganization","@id":"https:\/\/dicodusport.fr\/blog\/#organization","name":"Dicodusport","url":"https:\/\/dicodusport.fr\/blog\/","logo":{"@type":"ImageObject","inLanguage":"fr-FR","@id":"https:\/\/dicodusport.fr\/blog\/#\/schema\/logo\/image\/","url":"https:\/\/dicodusport.fr\/blog\/wp-content\/uploads\/2020\/06\/cropped-LOGO-DICODUSPORT-2020-SANS-FOND-SANS-TEXTE.png","contentUrl":"https:\/\/dicodusport.fr\/blog\/wp-content\/uploads\/2020\/06\/cropped-LOGO-DICODUSPORT-2020-SANS-FOND-SANS-TEXTE.png","width":512,"height":512,"caption":"Dicodusport"},"image":{"@id":"https:\/\/dicodusport.fr\/blog\/#\/schema\/logo\/image\/"},"sameAs":["https:\/\/www.facebook.com\/dicodusport","https:\/\/x.com\/dicodusport","https:\/\/www.instagram.com\/dicodusport\/","https:\/\/www.youtube.com\/channel\/UC7V2KZ5sd3htJivAbA4ZG3w"],"description":"Dicodusport est l'encyclop\u00e9die de l'actualit\u00e9 sportive.","email":"bonjour@dicodusport.fr","legalName":"DICODUSPORT","foundingDate":"2018-01-14","vatID":"FR71834470973","taxID":"83447097300043","numberOfEmployees":{"@type":"QuantitativeValue","minValue":"1","maxValue":"10"}},{"@type":"Person","@id":"https:\/\/dicodusport.fr\/blog\/#\/schema\/person\/54b6cdccebdfcd5a1036c594aecffc2a","name":"Louka Lesueur","image":{"@type":"ImageObject","inLanguage":"fr-FR","@id":"https:\/\/dicodusport.fr\/blog\/#\/schema\/person\/image\/","url":"https:\/\/dicodusport.fr\/blog\/wp-content\/uploads\/2023\/09\/IMG_2783-150x150.jpeg","contentUrl":"https:\/\/dicodusport.fr\/blog\/wp-content\/uploads\/2023\/09\/IMG_2783-150x150.jpeg","caption":"Louka Lesueur"},"description":"Passionn\u00e9 depuis tout petit par les exploits de Bolt, Fourcade, Riner, Lavillenie, Wilkinson, Hirscher. Les \u00e9motions provoqu\u00e9es par le sport ont berc\u00e9 mon enfance et continuent de le faire aujourd'hui. C'est ainsi qu'il m'est arriv\u00e9 de pleurer devant la d\u00e9faite des Bleus face aux Blacks en 2011, ou encore devant le titre olympique de Florent Manaudou \u00e0 Londres. Bien loin de ce milieu professionnel, j'ai os\u00e9 tenter ma chance pour rejoindre l'\u00e9quipe de r\u00e9daction de Dicodusport, et depuis septembre 2023, je tente de retransmettre au mieux les exploits des athl\u00e8tes, tous sports confondus. Grand chauvin, c'est bel et bien sur les sportifs tricolores que je pr\u00e9f\u00e8re \u00e9crire.","sameAs":["https:\/\/x.com\/https:\/\/twitter.com\/LNewsSF"],"gender":"Homme","worksFor":"Louka LESUEUR","url":"https:\/\/dicodusport.fr\/blog\/author\/louka-lesueur\/"}]}},"_links":{"self":[{"href":"https:\/\/dicodusport.fr\/blog\/wp-json\/wp\/v2\/posts\/596896","targetHints":{"allow":["GET"]}}],"collection":[{"href":"https:\/\/dicodusport.fr\/blog\/wp-json\/wp\/v2\/posts"}],"about":[{"href":"https:\/\/dicodusport.fr\/blog\/wp-json\/wp\/v2\/types\/post"}],"author":[{"embeddable":true,"href":"https:\/\/dicodusport.fr\/blog\/wp-json\/wp\/v2\/users\/89"}],"replies":[{"embeddable":true,"href":"https:\/\/dicodusport.fr\/blog\/wp-json\/wp\/v2\/comments?post=596896"}],"version-history":[{"count":6,"href":"https:\/\/dicodusport.fr\/blog\/wp-json\/wp\/v2\/posts\/596896\/revisions"}],"predecessor-version":[{"id":597004,"href":"https:\/\/dicodusport.fr\/blog\/wp-json\/wp\/v2\/posts\/596896\/revisions\/597004"}],"wp:featuredmedia":[{"embeddable":true,"href":"https:\/\/dicodusport.fr\/blog\/wp-json\/wp\/v2\/media\/596950"}],"wp:attachment":[{"href":"https:\/\/dicodusport.fr\/blog\/wp-json\/wp\/v2\/media?parent=596896"}],"wp:term":[{"taxonomy":"category","embeddable":true,"href":"https:\/\/dicodusport.fr\/blog\/wp-json\/wp\/v2\/categories?post=596896"},{"taxonomy":"post_tag","embeddable":true,"href":"https:\/\/dicodusport.fr\/blog\/wp-json\/wp\/v2\/tags?post=596896"}],"curies":[{"name":"wp","href":"https:\/\/api.w.org\/{rel}","templated":true}]}}