{"id":597050,"date":"2025-07-21T16:00:54","date_gmt":"2025-07-21T14:00:54","guid":{"rendered":"https:\/\/dicodusport.fr\/blog\/?p=597050&#038;preview=true&#038;preview_id=597050"},"modified":"2025-07-21T17:39:06","modified_gmt":"2025-07-21T15:39:06","slug":"plus-que-6-etapes-pour-lever-les-bras-la-france-peut-elle-eviter-le-zero-pointe-ce-tour-de-france-2025","status":"publish","type":"post","link":"https:\/\/dicodusport.fr\/blog\/plus-que-6-etapes-pour-lever-les-bras-la-france-peut-elle-eviter-le-zero-pointe-ce-tour-de-france-2025\/","title":{"rendered":"Plus que 6 \u00e9tapes pour lever les bras : les Bleus peuvent-ils \u00e9viter le z\u00e9ro point\u00e9 sur ce Tour de France 2025 ?"},"content":{"rendered":"<p style=\"text-align: justify;\"><strong><em>TOUR DE FRANCE 2025 &#8211; Il ne reste plus que 6 \u00e9tapes pour esp\u00e9rer une victoire fran\u00e7aise sur ce Tour de France 2025. Alors que les Alpes se profilent pour les coureurs apr\u00e8s le Mont Ventoux, les Fran\u00e7ais vont-ils r\u00e9ussir \u00e0 \u00e9viter le z\u00e9ro point\u00e9\u00a0?<\/em><\/strong><\/p>\n<ul>\n<li style=\"text-align: justify;\"><strong>\u00c0 ce sujet \u2013\u00a0<a href=\"https:\/\/dicodusport.fr\/blog\/classement-general-actualise-tour-de-france-2025\/\">Classement g\u00e9n\u00e9ral actualis\u00e9 Tour de France 2025<\/a><\/strong><\/li>\n<\/ul>\n<p style=\"text-align: justify;\"><strong>Julian Alaphilippe<\/strong> a lev\u00e9 les bras lors de la 15<sup>\u00e8me <\/sup>\u00e9tape. Mais il n\u2019a pas gagn\u00e9, finissant \u00e0 la 3<sup>eme <\/sup>place, derri\u00e8re <a href=\"https:\/\/dicodusport.fr\/blog\/15eme-etape-tour-de-france-2025-tim-wellens-simpose-a-carcassonne-au-terme-dun-numero-en-solitaire\/\"><strong>Tim Wellens<\/strong><\/a> et <strong>Victor Campenaerts<\/strong>. Cette troisi\u00e8me place est toutefois la premi\u00e8re sur le podium pour un Fran\u00e7ais sur le Tour de France 2025. Il ne reste plus que 6 \u00e9tapes pour voir un Tricolore lever les bras, et les chances s\u2019amenuisent d\u2019ici Paris.<\/p>\n<h2 style=\"text-align: justify;\">Les leaders voudront remporter leurs \u00e9tapes<\/h2>\n<p style=\"text-align: justify;\">Disons-le clairement, 2025 risque d\u2019\u00eatre une ann\u00e9e sans victoire fran\u00e7aise. <a href=\"https:\/\/dicodusport.fr\/blog\/16eme-etape-tour-de-france-2025-parcours-detaille-et-profil\/\">Le Mont Ventoux sur la 16<sup>\u00e8me <\/sup>\u00e9tape<\/a> et la Loze, sur la 18<sup>\u00e8me,<\/sup>, sont deux arriv\u00e9es au sommet vis\u00e9es par <strong>Tadej Pogacar<\/strong>. Et quand le Slov\u00e8ne veut la victoire, les \u00e9chapp\u00e9es n\u2019ont clairement aucune chance. Ses co\u00e9quipiers contr\u00f4leront toute la journ\u00e9e et la victoire risque de se jouer entre hommes du g\u00e9n\u00e9ral. Parmi ces hommes-l\u00e0, aucun Fran\u00e7ais ne semble en mesure de remporter la victoire \u00e0 la p\u00e9dale. <strong>K\u00e9vin Vauquelin<\/strong>, malgr\u00e9 une d\u00e9termination hors du commun, n\u2019a pas les jambes pour lutter en haute montagne et tente plut\u00f4t de limiter les d\u00e9g\u00e2ts.<\/p>\n<div class=\"vlp-link-container vlp-layout-article\"><a href=\"https:\/\/dicodusport.fr\/blog\/billet-dhumeur-tour-de-france-premiere-etape-de-montagne-premieres-allegations-de-dopage\/\" class=\"vlp-link\" title=\"Billet d&#039;humeur Tour de France : Premi\u00e8re \u00e9tape de montagne, premi\u00e8res all\u00e9gations de dopage...\"><\/a><div class=\"vlp-layout-zone-side\"><div class=\"vlp-block-4 vlp-link-image\"><img loading=\"lazy\" decoding=\"async\" style=\"max-width: 792px;\" width=\"792\" height=\"445\" src=\"https:\/\/dicodusport.fr\/blog\/wp-content\/uploads\/2025\/07\/Billet-dhumeur-Tour-de-France-Premiere-etape-de-montagne-premieres-allegations-de-dopage-1.png\" class=\"attachment-800x445 size-800x445\" alt=\"Billet d&#039;humeur Tour de France Premi\u00e8re \u00e9tape de montagne, premi\u00e8res all\u00e9gations de dopage...\" srcset=\"https:\/\/dicodusport.fr\/blog\/wp-content\/uploads\/2025\/07\/Billet-dhumeur-Tour-de-France-Premiere-etape-de-montagne-premieres-allegations-de-dopage-1.png 1200w, https:\/\/dicodusport.fr\/blog\/wp-content\/uploads\/2025\/07\/Billet-dhumeur-Tour-de-France-Premiere-etape-de-montagne-premieres-allegations-de-dopage-1-300x169.png 300w, https:\/\/dicodusport.fr\/blog\/wp-content\/uploads\/2025\/07\/Billet-dhumeur-Tour-de-France-Premiere-etape-de-montagne-premieres-allegations-de-dopage-1-1024x575.png 1024w, https:\/\/dicodusport.fr\/blog\/wp-content\/uploads\/2025\/07\/Billet-dhumeur-Tour-de-France-Premiere-etape-de-montagne-premieres-allegations-de-dopage-1-768x431.png 768w\" sizes=\"auto, (max-width: 792px) 100vw, 792px\" \/><\/div><\/div><div class=\"vlp-layout-zone-main\"><div class=\"vlp-block-0 vlp-link-title\">Billet d'humeur Tour de France : Premi\u00e8re \u00e9tape de montagne, premi\u00e8res all\u00e9gations de dopage...<\/div><div class=\"vlp-block-1 vlp-link-summary\">L'arriv\u00e9e dans les Pyr\u00e9n\u00e9es aujourd'hui a h\u00e9las relanc\u00e9 les suspicions de dopage au d\u00e9triment de la course.<\/div><div class=\"vlp-block-2 vlp-link-button\">Lire l'article<\/div><div class=\"vlp-block-3 vlp-link-url\">dicodusport.fr<\/div><\/div><\/div>\n<p style=\"text-align: justify;\">Mercredi, lors de la 17<sup>\u00e8me <\/sup>\u00e9tape entre Boll\u00e8ne et Valence, les sprinteurs voudront briller une derni\u00e8re fois, incertain de l\u2019arriv\u00e9e sur les Champs-\u00c9lys\u00e9es apr\u00e8s les trois passages \u00e0 la Butte Montmartre. L\u00e0 encore, les Fran\u00e7ais peuvent viser un podium, mais <strong>Jonathan Milan<\/strong> s\u2019annonce comme un \u00e9pouvantail.<\/p>\n<ul>\n<li style=\"text-align: justify;\"><strong>\u00c0 ce sujet &#8211; <a href=\"https:\/\/dicodusport.fr\/blog\/tour-de-france-2025-les-coureurs-a-suivre-pour-une-derniere-semaine-sous-tension\/\">Tour de France 2025 : les coureurs \u00e0 suivre pour une derni\u00e8re semaine sous tension<\/a><\/strong><\/li>\n<\/ul>\n<h2 style=\"text-align: justify;\">La Plagne et Pontarlier, derni\u00e8res chances pour les coureurs fran\u00e7ais sur le Tour de France ?<\/h2>\n<p style=\"text-align: justify;\">En excluant donc <a href=\"https:\/\/dicodusport.fr\/blog\/tour-de-france-2025-etapes-a-ne-pas-manquer\/\">le Ventoux et la Loze<\/a>, et l\u2019arriv\u00e9e \u00e0 Valence, il ne reste plus que trois \u00e9tapes pour des chances de victoire fran\u00e7aise. La Plagne, Pontarlier et les Champs-\u00c9lys\u00e9es. L\u2019arriv\u00e9e dans la capitale devrait sacrer soit un sprinteur (donc peu de chances que \u00e7a soit un Fran\u00e7ais) ou un leader du g\u00e9n\u00e9ral (Tadej Pogacar par exemple).<\/p>\n<p style=\"text-align: justify;\">L\u2019arriv\u00e9e \u00e0 La Plagne sacrera un grimpeur, apr\u00e8s un encha\u00eenement de cols alpins. Quel Fran\u00e7ais pourrait s\u2019imposer\u00a0? <a href=\"https:\/\/dicodusport.fr\/blog\/le-francais-de-la-14eme-etape-le-grand-numero-de-lenny-martinez\/\"><strong>Lenny Martinez<\/strong><\/a> para\u00eet comme la principale chance c\u00f4t\u00e9 tricolore, mais sa qu\u00eate du maillot \u00e0 pois pourrait lui co\u00fbter des forces dans l\u2019optique d\u2019une victoire d\u2019\u00e9tape. <strong>Guillaume Martin-Guyonnet<\/strong> ou <strong>Jordan<\/strong> <strong>Jegat<\/strong>, les deux autres Fran\u00e7ais class\u00e9s au g\u00e9n\u00e9ral ont-ils les jambes pour remporter une \u00e9tape \u00e0 la p\u00e9dale\u00a0? Surtout face \u00e0 des adversaires comme <a href=\"https:\/\/dicodusport.fr\/blog\/10eme-etape-tour-de-france-2025-simon-yates-simpose-ben-healy-en-jaune\/\"><strong>Simon Yates<\/strong>, vainqueur de la 10<sup>eme <\/sup>\u00e9tape<\/a>, <strong>Matteo Jorgenson<\/strong> ou <strong>Enric Mas<\/strong>.<\/p>\n<div class=\"vlp-link-container vlp-layout-article\"><a href=\"https:\/\/dicodusport.fr\/blog\/tour-de-france-2025-lenny-martinez-peut-il-conserver-le-maillot-a-pois-jusqua-paris\/\" class=\"vlp-link\" title=\"Tour de France 2025 : Lenny Martinez peut-il conserver le maillot \u00e0 pois jusqu\u2019\u00e0 Paris ?\"><\/a><div class=\"vlp-layout-zone-side\"><div class=\"vlp-block-4 vlp-link-image\"><img loading=\"lazy\" decoding=\"async\" style=\"max-width: 792px;\" width=\"792\" height=\"445\" src=\"https:\/\/dicodusport.fr\/blog\/wp-content\/uploads\/2025\/07\/Tour-de-France-2025-Lenny-Martinez-peut-il-conserver-le-maillot-a-pois-jusqua-Paris-.png\" class=\"attachment-800x445 size-800x445\" alt=\"Tour de France 2025 Lenny Martinez peut-il conserver le maillot \u00e0 pois jusqu\u2019\u00e0 Paris\" srcset=\"https:\/\/dicodusport.fr\/blog\/wp-content\/uploads\/2025\/07\/Tour-de-France-2025-Lenny-Martinez-peut-il-conserver-le-maillot-a-pois-jusqua-Paris-.png 1200w, https:\/\/dicodusport.fr\/blog\/wp-content\/uploads\/2025\/07\/Tour-de-France-2025-Lenny-Martinez-peut-il-conserver-le-maillot-a-pois-jusqua-Paris--300x169.png 300w, https:\/\/dicodusport.fr\/blog\/wp-content\/uploads\/2025\/07\/Tour-de-France-2025-Lenny-Martinez-peut-il-conserver-le-maillot-a-pois-jusqua-Paris--1024x575.png 1024w, https:\/\/dicodusport.fr\/blog\/wp-content\/uploads\/2025\/07\/Tour-de-France-2025-Lenny-Martinez-peut-il-conserver-le-maillot-a-pois-jusqua-Paris--768x431.png 768w\" sizes=\"auto, (max-width: 792px) 100vw, 792px\" \/><\/div><\/div><div class=\"vlp-layout-zone-main\"><div class=\"vlp-block-0 vlp-link-title\">Tour de France 2025 : Lenny Martinez peut-il conserver le maillot \u00e0 pois jusqu\u2019\u00e0 Paris ?<\/div><div class=\"vlp-block-1 vlp-link-summary\">Venu pour les \u00e9tapes, Lenny Martinez (Bahrain Victorious) a d\u00e9sormais un autre objectif en ligne de mire : le maillot blanc \u00e0 pois rouges du meilleur grimpeur. Mais face \u00e0 l'ogre Tadej Pogacar, la bataille s'annonce rude.<\/div><div class=\"vlp-block-2 vlp-link-button\">Lire l'article<\/div><div class=\"vlp-block-3 vlp-link-url\">dicodusport.fr<\/div><\/div><\/div>\n<p style=\"text-align: justify;\">Reste donc l\u2019\u00e9tape de Pontarlier, promise \u00e0 un baroudeur. <strong>Romain Gr\u00e9goire<\/strong>, qui a disparu apr\u00e8s les premi\u00e8res \u00e9tapes, <strong>Julian Alaphilippe<\/strong>, qui a de nouveau de tr\u00e8s bonnes jambes, <strong>Axel Laurance<\/strong>, qui a de la libert\u00e9 chez INEOS Grenadiers, ou encore <a href=\"https:\/\/dicodusport.fr\/blog\/le-francais-de-la-11eme-etape-mathieu-burgaudeau-son-heure-viendra-un-jour\/\"><strong>Mathieu Burgaudeau<\/strong><\/a> devront \u00eatre \u00e0 l\u2019avant pour esp\u00e9rer ramener une victoire fran\u00e7aise. Et ainsi \u00e9viter les fant\u00f4mes de 1926 et 1999, les deux seules \u00e9ditions du Tour de France sans succ\u00e8s bleu-blanc-rouge. Pourtant, la France \u00e9tait au d\u00e9part la nation la plus repr\u00e9sent\u00e9e avec 38 repr\u00e9sentants sur un peloton de 184 coureurs. Mais m\u00eame sur ce profil, les coureurs fran\u00e7ais ne risquent pas d&rsquo;\u00eatre les favoris. Si un \u00e9pouvantail comme <strong>Mathieu van der Poel<\/strong> d\u00e9cide d&rsquo;\u00eatre dans l&rsquo;\u00e9chapp\u00e9e, les Gr\u00e9goire, Alaphilippe ou encore Burgaudeau risquent d&rsquo;\u00eatre un cran en dessous.<em><br \/>\n<\/em><\/p>\n<h3 style=\"text-align: justify;\">\u00c0 ce sujet<\/h3>\n<ul>\n<li style=\"text-align: justify;\"><a href=\"https:\/\/dicodusport.fr\/blog\/maillot-vert-tour-de-france-2025-classement-par-points\/\"><strong>Classement par points<\/strong><\/a><\/li>\n<li style=\"text-align: justify;\"><a href=\"https:\/\/dicodusport.fr\/blog\/maillot-a-pois-tour-de-france-2025-classement-meilleur-grimpeur\/\"><strong>Classement meilleur grimpeur<\/strong><\/a><\/li>\n<li style=\"text-align: justify;\"><a href=\"https:\/\/dicodusport.fr\/blog\/maillot-blanc-tour-de-france-2025-classement-meilleur-jeune\/\"><strong>Classement meilleur jeune<\/strong><\/a><\/li>\n<\/ul>\n","protected":false},"excerpt":{"rendered":"<p>Il ne reste plus que 6 \u00e9tapes pour esp\u00e9rer une victoire fran\u00e7aise sur ce Tour de France 2025. Alors que les Alpes se profilent pour les coureurs apr\u00e8s le Mont Ventoux, les Fran\u00e7ais vont-ils r\u00e9ussir \u00e0 \u00e9viter le z\u00e9ro point\u00e9\u00a0?<\/p>\n","protected":false},"author":88,"featured_media":597064,"comment_status":"open","ping_status":"closed","sticky":false,"template":"","format":"standard","meta":{"_acf_changed":false,"_daextam_enable_autolinks":"1","footnotes":""},"categories":[46995],"tags":[16878,28524,24,1262],"class_list":["post-597050","post","type-post","status-publish","format-standard","has-post-thumbnail","hentry","category-tour-de-france","tag-breve","tag-kevin-vauquelin","tag-sport","tag-tour-de-france"],"acf":[],"yoast_head":"<!-- This site is optimized with the Yoast SEO Premium plugin v26.7 (Yoast SEO v26.7) - https:\/\/yoast.com\/wordpress\/plugins\/seo\/ -->\n<title>Plus que 6 \u00e9tapes pour lever les bras : les Bleus peuvent-ils \u00e9viter le z\u00e9ro point\u00e9 sur ce Tour de France 2025 ?<\/title>\n<meta name=\"description\" content=\"TOUR DE FRANCE 2025 - Il ne reste plus que 6 \u00e9tapes pour esp\u00e9rer une victoire fran\u00e7aise sur ce Tour de France 2025. Alors que les Alpes se profilent pour les coureurs apr\u00e8s le Mont Ventoux, les Fran\u00e7ais vont-ils r\u00e9ussir \u00e0 \u00e9viter le z\u00e9ro point\u00e9\u00a0?\" \/>\n<meta name=\"robots\" content=\"index, follow, max-snippet:-1, max-image-preview:large, max-video-preview:-1\" \/>\n<link rel=\"canonical\" href=\"https:\/\/dicodusport.fr\/blog\/plus-que-6-etapes-pour-lever-les-bras-la-france-peut-elle-eviter-le-zero-pointe-ce-tour-de-france-2025\/\" \/>\n<meta property=\"og:locale\" content=\"fr_FR\" \/>\n<meta property=\"og:type\" content=\"article\" \/>\n<meta property=\"og:title\" content=\"Plus que 6 \u00e9tapes pour lever les bras : les Bleus peuvent-ils \u00e9viter le z\u00e9ro point\u00e9 sur ce Tour de France 2025 ?\" \/>\n<meta property=\"og:description\" content=\"TOUR DE FRANCE 2025 - Il ne reste plus que 6 \u00e9tapes pour esp\u00e9rer une victoire fran\u00e7aise sur ce Tour de France 2025. Alors que les Alpes se profilent pour les coureurs apr\u00e8s le Mont Ventoux, les Fran\u00e7ais vont-ils r\u00e9ussir \u00e0 \u00e9viter le z\u00e9ro point\u00e9\u00a0?\" \/>\n<meta property=\"og:url\" content=\"https:\/\/dicodusport.fr\/blog\/plus-que-6-etapes-pour-lever-les-bras-la-france-peut-elle-eviter-le-zero-pointe-ce-tour-de-france-2025\/\" \/>\n<meta property=\"og:site_name\" content=\"Dicodusport\" \/>\n<meta property=\"article:publisher\" content=\"https:\/\/www.facebook.com\/dicodusport\" \/>\n<meta property=\"article:published_time\" content=\"2025-07-21T14:00:54+00:00\" \/>\n<meta property=\"article:modified_time\" content=\"2025-07-21T15:39:06+00:00\" \/>\n<meta property=\"og:image\" content=\"https:\/\/dicodusport.fr\/blog\/wp-content\/uploads\/2025\/07\/Plus-que-6-etapes-pour-lever-les-bras-la-France-peut-elle-eviter-le-zero-pointe-ce-Tour-de-France-2025-.png\" \/>\n\t<meta property=\"og:image:width\" content=\"1200\" \/>\n\t<meta property=\"og:image:height\" content=\"674\" \/>\n\t<meta property=\"og:image:type\" content=\"image\/png\" \/>\n<meta name=\"author\" content=\"Paul Lalevee\" \/>\n<meta name=\"twitter:card\" content=\"summary_large_image\" \/>\n<meta name=\"twitter:title\" content=\"Plus que 6 \u00e9tapes pour lever les bras : les Bleus peuvent-ils \u00e9viter le z\u00e9ro point\u00e9 sur ce Tour de France 2025 ?\" \/>\n<meta name=\"twitter:creator\" content=\"@dicodusport\" \/>\n<meta name=\"twitter:site\" content=\"@dicodusport\" \/>\n<script type=\"application\/ld+json\" class=\"yoast-schema-graph\">{\"@context\":\"https:\/\/schema.org\",\"@graph\":[{\"@type\":\"NewsArticle\",\"@id\":\"https:\/\/dicodusport.fr\/blog\/plus-que-6-etapes-pour-lever-les-bras-la-france-peut-elle-eviter-le-zero-pointe-ce-tour-de-france-2025\/#article\",\"isPartOf\":{\"@id\":\"https:\/\/dicodusport.fr\/blog\/plus-que-6-etapes-pour-lever-les-bras-la-france-peut-elle-eviter-le-zero-pointe-ce-tour-de-france-2025\/\"},\"author\":{\"name\":\"Paul Lalevee\",\"@id\":\"https:\/\/dicodusport.fr\/blog\/#\/schema\/person\/1eaa63dfac40b5e5c47f03a71920c1cd\"},\"headline\":\"Plus que 6 \u00e9tapes pour lever les bras : les Bleus peuvent-ils \u00e9viter le z\u00e9ro point\u00e9 sur ce Tour de France 2025 ?\",\"datePublished\":\"2025-07-21T14:00:54+00:00\",\"dateModified\":\"2025-07-21T15:39:06+00:00\",\"mainEntityOfPage\":{\"@id\":\"https:\/\/dicodusport.fr\/blog\/plus-que-6-etapes-pour-lever-les-bras-la-france-peut-elle-eviter-le-zero-pointe-ce-tour-de-france-2025\/\"},\"wordCount\":866,\"commentCount\":0,\"publisher\":{\"@id\":\"https:\/\/dicodusport.fr\/blog\/#organization\"},\"image\":{\"@id\":\"https:\/\/dicodusport.fr\/blog\/plus-que-6-etapes-pour-lever-les-bras-la-france-peut-elle-eviter-le-zero-pointe-ce-tour-de-france-2025\/#primaryimage\"},\"thumbnailUrl\":\"https:\/\/dicodusport.fr\/blog\/wp-content\/uploads\/2025\/07\/Plus-que-6-etapes-pour-lever-les-bras-la-France-peut-elle-eviter-le-zero-pointe-ce-Tour-de-France-2025-.png\",\"keywords\":[\"br\u00e8ve\",\"K\u00e9vin Vauquelin\",\"sport\",\"Tour de France\"],\"articleSection\":[\"Tour de France\"],\"inLanguage\":\"fr-FR\",\"potentialAction\":[{\"@type\":\"CommentAction\",\"name\":\"Comment\",\"target\":[\"https:\/\/dicodusport.fr\/blog\/plus-que-6-etapes-pour-lever-les-bras-la-france-peut-elle-eviter-le-zero-pointe-ce-tour-de-france-2025\/#respond\"]}],\"copyrightYear\":\"2025\",\"copyrightHolder\":{\"@id\":\"https:\/\/dicodusport.fr\/blog\/#organization\"}},{\"@type\":\"WebPage\",\"@id\":\"https:\/\/dicodusport.fr\/blog\/plus-que-6-etapes-pour-lever-les-bras-la-france-peut-elle-eviter-le-zero-pointe-ce-tour-de-france-2025\/\",\"url\":\"https:\/\/dicodusport.fr\/blog\/plus-que-6-etapes-pour-lever-les-bras-la-france-peut-elle-eviter-le-zero-pointe-ce-tour-de-france-2025\/\",\"name\":\"Plus que 6 \u00e9tapes pour lever les bras : les Bleus peuvent-ils \u00e9viter le z\u00e9ro point\u00e9 sur ce Tour de France 2025 ?\",\"isPartOf\":{\"@id\":\"https:\/\/dicodusport.fr\/blog\/#website\"},\"primaryImageOfPage\":{\"@id\":\"https:\/\/dicodusport.fr\/blog\/plus-que-6-etapes-pour-lever-les-bras-la-france-peut-elle-eviter-le-zero-pointe-ce-tour-de-france-2025\/#primaryimage\"},\"image\":{\"@id\":\"https:\/\/dicodusport.fr\/blog\/plus-que-6-etapes-pour-lever-les-bras-la-france-peut-elle-eviter-le-zero-pointe-ce-tour-de-france-2025\/#primaryimage\"},\"thumbnailUrl\":\"https:\/\/dicodusport.fr\/blog\/wp-content\/uploads\/2025\/07\/Plus-que-6-etapes-pour-lever-les-bras-la-France-peut-elle-eviter-le-zero-pointe-ce-Tour-de-France-2025-.png\",\"datePublished\":\"2025-07-21T14:00:54+00:00\",\"dateModified\":\"2025-07-21T15:39:06+00:00\",\"description\":\"TOUR DE FRANCE 2025 - Il ne reste plus que 6 \u00e9tapes pour esp\u00e9rer une victoire fran\u00e7aise sur ce Tour de France 2025. Alors que les Alpes se profilent pour les coureurs apr\u00e8s le Mont Ventoux, les Fran\u00e7ais vont-ils r\u00e9ussir \u00e0 \u00e9viter le z\u00e9ro point\u00e9\u00a0?\",\"breadcrumb\":{\"@id\":\"https:\/\/dicodusport.fr\/blog\/plus-que-6-etapes-pour-lever-les-bras-la-france-peut-elle-eviter-le-zero-pointe-ce-tour-de-france-2025\/#breadcrumb\"},\"inLanguage\":\"fr-FR\",\"potentialAction\":[{\"@type\":\"ReadAction\",\"target\":[\"https:\/\/dicodusport.fr\/blog\/plus-que-6-etapes-pour-lever-les-bras-la-france-peut-elle-eviter-le-zero-pointe-ce-tour-de-france-2025\/\"]}]},{\"@type\":\"ImageObject\",\"inLanguage\":\"fr-FR\",\"@id\":\"https:\/\/dicodusport.fr\/blog\/plus-que-6-etapes-pour-lever-les-bras-la-france-peut-elle-eviter-le-zero-pointe-ce-tour-de-france-2025\/#primaryimage\",\"url\":\"https:\/\/dicodusport.fr\/blog\/wp-content\/uploads\/2025\/07\/Plus-que-6-etapes-pour-lever-les-bras-la-France-peut-elle-eviter-le-zero-pointe-ce-Tour-de-France-2025-.png\",\"contentUrl\":\"https:\/\/dicodusport.fr\/blog\/wp-content\/uploads\/2025\/07\/Plus-que-6-etapes-pour-lever-les-bras-la-France-peut-elle-eviter-le-zero-pointe-ce-Tour-de-France-2025-.png\",\"width\":1200,\"height\":674,\"caption\":\"Plus que 6 \u00e9tapes pour lever les bras la France peut-elle \u00e9viter le z\u00e9ro point\u00e9 ce Tour de France 2025\"},{\"@type\":\"BreadcrumbList\",\"@id\":\"https:\/\/dicodusport.fr\/blog\/plus-que-6-etapes-pour-lever-les-bras-la-france-peut-elle-eviter-le-zero-pointe-ce-tour-de-france-2025\/#breadcrumb\",\"itemListElement\":[{\"@type\":\"ListItem\",\"position\":1,\"name\":\"Accueil\",\"item\":\"https:\/\/dicodusport.fr\/blog\/\"},{\"@type\":\"ListItem\",\"position\":2,\"name\":\"Plus que 6 \u00e9tapes pour lever les bras : les Bleus peuvent-ils \u00e9viter le z\u00e9ro point\u00e9 sur ce Tour de France 2025 ?\"}]},{\"@type\":\"WebSite\",\"@id\":\"https:\/\/dicodusport.fr\/blog\/#website\",\"url\":\"https:\/\/dicodusport.fr\/blog\/\",\"name\":\"Dicodusport\",\"description\":\"L&#039;encyclop\u00e9die de l&#039;actualit\u00e9 sportive\",\"publisher\":{\"@id\":\"https:\/\/dicodusport.fr\/blog\/#organization\"},\"potentialAction\":[{\"@type\":\"SearchAction\",\"target\":{\"@type\":\"EntryPoint\",\"urlTemplate\":\"https:\/\/dicodusport.fr\/blog\/?s={search_term_string}\"},\"query-input\":{\"@type\":\"PropertyValueSpecification\",\"valueRequired\":true,\"valueName\":\"search_term_string\"}}],\"inLanguage\":\"fr-FR\"},{\"@type\":\"NewsMediaOrganization\",\"@id\":\"https:\/\/dicodusport.fr\/blog\/#organization\",\"name\":\"Dicodusport\",\"url\":\"https:\/\/dicodusport.fr\/blog\/\",\"logo\":{\"@type\":\"ImageObject\",\"inLanguage\":\"fr-FR\",\"@id\":\"https:\/\/dicodusport.fr\/blog\/#\/schema\/logo\/image\/\",\"url\":\"https:\/\/dicodusport.fr\/blog\/wp-content\/uploads\/2020\/06\/cropped-LOGO-DICODUSPORT-2020-SANS-FOND-SANS-TEXTE.png\",\"contentUrl\":\"https:\/\/dicodusport.fr\/blog\/wp-content\/uploads\/2020\/06\/cropped-LOGO-DICODUSPORT-2020-SANS-FOND-SANS-TEXTE.png\",\"width\":512,\"height\":512,\"caption\":\"Dicodusport\"},\"image\":{\"@id\":\"https:\/\/dicodusport.fr\/blog\/#\/schema\/logo\/image\/\"},\"sameAs\":[\"https:\/\/www.facebook.com\/dicodusport\",\"https:\/\/x.com\/dicodusport\",\"https:\/\/www.instagram.com\/dicodusport\/\",\"https:\/\/www.youtube.com\/channel\/UC7V2KZ5sd3htJivAbA4ZG3w\"],\"description\":\"Dicodusport est l'encyclop\u00e9die de l'actualit\u00e9 sportive.\",\"email\":\"bonjour@dicodusport.fr\",\"legalName\":\"DICODUSPORT\",\"foundingDate\":\"2018-01-14\",\"vatID\":\"FR71834470973\",\"taxID\":\"83447097300043\",\"numberOfEmployees\":{\"@type\":\"QuantitativeValue\",\"minValue\":\"1\",\"maxValue\":\"10\"}},{\"@type\":\"Person\",\"@id\":\"https:\/\/dicodusport.fr\/blog\/#\/schema\/person\/1eaa63dfac40b5e5c47f03a71920c1cd\",\"name\":\"Paul Lalevee\",\"image\":{\"@type\":\"ImageObject\",\"inLanguage\":\"fr-FR\",\"@id\":\"https:\/\/dicodusport.fr\/blog\/#\/schema\/person\/image\/\",\"url\":\"https:\/\/dicodusport.fr\/blog\/wp-content\/uploads\/2023\/10\/291154246_1690604071293245_3118259335115946499_n-150x150.jpg\",\"contentUrl\":\"https:\/\/dicodusport.fr\/blog\/wp-content\/uploads\/2023\/10\/291154246_1690604071293245_3118259335115946499_n-150x150.jpg\",\"caption\":\"Paul Lalevee\"},\"description\":\"La bulle Disney pendant le Covid, le Tour 2019, la Coupe du monde 2018. Ces trois \u00e9v\u00e9nements majeurs sont ancr\u00e9s dans ma t\u00eate de fan de sport, n\u00e9gativement ou positivement. Passionn\u00e9 de sport depuis l'enfance, j'ai d\u00e9cid\u00e9 de mettre ma passion de l'\u00e9criture au service de cette premi\u00e8re passion.\",\"url\":\"https:\/\/dicodusport.fr\/blog\/author\/paul-lalevee\/\"}]}<\/script>\n<!-- \/ Yoast SEO Premium plugin. -->","yoast_head_json":{"title":"Plus que 6 \u00e9tapes pour lever les bras : les Bleus peuvent-ils \u00e9viter le z\u00e9ro point\u00e9 sur ce Tour de France 2025 ?","description":"TOUR DE FRANCE 2025 - Il ne reste plus que 6 \u00e9tapes pour esp\u00e9rer une victoire fran\u00e7aise sur ce Tour de France 2025. Alors que les Alpes se profilent pour les coureurs apr\u00e8s le Mont Ventoux, les Fran\u00e7ais vont-ils r\u00e9ussir \u00e0 \u00e9viter le z\u00e9ro point\u00e9\u00a0?","robots":{"index":"index","follow":"follow","max-snippet":"max-snippet:-1","max-image-preview":"max-image-preview:large","max-video-preview":"max-video-preview:-1"},"canonical":"https:\/\/dicodusport.fr\/blog\/plus-que-6-etapes-pour-lever-les-bras-la-france-peut-elle-eviter-le-zero-pointe-ce-tour-de-france-2025\/","og_locale":"fr_FR","og_type":"article","og_title":"Plus que 6 \u00e9tapes pour lever les bras : les Bleus peuvent-ils \u00e9viter le z\u00e9ro point\u00e9 sur ce Tour de France 2025 ?","og_description":"TOUR DE FRANCE 2025 - Il ne reste plus que 6 \u00e9tapes pour esp\u00e9rer une victoire fran\u00e7aise sur ce Tour de France 2025. Alors que les Alpes se profilent pour les coureurs apr\u00e8s le Mont Ventoux, les Fran\u00e7ais vont-ils r\u00e9ussir \u00e0 \u00e9viter le z\u00e9ro point\u00e9\u00a0?","og_url":"https:\/\/dicodusport.fr\/blog\/plus-que-6-etapes-pour-lever-les-bras-la-france-peut-elle-eviter-le-zero-pointe-ce-tour-de-france-2025\/","og_site_name":"Dicodusport","article_publisher":"https:\/\/www.facebook.com\/dicodusport","article_published_time":"2025-07-21T14:00:54+00:00","article_modified_time":"2025-07-21T15:39:06+00:00","og_image":[{"width":1200,"height":674,"url":"https:\/\/dicodusport.fr\/blog\/wp-content\/uploads\/2025\/07\/Plus-que-6-etapes-pour-lever-les-bras-la-France-peut-elle-eviter-le-zero-pointe-ce-Tour-de-France-2025-.png","type":"image\/png"}],"author":"Paul Lalevee","twitter_card":"summary_large_image","twitter_title":"Plus que 6 \u00e9tapes pour lever les bras : les Bleus peuvent-ils \u00e9viter le z\u00e9ro point\u00e9 sur ce Tour de France 2025 ?","twitter_creator":"@dicodusport","twitter_site":"@dicodusport","schema":{"@context":"https:\/\/schema.org","@graph":[{"@type":"NewsArticle","@id":"https:\/\/dicodusport.fr\/blog\/plus-que-6-etapes-pour-lever-les-bras-la-france-peut-elle-eviter-le-zero-pointe-ce-tour-de-france-2025\/#article","isPartOf":{"@id":"https:\/\/dicodusport.fr\/blog\/plus-que-6-etapes-pour-lever-les-bras-la-france-peut-elle-eviter-le-zero-pointe-ce-tour-de-france-2025\/"},"author":{"name":"Paul Lalevee","@id":"https:\/\/dicodusport.fr\/blog\/#\/schema\/person\/1eaa63dfac40b5e5c47f03a71920c1cd"},"headline":"Plus que 6 \u00e9tapes pour lever les bras : les Bleus peuvent-ils \u00e9viter le z\u00e9ro point\u00e9 sur ce Tour de France 2025 ?","datePublished":"2025-07-21T14:00:54+00:00","dateModified":"2025-07-21T15:39:06+00:00","mainEntityOfPage":{"@id":"https:\/\/dicodusport.fr\/blog\/plus-que-6-etapes-pour-lever-les-bras-la-france-peut-elle-eviter-le-zero-pointe-ce-tour-de-france-2025\/"},"wordCount":866,"commentCount":0,"publisher":{"@id":"https:\/\/dicodusport.fr\/blog\/#organization"},"image":{"@id":"https:\/\/dicodusport.fr\/blog\/plus-que-6-etapes-pour-lever-les-bras-la-france-peut-elle-eviter-le-zero-pointe-ce-tour-de-france-2025\/#primaryimage"},"thumbnailUrl":"https:\/\/dicodusport.fr\/blog\/wp-content\/uploads\/2025\/07\/Plus-que-6-etapes-pour-lever-les-bras-la-France-peut-elle-eviter-le-zero-pointe-ce-Tour-de-France-2025-.png","keywords":["br\u00e8ve","K\u00e9vin Vauquelin","sport","Tour de France"],"articleSection":["Tour de France"],"inLanguage":"fr-FR","potentialAction":[{"@type":"CommentAction","name":"Comment","target":["https:\/\/dicodusport.fr\/blog\/plus-que-6-etapes-pour-lever-les-bras-la-france-peut-elle-eviter-le-zero-pointe-ce-tour-de-france-2025\/#respond"]}],"copyrightYear":"2025","copyrightHolder":{"@id":"https:\/\/dicodusport.fr\/blog\/#organization"}},{"@type":"WebPage","@id":"https:\/\/dicodusport.fr\/blog\/plus-que-6-etapes-pour-lever-les-bras-la-france-peut-elle-eviter-le-zero-pointe-ce-tour-de-france-2025\/","url":"https:\/\/dicodusport.fr\/blog\/plus-que-6-etapes-pour-lever-les-bras-la-france-peut-elle-eviter-le-zero-pointe-ce-tour-de-france-2025\/","name":"Plus que 6 \u00e9tapes pour lever les bras : les Bleus peuvent-ils \u00e9viter le z\u00e9ro point\u00e9 sur ce Tour de France 2025 ?","isPartOf":{"@id":"https:\/\/dicodusport.fr\/blog\/#website"},"primaryImageOfPage":{"@id":"https:\/\/dicodusport.fr\/blog\/plus-que-6-etapes-pour-lever-les-bras-la-france-peut-elle-eviter-le-zero-pointe-ce-tour-de-france-2025\/#primaryimage"},"image":{"@id":"https:\/\/dicodusport.fr\/blog\/plus-que-6-etapes-pour-lever-les-bras-la-france-peut-elle-eviter-le-zero-pointe-ce-tour-de-france-2025\/#primaryimage"},"thumbnailUrl":"https:\/\/dicodusport.fr\/blog\/wp-content\/uploads\/2025\/07\/Plus-que-6-etapes-pour-lever-les-bras-la-France-peut-elle-eviter-le-zero-pointe-ce-Tour-de-France-2025-.png","datePublished":"2025-07-21T14:00:54+00:00","dateModified":"2025-07-21T15:39:06+00:00","description":"TOUR DE FRANCE 2025 - Il ne reste plus que 6 \u00e9tapes pour esp\u00e9rer une victoire fran\u00e7aise sur ce Tour de France 2025. Alors que les Alpes se profilent pour les coureurs apr\u00e8s le Mont Ventoux, les Fran\u00e7ais vont-ils r\u00e9ussir \u00e0 \u00e9viter le z\u00e9ro point\u00e9\u00a0?","breadcrumb":{"@id":"https:\/\/dicodusport.fr\/blog\/plus-que-6-etapes-pour-lever-les-bras-la-france-peut-elle-eviter-le-zero-pointe-ce-tour-de-france-2025\/#breadcrumb"},"inLanguage":"fr-FR","potentialAction":[{"@type":"ReadAction","target":["https:\/\/dicodusport.fr\/blog\/plus-que-6-etapes-pour-lever-les-bras-la-france-peut-elle-eviter-le-zero-pointe-ce-tour-de-france-2025\/"]}]},{"@type":"ImageObject","inLanguage":"fr-FR","@id":"https:\/\/dicodusport.fr\/blog\/plus-que-6-etapes-pour-lever-les-bras-la-france-peut-elle-eviter-le-zero-pointe-ce-tour-de-france-2025\/#primaryimage","url":"https:\/\/dicodusport.fr\/blog\/wp-content\/uploads\/2025\/07\/Plus-que-6-etapes-pour-lever-les-bras-la-France-peut-elle-eviter-le-zero-pointe-ce-Tour-de-France-2025-.png","contentUrl":"https:\/\/dicodusport.fr\/blog\/wp-content\/uploads\/2025\/07\/Plus-que-6-etapes-pour-lever-les-bras-la-France-peut-elle-eviter-le-zero-pointe-ce-Tour-de-France-2025-.png","width":1200,"height":674,"caption":"Plus que 6 \u00e9tapes pour lever les bras la France peut-elle \u00e9viter le z\u00e9ro point\u00e9 ce Tour de France 2025"},{"@type":"BreadcrumbList","@id":"https:\/\/dicodusport.fr\/blog\/plus-que-6-etapes-pour-lever-les-bras-la-france-peut-elle-eviter-le-zero-pointe-ce-tour-de-france-2025\/#breadcrumb","itemListElement":[{"@type":"ListItem","position":1,"name":"Accueil","item":"https:\/\/dicodusport.fr\/blog\/"},{"@type":"ListItem","position":2,"name":"Plus que 6 \u00e9tapes pour lever les bras : les Bleus peuvent-ils \u00e9viter le z\u00e9ro point\u00e9 sur ce Tour de France 2025 ?"}]},{"@type":"WebSite","@id":"https:\/\/dicodusport.fr\/blog\/#website","url":"https:\/\/dicodusport.fr\/blog\/","name":"Dicodusport","description":"L&#039;encyclop\u00e9die de l&#039;actualit\u00e9 sportive","publisher":{"@id":"https:\/\/dicodusport.fr\/blog\/#organization"},"potentialAction":[{"@type":"SearchAction","target":{"@type":"EntryPoint","urlTemplate":"https:\/\/dicodusport.fr\/blog\/?s={search_term_string}"},"query-input":{"@type":"PropertyValueSpecification","valueRequired":true,"valueName":"search_term_string"}}],"inLanguage":"fr-FR"},{"@type":"NewsMediaOrganization","@id":"https:\/\/dicodusport.fr\/blog\/#organization","name":"Dicodusport","url":"https:\/\/dicodusport.fr\/blog\/","logo":{"@type":"ImageObject","inLanguage":"fr-FR","@id":"https:\/\/dicodusport.fr\/blog\/#\/schema\/logo\/image\/","url":"https:\/\/dicodusport.fr\/blog\/wp-content\/uploads\/2020\/06\/cropped-LOGO-DICODUSPORT-2020-SANS-FOND-SANS-TEXTE.png","contentUrl":"https:\/\/dicodusport.fr\/blog\/wp-content\/uploads\/2020\/06\/cropped-LOGO-DICODUSPORT-2020-SANS-FOND-SANS-TEXTE.png","width":512,"height":512,"caption":"Dicodusport"},"image":{"@id":"https:\/\/dicodusport.fr\/blog\/#\/schema\/logo\/image\/"},"sameAs":["https:\/\/www.facebook.com\/dicodusport","https:\/\/x.com\/dicodusport","https:\/\/www.instagram.com\/dicodusport\/","https:\/\/www.youtube.com\/channel\/UC7V2KZ5sd3htJivAbA4ZG3w"],"description":"Dicodusport est l'encyclop\u00e9die de l'actualit\u00e9 sportive.","email":"bonjour@dicodusport.fr","legalName":"DICODUSPORT","foundingDate":"2018-01-14","vatID":"FR71834470973","taxID":"83447097300043","numberOfEmployees":{"@type":"QuantitativeValue","minValue":"1","maxValue":"10"}},{"@type":"Person","@id":"https:\/\/dicodusport.fr\/blog\/#\/schema\/person\/1eaa63dfac40b5e5c47f03a71920c1cd","name":"Paul Lalevee","image":{"@type":"ImageObject","inLanguage":"fr-FR","@id":"https:\/\/dicodusport.fr\/blog\/#\/schema\/person\/image\/","url":"https:\/\/dicodusport.fr\/blog\/wp-content\/uploads\/2023\/10\/291154246_1690604071293245_3118259335115946499_n-150x150.jpg","contentUrl":"https:\/\/dicodusport.fr\/blog\/wp-content\/uploads\/2023\/10\/291154246_1690604071293245_3118259335115946499_n-150x150.jpg","caption":"Paul Lalevee"},"description":"La bulle Disney pendant le Covid, le Tour 2019, la Coupe du monde 2018. Ces trois \u00e9v\u00e9nements majeurs sont ancr\u00e9s dans ma t\u00eate de fan de sport, n\u00e9gativement ou positivement. Passionn\u00e9 de sport depuis l'enfance, j'ai d\u00e9cid\u00e9 de mettre ma passion de l'\u00e9criture au service de cette premi\u00e8re passion.","url":"https:\/\/dicodusport.fr\/blog\/author\/paul-lalevee\/"}]}},"_links":{"self":[{"href":"https:\/\/dicodusport.fr\/blog\/wp-json\/wp\/v2\/posts\/597050","targetHints":{"allow":["GET"]}}],"collection":[{"href":"https:\/\/dicodusport.fr\/blog\/wp-json\/wp\/v2\/posts"}],"about":[{"href":"https:\/\/dicodusport.fr\/blog\/wp-json\/wp\/v2\/types\/post"}],"author":[{"embeddable":true,"href":"https:\/\/dicodusport.fr\/blog\/wp-json\/wp\/v2\/users\/88"}],"replies":[{"embeddable":true,"href":"https:\/\/dicodusport.fr\/blog\/wp-json\/wp\/v2\/comments?post=597050"}],"version-history":[{"count":5,"href":"https:\/\/dicodusport.fr\/blog\/wp-json\/wp\/v2\/posts\/597050\/revisions"}],"predecessor-version":[{"id":597126,"href":"https:\/\/dicodusport.fr\/blog\/wp-json\/wp\/v2\/posts\/597050\/revisions\/597126"}],"wp:featuredmedia":[{"embeddable":true,"href":"https:\/\/dicodusport.fr\/blog\/wp-json\/wp\/v2\/media\/597064"}],"wp:attachment":[{"href":"https:\/\/dicodusport.fr\/blog\/wp-json\/wp\/v2\/media?parent=597050"}],"wp:term":[{"taxonomy":"category","embeddable":true,"href":"https:\/\/dicodusport.fr\/blog\/wp-json\/wp\/v2\/categories?post=597050"},{"taxonomy":"post_tag","embeddable":true,"href":"https:\/\/dicodusport.fr\/blog\/wp-json\/wp\/v2\/tags?post=597050"}],"curies":[{"name":"wp","href":"https:\/\/api.w.org\/{rel}","templated":true}]}}