{"id":59711,"date":"2020-02-10T07:49:36","date_gmt":"2020-02-10T06:49:36","guid":{"rendered":"http:\/\/dicodusport.fr\/blog\/?p=59711"},"modified":"2020-02-10T08:18:33","modified_gmt":"2020-02-10T07:18:33","slug":"tennis-le-programme-de-la-semaine-cote-francais-6","status":"publish","type":"post","link":"https:\/\/dicodusport.fr\/blog\/tennis-le-programme-de-la-semaine-cote-francais-6\/","title":{"rendered":"Le programme de la semaine c\u00f4t\u00e9 Fran\u00e7ais"},"content":{"rendered":"<p style=\"text-align: justify;\"><strong><em>Pour cette nouvelle semaine sur le circuit ATP et WTA, c\u2019est une semaine riche qui attend nos Fran\u00e7ais aux quatre coins du globe. Tour d\u2019horizon des principaux rendez-vous de la semaine.<\/em><\/strong><\/p>\n<h2 style=\"text-align: justify;\">Les tournois des principaux Fran\u00e7ais(es) cette semaine<\/h2>\n<h3 style=\"text-align: justify;\">Rotterdam ATP 500<\/h3>\n<p style=\"text-align: justify;\">Fort de sa tr\u00e8s belle semaine dans le sud de la France et sa victoire \u00e0 Montpellier, <strong>Ga\u00ebl Monfils<\/strong> tentera de confirmer ses belles sensations d\u00e8s cette semaine \u00e0 Rotterdam o\u00f9 le plateau sera, une fois n\u2019est pas coutume, de qualit\u00e9.<\/p>\n<p style=\"text-align: justify;\">Monfils ne sera pas le seul repr\u00e9sentant fran\u00e7ais aux Pays-Bas puisqu\u2019il sera accompagn\u00e9 cette semaine de <strong>Gilles Simon<\/strong>, <strong>Adrian Mannarino<\/strong> et <strong>Beno\u00eet Paire<\/strong>.<\/p>\n<blockquote class=\"twitter-tweet\">\n<p dir=\"ltr\" lang=\"en\">&#x1f1eb;&#x1f1f7; <a href=\"https:\/\/twitter.com\/Gael_Monfils?ref_src=twsrc%5Etfw\">@Gael_Monfils<\/a> has done it again in Montpellier!<\/p>\n<p>What awaits the World No.9 in 2020&#x2753;<a href=\"https:\/\/twitter.com\/OpenSuddeFrance?ref_src=twsrc%5Etfw\">@OpenSuddeFrance<\/a> <a href=\"https:\/\/t.co\/Mb57CEYrSE\">pic.twitter.com\/Mb57CEYrSE<\/a><\/p>\n<p>\u2014 ATP Tour (@atptour) <a href=\"https:\/\/twitter.com\/atptour\/status\/1226530686644912129?ref_src=twsrc%5Etfw\">February 9, 2020<\/a><\/p><\/blockquote>\n<p><script async src=\"https:\/\/platform.twitter.com\/widgets.js\" charset=\"utf-8\"><\/script><\/p>\n<h3 style=\"text-align: justify;\">New-York ATP 250<\/h3>\n<p style=\"text-align: justify;\">Aux Etats-Unis cette semaine, un seul Fran\u00e7ais sera pr\u00e9sent dans le tableau final. <strong>Ugo Humbert<\/strong>, t\u00eate de s\u00e9rie num\u00e9ro 4 de ce tournoi de New-York, tentera de profiter d\u2019un tournoi plut\u00f4t ouvert pour confirmer son bon d\u00e9but d\u2019ann\u00e9e 2020.<\/p>\n<h3 style=\"text-align: justify;\">Buenos Aires ATP 250<\/h3>\n<p style=\"text-align: justify;\">Dans sa lanc\u00e9e de la semaine derni\u00e8re, <strong>Corentin Moutet<\/strong> continue sa tourn\u00e9e sud-am\u00e9ricaine et il sera cette semaine du c\u00f4t\u00e9 de Buenos Aires pour continuer sa pr\u00e9paration sur terre battue.<\/p>\n<blockquote class=\"twitter-tweet\">\n<p dir=\"ltr\" lang=\"es\">Cuadro Principal del <a href=\"https:\/\/twitter.com\/hashtag\/ArgOpen2020?src=hash&amp;ref_src=twsrc%5Etfw\">#ArgOpen2020<\/a> &#x1f3c6;&#x1f1e6;&#x1f1f7; <a href=\"https:\/\/t.co\/K0eYdrrb7F\">pic.twitter.com\/K0eYdrrb7F<\/a><\/p>\n<p>\u2014 Argentina Open (@ArgentinaOpen) <a href=\"https:\/\/twitter.com\/ArgentinaOpen\/status\/1226212526544781313?ref_src=twsrc%5Etfw\">February 8, 2020<\/a><\/p><\/blockquote>\n<p><script async src=\"https:\/\/platform.twitter.com\/widgets.js\" charset=\"utf-8\"><\/script><\/p>\n<h3 style=\"text-align: justify;\"><strong>Saint-P\u00e9tersbourg WTA<\/strong><\/h3>\n<p style=\"text-align: justify;\">Apr\u00e8s un Open d\u2019Australie compliqu\u00e9, nos joueuses fran\u00e7aises tenteront de retrouver un peu de confiance du c\u00f4t\u00e9 de la Russie cette semaine. Ce sera le cas pour nos deux t\u00eates d\u2019affiches que sont <strong>Caroline Garcia<\/strong> et <strong>Kristina Mladenovic<\/strong> dans un tableau au niveau une nouvelle fois tr\u00e8s homog\u00e8ne.<\/p>\n<h3 style=\"text-align: justify;\">Hua Hin WTA<\/h3>\n<p style=\"text-align: justify;\">Seule Fran\u00e7aise align\u00e9e \u00e0 Hua Hin, <strong>Chlo\u00e9 Paquet<\/strong> tentera de profiter d\u2019un tournoi moins relev\u00e9 que du c\u00f4t\u00e9 de Saint-P\u00e9tersbourg.<\/p>\n<p><strong><em>Bastien Pitte<br \/>\n<a href=\"https:\/\/www.facebook.com\/bastien.pitte\" target=\"_blank\" rel=\"noopener noreferrer\"><img loading=\"lazy\" decoding=\"async\" class=\"alignnone wp-image-2909\" src=\"http:\/\/dicodusport.fr\/blog\/wp-content\/uploads\/2017\/07\/logo-facebook-150x150.png\" alt=\"\" width=\"39\" height=\"39\" \/><\/a><\/em><\/strong><a href=\"https:\/\/www.linkedin.com\/in\/bastien-pitte\" target=\"_blank\" rel=\"noopener noreferrer\"><img loading=\"lazy\" decoding=\"async\" class=\"alignnone wp-image-3711\" src=\"http:\/\/dicodusport.fr\/blog\/wp-content\/uploads\/2017\/08\/signature-linkedin-150x150.png\" alt=\"\" width=\"39\" height=\"39\" srcset=\"https:\/\/dicodusport.fr\/blog\/wp-content\/uploads\/2017\/08\/signature-linkedin-150x150.png 150w, https:\/\/dicodusport.fr\/blog\/wp-content\/uploads\/2017\/08\/signature-linkedin.png 295w\" sizes=\"auto, (max-width: 39px) 100vw, 39px\" \/><\/a><\/p>\n","protected":false},"excerpt":{"rendered":"<p>Pour cette nouvelle semaine sur le circuit ATP et WTA, c\u2019est une semaine riche qui attend nos Fran\u00e7ais. Tour d\u2019horizon des principaux rendez-vous.<\/p>\n","protected":false},"author":28,"featured_media":59734,"comment_status":"open","ping_status":"closed","sticky":false,"template":"","format":"standard","meta":{"_acf_changed":false,"_daextam_enable_autolinks":"","footnotes":""},"categories":[2302],"tags":[156,1618,3377,158,3831,5415,136,137],"class_list":["post-59711","post","type-post","status-publish","format-standard","has-post-thumbnail","hentry","category-tennis","tag-atp","tag-garcia","tag-mladenovic","tag-monfils","tag-rotterdam","tag-simon","tag-tennis","tag-wta"],"acf":[],"yoast_head":"<!-- This site is optimized with the Yoast SEO Premium plugin v26.7 (Yoast SEO v26.7) - https:\/\/yoast.com\/wordpress\/plugins\/seo\/ -->\n<title>Le programme de la semaine c\u00f4t\u00e9 Fran\u00e7ais<\/title>\n<meta name=\"description\" content=\"Pour cette nouvelle semaine sur le circuit ATP et WTA, c\u2019est une semaine riche qui attend nos Fran\u00e7ais. Tour d\u2019horizon des principaux rendez-vous.\" \/>\n<meta name=\"robots\" content=\"index, follow, max-snippet:-1, max-image-preview:large, max-video-preview:-1\" \/>\n<link rel=\"canonical\" href=\"https:\/\/dicodusport.fr\/blog\/tennis-le-programme-de-la-semaine-cote-francais-6\/\" \/>\n<meta property=\"og:locale\" content=\"fr_FR\" \/>\n<meta property=\"og:type\" content=\"article\" \/>\n<meta property=\"og:title\" content=\"Tennis : Le programme de la semaine c\u00f4t\u00e9 Fran\u00e7ais\" \/>\n<meta property=\"og:description\" content=\"Pour cette nouvelle semaine sur le circuit ATP et WTA, c\u2019est une semaine riche qui attend nos Fran\u00e7ais. Tour d\u2019horizon des principaux rendez-vous.\" \/>\n<meta property=\"og:url\" content=\"https:\/\/dicodusport.fr\/blog\/tennis-le-programme-de-la-semaine-cote-francais-6\/\" \/>\n<meta property=\"og:site_name\" content=\"Dicodusport\" \/>\n<meta property=\"article:publisher\" content=\"https:\/\/www.facebook.com\/dicodusport\" \/>\n<meta property=\"article:published_time\" content=\"2020-02-10T06:49:36+00:00\" \/>\n<meta property=\"article:modified_time\" content=\"2020-02-10T07:18:33+00:00\" \/>\n<meta property=\"og:image\" content=\"https:\/\/dicodusport.fr\/blog\/wp-content\/uploads\/2020\/02\/Tennis-Le-programme-de-la-semaine-c\u00f4t\u00e9-Fran\u00e7ais-1.png\" \/>\n\t<meta property=\"og:image:width\" content=\"800\" \/>\n\t<meta property=\"og:image:height\" content=\"445\" \/>\n\t<meta property=\"og:image:type\" content=\"image\/png\" \/>\n<meta name=\"author\" content=\"Bastien Pitte\" \/>\n<meta name=\"twitter:card\" content=\"summary_large_image\" \/>\n<meta name=\"twitter:title\" content=\"Tennis : Le programme de la semaine c\u00f4t\u00e9 Fran\u00e7ais\" \/>\n<meta name=\"twitter:creator\" content=\"@dicodusport\" \/>\n<meta name=\"twitter:site\" content=\"@dicodusport\" \/>\n<script type=\"application\/ld+json\" class=\"yoast-schema-graph\">{\"@context\":\"https:\/\/schema.org\",\"@graph\":[{\"@type\":\"NewsArticle\",\"@id\":\"https:\/\/dicodusport.fr\/blog\/tennis-le-programme-de-la-semaine-cote-francais-6\/#article\",\"isPartOf\":{\"@id\":\"https:\/\/dicodusport.fr\/blog\/tennis-le-programme-de-la-semaine-cote-francais-6\/\"},\"author\":{\"name\":\"Bastien Pitte\",\"@id\":\"https:\/\/dicodusport.fr\/blog\/#\/schema\/person\/0d3ca824646a2d0c77bdd7e45230c071\"},\"headline\":\"Le programme de la semaine c\u00f4t\u00e9 Fran\u00e7ais\",\"datePublished\":\"2020-02-10T06:49:36+00:00\",\"dateModified\":\"2020-02-10T07:18:33+00:00\",\"mainEntityOfPage\":{\"@id\":\"https:\/\/dicodusport.fr\/blog\/tennis-le-programme-de-la-semaine-cote-francais-6\/\"},\"wordCount\":354,\"commentCount\":0,\"publisher\":{\"@id\":\"https:\/\/dicodusport.fr\/blog\/#organization\"},\"image\":{\"@id\":\"https:\/\/dicodusport.fr\/blog\/tennis-le-programme-de-la-semaine-cote-francais-6\/#primaryimage\"},\"thumbnailUrl\":\"https:\/\/dicodusport.fr\/blog\/wp-content\/uploads\/2020\/02\/Tennis-Le-programme-de-la-semaine-c\u00f4t\u00e9-Fran\u00e7ais-1.png\",\"keywords\":[\"ATP\",\"Garcia\",\"Mladenovic\",\"monfils\",\"Rotterdam\",\"Simon\",\"Tennis\",\"wta\"],\"articleSection\":[\"Tennis\"],\"inLanguage\":\"fr-FR\",\"potentialAction\":[{\"@type\":\"CommentAction\",\"name\":\"Comment\",\"target\":[\"https:\/\/dicodusport.fr\/blog\/tennis-le-programme-de-la-semaine-cote-francais-6\/#respond\"]}],\"copyrightYear\":\"2020\",\"copyrightHolder\":{\"@id\":\"https:\/\/dicodusport.fr\/blog\/#organization\"}},{\"@type\":\"WebPage\",\"@id\":\"https:\/\/dicodusport.fr\/blog\/tennis-le-programme-de-la-semaine-cote-francais-6\/\",\"url\":\"https:\/\/dicodusport.fr\/blog\/tennis-le-programme-de-la-semaine-cote-francais-6\/\",\"name\":\"Le programme de la semaine c\u00f4t\u00e9 Fran\u00e7ais\",\"isPartOf\":{\"@id\":\"https:\/\/dicodusport.fr\/blog\/#website\"},\"primaryImageOfPage\":{\"@id\":\"https:\/\/dicodusport.fr\/blog\/tennis-le-programme-de-la-semaine-cote-francais-6\/#primaryimage\"},\"image\":{\"@id\":\"https:\/\/dicodusport.fr\/blog\/tennis-le-programme-de-la-semaine-cote-francais-6\/#primaryimage\"},\"thumbnailUrl\":\"https:\/\/dicodusport.fr\/blog\/wp-content\/uploads\/2020\/02\/Tennis-Le-programme-de-la-semaine-c\u00f4t\u00e9-Fran\u00e7ais-1.png\",\"datePublished\":\"2020-02-10T06:49:36+00:00\",\"dateModified\":\"2020-02-10T07:18:33+00:00\",\"description\":\"Pour cette nouvelle semaine sur le circuit ATP et WTA, c\u2019est une semaine riche qui attend nos Fran\u00e7ais. Tour d\u2019horizon des principaux rendez-vous.\",\"breadcrumb\":{\"@id\":\"https:\/\/dicodusport.fr\/blog\/tennis-le-programme-de-la-semaine-cote-francais-6\/#breadcrumb\"},\"inLanguage\":\"fr-FR\",\"potentialAction\":[{\"@type\":\"ReadAction\",\"target\":[\"https:\/\/dicodusport.fr\/blog\/tennis-le-programme-de-la-semaine-cote-francais-6\/\"]}]},{\"@type\":\"ImageObject\",\"inLanguage\":\"fr-FR\",\"@id\":\"https:\/\/dicodusport.fr\/blog\/tennis-le-programme-de-la-semaine-cote-francais-6\/#primaryimage\",\"url\":\"https:\/\/dicodusport.fr\/blog\/wp-content\/uploads\/2020\/02\/Tennis-Le-programme-de-la-semaine-c\u00f4t\u00e9-Fran\u00e7ais-1.png\",\"contentUrl\":\"https:\/\/dicodusport.fr\/blog\/wp-content\/uploads\/2020\/02\/Tennis-Le-programme-de-la-semaine-c\u00f4t\u00e9-Fran\u00e7ais-1.png\",\"width\":800,\"height\":445,\"caption\":\"Tennis - Le programme de la semaine c\u00f4t\u00e9 Fran\u00e7ais\"},{\"@type\":\"BreadcrumbList\",\"@id\":\"https:\/\/dicodusport.fr\/blog\/tennis-le-programme-de-la-semaine-cote-francais-6\/#breadcrumb\",\"itemListElement\":[{\"@type\":\"ListItem\",\"position\":1,\"name\":\"Accueil\",\"item\":\"https:\/\/dicodusport.fr\/blog\/\"},{\"@type\":\"ListItem\",\"position\":2,\"name\":\"Le programme de la semaine c\u00f4t\u00e9 Fran\u00e7ais\"}]},{\"@type\":\"WebSite\",\"@id\":\"https:\/\/dicodusport.fr\/blog\/#website\",\"url\":\"https:\/\/dicodusport.fr\/blog\/\",\"name\":\"Dicodusport\",\"description\":\"L&#039;encyclop\u00e9die de l&#039;actualit\u00e9 sportive\",\"publisher\":{\"@id\":\"https:\/\/dicodusport.fr\/blog\/#organization\"},\"potentialAction\":[{\"@type\":\"SearchAction\",\"target\":{\"@type\":\"EntryPoint\",\"urlTemplate\":\"https:\/\/dicodusport.fr\/blog\/?s={search_term_string}\"},\"query-input\":{\"@type\":\"PropertyValueSpecification\",\"valueRequired\":true,\"valueName\":\"search_term_string\"}}],\"inLanguage\":\"fr-FR\"},{\"@type\":\"NewsMediaOrganization\",\"@id\":\"https:\/\/dicodusport.fr\/blog\/#organization\",\"name\":\"Dicodusport\",\"url\":\"https:\/\/dicodusport.fr\/blog\/\",\"logo\":{\"@type\":\"ImageObject\",\"inLanguage\":\"fr-FR\",\"@id\":\"https:\/\/dicodusport.fr\/blog\/#\/schema\/logo\/image\/\",\"url\":\"https:\/\/dicodusport.fr\/blog\/wp-content\/uploads\/2020\/06\/cropped-LOGO-DICODUSPORT-2020-SANS-FOND-SANS-TEXTE.png\",\"contentUrl\":\"https:\/\/dicodusport.fr\/blog\/wp-content\/uploads\/2020\/06\/cropped-LOGO-DICODUSPORT-2020-SANS-FOND-SANS-TEXTE.png\",\"width\":512,\"height\":512,\"caption\":\"Dicodusport\"},\"image\":{\"@id\":\"https:\/\/dicodusport.fr\/blog\/#\/schema\/logo\/image\/\"},\"sameAs\":[\"https:\/\/www.facebook.com\/dicodusport\",\"https:\/\/x.com\/dicodusport\",\"https:\/\/www.instagram.com\/dicodusport\/\",\"https:\/\/www.youtube.com\/channel\/UC7V2KZ5sd3htJivAbA4ZG3w\"],\"description\":\"Dicodusport est l'encyclop\u00e9die de l'actualit\u00e9 sportive.\",\"email\":\"bonjour@dicodusport.fr\",\"legalName\":\"DICODUSPORT\",\"foundingDate\":\"2018-01-14\",\"vatID\":\"FR71834470973\",\"taxID\":\"83447097300043\",\"numberOfEmployees\":{\"@type\":\"QuantitativeValue\",\"minValue\":\"1\",\"maxValue\":\"10\"}},{\"@type\":\"Person\",\"@id\":\"https:\/\/dicodusport.fr\/blog\/#\/schema\/person\/0d3ca824646a2d0c77bdd7e45230c071\",\"name\":\"Bastien Pitte\",\"image\":{\"@type\":\"ImageObject\",\"inLanguage\":\"fr-FR\",\"@id\":\"https:\/\/dicodusport.fr\/blog\/#\/schema\/person\/image\/\",\"url\":\"https:\/\/dicodusport.fr\/blog\/wp-content\/uploads\/2020\/06\/cropped-LOGO-DICODUSPORT-2020-SANS-FOND-SANS-TEXTE-150x150.png\",\"contentUrl\":\"https:\/\/dicodusport.fr\/blog\/wp-content\/uploads\/2020\/06\/cropped-LOGO-DICODUSPORT-2020-SANS-FOND-SANS-TEXTE-150x150.png\",\"caption\":\"Bastien Pitte\"},\"url\":\"https:\/\/dicodusport.fr\/blog\/author\/bastien\/\"}]}<\/script>\n<!-- \/ Yoast SEO Premium plugin. -->","yoast_head_json":{"title":"Le programme de la semaine c\u00f4t\u00e9 Fran\u00e7ais","description":"Pour cette nouvelle semaine sur le circuit ATP et WTA, c\u2019est une semaine riche qui attend nos Fran\u00e7ais. Tour d\u2019horizon des principaux rendez-vous.","robots":{"index":"index","follow":"follow","max-snippet":"max-snippet:-1","max-image-preview":"max-image-preview:large","max-video-preview":"max-video-preview:-1"},"canonical":"https:\/\/dicodusport.fr\/blog\/tennis-le-programme-de-la-semaine-cote-francais-6\/","og_locale":"fr_FR","og_type":"article","og_title":"Tennis : Le programme de la semaine c\u00f4t\u00e9 Fran\u00e7ais","og_description":"Pour cette nouvelle semaine sur le circuit ATP et WTA, c\u2019est une semaine riche qui attend nos Fran\u00e7ais. Tour d\u2019horizon des principaux rendez-vous.","og_url":"https:\/\/dicodusport.fr\/blog\/tennis-le-programme-de-la-semaine-cote-francais-6\/","og_site_name":"Dicodusport","article_publisher":"https:\/\/www.facebook.com\/dicodusport","article_published_time":"2020-02-10T06:49:36+00:00","article_modified_time":"2020-02-10T07:18:33+00:00","og_image":[{"width":800,"height":445,"url":"https:\/\/dicodusport.fr\/blog\/wp-content\/uploads\/2020\/02\/Tennis-Le-programme-de-la-semaine-c\u00f4t\u00e9-Fran\u00e7ais-1.png","type":"image\/png"}],"author":"Bastien Pitte","twitter_card":"summary_large_image","twitter_title":"Tennis : Le programme de la semaine c\u00f4t\u00e9 Fran\u00e7ais","twitter_creator":"@dicodusport","twitter_site":"@dicodusport","schema":{"@context":"https:\/\/schema.org","@graph":[{"@type":"NewsArticle","@id":"https:\/\/dicodusport.fr\/blog\/tennis-le-programme-de-la-semaine-cote-francais-6\/#article","isPartOf":{"@id":"https:\/\/dicodusport.fr\/blog\/tennis-le-programme-de-la-semaine-cote-francais-6\/"},"author":{"name":"Bastien Pitte","@id":"https:\/\/dicodusport.fr\/blog\/#\/schema\/person\/0d3ca824646a2d0c77bdd7e45230c071"},"headline":"Le programme de la semaine c\u00f4t\u00e9 Fran\u00e7ais","datePublished":"2020-02-10T06:49:36+00:00","dateModified":"2020-02-10T07:18:33+00:00","mainEntityOfPage":{"@id":"https:\/\/dicodusport.fr\/blog\/tennis-le-programme-de-la-semaine-cote-francais-6\/"},"wordCount":354,"commentCount":0,"publisher":{"@id":"https:\/\/dicodusport.fr\/blog\/#organization"},"image":{"@id":"https:\/\/dicodusport.fr\/blog\/tennis-le-programme-de-la-semaine-cote-francais-6\/#primaryimage"},"thumbnailUrl":"https:\/\/dicodusport.fr\/blog\/wp-content\/uploads\/2020\/02\/Tennis-Le-programme-de-la-semaine-c\u00f4t\u00e9-Fran\u00e7ais-1.png","keywords":["ATP","Garcia","Mladenovic","monfils","Rotterdam","Simon","Tennis","wta"],"articleSection":["Tennis"],"inLanguage":"fr-FR","potentialAction":[{"@type":"CommentAction","name":"Comment","target":["https:\/\/dicodusport.fr\/blog\/tennis-le-programme-de-la-semaine-cote-francais-6\/#respond"]}],"copyrightYear":"2020","copyrightHolder":{"@id":"https:\/\/dicodusport.fr\/blog\/#organization"}},{"@type":"WebPage","@id":"https:\/\/dicodusport.fr\/blog\/tennis-le-programme-de-la-semaine-cote-francais-6\/","url":"https:\/\/dicodusport.fr\/blog\/tennis-le-programme-de-la-semaine-cote-francais-6\/","name":"Le programme de la semaine c\u00f4t\u00e9 Fran\u00e7ais","isPartOf":{"@id":"https:\/\/dicodusport.fr\/blog\/#website"},"primaryImageOfPage":{"@id":"https:\/\/dicodusport.fr\/blog\/tennis-le-programme-de-la-semaine-cote-francais-6\/#primaryimage"},"image":{"@id":"https:\/\/dicodusport.fr\/blog\/tennis-le-programme-de-la-semaine-cote-francais-6\/#primaryimage"},"thumbnailUrl":"https:\/\/dicodusport.fr\/blog\/wp-content\/uploads\/2020\/02\/Tennis-Le-programme-de-la-semaine-c\u00f4t\u00e9-Fran\u00e7ais-1.png","datePublished":"2020-02-10T06:49:36+00:00","dateModified":"2020-02-10T07:18:33+00:00","description":"Pour cette nouvelle semaine sur le circuit ATP et WTA, c\u2019est une semaine riche qui attend nos Fran\u00e7ais. Tour d\u2019horizon des principaux rendez-vous.","breadcrumb":{"@id":"https:\/\/dicodusport.fr\/blog\/tennis-le-programme-de-la-semaine-cote-francais-6\/#breadcrumb"},"inLanguage":"fr-FR","potentialAction":[{"@type":"ReadAction","target":["https:\/\/dicodusport.fr\/blog\/tennis-le-programme-de-la-semaine-cote-francais-6\/"]}]},{"@type":"ImageObject","inLanguage":"fr-FR","@id":"https:\/\/dicodusport.fr\/blog\/tennis-le-programme-de-la-semaine-cote-francais-6\/#primaryimage","url":"https:\/\/dicodusport.fr\/blog\/wp-content\/uploads\/2020\/02\/Tennis-Le-programme-de-la-semaine-c\u00f4t\u00e9-Fran\u00e7ais-1.png","contentUrl":"https:\/\/dicodusport.fr\/blog\/wp-content\/uploads\/2020\/02\/Tennis-Le-programme-de-la-semaine-c\u00f4t\u00e9-Fran\u00e7ais-1.png","width":800,"height":445,"caption":"Tennis - Le programme de la semaine c\u00f4t\u00e9 Fran\u00e7ais"},{"@type":"BreadcrumbList","@id":"https:\/\/dicodusport.fr\/blog\/tennis-le-programme-de-la-semaine-cote-francais-6\/#breadcrumb","itemListElement":[{"@type":"ListItem","position":1,"name":"Accueil","item":"https:\/\/dicodusport.fr\/blog\/"},{"@type":"ListItem","position":2,"name":"Le programme de la semaine c\u00f4t\u00e9 Fran\u00e7ais"}]},{"@type":"WebSite","@id":"https:\/\/dicodusport.fr\/blog\/#website","url":"https:\/\/dicodusport.fr\/blog\/","name":"Dicodusport","description":"L&#039;encyclop\u00e9die de l&#039;actualit\u00e9 sportive","publisher":{"@id":"https:\/\/dicodusport.fr\/blog\/#organization"},"potentialAction":[{"@type":"SearchAction","target":{"@type":"EntryPoint","urlTemplate":"https:\/\/dicodusport.fr\/blog\/?s={search_term_string}"},"query-input":{"@type":"PropertyValueSpecification","valueRequired":true,"valueName":"search_term_string"}}],"inLanguage":"fr-FR"},{"@type":"NewsMediaOrganization","@id":"https:\/\/dicodusport.fr\/blog\/#organization","name":"Dicodusport","url":"https:\/\/dicodusport.fr\/blog\/","logo":{"@type":"ImageObject","inLanguage":"fr-FR","@id":"https:\/\/dicodusport.fr\/blog\/#\/schema\/logo\/image\/","url":"https:\/\/dicodusport.fr\/blog\/wp-content\/uploads\/2020\/06\/cropped-LOGO-DICODUSPORT-2020-SANS-FOND-SANS-TEXTE.png","contentUrl":"https:\/\/dicodusport.fr\/blog\/wp-content\/uploads\/2020\/06\/cropped-LOGO-DICODUSPORT-2020-SANS-FOND-SANS-TEXTE.png","width":512,"height":512,"caption":"Dicodusport"},"image":{"@id":"https:\/\/dicodusport.fr\/blog\/#\/schema\/logo\/image\/"},"sameAs":["https:\/\/www.facebook.com\/dicodusport","https:\/\/x.com\/dicodusport","https:\/\/www.instagram.com\/dicodusport\/","https:\/\/www.youtube.com\/channel\/UC7V2KZ5sd3htJivAbA4ZG3w"],"description":"Dicodusport est l'encyclop\u00e9die de l'actualit\u00e9 sportive.","email":"bonjour@dicodusport.fr","legalName":"DICODUSPORT","foundingDate":"2018-01-14","vatID":"FR71834470973","taxID":"83447097300043","numberOfEmployees":{"@type":"QuantitativeValue","minValue":"1","maxValue":"10"}},{"@type":"Person","@id":"https:\/\/dicodusport.fr\/blog\/#\/schema\/person\/0d3ca824646a2d0c77bdd7e45230c071","name":"Bastien Pitte","image":{"@type":"ImageObject","inLanguage":"fr-FR","@id":"https:\/\/dicodusport.fr\/blog\/#\/schema\/person\/image\/","url":"https:\/\/dicodusport.fr\/blog\/wp-content\/uploads\/2020\/06\/cropped-LOGO-DICODUSPORT-2020-SANS-FOND-SANS-TEXTE-150x150.png","contentUrl":"https:\/\/dicodusport.fr\/blog\/wp-content\/uploads\/2020\/06\/cropped-LOGO-DICODUSPORT-2020-SANS-FOND-SANS-TEXTE-150x150.png","caption":"Bastien Pitte"},"url":"https:\/\/dicodusport.fr\/blog\/author\/bastien\/"}]}},"_links":{"self":[{"href":"https:\/\/dicodusport.fr\/blog\/wp-json\/wp\/v2\/posts\/59711","targetHints":{"allow":["GET"]}}],"collection":[{"href":"https:\/\/dicodusport.fr\/blog\/wp-json\/wp\/v2\/posts"}],"about":[{"href":"https:\/\/dicodusport.fr\/blog\/wp-json\/wp\/v2\/types\/post"}],"author":[{"embeddable":true,"href":"https:\/\/dicodusport.fr\/blog\/wp-json\/wp\/v2\/users\/28"}],"replies":[{"embeddable":true,"href":"https:\/\/dicodusport.fr\/blog\/wp-json\/wp\/v2\/comments?post=59711"}],"version-history":[{"count":0,"href":"https:\/\/dicodusport.fr\/blog\/wp-json\/wp\/v2\/posts\/59711\/revisions"}],"wp:featuredmedia":[{"embeddable":true,"href":"https:\/\/dicodusport.fr\/blog\/wp-json\/wp\/v2\/media\/59734"}],"wp:attachment":[{"href":"https:\/\/dicodusport.fr\/blog\/wp-json\/wp\/v2\/media?parent=59711"}],"wp:term":[{"taxonomy":"category","embeddable":true,"href":"https:\/\/dicodusport.fr\/blog\/wp-json\/wp\/v2\/categories?post=59711"},{"taxonomy":"post_tag","embeddable":true,"href":"https:\/\/dicodusport.fr\/blog\/wp-json\/wp\/v2\/tags?post=59711"}],"curies":[{"name":"wp","href":"https:\/\/api.w.org\/{rel}","templated":true}]}}