{"id":597118,"date":"2025-07-21T17:36:33","date_gmt":"2025-07-21T15:36:33","guid":{"rendered":"https:\/\/dicodusport.fr\/blog\/?p=597118&#038;preview=true&#038;preview_id=597118"},"modified":"2025-07-21T17:36:33","modified_gmt":"2025-07-21T15:36:33","slug":"tour-de-france-2025-les-coureurs-a-suivre-pour-une-derniere-semaine-sous-tension","status":"publish","type":"post","link":"https:\/\/dicodusport.fr\/blog\/tour-de-france-2025-les-coureurs-a-suivre-pour-une-derniere-semaine-sous-tension\/","title":{"rendered":"Tour de France 2025 : les coureurs \u00e0 suivre pour une derni\u00e8re semaine sous tension"},"content":{"rendered":"<p style=\"text-align: justify;\"><strong><em>Alors que le Tour de France 2025 entre dans sa derni\u00e8re ligne droite, les enjeux sont \u00e0 leur comble. La bataille pour le podium s\u2019annonce f\u00e9roce, tandis que les baroudeurs tenteront de tirer leur \u00e9pingle du jeu sur les six derniers jours de course, malgr\u00e9 Tadej Pogacar. Voici les principaux acteurs \u00e0 surveiller dans cette ultime semaine d\u00e9cisive.<\/em><\/strong><\/p>\n<ul>\n<li style=\"text-align: justify;\"><strong>\u00c0 ce sujet \u2013\u00a0<a href=\"https:\/\/dicodusport.fr\/blog\/classement-general-actualise-tour-de-france-2025\/\">Classement g\u00e9n\u00e9ral actualis\u00e9 Tour de France 2025<\/a><\/strong><\/li>\n<\/ul>\n<h2 style=\"text-align: justify;\">La lutte pour le podium : une lutte serr\u00e9e<\/h2>\n<p style=\"text-align: justify;\">En haut du classement g\u00e9n\u00e9ral, <a href=\"https:\/\/dicodusport.fr\/blog\/tag\/tadej-pogacar\/\"><strong>Tadej Poga\u010dar<\/strong><\/a> (UAE Team Emirates XRG) domine largement les d\u00e9bats, avec une avance confortable (4:13) sur son rival danois, <strong>Jonas Vingegaard<\/strong> (Visma Lease a Bike). Le Slov\u00e8ne, fort de quatre victoires sur cette Grande Boucle, aborde la derni\u00e8re semaine avec la pression d\u2019assurer sa position face \u00e0 <strong>Vingegaard<\/strong>, qui devra lui \u00e9viter toute d\u00e9faillance pour conserver sa deuxi\u00e8me place.<\/p>\n<p style=\"text-align: justify;\">Derri\u00e8re les deux <em>Fantastiques<\/em>, la bataille pour la troisi\u00e8me place s&rsquo;annonce passionnante. Apr\u00e8s <a href=\"https:\/\/dicodusport.fr\/blog\/tour-de-france-2025-abandon-de-remco-evenepoel-au-cours-de-la-14eme-etape\/\">l&rsquo;abandon de <strong>Remco Evenepoel<\/strong> (Soudal Quick-Step)<\/a>, le nouveau maillot blanc du Tour 2025, l&rsquo;Allemand <strong>Florian Lipowitz<\/strong> (Red Bull-Bora-Hansgrohe), part avec une longueur d&rsquo;avance. Il dispose d&rsquo;une avance de 1:25 sur le Britannique <strong>Oscar Onley<\/strong> (Picnic PostNL), 2:28 sur le Fran\u00e7ais <strong>K\u00e9vin Vauquelin<\/strong> (Ark\u00e9a-B&amp;B Hotels). Ce trio se jouera donc, en plus d&rsquo;une place sur la bo\u00eete \u00e0 Paris, le classement du meilleur jeune. <strong>Lipowitz<\/strong> devra garder un \u0153il sur son co\u00e9quipier slov\u00e8ne, <strong>Primoz Roglic<\/strong>, point\u00e9 \u00e0 2:41, et dont l&rsquo;exp\u00e9rience sur un Grand Tour n&rsquo;est plus \u00e0 prouver.<\/p>\n<div class=\"vlp-link-container vlp-layout-article\"><a href=\"https:\/\/dicodusport.fr\/blog\/maillot-blanc-tour-de-france-2025-classement-meilleur-jeune\/\" class=\"vlp-link\" title=\"Tour de France 2025 : Classement meilleur jeune mis \u00e0 jour (maillot blanc)\"><\/a><div class=\"vlp-layout-zone-side\"><div class=\"vlp-block-4 vlp-link-image\"><img loading=\"lazy\" decoding=\"async\" style=\"max-width: 792px;\" width=\"792\" height=\"445\" src=\"https:\/\/dicodusport.fr\/blog\/wp-content\/uploads\/2025\/07\/Maillot-blanc-Tour-de-France-2025-Classement-meilleur-jeune-actualise.png\" class=\"attachment-800x445 size-800x445\" alt=\"Maillot blanc Tour de France 2025 Classement meilleur jeune actualis\u00e9\" srcset=\"https:\/\/dicodusport.fr\/blog\/wp-content\/uploads\/2025\/07\/Maillot-blanc-Tour-de-France-2025-Classement-meilleur-jeune-actualise.png 1200w, https:\/\/dicodusport.fr\/blog\/wp-content\/uploads\/2025\/07\/Maillot-blanc-Tour-de-France-2025-Classement-meilleur-jeune-actualise-300x169.png 300w, https:\/\/dicodusport.fr\/blog\/wp-content\/uploads\/2025\/07\/Maillot-blanc-Tour-de-France-2025-Classement-meilleur-jeune-actualise-1024x575.png 1024w, https:\/\/dicodusport.fr\/blog\/wp-content\/uploads\/2025\/07\/Maillot-blanc-Tour-de-France-2025-Classement-meilleur-jeune-actualise-768x431.png 768w\" sizes=\"auto, (max-width: 792px) 100vw, 792px\" \/><\/div><\/div><div class=\"vlp-layout-zone-main\"><div class=\"vlp-block-0 vlp-link-title\">Tour de France 2025 : Classement meilleur jeune mis \u00e0 jour (maillot blanc)<\/div><div class=\"vlp-block-1 vlp-link-summary\">Retrouvez le classement du maillot blanc du Tour de France 2025, mis \u00e0 jour apr\u00e8s chaque \u00e9tape. D\u00e9couvrez quels sont les coureurs \u00e0 la lutte pour devenir le meilleur jeune du Tour 2025.<\/div><div class=\"vlp-block-2 vlp-link-button\">Lire l'article<\/div><div class=\"vlp-block-3 vlp-link-url\">dicodusport.fr<\/div><\/div><\/div>\n<h2 style=\"text-align: justify;\">Les baroudeurs : derniers espoirs de victoire d\u2019\u00e9tape<\/h2>\n<p style=\"text-align: justify;\">Si la victoire finale et la bataille pour le podium ne concerne que quelques coureurs, la derni\u00e8re semaine reste une formidable opportunit\u00e9 pour les baroudeurs de briller. Les \u00e9tapes de moyenne montagne et le <strong>Mont Ventoux<\/strong> offrent des terrains id\u00e9aux pour les audacieux.<\/p>\n<p style=\"text-align: justify;\">Parmi les coureurs \u00e0 surveiller, le Fran\u00e7ais <strong>Lenny Martinez<\/strong> (Bahrain Victorious) pourraient jouer un r\u00f4le cl\u00e9, en qu\u00eate du maillot \u00e0 pois ou d\u2019une victoire d\u2019\u00e9tape qui relancerait l\u2019enthousiasme tricolore sur cette Grande Boucle, <a href=\"https:\/\/dicodusport.fr\/blog\/plus-que-6-etapes-pour-lever-les-bras-la-france-peut-elle-eviter-le-zero-pointe-ce-tour-de-france-2025\/\">et \u00e9viter un troisi\u00e8me z\u00e9ro point\u00e9, apr\u00e8s 1926 et 1999<\/a>. Dans un registre plus polyvalent, <a href=\"https:\/\/dicodusport.fr\/blog\/tag\/julian-alaphilippe\/\"><strong>Julian Alaphilippe<\/strong><\/a> (Tudor Pro Cycling Team) et <strong>Mathieu van der Poel<\/strong> (Alpecin-Deceuninck) sont toujours capables de dynamiter la course gr\u00e2ce \u00e0 leur explosivit\u00e9 et leur capacit\u00e9 \u00e0 attaquer dans les moments-cl\u00e9s.<\/p>\n<div class=\"vlp-link-container vlp-layout-article\"><a href=\"https:\/\/dicodusport.fr\/blog\/tour-de-france-2025-lenny-martinez-peut-il-conserver-le-maillot-a-pois-jusqua-paris\/\" class=\"vlp-link\" title=\"Tour de France 2025 : Lenny Martinez peut-il conserver le maillot \u00e0 pois jusqu\u2019\u00e0 Paris ?\"><\/a><div class=\"vlp-layout-zone-side\"><div class=\"vlp-block-4 vlp-link-image\"><img loading=\"lazy\" decoding=\"async\" style=\"max-width: 792px;\" width=\"792\" height=\"445\" src=\"https:\/\/dicodusport.fr\/blog\/wp-content\/uploads\/2025\/07\/Tour-de-France-2025-Lenny-Martinez-peut-il-conserver-le-maillot-a-pois-jusqua-Paris-.png\" class=\"attachment-800x445 size-800x445\" alt=\"Tour de France 2025 Lenny Martinez peut-il conserver le maillot \u00e0 pois jusqu\u2019\u00e0 Paris\" srcset=\"https:\/\/dicodusport.fr\/blog\/wp-content\/uploads\/2025\/07\/Tour-de-France-2025-Lenny-Martinez-peut-il-conserver-le-maillot-a-pois-jusqua-Paris-.png 1200w, https:\/\/dicodusport.fr\/blog\/wp-content\/uploads\/2025\/07\/Tour-de-France-2025-Lenny-Martinez-peut-il-conserver-le-maillot-a-pois-jusqua-Paris--300x169.png 300w, https:\/\/dicodusport.fr\/blog\/wp-content\/uploads\/2025\/07\/Tour-de-France-2025-Lenny-Martinez-peut-il-conserver-le-maillot-a-pois-jusqua-Paris--1024x575.png 1024w, https:\/\/dicodusport.fr\/blog\/wp-content\/uploads\/2025\/07\/Tour-de-France-2025-Lenny-Martinez-peut-il-conserver-le-maillot-a-pois-jusqua-Paris--768x431.png 768w\" sizes=\"auto, (max-width: 792px) 100vw, 792px\" \/><\/div><\/div><div class=\"vlp-layout-zone-main\"><div class=\"vlp-block-0 vlp-link-title\">Tour de France 2025 : Lenny Martinez peut-il conserver le maillot \u00e0 pois jusqu\u2019\u00e0 Paris ?<\/div><div class=\"vlp-block-1 vlp-link-summary\">Venu pour les \u00e9tapes, Lenny Martinez (Bahrain Victorious) a d\u00e9sormais un autre objectif en ligne de mire : le maillot blanc \u00e0 pois rouges du meilleur grimpeur. Mais face \u00e0 l'ogre Tadej Pogacar, la bataille s'annonce rude.<\/div><div class=\"vlp-block-2 vlp-link-button\">Lire l'article<\/div><div class=\"vlp-block-3 vlp-link-url\">dicodusport.fr<\/div><\/div><\/div>\n<p style=\"text-align: justify;\">Le N\u00e9erlandais peut d&rsquo;ailleurs toujours esp\u00e9rer d\u00e9crocher le maillot vert du classement par points, avec un d\u00e9bours de seulement 41 points sur l&rsquo;Italien <strong>Jonathan Milan<\/strong> (Lidl-Trek). Ce sera l&rsquo;un des grands enjeux de cette derni\u00e8re semaine de course.<\/p>\n<ul>\n<li><a href=\"https:\/\/dicodusport.fr\/blog\/maillot-vert-tour-de-france-2025-classement-par-points\/\"><strong>Classement par points<\/strong><\/a><\/li>\n<li><a href=\"https:\/\/dicodusport.fr\/blog\/maillot-a-pois-tour-de-france-2025-classement-meilleur-grimpeur\/\"><strong>Classement meilleur grimpeur<\/strong><\/a><\/li>\n<\/ul>\n<h2 style=\"text-align: justify;\">Les Alpes avec un menu indigeste<\/h2>\n<p style=\"text-align: justify;\">Les jours de repos sont derri\u00e8re, et les coureurs du <strong>Tour de France 2025<\/strong> entrent dans ce que beaucoup appellent d\u00e9j\u00e0 la semaine de tous les dangers. Au programme : l\u2019ascension mythique du Mont Ventoux d\u00e8s ce mardi, puis une plong\u00e9e brutale dans les Alpes avec le <strong>Col de la Loze<\/strong>, <strong>La Plagne<\/strong> et les g\u00e9ants des Alpes que sont les <strong>Cols du Glandon<\/strong>, de l<strong>a Madeleine<\/strong> ainsi que le <strong>Cormet de Roselend<\/strong>. Trois arriv\u00e9es au sommet, des cols hors cat\u00e9gorie, des pentes vertigineuses et la fatigue intense des quasiment trois semaines de course : le cocktail parfait pour faire exploser les corps comme le classement g\u00e9n\u00e9ral, notamment dans la lutte pour le podium. \u00c0 ce stade de la course, chaque coup de p\u00e9dale co\u00fbte cher, chaque d\u00e9faillance peut \u00eatre fatale. Le Tour va se jouer l\u00e0, dans la souffrance.<\/p>\n<p style=\"text-align: justify;\">La derni\u00e8re semaine du <strong>Tour de France 2025<\/strong> s\u2019annonce palpitante, et ce, malgr\u00e9 l&rsquo;ultra-domination des Pogacar et sa bande. Entre la lutte serr\u00e9e pour le podium g\u00e9n\u00e9ral et les espoirs des baroudeurs pr\u00eats \u00e0 en d\u00e9coudre, il devrait y avoir du spectacle \u00e0 tous les \u00e9tages. Sans oublier le bouquet final, dimanche, avec le triple ascension de la rue Lepic et de la Butte-Montmartre. Bref, jusqu&rsquo;au dernier kilom\u00e8tre, cette \u00e9dition 2025 de la Grande Boucle sera sous tension.<\/p>\n<div class=\"vlp-link-container vlp-layout-article\"><a href=\"https:\/\/dicodusport.fr\/blog\/tour-de-france-2025-le-parcours-de-la-derniere-etape-a-paris-devoile\/\" class=\"vlp-link\" title=\"Tour de France 2025 : Le parcours de la derni\u00e8re \u00e9tape \u00e0 Paris d\u00e9voil\u00e9\"><\/a><div class=\"vlp-layout-zone-side\"><div class=\"vlp-block-4 vlp-link-image\"><img loading=\"lazy\" decoding=\"async\" style=\"max-width: 792px;\" width=\"792\" height=\"445\" src=\"https:\/\/dicodusport.fr\/blog\/wp-content\/uploads\/2025\/05\/Tour-de-France-2025-Le-parcours-de-la-derniere-etape-a-Paris-devoile-.png\" class=\"attachment-800x445 size-800x445\" alt=\"Tour de France 2025 Le parcours de la derni\u00e8re \u00e9tape \u00e0 Paris d\u00e9voil\u00e9 !\" srcset=\"https:\/\/dicodusport.fr\/blog\/wp-content\/uploads\/2025\/05\/Tour-de-France-2025-Le-parcours-de-la-derniere-etape-a-Paris-devoile-.png 1200w, https:\/\/dicodusport.fr\/blog\/wp-content\/uploads\/2025\/05\/Tour-de-France-2025-Le-parcours-de-la-derniere-etape-a-Paris-devoile--300x169.png 300w, https:\/\/dicodusport.fr\/blog\/wp-content\/uploads\/2025\/05\/Tour-de-France-2025-Le-parcours-de-la-derniere-etape-a-Paris-devoile--1024x575.png 1024w, https:\/\/dicodusport.fr\/blog\/wp-content\/uploads\/2025\/05\/Tour-de-France-2025-Le-parcours-de-la-derniere-etape-a-Paris-devoile--768x431.png 768w\" sizes=\"auto, (max-width: 792px) 100vw, 792px\" \/><\/div><\/div><div class=\"vlp-layout-zone-main\"><div class=\"vlp-block-0 vlp-link-title\">Tour de France 2025 : Le parcours de la derni\u00e8re \u00e9tape \u00e0 Paris d\u00e9voil\u00e9<\/div><div class=\"vlp-block-1 vlp-link-summary\">TOUR DE FRANCE 2025 - Elle est bien l\u00e0 ! La Butte Montmartre, haut lieu de l\u2019\u00e9preuve de cyclisme sur route lors des Jeux Olympiques de Paris 2024, fait son apparition sur le Tour de France. \u00c9voqu\u00e9e depuis plusieurs semaines, elle sera escalad\u00e9e \u00e0 trois reprises par les coureurs lors de la derni\u00e8re \u00e9tape, a annonc\u00e9 l\u2019organisation ce 21 mai.<\/div><div class=\"vlp-block-2 vlp-link-button\">Lire l'article<\/div><div class=\"vlp-block-3 vlp-link-url\">dicodusport.fr<\/div><\/div><\/div>\n","protected":false},"excerpt":{"rendered":"<p>Alors que le Tour de France 2025 entre dans sa derni\u00e8re ligne droite, les enjeux sont \u00e0 leur comble. Voici les principaux acteurs \u00e0 surveiller dans cette ultime semaine d\u00e9cisive.<\/p>\n","protected":false},"author":4,"featured_media":597122,"comment_status":"open","ping_status":"closed","sticky":false,"template":"","format":"standard","meta":{"_acf_changed":false,"_daextam_enable_autolinks":"1","footnotes":""},"categories":[46995],"tags":[32415,16878,1262],"class_list":["post-597118","post","type-post","status-publish","format-standard","has-post-thumbnail","hentry","category-tour-de-france","tag-actu","tag-breve","tag-tour-de-france"],"acf":[],"yoast_head":"<!-- This site is optimized with the Yoast SEO Premium plugin v26.7 (Yoast SEO v26.7) - https:\/\/yoast.com\/wordpress\/plugins\/seo\/ -->\n<title>Tour de France 2025 : les coureurs \u00e0 suivre pour une derni\u00e8re semaine sous tension<\/title>\n<meta name=\"description\" content=\"Alors que le Tour de France 2025 entre dans sa derni\u00e8re ligne droite, les enjeux sont \u00e0 leur comble. Voici les principaux acteurs \u00e0 surveiller dans cette ultime semaine d\u00e9cisive.\" \/>\n<meta name=\"robots\" content=\"index, follow, max-snippet:-1, max-image-preview:large, max-video-preview:-1\" \/>\n<link rel=\"canonical\" href=\"https:\/\/dicodusport.fr\/blog\/tour-de-france-2025-les-coureurs-a-suivre-pour-une-derniere-semaine-sous-tension\/\" \/>\n<meta property=\"og:locale\" content=\"fr_FR\" \/>\n<meta property=\"og:type\" content=\"article\" \/>\n<meta property=\"og:title\" content=\"Tour de France 2025 : les coureurs \u00e0 suivre pour une derni\u00e8re semaine sous tension\" \/>\n<meta property=\"og:description\" content=\"Alors que le Tour de France 2025 entre dans sa derni\u00e8re ligne droite, les enjeux sont \u00e0 leur comble. Voici les principaux acteurs \u00e0 surveiller dans cette ultime semaine d\u00e9cisive.\" \/>\n<meta property=\"og:url\" content=\"https:\/\/dicodusport.fr\/blog\/tour-de-france-2025-les-coureurs-a-suivre-pour-une-derniere-semaine-sous-tension\/\" \/>\n<meta property=\"og:site_name\" content=\"Dicodusport\" \/>\n<meta property=\"article:publisher\" content=\"https:\/\/www.facebook.com\/dicodusport\" \/>\n<meta property=\"article:author\" content=\"https:\/\/www.facebook.com\/florent.ostermann\" \/>\n<meta property=\"article:published_time\" content=\"2025-07-21T15:36:33+00:00\" \/>\n<meta property=\"og:image\" content=\"https:\/\/dicodusport.fr\/blog\/wp-content\/uploads\/2025\/07\/Tour-de-France-2025-les-coureurs-a-suivre-pour-une-derniere-semaine-sous-tension.png\" \/>\n\t<meta property=\"og:image:width\" content=\"1200\" \/>\n\t<meta property=\"og:image:height\" content=\"674\" \/>\n\t<meta property=\"og:image:type\" content=\"image\/png\" \/>\n<meta name=\"author\" content=\"Flo Ostermann\" \/>\n<meta name=\"twitter:card\" content=\"summary_large_image\" \/>\n<meta name=\"twitter:title\" content=\"Tour de France 2025 : les coureurs \u00e0 suivre pour une derni\u00e8re semaine sous tension\" \/>\n<meta name=\"twitter:creator\" content=\"@https:\/\/twitter.com\/FlOstermann\" \/>\n<meta name=\"twitter:site\" content=\"@dicodusport\" \/>\n<script type=\"application\/ld+json\" class=\"yoast-schema-graph\">{\"@context\":\"https:\/\/schema.org\",\"@graph\":[{\"@type\":\"NewsArticle\",\"@id\":\"https:\/\/dicodusport.fr\/blog\/tour-de-france-2025-les-coureurs-a-suivre-pour-une-derniere-semaine-sous-tension\/#article\",\"isPartOf\":{\"@id\":\"https:\/\/dicodusport.fr\/blog\/tour-de-france-2025-les-coureurs-a-suivre-pour-une-derniere-semaine-sous-tension\/\"},\"author\":{\"name\":\"Flo Ostermann\",\"@id\":\"https:\/\/dicodusport.fr\/blog\/#\/schema\/person\/cb02af4c173ce4a653b55e9baf388d4a\"},\"headline\":\"Tour de France 2025 : les coureurs \u00e0 suivre pour une derni\u00e8re semaine sous tension\",\"datePublished\":\"2025-07-21T15:36:33+00:00\",\"mainEntityOfPage\":{\"@id\":\"https:\/\/dicodusport.fr\/blog\/tour-de-france-2025-les-coureurs-a-suivre-pour-une-derniere-semaine-sous-tension\/\"},\"wordCount\":967,\"commentCount\":0,\"publisher\":{\"@id\":\"https:\/\/dicodusport.fr\/blog\/#organization\"},\"image\":{\"@id\":\"https:\/\/dicodusport.fr\/blog\/tour-de-france-2025-les-coureurs-a-suivre-pour-une-derniere-semaine-sous-tension\/#primaryimage\"},\"thumbnailUrl\":\"https:\/\/dicodusport.fr\/blog\/wp-content\/uploads\/2025\/07\/Tour-de-France-2025-les-coureurs-a-suivre-pour-une-derniere-semaine-sous-tension.png\",\"keywords\":[\"actu\",\"br\u00e8ve\",\"Tour de France\"],\"articleSection\":[\"Tour de France\"],\"inLanguage\":\"fr-FR\",\"potentialAction\":[{\"@type\":\"CommentAction\",\"name\":\"Comment\",\"target\":[\"https:\/\/dicodusport.fr\/blog\/tour-de-france-2025-les-coureurs-a-suivre-pour-une-derniere-semaine-sous-tension\/#respond\"]}],\"copyrightYear\":\"2025\",\"copyrightHolder\":{\"@id\":\"https:\/\/dicodusport.fr\/blog\/#organization\"}},{\"@type\":\"WebPage\",\"@id\":\"https:\/\/dicodusport.fr\/blog\/tour-de-france-2025-les-coureurs-a-suivre-pour-une-derniere-semaine-sous-tension\/\",\"url\":\"https:\/\/dicodusport.fr\/blog\/tour-de-france-2025-les-coureurs-a-suivre-pour-une-derniere-semaine-sous-tension\/\",\"name\":\"Tour de France 2025 : les coureurs \u00e0 suivre pour une derni\u00e8re semaine sous tension\",\"isPartOf\":{\"@id\":\"https:\/\/dicodusport.fr\/blog\/#website\"},\"primaryImageOfPage\":{\"@id\":\"https:\/\/dicodusport.fr\/blog\/tour-de-france-2025-les-coureurs-a-suivre-pour-une-derniere-semaine-sous-tension\/#primaryimage\"},\"image\":{\"@id\":\"https:\/\/dicodusport.fr\/blog\/tour-de-france-2025-les-coureurs-a-suivre-pour-une-derniere-semaine-sous-tension\/#primaryimage\"},\"thumbnailUrl\":\"https:\/\/dicodusport.fr\/blog\/wp-content\/uploads\/2025\/07\/Tour-de-France-2025-les-coureurs-a-suivre-pour-une-derniere-semaine-sous-tension.png\",\"datePublished\":\"2025-07-21T15:36:33+00:00\",\"description\":\"Alors que le Tour de France 2025 entre dans sa derni\u00e8re ligne droite, les enjeux sont \u00e0 leur comble. Voici les principaux acteurs \u00e0 surveiller dans cette ultime semaine d\u00e9cisive.\",\"breadcrumb\":{\"@id\":\"https:\/\/dicodusport.fr\/blog\/tour-de-france-2025-les-coureurs-a-suivre-pour-une-derniere-semaine-sous-tension\/#breadcrumb\"},\"inLanguage\":\"fr-FR\",\"potentialAction\":[{\"@type\":\"ReadAction\",\"target\":[\"https:\/\/dicodusport.fr\/blog\/tour-de-france-2025-les-coureurs-a-suivre-pour-une-derniere-semaine-sous-tension\/\"]}]},{\"@type\":\"ImageObject\",\"inLanguage\":\"fr-FR\",\"@id\":\"https:\/\/dicodusport.fr\/blog\/tour-de-france-2025-les-coureurs-a-suivre-pour-une-derniere-semaine-sous-tension\/#primaryimage\",\"url\":\"https:\/\/dicodusport.fr\/blog\/wp-content\/uploads\/2025\/07\/Tour-de-France-2025-les-coureurs-a-suivre-pour-une-derniere-semaine-sous-tension.png\",\"contentUrl\":\"https:\/\/dicodusport.fr\/blog\/wp-content\/uploads\/2025\/07\/Tour-de-France-2025-les-coureurs-a-suivre-pour-une-derniere-semaine-sous-tension.png\",\"width\":1200,\"height\":674,\"caption\":\"Tour de France 2025 les coureurs \u00e0 suivre pour une derni\u00e8re semaine sous tension\"},{\"@type\":\"BreadcrumbList\",\"@id\":\"https:\/\/dicodusport.fr\/blog\/tour-de-france-2025-les-coureurs-a-suivre-pour-une-derniere-semaine-sous-tension\/#breadcrumb\",\"itemListElement\":[{\"@type\":\"ListItem\",\"position\":1,\"name\":\"Accueil\",\"item\":\"https:\/\/dicodusport.fr\/blog\/\"},{\"@type\":\"ListItem\",\"position\":2,\"name\":\"Tour de France 2025 : les coureurs \u00e0 suivre pour une derni\u00e8re semaine sous tension\"}]},{\"@type\":\"WebSite\",\"@id\":\"https:\/\/dicodusport.fr\/blog\/#website\",\"url\":\"https:\/\/dicodusport.fr\/blog\/\",\"name\":\"Dicodusport\",\"description\":\"L&#039;encyclop\u00e9die de l&#039;actualit\u00e9 sportive\",\"publisher\":{\"@id\":\"https:\/\/dicodusport.fr\/blog\/#organization\"},\"potentialAction\":[{\"@type\":\"SearchAction\",\"target\":{\"@type\":\"EntryPoint\",\"urlTemplate\":\"https:\/\/dicodusport.fr\/blog\/?s={search_term_string}\"},\"query-input\":{\"@type\":\"PropertyValueSpecification\",\"valueRequired\":true,\"valueName\":\"search_term_string\"}}],\"inLanguage\":\"fr-FR\"},{\"@type\":\"NewsMediaOrganization\",\"@id\":\"https:\/\/dicodusport.fr\/blog\/#organization\",\"name\":\"Dicodusport\",\"url\":\"https:\/\/dicodusport.fr\/blog\/\",\"logo\":{\"@type\":\"ImageObject\",\"inLanguage\":\"fr-FR\",\"@id\":\"https:\/\/dicodusport.fr\/blog\/#\/schema\/logo\/image\/\",\"url\":\"https:\/\/dicodusport.fr\/blog\/wp-content\/uploads\/2020\/06\/cropped-LOGO-DICODUSPORT-2020-SANS-FOND-SANS-TEXTE.png\",\"contentUrl\":\"https:\/\/dicodusport.fr\/blog\/wp-content\/uploads\/2020\/06\/cropped-LOGO-DICODUSPORT-2020-SANS-FOND-SANS-TEXTE.png\",\"width\":512,\"height\":512,\"caption\":\"Dicodusport\"},\"image\":{\"@id\":\"https:\/\/dicodusport.fr\/blog\/#\/schema\/logo\/image\/\"},\"sameAs\":[\"https:\/\/www.facebook.com\/dicodusport\",\"https:\/\/x.com\/dicodusport\",\"https:\/\/www.instagram.com\/dicodusport\/\",\"https:\/\/www.youtube.com\/channel\/UC7V2KZ5sd3htJivAbA4ZG3w\"],\"description\":\"Dicodusport est l'encyclop\u00e9die de l'actualit\u00e9 sportive.\",\"email\":\"bonjour@dicodusport.fr\",\"legalName\":\"DICODUSPORT\",\"foundingDate\":\"2018-01-14\",\"vatID\":\"FR71834470973\",\"taxID\":\"83447097300043\",\"numberOfEmployees\":{\"@type\":\"QuantitativeValue\",\"minValue\":\"1\",\"maxValue\":\"10\"}},{\"@type\":\"Person\",\"@id\":\"https:\/\/dicodusport.fr\/blog\/#\/schema\/person\/cb02af4c173ce4a653b55e9baf388d4a\",\"name\":\"Flo Ostermann\",\"image\":{\"@type\":\"ImageObject\",\"inLanguage\":\"fr-FR\",\"@id\":\"https:\/\/dicodusport.fr\/blog\/#\/schema\/person\/image\/\",\"url\":\"https:\/\/dicodusport.fr\/blog\/wp-content\/uploads\/2021\/05\/Flo-Ostermann-150x150.jpg\",\"contentUrl\":\"https:\/\/dicodusport.fr\/blog\/wp-content\/uploads\/2021\/05\/Flo-Ostermann-150x150.jpg\",\"caption\":\"Flo Ostermann\"},\"description\":\"Journaliste\/R\u00e9dacteur depuis septembre 2015 - Mes premiers souvenirs dans le sport ? Les envol\u00e9es du Stade Toulousain et les duels Villeneuve-Schumacher et H\u00e4kkinen-Schumacher \u00e0 la fin des ann\u00e9es 90, la Coupe du monde de football en 1998, l\u2019exploit du XV de France face aux All Blacks en 1999, mais aussi Richard C\u0153ur de Lion qui vole sur les montagnes du Tour de France. Bien parti pour devenir professeur d\u2019EPS, les \u00e9v\u00e9nements de la vie (et la flemme d\u2019animer des s\u00e9ances de 3x500 m\u00e8tres toute ma vie) m\u2019ont conduit \u00e0 revoir mes plans. Me voil\u00e0 depuis fin 2017 sur Dicodusport, m\u00e9dia gr\u00e2ce (et pour) lequel je partage ma passion : le sport dans tous ses \u00e9tats. Le tout accompagn\u00e9 par les fous furieux et folles furieuses cit\u00e9s sur cette page !\",\"sameAs\":[\"https:\/\/www.facebook.com\/florent.ostermann\",\"https:\/\/x.com\/https:\/\/twitter.com\/FlOstermann\",\"admin\"],\"url\":\"https:\/\/dicodusport.fr\/blog\/author\/flo\/\"}]}<\/script>\n<!-- \/ Yoast SEO Premium plugin. -->","yoast_head_json":{"title":"Tour de France 2025 : les coureurs \u00e0 suivre pour une derni\u00e8re semaine sous tension","description":"Alors que le Tour de France 2025 entre dans sa derni\u00e8re ligne droite, les enjeux sont \u00e0 leur comble. Voici les principaux acteurs \u00e0 surveiller dans cette ultime semaine d\u00e9cisive.","robots":{"index":"index","follow":"follow","max-snippet":"max-snippet:-1","max-image-preview":"max-image-preview:large","max-video-preview":"max-video-preview:-1"},"canonical":"https:\/\/dicodusport.fr\/blog\/tour-de-france-2025-les-coureurs-a-suivre-pour-une-derniere-semaine-sous-tension\/","og_locale":"fr_FR","og_type":"article","og_title":"Tour de France 2025 : les coureurs \u00e0 suivre pour une derni\u00e8re semaine sous tension","og_description":"Alors que le Tour de France 2025 entre dans sa derni\u00e8re ligne droite, les enjeux sont \u00e0 leur comble. Voici les principaux acteurs \u00e0 surveiller dans cette ultime semaine d\u00e9cisive.","og_url":"https:\/\/dicodusport.fr\/blog\/tour-de-france-2025-les-coureurs-a-suivre-pour-une-derniere-semaine-sous-tension\/","og_site_name":"Dicodusport","article_publisher":"https:\/\/www.facebook.com\/dicodusport","article_author":"https:\/\/www.facebook.com\/florent.ostermann","article_published_time":"2025-07-21T15:36:33+00:00","og_image":[{"width":1200,"height":674,"url":"https:\/\/dicodusport.fr\/blog\/wp-content\/uploads\/2025\/07\/Tour-de-France-2025-les-coureurs-a-suivre-pour-une-derniere-semaine-sous-tension.png","type":"image\/png"}],"author":"Flo Ostermann","twitter_card":"summary_large_image","twitter_title":"Tour de France 2025 : les coureurs \u00e0 suivre pour une derni\u00e8re semaine sous tension","twitter_creator":"@https:\/\/twitter.com\/FlOstermann","twitter_site":"@dicodusport","schema":{"@context":"https:\/\/schema.org","@graph":[{"@type":"NewsArticle","@id":"https:\/\/dicodusport.fr\/blog\/tour-de-france-2025-les-coureurs-a-suivre-pour-une-derniere-semaine-sous-tension\/#article","isPartOf":{"@id":"https:\/\/dicodusport.fr\/blog\/tour-de-france-2025-les-coureurs-a-suivre-pour-une-derniere-semaine-sous-tension\/"},"author":{"name":"Flo Ostermann","@id":"https:\/\/dicodusport.fr\/blog\/#\/schema\/person\/cb02af4c173ce4a653b55e9baf388d4a"},"headline":"Tour de France 2025 : les coureurs \u00e0 suivre pour une derni\u00e8re semaine sous tension","datePublished":"2025-07-21T15:36:33+00:00","mainEntityOfPage":{"@id":"https:\/\/dicodusport.fr\/blog\/tour-de-france-2025-les-coureurs-a-suivre-pour-une-derniere-semaine-sous-tension\/"},"wordCount":967,"commentCount":0,"publisher":{"@id":"https:\/\/dicodusport.fr\/blog\/#organization"},"image":{"@id":"https:\/\/dicodusport.fr\/blog\/tour-de-france-2025-les-coureurs-a-suivre-pour-une-derniere-semaine-sous-tension\/#primaryimage"},"thumbnailUrl":"https:\/\/dicodusport.fr\/blog\/wp-content\/uploads\/2025\/07\/Tour-de-France-2025-les-coureurs-a-suivre-pour-une-derniere-semaine-sous-tension.png","keywords":["actu","br\u00e8ve","Tour de France"],"articleSection":["Tour de France"],"inLanguage":"fr-FR","potentialAction":[{"@type":"CommentAction","name":"Comment","target":["https:\/\/dicodusport.fr\/blog\/tour-de-france-2025-les-coureurs-a-suivre-pour-une-derniere-semaine-sous-tension\/#respond"]}],"copyrightYear":"2025","copyrightHolder":{"@id":"https:\/\/dicodusport.fr\/blog\/#organization"}},{"@type":"WebPage","@id":"https:\/\/dicodusport.fr\/blog\/tour-de-france-2025-les-coureurs-a-suivre-pour-une-derniere-semaine-sous-tension\/","url":"https:\/\/dicodusport.fr\/blog\/tour-de-france-2025-les-coureurs-a-suivre-pour-une-derniere-semaine-sous-tension\/","name":"Tour de France 2025 : les coureurs \u00e0 suivre pour une derni\u00e8re semaine sous tension","isPartOf":{"@id":"https:\/\/dicodusport.fr\/blog\/#website"},"primaryImageOfPage":{"@id":"https:\/\/dicodusport.fr\/blog\/tour-de-france-2025-les-coureurs-a-suivre-pour-une-derniere-semaine-sous-tension\/#primaryimage"},"image":{"@id":"https:\/\/dicodusport.fr\/blog\/tour-de-france-2025-les-coureurs-a-suivre-pour-une-derniere-semaine-sous-tension\/#primaryimage"},"thumbnailUrl":"https:\/\/dicodusport.fr\/blog\/wp-content\/uploads\/2025\/07\/Tour-de-France-2025-les-coureurs-a-suivre-pour-une-derniere-semaine-sous-tension.png","datePublished":"2025-07-21T15:36:33+00:00","description":"Alors que le Tour de France 2025 entre dans sa derni\u00e8re ligne droite, les enjeux sont \u00e0 leur comble. Voici les principaux acteurs \u00e0 surveiller dans cette ultime semaine d\u00e9cisive.","breadcrumb":{"@id":"https:\/\/dicodusport.fr\/blog\/tour-de-france-2025-les-coureurs-a-suivre-pour-une-derniere-semaine-sous-tension\/#breadcrumb"},"inLanguage":"fr-FR","potentialAction":[{"@type":"ReadAction","target":["https:\/\/dicodusport.fr\/blog\/tour-de-france-2025-les-coureurs-a-suivre-pour-une-derniere-semaine-sous-tension\/"]}]},{"@type":"ImageObject","inLanguage":"fr-FR","@id":"https:\/\/dicodusport.fr\/blog\/tour-de-france-2025-les-coureurs-a-suivre-pour-une-derniere-semaine-sous-tension\/#primaryimage","url":"https:\/\/dicodusport.fr\/blog\/wp-content\/uploads\/2025\/07\/Tour-de-France-2025-les-coureurs-a-suivre-pour-une-derniere-semaine-sous-tension.png","contentUrl":"https:\/\/dicodusport.fr\/blog\/wp-content\/uploads\/2025\/07\/Tour-de-France-2025-les-coureurs-a-suivre-pour-une-derniere-semaine-sous-tension.png","width":1200,"height":674,"caption":"Tour de France 2025 les coureurs \u00e0 suivre pour une derni\u00e8re semaine sous tension"},{"@type":"BreadcrumbList","@id":"https:\/\/dicodusport.fr\/blog\/tour-de-france-2025-les-coureurs-a-suivre-pour-une-derniere-semaine-sous-tension\/#breadcrumb","itemListElement":[{"@type":"ListItem","position":1,"name":"Accueil","item":"https:\/\/dicodusport.fr\/blog\/"},{"@type":"ListItem","position":2,"name":"Tour de France 2025 : les coureurs \u00e0 suivre pour une derni\u00e8re semaine sous tension"}]},{"@type":"WebSite","@id":"https:\/\/dicodusport.fr\/blog\/#website","url":"https:\/\/dicodusport.fr\/blog\/","name":"Dicodusport","description":"L&#039;encyclop\u00e9die de l&#039;actualit\u00e9 sportive","publisher":{"@id":"https:\/\/dicodusport.fr\/blog\/#organization"},"potentialAction":[{"@type":"SearchAction","target":{"@type":"EntryPoint","urlTemplate":"https:\/\/dicodusport.fr\/blog\/?s={search_term_string}"},"query-input":{"@type":"PropertyValueSpecification","valueRequired":true,"valueName":"search_term_string"}}],"inLanguage":"fr-FR"},{"@type":"NewsMediaOrganization","@id":"https:\/\/dicodusport.fr\/blog\/#organization","name":"Dicodusport","url":"https:\/\/dicodusport.fr\/blog\/","logo":{"@type":"ImageObject","inLanguage":"fr-FR","@id":"https:\/\/dicodusport.fr\/blog\/#\/schema\/logo\/image\/","url":"https:\/\/dicodusport.fr\/blog\/wp-content\/uploads\/2020\/06\/cropped-LOGO-DICODUSPORT-2020-SANS-FOND-SANS-TEXTE.png","contentUrl":"https:\/\/dicodusport.fr\/blog\/wp-content\/uploads\/2020\/06\/cropped-LOGO-DICODUSPORT-2020-SANS-FOND-SANS-TEXTE.png","width":512,"height":512,"caption":"Dicodusport"},"image":{"@id":"https:\/\/dicodusport.fr\/blog\/#\/schema\/logo\/image\/"},"sameAs":["https:\/\/www.facebook.com\/dicodusport","https:\/\/x.com\/dicodusport","https:\/\/www.instagram.com\/dicodusport\/","https:\/\/www.youtube.com\/channel\/UC7V2KZ5sd3htJivAbA4ZG3w"],"description":"Dicodusport est l'encyclop\u00e9die de l'actualit\u00e9 sportive.","email":"bonjour@dicodusport.fr","legalName":"DICODUSPORT","foundingDate":"2018-01-14","vatID":"FR71834470973","taxID":"83447097300043","numberOfEmployees":{"@type":"QuantitativeValue","minValue":"1","maxValue":"10"}},{"@type":"Person","@id":"https:\/\/dicodusport.fr\/blog\/#\/schema\/person\/cb02af4c173ce4a653b55e9baf388d4a","name":"Flo Ostermann","image":{"@type":"ImageObject","inLanguage":"fr-FR","@id":"https:\/\/dicodusport.fr\/blog\/#\/schema\/person\/image\/","url":"https:\/\/dicodusport.fr\/blog\/wp-content\/uploads\/2021\/05\/Flo-Ostermann-150x150.jpg","contentUrl":"https:\/\/dicodusport.fr\/blog\/wp-content\/uploads\/2021\/05\/Flo-Ostermann-150x150.jpg","caption":"Flo Ostermann"},"description":"Journaliste\/R\u00e9dacteur depuis septembre 2015 - Mes premiers souvenirs dans le sport ? Les envol\u00e9es du Stade Toulousain et les duels Villeneuve-Schumacher et H\u00e4kkinen-Schumacher \u00e0 la fin des ann\u00e9es 90, la Coupe du monde de football en 1998, l\u2019exploit du XV de France face aux All Blacks en 1999, mais aussi Richard C\u0153ur de Lion qui vole sur les montagnes du Tour de France. Bien parti pour devenir professeur d\u2019EPS, les \u00e9v\u00e9nements de la vie (et la flemme d\u2019animer des s\u00e9ances de 3x500 m\u00e8tres toute ma vie) m\u2019ont conduit \u00e0 revoir mes plans. Me voil\u00e0 depuis fin 2017 sur Dicodusport, m\u00e9dia gr\u00e2ce (et pour) lequel je partage ma passion : le sport dans tous ses \u00e9tats. Le tout accompagn\u00e9 par les fous furieux et folles furieuses cit\u00e9s sur cette page !","sameAs":["https:\/\/www.facebook.com\/florent.ostermann","https:\/\/x.com\/https:\/\/twitter.com\/FlOstermann","admin"],"url":"https:\/\/dicodusport.fr\/blog\/author\/flo\/"}]}},"_links":{"self":[{"href":"https:\/\/dicodusport.fr\/blog\/wp-json\/wp\/v2\/posts\/597118","targetHints":{"allow":["GET"]}}],"collection":[{"href":"https:\/\/dicodusport.fr\/blog\/wp-json\/wp\/v2\/posts"}],"about":[{"href":"https:\/\/dicodusport.fr\/blog\/wp-json\/wp\/v2\/types\/post"}],"author":[{"embeddable":true,"href":"https:\/\/dicodusport.fr\/blog\/wp-json\/wp\/v2\/users\/4"}],"replies":[{"embeddable":true,"href":"https:\/\/dicodusport.fr\/blog\/wp-json\/wp\/v2\/comments?post=597118"}],"version-history":[{"count":2,"href":"https:\/\/dicodusport.fr\/blog\/wp-json\/wp\/v2\/posts\/597118\/revisions"}],"predecessor-version":[{"id":597123,"href":"https:\/\/dicodusport.fr\/blog\/wp-json\/wp\/v2\/posts\/597118\/revisions\/597123"}],"wp:featuredmedia":[{"embeddable":true,"href":"https:\/\/dicodusport.fr\/blog\/wp-json\/wp\/v2\/media\/597122"}],"wp:attachment":[{"href":"https:\/\/dicodusport.fr\/blog\/wp-json\/wp\/v2\/media?parent=597118"}],"wp:term":[{"taxonomy":"category","embeddable":true,"href":"https:\/\/dicodusport.fr\/blog\/wp-json\/wp\/v2\/categories?post=597118"},{"taxonomy":"post_tag","embeddable":true,"href":"https:\/\/dicodusport.fr\/blog\/wp-json\/wp\/v2\/tags?post=597118"}],"curies":[{"name":"wp","href":"https:\/\/api.w.org\/{rel}","templated":true}]}}