{"id":597236,"date":"2025-07-22T16:46:42","date_gmt":"2025-07-22T14:46:42","guid":{"rendered":"https:\/\/dicodusport.fr\/blog\/?p=597236&#038;preview=true&#038;preview_id=597236"},"modified":"2025-07-22T18:09:49","modified_gmt":"2025-07-22T16:09:49","slug":"16eme-etape-tour-de-france-2025-valentin-paret-peintre-signe-un-chef-doeuvre-au-sommet-du-ventoux","status":"publish","type":"post","link":"https:\/\/dicodusport.fr\/blog\/16eme-etape-tour-de-france-2025-valentin-paret-peintre-signe-un-chef-doeuvre-au-sommet-du-ventoux\/","title":{"rendered":"16\u00e8me \u00e9tape Tour de France 2025 : Valentin Paret-Peintre signe un chef-d&rsquo;\u0153uvre au sommet du Ventoux !"},"content":{"rendered":"<p style=\"text-align: justify;\"><strong><em>TOUR DE FRANCE 2025 &#8211; Au terme d&rsquo;une \u00e9tape ultra-rapide, Valentin Paret-Peintre (Soudal Quick-Step) a d\u00e9jou\u00e9 les pronostics et r\u00e9sist\u00e9 au retour des leaders pour s&rsquo;imposer au sommet du Mont Ventoux. La victoire s&rsquo;est jou\u00e9e dans le dernier kilom\u00e8tre avec les rescap\u00e9s de l&rsquo;\u00e9chapp\u00e9e du jour.<\/em><\/strong><\/p>\n<ul style=\"text-align: justify;\">\n<li style=\"text-align: justify;\"><strong>\u00c0 ce sujet &#8211; <a href=\"https:\/\/dicodusport.fr\/blog\/classement-general-actualise-tour-de-france-2025\/\">Classement g\u00e9n\u00e9ral actualis\u00e9 Tour de France 2025<\/a><\/strong><\/li>\n<li style=\"text-align: justify;\"><strong>\u00c0 ce sujet &#8211; <a href=\"https:\/\/dicodusport.fr\/blog\/16eme-etape-tour-de-france-2025-classement-et-resultats\/\">Classement de la 16\u00e8me \u00e9tape du Tour de France 2025<\/a><\/strong><\/li>\n<\/ul>\n<h2 style=\"text-align: justify;\">D\u00e9but d&rsquo;\u00e9tape supersonique<\/h2>\n<p style=\"text-align: justify;\">Il y avait une petite incertitude ce matin quant au sc\u00e9nario de cette seizi\u00e8me \u00e9tape. \u00c0 premi\u00e8re vue, il semblait \u00e9vident que les favoris, <strong>Tadej Poga\u010dar<\/strong> (UAE Team Emirates &#8211; XRG) en premier lieu, allaient se disputer la gagne. Pourtant, les arriv\u00e9es au Mont Ventoux sourient souvent aux audacieux puisque trois des quatre derni\u00e8res \u00e9tapes s&rsquo;\u00e9tant achev\u00e9es au sommet du <em>G\u00e9ant de Provence<\/em> ont \u00e9t\u00e9 remport\u00e9es par des baroudeurs ayant anticip\u00e9 la mont\u00e9e finale. Ainsi, comme souvent sur ce Tour, la lutte pour l&rsquo;\u00e9chapp\u00e9e a fait rage au sein du peloton. Il a ainsi fallu plus de 50 km pour que les grosses formations se r\u00e9solvent \u00e0 finalement laisser le champ libre \u00e0 un trio compos\u00e9 de <strong>Marc Hirschi, Marco Haller<\/strong> (Tudor Pro Cycling) et <strong>Xandro Meurisse<\/strong> (Alpecin &#8211; Deceuninck).<\/p>\n<p style=\"text-align: justify;\">C&rsquo;\u00e9tait pourtant sans compter sur les autres formations non repr\u00e9sent\u00e9es. Alors que l&rsquo;\u00e9cart approchait des deux minutes, la relance du peloton a finalement eu raison des trois attaquants finalement repris \u00e0 100 kilom\u00e8tres du but. Un groupe de trente-sept a finalement pris le large, ayant fini par avoir \u00e0 l&rsquo;usure le roule-toujours <strong>Nils Politt<\/strong> qui contr\u00f4lait depuis le d\u00e9but de la course pour son leader <strong>Tadej Poga\u010dar<\/strong>. La collaboration ne pouvant pleinement fonctionner \u00e0 trente-cinq, un groupe de sept a de fait d\u00e9cid\u00e9 de s&rsquo;isoler \u00e0 l&rsquo;avant peu avant le sprint interm\u00e9diaire. Parmi eux, on retrouvait notamment <strong>Thymen Arensman<\/strong> (INEOS Grenadiers) <a href=\"https:\/\/dicodusport.fr\/blog\/14eme-etape-tour-de-france-2025-succes-de-prestige-pour-thymen-arensman-a-superbagneres-pogacar-en-gestion\/\">vainqueur sur la 14\u00e8me \u00e9tape<\/a>, <strong>Enric Mas<\/strong> (Movistar), <strong>Jonas Abrahamsen<\/strong> (Uno-X Mobility) ou encore <strong>Julian Alaphilippe<\/strong> (Tudor Pro Cycling).<\/p>\n<div class=\"vlp-link-container vlp-layout-article\"><a href=\"https:\/\/dicodusport.fr\/blog\/16eme-etape-tour-de-france-2025-valentin-paret-peintre-signe-un-chef-doeuvre-au-sommet-du-ventoux\/\" class=\"vlp-link\" title=\"16\u00e8me \u00e9tape Tour de France 2025 : Valentin Paret-Peintre signe un chef-d&#039;\u0153uvre au sommet du Ventoux !\"><\/a><div class=\"vlp-layout-zone-side\"><div class=\"vlp-block-4 vlp-link-image\"><img loading=\"lazy\" decoding=\"async\" style=\"max-width: 792px;\" width=\"792\" height=\"445\" src=\"https:\/\/dicodusport.fr\/blog\/wp-content\/uploads\/2025\/07\/16eme-etape-Tour-de-France-2025-Valentin-Paret-Peintre-signe-un-chef-doeuvre-au-sommet-du-Ventoux-1-1.png\" class=\"attachment-800x445 size-800x445\" alt=\"16\u00e8me \u00e9tape Tour de France 2025 Valentin Paret-Peintre signe un chef-d&#039;\u0153uvre au sommet du Ventoux !\" srcset=\"https:\/\/dicodusport.fr\/blog\/wp-content\/uploads\/2025\/07\/16eme-etape-Tour-de-France-2025-Valentin-Paret-Peintre-signe-un-chef-doeuvre-au-sommet-du-Ventoux-1-1.png 1200w, https:\/\/dicodusport.fr\/blog\/wp-content\/uploads\/2025\/07\/16eme-etape-Tour-de-France-2025-Valentin-Paret-Peintre-signe-un-chef-doeuvre-au-sommet-du-Ventoux-1-1-300x169.png 300w, https:\/\/dicodusport.fr\/blog\/wp-content\/uploads\/2025\/07\/16eme-etape-Tour-de-France-2025-Valentin-Paret-Peintre-signe-un-chef-doeuvre-au-sommet-du-Ventoux-1-1-1024x575.png 1024w, https:\/\/dicodusport.fr\/blog\/wp-content\/uploads\/2025\/07\/16eme-etape-Tour-de-France-2025-Valentin-Paret-Peintre-signe-un-chef-doeuvre-au-sommet-du-Ventoux-1-1-768x431.png 768w\" sizes=\"auto, (max-width: 792px) 100vw, 792px\" \/><\/div><\/div><div class=\"vlp-layout-zone-main\"><div class=\"vlp-block-0 vlp-link-title\">16\u00e8me \u00e9tape Tour de France 2025 : Valentin Paret-Peintre signe un chef-d'\u0153uvre au sommet du Ventoux !<\/div><div class=\"vlp-block-1 vlp-link-summary\">TOUR DE FRANCE 2025 - Au terme d'une \u00e9tape ultra-rapide, Valentin Paret-Peintre (Soudal QuickStep) a d\u00e9jou\u00e9 les pronostics et r\u00e9sist\u00e9 au retour des leaders pour s'imposer au sommet du Mont Ventoux.<\/div><div class=\"vlp-block-2 vlp-link-button\">Lire l'article<\/div><div class=\"vlp-block-3 vlp-link-url\">dicodusport.fr<\/div><\/div><\/div>\n<h2 style=\"text-align: justify;\">Une explication m\u00e9morable sur les pentes du Ventoux !<\/h2>\n<p style=\"text-align: justify;\">Finalement, ils n&rsquo;\u00e9taient plus que cinq sur les premiers contreforts du Mont chauve,<strong> Fred Wright<\/strong> (Bahrain Victorious) \u00e9tant contraint de c\u00e9der sur crevaison, de m\u00eame que <strong>Matteo Trentin<\/strong> apr\u00e8s avoir termin\u00e9 son travail pour <strong>Alaphilippe<\/strong>. Avec 1:30 d&rsquo;avance sur le groupe en poursuite et 6:30 sur le peloton, il semblait alors clair que la victoire se jouerait soit entre les six ou entre les poursuivants. Tr\u00e8s vite, le groupe se r\u00e9duisait encore alors que <strong>Jonas Abrahamsen<\/strong> puis <strong>Simone Velasco<\/strong> (XDS Astana Team) l\u00e2chaient prise. Derri\u00e8re, la poursuite se disloquait au moment o\u00f9 devant <strong>Mas<\/strong> choisissait d&rsquo;attaquer.<\/p>\n<p style=\"text-align: justify;\">Seul en t\u00eate, le Majorquin devait d\u00e9sormais r\u00e9sister \u00e0 un groupe compos\u00e9 d&rsquo;<strong>Arensman, Alaphilippe, Ben Healy<\/strong> (EF Education &#8211; EasyPost), <strong>Valentin Paret-Peintre<\/strong> (Soudal Quick-Step) et <strong>Santiago Buitrago<\/strong> (Bahrain Victorious) point\u00e9 \u00e0 1 minute \u00e0 8 km du sommet. Finalement, c&rsquo;est un duo compos\u00e9 de l&rsquo;Irlandais et du Fran\u00e7ais qui est parvenu \u00e0 effectuer la jonction \u00e0 4 km de l&rsquo;arriv\u00e9e. Alors que <strong>Mas<\/strong> finissait par c\u00e9der sur une nouvelle attaque de <strong>Healy<\/strong> qui a assur\u00e9 la quasi-totalit\u00e9 des relais lors de la poursuite, on pensait que la victoire allait se jouer entre les deux hommes. Si les deux hommes se rendaient coup pour coup, attaque sur attaque et se rapprochaient de l&rsquo;arriv\u00e9e, <strong>Mas<\/strong> revenait au train \u00e0 chaque fois alors que <strong>Buitrago<\/strong> et <strong>Van Wilder<\/strong> recollaient dans le final.<\/p>\n<p style=\"text-align: justify;\">Sc\u00e9nario impr\u00e9visible, c&rsquo;est un sprint qui se profilait au sommet du Ventoux. <strong>Healy<\/strong> a \u00e9t\u00e9 le premier \u00e0 lancer avec un punch franc, mais <strong>Valentin Paret-Peintre<\/strong> parvenait \u00e0 tenir la roue de l&rsquo;Irlandais avant de le d\u00e9border apr\u00e8s le dernier virage. D\u00e9j\u00e0 vainqueur au sommet de la Bocca della Selva sur le Giro l&rsquo;an dernier, le Fran\u00e7ais signe une nouvelle victoire de prestige. La France tient sa victoire sur le Tour de France 2025 !<\/p>\n<blockquote class=\"twitter-tweet\">\n<p dir=\"ltr\" lang=\"fr\">\ud83d\udeb4 <a href=\"https:\/\/twitter.com\/hashtag\/TDF2025?src=hash&amp;ref_src=twsrc%5Etfw\">#TDF2025<\/a> | \ud83c\uddeb\ud83c\uddf7\ud83d\udc4f\ud83e\udd73 VALENTIN PARET-PEINTRE, PH\u00c9NOM\u00c9NAL AU SOMMET DU MONT-VENTOUX !<\/p>\n<p>Il signe la premi\u00e8re victoire fran\u00e7aise sur le Tour de France 2025 !<\/p>\n<p>\ud83d\udcfa Le direct : <a href=\"https:\/\/t.co\/4tokTsK0uy\">https:\/\/t.co\/4tokTsK0uy<\/a> <a href=\"https:\/\/t.co\/8T8pbuKw2f\">pic.twitter.com\/8T8pbuKw2f<\/a><\/p>\n<p>\u2014 francetvsport (@francetvsport) <a href=\"https:\/\/twitter.com\/francetvsport\/status\/1947669267626779009?ref_src=twsrc%5Etfw\">July 22, 2025<\/a><\/p><\/blockquote>\n<p><script async src=\"https:\/\/platform.twitter.com\/widgets.js\" charset=\"utf-8\"><\/script><\/p>\n<h2 style=\"text-align: justify;\"><strong>Poga\u010dar esseul\u00e9 mais serein<\/strong><\/h2>\n<p style=\"text-align: justify;\">Dans le peloton, ou du moins ce qu&rsquo;il en restait, <strong>Poga\u010dar<\/strong> se retrouvait anormalement esseul\u00e9. L&rsquo;occasion r\u00eav\u00e9e pour <strong>Jonas Vingegaard<\/strong> (Visma | Lease a Bike) pour tenter de distancer le leader en attaquant une premi\u00e8re fois \u00e0 la moiti\u00e9 de l&rsquo;ascension. Derri\u00e8re, personne n&rsquo;a \u00e9t\u00e9 en mesure de suivre. Jaugeant son adversaire, le Danois relan\u00e7ait par \u00e0-coups \u00e0 mesure qu&rsquo;il pouvait compter sur ses co\u00e9quipiers repris de l&rsquo;\u00e9chapp\u00e9e. Sans succ\u00e8s. Le Slov\u00e8ne attaquait \u00e0 son tour \u00e0 moins de 2 km du sommet avant de se faire contrer. Finalement, <strong>Poga\u010dar<\/strong> passait la ligne en cinqui\u00e8me position, \u00e0 43 secondes du vainqueur fran\u00e7ais, faisant la cassure au sprint sur <strong>Vingegaard<\/strong>.<\/p>\n<p style=\"text-align: justify;\">Derri\u00e8re, la belle op\u00e9ration est sign\u00e9e Red Bull-Bora-Hansgrohe. <strong>Primoz Roglic<\/strong> et <strong>Florian Lipowitz<\/strong> terminent 9\u00e8me et 10\u00e8me et mettent \u00e0 distance la concurrence pour le Top 5. Ce soir, l&rsquo;Allemand reste troisi\u00e8me et compte plus de deux minutes d&rsquo;avance sur <strong>Oscar Onley<\/strong>. Il consolide son maillot blanc alors que <strong>Roglic<\/strong> ne pointe plus qu&rsquo;\u00e0 38 secondes du Britannique. <strong>K\u00e9vin Vauquelin<\/strong> perd une place (6\u00e8me) mais r\u00e9alise une belle op\u00e9ration d&rsquo;un point de vue chronom\u00e9trique sur ses rivaux directs \u00e0 commencer par <strong>Felix Gall<\/strong> et <strong>Tobias Halland Johannessen<\/strong>.<\/p>\n<p style=\"text-align: justify;\">Au classement du maillot vert, <strong>Tadej Poga\u010dar <\/strong>r\u00e9alise une grosse op\u00e9ration, reprenant 17 points \u00e0 <strong>Jonathan Milan<\/strong> (Lidl &#8211; Trek). L&rsquo;Italien conserve sa tunique et garde 11 points d&rsquo;avance sur le Slov\u00e8ne. Au classement du meilleur grimpeur, <strong>Lenny Martinez<\/strong> qu&rsquo;on a vu tra\u00eener en queue de peloton, voit <strong>Poga\u010dar<\/strong> recoller. Les deux hommes ont d\u00e9sormais 60 points, mais c&rsquo;est le Slov\u00e8ne qui figure en t\u00eate du classement.<\/p>\n<div class=\"vlp-link-container vlp-layout-article\"><a href=\"https:\/\/dicodusport.fr\/blog\/billet-dhumeur-tour-de-france-a-trop-jouer-les-parrains-uae-team-emirates-a-fini-par-enerver-tout-le-monde\/\" class=\"vlp-link\" title=\"Billet d\u2019humeur Tour de France : \u00c0 trop jouer les parrains, UAE Team Emirates a fini par \u00e9nerver tout le monde\"><\/a><div class=\"vlp-layout-zone-side\"><div class=\"vlp-block-4 vlp-link-image\"><img loading=\"lazy\" decoding=\"async\" style=\"max-width: 792px;\" width=\"792\" height=\"445\" src=\"https:\/\/dicodusport.fr\/blog\/wp-content\/uploads\/2025\/07\/Billet-dhumeur-Tour-de-France-A-trop-jouer-les-parrains-UAE-Team-Emirates-a-fini-par-enerver-tout-le-monde.png\" class=\"attachment-800x445 size-800x445\" alt=\"Billet d\u2019humeur Tour de France \u00c0 trop jouer les parrains, UAE Team Emirates a fini par \u00e9nerver tout le monde\" srcset=\"https:\/\/dicodusport.fr\/blog\/wp-content\/uploads\/2025\/07\/Billet-dhumeur-Tour-de-France-A-trop-jouer-les-parrains-UAE-Team-Emirates-a-fini-par-enerver-tout-le-monde.png 1200w, https:\/\/dicodusport.fr\/blog\/wp-content\/uploads\/2025\/07\/Billet-dhumeur-Tour-de-France-A-trop-jouer-les-parrains-UAE-Team-Emirates-a-fini-par-enerver-tout-le-monde-300x169.png 300w, https:\/\/dicodusport.fr\/blog\/wp-content\/uploads\/2025\/07\/Billet-dhumeur-Tour-de-France-A-trop-jouer-les-parrains-UAE-Team-Emirates-a-fini-par-enerver-tout-le-monde-1024x575.png 1024w, https:\/\/dicodusport.fr\/blog\/wp-content\/uploads\/2025\/07\/Billet-dhumeur-Tour-de-France-A-trop-jouer-les-parrains-UAE-Team-Emirates-a-fini-par-enerver-tout-le-monde-768x431.png 768w\" sizes=\"auto, (max-width: 792px) 100vw, 792px\" \/><\/div><\/div><div class=\"vlp-layout-zone-main\"><div class=\"vlp-block-0 vlp-link-title\">Billet d\u2019humeur Tour de France : \u00c0 trop jouer les parrains, UAE Team Emirates a fini par \u00e9nerver tout le monde<\/div><div class=\"vlp-block-1 vlp-link-summary\">Nils Politt, en voulant intimider les attaquants du jour sur la 17\u00e8me \u00e9tape ce mardi, a d\u00e9clench\u00e9 une certaine ire du peloton. Une strat\u00e9gie, au mieux douteuse, au pire mafieuse, qui a fini par se retourner contre la formation UAE Team Emirates-XRG.<\/div><div class=\"vlp-block-2 vlp-link-button\">Lire l'article<\/div><div class=\"vlp-block-3 vlp-link-url\">dicodusport.fr<\/div><\/div><\/div>\n<h3 style=\"text-align: justify;\">\u00c0 lire aussi<\/h3>\n<ul>\n<li style=\"text-align: justify;\"><a href=\"https:\/\/dicodusport.fr\/blog\/maillot-vert-tour-de-france-2025-classement-par-points\/\"><strong>Classement par points du Tour de France<\/strong><\/a><\/li>\n<li style=\"text-align: justify;\"><a href=\"https:\/\/dicodusport.fr\/blog\/maillot-a-pois-tour-de-france-2025-classement-meilleur-grimpeur\/\"><strong>Classement meilleur grimpeur du Tour de France<\/strong><\/a><\/li>\n<li style=\"text-align: justify;\"><a href=\"https:\/\/dicodusport.fr\/blog\/maillot-blanc-tour-de-france-2025-classement-meilleur-jeune\/\"><strong>Classement meilleur jeune du Tour de France<\/strong><\/a><\/li>\n<\/ul>\n","protected":false},"excerpt":{"rendered":"<p>TOUR DE FRANCE 2025 &#8211; Au terme d&rsquo;une \u00e9tape ultra-rapide, Valentin Paret-Peintre (Soudal QuickStep) a d\u00e9jou\u00e9 les pronostics et r\u00e9sist\u00e9 au retour des leaders pour s&rsquo;imposer au sommet du Mont Ventoux.<\/p>\n","protected":false},"author":91,"featured_media":597284,"comment_status":"open","ping_status":"closed","sticky":false,"template":"","format":"standard","meta":{"_acf_changed":false,"_daextam_enable_autolinks":"1","footnotes":""},"categories":[46995],"tags":[16878,574,11197,24,1262],"class_list":["post-597236","post","type-post","status-publish","format-standard","has-post-thumbnail","hentry","category-tour-de-france","tag-breve","tag-cyclisme","tag-cyclisme-sur-route","tag-sport","tag-tour-de-france"],"acf":[],"yoast_head":"<!-- This site is optimized with the Yoast SEO Premium plugin v26.7 (Yoast SEO v26.7) - https:\/\/yoast.com\/wordpress\/plugins\/seo\/ -->\n<title>16\u00e8me \u00e9tape Tour de France 2025 : Valentin Paret-Peintre signe un chef-d&#039;\u0153uvre au sommet du Ventoux !<\/title>\n<meta name=\"description\" content=\"TOUR DE FRANCE 2025 - Valentin Paret-Peintre (Soudal Quick-Step) a d\u00e9jou\u00e9 les pronostics pour s&#039;imposer au sommet du Mont Ventoux.\" \/>\n<meta name=\"robots\" content=\"index, follow, max-snippet:-1, max-image-preview:large, max-video-preview:-1\" \/>\n<link rel=\"canonical\" href=\"https:\/\/dicodusport.fr\/blog\/16eme-etape-tour-de-france-2025-valentin-paret-peintre-signe-un-chef-doeuvre-au-sommet-du-ventoux\/\" \/>\n<meta property=\"og:locale\" content=\"fr_FR\" \/>\n<meta property=\"og:type\" content=\"article\" \/>\n<meta property=\"og:title\" content=\"16\u00e8me \u00e9tape Tour de France 2025 : Valentin Paret-Peintre signe un chef-d&#039;\u0153uvre au sommet du Ventoux !\" \/>\n<meta property=\"og:description\" content=\"TOUR DE FRANCE 2025 - Valentin Paret-Peintre (Soudal Quick-Step) a d\u00e9jou\u00e9 les pronostics pour s&#039;imposer au sommet du Mont Ventoux.\" \/>\n<meta property=\"og:url\" content=\"https:\/\/dicodusport.fr\/blog\/16eme-etape-tour-de-france-2025-valentin-paret-peintre-signe-un-chef-doeuvre-au-sommet-du-ventoux\/\" \/>\n<meta property=\"og:site_name\" content=\"Dicodusport\" \/>\n<meta property=\"article:publisher\" content=\"https:\/\/www.facebook.com\/dicodusport\" \/>\n<meta property=\"article:published_time\" content=\"2025-07-22T14:46:42+00:00\" \/>\n<meta property=\"article:modified_time\" content=\"2025-07-22T16:09:49+00:00\" \/>\n<meta property=\"og:image\" content=\"https:\/\/dicodusport.fr\/blog\/wp-content\/uploads\/2025\/07\/16eme-etape-Tour-de-France-2025-Valentin-Paret-Peintre-signe-un-chef-doeuvre-au-sommet-du-Ventoux-1-1.png\" \/>\n\t<meta property=\"og:image:width\" content=\"1200\" \/>\n\t<meta property=\"og:image:height\" content=\"674\" \/>\n\t<meta property=\"og:image:type\" content=\"image\/png\" \/>\n<meta name=\"author\" content=\"Victor Clot-Amiot\" \/>\n<meta name=\"twitter:card\" content=\"summary_large_image\" \/>\n<meta name=\"twitter:creator\" content=\"@https:\/\/x.com\/VictorClotAmiot\" \/>\n<meta name=\"twitter:site\" content=\"@dicodusport\" \/>\n<script type=\"application\/ld+json\" class=\"yoast-schema-graph\">{\"@context\":\"https:\/\/schema.org\",\"@graph\":[{\"@type\":\"NewsArticle\",\"@id\":\"https:\/\/dicodusport.fr\/blog\/16eme-etape-tour-de-france-2025-valentin-paret-peintre-signe-un-chef-doeuvre-au-sommet-du-ventoux\/#article\",\"isPartOf\":{\"@id\":\"https:\/\/dicodusport.fr\/blog\/16eme-etape-tour-de-france-2025-valentin-paret-peintre-signe-un-chef-doeuvre-au-sommet-du-ventoux\/\"},\"author\":{\"name\":\"Victor Clot-Amiot\",\"@id\":\"https:\/\/dicodusport.fr\/blog\/#\/schema\/person\/b623199cba9ba90fe84a3d16e9282360\"},\"headline\":\"16\u00e8me \u00e9tape Tour de France 2025 : Valentin Paret-Peintre signe un chef-d&rsquo;\u0153uvre au sommet du Ventoux !\",\"datePublished\":\"2025-07-22T14:46:42+00:00\",\"dateModified\":\"2025-07-22T16:09:49+00:00\",\"mainEntityOfPage\":{\"@id\":\"https:\/\/dicodusport.fr\/blog\/16eme-etape-tour-de-france-2025-valentin-paret-peintre-signe-un-chef-doeuvre-au-sommet-du-ventoux\/\"},\"wordCount\":1259,\"commentCount\":0,\"publisher\":{\"@id\":\"https:\/\/dicodusport.fr\/blog\/#organization\"},\"image\":{\"@id\":\"https:\/\/dicodusport.fr\/blog\/16eme-etape-tour-de-france-2025-valentin-paret-peintre-signe-un-chef-doeuvre-au-sommet-du-ventoux\/#primaryimage\"},\"thumbnailUrl\":\"https:\/\/dicodusport.fr\/blog\/wp-content\/uploads\/2025\/07\/16eme-etape-Tour-de-France-2025-Valentin-Paret-Peintre-signe-un-chef-doeuvre-au-sommet-du-Ventoux-1-1.png\",\"keywords\":[\"br\u00e8ve\",\"Cyclisme\",\"Cyclisme sur route\",\"sport\",\"Tour de France\"],\"articleSection\":[\"Tour de France\"],\"inLanguage\":\"fr-FR\",\"potentialAction\":[{\"@type\":\"CommentAction\",\"name\":\"Comment\",\"target\":[\"https:\/\/dicodusport.fr\/blog\/16eme-etape-tour-de-france-2025-valentin-paret-peintre-signe-un-chef-doeuvre-au-sommet-du-ventoux\/#respond\"]}],\"copyrightYear\":\"2025\",\"copyrightHolder\":{\"@id\":\"https:\/\/dicodusport.fr\/blog\/#organization\"}},{\"@type\":\"WebPage\",\"@id\":\"https:\/\/dicodusport.fr\/blog\/16eme-etape-tour-de-france-2025-valentin-paret-peintre-signe-un-chef-doeuvre-au-sommet-du-ventoux\/\",\"url\":\"https:\/\/dicodusport.fr\/blog\/16eme-etape-tour-de-france-2025-valentin-paret-peintre-signe-un-chef-doeuvre-au-sommet-du-ventoux\/\",\"name\":\"16\u00e8me \u00e9tape Tour de France 2025 : Valentin Paret-Peintre signe un chef-d'\u0153uvre au sommet du Ventoux !\",\"isPartOf\":{\"@id\":\"https:\/\/dicodusport.fr\/blog\/#website\"},\"primaryImageOfPage\":{\"@id\":\"https:\/\/dicodusport.fr\/blog\/16eme-etape-tour-de-france-2025-valentin-paret-peintre-signe-un-chef-doeuvre-au-sommet-du-ventoux\/#primaryimage\"},\"image\":{\"@id\":\"https:\/\/dicodusport.fr\/blog\/16eme-etape-tour-de-france-2025-valentin-paret-peintre-signe-un-chef-doeuvre-au-sommet-du-ventoux\/#primaryimage\"},\"thumbnailUrl\":\"https:\/\/dicodusport.fr\/blog\/wp-content\/uploads\/2025\/07\/16eme-etape-Tour-de-France-2025-Valentin-Paret-Peintre-signe-un-chef-doeuvre-au-sommet-du-Ventoux-1-1.png\",\"datePublished\":\"2025-07-22T14:46:42+00:00\",\"dateModified\":\"2025-07-22T16:09:49+00:00\",\"description\":\"TOUR DE FRANCE 2025 - Valentin Paret-Peintre (Soudal Quick-Step) a d\u00e9jou\u00e9 les pronostics pour s'imposer au sommet du Mont Ventoux.\",\"breadcrumb\":{\"@id\":\"https:\/\/dicodusport.fr\/blog\/16eme-etape-tour-de-france-2025-valentin-paret-peintre-signe-un-chef-doeuvre-au-sommet-du-ventoux\/#breadcrumb\"},\"inLanguage\":\"fr-FR\",\"potentialAction\":[{\"@type\":\"ReadAction\",\"target\":[\"https:\/\/dicodusport.fr\/blog\/16eme-etape-tour-de-france-2025-valentin-paret-peintre-signe-un-chef-doeuvre-au-sommet-du-ventoux\/\"]}]},{\"@type\":\"ImageObject\",\"inLanguage\":\"fr-FR\",\"@id\":\"https:\/\/dicodusport.fr\/blog\/16eme-etape-tour-de-france-2025-valentin-paret-peintre-signe-un-chef-doeuvre-au-sommet-du-ventoux\/#primaryimage\",\"url\":\"https:\/\/dicodusport.fr\/blog\/wp-content\/uploads\/2025\/07\/16eme-etape-Tour-de-France-2025-Valentin-Paret-Peintre-signe-un-chef-doeuvre-au-sommet-du-Ventoux-1-1.png\",\"contentUrl\":\"https:\/\/dicodusport.fr\/blog\/wp-content\/uploads\/2025\/07\/16eme-etape-Tour-de-France-2025-Valentin-Paret-Peintre-signe-un-chef-doeuvre-au-sommet-du-Ventoux-1-1.png\",\"width\":1200,\"height\":674,\"caption\":\"16\u00e8me \u00e9tape Tour de France 2025 Valentin Paret-Peintre signe un chef-d'\u0153uvre au sommet du Ventoux !\"},{\"@type\":\"BreadcrumbList\",\"@id\":\"https:\/\/dicodusport.fr\/blog\/16eme-etape-tour-de-france-2025-valentin-paret-peintre-signe-un-chef-doeuvre-au-sommet-du-ventoux\/#breadcrumb\",\"itemListElement\":[{\"@type\":\"ListItem\",\"position\":1,\"name\":\"Accueil\",\"item\":\"https:\/\/dicodusport.fr\/blog\/\"},{\"@type\":\"ListItem\",\"position\":2,\"name\":\"16\u00e8me \u00e9tape Tour de France 2025 : Valentin Paret-Peintre signe un chef-d&rsquo;\u0153uvre au sommet du Ventoux !\"}]},{\"@type\":\"WebSite\",\"@id\":\"https:\/\/dicodusport.fr\/blog\/#website\",\"url\":\"https:\/\/dicodusport.fr\/blog\/\",\"name\":\"Dicodusport\",\"description\":\"L&#039;encyclop\u00e9die de l&#039;actualit\u00e9 sportive\",\"publisher\":{\"@id\":\"https:\/\/dicodusport.fr\/blog\/#organization\"},\"potentialAction\":[{\"@type\":\"SearchAction\",\"target\":{\"@type\":\"EntryPoint\",\"urlTemplate\":\"https:\/\/dicodusport.fr\/blog\/?s={search_term_string}\"},\"query-input\":{\"@type\":\"PropertyValueSpecification\",\"valueRequired\":true,\"valueName\":\"search_term_string\"}}],\"inLanguage\":\"fr-FR\"},{\"@type\":\"NewsMediaOrganization\",\"@id\":\"https:\/\/dicodusport.fr\/blog\/#organization\",\"name\":\"Dicodusport\",\"url\":\"https:\/\/dicodusport.fr\/blog\/\",\"logo\":{\"@type\":\"ImageObject\",\"inLanguage\":\"fr-FR\",\"@id\":\"https:\/\/dicodusport.fr\/blog\/#\/schema\/logo\/image\/\",\"url\":\"https:\/\/dicodusport.fr\/blog\/wp-content\/uploads\/2020\/06\/cropped-LOGO-DICODUSPORT-2020-SANS-FOND-SANS-TEXTE.png\",\"contentUrl\":\"https:\/\/dicodusport.fr\/blog\/wp-content\/uploads\/2020\/06\/cropped-LOGO-DICODUSPORT-2020-SANS-FOND-SANS-TEXTE.png\",\"width\":512,\"height\":512,\"caption\":\"Dicodusport\"},\"image\":{\"@id\":\"https:\/\/dicodusport.fr\/blog\/#\/schema\/logo\/image\/\"},\"sameAs\":[\"https:\/\/www.facebook.com\/dicodusport\",\"https:\/\/x.com\/dicodusport\",\"https:\/\/www.instagram.com\/dicodusport\/\",\"https:\/\/www.youtube.com\/channel\/UC7V2KZ5sd3htJivAbA4ZG3w\"],\"description\":\"Dicodusport est l'encyclop\u00e9die de l'actualit\u00e9 sportive.\",\"email\":\"bonjour@dicodusport.fr\",\"legalName\":\"DICODUSPORT\",\"foundingDate\":\"2018-01-14\",\"vatID\":\"FR71834470973\",\"taxID\":\"83447097300043\",\"numberOfEmployees\":{\"@type\":\"QuantitativeValue\",\"minValue\":\"1\",\"maxValue\":\"10\"}},{\"@type\":\"Person\",\"@id\":\"https:\/\/dicodusport.fr\/blog\/#\/schema\/person\/b623199cba9ba90fe84a3d16e9282360\",\"name\":\"Victor Clot-Amiot\",\"image\":{\"@type\":\"ImageObject\",\"inLanguage\":\"fr-FR\",\"@id\":\"https:\/\/dicodusport.fr\/blog\/#\/schema\/person\/image\/\",\"url\":\"https:\/\/dicodusport.fr\/blog\/wp-content\/uploads\/2023\/09\/IMG_20190826_114722-150x150.jpg\",\"contentUrl\":\"https:\/\/dicodusport.fr\/blog\/wp-content\/uploads\/2023\/09\/IMG_20190826_114722-150x150.jpg\",\"caption\":\"Victor Clot-Amiot\"},\"description\":\"Passionn\u00e9 de sport depuis toujours, un jour \u00e0 l'adolescence mes parents m'ont dit : \\\"quitte \u00e0 passer ton temps \u00e0 regarder du sport, au moins va le voir en vrai\\\" ! Depuis, cette remarque ne m'a plus quitt\u00e9 et je passe une grande partie de mon temps libre \u00e0 assister \u00e0 des comp\u00e9titions de tous sports. Je m\u00eale d'ailleurs mes deux passions, le sport et les voyages afin de faire une pierre deux coups ! Outre l'US Open ou l'Euro 2021 par exemple, j'ai assist\u00e9 cet \u00e9t\u00e9 aux Mondiaux d'athl\u00e9tisme \u00e0 Budapest. Mon plus gros coup dur est et restera les JO 2020-2021 pour lesquels j'avais r\u00e9serv\u00e9 17 \u00e9preuves. La suite, vous la connaissez...\",\"sameAs\":[\"https:\/\/x.com\/https:\/\/x.com\/VictorClotAmiot\"],\"url\":\"https:\/\/dicodusport.fr\/blog\/author\/victor-clot-amiot\/\"}]}<\/script>\n<!-- \/ Yoast SEO Premium plugin. -->","yoast_head_json":{"title":"16\u00e8me \u00e9tape Tour de France 2025 : Valentin Paret-Peintre signe un chef-d'\u0153uvre au sommet du Ventoux !","description":"TOUR DE FRANCE 2025 - Valentin Paret-Peintre (Soudal Quick-Step) a d\u00e9jou\u00e9 les pronostics pour s'imposer au sommet du Mont Ventoux.","robots":{"index":"index","follow":"follow","max-snippet":"max-snippet:-1","max-image-preview":"max-image-preview:large","max-video-preview":"max-video-preview:-1"},"canonical":"https:\/\/dicodusport.fr\/blog\/16eme-etape-tour-de-france-2025-valentin-paret-peintre-signe-un-chef-doeuvre-au-sommet-du-ventoux\/","og_locale":"fr_FR","og_type":"article","og_title":"16\u00e8me \u00e9tape Tour de France 2025 : Valentin Paret-Peintre signe un chef-d'\u0153uvre au sommet du Ventoux !","og_description":"TOUR DE FRANCE 2025 - Valentin Paret-Peintre (Soudal Quick-Step) a d\u00e9jou\u00e9 les pronostics pour s'imposer au sommet du Mont Ventoux.","og_url":"https:\/\/dicodusport.fr\/blog\/16eme-etape-tour-de-france-2025-valentin-paret-peintre-signe-un-chef-doeuvre-au-sommet-du-ventoux\/","og_site_name":"Dicodusport","article_publisher":"https:\/\/www.facebook.com\/dicodusport","article_published_time":"2025-07-22T14:46:42+00:00","article_modified_time":"2025-07-22T16:09:49+00:00","og_image":[{"width":1200,"height":674,"url":"https:\/\/dicodusport.fr\/blog\/wp-content\/uploads\/2025\/07\/16eme-etape-Tour-de-France-2025-Valentin-Paret-Peintre-signe-un-chef-doeuvre-au-sommet-du-Ventoux-1-1.png","type":"image\/png"}],"author":"Victor Clot-Amiot","twitter_card":"summary_large_image","twitter_creator":"@https:\/\/x.com\/VictorClotAmiot","twitter_site":"@dicodusport","schema":{"@context":"https:\/\/schema.org","@graph":[{"@type":"NewsArticle","@id":"https:\/\/dicodusport.fr\/blog\/16eme-etape-tour-de-france-2025-valentin-paret-peintre-signe-un-chef-doeuvre-au-sommet-du-ventoux\/#article","isPartOf":{"@id":"https:\/\/dicodusport.fr\/blog\/16eme-etape-tour-de-france-2025-valentin-paret-peintre-signe-un-chef-doeuvre-au-sommet-du-ventoux\/"},"author":{"name":"Victor Clot-Amiot","@id":"https:\/\/dicodusport.fr\/blog\/#\/schema\/person\/b623199cba9ba90fe84a3d16e9282360"},"headline":"16\u00e8me \u00e9tape Tour de France 2025 : Valentin Paret-Peintre signe un chef-d&rsquo;\u0153uvre au sommet du Ventoux !","datePublished":"2025-07-22T14:46:42+00:00","dateModified":"2025-07-22T16:09:49+00:00","mainEntityOfPage":{"@id":"https:\/\/dicodusport.fr\/blog\/16eme-etape-tour-de-france-2025-valentin-paret-peintre-signe-un-chef-doeuvre-au-sommet-du-ventoux\/"},"wordCount":1259,"commentCount":0,"publisher":{"@id":"https:\/\/dicodusport.fr\/blog\/#organization"},"image":{"@id":"https:\/\/dicodusport.fr\/blog\/16eme-etape-tour-de-france-2025-valentin-paret-peintre-signe-un-chef-doeuvre-au-sommet-du-ventoux\/#primaryimage"},"thumbnailUrl":"https:\/\/dicodusport.fr\/blog\/wp-content\/uploads\/2025\/07\/16eme-etape-Tour-de-France-2025-Valentin-Paret-Peintre-signe-un-chef-doeuvre-au-sommet-du-Ventoux-1-1.png","keywords":["br\u00e8ve","Cyclisme","Cyclisme sur route","sport","Tour de France"],"articleSection":["Tour de France"],"inLanguage":"fr-FR","potentialAction":[{"@type":"CommentAction","name":"Comment","target":["https:\/\/dicodusport.fr\/blog\/16eme-etape-tour-de-france-2025-valentin-paret-peintre-signe-un-chef-doeuvre-au-sommet-du-ventoux\/#respond"]}],"copyrightYear":"2025","copyrightHolder":{"@id":"https:\/\/dicodusport.fr\/blog\/#organization"}},{"@type":"WebPage","@id":"https:\/\/dicodusport.fr\/blog\/16eme-etape-tour-de-france-2025-valentin-paret-peintre-signe-un-chef-doeuvre-au-sommet-du-ventoux\/","url":"https:\/\/dicodusport.fr\/blog\/16eme-etape-tour-de-france-2025-valentin-paret-peintre-signe-un-chef-doeuvre-au-sommet-du-ventoux\/","name":"16\u00e8me \u00e9tape Tour de France 2025 : Valentin Paret-Peintre signe un chef-d'\u0153uvre au sommet du Ventoux !","isPartOf":{"@id":"https:\/\/dicodusport.fr\/blog\/#website"},"primaryImageOfPage":{"@id":"https:\/\/dicodusport.fr\/blog\/16eme-etape-tour-de-france-2025-valentin-paret-peintre-signe-un-chef-doeuvre-au-sommet-du-ventoux\/#primaryimage"},"image":{"@id":"https:\/\/dicodusport.fr\/blog\/16eme-etape-tour-de-france-2025-valentin-paret-peintre-signe-un-chef-doeuvre-au-sommet-du-ventoux\/#primaryimage"},"thumbnailUrl":"https:\/\/dicodusport.fr\/blog\/wp-content\/uploads\/2025\/07\/16eme-etape-Tour-de-France-2025-Valentin-Paret-Peintre-signe-un-chef-doeuvre-au-sommet-du-Ventoux-1-1.png","datePublished":"2025-07-22T14:46:42+00:00","dateModified":"2025-07-22T16:09:49+00:00","description":"TOUR DE FRANCE 2025 - Valentin Paret-Peintre (Soudal Quick-Step) a d\u00e9jou\u00e9 les pronostics pour s'imposer au sommet du Mont Ventoux.","breadcrumb":{"@id":"https:\/\/dicodusport.fr\/blog\/16eme-etape-tour-de-france-2025-valentin-paret-peintre-signe-un-chef-doeuvre-au-sommet-du-ventoux\/#breadcrumb"},"inLanguage":"fr-FR","potentialAction":[{"@type":"ReadAction","target":["https:\/\/dicodusport.fr\/blog\/16eme-etape-tour-de-france-2025-valentin-paret-peintre-signe-un-chef-doeuvre-au-sommet-du-ventoux\/"]}]},{"@type":"ImageObject","inLanguage":"fr-FR","@id":"https:\/\/dicodusport.fr\/blog\/16eme-etape-tour-de-france-2025-valentin-paret-peintre-signe-un-chef-doeuvre-au-sommet-du-ventoux\/#primaryimage","url":"https:\/\/dicodusport.fr\/blog\/wp-content\/uploads\/2025\/07\/16eme-etape-Tour-de-France-2025-Valentin-Paret-Peintre-signe-un-chef-doeuvre-au-sommet-du-Ventoux-1-1.png","contentUrl":"https:\/\/dicodusport.fr\/blog\/wp-content\/uploads\/2025\/07\/16eme-etape-Tour-de-France-2025-Valentin-Paret-Peintre-signe-un-chef-doeuvre-au-sommet-du-Ventoux-1-1.png","width":1200,"height":674,"caption":"16\u00e8me \u00e9tape Tour de France 2025 Valentin Paret-Peintre signe un chef-d'\u0153uvre au sommet du Ventoux !"},{"@type":"BreadcrumbList","@id":"https:\/\/dicodusport.fr\/blog\/16eme-etape-tour-de-france-2025-valentin-paret-peintre-signe-un-chef-doeuvre-au-sommet-du-ventoux\/#breadcrumb","itemListElement":[{"@type":"ListItem","position":1,"name":"Accueil","item":"https:\/\/dicodusport.fr\/blog\/"},{"@type":"ListItem","position":2,"name":"16\u00e8me \u00e9tape Tour de France 2025 : Valentin Paret-Peintre signe un chef-d&rsquo;\u0153uvre au sommet du Ventoux !"}]},{"@type":"WebSite","@id":"https:\/\/dicodusport.fr\/blog\/#website","url":"https:\/\/dicodusport.fr\/blog\/","name":"Dicodusport","description":"L&#039;encyclop\u00e9die de l&#039;actualit\u00e9 sportive","publisher":{"@id":"https:\/\/dicodusport.fr\/blog\/#organization"},"potentialAction":[{"@type":"SearchAction","target":{"@type":"EntryPoint","urlTemplate":"https:\/\/dicodusport.fr\/blog\/?s={search_term_string}"},"query-input":{"@type":"PropertyValueSpecification","valueRequired":true,"valueName":"search_term_string"}}],"inLanguage":"fr-FR"},{"@type":"NewsMediaOrganization","@id":"https:\/\/dicodusport.fr\/blog\/#organization","name":"Dicodusport","url":"https:\/\/dicodusport.fr\/blog\/","logo":{"@type":"ImageObject","inLanguage":"fr-FR","@id":"https:\/\/dicodusport.fr\/blog\/#\/schema\/logo\/image\/","url":"https:\/\/dicodusport.fr\/blog\/wp-content\/uploads\/2020\/06\/cropped-LOGO-DICODUSPORT-2020-SANS-FOND-SANS-TEXTE.png","contentUrl":"https:\/\/dicodusport.fr\/blog\/wp-content\/uploads\/2020\/06\/cropped-LOGO-DICODUSPORT-2020-SANS-FOND-SANS-TEXTE.png","width":512,"height":512,"caption":"Dicodusport"},"image":{"@id":"https:\/\/dicodusport.fr\/blog\/#\/schema\/logo\/image\/"},"sameAs":["https:\/\/www.facebook.com\/dicodusport","https:\/\/x.com\/dicodusport","https:\/\/www.instagram.com\/dicodusport\/","https:\/\/www.youtube.com\/channel\/UC7V2KZ5sd3htJivAbA4ZG3w"],"description":"Dicodusport est l'encyclop\u00e9die de l'actualit\u00e9 sportive.","email":"bonjour@dicodusport.fr","legalName":"DICODUSPORT","foundingDate":"2018-01-14","vatID":"FR71834470973","taxID":"83447097300043","numberOfEmployees":{"@type":"QuantitativeValue","minValue":"1","maxValue":"10"}},{"@type":"Person","@id":"https:\/\/dicodusport.fr\/blog\/#\/schema\/person\/b623199cba9ba90fe84a3d16e9282360","name":"Victor Clot-Amiot","image":{"@type":"ImageObject","inLanguage":"fr-FR","@id":"https:\/\/dicodusport.fr\/blog\/#\/schema\/person\/image\/","url":"https:\/\/dicodusport.fr\/blog\/wp-content\/uploads\/2023\/09\/IMG_20190826_114722-150x150.jpg","contentUrl":"https:\/\/dicodusport.fr\/blog\/wp-content\/uploads\/2023\/09\/IMG_20190826_114722-150x150.jpg","caption":"Victor Clot-Amiot"},"description":"Passionn\u00e9 de sport depuis toujours, un jour \u00e0 l'adolescence mes parents m'ont dit : \"quitte \u00e0 passer ton temps \u00e0 regarder du sport, au moins va le voir en vrai\" ! Depuis, cette remarque ne m'a plus quitt\u00e9 et je passe une grande partie de mon temps libre \u00e0 assister \u00e0 des comp\u00e9titions de tous sports. Je m\u00eale d'ailleurs mes deux passions, le sport et les voyages afin de faire une pierre deux coups ! Outre l'US Open ou l'Euro 2021 par exemple, j'ai assist\u00e9 cet \u00e9t\u00e9 aux Mondiaux d'athl\u00e9tisme \u00e0 Budapest. Mon plus gros coup dur est et restera les JO 2020-2021 pour lesquels j'avais r\u00e9serv\u00e9 17 \u00e9preuves. La suite, vous la connaissez...","sameAs":["https:\/\/x.com\/https:\/\/x.com\/VictorClotAmiot"],"url":"https:\/\/dicodusport.fr\/blog\/author\/victor-clot-amiot\/"}]}},"_links":{"self":[{"href":"https:\/\/dicodusport.fr\/blog\/wp-json\/wp\/v2\/posts\/597236","targetHints":{"allow":["GET"]}}],"collection":[{"href":"https:\/\/dicodusport.fr\/blog\/wp-json\/wp\/v2\/posts"}],"about":[{"href":"https:\/\/dicodusport.fr\/blog\/wp-json\/wp\/v2\/types\/post"}],"author":[{"embeddable":true,"href":"https:\/\/dicodusport.fr\/blog\/wp-json\/wp\/v2\/users\/91"}],"replies":[{"embeddable":true,"href":"https:\/\/dicodusport.fr\/blog\/wp-json\/wp\/v2\/comments?post=597236"}],"version-history":[{"count":6,"href":"https:\/\/dicodusport.fr\/blog\/wp-json\/wp\/v2\/posts\/597236\/revisions"}],"predecessor-version":[{"id":597303,"href":"https:\/\/dicodusport.fr\/blog\/wp-json\/wp\/v2\/posts\/597236\/revisions\/597303"}],"wp:featuredmedia":[{"embeddable":true,"href":"https:\/\/dicodusport.fr\/blog\/wp-json\/wp\/v2\/media\/597284"}],"wp:attachment":[{"href":"https:\/\/dicodusport.fr\/blog\/wp-json\/wp\/v2\/media?parent=597236"}],"wp:term":[{"taxonomy":"category","embeddable":true,"href":"https:\/\/dicodusport.fr\/blog\/wp-json\/wp\/v2\/categories?post=597236"},{"taxonomy":"post_tag","embeddable":true,"href":"https:\/\/dicodusport.fr\/blog\/wp-json\/wp\/v2\/tags?post=597236"}],"curies":[{"name":"wp","href":"https:\/\/api.w.org\/{rel}","templated":true}]}}