{"id":597356,"date":"2025-07-23T07:38:41","date_gmt":"2025-07-23T05:38:41","guid":{"rendered":"https:\/\/dicodusport.fr\/blog\/?p=597356&#038;preview=true&#038;preview_id=597356"},"modified":"2025-07-23T08:00:05","modified_gmt":"2025-07-23T06:00:05","slug":"richard-virenque-jallais-gagner-le-tour-de-france-1998","status":"publish","type":"post","link":"https:\/\/dicodusport.fr\/blog\/richard-virenque-jallais-gagner-le-tour-de-france-1998\/","title":{"rendered":"Richard Virenque : \u00ab\u00a0J&rsquo;allais gagner le Tour de France 1998\u00a0\u00bb"},"content":{"rendered":"<p style=\"text-align: justify;\"><strong><em>TOUR DE FRANCE &#8211; En marge de l&rsquo;arriv\u00e9e de la 17\u00e8me \u00e9tape au Mont Ventoux ce mardi, Richard Virenque s&rsquo;est confi\u00e9 sur l&rsquo;affaire Festina au m\u00e9dia <\/em><\/strong><strong><em><a href=\"https:\/\/www.dhnet.be\/sports\/2025\/07\/22\/tour-de-france-richard-virenque-revient-sur-les-scandales-de-dopage-sans-laffaire-festina-je-gagne-le-tour-1998-AN6AYDQZYJEMFMLDMJHVXNMEHA\/\" target=\"_blank\" rel=\"noopener\">DH-Les Sports<\/a>.<\/em><\/strong><\/p>\n<ul>\n<li style=\"text-align: justify;\"><strong>\u00c0 ce sujet \u2013\u00a0<a href=\"https:\/\/dicodusport.fr\/blog\/classement-general-actualise-tour-de-france-2025\/\">Classement g\u00e9n\u00e9ral actualis\u00e9 Tour de France 2025<\/a><\/strong><\/li>\n<\/ul>\n<p style=\"text-align: justify;\">Vingt-trois ans apr\u00e8s Richard Virenque, <a href=\"https:\/\/dicodusport.fr\/blog\/16eme-etape-tour-de-france-2025-valentin-paret-peintre-signe-un-chef-doeuvre-au-sommet-du-ventoux\/\">Valentin Paret-Peintre a remport\u00e9 une \u00e9tape du <strong>Tour<\/strong> <strong>de<\/strong> <strong>France<\/strong> au <strong>Mont<\/strong> <strong>Ventoux<\/strong><\/a>. Mais l&rsquo;ancien meilleur grimpeur de 55 ans, pr\u00e9sent pour assister \u00e0 la performance de son compatriote, a surtout fait parler de lui pour un entretien chez nos confr\u00e8res belges, dans lequel il affirme qu&rsquo;il allait remporter la Grande Boucle en 1998 sans l&rsquo;affaire Festina.<\/p>\n<blockquote>\n<p style=\"text-align: justify;\">Rien ne pouvait m&#8217;emp\u00eacher de gagner. \u00c0 part cette affaire&#8230; J&rsquo;allais gagner le Tour de France 1998.<\/p>\n<\/blockquote>\n<h2 style=\"text-align: justify;\">Richard Virenque : \u00ab D\u00e8s 1992, je sais que je suis un coureur du Tour \u00bb<\/h2>\n<p style=\"text-align: justify;\"><strong>Richard<\/strong> <strong>Virenque<\/strong> avait avou\u00e9 en 2020 qu&rsquo;il avait bien eu recours \u00e0 des produits dopants, mais n&rsquo;a jamais \u00e9t\u00e9 contr\u00f4l\u00e9 positif. Vainqueur de ce fameux Tour 1998, <strong>Marco Pantani<\/strong> a lui \u00e9t\u00e9 rattrap\u00e9 plusieurs fois par la patrouille par la suite. Le natif de <strong>Casablanca<\/strong>, deuxi\u00e8me du Tour de France en 1997 et sept fois meilleur grimpeur de l&rsquo;\u00e9preuve, a aussi ajout\u00e9 :<\/p>\n<blockquote>\n<p style=\"text-align: justify;\">D\u00e8s 1992, je sais que je suis un coureur du Tour. En 1994, je perds trois places et finis 5\u00e8me \u00e0 cause du chrono entre Cluses et Avoriaz. Gr\u00e2ce \u00e0 Armel Andr\u00e9, je progresse avec, comme point d&rsquo;orgue, Saint-\u00c9tienne 1997 o\u00f9 je finis 2e derri\u00e8re Jan Ullrich. Le Tour 1998 me tend les bras.<\/p>\n<\/blockquote>\n<p style=\"text-align: justify;\">Discret dans les m\u00e9dias depuis son d\u00e9part d&rsquo;<em>Eurosport<\/em> en 2018, <strong>Richard<\/strong> <strong>Virenque<\/strong> n&rsquo;a toujours pas dig\u00e9r\u00e9 l&rsquo;affaire <strong>Festina<\/strong> qui lui aurait donc co\u00fbt\u00e9 le plus beau succ\u00e8s de sa carri\u00e8re, selon lui en tout cas.<\/p>\n<h3 style=\"text-align: justify;\">\u00c0 lire aussi<\/h3>\n<div class=\"vlp-link-container vlp-layout-article\"><a href=\"https:\/\/dicodusport.fr\/blog\/billet-dhumeur-tour-de-france-a-trop-jouer-les-parrains-uae-team-emirates-a-fini-par-enerver-tout-le-monde\/\" class=\"vlp-link\" title=\"Billet d\u2019humeur Tour de France : \u00c0 trop jouer les parrains, UAE Team Emirates a fini par \u00e9nerver tout le monde\"><\/a><div class=\"vlp-layout-zone-side\"><div class=\"vlp-block-4 vlp-link-image\"><img loading=\"lazy\" decoding=\"async\" style=\"max-width: 792px;\" width=\"792\" height=\"445\" src=\"https:\/\/dicodusport.fr\/blog\/wp-content\/uploads\/2025\/07\/Billet-dhumeur-Tour-de-France-A-trop-jouer-les-parrains-UAE-Team-Emirates-a-fini-par-enerver-tout-le-monde.png\" class=\"attachment-800x445 size-800x445\" alt=\"Billet d\u2019humeur Tour de France \u00c0 trop jouer les parrains, UAE Team Emirates a fini par \u00e9nerver tout le monde\" srcset=\"https:\/\/dicodusport.fr\/blog\/wp-content\/uploads\/2025\/07\/Billet-dhumeur-Tour-de-France-A-trop-jouer-les-parrains-UAE-Team-Emirates-a-fini-par-enerver-tout-le-monde.png 1200w, https:\/\/dicodusport.fr\/blog\/wp-content\/uploads\/2025\/07\/Billet-dhumeur-Tour-de-France-A-trop-jouer-les-parrains-UAE-Team-Emirates-a-fini-par-enerver-tout-le-monde-300x169.png 300w, https:\/\/dicodusport.fr\/blog\/wp-content\/uploads\/2025\/07\/Billet-dhumeur-Tour-de-France-A-trop-jouer-les-parrains-UAE-Team-Emirates-a-fini-par-enerver-tout-le-monde-1024x575.png 1024w, https:\/\/dicodusport.fr\/blog\/wp-content\/uploads\/2025\/07\/Billet-dhumeur-Tour-de-France-A-trop-jouer-les-parrains-UAE-Team-Emirates-a-fini-par-enerver-tout-le-monde-768x431.png 768w\" sizes=\"auto, (max-width: 792px) 100vw, 792px\" \/><\/div><\/div><div class=\"vlp-layout-zone-main\"><div class=\"vlp-block-0 vlp-link-title\">Billet d\u2019humeur Tour de France : \u00c0 trop jouer les parrains, UAE Team Emirates a fini par \u00e9nerver tout le monde<\/div><div class=\"vlp-block-1 vlp-link-summary\">Nils Politt, en voulant intimider les attaquants du jour sur la 16\u00e8me \u00e9tape ce mardi, a d\u00e9clench\u00e9 une certaine ire du peloton. Une strat\u00e9gie, au mieux douteuse, au pire mafieuse, qui a fini par se retourner contre la formation UAE Team Emirates-XRG.<\/div><div class=\"vlp-block-2 vlp-link-button\">Lire l'article<\/div><div class=\"vlp-block-3 vlp-link-url\">dicodusport.fr<\/div><\/div><\/div>\n","protected":false},"excerpt":{"rendered":"<p>TOUR DE FRANCE &#8211; En marge de l&rsquo;arriv\u00e9e au Mont Ventoux, Richard Virenque s&rsquo;est confi\u00e9 sur l&rsquo;affaire Festina au m\u00e9dia\u00a0DH-Les Sports.<\/p>\n","protected":false},"author":1,"featured_media":597357,"comment_status":"open","ping_status":"closed","sticky":false,"template":"","format":"standard","meta":{"_acf_changed":false,"_daextam_enable_autolinks":"1","footnotes":""},"categories":[46995],"tags":[16878,1416,1262],"class_list":["post-597356","post","type-post","status-publish","format-standard","has-post-thumbnail","hentry","category-tour-de-france","tag-breve","tag-richard-virenque","tag-tour-de-france"],"acf":[],"yoast_head":"<!-- This site is optimized with the Yoast SEO Premium plugin v26.7 (Yoast SEO v26.7) - https:\/\/yoast.com\/wordpress\/plugins\/seo\/ -->\n<title>Richard Virenque : &quot;J&#039;allais gagner le Tour de France 1998&quot;<\/title>\n<meta name=\"description\" content=\"TOUR DE FRANCE - En marge de l&#039;arriv\u00e9e au Mont Ventoux, Richard Virenque s&#039;est confi\u00e9 sur l&#039;affaire Festina au m\u00e9dia\u00a0DH-Les Sports.\" \/>\n<meta name=\"robots\" content=\"index, follow, max-snippet:-1, max-image-preview:large, max-video-preview:-1\" \/>\n<link rel=\"canonical\" href=\"https:\/\/dicodusport.fr\/blog\/richard-virenque-jallais-gagner-le-tour-de-france-1998\/\" \/>\n<meta property=\"og:locale\" content=\"fr_FR\" \/>\n<meta property=\"og:type\" content=\"article\" \/>\n<meta property=\"og:title\" content=\"Richard Virenque : &quot;J&#039;allais gagner le Tour de France 1998&quot;\" \/>\n<meta property=\"og:description\" content=\"TOUR DE FRANCE - En marge de l&#039;arriv\u00e9e au Mont Ventoux, Richard Virenque s&#039;est confi\u00e9 sur l&#039;affaire Festina au m\u00e9dia\u00a0DH-Les Sports.\" \/>\n<meta property=\"og:url\" content=\"https:\/\/dicodusport.fr\/blog\/richard-virenque-jallais-gagner-le-tour-de-france-1998\/\" \/>\n<meta property=\"og:site_name\" content=\"Dicodusport\" \/>\n<meta property=\"article:publisher\" content=\"https:\/\/www.facebook.com\/dicodusport\" \/>\n<meta property=\"article:author\" content=\"https:\/\/www.facebook.com\/dicodusport\" \/>\n<meta property=\"article:published_time\" content=\"2025-07-23T05:38:41+00:00\" \/>\n<meta property=\"article:modified_time\" content=\"2025-07-23T06:00:05+00:00\" \/>\n<meta property=\"og:image\" content=\"https:\/\/dicodusport.fr\/blog\/wp-content\/uploads\/2025\/07\/Richard-Virenque-Jallais-gagner-le-Tour-de-France-1998.png\" \/>\n\t<meta property=\"og:image:width\" content=\"1200\" \/>\n\t<meta property=\"og:image:height\" content=\"674\" \/>\n\t<meta property=\"og:image:type\" content=\"image\/png\" \/>\n<meta name=\"author\" content=\"Nicolas Jacquemard\" \/>\n<meta name=\"twitter:card\" content=\"summary_large_image\" \/>\n<meta name=\"twitter:title\" content=\"Richard Virenque : &quot;J&#039;allais gagner le Tour de France 1998&quot;\" \/>\n<meta name=\"twitter:creator\" content=\"@https:\/\/twitter.com\/Nico_Jacquemard\" \/>\n<meta name=\"twitter:site\" content=\"@dicodusport\" \/>\n<script type=\"application\/ld+json\" class=\"yoast-schema-graph\">{\"@context\":\"https:\/\/schema.org\",\"@graph\":[{\"@type\":\"NewsArticle\",\"@id\":\"https:\/\/dicodusport.fr\/blog\/richard-virenque-jallais-gagner-le-tour-de-france-1998\/#article\",\"isPartOf\":{\"@id\":\"https:\/\/dicodusport.fr\/blog\/richard-virenque-jallais-gagner-le-tour-de-france-1998\/\"},\"author\":{\"name\":\"Nicolas Jacquemard\",\"@id\":\"https:\/\/dicodusport.fr\/blog\/#\/schema\/person\/55dcb50ad410894e431ed812bbb70191\"},\"headline\":\"Richard Virenque : \u00ab\u00a0J&rsquo;allais gagner le Tour de France 1998\u00a0\u00bb\",\"datePublished\":\"2025-07-23T05:38:41+00:00\",\"dateModified\":\"2025-07-23T06:00:05+00:00\",\"mainEntityOfPage\":{\"@id\":\"https:\/\/dicodusport.fr\/blog\/richard-virenque-jallais-gagner-le-tour-de-france-1998\/\"},\"wordCount\":415,\"commentCount\":0,\"publisher\":{\"@id\":\"https:\/\/dicodusport.fr\/blog\/#organization\"},\"image\":{\"@id\":\"https:\/\/dicodusport.fr\/blog\/richard-virenque-jallais-gagner-le-tour-de-france-1998\/#primaryimage\"},\"thumbnailUrl\":\"https:\/\/dicodusport.fr\/blog\/wp-content\/uploads\/2025\/07\/Richard-Virenque-Jallais-gagner-le-Tour-de-France-1998.png\",\"keywords\":[\"br\u00e8ve\",\"Richard Virenque\",\"Tour de France\"],\"articleSection\":[\"Tour de France\"],\"inLanguage\":\"fr-FR\",\"potentialAction\":[{\"@type\":\"CommentAction\",\"name\":\"Comment\",\"target\":[\"https:\/\/dicodusport.fr\/blog\/richard-virenque-jallais-gagner-le-tour-de-france-1998\/#respond\"]}],\"copyrightYear\":\"2025\",\"copyrightHolder\":{\"@id\":\"https:\/\/dicodusport.fr\/blog\/#organization\"}},{\"@type\":\"WebPage\",\"@id\":\"https:\/\/dicodusport.fr\/blog\/richard-virenque-jallais-gagner-le-tour-de-france-1998\/\",\"url\":\"https:\/\/dicodusport.fr\/blog\/richard-virenque-jallais-gagner-le-tour-de-france-1998\/\",\"name\":\"Richard Virenque : \\\"J'allais gagner le Tour de France 1998\\\"\",\"isPartOf\":{\"@id\":\"https:\/\/dicodusport.fr\/blog\/#website\"},\"primaryImageOfPage\":{\"@id\":\"https:\/\/dicodusport.fr\/blog\/richard-virenque-jallais-gagner-le-tour-de-france-1998\/#primaryimage\"},\"image\":{\"@id\":\"https:\/\/dicodusport.fr\/blog\/richard-virenque-jallais-gagner-le-tour-de-france-1998\/#primaryimage\"},\"thumbnailUrl\":\"https:\/\/dicodusport.fr\/blog\/wp-content\/uploads\/2025\/07\/Richard-Virenque-Jallais-gagner-le-Tour-de-France-1998.png\",\"datePublished\":\"2025-07-23T05:38:41+00:00\",\"dateModified\":\"2025-07-23T06:00:05+00:00\",\"description\":\"TOUR DE FRANCE - En marge de l'arriv\u00e9e au Mont Ventoux, Richard Virenque s'est confi\u00e9 sur l'affaire Festina au m\u00e9dia\u00a0DH-Les Sports.\",\"breadcrumb\":{\"@id\":\"https:\/\/dicodusport.fr\/blog\/richard-virenque-jallais-gagner-le-tour-de-france-1998\/#breadcrumb\"},\"inLanguage\":\"fr-FR\",\"potentialAction\":[{\"@type\":\"ReadAction\",\"target\":[\"https:\/\/dicodusport.fr\/blog\/richard-virenque-jallais-gagner-le-tour-de-france-1998\/\"]}]},{\"@type\":\"ImageObject\",\"inLanguage\":\"fr-FR\",\"@id\":\"https:\/\/dicodusport.fr\/blog\/richard-virenque-jallais-gagner-le-tour-de-france-1998\/#primaryimage\",\"url\":\"https:\/\/dicodusport.fr\/blog\/wp-content\/uploads\/2025\/07\/Richard-Virenque-Jallais-gagner-le-Tour-de-France-1998.png\",\"contentUrl\":\"https:\/\/dicodusport.fr\/blog\/wp-content\/uploads\/2025\/07\/Richard-Virenque-Jallais-gagner-le-Tour-de-France-1998.png\",\"width\":1200,\"height\":674},{\"@type\":\"BreadcrumbList\",\"@id\":\"https:\/\/dicodusport.fr\/blog\/richard-virenque-jallais-gagner-le-tour-de-france-1998\/#breadcrumb\",\"itemListElement\":[{\"@type\":\"ListItem\",\"position\":1,\"name\":\"Accueil\",\"item\":\"https:\/\/dicodusport.fr\/blog\/\"},{\"@type\":\"ListItem\",\"position\":2,\"name\":\"Richard Virenque : \u00ab\u00a0J&rsquo;allais gagner le Tour de France 1998\u00a0\u00bb\"}]},{\"@type\":\"WebSite\",\"@id\":\"https:\/\/dicodusport.fr\/blog\/#website\",\"url\":\"https:\/\/dicodusport.fr\/blog\/\",\"name\":\"Dicodusport\",\"description\":\"L&#039;encyclop\u00e9die de l&#039;actualit\u00e9 sportive\",\"publisher\":{\"@id\":\"https:\/\/dicodusport.fr\/blog\/#organization\"},\"potentialAction\":[{\"@type\":\"SearchAction\",\"target\":{\"@type\":\"EntryPoint\",\"urlTemplate\":\"https:\/\/dicodusport.fr\/blog\/?s={search_term_string}\"},\"query-input\":{\"@type\":\"PropertyValueSpecification\",\"valueRequired\":true,\"valueName\":\"search_term_string\"}}],\"inLanguage\":\"fr-FR\"},{\"@type\":\"NewsMediaOrganization\",\"@id\":\"https:\/\/dicodusport.fr\/blog\/#organization\",\"name\":\"Dicodusport\",\"url\":\"https:\/\/dicodusport.fr\/blog\/\",\"logo\":{\"@type\":\"ImageObject\",\"inLanguage\":\"fr-FR\",\"@id\":\"https:\/\/dicodusport.fr\/blog\/#\/schema\/logo\/image\/\",\"url\":\"https:\/\/dicodusport.fr\/blog\/wp-content\/uploads\/2020\/06\/cropped-LOGO-DICODUSPORT-2020-SANS-FOND-SANS-TEXTE.png\",\"contentUrl\":\"https:\/\/dicodusport.fr\/blog\/wp-content\/uploads\/2020\/06\/cropped-LOGO-DICODUSPORT-2020-SANS-FOND-SANS-TEXTE.png\",\"width\":512,\"height\":512,\"caption\":\"Dicodusport\"},\"image\":{\"@id\":\"https:\/\/dicodusport.fr\/blog\/#\/schema\/logo\/image\/\"},\"sameAs\":[\"https:\/\/www.facebook.com\/dicodusport\",\"https:\/\/x.com\/dicodusport\",\"https:\/\/www.instagram.com\/dicodusport\/\",\"https:\/\/www.youtube.com\/channel\/UC7V2KZ5sd3htJivAbA4ZG3w\"],\"description\":\"Dicodusport est l'encyclop\u00e9die de l'actualit\u00e9 sportive.\",\"email\":\"bonjour@dicodusport.fr\",\"legalName\":\"DICODUSPORT\",\"foundingDate\":\"2018-01-14\",\"vatID\":\"FR71834470973\",\"taxID\":\"83447097300043\",\"numberOfEmployees\":{\"@type\":\"QuantitativeValue\",\"minValue\":\"1\",\"maxValue\":\"10\"}},{\"@type\":\"Person\",\"@id\":\"https:\/\/dicodusport.fr\/blog\/#\/schema\/person\/55dcb50ad410894e431ed812bbb70191\",\"name\":\"Nicolas Jacquemard\",\"image\":{\"@type\":\"ImageObject\",\"inLanguage\":\"fr-FR\",\"@id\":\"https:\/\/dicodusport.fr\/blog\/#\/schema\/person\/image\/\",\"url\":\"https:\/\/dicodusport.fr\/blog\/wp-content\/uploads\/2021\/05\/Nicolas-Jacquemard-150x150.jpeg\",\"contentUrl\":\"https:\/\/dicodusport.fr\/blog\/wp-content\/uploads\/2021\/05\/Nicolas-Jacquemard-150x150.jpeg\",\"caption\":\"Nicolas Jacquemard\"},\"description\":\"Passionn\u00e9 de sport et entrepreneur depuis mes 18 ans, la cr\u00e9ation de Dicodusport m'a sembl\u00e9 \u00e9vidente pour participer \u00e0 la m\u00e9diatisation d'un plus grand nombre de sports. Le chemin est long mais avec une \u00e9quipe des plus motiv\u00e9es et les Jeux Olympiques de Paris 2024 en point de mire, nous y arriverons ! Journaliste dans le monde du sport depuis plus de 5 ans, je traite aussi bien de football, de rugby, de biathlon que de cyclisme.\",\"sameAs\":[\"https:\/\/www.facebook.com\/dicodusport\",\"https:\/\/x.com\/https:\/\/twitter.com\/Nico_Jacquemard\"],\"url\":\"https:\/\/dicodusport.fr\/blog\/author\/dicodusport\/\"}]}<\/script>\n<!-- \/ Yoast SEO Premium plugin. -->","yoast_head_json":{"title":"Richard Virenque : \"J'allais gagner le Tour de France 1998\"","description":"TOUR DE FRANCE - En marge de l'arriv\u00e9e au Mont Ventoux, Richard Virenque s'est confi\u00e9 sur l'affaire Festina au m\u00e9dia\u00a0DH-Les Sports.","robots":{"index":"index","follow":"follow","max-snippet":"max-snippet:-1","max-image-preview":"max-image-preview:large","max-video-preview":"max-video-preview:-1"},"canonical":"https:\/\/dicodusport.fr\/blog\/richard-virenque-jallais-gagner-le-tour-de-france-1998\/","og_locale":"fr_FR","og_type":"article","og_title":"Richard Virenque : \"J'allais gagner le Tour de France 1998\"","og_description":"TOUR DE FRANCE - En marge de l'arriv\u00e9e au Mont Ventoux, Richard Virenque s'est confi\u00e9 sur l'affaire Festina au m\u00e9dia\u00a0DH-Les Sports.","og_url":"https:\/\/dicodusport.fr\/blog\/richard-virenque-jallais-gagner-le-tour-de-france-1998\/","og_site_name":"Dicodusport","article_publisher":"https:\/\/www.facebook.com\/dicodusport","article_author":"https:\/\/www.facebook.com\/dicodusport","article_published_time":"2025-07-23T05:38:41+00:00","article_modified_time":"2025-07-23T06:00:05+00:00","og_image":[{"width":1200,"height":674,"url":"https:\/\/dicodusport.fr\/blog\/wp-content\/uploads\/2025\/07\/Richard-Virenque-Jallais-gagner-le-Tour-de-France-1998.png","type":"image\/png"}],"author":"Nicolas Jacquemard","twitter_card":"summary_large_image","twitter_title":"Richard Virenque : \"J'allais gagner le Tour de France 1998\"","twitter_creator":"@https:\/\/twitter.com\/Nico_Jacquemard","twitter_site":"@dicodusport","schema":{"@context":"https:\/\/schema.org","@graph":[{"@type":"NewsArticle","@id":"https:\/\/dicodusport.fr\/blog\/richard-virenque-jallais-gagner-le-tour-de-france-1998\/#article","isPartOf":{"@id":"https:\/\/dicodusport.fr\/blog\/richard-virenque-jallais-gagner-le-tour-de-france-1998\/"},"author":{"name":"Nicolas Jacquemard","@id":"https:\/\/dicodusport.fr\/blog\/#\/schema\/person\/55dcb50ad410894e431ed812bbb70191"},"headline":"Richard Virenque : \u00ab\u00a0J&rsquo;allais gagner le Tour de France 1998\u00a0\u00bb","datePublished":"2025-07-23T05:38:41+00:00","dateModified":"2025-07-23T06:00:05+00:00","mainEntityOfPage":{"@id":"https:\/\/dicodusport.fr\/blog\/richard-virenque-jallais-gagner-le-tour-de-france-1998\/"},"wordCount":415,"commentCount":0,"publisher":{"@id":"https:\/\/dicodusport.fr\/blog\/#organization"},"image":{"@id":"https:\/\/dicodusport.fr\/blog\/richard-virenque-jallais-gagner-le-tour-de-france-1998\/#primaryimage"},"thumbnailUrl":"https:\/\/dicodusport.fr\/blog\/wp-content\/uploads\/2025\/07\/Richard-Virenque-Jallais-gagner-le-Tour-de-France-1998.png","keywords":["br\u00e8ve","Richard Virenque","Tour de France"],"articleSection":["Tour de France"],"inLanguage":"fr-FR","potentialAction":[{"@type":"CommentAction","name":"Comment","target":["https:\/\/dicodusport.fr\/blog\/richard-virenque-jallais-gagner-le-tour-de-france-1998\/#respond"]}],"copyrightYear":"2025","copyrightHolder":{"@id":"https:\/\/dicodusport.fr\/blog\/#organization"}},{"@type":"WebPage","@id":"https:\/\/dicodusport.fr\/blog\/richard-virenque-jallais-gagner-le-tour-de-france-1998\/","url":"https:\/\/dicodusport.fr\/blog\/richard-virenque-jallais-gagner-le-tour-de-france-1998\/","name":"Richard Virenque : \"J'allais gagner le Tour de France 1998\"","isPartOf":{"@id":"https:\/\/dicodusport.fr\/blog\/#website"},"primaryImageOfPage":{"@id":"https:\/\/dicodusport.fr\/blog\/richard-virenque-jallais-gagner-le-tour-de-france-1998\/#primaryimage"},"image":{"@id":"https:\/\/dicodusport.fr\/blog\/richard-virenque-jallais-gagner-le-tour-de-france-1998\/#primaryimage"},"thumbnailUrl":"https:\/\/dicodusport.fr\/blog\/wp-content\/uploads\/2025\/07\/Richard-Virenque-Jallais-gagner-le-Tour-de-France-1998.png","datePublished":"2025-07-23T05:38:41+00:00","dateModified":"2025-07-23T06:00:05+00:00","description":"TOUR DE FRANCE - En marge de l'arriv\u00e9e au Mont Ventoux, Richard Virenque s'est confi\u00e9 sur l'affaire Festina au m\u00e9dia\u00a0DH-Les Sports.","breadcrumb":{"@id":"https:\/\/dicodusport.fr\/blog\/richard-virenque-jallais-gagner-le-tour-de-france-1998\/#breadcrumb"},"inLanguage":"fr-FR","potentialAction":[{"@type":"ReadAction","target":["https:\/\/dicodusport.fr\/blog\/richard-virenque-jallais-gagner-le-tour-de-france-1998\/"]}]},{"@type":"ImageObject","inLanguage":"fr-FR","@id":"https:\/\/dicodusport.fr\/blog\/richard-virenque-jallais-gagner-le-tour-de-france-1998\/#primaryimage","url":"https:\/\/dicodusport.fr\/blog\/wp-content\/uploads\/2025\/07\/Richard-Virenque-Jallais-gagner-le-Tour-de-France-1998.png","contentUrl":"https:\/\/dicodusport.fr\/blog\/wp-content\/uploads\/2025\/07\/Richard-Virenque-Jallais-gagner-le-Tour-de-France-1998.png","width":1200,"height":674},{"@type":"BreadcrumbList","@id":"https:\/\/dicodusport.fr\/blog\/richard-virenque-jallais-gagner-le-tour-de-france-1998\/#breadcrumb","itemListElement":[{"@type":"ListItem","position":1,"name":"Accueil","item":"https:\/\/dicodusport.fr\/blog\/"},{"@type":"ListItem","position":2,"name":"Richard Virenque : \u00ab\u00a0J&rsquo;allais gagner le Tour de France 1998\u00a0\u00bb"}]},{"@type":"WebSite","@id":"https:\/\/dicodusport.fr\/blog\/#website","url":"https:\/\/dicodusport.fr\/blog\/","name":"Dicodusport","description":"L&#039;encyclop\u00e9die de l&#039;actualit\u00e9 sportive","publisher":{"@id":"https:\/\/dicodusport.fr\/blog\/#organization"},"potentialAction":[{"@type":"SearchAction","target":{"@type":"EntryPoint","urlTemplate":"https:\/\/dicodusport.fr\/blog\/?s={search_term_string}"},"query-input":{"@type":"PropertyValueSpecification","valueRequired":true,"valueName":"search_term_string"}}],"inLanguage":"fr-FR"},{"@type":"NewsMediaOrganization","@id":"https:\/\/dicodusport.fr\/blog\/#organization","name":"Dicodusport","url":"https:\/\/dicodusport.fr\/blog\/","logo":{"@type":"ImageObject","inLanguage":"fr-FR","@id":"https:\/\/dicodusport.fr\/blog\/#\/schema\/logo\/image\/","url":"https:\/\/dicodusport.fr\/blog\/wp-content\/uploads\/2020\/06\/cropped-LOGO-DICODUSPORT-2020-SANS-FOND-SANS-TEXTE.png","contentUrl":"https:\/\/dicodusport.fr\/blog\/wp-content\/uploads\/2020\/06\/cropped-LOGO-DICODUSPORT-2020-SANS-FOND-SANS-TEXTE.png","width":512,"height":512,"caption":"Dicodusport"},"image":{"@id":"https:\/\/dicodusport.fr\/blog\/#\/schema\/logo\/image\/"},"sameAs":["https:\/\/www.facebook.com\/dicodusport","https:\/\/x.com\/dicodusport","https:\/\/www.instagram.com\/dicodusport\/","https:\/\/www.youtube.com\/channel\/UC7V2KZ5sd3htJivAbA4ZG3w"],"description":"Dicodusport est l'encyclop\u00e9die de l'actualit\u00e9 sportive.","email":"bonjour@dicodusport.fr","legalName":"DICODUSPORT","foundingDate":"2018-01-14","vatID":"FR71834470973","taxID":"83447097300043","numberOfEmployees":{"@type":"QuantitativeValue","minValue":"1","maxValue":"10"}},{"@type":"Person","@id":"https:\/\/dicodusport.fr\/blog\/#\/schema\/person\/55dcb50ad410894e431ed812bbb70191","name":"Nicolas Jacquemard","image":{"@type":"ImageObject","inLanguage":"fr-FR","@id":"https:\/\/dicodusport.fr\/blog\/#\/schema\/person\/image\/","url":"https:\/\/dicodusport.fr\/blog\/wp-content\/uploads\/2021\/05\/Nicolas-Jacquemard-150x150.jpeg","contentUrl":"https:\/\/dicodusport.fr\/blog\/wp-content\/uploads\/2021\/05\/Nicolas-Jacquemard-150x150.jpeg","caption":"Nicolas Jacquemard"},"description":"Passionn\u00e9 de sport et entrepreneur depuis mes 18 ans, la cr\u00e9ation de Dicodusport m'a sembl\u00e9 \u00e9vidente pour participer \u00e0 la m\u00e9diatisation d'un plus grand nombre de sports. Le chemin est long mais avec une \u00e9quipe des plus motiv\u00e9es et les Jeux Olympiques de Paris 2024 en point de mire, nous y arriverons ! Journaliste dans le monde du sport depuis plus de 5 ans, je traite aussi bien de football, de rugby, de biathlon que de cyclisme.","sameAs":["https:\/\/www.facebook.com\/dicodusport","https:\/\/x.com\/https:\/\/twitter.com\/Nico_Jacquemard"],"url":"https:\/\/dicodusport.fr\/blog\/author\/dicodusport\/"}]}},"_links":{"self":[{"href":"https:\/\/dicodusport.fr\/blog\/wp-json\/wp\/v2\/posts\/597356","targetHints":{"allow":["GET"]}}],"collection":[{"href":"https:\/\/dicodusport.fr\/blog\/wp-json\/wp\/v2\/posts"}],"about":[{"href":"https:\/\/dicodusport.fr\/blog\/wp-json\/wp\/v2\/types\/post"}],"author":[{"embeddable":true,"href":"https:\/\/dicodusport.fr\/blog\/wp-json\/wp\/v2\/users\/1"}],"replies":[{"embeddable":true,"href":"https:\/\/dicodusport.fr\/blog\/wp-json\/wp\/v2\/comments?post=597356"}],"version-history":[{"count":3,"href":"https:\/\/dicodusport.fr\/blog\/wp-json\/wp\/v2\/posts\/597356\/revisions"}],"predecessor-version":[{"id":597360,"href":"https:\/\/dicodusport.fr\/blog\/wp-json\/wp\/v2\/posts\/597356\/revisions\/597360"}],"wp:featuredmedia":[{"embeddable":true,"href":"https:\/\/dicodusport.fr\/blog\/wp-json\/wp\/v2\/media\/597357"}],"wp:attachment":[{"href":"https:\/\/dicodusport.fr\/blog\/wp-json\/wp\/v2\/media?parent=597356"}],"wp:term":[{"taxonomy":"category","embeddable":true,"href":"https:\/\/dicodusport.fr\/blog\/wp-json\/wp\/v2\/categories?post=597356"},{"taxonomy":"post_tag","embeddable":true,"href":"https:\/\/dicodusport.fr\/blog\/wp-json\/wp\/v2\/tags?post=597356"}],"curies":[{"name":"wp","href":"https:\/\/api.w.org\/{rel}","templated":true}]}}