{"id":597518,"date":"2025-07-24T19:59:10","date_gmt":"2025-07-24T17:59:10","guid":{"rendered":"https:\/\/dicodusport.fr\/blog\/?p=597518&#038;preview=true&#038;preview_id=597518"},"modified":"2025-07-24T19:59:10","modified_gmt":"2025-07-24T17:59:10","slug":"championnats-deurope-de-vtt-adrien-boichis-fait-coup-double-en-xcc-le-bronze-en-seniors-le-titre-en-u23","status":"publish","type":"post","link":"https:\/\/dicodusport.fr\/blog\/championnats-deurope-de-vtt-adrien-boichis-fait-coup-double-en-xcc-le-bronze-en-seniors-le-titre-en-u23\/","title":{"rendered":"Championnats d&rsquo;Europe de VTT : Adrien Boichis fait coup double en XCC, le bronze en Seniors, le titre en U23"},"content":{"rendered":"<p style=\"text-align: justify;\"><strong><em>CHAMPIONNATS D&rsquo;EUROPE DE VTT 2025 &#8211; Ce jeudi, Adrien Boichis s&rsquo;est illustr\u00e9 sur le XCC en s&#8217;emparant \u00e0 la fois de la m\u00e9daille de bronze en Seniors et du titre de champion d&rsquo;Europe U23.<\/em><\/strong><\/p>\n<p style=\"text-align: justify;\">Premi\u00e8re journ\u00e9e des<strong> Championnats d\u2019Europe de VTT 2025<\/strong> \u00e0 <strong>Melga\u00e7o<\/strong> (Portugal), et ce sont les femmes qui ont ouvert le bal avec le format court, le XCC.<\/p>\n<h2 style=\"text-align: justify;\">Rissveds domine l&rsquo;\u00e9preuve f\u00e9minine<\/h2>\n<p style=\"text-align: justify;\">D\u00e8s le d\u00e9part, les favorites sont bien pr\u00e9sentes, \u00e0 l\u2019image de <strong>Jenny Rissveds<\/strong>, <strong>Evie Richards<\/strong> ou encore <strong>Nicole Koller<\/strong>. La premi\u00e8re cassure va s\u2019op\u00e9rer dans le second tour o\u00f9 un groupe de 5, compos\u00e9 de <strong>Koller<\/strong>, <strong>Rissveds<\/strong>, <strong>Richards<\/strong>, <strong>Indergand<\/strong> et <strong>Teocchi<\/strong> va s\u2019envoler. La Su\u00e9doise va tenter d\u2019imposer un gros rythme pour esseuler ses adversaires.<\/p>\n<p style=\"text-align: justify;\">C\u2019est Teocchi qui va craquer la premi\u00e8re et perdre seconde apr\u00e8s seconde. \u00c0 l\u2019entame du 9\u00e8me tour, <strong>Rissveds<\/strong> est parvenue \u00e0 prendre quelques m\u00e8tres d\u2019avance.<\/p>\n<p style=\"text-align: justify;\">Un effort qui va lui permettre de garder la 1\u00e8re position jusqu\u2019\u00e0 l\u2019arriv\u00e9e, et de s\u2019offrir le titre de championne d\u2019Europe de XCC. Elle devance <strong>Nicole Koller<\/strong>, qui gagne une place par rapport \u00e0 l&rsquo;\u00e9dition pr\u00e9c\u00e9dente, et <strong>Linda Indergand<\/strong>.<\/p>\n<blockquote class=\"twitter-tweet\">\n<p dir=\"ltr\" lang=\"da\"><a href=\"https:\/\/twitter.com\/hashtag\/EuroMTB25?src=hash&amp;ref_src=twsrc%5Etfw\">#EuroMTB25<\/a> &#8211; XCC Women Elite<\/p>\n<p>1 Rissveds (SWE)<br \/>\n2 Koller (SUI)<br \/>\n3 Indergand (SUI)<\/p>\n<p>\u2014 UEC Cycling (@UEC_cycling) <a href=\"https:\/\/twitter.com\/UEC_cycling\/status\/1948403846335598791?ref_src=twsrc%5Etfw\">July 24, 2025<\/a><\/p><\/blockquote>\n<p><script async src=\"https:\/\/platform.twitter.com\/widgets.js\" charset=\"utf-8\"><\/script><\/p>\n<p style=\"text-align: justify;\"><span style=\"font-size: 14px;\"><em><strong>\u00c9crit par <a href=\"https:\/\/dicodusport.fr\/blog\/author\/louka-lesueur\/\">Louka Lesueur<\/a>.<\/strong><\/em><\/span><\/p>\n<ul>\n<li style=\"text-align: justify;\"><strong>\u00c0 ce sujet &#8211; <a href=\"https:\/\/dicodusport.fr\/blog\/championnats-deurope-de-vtt-classement-xcc-femmes\/\">Championnats d\u2019Europe de VTT : Classement XCC Femmes<\/a><\/strong><\/li>\n<\/ul>\n<h2 style=\"text-align: justify;\">Adrien Boichis se fait sa place chez les grands<\/h2>\n<p style=\"text-align: justify;\">Quelques minutes plus tard, les hommes sont entr\u00e9s en piste \u00e0 leur tour. Disposant de plusieurs cartes \u00e0 jouer, l&rsquo;\u00e9quipe de France comptait bien ouvrir son compteur de m\u00e9dailles. Si l&rsquo;on attendait les plus exp\u00e9riment\u00e9s <strong>Jordan Sarrou <\/strong>ou <strong>Joshua Dubau<\/strong>, c&rsquo;est bien le jeune <strong>Adrien Boichis<\/strong> qui est sorti du lot. Constamment plac\u00e9 dans le Top 10, le Fran\u00e7ais a su s&rsquo;immiscer dans la bataille entre les coureurs suisses, danois et italiens. S&rsquo;il n&rsquo;a rien pu faire pour contrecarrer la victoire autoritaire de <strong>Luca Sch\u00e4tti<\/strong>, construite suite \u00e0 une attaque d\u00e8s le 3\u00e8me tour, le Tricolore a tenu le rythme pour aller chercher la 3\u00e8me place sur le podium, derri\u00e8re un autre Suisse, <strong>Thomas Litscher<\/strong>.<\/p>\n<p style=\"text-align: justify;\">\u00c0 22 ans, il d\u00e9croche donc l\u00e0 sa premi\u00e8re m\u00e9daille europ\u00e9enne en raflant le bronze. Il met \u00e9galement un terme \u00e0 5 ans de disette pour les Bleus en XCC, la derni\u00e8re breloque remontant \u00e0 2020 (argent pour Titouan Carod). Par ailleurs, son excellent classement en Seniors lui a permis de s&#8217;emparer du <strong>titre U23<\/strong> pour la deuxi\u00e8me fois de sa carri\u00e8re, apr\u00e8s celui d\u00e9croch\u00e9 en 2023. La journ\u00e9e est donc pleinement r\u00e9ussie pour la jeune p\u00e9pite fran\u00e7aise.<\/p>\n<blockquote class=\"twitter-tweet\">\n<p dir=\"ltr\" lang=\"fr\"><a href=\"https:\/\/twitter.com\/hashtag\/EuroMTB25?src=hash&amp;ref_src=twsrc%5Etfw\">#EuroMTB25<\/a> &#8211; XCC Men Elite<\/p>\n<p>1 Schatti (SUI)<br \/>\n2 Litscher (SUI)<br \/>\n3 Boichis (FRA)<\/p>\n<p>\u2014 UEC Cycling (@UEC_cycling) <a href=\"https:\/\/twitter.com\/UEC_cycling\/status\/1948415774177026075?ref_src=twsrc%5Etfw\">July 24, 2025<\/a><\/p><\/blockquote>\n<p><script async src=\"https:\/\/platform.twitter.com\/widgets.js\" charset=\"utf-8\"><\/script><\/p>\n<p style=\"text-align: justify;\"><span style=\"font-size: 14px;\"><em><strong>\u00c9crit par <a href=\"https:\/\/dicodusport.fr\/blog\/author\/maximec\/\">Maxime Cazenave<\/a>.<\/strong><\/em><\/span><\/p>\n<ul>\n<li style=\"text-align: justify;\"><strong>\u00c0 ce sujet &#8211; <a href=\"https:\/\/dicodusport.fr\/blog\/championnats-deurope-de-vtt-classement-xcc-hommes\/\">Championnats d\u2019Europe de VTT : Classement XCC Hommes<\/a><\/strong><\/li>\n<\/ul>\n","protected":false},"excerpt":{"rendered":"<p>Ce jeudi, Adrien Boichis s&rsquo;est illustr\u00e9 sur le XCC en s&#8217;emparant \u00e0 la fois de la m\u00e9daille de bronze en Seniors et du titre de champion d&rsquo;Europe U23.<\/p>\n","protected":false},"author":89,"featured_media":597698,"comment_status":"open","ping_status":"closed","sticky":false,"template":"","format":"standard","meta":{"_acf_changed":false,"_daextam_enable_autolinks":"1","footnotes":""},"categories":[10279],"tags":[16878,4111,18860,24673],"class_list":["post-597518","post","type-post","status-publish","format-standard","has-post-thumbnail","hentry","category-vtt","tag-breve","tag-vtt-cross-country","tag-vtt-short-track","tag-vtt-xcc"],"acf":[],"yoast_head":"<!-- This site is optimized with the Yoast SEO Premium plugin v26.7 (Yoast SEO v26.7) - https:\/\/yoast.com\/wordpress\/plugins\/seo\/ -->\n<title>Championnats d&#039;Europe de VTT : Adrien Boichis fait coup double en XCC, le bronze en Seniors, le titre en U23<\/title>\n<meta name=\"description\" content=\"CHAMPIONNATS D&#039;EUROPE DE VTT 2025 - Ce jeudi, Adrien Boichis s&#039;est illustr\u00e9 sur le XCC en s&#039;emparant \u00e0 la fois de la m\u00e9daille de bronze en Seniors et du titre de champion d&#039;Europe U23.\" \/>\n<meta name=\"robots\" content=\"index, follow, max-snippet:-1, max-image-preview:large, max-video-preview:-1\" \/>\n<link rel=\"canonical\" href=\"https:\/\/dicodusport.fr\/blog\/championnats-deurope-de-vtt-adrien-boichis-fait-coup-double-en-xcc-le-bronze-en-seniors-le-titre-en-u23\/\" \/>\n<meta property=\"og:locale\" content=\"fr_FR\" \/>\n<meta property=\"og:type\" content=\"article\" \/>\n<meta property=\"og:title\" content=\"Championnats d&#039;Europe de VTT : Adrien Boichis fait coup double en XCC, le bronze en Seniors, le titre en U23\" \/>\n<meta property=\"og:description\" content=\"CHAMPIONNATS D&#039;EUROPE DE VTT 2025 - Ce jeudi, Adrien Boichis a brill\u00e9 sur le XCC en s&#039;emparant du bronze en Seniors et du titre en U23.\" \/>\n<meta property=\"og:url\" content=\"https:\/\/dicodusport.fr\/blog\/championnats-deurope-de-vtt-adrien-boichis-fait-coup-double-en-xcc-le-bronze-en-seniors-le-titre-en-u23\/\" \/>\n<meta property=\"og:site_name\" content=\"Dicodusport\" \/>\n<meta property=\"article:publisher\" content=\"https:\/\/www.facebook.com\/dicodusport\" \/>\n<meta property=\"article:published_time\" content=\"2025-07-24T17:59:10+00:00\" \/>\n<meta property=\"og:image\" content=\"https:\/\/dicodusport.fr\/blog\/wp-content\/uploads\/2025\/07\/Championnats-dEurope-de-VTT-Adrien-Boichis-fait-coup-double-en-XCC-le-bronze-en-Seniors-le-titre-en-U23.png\" \/>\n\t<meta property=\"og:image:width\" content=\"1200\" \/>\n\t<meta property=\"og:image:height\" content=\"674\" \/>\n\t<meta property=\"og:image:type\" content=\"image\/png\" \/>\n<meta name=\"author\" content=\"Louka Lesueur\" \/>\n<meta name=\"twitter:card\" content=\"summary_large_image\" \/>\n<meta name=\"twitter:description\" content=\"CHAMPIONNATS D&#039;EUROPE DE VTT 2025 - Ce jeudi, Adrien Boichis a brill\u00e9 sur le XCC en s&#039;emparant du bronze en Seniors et du titre en U23.\" \/>\n<meta name=\"twitter:creator\" content=\"@https:\/\/twitter.com\/LNewsSF\" \/>\n<meta name=\"twitter:site\" content=\"@dicodusport\" \/>\n<script type=\"application\/ld+json\" class=\"yoast-schema-graph\">{\"@context\":\"https:\/\/schema.org\",\"@graph\":[{\"@type\":\"NewsArticle\",\"@id\":\"https:\/\/dicodusport.fr\/blog\/championnats-deurope-de-vtt-adrien-boichis-fait-coup-double-en-xcc-le-bronze-en-seniors-le-titre-en-u23\/#article\",\"isPartOf\":{\"@id\":\"https:\/\/dicodusport.fr\/blog\/championnats-deurope-de-vtt-adrien-boichis-fait-coup-double-en-xcc-le-bronze-en-seniors-le-titre-en-u23\/\"},\"author\":{\"name\":\"Louka Lesueur\",\"@id\":\"https:\/\/dicodusport.fr\/blog\/#\/schema\/person\/54b6cdccebdfcd5a1036c594aecffc2a\"},\"headline\":\"Championnats d&rsquo;Europe de VTT : Adrien Boichis fait coup double en XCC, le bronze en Seniors, le titre en U23\",\"datePublished\":\"2025-07-24T17:59:10+00:00\",\"mainEntityOfPage\":{\"@id\":\"https:\/\/dicodusport.fr\/blog\/championnats-deurope-de-vtt-adrien-boichis-fait-coup-double-en-xcc-le-bronze-en-seniors-le-titre-en-u23\/\"},\"wordCount\":510,\"commentCount\":0,\"publisher\":{\"@id\":\"https:\/\/dicodusport.fr\/blog\/#organization\"},\"image\":{\"@id\":\"https:\/\/dicodusport.fr\/blog\/championnats-deurope-de-vtt-adrien-boichis-fait-coup-double-en-xcc-le-bronze-en-seniors-le-titre-en-u23\/#primaryimage\"},\"thumbnailUrl\":\"https:\/\/dicodusport.fr\/blog\/wp-content\/uploads\/2025\/07\/Championnats-dEurope-de-VTT-Adrien-Boichis-fait-coup-double-en-XCC-le-bronze-en-Seniors-le-titre-en-U23.png\",\"keywords\":[\"br\u00e8ve\",\"VTT cross country\",\"VTT Short-track\",\"VTT XCC\"],\"articleSection\":[\"VTT\"],\"inLanguage\":\"fr-FR\",\"potentialAction\":[{\"@type\":\"CommentAction\",\"name\":\"Comment\",\"target\":[\"https:\/\/dicodusport.fr\/blog\/championnats-deurope-de-vtt-adrien-boichis-fait-coup-double-en-xcc-le-bronze-en-seniors-le-titre-en-u23\/#respond\"]}],\"copyrightYear\":\"2025\",\"copyrightHolder\":{\"@id\":\"https:\/\/dicodusport.fr\/blog\/#organization\"}},{\"@type\":\"WebPage\",\"@id\":\"https:\/\/dicodusport.fr\/blog\/championnats-deurope-de-vtt-adrien-boichis-fait-coup-double-en-xcc-le-bronze-en-seniors-le-titre-en-u23\/\",\"url\":\"https:\/\/dicodusport.fr\/blog\/championnats-deurope-de-vtt-adrien-boichis-fait-coup-double-en-xcc-le-bronze-en-seniors-le-titre-en-u23\/\",\"name\":\"Championnats d'Europe de VTT : Adrien Boichis fait coup double en XCC, le bronze en Seniors, le titre en U23\",\"isPartOf\":{\"@id\":\"https:\/\/dicodusport.fr\/blog\/#website\"},\"primaryImageOfPage\":{\"@id\":\"https:\/\/dicodusport.fr\/blog\/championnats-deurope-de-vtt-adrien-boichis-fait-coup-double-en-xcc-le-bronze-en-seniors-le-titre-en-u23\/#primaryimage\"},\"image\":{\"@id\":\"https:\/\/dicodusport.fr\/blog\/championnats-deurope-de-vtt-adrien-boichis-fait-coup-double-en-xcc-le-bronze-en-seniors-le-titre-en-u23\/#primaryimage\"},\"thumbnailUrl\":\"https:\/\/dicodusport.fr\/blog\/wp-content\/uploads\/2025\/07\/Championnats-dEurope-de-VTT-Adrien-Boichis-fait-coup-double-en-XCC-le-bronze-en-Seniors-le-titre-en-U23.png\",\"datePublished\":\"2025-07-24T17:59:10+00:00\",\"description\":\"CHAMPIONNATS D'EUROPE DE VTT 2025 - Ce jeudi, Adrien Boichis s'est illustr\u00e9 sur le XCC en s'emparant \u00e0 la fois de la m\u00e9daille de bronze en Seniors et du titre de champion d'Europe U23.\",\"breadcrumb\":{\"@id\":\"https:\/\/dicodusport.fr\/blog\/championnats-deurope-de-vtt-adrien-boichis-fait-coup-double-en-xcc-le-bronze-en-seniors-le-titre-en-u23\/#breadcrumb\"},\"inLanguage\":\"fr-FR\",\"potentialAction\":[{\"@type\":\"ReadAction\",\"target\":[\"https:\/\/dicodusport.fr\/blog\/championnats-deurope-de-vtt-adrien-boichis-fait-coup-double-en-xcc-le-bronze-en-seniors-le-titre-en-u23\/\"]}]},{\"@type\":\"ImageObject\",\"inLanguage\":\"fr-FR\",\"@id\":\"https:\/\/dicodusport.fr\/blog\/championnats-deurope-de-vtt-adrien-boichis-fait-coup-double-en-xcc-le-bronze-en-seniors-le-titre-en-u23\/#primaryimage\",\"url\":\"https:\/\/dicodusport.fr\/blog\/wp-content\/uploads\/2025\/07\/Championnats-dEurope-de-VTT-Adrien-Boichis-fait-coup-double-en-XCC-le-bronze-en-Seniors-le-titre-en-U23.png\",\"contentUrl\":\"https:\/\/dicodusport.fr\/blog\/wp-content\/uploads\/2025\/07\/Championnats-dEurope-de-VTT-Adrien-Boichis-fait-coup-double-en-XCC-le-bronze-en-Seniors-le-titre-en-U23.png\",\"width\":1200,\"height\":674,\"caption\":\"Championnats d'Europe de VTT Adrien Boichis fait coup double en XCC, le bronze en Seniors, le titre en U23\"},{\"@type\":\"BreadcrumbList\",\"@id\":\"https:\/\/dicodusport.fr\/blog\/championnats-deurope-de-vtt-adrien-boichis-fait-coup-double-en-xcc-le-bronze-en-seniors-le-titre-en-u23\/#breadcrumb\",\"itemListElement\":[{\"@type\":\"ListItem\",\"position\":1,\"name\":\"Accueil\",\"item\":\"https:\/\/dicodusport.fr\/blog\/\"},{\"@type\":\"ListItem\",\"position\":2,\"name\":\"Championnats d&rsquo;Europe de VTT : Adrien Boichis fait coup double en XCC, le bronze en Seniors, le titre en U23\"}]},{\"@type\":\"WebSite\",\"@id\":\"https:\/\/dicodusport.fr\/blog\/#website\",\"url\":\"https:\/\/dicodusport.fr\/blog\/\",\"name\":\"Dicodusport\",\"description\":\"L&#039;encyclop\u00e9die de l&#039;actualit\u00e9 sportive\",\"publisher\":{\"@id\":\"https:\/\/dicodusport.fr\/blog\/#organization\"},\"potentialAction\":[{\"@type\":\"SearchAction\",\"target\":{\"@type\":\"EntryPoint\",\"urlTemplate\":\"https:\/\/dicodusport.fr\/blog\/?s={search_term_string}\"},\"query-input\":{\"@type\":\"PropertyValueSpecification\",\"valueRequired\":true,\"valueName\":\"search_term_string\"}}],\"inLanguage\":\"fr-FR\"},{\"@type\":\"NewsMediaOrganization\",\"@id\":\"https:\/\/dicodusport.fr\/blog\/#organization\",\"name\":\"Dicodusport\",\"url\":\"https:\/\/dicodusport.fr\/blog\/\",\"logo\":{\"@type\":\"ImageObject\",\"inLanguage\":\"fr-FR\",\"@id\":\"https:\/\/dicodusport.fr\/blog\/#\/schema\/logo\/image\/\",\"url\":\"https:\/\/dicodusport.fr\/blog\/wp-content\/uploads\/2020\/06\/cropped-LOGO-DICODUSPORT-2020-SANS-FOND-SANS-TEXTE.png\",\"contentUrl\":\"https:\/\/dicodusport.fr\/blog\/wp-content\/uploads\/2020\/06\/cropped-LOGO-DICODUSPORT-2020-SANS-FOND-SANS-TEXTE.png\",\"width\":512,\"height\":512,\"caption\":\"Dicodusport\"},\"image\":{\"@id\":\"https:\/\/dicodusport.fr\/blog\/#\/schema\/logo\/image\/\"},\"sameAs\":[\"https:\/\/www.facebook.com\/dicodusport\",\"https:\/\/x.com\/dicodusport\",\"https:\/\/www.instagram.com\/dicodusport\/\",\"https:\/\/www.youtube.com\/channel\/UC7V2KZ5sd3htJivAbA4ZG3w\"],\"description\":\"Dicodusport est l'encyclop\u00e9die de l'actualit\u00e9 sportive.\",\"email\":\"bonjour@dicodusport.fr\",\"legalName\":\"DICODUSPORT\",\"foundingDate\":\"2018-01-14\",\"vatID\":\"FR71834470973\",\"taxID\":\"83447097300043\",\"numberOfEmployees\":{\"@type\":\"QuantitativeValue\",\"minValue\":\"1\",\"maxValue\":\"10\"}},{\"@type\":\"Person\",\"@id\":\"https:\/\/dicodusport.fr\/blog\/#\/schema\/person\/54b6cdccebdfcd5a1036c594aecffc2a\",\"name\":\"Louka Lesueur\",\"image\":{\"@type\":\"ImageObject\",\"inLanguage\":\"fr-FR\",\"@id\":\"https:\/\/dicodusport.fr\/blog\/#\/schema\/person\/image\/\",\"url\":\"https:\/\/dicodusport.fr\/blog\/wp-content\/uploads\/2023\/09\/IMG_2783-150x150.jpeg\",\"contentUrl\":\"https:\/\/dicodusport.fr\/blog\/wp-content\/uploads\/2023\/09\/IMG_2783-150x150.jpeg\",\"caption\":\"Louka Lesueur\"},\"description\":\"Passionn\u00e9 depuis tout petit par les exploits de Bolt, Fourcade, Riner, Lavillenie, Wilkinson, Hirscher. Les \u00e9motions provoqu\u00e9es par le sport ont berc\u00e9 mon enfance et continuent de le faire aujourd'hui. C'est ainsi qu'il m'est arriv\u00e9 de pleurer devant la d\u00e9faite des Bleus face aux Blacks en 2011, ou encore devant le titre olympique de Florent Manaudou \u00e0 Londres. Bien loin de ce milieu professionnel, j'ai os\u00e9 tenter ma chance pour rejoindre l'\u00e9quipe de r\u00e9daction de Dicodusport, et depuis septembre 2023, je tente de retransmettre au mieux les exploits des athl\u00e8tes, tous sports confondus. Grand chauvin, c'est bel et bien sur les sportifs tricolores que je pr\u00e9f\u00e8re \u00e9crire.\",\"sameAs\":[\"https:\/\/x.com\/https:\/\/twitter.com\/LNewsSF\"],\"gender\":\"Homme\",\"worksFor\":\"Louka LESUEUR\",\"url\":\"https:\/\/dicodusport.fr\/blog\/author\/louka-lesueur\/\"}]}<\/script>\n<!-- \/ Yoast SEO Premium plugin. -->","yoast_head_json":{"title":"Championnats d'Europe de VTT : Adrien Boichis fait coup double en XCC, le bronze en Seniors, le titre en U23","description":"CHAMPIONNATS D'EUROPE DE VTT 2025 - Ce jeudi, Adrien Boichis s'est illustr\u00e9 sur le XCC en s'emparant \u00e0 la fois de la m\u00e9daille de bronze en Seniors et du titre de champion d'Europe U23.","robots":{"index":"index","follow":"follow","max-snippet":"max-snippet:-1","max-image-preview":"max-image-preview:large","max-video-preview":"max-video-preview:-1"},"canonical":"https:\/\/dicodusport.fr\/blog\/championnats-deurope-de-vtt-adrien-boichis-fait-coup-double-en-xcc-le-bronze-en-seniors-le-titre-en-u23\/","og_locale":"fr_FR","og_type":"article","og_title":"Championnats d'Europe de VTT : Adrien Boichis fait coup double en XCC, le bronze en Seniors, le titre en U23","og_description":"CHAMPIONNATS D'EUROPE DE VTT 2025 - Ce jeudi, Adrien Boichis a brill\u00e9 sur le XCC en s'emparant du bronze en Seniors et du titre en U23.","og_url":"https:\/\/dicodusport.fr\/blog\/championnats-deurope-de-vtt-adrien-boichis-fait-coup-double-en-xcc-le-bronze-en-seniors-le-titre-en-u23\/","og_site_name":"Dicodusport","article_publisher":"https:\/\/www.facebook.com\/dicodusport","article_published_time":"2025-07-24T17:59:10+00:00","og_image":[{"width":1200,"height":674,"url":"https:\/\/dicodusport.fr\/blog\/wp-content\/uploads\/2025\/07\/Championnats-dEurope-de-VTT-Adrien-Boichis-fait-coup-double-en-XCC-le-bronze-en-Seniors-le-titre-en-U23.png","type":"image\/png"}],"author":"Louka Lesueur","twitter_card":"summary_large_image","twitter_description":"CHAMPIONNATS D'EUROPE DE VTT 2025 - Ce jeudi, Adrien Boichis a brill\u00e9 sur le XCC en s'emparant du bronze en Seniors et du titre en U23.","twitter_creator":"@https:\/\/twitter.com\/LNewsSF","twitter_site":"@dicodusport","schema":{"@context":"https:\/\/schema.org","@graph":[{"@type":"NewsArticle","@id":"https:\/\/dicodusport.fr\/blog\/championnats-deurope-de-vtt-adrien-boichis-fait-coup-double-en-xcc-le-bronze-en-seniors-le-titre-en-u23\/#article","isPartOf":{"@id":"https:\/\/dicodusport.fr\/blog\/championnats-deurope-de-vtt-adrien-boichis-fait-coup-double-en-xcc-le-bronze-en-seniors-le-titre-en-u23\/"},"author":{"name":"Louka Lesueur","@id":"https:\/\/dicodusport.fr\/blog\/#\/schema\/person\/54b6cdccebdfcd5a1036c594aecffc2a"},"headline":"Championnats d&rsquo;Europe de VTT : Adrien Boichis fait coup double en XCC, le bronze en Seniors, le titre en U23","datePublished":"2025-07-24T17:59:10+00:00","mainEntityOfPage":{"@id":"https:\/\/dicodusport.fr\/blog\/championnats-deurope-de-vtt-adrien-boichis-fait-coup-double-en-xcc-le-bronze-en-seniors-le-titre-en-u23\/"},"wordCount":510,"commentCount":0,"publisher":{"@id":"https:\/\/dicodusport.fr\/blog\/#organization"},"image":{"@id":"https:\/\/dicodusport.fr\/blog\/championnats-deurope-de-vtt-adrien-boichis-fait-coup-double-en-xcc-le-bronze-en-seniors-le-titre-en-u23\/#primaryimage"},"thumbnailUrl":"https:\/\/dicodusport.fr\/blog\/wp-content\/uploads\/2025\/07\/Championnats-dEurope-de-VTT-Adrien-Boichis-fait-coup-double-en-XCC-le-bronze-en-Seniors-le-titre-en-U23.png","keywords":["br\u00e8ve","VTT cross country","VTT Short-track","VTT XCC"],"articleSection":["VTT"],"inLanguage":"fr-FR","potentialAction":[{"@type":"CommentAction","name":"Comment","target":["https:\/\/dicodusport.fr\/blog\/championnats-deurope-de-vtt-adrien-boichis-fait-coup-double-en-xcc-le-bronze-en-seniors-le-titre-en-u23\/#respond"]}],"copyrightYear":"2025","copyrightHolder":{"@id":"https:\/\/dicodusport.fr\/blog\/#organization"}},{"@type":"WebPage","@id":"https:\/\/dicodusport.fr\/blog\/championnats-deurope-de-vtt-adrien-boichis-fait-coup-double-en-xcc-le-bronze-en-seniors-le-titre-en-u23\/","url":"https:\/\/dicodusport.fr\/blog\/championnats-deurope-de-vtt-adrien-boichis-fait-coup-double-en-xcc-le-bronze-en-seniors-le-titre-en-u23\/","name":"Championnats d'Europe de VTT : Adrien Boichis fait coup double en XCC, le bronze en Seniors, le titre en U23","isPartOf":{"@id":"https:\/\/dicodusport.fr\/blog\/#website"},"primaryImageOfPage":{"@id":"https:\/\/dicodusport.fr\/blog\/championnats-deurope-de-vtt-adrien-boichis-fait-coup-double-en-xcc-le-bronze-en-seniors-le-titre-en-u23\/#primaryimage"},"image":{"@id":"https:\/\/dicodusport.fr\/blog\/championnats-deurope-de-vtt-adrien-boichis-fait-coup-double-en-xcc-le-bronze-en-seniors-le-titre-en-u23\/#primaryimage"},"thumbnailUrl":"https:\/\/dicodusport.fr\/blog\/wp-content\/uploads\/2025\/07\/Championnats-dEurope-de-VTT-Adrien-Boichis-fait-coup-double-en-XCC-le-bronze-en-Seniors-le-titre-en-U23.png","datePublished":"2025-07-24T17:59:10+00:00","description":"CHAMPIONNATS D'EUROPE DE VTT 2025 - Ce jeudi, Adrien Boichis s'est illustr\u00e9 sur le XCC en s'emparant \u00e0 la fois de la m\u00e9daille de bronze en Seniors et du titre de champion d'Europe U23.","breadcrumb":{"@id":"https:\/\/dicodusport.fr\/blog\/championnats-deurope-de-vtt-adrien-boichis-fait-coup-double-en-xcc-le-bronze-en-seniors-le-titre-en-u23\/#breadcrumb"},"inLanguage":"fr-FR","potentialAction":[{"@type":"ReadAction","target":["https:\/\/dicodusport.fr\/blog\/championnats-deurope-de-vtt-adrien-boichis-fait-coup-double-en-xcc-le-bronze-en-seniors-le-titre-en-u23\/"]}]},{"@type":"ImageObject","inLanguage":"fr-FR","@id":"https:\/\/dicodusport.fr\/blog\/championnats-deurope-de-vtt-adrien-boichis-fait-coup-double-en-xcc-le-bronze-en-seniors-le-titre-en-u23\/#primaryimage","url":"https:\/\/dicodusport.fr\/blog\/wp-content\/uploads\/2025\/07\/Championnats-dEurope-de-VTT-Adrien-Boichis-fait-coup-double-en-XCC-le-bronze-en-Seniors-le-titre-en-U23.png","contentUrl":"https:\/\/dicodusport.fr\/blog\/wp-content\/uploads\/2025\/07\/Championnats-dEurope-de-VTT-Adrien-Boichis-fait-coup-double-en-XCC-le-bronze-en-Seniors-le-titre-en-U23.png","width":1200,"height":674,"caption":"Championnats d'Europe de VTT Adrien Boichis fait coup double en XCC, le bronze en Seniors, le titre en U23"},{"@type":"BreadcrumbList","@id":"https:\/\/dicodusport.fr\/blog\/championnats-deurope-de-vtt-adrien-boichis-fait-coup-double-en-xcc-le-bronze-en-seniors-le-titre-en-u23\/#breadcrumb","itemListElement":[{"@type":"ListItem","position":1,"name":"Accueil","item":"https:\/\/dicodusport.fr\/blog\/"},{"@type":"ListItem","position":2,"name":"Championnats d&rsquo;Europe de VTT : Adrien Boichis fait coup double en XCC, le bronze en Seniors, le titre en U23"}]},{"@type":"WebSite","@id":"https:\/\/dicodusport.fr\/blog\/#website","url":"https:\/\/dicodusport.fr\/blog\/","name":"Dicodusport","description":"L&#039;encyclop\u00e9die de l&#039;actualit\u00e9 sportive","publisher":{"@id":"https:\/\/dicodusport.fr\/blog\/#organization"},"potentialAction":[{"@type":"SearchAction","target":{"@type":"EntryPoint","urlTemplate":"https:\/\/dicodusport.fr\/blog\/?s={search_term_string}"},"query-input":{"@type":"PropertyValueSpecification","valueRequired":true,"valueName":"search_term_string"}}],"inLanguage":"fr-FR"},{"@type":"NewsMediaOrganization","@id":"https:\/\/dicodusport.fr\/blog\/#organization","name":"Dicodusport","url":"https:\/\/dicodusport.fr\/blog\/","logo":{"@type":"ImageObject","inLanguage":"fr-FR","@id":"https:\/\/dicodusport.fr\/blog\/#\/schema\/logo\/image\/","url":"https:\/\/dicodusport.fr\/blog\/wp-content\/uploads\/2020\/06\/cropped-LOGO-DICODUSPORT-2020-SANS-FOND-SANS-TEXTE.png","contentUrl":"https:\/\/dicodusport.fr\/blog\/wp-content\/uploads\/2020\/06\/cropped-LOGO-DICODUSPORT-2020-SANS-FOND-SANS-TEXTE.png","width":512,"height":512,"caption":"Dicodusport"},"image":{"@id":"https:\/\/dicodusport.fr\/blog\/#\/schema\/logo\/image\/"},"sameAs":["https:\/\/www.facebook.com\/dicodusport","https:\/\/x.com\/dicodusport","https:\/\/www.instagram.com\/dicodusport\/","https:\/\/www.youtube.com\/channel\/UC7V2KZ5sd3htJivAbA4ZG3w"],"description":"Dicodusport est l'encyclop\u00e9die de l'actualit\u00e9 sportive.","email":"bonjour@dicodusport.fr","legalName":"DICODUSPORT","foundingDate":"2018-01-14","vatID":"FR71834470973","taxID":"83447097300043","numberOfEmployees":{"@type":"QuantitativeValue","minValue":"1","maxValue":"10"}},{"@type":"Person","@id":"https:\/\/dicodusport.fr\/blog\/#\/schema\/person\/54b6cdccebdfcd5a1036c594aecffc2a","name":"Louka Lesueur","image":{"@type":"ImageObject","inLanguage":"fr-FR","@id":"https:\/\/dicodusport.fr\/blog\/#\/schema\/person\/image\/","url":"https:\/\/dicodusport.fr\/blog\/wp-content\/uploads\/2023\/09\/IMG_2783-150x150.jpeg","contentUrl":"https:\/\/dicodusport.fr\/blog\/wp-content\/uploads\/2023\/09\/IMG_2783-150x150.jpeg","caption":"Louka Lesueur"},"description":"Passionn\u00e9 depuis tout petit par les exploits de Bolt, Fourcade, Riner, Lavillenie, Wilkinson, Hirscher. Les \u00e9motions provoqu\u00e9es par le sport ont berc\u00e9 mon enfance et continuent de le faire aujourd'hui. C'est ainsi qu'il m'est arriv\u00e9 de pleurer devant la d\u00e9faite des Bleus face aux Blacks en 2011, ou encore devant le titre olympique de Florent Manaudou \u00e0 Londres. Bien loin de ce milieu professionnel, j'ai os\u00e9 tenter ma chance pour rejoindre l'\u00e9quipe de r\u00e9daction de Dicodusport, et depuis septembre 2023, je tente de retransmettre au mieux les exploits des athl\u00e8tes, tous sports confondus. Grand chauvin, c'est bel et bien sur les sportifs tricolores que je pr\u00e9f\u00e8re \u00e9crire.","sameAs":["https:\/\/x.com\/https:\/\/twitter.com\/LNewsSF"],"gender":"Homme","worksFor":"Louka LESUEUR","url":"https:\/\/dicodusport.fr\/blog\/author\/louka-lesueur\/"}]}},"_links":{"self":[{"href":"https:\/\/dicodusport.fr\/blog\/wp-json\/wp\/v2\/posts\/597518","targetHints":{"allow":["GET"]}}],"collection":[{"href":"https:\/\/dicodusport.fr\/blog\/wp-json\/wp\/v2\/posts"}],"about":[{"href":"https:\/\/dicodusport.fr\/blog\/wp-json\/wp\/v2\/types\/post"}],"author":[{"embeddable":true,"href":"https:\/\/dicodusport.fr\/blog\/wp-json\/wp\/v2\/users\/89"}],"replies":[{"embeddable":true,"href":"https:\/\/dicodusport.fr\/blog\/wp-json\/wp\/v2\/comments?post=597518"}],"version-history":[{"count":5,"href":"https:\/\/dicodusport.fr\/blog\/wp-json\/wp\/v2\/posts\/597518\/revisions"}],"predecessor-version":[{"id":597705,"href":"https:\/\/dicodusport.fr\/blog\/wp-json\/wp\/v2\/posts\/597518\/revisions\/597705"}],"wp:featuredmedia":[{"embeddable":true,"href":"https:\/\/dicodusport.fr\/blog\/wp-json\/wp\/v2\/media\/597698"}],"wp:attachment":[{"href":"https:\/\/dicodusport.fr\/blog\/wp-json\/wp\/v2\/media?parent=597518"}],"wp:term":[{"taxonomy":"category","embeddable":true,"href":"https:\/\/dicodusport.fr\/blog\/wp-json\/wp\/v2\/categories?post=597518"},{"taxonomy":"post_tag","embeddable":true,"href":"https:\/\/dicodusport.fr\/blog\/wp-json\/wp\/v2\/tags?post=597518"}],"curies":[{"name":"wp","href":"https:\/\/api.w.org\/{rel}","templated":true}]}}