{"id":597549,"date":"2025-07-24T11:16:51","date_gmt":"2025-07-24T09:16:51","guid":{"rendered":"https:\/\/dicodusport.fr\/blog\/?p=597549&#038;preview=true&#038;preview_id=597549"},"modified":"2025-07-24T13:35:16","modified_gmt":"2025-07-24T11:35:16","slug":"transferts-ol-lyon-veut-soffrir-lorenzo-torriani","status":"publish","type":"post","link":"https:\/\/dicodusport.fr\/blog\/transferts-ol-lyon-veut-soffrir-lorenzo-torriani\/","title":{"rendered":"Transferts OL : Lyon veut s&rsquo;offrir Lorenzo Torriani"},"content":{"rendered":"<p style=\"text-align: justify;\"><strong><em>TRANSFERTS OL &#8211; L&rsquo;Olympique Lyonnais a laiss\u00e9 l&rsquo;orage derri\u00e8re lui et peut maintenant pr\u00e9parer la saison prochaine. Paulo Fonseca souhaiterait piquer Lorenzo Torriani \u00e0 l&rsquo;AC Milan pour renforcer la concurrence au poste de gardien.<\/em><\/strong><\/p>\n<p style=\"text-align: justify;\">Apr\u00e8s la pluie, vient toujours le beau temps, non ? Eh bien, c&rsquo;est un peu le cas du c\u00f4t\u00e9 de <strong>l&rsquo;Olympique Lyonnais<\/strong>. Enfin d\u00e9barrass\u00e9e de ces g\u00eanants probl\u00e8mes li\u00e9s \u00e0 la <strong>DNCG<\/strong> et \u00e0 une potentielle rel\u00e9gation en <strong>Ligue 2<\/strong>, les <em>Gones<\/em> peuvent enfin arr\u00eater de regarder vers l&rsquo;arri\u00e8re et se tourner vers l&rsquo;avenir. Alors qu&rsquo;ils ont d\u00e9j\u00e0 act\u00e9 le coup <strong>Afonso Moreira<\/strong> en provenance du<strong> Sporting CP<\/strong> et pour la modique somme de 2 millions d&rsquo;euros, les dirigeants lyonnais, pouss\u00e9s par leur coach <strong>Paulo Fonseca<\/strong> foncent sur le cas <strong>Lorenzo Torriani<\/strong>.<\/p>\n<div class=\"vlp-link-container vlp-layout-article\"><a href=\"https:\/\/dicodusport.fr\/blog\/transferts-ol-lyon-veut-signer-facundo-buonanotte\/\" class=\"vlp-link\" title=\"Transferts OL : Lyon veut signer Facundo Buonanotte\"><\/a><div class=\"vlp-layout-zone-side\"><div class=\"vlp-block-4 vlp-link-image\"><img loading=\"lazy\" decoding=\"async\" style=\"max-width: 792px;\" width=\"792\" height=\"445\" src=\"https:\/\/dicodusport.fr\/blog\/wp-content\/uploads\/2025\/07\/Transferts-OL-Lyon-veut-signer-Facundo-Buonanotte.png\" class=\"attachment-800x445 size-800x445\" alt=\"\" srcset=\"https:\/\/dicodusport.fr\/blog\/wp-content\/uploads\/2025\/07\/Transferts-OL-Lyon-veut-signer-Facundo-Buonanotte.png 1200w, https:\/\/dicodusport.fr\/blog\/wp-content\/uploads\/2025\/07\/Transferts-OL-Lyon-veut-signer-Facundo-Buonanotte-300x169.png 300w, https:\/\/dicodusport.fr\/blog\/wp-content\/uploads\/2025\/07\/Transferts-OL-Lyon-veut-signer-Facundo-Buonanotte-1024x575.png 1024w, https:\/\/dicodusport.fr\/blog\/wp-content\/uploads\/2025\/07\/Transferts-OL-Lyon-veut-signer-Facundo-Buonanotte-768x431.png 768w\" sizes=\"auto, (max-width: 792px) 100vw, 792px\" \/><\/div><\/div><div class=\"vlp-layout-zone-main\"><div class=\"vlp-block-0 vlp-link-title\">Transferts OL : Lyon veut signer Facundo Buonanotte<\/div><div class=\"vlp-block-1 vlp-link-summary\">LIGUE 1 - Selon Fabrizio Romano, l'Olympique Lyonnais veut recruter Facundo Buonanotte (Brighton) pour la saison prochaine.<\/div><div class=\"vlp-block-2 vlp-link-button\">Lire l'article<\/div><div class=\"vlp-block-3 vlp-link-url\">dicodusport.fr<\/div><\/div><\/div>\n<h2 style=\"text-align: justify;\">Une place qui se lib\u00e8re ?<\/h2>\n<p style=\"text-align: justify;\">Le mouvement est incessant, et ce, \u00e0 toutes les strates de l&rsquo;effectif du club rhodanien. M\u00eame chez les gardiens, rien n&rsquo;est encore act\u00e9 et les r\u00e9cents \u00e9v\u00e9nements ont un peu chamboul\u00e9 les assurances que le club portait sur certains joueurs quant \u00e0 leur prolongation. Cette situation, c&rsquo;est notamment celle que vit <strong>Lucas Perri<\/strong>, le gardien num\u00e9ro 1 des <strong>Gones<\/strong>. \u00c0 27 ans, le portier br\u00e9silien a \u00e9t\u00e9 courtis\u00e9 par <strong>l&rsquo;AC Milan<\/strong> pour palier un potentiel d\u00e9part de <strong>Mike Maignan<\/strong> \u00e0 <strong>Chelsea<\/strong>. Le titulaire en \u00e9quipe de France ayant prolong\u00e9 chez les <strong>Rossoneri<\/strong>, cette porte s&rsquo;est rapidement referm\u00e9e pour <strong>Lucas Perri<\/strong>.<\/p>\n<p style=\"text-align: justify;\"><strong>L&rsquo;AS Roma<\/strong> et <strong>Newcastle<\/strong> ont aussi \u00e9prouv\u00e9 de l&rsquo;int\u00e9r\u00eat sans pour autant que les discussions ne s&#8217;emballent au point de parler d&rsquo;un potentiel d\u00e9part. La formation anglaise comme son homologue italienne n&rsquo;ont pas donn\u00e9 suite au dossier <strong>Perri<\/strong>. Avec un prix fix\u00e9 \u00e0 30 M\u20ac, <strong>Lucas Perri<\/strong> pourrait bien choisir une destination diff\u00e9rente, proposant des \u00e9moluments XXL bien plus attrayants. Selon nos confr\u00e8res de L<em>&lsquo;\u00c9quipe<\/em>, le club saoudien de <strong>NEOM<\/strong>, qui a \u00e9galement recrut\u00e9 <strong>Said Benrahma<\/strong> et <strong>Alexandre Lacazette<\/strong>, tenterait d&rsquo;attirer le portier de <strong>l&rsquo;OL<\/strong>. Dans l&rsquo;optique d&rsquo;un d\u00e9part de <strong>Lucas Perri<\/strong>, l&rsquo;option <strong>Lorenzo Torriani<\/strong> devient donc une quasi n\u00e9cessit\u00e9 pour <strong>Lyon<\/strong> et <strong>Paulo Fonseca<\/strong>.<\/p>\n<div class=\"vlp-link-container vlp-layout-article\"><a href=\"https:\/\/dicodusport.fr\/blog\/transferts-ol-lyon-signe-afonso-moreira\/\" class=\"vlp-link\" title=\"Transferts OL : Lyon signe Afonso Moreira\"><\/a><div class=\"vlp-layout-zone-side\"><div class=\"vlp-block-4 vlp-link-image\"><img loading=\"lazy\" decoding=\"async\" style=\"max-width: 792px;\" width=\"792\" height=\"445\" src=\"https:\/\/dicodusport.fr\/blog\/wp-content\/uploads\/2025\/07\/Transferts-OL-Lyon-signe-Afonso-Moreira.png\" class=\"attachment-800x445 size-800x445\" alt=\"Transferts OL Lyon signe Afonso Moreira\" srcset=\"https:\/\/dicodusport.fr\/blog\/wp-content\/uploads\/2025\/07\/Transferts-OL-Lyon-signe-Afonso-Moreira.png 1200w, https:\/\/dicodusport.fr\/blog\/wp-content\/uploads\/2025\/07\/Transferts-OL-Lyon-signe-Afonso-Moreira-300x169.png 300w, https:\/\/dicodusport.fr\/blog\/wp-content\/uploads\/2025\/07\/Transferts-OL-Lyon-signe-Afonso-Moreira-1024x575.png 1024w, https:\/\/dicodusport.fr\/blog\/wp-content\/uploads\/2025\/07\/Transferts-OL-Lyon-signe-Afonso-Moreira-768x431.png 768w\" sizes=\"auto, (max-width: 792px) 100vw, 792px\" \/><\/div><\/div><div class=\"vlp-layout-zone-main\"><div class=\"vlp-block-0 vlp-link-title\">Transferts OL : Lyon signe Afonso Moreira<\/div><div class=\"vlp-block-1 vlp-link-summary\">Sans crier gare et alors que l'officialisation du transfert n'a pas encore eu lieu, l'OL a recrut\u00e9 Afonso Moreira et le joueur a d\u00e9j\u00e0 int\u00e9gr\u00e9 l'effectif, selon nos confr\u00e8res de Foot Mercato.<\/div><div class=\"vlp-block-2 vlp-link-button\">Lire l'article<\/div><div class=\"vlp-block-3 vlp-link-url\">dicodusport.fr<\/div><\/div><\/div>\n<h2 style=\"text-align: justify;\">Un profil connu et appr\u00e9ci\u00e9<\/h2>\n<p style=\"text-align: justify;\">Si les dirigeants cherchent de leur c\u00f4t\u00e9 pour essayer de d\u00e9goter des p\u00e9pites \u00e0 moindre co\u00fbt, la faute aux restrictions budg\u00e9taires auxquelles font face les <strong>Lyonnais<\/strong>, <strong>Paulo Fonseca<\/strong>, le coach des <strong>Gones<\/strong>, a aussi son mot \u00e0 dire \u00e0 propos du recrutement. Le tacticien portugais avait d\u00e9j\u00e0 pouss\u00e9 derri\u00e8re ses dirigeants pour la signature d&rsquo;<strong>Afonso Moreira<\/strong> (20 ans) un peu plus t\u00f4t dans ce mois de juillet. De la m\u00eame sorte qu&rsquo;il a donn\u00e9 l&rsquo;impulsion pour que le club fonce sur <strong>Ruben Kluivert<\/strong> (24 ans) en provenance de <strong>Casa Pia.<\/strong><\/p>\n<p style=\"text-align: justify;\"><strong>Paulo Fonseca<\/strong> qui a connu les locaux de <strong>l&rsquo;AC Milan<\/strong> entre juin et d\u00e9cembre 2024, a d\u00e9j\u00e0 eu l&rsquo;occasion de c\u00f4toyer la jeunesse lombarde. Parmi eux, l&rsquo;ancien entraineur du <strong>LOSC<\/strong> a rep\u00e9r\u00e9 <strong>Lorenzo Torriani<\/strong>, jeune gardien de 20 ans qui avait disput\u00e9 deux matches la saison derni\u00e8re, face \u00e0 <strong>Sassuolo<\/strong> en <strong>Coupe d&rsquo;Italie<\/strong> et face \u00e0 <strong>Liverpool<\/strong> en <strong>Ligue des Champions<\/strong>.<\/p>\n<h2 style=\"text-align: justify;\">Du potentiel \u00e0 revendre<\/h2>\n<p style=\"text-align: justify;\">Cette semaine, l&rsquo;<strong>AC Milan<\/strong> de <strong>Massimiliano Allegri<\/strong> affrontait <strong>Arsenal<\/strong> dans un match de pr\u00e9paration en vue de la nouvelle saison qui approche \u00e0 grands pas. Le coach italien a d\u00e9cid\u00e9 de titulariser la jeune pousse dans les cages des <strong>Rossoneris<\/strong>. Et le choix s&rsquo;est av\u00e9r\u00e9 gagnant. Malgr\u00e9 la d\u00e9faite 1-0, <strong>Lorenzo Torriani<\/strong> a sorti 4 arr\u00eats en 30 minutes de jeu et a stopp\u00e9 trois penalties lors d&rsquo;une s\u00e9ance de tirs au but.<\/p>\n<p style=\"text-align: justify;\">Troisi\u00e8me de sa hi\u00e9rarchie derri\u00e8re <em>Magic<\/em>\u00a0<strong>Mike Maignan<\/strong> et <strong>Pietro Terracciano<\/strong>, le jeune gardien est sous contrat avec les Milanais jusqu&rsquo;en juin 2030. Une situation qui est d\u00e9favorable aux <strong>Lyonnais<\/strong> qui devront casser la tirelire s&rsquo;ils veulent s&rsquo;attirer les services du jeune joueur. Mais selon <em>La Gazzetta dello Sport<\/em>, c&rsquo;\u00e9tait sans compter sur la volont\u00e9 de <strong>Paulo Fonseca<\/strong> de faire valoir sa situation et offrir du temps de jeu et de l&rsquo;exp\u00e9rience \u00e0 haut niveau au jeune joueur, en rejoignant <strong>l&rsquo;OL<\/strong> sous la forme d&rsquo;un pr\u00eat.<\/p>\n","protected":false},"excerpt":{"rendered":"<p>L&rsquo;Olympique Lyonnais a laiss\u00e9 l&rsquo;orage derri\u00e8re lui et peut maintenant pr\u00e9parer la saison prochaine. Paulo Fonseca souhaiterait piquer Lorenzo Torriani \u00e0 l&rsquo;AC Milan pour renforcer la concurrence au poste de gardien.<\/p>\n","protected":false},"author":119,"featured_media":597567,"comment_status":"open","ping_status":"closed","sticky":false,"template":"","format":"standard","meta":{"_acf_changed":false,"_daextam_enable_autolinks":"1","footnotes":""},"categories":[47045],"tags":[16878,75,1554,1146,43686],"class_list":["post-597549","post","type-post","status-publish","format-standard","has-post-thumbnail","hentry","category-ligue-1","tag-breve","tag-football","tag-ligue-1","tag-olympique-lyonnais","tag-transferts-ol"],"acf":[],"yoast_head":"<!-- This site is optimized with the Yoast SEO Premium plugin v26.7 (Yoast SEO v26.7) - https:\/\/yoast.com\/wordpress\/plugins\/seo\/ -->\n<title>Transferts OL : Lyon veut s&#039;offrir Lorenzo Torriani<\/title>\n<meta name=\"description\" content=\"L&#039;Olympique Lyonnais a laiss\u00e9 l&#039;orage derri\u00e8re lui et peut maintenant pr\u00e9parer la saison prochaine. Paulo Fonseca souhaiterait piquer Lorenzo Torriani \u00e0 l&#039;AC Milan pour renforcer la concurrence au poste de gardien.\" \/>\n<meta name=\"robots\" content=\"index, follow, max-snippet:-1, max-image-preview:large, max-video-preview:-1\" \/>\n<link rel=\"canonical\" href=\"https:\/\/dicodusport.fr\/blog\/transferts-ol-lyon-veut-soffrir-lorenzo-torriani\/\" \/>\n<meta property=\"og:locale\" content=\"fr_FR\" \/>\n<meta property=\"og:type\" content=\"article\" \/>\n<meta property=\"og:title\" content=\"Transferts OL : Lyon veut s&#039;offrir Lorenzo Torriani\" \/>\n<meta property=\"og:description\" content=\"L&#039;Olympique Lyonnais a laiss\u00e9 l&#039;orage derri\u00e8re lui et peut maintenant pr\u00e9parer la saison prochaine. Paulo Fonseca souhaiterait piquer Lorenzo Torriani \u00e0 l&#039;AC Milan pour renforcer la concurrence au poste de gardien.\" \/>\n<meta property=\"og:url\" content=\"https:\/\/dicodusport.fr\/blog\/transferts-ol-lyon-veut-soffrir-lorenzo-torriani\/\" \/>\n<meta property=\"og:site_name\" content=\"Dicodusport\" \/>\n<meta property=\"article:publisher\" content=\"https:\/\/www.facebook.com\/dicodusport\" \/>\n<meta property=\"article:published_time\" content=\"2025-07-24T09:16:51+00:00\" \/>\n<meta property=\"article:modified_time\" content=\"2025-07-24T11:35:16+00:00\" \/>\n<meta property=\"og:image\" content=\"https:\/\/dicodusport.fr\/blog\/wp-content\/uploads\/2025\/07\/Transferts-OL-Lyon-veut-soffrir-Lorenzo-Torriani.png\" \/>\n\t<meta property=\"og:image:width\" content=\"1200\" \/>\n\t<meta property=\"og:image:height\" content=\"674\" \/>\n\t<meta property=\"og:image:type\" content=\"image\/png\" \/>\n<meta name=\"author\" content=\"Aur\u00e9lien Torreilles\" \/>\n<meta name=\"twitter:card\" content=\"summary_large_image\" \/>\n<meta name=\"twitter:title\" content=\"Transferts OL : Lyon veut s&#039;offrir Lorenzo Torriani\" \/>\n<meta name=\"twitter:creator\" content=\"@dicodusport\" \/>\n<meta name=\"twitter:site\" content=\"@dicodusport\" \/>\n<script type=\"application\/ld+json\" class=\"yoast-schema-graph\">{\"@context\":\"https:\/\/schema.org\",\"@graph\":[{\"@type\":\"NewsArticle\",\"@id\":\"https:\/\/dicodusport.fr\/blog\/transferts-ol-lyon-veut-soffrir-lorenzo-torriani\/#article\",\"isPartOf\":{\"@id\":\"https:\/\/dicodusport.fr\/blog\/transferts-ol-lyon-veut-soffrir-lorenzo-torriani\/\"},\"author\":{\"name\":\"Aur\u00e9lien Torreilles\",\"@id\":\"https:\/\/dicodusport.fr\/blog\/#\/schema\/person\/d42c64fd3f03197157c71106ec84f28a\"},\"headline\":\"Transferts OL : Lyon veut s&rsquo;offrir Lorenzo Torriani\",\"datePublished\":\"2025-07-24T09:16:51+00:00\",\"dateModified\":\"2025-07-24T11:35:16+00:00\",\"mainEntityOfPage\":{\"@id\":\"https:\/\/dicodusport.fr\/blog\/transferts-ol-lyon-veut-soffrir-lorenzo-torriani\/\"},\"wordCount\":903,\"commentCount\":0,\"publisher\":{\"@id\":\"https:\/\/dicodusport.fr\/blog\/#organization\"},\"image\":{\"@id\":\"https:\/\/dicodusport.fr\/blog\/transferts-ol-lyon-veut-soffrir-lorenzo-torriani\/#primaryimage\"},\"thumbnailUrl\":\"https:\/\/dicodusport.fr\/blog\/wp-content\/uploads\/2025\/07\/Transferts-OL-Lyon-veut-soffrir-Lorenzo-Torriani.png\",\"keywords\":[\"br\u00e8ve\",\"Football\",\"Ligue 1\",\"Olympique lyonnais\",\"Transferts OL\"],\"articleSection\":[\"Ligue 1\"],\"inLanguage\":\"fr-FR\",\"potentialAction\":[{\"@type\":\"CommentAction\",\"name\":\"Comment\",\"target\":[\"https:\/\/dicodusport.fr\/blog\/transferts-ol-lyon-veut-soffrir-lorenzo-torriani\/#respond\"]}],\"copyrightYear\":\"2025\",\"copyrightHolder\":{\"@id\":\"https:\/\/dicodusport.fr\/blog\/#organization\"}},{\"@type\":\"WebPage\",\"@id\":\"https:\/\/dicodusport.fr\/blog\/transferts-ol-lyon-veut-soffrir-lorenzo-torriani\/\",\"url\":\"https:\/\/dicodusport.fr\/blog\/transferts-ol-lyon-veut-soffrir-lorenzo-torriani\/\",\"name\":\"Transferts OL : Lyon veut s'offrir Lorenzo Torriani\",\"isPartOf\":{\"@id\":\"https:\/\/dicodusport.fr\/blog\/#website\"},\"primaryImageOfPage\":{\"@id\":\"https:\/\/dicodusport.fr\/blog\/transferts-ol-lyon-veut-soffrir-lorenzo-torriani\/#primaryimage\"},\"image\":{\"@id\":\"https:\/\/dicodusport.fr\/blog\/transferts-ol-lyon-veut-soffrir-lorenzo-torriani\/#primaryimage\"},\"thumbnailUrl\":\"https:\/\/dicodusport.fr\/blog\/wp-content\/uploads\/2025\/07\/Transferts-OL-Lyon-veut-soffrir-Lorenzo-Torriani.png\",\"datePublished\":\"2025-07-24T09:16:51+00:00\",\"dateModified\":\"2025-07-24T11:35:16+00:00\",\"description\":\"L'Olympique Lyonnais a laiss\u00e9 l'orage derri\u00e8re lui et peut maintenant pr\u00e9parer la saison prochaine. Paulo Fonseca souhaiterait piquer Lorenzo Torriani \u00e0 l'AC Milan pour renforcer la concurrence au poste de gardien.\",\"breadcrumb\":{\"@id\":\"https:\/\/dicodusport.fr\/blog\/transferts-ol-lyon-veut-soffrir-lorenzo-torriani\/#breadcrumb\"},\"inLanguage\":\"fr-FR\",\"potentialAction\":[{\"@type\":\"ReadAction\",\"target\":[\"https:\/\/dicodusport.fr\/blog\/transferts-ol-lyon-veut-soffrir-lorenzo-torriani\/\"]}]},{\"@type\":\"ImageObject\",\"inLanguage\":\"fr-FR\",\"@id\":\"https:\/\/dicodusport.fr\/blog\/transferts-ol-lyon-veut-soffrir-lorenzo-torriani\/#primaryimage\",\"url\":\"https:\/\/dicodusport.fr\/blog\/wp-content\/uploads\/2025\/07\/Transferts-OL-Lyon-veut-soffrir-Lorenzo-Torriani.png\",\"contentUrl\":\"https:\/\/dicodusport.fr\/blog\/wp-content\/uploads\/2025\/07\/Transferts-OL-Lyon-veut-soffrir-Lorenzo-Torriani.png\",\"width\":1200,\"height\":674,\"caption\":\"Transferts OL Lyon veut s'offrir Lorenzo Torriani\"},{\"@type\":\"BreadcrumbList\",\"@id\":\"https:\/\/dicodusport.fr\/blog\/transferts-ol-lyon-veut-soffrir-lorenzo-torriani\/#breadcrumb\",\"itemListElement\":[{\"@type\":\"ListItem\",\"position\":1,\"name\":\"Accueil\",\"item\":\"https:\/\/dicodusport.fr\/blog\/\"},{\"@type\":\"ListItem\",\"position\":2,\"name\":\"Transferts OL : Lyon veut s&rsquo;offrir Lorenzo Torriani\"}]},{\"@type\":\"WebSite\",\"@id\":\"https:\/\/dicodusport.fr\/blog\/#website\",\"url\":\"https:\/\/dicodusport.fr\/blog\/\",\"name\":\"Dicodusport\",\"description\":\"L&#039;encyclop\u00e9die de l&#039;actualit\u00e9 sportive\",\"publisher\":{\"@id\":\"https:\/\/dicodusport.fr\/blog\/#organization\"},\"potentialAction\":[{\"@type\":\"SearchAction\",\"target\":{\"@type\":\"EntryPoint\",\"urlTemplate\":\"https:\/\/dicodusport.fr\/blog\/?s={search_term_string}\"},\"query-input\":{\"@type\":\"PropertyValueSpecification\",\"valueRequired\":true,\"valueName\":\"search_term_string\"}}],\"inLanguage\":\"fr-FR\"},{\"@type\":\"NewsMediaOrganization\",\"@id\":\"https:\/\/dicodusport.fr\/blog\/#organization\",\"name\":\"Dicodusport\",\"url\":\"https:\/\/dicodusport.fr\/blog\/\",\"logo\":{\"@type\":\"ImageObject\",\"inLanguage\":\"fr-FR\",\"@id\":\"https:\/\/dicodusport.fr\/blog\/#\/schema\/logo\/image\/\",\"url\":\"https:\/\/dicodusport.fr\/blog\/wp-content\/uploads\/2020\/06\/cropped-LOGO-DICODUSPORT-2020-SANS-FOND-SANS-TEXTE.png\",\"contentUrl\":\"https:\/\/dicodusport.fr\/blog\/wp-content\/uploads\/2020\/06\/cropped-LOGO-DICODUSPORT-2020-SANS-FOND-SANS-TEXTE.png\",\"width\":512,\"height\":512,\"caption\":\"Dicodusport\"},\"image\":{\"@id\":\"https:\/\/dicodusport.fr\/blog\/#\/schema\/logo\/image\/\"},\"sameAs\":[\"https:\/\/www.facebook.com\/dicodusport\",\"https:\/\/x.com\/dicodusport\",\"https:\/\/www.instagram.com\/dicodusport\/\",\"https:\/\/www.youtube.com\/channel\/UC7V2KZ5sd3htJivAbA4ZG3w\"],\"description\":\"Dicodusport est l'encyclop\u00e9die de l'actualit\u00e9 sportive.\",\"email\":\"bonjour@dicodusport.fr\",\"legalName\":\"DICODUSPORT\",\"foundingDate\":\"2018-01-14\",\"vatID\":\"FR71834470973\",\"taxID\":\"83447097300043\",\"numberOfEmployees\":{\"@type\":\"QuantitativeValue\",\"minValue\":\"1\",\"maxValue\":\"10\"}},{\"@type\":\"Person\",\"@id\":\"https:\/\/dicodusport.fr\/blog\/#\/schema\/person\/d42c64fd3f03197157c71106ec84f28a\",\"name\":\"Aur\u00e9lien Torreilles\",\"image\":{\"@type\":\"ImageObject\",\"inLanguage\":\"fr-FR\",\"@id\":\"https:\/\/dicodusport.fr\/blog\/#\/schema\/person\/image\/\",\"url\":\"https:\/\/dicodusport.fr\/blog\/wp-content\/uploads\/2025\/06\/Aurelien-Torreilles-150x150.jpg\",\"contentUrl\":\"https:\/\/dicodusport.fr\/blog\/wp-content\/uploads\/2025\/06\/Aurelien-Torreilles-150x150.jpg\",\"caption\":\"Aur\u00e9lien Torreilles\"},\"description\":\"Encore apprenti journaliste, je d\u00e9couvre d\u00e8s mon plus jeune \u00e2ge les joies, les \u00e9motions et les frissons du monde du sport. Tr\u00e8s vite, j'en suis convaincu, je parlerai de sport toute ma vie, et promis pas que de rugby. Apr\u00e8s 3 ann\u00e9es de droit franco-espagnol, j'ai vite bifurqu\u00e9 vers l'\u00e9cole de journalisme de Toulouse pour en apprendre encore plus quant \u00e0 ce monde qui me passionne et parfaire mes tr\u00e8s jeunes et modestes connaissances. Je rejoins Dicodusport en juin 2025 apr\u00e8s 3 ann\u00e9es pass\u00e9es sur Treize Mondial. Faire vivre l'actualit\u00e9, transmettre l'information et transmettre des \u00e9motions sont mes seuls objectifs. Bien \u00e9videmment, tout \u00e7a dans la bonne humeur transpirante de l'\u00e9quipe de Dicodusport !\",\"url\":\"https:\/\/dicodusport.fr\/blog\/author\/aurelien\/\"}]}<\/script>\n<!-- \/ Yoast SEO Premium plugin. -->","yoast_head_json":{"title":"Transferts OL : Lyon veut s'offrir Lorenzo Torriani","description":"L'Olympique Lyonnais a laiss\u00e9 l'orage derri\u00e8re lui et peut maintenant pr\u00e9parer la saison prochaine. Paulo Fonseca souhaiterait piquer Lorenzo Torriani \u00e0 l'AC Milan pour renforcer la concurrence au poste de gardien.","robots":{"index":"index","follow":"follow","max-snippet":"max-snippet:-1","max-image-preview":"max-image-preview:large","max-video-preview":"max-video-preview:-1"},"canonical":"https:\/\/dicodusport.fr\/blog\/transferts-ol-lyon-veut-soffrir-lorenzo-torriani\/","og_locale":"fr_FR","og_type":"article","og_title":"Transferts OL : Lyon veut s'offrir Lorenzo Torriani","og_description":"L'Olympique Lyonnais a laiss\u00e9 l'orage derri\u00e8re lui et peut maintenant pr\u00e9parer la saison prochaine. Paulo Fonseca souhaiterait piquer Lorenzo Torriani \u00e0 l'AC Milan pour renforcer la concurrence au poste de gardien.","og_url":"https:\/\/dicodusport.fr\/blog\/transferts-ol-lyon-veut-soffrir-lorenzo-torriani\/","og_site_name":"Dicodusport","article_publisher":"https:\/\/www.facebook.com\/dicodusport","article_published_time":"2025-07-24T09:16:51+00:00","article_modified_time":"2025-07-24T11:35:16+00:00","og_image":[{"width":1200,"height":674,"url":"https:\/\/dicodusport.fr\/blog\/wp-content\/uploads\/2025\/07\/Transferts-OL-Lyon-veut-soffrir-Lorenzo-Torriani.png","type":"image\/png"}],"author":"Aur\u00e9lien Torreilles","twitter_card":"summary_large_image","twitter_title":"Transferts OL : Lyon veut s'offrir Lorenzo Torriani","twitter_creator":"@dicodusport","twitter_site":"@dicodusport","schema":{"@context":"https:\/\/schema.org","@graph":[{"@type":"NewsArticle","@id":"https:\/\/dicodusport.fr\/blog\/transferts-ol-lyon-veut-soffrir-lorenzo-torriani\/#article","isPartOf":{"@id":"https:\/\/dicodusport.fr\/blog\/transferts-ol-lyon-veut-soffrir-lorenzo-torriani\/"},"author":{"name":"Aur\u00e9lien Torreilles","@id":"https:\/\/dicodusport.fr\/blog\/#\/schema\/person\/d42c64fd3f03197157c71106ec84f28a"},"headline":"Transferts OL : Lyon veut s&rsquo;offrir Lorenzo Torriani","datePublished":"2025-07-24T09:16:51+00:00","dateModified":"2025-07-24T11:35:16+00:00","mainEntityOfPage":{"@id":"https:\/\/dicodusport.fr\/blog\/transferts-ol-lyon-veut-soffrir-lorenzo-torriani\/"},"wordCount":903,"commentCount":0,"publisher":{"@id":"https:\/\/dicodusport.fr\/blog\/#organization"},"image":{"@id":"https:\/\/dicodusport.fr\/blog\/transferts-ol-lyon-veut-soffrir-lorenzo-torriani\/#primaryimage"},"thumbnailUrl":"https:\/\/dicodusport.fr\/blog\/wp-content\/uploads\/2025\/07\/Transferts-OL-Lyon-veut-soffrir-Lorenzo-Torriani.png","keywords":["br\u00e8ve","Football","Ligue 1","Olympique lyonnais","Transferts OL"],"articleSection":["Ligue 1"],"inLanguage":"fr-FR","potentialAction":[{"@type":"CommentAction","name":"Comment","target":["https:\/\/dicodusport.fr\/blog\/transferts-ol-lyon-veut-soffrir-lorenzo-torriani\/#respond"]}],"copyrightYear":"2025","copyrightHolder":{"@id":"https:\/\/dicodusport.fr\/blog\/#organization"}},{"@type":"WebPage","@id":"https:\/\/dicodusport.fr\/blog\/transferts-ol-lyon-veut-soffrir-lorenzo-torriani\/","url":"https:\/\/dicodusport.fr\/blog\/transferts-ol-lyon-veut-soffrir-lorenzo-torriani\/","name":"Transferts OL : Lyon veut s'offrir Lorenzo Torriani","isPartOf":{"@id":"https:\/\/dicodusport.fr\/blog\/#website"},"primaryImageOfPage":{"@id":"https:\/\/dicodusport.fr\/blog\/transferts-ol-lyon-veut-soffrir-lorenzo-torriani\/#primaryimage"},"image":{"@id":"https:\/\/dicodusport.fr\/blog\/transferts-ol-lyon-veut-soffrir-lorenzo-torriani\/#primaryimage"},"thumbnailUrl":"https:\/\/dicodusport.fr\/blog\/wp-content\/uploads\/2025\/07\/Transferts-OL-Lyon-veut-soffrir-Lorenzo-Torriani.png","datePublished":"2025-07-24T09:16:51+00:00","dateModified":"2025-07-24T11:35:16+00:00","description":"L'Olympique Lyonnais a laiss\u00e9 l'orage derri\u00e8re lui et peut maintenant pr\u00e9parer la saison prochaine. Paulo Fonseca souhaiterait piquer Lorenzo Torriani \u00e0 l'AC Milan pour renforcer la concurrence au poste de gardien.","breadcrumb":{"@id":"https:\/\/dicodusport.fr\/blog\/transferts-ol-lyon-veut-soffrir-lorenzo-torriani\/#breadcrumb"},"inLanguage":"fr-FR","potentialAction":[{"@type":"ReadAction","target":["https:\/\/dicodusport.fr\/blog\/transferts-ol-lyon-veut-soffrir-lorenzo-torriani\/"]}]},{"@type":"ImageObject","inLanguage":"fr-FR","@id":"https:\/\/dicodusport.fr\/blog\/transferts-ol-lyon-veut-soffrir-lorenzo-torriani\/#primaryimage","url":"https:\/\/dicodusport.fr\/blog\/wp-content\/uploads\/2025\/07\/Transferts-OL-Lyon-veut-soffrir-Lorenzo-Torriani.png","contentUrl":"https:\/\/dicodusport.fr\/blog\/wp-content\/uploads\/2025\/07\/Transferts-OL-Lyon-veut-soffrir-Lorenzo-Torriani.png","width":1200,"height":674,"caption":"Transferts OL Lyon veut s'offrir Lorenzo Torriani"},{"@type":"BreadcrumbList","@id":"https:\/\/dicodusport.fr\/blog\/transferts-ol-lyon-veut-soffrir-lorenzo-torriani\/#breadcrumb","itemListElement":[{"@type":"ListItem","position":1,"name":"Accueil","item":"https:\/\/dicodusport.fr\/blog\/"},{"@type":"ListItem","position":2,"name":"Transferts OL : Lyon veut s&rsquo;offrir Lorenzo Torriani"}]},{"@type":"WebSite","@id":"https:\/\/dicodusport.fr\/blog\/#website","url":"https:\/\/dicodusport.fr\/blog\/","name":"Dicodusport","description":"L&#039;encyclop\u00e9die de l&#039;actualit\u00e9 sportive","publisher":{"@id":"https:\/\/dicodusport.fr\/blog\/#organization"},"potentialAction":[{"@type":"SearchAction","target":{"@type":"EntryPoint","urlTemplate":"https:\/\/dicodusport.fr\/blog\/?s={search_term_string}"},"query-input":{"@type":"PropertyValueSpecification","valueRequired":true,"valueName":"search_term_string"}}],"inLanguage":"fr-FR"},{"@type":"NewsMediaOrganization","@id":"https:\/\/dicodusport.fr\/blog\/#organization","name":"Dicodusport","url":"https:\/\/dicodusport.fr\/blog\/","logo":{"@type":"ImageObject","inLanguage":"fr-FR","@id":"https:\/\/dicodusport.fr\/blog\/#\/schema\/logo\/image\/","url":"https:\/\/dicodusport.fr\/blog\/wp-content\/uploads\/2020\/06\/cropped-LOGO-DICODUSPORT-2020-SANS-FOND-SANS-TEXTE.png","contentUrl":"https:\/\/dicodusport.fr\/blog\/wp-content\/uploads\/2020\/06\/cropped-LOGO-DICODUSPORT-2020-SANS-FOND-SANS-TEXTE.png","width":512,"height":512,"caption":"Dicodusport"},"image":{"@id":"https:\/\/dicodusport.fr\/blog\/#\/schema\/logo\/image\/"},"sameAs":["https:\/\/www.facebook.com\/dicodusport","https:\/\/x.com\/dicodusport","https:\/\/www.instagram.com\/dicodusport\/","https:\/\/www.youtube.com\/channel\/UC7V2KZ5sd3htJivAbA4ZG3w"],"description":"Dicodusport est l'encyclop\u00e9die de l'actualit\u00e9 sportive.","email":"bonjour@dicodusport.fr","legalName":"DICODUSPORT","foundingDate":"2018-01-14","vatID":"FR71834470973","taxID":"83447097300043","numberOfEmployees":{"@type":"QuantitativeValue","minValue":"1","maxValue":"10"}},{"@type":"Person","@id":"https:\/\/dicodusport.fr\/blog\/#\/schema\/person\/d42c64fd3f03197157c71106ec84f28a","name":"Aur\u00e9lien Torreilles","image":{"@type":"ImageObject","inLanguage":"fr-FR","@id":"https:\/\/dicodusport.fr\/blog\/#\/schema\/person\/image\/","url":"https:\/\/dicodusport.fr\/blog\/wp-content\/uploads\/2025\/06\/Aurelien-Torreilles-150x150.jpg","contentUrl":"https:\/\/dicodusport.fr\/blog\/wp-content\/uploads\/2025\/06\/Aurelien-Torreilles-150x150.jpg","caption":"Aur\u00e9lien Torreilles"},"description":"Encore apprenti journaliste, je d\u00e9couvre d\u00e8s mon plus jeune \u00e2ge les joies, les \u00e9motions et les frissons du monde du sport. Tr\u00e8s vite, j'en suis convaincu, je parlerai de sport toute ma vie, et promis pas que de rugby. Apr\u00e8s 3 ann\u00e9es de droit franco-espagnol, j'ai vite bifurqu\u00e9 vers l'\u00e9cole de journalisme de Toulouse pour en apprendre encore plus quant \u00e0 ce monde qui me passionne et parfaire mes tr\u00e8s jeunes et modestes connaissances. Je rejoins Dicodusport en juin 2025 apr\u00e8s 3 ann\u00e9es pass\u00e9es sur Treize Mondial. Faire vivre l'actualit\u00e9, transmettre l'information et transmettre des \u00e9motions sont mes seuls objectifs. Bien \u00e9videmment, tout \u00e7a dans la bonne humeur transpirante de l'\u00e9quipe de Dicodusport !","url":"https:\/\/dicodusport.fr\/blog\/author\/aurelien\/"}]}},"_links":{"self":[{"href":"https:\/\/dicodusport.fr\/blog\/wp-json\/wp\/v2\/posts\/597549","targetHints":{"allow":["GET"]}}],"collection":[{"href":"https:\/\/dicodusport.fr\/blog\/wp-json\/wp\/v2\/posts"}],"about":[{"href":"https:\/\/dicodusport.fr\/blog\/wp-json\/wp\/v2\/types\/post"}],"author":[{"embeddable":true,"href":"https:\/\/dicodusport.fr\/blog\/wp-json\/wp\/v2\/users\/119"}],"replies":[{"embeddable":true,"href":"https:\/\/dicodusport.fr\/blog\/wp-json\/wp\/v2\/comments?post=597549"}],"version-history":[{"count":4,"href":"https:\/\/dicodusport.fr\/blog\/wp-json\/wp\/v2\/posts\/597549\/revisions"}],"predecessor-version":[{"id":597589,"href":"https:\/\/dicodusport.fr\/blog\/wp-json\/wp\/v2\/posts\/597549\/revisions\/597589"}],"wp:featuredmedia":[{"embeddable":true,"href":"https:\/\/dicodusport.fr\/blog\/wp-json\/wp\/v2\/media\/597567"}],"wp:attachment":[{"href":"https:\/\/dicodusport.fr\/blog\/wp-json\/wp\/v2\/media?parent=597549"}],"wp:term":[{"taxonomy":"category","embeddable":true,"href":"https:\/\/dicodusport.fr\/blog\/wp-json\/wp\/v2\/categories?post=597549"},{"taxonomy":"post_tag","embeddable":true,"href":"https:\/\/dicodusport.fr\/blog\/wp-json\/wp\/v2\/tags?post=597549"}],"curies":[{"name":"wp","href":"https:\/\/api.w.org\/{rel}","templated":true}]}}