{"id":597565,"date":"2025-08-02T08:27:49","date_gmt":"2025-08-02T06:27:49","guid":{"rendered":"https:\/\/dicodusport.fr\/blog\/?p=597565&#038;preview=true&#038;preview_id=597565"},"modified":"2025-08-02T08:27:32","modified_gmt":"2025-08-02T06:27:32","slug":"clasica-san-sebastian-2025-parcours-detaille-profil-et-favoris","status":"publish","type":"post","link":"https:\/\/dicodusport.fr\/blog\/clasica-san-sebastian-2025-parcours-detaille-profil-et-favoris\/","title":{"rendered":"Clasica San Sebastian 2025 : Profil, parcours et favoris"},"content":{"rendered":"<p style=\"text-align: justify;\"><em><strong>Retrouvez le parcours d\u00e9taill\u00e9, le profil ainsi que les favoris de la Clasica San Sebastian 2025, qui se d\u00e9roule ce samedi 2 ao\u00fbt, sur une distance de 211,9 km.<\/strong><\/em><\/p>\n<ul>\n<li style=\"text-align: justify;\"><strong>\u00c0 ce sujet &#8211; <a href=\"https:\/\/dicodusport.fr\/blog\/clasica-san-sebastian-2025-engages-chaine-tv-et-heure\/\">Clasica San Sebastian 2025 : Engag\u00e9s, Cha\u00eene TV et Heure<\/a><\/strong><\/li>\n<\/ul>\n<h2>L&rsquo;histoire de la Clasica San Sebastian<\/h2>\n<p style=\"text-align: justify;\">Bien que le terme<em> Clasica<\/em> sugg\u00e8re une longue existence, la course, organis\u00e9e par le journal <em>El Diario Vasco<\/em>, n\u2019existe que depuis 1981 avec la victoire du coureur local, <strong>Marino Lejarreta<\/strong>. Le vainqueur de la Vuelta 1982 a gagn\u00e9 encore deux \u00e9ditions ensuite. Il est toujours le seul d\u00e9tenteur du record en termes de nombre de victoires. Cette course \u00e9tait inscrite au calendrier de la Coupe du monde de 1989 \u00e0 2004 avant d\u2019int\u00e9grer l\u2019UCI ProTour puis du World Tour. Cette course peut \u00eatre consid\u00e9r\u00e9e comme la premi\u00e8re grande course estivale avant la Cyclassics Hambourg, la Bretagne Classic, ainsi que les Grand Prix de Qu\u00e9bec et de Montr\u00e9al.<\/p>\n<p style=\"text-align: justify;\">Comme de coutume ou presque, la <strong>Clasica San Sebastian 2025<\/strong> se d\u00e9roulera presque une semaine apr\u00e8s la fin de la Grande Boucle, le 2 ao\u00fbt 2025. Le peloton prendra la direction du nord de l\u2019Espagne, pour la plus grande classique basque. La 44\u00e8me \u00e9dition de la <strong>Clasica de San Sebastian<\/strong> sera longue de 212 kilom\u00e8tres, \u00e0 travers les routes vallonn\u00e9es et ses six ascensions. <strong>Parcours et profil<\/strong>.<\/p>\n<div class=\"vlp-link-container vlp-layout-article\"><a href=\"https:\/\/dicodusport.fr\/blog\/clasica-san-sebastian-2024-marc-hirschi-devance-julian-alaphilippe\/\" class=\"vlp-link\" title=\"Clasica San Sebastian 2024 : Marc Hirschi devance Julian Alaphilippe\"><\/a><div class=\"vlp-layout-zone-side\"><div class=\"vlp-block-4 vlp-link-image\"><img loading=\"lazy\" decoding=\"async\" style=\"max-width: 792px;\" width=\"792\" height=\"445\" src=\"https:\/\/dicodusport.fr\/blog\/wp-content\/uploads\/2024\/08\/Clasica-San-Sebastian-2024-Marc-Hirschi-devance-Julian-Alaphilippe.png\" class=\"attachment-800x445 size-800x445\" alt=\"Clasica San Sebastian 2024 Marc Hirschi devance Julian Alaphilippe\" srcset=\"https:\/\/dicodusport.fr\/blog\/wp-content\/uploads\/2024\/08\/Clasica-San-Sebastian-2024-Marc-Hirschi-devance-Julian-Alaphilippe.png 1200w, https:\/\/dicodusport.fr\/blog\/wp-content\/uploads\/2024\/08\/Clasica-San-Sebastian-2024-Marc-Hirschi-devance-Julian-Alaphilippe-300x169.png 300w, https:\/\/dicodusport.fr\/blog\/wp-content\/uploads\/2024\/08\/Clasica-San-Sebastian-2024-Marc-Hirschi-devance-Julian-Alaphilippe-1024x575.png 1024w, https:\/\/dicodusport.fr\/blog\/wp-content\/uploads\/2024\/08\/Clasica-San-Sebastian-2024-Marc-Hirschi-devance-Julian-Alaphilippe-768x431.png 768w\" sizes=\"auto, (max-width: 792px) 100vw, 792px\" \/><\/div><\/div><div class=\"vlp-layout-zone-main\"><div class=\"vlp-block-0 vlp-link-title\">Clasica San Sebastian 2024 : Marc Hirschi devance Julian Alaphilippe<\/div><div class=\"vlp-block-1 vlp-link-summary\">CLASICA SAN SEBASTIAN 2024 \u2013 Marc Hirschi (UAE Team Emirates) s'est adjug\u00e9 la 44\u00e8me \u00e9dition de la Cl\u00e1sica de San Sebasti\u00e1n, samedi, en battant au sprint Julian Alaphilippe (Soudal Quick-Step). Lennert Van Eetvelt (Lotto Dstny) a compl\u00e9t\u00e9 le podium.<\/div><div class=\"vlp-block-2 vlp-link-button\">Lire l'article<\/div><div class=\"vlp-block-3 vlp-link-url\">dicodusport.fr<\/div><\/div><\/div>\n<h2 style=\"text-align: justify;\">Parcours d\u00e9taill\u00e9 de la Clasica San Sebastian 2025<\/h2>\n<p style=\"text-align: justify;\">D&rsquo;abord, les coureurs partiront de <strong>Saint-S\u00e9bastien<\/strong> pour 22 premiers plats par <strong>Hernani<\/strong> et <strong>Villabona <\/strong>pour atteindre la premi\u00e8re ascension du jour : <strong>Andazarrate<\/strong> (5,9 km \u00e0 5,7 %). Apr\u00e8s une descente de 17 kilom\u00e8tres, les coureurs seront sur des routes l\u00e9g\u00e8rement vallonn\u00e9es pendant pr\u00e8s de 27 kilom\u00e8tres en passant par <strong>Zarautz<\/strong> et <strong>Azpeitia<\/strong>. Ils atteindront ensuite\u00a0la deuxi\u00e8me difficult\u00e9 : <strong>Urraki<\/strong> (8,6 km \u00e0 6,8 %). Cette premi\u00e8re portion permettra de former l\u2019\u00e9chapp\u00e9e matinale.<\/p>\n<p style=\"text-align: justify;\">Apr\u00e8s avoir bascul\u00e9 dans la descente, les coureurs fileront vers\u00a0la quatri\u00e8me difficult\u00e9 du jour : <strong>Alkiza\u00a0<\/strong>(4,4 km \u00e0 6,2 % avec un petit replat au milieu). Les concurrents retrouveront ensuite une longue portion caboss\u00e9e de 36 kilom\u00e8tres pour traverser <strong>Saint-S\u00e9bastien<\/strong>, avant de rejoindre la mont\u00e9e de <strong>Jaizkibel<\/strong> (7,9 km \u00e0 5,6 %).<\/p>\n<p style=\"text-align: justify;\">Cette mont\u00e9e est l&rsquo;ancien juge de paix de la course, avec un sommet \u00e0 plus de 50 kilom\u00e8tres de l\u2019arriv\u00e9e. Les trois premiers kilom\u00e8tres seront s\u00e9lectifs entre 6 et 8 % dans la for\u00eat avant un replat d&rsquo;un kilom\u00e8tre. Les 3,9 derniers kilom\u00e8tres seront sur une route d\u00e9gag\u00e9e avec des pourcentages int\u00e9ressants, mais de moins en moins difficiles en se rapprochant du sommet. Par la suite, place \u00e0 une descente de 7 kilom\u00e8tres, puis 5 kilom\u00e8tres de vall\u00e9e par <strong>Irun<\/strong> pour grimper directement la terrible mont\u00e9e d&rsquo;<strong>Erlaitz<\/strong> (3,8 km \u00e0 10,6 % avec les plus forts pourcentages au milieu de l&rsquo;ascension) avant de plonger sur <strong>Saint-S\u00e9bastien <\/strong>pour une nouvelle portion de plaine, longue d&rsquo;une quinzaine de kilom\u00e8tres.<\/p>\n<ul>\n<li style=\"text-align: justify;\"><strong>\u00c0 ce sujet &#8211; <a href=\"https:\/\/dicodusport.fr\/blog\/actualites\/cyclisme\/cyclisme-sur-route\/\">L&rsquo;actualit\u00e9 du cyclisme sur route<\/a><\/strong><\/li>\n<\/ul>\n<h3 style=\"text-align: justify;\">Un final explosif avec le Murgil Tortorra<\/h3>\n<p style=\"text-align: justify;\">Apr\u00e8s avoir franchi une avant-derni\u00e8re fois la ligne d&rsquo;arriv\u00e9e, les coureurs feront face \u00e0 une boucle finale de 16,5 kilom\u00e8tres avec une ascension : le <strong>Murgil Tortorra<\/strong>. Cette terrible bosse se pr\u00e9sentera sur une route \u00e9troite avec une rampe \u00e0 14 % d\u00e8s le pied. La pente descendra rarement sous les 6 %, hormis un replat de quelques m\u00e8tres au milieu. La seconde moiti\u00e9 de la mont\u00e9e proposera des pentes encore plus terribles avec un passage \u00e0 19 % d\u00e8s son entame et une autre \u00e0 14 % pr\u00e8s de son sommet.<\/p>\n<p style=\"text-align: justify;\">Enfin, apr\u00e8s 4 kilom\u00e8tres descendants et 4 kilom\u00e8tres plats, les coureurs rejoindront la ligne d\u2019arriv\u00e9e sur le bord de l&rsquo;oc\u00e9an, au bout d&rsquo;une ligne droite de 700 m\u00e8tres.<\/p>\n<h2 style=\"text-align: justify;\">Le profil de la Clasica San Sebastian 2025<\/h2>\n<div id=\"attachment_599453\" style=\"width: 1410px\" class=\"wp-caption aligncenter\"><a href=\"https:\/\/dicodusport.fr\/blog\/wp-content\/uploads\/2025\/07\/Profil-de-la-Clasica-San-Sebastian-2025.webp\"><img loading=\"lazy\" decoding=\"async\" aria-describedby=\"caption-attachment-599453\" class=\"size-full wp-image-599453\" src=\"https:\/\/dicodusport.fr\/blog\/wp-content\/uploads\/2025\/07\/Profil-de-la-Clasica-San-Sebastian-2025.webp\" alt=\"Profil de la Clasica San Sebastian 2025\" width=\"1400\" height=\"756\" srcset=\"https:\/\/dicodusport.fr\/blog\/wp-content\/uploads\/2025\/07\/Profil-de-la-Clasica-San-Sebastian-2025.webp 1400w, https:\/\/dicodusport.fr\/blog\/wp-content\/uploads\/2025\/07\/Profil-de-la-Clasica-San-Sebastian-2025-300x162.webp 300w, https:\/\/dicodusport.fr\/blog\/wp-content\/uploads\/2025\/07\/Profil-de-la-Clasica-San-Sebastian-2025-1024x553.webp 1024w, https:\/\/dicodusport.fr\/blog\/wp-content\/uploads\/2025\/07\/Profil-de-la-Clasica-San-Sebastian-2025-768x415.webp 768w\" sizes=\"auto, (max-width: 1400px) 100vw, 1400px\" \/><\/a><p id=\"caption-attachment-599453\" class=\"wp-caption-text\">Profil de la Clasica San Sebastian 2025<\/p><\/div>\n<h2 style=\"text-align: justify;\">Les favoris de la Clasica San Sebastian 2025<\/h2>\n<p style=\"text-align: justify;\"><strong>Oscar Onley<\/strong> (Picnic PostNL)<\/p>\n<p style=\"text-align: justify;\"><strong>Marc Hirschi<\/strong> (Tudor)<\/p>\n<p style=\"text-align: justify;\"><strong>Isaac Del Toro<\/strong> (UAE Team Emirates XRG)<\/p>\n<p style=\"text-align: justify;\"><strong>Neilson Powless<\/strong> (EF Education-EasyPost)<\/p>\n<p style=\"text-align: justify;\"><strong>Primoz Roglic<\/strong> (Red Bull-Bora-Hansgrohe)<\/p>\n<p style=\"text-align: justify;\"><strong>Romain Gr\u00e9goire<\/strong> (Groupama-FDJ)<\/p>\n<h2 style=\"text-align: justify;\">Palmar\u00e8s de la Clasica San Sebastian<\/h2>\n<p style=\"text-align: justify;\"><strong>2024 :<\/strong> Marc Hirschi &#8211; <a href=\"https:\/\/dicodusport.fr\/blog\/classement-clasica-san-sebastian-2024\/\"><em>Classement de la course<\/em><\/a><\/p>\n<p style=\"text-align: justify;\"><strong>2023 :<\/strong> Remco Evenepoel &#8211; <em><a href=\"https:\/\/dicodusport.fr\/blog\/classement-clasica-san-sebastian-2023\/\">Classement de la course<\/a><\/em><\/p>\n<p style=\"text-align: justify;\"><strong>2022 :<\/strong> Remco Evenepoel &#8211; <em><a href=\"https:\/\/dicodusport.fr\/blog\/classement-clasica-sans-sebastian-2022\/\">Classement de la course<\/a><\/em><\/p>\n<p style=\"text-align: justify;\"><strong>2021<\/strong> <strong>:<\/strong> Neilson Powless &#8211; <em><a href=\"https:\/\/dicodusport.fr\/blog\/clasica-san-sebastian-2021-le-classement\/\">Classement de la course<\/a><\/em><\/p>\n<p style=\"text-align: justify;\"><strong>2020 :<\/strong> X<\/p>\n<p style=\"text-align: justify;\"><strong>2019 :<\/strong> Remco Evenepoel<\/p>\n<p style=\"text-align: justify;\"><strong>2018 :<\/strong> Julian Alaphilippe<\/p>\n<p style=\"text-align: justify;\"><strong>2017 :<\/strong> Michal Kwiatkowski<\/p>\n<p style=\"text-align: justify;\"><strong>2016 :<\/strong> Bauke Mollema<\/p>\n<p style=\"text-align: justify;\"><strong>2015 :<\/strong> Adam Yates<\/p>\n<p style=\"text-align: justify;\"><strong>2014 :<\/strong> Alejandro Valverde<\/p>\n<p style=\"text-align: justify;\"><strong>2013 :<\/strong> Tony Gallopin<\/p>\n<p style=\"text-align: justify;\"><strong>2012 :<\/strong> Luis L\u00e9on S\u00e1nchez<\/p>\n<p style=\"text-align: justify;\"><strong>2011 :<\/strong> Philippe Gilbert<\/p>\n<h3 style=\"text-align: justify;\"><strong>\u00c0 ce sujet<\/strong><\/h3>\n<div class=\"vlp-link-container vlp-layout-article\"><a href=\"https:\/\/dicodusport.fr\/blog\/cyclisme-mercato-2025-2026-le-tableau-des-transferts\/\" class=\"vlp-link\" title=\"Cyclisme Mercato 2025-2026 - Le tableau des transferts\"><\/a><div class=\"vlp-layout-zone-side\"><div class=\"vlp-block-4 vlp-link-image\"><img loading=\"lazy\" decoding=\"async\" style=\"max-width: 792px;\" width=\"792\" height=\"445\" src=\"https:\/\/dicodusport.fr\/blog\/wp-content\/uploads\/2025\/02\/Cyclisme-Mercato-2025-2026-Le-tableau-des-transferts.png\" class=\"attachment-800x445 size-800x445\" alt=\"Cyclisme Mercato 2025-2026 - Le tableau des transferts\" srcset=\"https:\/\/dicodusport.fr\/blog\/wp-content\/uploads\/2025\/02\/Cyclisme-Mercato-2025-2026-Le-tableau-des-transferts.png 1200w, https:\/\/dicodusport.fr\/blog\/wp-content\/uploads\/2025\/02\/Cyclisme-Mercato-2025-2026-Le-tableau-des-transferts-300x169.png 300w, https:\/\/dicodusport.fr\/blog\/wp-content\/uploads\/2025\/02\/Cyclisme-Mercato-2025-2026-Le-tableau-des-transferts-1024x575.png 1024w, https:\/\/dicodusport.fr\/blog\/wp-content\/uploads\/2025\/02\/Cyclisme-Mercato-2025-2026-Le-tableau-des-transferts-768x431.png 768w\" sizes=\"auto, (max-width: 792px) 100vw, 792px\" \/><\/div><\/div><div class=\"vlp-layout-zone-main\"><div class=\"vlp-block-0 vlp-link-title\">Cyclisme Mercato 2025-2026 - Le tableau des transferts<\/div><div class=\"vlp-block-1 vlp-link-summary\">MERCATO CYCLISME 2025-2026 - D\u00e9couvrez les transferts officiels et les rumeurs du mercato cycliste.<\/div><div class=\"vlp-block-2 vlp-link-button\">Lire l'article<\/div><div class=\"vlp-block-3 vlp-link-url\">dicodusport.fr<\/div><\/div><\/div>\n","protected":false},"excerpt":{"rendered":"<p>Retrouvez le parcours d\u00e9taill\u00e9, le profil ainsi que les favoris de la Clasica San Sebastian 2025, qui se d\u00e9roule ce samedi 2 ao\u00fbt, sur une distance de 211,9 km.<\/p>\n","protected":false},"author":48,"featured_media":599455,"comment_status":"open","ping_status":"closed","sticky":false,"template":"","format":"standard","meta":{"_acf_changed":false,"_daextam_enable_autolinks":"1","footnotes":""},"categories":[46994],"tags":[32415,16878,5675,574,11197],"class_list":["post-597565","post","type-post","status-publish","format-standard","has-post-thumbnail","hentry","category-cyclisme-sur-route","tag-actu","tag-breve","tag-clasica-san-sebastian","tag-cyclisme","tag-cyclisme-sur-route"],"acf":[],"yoast_head":"<!-- This site is optimized with the Yoast SEO Premium plugin v26.7 (Yoast SEO v26.7) - https:\/\/yoast.com\/wordpress\/plugins\/seo\/ -->\n<title>Clasica San Sebastian 2025 : Profil, parcours et favoris<\/title>\n<meta name=\"description\" content=\"Retrouvez le parcours d\u00e9taill\u00e9, le profil ainsi que les favoris de la Clasica San Sebastian 2025, qui se d\u00e9roule ce samedi 2 ao\u00fbt, sur une distance de 211,9 km.\" \/>\n<meta name=\"robots\" content=\"index, follow, max-snippet:-1, max-image-preview:large, max-video-preview:-1\" \/>\n<link rel=\"canonical\" href=\"https:\/\/dicodusport.fr\/blog\/clasica-san-sebastian-2025-parcours-detaille-profil-et-favoris\/\" \/>\n<meta property=\"og:locale\" content=\"fr_FR\" \/>\n<meta property=\"og:type\" content=\"article\" \/>\n<meta property=\"og:title\" content=\"Clasica San Sebastian 2025 : Profil, parcours et favoris\" \/>\n<meta property=\"og:description\" content=\"Retrouvez le parcours d\u00e9taill\u00e9, le profil ainsi que les favoris de la Clasica San Sebastian 2025, qui se d\u00e9roule ce samedi 2 ao\u00fbt, sur une distance de 211,9 km.\" \/>\n<meta property=\"og:url\" content=\"https:\/\/dicodusport.fr\/blog\/clasica-san-sebastian-2025-parcours-detaille-profil-et-favoris\/\" \/>\n<meta property=\"og:site_name\" content=\"Dicodusport\" \/>\n<meta property=\"article:publisher\" content=\"https:\/\/www.facebook.com\/dicodusport\" \/>\n<meta property=\"article:author\" content=\"https:\/\/www.facebook.com\/groups\/LesRoisDuPeloton\" \/>\n<meta property=\"article:published_time\" content=\"2025-08-02T06:27:49+00:00\" \/>\n<meta property=\"og:image\" content=\"https:\/\/dicodusport.fr\/blog\/wp-content\/uploads\/2025\/07\/Clasica-San-Sebastian-2025-Parcours-detaille-profil-et-favoris.png\" \/>\n\t<meta property=\"og:image:width\" content=\"1200\" \/>\n\t<meta property=\"og:image:height\" content=\"674\" \/>\n\t<meta property=\"og:image:type\" content=\"image\/png\" \/>\n<meta name=\"author\" content=\"Emilien Descampiaux\" \/>\n<meta name=\"twitter:card\" content=\"summary_large_image\" \/>\n<meta name=\"twitter:title\" content=\"Clasica San Sebastian 2025 : Profil, parcours et favoris\" \/>\n<meta name=\"twitter:creator\" content=\"@https:\/\/twitter.com\/LRoisDuPeloton\" \/>\n<meta name=\"twitter:site\" content=\"@dicodusport\" \/>\n<script type=\"application\/ld+json\" class=\"yoast-schema-graph\">{\"@context\":\"https:\/\/schema.org\",\"@graph\":[{\"@type\":\"NewsArticle\",\"@id\":\"https:\/\/dicodusport.fr\/blog\/clasica-san-sebastian-2025-parcours-detaille-profil-et-favoris\/#article\",\"isPartOf\":{\"@id\":\"https:\/\/dicodusport.fr\/blog\/clasica-san-sebastian-2025-parcours-detaille-profil-et-favoris\/\"},\"author\":{\"name\":\"Emilien Descampiaux\",\"@id\":\"https:\/\/dicodusport.fr\/blog\/#\/schema\/person\/6db4bae06b171592211be385b32876a7\"},\"headline\":\"Clasica San Sebastian 2025 : Profil, parcours et favoris\",\"datePublished\":\"2025-08-02T06:27:49+00:00\",\"mainEntityOfPage\":{\"@id\":\"https:\/\/dicodusport.fr\/blog\/clasica-san-sebastian-2025-parcours-detaille-profil-et-favoris\/\"},\"wordCount\":917,\"commentCount\":0,\"publisher\":{\"@id\":\"https:\/\/dicodusport.fr\/blog\/#organization\"},\"image\":{\"@id\":\"https:\/\/dicodusport.fr\/blog\/clasica-san-sebastian-2025-parcours-detaille-profil-et-favoris\/#primaryimage\"},\"thumbnailUrl\":\"https:\/\/dicodusport.fr\/blog\/wp-content\/uploads\/2025\/07\/Clasica-San-Sebastian-2025-Parcours-detaille-profil-et-favoris.png\",\"keywords\":[\"actu\",\"br\u00e8ve\",\"Clasica San Sebastian\",\"Cyclisme\",\"Cyclisme sur route\"],\"articleSection\":[\"Cyclisme sur route\"],\"inLanguage\":\"fr-FR\",\"potentialAction\":[{\"@type\":\"CommentAction\",\"name\":\"Comment\",\"target\":[\"https:\/\/dicodusport.fr\/blog\/clasica-san-sebastian-2025-parcours-detaille-profil-et-favoris\/#respond\"]}],\"copyrightYear\":\"2025\",\"copyrightHolder\":{\"@id\":\"https:\/\/dicodusport.fr\/blog\/#organization\"}},{\"@type\":\"WebPage\",\"@id\":\"https:\/\/dicodusport.fr\/blog\/clasica-san-sebastian-2025-parcours-detaille-profil-et-favoris\/\",\"url\":\"https:\/\/dicodusport.fr\/blog\/clasica-san-sebastian-2025-parcours-detaille-profil-et-favoris\/\",\"name\":\"Clasica San Sebastian 2025 : Profil, parcours et favoris\",\"isPartOf\":{\"@id\":\"https:\/\/dicodusport.fr\/blog\/#website\"},\"primaryImageOfPage\":{\"@id\":\"https:\/\/dicodusport.fr\/blog\/clasica-san-sebastian-2025-parcours-detaille-profil-et-favoris\/#primaryimage\"},\"image\":{\"@id\":\"https:\/\/dicodusport.fr\/blog\/clasica-san-sebastian-2025-parcours-detaille-profil-et-favoris\/#primaryimage\"},\"thumbnailUrl\":\"https:\/\/dicodusport.fr\/blog\/wp-content\/uploads\/2025\/07\/Clasica-San-Sebastian-2025-Parcours-detaille-profil-et-favoris.png\",\"datePublished\":\"2025-08-02T06:27:49+00:00\",\"description\":\"Retrouvez le parcours d\u00e9taill\u00e9, le profil ainsi que les favoris de la Clasica San Sebastian 2025, qui se d\u00e9roule ce samedi 2 ao\u00fbt, sur une distance de 211,9 km.\",\"breadcrumb\":{\"@id\":\"https:\/\/dicodusport.fr\/blog\/clasica-san-sebastian-2025-parcours-detaille-profil-et-favoris\/#breadcrumb\"},\"inLanguage\":\"fr-FR\",\"potentialAction\":[{\"@type\":\"ReadAction\",\"target\":[\"https:\/\/dicodusport.fr\/blog\/clasica-san-sebastian-2025-parcours-detaille-profil-et-favoris\/\"]}]},{\"@type\":\"ImageObject\",\"inLanguage\":\"fr-FR\",\"@id\":\"https:\/\/dicodusport.fr\/blog\/clasica-san-sebastian-2025-parcours-detaille-profil-et-favoris\/#primaryimage\",\"url\":\"https:\/\/dicodusport.fr\/blog\/wp-content\/uploads\/2025\/07\/Clasica-San-Sebastian-2025-Parcours-detaille-profil-et-favoris.png\",\"contentUrl\":\"https:\/\/dicodusport.fr\/blog\/wp-content\/uploads\/2025\/07\/Clasica-San-Sebastian-2025-Parcours-detaille-profil-et-favoris.png\",\"width\":1200,\"height\":674,\"caption\":\"Clasica San Sebastian 2025 Parcours d\u00e9taill\u00e9, profil et favoris\"},{\"@type\":\"BreadcrumbList\",\"@id\":\"https:\/\/dicodusport.fr\/blog\/clasica-san-sebastian-2025-parcours-detaille-profil-et-favoris\/#breadcrumb\",\"itemListElement\":[{\"@type\":\"ListItem\",\"position\":1,\"name\":\"Accueil\",\"item\":\"https:\/\/dicodusport.fr\/blog\/\"},{\"@type\":\"ListItem\",\"position\":2,\"name\":\"Clasica San Sebastian 2025 : Profil, parcours et favoris\"}]},{\"@type\":\"WebSite\",\"@id\":\"https:\/\/dicodusport.fr\/blog\/#website\",\"url\":\"https:\/\/dicodusport.fr\/blog\/\",\"name\":\"Dicodusport\",\"description\":\"L&#039;encyclop\u00e9die de l&#039;actualit\u00e9 sportive\",\"publisher\":{\"@id\":\"https:\/\/dicodusport.fr\/blog\/#organization\"},\"potentialAction\":[{\"@type\":\"SearchAction\",\"target\":{\"@type\":\"EntryPoint\",\"urlTemplate\":\"https:\/\/dicodusport.fr\/blog\/?s={search_term_string}\"},\"query-input\":{\"@type\":\"PropertyValueSpecification\",\"valueRequired\":true,\"valueName\":\"search_term_string\"}}],\"inLanguage\":\"fr-FR\"},{\"@type\":\"NewsMediaOrganization\",\"@id\":\"https:\/\/dicodusport.fr\/blog\/#organization\",\"name\":\"Dicodusport\",\"url\":\"https:\/\/dicodusport.fr\/blog\/\",\"logo\":{\"@type\":\"ImageObject\",\"inLanguage\":\"fr-FR\",\"@id\":\"https:\/\/dicodusport.fr\/blog\/#\/schema\/logo\/image\/\",\"url\":\"https:\/\/dicodusport.fr\/blog\/wp-content\/uploads\/2020\/06\/cropped-LOGO-DICODUSPORT-2020-SANS-FOND-SANS-TEXTE.png\",\"contentUrl\":\"https:\/\/dicodusport.fr\/blog\/wp-content\/uploads\/2020\/06\/cropped-LOGO-DICODUSPORT-2020-SANS-FOND-SANS-TEXTE.png\",\"width\":512,\"height\":512,\"caption\":\"Dicodusport\"},\"image\":{\"@id\":\"https:\/\/dicodusport.fr\/blog\/#\/schema\/logo\/image\/\"},\"sameAs\":[\"https:\/\/www.facebook.com\/dicodusport\",\"https:\/\/x.com\/dicodusport\",\"https:\/\/www.instagram.com\/dicodusport\/\",\"https:\/\/www.youtube.com\/channel\/UC7V2KZ5sd3htJivAbA4ZG3w\"],\"description\":\"Dicodusport est l'encyclop\u00e9die de l'actualit\u00e9 sportive.\",\"email\":\"bonjour@dicodusport.fr\",\"legalName\":\"DICODUSPORT\",\"foundingDate\":\"2018-01-14\",\"vatID\":\"FR71834470973\",\"taxID\":\"83447097300043\",\"numberOfEmployees\":{\"@type\":\"QuantitativeValue\",\"minValue\":\"1\",\"maxValue\":\"10\"}},{\"@type\":\"Person\",\"@id\":\"https:\/\/dicodusport.fr\/blog\/#\/schema\/person\/6db4bae06b171592211be385b32876a7\",\"name\":\"Emilien Descampiaux\",\"image\":{\"@type\":\"ImageObject\",\"inLanguage\":\"fr-FR\",\"@id\":\"https:\/\/dicodusport.fr\/blog\/#\/schema\/person\/image\/\",\"url\":\"https:\/\/dicodusport.fr\/blog\/wp-content\/uploads\/2021\/05\/Emilien-Descampiaux-150x150.jpg\",\"contentUrl\":\"https:\/\/dicodusport.fr\/blog\/wp-content\/uploads\/2021\/05\/Emilien-Descampiaux-150x150.jpg\",\"caption\":\"Emilien Descampiaux\"},\"description\":\"Journaliste\/r\u00e9dacteur depuis 2014 - Fan de la classe de Frank Vandenbroucke, je vis cyclisme (et de ses paysages) depuis plus de 20 ans. Je suis tr\u00e8s impliqu\u00e9 sur mes diff\u00e9rents r\u00e9seaux sociaux pour partager ma passion sur le monde et l'Histoire de la bicyclette avec ma voix sur les images en noir et blanc du succ\u00e8s de Rik Van Steenbergen lors du Ronde sur le V\u00e9lodrome de Gand.\",\"sameAs\":[\"https:\/\/www.facebook.com\/groups\/LesRoisDuPeloton\",\"https:\/\/x.com\/https:\/\/twitter.com\/LRoisDuPeloton\"],\"url\":\"https:\/\/dicodusport.fr\/blog\/author\/emiliend\/\"}]}<\/script>\n<!-- \/ Yoast SEO Premium plugin. -->","yoast_head_json":{"title":"Clasica San Sebastian 2025 : Profil, parcours et favoris","description":"Retrouvez le parcours d\u00e9taill\u00e9, le profil ainsi que les favoris de la Clasica San Sebastian 2025, qui se d\u00e9roule ce samedi 2 ao\u00fbt, sur une distance de 211,9 km.","robots":{"index":"index","follow":"follow","max-snippet":"max-snippet:-1","max-image-preview":"max-image-preview:large","max-video-preview":"max-video-preview:-1"},"canonical":"https:\/\/dicodusport.fr\/blog\/clasica-san-sebastian-2025-parcours-detaille-profil-et-favoris\/","og_locale":"fr_FR","og_type":"article","og_title":"Clasica San Sebastian 2025 : Profil, parcours et favoris","og_description":"Retrouvez le parcours d\u00e9taill\u00e9, le profil ainsi que les favoris de la Clasica San Sebastian 2025, qui se d\u00e9roule ce samedi 2 ao\u00fbt, sur une distance de 211,9 km.","og_url":"https:\/\/dicodusport.fr\/blog\/clasica-san-sebastian-2025-parcours-detaille-profil-et-favoris\/","og_site_name":"Dicodusport","article_publisher":"https:\/\/www.facebook.com\/dicodusport","article_author":"https:\/\/www.facebook.com\/groups\/LesRoisDuPeloton","article_published_time":"2025-08-02T06:27:49+00:00","og_image":[{"width":1200,"height":674,"url":"https:\/\/dicodusport.fr\/blog\/wp-content\/uploads\/2025\/07\/Clasica-San-Sebastian-2025-Parcours-detaille-profil-et-favoris.png","type":"image\/png"}],"author":"Emilien Descampiaux","twitter_card":"summary_large_image","twitter_title":"Clasica San Sebastian 2025 : Profil, parcours et favoris","twitter_creator":"@https:\/\/twitter.com\/LRoisDuPeloton","twitter_site":"@dicodusport","schema":{"@context":"https:\/\/schema.org","@graph":[{"@type":"NewsArticle","@id":"https:\/\/dicodusport.fr\/blog\/clasica-san-sebastian-2025-parcours-detaille-profil-et-favoris\/#article","isPartOf":{"@id":"https:\/\/dicodusport.fr\/blog\/clasica-san-sebastian-2025-parcours-detaille-profil-et-favoris\/"},"author":{"name":"Emilien Descampiaux","@id":"https:\/\/dicodusport.fr\/blog\/#\/schema\/person\/6db4bae06b171592211be385b32876a7"},"headline":"Clasica San Sebastian 2025 : Profil, parcours et favoris","datePublished":"2025-08-02T06:27:49+00:00","mainEntityOfPage":{"@id":"https:\/\/dicodusport.fr\/blog\/clasica-san-sebastian-2025-parcours-detaille-profil-et-favoris\/"},"wordCount":917,"commentCount":0,"publisher":{"@id":"https:\/\/dicodusport.fr\/blog\/#organization"},"image":{"@id":"https:\/\/dicodusport.fr\/blog\/clasica-san-sebastian-2025-parcours-detaille-profil-et-favoris\/#primaryimage"},"thumbnailUrl":"https:\/\/dicodusport.fr\/blog\/wp-content\/uploads\/2025\/07\/Clasica-San-Sebastian-2025-Parcours-detaille-profil-et-favoris.png","keywords":["actu","br\u00e8ve","Clasica San Sebastian","Cyclisme","Cyclisme sur route"],"articleSection":["Cyclisme sur route"],"inLanguage":"fr-FR","potentialAction":[{"@type":"CommentAction","name":"Comment","target":["https:\/\/dicodusport.fr\/blog\/clasica-san-sebastian-2025-parcours-detaille-profil-et-favoris\/#respond"]}],"copyrightYear":"2025","copyrightHolder":{"@id":"https:\/\/dicodusport.fr\/blog\/#organization"}},{"@type":"WebPage","@id":"https:\/\/dicodusport.fr\/blog\/clasica-san-sebastian-2025-parcours-detaille-profil-et-favoris\/","url":"https:\/\/dicodusport.fr\/blog\/clasica-san-sebastian-2025-parcours-detaille-profil-et-favoris\/","name":"Clasica San Sebastian 2025 : Profil, parcours et favoris","isPartOf":{"@id":"https:\/\/dicodusport.fr\/blog\/#website"},"primaryImageOfPage":{"@id":"https:\/\/dicodusport.fr\/blog\/clasica-san-sebastian-2025-parcours-detaille-profil-et-favoris\/#primaryimage"},"image":{"@id":"https:\/\/dicodusport.fr\/blog\/clasica-san-sebastian-2025-parcours-detaille-profil-et-favoris\/#primaryimage"},"thumbnailUrl":"https:\/\/dicodusport.fr\/blog\/wp-content\/uploads\/2025\/07\/Clasica-San-Sebastian-2025-Parcours-detaille-profil-et-favoris.png","datePublished":"2025-08-02T06:27:49+00:00","description":"Retrouvez le parcours d\u00e9taill\u00e9, le profil ainsi que les favoris de la Clasica San Sebastian 2025, qui se d\u00e9roule ce samedi 2 ao\u00fbt, sur une distance de 211,9 km.","breadcrumb":{"@id":"https:\/\/dicodusport.fr\/blog\/clasica-san-sebastian-2025-parcours-detaille-profil-et-favoris\/#breadcrumb"},"inLanguage":"fr-FR","potentialAction":[{"@type":"ReadAction","target":["https:\/\/dicodusport.fr\/blog\/clasica-san-sebastian-2025-parcours-detaille-profil-et-favoris\/"]}]},{"@type":"ImageObject","inLanguage":"fr-FR","@id":"https:\/\/dicodusport.fr\/blog\/clasica-san-sebastian-2025-parcours-detaille-profil-et-favoris\/#primaryimage","url":"https:\/\/dicodusport.fr\/blog\/wp-content\/uploads\/2025\/07\/Clasica-San-Sebastian-2025-Parcours-detaille-profil-et-favoris.png","contentUrl":"https:\/\/dicodusport.fr\/blog\/wp-content\/uploads\/2025\/07\/Clasica-San-Sebastian-2025-Parcours-detaille-profil-et-favoris.png","width":1200,"height":674,"caption":"Clasica San Sebastian 2025 Parcours d\u00e9taill\u00e9, profil et favoris"},{"@type":"BreadcrumbList","@id":"https:\/\/dicodusport.fr\/blog\/clasica-san-sebastian-2025-parcours-detaille-profil-et-favoris\/#breadcrumb","itemListElement":[{"@type":"ListItem","position":1,"name":"Accueil","item":"https:\/\/dicodusport.fr\/blog\/"},{"@type":"ListItem","position":2,"name":"Clasica San Sebastian 2025 : Profil, parcours et favoris"}]},{"@type":"WebSite","@id":"https:\/\/dicodusport.fr\/blog\/#website","url":"https:\/\/dicodusport.fr\/blog\/","name":"Dicodusport","description":"L&#039;encyclop\u00e9die de l&#039;actualit\u00e9 sportive","publisher":{"@id":"https:\/\/dicodusport.fr\/blog\/#organization"},"potentialAction":[{"@type":"SearchAction","target":{"@type":"EntryPoint","urlTemplate":"https:\/\/dicodusport.fr\/blog\/?s={search_term_string}"},"query-input":{"@type":"PropertyValueSpecification","valueRequired":true,"valueName":"search_term_string"}}],"inLanguage":"fr-FR"},{"@type":"NewsMediaOrganization","@id":"https:\/\/dicodusport.fr\/blog\/#organization","name":"Dicodusport","url":"https:\/\/dicodusport.fr\/blog\/","logo":{"@type":"ImageObject","inLanguage":"fr-FR","@id":"https:\/\/dicodusport.fr\/blog\/#\/schema\/logo\/image\/","url":"https:\/\/dicodusport.fr\/blog\/wp-content\/uploads\/2020\/06\/cropped-LOGO-DICODUSPORT-2020-SANS-FOND-SANS-TEXTE.png","contentUrl":"https:\/\/dicodusport.fr\/blog\/wp-content\/uploads\/2020\/06\/cropped-LOGO-DICODUSPORT-2020-SANS-FOND-SANS-TEXTE.png","width":512,"height":512,"caption":"Dicodusport"},"image":{"@id":"https:\/\/dicodusport.fr\/blog\/#\/schema\/logo\/image\/"},"sameAs":["https:\/\/www.facebook.com\/dicodusport","https:\/\/x.com\/dicodusport","https:\/\/www.instagram.com\/dicodusport\/","https:\/\/www.youtube.com\/channel\/UC7V2KZ5sd3htJivAbA4ZG3w"],"description":"Dicodusport est l'encyclop\u00e9die de l'actualit\u00e9 sportive.","email":"bonjour@dicodusport.fr","legalName":"DICODUSPORT","foundingDate":"2018-01-14","vatID":"FR71834470973","taxID":"83447097300043","numberOfEmployees":{"@type":"QuantitativeValue","minValue":"1","maxValue":"10"}},{"@type":"Person","@id":"https:\/\/dicodusport.fr\/blog\/#\/schema\/person\/6db4bae06b171592211be385b32876a7","name":"Emilien Descampiaux","image":{"@type":"ImageObject","inLanguage":"fr-FR","@id":"https:\/\/dicodusport.fr\/blog\/#\/schema\/person\/image\/","url":"https:\/\/dicodusport.fr\/blog\/wp-content\/uploads\/2021\/05\/Emilien-Descampiaux-150x150.jpg","contentUrl":"https:\/\/dicodusport.fr\/blog\/wp-content\/uploads\/2021\/05\/Emilien-Descampiaux-150x150.jpg","caption":"Emilien Descampiaux"},"description":"Journaliste\/r\u00e9dacteur depuis 2014 - Fan de la classe de Frank Vandenbroucke, je vis cyclisme (et de ses paysages) depuis plus de 20 ans. Je suis tr\u00e8s impliqu\u00e9 sur mes diff\u00e9rents r\u00e9seaux sociaux pour partager ma passion sur le monde et l'Histoire de la bicyclette avec ma voix sur les images en noir et blanc du succ\u00e8s de Rik Van Steenbergen lors du Ronde sur le V\u00e9lodrome de Gand.","sameAs":["https:\/\/www.facebook.com\/groups\/LesRoisDuPeloton","https:\/\/x.com\/https:\/\/twitter.com\/LRoisDuPeloton"],"url":"https:\/\/dicodusport.fr\/blog\/author\/emiliend\/"}]}},"_links":{"self":[{"href":"https:\/\/dicodusport.fr\/blog\/wp-json\/wp\/v2\/posts\/597565","targetHints":{"allow":["GET"]}}],"collection":[{"href":"https:\/\/dicodusport.fr\/blog\/wp-json\/wp\/v2\/posts"}],"about":[{"href":"https:\/\/dicodusport.fr\/blog\/wp-json\/wp\/v2\/types\/post"}],"author":[{"embeddable":true,"href":"https:\/\/dicodusport.fr\/blog\/wp-json\/wp\/v2\/users\/48"}],"replies":[{"embeddable":true,"href":"https:\/\/dicodusport.fr\/blog\/wp-json\/wp\/v2\/comments?post=597565"}],"version-history":[{"count":5,"href":"https:\/\/dicodusport.fr\/blog\/wp-json\/wp\/v2\/posts\/597565\/revisions"}],"predecessor-version":[{"id":599698,"href":"https:\/\/dicodusport.fr\/blog\/wp-json\/wp\/v2\/posts\/597565\/revisions\/599698"}],"wp:featuredmedia":[{"embeddable":true,"href":"https:\/\/dicodusport.fr\/blog\/wp-json\/wp\/v2\/media\/599455"}],"wp:attachment":[{"href":"https:\/\/dicodusport.fr\/blog\/wp-json\/wp\/v2\/media?parent=597565"}],"wp:term":[{"taxonomy":"category","embeddable":true,"href":"https:\/\/dicodusport.fr\/blog\/wp-json\/wp\/v2\/categories?post=597565"},{"taxonomy":"post_tag","embeddable":true,"href":"https:\/\/dicodusport.fr\/blog\/wp-json\/wp\/v2\/tags?post=597565"}],"curies":[{"name":"wp","href":"https:\/\/api.w.org\/{rel}","templated":true}]}}