{"id":597580,"date":"2025-07-24T13:34:23","date_gmt":"2025-07-24T11:34:23","guid":{"rendered":"https:\/\/dicodusport.fr\/blog\/?p=597580&#038;preview=true&#038;preview_id=597580"},"modified":"2025-07-24T13:45:23","modified_gmt":"2025-07-24T11:45:23","slug":"transferts-ol-lucas-perri-quitte-lyon-pour-la-premier-league","status":"publish","type":"post","link":"https:\/\/dicodusport.fr\/blog\/transferts-ol-lucas-perri-quitte-lyon-pour-la-premier-league\/","title":{"rendered":"Transferts OL : Lucas Perri quitte Lyon pour la Premier League"},"content":{"rendered":"<p style=\"text-align: justify;\"><strong><em>TRANSFERTS OL &#8211; Selon <a href=\"https:\/\/rmcsport.bfmtv.com\/football\/transferts\/direct-mercato-suivez-en-live-toutes-les-infos-et-rumeurs-du-24-juillet-2025_LN-202507240082.html#article_409674\">RMC Sport<\/a>, Lucas Perri va quitter l&rsquo;Olympique Lyonnais pour rejoindre Leeds en Premier League.<\/em><\/strong><\/p>\n<p style=\"text-align: justify;\">L&rsquo;<strong>Olympique Lyonnais<\/strong> peut enfin lancer son mercato hivernal m\u00eame si la <strong>DNCG<\/strong> va veiller au grain. <strong>Lyon<\/strong> aurait pass\u00e9 un march\u00e9 avec le gendarme financier du football fran\u00e7ais et doit vendre un joueur pour pouvoir en recruter un. Les dirigeants lyonnais s&rsquo;activent donc pour d\u00e9graisser l&rsquo;effectif avant de pouvoir recruter des joueurs.<\/p>\n<ul style=\"text-align: justify;\">\n<li><strong>\u00c0 ce sujet &#8211; <a class=\"row-title\" href=\"https:\/\/dicodusport.fr\/blog\/transferts-ol-lyon-veut-soffrir-lorenzo-torriani\/\" aria-label=\"\u00ab\u00a0Transferts OL : Lyon veut s\u2019offrir Lorenzo Torriani\u00a0\u00bb (Modifier)\">Transferts OL : Lyon veut s\u2019offrir Lorenzo Torriani<\/a><\/strong><\/li>\n<\/ul>\n<h2 style=\"text-align: justify;\">Lucas Perri \u00e0 Leeds<\/h2>\n<p style=\"text-align: justify;\">Au niveau des gardiens de but, John Textor avait recrut\u00e9 <strong>Matt Turner<\/strong> pour huit millions d&rsquo;euros. Mais l&rsquo;<strong>Olympique Lyonnais<\/strong> voudrait faire annuler ce transfert jug\u00e9 disproportionn\u00e9 par la nouvelle direction. Des discussions sont en cours avec <strong>Nottingham Forest<\/strong>. Ce recrutement avait \u00e9t\u00e9 fait pour pallier un probable d\u00e9part de <strong>Lucas Perri<\/strong>.<\/p>\n<div class=\"vlp-link-container vlp-layout-article\"><a href=\"https:\/\/dicodusport.fr\/blog\/transferts-ol-lyon-signe-afonso-moreira\/\" class=\"vlp-link\" title=\"Transferts OL : Lyon signe Afonso Moreira\"><\/a><div class=\"vlp-layout-zone-side\"><div class=\"vlp-block-4 vlp-link-image\"><img loading=\"lazy\" decoding=\"async\" style=\"max-width: 792px;\" width=\"792\" height=\"445\" src=\"https:\/\/dicodusport.fr\/blog\/wp-content\/uploads\/2025\/07\/Transferts-OL-Lyon-signe-Afonso-Moreira.png\" class=\"attachment-800x445 size-800x445\" alt=\"Transferts OL Lyon signe Afonso Moreira\" srcset=\"https:\/\/dicodusport.fr\/blog\/wp-content\/uploads\/2025\/07\/Transferts-OL-Lyon-signe-Afonso-Moreira.png 1200w, https:\/\/dicodusport.fr\/blog\/wp-content\/uploads\/2025\/07\/Transferts-OL-Lyon-signe-Afonso-Moreira-300x169.png 300w, https:\/\/dicodusport.fr\/blog\/wp-content\/uploads\/2025\/07\/Transferts-OL-Lyon-signe-Afonso-Moreira-1024x575.png 1024w, https:\/\/dicodusport.fr\/blog\/wp-content\/uploads\/2025\/07\/Transferts-OL-Lyon-signe-Afonso-Moreira-768x431.png 768w\" sizes=\"auto, (max-width: 792px) 100vw, 792px\" \/><\/div><\/div><div class=\"vlp-layout-zone-main\"><div class=\"vlp-block-0 vlp-link-title\">Transferts OL : Lyon signe Afonso Moreira<\/div><div class=\"vlp-block-1 vlp-link-summary\">Sans crier gare et alors que l'officialisation du transfert n'a pas encore eu lieu, l'OL a recrut\u00e9 Afonso Moreira et le joueur a d\u00e9j\u00e0 int\u00e9gr\u00e9 l'effectif, selon nos confr\u00e8res de Foot Mercato.<\/div><div class=\"vlp-block-2 vlp-link-button\">Lire l'article<\/div><div class=\"vlp-block-3 vlp-link-url\">dicodusport.fr<\/div><\/div><\/div>\n<p style=\"text-align: justify;\">Apr\u00e8s des semaines de n\u00e9gociations avec plusieurs clubs, le Br\u00e9silien a finalement trouv\u00e9 un accord avec <strong>Leeds<\/strong>. L&rsquo;\u00e9quipe promue en <strong>Premier<\/strong> <strong>League<\/strong> va d\u00e9bourser pas moins de 15 millions d&rsquo;euros pour le recruter. <strong>Lucas<\/strong> <strong>Perri<\/strong> doit passer sa visite m\u00e9dicale dans les jours \u00e0 venir avant de parapher un contrat. Pour le remplacer, l&rsquo;OL pourrait miser sur une jeune pousse de l&rsquo;AC Milan, <strong>Lorenzo<\/strong> <strong>Torriani<\/strong>.<\/p>\n<ul>\n<li><strong>\u00c0 ce sujet &#8211; <a class=\"row-title\" title=\"Mercato OL 2025-2026 : Le tableau complet des transferts, arriv\u00e9es et d\u00e9parts\" href=\"https:\/\/dicodusport.fr\/blog\/mercato-ol-2025-2026-le-tableau-complet-des-transferts-arrivees-et-departs\/\" rel=\"\" aria-label=\"\u00ab\u00a0Transferts OL : Lyon veut s\u2019offrir Lorenzo Torriani\u00a0\u00bb (Modifier)\">Mercato OL 2025-2026 : Le tableau complet des transferts, arriv\u00e9es et d\u00e9parts<\/a><\/strong><\/li>\n<\/ul>\n","protected":false},"excerpt":{"rendered":"<p>TRANSFERTS OL &#8211; Selon RMC Sport, Lucas Perri va quitter l&rsquo;Olympique Lyonnais pour rejoindre Leeds en Premier League.<\/p>\n","protected":false},"author":1,"featured_media":597585,"comment_status":"open","ping_status":"closed","sticky":false,"template":"","format":"standard","meta":{"_acf_changed":false,"_daextam_enable_autolinks":"1","footnotes":""},"categories":[47045],"tags":[16878,75,1554,1146,43686],"class_list":["post-597580","post","type-post","status-publish","format-standard","has-post-thumbnail","hentry","category-ligue-1","tag-breve","tag-football","tag-ligue-1","tag-olympique-lyonnais","tag-transferts-ol"],"acf":[],"yoast_head":"<!-- This site is optimized with the Yoast SEO Premium plugin v26.7 (Yoast SEO v26.7) - https:\/\/yoast.com\/wordpress\/plugins\/seo\/ -->\n<title>Transferts OL : Lucas Perri quitte Lyon pour la Premier League<\/title>\n<meta name=\"description\" content=\"TRANSFERTS OL - Selon RMC Sport, Lucas Perri va quitter l&#039;Olympique Lyonnais pour rejoindre Leeds en Premier League.\" \/>\n<meta name=\"robots\" content=\"index, follow, max-snippet:-1, max-image-preview:large, max-video-preview:-1\" \/>\n<link rel=\"canonical\" href=\"https:\/\/dicodusport.fr\/blog\/transferts-ol-lucas-perri-quitte-lyon-pour-la-premier-league\/\" \/>\n<meta property=\"og:locale\" content=\"fr_FR\" \/>\n<meta property=\"og:type\" content=\"article\" \/>\n<meta property=\"og:title\" content=\"Transferts OL : Lucas Perri quitte Lyon pour la Premier League\" \/>\n<meta property=\"og:description\" content=\"TRANSFERTS OL - Selon RMC Sport, Lucas Perri va quitter l&#039;Olympique Lyonnais pour rejoindre Leeds en Premier League.\" \/>\n<meta property=\"og:url\" content=\"https:\/\/dicodusport.fr\/blog\/transferts-ol-lucas-perri-quitte-lyon-pour-la-premier-league\/\" \/>\n<meta property=\"og:site_name\" content=\"Dicodusport\" \/>\n<meta property=\"article:publisher\" content=\"https:\/\/www.facebook.com\/dicodusport\" \/>\n<meta property=\"article:author\" content=\"https:\/\/www.facebook.com\/dicodusport\" \/>\n<meta property=\"article:published_time\" content=\"2025-07-24T11:34:23+00:00\" \/>\n<meta property=\"article:modified_time\" content=\"2025-07-24T11:45:23+00:00\" \/>\n<meta property=\"og:image\" content=\"https:\/\/dicodusport.fr\/blog\/wp-content\/uploads\/2025\/07\/Transferts-OL-Lucas-Perri-quitte-Lyon-pour-la-Premier-League.png\" \/>\n\t<meta property=\"og:image:width\" content=\"1200\" \/>\n\t<meta property=\"og:image:height\" content=\"674\" \/>\n\t<meta property=\"og:image:type\" content=\"image\/png\" \/>\n<meta name=\"author\" content=\"Nicolas Jacquemard\" \/>\n<meta name=\"twitter:card\" content=\"summary_large_image\" \/>\n<meta name=\"twitter:title\" content=\"Transferts OL : Lucas Perri quitte Lyon pour la Premier League\" \/>\n<meta name=\"twitter:creator\" content=\"@https:\/\/twitter.com\/Nico_Jacquemard\" \/>\n<meta name=\"twitter:site\" content=\"@dicodusport\" \/>\n<script type=\"application\/ld+json\" class=\"yoast-schema-graph\">{\"@context\":\"https:\/\/schema.org\",\"@graph\":[{\"@type\":\"NewsArticle\",\"@id\":\"https:\/\/dicodusport.fr\/blog\/transferts-ol-lucas-perri-quitte-lyon-pour-la-premier-league\/#article\",\"isPartOf\":{\"@id\":\"https:\/\/dicodusport.fr\/blog\/transferts-ol-lucas-perri-quitte-lyon-pour-la-premier-league\/\"},\"author\":{\"name\":\"Nicolas Jacquemard\",\"@id\":\"https:\/\/dicodusport.fr\/blog\/#\/schema\/person\/55dcb50ad410894e431ed812bbb70191\"},\"headline\":\"Transferts OL : Lucas Perri quitte Lyon pour la Premier League\",\"datePublished\":\"2025-07-24T11:34:23+00:00\",\"dateModified\":\"2025-07-24T11:45:23+00:00\",\"mainEntityOfPage\":{\"@id\":\"https:\/\/dicodusport.fr\/blog\/transferts-ol-lucas-perri-quitte-lyon-pour-la-premier-league\/\"},\"wordCount\":335,\"commentCount\":0,\"publisher\":{\"@id\":\"https:\/\/dicodusport.fr\/blog\/#organization\"},\"image\":{\"@id\":\"https:\/\/dicodusport.fr\/blog\/transferts-ol-lucas-perri-quitte-lyon-pour-la-premier-league\/#primaryimage\"},\"thumbnailUrl\":\"https:\/\/dicodusport.fr\/blog\/wp-content\/uploads\/2025\/07\/Transferts-OL-Lucas-Perri-quitte-Lyon-pour-la-Premier-League.png\",\"keywords\":[\"br\u00e8ve\",\"Football\",\"Ligue 1\",\"Olympique lyonnais\",\"Transferts OL\"],\"articleSection\":[\"Ligue 1\"],\"inLanguage\":\"fr-FR\",\"potentialAction\":[{\"@type\":\"CommentAction\",\"name\":\"Comment\",\"target\":[\"https:\/\/dicodusport.fr\/blog\/transferts-ol-lucas-perri-quitte-lyon-pour-la-premier-league\/#respond\"]}],\"copyrightYear\":\"2025\",\"copyrightHolder\":{\"@id\":\"https:\/\/dicodusport.fr\/blog\/#organization\"}},{\"@type\":\"WebPage\",\"@id\":\"https:\/\/dicodusport.fr\/blog\/transferts-ol-lucas-perri-quitte-lyon-pour-la-premier-league\/\",\"url\":\"https:\/\/dicodusport.fr\/blog\/transferts-ol-lucas-perri-quitte-lyon-pour-la-premier-league\/\",\"name\":\"Transferts OL : Lucas Perri quitte Lyon pour la Premier League\",\"isPartOf\":{\"@id\":\"https:\/\/dicodusport.fr\/blog\/#website\"},\"primaryImageOfPage\":{\"@id\":\"https:\/\/dicodusport.fr\/blog\/transferts-ol-lucas-perri-quitte-lyon-pour-la-premier-league\/#primaryimage\"},\"image\":{\"@id\":\"https:\/\/dicodusport.fr\/blog\/transferts-ol-lucas-perri-quitte-lyon-pour-la-premier-league\/#primaryimage\"},\"thumbnailUrl\":\"https:\/\/dicodusport.fr\/blog\/wp-content\/uploads\/2025\/07\/Transferts-OL-Lucas-Perri-quitte-Lyon-pour-la-Premier-League.png\",\"datePublished\":\"2025-07-24T11:34:23+00:00\",\"dateModified\":\"2025-07-24T11:45:23+00:00\",\"description\":\"TRANSFERTS OL - Selon RMC Sport, Lucas Perri va quitter l'Olympique Lyonnais pour rejoindre Leeds en Premier League.\",\"breadcrumb\":{\"@id\":\"https:\/\/dicodusport.fr\/blog\/transferts-ol-lucas-perri-quitte-lyon-pour-la-premier-league\/#breadcrumb\"},\"inLanguage\":\"fr-FR\",\"potentialAction\":[{\"@type\":\"ReadAction\",\"target\":[\"https:\/\/dicodusport.fr\/blog\/transferts-ol-lucas-perri-quitte-lyon-pour-la-premier-league\/\"]}]},{\"@type\":\"ImageObject\",\"inLanguage\":\"fr-FR\",\"@id\":\"https:\/\/dicodusport.fr\/blog\/transferts-ol-lucas-perri-quitte-lyon-pour-la-premier-league\/#primaryimage\",\"url\":\"https:\/\/dicodusport.fr\/blog\/wp-content\/uploads\/2025\/07\/Transferts-OL-Lucas-Perri-quitte-Lyon-pour-la-Premier-League.png\",\"contentUrl\":\"https:\/\/dicodusport.fr\/blog\/wp-content\/uploads\/2025\/07\/Transferts-OL-Lucas-Perri-quitte-Lyon-pour-la-Premier-League.png\",\"width\":1200,\"height\":674,\"caption\":\"Transferts OL Lucas Perri quitte Lyon pour la Premier League\"},{\"@type\":\"BreadcrumbList\",\"@id\":\"https:\/\/dicodusport.fr\/blog\/transferts-ol-lucas-perri-quitte-lyon-pour-la-premier-league\/#breadcrumb\",\"itemListElement\":[{\"@type\":\"ListItem\",\"position\":1,\"name\":\"Accueil\",\"item\":\"https:\/\/dicodusport.fr\/blog\/\"},{\"@type\":\"ListItem\",\"position\":2,\"name\":\"Transferts OL : Lucas Perri quitte Lyon pour la Premier League\"}]},{\"@type\":\"WebSite\",\"@id\":\"https:\/\/dicodusport.fr\/blog\/#website\",\"url\":\"https:\/\/dicodusport.fr\/blog\/\",\"name\":\"Dicodusport\",\"description\":\"L&#039;encyclop\u00e9die de l&#039;actualit\u00e9 sportive\",\"publisher\":{\"@id\":\"https:\/\/dicodusport.fr\/blog\/#organization\"},\"potentialAction\":[{\"@type\":\"SearchAction\",\"target\":{\"@type\":\"EntryPoint\",\"urlTemplate\":\"https:\/\/dicodusport.fr\/blog\/?s={search_term_string}\"},\"query-input\":{\"@type\":\"PropertyValueSpecification\",\"valueRequired\":true,\"valueName\":\"search_term_string\"}}],\"inLanguage\":\"fr-FR\"},{\"@type\":\"NewsMediaOrganization\",\"@id\":\"https:\/\/dicodusport.fr\/blog\/#organization\",\"name\":\"Dicodusport\",\"url\":\"https:\/\/dicodusport.fr\/blog\/\",\"logo\":{\"@type\":\"ImageObject\",\"inLanguage\":\"fr-FR\",\"@id\":\"https:\/\/dicodusport.fr\/blog\/#\/schema\/logo\/image\/\",\"url\":\"https:\/\/dicodusport.fr\/blog\/wp-content\/uploads\/2020\/06\/cropped-LOGO-DICODUSPORT-2020-SANS-FOND-SANS-TEXTE.png\",\"contentUrl\":\"https:\/\/dicodusport.fr\/blog\/wp-content\/uploads\/2020\/06\/cropped-LOGO-DICODUSPORT-2020-SANS-FOND-SANS-TEXTE.png\",\"width\":512,\"height\":512,\"caption\":\"Dicodusport\"},\"image\":{\"@id\":\"https:\/\/dicodusport.fr\/blog\/#\/schema\/logo\/image\/\"},\"sameAs\":[\"https:\/\/www.facebook.com\/dicodusport\",\"https:\/\/x.com\/dicodusport\",\"https:\/\/www.instagram.com\/dicodusport\/\",\"https:\/\/www.youtube.com\/channel\/UC7V2KZ5sd3htJivAbA4ZG3w\"],\"description\":\"Dicodusport est l'encyclop\u00e9die de l'actualit\u00e9 sportive.\",\"email\":\"bonjour@dicodusport.fr\",\"legalName\":\"DICODUSPORT\",\"foundingDate\":\"2018-01-14\",\"vatID\":\"FR71834470973\",\"taxID\":\"83447097300043\",\"numberOfEmployees\":{\"@type\":\"QuantitativeValue\",\"minValue\":\"1\",\"maxValue\":\"10\"}},{\"@type\":\"Person\",\"@id\":\"https:\/\/dicodusport.fr\/blog\/#\/schema\/person\/55dcb50ad410894e431ed812bbb70191\",\"name\":\"Nicolas Jacquemard\",\"image\":{\"@type\":\"ImageObject\",\"inLanguage\":\"fr-FR\",\"@id\":\"https:\/\/dicodusport.fr\/blog\/#\/schema\/person\/image\/\",\"url\":\"https:\/\/dicodusport.fr\/blog\/wp-content\/uploads\/2021\/05\/Nicolas-Jacquemard-150x150.jpeg\",\"contentUrl\":\"https:\/\/dicodusport.fr\/blog\/wp-content\/uploads\/2021\/05\/Nicolas-Jacquemard-150x150.jpeg\",\"caption\":\"Nicolas Jacquemard\"},\"description\":\"Passionn\u00e9 de sport et entrepreneur depuis mes 18 ans, la cr\u00e9ation de Dicodusport m'a sembl\u00e9 \u00e9vidente pour participer \u00e0 la m\u00e9diatisation d'un plus grand nombre de sports. Le chemin est long mais avec une \u00e9quipe des plus motiv\u00e9es et les Jeux Olympiques de Paris 2024 en point de mire, nous y arriverons ! Journaliste dans le monde du sport depuis plus de 5 ans, je traite aussi bien de football, de rugby, de biathlon que de cyclisme.\",\"sameAs\":[\"https:\/\/www.facebook.com\/dicodusport\",\"https:\/\/x.com\/https:\/\/twitter.com\/Nico_Jacquemard\"],\"url\":\"https:\/\/dicodusport.fr\/blog\/author\/dicodusport\/\"}]}<\/script>\n<!-- \/ Yoast SEO Premium plugin. -->","yoast_head_json":{"title":"Transferts OL : Lucas Perri quitte Lyon pour la Premier League","description":"TRANSFERTS OL - Selon RMC Sport, Lucas Perri va quitter l'Olympique Lyonnais pour rejoindre Leeds en Premier League.","robots":{"index":"index","follow":"follow","max-snippet":"max-snippet:-1","max-image-preview":"max-image-preview:large","max-video-preview":"max-video-preview:-1"},"canonical":"https:\/\/dicodusport.fr\/blog\/transferts-ol-lucas-perri-quitte-lyon-pour-la-premier-league\/","og_locale":"fr_FR","og_type":"article","og_title":"Transferts OL : Lucas Perri quitte Lyon pour la Premier League","og_description":"TRANSFERTS OL - Selon RMC Sport, Lucas Perri va quitter l'Olympique Lyonnais pour rejoindre Leeds en Premier League.","og_url":"https:\/\/dicodusport.fr\/blog\/transferts-ol-lucas-perri-quitte-lyon-pour-la-premier-league\/","og_site_name":"Dicodusport","article_publisher":"https:\/\/www.facebook.com\/dicodusport","article_author":"https:\/\/www.facebook.com\/dicodusport","article_published_time":"2025-07-24T11:34:23+00:00","article_modified_time":"2025-07-24T11:45:23+00:00","og_image":[{"width":1200,"height":674,"url":"https:\/\/dicodusport.fr\/blog\/wp-content\/uploads\/2025\/07\/Transferts-OL-Lucas-Perri-quitte-Lyon-pour-la-Premier-League.png","type":"image\/png"}],"author":"Nicolas Jacquemard","twitter_card":"summary_large_image","twitter_title":"Transferts OL : Lucas Perri quitte Lyon pour la Premier League","twitter_creator":"@https:\/\/twitter.com\/Nico_Jacquemard","twitter_site":"@dicodusport","schema":{"@context":"https:\/\/schema.org","@graph":[{"@type":"NewsArticle","@id":"https:\/\/dicodusport.fr\/blog\/transferts-ol-lucas-perri-quitte-lyon-pour-la-premier-league\/#article","isPartOf":{"@id":"https:\/\/dicodusport.fr\/blog\/transferts-ol-lucas-perri-quitte-lyon-pour-la-premier-league\/"},"author":{"name":"Nicolas Jacquemard","@id":"https:\/\/dicodusport.fr\/blog\/#\/schema\/person\/55dcb50ad410894e431ed812bbb70191"},"headline":"Transferts OL : Lucas Perri quitte Lyon pour la Premier League","datePublished":"2025-07-24T11:34:23+00:00","dateModified":"2025-07-24T11:45:23+00:00","mainEntityOfPage":{"@id":"https:\/\/dicodusport.fr\/blog\/transferts-ol-lucas-perri-quitte-lyon-pour-la-premier-league\/"},"wordCount":335,"commentCount":0,"publisher":{"@id":"https:\/\/dicodusport.fr\/blog\/#organization"},"image":{"@id":"https:\/\/dicodusport.fr\/blog\/transferts-ol-lucas-perri-quitte-lyon-pour-la-premier-league\/#primaryimage"},"thumbnailUrl":"https:\/\/dicodusport.fr\/blog\/wp-content\/uploads\/2025\/07\/Transferts-OL-Lucas-Perri-quitte-Lyon-pour-la-Premier-League.png","keywords":["br\u00e8ve","Football","Ligue 1","Olympique lyonnais","Transferts OL"],"articleSection":["Ligue 1"],"inLanguage":"fr-FR","potentialAction":[{"@type":"CommentAction","name":"Comment","target":["https:\/\/dicodusport.fr\/blog\/transferts-ol-lucas-perri-quitte-lyon-pour-la-premier-league\/#respond"]}],"copyrightYear":"2025","copyrightHolder":{"@id":"https:\/\/dicodusport.fr\/blog\/#organization"}},{"@type":"WebPage","@id":"https:\/\/dicodusport.fr\/blog\/transferts-ol-lucas-perri-quitte-lyon-pour-la-premier-league\/","url":"https:\/\/dicodusport.fr\/blog\/transferts-ol-lucas-perri-quitte-lyon-pour-la-premier-league\/","name":"Transferts OL : Lucas Perri quitte Lyon pour la Premier League","isPartOf":{"@id":"https:\/\/dicodusport.fr\/blog\/#website"},"primaryImageOfPage":{"@id":"https:\/\/dicodusport.fr\/blog\/transferts-ol-lucas-perri-quitte-lyon-pour-la-premier-league\/#primaryimage"},"image":{"@id":"https:\/\/dicodusport.fr\/blog\/transferts-ol-lucas-perri-quitte-lyon-pour-la-premier-league\/#primaryimage"},"thumbnailUrl":"https:\/\/dicodusport.fr\/blog\/wp-content\/uploads\/2025\/07\/Transferts-OL-Lucas-Perri-quitte-Lyon-pour-la-Premier-League.png","datePublished":"2025-07-24T11:34:23+00:00","dateModified":"2025-07-24T11:45:23+00:00","description":"TRANSFERTS OL - Selon RMC Sport, Lucas Perri va quitter l'Olympique Lyonnais pour rejoindre Leeds en Premier League.","breadcrumb":{"@id":"https:\/\/dicodusport.fr\/blog\/transferts-ol-lucas-perri-quitte-lyon-pour-la-premier-league\/#breadcrumb"},"inLanguage":"fr-FR","potentialAction":[{"@type":"ReadAction","target":["https:\/\/dicodusport.fr\/blog\/transferts-ol-lucas-perri-quitte-lyon-pour-la-premier-league\/"]}]},{"@type":"ImageObject","inLanguage":"fr-FR","@id":"https:\/\/dicodusport.fr\/blog\/transferts-ol-lucas-perri-quitte-lyon-pour-la-premier-league\/#primaryimage","url":"https:\/\/dicodusport.fr\/blog\/wp-content\/uploads\/2025\/07\/Transferts-OL-Lucas-Perri-quitte-Lyon-pour-la-Premier-League.png","contentUrl":"https:\/\/dicodusport.fr\/blog\/wp-content\/uploads\/2025\/07\/Transferts-OL-Lucas-Perri-quitte-Lyon-pour-la-Premier-League.png","width":1200,"height":674,"caption":"Transferts OL Lucas Perri quitte Lyon pour la Premier League"},{"@type":"BreadcrumbList","@id":"https:\/\/dicodusport.fr\/blog\/transferts-ol-lucas-perri-quitte-lyon-pour-la-premier-league\/#breadcrumb","itemListElement":[{"@type":"ListItem","position":1,"name":"Accueil","item":"https:\/\/dicodusport.fr\/blog\/"},{"@type":"ListItem","position":2,"name":"Transferts OL : Lucas Perri quitte Lyon pour la Premier League"}]},{"@type":"WebSite","@id":"https:\/\/dicodusport.fr\/blog\/#website","url":"https:\/\/dicodusport.fr\/blog\/","name":"Dicodusport","description":"L&#039;encyclop\u00e9die de l&#039;actualit\u00e9 sportive","publisher":{"@id":"https:\/\/dicodusport.fr\/blog\/#organization"},"potentialAction":[{"@type":"SearchAction","target":{"@type":"EntryPoint","urlTemplate":"https:\/\/dicodusport.fr\/blog\/?s={search_term_string}"},"query-input":{"@type":"PropertyValueSpecification","valueRequired":true,"valueName":"search_term_string"}}],"inLanguage":"fr-FR"},{"@type":"NewsMediaOrganization","@id":"https:\/\/dicodusport.fr\/blog\/#organization","name":"Dicodusport","url":"https:\/\/dicodusport.fr\/blog\/","logo":{"@type":"ImageObject","inLanguage":"fr-FR","@id":"https:\/\/dicodusport.fr\/blog\/#\/schema\/logo\/image\/","url":"https:\/\/dicodusport.fr\/blog\/wp-content\/uploads\/2020\/06\/cropped-LOGO-DICODUSPORT-2020-SANS-FOND-SANS-TEXTE.png","contentUrl":"https:\/\/dicodusport.fr\/blog\/wp-content\/uploads\/2020\/06\/cropped-LOGO-DICODUSPORT-2020-SANS-FOND-SANS-TEXTE.png","width":512,"height":512,"caption":"Dicodusport"},"image":{"@id":"https:\/\/dicodusport.fr\/blog\/#\/schema\/logo\/image\/"},"sameAs":["https:\/\/www.facebook.com\/dicodusport","https:\/\/x.com\/dicodusport","https:\/\/www.instagram.com\/dicodusport\/","https:\/\/www.youtube.com\/channel\/UC7V2KZ5sd3htJivAbA4ZG3w"],"description":"Dicodusport est l'encyclop\u00e9die de l'actualit\u00e9 sportive.","email":"bonjour@dicodusport.fr","legalName":"DICODUSPORT","foundingDate":"2018-01-14","vatID":"FR71834470973","taxID":"83447097300043","numberOfEmployees":{"@type":"QuantitativeValue","minValue":"1","maxValue":"10"}},{"@type":"Person","@id":"https:\/\/dicodusport.fr\/blog\/#\/schema\/person\/55dcb50ad410894e431ed812bbb70191","name":"Nicolas Jacquemard","image":{"@type":"ImageObject","inLanguage":"fr-FR","@id":"https:\/\/dicodusport.fr\/blog\/#\/schema\/person\/image\/","url":"https:\/\/dicodusport.fr\/blog\/wp-content\/uploads\/2021\/05\/Nicolas-Jacquemard-150x150.jpeg","contentUrl":"https:\/\/dicodusport.fr\/blog\/wp-content\/uploads\/2021\/05\/Nicolas-Jacquemard-150x150.jpeg","caption":"Nicolas Jacquemard"},"description":"Passionn\u00e9 de sport et entrepreneur depuis mes 18 ans, la cr\u00e9ation de Dicodusport m'a sembl\u00e9 \u00e9vidente pour participer \u00e0 la m\u00e9diatisation d'un plus grand nombre de sports. Le chemin est long mais avec une \u00e9quipe des plus motiv\u00e9es et les Jeux Olympiques de Paris 2024 en point de mire, nous y arriverons ! Journaliste dans le monde du sport depuis plus de 5 ans, je traite aussi bien de football, de rugby, de biathlon que de cyclisme.","sameAs":["https:\/\/www.facebook.com\/dicodusport","https:\/\/x.com\/https:\/\/twitter.com\/Nico_Jacquemard"],"url":"https:\/\/dicodusport.fr\/blog\/author\/dicodusport\/"}]}},"_links":{"self":[{"href":"https:\/\/dicodusport.fr\/blog\/wp-json\/wp\/v2\/posts\/597580","targetHints":{"allow":["GET"]}}],"collection":[{"href":"https:\/\/dicodusport.fr\/blog\/wp-json\/wp\/v2\/posts"}],"about":[{"href":"https:\/\/dicodusport.fr\/blog\/wp-json\/wp\/v2\/types\/post"}],"author":[{"embeddable":true,"href":"https:\/\/dicodusport.fr\/blog\/wp-json\/wp\/v2\/users\/1"}],"replies":[{"embeddable":true,"href":"https:\/\/dicodusport.fr\/blog\/wp-json\/wp\/v2\/comments?post=597580"}],"version-history":[{"count":5,"href":"https:\/\/dicodusport.fr\/blog\/wp-json\/wp\/v2\/posts\/597580\/revisions"}],"predecessor-version":[{"id":597594,"href":"https:\/\/dicodusport.fr\/blog\/wp-json\/wp\/v2\/posts\/597580\/revisions\/597594"}],"wp:featuredmedia":[{"embeddable":true,"href":"https:\/\/dicodusport.fr\/blog\/wp-json\/wp\/v2\/media\/597585"}],"wp:attachment":[{"href":"https:\/\/dicodusport.fr\/blog\/wp-json\/wp\/v2\/media?parent=597580"}],"wp:term":[{"taxonomy":"category","embeddable":true,"href":"https:\/\/dicodusport.fr\/blog\/wp-json\/wp\/v2\/categories?post=597580"},{"taxonomy":"post_tag","embeddable":true,"href":"https:\/\/dicodusport.fr\/blog\/wp-json\/wp\/v2\/tags?post=597580"}],"curies":[{"name":"wp","href":"https:\/\/api.w.org\/{rel}","templated":true}]}}