{"id":597627,"date":"2025-07-24T16:52:33","date_gmt":"2025-07-24T14:52:33","guid":{"rendered":"https:\/\/dicodusport.fr\/blog\/?p=597627&#038;preview=true&#038;preview_id=597627"},"modified":"2025-07-24T17:08:32","modified_gmt":"2025-07-24T15:08:32","slug":"motogp-le-calendrier-de-la-saison-2026-devoile","status":"publish","type":"post","link":"https:\/\/dicodusport.fr\/blog\/motogp-le-calendrier-de-la-saison-2026-devoile\/","title":{"rendered":"MotoGP : Le calendrier de la saison 2026 d\u00e9voil\u00e9"},"content":{"rendered":"<p style=\"text-align: justify;\"><strong><em>MOTOGP &#8211; Ce jeudi, le promoteur du championnat de MotoGP a d\u00e9voil\u00e9 le calendrier complet de la saison 2026.\u00a0<\/em><\/strong><\/p>\n<ul style=\"text-align: justify;\">\n<li><strong>\u00c0 lire aussi \u2013\u00a0<a href=\"https:\/\/dicodusport.fr\/blog\/motogp-2025-le-calendrier-complet\/\">MotoGP 2025 \u2013 Calendrier et r\u00e9sultats<\/a><\/strong><\/li>\n<\/ul>\n<p style=\"text-align: justify;\">Alors que le <strong>MotoGP<\/strong> conna\u00eet une p\u00e9riode de tr\u00eave estivale entre les Grands Prix de R\u00e9publique Tch\u00e8que (20 juillet) et d&rsquo;Autriche (17 ao\u00fbt), l&rsquo;organisateur du championnat a d\u00e9cid\u00e9 de d\u00e9voiler de mani\u00e8re anticip\u00e9e le calendrier de la <strong>saison 2026<\/strong>.<\/p>\n<h2 style=\"text-align: justify;\">Le Grand Prix du Br\u00e9sil fait son retour en MotoGP<\/h2>\n<p style=\"text-align: justify;\">Par rapport \u00e0 la mouture 2025, un seul changement majeur est \u00e0 signaler. Apr\u00e8s plus de trois d\u00e9cennies d&rsquo;absence, le <strong>Grand Prix du Br\u00e9sil<\/strong> va effectuer son grand retour, et se d\u00e9roulera sur l&rsquo;Autodroma Ayrton-Senna de Goiana, au mois de mars. Num\u00e9riquement, il prendra la place de 2\u00e8me Grand Prix de la saison en rempla\u00e7ant le GP d&rsquo;Argentine, qui effectuera lui son retour en 2027 sur un nouveau circuit. La structure actuelle a donc \u00e9t\u00e9 conserv\u00e9e avec toujours <strong>22 Grands Prix<\/strong> au programme, et un grand d\u00e9part pr\u00e9vu fin f\u00e9vrier en Tha\u00eflande.<\/p>\n<p style=\"text-align: justify;\">Le <strong>Grand Prix de France<\/strong> au Mans se d\u00e9roulera ainsi le dimanche 10 mai 2026, \u00e0 une date similaire \u00e0 celui de 2025, remport\u00e9 par Johann Zarco. Enfin, la saison se terminera du c\u00f4t\u00e9 de Valence, le 22 novembre 2026.<\/p>\n<h3 style=\"text-align: justify;\">Le calendrier 2026 de MotoGP<\/h3>\n<ul>\n<li style=\"text-align: justify;\">27 f\u00e9vrier &#8211; 1 mars : Grand Prix de Tha\u00eflande<\/li>\n<li style=\"text-align: justify;\">20-22 mars : Grand Prix du Br\u00e9sil<\/li>\n<li style=\"text-align: justify;\">27-29 Mars : Grand Prix des Am\u00e9riques<\/li>\n<li style=\"text-align: justify;\">10-12 avril : Grand Prix du Qatar<\/li>\n<li style=\"text-align: justify;\">24-26 avril : Grand Prix d&rsquo;Espagne<\/li>\n<li style=\"text-align: justify;\">8-10 mai : GRAND PRIX DE FRANCE<\/li>\n<li style=\"text-align: justify;\">15-17 mai : Grand Prix de Catalogne<\/li>\n<li style=\"text-align: justify;\">29-31 mai : Grand Prix d&rsquo;Italie<\/li>\n<li style=\"text-align: justify;\">5-7 juin : Grand Prix de Hongrie<\/li>\n<li style=\"text-align: justify;\">19-21 juin : Grand Prix de R\u00e9publique Tch\u00e8que<\/li>\n<li style=\"text-align: justify;\">26-28 juin: Grand Prix des Pays-Bas<\/li>\n<li style=\"text-align: justify;\">10-12 juillet : Grand Prix d&rsquo;Allemagne<\/li>\n<li style=\"text-align: justify;\">7-9 ao\u00fbt : Grand Prix de Grande-Bretagne<\/li>\n<li style=\"text-align: justify;\">28-30 ao\u00fbt : Grand Prix d&rsquo;Aragon<\/li>\n<li style=\"text-align: justify;\">11-13 septembre : Grand Prix de Saint-Marin<\/li>\n<li style=\"text-align: justify;\">18-20 septembre : Grand Prix d&rsquo;Autriche<\/li>\n<li style=\"text-align: justify;\">2-4 octobre : Grand Prix du Japon<\/li>\n<li style=\"text-align: justify;\">9-11 octobre : Grand Prix d&rsquo;Indon\u00e9sie<\/li>\n<li style=\"text-align: justify;\">23-25 octobre : Grand Prix d&rsquo;Australie<\/li>\n<li style=\"text-align: justify;\">30 octobre &#8211; 1er novembre : Grand Prix de Malaisie<\/li>\n<li style=\"text-align: justify;\">13-15 novembre : Grand Prix du Portugal<\/li>\n<li style=\"text-align: justify;\">20-22 novembre : Grand Prix de Valence<\/li>\n<\/ul>\n<blockquote class=\"twitter-tweet\">\n<p dir=\"ltr\" lang=\"en\">And without further ado, the <a href=\"https:\/\/twitter.com\/hashtag\/MotoGP?src=hash&amp;ref_src=twsrc%5Etfw\">#MotoGP<\/a> 2026 calendar is here! \ud83d\udcc5<a href=\"https:\/\/twitter.com\/hashtag\/MotoGP2026?src=hash&amp;ref_src=twsrc%5Etfw\">#MotoGP2026<\/a> <a href=\"https:\/\/t.co\/PR3GhyA6XB\">pic.twitter.com\/PR3GhyA6XB<\/a><\/p>\n<p>\u2014 MotoGP\u2122\ud83c\udfc1 (@MotoGP) <a href=\"https:\/\/twitter.com\/MotoGP\/status\/1948354225441734902?ref_src=twsrc%5Etfw\">July 24, 2025<\/a><\/p><\/blockquote>\n<p><script async src=\"https:\/\/platform.twitter.com\/widgets.js\" charset=\"utf-8\"><\/script><\/p>\n<h4>\u00c0 ce sujet<\/h4>\n<div class=\"vlp-link-container vlp-layout-article\"><a href=\"https:\/\/dicodusport.fr\/blog\/classement-motogp-2025-le-point-sur-le-championnat-du-monde-des-pilotes\/\" class=\"vlp-link\" title=\"MotoGP 2025 : Le classement du championnat du monde des pilotes\"><\/a><div class=\"vlp-layout-zone-side\"><div class=\"vlp-block-4 vlp-link-image\"><img loading=\"lazy\" decoding=\"async\" style=\"max-width: 792px;\" width=\"792\" height=\"445\" src=\"https:\/\/dicodusport.fr\/blog\/wp-content\/uploads\/2025\/02\/Classement-MotoGP-2025-Le-point-sur-le-championnat-du-monde-des-pilotes.png\" class=\"attachment-800x445 size-800x445\" alt=\"Classement MotoGP 2025 Le point sur le championnat du monde des pilotes\" srcset=\"https:\/\/dicodusport.fr\/blog\/wp-content\/uploads\/2025\/02\/Classement-MotoGP-2025-Le-point-sur-le-championnat-du-monde-des-pilotes.png 1200w, https:\/\/dicodusport.fr\/blog\/wp-content\/uploads\/2025\/02\/Classement-MotoGP-2025-Le-point-sur-le-championnat-du-monde-des-pilotes-300x169.png 300w, https:\/\/dicodusport.fr\/blog\/wp-content\/uploads\/2025\/02\/Classement-MotoGP-2025-Le-point-sur-le-championnat-du-monde-des-pilotes-1024x575.png 1024w, https:\/\/dicodusport.fr\/blog\/wp-content\/uploads\/2025\/02\/Classement-MotoGP-2025-Le-point-sur-le-championnat-du-monde-des-pilotes-768x431.png 768w\" sizes=\"auto, (max-width: 792px) 100vw, 792px\" \/><\/div><\/div><div class=\"vlp-layout-zone-main\"><div class=\"vlp-block-0 vlp-link-title\">MotoGP 2025 : Le classement du championnat du monde des pilotes<\/div><div class=\"vlp-block-1 vlp-link-summary\">D\u00e9couvrez le classement g\u00e9n\u00e9ral du MotoGP 2025 mis \u00e0 jour ! Points, \u00e9carts et leaders du championnat du monde des pilotes.<\/div><div class=\"vlp-block-2 vlp-link-button\">Lire l'article<\/div><div class=\"vlp-block-3 vlp-link-url\">dicodusport.fr<\/div><\/div><\/div>\n","protected":false},"excerpt":{"rendered":"<p>MOTOGP &#8211; Ce jeudi, le promoteur du championnat de MotoGP a d\u00e9voil\u00e9 le calendrier complet de la saison 2026.\u00a0<\/p>\n","protected":false},"author":55,"featured_media":597628,"comment_status":"open","ping_status":"closed","sticky":false,"template":"","format":"standard","meta":{"_acf_changed":false,"_daextam_enable_autolinks":"1","footnotes":""},"categories":[47087],"tags":[16878,10938],"class_list":["post-597627","post","type-post","status-publish","format-standard","has-post-thumbnail","hentry","category-motogp","tag-breve","tag-motogp"],"acf":[],"yoast_head":"<!-- This site is optimized with the Yoast SEO Premium plugin v26.7 (Yoast SEO v26.7) - https:\/\/yoast.com\/wordpress\/plugins\/seo\/ -->\n<title>MotoGP : Le calendrier de la saison 2026 d\u00e9voil\u00e9<\/title>\n<meta name=\"description\" content=\"MOTOGP - Ce jeudi, le promoteur du championnat de MotoGP a d\u00e9voil\u00e9 le calendrier complet de la saison 2026.\u00a0\" \/>\n<meta name=\"robots\" content=\"index, follow, max-snippet:-1, max-image-preview:large, max-video-preview:-1\" \/>\n<link rel=\"canonical\" href=\"https:\/\/dicodusport.fr\/blog\/motogp-le-calendrier-de-la-saison-2026-devoile\/\" \/>\n<meta property=\"og:locale\" content=\"fr_FR\" \/>\n<meta property=\"og:type\" content=\"article\" \/>\n<meta property=\"og:title\" content=\"MotoGP : Le calendrier de la saison 2026 d\u00e9voil\u00e9\" \/>\n<meta property=\"og:description\" content=\"MOTOGP - Ce jeudi, le promoteur du championnat de MotoGP a d\u00e9voil\u00e9 le calendrier complet de la saison 2026.\u00a0\" \/>\n<meta property=\"og:url\" content=\"https:\/\/dicodusport.fr\/blog\/motogp-le-calendrier-de-la-saison-2026-devoile\/\" \/>\n<meta property=\"og:site_name\" content=\"Dicodusport\" \/>\n<meta property=\"article:publisher\" content=\"https:\/\/www.facebook.com\/dicodusport\" \/>\n<meta property=\"article:published_time\" content=\"2025-07-24T14:52:33+00:00\" \/>\n<meta property=\"article:modified_time\" content=\"2025-07-24T15:08:32+00:00\" \/>\n<meta property=\"og:image\" content=\"https:\/\/dicodusport.fr\/blog\/wp-content\/uploads\/2025\/07\/MotoGP-Le-calendrier-de-la-saison-2026-devoile.png\" \/>\n\t<meta property=\"og:image:width\" content=\"1200\" \/>\n\t<meta property=\"og:image:height\" content=\"674\" \/>\n\t<meta property=\"og:image:type\" content=\"image\/png\" \/>\n<meta name=\"author\" content=\"Maxime Cazenave\" \/>\n<meta name=\"twitter:card\" content=\"summary_large_image\" \/>\n<meta name=\"twitter:description\" content=\"MOTOGP - Ce jeudi, le promoteur du championnat de MotoGP a d\u00e9voil\u00e9 le calendrier complet de la saison 2026.\u00a0\" \/>\n<meta name=\"twitter:creator\" content=\"@https:\/\/twitter.com\/Maxime_Caze\" \/>\n<meta name=\"twitter:site\" content=\"@dicodusport\" \/>\n<script type=\"application\/ld+json\" class=\"yoast-schema-graph\">{\"@context\":\"https:\/\/schema.org\",\"@graph\":[{\"@type\":\"NewsArticle\",\"@id\":\"https:\/\/dicodusport.fr\/blog\/motogp-le-calendrier-de-la-saison-2026-devoile\/#article\",\"isPartOf\":{\"@id\":\"https:\/\/dicodusport.fr\/blog\/motogp-le-calendrier-de-la-saison-2026-devoile\/\"},\"author\":{\"name\":\"Maxime Cazenave\",\"@id\":\"https:\/\/dicodusport.fr\/blog\/#\/schema\/person\/37def232098a7a5cbab3974a3690abb0\"},\"headline\":\"MotoGP : Le calendrier de la saison 2026 d\u00e9voil\u00e9\",\"datePublished\":\"2025-07-24T14:52:33+00:00\",\"dateModified\":\"2025-07-24T15:08:32+00:00\",\"mainEntityOfPage\":{\"@id\":\"https:\/\/dicodusport.fr\/blog\/motogp-le-calendrier-de-la-saison-2026-devoile\/\"},\"wordCount\":489,\"commentCount\":0,\"publisher\":{\"@id\":\"https:\/\/dicodusport.fr\/blog\/#organization\"},\"image\":{\"@id\":\"https:\/\/dicodusport.fr\/blog\/motogp-le-calendrier-de-la-saison-2026-devoile\/#primaryimage\"},\"thumbnailUrl\":\"https:\/\/dicodusport.fr\/blog\/wp-content\/uploads\/2025\/07\/MotoGP-Le-calendrier-de-la-saison-2026-devoile.png\",\"keywords\":[\"br\u00e8ve\",\"MotoGP\"],\"articleSection\":[\"MotoGP\"],\"inLanguage\":\"fr-FR\",\"potentialAction\":[{\"@type\":\"CommentAction\",\"name\":\"Comment\",\"target\":[\"https:\/\/dicodusport.fr\/blog\/motogp-le-calendrier-de-la-saison-2026-devoile\/#respond\"]}],\"copyrightYear\":\"2025\",\"copyrightHolder\":{\"@id\":\"https:\/\/dicodusport.fr\/blog\/#organization\"}},{\"@type\":\"WebPage\",\"@id\":\"https:\/\/dicodusport.fr\/blog\/motogp-le-calendrier-de-la-saison-2026-devoile\/\",\"url\":\"https:\/\/dicodusport.fr\/blog\/motogp-le-calendrier-de-la-saison-2026-devoile\/\",\"name\":\"MotoGP : Le calendrier de la saison 2026 d\u00e9voil\u00e9\",\"isPartOf\":{\"@id\":\"https:\/\/dicodusport.fr\/blog\/#website\"},\"primaryImageOfPage\":{\"@id\":\"https:\/\/dicodusport.fr\/blog\/motogp-le-calendrier-de-la-saison-2026-devoile\/#primaryimage\"},\"image\":{\"@id\":\"https:\/\/dicodusport.fr\/blog\/motogp-le-calendrier-de-la-saison-2026-devoile\/#primaryimage\"},\"thumbnailUrl\":\"https:\/\/dicodusport.fr\/blog\/wp-content\/uploads\/2025\/07\/MotoGP-Le-calendrier-de-la-saison-2026-devoile.png\",\"datePublished\":\"2025-07-24T14:52:33+00:00\",\"dateModified\":\"2025-07-24T15:08:32+00:00\",\"description\":\"MOTOGP - Ce jeudi, le promoteur du championnat de MotoGP a d\u00e9voil\u00e9 le calendrier complet de la saison 2026.\u00a0\",\"breadcrumb\":{\"@id\":\"https:\/\/dicodusport.fr\/blog\/motogp-le-calendrier-de-la-saison-2026-devoile\/#breadcrumb\"},\"inLanguage\":\"fr-FR\",\"potentialAction\":[{\"@type\":\"ReadAction\",\"target\":[\"https:\/\/dicodusport.fr\/blog\/motogp-le-calendrier-de-la-saison-2026-devoile\/\"]}]},{\"@type\":\"ImageObject\",\"inLanguage\":\"fr-FR\",\"@id\":\"https:\/\/dicodusport.fr\/blog\/motogp-le-calendrier-de-la-saison-2026-devoile\/#primaryimage\",\"url\":\"https:\/\/dicodusport.fr\/blog\/wp-content\/uploads\/2025\/07\/MotoGP-Le-calendrier-de-la-saison-2026-devoile.png\",\"contentUrl\":\"https:\/\/dicodusport.fr\/blog\/wp-content\/uploads\/2025\/07\/MotoGP-Le-calendrier-de-la-saison-2026-devoile.png\",\"width\":1200,\"height\":674,\"caption\":\"MotoGP : Le calendrier de la saison 2026 d\u00e9voil\u00e9\"},{\"@type\":\"BreadcrumbList\",\"@id\":\"https:\/\/dicodusport.fr\/blog\/motogp-le-calendrier-de-la-saison-2026-devoile\/#breadcrumb\",\"itemListElement\":[{\"@type\":\"ListItem\",\"position\":1,\"name\":\"Accueil\",\"item\":\"https:\/\/dicodusport.fr\/blog\/\"},{\"@type\":\"ListItem\",\"position\":2,\"name\":\"MotoGP : Le calendrier de la saison 2026 d\u00e9voil\u00e9\"}]},{\"@type\":\"WebSite\",\"@id\":\"https:\/\/dicodusport.fr\/blog\/#website\",\"url\":\"https:\/\/dicodusport.fr\/blog\/\",\"name\":\"Dicodusport\",\"description\":\"L&#039;encyclop\u00e9die de l&#039;actualit\u00e9 sportive\",\"publisher\":{\"@id\":\"https:\/\/dicodusport.fr\/blog\/#organization\"},\"potentialAction\":[{\"@type\":\"SearchAction\",\"target\":{\"@type\":\"EntryPoint\",\"urlTemplate\":\"https:\/\/dicodusport.fr\/blog\/?s={search_term_string}\"},\"query-input\":{\"@type\":\"PropertyValueSpecification\",\"valueRequired\":true,\"valueName\":\"search_term_string\"}}],\"inLanguage\":\"fr-FR\"},{\"@type\":\"NewsMediaOrganization\",\"@id\":\"https:\/\/dicodusport.fr\/blog\/#organization\",\"name\":\"Dicodusport\",\"url\":\"https:\/\/dicodusport.fr\/blog\/\",\"logo\":{\"@type\":\"ImageObject\",\"inLanguage\":\"fr-FR\",\"@id\":\"https:\/\/dicodusport.fr\/blog\/#\/schema\/logo\/image\/\",\"url\":\"https:\/\/dicodusport.fr\/blog\/wp-content\/uploads\/2020\/06\/cropped-LOGO-DICODUSPORT-2020-SANS-FOND-SANS-TEXTE.png\",\"contentUrl\":\"https:\/\/dicodusport.fr\/blog\/wp-content\/uploads\/2020\/06\/cropped-LOGO-DICODUSPORT-2020-SANS-FOND-SANS-TEXTE.png\",\"width\":512,\"height\":512,\"caption\":\"Dicodusport\"},\"image\":{\"@id\":\"https:\/\/dicodusport.fr\/blog\/#\/schema\/logo\/image\/\"},\"sameAs\":[\"https:\/\/www.facebook.com\/dicodusport\",\"https:\/\/x.com\/dicodusport\",\"https:\/\/www.instagram.com\/dicodusport\/\",\"https:\/\/www.youtube.com\/channel\/UC7V2KZ5sd3htJivAbA4ZG3w\"],\"description\":\"Dicodusport est l'encyclop\u00e9die de l'actualit\u00e9 sportive.\",\"email\":\"bonjour@dicodusport.fr\",\"legalName\":\"DICODUSPORT\",\"foundingDate\":\"2018-01-14\",\"vatID\":\"FR71834470973\",\"taxID\":\"83447097300043\",\"numberOfEmployees\":{\"@type\":\"QuantitativeValue\",\"minValue\":\"1\",\"maxValue\":\"10\"}},{\"@type\":\"Person\",\"@id\":\"https:\/\/dicodusport.fr\/blog\/#\/schema\/person\/37def232098a7a5cbab3974a3690abb0\",\"name\":\"Maxime Cazenave\",\"image\":{\"@type\":\"ImageObject\",\"inLanguage\":\"fr-FR\",\"@id\":\"https:\/\/dicodusport.fr\/blog\/#\/schema\/person\/image\/\",\"url\":\"https:\/\/dicodusport.fr\/blog\/wp-content\/uploads\/2021\/05\/Maxime-Cazenave-150x150.jpg\",\"contentUrl\":\"https:\/\/dicodusport.fr\/blog\/wp-content\/uploads\/2021\/05\/Maxime-Cazenave-150x150.jpg\",\"caption\":\"Maxime Cazenave\"},\"description\":\"Journaliste\/R\u00e9dacteur depuis 2012 - Berc\u00e9 par l\u2019amour des Girondins de Bordeaux, les \u00e9checs de Christophe Moreau sur le Tour de France sous l'\u00e8re Lance Armstrong et le fade-away l\u00e9tal de Dirk Nowitzki, ma passion d\u00e9vorante pour le sport a toujours \u00e9t\u00e9 un pan incontournable de ma vie. Transmettre ma passion \u00e0 l\u2019\u00e9crit a \u00e9t\u00e9 une transition naturelle. Suiveur assidu de basket et de hockey sur glace, je garde toujours un peu de place pour suivre le cyclisme, le football et le maximum de performances fran\u00e7aises.\",\"sameAs\":[\"https:\/\/x.com\/https:\/\/twitter.com\/Maxime_Caze\"],\"url\":\"https:\/\/dicodusport.fr\/blog\/author\/maximec\/\"}]}<\/script>\n<!-- \/ Yoast SEO Premium plugin. -->","yoast_head_json":{"title":"MotoGP : Le calendrier de la saison 2026 d\u00e9voil\u00e9","description":"MOTOGP - Ce jeudi, le promoteur du championnat de MotoGP a d\u00e9voil\u00e9 le calendrier complet de la saison 2026.\u00a0","robots":{"index":"index","follow":"follow","max-snippet":"max-snippet:-1","max-image-preview":"max-image-preview:large","max-video-preview":"max-video-preview:-1"},"canonical":"https:\/\/dicodusport.fr\/blog\/motogp-le-calendrier-de-la-saison-2026-devoile\/","og_locale":"fr_FR","og_type":"article","og_title":"MotoGP : Le calendrier de la saison 2026 d\u00e9voil\u00e9","og_description":"MOTOGP - Ce jeudi, le promoteur du championnat de MotoGP a d\u00e9voil\u00e9 le calendrier complet de la saison 2026.\u00a0","og_url":"https:\/\/dicodusport.fr\/blog\/motogp-le-calendrier-de-la-saison-2026-devoile\/","og_site_name":"Dicodusport","article_publisher":"https:\/\/www.facebook.com\/dicodusport","article_published_time":"2025-07-24T14:52:33+00:00","article_modified_time":"2025-07-24T15:08:32+00:00","og_image":[{"width":1200,"height":674,"url":"https:\/\/dicodusport.fr\/blog\/wp-content\/uploads\/2025\/07\/MotoGP-Le-calendrier-de-la-saison-2026-devoile.png","type":"image\/png"}],"author":"Maxime Cazenave","twitter_card":"summary_large_image","twitter_description":"MOTOGP - Ce jeudi, le promoteur du championnat de MotoGP a d\u00e9voil\u00e9 le calendrier complet de la saison 2026.\u00a0","twitter_creator":"@https:\/\/twitter.com\/Maxime_Caze","twitter_site":"@dicodusport","schema":{"@context":"https:\/\/schema.org","@graph":[{"@type":"NewsArticle","@id":"https:\/\/dicodusport.fr\/blog\/motogp-le-calendrier-de-la-saison-2026-devoile\/#article","isPartOf":{"@id":"https:\/\/dicodusport.fr\/blog\/motogp-le-calendrier-de-la-saison-2026-devoile\/"},"author":{"name":"Maxime Cazenave","@id":"https:\/\/dicodusport.fr\/blog\/#\/schema\/person\/37def232098a7a5cbab3974a3690abb0"},"headline":"MotoGP : Le calendrier de la saison 2026 d\u00e9voil\u00e9","datePublished":"2025-07-24T14:52:33+00:00","dateModified":"2025-07-24T15:08:32+00:00","mainEntityOfPage":{"@id":"https:\/\/dicodusport.fr\/blog\/motogp-le-calendrier-de-la-saison-2026-devoile\/"},"wordCount":489,"commentCount":0,"publisher":{"@id":"https:\/\/dicodusport.fr\/blog\/#organization"},"image":{"@id":"https:\/\/dicodusport.fr\/blog\/motogp-le-calendrier-de-la-saison-2026-devoile\/#primaryimage"},"thumbnailUrl":"https:\/\/dicodusport.fr\/blog\/wp-content\/uploads\/2025\/07\/MotoGP-Le-calendrier-de-la-saison-2026-devoile.png","keywords":["br\u00e8ve","MotoGP"],"articleSection":["MotoGP"],"inLanguage":"fr-FR","potentialAction":[{"@type":"CommentAction","name":"Comment","target":["https:\/\/dicodusport.fr\/blog\/motogp-le-calendrier-de-la-saison-2026-devoile\/#respond"]}],"copyrightYear":"2025","copyrightHolder":{"@id":"https:\/\/dicodusport.fr\/blog\/#organization"}},{"@type":"WebPage","@id":"https:\/\/dicodusport.fr\/blog\/motogp-le-calendrier-de-la-saison-2026-devoile\/","url":"https:\/\/dicodusport.fr\/blog\/motogp-le-calendrier-de-la-saison-2026-devoile\/","name":"MotoGP : Le calendrier de la saison 2026 d\u00e9voil\u00e9","isPartOf":{"@id":"https:\/\/dicodusport.fr\/blog\/#website"},"primaryImageOfPage":{"@id":"https:\/\/dicodusport.fr\/blog\/motogp-le-calendrier-de-la-saison-2026-devoile\/#primaryimage"},"image":{"@id":"https:\/\/dicodusport.fr\/blog\/motogp-le-calendrier-de-la-saison-2026-devoile\/#primaryimage"},"thumbnailUrl":"https:\/\/dicodusport.fr\/blog\/wp-content\/uploads\/2025\/07\/MotoGP-Le-calendrier-de-la-saison-2026-devoile.png","datePublished":"2025-07-24T14:52:33+00:00","dateModified":"2025-07-24T15:08:32+00:00","description":"MOTOGP - Ce jeudi, le promoteur du championnat de MotoGP a d\u00e9voil\u00e9 le calendrier complet de la saison 2026.\u00a0","breadcrumb":{"@id":"https:\/\/dicodusport.fr\/blog\/motogp-le-calendrier-de-la-saison-2026-devoile\/#breadcrumb"},"inLanguage":"fr-FR","potentialAction":[{"@type":"ReadAction","target":["https:\/\/dicodusport.fr\/blog\/motogp-le-calendrier-de-la-saison-2026-devoile\/"]}]},{"@type":"ImageObject","inLanguage":"fr-FR","@id":"https:\/\/dicodusport.fr\/blog\/motogp-le-calendrier-de-la-saison-2026-devoile\/#primaryimage","url":"https:\/\/dicodusport.fr\/blog\/wp-content\/uploads\/2025\/07\/MotoGP-Le-calendrier-de-la-saison-2026-devoile.png","contentUrl":"https:\/\/dicodusport.fr\/blog\/wp-content\/uploads\/2025\/07\/MotoGP-Le-calendrier-de-la-saison-2026-devoile.png","width":1200,"height":674,"caption":"MotoGP : Le calendrier de la saison 2026 d\u00e9voil\u00e9"},{"@type":"BreadcrumbList","@id":"https:\/\/dicodusport.fr\/blog\/motogp-le-calendrier-de-la-saison-2026-devoile\/#breadcrumb","itemListElement":[{"@type":"ListItem","position":1,"name":"Accueil","item":"https:\/\/dicodusport.fr\/blog\/"},{"@type":"ListItem","position":2,"name":"MotoGP : Le calendrier de la saison 2026 d\u00e9voil\u00e9"}]},{"@type":"WebSite","@id":"https:\/\/dicodusport.fr\/blog\/#website","url":"https:\/\/dicodusport.fr\/blog\/","name":"Dicodusport","description":"L&#039;encyclop\u00e9die de l&#039;actualit\u00e9 sportive","publisher":{"@id":"https:\/\/dicodusport.fr\/blog\/#organization"},"potentialAction":[{"@type":"SearchAction","target":{"@type":"EntryPoint","urlTemplate":"https:\/\/dicodusport.fr\/blog\/?s={search_term_string}"},"query-input":{"@type":"PropertyValueSpecification","valueRequired":true,"valueName":"search_term_string"}}],"inLanguage":"fr-FR"},{"@type":"NewsMediaOrganization","@id":"https:\/\/dicodusport.fr\/blog\/#organization","name":"Dicodusport","url":"https:\/\/dicodusport.fr\/blog\/","logo":{"@type":"ImageObject","inLanguage":"fr-FR","@id":"https:\/\/dicodusport.fr\/blog\/#\/schema\/logo\/image\/","url":"https:\/\/dicodusport.fr\/blog\/wp-content\/uploads\/2020\/06\/cropped-LOGO-DICODUSPORT-2020-SANS-FOND-SANS-TEXTE.png","contentUrl":"https:\/\/dicodusport.fr\/blog\/wp-content\/uploads\/2020\/06\/cropped-LOGO-DICODUSPORT-2020-SANS-FOND-SANS-TEXTE.png","width":512,"height":512,"caption":"Dicodusport"},"image":{"@id":"https:\/\/dicodusport.fr\/blog\/#\/schema\/logo\/image\/"},"sameAs":["https:\/\/www.facebook.com\/dicodusport","https:\/\/x.com\/dicodusport","https:\/\/www.instagram.com\/dicodusport\/","https:\/\/www.youtube.com\/channel\/UC7V2KZ5sd3htJivAbA4ZG3w"],"description":"Dicodusport est l'encyclop\u00e9die de l'actualit\u00e9 sportive.","email":"bonjour@dicodusport.fr","legalName":"DICODUSPORT","foundingDate":"2018-01-14","vatID":"FR71834470973","taxID":"83447097300043","numberOfEmployees":{"@type":"QuantitativeValue","minValue":"1","maxValue":"10"}},{"@type":"Person","@id":"https:\/\/dicodusport.fr\/blog\/#\/schema\/person\/37def232098a7a5cbab3974a3690abb0","name":"Maxime Cazenave","image":{"@type":"ImageObject","inLanguage":"fr-FR","@id":"https:\/\/dicodusport.fr\/blog\/#\/schema\/person\/image\/","url":"https:\/\/dicodusport.fr\/blog\/wp-content\/uploads\/2021\/05\/Maxime-Cazenave-150x150.jpg","contentUrl":"https:\/\/dicodusport.fr\/blog\/wp-content\/uploads\/2021\/05\/Maxime-Cazenave-150x150.jpg","caption":"Maxime Cazenave"},"description":"Journaliste\/R\u00e9dacteur depuis 2012 - Berc\u00e9 par l\u2019amour des Girondins de Bordeaux, les \u00e9checs de Christophe Moreau sur le Tour de France sous l'\u00e8re Lance Armstrong et le fade-away l\u00e9tal de Dirk Nowitzki, ma passion d\u00e9vorante pour le sport a toujours \u00e9t\u00e9 un pan incontournable de ma vie. Transmettre ma passion \u00e0 l\u2019\u00e9crit a \u00e9t\u00e9 une transition naturelle. Suiveur assidu de basket et de hockey sur glace, je garde toujours un peu de place pour suivre le cyclisme, le football et le maximum de performances fran\u00e7aises.","sameAs":["https:\/\/x.com\/https:\/\/twitter.com\/Maxime_Caze"],"url":"https:\/\/dicodusport.fr\/blog\/author\/maximec\/"}]}},"_links":{"self":[{"href":"https:\/\/dicodusport.fr\/blog\/wp-json\/wp\/v2\/posts\/597627","targetHints":{"allow":["GET"]}}],"collection":[{"href":"https:\/\/dicodusport.fr\/blog\/wp-json\/wp\/v2\/posts"}],"about":[{"href":"https:\/\/dicodusport.fr\/blog\/wp-json\/wp\/v2\/types\/post"}],"author":[{"embeddable":true,"href":"https:\/\/dicodusport.fr\/blog\/wp-json\/wp\/v2\/users\/55"}],"replies":[{"embeddable":true,"href":"https:\/\/dicodusport.fr\/blog\/wp-json\/wp\/v2\/comments?post=597627"}],"version-history":[{"count":5,"href":"https:\/\/dicodusport.fr\/blog\/wp-json\/wp\/v2\/posts\/597627\/revisions"}],"predecessor-version":[{"id":597634,"href":"https:\/\/dicodusport.fr\/blog\/wp-json\/wp\/v2\/posts\/597627\/revisions\/597634"}],"wp:featuredmedia":[{"embeddable":true,"href":"https:\/\/dicodusport.fr\/blog\/wp-json\/wp\/v2\/media\/597628"}],"wp:attachment":[{"href":"https:\/\/dicodusport.fr\/blog\/wp-json\/wp\/v2\/media?parent=597627"}],"wp:term":[{"taxonomy":"category","embeddable":true,"href":"https:\/\/dicodusport.fr\/blog\/wp-json\/wp\/v2\/categories?post=597627"},{"taxonomy":"post_tag","embeddable":true,"href":"https:\/\/dicodusport.fr\/blog\/wp-json\/wp\/v2\/tags?post=597627"}],"curies":[{"name":"wp","href":"https:\/\/api.w.org\/{rel}","templated":true}]}}