{"id":59766,"date":"2020-02-10T14:57:13","date_gmt":"2020-02-10T13:57:13","guid":{"rendered":"http:\/\/dicodusport.fr\/blog\/?p=59766&#038;preview=true&#038;preview_id=59766"},"modified":"2020-02-10T15:29:22","modified_gmt":"2020-02-10T14:29:22","slug":"pierre-houin-et-laura-tarantola-titres-aux-championnats-du-monde-indoor","status":"publish","type":"post","link":"https:\/\/dicodusport.fr\/blog\/pierre-houin-et-laura-tarantola-titres-aux-championnats-du-monde-indoor\/","title":{"rendered":"Pierre Houin et Laura Tarantola titr\u00e9s aux championnats du monde indoor"},"content":{"rendered":"<p style=\"text-align: justify;\"><strong><em>Les championnats du monde Indoor d&rsquo;aviron se tenaient ce week-end au Stade Pierre de Coubertin. Les Fran\u00e7ais ont d\u00e9croch\u00e9 plusieurs m\u00e9dailles, dont deux en or.<\/em><\/strong><\/p>\n<p style=\"text-align: justify;\"><strong>Pierre Houin<\/strong>, champion olympique 2016 et toujours en qu\u00eate d&rsquo;une qualification pour 2020, s&rsquo;est impos\u00e9 dans la cat\u00e9gorie poids l\u00e9gers. Le Lorrain a boucl\u00e9 les 2000 m\u00e8tres en 5 minutes et 5 secondes. Chez les dames, toujours en poids l\u00e9gers, <strong>Laura Tarantola<\/strong> s&rsquo;est elle aussi impos\u00e9e malgr\u00e9 un chrono qu&rsquo;elle a qualifi\u00e9 de d\u00e9cevant.<\/p>\n<p style=\"text-align: justify;\">En toutes cat\u00e9gories, <strong>Matthieu Androdias<\/strong> a pris la m\u00e9daille de bronze. <strong>H\u00e9l\u00e8ne Lefebvre<\/strong> et <strong>\u00c9lodie Ravera-Scaramozzino<\/strong> ont respectivement termin\u00e9 deuxi\u00e8me et troisi\u00e8me dans l&rsquo;\u00e9preuve f\u00e9minine. Les deux championnes seront associ\u00e9es \u00e0 Tokyo et viseront une m\u00e9daille olympique.<\/p>\n<blockquote class=\"twitter-tweet\">\n<p dir=\"ltr\" lang=\"en\">He was an Olympic champion&#8230; he is now a World Indoor Champion ! Congratulations to <a href=\"https:\/\/twitter.com\/HOUINHouin1?ref_src=twsrc%5Etfw\">@HOUINHouin1<\/a> !<br \/>\n&#x1f4f8;Fisa \/ Mauricie Summers<a href=\"https:\/\/twitter.com\/hashtag\/WRIChamps?src=hash&amp;ref_src=twsrc%5Etfw\">#WRIChamps<\/a> <a href=\"https:\/\/twitter.com\/hashtag\/indoorrowing?src=hash&amp;ref_src=twsrc%5Etfw\">#indoorrowing<\/a> <a href=\"https:\/\/twitter.com\/hashtag\/worldrowing?src=hash&amp;ref_src=twsrc%5Etfw\">#worldrowing<\/a> <a href=\"https:\/\/t.co\/trSWWNGa5S\">pic.twitter.com\/trSWWNGa5S<\/a><\/p>\n<p>\u2014 World Rowing (@WorldRowing) <a href=\"https:\/\/twitter.com\/WorldRowing\/status\/1226145516452532224?ref_src=twsrc%5Etfw\">February 8, 2020<\/a><\/p><\/blockquote>\n<p style=\"text-align: justify;\"><script async src=\"https:\/\/platform.twitter.com\/widgets.js\" charset=\"utf-8\"><\/script><\/p>\n<p style=\"text-align: justify;\"><strong><em>Dicodusport<br \/>\n<a href=\"https:\/\/www.facebook.com\/dicodusport\/\" target=\"_blank\" rel=\"noopener noreferrer\"><img loading=\"lazy\" decoding=\"async\" class=\"alignnone wp-image-2909\" src=\"http:\/\/dicodusport.fr\/blog\/wp-content\/uploads\/2017\/07\/logo-facebook-150x150.png\" alt=\"\" width=\"40\" height=\"40\" \/><\/a><a href=\"https:\/\/twitter.com\/dicodusport\" target=\"_blank\" rel=\"noopener noreferrer\"><img loading=\"lazy\" decoding=\"async\" class=\"alignnone wp-image-2908\" src=\"http:\/\/dicodusport.fr\/blog\/wp-content\/uploads\/2017\/07\/logo-twitter-150x150.png\" alt=\"\" width=\"39\" height=\"39\" \/><\/a><\/em><\/strong><\/p>\n","protected":false},"excerpt":{"rendered":"<p>Les championnats du monde Indoor d&rsquo;aviron se tenaient ce week-end au Stade Pierre de Coubertin et les Fran\u00e7ais ont d\u00e9croch\u00e9 plusieurs m\u00e9dailles dont deux en or.<\/p>\n","protected":false},"author":1,"featured_media":59789,"comment_status":"open","ping_status":"closed","sticky":false,"template":"","format":"standard","meta":{"_acf_changed":false,"_daextam_enable_autolinks":"","footnotes":""},"categories":[2309],"tags":[739,751,6003,741],"class_list":["post-59766","post","type-post","status-publish","format-standard","has-post-thumbnail","hentry","category-aviron","tag-aviron","tag-houin","tag-laura-tarantola","tag-pierre-houin"],"acf":[],"yoast_head":"<!-- This site is optimized with the Yoast SEO Premium plugin v26.7 (Yoast SEO v26.7) - https:\/\/yoast.com\/wordpress\/plugins\/seo\/ -->\n<title>Pierre Houin et Laura Tarantola titr\u00e9s aux championnats du monde indoor<\/title>\n<meta name=\"description\" content=\"Les championnats du monde Indoor d&#039;aviron se tenaient ce week-end au Stade Pierre de Coubertin et les Fran\u00e7ais ont d\u00e9croch\u00e9 plusieurs m\u00e9dailles dont deux en or.\" \/>\n<meta name=\"robots\" content=\"index, follow, max-snippet:-1, max-image-preview:large, max-video-preview:-1\" \/>\n<link rel=\"canonical\" href=\"https:\/\/dicodusport.fr\/blog\/pierre-houin-et-laura-tarantola-titres-aux-championnats-du-monde-indoor\/\" \/>\n<meta property=\"og:locale\" content=\"fr_FR\" \/>\n<meta property=\"og:type\" content=\"article\" \/>\n<meta property=\"og:title\" content=\"Aviron : Pierre Houin et Laura Tarantola titr\u00e9s aux championnats du monde indoor\" \/>\n<meta property=\"og:description\" content=\"Les championnats du monde Indoor d&#039;aviron se tenaient ce week-end au Stade Pierre de Coubertin et les Fran\u00e7ais ont d\u00e9croch\u00e9 plusieurs m\u00e9dailles dont deux en or.\" \/>\n<meta property=\"og:url\" content=\"https:\/\/dicodusport.fr\/blog\/pierre-houin-et-laura-tarantola-titres-aux-championnats-du-monde-indoor\/\" \/>\n<meta property=\"og:site_name\" content=\"Dicodusport\" \/>\n<meta property=\"article:publisher\" content=\"https:\/\/www.facebook.com\/dicodusport\" \/>\n<meta property=\"article:author\" content=\"https:\/\/www.facebook.com\/dicodusport\" \/>\n<meta property=\"article:published_time\" content=\"2020-02-10T13:57:13+00:00\" \/>\n<meta property=\"article:modified_time\" content=\"2020-02-10T14:29:22+00:00\" \/>\n<meta property=\"og:image\" content=\"https:\/\/dicodusport.fr\/blog\/wp-content\/uploads\/2020\/02\/Aviron-Pierre-Houin-et-Laura-Tarantola-titr\u00e9s-aux-championnats-du-monde-indoor.png\" \/>\n\t<meta property=\"og:image:width\" content=\"800\" \/>\n\t<meta property=\"og:image:height\" content=\"445\" \/>\n\t<meta property=\"og:image:type\" content=\"image\/png\" \/>\n<meta name=\"author\" content=\"Nicolas Jacquemard\" \/>\n<meta name=\"twitter:card\" content=\"summary_large_image\" \/>\n<meta name=\"twitter:title\" content=\"Aviron : Pierre Houin et Laura Tarantola titr\u00e9s aux championnats du monde indoor\" \/>\n<meta name=\"twitter:creator\" content=\"@https:\/\/twitter.com\/Nico_Jacquemard\" \/>\n<meta name=\"twitter:site\" content=\"@dicodusport\" \/>\n<script type=\"application\/ld+json\" class=\"yoast-schema-graph\">{\"@context\":\"https:\/\/schema.org\",\"@graph\":[{\"@type\":\"NewsArticle\",\"@id\":\"https:\/\/dicodusport.fr\/blog\/pierre-houin-et-laura-tarantola-titres-aux-championnats-du-monde-indoor\/#article\",\"isPartOf\":{\"@id\":\"https:\/\/dicodusport.fr\/blog\/pierre-houin-et-laura-tarantola-titres-aux-championnats-du-monde-indoor\/\"},\"author\":{\"name\":\"Nicolas Jacquemard\",\"@id\":\"https:\/\/dicodusport.fr\/blog\/#\/schema\/person\/55dcb50ad410894e431ed812bbb70191\"},\"headline\":\"Pierre Houin et Laura Tarantola titr\u00e9s aux championnats du monde indoor\",\"datePublished\":\"2020-02-10T13:57:13+00:00\",\"dateModified\":\"2020-02-10T14:29:22+00:00\",\"mainEntityOfPage\":{\"@id\":\"https:\/\/dicodusport.fr\/blog\/pierre-houin-et-laura-tarantola-titres-aux-championnats-du-monde-indoor\/\"},\"wordCount\":181,\"commentCount\":0,\"publisher\":{\"@id\":\"https:\/\/dicodusport.fr\/blog\/#organization\"},\"image\":{\"@id\":\"https:\/\/dicodusport.fr\/blog\/pierre-houin-et-laura-tarantola-titres-aux-championnats-du-monde-indoor\/#primaryimage\"},\"thumbnailUrl\":\"https:\/\/dicodusport.fr\/blog\/wp-content\/uploads\/2020\/02\/Aviron-Pierre-Houin-et-Laura-Tarantola-titr\u00e9s-aux-championnats-du-monde-indoor.png\",\"keywords\":[\"aviron\",\"houin\",\"Laura Tarantola\",\"pierre houin\"],\"articleSection\":[\"Aviron\"],\"inLanguage\":\"fr-FR\",\"potentialAction\":[{\"@type\":\"CommentAction\",\"name\":\"Comment\",\"target\":[\"https:\/\/dicodusport.fr\/blog\/pierre-houin-et-laura-tarantola-titres-aux-championnats-du-monde-indoor\/#respond\"]}],\"copyrightYear\":\"2020\",\"copyrightHolder\":{\"@id\":\"https:\/\/dicodusport.fr\/blog\/#organization\"}},{\"@type\":\"WebPage\",\"@id\":\"https:\/\/dicodusport.fr\/blog\/pierre-houin-et-laura-tarantola-titres-aux-championnats-du-monde-indoor\/\",\"url\":\"https:\/\/dicodusport.fr\/blog\/pierre-houin-et-laura-tarantola-titres-aux-championnats-du-monde-indoor\/\",\"name\":\"Pierre Houin et Laura Tarantola titr\u00e9s aux championnats du monde indoor\",\"isPartOf\":{\"@id\":\"https:\/\/dicodusport.fr\/blog\/#website\"},\"primaryImageOfPage\":{\"@id\":\"https:\/\/dicodusport.fr\/blog\/pierre-houin-et-laura-tarantola-titres-aux-championnats-du-monde-indoor\/#primaryimage\"},\"image\":{\"@id\":\"https:\/\/dicodusport.fr\/blog\/pierre-houin-et-laura-tarantola-titres-aux-championnats-du-monde-indoor\/#primaryimage\"},\"thumbnailUrl\":\"https:\/\/dicodusport.fr\/blog\/wp-content\/uploads\/2020\/02\/Aviron-Pierre-Houin-et-Laura-Tarantola-titr\u00e9s-aux-championnats-du-monde-indoor.png\",\"datePublished\":\"2020-02-10T13:57:13+00:00\",\"dateModified\":\"2020-02-10T14:29:22+00:00\",\"description\":\"Les championnats du monde Indoor d'aviron se tenaient ce week-end au Stade Pierre de Coubertin et les Fran\u00e7ais ont d\u00e9croch\u00e9 plusieurs m\u00e9dailles dont deux en or.\",\"breadcrumb\":{\"@id\":\"https:\/\/dicodusport.fr\/blog\/pierre-houin-et-laura-tarantola-titres-aux-championnats-du-monde-indoor\/#breadcrumb\"},\"inLanguage\":\"fr-FR\",\"potentialAction\":[{\"@type\":\"ReadAction\",\"target\":[\"https:\/\/dicodusport.fr\/blog\/pierre-houin-et-laura-tarantola-titres-aux-championnats-du-monde-indoor\/\"]}]},{\"@type\":\"ImageObject\",\"inLanguage\":\"fr-FR\",\"@id\":\"https:\/\/dicodusport.fr\/blog\/pierre-houin-et-laura-tarantola-titres-aux-championnats-du-monde-indoor\/#primaryimage\",\"url\":\"https:\/\/dicodusport.fr\/blog\/wp-content\/uploads\/2020\/02\/Aviron-Pierre-Houin-et-Laura-Tarantola-titr\u00e9s-aux-championnats-du-monde-indoor.png\",\"contentUrl\":\"https:\/\/dicodusport.fr\/blog\/wp-content\/uploads\/2020\/02\/Aviron-Pierre-Houin-et-Laura-Tarantola-titr\u00e9s-aux-championnats-du-monde-indoor.png\",\"width\":800,\"height\":445,\"caption\":\"Aviron - Pierre Houin et Laura Tarantola titr\u00e9s aux championnats du monde indoor\"},{\"@type\":\"BreadcrumbList\",\"@id\":\"https:\/\/dicodusport.fr\/blog\/pierre-houin-et-laura-tarantola-titres-aux-championnats-du-monde-indoor\/#breadcrumb\",\"itemListElement\":[{\"@type\":\"ListItem\",\"position\":1,\"name\":\"Accueil\",\"item\":\"https:\/\/dicodusport.fr\/blog\/\"},{\"@type\":\"ListItem\",\"position\":2,\"name\":\"Pierre Houin et Laura Tarantola titr\u00e9s aux championnats du monde indoor\"}]},{\"@type\":\"WebSite\",\"@id\":\"https:\/\/dicodusport.fr\/blog\/#website\",\"url\":\"https:\/\/dicodusport.fr\/blog\/\",\"name\":\"Dicodusport\",\"description\":\"L&#039;encyclop\u00e9die de l&#039;actualit\u00e9 sportive\",\"publisher\":{\"@id\":\"https:\/\/dicodusport.fr\/blog\/#organization\"},\"potentialAction\":[{\"@type\":\"SearchAction\",\"target\":{\"@type\":\"EntryPoint\",\"urlTemplate\":\"https:\/\/dicodusport.fr\/blog\/?s={search_term_string}\"},\"query-input\":{\"@type\":\"PropertyValueSpecification\",\"valueRequired\":true,\"valueName\":\"search_term_string\"}}],\"inLanguage\":\"fr-FR\"},{\"@type\":\"NewsMediaOrganization\",\"@id\":\"https:\/\/dicodusport.fr\/blog\/#organization\",\"name\":\"Dicodusport\",\"url\":\"https:\/\/dicodusport.fr\/blog\/\",\"logo\":{\"@type\":\"ImageObject\",\"inLanguage\":\"fr-FR\",\"@id\":\"https:\/\/dicodusport.fr\/blog\/#\/schema\/logo\/image\/\",\"url\":\"https:\/\/dicodusport.fr\/blog\/wp-content\/uploads\/2020\/06\/cropped-LOGO-DICODUSPORT-2020-SANS-FOND-SANS-TEXTE.png\",\"contentUrl\":\"https:\/\/dicodusport.fr\/blog\/wp-content\/uploads\/2020\/06\/cropped-LOGO-DICODUSPORT-2020-SANS-FOND-SANS-TEXTE.png\",\"width\":512,\"height\":512,\"caption\":\"Dicodusport\"},\"image\":{\"@id\":\"https:\/\/dicodusport.fr\/blog\/#\/schema\/logo\/image\/\"},\"sameAs\":[\"https:\/\/www.facebook.com\/dicodusport\",\"https:\/\/x.com\/dicodusport\",\"https:\/\/www.instagram.com\/dicodusport\/\",\"https:\/\/www.youtube.com\/channel\/UC7V2KZ5sd3htJivAbA4ZG3w\"],\"description\":\"Dicodusport est l'encyclop\u00e9die de l'actualit\u00e9 sportive.\",\"email\":\"bonjour@dicodusport.fr\",\"legalName\":\"DICODUSPORT\",\"foundingDate\":\"2018-01-14\",\"vatID\":\"FR71834470973\",\"taxID\":\"83447097300043\",\"numberOfEmployees\":{\"@type\":\"QuantitativeValue\",\"minValue\":\"1\",\"maxValue\":\"10\"}},{\"@type\":\"Person\",\"@id\":\"https:\/\/dicodusport.fr\/blog\/#\/schema\/person\/55dcb50ad410894e431ed812bbb70191\",\"name\":\"Nicolas Jacquemard\",\"image\":{\"@type\":\"ImageObject\",\"inLanguage\":\"fr-FR\",\"@id\":\"https:\/\/dicodusport.fr\/blog\/#\/schema\/person\/image\/\",\"url\":\"https:\/\/dicodusport.fr\/blog\/wp-content\/uploads\/2021\/05\/Nicolas-Jacquemard-150x150.jpeg\",\"contentUrl\":\"https:\/\/dicodusport.fr\/blog\/wp-content\/uploads\/2021\/05\/Nicolas-Jacquemard-150x150.jpeg\",\"caption\":\"Nicolas Jacquemard\"},\"description\":\"Passionn\u00e9 de sport et entrepreneur depuis mes 18 ans, la cr\u00e9ation de Dicodusport m'a sembl\u00e9 \u00e9vidente pour participer \u00e0 la m\u00e9diatisation d'un plus grand nombre de sports. Le chemin est long mais avec une \u00e9quipe des plus motiv\u00e9es et les Jeux Olympiques de Paris 2024 en point de mire, nous y arriverons ! Journaliste dans le monde du sport depuis plus de 5 ans, je traite aussi bien de football, de rugby, de biathlon que de cyclisme.\",\"sameAs\":[\"https:\/\/www.facebook.com\/dicodusport\",\"https:\/\/x.com\/https:\/\/twitter.com\/Nico_Jacquemard\"],\"url\":\"https:\/\/dicodusport.fr\/blog\/author\/dicodusport\/\"}]}<\/script>\n<!-- \/ Yoast SEO Premium plugin. -->","yoast_head_json":{"title":"Pierre Houin et Laura Tarantola titr\u00e9s aux championnats du monde indoor","description":"Les championnats du monde Indoor d'aviron se tenaient ce week-end au Stade Pierre de Coubertin et les Fran\u00e7ais ont d\u00e9croch\u00e9 plusieurs m\u00e9dailles dont deux en or.","robots":{"index":"index","follow":"follow","max-snippet":"max-snippet:-1","max-image-preview":"max-image-preview:large","max-video-preview":"max-video-preview:-1"},"canonical":"https:\/\/dicodusport.fr\/blog\/pierre-houin-et-laura-tarantola-titres-aux-championnats-du-monde-indoor\/","og_locale":"fr_FR","og_type":"article","og_title":"Aviron : Pierre Houin et Laura Tarantola titr\u00e9s aux championnats du monde indoor","og_description":"Les championnats du monde Indoor d'aviron se tenaient ce week-end au Stade Pierre de Coubertin et les Fran\u00e7ais ont d\u00e9croch\u00e9 plusieurs m\u00e9dailles dont deux en or.","og_url":"https:\/\/dicodusport.fr\/blog\/pierre-houin-et-laura-tarantola-titres-aux-championnats-du-monde-indoor\/","og_site_name":"Dicodusport","article_publisher":"https:\/\/www.facebook.com\/dicodusport","article_author":"https:\/\/www.facebook.com\/dicodusport","article_published_time":"2020-02-10T13:57:13+00:00","article_modified_time":"2020-02-10T14:29:22+00:00","og_image":[{"width":800,"height":445,"url":"https:\/\/dicodusport.fr\/blog\/wp-content\/uploads\/2020\/02\/Aviron-Pierre-Houin-et-Laura-Tarantola-titr\u00e9s-aux-championnats-du-monde-indoor.png","type":"image\/png"}],"author":"Nicolas Jacquemard","twitter_card":"summary_large_image","twitter_title":"Aviron : Pierre Houin et Laura Tarantola titr\u00e9s aux championnats du monde indoor","twitter_creator":"@https:\/\/twitter.com\/Nico_Jacquemard","twitter_site":"@dicodusport","schema":{"@context":"https:\/\/schema.org","@graph":[{"@type":"NewsArticle","@id":"https:\/\/dicodusport.fr\/blog\/pierre-houin-et-laura-tarantola-titres-aux-championnats-du-monde-indoor\/#article","isPartOf":{"@id":"https:\/\/dicodusport.fr\/blog\/pierre-houin-et-laura-tarantola-titres-aux-championnats-du-monde-indoor\/"},"author":{"name":"Nicolas Jacquemard","@id":"https:\/\/dicodusport.fr\/blog\/#\/schema\/person\/55dcb50ad410894e431ed812bbb70191"},"headline":"Pierre Houin et Laura Tarantola titr\u00e9s aux championnats du monde indoor","datePublished":"2020-02-10T13:57:13+00:00","dateModified":"2020-02-10T14:29:22+00:00","mainEntityOfPage":{"@id":"https:\/\/dicodusport.fr\/blog\/pierre-houin-et-laura-tarantola-titres-aux-championnats-du-monde-indoor\/"},"wordCount":181,"commentCount":0,"publisher":{"@id":"https:\/\/dicodusport.fr\/blog\/#organization"},"image":{"@id":"https:\/\/dicodusport.fr\/blog\/pierre-houin-et-laura-tarantola-titres-aux-championnats-du-monde-indoor\/#primaryimage"},"thumbnailUrl":"https:\/\/dicodusport.fr\/blog\/wp-content\/uploads\/2020\/02\/Aviron-Pierre-Houin-et-Laura-Tarantola-titr\u00e9s-aux-championnats-du-monde-indoor.png","keywords":["aviron","houin","Laura Tarantola","pierre houin"],"articleSection":["Aviron"],"inLanguage":"fr-FR","potentialAction":[{"@type":"CommentAction","name":"Comment","target":["https:\/\/dicodusport.fr\/blog\/pierre-houin-et-laura-tarantola-titres-aux-championnats-du-monde-indoor\/#respond"]}],"copyrightYear":"2020","copyrightHolder":{"@id":"https:\/\/dicodusport.fr\/blog\/#organization"}},{"@type":"WebPage","@id":"https:\/\/dicodusport.fr\/blog\/pierre-houin-et-laura-tarantola-titres-aux-championnats-du-monde-indoor\/","url":"https:\/\/dicodusport.fr\/blog\/pierre-houin-et-laura-tarantola-titres-aux-championnats-du-monde-indoor\/","name":"Pierre Houin et Laura Tarantola titr\u00e9s aux championnats du monde indoor","isPartOf":{"@id":"https:\/\/dicodusport.fr\/blog\/#website"},"primaryImageOfPage":{"@id":"https:\/\/dicodusport.fr\/blog\/pierre-houin-et-laura-tarantola-titres-aux-championnats-du-monde-indoor\/#primaryimage"},"image":{"@id":"https:\/\/dicodusport.fr\/blog\/pierre-houin-et-laura-tarantola-titres-aux-championnats-du-monde-indoor\/#primaryimage"},"thumbnailUrl":"https:\/\/dicodusport.fr\/blog\/wp-content\/uploads\/2020\/02\/Aviron-Pierre-Houin-et-Laura-Tarantola-titr\u00e9s-aux-championnats-du-monde-indoor.png","datePublished":"2020-02-10T13:57:13+00:00","dateModified":"2020-02-10T14:29:22+00:00","description":"Les championnats du monde Indoor d'aviron se tenaient ce week-end au Stade Pierre de Coubertin et les Fran\u00e7ais ont d\u00e9croch\u00e9 plusieurs m\u00e9dailles dont deux en or.","breadcrumb":{"@id":"https:\/\/dicodusport.fr\/blog\/pierre-houin-et-laura-tarantola-titres-aux-championnats-du-monde-indoor\/#breadcrumb"},"inLanguage":"fr-FR","potentialAction":[{"@type":"ReadAction","target":["https:\/\/dicodusport.fr\/blog\/pierre-houin-et-laura-tarantola-titres-aux-championnats-du-monde-indoor\/"]}]},{"@type":"ImageObject","inLanguage":"fr-FR","@id":"https:\/\/dicodusport.fr\/blog\/pierre-houin-et-laura-tarantola-titres-aux-championnats-du-monde-indoor\/#primaryimage","url":"https:\/\/dicodusport.fr\/blog\/wp-content\/uploads\/2020\/02\/Aviron-Pierre-Houin-et-Laura-Tarantola-titr\u00e9s-aux-championnats-du-monde-indoor.png","contentUrl":"https:\/\/dicodusport.fr\/blog\/wp-content\/uploads\/2020\/02\/Aviron-Pierre-Houin-et-Laura-Tarantola-titr\u00e9s-aux-championnats-du-monde-indoor.png","width":800,"height":445,"caption":"Aviron - Pierre Houin et Laura Tarantola titr\u00e9s aux championnats du monde indoor"},{"@type":"BreadcrumbList","@id":"https:\/\/dicodusport.fr\/blog\/pierre-houin-et-laura-tarantola-titres-aux-championnats-du-monde-indoor\/#breadcrumb","itemListElement":[{"@type":"ListItem","position":1,"name":"Accueil","item":"https:\/\/dicodusport.fr\/blog\/"},{"@type":"ListItem","position":2,"name":"Pierre Houin et Laura Tarantola titr\u00e9s aux championnats du monde indoor"}]},{"@type":"WebSite","@id":"https:\/\/dicodusport.fr\/blog\/#website","url":"https:\/\/dicodusport.fr\/blog\/","name":"Dicodusport","description":"L&#039;encyclop\u00e9die de l&#039;actualit\u00e9 sportive","publisher":{"@id":"https:\/\/dicodusport.fr\/blog\/#organization"},"potentialAction":[{"@type":"SearchAction","target":{"@type":"EntryPoint","urlTemplate":"https:\/\/dicodusport.fr\/blog\/?s={search_term_string}"},"query-input":{"@type":"PropertyValueSpecification","valueRequired":true,"valueName":"search_term_string"}}],"inLanguage":"fr-FR"},{"@type":"NewsMediaOrganization","@id":"https:\/\/dicodusport.fr\/blog\/#organization","name":"Dicodusport","url":"https:\/\/dicodusport.fr\/blog\/","logo":{"@type":"ImageObject","inLanguage":"fr-FR","@id":"https:\/\/dicodusport.fr\/blog\/#\/schema\/logo\/image\/","url":"https:\/\/dicodusport.fr\/blog\/wp-content\/uploads\/2020\/06\/cropped-LOGO-DICODUSPORT-2020-SANS-FOND-SANS-TEXTE.png","contentUrl":"https:\/\/dicodusport.fr\/blog\/wp-content\/uploads\/2020\/06\/cropped-LOGO-DICODUSPORT-2020-SANS-FOND-SANS-TEXTE.png","width":512,"height":512,"caption":"Dicodusport"},"image":{"@id":"https:\/\/dicodusport.fr\/blog\/#\/schema\/logo\/image\/"},"sameAs":["https:\/\/www.facebook.com\/dicodusport","https:\/\/x.com\/dicodusport","https:\/\/www.instagram.com\/dicodusport\/","https:\/\/www.youtube.com\/channel\/UC7V2KZ5sd3htJivAbA4ZG3w"],"description":"Dicodusport est l'encyclop\u00e9die de l'actualit\u00e9 sportive.","email":"bonjour@dicodusport.fr","legalName":"DICODUSPORT","foundingDate":"2018-01-14","vatID":"FR71834470973","taxID":"83447097300043","numberOfEmployees":{"@type":"QuantitativeValue","minValue":"1","maxValue":"10"}},{"@type":"Person","@id":"https:\/\/dicodusport.fr\/blog\/#\/schema\/person\/55dcb50ad410894e431ed812bbb70191","name":"Nicolas Jacquemard","image":{"@type":"ImageObject","inLanguage":"fr-FR","@id":"https:\/\/dicodusport.fr\/blog\/#\/schema\/person\/image\/","url":"https:\/\/dicodusport.fr\/blog\/wp-content\/uploads\/2021\/05\/Nicolas-Jacquemard-150x150.jpeg","contentUrl":"https:\/\/dicodusport.fr\/blog\/wp-content\/uploads\/2021\/05\/Nicolas-Jacquemard-150x150.jpeg","caption":"Nicolas Jacquemard"},"description":"Passionn\u00e9 de sport et entrepreneur depuis mes 18 ans, la cr\u00e9ation de Dicodusport m'a sembl\u00e9 \u00e9vidente pour participer \u00e0 la m\u00e9diatisation d'un plus grand nombre de sports. Le chemin est long mais avec une \u00e9quipe des plus motiv\u00e9es et les Jeux Olympiques de Paris 2024 en point de mire, nous y arriverons ! Journaliste dans le monde du sport depuis plus de 5 ans, je traite aussi bien de football, de rugby, de biathlon que de cyclisme.","sameAs":["https:\/\/www.facebook.com\/dicodusport","https:\/\/x.com\/https:\/\/twitter.com\/Nico_Jacquemard"],"url":"https:\/\/dicodusport.fr\/blog\/author\/dicodusport\/"}]}},"_links":{"self":[{"href":"https:\/\/dicodusport.fr\/blog\/wp-json\/wp\/v2\/posts\/59766","targetHints":{"allow":["GET"]}}],"collection":[{"href":"https:\/\/dicodusport.fr\/blog\/wp-json\/wp\/v2\/posts"}],"about":[{"href":"https:\/\/dicodusport.fr\/blog\/wp-json\/wp\/v2\/types\/post"}],"author":[{"embeddable":true,"href":"https:\/\/dicodusport.fr\/blog\/wp-json\/wp\/v2\/users\/1"}],"replies":[{"embeddable":true,"href":"https:\/\/dicodusport.fr\/blog\/wp-json\/wp\/v2\/comments?post=59766"}],"version-history":[{"count":0,"href":"https:\/\/dicodusport.fr\/blog\/wp-json\/wp\/v2\/posts\/59766\/revisions"}],"wp:featuredmedia":[{"embeddable":true,"href":"https:\/\/dicodusport.fr\/blog\/wp-json\/wp\/v2\/media\/59789"}],"wp:attachment":[{"href":"https:\/\/dicodusport.fr\/blog\/wp-json\/wp\/v2\/media?parent=59766"}],"wp:term":[{"taxonomy":"category","embeddable":true,"href":"https:\/\/dicodusport.fr\/blog\/wp-json\/wp\/v2\/categories?post=59766"},{"taxonomy":"post_tag","embeddable":true,"href":"https:\/\/dicodusport.fr\/blog\/wp-json\/wp\/v2\/tags?post=59766"}],"curies":[{"name":"wp","href":"https:\/\/api.w.org\/{rel}","templated":true}]}}