{"id":597781,"date":"2025-07-25T10:15:27","date_gmt":"2025-07-25T08:15:27","guid":{"rendered":"https:\/\/dicodusport.fr\/blog\/?p=597781&#038;preview=true&#038;preview_id=597781"},"modified":"2025-07-25T10:42:02","modified_gmt":"2025-07-25T08:42:02","slug":"remco-evenepoel-chez-red-bull-bora-hansgrohe-cest-fait","status":"publish","type":"post","link":"https:\/\/dicodusport.fr\/blog\/remco-evenepoel-chez-red-bull-bora-hansgrohe-cest-fait\/","title":{"rendered":"Remco Evenepoel chez Red Bull-Bora-Hansgrohe, c&rsquo;est fait !"},"content":{"rendered":"<p style=\"text-align: justify;\"><strong><em>MERCATO CYCLISME &#8211; Le transfert de l&rsquo;ann\u00e9e dans le peloton va se jouer en Belgique. Remco Evenepoel aurait sign\u00e9 chez Red Bull-Bora-Hansgrohe, o\u00f9 il retrouverait notamment Primoz Roglic.<br \/>\n<\/em><\/strong><\/p>\n<p style=\"text-align: justify;\">Les rumeurs couvaient depuis plusieurs semaines, ce serait d\u00e9sormais officiel. Selon nos confr\u00e8res italiens de la <em>Gazzetta dello Sport<\/em>, <strong>Remco Evenepoel<\/strong> aurait sign\u00e9 chez Red Bull-Bora-Hansgrohe, qui a les moyens de l&rsquo;attirer. Apr\u00e8s avoir <a href=\"https:\/\/dicodusport.fr\/blog\/tour-de-france-2025-abandon-de-remco-evenepoel-au-cours-de-la-14eme-etape\/\">abandonn\u00e9 le Tour de France dans le Tourmalet<\/a>, le coureur belge de 25 ans quitterait la Soudal Quick-Step, six ans apr\u00e8s son arriv\u00e9e. R\u00e9guli\u00e8rement mise en doute notamment pour l&rsquo;accompagnement d&rsquo;<strong>Evenepoel<\/strong>, la formation belge perdrait donc son principal fournisseur de points UCI, apr\u00e8s <strong>Tim Merlier<\/strong>.<\/p>\n<blockquote class=\"twitter-tweet\">\n<p dir=\"ltr\" lang=\"en\">Sources told <a href=\"https:\/\/twitter.com\/Gazzetta_it?ref_src=twsrc%5Etfw\">@Gazzetta_it<\/a> that last monday an agreement between Remco Evenepoel and Red Bull-Bora-Hansgrohe has been found. The multiple year deal (at least till 2028), starting from 2026, can be considered done <a href=\"https:\/\/twitter.com\/cycling_podcast?ref_src=twsrc%5Etfw\">@cycling_podcast<\/a><\/p>\n<p>\u2014 Ciro Scognamiglio (@cirogazzetta) <a href=\"https:\/\/twitter.com\/cirogazzetta\/status\/1948648771208053177?ref_src=twsrc%5Etfw\">July 25, 2025<\/a><\/p><\/blockquote>\n<p><script async src=\"https:\/\/platform.twitter.com\/widgets.js\" charset=\"utf-8\"><\/script><\/p>\n<h2>Une superteam avec Evenepoel chez Red Bull<\/h2>\n<p style=\"text-align: justify;\">En rejoignant la Red Bull-Bora-Hansgrohe, <strong>Remco Evenepoel<\/strong> changerait directement de dimension, notamment en montagne. <strong>Primoz Roglic<\/strong>, <strong>Florian Lipowitz<\/strong>, <strong>Jai Hindley<\/strong>, <strong>Aleksandr Vlasov<\/strong>. Remco Evenepoel n&rsquo;a jamais eu de tels noms \u00e0 ses c\u00f4t\u00e9s depuis le d\u00e9but de sa carri\u00e8re. Sous contrat jusqu&rsquo;en 2026, le <a href=\"https:\/\/dicodusport.fr\/blog\/course-en-ligne-jo-2024-argent-et-bronze-pour-madouas-et-laporte-remco-evenepoel-en-or\/\">double champion olympique<\/a> pourrait aussi remplacer le Slov\u00e8ne. \u00c0 35 ans, Roglic est en fin de contrat, et semble d\u00e9sormais plusieurs rangs en dessous du duo Pogacar-Vingegaard. La presse belge annon\u00e7ait m\u00eame en novembre dernier qu&rsquo;un contrat de 10 millions d&rsquo;euros par an attendait <strong>Evenepoel<\/strong> au sein de la formation allemande. <em>\u00ab\u00a0Oui, un transfert est peut-\u00eatre possible\u00a0\u00bb<\/em>, a fait savoir pendant le Tour de France <strong>Ralph Denk<\/strong>, directeur de l&rsquo;\u00e9quipe allemande, dans un podcast, et relay\u00e9 par <em>La DH Les Sports +<\/em>.<\/p>\n<p style=\"text-align: justify;\">Capable de briller sur les Grands Tours (vainqueur de la Vuelta en 2022, troisi\u00e8me du Tour de France en 2024), comme de gagner un Monument (Li\u00e8ge-Bastogne-Li\u00e8ge en 2022 et en 2023), <a href=\"https:\/\/dicodusport.fr\/blog\/tour-de-france-2025-evenepoel-van-aert-philipsen-nys-les-belges-a-suivre\/\">Remco Evenepoel<\/a> visera sans doute de nouveau la gagne l&rsquo;an prochain. Nos confr\u00e8res italiens \u00e9voquent un contrat jusqu&rsquo;en 2028, qui d\u00e9buterait en 2026.<\/p>\n<h3 style=\"text-align: justify;\">\u00c0 ce sujet<\/h3>\n<div class=\"vlp-link-container vlp-layout-article\"><a href=\"https:\/\/dicodusport.fr\/blog\/cyclisme-mercato-2025-2026-le-tableau-des-transferts\/\" class=\"vlp-link\" title=\"Cyclisme Mercato 2025-2026 - Le tableau des transferts\"><\/a><div class=\"vlp-layout-zone-side\"><div class=\"vlp-block-4 vlp-link-image\"><img loading=\"lazy\" decoding=\"async\" style=\"max-width: 792px;\" width=\"792\" height=\"445\" src=\"https:\/\/dicodusport.fr\/blog\/wp-content\/uploads\/2025\/02\/Cyclisme-Mercato-2025-2026-Le-tableau-des-transferts.png\" class=\"attachment-800x445 size-800x445\" alt=\"Cyclisme Mercato 2025-2026 - Le tableau des transferts\" srcset=\"https:\/\/dicodusport.fr\/blog\/wp-content\/uploads\/2025\/02\/Cyclisme-Mercato-2025-2026-Le-tableau-des-transferts.png 1200w, https:\/\/dicodusport.fr\/blog\/wp-content\/uploads\/2025\/02\/Cyclisme-Mercato-2025-2026-Le-tableau-des-transferts-300x169.png 300w, https:\/\/dicodusport.fr\/blog\/wp-content\/uploads\/2025\/02\/Cyclisme-Mercato-2025-2026-Le-tableau-des-transferts-1024x575.png 1024w, https:\/\/dicodusport.fr\/blog\/wp-content\/uploads\/2025\/02\/Cyclisme-Mercato-2025-2026-Le-tableau-des-transferts-768x431.png 768w\" sizes=\"auto, (max-width: 792px) 100vw, 792px\" \/><\/div><\/div><div class=\"vlp-layout-zone-main\"><div class=\"vlp-block-0 vlp-link-title\">Cyclisme Mercato 2025-2026 - Le tableau des transferts<\/div><div class=\"vlp-block-1 vlp-link-summary\">MERCATO CYCLISME 2025-2026 - D\u00e9couvrez les transferts officiels et les rumeurs du mercato cycliste.<\/div><div class=\"vlp-block-2 vlp-link-button\">Lire l'article<\/div><div class=\"vlp-block-3 vlp-link-url\">dicodusport.fr<\/div><\/div><\/div>\n","protected":false},"excerpt":{"rendered":"<p>Le transfert de l&rsquo;ann\u00e9e dans le peloton va se jouer en Belgique. Remco Evenepoel aurait sign\u00e9 chez Red Bull-Bora-Hansgrohe, o\u00f9 il retrouverait notamment Primoz Roglic.<\/p>\n","protected":false},"author":88,"featured_media":597788,"comment_status":"open","ping_status":"closed","sticky":false,"template":"","format":"standard","meta":{"_acf_changed":false,"_daextam_enable_autolinks":"1","footnotes":""},"categories":[46994],"tags":[32415,16878,574,11197,8420],"class_list":["post-597781","post","type-post","status-publish","format-standard","has-post-thumbnail","hentry","category-cyclisme-sur-route","tag-actu","tag-breve","tag-cyclisme","tag-cyclisme-sur-route","tag-remco-evenepoel"],"acf":[],"yoast_head":"<!-- This site is optimized with the Yoast SEO Premium plugin v26.7 (Yoast SEO v26.7) - https:\/\/yoast.com\/wordpress\/plugins\/seo\/ -->\n<title>Remco Evenepoel chez Red Bull-Bora-Hansgrohe, c&#039;est fait !<\/title>\n<meta name=\"description\" content=\"Le transfert de l&#039;ann\u00e9e dans le peloton va se jouer en Belgique. Remco Evenepoel aurait sign\u00e9 chez Red Bull-Bora-Hansgrohe, o\u00f9 il retrouverait notamment Primoz Roglic.\" \/>\n<meta name=\"robots\" content=\"index, follow, max-snippet:-1, max-image-preview:large, max-video-preview:-1\" \/>\n<link rel=\"canonical\" href=\"https:\/\/dicodusport.fr\/blog\/remco-evenepoel-chez-red-bull-bora-hansgrohe-cest-fait\/\" \/>\n<meta property=\"og:locale\" content=\"fr_FR\" \/>\n<meta property=\"og:type\" content=\"article\" \/>\n<meta property=\"og:title\" content=\"Remco Evenepoel chez Red Bull-Bora-Hansgrohe, c&#039;est fait !\" \/>\n<meta property=\"og:description\" content=\"Le transfert de l&#039;ann\u00e9e dans le peloton va se jouer en Belgique. Remco Evenepoel aurait sign\u00e9 chez Red Bull-Bora-Hansgrohe, o\u00f9 il retrouverait notamment Primoz Roglic.\" \/>\n<meta property=\"og:url\" content=\"https:\/\/dicodusport.fr\/blog\/remco-evenepoel-chez-red-bull-bora-hansgrohe-cest-fait\/\" \/>\n<meta property=\"og:site_name\" content=\"Dicodusport\" \/>\n<meta property=\"article:publisher\" content=\"https:\/\/www.facebook.com\/dicodusport\" \/>\n<meta property=\"article:published_time\" content=\"2025-07-25T08:15:27+00:00\" \/>\n<meta property=\"article:modified_time\" content=\"2025-07-25T08:42:02+00:00\" \/>\n<meta property=\"og:image\" content=\"https:\/\/dicodusport.fr\/blog\/wp-content\/uploads\/2025\/07\/Remco-Evenepoel-chez-Red-Bull-Bora-Hansgrohe-cest-fait-.png\" \/>\n\t<meta property=\"og:image:width\" content=\"1200\" \/>\n\t<meta property=\"og:image:height\" content=\"674\" \/>\n\t<meta property=\"og:image:type\" content=\"image\/png\" \/>\n<meta name=\"author\" content=\"Paul Lalevee\" \/>\n<meta name=\"twitter:card\" content=\"summary_large_image\" \/>\n<meta name=\"twitter:title\" content=\"Remco Evenepoel chez Red Bull-Bora-Hansgrohe, c&#039;est fait !\" \/>\n<meta name=\"twitter:creator\" content=\"@dicodusport\" \/>\n<meta name=\"twitter:site\" content=\"@dicodusport\" \/>\n<script type=\"application\/ld+json\" class=\"yoast-schema-graph\">{\"@context\":\"https:\/\/schema.org\",\"@graph\":[{\"@type\":\"NewsArticle\",\"@id\":\"https:\/\/dicodusport.fr\/blog\/remco-evenepoel-chez-red-bull-bora-hansgrohe-cest-fait\/#article\",\"isPartOf\":{\"@id\":\"https:\/\/dicodusport.fr\/blog\/remco-evenepoel-chez-red-bull-bora-hansgrohe-cest-fait\/\"},\"author\":{\"name\":\"Paul Lalevee\",\"@id\":\"https:\/\/dicodusport.fr\/blog\/#\/schema\/person\/1eaa63dfac40b5e5c47f03a71920c1cd\"},\"headline\":\"Remco Evenepoel chez Red Bull-Bora-Hansgrohe, c&rsquo;est fait !\",\"datePublished\":\"2025-07-25T08:15:27+00:00\",\"dateModified\":\"2025-07-25T08:42:02+00:00\",\"mainEntityOfPage\":{\"@id\":\"https:\/\/dicodusport.fr\/blog\/remco-evenepoel-chez-red-bull-bora-hansgrohe-cest-fait\/\"},\"wordCount\":444,\"commentCount\":0,\"publisher\":{\"@id\":\"https:\/\/dicodusport.fr\/blog\/#organization\"},\"image\":{\"@id\":\"https:\/\/dicodusport.fr\/blog\/remco-evenepoel-chez-red-bull-bora-hansgrohe-cest-fait\/#primaryimage\"},\"thumbnailUrl\":\"https:\/\/dicodusport.fr\/blog\/wp-content\/uploads\/2025\/07\/Remco-Evenepoel-chez-Red-Bull-Bora-Hansgrohe-cest-fait-.png\",\"keywords\":[\"actu\",\"br\u00e8ve\",\"Cyclisme\",\"Cyclisme sur route\",\"Remco Evenepoel\"],\"articleSection\":[\"Cyclisme sur route\"],\"inLanguage\":\"fr-FR\",\"potentialAction\":[{\"@type\":\"CommentAction\",\"name\":\"Comment\",\"target\":[\"https:\/\/dicodusport.fr\/blog\/remco-evenepoel-chez-red-bull-bora-hansgrohe-cest-fait\/#respond\"]}],\"copyrightYear\":\"2025\",\"copyrightHolder\":{\"@id\":\"https:\/\/dicodusport.fr\/blog\/#organization\"}},{\"@type\":\"WebPage\",\"@id\":\"https:\/\/dicodusport.fr\/blog\/remco-evenepoel-chez-red-bull-bora-hansgrohe-cest-fait\/\",\"url\":\"https:\/\/dicodusport.fr\/blog\/remco-evenepoel-chez-red-bull-bora-hansgrohe-cest-fait\/\",\"name\":\"Remco Evenepoel chez Red Bull-Bora-Hansgrohe, c'est fait !\",\"isPartOf\":{\"@id\":\"https:\/\/dicodusport.fr\/blog\/#website\"},\"primaryImageOfPage\":{\"@id\":\"https:\/\/dicodusport.fr\/blog\/remco-evenepoel-chez-red-bull-bora-hansgrohe-cest-fait\/#primaryimage\"},\"image\":{\"@id\":\"https:\/\/dicodusport.fr\/blog\/remco-evenepoel-chez-red-bull-bora-hansgrohe-cest-fait\/#primaryimage\"},\"thumbnailUrl\":\"https:\/\/dicodusport.fr\/blog\/wp-content\/uploads\/2025\/07\/Remco-Evenepoel-chez-Red-Bull-Bora-Hansgrohe-cest-fait-.png\",\"datePublished\":\"2025-07-25T08:15:27+00:00\",\"dateModified\":\"2025-07-25T08:42:02+00:00\",\"description\":\"Le transfert de l'ann\u00e9e dans le peloton va se jouer en Belgique. Remco Evenepoel aurait sign\u00e9 chez Red Bull-Bora-Hansgrohe, o\u00f9 il retrouverait notamment Primoz Roglic.\",\"breadcrumb\":{\"@id\":\"https:\/\/dicodusport.fr\/blog\/remco-evenepoel-chez-red-bull-bora-hansgrohe-cest-fait\/#breadcrumb\"},\"inLanguage\":\"fr-FR\",\"potentialAction\":[{\"@type\":\"ReadAction\",\"target\":[\"https:\/\/dicodusport.fr\/blog\/remco-evenepoel-chez-red-bull-bora-hansgrohe-cest-fait\/\"]}]},{\"@type\":\"ImageObject\",\"inLanguage\":\"fr-FR\",\"@id\":\"https:\/\/dicodusport.fr\/blog\/remco-evenepoel-chez-red-bull-bora-hansgrohe-cest-fait\/#primaryimage\",\"url\":\"https:\/\/dicodusport.fr\/blog\/wp-content\/uploads\/2025\/07\/Remco-Evenepoel-chez-Red-Bull-Bora-Hansgrohe-cest-fait-.png\",\"contentUrl\":\"https:\/\/dicodusport.fr\/blog\/wp-content\/uploads\/2025\/07\/Remco-Evenepoel-chez-Red-Bull-Bora-Hansgrohe-cest-fait-.png\",\"width\":1200,\"height\":674,\"caption\":\"Remco Evenepoel chez Red Bull-Bora-Hansgrohe, c'est fait !\"},{\"@type\":\"BreadcrumbList\",\"@id\":\"https:\/\/dicodusport.fr\/blog\/remco-evenepoel-chez-red-bull-bora-hansgrohe-cest-fait\/#breadcrumb\",\"itemListElement\":[{\"@type\":\"ListItem\",\"position\":1,\"name\":\"Accueil\",\"item\":\"https:\/\/dicodusport.fr\/blog\/\"},{\"@type\":\"ListItem\",\"position\":2,\"name\":\"Remco Evenepoel chez Red Bull-Bora-Hansgrohe, c&rsquo;est fait !\"}]},{\"@type\":\"WebSite\",\"@id\":\"https:\/\/dicodusport.fr\/blog\/#website\",\"url\":\"https:\/\/dicodusport.fr\/blog\/\",\"name\":\"Dicodusport\",\"description\":\"L&#039;encyclop\u00e9die de l&#039;actualit\u00e9 sportive\",\"publisher\":{\"@id\":\"https:\/\/dicodusport.fr\/blog\/#organization\"},\"potentialAction\":[{\"@type\":\"SearchAction\",\"target\":{\"@type\":\"EntryPoint\",\"urlTemplate\":\"https:\/\/dicodusport.fr\/blog\/?s={search_term_string}\"},\"query-input\":{\"@type\":\"PropertyValueSpecification\",\"valueRequired\":true,\"valueName\":\"search_term_string\"}}],\"inLanguage\":\"fr-FR\"},{\"@type\":\"NewsMediaOrganization\",\"@id\":\"https:\/\/dicodusport.fr\/blog\/#organization\",\"name\":\"Dicodusport\",\"url\":\"https:\/\/dicodusport.fr\/blog\/\",\"logo\":{\"@type\":\"ImageObject\",\"inLanguage\":\"fr-FR\",\"@id\":\"https:\/\/dicodusport.fr\/blog\/#\/schema\/logo\/image\/\",\"url\":\"https:\/\/dicodusport.fr\/blog\/wp-content\/uploads\/2020\/06\/cropped-LOGO-DICODUSPORT-2020-SANS-FOND-SANS-TEXTE.png\",\"contentUrl\":\"https:\/\/dicodusport.fr\/blog\/wp-content\/uploads\/2020\/06\/cropped-LOGO-DICODUSPORT-2020-SANS-FOND-SANS-TEXTE.png\",\"width\":512,\"height\":512,\"caption\":\"Dicodusport\"},\"image\":{\"@id\":\"https:\/\/dicodusport.fr\/blog\/#\/schema\/logo\/image\/\"},\"sameAs\":[\"https:\/\/www.facebook.com\/dicodusport\",\"https:\/\/x.com\/dicodusport\",\"https:\/\/www.instagram.com\/dicodusport\/\",\"https:\/\/www.youtube.com\/channel\/UC7V2KZ5sd3htJivAbA4ZG3w\"],\"description\":\"Dicodusport est l'encyclop\u00e9die de l'actualit\u00e9 sportive.\",\"email\":\"bonjour@dicodusport.fr\",\"legalName\":\"DICODUSPORT\",\"foundingDate\":\"2018-01-14\",\"vatID\":\"FR71834470973\",\"taxID\":\"83447097300043\",\"numberOfEmployees\":{\"@type\":\"QuantitativeValue\",\"minValue\":\"1\",\"maxValue\":\"10\"}},{\"@type\":\"Person\",\"@id\":\"https:\/\/dicodusport.fr\/blog\/#\/schema\/person\/1eaa63dfac40b5e5c47f03a71920c1cd\",\"name\":\"Paul Lalevee\",\"image\":{\"@type\":\"ImageObject\",\"inLanguage\":\"fr-FR\",\"@id\":\"https:\/\/dicodusport.fr\/blog\/#\/schema\/person\/image\/\",\"url\":\"https:\/\/dicodusport.fr\/blog\/wp-content\/uploads\/2023\/10\/291154246_1690604071293245_3118259335115946499_n-150x150.jpg\",\"contentUrl\":\"https:\/\/dicodusport.fr\/blog\/wp-content\/uploads\/2023\/10\/291154246_1690604071293245_3118259335115946499_n-150x150.jpg\",\"caption\":\"Paul Lalevee\"},\"description\":\"La bulle Disney pendant le Covid, le Tour 2019, la Coupe du monde 2018. Ces trois \u00e9v\u00e9nements majeurs sont ancr\u00e9s dans ma t\u00eate de fan de sport, n\u00e9gativement ou positivement. Passionn\u00e9 de sport depuis l'enfance, j'ai d\u00e9cid\u00e9 de mettre ma passion de l'\u00e9criture au service de cette premi\u00e8re passion.\",\"url\":\"https:\/\/dicodusport.fr\/blog\/author\/paul-lalevee\/\"}]}<\/script>\n<!-- \/ Yoast SEO Premium plugin. -->","yoast_head_json":{"title":"Remco Evenepoel chez Red Bull-Bora-Hansgrohe, c'est fait !","description":"Le transfert de l'ann\u00e9e dans le peloton va se jouer en Belgique. Remco Evenepoel aurait sign\u00e9 chez Red Bull-Bora-Hansgrohe, o\u00f9 il retrouverait notamment Primoz Roglic.","robots":{"index":"index","follow":"follow","max-snippet":"max-snippet:-1","max-image-preview":"max-image-preview:large","max-video-preview":"max-video-preview:-1"},"canonical":"https:\/\/dicodusport.fr\/blog\/remco-evenepoel-chez-red-bull-bora-hansgrohe-cest-fait\/","og_locale":"fr_FR","og_type":"article","og_title":"Remco Evenepoel chez Red Bull-Bora-Hansgrohe, c'est fait !","og_description":"Le transfert de l'ann\u00e9e dans le peloton va se jouer en Belgique. Remco Evenepoel aurait sign\u00e9 chez Red Bull-Bora-Hansgrohe, o\u00f9 il retrouverait notamment Primoz Roglic.","og_url":"https:\/\/dicodusport.fr\/blog\/remco-evenepoel-chez-red-bull-bora-hansgrohe-cest-fait\/","og_site_name":"Dicodusport","article_publisher":"https:\/\/www.facebook.com\/dicodusport","article_published_time":"2025-07-25T08:15:27+00:00","article_modified_time":"2025-07-25T08:42:02+00:00","og_image":[{"width":1200,"height":674,"url":"https:\/\/dicodusport.fr\/blog\/wp-content\/uploads\/2025\/07\/Remco-Evenepoel-chez-Red-Bull-Bora-Hansgrohe-cest-fait-.png","type":"image\/png"}],"author":"Paul Lalevee","twitter_card":"summary_large_image","twitter_title":"Remco Evenepoel chez Red Bull-Bora-Hansgrohe, c'est fait !","twitter_creator":"@dicodusport","twitter_site":"@dicodusport","schema":{"@context":"https:\/\/schema.org","@graph":[{"@type":"NewsArticle","@id":"https:\/\/dicodusport.fr\/blog\/remco-evenepoel-chez-red-bull-bora-hansgrohe-cest-fait\/#article","isPartOf":{"@id":"https:\/\/dicodusport.fr\/blog\/remco-evenepoel-chez-red-bull-bora-hansgrohe-cest-fait\/"},"author":{"name":"Paul Lalevee","@id":"https:\/\/dicodusport.fr\/blog\/#\/schema\/person\/1eaa63dfac40b5e5c47f03a71920c1cd"},"headline":"Remco Evenepoel chez Red Bull-Bora-Hansgrohe, c&rsquo;est fait !","datePublished":"2025-07-25T08:15:27+00:00","dateModified":"2025-07-25T08:42:02+00:00","mainEntityOfPage":{"@id":"https:\/\/dicodusport.fr\/blog\/remco-evenepoel-chez-red-bull-bora-hansgrohe-cest-fait\/"},"wordCount":444,"commentCount":0,"publisher":{"@id":"https:\/\/dicodusport.fr\/blog\/#organization"},"image":{"@id":"https:\/\/dicodusport.fr\/blog\/remco-evenepoel-chez-red-bull-bora-hansgrohe-cest-fait\/#primaryimage"},"thumbnailUrl":"https:\/\/dicodusport.fr\/blog\/wp-content\/uploads\/2025\/07\/Remco-Evenepoel-chez-Red-Bull-Bora-Hansgrohe-cest-fait-.png","keywords":["actu","br\u00e8ve","Cyclisme","Cyclisme sur route","Remco Evenepoel"],"articleSection":["Cyclisme sur route"],"inLanguage":"fr-FR","potentialAction":[{"@type":"CommentAction","name":"Comment","target":["https:\/\/dicodusport.fr\/blog\/remco-evenepoel-chez-red-bull-bora-hansgrohe-cest-fait\/#respond"]}],"copyrightYear":"2025","copyrightHolder":{"@id":"https:\/\/dicodusport.fr\/blog\/#organization"}},{"@type":"WebPage","@id":"https:\/\/dicodusport.fr\/blog\/remco-evenepoel-chez-red-bull-bora-hansgrohe-cest-fait\/","url":"https:\/\/dicodusport.fr\/blog\/remco-evenepoel-chez-red-bull-bora-hansgrohe-cest-fait\/","name":"Remco Evenepoel chez Red Bull-Bora-Hansgrohe, c'est fait !","isPartOf":{"@id":"https:\/\/dicodusport.fr\/blog\/#website"},"primaryImageOfPage":{"@id":"https:\/\/dicodusport.fr\/blog\/remco-evenepoel-chez-red-bull-bora-hansgrohe-cest-fait\/#primaryimage"},"image":{"@id":"https:\/\/dicodusport.fr\/blog\/remco-evenepoel-chez-red-bull-bora-hansgrohe-cest-fait\/#primaryimage"},"thumbnailUrl":"https:\/\/dicodusport.fr\/blog\/wp-content\/uploads\/2025\/07\/Remco-Evenepoel-chez-Red-Bull-Bora-Hansgrohe-cest-fait-.png","datePublished":"2025-07-25T08:15:27+00:00","dateModified":"2025-07-25T08:42:02+00:00","description":"Le transfert de l'ann\u00e9e dans le peloton va se jouer en Belgique. Remco Evenepoel aurait sign\u00e9 chez Red Bull-Bora-Hansgrohe, o\u00f9 il retrouverait notamment Primoz Roglic.","breadcrumb":{"@id":"https:\/\/dicodusport.fr\/blog\/remco-evenepoel-chez-red-bull-bora-hansgrohe-cest-fait\/#breadcrumb"},"inLanguage":"fr-FR","potentialAction":[{"@type":"ReadAction","target":["https:\/\/dicodusport.fr\/blog\/remco-evenepoel-chez-red-bull-bora-hansgrohe-cest-fait\/"]}]},{"@type":"ImageObject","inLanguage":"fr-FR","@id":"https:\/\/dicodusport.fr\/blog\/remco-evenepoel-chez-red-bull-bora-hansgrohe-cest-fait\/#primaryimage","url":"https:\/\/dicodusport.fr\/blog\/wp-content\/uploads\/2025\/07\/Remco-Evenepoel-chez-Red-Bull-Bora-Hansgrohe-cest-fait-.png","contentUrl":"https:\/\/dicodusport.fr\/blog\/wp-content\/uploads\/2025\/07\/Remco-Evenepoel-chez-Red-Bull-Bora-Hansgrohe-cest-fait-.png","width":1200,"height":674,"caption":"Remco Evenepoel chez Red Bull-Bora-Hansgrohe, c'est fait !"},{"@type":"BreadcrumbList","@id":"https:\/\/dicodusport.fr\/blog\/remco-evenepoel-chez-red-bull-bora-hansgrohe-cest-fait\/#breadcrumb","itemListElement":[{"@type":"ListItem","position":1,"name":"Accueil","item":"https:\/\/dicodusport.fr\/blog\/"},{"@type":"ListItem","position":2,"name":"Remco Evenepoel chez Red Bull-Bora-Hansgrohe, c&rsquo;est fait !"}]},{"@type":"WebSite","@id":"https:\/\/dicodusport.fr\/blog\/#website","url":"https:\/\/dicodusport.fr\/blog\/","name":"Dicodusport","description":"L&#039;encyclop\u00e9die de l&#039;actualit\u00e9 sportive","publisher":{"@id":"https:\/\/dicodusport.fr\/blog\/#organization"},"potentialAction":[{"@type":"SearchAction","target":{"@type":"EntryPoint","urlTemplate":"https:\/\/dicodusport.fr\/blog\/?s={search_term_string}"},"query-input":{"@type":"PropertyValueSpecification","valueRequired":true,"valueName":"search_term_string"}}],"inLanguage":"fr-FR"},{"@type":"NewsMediaOrganization","@id":"https:\/\/dicodusport.fr\/blog\/#organization","name":"Dicodusport","url":"https:\/\/dicodusport.fr\/blog\/","logo":{"@type":"ImageObject","inLanguage":"fr-FR","@id":"https:\/\/dicodusport.fr\/blog\/#\/schema\/logo\/image\/","url":"https:\/\/dicodusport.fr\/blog\/wp-content\/uploads\/2020\/06\/cropped-LOGO-DICODUSPORT-2020-SANS-FOND-SANS-TEXTE.png","contentUrl":"https:\/\/dicodusport.fr\/blog\/wp-content\/uploads\/2020\/06\/cropped-LOGO-DICODUSPORT-2020-SANS-FOND-SANS-TEXTE.png","width":512,"height":512,"caption":"Dicodusport"},"image":{"@id":"https:\/\/dicodusport.fr\/blog\/#\/schema\/logo\/image\/"},"sameAs":["https:\/\/www.facebook.com\/dicodusport","https:\/\/x.com\/dicodusport","https:\/\/www.instagram.com\/dicodusport\/","https:\/\/www.youtube.com\/channel\/UC7V2KZ5sd3htJivAbA4ZG3w"],"description":"Dicodusport est l'encyclop\u00e9die de l'actualit\u00e9 sportive.","email":"bonjour@dicodusport.fr","legalName":"DICODUSPORT","foundingDate":"2018-01-14","vatID":"FR71834470973","taxID":"83447097300043","numberOfEmployees":{"@type":"QuantitativeValue","minValue":"1","maxValue":"10"}},{"@type":"Person","@id":"https:\/\/dicodusport.fr\/blog\/#\/schema\/person\/1eaa63dfac40b5e5c47f03a71920c1cd","name":"Paul Lalevee","image":{"@type":"ImageObject","inLanguage":"fr-FR","@id":"https:\/\/dicodusport.fr\/blog\/#\/schema\/person\/image\/","url":"https:\/\/dicodusport.fr\/blog\/wp-content\/uploads\/2023\/10\/291154246_1690604071293245_3118259335115946499_n-150x150.jpg","contentUrl":"https:\/\/dicodusport.fr\/blog\/wp-content\/uploads\/2023\/10\/291154246_1690604071293245_3118259335115946499_n-150x150.jpg","caption":"Paul Lalevee"},"description":"La bulle Disney pendant le Covid, le Tour 2019, la Coupe du monde 2018. Ces trois \u00e9v\u00e9nements majeurs sont ancr\u00e9s dans ma t\u00eate de fan de sport, n\u00e9gativement ou positivement. Passionn\u00e9 de sport depuis l'enfance, j'ai d\u00e9cid\u00e9 de mettre ma passion de l'\u00e9criture au service de cette premi\u00e8re passion.","url":"https:\/\/dicodusport.fr\/blog\/author\/paul-lalevee\/"}]}},"_links":{"self":[{"href":"https:\/\/dicodusport.fr\/blog\/wp-json\/wp\/v2\/posts\/597781","targetHints":{"allow":["GET"]}}],"collection":[{"href":"https:\/\/dicodusport.fr\/blog\/wp-json\/wp\/v2\/posts"}],"about":[{"href":"https:\/\/dicodusport.fr\/blog\/wp-json\/wp\/v2\/types\/post"}],"author":[{"embeddable":true,"href":"https:\/\/dicodusport.fr\/blog\/wp-json\/wp\/v2\/users\/88"}],"replies":[{"embeddable":true,"href":"https:\/\/dicodusport.fr\/blog\/wp-json\/wp\/v2\/comments?post=597781"}],"version-history":[{"count":5,"href":"https:\/\/dicodusport.fr\/blog\/wp-json\/wp\/v2\/posts\/597781\/revisions"}],"predecessor-version":[{"id":597791,"href":"https:\/\/dicodusport.fr\/blog\/wp-json\/wp\/v2\/posts\/597781\/revisions\/597791"}],"wp:featuredmedia":[{"embeddable":true,"href":"https:\/\/dicodusport.fr\/blog\/wp-json\/wp\/v2\/media\/597788"}],"wp:attachment":[{"href":"https:\/\/dicodusport.fr\/blog\/wp-json\/wp\/v2\/media?parent=597781"}],"wp:term":[{"taxonomy":"category","embeddable":true,"href":"https:\/\/dicodusport.fr\/blog\/wp-json\/wp\/v2\/categories?post=597781"},{"taxonomy":"post_tag","embeddable":true,"href":"https:\/\/dicodusport.fr\/blog\/wp-json\/wp\/v2\/tags?post=597781"}],"curies":[{"name":"wp","href":"https:\/\/api.w.org\/{rel}","templated":true}]}}