{"id":597860,"date":"2025-07-25T18:46:35","date_gmt":"2025-07-25T16:46:35","guid":{"rendered":"https:\/\/dicodusport.fr\/blog\/?p=597860&#038;preview=true&#038;preview_id=597860"},"modified":"2025-07-25T20:47:12","modified_gmt":"2025-07-25T18:47:12","slug":"championnats-deurope-de-vtt-litalie-conserve-son-titre-europeen-sur-le-relais-mixte","status":"publish","type":"post","link":"https:\/\/dicodusport.fr\/blog\/championnats-deurope-de-vtt-litalie-conserve-son-titre-europeen-sur-le-relais-mixte\/","title":{"rendered":"Championnats d&rsquo;Europe de VTT : L&rsquo;Italie conserve son titre europ\u00e9en sur le relais mixte"},"content":{"rendered":"<p style=\"text-align: justify;\"><strong><em>CHAMPIONNATS D&rsquo;EUROPE DE VTT 2025 &#8211; Sacr\u00e9e l&rsquo;an pass\u00e9, l&rsquo;Italie a remis \u00e7a ce vendredi sur le relais mixte des championnats d&rsquo;Europe, \u00e0 Melga\u00e7o (Portugal).<\/em><\/strong><\/p>\n<ul>\n<li style=\"text-align: justify;\"><strong>\u00c0 ce sujet &#8211; <a href=\"https:\/\/dicodusport.fr\/blog\/championnats-deurope-de-vtt-classement-relais-mixte\/\">Championnats d\u2019Europe de VTT : Classement Relais mixte<\/a><\/strong><\/li>\n<\/ul>\n<p style=\"text-align: justify;\">Elle a remis \u00e7a. L&rsquo;\u00e9quipe d&rsquo;<strong>Italie<\/strong> de VTT Cross-country a remport\u00e9 ce vendredi le relais mixte des championnats d&rsquo;Europe, \u00e0 <strong>Melga\u00e7o<\/strong>. <strong>Juri Zanotti<\/strong>, <strong>Elian Paccagnella<\/strong>, <strong>Martina Berta<\/strong>, <strong>Elisa Ferri<\/strong>, <strong>Valentina Corvi<\/strong> et <strong>Ettore Fabbro<\/strong> ont permis aux Transalpins de conserver leur couronne, d\u00e9croch\u00e9e l&rsquo;ann\u00e9e pass\u00e9e en Roumanie.<\/p>\n<p style=\"text-align: justify;\">Sur les terres portugaises, la s\u00e9lection italienne n&rsquo;a pas fait dans la dentelle, s&rsquo;imposant avec 39 secondes d&rsquo;avance sur la <strong>Suisse<\/strong> de <strong>Nino Schurter<\/strong> et <strong>Ramona Forchini<\/strong>. Les Suisses ayant domin\u00e9 au sprint l&rsquo;<strong>Allemagne<\/strong>, en bronze. La <strong>France<\/strong> n&rsquo;a quant \u00e0 elle pas align\u00e9 d&rsquo;\u00e9quipe au d\u00e9part de ce relais mixte.<\/p>\n<blockquote class=\"twitter-tweet\">\n<p dir=\"ltr\" lang=\"en\">\ud83d\udd25 Relive the best moments from the Team Relay at <a href=\"https:\/\/twitter.com\/hashtag\/EuroMTB25?src=hash&amp;ref_src=twsrc%5Etfw\">#EuroMTB25<\/a><a href=\"https:\/\/twitter.com\/hashtag\/EuroMTB25?src=hash&amp;ref_src=twsrc%5Etfw\">#EuroMTB25<\/a> <a href=\"https:\/\/twitter.com\/hashtag\/xco?src=hash&amp;ref_src=twsrc%5Etfw\">#xco<\/a> <a href=\"https:\/\/twitter.com\/hashtag\/mtb?src=hash&amp;ref_src=twsrc%5Etfw\">#mtb<\/a> <a href=\"https:\/\/twitter.com\/hashtag\/mountainbike?src=hash&amp;ref_src=twsrc%5Etfw\">#mountainbike<\/a> <a href=\"https:\/\/twitter.com\/hashtag\/melgaco?src=hash&amp;ref_src=twsrc%5Etfw\">#melgaco<\/a> <a href=\"https:\/\/twitter.com\/hashtag\/portugal?src=hash&amp;ref_src=twsrc%5Etfw\">#portugal<\/a> <a href=\"https:\/\/twitter.com\/hashtag\/cycling?src=hash&amp;ref_src=twsrc%5Etfw\">#cycling<\/a> <a href=\"https:\/\/twitter.com\/hashtag\/ciclismo?src=hash&amp;ref_src=twsrc%5Etfw\">#ciclismo<\/a> <a href=\"https:\/\/t.co\/Hcgt22qvZa\">pic.twitter.com\/Hcgt22qvZa<\/a><\/p>\n<p>\u2014 UEC Cycling (@UEC_cycling) <a href=\"https:\/\/twitter.com\/UEC_cycling\/status\/1948809987339551120?ref_src=twsrc%5Etfw\">July 25, 2025<\/a><\/p><\/blockquote>\n<p><script async src=\"https:\/\/platform.twitter.com\/widgets.js\" charset=\"utf-8\"><\/script><\/p>\n","protected":false},"excerpt":{"rendered":"<p>Sacr\u00e9e l&rsquo;an pass\u00e9, l&rsquo;Italie a remis \u00e7a ce vendredi sur le relais mixte des championnats d&rsquo;Europe, \u00e0 Melga\u00e7o (Portugal).<\/p>\n","protected":false},"author":4,"featured_media":597987,"comment_status":"open","ping_status":"closed","sticky":false,"template":"","format":"standard","meta":{"_acf_changed":false,"_daextam_enable_autolinks":"1","footnotes":""},"categories":[10279],"tags":[16878,4111,24673],"class_list":["post-597860","post","type-post","status-publish","format-standard","has-post-thumbnail","hentry","category-vtt","tag-breve","tag-vtt-cross-country","tag-vtt-xcc"],"acf":[],"yoast_head":"<!-- This site is optimized with the Yoast SEO Premium plugin v26.7 (Yoast SEO v26.7) - https:\/\/yoast.com\/wordpress\/plugins\/seo\/ -->\n<title>Championnats d&#039;Europe de VTT : L&#039;Italie conserve son titre europ\u00e9en sur le relais mixte<\/title>\n<meta name=\"description\" content=\"CHAMPIONNATS D&#039;EUROPE DE VTT 2025 - Sacr\u00e9e l&#039;an pass\u00e9, l&#039;Italie a remis \u00e7a ce vendredi sur le relais mixte des championnats d&#039;Europe, \u00e0 Melga\u00e7o (Portugal).\" \/>\n<meta name=\"robots\" content=\"index, follow, max-snippet:-1, max-image-preview:large, max-video-preview:-1\" \/>\n<link rel=\"canonical\" href=\"https:\/\/dicodusport.fr\/blog\/championnats-deurope-de-vtt-litalie-conserve-son-titre-europeen-sur-le-relais-mixte\/\" \/>\n<meta property=\"og:locale\" content=\"fr_FR\" \/>\n<meta property=\"og:type\" content=\"article\" \/>\n<meta property=\"og:title\" content=\"Championnats d&#039;Europe de VTT : L&#039;Italie conserve son titre europ\u00e9en sur le relais mixte\" \/>\n<meta property=\"og:description\" content=\"CHAMPIONNATS D&#039;EUROPE DE VTT 2025 - Ce jeudi, Adrien Boichis a brill\u00e9 sur le XCC en s&#039;emparant du bronze en Seniors et du titre en U23.\" \/>\n<meta property=\"og:url\" content=\"https:\/\/dicodusport.fr\/blog\/championnats-deurope-de-vtt-litalie-conserve-son-titre-europeen-sur-le-relais-mixte\/\" \/>\n<meta property=\"og:site_name\" content=\"Dicodusport\" \/>\n<meta property=\"article:publisher\" content=\"https:\/\/www.facebook.com\/dicodusport\" \/>\n<meta property=\"article:author\" content=\"https:\/\/www.facebook.com\/florent.ostermann\" \/>\n<meta property=\"article:published_time\" content=\"2025-07-25T16:46:35+00:00\" \/>\n<meta property=\"article:modified_time\" content=\"2025-07-25T18:47:12+00:00\" \/>\n<meta property=\"og:image\" content=\"https:\/\/dicodusport.fr\/blog\/wp-content\/uploads\/2025\/07\/Championnats-dEurope-de-VTT-LItalie-conserve-son-titre-europeen-sur-le-relais-mixte-1.png\" \/>\n\t<meta property=\"og:image:width\" content=\"1200\" \/>\n\t<meta property=\"og:image:height\" content=\"674\" \/>\n\t<meta property=\"og:image:type\" content=\"image\/png\" \/>\n<meta name=\"author\" content=\"Flo Ostermann\" \/>\n<meta name=\"twitter:card\" content=\"summary_large_image\" \/>\n<meta name=\"twitter:description\" content=\"CHAMPIONNATS D&#039;EUROPE DE VTT 2025 - Ce jeudi, Adrien Boichis a brill\u00e9 sur le XCC en s&#039;emparant du bronze en Seniors et du titre en U23.\" \/>\n<meta name=\"twitter:creator\" content=\"@https:\/\/twitter.com\/FlOstermann\" \/>\n<meta name=\"twitter:site\" content=\"@dicodusport\" \/>\n<script type=\"application\/ld+json\" class=\"yoast-schema-graph\">{\"@context\":\"https:\/\/schema.org\",\"@graph\":[{\"@type\":\"NewsArticle\",\"@id\":\"https:\/\/dicodusport.fr\/blog\/championnats-deurope-de-vtt-litalie-conserve-son-titre-europeen-sur-le-relais-mixte\/#article\",\"isPartOf\":{\"@id\":\"https:\/\/dicodusport.fr\/blog\/championnats-deurope-de-vtt-litalie-conserve-son-titre-europeen-sur-le-relais-mixte\/\"},\"author\":{\"name\":\"Flo Ostermann\",\"@id\":\"https:\/\/dicodusport.fr\/blog\/#\/schema\/person\/cb02af4c173ce4a653b55e9baf388d4a\"},\"headline\":\"Championnats d&rsquo;Europe de VTT : L&rsquo;Italie conserve son titre europ\u00e9en sur le relais mixte\",\"datePublished\":\"2025-07-25T16:46:35+00:00\",\"dateModified\":\"2025-07-25T18:47:12+00:00\",\"mainEntityOfPage\":{\"@id\":\"https:\/\/dicodusport.fr\/blog\/championnats-deurope-de-vtt-litalie-conserve-son-titre-europeen-sur-le-relais-mixte\/\"},\"wordCount\":196,\"commentCount\":0,\"publisher\":{\"@id\":\"https:\/\/dicodusport.fr\/blog\/#organization\"},\"image\":{\"@id\":\"https:\/\/dicodusport.fr\/blog\/championnats-deurope-de-vtt-litalie-conserve-son-titre-europeen-sur-le-relais-mixte\/#primaryimage\"},\"thumbnailUrl\":\"https:\/\/dicodusport.fr\/blog\/wp-content\/uploads\/2025\/07\/Championnats-dEurope-de-VTT-LItalie-conserve-son-titre-europeen-sur-le-relais-mixte-1.png\",\"keywords\":[\"br\u00e8ve\",\"VTT cross country\",\"VTT XCC\"],\"articleSection\":[\"VTT\"],\"inLanguage\":\"fr-FR\",\"potentialAction\":[{\"@type\":\"CommentAction\",\"name\":\"Comment\",\"target\":[\"https:\/\/dicodusport.fr\/blog\/championnats-deurope-de-vtt-litalie-conserve-son-titre-europeen-sur-le-relais-mixte\/#respond\"]}],\"copyrightYear\":\"2025\",\"copyrightHolder\":{\"@id\":\"https:\/\/dicodusport.fr\/blog\/#organization\"}},{\"@type\":\"WebPage\",\"@id\":\"https:\/\/dicodusport.fr\/blog\/championnats-deurope-de-vtt-litalie-conserve-son-titre-europeen-sur-le-relais-mixte\/\",\"url\":\"https:\/\/dicodusport.fr\/blog\/championnats-deurope-de-vtt-litalie-conserve-son-titre-europeen-sur-le-relais-mixte\/\",\"name\":\"Championnats d'Europe de VTT : L'Italie conserve son titre europ\u00e9en sur le relais mixte\",\"isPartOf\":{\"@id\":\"https:\/\/dicodusport.fr\/blog\/#website\"},\"primaryImageOfPage\":{\"@id\":\"https:\/\/dicodusport.fr\/blog\/championnats-deurope-de-vtt-litalie-conserve-son-titre-europeen-sur-le-relais-mixte\/#primaryimage\"},\"image\":{\"@id\":\"https:\/\/dicodusport.fr\/blog\/championnats-deurope-de-vtt-litalie-conserve-son-titre-europeen-sur-le-relais-mixte\/#primaryimage\"},\"thumbnailUrl\":\"https:\/\/dicodusport.fr\/blog\/wp-content\/uploads\/2025\/07\/Championnats-dEurope-de-VTT-LItalie-conserve-son-titre-europeen-sur-le-relais-mixte-1.png\",\"datePublished\":\"2025-07-25T16:46:35+00:00\",\"dateModified\":\"2025-07-25T18:47:12+00:00\",\"description\":\"CHAMPIONNATS D'EUROPE DE VTT 2025 - Sacr\u00e9e l'an pass\u00e9, l'Italie a remis \u00e7a ce vendredi sur le relais mixte des championnats d'Europe, \u00e0 Melga\u00e7o (Portugal).\",\"breadcrumb\":{\"@id\":\"https:\/\/dicodusport.fr\/blog\/championnats-deurope-de-vtt-litalie-conserve-son-titre-europeen-sur-le-relais-mixte\/#breadcrumb\"},\"inLanguage\":\"fr-FR\",\"potentialAction\":[{\"@type\":\"ReadAction\",\"target\":[\"https:\/\/dicodusport.fr\/blog\/championnats-deurope-de-vtt-litalie-conserve-son-titre-europeen-sur-le-relais-mixte\/\"]}]},{\"@type\":\"ImageObject\",\"inLanguage\":\"fr-FR\",\"@id\":\"https:\/\/dicodusport.fr\/blog\/championnats-deurope-de-vtt-litalie-conserve-son-titre-europeen-sur-le-relais-mixte\/#primaryimage\",\"url\":\"https:\/\/dicodusport.fr\/blog\/wp-content\/uploads\/2025\/07\/Championnats-dEurope-de-VTT-LItalie-conserve-son-titre-europeen-sur-le-relais-mixte-1.png\",\"contentUrl\":\"https:\/\/dicodusport.fr\/blog\/wp-content\/uploads\/2025\/07\/Championnats-dEurope-de-VTT-LItalie-conserve-son-titre-europeen-sur-le-relais-mixte-1.png\",\"width\":1200,\"height\":674,\"caption\":\"Championnats d'Europe de VTT L'Italie conserve son titre europ\u00e9en sur le relais mixte (1)\"},{\"@type\":\"BreadcrumbList\",\"@id\":\"https:\/\/dicodusport.fr\/blog\/championnats-deurope-de-vtt-litalie-conserve-son-titre-europeen-sur-le-relais-mixte\/#breadcrumb\",\"itemListElement\":[{\"@type\":\"ListItem\",\"position\":1,\"name\":\"Accueil\",\"item\":\"https:\/\/dicodusport.fr\/blog\/\"},{\"@type\":\"ListItem\",\"position\":2,\"name\":\"Championnats d&rsquo;Europe de VTT : L&rsquo;Italie conserve son titre europ\u00e9en sur le relais mixte\"}]},{\"@type\":\"WebSite\",\"@id\":\"https:\/\/dicodusport.fr\/blog\/#website\",\"url\":\"https:\/\/dicodusport.fr\/blog\/\",\"name\":\"Dicodusport\",\"description\":\"L&#039;encyclop\u00e9die de l&#039;actualit\u00e9 sportive\",\"publisher\":{\"@id\":\"https:\/\/dicodusport.fr\/blog\/#organization\"},\"potentialAction\":[{\"@type\":\"SearchAction\",\"target\":{\"@type\":\"EntryPoint\",\"urlTemplate\":\"https:\/\/dicodusport.fr\/blog\/?s={search_term_string}\"},\"query-input\":{\"@type\":\"PropertyValueSpecification\",\"valueRequired\":true,\"valueName\":\"search_term_string\"}}],\"inLanguage\":\"fr-FR\"},{\"@type\":\"NewsMediaOrganization\",\"@id\":\"https:\/\/dicodusport.fr\/blog\/#organization\",\"name\":\"Dicodusport\",\"url\":\"https:\/\/dicodusport.fr\/blog\/\",\"logo\":{\"@type\":\"ImageObject\",\"inLanguage\":\"fr-FR\",\"@id\":\"https:\/\/dicodusport.fr\/blog\/#\/schema\/logo\/image\/\",\"url\":\"https:\/\/dicodusport.fr\/blog\/wp-content\/uploads\/2020\/06\/cropped-LOGO-DICODUSPORT-2020-SANS-FOND-SANS-TEXTE.png\",\"contentUrl\":\"https:\/\/dicodusport.fr\/blog\/wp-content\/uploads\/2020\/06\/cropped-LOGO-DICODUSPORT-2020-SANS-FOND-SANS-TEXTE.png\",\"width\":512,\"height\":512,\"caption\":\"Dicodusport\"},\"image\":{\"@id\":\"https:\/\/dicodusport.fr\/blog\/#\/schema\/logo\/image\/\"},\"sameAs\":[\"https:\/\/www.facebook.com\/dicodusport\",\"https:\/\/x.com\/dicodusport\",\"https:\/\/www.instagram.com\/dicodusport\/\",\"https:\/\/www.youtube.com\/channel\/UC7V2KZ5sd3htJivAbA4ZG3w\"],\"description\":\"Dicodusport est l'encyclop\u00e9die de l'actualit\u00e9 sportive.\",\"email\":\"bonjour@dicodusport.fr\",\"legalName\":\"DICODUSPORT\",\"foundingDate\":\"2018-01-14\",\"vatID\":\"FR71834470973\",\"taxID\":\"83447097300043\",\"numberOfEmployees\":{\"@type\":\"QuantitativeValue\",\"minValue\":\"1\",\"maxValue\":\"10\"}},{\"@type\":\"Person\",\"@id\":\"https:\/\/dicodusport.fr\/blog\/#\/schema\/person\/cb02af4c173ce4a653b55e9baf388d4a\",\"name\":\"Flo Ostermann\",\"image\":{\"@type\":\"ImageObject\",\"inLanguage\":\"fr-FR\",\"@id\":\"https:\/\/dicodusport.fr\/blog\/#\/schema\/person\/image\/\",\"url\":\"https:\/\/dicodusport.fr\/blog\/wp-content\/uploads\/2021\/05\/Flo-Ostermann-150x150.jpg\",\"contentUrl\":\"https:\/\/dicodusport.fr\/blog\/wp-content\/uploads\/2021\/05\/Flo-Ostermann-150x150.jpg\",\"caption\":\"Flo Ostermann\"},\"description\":\"Journaliste\/R\u00e9dacteur depuis septembre 2015 - Mes premiers souvenirs dans le sport ? Les envol\u00e9es du Stade Toulousain et les duels Villeneuve-Schumacher et H\u00e4kkinen-Schumacher \u00e0 la fin des ann\u00e9es 90, la Coupe du monde de football en 1998, l\u2019exploit du XV de France face aux All Blacks en 1999, mais aussi Richard C\u0153ur de Lion qui vole sur les montagnes du Tour de France. Bien parti pour devenir professeur d\u2019EPS, les \u00e9v\u00e9nements de la vie (et la flemme d\u2019animer des s\u00e9ances de 3x500 m\u00e8tres toute ma vie) m\u2019ont conduit \u00e0 revoir mes plans. Me voil\u00e0 depuis fin 2017 sur Dicodusport, m\u00e9dia gr\u00e2ce (et pour) lequel je partage ma passion : le sport dans tous ses \u00e9tats. Le tout accompagn\u00e9 par les fous furieux et folles furieuses cit\u00e9s sur cette page !\",\"sameAs\":[\"https:\/\/www.facebook.com\/florent.ostermann\",\"https:\/\/x.com\/https:\/\/twitter.com\/FlOstermann\",\"admin\"],\"url\":\"https:\/\/dicodusport.fr\/blog\/author\/flo\/\"}]}<\/script>\n<!-- \/ Yoast SEO Premium plugin. -->","yoast_head_json":{"title":"Championnats d'Europe de VTT : L'Italie conserve son titre europ\u00e9en sur le relais mixte","description":"CHAMPIONNATS D'EUROPE DE VTT 2025 - Sacr\u00e9e l'an pass\u00e9, l'Italie a remis \u00e7a ce vendredi sur le relais mixte des championnats d'Europe, \u00e0 Melga\u00e7o (Portugal).","robots":{"index":"index","follow":"follow","max-snippet":"max-snippet:-1","max-image-preview":"max-image-preview:large","max-video-preview":"max-video-preview:-1"},"canonical":"https:\/\/dicodusport.fr\/blog\/championnats-deurope-de-vtt-litalie-conserve-son-titre-europeen-sur-le-relais-mixte\/","og_locale":"fr_FR","og_type":"article","og_title":"Championnats d'Europe de VTT : L'Italie conserve son titre europ\u00e9en sur le relais mixte","og_description":"CHAMPIONNATS D'EUROPE DE VTT 2025 - Ce jeudi, Adrien Boichis a brill\u00e9 sur le XCC en s'emparant du bronze en Seniors et du titre en U23.","og_url":"https:\/\/dicodusport.fr\/blog\/championnats-deurope-de-vtt-litalie-conserve-son-titre-europeen-sur-le-relais-mixte\/","og_site_name":"Dicodusport","article_publisher":"https:\/\/www.facebook.com\/dicodusport","article_author":"https:\/\/www.facebook.com\/florent.ostermann","article_published_time":"2025-07-25T16:46:35+00:00","article_modified_time":"2025-07-25T18:47:12+00:00","og_image":[{"width":1200,"height":674,"url":"https:\/\/dicodusport.fr\/blog\/wp-content\/uploads\/2025\/07\/Championnats-dEurope-de-VTT-LItalie-conserve-son-titre-europeen-sur-le-relais-mixte-1.png","type":"image\/png"}],"author":"Flo Ostermann","twitter_card":"summary_large_image","twitter_description":"CHAMPIONNATS D'EUROPE DE VTT 2025 - Ce jeudi, Adrien Boichis a brill\u00e9 sur le XCC en s'emparant du bronze en Seniors et du titre en U23.","twitter_creator":"@https:\/\/twitter.com\/FlOstermann","twitter_site":"@dicodusport","schema":{"@context":"https:\/\/schema.org","@graph":[{"@type":"NewsArticle","@id":"https:\/\/dicodusport.fr\/blog\/championnats-deurope-de-vtt-litalie-conserve-son-titre-europeen-sur-le-relais-mixte\/#article","isPartOf":{"@id":"https:\/\/dicodusport.fr\/blog\/championnats-deurope-de-vtt-litalie-conserve-son-titre-europeen-sur-le-relais-mixte\/"},"author":{"name":"Flo Ostermann","@id":"https:\/\/dicodusport.fr\/blog\/#\/schema\/person\/cb02af4c173ce4a653b55e9baf388d4a"},"headline":"Championnats d&rsquo;Europe de VTT : L&rsquo;Italie conserve son titre europ\u00e9en sur le relais mixte","datePublished":"2025-07-25T16:46:35+00:00","dateModified":"2025-07-25T18:47:12+00:00","mainEntityOfPage":{"@id":"https:\/\/dicodusport.fr\/blog\/championnats-deurope-de-vtt-litalie-conserve-son-titre-europeen-sur-le-relais-mixte\/"},"wordCount":196,"commentCount":0,"publisher":{"@id":"https:\/\/dicodusport.fr\/blog\/#organization"},"image":{"@id":"https:\/\/dicodusport.fr\/blog\/championnats-deurope-de-vtt-litalie-conserve-son-titre-europeen-sur-le-relais-mixte\/#primaryimage"},"thumbnailUrl":"https:\/\/dicodusport.fr\/blog\/wp-content\/uploads\/2025\/07\/Championnats-dEurope-de-VTT-LItalie-conserve-son-titre-europeen-sur-le-relais-mixte-1.png","keywords":["br\u00e8ve","VTT cross country","VTT XCC"],"articleSection":["VTT"],"inLanguage":"fr-FR","potentialAction":[{"@type":"CommentAction","name":"Comment","target":["https:\/\/dicodusport.fr\/blog\/championnats-deurope-de-vtt-litalie-conserve-son-titre-europeen-sur-le-relais-mixte\/#respond"]}],"copyrightYear":"2025","copyrightHolder":{"@id":"https:\/\/dicodusport.fr\/blog\/#organization"}},{"@type":"WebPage","@id":"https:\/\/dicodusport.fr\/blog\/championnats-deurope-de-vtt-litalie-conserve-son-titre-europeen-sur-le-relais-mixte\/","url":"https:\/\/dicodusport.fr\/blog\/championnats-deurope-de-vtt-litalie-conserve-son-titre-europeen-sur-le-relais-mixte\/","name":"Championnats d'Europe de VTT : L'Italie conserve son titre europ\u00e9en sur le relais mixte","isPartOf":{"@id":"https:\/\/dicodusport.fr\/blog\/#website"},"primaryImageOfPage":{"@id":"https:\/\/dicodusport.fr\/blog\/championnats-deurope-de-vtt-litalie-conserve-son-titre-europeen-sur-le-relais-mixte\/#primaryimage"},"image":{"@id":"https:\/\/dicodusport.fr\/blog\/championnats-deurope-de-vtt-litalie-conserve-son-titre-europeen-sur-le-relais-mixte\/#primaryimage"},"thumbnailUrl":"https:\/\/dicodusport.fr\/blog\/wp-content\/uploads\/2025\/07\/Championnats-dEurope-de-VTT-LItalie-conserve-son-titre-europeen-sur-le-relais-mixte-1.png","datePublished":"2025-07-25T16:46:35+00:00","dateModified":"2025-07-25T18:47:12+00:00","description":"CHAMPIONNATS D'EUROPE DE VTT 2025 - Sacr\u00e9e l'an pass\u00e9, l'Italie a remis \u00e7a ce vendredi sur le relais mixte des championnats d'Europe, \u00e0 Melga\u00e7o (Portugal).","breadcrumb":{"@id":"https:\/\/dicodusport.fr\/blog\/championnats-deurope-de-vtt-litalie-conserve-son-titre-europeen-sur-le-relais-mixte\/#breadcrumb"},"inLanguage":"fr-FR","potentialAction":[{"@type":"ReadAction","target":["https:\/\/dicodusport.fr\/blog\/championnats-deurope-de-vtt-litalie-conserve-son-titre-europeen-sur-le-relais-mixte\/"]}]},{"@type":"ImageObject","inLanguage":"fr-FR","@id":"https:\/\/dicodusport.fr\/blog\/championnats-deurope-de-vtt-litalie-conserve-son-titre-europeen-sur-le-relais-mixte\/#primaryimage","url":"https:\/\/dicodusport.fr\/blog\/wp-content\/uploads\/2025\/07\/Championnats-dEurope-de-VTT-LItalie-conserve-son-titre-europeen-sur-le-relais-mixte-1.png","contentUrl":"https:\/\/dicodusport.fr\/blog\/wp-content\/uploads\/2025\/07\/Championnats-dEurope-de-VTT-LItalie-conserve-son-titre-europeen-sur-le-relais-mixte-1.png","width":1200,"height":674,"caption":"Championnats d'Europe de VTT L'Italie conserve son titre europ\u00e9en sur le relais mixte (1)"},{"@type":"BreadcrumbList","@id":"https:\/\/dicodusport.fr\/blog\/championnats-deurope-de-vtt-litalie-conserve-son-titre-europeen-sur-le-relais-mixte\/#breadcrumb","itemListElement":[{"@type":"ListItem","position":1,"name":"Accueil","item":"https:\/\/dicodusport.fr\/blog\/"},{"@type":"ListItem","position":2,"name":"Championnats d&rsquo;Europe de VTT : L&rsquo;Italie conserve son titre europ\u00e9en sur le relais mixte"}]},{"@type":"WebSite","@id":"https:\/\/dicodusport.fr\/blog\/#website","url":"https:\/\/dicodusport.fr\/blog\/","name":"Dicodusport","description":"L&#039;encyclop\u00e9die de l&#039;actualit\u00e9 sportive","publisher":{"@id":"https:\/\/dicodusport.fr\/blog\/#organization"},"potentialAction":[{"@type":"SearchAction","target":{"@type":"EntryPoint","urlTemplate":"https:\/\/dicodusport.fr\/blog\/?s={search_term_string}"},"query-input":{"@type":"PropertyValueSpecification","valueRequired":true,"valueName":"search_term_string"}}],"inLanguage":"fr-FR"},{"@type":"NewsMediaOrganization","@id":"https:\/\/dicodusport.fr\/blog\/#organization","name":"Dicodusport","url":"https:\/\/dicodusport.fr\/blog\/","logo":{"@type":"ImageObject","inLanguage":"fr-FR","@id":"https:\/\/dicodusport.fr\/blog\/#\/schema\/logo\/image\/","url":"https:\/\/dicodusport.fr\/blog\/wp-content\/uploads\/2020\/06\/cropped-LOGO-DICODUSPORT-2020-SANS-FOND-SANS-TEXTE.png","contentUrl":"https:\/\/dicodusport.fr\/blog\/wp-content\/uploads\/2020\/06\/cropped-LOGO-DICODUSPORT-2020-SANS-FOND-SANS-TEXTE.png","width":512,"height":512,"caption":"Dicodusport"},"image":{"@id":"https:\/\/dicodusport.fr\/blog\/#\/schema\/logo\/image\/"},"sameAs":["https:\/\/www.facebook.com\/dicodusport","https:\/\/x.com\/dicodusport","https:\/\/www.instagram.com\/dicodusport\/","https:\/\/www.youtube.com\/channel\/UC7V2KZ5sd3htJivAbA4ZG3w"],"description":"Dicodusport est l'encyclop\u00e9die de l'actualit\u00e9 sportive.","email":"bonjour@dicodusport.fr","legalName":"DICODUSPORT","foundingDate":"2018-01-14","vatID":"FR71834470973","taxID":"83447097300043","numberOfEmployees":{"@type":"QuantitativeValue","minValue":"1","maxValue":"10"}},{"@type":"Person","@id":"https:\/\/dicodusport.fr\/blog\/#\/schema\/person\/cb02af4c173ce4a653b55e9baf388d4a","name":"Flo Ostermann","image":{"@type":"ImageObject","inLanguage":"fr-FR","@id":"https:\/\/dicodusport.fr\/blog\/#\/schema\/person\/image\/","url":"https:\/\/dicodusport.fr\/blog\/wp-content\/uploads\/2021\/05\/Flo-Ostermann-150x150.jpg","contentUrl":"https:\/\/dicodusport.fr\/blog\/wp-content\/uploads\/2021\/05\/Flo-Ostermann-150x150.jpg","caption":"Flo Ostermann"},"description":"Journaliste\/R\u00e9dacteur depuis septembre 2015 - Mes premiers souvenirs dans le sport ? Les envol\u00e9es du Stade Toulousain et les duels Villeneuve-Schumacher et H\u00e4kkinen-Schumacher \u00e0 la fin des ann\u00e9es 90, la Coupe du monde de football en 1998, l\u2019exploit du XV de France face aux All Blacks en 1999, mais aussi Richard C\u0153ur de Lion qui vole sur les montagnes du Tour de France. Bien parti pour devenir professeur d\u2019EPS, les \u00e9v\u00e9nements de la vie (et la flemme d\u2019animer des s\u00e9ances de 3x500 m\u00e8tres toute ma vie) m\u2019ont conduit \u00e0 revoir mes plans. Me voil\u00e0 depuis fin 2017 sur Dicodusport, m\u00e9dia gr\u00e2ce (et pour) lequel je partage ma passion : le sport dans tous ses \u00e9tats. Le tout accompagn\u00e9 par les fous furieux et folles furieuses cit\u00e9s sur cette page !","sameAs":["https:\/\/www.facebook.com\/florent.ostermann","https:\/\/x.com\/https:\/\/twitter.com\/FlOstermann","admin"],"url":"https:\/\/dicodusport.fr\/blog\/author\/flo\/"}]}},"_links":{"self":[{"href":"https:\/\/dicodusport.fr\/blog\/wp-json\/wp\/v2\/posts\/597860","targetHints":{"allow":["GET"]}}],"collection":[{"href":"https:\/\/dicodusport.fr\/blog\/wp-json\/wp\/v2\/posts"}],"about":[{"href":"https:\/\/dicodusport.fr\/blog\/wp-json\/wp\/v2\/types\/post"}],"author":[{"embeddable":true,"href":"https:\/\/dicodusport.fr\/blog\/wp-json\/wp\/v2\/users\/4"}],"replies":[{"embeddable":true,"href":"https:\/\/dicodusport.fr\/blog\/wp-json\/wp\/v2\/comments?post=597860"}],"version-history":[{"count":5,"href":"https:\/\/dicodusport.fr\/blog\/wp-json\/wp\/v2\/posts\/597860\/revisions"}],"predecessor-version":[{"id":597988,"href":"https:\/\/dicodusport.fr\/blog\/wp-json\/wp\/v2\/posts\/597860\/revisions\/597988"}],"wp:featuredmedia":[{"embeddable":true,"href":"https:\/\/dicodusport.fr\/blog\/wp-json\/wp\/v2\/media\/597987"}],"wp:attachment":[{"href":"https:\/\/dicodusport.fr\/blog\/wp-json\/wp\/v2\/media?parent=597860"}],"wp:term":[{"taxonomy":"category","embeddable":true,"href":"https:\/\/dicodusport.fr\/blog\/wp-json\/wp\/v2\/categories?post=597860"},{"taxonomy":"post_tag","embeddable":true,"href":"https:\/\/dicodusport.fr\/blog\/wp-json\/wp\/v2\/tags?post=597860"}],"curies":[{"name":"wp","href":"https:\/\/api.w.org\/{rel}","templated":true}]}}