{"id":598150,"date":"2025-07-26T15:36:47","date_gmt":"2025-07-26T13:36:47","guid":{"rendered":"https:\/\/dicodusport.fr\/blog\/?p=598150&#038;preview=true&#038;preview_id=598150"},"modified":"2025-07-26T15:42:48","modified_gmt":"2025-07-26T13:42:48","slug":"transferts-ol-malick-fofana-va-quitter-lyon-pour-la-premier-league","status":"publish","type":"post","link":"https:\/\/dicodusport.fr\/blog\/transferts-ol-malick-fofana-va-quitter-lyon-pour-la-premier-league\/","title":{"rendered":"Transferts OL : Malick Fofana va quitter Lyon pour la Premier League"},"content":{"rendered":"<p style=\"text-align: justify;\"><em><strong>TRANSFERTS &#8211; Selon Fabrizio Romano, Everton est proche de trouver un accord pour recruter l&rsquo;ailier de l&rsquo;OL, Malick Fofana.<\/strong><\/em><\/p>\n<ul style=\"text-align: justify;\">\n<li style=\"text-align: justify;\"><strong>\u00c0 ce sujet &#8211; <a href=\"https:\/\/dicodusport.fr\/blog\/transferts-losc-le-psg-reste-a-laffut-pour-lucas-chevalier\/\" target=\"_blank\" rel=\"noopener\">Transferts LOSC : Le PSG reste \u00e0 l\u2019aff\u00fbt pour Lucas Chevalier<\/a><br \/>\n<\/strong><\/li>\n<\/ul>\n<p style=\"text-align: justify;\">L&rsquo;<strong>Olympique Lyonnais<\/strong> a enfin lanc\u00e9 son mercato dans le sens des arriv\u00e9es avec les signatures de <strong>Ruben<\/strong> <strong>Kluivert<\/strong> et <strong>Afonso<\/strong> <strong>Moreira<\/strong>. Si d&rsquo;autres renforts vont probablement arriver dans les semaines \u00e0 venir, <strong>Lyon<\/strong> doit aussi encore faire entrer des liquidit\u00e9s et donc vendre certains joueurs de son effectif.<\/p>\n<h2 style=\"text-align: justify;\">Malick Fofana \u00e0 un pas d&rsquo;Everton<\/h2>\n<p style=\"text-align: justify;\"><strong>Rayan<\/strong> <strong>Cherki<\/strong> a d\u00e9j\u00e0 pris la direction de <strong>Manchester<\/strong> <strong>City<\/strong> pour 40 millions d&rsquo;euros il y a quelques semaines. <strong>Malick<\/strong> <strong>Fofana<\/strong> est l&rsquo;autre grosse valeur marchande de l&rsquo;effectif lyonnais et les sp\u00e9culations vont bon train autour de son avenir depuis quelques semaines. Si Liverpool avait notamment coch\u00e9 son nom, l&rsquo;<strong>Olympique de<\/strong> <strong>Marseille<\/strong> aurait aussi pris des renseignements r\u00e9cemment.<\/p>\n<ul style=\"text-align: justify;\">\n<li style=\"text-align: justify;\"><strong>\u00c0 lire aussi &#8211; <a href=\"https:\/\/dicodusport.fr\/blog\/transferts-la-pepite-nathan-zeze-quitte-nantes-pour-larabie-saoudite\/\" target=\"_blank\" rel=\"noopener\">Transferts : La p\u00e9pite Nathan Z\u00e9z\u00e9 quitte Nantes pour l\u2019Arabie Saoudite<\/a><\/strong><\/li>\n<\/ul>\n<p style=\"text-align: justify;\">Mais selon notre confr\u00e8re, <strong>Malick<\/strong> <strong>Fofana<\/strong> devrait finalement prendre la direction d&rsquo;<strong>Everton<\/strong>, en <strong>Angleterre<\/strong>. Les <strong>Toffees<\/strong> sont en discussions avanc\u00e9es avec <strong>Olympique<\/strong> <strong>Lyonnais<\/strong> et avec l&rsquo;ailier belge. Sauf retournement de situation, il devrait bien quitter Lyon et laisser un grand vide dans le secteur offensif de <strong>Paulo<\/strong> <strong>Fonseca<\/strong>, d\u00e9j\u00e0 pauvre \u00e0 quelques semaines de la reprise.<\/p>\n<h3 style=\"text-align: justify;\"><span style=\"text-align: justify;\">\u00c0 ce sujet<\/span><\/h3>\n<div class=\"vlp-link-container vlp-layout-article\"><a href=\"https:\/\/dicodusport.fr\/blog\/mercato-ol-2025-2026-le-tableau-complet-des-transferts-arrivees-et-departs\/\" class=\"vlp-link\" title=\"Mercato OL 2025-2026 : Le tableau complet des transferts, arriv\u00e9es et d\u00e9parts\"><\/a><div class=\"vlp-layout-zone-side\"><div class=\"vlp-block-4 vlp-link-image\"><img loading=\"lazy\" decoding=\"async\" style=\"max-width: 792px;\" width=\"792\" height=\"445\" src=\"https:\/\/dicodusport.fr\/blog\/wp-content\/uploads\/2025\/05\/Mercato-OL-2025-2026-Le-tableau-complet-des-transferts-arrivees-et-departs.png\" class=\"attachment-800x445 size-800x445\" alt=\"Mercato OL 2025-2026 Le tableau complet des transferts, arriv\u00e9es et d\u00e9parts\" srcset=\"https:\/\/dicodusport.fr\/blog\/wp-content\/uploads\/2025\/05\/Mercato-OL-2025-2026-Le-tableau-complet-des-transferts-arrivees-et-departs.png 1200w, https:\/\/dicodusport.fr\/blog\/wp-content\/uploads\/2025\/05\/Mercato-OL-2025-2026-Le-tableau-complet-des-transferts-arrivees-et-departs-300x169.png 300w, https:\/\/dicodusport.fr\/blog\/wp-content\/uploads\/2025\/05\/Mercato-OL-2025-2026-Le-tableau-complet-des-transferts-arrivees-et-departs-1024x575.png 1024w, https:\/\/dicodusport.fr\/blog\/wp-content\/uploads\/2025\/05\/Mercato-OL-2025-2026-Le-tableau-complet-des-transferts-arrivees-et-departs-768x431.png 768w\" sizes=\"auto, (max-width: 792px) 100vw, 792px\" \/><\/div><\/div><div class=\"vlp-layout-zone-main\"><div class=\"vlp-block-0 vlp-link-title\">Mercato OL 2025-2026 : Le tableau complet des transferts, arriv\u00e9es et d\u00e9parts<\/div><div class=\"vlp-block-1 vlp-link-summary\">TRANSFERTS OL - Retrouvez tous les mouvements de l'Olympique Lyonnais pour l'intersaison 2025 en Ligue 1. Arriv\u00e9es, d\u00e9part, pr\u00eats, transferts d\u00e9finitifs, ne ratez rien du mercato estival.\u00a0<\/div><div class=\"vlp-block-2 vlp-link-button\">Lire l'article<\/div><div class=\"vlp-block-3 vlp-link-url\">dicodusport.fr<\/div><\/div><\/div>\n","protected":false},"excerpt":{"rendered":"<p>TRANSFERTS &#8211; Selon Fabrizio Romano, Everton est proche de trouver un accord pour recruter l&rsquo;ailier de l&rsquo;OL, Malick Fofana.<\/p>\n","protected":false},"author":1,"featured_media":598160,"comment_status":"open","ping_status":"closed","sticky":false,"template":"","format":"standard","meta":{"_acf_changed":false,"_daextam_enable_autolinks":"1","footnotes":""},"categories":[47045],"tags":[16878,14093,1145],"class_list":["post-598150","post","type-post","status-publish","format-standard","has-post-thumbnail","hentry","category-ligue-1","tag-breve","tag-mercato-football","tag-ol"],"acf":[],"yoast_head":"<!-- This site is optimized with the Yoast SEO Premium plugin v26.7 (Yoast SEO v26.7) - https:\/\/yoast.com\/wordpress\/plugins\/seo\/ -->\n<title>Transferts OL : Malick Fofana va quitter Lyon pour la Premier League<\/title>\n<meta name=\"description\" content=\"TRANSFERTS - Selon Fabrizio Romano, Everton est proche de trouver un accord pour recruter l&#039;ailier de l&#039;OL, Malick Fofana.\" \/>\n<meta name=\"robots\" content=\"index, follow, max-snippet:-1, max-image-preview:large, max-video-preview:-1\" \/>\n<link rel=\"canonical\" href=\"https:\/\/dicodusport.fr\/blog\/transferts-ol-malick-fofana-va-quitter-lyon-pour-la-premier-league\/\" \/>\n<meta property=\"og:locale\" content=\"fr_FR\" \/>\n<meta property=\"og:type\" content=\"article\" \/>\n<meta property=\"og:title\" content=\"Transferts OL : Malick Fofana va quitter Lyon pour la Premier League\" \/>\n<meta property=\"og:description\" content=\"TRANSFERTS - Le Paris Saint-Germain garde un \u0153il sur Lucas Chevalier alors que la situation de Gianluigi Donnarumma reste floue.\" \/>\n<meta property=\"og:url\" content=\"https:\/\/dicodusport.fr\/blog\/transferts-ol-malick-fofana-va-quitter-lyon-pour-la-premier-league\/\" \/>\n<meta property=\"og:site_name\" content=\"Dicodusport\" \/>\n<meta property=\"article:publisher\" content=\"https:\/\/www.facebook.com\/dicodusport\" \/>\n<meta property=\"article:author\" content=\"https:\/\/www.facebook.com\/dicodusport\" \/>\n<meta property=\"article:published_time\" content=\"2025-07-26T13:36:47+00:00\" \/>\n<meta property=\"article:modified_time\" content=\"2025-07-26T13:42:48+00:00\" \/>\n<meta property=\"og:image\" content=\"https:\/\/dicodusport.fr\/blog\/wp-content\/uploads\/2025\/07\/Transferts-OL-Malick-Fofana-va-quitter-Lyon-pour-la-Premier-League.png\" \/>\n\t<meta property=\"og:image:width\" content=\"1200\" \/>\n\t<meta property=\"og:image:height\" content=\"674\" \/>\n\t<meta property=\"og:image:type\" content=\"image\/png\" \/>\n<meta name=\"author\" content=\"Nicolas Jacquemard\" \/>\n<meta name=\"twitter:card\" content=\"summary_large_image\" \/>\n<meta name=\"twitter:description\" content=\"TRANSFERTS - Le Paris Saint-Germain garde un \u0153il sur Lucas Chevalier alors que la situation de Gianluigi Donnarumma reste floue.\" \/>\n<meta name=\"twitter:creator\" content=\"@https:\/\/twitter.com\/Nico_Jacquemard\" \/>\n<meta name=\"twitter:site\" content=\"@dicodusport\" \/>\n<script type=\"application\/ld+json\" class=\"yoast-schema-graph\">{\"@context\":\"https:\/\/schema.org\",\"@graph\":[{\"@type\":\"NewsArticle\",\"@id\":\"https:\/\/dicodusport.fr\/blog\/transferts-ol-malick-fofana-va-quitter-lyon-pour-la-premier-league\/#article\",\"isPartOf\":{\"@id\":\"https:\/\/dicodusport.fr\/blog\/transferts-ol-malick-fofana-va-quitter-lyon-pour-la-premier-league\/\"},\"author\":{\"name\":\"Nicolas Jacquemard\",\"@id\":\"https:\/\/dicodusport.fr\/blog\/#\/schema\/person\/55dcb50ad410894e431ed812bbb70191\"},\"headline\":\"Transferts OL : Malick Fofana va quitter Lyon pour la Premier League\",\"datePublished\":\"2025-07-26T13:36:47+00:00\",\"dateModified\":\"2025-07-26T13:42:48+00:00\",\"mainEntityOfPage\":{\"@id\":\"https:\/\/dicodusport.fr\/blog\/transferts-ol-malick-fofana-va-quitter-lyon-pour-la-premier-league\/\"},\"wordCount\":334,\"commentCount\":0,\"publisher\":{\"@id\":\"https:\/\/dicodusport.fr\/blog\/#organization\"},\"image\":{\"@id\":\"https:\/\/dicodusport.fr\/blog\/transferts-ol-malick-fofana-va-quitter-lyon-pour-la-premier-league\/#primaryimage\"},\"thumbnailUrl\":\"https:\/\/dicodusport.fr\/blog\/wp-content\/uploads\/2025\/07\/Transferts-OL-Malick-Fofana-va-quitter-Lyon-pour-la-Premier-League.png\",\"keywords\":[\"br\u00e8ve\",\"Mercato football\",\"OL\"],\"articleSection\":[\"Ligue 1\"],\"inLanguage\":\"fr-FR\",\"potentialAction\":[{\"@type\":\"CommentAction\",\"name\":\"Comment\",\"target\":[\"https:\/\/dicodusport.fr\/blog\/transferts-ol-malick-fofana-va-quitter-lyon-pour-la-premier-league\/#respond\"]}],\"copyrightYear\":\"2025\",\"copyrightHolder\":{\"@id\":\"https:\/\/dicodusport.fr\/blog\/#organization\"}},{\"@type\":\"WebPage\",\"@id\":\"https:\/\/dicodusport.fr\/blog\/transferts-ol-malick-fofana-va-quitter-lyon-pour-la-premier-league\/\",\"url\":\"https:\/\/dicodusport.fr\/blog\/transferts-ol-malick-fofana-va-quitter-lyon-pour-la-premier-league\/\",\"name\":\"Transferts OL : Malick Fofana va quitter Lyon pour la Premier League\",\"isPartOf\":{\"@id\":\"https:\/\/dicodusport.fr\/blog\/#website\"},\"primaryImageOfPage\":{\"@id\":\"https:\/\/dicodusport.fr\/blog\/transferts-ol-malick-fofana-va-quitter-lyon-pour-la-premier-league\/#primaryimage\"},\"image\":{\"@id\":\"https:\/\/dicodusport.fr\/blog\/transferts-ol-malick-fofana-va-quitter-lyon-pour-la-premier-league\/#primaryimage\"},\"thumbnailUrl\":\"https:\/\/dicodusport.fr\/blog\/wp-content\/uploads\/2025\/07\/Transferts-OL-Malick-Fofana-va-quitter-Lyon-pour-la-Premier-League.png\",\"datePublished\":\"2025-07-26T13:36:47+00:00\",\"dateModified\":\"2025-07-26T13:42:48+00:00\",\"description\":\"TRANSFERTS - Selon Fabrizio Romano, Everton est proche de trouver un accord pour recruter l'ailier de l'OL, Malick Fofana.\",\"breadcrumb\":{\"@id\":\"https:\/\/dicodusport.fr\/blog\/transferts-ol-malick-fofana-va-quitter-lyon-pour-la-premier-league\/#breadcrumb\"},\"inLanguage\":\"fr-FR\",\"potentialAction\":[{\"@type\":\"ReadAction\",\"target\":[\"https:\/\/dicodusport.fr\/blog\/transferts-ol-malick-fofana-va-quitter-lyon-pour-la-premier-league\/\"]}]},{\"@type\":\"ImageObject\",\"inLanguage\":\"fr-FR\",\"@id\":\"https:\/\/dicodusport.fr\/blog\/transferts-ol-malick-fofana-va-quitter-lyon-pour-la-premier-league\/#primaryimage\",\"url\":\"https:\/\/dicodusport.fr\/blog\/wp-content\/uploads\/2025\/07\/Transferts-OL-Malick-Fofana-va-quitter-Lyon-pour-la-Premier-League.png\",\"contentUrl\":\"https:\/\/dicodusport.fr\/blog\/wp-content\/uploads\/2025\/07\/Transferts-OL-Malick-Fofana-va-quitter-Lyon-pour-la-Premier-League.png\",\"width\":1200,\"height\":674},{\"@type\":\"BreadcrumbList\",\"@id\":\"https:\/\/dicodusport.fr\/blog\/transferts-ol-malick-fofana-va-quitter-lyon-pour-la-premier-league\/#breadcrumb\",\"itemListElement\":[{\"@type\":\"ListItem\",\"position\":1,\"name\":\"Accueil\",\"item\":\"https:\/\/dicodusport.fr\/blog\/\"},{\"@type\":\"ListItem\",\"position\":2,\"name\":\"Transferts OL : Malick Fofana va quitter Lyon pour la Premier League\"}]},{\"@type\":\"WebSite\",\"@id\":\"https:\/\/dicodusport.fr\/blog\/#website\",\"url\":\"https:\/\/dicodusport.fr\/blog\/\",\"name\":\"Dicodusport\",\"description\":\"L&#039;encyclop\u00e9die de l&#039;actualit\u00e9 sportive\",\"publisher\":{\"@id\":\"https:\/\/dicodusport.fr\/blog\/#organization\"},\"potentialAction\":[{\"@type\":\"SearchAction\",\"target\":{\"@type\":\"EntryPoint\",\"urlTemplate\":\"https:\/\/dicodusport.fr\/blog\/?s={search_term_string}\"},\"query-input\":{\"@type\":\"PropertyValueSpecification\",\"valueRequired\":true,\"valueName\":\"search_term_string\"}}],\"inLanguage\":\"fr-FR\"},{\"@type\":\"NewsMediaOrganization\",\"@id\":\"https:\/\/dicodusport.fr\/blog\/#organization\",\"name\":\"Dicodusport\",\"url\":\"https:\/\/dicodusport.fr\/blog\/\",\"logo\":{\"@type\":\"ImageObject\",\"inLanguage\":\"fr-FR\",\"@id\":\"https:\/\/dicodusport.fr\/blog\/#\/schema\/logo\/image\/\",\"url\":\"https:\/\/dicodusport.fr\/blog\/wp-content\/uploads\/2020\/06\/cropped-LOGO-DICODUSPORT-2020-SANS-FOND-SANS-TEXTE.png\",\"contentUrl\":\"https:\/\/dicodusport.fr\/blog\/wp-content\/uploads\/2020\/06\/cropped-LOGO-DICODUSPORT-2020-SANS-FOND-SANS-TEXTE.png\",\"width\":512,\"height\":512,\"caption\":\"Dicodusport\"},\"image\":{\"@id\":\"https:\/\/dicodusport.fr\/blog\/#\/schema\/logo\/image\/\"},\"sameAs\":[\"https:\/\/www.facebook.com\/dicodusport\",\"https:\/\/x.com\/dicodusport\",\"https:\/\/www.instagram.com\/dicodusport\/\",\"https:\/\/www.youtube.com\/channel\/UC7V2KZ5sd3htJivAbA4ZG3w\"],\"description\":\"Dicodusport est l'encyclop\u00e9die de l'actualit\u00e9 sportive.\",\"email\":\"bonjour@dicodusport.fr\",\"legalName\":\"DICODUSPORT\",\"foundingDate\":\"2018-01-14\",\"vatID\":\"FR71834470973\",\"taxID\":\"83447097300043\",\"numberOfEmployees\":{\"@type\":\"QuantitativeValue\",\"minValue\":\"1\",\"maxValue\":\"10\"}},{\"@type\":\"Person\",\"@id\":\"https:\/\/dicodusport.fr\/blog\/#\/schema\/person\/55dcb50ad410894e431ed812bbb70191\",\"name\":\"Nicolas Jacquemard\",\"image\":{\"@type\":\"ImageObject\",\"inLanguage\":\"fr-FR\",\"@id\":\"https:\/\/dicodusport.fr\/blog\/#\/schema\/person\/image\/\",\"url\":\"https:\/\/dicodusport.fr\/blog\/wp-content\/uploads\/2021\/05\/Nicolas-Jacquemard-150x150.jpeg\",\"contentUrl\":\"https:\/\/dicodusport.fr\/blog\/wp-content\/uploads\/2021\/05\/Nicolas-Jacquemard-150x150.jpeg\",\"caption\":\"Nicolas Jacquemard\"},\"description\":\"Passionn\u00e9 de sport et entrepreneur depuis mes 18 ans, la cr\u00e9ation de Dicodusport m'a sembl\u00e9 \u00e9vidente pour participer \u00e0 la m\u00e9diatisation d'un plus grand nombre de sports. Le chemin est long mais avec une \u00e9quipe des plus motiv\u00e9es et les Jeux Olympiques de Paris 2024 en point de mire, nous y arriverons ! Journaliste dans le monde du sport depuis plus de 5 ans, je traite aussi bien de football, de rugby, de biathlon que de cyclisme.\",\"sameAs\":[\"https:\/\/www.facebook.com\/dicodusport\",\"https:\/\/x.com\/https:\/\/twitter.com\/Nico_Jacquemard\"],\"url\":\"https:\/\/dicodusport.fr\/blog\/author\/dicodusport\/\"}]}<\/script>\n<!-- \/ Yoast SEO Premium plugin. -->","yoast_head_json":{"title":"Transferts OL : Malick Fofana va quitter Lyon pour la Premier League","description":"TRANSFERTS - Selon Fabrizio Romano, Everton est proche de trouver un accord pour recruter l'ailier de l'OL, Malick Fofana.","robots":{"index":"index","follow":"follow","max-snippet":"max-snippet:-1","max-image-preview":"max-image-preview:large","max-video-preview":"max-video-preview:-1"},"canonical":"https:\/\/dicodusport.fr\/blog\/transferts-ol-malick-fofana-va-quitter-lyon-pour-la-premier-league\/","og_locale":"fr_FR","og_type":"article","og_title":"Transferts OL : Malick Fofana va quitter Lyon pour la Premier League","og_description":"TRANSFERTS - Le Paris Saint-Germain garde un \u0153il sur Lucas Chevalier alors que la situation de Gianluigi Donnarumma reste floue.","og_url":"https:\/\/dicodusport.fr\/blog\/transferts-ol-malick-fofana-va-quitter-lyon-pour-la-premier-league\/","og_site_name":"Dicodusport","article_publisher":"https:\/\/www.facebook.com\/dicodusport","article_author":"https:\/\/www.facebook.com\/dicodusport","article_published_time":"2025-07-26T13:36:47+00:00","article_modified_time":"2025-07-26T13:42:48+00:00","og_image":[{"width":1200,"height":674,"url":"https:\/\/dicodusport.fr\/blog\/wp-content\/uploads\/2025\/07\/Transferts-OL-Malick-Fofana-va-quitter-Lyon-pour-la-Premier-League.png","type":"image\/png"}],"author":"Nicolas Jacquemard","twitter_card":"summary_large_image","twitter_description":"TRANSFERTS - Le Paris Saint-Germain garde un \u0153il sur Lucas Chevalier alors que la situation de Gianluigi Donnarumma reste floue.","twitter_creator":"@https:\/\/twitter.com\/Nico_Jacquemard","twitter_site":"@dicodusport","schema":{"@context":"https:\/\/schema.org","@graph":[{"@type":"NewsArticle","@id":"https:\/\/dicodusport.fr\/blog\/transferts-ol-malick-fofana-va-quitter-lyon-pour-la-premier-league\/#article","isPartOf":{"@id":"https:\/\/dicodusport.fr\/blog\/transferts-ol-malick-fofana-va-quitter-lyon-pour-la-premier-league\/"},"author":{"name":"Nicolas Jacquemard","@id":"https:\/\/dicodusport.fr\/blog\/#\/schema\/person\/55dcb50ad410894e431ed812bbb70191"},"headline":"Transferts OL : Malick Fofana va quitter Lyon pour la Premier League","datePublished":"2025-07-26T13:36:47+00:00","dateModified":"2025-07-26T13:42:48+00:00","mainEntityOfPage":{"@id":"https:\/\/dicodusport.fr\/blog\/transferts-ol-malick-fofana-va-quitter-lyon-pour-la-premier-league\/"},"wordCount":334,"commentCount":0,"publisher":{"@id":"https:\/\/dicodusport.fr\/blog\/#organization"},"image":{"@id":"https:\/\/dicodusport.fr\/blog\/transferts-ol-malick-fofana-va-quitter-lyon-pour-la-premier-league\/#primaryimage"},"thumbnailUrl":"https:\/\/dicodusport.fr\/blog\/wp-content\/uploads\/2025\/07\/Transferts-OL-Malick-Fofana-va-quitter-Lyon-pour-la-Premier-League.png","keywords":["br\u00e8ve","Mercato football","OL"],"articleSection":["Ligue 1"],"inLanguage":"fr-FR","potentialAction":[{"@type":"CommentAction","name":"Comment","target":["https:\/\/dicodusport.fr\/blog\/transferts-ol-malick-fofana-va-quitter-lyon-pour-la-premier-league\/#respond"]}],"copyrightYear":"2025","copyrightHolder":{"@id":"https:\/\/dicodusport.fr\/blog\/#organization"}},{"@type":"WebPage","@id":"https:\/\/dicodusport.fr\/blog\/transferts-ol-malick-fofana-va-quitter-lyon-pour-la-premier-league\/","url":"https:\/\/dicodusport.fr\/blog\/transferts-ol-malick-fofana-va-quitter-lyon-pour-la-premier-league\/","name":"Transferts OL : Malick Fofana va quitter Lyon pour la Premier League","isPartOf":{"@id":"https:\/\/dicodusport.fr\/blog\/#website"},"primaryImageOfPage":{"@id":"https:\/\/dicodusport.fr\/blog\/transferts-ol-malick-fofana-va-quitter-lyon-pour-la-premier-league\/#primaryimage"},"image":{"@id":"https:\/\/dicodusport.fr\/blog\/transferts-ol-malick-fofana-va-quitter-lyon-pour-la-premier-league\/#primaryimage"},"thumbnailUrl":"https:\/\/dicodusport.fr\/blog\/wp-content\/uploads\/2025\/07\/Transferts-OL-Malick-Fofana-va-quitter-Lyon-pour-la-Premier-League.png","datePublished":"2025-07-26T13:36:47+00:00","dateModified":"2025-07-26T13:42:48+00:00","description":"TRANSFERTS - Selon Fabrizio Romano, Everton est proche de trouver un accord pour recruter l'ailier de l'OL, Malick Fofana.","breadcrumb":{"@id":"https:\/\/dicodusport.fr\/blog\/transferts-ol-malick-fofana-va-quitter-lyon-pour-la-premier-league\/#breadcrumb"},"inLanguage":"fr-FR","potentialAction":[{"@type":"ReadAction","target":["https:\/\/dicodusport.fr\/blog\/transferts-ol-malick-fofana-va-quitter-lyon-pour-la-premier-league\/"]}]},{"@type":"ImageObject","inLanguage":"fr-FR","@id":"https:\/\/dicodusport.fr\/blog\/transferts-ol-malick-fofana-va-quitter-lyon-pour-la-premier-league\/#primaryimage","url":"https:\/\/dicodusport.fr\/blog\/wp-content\/uploads\/2025\/07\/Transferts-OL-Malick-Fofana-va-quitter-Lyon-pour-la-Premier-League.png","contentUrl":"https:\/\/dicodusport.fr\/blog\/wp-content\/uploads\/2025\/07\/Transferts-OL-Malick-Fofana-va-quitter-Lyon-pour-la-Premier-League.png","width":1200,"height":674},{"@type":"BreadcrumbList","@id":"https:\/\/dicodusport.fr\/blog\/transferts-ol-malick-fofana-va-quitter-lyon-pour-la-premier-league\/#breadcrumb","itemListElement":[{"@type":"ListItem","position":1,"name":"Accueil","item":"https:\/\/dicodusport.fr\/blog\/"},{"@type":"ListItem","position":2,"name":"Transferts OL : Malick Fofana va quitter Lyon pour la Premier League"}]},{"@type":"WebSite","@id":"https:\/\/dicodusport.fr\/blog\/#website","url":"https:\/\/dicodusport.fr\/blog\/","name":"Dicodusport","description":"L&#039;encyclop\u00e9die de l&#039;actualit\u00e9 sportive","publisher":{"@id":"https:\/\/dicodusport.fr\/blog\/#organization"},"potentialAction":[{"@type":"SearchAction","target":{"@type":"EntryPoint","urlTemplate":"https:\/\/dicodusport.fr\/blog\/?s={search_term_string}"},"query-input":{"@type":"PropertyValueSpecification","valueRequired":true,"valueName":"search_term_string"}}],"inLanguage":"fr-FR"},{"@type":"NewsMediaOrganization","@id":"https:\/\/dicodusport.fr\/blog\/#organization","name":"Dicodusport","url":"https:\/\/dicodusport.fr\/blog\/","logo":{"@type":"ImageObject","inLanguage":"fr-FR","@id":"https:\/\/dicodusport.fr\/blog\/#\/schema\/logo\/image\/","url":"https:\/\/dicodusport.fr\/blog\/wp-content\/uploads\/2020\/06\/cropped-LOGO-DICODUSPORT-2020-SANS-FOND-SANS-TEXTE.png","contentUrl":"https:\/\/dicodusport.fr\/blog\/wp-content\/uploads\/2020\/06\/cropped-LOGO-DICODUSPORT-2020-SANS-FOND-SANS-TEXTE.png","width":512,"height":512,"caption":"Dicodusport"},"image":{"@id":"https:\/\/dicodusport.fr\/blog\/#\/schema\/logo\/image\/"},"sameAs":["https:\/\/www.facebook.com\/dicodusport","https:\/\/x.com\/dicodusport","https:\/\/www.instagram.com\/dicodusport\/","https:\/\/www.youtube.com\/channel\/UC7V2KZ5sd3htJivAbA4ZG3w"],"description":"Dicodusport est l'encyclop\u00e9die de l'actualit\u00e9 sportive.","email":"bonjour@dicodusport.fr","legalName":"DICODUSPORT","foundingDate":"2018-01-14","vatID":"FR71834470973","taxID":"83447097300043","numberOfEmployees":{"@type":"QuantitativeValue","minValue":"1","maxValue":"10"}},{"@type":"Person","@id":"https:\/\/dicodusport.fr\/blog\/#\/schema\/person\/55dcb50ad410894e431ed812bbb70191","name":"Nicolas Jacquemard","image":{"@type":"ImageObject","inLanguage":"fr-FR","@id":"https:\/\/dicodusport.fr\/blog\/#\/schema\/person\/image\/","url":"https:\/\/dicodusport.fr\/blog\/wp-content\/uploads\/2021\/05\/Nicolas-Jacquemard-150x150.jpeg","contentUrl":"https:\/\/dicodusport.fr\/blog\/wp-content\/uploads\/2021\/05\/Nicolas-Jacquemard-150x150.jpeg","caption":"Nicolas Jacquemard"},"description":"Passionn\u00e9 de sport et entrepreneur depuis mes 18 ans, la cr\u00e9ation de Dicodusport m'a sembl\u00e9 \u00e9vidente pour participer \u00e0 la m\u00e9diatisation d'un plus grand nombre de sports. Le chemin est long mais avec une \u00e9quipe des plus motiv\u00e9es et les Jeux Olympiques de Paris 2024 en point de mire, nous y arriverons ! Journaliste dans le monde du sport depuis plus de 5 ans, je traite aussi bien de football, de rugby, de biathlon que de cyclisme.","sameAs":["https:\/\/www.facebook.com\/dicodusport","https:\/\/x.com\/https:\/\/twitter.com\/Nico_Jacquemard"],"url":"https:\/\/dicodusport.fr\/blog\/author\/dicodusport\/"}]}},"_links":{"self":[{"href":"https:\/\/dicodusport.fr\/blog\/wp-json\/wp\/v2\/posts\/598150","targetHints":{"allow":["GET"]}}],"collection":[{"href":"https:\/\/dicodusport.fr\/blog\/wp-json\/wp\/v2\/posts"}],"about":[{"href":"https:\/\/dicodusport.fr\/blog\/wp-json\/wp\/v2\/types\/post"}],"author":[{"embeddable":true,"href":"https:\/\/dicodusport.fr\/blog\/wp-json\/wp\/v2\/users\/1"}],"replies":[{"embeddable":true,"href":"https:\/\/dicodusport.fr\/blog\/wp-json\/wp\/v2\/comments?post=598150"}],"version-history":[{"count":2,"href":"https:\/\/dicodusport.fr\/blog\/wp-json\/wp\/v2\/posts\/598150\/revisions"}],"predecessor-version":[{"id":598162,"href":"https:\/\/dicodusport.fr\/blog\/wp-json\/wp\/v2\/posts\/598150\/revisions\/598162"}],"wp:featuredmedia":[{"embeddable":true,"href":"https:\/\/dicodusport.fr\/blog\/wp-json\/wp\/v2\/media\/598160"}],"wp:attachment":[{"href":"https:\/\/dicodusport.fr\/blog\/wp-json\/wp\/v2\/media?parent=598150"}],"wp:term":[{"taxonomy":"category","embeddable":true,"href":"https:\/\/dicodusport.fr\/blog\/wp-json\/wp\/v2\/categories?post=598150"},{"taxonomy":"post_tag","embeddable":true,"href":"https:\/\/dicodusport.fr\/blog\/wp-json\/wp\/v2\/tags?post=598150"}],"curies":[{"name":"wp","href":"https:\/\/api.w.org\/{rel}","templated":true}]}}