{"id":598658,"date":"2025-07-28T09:43:53","date_gmt":"2025-07-28T07:43:53","guid":{"rendered":"https:\/\/dicodusport.fr\/blog\/?p=598658&#038;preview=true&#038;preview_id=598658"},"modified":"2025-11-20T18:13:18","modified_gmt":"2025-11-20T17:13:18","slug":"foje-dete-2025-elena-colas-superstar-le-basket-roi-de-largent-le-resume-des-38-medailles-francaises","status":"publish","type":"post","link":"https:\/\/dicodusport.fr\/blog\/foje-dete-2025-elena-colas-superstar-le-basket-roi-de-largent-le-resume-des-38-medailles-francaises\/","title":{"rendered":"FOJE d&rsquo;\u00e9t\u00e9 2025 : Elena Colas superstar, le basket roi de l&rsquo;argent, le r\u00e9sum\u00e9 des 38 m\u00e9dailles fran\u00e7aises"},"content":{"rendered":"<p style=\"text-align: justify;\"><strong><em>FESTIVAL OLYMPIQUE DE LA JEUNESSE EUROP\u00c9ENNE D&rsquo;\u00c9T\u00c9 2025 &#8211; Quintuple m\u00e9daill\u00e9e d&rsquo;or, Elena Colas est la star d&rsquo;une comp\u00e9tition r\u00e9ussie pour la d\u00e9l\u00e9gation fran\u00e7aise, qui a rayonn\u00e9 en Mac\u00e9doine du Nord.\u00a0<\/em><\/strong><\/p>\n<p style=\"text-align: justify;\">Du 21 au 26 juillet avait lieu la 18\u00e8me \u00e9dition du Festival Olympique de la Jeunesse Europ\u00e9enne (FOJE), comp\u00e9tition d&rsquo;envergure pour les futures stars &#8211; on le leur souhaite &#8211; du sport mondial. En 2023, la France avait ramen\u00e9 24 m\u00e9dailles, mais les pr\u00e9visions \u00e9taient revues \u00e0 la hausse pour cette nouvelle semaine de comp\u00e9tition \u00e0 Skopje.<\/p>\n<h2 style=\"text-align: justify;\">Incroyable Elena Colas<\/h2>\n<p style=\"text-align: justify;\">On esp\u00e9rait voir des stars \u00e9mergentes c\u00f4t\u00e9 tricolore, on n&rsquo;a pas \u00e9t\u00e9 d\u00e9\u00e7us. C&rsquo;est <strong>Elena Colas<\/strong> qui a totalement survol\u00e9 la comp\u00e9tition. Non seulement elle a \u00e9t\u00e9 la leader des \u00e9quipes de France filles et mixtes, qui sont all\u00e9es chercher l&rsquo;or sans trembler, mais en individuel, elle a \u00e9t\u00e9 tout simplement la meilleure gymnaste de la comp\u00e9tition.<\/p>\n<blockquote class=\"twitter-tweet\">\n<p dir=\"ltr\" lang=\"und\">FOJE 2025 &#8211; Finale UB<\/p>\n<p>14.300 pour Elena Colas. \ud83c\uddeb\ud83c\uddf7 <a href=\"https:\/\/t.co\/12323t9LdT\">pic.twitter.com\/12323t9LdT<\/a><\/p>\n<p>\u2014 Stick That Vault (@stickthatvault) <a href=\"https:\/\/twitter.com\/stickthatvault\/status\/1948745811031912488?ref_src=twsrc%5Etfw\">July 25, 2025<\/a><\/p><\/blockquote>\n<p><script async src=\"https:\/\/platform.twitter.com\/widgets.js\" charset=\"utf-8\"><\/script><\/p>\n<p style=\"text-align: justify;\">De l&rsquo;or comme s&rsquo;il en pleuvait. La poutre et les barres asym\u00e9triques sont tomb\u00e9es dans son escarcelle, mais surtout, c&rsquo;est elle qui a remport\u00e9 le prestigieux concours g\u00e9n\u00e9ral. Et elle l&rsquo;a fait avec panache, collant 1.8 point \u00e0 sa plus proche rivale. Elle a n\u00e9anmoins manqu\u00e9 le Grand Chelem, battue au sol par&#8230; une autre Fran\u00e7aise, <strong>Maiana Prat<\/strong> ! Ainsi, une seule \u00e9preuve de gymnastique chez les filles n&rsquo;a pas \u00e9t\u00e9 remport\u00e9e par la France. Une belle r\u00e9ussite pour un total de 9 m\u00e9dailles.<\/p>\n<h2 style=\"text-align: justify;\">Pluie d&rsquo;argent au basket<\/h2>\n<p style=\"text-align: justify;\">Le basketball \u00e9tait pr\u00e9sent sous ses deux formes (5&#215;5 et 3&#215;3), les \u00e9quipes de France entretenant forc\u00e9ment de gros espoirs de m\u00e9dailles, voire de titre. Dans l&rsquo;absolu, tout le monde a \u00e9t\u00e9 \u00e0 la hauteur de l&rsquo;\u00e9v\u00e8nement. Les quatre \u00e9quipes engag\u00e9es se sont toutes hiss\u00e9es en finale, mais le probl\u00e8me, c&rsquo;est qu&rsquo;aucune d&rsquo;entre elles n&rsquo;est all\u00e9e chercher l&rsquo;or.<\/p>\n<p style=\"text-align: justify;\">D\u00e9ception ? Pas forc\u00e9ment, puisque tout le monde s&rsquo;est inclin\u00e9 contre plus fort, et on rappellera que voil\u00e0 deux ans, le 5&#215;5 n&rsquo;\u00e9tait pas au programme et du c\u00f4t\u00e9 du 3&#215;3, les deux \u00e9quipes de France avaient ramen\u00e9 du bronze. Une belle progression qui confirme le r\u00e9servoir incroyable de la France en termes de basket.<\/p>\n<h2 style=\"text-align: justify;\">L&rsquo;athl\u00e9tisme au rendez-vous<\/h2>\n<p style=\"text-align: justify;\">En 2023, l&rsquo;athl\u00e9tisme avait rapport\u00e9 pas moins de 12 m\u00e9dailles. Difficile de confirmer un tel bilan, mais cela a \u00e9t\u00e9 chose faite, puisque les Bleuets en ont rafl\u00e9 11 cette fois. Avec en figure de proue, sans doute celui qui \u00e9tait le plus attendu : <strong>Alo\u00efs Abraham<\/strong>. Annonc\u00e9 comme un futur leader de l&rsquo;athl\u00e9tisme fran\u00e7ais, il a confirm\u00e9 avec une \u00e9clatante victoire sur le 1500 m\u00e8tres.<\/p>\n<div class=\"vlp-link-container vlp-layout-article\"><a href=\"https:\/\/dicodusport.fr\/blog\/alois-abraham-le-nouveau-jakob-ingebrigtsen\/\" class=\"vlp-link\" title=\"Alo\u00efs Abraham, le nouveau Jakob Ingebrigtsen ?\"><\/a><div class=\"vlp-layout-zone-side\"><div class=\"vlp-block-4 vlp-link-image\"><img loading=\"lazy\" decoding=\"async\" style=\"max-width: 792px;\" width=\"792\" height=\"445\" src=\"https:\/\/dicodusport.fr\/blog\/wp-content\/uploads\/2025\/07\/Athletisme-Alois-Abraham-le-nouveau-Jakob-Ingebrigtsen-.png\" class=\"attachment-800x445 size-800x445\" alt=\"Athl\u00e9tisme - Alo\u00efs Abraham, le nouveau Jakob Ingebrigtsen ?\" srcset=\"https:\/\/dicodusport.fr\/blog\/wp-content\/uploads\/2025\/07\/Athletisme-Alois-Abraham-le-nouveau-Jakob-Ingebrigtsen-.png 1200w, https:\/\/dicodusport.fr\/blog\/wp-content\/uploads\/2025\/07\/Athletisme-Alois-Abraham-le-nouveau-Jakob-Ingebrigtsen--300x169.png 300w, https:\/\/dicodusport.fr\/blog\/wp-content\/uploads\/2025\/07\/Athletisme-Alois-Abraham-le-nouveau-Jakob-Ingebrigtsen--1024x575.png 1024w, https:\/\/dicodusport.fr\/blog\/wp-content\/uploads\/2025\/07\/Athletisme-Alois-Abraham-le-nouveau-Jakob-Ingebrigtsen--768x431.png 768w\" sizes=\"auto, (max-width: 792px) 100vw, 792px\" \/><\/div><\/div><div class=\"vlp-layout-zone-main\"><div class=\"vlp-block-0 vlp-link-title\">Alo\u00efs Abraham, le nouveau Jakob Ingebrigtsen ?<\/div><div class=\"vlp-block-1 vlp-link-summary\">Vainqueur 1 500 m lors du Festival Olympique de la Jeunesse Europ\u00e9enne ce lundi, Alo\u00efs Abraham r\u00e9alise une saison 2025 exceptionnelle. Avec un record d'Europe cadets battu sur 1 500 m et un record de France cadets sur 3 000 m, le d\u00e9but de carri\u00e8re qui peut rappeler celui du Norv\u00e9gien Jakob Ingebrigtsen.<\/div><div class=\"vlp-block-2 vlp-link-button\">Lire l'article<\/div><div class=\"vlp-block-3 vlp-link-url\">dicodusport.fr<\/div><\/div><\/div>\n<p style=\"text-align: justify;\">Mais ce sont au total 5 m\u00e9dailles d&rsquo;or, dont celle de <strong>Gora Ndiaye<\/strong>, impressionnant et seul \u00e0 franchir les 15 m\u00e8tres au triple saut. <strong>Daphn\u00e9 Gateau Fernez<\/strong>, elle, a confirm\u00e9 le r\u00e9servoir fran\u00e7ais sur les \u00e9preuves de marche, s&rsquo;imposant avec plus de 30 secondes de marge. Une sacr\u00e9e performance comme celle, globale, de l&rsquo;\u00e9quipe de France. Avec 5 m\u00e9dailles pour le judo, une <strong>Rosalie Mesmacque<\/strong> seule (mais double) m\u00e9daill\u00e9e en natation et quelques breloques venues du VTT, du cano\u00eb et du taekwondo, ce sont au total 38 m\u00e9dailles pour la d\u00e9l\u00e9gation fran\u00e7aise. Record battu !<\/p>\n<h2 style=\"text-align: justify;\">Les m\u00e9dailles fran\u00e7aises<\/h2>\n<p style=\"text-align: justify;\"><strong>Or :<\/strong> Alo\u00efs Abraham (1500 m) &#8211; R\u00e9mi Mouri\u00e9 (saut en longueur) &#8211; Zackaria Dia (saut \u00e0 la perche) &#8211; Gora Ndiaye (triple saut) &#8211; Daphn\u00e9 Gateau Fernez (5000 m marche) &#8211; L\u00e9o Roy\u00e9 (cano\u00eb slalom) &#8211; Elena Colas (gymnastique &#8211; concours g\u00e9n\u00e9ral + poutre + barres asym\u00e9triques) &#8211; Maiana Prat (sol) &#8211; \u00e9quipe de France filles (gymnastique) &#8211; \u00e9quipe de France mixte (gymnastique) &#8211; Emma Feuillet Nguimgo (judo +70 kg) &#8211; C\u00e9line Iddir (judo -48 kg) &#8211; Rosalie Mesmacque (800 m nage libre)<\/p>\n<p style=\"text-align: justify;\"><strong>Argent :<\/strong> \u00e9quipe de France filles (basket 3&#215;3) &#8211; \u00e9quipe de France gar\u00e7ons (basket 3&#215;3) &#8211; \u00e9quipe de France filles (basket 5&#215;5) &#8211; \u00e9quipe de France gar\u00e7ons (basket 5&#215;5) &#8211; Ma\u00ebl Lannurien (110 m haies) &#8211; Mathis Dubois (200 m steeple) &#8211; Kilian Trochain (d\u00e9cathlon) &#8211; B\u00e9atrice Tassin (200 m) &#8211; Moana Peyrard (saut \u00e0 la perche) &#8211; Lucas Rodriguez (VTT) &#8211; Layann Clovis (cyclisme &#8211; course en ligne) &#8211; Lola Chassat (poutre) &#8211; Elena Colas (sol) &#8211; Azriel Dekenne Diffo (judo +90 kg) &#8211; Rosalie Mesmacque (400 m nage libre) &#8211; Noah Vitel (tennis de table &#8211; simple) &#8211; Eliot Guardiola (taekwondo -55 kg) &#8211; \u00e9quipe de France gar\u00e7ons (volleyball)<\/p>\n<p style=\"text-align: justify;\"><strong>Bronze :<\/strong> Travis Collet (400 m haies) &#8211; Lola Chassat (barres asym\u00e9triques) &#8211; Axel Cuq (judo -50 kg) &#8211; \u00e9quipe de France mixte (judo) &#8211; Fatima Mendy (taekwondo -63 kg)<\/p>\n","protected":false},"excerpt":{"rendered":"<p>FESTIVAL OLYMPIQUE DE LA JEUNESSE EUROP\u00c9ENNE D&rsquo;\u00c9T\u00c9 2025 &#8211; Quintuple m\u00e9daill\u00e9e d&rsquo;or, Elena Colas est la star d&rsquo;une comp\u00e9tition r\u00e9ussie pour la d\u00e9l\u00e9gation fran\u00e7aise, qui a rayonn\u00e9 en Mac\u00e9doine du Nord.\u00a0<\/p>\n","protected":false},"author":59,"featured_media":598669,"comment_status":"open","ping_status":"closed","sticky":false,"template":"","format":"standard","meta":{"_acf_changed":false,"_daextam_enable_autolinks":"1","footnotes":""},"categories":[2316],"tags":[16878,1419],"class_list":["post-598658","post","type-post","status-publish","format-standard","has-post-thumbnail","hentry","category-tous-les-sports","tag-breve","tag-foje"],"acf":[],"yoast_head":"<!-- This site is optimized with the Yoast SEO Premium plugin v26.7 (Yoast SEO v26.7) - https:\/\/yoast.com\/wordpress\/plugins\/seo\/ -->\n<title>FOJE d&#039;\u00e9t\u00e9 2025 : Elena Colas superstar, le basket roi de l&#039;argent, le r\u00e9sum\u00e9 des 38 m\u00e9dailles fran\u00e7aises<\/title>\n<meta name=\"description\" content=\"FESTIVAL OLYMPIQUE DE LA JEUNESSE EUROP\u00c9ENNE D&#039;\u00c9T\u00c9 2025 - Quintuple m\u00e9daill\u00e9e d&#039;or, Elena Colas est la star d&#039;une comp\u00e9tition r\u00e9ussie pour la d\u00e9l\u00e9gation fran\u00e7aise, qui a rayonn\u00e9 en Mac\u00e9doine du Nord.\u00a0\" \/>\n<meta name=\"robots\" content=\"index, follow, max-snippet:-1, max-image-preview:large, max-video-preview:-1\" \/>\n<link rel=\"canonical\" href=\"https:\/\/dicodusport.fr\/blog\/foje-dete-2025-elena-colas-superstar-le-basket-roi-de-largent-le-resume-des-38-medailles-francaises\/\" \/>\n<meta property=\"og:locale\" content=\"fr_FR\" \/>\n<meta property=\"og:type\" content=\"article\" \/>\n<meta property=\"og:title\" content=\"FOJE d&#039;\u00e9t\u00e9 2025 : Elena Colas superstar, le basket roi de l&#039;argent, le r\u00e9sum\u00e9 des 38 m\u00e9dailles fran\u00e7aises\" \/>\n<meta property=\"og:description\" content=\"FESTIVAL OLYMPIQUE DE LA JEUNESSE EUROP\u00c9ENNE D&#039;\u00c9T\u00c9 2025 - Quintuple m\u00e9daill\u00e9e d&#039;or, Elena Colas est la star d&#039;une comp\u00e9tition r\u00e9ussie pour la d\u00e9l\u00e9gation fran\u00e7aise, qui a rayonn\u00e9 en Mac\u00e9doine du Nord.\u00a0\" \/>\n<meta property=\"og:url\" content=\"https:\/\/dicodusport.fr\/blog\/foje-dete-2025-elena-colas-superstar-le-basket-roi-de-largent-le-resume-des-38-medailles-francaises\/\" \/>\n<meta property=\"og:site_name\" content=\"Dicodusport\" \/>\n<meta property=\"article:publisher\" content=\"https:\/\/www.facebook.com\/dicodusport\" \/>\n<meta property=\"article:author\" content=\"https:\/\/www.facebook.com\/sebastien.gente\/\" \/>\n<meta property=\"article:published_time\" content=\"2025-07-28T07:43:53+00:00\" \/>\n<meta property=\"article:modified_time\" content=\"2025-11-20T17:13:18+00:00\" \/>\n<meta property=\"og:image\" content=\"https:\/\/dicodusport.fr\/blog\/wp-content\/uploads\/2025\/07\/FOJE-dete-2025-Elena-Colas-superstar-le-basket-roi-de-largent-le-resume-des-38-medailles-francaises.png\" \/>\n\t<meta property=\"og:image:width\" content=\"1200\" \/>\n\t<meta property=\"og:image:height\" content=\"674\" \/>\n\t<meta property=\"og:image:type\" content=\"image\/png\" \/>\n<meta name=\"author\" content=\"S\u00e9bastien Gente\" \/>\n<meta name=\"twitter:card\" content=\"summary_large_image\" \/>\n<meta name=\"twitter:title\" content=\"FOJE d&#039;\u00e9t\u00e9 2025 : Elena Colas superstar, le basket roi de l&#039;argent, le r\u00e9sum\u00e9 des 38 m\u00e9dailles fran\u00e7aises\" \/>\n<meta name=\"twitter:creator\" content=\"@https:\/\/twitter.com\/globulo24\" \/>\n<meta name=\"twitter:site\" content=\"@dicodusport\" \/>\n<script type=\"application\/ld+json\" class=\"yoast-schema-graph\">{\"@context\":\"https:\/\/schema.org\",\"@graph\":[{\"@type\":\"NewsArticle\",\"@id\":\"https:\/\/dicodusport.fr\/blog\/foje-dete-2025-elena-colas-superstar-le-basket-roi-de-largent-le-resume-des-38-medailles-francaises\/#article\",\"isPartOf\":{\"@id\":\"https:\/\/dicodusport.fr\/blog\/foje-dete-2025-elena-colas-superstar-le-basket-roi-de-largent-le-resume-des-38-medailles-francaises\/\"},\"author\":{\"name\":\"S\u00e9bastien Gente\",\"@id\":\"https:\/\/dicodusport.fr\/blog\/#\/schema\/person\/627966a6cde45dbd8c5e36ac85d783da\"},\"headline\":\"FOJE d&rsquo;\u00e9t\u00e9 2025 : Elena Colas superstar, le basket roi de l&rsquo;argent, le r\u00e9sum\u00e9 des 38 m\u00e9dailles fran\u00e7aises\",\"datePublished\":\"2025-07-28T07:43:53+00:00\",\"dateModified\":\"2025-11-20T17:13:18+00:00\",\"mainEntityOfPage\":{\"@id\":\"https:\/\/dicodusport.fr\/blog\/foje-dete-2025-elena-colas-superstar-le-basket-roi-de-largent-le-resume-des-38-medailles-francaises\/\"},\"wordCount\":935,\"commentCount\":0,\"publisher\":{\"@id\":\"https:\/\/dicodusport.fr\/blog\/#organization\"},\"image\":{\"@id\":\"https:\/\/dicodusport.fr\/blog\/foje-dete-2025-elena-colas-superstar-le-basket-roi-de-largent-le-resume-des-38-medailles-francaises\/#primaryimage\"},\"thumbnailUrl\":\"https:\/\/dicodusport.fr\/blog\/wp-content\/uploads\/2025\/07\/FOJE-dete-2025-Elena-Colas-superstar-le-basket-roi-de-largent-le-resume-des-38-medailles-francaises.png\",\"keywords\":[\"br\u00e8ve\",\"FOJE\"],\"articleSection\":[\"Sports\"],\"inLanguage\":\"fr-FR\",\"potentialAction\":[{\"@type\":\"CommentAction\",\"name\":\"Comment\",\"target\":[\"https:\/\/dicodusport.fr\/blog\/foje-dete-2025-elena-colas-superstar-le-basket-roi-de-largent-le-resume-des-38-medailles-francaises\/#respond\"]}],\"copyrightYear\":\"2025\",\"copyrightHolder\":{\"@id\":\"https:\/\/dicodusport.fr\/blog\/#organization\"}},{\"@type\":\"WebPage\",\"@id\":\"https:\/\/dicodusport.fr\/blog\/foje-dete-2025-elena-colas-superstar-le-basket-roi-de-largent-le-resume-des-38-medailles-francaises\/\",\"url\":\"https:\/\/dicodusport.fr\/blog\/foje-dete-2025-elena-colas-superstar-le-basket-roi-de-largent-le-resume-des-38-medailles-francaises\/\",\"name\":\"FOJE d'\u00e9t\u00e9 2025 : Elena Colas superstar, le basket roi de l'argent, le r\u00e9sum\u00e9 des 38 m\u00e9dailles fran\u00e7aises\",\"isPartOf\":{\"@id\":\"https:\/\/dicodusport.fr\/blog\/#website\"},\"primaryImageOfPage\":{\"@id\":\"https:\/\/dicodusport.fr\/blog\/foje-dete-2025-elena-colas-superstar-le-basket-roi-de-largent-le-resume-des-38-medailles-francaises\/#primaryimage\"},\"image\":{\"@id\":\"https:\/\/dicodusport.fr\/blog\/foje-dete-2025-elena-colas-superstar-le-basket-roi-de-largent-le-resume-des-38-medailles-francaises\/#primaryimage\"},\"thumbnailUrl\":\"https:\/\/dicodusport.fr\/blog\/wp-content\/uploads\/2025\/07\/FOJE-dete-2025-Elena-Colas-superstar-le-basket-roi-de-largent-le-resume-des-38-medailles-francaises.png\",\"datePublished\":\"2025-07-28T07:43:53+00:00\",\"dateModified\":\"2025-11-20T17:13:18+00:00\",\"description\":\"FESTIVAL OLYMPIQUE DE LA JEUNESSE EUROP\u00c9ENNE D'\u00c9T\u00c9 2025 - Quintuple m\u00e9daill\u00e9e d'or, Elena Colas est la star d'une comp\u00e9tition r\u00e9ussie pour la d\u00e9l\u00e9gation fran\u00e7aise, qui a rayonn\u00e9 en Mac\u00e9doine du Nord.\u00a0\",\"breadcrumb\":{\"@id\":\"https:\/\/dicodusport.fr\/blog\/foje-dete-2025-elena-colas-superstar-le-basket-roi-de-largent-le-resume-des-38-medailles-francaises\/#breadcrumb\"},\"inLanguage\":\"fr-FR\",\"potentialAction\":[{\"@type\":\"ReadAction\",\"target\":[\"https:\/\/dicodusport.fr\/blog\/foje-dete-2025-elena-colas-superstar-le-basket-roi-de-largent-le-resume-des-38-medailles-francaises\/\"]}]},{\"@type\":\"ImageObject\",\"inLanguage\":\"fr-FR\",\"@id\":\"https:\/\/dicodusport.fr\/blog\/foje-dete-2025-elena-colas-superstar-le-basket-roi-de-largent-le-resume-des-38-medailles-francaises\/#primaryimage\",\"url\":\"https:\/\/dicodusport.fr\/blog\/wp-content\/uploads\/2025\/07\/FOJE-dete-2025-Elena-Colas-superstar-le-basket-roi-de-largent-le-resume-des-38-medailles-francaises.png\",\"contentUrl\":\"https:\/\/dicodusport.fr\/blog\/wp-content\/uploads\/2025\/07\/FOJE-dete-2025-Elena-Colas-superstar-le-basket-roi-de-largent-le-resume-des-38-medailles-francaises.png\",\"width\":1200,\"height\":674,\"caption\":\"FOJE d'\u00e9t\u00e9 2025 Elena Colas superstar, le basket roi de l'argent, le r\u00e9sum\u00e9 des 38 m\u00e9dailles fran\u00e7aises\"},{\"@type\":\"BreadcrumbList\",\"@id\":\"https:\/\/dicodusport.fr\/blog\/foje-dete-2025-elena-colas-superstar-le-basket-roi-de-largent-le-resume-des-38-medailles-francaises\/#breadcrumb\",\"itemListElement\":[{\"@type\":\"ListItem\",\"position\":1,\"name\":\"Accueil\",\"item\":\"https:\/\/dicodusport.fr\/blog\/\"},{\"@type\":\"ListItem\",\"position\":2,\"name\":\"FOJE d&rsquo;\u00e9t\u00e9 2025 : Elena Colas superstar, le basket roi de l&rsquo;argent, le r\u00e9sum\u00e9 des 38 m\u00e9dailles fran\u00e7aises\"}]},{\"@type\":\"WebSite\",\"@id\":\"https:\/\/dicodusport.fr\/blog\/#website\",\"url\":\"https:\/\/dicodusport.fr\/blog\/\",\"name\":\"Dicodusport\",\"description\":\"L&#039;encyclop\u00e9die de l&#039;actualit\u00e9 sportive\",\"publisher\":{\"@id\":\"https:\/\/dicodusport.fr\/blog\/#organization\"},\"potentialAction\":[{\"@type\":\"SearchAction\",\"target\":{\"@type\":\"EntryPoint\",\"urlTemplate\":\"https:\/\/dicodusport.fr\/blog\/?s={search_term_string}\"},\"query-input\":{\"@type\":\"PropertyValueSpecification\",\"valueRequired\":true,\"valueName\":\"search_term_string\"}}],\"inLanguage\":\"fr-FR\"},{\"@type\":\"NewsMediaOrganization\",\"@id\":\"https:\/\/dicodusport.fr\/blog\/#organization\",\"name\":\"Dicodusport\",\"url\":\"https:\/\/dicodusport.fr\/blog\/\",\"logo\":{\"@type\":\"ImageObject\",\"inLanguage\":\"fr-FR\",\"@id\":\"https:\/\/dicodusport.fr\/blog\/#\/schema\/logo\/image\/\",\"url\":\"https:\/\/dicodusport.fr\/blog\/wp-content\/uploads\/2020\/06\/cropped-LOGO-DICODUSPORT-2020-SANS-FOND-SANS-TEXTE.png\",\"contentUrl\":\"https:\/\/dicodusport.fr\/blog\/wp-content\/uploads\/2020\/06\/cropped-LOGO-DICODUSPORT-2020-SANS-FOND-SANS-TEXTE.png\",\"width\":512,\"height\":512,\"caption\":\"Dicodusport\"},\"image\":{\"@id\":\"https:\/\/dicodusport.fr\/blog\/#\/schema\/logo\/image\/\"},\"sameAs\":[\"https:\/\/www.facebook.com\/dicodusport\",\"https:\/\/x.com\/dicodusport\",\"https:\/\/www.instagram.com\/dicodusport\/\",\"https:\/\/www.youtube.com\/channel\/UC7V2KZ5sd3htJivAbA4ZG3w\"],\"description\":\"Dicodusport est l'encyclop\u00e9die de l'actualit\u00e9 sportive.\",\"email\":\"bonjour@dicodusport.fr\",\"legalName\":\"DICODUSPORT\",\"foundingDate\":\"2018-01-14\",\"vatID\":\"FR71834470973\",\"taxID\":\"83447097300043\",\"numberOfEmployees\":{\"@type\":\"QuantitativeValue\",\"minValue\":\"1\",\"maxValue\":\"10\"}},{\"@type\":\"Person\",\"@id\":\"https:\/\/dicodusport.fr\/blog\/#\/schema\/person\/627966a6cde45dbd8c5e36ac85d783da\",\"name\":\"S\u00e9bastien Gente\",\"image\":{\"@type\":\"ImageObject\",\"inLanguage\":\"fr-FR\",\"@id\":\"https:\/\/dicodusport.fr\/blog\/#\/schema\/person\/image\/\",\"url\":\"https:\/\/dicodusport.fr\/blog\/wp-content\/uploads\/2021\/09\/1510990_10205810251400683_4124423575079401707_n-150x150.jpg\",\"contentUrl\":\"https:\/\/dicodusport.fr\/blog\/wp-content\/uploads\/2021\/09\/1510990_10205810251400683_4124423575079401707_n-150x150.jpg\",\"caption\":\"S\u00e9bastien Gente\"},\"description\":\"John Stockton, Gianni Bugno, Zinedine Zidane, Steffi Graf, Frode Andresen, St\u00e9phane Stoecklin, Davis Kamoga, Primoz Peterka, Werner Schlager et Aur\u00e9lien Rougerie. Point commun entre ces sportifs? Ils m'ont fait r\u00eaver et ont berc\u00e9 mon adolescence. Je suis un fondu de sports et j'essaie de retranscrire ma passion \u00e0 travers mes articles. Originaire du P\u00e9rigord, ma passion pour les Girondins, les Jaunards et les Jazzmen transpire dans mes \u00e9crits. \u00c0 Dicodusport depuis 2021, je d\u00e9niche les sports m\u00e9connus dans lesquels la France brille, et il y en a !\",\"sameAs\":[\"https:\/\/www.facebook.com\/sebastien.gente\/\",\"https:\/\/www.instagram.com\/sebgente\/\",\"https:\/\/www.linkedin.com\/in\/sbastien-gente-a29583169\/\",\"https:\/\/x.com\/https:\/\/twitter.com\/globulo24\",\"SebastienGente\"],\"worksFor\":\"S\u00e9bastien GENTE\",\"url\":\"https:\/\/dicodusport.fr\/blog\/author\/sebastiengente\/\"}]}<\/script>\n<!-- \/ Yoast SEO Premium plugin. -->","yoast_head_json":{"title":"FOJE d'\u00e9t\u00e9 2025 : Elena Colas superstar, le basket roi de l'argent, le r\u00e9sum\u00e9 des 38 m\u00e9dailles fran\u00e7aises","description":"FESTIVAL OLYMPIQUE DE LA JEUNESSE EUROP\u00c9ENNE D'\u00c9T\u00c9 2025 - Quintuple m\u00e9daill\u00e9e d'or, Elena Colas est la star d'une comp\u00e9tition r\u00e9ussie pour la d\u00e9l\u00e9gation fran\u00e7aise, qui a rayonn\u00e9 en Mac\u00e9doine du Nord.\u00a0","robots":{"index":"index","follow":"follow","max-snippet":"max-snippet:-1","max-image-preview":"max-image-preview:large","max-video-preview":"max-video-preview:-1"},"canonical":"https:\/\/dicodusport.fr\/blog\/foje-dete-2025-elena-colas-superstar-le-basket-roi-de-largent-le-resume-des-38-medailles-francaises\/","og_locale":"fr_FR","og_type":"article","og_title":"FOJE d'\u00e9t\u00e9 2025 : Elena Colas superstar, le basket roi de l'argent, le r\u00e9sum\u00e9 des 38 m\u00e9dailles fran\u00e7aises","og_description":"FESTIVAL OLYMPIQUE DE LA JEUNESSE EUROP\u00c9ENNE D'\u00c9T\u00c9 2025 - Quintuple m\u00e9daill\u00e9e d'or, Elena Colas est la star d'une comp\u00e9tition r\u00e9ussie pour la d\u00e9l\u00e9gation fran\u00e7aise, qui a rayonn\u00e9 en Mac\u00e9doine du Nord.\u00a0","og_url":"https:\/\/dicodusport.fr\/blog\/foje-dete-2025-elena-colas-superstar-le-basket-roi-de-largent-le-resume-des-38-medailles-francaises\/","og_site_name":"Dicodusport","article_publisher":"https:\/\/www.facebook.com\/dicodusport","article_author":"https:\/\/www.facebook.com\/sebastien.gente\/","article_published_time":"2025-07-28T07:43:53+00:00","article_modified_time":"2025-11-20T17:13:18+00:00","og_image":[{"width":1200,"height":674,"url":"https:\/\/dicodusport.fr\/blog\/wp-content\/uploads\/2025\/07\/FOJE-dete-2025-Elena-Colas-superstar-le-basket-roi-de-largent-le-resume-des-38-medailles-francaises.png","type":"image\/png"}],"author":"S\u00e9bastien Gente","twitter_card":"summary_large_image","twitter_title":"FOJE d'\u00e9t\u00e9 2025 : Elena Colas superstar, le basket roi de l'argent, le r\u00e9sum\u00e9 des 38 m\u00e9dailles fran\u00e7aises","twitter_creator":"@https:\/\/twitter.com\/globulo24","twitter_site":"@dicodusport","schema":{"@context":"https:\/\/schema.org","@graph":[{"@type":"NewsArticle","@id":"https:\/\/dicodusport.fr\/blog\/foje-dete-2025-elena-colas-superstar-le-basket-roi-de-largent-le-resume-des-38-medailles-francaises\/#article","isPartOf":{"@id":"https:\/\/dicodusport.fr\/blog\/foje-dete-2025-elena-colas-superstar-le-basket-roi-de-largent-le-resume-des-38-medailles-francaises\/"},"author":{"name":"S\u00e9bastien Gente","@id":"https:\/\/dicodusport.fr\/blog\/#\/schema\/person\/627966a6cde45dbd8c5e36ac85d783da"},"headline":"FOJE d&rsquo;\u00e9t\u00e9 2025 : Elena Colas superstar, le basket roi de l&rsquo;argent, le r\u00e9sum\u00e9 des 38 m\u00e9dailles fran\u00e7aises","datePublished":"2025-07-28T07:43:53+00:00","dateModified":"2025-11-20T17:13:18+00:00","mainEntityOfPage":{"@id":"https:\/\/dicodusport.fr\/blog\/foje-dete-2025-elena-colas-superstar-le-basket-roi-de-largent-le-resume-des-38-medailles-francaises\/"},"wordCount":935,"commentCount":0,"publisher":{"@id":"https:\/\/dicodusport.fr\/blog\/#organization"},"image":{"@id":"https:\/\/dicodusport.fr\/blog\/foje-dete-2025-elena-colas-superstar-le-basket-roi-de-largent-le-resume-des-38-medailles-francaises\/#primaryimage"},"thumbnailUrl":"https:\/\/dicodusport.fr\/blog\/wp-content\/uploads\/2025\/07\/FOJE-dete-2025-Elena-Colas-superstar-le-basket-roi-de-largent-le-resume-des-38-medailles-francaises.png","keywords":["br\u00e8ve","FOJE"],"articleSection":["Sports"],"inLanguage":"fr-FR","potentialAction":[{"@type":"CommentAction","name":"Comment","target":["https:\/\/dicodusport.fr\/blog\/foje-dete-2025-elena-colas-superstar-le-basket-roi-de-largent-le-resume-des-38-medailles-francaises\/#respond"]}],"copyrightYear":"2025","copyrightHolder":{"@id":"https:\/\/dicodusport.fr\/blog\/#organization"}},{"@type":"WebPage","@id":"https:\/\/dicodusport.fr\/blog\/foje-dete-2025-elena-colas-superstar-le-basket-roi-de-largent-le-resume-des-38-medailles-francaises\/","url":"https:\/\/dicodusport.fr\/blog\/foje-dete-2025-elena-colas-superstar-le-basket-roi-de-largent-le-resume-des-38-medailles-francaises\/","name":"FOJE d'\u00e9t\u00e9 2025 : Elena Colas superstar, le basket roi de l'argent, le r\u00e9sum\u00e9 des 38 m\u00e9dailles fran\u00e7aises","isPartOf":{"@id":"https:\/\/dicodusport.fr\/blog\/#website"},"primaryImageOfPage":{"@id":"https:\/\/dicodusport.fr\/blog\/foje-dete-2025-elena-colas-superstar-le-basket-roi-de-largent-le-resume-des-38-medailles-francaises\/#primaryimage"},"image":{"@id":"https:\/\/dicodusport.fr\/blog\/foje-dete-2025-elena-colas-superstar-le-basket-roi-de-largent-le-resume-des-38-medailles-francaises\/#primaryimage"},"thumbnailUrl":"https:\/\/dicodusport.fr\/blog\/wp-content\/uploads\/2025\/07\/FOJE-dete-2025-Elena-Colas-superstar-le-basket-roi-de-largent-le-resume-des-38-medailles-francaises.png","datePublished":"2025-07-28T07:43:53+00:00","dateModified":"2025-11-20T17:13:18+00:00","description":"FESTIVAL OLYMPIQUE DE LA JEUNESSE EUROP\u00c9ENNE D'\u00c9T\u00c9 2025 - Quintuple m\u00e9daill\u00e9e d'or, Elena Colas est la star d'une comp\u00e9tition r\u00e9ussie pour la d\u00e9l\u00e9gation fran\u00e7aise, qui a rayonn\u00e9 en Mac\u00e9doine du Nord.\u00a0","breadcrumb":{"@id":"https:\/\/dicodusport.fr\/blog\/foje-dete-2025-elena-colas-superstar-le-basket-roi-de-largent-le-resume-des-38-medailles-francaises\/#breadcrumb"},"inLanguage":"fr-FR","potentialAction":[{"@type":"ReadAction","target":["https:\/\/dicodusport.fr\/blog\/foje-dete-2025-elena-colas-superstar-le-basket-roi-de-largent-le-resume-des-38-medailles-francaises\/"]}]},{"@type":"ImageObject","inLanguage":"fr-FR","@id":"https:\/\/dicodusport.fr\/blog\/foje-dete-2025-elena-colas-superstar-le-basket-roi-de-largent-le-resume-des-38-medailles-francaises\/#primaryimage","url":"https:\/\/dicodusport.fr\/blog\/wp-content\/uploads\/2025\/07\/FOJE-dete-2025-Elena-Colas-superstar-le-basket-roi-de-largent-le-resume-des-38-medailles-francaises.png","contentUrl":"https:\/\/dicodusport.fr\/blog\/wp-content\/uploads\/2025\/07\/FOJE-dete-2025-Elena-Colas-superstar-le-basket-roi-de-largent-le-resume-des-38-medailles-francaises.png","width":1200,"height":674,"caption":"FOJE d'\u00e9t\u00e9 2025 Elena Colas superstar, le basket roi de l'argent, le r\u00e9sum\u00e9 des 38 m\u00e9dailles fran\u00e7aises"},{"@type":"BreadcrumbList","@id":"https:\/\/dicodusport.fr\/blog\/foje-dete-2025-elena-colas-superstar-le-basket-roi-de-largent-le-resume-des-38-medailles-francaises\/#breadcrumb","itemListElement":[{"@type":"ListItem","position":1,"name":"Accueil","item":"https:\/\/dicodusport.fr\/blog\/"},{"@type":"ListItem","position":2,"name":"FOJE d&rsquo;\u00e9t\u00e9 2025 : Elena Colas superstar, le basket roi de l&rsquo;argent, le r\u00e9sum\u00e9 des 38 m\u00e9dailles fran\u00e7aises"}]},{"@type":"WebSite","@id":"https:\/\/dicodusport.fr\/blog\/#website","url":"https:\/\/dicodusport.fr\/blog\/","name":"Dicodusport","description":"L&#039;encyclop\u00e9die de l&#039;actualit\u00e9 sportive","publisher":{"@id":"https:\/\/dicodusport.fr\/blog\/#organization"},"potentialAction":[{"@type":"SearchAction","target":{"@type":"EntryPoint","urlTemplate":"https:\/\/dicodusport.fr\/blog\/?s={search_term_string}"},"query-input":{"@type":"PropertyValueSpecification","valueRequired":true,"valueName":"search_term_string"}}],"inLanguage":"fr-FR"},{"@type":"NewsMediaOrganization","@id":"https:\/\/dicodusport.fr\/blog\/#organization","name":"Dicodusport","url":"https:\/\/dicodusport.fr\/blog\/","logo":{"@type":"ImageObject","inLanguage":"fr-FR","@id":"https:\/\/dicodusport.fr\/blog\/#\/schema\/logo\/image\/","url":"https:\/\/dicodusport.fr\/blog\/wp-content\/uploads\/2020\/06\/cropped-LOGO-DICODUSPORT-2020-SANS-FOND-SANS-TEXTE.png","contentUrl":"https:\/\/dicodusport.fr\/blog\/wp-content\/uploads\/2020\/06\/cropped-LOGO-DICODUSPORT-2020-SANS-FOND-SANS-TEXTE.png","width":512,"height":512,"caption":"Dicodusport"},"image":{"@id":"https:\/\/dicodusport.fr\/blog\/#\/schema\/logo\/image\/"},"sameAs":["https:\/\/www.facebook.com\/dicodusport","https:\/\/x.com\/dicodusport","https:\/\/www.instagram.com\/dicodusport\/","https:\/\/www.youtube.com\/channel\/UC7V2KZ5sd3htJivAbA4ZG3w"],"description":"Dicodusport est l'encyclop\u00e9die de l'actualit\u00e9 sportive.","email":"bonjour@dicodusport.fr","legalName":"DICODUSPORT","foundingDate":"2018-01-14","vatID":"FR71834470973","taxID":"83447097300043","numberOfEmployees":{"@type":"QuantitativeValue","minValue":"1","maxValue":"10"}},{"@type":"Person","@id":"https:\/\/dicodusport.fr\/blog\/#\/schema\/person\/627966a6cde45dbd8c5e36ac85d783da","name":"S\u00e9bastien Gente","image":{"@type":"ImageObject","inLanguage":"fr-FR","@id":"https:\/\/dicodusport.fr\/blog\/#\/schema\/person\/image\/","url":"https:\/\/dicodusport.fr\/blog\/wp-content\/uploads\/2021\/09\/1510990_10205810251400683_4124423575079401707_n-150x150.jpg","contentUrl":"https:\/\/dicodusport.fr\/blog\/wp-content\/uploads\/2021\/09\/1510990_10205810251400683_4124423575079401707_n-150x150.jpg","caption":"S\u00e9bastien Gente"},"description":"John Stockton, Gianni Bugno, Zinedine Zidane, Steffi Graf, Frode Andresen, St\u00e9phane Stoecklin, Davis Kamoga, Primoz Peterka, Werner Schlager et Aur\u00e9lien Rougerie. Point commun entre ces sportifs? Ils m'ont fait r\u00eaver et ont berc\u00e9 mon adolescence. Je suis un fondu de sports et j'essaie de retranscrire ma passion \u00e0 travers mes articles. Originaire du P\u00e9rigord, ma passion pour les Girondins, les Jaunards et les Jazzmen transpire dans mes \u00e9crits. \u00c0 Dicodusport depuis 2021, je d\u00e9niche les sports m\u00e9connus dans lesquels la France brille, et il y en a !","sameAs":["https:\/\/www.facebook.com\/sebastien.gente\/","https:\/\/www.instagram.com\/sebgente\/","https:\/\/www.linkedin.com\/in\/sbastien-gente-a29583169\/","https:\/\/x.com\/https:\/\/twitter.com\/globulo24","SebastienGente"],"worksFor":"S\u00e9bastien GENTE","url":"https:\/\/dicodusport.fr\/blog\/author\/sebastiengente\/"}]}},"_links":{"self":[{"href":"https:\/\/dicodusport.fr\/blog\/wp-json\/wp\/v2\/posts\/598658","targetHints":{"allow":["GET"]}}],"collection":[{"href":"https:\/\/dicodusport.fr\/blog\/wp-json\/wp\/v2\/posts"}],"about":[{"href":"https:\/\/dicodusport.fr\/blog\/wp-json\/wp\/v2\/types\/post"}],"author":[{"embeddable":true,"href":"https:\/\/dicodusport.fr\/blog\/wp-json\/wp\/v2\/users\/59"}],"replies":[{"embeddable":true,"href":"https:\/\/dicodusport.fr\/blog\/wp-json\/wp\/v2\/comments?post=598658"}],"version-history":[{"count":2,"href":"https:\/\/dicodusport.fr\/blog\/wp-json\/wp\/v2\/posts\/598658\/revisions"}],"predecessor-version":[{"id":598680,"href":"https:\/\/dicodusport.fr\/blog\/wp-json\/wp\/v2\/posts\/598658\/revisions\/598680"}],"wp:featuredmedia":[{"embeddable":true,"href":"https:\/\/dicodusport.fr\/blog\/wp-json\/wp\/v2\/media\/598669"}],"wp:attachment":[{"href":"https:\/\/dicodusport.fr\/blog\/wp-json\/wp\/v2\/media?parent=598658"}],"wp:term":[{"taxonomy":"category","embeddable":true,"href":"https:\/\/dicodusport.fr\/blog\/wp-json\/wp\/v2\/categories?post=598658"},{"taxonomy":"post_tag","embeddable":true,"href":"https:\/\/dicodusport.fr\/blog\/wp-json\/wp\/v2\/tags?post=598658"}],"curies":[{"name":"wp","href":"https:\/\/api.w.org\/{rel}","templated":true}]}}