{"id":598729,"date":"2025-07-28T14:53:24","date_gmt":"2025-07-28T12:53:24","guid":{"rendered":"https:\/\/dicodusport.fr\/blog\/?p=598729&#038;preview=true&#038;preview_id=598729"},"modified":"2025-07-28T14:53:24","modified_gmt":"2025-07-28T12:53:24","slug":"transferts-stade-francais-joe-marchant-a-tranche-pour-son-avenir","status":"publish","type":"post","link":"https:\/\/dicodusport.fr\/blog\/transferts-stade-francais-joe-marchant-a-tranche-pour-son-avenir\/","title":{"rendered":"Transferts Stade Fran\u00e7ais : Joe Marchant a tranch\u00e9 pour son avenir"},"content":{"rendered":"<p style=\"text-align: justify;\"><b><i>TRANSFERTS RUGBY &#8211; Selon <a href=\"https:\/\/www.rugbyrama.fr\/2025\/07\/27\/transfertstop-14-exclu-midol-joe-marchant-restera-bien-parisien-12847509.php\">Midol<\/a>, Joe Marchant, dont l&rsquo;avenir \u00e9tait encore incertain jusqu&rsquo;\u00e0 peu, aurait d\u00e9cid\u00e9 de poursuivre l&rsquo;aventure \u00e0 Paris.\u00a0<\/i><\/b><\/p>\n<p style=\"text-align: justify;\">Le <strong>Stade Fran\u00e7ais<\/strong> a assur\u00e9 de justesse son maintien en <strong>Top 14<\/strong>. Et chez les <strong>Parisiens<\/strong>, on s&rsquo;affaire \u00e0 reconstruire un groupe comp\u00e9titif apr\u00e8s la saison compliqu\u00e9e v\u00e9cue par la <strong>Pink Army<\/strong> cette ann\u00e9e, malgr\u00e9 la belle r\u00e9ussite de la saison 2023-2024.<\/p>\n<h2 style=\"text-align: justify;\">Joe Marchant poursuit l&rsquo;aventure<\/h2>\n<p style=\"text-align: justify;\">D\u00e9barqu\u00e9 dans la capitale d\u00e8s la fin de la <strong>Coupe du Monde de Rugby 2023<\/strong>, le centre anglais, alors \u00e2g\u00e9 de 27 ans, avait fait forte impression chez les <strong>Soldats Roses<\/strong>. Joueur puissant du haut du corps, il avait rapidement pris les r\u00eanes de l&rsquo;attaque des <strong>Parisiens<\/strong> avec \u00e0 ses c\u00f4t\u00e9s <strong>Jeremy Ward<\/strong>. Une paire de centres aussi destructrice que technique, adepte des perc\u00e9es pleins champ autant que des coups malicieux.<\/p>\n<div class=\"vlp-link-container vlp-layout-article\"><a href=\"https:\/\/dicodusport.fr\/blog\/transferts-ces-demis-de-melee-du-top-14-qui-vont-animer-le-marche\/\" class=\"vlp-link\" title=\"Transferts : Ces demis de m\u00eal\u00e9e du Top 14 qui vont animer le march\u00e9\"><\/a><div class=\"vlp-layout-zone-side\"><div class=\"vlp-block-4 vlp-link-image\"><img loading=\"lazy\" decoding=\"async\" style=\"max-width: 792px;\" width=\"792\" height=\"445\" src=\"https:\/\/dicodusport.fr\/blog\/wp-content\/uploads\/2025\/07\/Transferts-Ces-demis-de-melee-du-Top-14-qui-vont-animer-le-marche.png\" class=\"attachment-800x445 size-800x445\" alt=\"Transferts Ces demis de m\u00eal\u00e9e du Top 14 qui vont animer le march\u00e9\" srcset=\"https:\/\/dicodusport.fr\/blog\/wp-content\/uploads\/2025\/07\/Transferts-Ces-demis-de-melee-du-Top-14-qui-vont-animer-le-marche.png 1200w, https:\/\/dicodusport.fr\/blog\/wp-content\/uploads\/2025\/07\/Transferts-Ces-demis-de-melee-du-Top-14-qui-vont-animer-le-marche-300x169.png 300w, https:\/\/dicodusport.fr\/blog\/wp-content\/uploads\/2025\/07\/Transferts-Ces-demis-de-melee-du-Top-14-qui-vont-animer-le-marche-1024x575.png 1024w, https:\/\/dicodusport.fr\/blog\/wp-content\/uploads\/2025\/07\/Transferts-Ces-demis-de-melee-du-Top-14-qui-vont-animer-le-marche-768x431.png 768w\" sizes=\"auto, (max-width: 792px) 100vw, 792px\" \/><\/div><\/div><div class=\"vlp-layout-zone-main\"><div class=\"vlp-block-0 vlp-link-title\">Transferts : Ces demis de m\u00eal\u00e9e du Top 14 qui vont animer le march\u00e9<\/div><div class=\"vlp-block-1 vlp-link-summary\">Les demis de m\u00eal\u00e9e vont animer le mercato en vue de la saison 2026-2027. Le Midi Olympique fait le point sur les joueurs \u00e0 l'avenir incertain au poste de num\u00e9ro 9.<\/div><div class=\"vlp-block-2 vlp-link-button\">Lire l'article<\/div><div class=\"vlp-block-3 vlp-link-url\">dicodusport.fr<\/div><\/div><\/div>\n<p style=\"text-align: justify;\">International anglais aux 26 capes, <strong>Joe Marchant<\/strong> est un joueur de haut niveau qui connait bien les hautes places des championnats europ\u00e9ens. Pass\u00e9 par les <strong>Harlequins<\/strong>, chez qui le natif de <strong>Winchester<\/strong> a fait ses d\u00e9buts en 2015, il s&rsquo;exile en <strong>France<\/strong> en qu\u00eate de temps de jeu et fait une croix sur des potentielles s\u00e9lections avec le <strong>XV de la Rose<\/strong>, malgr\u00e9 de tr\u00e8s grosses performances d\u00e8s son arriv\u00e9e dans <strong>l&rsquo;Hexagone.<\/strong><\/p>\n<h2 style=\"text-align: justify;\">Des rumeurs et rien de plus<\/h2>\n<p style=\"text-align: justify;\">D\u00e8s le d\u00e9but de l&rsquo;\u00e9t\u00e9, les messes basses ont commenc\u00e9 \u00e0 s&rsquo;agiter autour du <strong>Stade Fran\u00e7ais<\/strong> et de certains de ses joueurs. Apr\u00e8s une saison incroyable dans les <strong>Landes,<\/strong> \u00e0 <strong>Dax<\/strong>, <strong>Noah N\u00e9n\u00e9<\/strong> est de retour \u00e0 <strong>Paris<\/strong> et son retour aupr\u00e8s de son club formateur a rebattu les cartes. Si l&rsquo;on a parl\u00e9 de pr\u00eat, de prolongation, et m\u00eame de transfert et de retour en <strong>Angleterre<\/strong>, Midol assure qu&rsquo;il n&rsquo;en est rien : <em>\u00ab\u00a0aucune demande de lib\u00e9ration anticip\u00e9e, ni m\u00eame aucune proposition de rachat de contrat, ne sont d\u2019ailleurs arriv\u00e9es sur le bureau des dirigeants parisiens le concernant\u00a0\u00bb.<\/em><\/p>\n<ul style=\"text-align: justify;\">\n<li><strong>\u00c0 lire aussi &#8211; <a href=\"https:\/\/dicodusport.fr\/blog\/transferts-stade-toulousain-une-vague-de-prolongations-en-preparation-des-joueurs-dans-lincertitude\/\">Transferts Stade Toulousain : Une vague de prolongations en pr\u00e9paration, des joueurs dans l\u2019incertitude<\/a><\/strong><\/li>\n<\/ul>\n<p style=\"text-align: justify;\">Alors que certains des d\u00e9tracteurs l&rsquo;envoyaient Outre-Manche pour un retour au <strong>Royaume de Sa Majest\u00e9<\/strong>, le centre ou ailier anglais de 29 ans sera bel et bien un <b>Soldat rose<\/b>\u00a0cette saison. Il honorera la derni\u00e8re ann\u00e9e inscrite \u00e0 son contrat, le liant ainsi au <strong>Stade Fran\u00e7ais<\/strong> jusqu&rsquo;\u00e0 la fin de l&rsquo;exercice 2025-2026. Revanchards et d\u00e9termin\u00e9s \u00e0 faire mieux que le maintien in extremis de la saison pass\u00e9, <strong>Joe Marchant<\/strong> et son futur associ\u00e9 du centre seront probablement bien d\u00e9cid\u00e9s \u00e0 animer la ligne de trois-quarts de la <strong>Pink Army<\/strong>.<\/p>\n<h3 style=\"text-align: justify;\">\u00c0 lire aussi<\/h3>\n<div class=\"vlp-link-container vlp-layout-article\"><a href=\"https:\/\/dicodusport.fr\/blog\/transferts-stade-francais-2025-arrivees-departs-et-prolongations\/\" class=\"vlp-link\" title=\"Transferts Stade Fran\u00e7ais 2025 : Recrues, d\u00e9parts et prolongations\"><\/a><div class=\"vlp-layout-zone-side\"><div class=\"vlp-block-4 vlp-link-image\"><img loading=\"lazy\" decoding=\"async\" style=\"max-width: 792px;\" width=\"792\" height=\"445\" src=\"https:\/\/dicodusport.fr\/blog\/wp-content\/uploads\/2024\/11\/Transferts-Stade-Francais-2025-Arrivees-departs-et-prolongations.png\" class=\"attachment-800x445 size-800x445\" alt=\"\" srcset=\"https:\/\/dicodusport.fr\/blog\/wp-content\/uploads\/2024\/11\/Transferts-Stade-Francais-2025-Arrivees-departs-et-prolongations.png 1200w, https:\/\/dicodusport.fr\/blog\/wp-content\/uploads\/2024\/11\/Transferts-Stade-Francais-2025-Arrivees-departs-et-prolongations-300x169.png 300w, https:\/\/dicodusport.fr\/blog\/wp-content\/uploads\/2024\/11\/Transferts-Stade-Francais-2025-Arrivees-departs-et-prolongations-1024x575.png 1024w, https:\/\/dicodusport.fr\/blog\/wp-content\/uploads\/2024\/11\/Transferts-Stade-Francais-2025-Arrivees-departs-et-prolongations-768x431.png 768w\" sizes=\"auto, (max-width: 792px) 100vw, 792px\" \/><\/div><\/div><div class=\"vlp-layout-zone-main\"><div class=\"vlp-block-0 vlp-link-title\">Transferts Stade Fran\u00e7ais 2025 : Recrues, d\u00e9parts et prolongations<\/div><div class=\"vlp-block-1 vlp-link-summary\">Arriv\u00e9es, d\u00e9parts et prolongations au Stade Fran\u00e7ais<\/div><div class=\"vlp-block-2 vlp-link-button\">Lire l'article<\/div><div class=\"vlp-block-3 vlp-link-url\">dicodusport.fr<\/div><\/div><\/div>\n","protected":false},"excerpt":{"rendered":"<p>TRANSFERTS RUGBY &#8211; Selon Midol, Joe Marchant, dont l&rsquo;avenir \u00e9tait encore incertain jusqu&rsquo;\u00e0 peu, aurait d\u00e9cid\u00e9 de poursuivre l&rsquo;aventure \u00e0 Paris.\u00a0<\/p>\n","protected":false},"author":119,"featured_media":598736,"comment_status":"open","ping_status":"closed","sticky":false,"template":"","format":"standard","meta":{"_acf_changed":false,"_daextam_enable_autolinks":"1","footnotes":""},"categories":[47050],"tags":[16878,110,8081,7945],"class_list":["post-598729","post","type-post","status-publish","format-standard","has-post-thumbnail","hentry","category-top-14","tag-breve","tag-rugby-a-xv","tag-transferts-stade-francais","tag-transferts-top-14"],"acf":[],"yoast_head":"<!-- This site is optimized with the Yoast SEO Premium plugin v26.7 (Yoast SEO v26.7) - https:\/\/yoast.com\/wordpress\/plugins\/seo\/ -->\n<title>Transferts Stade Fran\u00e7ais : Joe Marchant a tranch\u00e9 pour son avenir<\/title>\n<meta name=\"description\" content=\"TRANSFERTS RUGBY - Selon Midol, Joe Marchant, dont l&#039;avenir \u00e9tait encore incertain jusqu&#039;\u00e0 peu, aurait d\u00e9cid\u00e9 de poursuivre l&#039;aventure \u00e0 Paris.\u00a0\" \/>\n<meta name=\"robots\" content=\"index, follow, max-snippet:-1, max-image-preview:large, max-video-preview:-1\" \/>\n<link rel=\"canonical\" href=\"https:\/\/dicodusport.fr\/blog\/transferts-stade-francais-joe-marchant-a-tranche-pour-son-avenir\/\" \/>\n<meta property=\"og:locale\" content=\"fr_FR\" \/>\n<meta property=\"og:type\" content=\"article\" \/>\n<meta property=\"og:title\" content=\"Transferts Stade Fran\u00e7ais : Joe Marchant a tranch\u00e9 pour son avenir\" \/>\n<meta property=\"og:description\" content=\"TRANSFERTS RUGBY - Selon Midol, Joe Marchant, dont l&#039;avenir \u00e9tait encore incertain jusqu&#039;\u00e0 peu, aurait d\u00e9cid\u00e9 de poursuivre l&#039;aventure \u00e0 Paris.\u00a0\" \/>\n<meta property=\"og:url\" content=\"https:\/\/dicodusport.fr\/blog\/transferts-stade-francais-joe-marchant-a-tranche-pour-son-avenir\/\" \/>\n<meta property=\"og:site_name\" content=\"Dicodusport\" \/>\n<meta property=\"article:publisher\" content=\"https:\/\/www.facebook.com\/dicodusport\" \/>\n<meta property=\"article:published_time\" content=\"2025-07-28T12:53:24+00:00\" \/>\n<meta property=\"og:image\" content=\"https:\/\/dicodusport.fr\/blog\/wp-content\/uploads\/2025\/07\/Transferts-Stade-Francais-Joe-Marchant-a-tranche-pour-son-avenir.png\" \/>\n\t<meta property=\"og:image:width\" content=\"1200\" \/>\n\t<meta property=\"og:image:height\" content=\"674\" \/>\n\t<meta property=\"og:image:type\" content=\"image\/png\" \/>\n<meta name=\"author\" content=\"Aur\u00e9lien Torreilles\" \/>\n<meta name=\"twitter:card\" content=\"summary_large_image\" \/>\n<meta name=\"twitter:title\" content=\"Transferts Stade Fran\u00e7ais : Joe Marchant a tranch\u00e9 pour son avenir\" \/>\n<meta name=\"twitter:creator\" content=\"@dicodusport\" \/>\n<meta name=\"twitter:site\" content=\"@dicodusport\" \/>\n<script type=\"application\/ld+json\" class=\"yoast-schema-graph\">{\"@context\":\"https:\/\/schema.org\",\"@graph\":[{\"@type\":\"NewsArticle\",\"@id\":\"https:\/\/dicodusport.fr\/blog\/transferts-stade-francais-joe-marchant-a-tranche-pour-son-avenir\/#article\",\"isPartOf\":{\"@id\":\"https:\/\/dicodusport.fr\/blog\/transferts-stade-francais-joe-marchant-a-tranche-pour-son-avenir\/\"},\"author\":{\"name\":\"Aur\u00e9lien Torreilles\",\"@id\":\"https:\/\/dicodusport.fr\/blog\/#\/schema\/person\/d42c64fd3f03197157c71106ec84f28a\"},\"headline\":\"Transferts Stade Fran\u00e7ais : Joe Marchant a tranch\u00e9 pour son avenir\",\"datePublished\":\"2025-07-28T12:53:24+00:00\",\"mainEntityOfPage\":{\"@id\":\"https:\/\/dicodusport.fr\/blog\/transferts-stade-francais-joe-marchant-a-tranche-pour-son-avenir\/\"},\"wordCount\":616,\"commentCount\":0,\"publisher\":{\"@id\":\"https:\/\/dicodusport.fr\/blog\/#organization\"},\"image\":{\"@id\":\"https:\/\/dicodusport.fr\/blog\/transferts-stade-francais-joe-marchant-a-tranche-pour-son-avenir\/#primaryimage\"},\"thumbnailUrl\":\"https:\/\/dicodusport.fr\/blog\/wp-content\/uploads\/2025\/07\/Transferts-Stade-Francais-Joe-Marchant-a-tranche-pour-son-avenir.png\",\"keywords\":[\"br\u00e8ve\",\"Rugby \u00e0 XV\",\"Transferts Stade Fran\u00e7ais\",\"Transferts Top 14\"],\"articleSection\":[\"Top 14\"],\"inLanguage\":\"fr-FR\",\"potentialAction\":[{\"@type\":\"CommentAction\",\"name\":\"Comment\",\"target\":[\"https:\/\/dicodusport.fr\/blog\/transferts-stade-francais-joe-marchant-a-tranche-pour-son-avenir\/#respond\"]}],\"copyrightYear\":\"2025\",\"copyrightHolder\":{\"@id\":\"https:\/\/dicodusport.fr\/blog\/#organization\"}},{\"@type\":\"WebPage\",\"@id\":\"https:\/\/dicodusport.fr\/blog\/transferts-stade-francais-joe-marchant-a-tranche-pour-son-avenir\/\",\"url\":\"https:\/\/dicodusport.fr\/blog\/transferts-stade-francais-joe-marchant-a-tranche-pour-son-avenir\/\",\"name\":\"Transferts Stade Fran\u00e7ais : Joe Marchant a tranch\u00e9 pour son avenir\",\"isPartOf\":{\"@id\":\"https:\/\/dicodusport.fr\/blog\/#website\"},\"primaryImageOfPage\":{\"@id\":\"https:\/\/dicodusport.fr\/blog\/transferts-stade-francais-joe-marchant-a-tranche-pour-son-avenir\/#primaryimage\"},\"image\":{\"@id\":\"https:\/\/dicodusport.fr\/blog\/transferts-stade-francais-joe-marchant-a-tranche-pour-son-avenir\/#primaryimage\"},\"thumbnailUrl\":\"https:\/\/dicodusport.fr\/blog\/wp-content\/uploads\/2025\/07\/Transferts-Stade-Francais-Joe-Marchant-a-tranche-pour-son-avenir.png\",\"datePublished\":\"2025-07-28T12:53:24+00:00\",\"description\":\"TRANSFERTS RUGBY - Selon Midol, Joe Marchant, dont l'avenir \u00e9tait encore incertain jusqu'\u00e0 peu, aurait d\u00e9cid\u00e9 de poursuivre l'aventure \u00e0 Paris.\u00a0\",\"breadcrumb\":{\"@id\":\"https:\/\/dicodusport.fr\/blog\/transferts-stade-francais-joe-marchant-a-tranche-pour-son-avenir\/#breadcrumb\"},\"inLanguage\":\"fr-FR\",\"potentialAction\":[{\"@type\":\"ReadAction\",\"target\":[\"https:\/\/dicodusport.fr\/blog\/transferts-stade-francais-joe-marchant-a-tranche-pour-son-avenir\/\"]}]},{\"@type\":\"ImageObject\",\"inLanguage\":\"fr-FR\",\"@id\":\"https:\/\/dicodusport.fr\/blog\/transferts-stade-francais-joe-marchant-a-tranche-pour-son-avenir\/#primaryimage\",\"url\":\"https:\/\/dicodusport.fr\/blog\/wp-content\/uploads\/2025\/07\/Transferts-Stade-Francais-Joe-Marchant-a-tranche-pour-son-avenir.png\",\"contentUrl\":\"https:\/\/dicodusport.fr\/blog\/wp-content\/uploads\/2025\/07\/Transferts-Stade-Francais-Joe-Marchant-a-tranche-pour-son-avenir.png\",\"width\":1200,\"height\":674,\"caption\":\"Transferts Stade Fran\u00e7ais Joe Marchant a tranch\u00e9 pour son avenir\"},{\"@type\":\"BreadcrumbList\",\"@id\":\"https:\/\/dicodusport.fr\/blog\/transferts-stade-francais-joe-marchant-a-tranche-pour-son-avenir\/#breadcrumb\",\"itemListElement\":[{\"@type\":\"ListItem\",\"position\":1,\"name\":\"Accueil\",\"item\":\"https:\/\/dicodusport.fr\/blog\/\"},{\"@type\":\"ListItem\",\"position\":2,\"name\":\"Transferts Stade Fran\u00e7ais : Joe Marchant a tranch\u00e9 pour son avenir\"}]},{\"@type\":\"WebSite\",\"@id\":\"https:\/\/dicodusport.fr\/blog\/#website\",\"url\":\"https:\/\/dicodusport.fr\/blog\/\",\"name\":\"Dicodusport\",\"description\":\"L&#039;encyclop\u00e9die de l&#039;actualit\u00e9 sportive\",\"publisher\":{\"@id\":\"https:\/\/dicodusport.fr\/blog\/#organization\"},\"potentialAction\":[{\"@type\":\"SearchAction\",\"target\":{\"@type\":\"EntryPoint\",\"urlTemplate\":\"https:\/\/dicodusport.fr\/blog\/?s={search_term_string}\"},\"query-input\":{\"@type\":\"PropertyValueSpecification\",\"valueRequired\":true,\"valueName\":\"search_term_string\"}}],\"inLanguage\":\"fr-FR\"},{\"@type\":\"NewsMediaOrganization\",\"@id\":\"https:\/\/dicodusport.fr\/blog\/#organization\",\"name\":\"Dicodusport\",\"url\":\"https:\/\/dicodusport.fr\/blog\/\",\"logo\":{\"@type\":\"ImageObject\",\"inLanguage\":\"fr-FR\",\"@id\":\"https:\/\/dicodusport.fr\/blog\/#\/schema\/logo\/image\/\",\"url\":\"https:\/\/dicodusport.fr\/blog\/wp-content\/uploads\/2020\/06\/cropped-LOGO-DICODUSPORT-2020-SANS-FOND-SANS-TEXTE.png\",\"contentUrl\":\"https:\/\/dicodusport.fr\/blog\/wp-content\/uploads\/2020\/06\/cropped-LOGO-DICODUSPORT-2020-SANS-FOND-SANS-TEXTE.png\",\"width\":512,\"height\":512,\"caption\":\"Dicodusport\"},\"image\":{\"@id\":\"https:\/\/dicodusport.fr\/blog\/#\/schema\/logo\/image\/\"},\"sameAs\":[\"https:\/\/www.facebook.com\/dicodusport\",\"https:\/\/x.com\/dicodusport\",\"https:\/\/www.instagram.com\/dicodusport\/\",\"https:\/\/www.youtube.com\/channel\/UC7V2KZ5sd3htJivAbA4ZG3w\"],\"description\":\"Dicodusport est l'encyclop\u00e9die de l'actualit\u00e9 sportive.\",\"email\":\"bonjour@dicodusport.fr\",\"legalName\":\"DICODUSPORT\",\"foundingDate\":\"2018-01-14\",\"vatID\":\"FR71834470973\",\"taxID\":\"83447097300043\",\"numberOfEmployees\":{\"@type\":\"QuantitativeValue\",\"minValue\":\"1\",\"maxValue\":\"10\"}},{\"@type\":\"Person\",\"@id\":\"https:\/\/dicodusport.fr\/blog\/#\/schema\/person\/d42c64fd3f03197157c71106ec84f28a\",\"name\":\"Aur\u00e9lien Torreilles\",\"image\":{\"@type\":\"ImageObject\",\"inLanguage\":\"fr-FR\",\"@id\":\"https:\/\/dicodusport.fr\/blog\/#\/schema\/person\/image\/\",\"url\":\"https:\/\/dicodusport.fr\/blog\/wp-content\/uploads\/2025\/06\/Aurelien-Torreilles-150x150.jpg\",\"contentUrl\":\"https:\/\/dicodusport.fr\/blog\/wp-content\/uploads\/2025\/06\/Aurelien-Torreilles-150x150.jpg\",\"caption\":\"Aur\u00e9lien Torreilles\"},\"description\":\"Encore apprenti journaliste, je d\u00e9couvre d\u00e8s mon plus jeune \u00e2ge les joies, les \u00e9motions et les frissons du monde du sport. Tr\u00e8s vite, j'en suis convaincu, je parlerai de sport toute ma vie, et promis pas que de rugby. Apr\u00e8s 3 ann\u00e9es de droit franco-espagnol, j'ai vite bifurqu\u00e9 vers l'\u00e9cole de journalisme de Toulouse pour en apprendre encore plus quant \u00e0 ce monde qui me passionne et parfaire mes tr\u00e8s jeunes et modestes connaissances. Je rejoins Dicodusport en juin 2025 apr\u00e8s 3 ann\u00e9es pass\u00e9es sur Treize Mondial. Faire vivre l'actualit\u00e9, transmettre l'information et transmettre des \u00e9motions sont mes seuls objectifs. Bien \u00e9videmment, tout \u00e7a dans la bonne humeur transpirante de l'\u00e9quipe de Dicodusport !\",\"url\":\"https:\/\/dicodusport.fr\/blog\/author\/aurelien\/\"}]}<\/script>\n<!-- \/ Yoast SEO Premium plugin. -->","yoast_head_json":{"title":"Transferts Stade Fran\u00e7ais : Joe Marchant a tranch\u00e9 pour son avenir","description":"TRANSFERTS RUGBY - Selon Midol, Joe Marchant, dont l'avenir \u00e9tait encore incertain jusqu'\u00e0 peu, aurait d\u00e9cid\u00e9 de poursuivre l'aventure \u00e0 Paris.\u00a0","robots":{"index":"index","follow":"follow","max-snippet":"max-snippet:-1","max-image-preview":"max-image-preview:large","max-video-preview":"max-video-preview:-1"},"canonical":"https:\/\/dicodusport.fr\/blog\/transferts-stade-francais-joe-marchant-a-tranche-pour-son-avenir\/","og_locale":"fr_FR","og_type":"article","og_title":"Transferts Stade Fran\u00e7ais : Joe Marchant a tranch\u00e9 pour son avenir","og_description":"TRANSFERTS RUGBY - Selon Midol, Joe Marchant, dont l'avenir \u00e9tait encore incertain jusqu'\u00e0 peu, aurait d\u00e9cid\u00e9 de poursuivre l'aventure \u00e0 Paris.\u00a0","og_url":"https:\/\/dicodusport.fr\/blog\/transferts-stade-francais-joe-marchant-a-tranche-pour-son-avenir\/","og_site_name":"Dicodusport","article_publisher":"https:\/\/www.facebook.com\/dicodusport","article_published_time":"2025-07-28T12:53:24+00:00","og_image":[{"width":1200,"height":674,"url":"https:\/\/dicodusport.fr\/blog\/wp-content\/uploads\/2025\/07\/Transferts-Stade-Francais-Joe-Marchant-a-tranche-pour-son-avenir.png","type":"image\/png"}],"author":"Aur\u00e9lien Torreilles","twitter_card":"summary_large_image","twitter_title":"Transferts Stade Fran\u00e7ais : Joe Marchant a tranch\u00e9 pour son avenir","twitter_creator":"@dicodusport","twitter_site":"@dicodusport","schema":{"@context":"https:\/\/schema.org","@graph":[{"@type":"NewsArticle","@id":"https:\/\/dicodusport.fr\/blog\/transferts-stade-francais-joe-marchant-a-tranche-pour-son-avenir\/#article","isPartOf":{"@id":"https:\/\/dicodusport.fr\/blog\/transferts-stade-francais-joe-marchant-a-tranche-pour-son-avenir\/"},"author":{"name":"Aur\u00e9lien Torreilles","@id":"https:\/\/dicodusport.fr\/blog\/#\/schema\/person\/d42c64fd3f03197157c71106ec84f28a"},"headline":"Transferts Stade Fran\u00e7ais : Joe Marchant a tranch\u00e9 pour son avenir","datePublished":"2025-07-28T12:53:24+00:00","mainEntityOfPage":{"@id":"https:\/\/dicodusport.fr\/blog\/transferts-stade-francais-joe-marchant-a-tranche-pour-son-avenir\/"},"wordCount":616,"commentCount":0,"publisher":{"@id":"https:\/\/dicodusport.fr\/blog\/#organization"},"image":{"@id":"https:\/\/dicodusport.fr\/blog\/transferts-stade-francais-joe-marchant-a-tranche-pour-son-avenir\/#primaryimage"},"thumbnailUrl":"https:\/\/dicodusport.fr\/blog\/wp-content\/uploads\/2025\/07\/Transferts-Stade-Francais-Joe-Marchant-a-tranche-pour-son-avenir.png","keywords":["br\u00e8ve","Rugby \u00e0 XV","Transferts Stade Fran\u00e7ais","Transferts Top 14"],"articleSection":["Top 14"],"inLanguage":"fr-FR","potentialAction":[{"@type":"CommentAction","name":"Comment","target":["https:\/\/dicodusport.fr\/blog\/transferts-stade-francais-joe-marchant-a-tranche-pour-son-avenir\/#respond"]}],"copyrightYear":"2025","copyrightHolder":{"@id":"https:\/\/dicodusport.fr\/blog\/#organization"}},{"@type":"WebPage","@id":"https:\/\/dicodusport.fr\/blog\/transferts-stade-francais-joe-marchant-a-tranche-pour-son-avenir\/","url":"https:\/\/dicodusport.fr\/blog\/transferts-stade-francais-joe-marchant-a-tranche-pour-son-avenir\/","name":"Transferts Stade Fran\u00e7ais : Joe Marchant a tranch\u00e9 pour son avenir","isPartOf":{"@id":"https:\/\/dicodusport.fr\/blog\/#website"},"primaryImageOfPage":{"@id":"https:\/\/dicodusport.fr\/blog\/transferts-stade-francais-joe-marchant-a-tranche-pour-son-avenir\/#primaryimage"},"image":{"@id":"https:\/\/dicodusport.fr\/blog\/transferts-stade-francais-joe-marchant-a-tranche-pour-son-avenir\/#primaryimage"},"thumbnailUrl":"https:\/\/dicodusport.fr\/blog\/wp-content\/uploads\/2025\/07\/Transferts-Stade-Francais-Joe-Marchant-a-tranche-pour-son-avenir.png","datePublished":"2025-07-28T12:53:24+00:00","description":"TRANSFERTS RUGBY - Selon Midol, Joe Marchant, dont l'avenir \u00e9tait encore incertain jusqu'\u00e0 peu, aurait d\u00e9cid\u00e9 de poursuivre l'aventure \u00e0 Paris.\u00a0","breadcrumb":{"@id":"https:\/\/dicodusport.fr\/blog\/transferts-stade-francais-joe-marchant-a-tranche-pour-son-avenir\/#breadcrumb"},"inLanguage":"fr-FR","potentialAction":[{"@type":"ReadAction","target":["https:\/\/dicodusport.fr\/blog\/transferts-stade-francais-joe-marchant-a-tranche-pour-son-avenir\/"]}]},{"@type":"ImageObject","inLanguage":"fr-FR","@id":"https:\/\/dicodusport.fr\/blog\/transferts-stade-francais-joe-marchant-a-tranche-pour-son-avenir\/#primaryimage","url":"https:\/\/dicodusport.fr\/blog\/wp-content\/uploads\/2025\/07\/Transferts-Stade-Francais-Joe-Marchant-a-tranche-pour-son-avenir.png","contentUrl":"https:\/\/dicodusport.fr\/blog\/wp-content\/uploads\/2025\/07\/Transferts-Stade-Francais-Joe-Marchant-a-tranche-pour-son-avenir.png","width":1200,"height":674,"caption":"Transferts Stade Fran\u00e7ais Joe Marchant a tranch\u00e9 pour son avenir"},{"@type":"BreadcrumbList","@id":"https:\/\/dicodusport.fr\/blog\/transferts-stade-francais-joe-marchant-a-tranche-pour-son-avenir\/#breadcrumb","itemListElement":[{"@type":"ListItem","position":1,"name":"Accueil","item":"https:\/\/dicodusport.fr\/blog\/"},{"@type":"ListItem","position":2,"name":"Transferts Stade Fran\u00e7ais : Joe Marchant a tranch\u00e9 pour son avenir"}]},{"@type":"WebSite","@id":"https:\/\/dicodusport.fr\/blog\/#website","url":"https:\/\/dicodusport.fr\/blog\/","name":"Dicodusport","description":"L&#039;encyclop\u00e9die de l&#039;actualit\u00e9 sportive","publisher":{"@id":"https:\/\/dicodusport.fr\/blog\/#organization"},"potentialAction":[{"@type":"SearchAction","target":{"@type":"EntryPoint","urlTemplate":"https:\/\/dicodusport.fr\/blog\/?s={search_term_string}"},"query-input":{"@type":"PropertyValueSpecification","valueRequired":true,"valueName":"search_term_string"}}],"inLanguage":"fr-FR"},{"@type":"NewsMediaOrganization","@id":"https:\/\/dicodusport.fr\/blog\/#organization","name":"Dicodusport","url":"https:\/\/dicodusport.fr\/blog\/","logo":{"@type":"ImageObject","inLanguage":"fr-FR","@id":"https:\/\/dicodusport.fr\/blog\/#\/schema\/logo\/image\/","url":"https:\/\/dicodusport.fr\/blog\/wp-content\/uploads\/2020\/06\/cropped-LOGO-DICODUSPORT-2020-SANS-FOND-SANS-TEXTE.png","contentUrl":"https:\/\/dicodusport.fr\/blog\/wp-content\/uploads\/2020\/06\/cropped-LOGO-DICODUSPORT-2020-SANS-FOND-SANS-TEXTE.png","width":512,"height":512,"caption":"Dicodusport"},"image":{"@id":"https:\/\/dicodusport.fr\/blog\/#\/schema\/logo\/image\/"},"sameAs":["https:\/\/www.facebook.com\/dicodusport","https:\/\/x.com\/dicodusport","https:\/\/www.instagram.com\/dicodusport\/","https:\/\/www.youtube.com\/channel\/UC7V2KZ5sd3htJivAbA4ZG3w"],"description":"Dicodusport est l'encyclop\u00e9die de l'actualit\u00e9 sportive.","email":"bonjour@dicodusport.fr","legalName":"DICODUSPORT","foundingDate":"2018-01-14","vatID":"FR71834470973","taxID":"83447097300043","numberOfEmployees":{"@type":"QuantitativeValue","minValue":"1","maxValue":"10"}},{"@type":"Person","@id":"https:\/\/dicodusport.fr\/blog\/#\/schema\/person\/d42c64fd3f03197157c71106ec84f28a","name":"Aur\u00e9lien Torreilles","image":{"@type":"ImageObject","inLanguage":"fr-FR","@id":"https:\/\/dicodusport.fr\/blog\/#\/schema\/person\/image\/","url":"https:\/\/dicodusport.fr\/blog\/wp-content\/uploads\/2025\/06\/Aurelien-Torreilles-150x150.jpg","contentUrl":"https:\/\/dicodusport.fr\/blog\/wp-content\/uploads\/2025\/06\/Aurelien-Torreilles-150x150.jpg","caption":"Aur\u00e9lien Torreilles"},"description":"Encore apprenti journaliste, je d\u00e9couvre d\u00e8s mon plus jeune \u00e2ge les joies, les \u00e9motions et les frissons du monde du sport. Tr\u00e8s vite, j'en suis convaincu, je parlerai de sport toute ma vie, et promis pas que de rugby. Apr\u00e8s 3 ann\u00e9es de droit franco-espagnol, j'ai vite bifurqu\u00e9 vers l'\u00e9cole de journalisme de Toulouse pour en apprendre encore plus quant \u00e0 ce monde qui me passionne et parfaire mes tr\u00e8s jeunes et modestes connaissances. Je rejoins Dicodusport en juin 2025 apr\u00e8s 3 ann\u00e9es pass\u00e9es sur Treize Mondial. Faire vivre l'actualit\u00e9, transmettre l'information et transmettre des \u00e9motions sont mes seuls objectifs. Bien \u00e9videmment, tout \u00e7a dans la bonne humeur transpirante de l'\u00e9quipe de Dicodusport !","url":"https:\/\/dicodusport.fr\/blog\/author\/aurelien\/"}]}},"_links":{"self":[{"href":"https:\/\/dicodusport.fr\/blog\/wp-json\/wp\/v2\/posts\/598729","targetHints":{"allow":["GET"]}}],"collection":[{"href":"https:\/\/dicodusport.fr\/blog\/wp-json\/wp\/v2\/posts"}],"about":[{"href":"https:\/\/dicodusport.fr\/blog\/wp-json\/wp\/v2\/types\/post"}],"author":[{"embeddable":true,"href":"https:\/\/dicodusport.fr\/blog\/wp-json\/wp\/v2\/users\/119"}],"replies":[{"embeddable":true,"href":"https:\/\/dicodusport.fr\/blog\/wp-json\/wp\/v2\/comments?post=598729"}],"version-history":[{"count":3,"href":"https:\/\/dicodusport.fr\/blog\/wp-json\/wp\/v2\/posts\/598729\/revisions"}],"predecessor-version":[{"id":598737,"href":"https:\/\/dicodusport.fr\/blog\/wp-json\/wp\/v2\/posts\/598729\/revisions\/598737"}],"wp:featuredmedia":[{"embeddable":true,"href":"https:\/\/dicodusport.fr\/blog\/wp-json\/wp\/v2\/media\/598736"}],"wp:attachment":[{"href":"https:\/\/dicodusport.fr\/blog\/wp-json\/wp\/v2\/media?parent=598729"}],"wp:term":[{"taxonomy":"category","embeddable":true,"href":"https:\/\/dicodusport.fr\/blog\/wp-json\/wp\/v2\/categories?post=598729"},{"taxonomy":"post_tag","embeddable":true,"href":"https:\/\/dicodusport.fr\/blog\/wp-json\/wp\/v2\/tags?post=598729"}],"curies":[{"name":"wp","href":"https:\/\/api.w.org\/{rel}","templated":true}]}}