{"id":599007,"date":"2025-07-30T09:06:03","date_gmt":"2025-07-30T07:06:03","guid":{"rendered":"https:\/\/dicodusport.fr\/blog\/?p=599007&#038;preview=true&#038;preview_id=599007"},"modified":"2025-07-30T09:14:57","modified_gmt":"2025-07-30T07:14:57","slug":"transferts-linternational-argentin-tomas-albornoz-pourrait-signer-en-top-14","status":"publish","type":"post","link":"https:\/\/dicodusport.fr\/blog\/transferts-linternational-argentin-tomas-albornoz-pourrait-signer-en-top-14\/","title":{"rendered":"Transferts : L&rsquo;international argentin Tomas Albornoz pourrait signer en Top 14"},"content":{"rendered":"<p style=\"text-align: justify;\"><strong><em>TRANSFERTS RUGBY &#8211; Selon <a href=\"https:\/\/www.rugbyscope.fr\/transferts-tomas-albornoz-vers-toulon\/\" target=\"_blank\" rel=\"noopener\">Rugby Scope<\/a>, le RC Toulon voudrait signer l&rsquo;international argentin Tomas Albornoz.\u00a0<\/em><\/strong><\/p>\n<p style=\"text-align: justify;\">Alors que la saison 2025-2026 n&rsquo;a pas encore commenc\u00e9, les clubs de <strong>Top<\/strong> <strong>14<\/strong> d\u00e9marrent leur mercato pour l&rsquo;\u00e9t\u00e9 2026. C&rsquo;est dans ce cadre que l&rsquo;<strong>Aviron<\/strong> <strong>Bayonnais<\/strong> a d\u00e9j\u00e0 annonc\u00e9 la signature de <a href=\"https:\/\/dicodusport.fr\/blog\/transferts-leo-coly-va-quitter-montpellier-pour-un-autre-club-de-top-14\/\"><strong>L\u00e9o<\/strong> <strong>Coly<\/strong><\/a> (Montpellier). Mais le club basque n&rsquo;est pas la seule \u00e9quipe sur le pont, et le RC Toulon est aussi au four et au moulin pour le prochain march\u00e9 estival.<\/p>\n<ul style=\"text-align: justify;\">\n<li style=\"text-align: justify;\"><strong>\u00c0 lire aussi &#8211; <a class=\"row-title\" href=\"https:\/\/dicodusport.fr\/blog\/transferts-rugby-stade-toulousain-joe-marchant-ugo-seunes-les-infos-du-lundi-28-juillet\/\" aria-label=\"\u00ab\u00a0Transferts Rugby : Stade Toulousain, Joe Marchant, Ugo Seunes, les infos du lundi 28 juillet\u00a0\u00bb (Modifier)\">Transferts Rugby : Stade Toulousain, Joe Marchant, Ugo Seunes, les infos du lundi 28 juillet<\/a><\/strong><\/li>\n<\/ul>\n<h2 style=\"text-align: justify;\">Tomas Albornoz \u00e0 Toulon ?<\/h2>\n<p style=\"text-align: justify;\">Alors que <strong>Tommaso<\/strong> <strong>Menoncello<\/strong> est courtis\u00e9 depuis de longues semaines, le club de la Rade s&rsquo;attaque \u00e0 un autre dossier, celui de <strong>Tomas<\/strong> <strong>Albornoz<\/strong>. L&rsquo;ouvreur international argentin aurait d\u00e9j\u00e0 pu rejoindre le Top 14 cette saison, puisqu&rsquo;il a \u00e9t\u00e9 dans les petits papiers de l&rsquo;<strong>Aviron Bayonnais<\/strong>, mais\u00a0aussi de l&rsquo;<strong>ASM<\/strong> <strong>Clermont<\/strong>.<\/p>\n<ul style=\"text-align: justify;\">\n<li><strong>\u00c0 lire aussi \u2013\u00a0<a href=\"https:\/\/dicodusport.fr\/blog\/transferts-stade-toulousain-une-vague-de-prolongations-en-preparation-des-joueurs-dans-lincertitude\/\">Transferts Stade Toulousain : Une vague de prolongations en pr\u00e9paration, des joueurs dans l\u2019incertitude<\/a><\/strong><\/li>\n<\/ul>\n<p style=\"text-align: justify;\">Alors qu&rsquo;<strong>Enzo Herv\u00e9<\/strong> sera en fin de contrat, le RC Toulon aurait coch\u00e9 le nom de <strong>Tomas<\/strong> <strong>Albornoz<\/strong> pour le remplacer. L&rsquo;ouvreur argentin serait int\u00e9ress\u00e9 par une signature dans le Var, et un contrat de quatre ans serait en discussions. Pour l&rsquo;heure, rien n&rsquo;est sign\u00e9, mais les discussions vont bon train entre les diff\u00e9rentes parties. <strong>Tomas Albornoz<\/strong>, qui \u00e9volue \u00e0 Tr\u00e9vise, a jou\u00e9 avec l&rsquo;Argentine face aux Lions Britanniques il y a quelques semaines.<\/p>\n<h3 style=\"text-align: justify;\">\u00c0 lire aussi<\/h3>\n<div class=\"vlp-link-container vlp-layout-article\"><a href=\"https:\/\/dicodusport.fr\/blog\/transferts-rc-toulon-2025-arrivees-departs-et-prolongations\/\" class=\"vlp-link\" title=\"Transferts RC Toulon 2025 : Recrues, d\u00e9parts et prolongations\"><\/a><div class=\"vlp-layout-zone-side\"><div class=\"vlp-block-4 vlp-link-image\"><img loading=\"lazy\" decoding=\"async\" style=\"max-width: 792px;\" width=\"792\" height=\"445\" src=\"https:\/\/dicodusport.fr\/blog\/wp-content\/uploads\/2024\/12\/Transferts-Rugby-Garry-Ringrose-Mathis-Ferte-Karim-Ghezal-les-infos-du-jeudi-5-decembre.png\" class=\"attachment-800x445 size-800x445\" alt=\"Transferts Rugby Garry Ringrose, Mathis Fert\u00e9, Karim Ghezal, les infos du jeudi 5 d\u00e9cembre\" srcset=\"https:\/\/dicodusport.fr\/blog\/wp-content\/uploads\/2024\/12\/Transferts-Rugby-Garry-Ringrose-Mathis-Ferte-Karim-Ghezal-les-infos-du-jeudi-5-decembre.png 1200w, https:\/\/dicodusport.fr\/blog\/wp-content\/uploads\/2024\/12\/Transferts-Rugby-Garry-Ringrose-Mathis-Ferte-Karim-Ghezal-les-infos-du-jeudi-5-decembre-300x169.png 300w, https:\/\/dicodusport.fr\/blog\/wp-content\/uploads\/2024\/12\/Transferts-Rugby-Garry-Ringrose-Mathis-Ferte-Karim-Ghezal-les-infos-du-jeudi-5-decembre-1024x575.png 1024w, https:\/\/dicodusport.fr\/blog\/wp-content\/uploads\/2024\/12\/Transferts-Rugby-Garry-Ringrose-Mathis-Ferte-Karim-Ghezal-les-infos-du-jeudi-5-decembre-768x431.png 768w\" sizes=\"auto, (max-width: 792px) 100vw, 792px\" \/><\/div><\/div><div class=\"vlp-layout-zone-main\"><div class=\"vlp-block-0 vlp-link-title\">Transferts RC Toulon 2025 : Recrues, d\u00e9parts et prolongations<\/div><div class=\"vlp-block-1 vlp-link-summary\">Arriv\u00e9es, d\u00e9parts et prolongations au RC Toulon<\/div><div class=\"vlp-block-2 vlp-link-button\">Lire l'article<\/div><div class=\"vlp-block-3 vlp-link-url\">dicodusport.fr<\/div><\/div><\/div>\n","protected":false},"excerpt":{"rendered":"<p>TRANSFERTS RUGBY &#8211; Selon Rugby Scope, le RC Toulon voudrait signer l&rsquo;international argentin Tomas Albornoz.<\/p>\n","protected":false},"author":1,"featured_media":599010,"comment_status":"open","ping_status":"closed","sticky":false,"template":"","format":"standard","meta":{"_acf_changed":false,"_daextam_enable_autolinks":"1","footnotes":""},"categories":[47050],"tags":[16878,110,29105],"class_list":["post-599007","post","type-post","status-publish","format-standard","has-post-thumbnail","hentry","category-top-14","tag-breve","tag-rugby-a-xv","tag-transferts-rugby"],"acf":[],"yoast_head":"<!-- This site is optimized with the Yoast SEO Premium plugin v26.7 (Yoast SEO v26.7) - https:\/\/yoast.com\/wordpress\/plugins\/seo\/ -->\n<title>Transferts : L&#039;international argentin Tomas Albornoz pourrait signer en Top 14<\/title>\n<meta name=\"description\" content=\"TRANSFERTS RUGBY - Selon Rugby Scope, le RC Toulon voudrait signer l&#039;international argentin Tomas Albornoz.\u00a0\" \/>\n<meta name=\"robots\" content=\"index, follow, max-snippet:-1, max-image-preview:large, max-video-preview:-1\" \/>\n<link rel=\"canonical\" href=\"https:\/\/dicodusport.fr\/blog\/transferts-linternational-argentin-tomas-albornoz-pourrait-signer-en-top-14\/\" \/>\n<meta property=\"og:locale\" content=\"fr_FR\" \/>\n<meta property=\"og:type\" content=\"article\" \/>\n<meta property=\"og:title\" content=\"Transferts : L&#039;international argentin Tomas Albornoz pourrait signer en Top 14\" \/>\n<meta property=\"og:description\" content=\"TRANSFERTS RUGBY - Selon Rugby Scope, le RC Toulon voudrait signer l&#039;international argentin Tomas Albornoz.\u00a0\" \/>\n<meta property=\"og:url\" content=\"https:\/\/dicodusport.fr\/blog\/transferts-linternational-argentin-tomas-albornoz-pourrait-signer-en-top-14\/\" \/>\n<meta property=\"og:site_name\" content=\"Dicodusport\" \/>\n<meta property=\"article:publisher\" content=\"https:\/\/www.facebook.com\/dicodusport\" \/>\n<meta property=\"article:author\" content=\"https:\/\/www.facebook.com\/dicodusport\" \/>\n<meta property=\"article:published_time\" content=\"2025-07-30T07:06:03+00:00\" \/>\n<meta property=\"article:modified_time\" content=\"2025-07-30T07:14:57+00:00\" \/>\n<meta property=\"og:image\" content=\"https:\/\/dicodusport.fr\/blog\/wp-content\/uploads\/2025\/07\/Transferts-Linternational-argentin-Tomas-Albornoz-pourrait-signer-en-Top-14.png\" \/>\n\t<meta property=\"og:image:width\" content=\"1200\" \/>\n\t<meta property=\"og:image:height\" content=\"674\" \/>\n\t<meta property=\"og:image:type\" content=\"image\/png\" \/>\n<meta name=\"author\" content=\"Nicolas Jacquemard\" \/>\n<meta name=\"twitter:card\" content=\"summary_large_image\" \/>\n<meta name=\"twitter:title\" content=\"Transferts : L&#039;international argentin Tomas Albornoz pourrait signer en Top 14\" \/>\n<meta name=\"twitter:creator\" content=\"@https:\/\/twitter.com\/Nico_Jacquemard\" \/>\n<meta name=\"twitter:site\" content=\"@dicodusport\" \/>\n<script type=\"application\/ld+json\" class=\"yoast-schema-graph\">{\"@context\":\"https:\/\/schema.org\",\"@graph\":[{\"@type\":\"NewsArticle\",\"@id\":\"https:\/\/dicodusport.fr\/blog\/transferts-linternational-argentin-tomas-albornoz-pourrait-signer-en-top-14\/#article\",\"isPartOf\":{\"@id\":\"https:\/\/dicodusport.fr\/blog\/transferts-linternational-argentin-tomas-albornoz-pourrait-signer-en-top-14\/\"},\"author\":{\"name\":\"Nicolas Jacquemard\",\"@id\":\"https:\/\/dicodusport.fr\/blog\/#\/schema\/person\/55dcb50ad410894e431ed812bbb70191\"},\"headline\":\"Transferts : L&rsquo;international argentin Tomas Albornoz pourrait signer en Top 14\",\"datePublished\":\"2025-07-30T07:06:03+00:00\",\"dateModified\":\"2025-07-30T07:14:57+00:00\",\"mainEntityOfPage\":{\"@id\":\"https:\/\/dicodusport.fr\/blog\/transferts-linternational-argentin-tomas-albornoz-pourrait-signer-en-top-14\/\"},\"wordCount\":350,\"commentCount\":0,\"publisher\":{\"@id\":\"https:\/\/dicodusport.fr\/blog\/#organization\"},\"image\":{\"@id\":\"https:\/\/dicodusport.fr\/blog\/transferts-linternational-argentin-tomas-albornoz-pourrait-signer-en-top-14\/#primaryimage\"},\"thumbnailUrl\":\"https:\/\/dicodusport.fr\/blog\/wp-content\/uploads\/2025\/07\/Transferts-Linternational-argentin-Tomas-Albornoz-pourrait-signer-en-Top-14.png\",\"keywords\":[\"br\u00e8ve\",\"Rugby \u00e0 XV\",\"Transferts rugby\"],\"articleSection\":[\"Top 14\"],\"inLanguage\":\"fr-FR\",\"potentialAction\":[{\"@type\":\"CommentAction\",\"name\":\"Comment\",\"target\":[\"https:\/\/dicodusport.fr\/blog\/transferts-linternational-argentin-tomas-albornoz-pourrait-signer-en-top-14\/#respond\"]}],\"copyrightYear\":\"2025\",\"copyrightHolder\":{\"@id\":\"https:\/\/dicodusport.fr\/blog\/#organization\"}},{\"@type\":\"WebPage\",\"@id\":\"https:\/\/dicodusport.fr\/blog\/transferts-linternational-argentin-tomas-albornoz-pourrait-signer-en-top-14\/\",\"url\":\"https:\/\/dicodusport.fr\/blog\/transferts-linternational-argentin-tomas-albornoz-pourrait-signer-en-top-14\/\",\"name\":\"Transferts : L'international argentin Tomas Albornoz pourrait signer en Top 14\",\"isPartOf\":{\"@id\":\"https:\/\/dicodusport.fr\/blog\/#website\"},\"primaryImageOfPage\":{\"@id\":\"https:\/\/dicodusport.fr\/blog\/transferts-linternational-argentin-tomas-albornoz-pourrait-signer-en-top-14\/#primaryimage\"},\"image\":{\"@id\":\"https:\/\/dicodusport.fr\/blog\/transferts-linternational-argentin-tomas-albornoz-pourrait-signer-en-top-14\/#primaryimage\"},\"thumbnailUrl\":\"https:\/\/dicodusport.fr\/blog\/wp-content\/uploads\/2025\/07\/Transferts-Linternational-argentin-Tomas-Albornoz-pourrait-signer-en-Top-14.png\",\"datePublished\":\"2025-07-30T07:06:03+00:00\",\"dateModified\":\"2025-07-30T07:14:57+00:00\",\"description\":\"TRANSFERTS RUGBY - Selon Rugby Scope, le RC Toulon voudrait signer l'international argentin Tomas Albornoz.\u00a0\",\"breadcrumb\":{\"@id\":\"https:\/\/dicodusport.fr\/blog\/transferts-linternational-argentin-tomas-albornoz-pourrait-signer-en-top-14\/#breadcrumb\"},\"inLanguage\":\"fr-FR\",\"potentialAction\":[{\"@type\":\"ReadAction\",\"target\":[\"https:\/\/dicodusport.fr\/blog\/transferts-linternational-argentin-tomas-albornoz-pourrait-signer-en-top-14\/\"]}]},{\"@type\":\"ImageObject\",\"inLanguage\":\"fr-FR\",\"@id\":\"https:\/\/dicodusport.fr\/blog\/transferts-linternational-argentin-tomas-albornoz-pourrait-signer-en-top-14\/#primaryimage\",\"url\":\"https:\/\/dicodusport.fr\/blog\/wp-content\/uploads\/2025\/07\/Transferts-Linternational-argentin-Tomas-Albornoz-pourrait-signer-en-Top-14.png\",\"contentUrl\":\"https:\/\/dicodusport.fr\/blog\/wp-content\/uploads\/2025\/07\/Transferts-Linternational-argentin-Tomas-Albornoz-pourrait-signer-en-Top-14.png\",\"width\":1200,\"height\":674},{\"@type\":\"BreadcrumbList\",\"@id\":\"https:\/\/dicodusport.fr\/blog\/transferts-linternational-argentin-tomas-albornoz-pourrait-signer-en-top-14\/#breadcrumb\",\"itemListElement\":[{\"@type\":\"ListItem\",\"position\":1,\"name\":\"Accueil\",\"item\":\"https:\/\/dicodusport.fr\/blog\/\"},{\"@type\":\"ListItem\",\"position\":2,\"name\":\"Transferts : L&rsquo;international argentin Tomas Albornoz pourrait signer en Top 14\"}]},{\"@type\":\"WebSite\",\"@id\":\"https:\/\/dicodusport.fr\/blog\/#website\",\"url\":\"https:\/\/dicodusport.fr\/blog\/\",\"name\":\"Dicodusport\",\"description\":\"L&#039;encyclop\u00e9die de l&#039;actualit\u00e9 sportive\",\"publisher\":{\"@id\":\"https:\/\/dicodusport.fr\/blog\/#organization\"},\"potentialAction\":[{\"@type\":\"SearchAction\",\"target\":{\"@type\":\"EntryPoint\",\"urlTemplate\":\"https:\/\/dicodusport.fr\/blog\/?s={search_term_string}\"},\"query-input\":{\"@type\":\"PropertyValueSpecification\",\"valueRequired\":true,\"valueName\":\"search_term_string\"}}],\"inLanguage\":\"fr-FR\"},{\"@type\":\"NewsMediaOrganization\",\"@id\":\"https:\/\/dicodusport.fr\/blog\/#organization\",\"name\":\"Dicodusport\",\"url\":\"https:\/\/dicodusport.fr\/blog\/\",\"logo\":{\"@type\":\"ImageObject\",\"inLanguage\":\"fr-FR\",\"@id\":\"https:\/\/dicodusport.fr\/blog\/#\/schema\/logo\/image\/\",\"url\":\"https:\/\/dicodusport.fr\/blog\/wp-content\/uploads\/2020\/06\/cropped-LOGO-DICODUSPORT-2020-SANS-FOND-SANS-TEXTE.png\",\"contentUrl\":\"https:\/\/dicodusport.fr\/blog\/wp-content\/uploads\/2020\/06\/cropped-LOGO-DICODUSPORT-2020-SANS-FOND-SANS-TEXTE.png\",\"width\":512,\"height\":512,\"caption\":\"Dicodusport\"},\"image\":{\"@id\":\"https:\/\/dicodusport.fr\/blog\/#\/schema\/logo\/image\/\"},\"sameAs\":[\"https:\/\/www.facebook.com\/dicodusport\",\"https:\/\/x.com\/dicodusport\",\"https:\/\/www.instagram.com\/dicodusport\/\",\"https:\/\/www.youtube.com\/channel\/UC7V2KZ5sd3htJivAbA4ZG3w\"],\"description\":\"Dicodusport est l'encyclop\u00e9die de l'actualit\u00e9 sportive.\",\"email\":\"bonjour@dicodusport.fr\",\"legalName\":\"DICODUSPORT\",\"foundingDate\":\"2018-01-14\",\"vatID\":\"FR71834470973\",\"taxID\":\"83447097300043\",\"numberOfEmployees\":{\"@type\":\"QuantitativeValue\",\"minValue\":\"1\",\"maxValue\":\"10\"}},{\"@type\":\"Person\",\"@id\":\"https:\/\/dicodusport.fr\/blog\/#\/schema\/person\/55dcb50ad410894e431ed812bbb70191\",\"name\":\"Nicolas Jacquemard\",\"image\":{\"@type\":\"ImageObject\",\"inLanguage\":\"fr-FR\",\"@id\":\"https:\/\/dicodusport.fr\/blog\/#\/schema\/person\/image\/\",\"url\":\"https:\/\/dicodusport.fr\/blog\/wp-content\/uploads\/2021\/05\/Nicolas-Jacquemard-150x150.jpeg\",\"contentUrl\":\"https:\/\/dicodusport.fr\/blog\/wp-content\/uploads\/2021\/05\/Nicolas-Jacquemard-150x150.jpeg\",\"caption\":\"Nicolas Jacquemard\"},\"description\":\"Passionn\u00e9 de sport et entrepreneur depuis mes 18 ans, la cr\u00e9ation de Dicodusport m'a sembl\u00e9 \u00e9vidente pour participer \u00e0 la m\u00e9diatisation d'un plus grand nombre de sports. Le chemin est long mais avec une \u00e9quipe des plus motiv\u00e9es et les Jeux Olympiques de Paris 2024 en point de mire, nous y arriverons ! Journaliste dans le monde du sport depuis plus de 5 ans, je traite aussi bien de football, de rugby, de biathlon que de cyclisme.\",\"sameAs\":[\"https:\/\/www.facebook.com\/dicodusport\",\"https:\/\/x.com\/https:\/\/twitter.com\/Nico_Jacquemard\"],\"url\":\"https:\/\/dicodusport.fr\/blog\/author\/dicodusport\/\"}]}<\/script>\n<!-- \/ Yoast SEO Premium plugin. -->","yoast_head_json":{"title":"Transferts : L'international argentin Tomas Albornoz pourrait signer en Top 14","description":"TRANSFERTS RUGBY - Selon Rugby Scope, le RC Toulon voudrait signer l'international argentin Tomas Albornoz.\u00a0","robots":{"index":"index","follow":"follow","max-snippet":"max-snippet:-1","max-image-preview":"max-image-preview:large","max-video-preview":"max-video-preview:-1"},"canonical":"https:\/\/dicodusport.fr\/blog\/transferts-linternational-argentin-tomas-albornoz-pourrait-signer-en-top-14\/","og_locale":"fr_FR","og_type":"article","og_title":"Transferts : L'international argentin Tomas Albornoz pourrait signer en Top 14","og_description":"TRANSFERTS RUGBY - Selon Rugby Scope, le RC Toulon voudrait signer l'international argentin Tomas Albornoz.\u00a0","og_url":"https:\/\/dicodusport.fr\/blog\/transferts-linternational-argentin-tomas-albornoz-pourrait-signer-en-top-14\/","og_site_name":"Dicodusport","article_publisher":"https:\/\/www.facebook.com\/dicodusport","article_author":"https:\/\/www.facebook.com\/dicodusport","article_published_time":"2025-07-30T07:06:03+00:00","article_modified_time":"2025-07-30T07:14:57+00:00","og_image":[{"width":1200,"height":674,"url":"https:\/\/dicodusport.fr\/blog\/wp-content\/uploads\/2025\/07\/Transferts-Linternational-argentin-Tomas-Albornoz-pourrait-signer-en-Top-14.png","type":"image\/png"}],"author":"Nicolas Jacquemard","twitter_card":"summary_large_image","twitter_title":"Transferts : L'international argentin Tomas Albornoz pourrait signer en Top 14","twitter_creator":"@https:\/\/twitter.com\/Nico_Jacquemard","twitter_site":"@dicodusport","schema":{"@context":"https:\/\/schema.org","@graph":[{"@type":"NewsArticle","@id":"https:\/\/dicodusport.fr\/blog\/transferts-linternational-argentin-tomas-albornoz-pourrait-signer-en-top-14\/#article","isPartOf":{"@id":"https:\/\/dicodusport.fr\/blog\/transferts-linternational-argentin-tomas-albornoz-pourrait-signer-en-top-14\/"},"author":{"name":"Nicolas Jacquemard","@id":"https:\/\/dicodusport.fr\/blog\/#\/schema\/person\/55dcb50ad410894e431ed812bbb70191"},"headline":"Transferts : L&rsquo;international argentin Tomas Albornoz pourrait signer en Top 14","datePublished":"2025-07-30T07:06:03+00:00","dateModified":"2025-07-30T07:14:57+00:00","mainEntityOfPage":{"@id":"https:\/\/dicodusport.fr\/blog\/transferts-linternational-argentin-tomas-albornoz-pourrait-signer-en-top-14\/"},"wordCount":350,"commentCount":0,"publisher":{"@id":"https:\/\/dicodusport.fr\/blog\/#organization"},"image":{"@id":"https:\/\/dicodusport.fr\/blog\/transferts-linternational-argentin-tomas-albornoz-pourrait-signer-en-top-14\/#primaryimage"},"thumbnailUrl":"https:\/\/dicodusport.fr\/blog\/wp-content\/uploads\/2025\/07\/Transferts-Linternational-argentin-Tomas-Albornoz-pourrait-signer-en-Top-14.png","keywords":["br\u00e8ve","Rugby \u00e0 XV","Transferts rugby"],"articleSection":["Top 14"],"inLanguage":"fr-FR","potentialAction":[{"@type":"CommentAction","name":"Comment","target":["https:\/\/dicodusport.fr\/blog\/transferts-linternational-argentin-tomas-albornoz-pourrait-signer-en-top-14\/#respond"]}],"copyrightYear":"2025","copyrightHolder":{"@id":"https:\/\/dicodusport.fr\/blog\/#organization"}},{"@type":"WebPage","@id":"https:\/\/dicodusport.fr\/blog\/transferts-linternational-argentin-tomas-albornoz-pourrait-signer-en-top-14\/","url":"https:\/\/dicodusport.fr\/blog\/transferts-linternational-argentin-tomas-albornoz-pourrait-signer-en-top-14\/","name":"Transferts : L'international argentin Tomas Albornoz pourrait signer en Top 14","isPartOf":{"@id":"https:\/\/dicodusport.fr\/blog\/#website"},"primaryImageOfPage":{"@id":"https:\/\/dicodusport.fr\/blog\/transferts-linternational-argentin-tomas-albornoz-pourrait-signer-en-top-14\/#primaryimage"},"image":{"@id":"https:\/\/dicodusport.fr\/blog\/transferts-linternational-argentin-tomas-albornoz-pourrait-signer-en-top-14\/#primaryimage"},"thumbnailUrl":"https:\/\/dicodusport.fr\/blog\/wp-content\/uploads\/2025\/07\/Transferts-Linternational-argentin-Tomas-Albornoz-pourrait-signer-en-Top-14.png","datePublished":"2025-07-30T07:06:03+00:00","dateModified":"2025-07-30T07:14:57+00:00","description":"TRANSFERTS RUGBY - Selon Rugby Scope, le RC Toulon voudrait signer l'international argentin Tomas Albornoz.\u00a0","breadcrumb":{"@id":"https:\/\/dicodusport.fr\/blog\/transferts-linternational-argentin-tomas-albornoz-pourrait-signer-en-top-14\/#breadcrumb"},"inLanguage":"fr-FR","potentialAction":[{"@type":"ReadAction","target":["https:\/\/dicodusport.fr\/blog\/transferts-linternational-argentin-tomas-albornoz-pourrait-signer-en-top-14\/"]}]},{"@type":"ImageObject","inLanguage":"fr-FR","@id":"https:\/\/dicodusport.fr\/blog\/transferts-linternational-argentin-tomas-albornoz-pourrait-signer-en-top-14\/#primaryimage","url":"https:\/\/dicodusport.fr\/blog\/wp-content\/uploads\/2025\/07\/Transferts-Linternational-argentin-Tomas-Albornoz-pourrait-signer-en-Top-14.png","contentUrl":"https:\/\/dicodusport.fr\/blog\/wp-content\/uploads\/2025\/07\/Transferts-Linternational-argentin-Tomas-Albornoz-pourrait-signer-en-Top-14.png","width":1200,"height":674},{"@type":"BreadcrumbList","@id":"https:\/\/dicodusport.fr\/blog\/transferts-linternational-argentin-tomas-albornoz-pourrait-signer-en-top-14\/#breadcrumb","itemListElement":[{"@type":"ListItem","position":1,"name":"Accueil","item":"https:\/\/dicodusport.fr\/blog\/"},{"@type":"ListItem","position":2,"name":"Transferts : L&rsquo;international argentin Tomas Albornoz pourrait signer en Top 14"}]},{"@type":"WebSite","@id":"https:\/\/dicodusport.fr\/blog\/#website","url":"https:\/\/dicodusport.fr\/blog\/","name":"Dicodusport","description":"L&#039;encyclop\u00e9die de l&#039;actualit\u00e9 sportive","publisher":{"@id":"https:\/\/dicodusport.fr\/blog\/#organization"},"potentialAction":[{"@type":"SearchAction","target":{"@type":"EntryPoint","urlTemplate":"https:\/\/dicodusport.fr\/blog\/?s={search_term_string}"},"query-input":{"@type":"PropertyValueSpecification","valueRequired":true,"valueName":"search_term_string"}}],"inLanguage":"fr-FR"},{"@type":"NewsMediaOrganization","@id":"https:\/\/dicodusport.fr\/blog\/#organization","name":"Dicodusport","url":"https:\/\/dicodusport.fr\/blog\/","logo":{"@type":"ImageObject","inLanguage":"fr-FR","@id":"https:\/\/dicodusport.fr\/blog\/#\/schema\/logo\/image\/","url":"https:\/\/dicodusport.fr\/blog\/wp-content\/uploads\/2020\/06\/cropped-LOGO-DICODUSPORT-2020-SANS-FOND-SANS-TEXTE.png","contentUrl":"https:\/\/dicodusport.fr\/blog\/wp-content\/uploads\/2020\/06\/cropped-LOGO-DICODUSPORT-2020-SANS-FOND-SANS-TEXTE.png","width":512,"height":512,"caption":"Dicodusport"},"image":{"@id":"https:\/\/dicodusport.fr\/blog\/#\/schema\/logo\/image\/"},"sameAs":["https:\/\/www.facebook.com\/dicodusport","https:\/\/x.com\/dicodusport","https:\/\/www.instagram.com\/dicodusport\/","https:\/\/www.youtube.com\/channel\/UC7V2KZ5sd3htJivAbA4ZG3w"],"description":"Dicodusport est l'encyclop\u00e9die de l'actualit\u00e9 sportive.","email":"bonjour@dicodusport.fr","legalName":"DICODUSPORT","foundingDate":"2018-01-14","vatID":"FR71834470973","taxID":"83447097300043","numberOfEmployees":{"@type":"QuantitativeValue","minValue":"1","maxValue":"10"}},{"@type":"Person","@id":"https:\/\/dicodusport.fr\/blog\/#\/schema\/person\/55dcb50ad410894e431ed812bbb70191","name":"Nicolas Jacquemard","image":{"@type":"ImageObject","inLanguage":"fr-FR","@id":"https:\/\/dicodusport.fr\/blog\/#\/schema\/person\/image\/","url":"https:\/\/dicodusport.fr\/blog\/wp-content\/uploads\/2021\/05\/Nicolas-Jacquemard-150x150.jpeg","contentUrl":"https:\/\/dicodusport.fr\/blog\/wp-content\/uploads\/2021\/05\/Nicolas-Jacquemard-150x150.jpeg","caption":"Nicolas Jacquemard"},"description":"Passionn\u00e9 de sport et entrepreneur depuis mes 18 ans, la cr\u00e9ation de Dicodusport m'a sembl\u00e9 \u00e9vidente pour participer \u00e0 la m\u00e9diatisation d'un plus grand nombre de sports. Le chemin est long mais avec une \u00e9quipe des plus motiv\u00e9es et les Jeux Olympiques de Paris 2024 en point de mire, nous y arriverons ! Journaliste dans le monde du sport depuis plus de 5 ans, je traite aussi bien de football, de rugby, de biathlon que de cyclisme.","sameAs":["https:\/\/www.facebook.com\/dicodusport","https:\/\/x.com\/https:\/\/twitter.com\/Nico_Jacquemard"],"url":"https:\/\/dicodusport.fr\/blog\/author\/dicodusport\/"}]}},"_links":{"self":[{"href":"https:\/\/dicodusport.fr\/blog\/wp-json\/wp\/v2\/posts\/599007","targetHints":{"allow":["GET"]}}],"collection":[{"href":"https:\/\/dicodusport.fr\/blog\/wp-json\/wp\/v2\/posts"}],"about":[{"href":"https:\/\/dicodusport.fr\/blog\/wp-json\/wp\/v2\/types\/post"}],"author":[{"embeddable":true,"href":"https:\/\/dicodusport.fr\/blog\/wp-json\/wp\/v2\/users\/1"}],"replies":[{"embeddable":true,"href":"https:\/\/dicodusport.fr\/blog\/wp-json\/wp\/v2\/comments?post=599007"}],"version-history":[{"count":3,"href":"https:\/\/dicodusport.fr\/blog\/wp-json\/wp\/v2\/posts\/599007\/revisions"}],"predecessor-version":[{"id":599020,"href":"https:\/\/dicodusport.fr\/blog\/wp-json\/wp\/v2\/posts\/599007\/revisions\/599020"}],"wp:featuredmedia":[{"embeddable":true,"href":"https:\/\/dicodusport.fr\/blog\/wp-json\/wp\/v2\/media\/599010"}],"wp:attachment":[{"href":"https:\/\/dicodusport.fr\/blog\/wp-json\/wp\/v2\/media?parent=599007"}],"wp:term":[{"taxonomy":"category","embeddable":true,"href":"https:\/\/dicodusport.fr\/blog\/wp-json\/wp\/v2\/categories?post=599007"},{"taxonomy":"post_tag","embeddable":true,"href":"https:\/\/dicodusport.fr\/blog\/wp-json\/wp\/v2\/tags?post=599007"}],"curies":[{"name":"wp","href":"https:\/\/api.w.org\/{rel}","templated":true}]}}