{"id":599223,"date":"2025-07-30T19:24:22","date_gmt":"2025-07-30T17:24:22","guid":{"rendered":"https:\/\/dicodusport.fr\/blog\/?p=599223&#038;preview=true&#038;preview_id=599223"},"modified":"2025-07-30T19:24:22","modified_gmt":"2025-07-30T17:24:22","slug":"euro-juniors-u23-canoe-kayak-slalom-2025-deux-medailles-par-equipes-pour-le-kayak-francais","status":"publish","type":"post","link":"https:\/\/dicodusport.fr\/blog\/euro-juniors-u23-canoe-kayak-slalom-2025-deux-medailles-par-equipes-pour-le-kayak-francais\/","title":{"rendered":"Euro Juniors\/U23 cano\u00eb-kayak slalom 2025 : Deux m\u00e9dailles par \u00e9quipes pour le kayak fran\u00e7ais"},"content":{"rendered":"<p style=\"text-align: justify;\"><strong><em>CHAMPIONNATS D&rsquo;EUROPE JUNIORS \/ U23 DE CANO\u00cb-KAYAK SLALOM 2025 &#8211; 4 finales par \u00e9quipes, 2 m\u00e9dailles d&rsquo;argent : entr\u00e9e en piste r\u00e9ussie pour les Bleuets en Slov\u00e9nie.<\/em><\/strong><\/p>\n<p style=\"text-align: justify;\">Voil\u00e0 quelques semaines, la rel\u00e8ve du cano\u00eb-kayak slalom fran\u00e7ais avait perform\u00e9 lors des Championnats d&rsquo;Europe juniors et U23 organis\u00e9s dans l&rsquo;Hexagone, \u00e0 Foix. Avec trois titres et 12 m\u00e9dailles au total, les Bleuets n&rsquo;avaient pas rat\u00e9 leur rendez-vous, et le m\u00eame type de bilan \u00e9tait attendu pour les Championnats d&rsquo;Europe, qui d\u00e9butaient aujourd&rsquo;hui en Slov\u00e9nie, avec les \u00e9preuves de kayak par \u00e9quipes.<\/p>\n<div class=\"vlp-link-container vlp-layout-article\"><a href=\"https:\/\/dicodusport.fr\/blog\/mondiaux-juniors-u23-canoe-kayak-slalom-2025-doriane-delassus-championne-du-monde-u23-de-kayak-cross\/\" class=\"vlp-link\" title=\"Mondiaux Juniors\/U23 cano\u00eb-kayak slalom 2025 : Doriane Delassus championne du monde U23 de kayak cross !\"><\/a><div class=\"vlp-layout-zone-side\"><div class=\"vlp-block-4 vlp-link-image\"><img loading=\"lazy\" decoding=\"async\" style=\"max-width: 792px;\" width=\"792\" height=\"445\" src=\"https:\/\/dicodusport.fr\/blog\/wp-content\/uploads\/2025\/07\/Mondiaux-JuniorsU23-canoe-kayak-slalom-2025-Doriane-Delassus-championne-du-monde-U23-de-kayak-cross-.png\" class=\"attachment-800x445 size-800x445\" alt=\"Mondiaux JuniorsU23 cano\u00eb-kayak slalom 2025 Doriane Delassus championne du monde U23 de kayak cross !\" srcset=\"https:\/\/dicodusport.fr\/blog\/wp-content\/uploads\/2025\/07\/Mondiaux-JuniorsU23-canoe-kayak-slalom-2025-Doriane-Delassus-championne-du-monde-U23-de-kayak-cross-.png 1200w, https:\/\/dicodusport.fr\/blog\/wp-content\/uploads\/2025\/07\/Mondiaux-JuniorsU23-canoe-kayak-slalom-2025-Doriane-Delassus-championne-du-monde-U23-de-kayak-cross--300x169.png 300w, https:\/\/dicodusport.fr\/blog\/wp-content\/uploads\/2025\/07\/Mondiaux-JuniorsU23-canoe-kayak-slalom-2025-Doriane-Delassus-championne-du-monde-U23-de-kayak-cross--1024x575.png 1024w, https:\/\/dicodusport.fr\/blog\/wp-content\/uploads\/2025\/07\/Mondiaux-JuniorsU23-canoe-kayak-slalom-2025-Doriane-Delassus-championne-du-monde-U23-de-kayak-cross--768x431.png 768w\" sizes=\"auto, (max-width: 792px) 100vw, 792px\" \/><\/div><\/div><div class=\"vlp-layout-zone-main\"><div class=\"vlp-block-0 vlp-link-title\">Mondiaux Juniors\/U23 cano\u00eb-kayak slalom 2025 : Doriane Delassus championne du monde U23 de kayak cross !<\/div><div class=\"vlp-block-1 vlp-link-summary\">CHAMPIONNATS DU MONDE JUNIORS \/ U23 DE CANO\u00cb-KAYAK SLALOM 2025 - Fin en apoth\u00e9ose sur le kayak cross avec l'argent de Titouan Castryck et surtout le titre pour Doriane Delassus chez les U23.<\/div><div class=\"vlp-block-2 vlp-link-button\">Lire l'article<\/div><div class=\"vlp-block-3 vlp-link-url\">dicodusport.fr<\/div><\/div><\/div>\n<h2 style=\"text-align: justify;\">Pluie d&rsquo;argent<\/h2>\n<p style=\"text-align: justify;\">Chez les juniors, les filles ont d\u00e9\u00e7u avec une 6e place. <strong>Margot Lap\u00e8ze<\/strong>, <strong>Suzanne Brossard<\/strong> et <strong>Judith Locatelli<\/strong> \u00e9taient pourtant <a href=\"https:\/\/dicodusport.fr\/blog\/mondiaux-juniors-u23-canoe-kayak-slalom-2025-deja-trois-medailles-par-equipes-pour-la-france\/\">en bronze aux Mondiaux<\/a>, mais ont cruellement manqu\u00e9 de vitesse alors qu&rsquo;elles n&rsquo;avaient commis qu&rsquo;une erreur. Heureusement, les gar\u00e7ons ont sauv\u00e9 le coup. S&rsquo;ils peuvent maudire cette porte 7 touch\u00e9e qui leur co\u00fbte la victoire,<strong> Titouan Estanguet<\/strong>, <strong>Tao Petit<\/strong> et <strong>Cl\u00e9ment Davy<\/strong> ont rattrap\u00e9 leur \u00e9chec des Mondiaux et s&rsquo;offrent l&rsquo;argent. N\u00e9anmoins, la France perd <a href=\"https:\/\/dicodusport.fr\/blog\/euro-juniors-u23-de-canoe-kayak-slalom-avec-9-titres-les-bleuets-survolent-la-competition\/\">le titre conquis l&rsquo;an dernier<\/a>, avec d\u00e9j\u00e0 <strong>Estanguet<\/strong> en son sein.<\/p>\n<p style=\"text-align: justify;\">La situation s&rsquo;est r\u00e9p\u00e9t\u00e9e \u00e0 l&rsquo;identique chez les U23. <strong>Doriane Delassus<\/strong>, <strong>Nina Pesce-Roue<\/strong> et <strong>Ilona Martin Laemle<\/strong> ont failli en termes de vitesse, terminant \u00e0 plus de 8 secondes de la victoire avec une seule faute. Les deux premi\u00e8res \u00e9taient pourtant vice-championnes du monde \u00e0 Foix. Tout comme <strong>Martin Cornu<\/strong> et <strong>No\u00e9 Perreau<\/strong>, associ\u00e9s cette fois \u00e0 <strong>Elouan Debliquy<\/strong>. Argent mondial et argent europ\u00e9en, les Bleuets \u00e9chouant de six dixi\u00e8mes sur le trio allemand. Mais tout de m\u00eame deux m\u00e9dailles d&rsquo;argent pour commencer une semaine qui s&rsquo;annonce riche en r\u00e9compenses pour la d\u00e9l\u00e9gation fran\u00e7aise.<\/p>\n<blockquote class=\"twitter-tweet\">\n<p dir=\"ltr\" lang=\"fr\">L&rsquo;\u00e9quipe de France Slalom U18 &amp; U23 <a href=\"https:\/\/twitter.com\/hashtag\/Slalom?src=hash&amp;ref_src=twsrc%5Etfw\">#Slalom<\/a> \ud83d\udef6 lance son Championnat d&rsquo;Europe \u00e0 \ud83d\udccd <a href=\"https:\/\/twitter.com\/hashtag\/Solkan?src=hash&amp;ref_src=twsrc%5Etfw\">#Solkan<\/a> avec 2\ufe0f\u20e3 m\u00e9dailles d&rsquo;argent \ud83e\udd48 lors des courses par \u00e9quipe pour les K1HU18 &amp; les K1HU23<\/p>\n<p>Un grand bravo aux bleus \ud83c\uddeb\ud83c\uddf7<a href=\"https:\/\/twitter.com\/hashtag\/O%C3%8BKALATRIBU?src=hash&amp;ref_src=twsrc%5Etfw\">#O\u00cbKALATRIBU<\/a> <a href=\"https:\/\/t.co\/84KCRvDbtZ\">pic.twitter.com\/84KCRvDbtZ<\/a><\/p>\n<p>\u2014 FFCK (@FF_CanoeKayak) <a href=\"https:\/\/twitter.com\/FF_CanoeKayak\/status\/1950606608557298040?ref_src=twsrc%5Etfw\">July 30, 2025<\/a><\/p><\/blockquote>\n<p style=\"text-align: justify;\"><script async src=\"https:\/\/platform.twitter.com\/widgets.js\" charset=\"utf-8\"><\/script><\/p>\n<h2 style=\"text-align: justify;\">Les m\u00e9dailles fran\u00e7aises<\/h2>\n<p style=\"text-align: justify;\">Or :<\/p>\n<p style=\"text-align: justify;\">Argent : Titouan Estanguet, Tao Petit et Cl\u00e9ment Davy (kayak par \u00e9quipes juniors), Martin Cornu, No\u00e9 Perreau et Elouan Debliquy (kayak par \u00e9quipes U23)<\/p>\n<p style=\"text-align: justify;\">Bronze :<\/p>\n","protected":false},"excerpt":{"rendered":"<p>CHAMPIONNATS D&rsquo;EUROPE JUNIORS \/ U23 DE CANO\u00cb-KAYAK SLALOM 2025 &#8211; 4 finales par \u00e9quipes, 2 m\u00e9dailles d&rsquo;argent : entr\u00e9e en piste r\u00e9ussie pour les Bleuets en Slov\u00e9nie.<\/p>\n","protected":false},"author":59,"featured_media":599225,"comment_status":"open","ping_status":"closed","sticky":false,"template":"","format":"standard","meta":{"_acf_changed":false,"_daextam_enable_autolinks":"1","footnotes":""},"categories":[10458],"tags":[16878,46559],"class_list":["post-599223","post","type-post","status-publish","format-standard","has-post-thumbnail","hentry","category-canoe-kayak","tag-breve","tag-championnats-deurope-canoe-kayak"],"acf":[],"yoast_head":"<!-- This site is optimized with the Yoast SEO Premium plugin v26.7 (Yoast SEO v26.7) - https:\/\/yoast.com\/wordpress\/plugins\/seo\/ -->\n<title>Euro Juniors\/U23 cano\u00eb-kayak slalom 2025 : Deux m\u00e9dailles par \u00e9quipes pour le kayak fran\u00e7ais<\/title>\n<meta name=\"description\" content=\"CHAMPIONNATS D&#039;EUROPE JUNIORS \/ U23 DE CANO\u00cb-KAYAK SLALOM 2025 - 4 finales par \u00e9quipes, 2 m\u00e9dailles d&#039;argent : entr\u00e9e en piste r\u00e9ussie pour les Bleuets en Slov\u00e9nie.\" \/>\n<meta name=\"robots\" content=\"index, follow, max-snippet:-1, max-image-preview:large, max-video-preview:-1\" \/>\n<link rel=\"canonical\" href=\"https:\/\/dicodusport.fr\/blog\/euro-juniors-u23-canoe-kayak-slalom-2025-deux-medailles-par-equipes-pour-le-kayak-francais\/\" \/>\n<meta property=\"og:locale\" content=\"fr_FR\" \/>\n<meta property=\"og:type\" content=\"article\" \/>\n<meta property=\"og:title\" content=\"Euro Juniors\/U23 cano\u00eb-kayak slalom 2025 : Deux m\u00e9dailles par \u00e9quipes pour le kayak fran\u00e7ais\" \/>\n<meta property=\"og:description\" content=\"CHAMPIONNATS D&#039;EUROPE JUNIORS \/ U23 DE CANO\u00cb-KAYAK SLALOM 2025 - 4 finales par \u00e9quipes, 2 m\u00e9dailles d&#039;argent : entr\u00e9e en piste r\u00e9ussie pour les Bleuets en Slov\u00e9nie.\" \/>\n<meta property=\"og:url\" content=\"https:\/\/dicodusport.fr\/blog\/euro-juniors-u23-canoe-kayak-slalom-2025-deux-medailles-par-equipes-pour-le-kayak-francais\/\" \/>\n<meta property=\"og:site_name\" content=\"Dicodusport\" \/>\n<meta property=\"article:publisher\" content=\"https:\/\/www.facebook.com\/dicodusport\" \/>\n<meta property=\"article:author\" content=\"https:\/\/www.facebook.com\/sebastien.gente\/\" \/>\n<meta property=\"article:published_time\" content=\"2025-07-30T17:24:22+00:00\" \/>\n<meta property=\"og:image\" content=\"https:\/\/dicodusport.fr\/blog\/wp-content\/uploads\/2025\/07\/Euro-JuniorsU23-canoe-kayak-slalom-2025-Deux-medailles-par-equipes-pour-le-kayak-francais.png\" \/>\n\t<meta property=\"og:image:width\" content=\"1200\" \/>\n\t<meta property=\"og:image:height\" content=\"674\" \/>\n\t<meta property=\"og:image:type\" content=\"image\/png\" \/>\n<meta name=\"author\" content=\"S\u00e9bastien Gente\" \/>\n<meta name=\"twitter:card\" content=\"summary_large_image\" \/>\n<meta name=\"twitter:title\" content=\"Euro Juniors\/U23 cano\u00eb-kayak slalom 2025 : Deux m\u00e9dailles par \u00e9quipes pour le kayak fran\u00e7ais\" \/>\n<meta name=\"twitter:creator\" content=\"@https:\/\/twitter.com\/globulo24\" \/>\n<meta name=\"twitter:site\" content=\"@dicodusport\" \/>\n<script type=\"application\/ld+json\" class=\"yoast-schema-graph\">{\"@context\":\"https:\/\/schema.org\",\"@graph\":[{\"@type\":\"NewsArticle\",\"@id\":\"https:\/\/dicodusport.fr\/blog\/euro-juniors-u23-canoe-kayak-slalom-2025-deux-medailles-par-equipes-pour-le-kayak-francais\/#article\",\"isPartOf\":{\"@id\":\"https:\/\/dicodusport.fr\/blog\/euro-juniors-u23-canoe-kayak-slalom-2025-deux-medailles-par-equipes-pour-le-kayak-francais\/\"},\"author\":{\"name\":\"S\u00e9bastien Gente\",\"@id\":\"https:\/\/dicodusport.fr\/blog\/#\/schema\/person\/627966a6cde45dbd8c5e36ac85d783da\"},\"headline\":\"Euro Juniors\/U23 cano\u00eb-kayak slalom 2025 : Deux m\u00e9dailles par \u00e9quipes pour le kayak fran\u00e7ais\",\"datePublished\":\"2025-07-30T17:24:22+00:00\",\"mainEntityOfPage\":{\"@id\":\"https:\/\/dicodusport.fr\/blog\/euro-juniors-u23-canoe-kayak-slalom-2025-deux-medailles-par-equipes-pour-le-kayak-francais\/\"},\"wordCount\":512,\"commentCount\":0,\"publisher\":{\"@id\":\"https:\/\/dicodusport.fr\/blog\/#organization\"},\"image\":{\"@id\":\"https:\/\/dicodusport.fr\/blog\/euro-juniors-u23-canoe-kayak-slalom-2025-deux-medailles-par-equipes-pour-le-kayak-francais\/#primaryimage\"},\"thumbnailUrl\":\"https:\/\/dicodusport.fr\/blog\/wp-content\/uploads\/2025\/07\/Euro-JuniorsU23-canoe-kayak-slalom-2025-Deux-medailles-par-equipes-pour-le-kayak-francais.png\",\"keywords\":[\"br\u00e8ve\",\"Championnats d'Europe cano\u00eb-kayak\"],\"articleSection\":[\"Cano\u00eb-Kayak\"],\"inLanguage\":\"fr-FR\",\"potentialAction\":[{\"@type\":\"CommentAction\",\"name\":\"Comment\",\"target\":[\"https:\/\/dicodusport.fr\/blog\/euro-juniors-u23-canoe-kayak-slalom-2025-deux-medailles-par-equipes-pour-le-kayak-francais\/#respond\"]}],\"copyrightYear\":\"2025\",\"copyrightHolder\":{\"@id\":\"https:\/\/dicodusport.fr\/blog\/#organization\"}},{\"@type\":\"WebPage\",\"@id\":\"https:\/\/dicodusport.fr\/blog\/euro-juniors-u23-canoe-kayak-slalom-2025-deux-medailles-par-equipes-pour-le-kayak-francais\/\",\"url\":\"https:\/\/dicodusport.fr\/blog\/euro-juniors-u23-canoe-kayak-slalom-2025-deux-medailles-par-equipes-pour-le-kayak-francais\/\",\"name\":\"Euro Juniors\/U23 cano\u00eb-kayak slalom 2025 : Deux m\u00e9dailles par \u00e9quipes pour le kayak fran\u00e7ais\",\"isPartOf\":{\"@id\":\"https:\/\/dicodusport.fr\/blog\/#website\"},\"primaryImageOfPage\":{\"@id\":\"https:\/\/dicodusport.fr\/blog\/euro-juniors-u23-canoe-kayak-slalom-2025-deux-medailles-par-equipes-pour-le-kayak-francais\/#primaryimage\"},\"image\":{\"@id\":\"https:\/\/dicodusport.fr\/blog\/euro-juniors-u23-canoe-kayak-slalom-2025-deux-medailles-par-equipes-pour-le-kayak-francais\/#primaryimage\"},\"thumbnailUrl\":\"https:\/\/dicodusport.fr\/blog\/wp-content\/uploads\/2025\/07\/Euro-JuniorsU23-canoe-kayak-slalom-2025-Deux-medailles-par-equipes-pour-le-kayak-francais.png\",\"datePublished\":\"2025-07-30T17:24:22+00:00\",\"description\":\"CHAMPIONNATS D'EUROPE JUNIORS \/ U23 DE CANO\u00cb-KAYAK SLALOM 2025 - 4 finales par \u00e9quipes, 2 m\u00e9dailles d'argent : entr\u00e9e en piste r\u00e9ussie pour les Bleuets en Slov\u00e9nie.\",\"breadcrumb\":{\"@id\":\"https:\/\/dicodusport.fr\/blog\/euro-juniors-u23-canoe-kayak-slalom-2025-deux-medailles-par-equipes-pour-le-kayak-francais\/#breadcrumb\"},\"inLanguage\":\"fr-FR\",\"potentialAction\":[{\"@type\":\"ReadAction\",\"target\":[\"https:\/\/dicodusport.fr\/blog\/euro-juniors-u23-canoe-kayak-slalom-2025-deux-medailles-par-equipes-pour-le-kayak-francais\/\"]}]},{\"@type\":\"ImageObject\",\"inLanguage\":\"fr-FR\",\"@id\":\"https:\/\/dicodusport.fr\/blog\/euro-juniors-u23-canoe-kayak-slalom-2025-deux-medailles-par-equipes-pour-le-kayak-francais\/#primaryimage\",\"url\":\"https:\/\/dicodusport.fr\/blog\/wp-content\/uploads\/2025\/07\/Euro-JuniorsU23-canoe-kayak-slalom-2025-Deux-medailles-par-equipes-pour-le-kayak-francais.png\",\"contentUrl\":\"https:\/\/dicodusport.fr\/blog\/wp-content\/uploads\/2025\/07\/Euro-JuniorsU23-canoe-kayak-slalom-2025-Deux-medailles-par-equipes-pour-le-kayak-francais.png\",\"width\":1200,\"height\":674,\"caption\":\"Euro JuniorsU23 cano\u00eb-kayak slalom 2025 Deux m\u00e9dailles par \u00e9quipes pour le kayak fran\u00e7ais\"},{\"@type\":\"BreadcrumbList\",\"@id\":\"https:\/\/dicodusport.fr\/blog\/euro-juniors-u23-canoe-kayak-slalom-2025-deux-medailles-par-equipes-pour-le-kayak-francais\/#breadcrumb\",\"itemListElement\":[{\"@type\":\"ListItem\",\"position\":1,\"name\":\"Accueil\",\"item\":\"https:\/\/dicodusport.fr\/blog\/\"},{\"@type\":\"ListItem\",\"position\":2,\"name\":\"Euro Juniors\/U23 cano\u00eb-kayak slalom 2025 : Deux m\u00e9dailles par \u00e9quipes pour le kayak fran\u00e7ais\"}]},{\"@type\":\"WebSite\",\"@id\":\"https:\/\/dicodusport.fr\/blog\/#website\",\"url\":\"https:\/\/dicodusport.fr\/blog\/\",\"name\":\"Dicodusport\",\"description\":\"L&#039;encyclop\u00e9die de l&#039;actualit\u00e9 sportive\",\"publisher\":{\"@id\":\"https:\/\/dicodusport.fr\/blog\/#organization\"},\"potentialAction\":[{\"@type\":\"SearchAction\",\"target\":{\"@type\":\"EntryPoint\",\"urlTemplate\":\"https:\/\/dicodusport.fr\/blog\/?s={search_term_string}\"},\"query-input\":{\"@type\":\"PropertyValueSpecification\",\"valueRequired\":true,\"valueName\":\"search_term_string\"}}],\"inLanguage\":\"fr-FR\"},{\"@type\":\"NewsMediaOrganization\",\"@id\":\"https:\/\/dicodusport.fr\/blog\/#organization\",\"name\":\"Dicodusport\",\"url\":\"https:\/\/dicodusport.fr\/blog\/\",\"logo\":{\"@type\":\"ImageObject\",\"inLanguage\":\"fr-FR\",\"@id\":\"https:\/\/dicodusport.fr\/blog\/#\/schema\/logo\/image\/\",\"url\":\"https:\/\/dicodusport.fr\/blog\/wp-content\/uploads\/2020\/06\/cropped-LOGO-DICODUSPORT-2020-SANS-FOND-SANS-TEXTE.png\",\"contentUrl\":\"https:\/\/dicodusport.fr\/blog\/wp-content\/uploads\/2020\/06\/cropped-LOGO-DICODUSPORT-2020-SANS-FOND-SANS-TEXTE.png\",\"width\":512,\"height\":512,\"caption\":\"Dicodusport\"},\"image\":{\"@id\":\"https:\/\/dicodusport.fr\/blog\/#\/schema\/logo\/image\/\"},\"sameAs\":[\"https:\/\/www.facebook.com\/dicodusport\",\"https:\/\/x.com\/dicodusport\",\"https:\/\/www.instagram.com\/dicodusport\/\",\"https:\/\/www.youtube.com\/channel\/UC7V2KZ5sd3htJivAbA4ZG3w\"],\"description\":\"Dicodusport est l'encyclop\u00e9die de l'actualit\u00e9 sportive.\",\"email\":\"bonjour@dicodusport.fr\",\"legalName\":\"DICODUSPORT\",\"foundingDate\":\"2018-01-14\",\"vatID\":\"FR71834470973\",\"taxID\":\"83447097300043\",\"numberOfEmployees\":{\"@type\":\"QuantitativeValue\",\"minValue\":\"1\",\"maxValue\":\"10\"}},{\"@type\":\"Person\",\"@id\":\"https:\/\/dicodusport.fr\/blog\/#\/schema\/person\/627966a6cde45dbd8c5e36ac85d783da\",\"name\":\"S\u00e9bastien Gente\",\"image\":{\"@type\":\"ImageObject\",\"inLanguage\":\"fr-FR\",\"@id\":\"https:\/\/dicodusport.fr\/blog\/#\/schema\/person\/image\/\",\"url\":\"https:\/\/dicodusport.fr\/blog\/wp-content\/uploads\/2021\/09\/1510990_10205810251400683_4124423575079401707_n-150x150.jpg\",\"contentUrl\":\"https:\/\/dicodusport.fr\/blog\/wp-content\/uploads\/2021\/09\/1510990_10205810251400683_4124423575079401707_n-150x150.jpg\",\"caption\":\"S\u00e9bastien Gente\"},\"description\":\"John Stockton, Gianni Bugno, Zinedine Zidane, Steffi Graf, Frode Andresen, St\u00e9phane Stoecklin, Davis Kamoga, Primoz Peterka, Werner Schlager et Aur\u00e9lien Rougerie. Point commun entre ces sportifs? Ils m'ont fait r\u00eaver et ont berc\u00e9 mon adolescence. Je suis un fondu de sports et j'essaie de retranscrire ma passion \u00e0 travers mes articles. Originaire du P\u00e9rigord, ma passion pour les Girondins, les Jaunards et les Jazzmen transpire dans mes \u00e9crits. \u00c0 Dicodusport depuis 2021, je d\u00e9niche les sports m\u00e9connus dans lesquels la France brille, et il y en a !\",\"sameAs\":[\"https:\/\/www.facebook.com\/sebastien.gente\/\",\"https:\/\/www.instagram.com\/sebgente\/\",\"https:\/\/www.linkedin.com\/in\/sbastien-gente-a29583169\/\",\"https:\/\/x.com\/https:\/\/twitter.com\/globulo24\",\"SebastienGente\"],\"worksFor\":\"S\u00e9bastien GENTE\",\"url\":\"https:\/\/dicodusport.fr\/blog\/author\/sebastiengente\/\"}]}<\/script>\n<!-- \/ Yoast SEO Premium plugin. -->","yoast_head_json":{"title":"Euro Juniors\/U23 cano\u00eb-kayak slalom 2025 : Deux m\u00e9dailles par \u00e9quipes pour le kayak fran\u00e7ais","description":"CHAMPIONNATS D'EUROPE JUNIORS \/ U23 DE CANO\u00cb-KAYAK SLALOM 2025 - 4 finales par \u00e9quipes, 2 m\u00e9dailles d'argent : entr\u00e9e en piste r\u00e9ussie pour les Bleuets en Slov\u00e9nie.","robots":{"index":"index","follow":"follow","max-snippet":"max-snippet:-1","max-image-preview":"max-image-preview:large","max-video-preview":"max-video-preview:-1"},"canonical":"https:\/\/dicodusport.fr\/blog\/euro-juniors-u23-canoe-kayak-slalom-2025-deux-medailles-par-equipes-pour-le-kayak-francais\/","og_locale":"fr_FR","og_type":"article","og_title":"Euro Juniors\/U23 cano\u00eb-kayak slalom 2025 : Deux m\u00e9dailles par \u00e9quipes pour le kayak fran\u00e7ais","og_description":"CHAMPIONNATS D'EUROPE JUNIORS \/ U23 DE CANO\u00cb-KAYAK SLALOM 2025 - 4 finales par \u00e9quipes, 2 m\u00e9dailles d'argent : entr\u00e9e en piste r\u00e9ussie pour les Bleuets en Slov\u00e9nie.","og_url":"https:\/\/dicodusport.fr\/blog\/euro-juniors-u23-canoe-kayak-slalom-2025-deux-medailles-par-equipes-pour-le-kayak-francais\/","og_site_name":"Dicodusport","article_publisher":"https:\/\/www.facebook.com\/dicodusport","article_author":"https:\/\/www.facebook.com\/sebastien.gente\/","article_published_time":"2025-07-30T17:24:22+00:00","og_image":[{"width":1200,"height":674,"url":"https:\/\/dicodusport.fr\/blog\/wp-content\/uploads\/2025\/07\/Euro-JuniorsU23-canoe-kayak-slalom-2025-Deux-medailles-par-equipes-pour-le-kayak-francais.png","type":"image\/png"}],"author":"S\u00e9bastien Gente","twitter_card":"summary_large_image","twitter_title":"Euro Juniors\/U23 cano\u00eb-kayak slalom 2025 : Deux m\u00e9dailles par \u00e9quipes pour le kayak fran\u00e7ais","twitter_creator":"@https:\/\/twitter.com\/globulo24","twitter_site":"@dicodusport","schema":{"@context":"https:\/\/schema.org","@graph":[{"@type":"NewsArticle","@id":"https:\/\/dicodusport.fr\/blog\/euro-juniors-u23-canoe-kayak-slalom-2025-deux-medailles-par-equipes-pour-le-kayak-francais\/#article","isPartOf":{"@id":"https:\/\/dicodusport.fr\/blog\/euro-juniors-u23-canoe-kayak-slalom-2025-deux-medailles-par-equipes-pour-le-kayak-francais\/"},"author":{"name":"S\u00e9bastien Gente","@id":"https:\/\/dicodusport.fr\/blog\/#\/schema\/person\/627966a6cde45dbd8c5e36ac85d783da"},"headline":"Euro Juniors\/U23 cano\u00eb-kayak slalom 2025 : Deux m\u00e9dailles par \u00e9quipes pour le kayak fran\u00e7ais","datePublished":"2025-07-30T17:24:22+00:00","mainEntityOfPage":{"@id":"https:\/\/dicodusport.fr\/blog\/euro-juniors-u23-canoe-kayak-slalom-2025-deux-medailles-par-equipes-pour-le-kayak-francais\/"},"wordCount":512,"commentCount":0,"publisher":{"@id":"https:\/\/dicodusport.fr\/blog\/#organization"},"image":{"@id":"https:\/\/dicodusport.fr\/blog\/euro-juniors-u23-canoe-kayak-slalom-2025-deux-medailles-par-equipes-pour-le-kayak-francais\/#primaryimage"},"thumbnailUrl":"https:\/\/dicodusport.fr\/blog\/wp-content\/uploads\/2025\/07\/Euro-JuniorsU23-canoe-kayak-slalom-2025-Deux-medailles-par-equipes-pour-le-kayak-francais.png","keywords":["br\u00e8ve","Championnats d'Europe cano\u00eb-kayak"],"articleSection":["Cano\u00eb-Kayak"],"inLanguage":"fr-FR","potentialAction":[{"@type":"CommentAction","name":"Comment","target":["https:\/\/dicodusport.fr\/blog\/euro-juniors-u23-canoe-kayak-slalom-2025-deux-medailles-par-equipes-pour-le-kayak-francais\/#respond"]}],"copyrightYear":"2025","copyrightHolder":{"@id":"https:\/\/dicodusport.fr\/blog\/#organization"}},{"@type":"WebPage","@id":"https:\/\/dicodusport.fr\/blog\/euro-juniors-u23-canoe-kayak-slalom-2025-deux-medailles-par-equipes-pour-le-kayak-francais\/","url":"https:\/\/dicodusport.fr\/blog\/euro-juniors-u23-canoe-kayak-slalom-2025-deux-medailles-par-equipes-pour-le-kayak-francais\/","name":"Euro Juniors\/U23 cano\u00eb-kayak slalom 2025 : Deux m\u00e9dailles par \u00e9quipes pour le kayak fran\u00e7ais","isPartOf":{"@id":"https:\/\/dicodusport.fr\/blog\/#website"},"primaryImageOfPage":{"@id":"https:\/\/dicodusport.fr\/blog\/euro-juniors-u23-canoe-kayak-slalom-2025-deux-medailles-par-equipes-pour-le-kayak-francais\/#primaryimage"},"image":{"@id":"https:\/\/dicodusport.fr\/blog\/euro-juniors-u23-canoe-kayak-slalom-2025-deux-medailles-par-equipes-pour-le-kayak-francais\/#primaryimage"},"thumbnailUrl":"https:\/\/dicodusport.fr\/blog\/wp-content\/uploads\/2025\/07\/Euro-JuniorsU23-canoe-kayak-slalom-2025-Deux-medailles-par-equipes-pour-le-kayak-francais.png","datePublished":"2025-07-30T17:24:22+00:00","description":"CHAMPIONNATS D'EUROPE JUNIORS \/ U23 DE CANO\u00cb-KAYAK SLALOM 2025 - 4 finales par \u00e9quipes, 2 m\u00e9dailles d'argent : entr\u00e9e en piste r\u00e9ussie pour les Bleuets en Slov\u00e9nie.","breadcrumb":{"@id":"https:\/\/dicodusport.fr\/blog\/euro-juniors-u23-canoe-kayak-slalom-2025-deux-medailles-par-equipes-pour-le-kayak-francais\/#breadcrumb"},"inLanguage":"fr-FR","potentialAction":[{"@type":"ReadAction","target":["https:\/\/dicodusport.fr\/blog\/euro-juniors-u23-canoe-kayak-slalom-2025-deux-medailles-par-equipes-pour-le-kayak-francais\/"]}]},{"@type":"ImageObject","inLanguage":"fr-FR","@id":"https:\/\/dicodusport.fr\/blog\/euro-juniors-u23-canoe-kayak-slalom-2025-deux-medailles-par-equipes-pour-le-kayak-francais\/#primaryimage","url":"https:\/\/dicodusport.fr\/blog\/wp-content\/uploads\/2025\/07\/Euro-JuniorsU23-canoe-kayak-slalom-2025-Deux-medailles-par-equipes-pour-le-kayak-francais.png","contentUrl":"https:\/\/dicodusport.fr\/blog\/wp-content\/uploads\/2025\/07\/Euro-JuniorsU23-canoe-kayak-slalom-2025-Deux-medailles-par-equipes-pour-le-kayak-francais.png","width":1200,"height":674,"caption":"Euro JuniorsU23 cano\u00eb-kayak slalom 2025 Deux m\u00e9dailles par \u00e9quipes pour le kayak fran\u00e7ais"},{"@type":"BreadcrumbList","@id":"https:\/\/dicodusport.fr\/blog\/euro-juniors-u23-canoe-kayak-slalom-2025-deux-medailles-par-equipes-pour-le-kayak-francais\/#breadcrumb","itemListElement":[{"@type":"ListItem","position":1,"name":"Accueil","item":"https:\/\/dicodusport.fr\/blog\/"},{"@type":"ListItem","position":2,"name":"Euro Juniors\/U23 cano\u00eb-kayak slalom 2025 : Deux m\u00e9dailles par \u00e9quipes pour le kayak fran\u00e7ais"}]},{"@type":"WebSite","@id":"https:\/\/dicodusport.fr\/blog\/#website","url":"https:\/\/dicodusport.fr\/blog\/","name":"Dicodusport","description":"L&#039;encyclop\u00e9die de l&#039;actualit\u00e9 sportive","publisher":{"@id":"https:\/\/dicodusport.fr\/blog\/#organization"},"potentialAction":[{"@type":"SearchAction","target":{"@type":"EntryPoint","urlTemplate":"https:\/\/dicodusport.fr\/blog\/?s={search_term_string}"},"query-input":{"@type":"PropertyValueSpecification","valueRequired":true,"valueName":"search_term_string"}}],"inLanguage":"fr-FR"},{"@type":"NewsMediaOrganization","@id":"https:\/\/dicodusport.fr\/blog\/#organization","name":"Dicodusport","url":"https:\/\/dicodusport.fr\/blog\/","logo":{"@type":"ImageObject","inLanguage":"fr-FR","@id":"https:\/\/dicodusport.fr\/blog\/#\/schema\/logo\/image\/","url":"https:\/\/dicodusport.fr\/blog\/wp-content\/uploads\/2020\/06\/cropped-LOGO-DICODUSPORT-2020-SANS-FOND-SANS-TEXTE.png","contentUrl":"https:\/\/dicodusport.fr\/blog\/wp-content\/uploads\/2020\/06\/cropped-LOGO-DICODUSPORT-2020-SANS-FOND-SANS-TEXTE.png","width":512,"height":512,"caption":"Dicodusport"},"image":{"@id":"https:\/\/dicodusport.fr\/blog\/#\/schema\/logo\/image\/"},"sameAs":["https:\/\/www.facebook.com\/dicodusport","https:\/\/x.com\/dicodusport","https:\/\/www.instagram.com\/dicodusport\/","https:\/\/www.youtube.com\/channel\/UC7V2KZ5sd3htJivAbA4ZG3w"],"description":"Dicodusport est l'encyclop\u00e9die de l'actualit\u00e9 sportive.","email":"bonjour@dicodusport.fr","legalName":"DICODUSPORT","foundingDate":"2018-01-14","vatID":"FR71834470973","taxID":"83447097300043","numberOfEmployees":{"@type":"QuantitativeValue","minValue":"1","maxValue":"10"}},{"@type":"Person","@id":"https:\/\/dicodusport.fr\/blog\/#\/schema\/person\/627966a6cde45dbd8c5e36ac85d783da","name":"S\u00e9bastien Gente","image":{"@type":"ImageObject","inLanguage":"fr-FR","@id":"https:\/\/dicodusport.fr\/blog\/#\/schema\/person\/image\/","url":"https:\/\/dicodusport.fr\/blog\/wp-content\/uploads\/2021\/09\/1510990_10205810251400683_4124423575079401707_n-150x150.jpg","contentUrl":"https:\/\/dicodusport.fr\/blog\/wp-content\/uploads\/2021\/09\/1510990_10205810251400683_4124423575079401707_n-150x150.jpg","caption":"S\u00e9bastien Gente"},"description":"John Stockton, Gianni Bugno, Zinedine Zidane, Steffi Graf, Frode Andresen, St\u00e9phane Stoecklin, Davis Kamoga, Primoz Peterka, Werner Schlager et Aur\u00e9lien Rougerie. Point commun entre ces sportifs? Ils m'ont fait r\u00eaver et ont berc\u00e9 mon adolescence. Je suis un fondu de sports et j'essaie de retranscrire ma passion \u00e0 travers mes articles. Originaire du P\u00e9rigord, ma passion pour les Girondins, les Jaunards et les Jazzmen transpire dans mes \u00e9crits. \u00c0 Dicodusport depuis 2021, je d\u00e9niche les sports m\u00e9connus dans lesquels la France brille, et il y en a !","sameAs":["https:\/\/www.facebook.com\/sebastien.gente\/","https:\/\/www.instagram.com\/sebgente\/","https:\/\/www.linkedin.com\/in\/sbastien-gente-a29583169\/","https:\/\/x.com\/https:\/\/twitter.com\/globulo24","SebastienGente"],"worksFor":"S\u00e9bastien GENTE","url":"https:\/\/dicodusport.fr\/blog\/author\/sebastiengente\/"}]}},"_links":{"self":[{"href":"https:\/\/dicodusport.fr\/blog\/wp-json\/wp\/v2\/posts\/599223","targetHints":{"allow":["GET"]}}],"collection":[{"href":"https:\/\/dicodusport.fr\/blog\/wp-json\/wp\/v2\/posts"}],"about":[{"href":"https:\/\/dicodusport.fr\/blog\/wp-json\/wp\/v2\/types\/post"}],"author":[{"embeddable":true,"href":"https:\/\/dicodusport.fr\/blog\/wp-json\/wp\/v2\/users\/59"}],"replies":[{"embeddable":true,"href":"https:\/\/dicodusport.fr\/blog\/wp-json\/wp\/v2\/comments?post=599223"}],"version-history":[{"count":1,"href":"https:\/\/dicodusport.fr\/blog\/wp-json\/wp\/v2\/posts\/599223\/revisions"}],"predecessor-version":[{"id":599226,"href":"https:\/\/dicodusport.fr\/blog\/wp-json\/wp\/v2\/posts\/599223\/revisions\/599226"}],"wp:featuredmedia":[{"embeddable":true,"href":"https:\/\/dicodusport.fr\/blog\/wp-json\/wp\/v2\/media\/599225"}],"wp:attachment":[{"href":"https:\/\/dicodusport.fr\/blog\/wp-json\/wp\/v2\/media?parent=599223"}],"wp:term":[{"taxonomy":"category","embeddable":true,"href":"https:\/\/dicodusport.fr\/blog\/wp-json\/wp\/v2\/categories?post=599223"},{"taxonomy":"post_tag","embeddable":true,"href":"https:\/\/dicodusport.fr\/blog\/wp-json\/wp\/v2\/tags?post=599223"}],"curies":[{"name":"wp","href":"https:\/\/api.w.org\/{rel}","templated":true}]}}