{"id":599229,"date":"2025-07-30T21:13:25","date_gmt":"2025-07-30T19:13:25","guid":{"rendered":"https:\/\/dicodusport.fr\/blog\/?p=599229&#038;preview=true&#038;preview_id=599229"},"modified":"2025-07-30T21:13:25","modified_gmt":"2025-07-30T19:13:25","slug":"escalade-mondiaux-jeunes-2025-lou-auclair-et-samuel-richard-sur-le-podium-au-bloc","status":"publish","type":"post","link":"https:\/\/dicodusport.fr\/blog\/escalade-mondiaux-jeunes-2025-lou-auclair-et-samuel-richard-sur-le-podium-au-bloc\/","title":{"rendered":"Escalade Mondiaux jeunes 2025 : Lou Auclair et Samuel Richard sur le podium au bloc"},"content":{"rendered":"<p style=\"text-align: justify;\"><strong><em>CHAMPIONNATS DU MONDE JEUNES D&rsquo;ESCALADE 2025 &#8211; Le bloc a rapport\u00e9 deux m\u00e9dailles chez les jeunes, gr\u00e2ce \u00e0 Lou Auclair et Samuel Richard.<\/em><\/strong><\/p>\n<p style=\"text-align: justify;\">Premi\u00e8res finales aux Championnats du monde jeunes d&rsquo;escalade 2025 en Finlande, \u00e0 Helsinki : celles du bloc. Et indiscutablement, la d\u00e9l\u00e9gation fran\u00e7aise abattait une carte ma\u00eetresse chez les U19 aujourd&rsquo;hui. <strong>Samuel Richard<\/strong>, <a href=\"https:\/\/dicodusport.fr\/blog\/escalade-trois-titres-pour-les-bleuets-aux-championnats-deurope-jeunes-de-bloc\/\">champion d&rsquo;Europe en mai dernier<\/a>, et qui avait d\u00e9j\u00e0 sign\u00e9 un podium en Coupe du monde chez les s\u00e9niors. Une belle chance de d\u00e9crocher le premier titre fran\u00e7ais dans cette cat\u00e9gorie.<\/p>\n<div class=\"vlp-link-container vlp-layout-article\"><a href=\"https:\/\/dicodusport.fr\/blog\/coupe-du-monde-descalade-2025-mejdi-schalck-vainqueur-en-bloc-a-prague-samuel-richard-troisieme\/\" class=\"vlp-link\" title=\"Coupe du monde d&#039;escalade 2025 : Mejdi Schalck vainqueur en bloc \u00e0 Prague, Samuel Richard troisi\u00e8me\"><\/a><div class=\"vlp-layout-zone-side\"><div class=\"vlp-block-4 vlp-link-image\"><img loading=\"lazy\" decoding=\"async\" style=\"max-width: 792px;\" width=\"792\" height=\"445\" src=\"https:\/\/dicodusport.fr\/blog\/wp-content\/uploads\/2025\/06\/Coupe-du-monde-descalade-2025-Mejdi-Schalck-vainqueur-en-bloc-a-Prague-Samuel-Richard-troisieme-1.png\" class=\"attachment-800x445 size-800x445\" alt=\"Coupe du monde d&#039;escalade 2025 Mejdi Schalck vainqueur en bloc \u00e0 Prague, Samuel Richard troisi\u00e8me\" srcset=\"https:\/\/dicodusport.fr\/blog\/wp-content\/uploads\/2025\/06\/Coupe-du-monde-descalade-2025-Mejdi-Schalck-vainqueur-en-bloc-a-Prague-Samuel-Richard-troisieme-1.png 1200w, https:\/\/dicodusport.fr\/blog\/wp-content\/uploads\/2025\/06\/Coupe-du-monde-descalade-2025-Mejdi-Schalck-vainqueur-en-bloc-a-Prague-Samuel-Richard-troisieme-1-300x169.png 300w, https:\/\/dicodusport.fr\/blog\/wp-content\/uploads\/2025\/06\/Coupe-du-monde-descalade-2025-Mejdi-Schalck-vainqueur-en-bloc-a-Prague-Samuel-Richard-troisieme-1-1024x575.png 1024w, https:\/\/dicodusport.fr\/blog\/wp-content\/uploads\/2025\/06\/Coupe-du-monde-descalade-2025-Mejdi-Schalck-vainqueur-en-bloc-a-Prague-Samuel-Richard-troisieme-1-768x431.png 768w\" sizes=\"auto, (max-width: 792px) 100vw, 792px\" \/><\/div><\/div><div class=\"vlp-layout-zone-main\"><div class=\"vlp-block-0 vlp-link-title\">Coupe du monde d'escalade 2025 : Mejdi Schalck vainqueur en bloc \u00e0 Prague, Samuel Richard troisi\u00e8me<\/div><div class=\"vlp-block-1 vlp-link-summary\">Mejdi Schalck s'est impos\u00e9 sur la Coupe du monde de bloc alors que Samuel Richard a termin\u00e9 troisi\u00e8me.<\/div><div class=\"vlp-block-2 vlp-link-button\">Lire l'article<\/div><div class=\"vlp-block-3 vlp-link-url\">dicodusport.fr<\/div><\/div><\/div>\n<h2 style=\"text-align: justify;\">Deux belles m\u00e9dailles<\/h2>\n<p style=\"text-align: justify;\">Malheureusement, cela ne sera pas le cas. Pour la bonne et simple raison que <strong>Kodai Yamada<\/strong> \u00e9tait trop fort, perp\u00e9trant ainsi la grande tradition japonaise en bloc : cela fait d\u00e9sormais six titres en 10 \u00e9ditions chez les juniors ! Avec six tops sur 8, il \u00e9tait intouchable, et le Fran\u00e7ais a failli sur les deux derniers blocs, conservant toutefois de justesse sa deuxi\u00e8me place contre le Tha\u00eflandais <strong>Auswin Aueareechit<\/strong> (m\u00eame score mais un top de plus). N\u00e9anmoins, <strong>Samuel Richard<\/strong> est d\u00e9sormais vice-champion du monde juniors, une belle r\u00e9compense pour un grimpeur en devenir, ultra-performant dans les cat\u00e9gories de jeunes, et qui devrait occuper le paysage de l&rsquo;escalade fran\u00e7aise dans les ann\u00e9es \u00e0 venir.<\/p>\n<blockquote class=\"twitter-tweet\">\n<p dir=\"ltr\" lang=\"en\">Here is the men\u2019s U19 Boulder podium for the IFSC Youth Worlds Helsinki 2025 \ud83c\uddeb\ud83c\uddee<\/p>\n<p>\ud83e\udd47 Kodai Yamada \ud83c\uddef\ud83c\uddf5<br \/>\n\ud83e\udd48 Samuel Richard \ud83c\uddeb\ud83c\uddf7<br \/>\n\ud83e\udd49 Auswin Aueareechit \ud83c\uddf9\ud83c\udded <a href=\"https:\/\/twitter.com\/hashtag\/WorldClimbing?src=hash&amp;ref_src=twsrc%5Etfw\">#WorldClimbing<\/a> <a href=\"https:\/\/t.co\/PAZG3XvFEh\">pic.twitter.com\/PAZG3XvFEh<\/a><\/p>\n<p>\u2014 International Federation of Sport Climbing (@ifsclimbing) <a href=\"https:\/\/twitter.com\/ifsclimbing\/status\/1950599231464485043?ref_src=twsrc%5Etfw\">July 30, 2025<\/a><\/p><\/blockquote>\n<p style=\"text-align: justify;\"><script async src=\"https:\/\/platform.twitter.com\/widgets.js\" charset=\"utf-8\"><\/script><\/p>\n<p style=\"text-align: justify;\">Mais la vraie surprise est venue de<strong> Lou Auclair<\/strong> chez les U17. En mai, elle n&rsquo;avait pas r\u00e9ussi \u00e0 int\u00e9grer la finale de sa cat\u00e9gorie aux Championnats d&rsquo;Europe (de tr\u00e8s peu cependant). Cette fois, elle est all\u00e9e chercher la toute derni\u00e8re place qualificative en finale&#8230; et l&rsquo;a transform\u00e9e en une m\u00e9daille de bronze ! 5\u00e8me l&rsquo;an dernier, elle n&rsquo;a rien pu faire contre la Chinoise <strong>Meini Li<\/strong> et l&rsquo;Am\u00e9ricaine <strong>Lucy Duncan<\/strong>, mais a sorti deux tops en fin de parcours pour s&rsquo;assurer ais\u00e9ment le bronze. Une superbe performance qui d\u00e9montre le r\u00e9servoir fran\u00e7ais.<\/p>\n<p style=\"text-align: justify;\">Les autres Bleuets n&rsquo;ont pas eu la m\u00eame r\u00e9ussite. <strong>Lilian Bonniot<\/strong> a pris la sixi\u00e8me place, mais n&rsquo;aura jamais pu croire au podium. Chez les filles, <strong>Louise Puech Yazid<\/strong>, <a href=\"https:\/\/dicodusport.fr\/blog\/escalade-16-medailles-dont-7-titres-les-bleuets-royaux-a-troyes-lors-des-championnats-deurope-jeunes\/\">vice-championne d&rsquo;Europe l&rsquo;an dernier<\/a>, a sign\u00e9 le m\u00eame r\u00e9sultat, \u00e9chouant \u00e0 une trentaine de points de la m\u00e9daille avec un seul top. Mais avec deux m\u00e9dailles, la comp\u00e9tition commence bien pour les Bleuets.<\/p>\n","protected":false},"excerpt":{"rendered":"<p>CHAMPIONNATS DU MONDE JEUNES D&rsquo;ESCALADE 2025 &#8211; Le bloc a rapport\u00e9 deux m\u00e9dailles chez les jeunes, gr\u00e2ce \u00e0 Lou Auclair et Samuel Richard<\/p>\n","protected":false},"author":59,"featured_media":599248,"comment_status":"open","ping_status":"closed","sticky":false,"template":"","format":"standard","meta":{"_acf_changed":false,"_daextam_enable_autolinks":"1","footnotes":""},"categories":[10930],"tags":[16878,477],"class_list":["post-599229","post","type-post","status-publish","format-standard","has-post-thumbnail","hentry","category-escalade","tag-breve","tag-escalade"],"acf":[],"yoast_head":"<!-- This site is optimized with the Yoast SEO Premium plugin v26.7 (Yoast SEO v26.7) - https:\/\/yoast.com\/wordpress\/plugins\/seo\/ -->\n<title>Escalade Mondiaux jeunes 2025 : Lou Auclair et Samuel Richard sur le podium au bloc<\/title>\n<meta name=\"description\" content=\"CHAMPIONNATS DU MONDE JEUNES D&#039;ESCALADE 2025 - Le bloc a rapport\u00e9 deux m\u00e9dailles chez les jeunes, gr\u00e2ce \u00e0 Lou Auclair et Samuel Richard\" \/>\n<meta name=\"robots\" content=\"index, follow, max-snippet:-1, max-image-preview:large, max-video-preview:-1\" \/>\n<link rel=\"canonical\" href=\"https:\/\/dicodusport.fr\/blog\/escalade-mondiaux-jeunes-2025-lou-auclair-et-samuel-richard-sur-le-podium-au-bloc\/\" \/>\n<meta property=\"og:locale\" content=\"fr_FR\" \/>\n<meta property=\"og:type\" content=\"article\" \/>\n<meta property=\"og:title\" content=\"Escalade Mondiaux jeunes 2025 : Lou Auclair et Samuel Richard sur le podium au bloc\" \/>\n<meta property=\"og:description\" content=\"CHAMPIONNATS DU MONDE JEUNES D&#039;ESCALADE 2025 - Le bloc a rapport\u00e9 deux m\u00e9dailles chez les jeunes, gr\u00e2ce \u00e0 Lou Auclair et Samuel Richard\" \/>\n<meta property=\"og:url\" content=\"https:\/\/dicodusport.fr\/blog\/escalade-mondiaux-jeunes-2025-lou-auclair-et-samuel-richard-sur-le-podium-au-bloc\/\" \/>\n<meta property=\"og:site_name\" content=\"Dicodusport\" \/>\n<meta property=\"article:publisher\" content=\"https:\/\/www.facebook.com\/dicodusport\" \/>\n<meta property=\"article:author\" content=\"https:\/\/www.facebook.com\/sebastien.gente\/\" \/>\n<meta property=\"article:published_time\" content=\"2025-07-30T19:13:25+00:00\" \/>\n<meta property=\"og:image\" content=\"https:\/\/dicodusport.fr\/blog\/wp-content\/uploads\/2025\/07\/Escalade-Mondiaux-jeunes-2025-Lou-Auclair-et-Samuel-Richard-sur-le-podium-au-bloc.png\" \/>\n\t<meta property=\"og:image:width\" content=\"1200\" \/>\n\t<meta property=\"og:image:height\" content=\"674\" \/>\n\t<meta property=\"og:image:type\" content=\"image\/png\" \/>\n<meta name=\"author\" content=\"S\u00e9bastien Gente\" \/>\n<meta name=\"twitter:card\" content=\"summary_large_image\" \/>\n<meta name=\"twitter:title\" content=\"Escalade Mondiaux jeunes 2025 : Lou Auclair et Samuel Richard sur le podium au bloc\" \/>\n<meta name=\"twitter:creator\" content=\"@https:\/\/twitter.com\/globulo24\" \/>\n<meta name=\"twitter:site\" content=\"@dicodusport\" \/>\n<script type=\"application\/ld+json\" class=\"yoast-schema-graph\">{\"@context\":\"https:\/\/schema.org\",\"@graph\":[{\"@type\":\"NewsArticle\",\"@id\":\"https:\/\/dicodusport.fr\/blog\/escalade-mondiaux-jeunes-2025-lou-auclair-et-samuel-richard-sur-le-podium-au-bloc\/#article\",\"isPartOf\":{\"@id\":\"https:\/\/dicodusport.fr\/blog\/escalade-mondiaux-jeunes-2025-lou-auclair-et-samuel-richard-sur-le-podium-au-bloc\/\"},\"author\":{\"name\":\"S\u00e9bastien Gente\",\"@id\":\"https:\/\/dicodusport.fr\/blog\/#\/schema\/person\/627966a6cde45dbd8c5e36ac85d783da\"},\"headline\":\"Escalade Mondiaux jeunes 2025 : Lou Auclair et Samuel Richard sur le podium au bloc\",\"datePublished\":\"2025-07-30T19:13:25+00:00\",\"mainEntityOfPage\":{\"@id\":\"https:\/\/dicodusport.fr\/blog\/escalade-mondiaux-jeunes-2025-lou-auclair-et-samuel-richard-sur-le-podium-au-bloc\/\"},\"wordCount\":551,\"commentCount\":0,\"publisher\":{\"@id\":\"https:\/\/dicodusport.fr\/blog\/#organization\"},\"image\":{\"@id\":\"https:\/\/dicodusport.fr\/blog\/escalade-mondiaux-jeunes-2025-lou-auclair-et-samuel-richard-sur-le-podium-au-bloc\/#primaryimage\"},\"thumbnailUrl\":\"https:\/\/dicodusport.fr\/blog\/wp-content\/uploads\/2025\/07\/Escalade-Mondiaux-jeunes-2025-Lou-Auclair-et-Samuel-Richard-sur-le-podium-au-bloc.png\",\"keywords\":[\"br\u00e8ve\",\"Escalade\"],\"articleSection\":[\"Escalade\"],\"inLanguage\":\"fr-FR\",\"potentialAction\":[{\"@type\":\"CommentAction\",\"name\":\"Comment\",\"target\":[\"https:\/\/dicodusport.fr\/blog\/escalade-mondiaux-jeunes-2025-lou-auclair-et-samuel-richard-sur-le-podium-au-bloc\/#respond\"]}],\"copyrightYear\":\"2025\",\"copyrightHolder\":{\"@id\":\"https:\/\/dicodusport.fr\/blog\/#organization\"}},{\"@type\":\"WebPage\",\"@id\":\"https:\/\/dicodusport.fr\/blog\/escalade-mondiaux-jeunes-2025-lou-auclair-et-samuel-richard-sur-le-podium-au-bloc\/\",\"url\":\"https:\/\/dicodusport.fr\/blog\/escalade-mondiaux-jeunes-2025-lou-auclair-et-samuel-richard-sur-le-podium-au-bloc\/\",\"name\":\"Escalade Mondiaux jeunes 2025 : Lou Auclair et Samuel Richard sur le podium au bloc\",\"isPartOf\":{\"@id\":\"https:\/\/dicodusport.fr\/blog\/#website\"},\"primaryImageOfPage\":{\"@id\":\"https:\/\/dicodusport.fr\/blog\/escalade-mondiaux-jeunes-2025-lou-auclair-et-samuel-richard-sur-le-podium-au-bloc\/#primaryimage\"},\"image\":{\"@id\":\"https:\/\/dicodusport.fr\/blog\/escalade-mondiaux-jeunes-2025-lou-auclair-et-samuel-richard-sur-le-podium-au-bloc\/#primaryimage\"},\"thumbnailUrl\":\"https:\/\/dicodusport.fr\/blog\/wp-content\/uploads\/2025\/07\/Escalade-Mondiaux-jeunes-2025-Lou-Auclair-et-Samuel-Richard-sur-le-podium-au-bloc.png\",\"datePublished\":\"2025-07-30T19:13:25+00:00\",\"description\":\"CHAMPIONNATS DU MONDE JEUNES D'ESCALADE 2025 - Le bloc a rapport\u00e9 deux m\u00e9dailles chez les jeunes, gr\u00e2ce \u00e0 Lou Auclair et Samuel Richard\",\"breadcrumb\":{\"@id\":\"https:\/\/dicodusport.fr\/blog\/escalade-mondiaux-jeunes-2025-lou-auclair-et-samuel-richard-sur-le-podium-au-bloc\/#breadcrumb\"},\"inLanguage\":\"fr-FR\",\"potentialAction\":[{\"@type\":\"ReadAction\",\"target\":[\"https:\/\/dicodusport.fr\/blog\/escalade-mondiaux-jeunes-2025-lou-auclair-et-samuel-richard-sur-le-podium-au-bloc\/\"]}]},{\"@type\":\"ImageObject\",\"inLanguage\":\"fr-FR\",\"@id\":\"https:\/\/dicodusport.fr\/blog\/escalade-mondiaux-jeunes-2025-lou-auclair-et-samuel-richard-sur-le-podium-au-bloc\/#primaryimage\",\"url\":\"https:\/\/dicodusport.fr\/blog\/wp-content\/uploads\/2025\/07\/Escalade-Mondiaux-jeunes-2025-Lou-Auclair-et-Samuel-Richard-sur-le-podium-au-bloc.png\",\"contentUrl\":\"https:\/\/dicodusport.fr\/blog\/wp-content\/uploads\/2025\/07\/Escalade-Mondiaux-jeunes-2025-Lou-Auclair-et-Samuel-Richard-sur-le-podium-au-bloc.png\",\"width\":1200,\"height\":674,\"caption\":\"Escalade Mondiaux jeunes 2025 Lou Auclair et Samuel Richard sur le podium au bloc\"},{\"@type\":\"BreadcrumbList\",\"@id\":\"https:\/\/dicodusport.fr\/blog\/escalade-mondiaux-jeunes-2025-lou-auclair-et-samuel-richard-sur-le-podium-au-bloc\/#breadcrumb\",\"itemListElement\":[{\"@type\":\"ListItem\",\"position\":1,\"name\":\"Accueil\",\"item\":\"https:\/\/dicodusport.fr\/blog\/\"},{\"@type\":\"ListItem\",\"position\":2,\"name\":\"Escalade Mondiaux jeunes 2025 : Lou Auclair et Samuel Richard sur le podium au bloc\"}]},{\"@type\":\"WebSite\",\"@id\":\"https:\/\/dicodusport.fr\/blog\/#website\",\"url\":\"https:\/\/dicodusport.fr\/blog\/\",\"name\":\"Dicodusport\",\"description\":\"L&#039;encyclop\u00e9die de l&#039;actualit\u00e9 sportive\",\"publisher\":{\"@id\":\"https:\/\/dicodusport.fr\/blog\/#organization\"},\"potentialAction\":[{\"@type\":\"SearchAction\",\"target\":{\"@type\":\"EntryPoint\",\"urlTemplate\":\"https:\/\/dicodusport.fr\/blog\/?s={search_term_string}\"},\"query-input\":{\"@type\":\"PropertyValueSpecification\",\"valueRequired\":true,\"valueName\":\"search_term_string\"}}],\"inLanguage\":\"fr-FR\"},{\"@type\":\"NewsMediaOrganization\",\"@id\":\"https:\/\/dicodusport.fr\/blog\/#organization\",\"name\":\"Dicodusport\",\"url\":\"https:\/\/dicodusport.fr\/blog\/\",\"logo\":{\"@type\":\"ImageObject\",\"inLanguage\":\"fr-FR\",\"@id\":\"https:\/\/dicodusport.fr\/blog\/#\/schema\/logo\/image\/\",\"url\":\"https:\/\/dicodusport.fr\/blog\/wp-content\/uploads\/2020\/06\/cropped-LOGO-DICODUSPORT-2020-SANS-FOND-SANS-TEXTE.png\",\"contentUrl\":\"https:\/\/dicodusport.fr\/blog\/wp-content\/uploads\/2020\/06\/cropped-LOGO-DICODUSPORT-2020-SANS-FOND-SANS-TEXTE.png\",\"width\":512,\"height\":512,\"caption\":\"Dicodusport\"},\"image\":{\"@id\":\"https:\/\/dicodusport.fr\/blog\/#\/schema\/logo\/image\/\"},\"sameAs\":[\"https:\/\/www.facebook.com\/dicodusport\",\"https:\/\/x.com\/dicodusport\",\"https:\/\/www.instagram.com\/dicodusport\/\",\"https:\/\/www.youtube.com\/channel\/UC7V2KZ5sd3htJivAbA4ZG3w\"],\"description\":\"Dicodusport est l'encyclop\u00e9die de l'actualit\u00e9 sportive.\",\"email\":\"bonjour@dicodusport.fr\",\"legalName\":\"DICODUSPORT\",\"foundingDate\":\"2018-01-14\",\"vatID\":\"FR71834470973\",\"taxID\":\"83447097300043\",\"numberOfEmployees\":{\"@type\":\"QuantitativeValue\",\"minValue\":\"1\",\"maxValue\":\"10\"}},{\"@type\":\"Person\",\"@id\":\"https:\/\/dicodusport.fr\/blog\/#\/schema\/person\/627966a6cde45dbd8c5e36ac85d783da\",\"name\":\"S\u00e9bastien Gente\",\"image\":{\"@type\":\"ImageObject\",\"inLanguage\":\"fr-FR\",\"@id\":\"https:\/\/dicodusport.fr\/blog\/#\/schema\/person\/image\/\",\"url\":\"https:\/\/dicodusport.fr\/blog\/wp-content\/uploads\/2021\/09\/1510990_10205810251400683_4124423575079401707_n-150x150.jpg\",\"contentUrl\":\"https:\/\/dicodusport.fr\/blog\/wp-content\/uploads\/2021\/09\/1510990_10205810251400683_4124423575079401707_n-150x150.jpg\",\"caption\":\"S\u00e9bastien Gente\"},\"description\":\"John Stockton, Gianni Bugno, Zinedine Zidane, Steffi Graf, Frode Andresen, St\u00e9phane Stoecklin, Davis Kamoga, Primoz Peterka, Werner Schlager et Aur\u00e9lien Rougerie. Point commun entre ces sportifs? Ils m'ont fait r\u00eaver et ont berc\u00e9 mon adolescence. Je suis un fondu de sports et j'essaie de retranscrire ma passion \u00e0 travers mes articles. Originaire du P\u00e9rigord, ma passion pour les Girondins, les Jaunards et les Jazzmen transpire dans mes \u00e9crits. \u00c0 Dicodusport depuis 2021, je d\u00e9niche les sports m\u00e9connus dans lesquels la France brille, et il y en a !\",\"sameAs\":[\"https:\/\/www.facebook.com\/sebastien.gente\/\",\"https:\/\/www.instagram.com\/sebgente\/\",\"https:\/\/www.linkedin.com\/in\/sbastien-gente-a29583169\/\",\"https:\/\/x.com\/https:\/\/twitter.com\/globulo24\",\"SebastienGente\"],\"worksFor\":\"S\u00e9bastien GENTE\",\"url\":\"https:\/\/dicodusport.fr\/blog\/author\/sebastiengente\/\"}]}<\/script>\n<!-- \/ Yoast SEO Premium plugin. -->","yoast_head_json":{"title":"Escalade Mondiaux jeunes 2025 : Lou Auclair et Samuel Richard sur le podium au bloc","description":"CHAMPIONNATS DU MONDE JEUNES D'ESCALADE 2025 - Le bloc a rapport\u00e9 deux m\u00e9dailles chez les jeunes, gr\u00e2ce \u00e0 Lou Auclair et Samuel Richard","robots":{"index":"index","follow":"follow","max-snippet":"max-snippet:-1","max-image-preview":"max-image-preview:large","max-video-preview":"max-video-preview:-1"},"canonical":"https:\/\/dicodusport.fr\/blog\/escalade-mondiaux-jeunes-2025-lou-auclair-et-samuel-richard-sur-le-podium-au-bloc\/","og_locale":"fr_FR","og_type":"article","og_title":"Escalade Mondiaux jeunes 2025 : Lou Auclair et Samuel Richard sur le podium au bloc","og_description":"CHAMPIONNATS DU MONDE JEUNES D'ESCALADE 2025 - Le bloc a rapport\u00e9 deux m\u00e9dailles chez les jeunes, gr\u00e2ce \u00e0 Lou Auclair et Samuel Richard","og_url":"https:\/\/dicodusport.fr\/blog\/escalade-mondiaux-jeunes-2025-lou-auclair-et-samuel-richard-sur-le-podium-au-bloc\/","og_site_name":"Dicodusport","article_publisher":"https:\/\/www.facebook.com\/dicodusport","article_author":"https:\/\/www.facebook.com\/sebastien.gente\/","article_published_time":"2025-07-30T19:13:25+00:00","og_image":[{"width":1200,"height":674,"url":"https:\/\/dicodusport.fr\/blog\/wp-content\/uploads\/2025\/07\/Escalade-Mondiaux-jeunes-2025-Lou-Auclair-et-Samuel-Richard-sur-le-podium-au-bloc.png","type":"image\/png"}],"author":"S\u00e9bastien Gente","twitter_card":"summary_large_image","twitter_title":"Escalade Mondiaux jeunes 2025 : Lou Auclair et Samuel Richard sur le podium au bloc","twitter_creator":"@https:\/\/twitter.com\/globulo24","twitter_site":"@dicodusport","schema":{"@context":"https:\/\/schema.org","@graph":[{"@type":"NewsArticle","@id":"https:\/\/dicodusport.fr\/blog\/escalade-mondiaux-jeunes-2025-lou-auclair-et-samuel-richard-sur-le-podium-au-bloc\/#article","isPartOf":{"@id":"https:\/\/dicodusport.fr\/blog\/escalade-mondiaux-jeunes-2025-lou-auclair-et-samuel-richard-sur-le-podium-au-bloc\/"},"author":{"name":"S\u00e9bastien Gente","@id":"https:\/\/dicodusport.fr\/blog\/#\/schema\/person\/627966a6cde45dbd8c5e36ac85d783da"},"headline":"Escalade Mondiaux jeunes 2025 : Lou Auclair et Samuel Richard sur le podium au bloc","datePublished":"2025-07-30T19:13:25+00:00","mainEntityOfPage":{"@id":"https:\/\/dicodusport.fr\/blog\/escalade-mondiaux-jeunes-2025-lou-auclair-et-samuel-richard-sur-le-podium-au-bloc\/"},"wordCount":551,"commentCount":0,"publisher":{"@id":"https:\/\/dicodusport.fr\/blog\/#organization"},"image":{"@id":"https:\/\/dicodusport.fr\/blog\/escalade-mondiaux-jeunes-2025-lou-auclair-et-samuel-richard-sur-le-podium-au-bloc\/#primaryimage"},"thumbnailUrl":"https:\/\/dicodusport.fr\/blog\/wp-content\/uploads\/2025\/07\/Escalade-Mondiaux-jeunes-2025-Lou-Auclair-et-Samuel-Richard-sur-le-podium-au-bloc.png","keywords":["br\u00e8ve","Escalade"],"articleSection":["Escalade"],"inLanguage":"fr-FR","potentialAction":[{"@type":"CommentAction","name":"Comment","target":["https:\/\/dicodusport.fr\/blog\/escalade-mondiaux-jeunes-2025-lou-auclair-et-samuel-richard-sur-le-podium-au-bloc\/#respond"]}],"copyrightYear":"2025","copyrightHolder":{"@id":"https:\/\/dicodusport.fr\/blog\/#organization"}},{"@type":"WebPage","@id":"https:\/\/dicodusport.fr\/blog\/escalade-mondiaux-jeunes-2025-lou-auclair-et-samuel-richard-sur-le-podium-au-bloc\/","url":"https:\/\/dicodusport.fr\/blog\/escalade-mondiaux-jeunes-2025-lou-auclair-et-samuel-richard-sur-le-podium-au-bloc\/","name":"Escalade Mondiaux jeunes 2025 : Lou Auclair et Samuel Richard sur le podium au bloc","isPartOf":{"@id":"https:\/\/dicodusport.fr\/blog\/#website"},"primaryImageOfPage":{"@id":"https:\/\/dicodusport.fr\/blog\/escalade-mondiaux-jeunes-2025-lou-auclair-et-samuel-richard-sur-le-podium-au-bloc\/#primaryimage"},"image":{"@id":"https:\/\/dicodusport.fr\/blog\/escalade-mondiaux-jeunes-2025-lou-auclair-et-samuel-richard-sur-le-podium-au-bloc\/#primaryimage"},"thumbnailUrl":"https:\/\/dicodusport.fr\/blog\/wp-content\/uploads\/2025\/07\/Escalade-Mondiaux-jeunes-2025-Lou-Auclair-et-Samuel-Richard-sur-le-podium-au-bloc.png","datePublished":"2025-07-30T19:13:25+00:00","description":"CHAMPIONNATS DU MONDE JEUNES D'ESCALADE 2025 - Le bloc a rapport\u00e9 deux m\u00e9dailles chez les jeunes, gr\u00e2ce \u00e0 Lou Auclair et Samuel Richard","breadcrumb":{"@id":"https:\/\/dicodusport.fr\/blog\/escalade-mondiaux-jeunes-2025-lou-auclair-et-samuel-richard-sur-le-podium-au-bloc\/#breadcrumb"},"inLanguage":"fr-FR","potentialAction":[{"@type":"ReadAction","target":["https:\/\/dicodusport.fr\/blog\/escalade-mondiaux-jeunes-2025-lou-auclair-et-samuel-richard-sur-le-podium-au-bloc\/"]}]},{"@type":"ImageObject","inLanguage":"fr-FR","@id":"https:\/\/dicodusport.fr\/blog\/escalade-mondiaux-jeunes-2025-lou-auclair-et-samuel-richard-sur-le-podium-au-bloc\/#primaryimage","url":"https:\/\/dicodusport.fr\/blog\/wp-content\/uploads\/2025\/07\/Escalade-Mondiaux-jeunes-2025-Lou-Auclair-et-Samuel-Richard-sur-le-podium-au-bloc.png","contentUrl":"https:\/\/dicodusport.fr\/blog\/wp-content\/uploads\/2025\/07\/Escalade-Mondiaux-jeunes-2025-Lou-Auclair-et-Samuel-Richard-sur-le-podium-au-bloc.png","width":1200,"height":674,"caption":"Escalade Mondiaux jeunes 2025 Lou Auclair et Samuel Richard sur le podium au bloc"},{"@type":"BreadcrumbList","@id":"https:\/\/dicodusport.fr\/blog\/escalade-mondiaux-jeunes-2025-lou-auclair-et-samuel-richard-sur-le-podium-au-bloc\/#breadcrumb","itemListElement":[{"@type":"ListItem","position":1,"name":"Accueil","item":"https:\/\/dicodusport.fr\/blog\/"},{"@type":"ListItem","position":2,"name":"Escalade Mondiaux jeunes 2025 : Lou Auclair et Samuel Richard sur le podium au bloc"}]},{"@type":"WebSite","@id":"https:\/\/dicodusport.fr\/blog\/#website","url":"https:\/\/dicodusport.fr\/blog\/","name":"Dicodusport","description":"L&#039;encyclop\u00e9die de l&#039;actualit\u00e9 sportive","publisher":{"@id":"https:\/\/dicodusport.fr\/blog\/#organization"},"potentialAction":[{"@type":"SearchAction","target":{"@type":"EntryPoint","urlTemplate":"https:\/\/dicodusport.fr\/blog\/?s={search_term_string}"},"query-input":{"@type":"PropertyValueSpecification","valueRequired":true,"valueName":"search_term_string"}}],"inLanguage":"fr-FR"},{"@type":"NewsMediaOrganization","@id":"https:\/\/dicodusport.fr\/blog\/#organization","name":"Dicodusport","url":"https:\/\/dicodusport.fr\/blog\/","logo":{"@type":"ImageObject","inLanguage":"fr-FR","@id":"https:\/\/dicodusport.fr\/blog\/#\/schema\/logo\/image\/","url":"https:\/\/dicodusport.fr\/blog\/wp-content\/uploads\/2020\/06\/cropped-LOGO-DICODUSPORT-2020-SANS-FOND-SANS-TEXTE.png","contentUrl":"https:\/\/dicodusport.fr\/blog\/wp-content\/uploads\/2020\/06\/cropped-LOGO-DICODUSPORT-2020-SANS-FOND-SANS-TEXTE.png","width":512,"height":512,"caption":"Dicodusport"},"image":{"@id":"https:\/\/dicodusport.fr\/blog\/#\/schema\/logo\/image\/"},"sameAs":["https:\/\/www.facebook.com\/dicodusport","https:\/\/x.com\/dicodusport","https:\/\/www.instagram.com\/dicodusport\/","https:\/\/www.youtube.com\/channel\/UC7V2KZ5sd3htJivAbA4ZG3w"],"description":"Dicodusport est l'encyclop\u00e9die de l'actualit\u00e9 sportive.","email":"bonjour@dicodusport.fr","legalName":"DICODUSPORT","foundingDate":"2018-01-14","vatID":"FR71834470973","taxID":"83447097300043","numberOfEmployees":{"@type":"QuantitativeValue","minValue":"1","maxValue":"10"}},{"@type":"Person","@id":"https:\/\/dicodusport.fr\/blog\/#\/schema\/person\/627966a6cde45dbd8c5e36ac85d783da","name":"S\u00e9bastien Gente","image":{"@type":"ImageObject","inLanguage":"fr-FR","@id":"https:\/\/dicodusport.fr\/blog\/#\/schema\/person\/image\/","url":"https:\/\/dicodusport.fr\/blog\/wp-content\/uploads\/2021\/09\/1510990_10205810251400683_4124423575079401707_n-150x150.jpg","contentUrl":"https:\/\/dicodusport.fr\/blog\/wp-content\/uploads\/2021\/09\/1510990_10205810251400683_4124423575079401707_n-150x150.jpg","caption":"S\u00e9bastien Gente"},"description":"John Stockton, Gianni Bugno, Zinedine Zidane, Steffi Graf, Frode Andresen, St\u00e9phane Stoecklin, Davis Kamoga, Primoz Peterka, Werner Schlager et Aur\u00e9lien Rougerie. Point commun entre ces sportifs? Ils m'ont fait r\u00eaver et ont berc\u00e9 mon adolescence. Je suis un fondu de sports et j'essaie de retranscrire ma passion \u00e0 travers mes articles. Originaire du P\u00e9rigord, ma passion pour les Girondins, les Jaunards et les Jazzmen transpire dans mes \u00e9crits. \u00c0 Dicodusport depuis 2021, je d\u00e9niche les sports m\u00e9connus dans lesquels la France brille, et il y en a !","sameAs":["https:\/\/www.facebook.com\/sebastien.gente\/","https:\/\/www.instagram.com\/sebgente\/","https:\/\/www.linkedin.com\/in\/sbastien-gente-a29583169\/","https:\/\/x.com\/https:\/\/twitter.com\/globulo24","SebastienGente"],"worksFor":"S\u00e9bastien GENTE","url":"https:\/\/dicodusport.fr\/blog\/author\/sebastiengente\/"}]}},"_links":{"self":[{"href":"https:\/\/dicodusport.fr\/blog\/wp-json\/wp\/v2\/posts\/599229","targetHints":{"allow":["GET"]}}],"collection":[{"href":"https:\/\/dicodusport.fr\/blog\/wp-json\/wp\/v2\/posts"}],"about":[{"href":"https:\/\/dicodusport.fr\/blog\/wp-json\/wp\/v2\/types\/post"}],"author":[{"embeddable":true,"href":"https:\/\/dicodusport.fr\/blog\/wp-json\/wp\/v2\/users\/59"}],"replies":[{"embeddable":true,"href":"https:\/\/dicodusport.fr\/blog\/wp-json\/wp\/v2\/comments?post=599229"}],"version-history":[{"count":1,"href":"https:\/\/dicodusport.fr\/blog\/wp-json\/wp\/v2\/posts\/599229\/revisions"}],"predecessor-version":[{"id":599249,"href":"https:\/\/dicodusport.fr\/blog\/wp-json\/wp\/v2\/posts\/599229\/revisions\/599249"}],"wp:featuredmedia":[{"embeddable":true,"href":"https:\/\/dicodusport.fr\/blog\/wp-json\/wp\/v2\/media\/599248"}],"wp:attachment":[{"href":"https:\/\/dicodusport.fr\/blog\/wp-json\/wp\/v2\/media?parent=599229"}],"wp:term":[{"taxonomy":"category","embeddable":true,"href":"https:\/\/dicodusport.fr\/blog\/wp-json\/wp\/v2\/categories?post=599229"},{"taxonomy":"post_tag","embeddable":true,"href":"https:\/\/dicodusport.fr\/blog\/wp-json\/wp\/v2\/tags?post=599229"}],"curies":[{"name":"wp","href":"https:\/\/api.w.org\/{rel}","templated":true}]}}